{"id":22312,"date":"2019-11-26T09:31:06","date_gmt":"2019-11-26T08:31:06","guid":{"rendered":"https:\/\/speyer24news.com\/?p=22312"},"modified":"2019-11-26T09:31:07","modified_gmt":"2019-11-26T08:31:07","slug":"polizei-133","status":"publish","type":"post","link":"https:\/\/speyer24news.com\/?p=22312","title":{"rendered":"Polizei"},"content":{"rendered":"<style type=\"text\/css\">\r\n\t.ads_top_disp{}\r\n\t.ads_top_corner_disp{ float:left; margin:0px 10px 10px 0px; }\r\n\t.ads_first_p_disp{}\r\n\t.ads_bottom_disp{}\r\n\t<\/style>\n<h2 class=\"wp-block-heading\">Polizeimeldungen vom Montag (25.11.2019)<\/h2>\n\n\n\n<div class=\"wp-block-image\"><figure class=\"aligncenter\"><img decoding=\"async\" src=\"https:\/\/speyer24news.com\/wp-content\/uploads\/2019\/11\/Aktuelles-Polizeilogo.jpg\" alt=\"\" class=\"wp-image-21845\"\/><\/figure><\/div>\n\n\n\n<h4 class=\"wp-block-heading\">(Speyer) &#8211; Verkehrskontrollen in der Dudenhofer Stra\u00dfe<\/h4>\n\n\n\n<p>In\n der Nacht des Sonntags f\u00fchrte die Polizei Speyer in der Dudenhofer \nStra\u00dfe im Rahmen einer Standkontrolle mehrerer Verkehrskontrollen durch.\n Hierbei wurden f\u00fcnf Fahrer wegen nicht mitgef\u00fchrtem F\u00fchrerschein bzw. \nWarndreieck verwarnt. Zudem kam es zur Beanstandungen weiterer zehn \nVerkehrsteilnehmern, denen jeweils ein M\u00e4ngelbericht ausgestellt wurde. <\/p>\n\n\n\n<h4 class=\"wp-block-heading\">(Speyer) &#8211; Verkehrsunfallflucht Ziegelofenweg<\/h4>\n\n\n\n<p>Am  Sonntag kam es im Ziegelofenweg zwischen 17:00 &#8211; 19:45 Uhr zu einer  Verkehrsunfallflucht. Ein unbekannter Verkehrsteilnehmer stie\u00df dort  vermutlich bei einem Parkman\u00f6ver gegen einen geparkten VW Touran mit  rum\u00e4nischem Kennzeichen. Der hierdurch an dessen Frontsto\u00dfstange und dem  linken vorderen Radkasten entstandene Schaden liegt bei ca. 800EUR.  Zeugenhinweise zu dem unfallfl\u00fcchtigen Fahrzeug \/ Fahrer nimmt die  Polizei unter der Tel.-Nr. 06232-1370 oder per Mail an <a href=\"mailto:pispeyer@polizei.rlp.de\">pispeyer@polizei.rlp.de<\/a> entgegen. <\/p>\n\n\n\n<h4 class=\"wp-block-heading\">(Schwegenheim) &#8211; Ein Verletzter und zwei nicht mehr fahrbereite PKW<\/h4>\n\n\n\n<div class=\"wp-block-image\"><figure class=\"aligncenter\"><img decoding=\"async\" loading=\"lazy\" width=\"800\" height=\"600\" src=\"https:\/\/speyer24news.com\/wp-content\/uploads\/2019\/11\/24.11.19-Schwegenheim-VU.jpg\" alt=\"\" class=\"wp-image-22313\" srcset=\"https:\/\/speyer24news.com\/wp-content\/uploads\/2019\/11\/24.11.19-Schwegenheim-VU.jpg 800w, https:\/\/speyer24news.com\/wp-content\/uploads\/2019\/11\/24.11.19-Schwegenheim-VU-300x225.jpg 300w, https:\/\/speyer24news.com\/wp-content\/uploads\/2019\/11\/24.11.19-Schwegenheim-VU-768x576.jpg 768w, https:\/\/speyer24news.com\/wp-content\/uploads\/2019\/11\/24.11.19-Schwegenheim-VU-678x509.jpg 678w, https:\/\/speyer24news.com\/wp-content\/uploads\/2019\/11\/24.11.19-Schwegenheim-VU-326x245.jpg 326w, https:\/\/speyer24news.com\/wp-content\/uploads\/2019\/11\/24.11.19-Schwegenheim-VU-80x60.jpg 80w\" sizes=\"(max-width: 800px) 100vw, 800px\" \/><\/figure><\/div>\n\n\n\n<p>Eine verletzte Person und zwei nicht mehr fahrbereite Autos sind das  Ergebnis eines Verkehrsunfalls am Sonntag gegen 20 Uhr im Bereich der  Bundesstra\u00dfe 9 bei Schwegenheim. Ein 23 &#8211; j\u00e4hriger Autofahrer war in  Richtung Germersheim unterwegs und hatte beim Fahrstreifenwechsel den  nachfolgenden Verkehr nicht beachtet, so dass es zum Zusammensto\u00df der  beiden Fahrzeuge kam. Der Sachschaden beziffert sich auf zirka 10.000  EUR. Die nicht mehr fahrbereiten Fahrzeuge wurden abgeschleppt. Eine 44 &#8211;  j\u00e4hrige Autoinsassin klagte in Folge des Verkehrsunfalls \u00fcber Schmerzen  im R\u00fccken und Knie. <\/p>\n\n\n\n<h4 class=\"wp-block-heading\">(Germersheim) &#8211; Geschwindigkeitsmessung Am Unkenfunk<\/h4>\n\n\n\n<p>Zwanzig Geschwindigkeitsverst\u00f6\u00dfe und drei Verst\u00f6\u00dfe gegen die  &#8222;Anschnallpflicht&#8220; wurden am Sonntag in der Zeit von 16 bis 17.30 Uhr im  Bereich Am Unkenfunk geahndet. Der &#8222;Schnellste&#8220; war bei erlaubten 30  km\/h mit 50 km\/h gemessen worden. Vier Fahrzeuge wurden im Zuge der  Kontrolle wegen technischer M\u00e4ngel beanstandet. <\/p>\n\n\n\n<h4 class=\"wp-block-heading\">(Germersheim) &#8211; Geldbeutel gestohlen<\/h4>\n\n\n\n<p>Ein Geldbeutel wurde bei einem Einbruch in ein Fahrzeug in der Nacht  von Samstag auf Sonntag gestohlen. Der bis dato unbekannte  Tatverd\u00e4chtige hatte eine Fensterscheibe mit einem Stein eingeworfen und  gelangte hierdurch in den Fahrzeuginnenraum. Das Fahrzeug war im  Tatzeitraum von 0 bis 8 Uhr in der Reu\u00df-Stra\u00dfe abgestellt. <\/p>\n\n\n\n<p>Zeugenhinweise nimmt die Polizeiinspektion Germersheim telefonisch unter 07274\/9580 oder per Mail an <a href=\"mailto:pigermersheim@polizei.rlp.de\">pigermersheim@polizei.rlp.de<\/a> entgegen.<\/p>\n\n\n\n<h4 class=\"wp-block-heading\">(Herxheim) &#8211; Fahrraddiebstahl beobachtet und T\u00e4ter zur Rede gestellt<\/h4>\n\n\n\n<p>Ein 57-j\u00e4hriger Lkw-Fahrer wurde am Sonntagmittag beobachtet, als er ein unverschlossen,  abgestelltes Kinderfahrrad im Wert von 30EUR aus einem Fahrradst\u00e4nder  im Gewerbegebiet West in Herxheim wegnahm und auf seinem Lkw verstaute.  Von dem Gesch\u00e4digten angesprochen gab er das Kinderfahrrad anstandslos  wieder heraus. Die informierte Polizeistreife nahm die Anzeige wegen  Diebstahls auf und erhob eine Sicherheitsleistung beim Beschuldigten, da  dieser keinen Wohnsitz in Deutschland hat. <\/p>\n\n\n\n<h4 class=\"wp-block-heading\">(Annweiler \/ B 10) &#8211; LKW-Unfall auf der B10 bei Annweiler<\/h4>\n\n\n\n<p>Am Morgen des 25.11.2019, gegen 06.52 Uhr, ereignete sich auf der B10  in H\u00f6he Annweiler ein LKW-Unfall. Ein 49-j\u00e4hriger slowakischer  Sattelzug-Fahrer war unterwegs in Richtung Pirmasens. Zwischen dem  L\u00f6wenherz- und dem Staufertunnel kam er aus ungekl\u00e4rter Ursache nach  links auf die Fahrspur des Gegenverkehrs. Dort stie\u00df er mit einem  entgegenkommenden deutschen Lastzug zusammen. Durch die umher fliegenden  Tr\u00fcmmerteile wurde ein PKW, der hinter dem deutschen Lastzug fuhr,  besch\u00e4digt. Der slowakische LKW-Fahrer wurde durch Glassplitter leicht  verletzt. Zur Bergung der LKW und zur R\u00e4umung der Unfallstelle war die  B10 in beiden Richtungen bis 10.00 Uhr gesperrt. Auf der  Umleitungsstrecke kam es zu Behinderungen. <\/p>\n\n\n\n<h4 class=\"wp-block-heading\">(Birkweiler \/ B 10) &#8211; \u00dcberwachung Nachtfahrverbot<\/h4>\n\n\n\n<p>Die Polizei Edenkoben kontrollierte heute am fr\u00fchen Morgen (01.15 Uhr  bis 02.00 Uhr) den Schwerverkehr auf der B10. Dabei musste ein  38-j\u00e4hriger LKW-Fahrer aus Italien wenden, weil er unberechtigt auf der B  10 unterwegs war. Zudem wurde eine Sicherheitsleistung in H\u00f6he von 100  Euro erhoben. Eine Sicherheitsleistung hat den Zweck, den staatlichen  Strafverfolgungs- und Strafvollstreckungsanspruch bei ausl\u00e4ndischen  Verkehrsteilnehmern zu sichern. <\/p>\n\n\n\n<h4 class=\"wp-block-heading\">(Frankweiler) &#8211; Verkehrsunfallflucht<\/h4>\n\n\n\n<p>Ohrenzeugin einer Verkehrsunfallflucht war eine Besitzerin eines in  Frankweiler in der Weinstra\u00dfe 15 gerade abgestellten Pkws am Samstag  gegen 18.15 Uhr. Die gesch\u00e4digte Fahrzeugbesitzerin  war schon zu Fu\u00df in  die Dorfbornstra\u00dfe gelaufen, als sie ein lautes Kollisionsger\u00e4usch  h\u00f6rte und zur\u00fcck zu ihrem Auto lief. Sie konnte lediglich ihren Pkw mit  besch\u00e4digtem, linkem Au\u00dfenspiegel vorfinden. Das verursachende Fahrzeug  war in Richtung Siebeldingen davongefahren. Der Schaden wird auf ca.  250EUR gesch\u00e4tzt. <\/p>\n\n\n\n<p>Zeugen des Vorfalls m\u00f6gen sich bitte an die Polizei Landau unter Tel. Nr. 06341\/2870 oder per Email <a href=\"mailto:pilandau@polizei.rlp.de\">pilandau@polizei.rlp.de<\/a> wenden. <\/p>\n\n\n\n<h4 class=\"wp-block-heading\">(Landau) &#8211; Betrunken Pkw gef\u00fchrt<\/h4>\n\n\n\n<p>Einem Ermittlungsverfahren wegen Trunkenheit im Stra\u00dfenverkehr muss  sich ein 41-j\u00e4hriger Pkw-Fahrer stellen, da er im Rahmen einer  Verkehrskontrolle am fr\u00fchen Sonntagmorgen gegen 05.35 Uhr im Stadtgebiet  Landau unter Alkoholeinwirkung am Lenkrad  aufgefallen ist. Ein  Atemalkoholtest erbrachte 2,00 Promille Atemalkoholkonzentration. Eine  Blutentnahme und die Sicherstellung des F\u00fchrerscheines, sowie der  Fahrzeugschl\u00fcssel waren die weiteren Folgen. <\/p>\n\n\n\n<h4 class=\"wp-block-heading\">(Landau) &#8211; Betrunken mit Fahrrad unterwegs<\/h4>\n\n\n\n<p>Betrunken mit dem Fahrrad unterwegs war ein 30-j\u00e4hriger Radfahrer in  Landau in der Wei\u00dfenburger Stra\u00dfe am Samstag, kurz vor Mitternacht, ohne  Licht und auf dem Radweg entgegen der Fahrtrichtung unterwegs. Eine  Kontrolle ergab eine Alkoholisierung des 30-J\u00e4hrigen von 2,12 Promille.  Die Folge war eine Blutentnahme, die Sicherstellung des Fahrrades und  eine Anzeige. <\/p>\n\n\n\n<h4 class=\"wp-block-heading\">(Landau) &#8211; Betrunkene Personen auf der Fahrbahn<\/h4>\n\n\n\n<p>Am Samstagabend, 24.11.19, 22.20 Uhr, wurde die Polizei auf zwei  betrunkene Personen, auf der Fahrbahn der Maximilianstra\u00dfe in Landau  liegend, informiert. Zun\u00e4chst hatten diese in betrunkenem Zustand an die  Schaufensterscheibe einer Gastst\u00e4tte  geklopft, sich in Richtung  Maximilianstra\u00dfe entfernt und auf die Fahrbahn gelegt. Mehrere Fahrzeuge  mussten ausweichen. Bei Eintreffen der Polizeistreife konnten keine  Personen auf der Fahrbahn festgestellt werden. Eine Nahbereichsfahndung  nach den Personen im Alter zwischen 30 und 40 Jahren, eine Frau und ein  Mann, verlief ohne Ergebnis. Zeugen des Vorfalls m\u00f6gen sich bitte an die  Polizei Landau unter Tel. Nr. 06341\/2870 oder per Email <a href=\"mailto:pilandau@polizei.rlp.de\">pilandau@polizei.rlp.de<\/a> wenden. <\/p>\n\n\n\n<h4 class=\"wp-block-heading\">(Hochstadt) &#8211; Fahren ohne Fahrerlaubnis<\/h4>\n\n\n\n<p>Auch ein Fahrverbot, mit beh\u00f6rdlicher Verwahrung seines F\u00fchrerscheins,  war am Sonntagmorgen gegen 10:20 Uhr f\u00fcr einen 34-j\u00e4hrigen Pkw-F\u00fchrer  kein Hinderungsgrund mit seinem Pkw durch Hochstadt zu fahren. Bei einer  Verkehrskontrolle wurde dies jedoch schnell festgestellt. Der  34-j\u00e4hrige muss sich nun einem Ermittlungsverfahren wegen Fahrens ohne  Fahrerlaubnis stellen. Ihm drohen nun ein Strafverfahren mit Geldstrafe,  weitere Punkte in Flensburg und ein Entzug der Fahrerlaubnis. <\/p>\n\n\n\n<h4 class=\"wp-block-heading\">(Edesheim) &#8211; Abfahrtskontrollen<\/h4>\n\n\n\n<p>Kurz vor Beendigung des Sonntagsfahrverbots (22 Uhr) kontrollierte die  Polizei Edenkoben gestern Abend auf der Tank- und Rastanlage &#8222;Pf\u00e4lzer  Weinstra\u00dfe&#8220; West und Ost die Verkehrstauglichkeit der Kraftfahrer. Unter  den 13 kontrollierten Trucker befanden sich vier Fahrer, die  Promillewerte von 0,3 bis 0,8 Promille Alkohol intus hatten. Diesen  Fahrern wurde der Fahrtantritt untersagt. Den Spitzenwert hatte ein  polnischer LKW-Fahrer, der mit 1,22 Promille gegen 22 Uhr seine Route  fortsetzen wollte. Auch seine Fahrerlaubnis sowie die Frachtpapiere  mussten vorl\u00e4ufig sichergestellt werden. <\/p>\n\n\n\n<h4 class=\"wp-block-heading\">(Edenkoben) &#8211; Eingebrochen<\/h4>\n\n\n\n<p>In der Weinstra\u00dfe haben unbekannte T\u00e4ter die Kellerau\u00dfent\u00fcr eines  Unternehmens aufgebrochen und sind anschlie\u00dfend alle R\u00e4umlichkeiten  angegangen. Mehrere Schr\u00e4nke wurden aufgehebelt, zum Teil mutwillig  besch\u00e4digt und nach Wertgegenst\u00e4nden abgesucht. Ersten Ermittlungen  zufolge d\u00fcrfte Diebesgut von \u00fcber 3000 Euro entwendet worden sein. Der  entstandene Sachschaden wird auf \u00fcber 10.000 Euro beziffert. Die Polizei  sucht Zeugen, die in der Tatzeit von Samstagabend (23.11.2019, 21.45  Uhr) bis Sonntagmorgen (24.11.2019 08.45 Uhr) verd\u00e4chtige Personen oder  Fahrzeuge um Umkreis der Weinstra\u00dfe wahrgenommen haben. Diese sollen  sich an die Polizei in Edenkoben, Telefon 06323 9550 wenden. <\/p>\n\n\n\n<h4 class=\"wp-block-heading\">(Venningen) &#8211; Autos verkratzt<\/h4>\n\n\n\n<p>Die Polizei sucht Zeugen, die Angaben zu den T\u00e4tern geben k\u00f6nnen, die  von Samstag auf Sonntag in der Stra\u00dfe &#8222;Am Oberbach&#8220; zwei Fahrzeuge  mutwillig mit einem spitzen Gegenstand verkratzt haben. Dabei entstand  ein Sachschaden von mehreren hundert Euro. Hinweise nimmt die Polizei  Edenkoben unter der Telefonnummer 06323 9550 entgegen. <\/p>\n\n\n\n<h4 class=\"wp-block-heading\">(Neustadt) &#8211; Verkehrsunfall B39 \/ Mehrere verletzte Personen<\/h4>\n\n\n\n<div class=\"wp-block-image\"><figure class=\"aligncenter\"><img decoding=\"async\" loading=\"lazy\" width=\"800\" height=\"600\" src=\"https:\/\/speyer24news.com\/wp-content\/uploads\/2019\/11\/25.11.19-NW-VU.jpg\" alt=\"\" class=\"wp-image-22315\" srcset=\"https:\/\/speyer24news.com\/wp-content\/uploads\/2019\/11\/25.11.19-NW-VU.jpg 800w, https:\/\/speyer24news.com\/wp-content\/uploads\/2019\/11\/25.11.19-NW-VU-300x225.jpg 300w, https:\/\/speyer24news.com\/wp-content\/uploads\/2019\/11\/25.11.19-NW-VU-768x576.jpg 768w, https:\/\/speyer24news.com\/wp-content\/uploads\/2019\/11\/25.11.19-NW-VU-678x509.jpg 678w, https:\/\/speyer24news.com\/wp-content\/uploads\/2019\/11\/25.11.19-NW-VU-326x245.jpg 326w, https:\/\/speyer24news.com\/wp-content\/uploads\/2019\/11\/25.11.19-NW-VU-80x60.jpg 80w\" sizes=\"(max-width: 800px) 100vw, 800px\" \/><\/figure><\/div>\n\n\n\n<p>Am Montag, 25.11.2019, gegen 06:00 Uhr kam es auf der B39  Einm\u00fcndung K9 zu einem Verkehrsunfall, bei dem mehrere Personen  teilweise schwer verletzt wurden. Ein 20-j\u00e4hriger ortsfremder Autofahrer  befuhr mit seinem VW die K9 in Richtung B39, w\u00e4hrend von links aus  Richtung Neustadt ein 60-J\u00e4hriger Mann mit seinem Nissan Pick-Up in  Richtung Autobahn unterwegs war. Der 20-J\u00e4hrige fuhr scheinbar ohne  Anzuhalten trotz Wartepflicht in den Einm\u00fcndungsbereich, so dass der  60-J\u00e4hrige trotz Ausweichversuch seitlich den Wagen des 20-J\u00e4hrigen  touchierte, anschlie\u00dfend noch \u00fcber eine Verkehrsinsel fuhr und noch mit  einem Skoda einer 49-j\u00e4hrigen Frau kollidierte. Die Frau erlitt  Splitterverletzungen im Gesicht, der 60-J\u00e4hrige klagte \u00fcber Schmerzen im  Bein und R\u00fcckenschmerzen, ein 23-j\u00e4hriger Mitfahrer des 20-J\u00e4hrigen  erlitt ein Beckentrauma mit Schmerzen in beiden Oberschenkeln und der  20-j\u00e4hrige Unfallverursacher erlitt einen Schock. Die Verletzten wurde  mit dem Rettungsdienst in die Krankenh\u00e4user in Neustadt und Landau  gebracht. Die drei beteiligten Fahrzeuge erlitten teilweise Totalschaden  und mussten abgeschleppt werden. Der Gesamtsachschaden bel\u00e4uft sich auf  ca. 30.000 Euro. Die K9 war kurzzeitig f\u00fcr den Fahrzeugverkehr  gesperrt. Zum Unfallzeitpunkt herrschte an der Unfallstelle schlechte  Sicht durch Nebel. <\/p>\n\n\n\n<h4 class=\"wp-block-heading\">(Neustadt) &#8211; Ohne F\u00fchrerschein unterwegs \/ Bei Geschwindigkeitskontrolle aufgefallen<\/h4>\n\n\n\n<p>Im Rahmen einer Geschwindigkeitskontrolle am 24.11.2019 gegen 15:00 Uhr  wurde ein 52-j\u00e4hriger Autofahrer angehalten, der bei erlaubten 30 km\/h  mit 53 km\/h gemessen wurde. Bei der weiteren \u00dcberpr\u00fcfung wurde  festgestellt, dass der ausgeh\u00e4ndigte ausl\u00e4ndische F\u00fchrerschein gef\u00e4lscht  war, zudem besteht f\u00fcr den 52-J\u00e4hrigen eine F\u00fchrerscheinsperre, so dass  der Verdacht des Fahrens ohne g\u00fcltige Fahrerlaubnis im Raum steht. Den  F\u00fchrerschein habe er nach eigenen Angaben f\u00fcr 1000 Euro im Ausland  erworben. Der 52-J\u00e4hrige selbst zeigte deutlich drogentypisches  Konsumverhalten, ein Drogen-Vortest war positiv auf Amphetamin. Zudem  wurden im Fahrzeug weitere T\u00fctchen festgestellt, bei denen es sich laut  Vortest um Kokain (1gr) und  um Amphetamin (0,9gr)handelt. <\/p>\n\n\n\n<h4 class=\"wp-block-heading\">(Neustadt) &#8211; Drei Leichtverletzte bei Verkehrsunfall auf L516<\/h4>\n\n\n\n<div class=\"wp-block-image\"><figure class=\"aligncenter\"><img decoding=\"async\" loading=\"lazy\" width=\"800\" height=\"520\" src=\"https:\/\/speyer24news.com\/wp-content\/uploads\/2019\/11\/24.11.19-NW-VU.jpg\" alt=\"\" class=\"wp-image-22314\" srcset=\"https:\/\/speyer24news.com\/wp-content\/uploads\/2019\/11\/24.11.19-NW-VU.jpg 800w, https:\/\/speyer24news.com\/wp-content\/uploads\/2019\/11\/24.11.19-NW-VU-300x195.jpg 300w, https:\/\/speyer24news.com\/wp-content\/uploads\/2019\/11\/24.11.19-NW-VU-768x499.jpg 768w\" sizes=\"(max-width: 800px) 100vw, 800px\" \/><\/figure><\/div>\n\n\n\n<p>Eine 47-j\u00e4hrige Autofahrerin befuhr am 24.11.2019 gegen 13:00 Uhr die  L516 in Richtung Deidesheim. Da sie nach links Richtung K\u00f6nigsbach  abbiegen wollte, verringerte sie ihre Geschwindigkeit. Eine  dahinterfahrende 23-j\u00e4hrige Autofahrerin bemerkte dies nicht und fuhr  der 47-J\u00e4hrigen in das Heck ihres Fahrzeugs. Dieses wurde durch den  Aufprall herumgeschleudert und landete im Stra\u00dfengraben. Bei dem  Zusammensto\u00df wurden beide Fahrerinnen und der Beifahrer der 23-J\u00e4hrigen  leicht verletzt (Schock, HWS) und \u00e4rztlich versorgt. Die beiden  Fahrzeuge wurden abgeschleppt, die L516 wurde f\u00fcr die Unfallaufnahme ca.  15 Minuten voll gesperrt <\/p>\n\n\n\n<h4 class=\"wp-block-heading\">(Neustadt) &#8211; Verkehrskontrolle \/ Bet\u00e4ubungsmittel konsumiert und Druckluftpistole mitgef\u00fchrt<\/h4>\n\n\n\n<p>Ein 18-j\u00e4hriger Autofahrer wurde am 24.11.2019 gegen 11:00 Uhr in der  Adolf-Kolping-Stra\u00dfe einer Verkehrskontrolle unterzogen. Hierbei wurden  drogentypische Auff\u00e4lligkeiten festgestellt. Ein Drogen-Vortest  best\u00e4tigte den Verdacht auf THC, weshalb eine Blutprobe durchgef\u00fchrt  wurde. Im Rahmen der Kontrolle konnte eine CO2-Druckluftpistole  festgestellt werden, f\u00fcr den der 18-J\u00e4hrige allerdings nicht den  erforderlichen Waffenschein besa\u00df. <\/p>\n\n\n\n<h4 class=\"wp-block-heading\">(Maxdorf) &#8211; Trunkenheit im Verkehr<\/h4>\n\n\n\n<p>Am 24.11.2019 gegen 17:45 Uhr wird eine 59-j\u00e4hrige Frau mit ihrem Pkw  Hyundai in der Hauptstra\u00dfe in Maxdorf einer allgemeinen  Verkehrskontrolle unterzogen. Bei der Fahrzeugf\u00fchrerin kann deutlicher  Alkoholgeruch festgestellt werden. Auf Nachfrage gibt die Frau an, dass  sie drei Gl\u00fchweine zu sich genommen hat. Ein freiwillig durchgef\u00fchrter  Atemalkoholtest ergibt einen Wert von 1,6 Promille. Die Beschuldigte  wird auf die Dienststelle nach Frankenthal gebracht, wo ihr eine  Blutprobe entnommen wird. <\/p>\n\n\n\n<p>Der Einfluss von Alkohol oder anderen  berauschenden Mitteln stellt eine Hauptunfallursache dar. Wer berauscht  f\u00e4hrt, gef\u00e4hrdet nicht nur sich, sondern auch Andere. Gegen den unter  Alkoholeinfluss stehenden Fahrzeugf\u00fchrer wird ein Ermittlungsverfahren  wegen Trunkenheit im Verkehr eingeleitet. Der F\u00fchrerschein wurde  sichergestellt und gegen ihn kann eine Freiheitsstrafe bis zu einem Jahr  oder eine Geldstrafe \/ Geldbu\u00dfe verh\u00e4ngt werden. <\/p>\n\n\n\n<h4 class=\"wp-block-heading\">(Frankenthal) &#8211; Unter Bet\u00e4ubungsmitteleinfluss einen Pkw gef\u00fchrt<\/h4>\n\n\n\n<p>Am  24.11.2019 gegen 19.40 Uhr wird ein 22-j\u00e4hriger Mann mit seinem  Pkw-Skoda in der Mathias-Gr\u00fcnewald-Stra\u00dfe in Frankenthal einer  allgemeinen Verkehrskontrolle unterzogen. Bei dem Fahrzeugf\u00fchrer  bestehen deutlicher Anzeichen f\u00fcr den Konsum von Bet\u00e4ubungsmittel. Ein  freiwillig durchgef\u00fchrter Urintest verl\u00e4uft positiv auf THC. Der Mann  wird auf die Dienststelle nach Frankenthal verbracht, wo ihm eine  Blutprobe entnommen wird. <\/p>\n\n\n\n<h4 class=\"wp-block-heading\">(Ruchheim) &#8211; Fahren ohne Fahrerlaubnis<\/h4>\n\n\n\n<p>Am Montag, den 25.11.2019 wurde ein 63 Jahre alter Kraftfahrzeugf\u00fchrer  mit seinem LKW-Gespann auf der Bundesautobahn 61 in H\u00f6he des  Autobahnkreuzes Ludwigshafen in Fahrtrichtung Hockenheim einer  allgemeinen Verkehrskontrolle unterzogen. Im Rahmen der Kontrolle  h\u00e4ndigte der Fahrer den Beamten der Polizeiautobahnstation Ruchheim ein  polnisches F\u00fchrerscheindokument aus. Es wurde festgestellt, dass er  Inhaber der Fahrerlaubnisklassen B und C ist. Aufgrund des mitgef\u00fchrten  Anh\u00e4ngers w\u00e4re jedoch zumindest die Klasse BE erforderlich gewesen. Die  Weiterfahrt wurde untersagt und ein Strafverfahren eingeleitet. <\/p>\n\n\n\n<p>Neben den Kosten f\u00fcr die Entnahme einer  Blutprobe, kommt gem\u00e4\u00df dem Bu\u00dfgeldkatalog auf den 22-J\u00e4hrigen nun eine  Strafe in H\u00f6he 500EUR sowie ein Fahrverbot zu. Zudem muss der Fahrer im  Nachgang zum eigentlichen Ordnungswidrigkeitenverfahren mehrfach die  sogenannte medizinisch psychologische Untersuchung ablegen, durch welche  weitere Kosten entstehen. <\/p>\n\n\n\n<h4 class=\"wp-block-heading\">(Ludwigshafen) &#8211; Einbruch in Caf\u00e9<\/h4>\n\n\n\n<p>In der Nacht vom 23.11.2019 auf den 24.11.2019 brachen unbekannte T\u00e4ter  in ein Caf\u00e9 in der Carl-Bosch-Stra\u00dfe ein. Sie brachen einen  Spielautomaten auf und stahlen die darin befindliche Geldkassette mit  Geld in unbekannter H\u00f6he. Sachdienliche Hinweise nimmt die  Kriminalpolizei Ludwigshafen unter der Telefonnummer 0621\/963-2773 oder  per Email <a href=\"mailto:kiludwigshafen@polizei.rlp.de\">kiludwigshafen@polizei.rlp.de<\/a> entgegen. <\/p>\n\n\n\n<h4 class=\"wp-block-heading\">(Ludwigshafen) &#8211; Handy gestohlen<\/h4>\n\n\n\n<p>Am 23.11.2019, gegen 16:30 Uhr, wollte ein 48-J\u00e4hriger im Ahornweg ein  Paket zustellen und lie\u00df deshalb f\u00fcr kurze Zeit sein Auto unverschlossen  zur\u00fcck. Als er wiederkam, musste er feststellen, dass unbekannte T\u00e4ter  sein Handy gestohlen hatten. Die Polizei r\u00e4t eindringlich, das Auto  immer zu verschlie\u00dfen, sobald man sich von ihm entfernt. Sachdienliche  Hinweise nimmt die Polizeiinspektion Ludwigshafen 1 unter der  Telefonnummer 0621 963-2122 oder per e-Mail <a href=\"mailto:piludwigshafen1@polizei.rlp.de\">piludwigshafen1@polizei.rlp.de<\/a> entgegen. <\/p>\n\n\n\n<h4 class=\"wp-block-heading\">(Ludwigshafen) &#8211; Einbruch in Gartenhaus<\/h4>\n\n\n\n<p>In der Zeit zwischen dem 17.11.2019, gegen 14:00 Uhr, und dem  24.11.2019, gegen 11:00 Uhr, brachen unbekannte T\u00e4ter in ein Gartenhaus  in der Riedstra\u00dfe ein. Sie durchw\u00fchlten die Schr\u00e4nke und konsumierten  Lebensmittel. Ob und was gestohlen wurde, steht noch nicht fest.  Sachdienliche Hinweise nimmt die Polizeiinspektion Ludwigshafen 1 unter  der Telefonnummer 0621 963-2122 oder per e-Mail <a href=\"mailto:piludwigshafen1@polizei.rlp.de\">piludwigshafen1@polizei.rlp.de<\/a> entgegen. <\/p>\n\n\n\n<h4 class=\"wp-block-heading\">(Mannheim) &#8211; Bei Rot gefahren \/ Drei Verletzte und 17.000 Euro Schaden<\/h4>\n\n\n\n<p>Das Autobahnpolizeirevier Mannheim ermittelt wegen des Verdachts der fahrl\u00e4ssigen K\u00f6rperverletzung gegen einen 19-J\u00e4hrigen. <\/p>\n\n\n\n<p>Am  Sonntagabend gegen halb neun fuhr er mit seinem VW auf der  Friedrichsfelder Stra\u00dfe (L 597) in Richtung Seckenheim. An der Ampel der  Anschlussstelle zur A 656 missachtete er das Rotlicht. Eine 19-J\u00e4hrige  kam mit ihrem VW von der Autobahn und wollte bei Gr\u00fcn nach links in  Richtung Friedrichsfeld abbiegen. Es kam zum Zusammensto\u00df, bei welchem  die 19-j\u00e4hrige VW-Fahrerin, sowie zwei Mitfahrerinnen des  Unfallverursachers leicht verletzt wurden. Beide Autos mussten  abgeschleppt werden. An ihnen entstand ein Sachschaden von 17.000 Euro. <\/p>\n\n\n\n<h4 class=\"wp-block-heading\">(Mannheim-Neckarau) &#8211; Zwei Einbr\u00fcche in Werkzeuggesch\u00e4fte<\/h4>\n\n\n\n<p>Am Wochenende kam es in der Nacht von Freitag auf Samstag zu einem  Einbruch und einem versuchten Einbruch in der Casterfeldstra\u00dfe. <\/p>\n\n\n\n<p>Zutritt\n zu den R\u00e4umlichkeiten eines Werkzeuggesch\u00e4fts verschaffte sich ein \nbislang unbekannter T\u00e4ter in der Zeit von 17:30 Uhr bis 06:30 Uhr. Die \nVordert\u00fcr wurde mit einem unbekannten Gegenstand aufgehebelt. Hier \nkonnte der T\u00e4ter mehrere Maschinen und Werkzeugteile entwenden. Nur \nwenige Geb\u00e4ude weiter wurde ebenfalls versucht, die Eingangst\u00fcre eines \nWerkzeuggesch\u00e4fts aufzuhebeln. Das Vorhaben des T\u00e4ters misslang jedoch. <\/p>\n\n\n\n<p>Die\n Schadensh\u00f6he konnte noch nicht beziffert werden. Ebenso ist es \nGegenstand der weiteren Ermittlungen, ob zwischen den Taten ein \nZusammenhang besteht. <\/p>\n\n\n\n<p>Diese \u00fcbernimmt das Polizeirevier  Mannheim-Neckarau und bittet Zeugen, die Hinweise zum unbekannten T\u00e4ter  geben k\u00f6nnen oder verd\u00e4chtige Wahrnehmungen gemacht haben, sich bei  ihnen unter 0621 83397-0 zu melden. <\/p>\n\n\n\n<h4 class=\"wp-block-heading\">(Mannheim \/ Heidelberg \/ Rhein-Neckar-Kreis) &#8211; Sicherheitsma\u00dfnahmen f\u00fcr die Weihnachtsm\u00e4rkte in Mannheim, Heidelberg und im Rhein-Neckar-Kreis<\/h4>\n\n\n\n<div class=\"wp-block-image\"><figure class=\"aligncenter\"><img decoding=\"async\" loading=\"lazy\" width=\"640\" height=\"539\" src=\"https:\/\/speyer24news.com\/wp-content\/uploads\/2019\/11\/DSC01781.jpg\" alt=\"\" class=\"wp-image-22224\" srcset=\"https:\/\/speyer24news.com\/wp-content\/uploads\/2019\/11\/DSC01781.jpg 640w, https:\/\/speyer24news.com\/wp-content\/uploads\/2019\/11\/DSC01781-300x253.jpg 300w\" sizes=\"(max-width: 640px) 100vw, 640px\" \/><\/figure><\/div>\n\n\n\n<p>Mit Beginn der Vorweihnachtszeit er\u00f6ffnen in der Region auch die  Weihnachtsm\u00e4rkte in den St\u00e4dten Mannheim und Heidelberg sowie  zahlreichen Kommunen des Rhein-Neckar-Kreises. <\/p>\n\n\n\n<p>Die Bedrohungslage  in Deutschland und Europa hat sich nicht ver\u00e4ndert, sodass den  Weihnachtsm\u00e4rkten als wichtiger Bestandteil der christlichen Kultur eine  besondere symbolische Bedeutung zukommt. Aktuell liegen den  Sicherheitsbeh\u00f6rden jedoch weder Hinweise auf eine Bedrohung, noch  Erkenntnisse zu konkreten Gef\u00e4hrdungen vor. <\/p>\n\n\n\n<div class=\"wp-block-image\"><figure class=\"aligncenter\"><img decoding=\"async\" loading=\"lazy\" width=\"640\" height=\"480\" src=\"https:\/\/speyer24news.com\/wp-content\/uploads\/2019\/11\/Weihnachtsmarktstreife.jpg\" alt=\"\" class=\"wp-image-22225\" srcset=\"https:\/\/speyer24news.com\/wp-content\/uploads\/2019\/11\/Weihnachtsmarktstreife.jpg 640w, https:\/\/speyer24news.com\/wp-content\/uploads\/2019\/11\/Weihnachtsmarktstreife-300x225.jpg 300w, https:\/\/speyer24news.com\/wp-content\/uploads\/2019\/11\/Weihnachtsmarktstreife-326x245.jpg 326w, https:\/\/speyer24news.com\/wp-content\/uploads\/2019\/11\/Weihnachtsmarktstreife-80x60.jpg 80w\" sizes=\"(max-width: 640px) 100vw, 640px\" \/><\/figure><\/div>\n\n\n\n<p>Das Polizeipr\u00e4sidium  Mannheim hat in Zusammenarbeit mit den St\u00e4dten Mannheim und Heidelberg,  sowie den Kommunen des Rhein-Neckar-Kreises und in enger Abstimmung mit  den Veranstaltern der jeweiligen Weihnachtsm\u00e4rkte alles Notwendige  veranlasst, um ein h\u00f6chstm\u00f6gliches Ma\u00df an Sicherheit zu gew\u00e4hrleisten.  Insbesondere wird die Polizei zur St\u00e4rkung des Sicherheitsempfindens der  Bev\u00f6lkerung mit Beamten in Uniform sichtbare Pr\u00e4senz- und  \u00dcberwachungsma\u00dfnahmen auf den Weihnachtsm\u00e4rkten durchf\u00fchren. <\/p>\n\n\n\n<h4 class=\"wp-block-heading\">(Heidelberg-Boxberg) &#8211; Unbekannte versuchen 13-J\u00e4hrigen zu berauben, Zeugen gesucht!<\/h4>\n\n\n\n<p>Am Sonntag gegen 20.15 Uhr lief 13-J\u00e4hriger nach Hause. Als er im  Bereich der Tiefgarageneinfahrt der Stra\u00dfe Im Eichwald 18 war, kamen ihm  zwei bislang unbekannte m\u00e4nnliche Personen entgegen. Einer davon packte  den 13-J\u00e4hrigen unvermittelt an der Jacke, sch\u00fcttelte diesen und  verlangte die Herausgabe von Bargeld und Wertsachen. <\/p>\n\n\n\n<p>Da der Junge nichts Wertvolles bei sich f\u00fchrte, lie\u00df der Unbekannte von ihm ab und fl\u00fcchtete mit seinem Begleiter. <\/p>\n\n\n\n<p>Der 13-J\u00e4hrige offenbarte sich zu Hause seinem Vater, worauf die Polizei verst\u00e4ndigt wurde. <\/p>\n\n\n\n<p>Bei sofort eingeleiteten Fahndungsma\u00dfnahmen konnte kein Tatverd\u00e4chtiger gefasst werden. <\/p>\n\n\n\n<p>Die beiden Unbekannten wurden wie folgt beschrieben: <\/p>\n\n\n\n<ol><li>T\u00e4ter: ca. 175 cm, 16 bis 17 Jahre alt, kr\u00e4ftige Statur mit trainierten  Armen, westeurop\u00e4ischer Ph\u00e4notyp, helle ca. 1-2 cm kurze Haare <\/li><li>T\u00e4ter: ca. 175 cm, 16 bis 17 Jahre, schlanke Figur mit kr\u00e4ftiger Armmuskulatur, heller Hauttyp, dunkelbraune kurze Haare <\/li><\/ol>\n\n\n\n<p>Beide sprachen akzentfreies Deutsch, benutzten W\u00f6rter aus der Gossensprache. <\/p>\n\n\n\n<p>Die  Ermittler der Kriminalpolizeidirektion Heidelberg suchen nun nach  Zeugen des Vorfalls und oder nach Personen, die Hinweise auf die T\u00e4ter  geben k\u00f6nnen. Diese m\u00f6gen sich unter 0621 174 4444 melden und ihre  Wahrnehmungen mitteilen. <\/p>\n\n\n\n<h4 class=\"wp-block-heading\">(Schwetzingen \/ Rhein-Neckar-Kreis) &#8211; Mit einer Armbrust und  Druckluftpistole auf ehemaligem Bahngel\u00e4nde geschossen \/ Feuerwehr holt  zwei Personen von Hallendach<\/h4>\n\n\n\n<p>Am Sonntag gegen 17.15 Uhr wurde der Polizei telefonisch mitgeteilt,  dass auf dem ehemaligen Bahngel\u00e4nde in der Werkstra\u00dfe mehrfach  geschossen worden sei. Das Gel\u00e4nde und die Zufahrtstra\u00dfen wurden  daraufhin abgesperrt, insgesamt waren neun Streifenbesatzungen im  Einsatz. Bei der Anfahrt zur Fu\u00dfg\u00e4ngerbr\u00fccke nach Plankstadt wurden drei  M\u00e4nner im Alter von 35, 41 und 43 Jahren kontrolliert und anschlie\u00dfend  festgenommen, da sie eine Armbrust und eine Schreckschusswaffe bei sich  hatten. Die Waffen wurden sichergestellt und die drei M\u00e4nner zum Revier  gebracht. Nach ihren erkennungsdienstlichen Behandlungen wurden sie  wieder auf freien Fu\u00df gesetzt. Gegen das Trio wird wegen des Versto\u00dfes  gegen das Waffengesetzt sowie des Verdachts des Hausfriedensbruchs  ermittelt. <\/p>\n\n\n\n<p>Bei der weiteren Abkl\u00e4rung wurden auf dem Dach einer  Halle zwei m\u00e4nnliche Personen im Alter von 16 und 18 Jahren entdeckt.  Wie sich herausstellte, handelte es sich dabei um die Anrufer, die die  Polizei verst\u00e4ndigten. Da die Halle einsturzgef\u00e4hrdet ist, wurde die  Freiwillige Feuerwehr Schwetzingen hinzugerufen, die mit einem  Leiterfahrzeug die Personen vom Dach holte. Insgesamt waren 14 Wehrleute  mit vier Fahrzeugen im Einsatz. Da sich beide Personen beim Klettern  auf das Dach leicht verletzt hatten, wurden sie mit einem Rettungswagen  in ein Krankenhaus gebracht. Gegen das Duo wird ebenfalls wegen des  Verdachts des Hausfriedensbruchs ermittelt. <\/p>\n\n\n\n<h4 class=\"wp-block-heading\">(Walldorf \/ Rhein-Neckar-Kreis) &#8211; Unbekannte setzten Einkaufsw\u00e4gen in Brand \/ Polizei sucht Zeugen!<\/h4>\n\n\n\n<p>Eine Anwohnerin meldete am Sonntagnachmittag, gegen 15:35 Uhr, der  Polizei eine Feuerstelle auf dem Parkplatz des Edeka-Marktes in der  Bahnhofstra\u00dfe. Ein oder mehrere bislang unbekannte T\u00e4ter hatten auf dem  Parkplatz die Einkaufsw\u00e4gen in Brand gesetzt und waren dann gefl\u00fcchtet.  Noch bevor die Beamten vor Ort eintrafen, zogen Passanten die  Einkaufsw\u00e4gen, an denen die Kunststoffteile noch brannten, aus dem  Wagenunterstand. Das Feuer konnte dann kurz darauf durch die  hinzueilende Streifewagenbesatzung und die Freiwillige Feuerwehr  Walldorf schnell gel\u00f6scht werden. Dennoch wurden insgesamt acht W\u00e4gen  durch den Brand besch\u00e4digt, sodass Sachschaden in H\u00f6he von \u00fcber 1.500  Euro entstand. <\/p>\n\n\n\n<p>Die Polizei sucht nun Zeugen, die verd\u00e4chtige  Beobachtungen gemacht haben. Diese werden gebeten, sich beim  Polizeirevier Wiesloch unter Tel.: 06222\/5709-0 zu melden. <\/p>\n\n\n\n<h4 class=\"wp-block-heading\">(Wiesloch \/ Rhein-Neckar-Kreis) &#8211; 63-j\u00e4hriger Autofahrer verursacht mehrere Verkehrsunf\u00e4lle<\/h4>\n\n\n\n<p>Ein 63-j\u00e4hriger Autofahrer verursachte am Samstagabend zwischen  Waldwimmersbach und Wiesloch mehrere Unf\u00e4lle und gef\u00e4hrdete zahlreiche  Verkehrsteilnehmer. Der Mann war kurz nach 18 Uhr mit seinem Mercedes  von Waldwimmersbach \u00fcber Wiesenbach, Bammental, Gauangeloch,  Schatthausen und Baiertag bis nach Wiesloch unterwegs. Einem  nachfolgenden Zeugen fiel dabei auf, dass der 63-J\u00e4hrige mehrfach in den  Gegenverkehr geriet und entgegenkommende Verkehrsteilnehmer ausweichen  mussten, um Unf\u00e4lle zu vermeiden. Zwei dieser Fahrzeuge kam der  Mercedes-Fahrer so nahe, dass er mit seinem Au\u00dfenspiegel mit diesen  zusammenstie\u00df. Anschlie\u00dfend fuhr ihr einfach weiter. Der Zeuge folgte  dem Mercedes bis dieser in Wiesloch in den Hinterhof eines Anwesens fuhr  und minutenlang versuchte, einzuparken. Zwischenzeitlich war auch eine  alarmierte Polizeistreife vor Ort eingetroffen. Die Beamten sprachen den  Mann, der noch immer mit dem Einparken besch\u00e4ftigt war, an und  kontrollierten ihn. Dabei stellten sie fest, dass dessen Fahrweise  vermutlich auf gesundheitliche Probleme zur\u00fcckzuf\u00fchren war. Alkohol  konnte anhand eines Alkoholtests als Ursache jedoch ausgeschlossen  werden. <\/p>\n\n\n\n<p>Die Polizei sucht nun Gesch\u00e4digte, die durch die  Fahrweise des 63-J\u00e4hrigen gef\u00e4hrdet oder gesch\u00e4digt wurden, werden  gebeten, sich beim Verkehrskommissariat Heidelberg, Tel.: 0621\/174-4140  zu melden. <\/p>\n\n\n\n<h4 class=\"wp-block-heading\">(Sinsheim \/ A 6 \/ Rhein-Neckar-Kreis) &#8211; Pr\u00e4ventive Alkoholkontrollen \/ \u00dcber 180 Lkw-Fahrer kontrolliert<\/h4>\n\n\n\n<p>Die Erfahrungen aus den intensiven Schwerpunktkontrollen Ende letzten  sowie dieses Jahr best\u00e4tigen die polizeiliche Annahme, dass dem  Sonntagsfahrverbot unterliegende Lkw-Fahrer auf den Rasth\u00f6fen teilweise  \u00fcberm\u00e4\u00dfig Alkohol konsumieren und hierdurch die Gefahr einer  Trunkenheitsfahrt nach dem Wegfall des Fahrverbots besteht. <\/p>\n\n\n\n<p>Am \ngestrigen Sonntagabend kontrollierten daher erneut Beamte des \nVerkehrskommissariat Walldorf knapp vier Stunden lang rastende \nLkw-Fahrer auf der Tank- und Rastanlage Kraichgau an der Autobahn 6. <\/p>\n\n\n\n<p>Kurz\n vor Ende des Sonntagsfahrverbots und vor Beginn der Weiterfahrt wurden \n188 Fahrer \u00fcberpr\u00fcft. Im Ergebnis standen dabei elf Fahrzeugf\u00fchrer noch \nunter einem Alkoholeinfluss von mindestens 0,5 Promille. Davon waren \nsechs Fahrer mit Alkoholwerten von \u00fcber einem Promille deutlich \nalkoholisiert. Der traurige &#8222;Spitzenreiter&#8220; hatte 2,52 Promille in der \nAtemluft. <\/p>\n\n\n\n<p>Allen alkoholisierten Fahrern wurde die Weiterfahrt \nuntersagt und deren Frachtpapiere beschlagnahmt. Die Fahrzeugschl\u00fcssel \nwurden diesen, wie in der Vergangenheit, aufgrund der kalten Witterung \nbelassen. Eine Nachkontrolle am Montagmorgen ergab noch bei zwei Fahrern\n Promillewerte, die eine anhaltende Untersagung der Weiterfahrt \nerforderlich machten. Diese d\u00fcrfen erst nach einer erneuten \u00dcberpr\u00fcfung \nund erlangter N\u00fcchternheit ihre Fahrt fortsetzen. <\/p>\n\n\n\n<p>Bereits am \nSonntagmorgen, noch vor den Kontrollma\u00dfnahmen, wurden die Beamten des \nPolizeireviers Sinsheim mit der anhaltenden Problematik konfrontiert: \nBereits um 10:55 Uhr meldeten Zeugen einen nackten Mann der im Bereich \ndes Hummelbergs im Freien umherlief. Bei der anschlie\u00dfenden Kontrolle \nstellte sich heraus, dass dieser Berufskraftfahrer ist und aufgrund \nseines \u00fcberm\u00e4\u00dfigen Alkoholkonsums aus seinem Lkw gest\u00fcrzt war. Dabei \nverletzte er sich am Kopf, was eine Behandlung im Krankenhaus notwendig \nmachte. Ein Alkoholtest ergab 2,46 Promille in der Atemluft des Mannes. \nDer Fahrzeugschl\u00fcssel wurde bis zur erlangten Fahrt\u00fcchtigkeit \neinbehalten. <\/p>\n\n\n\n<p>Wie bereits in der Vergangenheit werden die Kontrollen auch in Zukunft konsequent fortgef\u00fchrt. <\/p>\n\n\n\n<h4 class=\"wp-block-heading\">(Eberbach \/ Rhein-Neckar-Kreis) &#8211; Brand eines Holzstapels<\/h4>\n\n\n\n<p>Am Sonntag gegen 20.45 Uhr wurden Polizei und Feuerwehr zu einem Brand  in die Schmalzgasse gerufen. Rauch und aufsteigende Glut waren bereits  bei der Anfahrt der Rettungskr\u00e4fte deutlich sichtbar. <\/p>\n\n\n\n<p>Aus bislang\n unbekannter Ursache brannte auf einem Anwesen ein Holzstapel, den ein \nAnwohner bereits vor Eintreffen der Rettungskr\u00e4fte versuchte zu l\u00f6schen.\n <\/p>\n\n\n\n<p>Durch den Brand wurde eine \u00dcberdachung des Holzstapels in Mitleidenschaft gezogen. <\/p>\n\n\n\n<p>Die Feuerwehr konnte den Brand l\u00f6schen. Es entstand ein Schaden zwischen 5.000 und 10.000 Euro. Verletzt wurde niemand. <\/p>\n\n\n\n<p>Die Ermittlungen zur Brandursache des Polizeireviers Eberbach dauern an. <\/p>\n\n\n\n<h4 class=\"wp-block-heading\">(Heddesheim \/ Rhein-Neckar-Kreis) &#8211; Auf Gel\u00e4nde eines Paketzustellers Container aufgebrochen \/ Zeugen gesucht!<\/h4>\n\n\n\n<p>Bislang unbekannte T\u00e4ter verschafften sich in der Zeit von Samstag,  18:10 Uhr bis Sonntag, 23:45 Uhr, Zugang zum Gel\u00e4nde eines  Paketzustellers in der Schulze-Delitzsch-Stra\u00dfe und brachen gewaltsam  einen Container auf, in welchem Pakete gelagert waren. Ob sie aus dem  Container etwas stahlen, steht bislang nicht fest. Auch der entstandene  Sachschaden kann derzeit nicht beziffert werden. <\/p>\n\n\n\n<p>Zeugen, die  verd\u00e4chtige Wahrnehmungen gemacht haben, werden gebeten, sich mit dem  Polizeirevier Ladenburg unter Tel.: 06203\/9305-0 in Verbindung zu  setzen. <\/p>\n\n\n\n<h4 class=\"wp-block-heading\">(Ladenburg \/ Rhein-Neckar-Kreis) &#8211; Nach Unfallflucht Zeugen gesucht<\/h4>\n\n\n\n<p>Wegen einer Verkehrsunfallflucht am Samstagvormittag ermittelt das Polizeirevier Ladenburg. <\/p>\n\n\n\n<p>Die\n 34-j\u00e4hrige Besitzerin eines Volvo war f\u00fcr Weihnachtseink\u00e4ufe in \nLadenburg unterwegs. Hierzu parkte sie gegen 10 Uhr ihr Auto auf einem \nParkplatz gegen\u00fcber einer Baumschule in der Gregor-Mendel-Stra\u00dfe. Als \nsie um 10:50 Uhr zur\u00fcckkam, bemerkte sie den Schaden an ihrer hinteren \nrechten Sto\u00dfstange. Bisher sind keine Hinweise zum Verursacher bekannt. \nDa die dortige Baumschule zu dieser Zeit jedoch stark besucht war, \nhoffen die aufnehmenden Beamten des Polizeireviers Ladenburg, dass es zu\n diesem Vorfall Zeugen gibt. Diese werden gebeten sich unter 06203 \n9305-0 zu melden. <\/p>\n","protected":false},"excerpt":{"rendered":"<div class=\"mh-excerpt\"><p>Polizeimeldungen vom Montag (25.11.2019) (Speyer) &#8211; Verkehrskontrollen in der Dudenhofer Stra\u00dfe In der Nacht des Sonntags f\u00fchrte die Polizei Speyer in der Dudenhofer Stra\u00dfe im Rahmen einer Standkontrolle mehrerer Verkehrskontrollen durch. Hierbei wurden f\u00fcnf Fahrer <a class=\"mh-excerpt-more\" href=\"https:\/\/speyer24news.com\/?p=22312\" title=\"Polizei\">[&#8230;]<\/a><\/p>\n<\/div>","protected":false},"author":3,"featured_media":0,"comment_status":"open","ping_status":"open","sticky":false,"template":"","format":"standard","meta":{"_monsterinsights_skip_tracking":false,"_monsterinsights_sitenote_active":false,"_monsterinsights_sitenote_note":"","_monsterinsights_sitenote_category":0,"footnotes":""},"categories":[12],"tags":[3614,61,2555,63,105,53,1548,102,213,55,103,106,2803,2423,427,2625,380,62,104,979,1565],"aioseo_notices":[],"amp_enabled":true,"_links":{"self":[{"href":"https:\/\/speyer24news.com\/index.php?rest_route=\/wp\/v2\/posts\/22312"}],"collection":[{"href":"https:\/\/speyer24news.com\/index.php?rest_route=\/wp\/v2\/posts"}],"about":[{"href":"https:\/\/speyer24news.com\/index.php?rest_route=\/wp\/v2\/types\/post"}],"author":[{"embeddable":true,"href":"https:\/\/speyer24news.com\/index.php?rest_route=\/wp\/v2\/users\/3"}],"replies":[{"embeddable":true,"href":"https:\/\/speyer24news.com\/index.php?rest_route=%2Fwp%2Fv2%2Fcomments&post=22312"}],"version-history":[{"count":1,"href":"https:\/\/speyer24news.com\/index.php?rest_route=\/wp\/v2\/posts\/22312\/revisions"}],"predecessor-version":[{"id":22316,"href":"https:\/\/speyer24news.com\/index.php?rest_route=\/wp\/v2\/posts\/22312\/revisions\/22316"}],"wp:attachment":[{"href":"https:\/\/speyer24news.com\/index.php?rest_route=%2Fwp%2Fv2%2Fmedia&parent=22312"}],"wp:term":[{"taxonomy":"category","embeddable":true,"href":"https:\/\/speyer24news.com\/index.php?rest_route=%2Fwp%2Fv2%2Fcategories&post=22312"},{"taxonomy":"post_tag","embeddable":true,"href":"https:\/\/speyer24news.com\/index.php?rest_route=%2Fwp%2Fv2%2Ftags&post=22312"}],"curies":[{"name":"wp","href":"https:\/\/api.w.org\/{rel}","templated":true}]}}