{"id":22317,"date":"2019-11-26T11:20:02","date_gmt":"2019-11-26T10:20:02","guid":{"rendered":"https:\/\/speyer24news.com\/?p=22317"},"modified":"2019-11-26T11:24:04","modified_gmt":"2019-11-26T10:24:04","slug":"sport-24","status":"publish","type":"post","link":"https:\/\/speyer24news.com\/?p=22317","title":{"rendered":"Sport"},"content":{"rendered":"<style type=\"text\/css\">\r\n\t.ads_top_disp{}\r\n\t.ads_top_corner_disp{ float:left; margin:0px 10px 10px 0px; }\r\n\t.ads_first_p_disp{}\r\n\t.ads_bottom_disp{}\r\n\t<\/style>\n<h1 class=\"wp-block-heading\" style=\"text-align:center\">Rudern \/ RGS Speyer<\/h1>\n\n\n\n<div class=\"wp-block-image\"><figure class=\"aligncenter\"><img decoding=\"async\" src=\"https:\/\/speyer24news.com\/wp-content\/uploads\/2019\/11\/Rudergesellschaft-Speyer-e.V..png\" alt=\"\" class=\"wp-image-22022\"\/><\/figure><\/div>\n\n\n\n<h2 class=\"wp-block-heading\"><strong>Rudergesellschaft ehrt Sieger und tauft zwei Boote \u2013 3758 Gesamterfolge<\/strong><\/h2>\n\n\n\n<h3 class=\"wp-block-heading\"><em>von Angelika Schwager<\/em><\/h3>\n\n\n\n<div class=\"wp-block-image\"><figure class=\"aligncenter\"><img decoding=\"async\" loading=\"lazy\" width=\"800\" height=\"584\" src=\"https:\/\/speyer24news.com\/wp-content\/uploads\/2019\/11\/Gerd-Tr\u00fctzler-RGS-F\u00f6rderernadel.jpg\" alt=\"\" class=\"wp-image-22319\" srcset=\"https:\/\/speyer24news.com\/wp-content\/uploads\/2019\/11\/Gerd-Tr\u00fctzler-RGS-F\u00f6rderernadel.jpg 800w, https:\/\/speyer24news.com\/wp-content\/uploads\/2019\/11\/Gerd-Tr\u00fctzler-RGS-F\u00f6rderernadel-300x219.jpg 300w, https:\/\/speyer24news.com\/wp-content\/uploads\/2019\/11\/Gerd-Tr\u00fctzler-RGS-F\u00f6rderernadel-768x561.jpg 768w\" sizes=\"(max-width: 800px) 100vw, 800px\" \/><figcaption> Verleihung der RGS-F\u00f6rderernadel an Gerd Tr\u00fctzler durch Verwaltungsvorsitzenden Ralf Burkhardt<\/figcaption><\/figure><\/div>\n\n\n\n<p><strong>Speyer &#8211; <\/strong>Die Rudergesellschaft Speyer hatte zur \u201eSiegesfeier mit Bootstaufe\u201c ins Bootshaus am Alten Hafen geladen, um die erfolgreichen Ruderer der Saison 2019 zu ehren. Aufgrund der gro\u00dfen Zahl an Regattateilnehmern, insgesamt hatten sich 2019 tats\u00e4chlich 83 Ruderinnen und Ruderer in die Regattastartlisten im In- und Ausland eingetragen, war die Halle voll besetzt. Der Erste Vorsitzende Ingo Janz durfte Sportb\u00fcrgermeisterin Monika Kabs, f\u00fcr den Stadtsportverband J\u00fcrgen Kief und Karl-Heinz Hepper, f\u00fcr den YC Otterstadt Rainer Grunwald sowie Ehrenmitglied Klaus Oeder begr\u00fc\u00dfen. <\/p>\n\n\n\n<p>33\nerfolgreiche Starter durften nach den Rennen am Siegersteg anlegen. Bei den\ninsgesamt 26 besuchten Regatten gelangen 61 Siege, 62 zweite Pl\u00e4tze und 45\ndritte Pl\u00e4tze. Die Gesamtsiegzahl steht nun bei stolzen 3758 Erfolgen. Wie in\nden Vorjahren war erneut die Altersbandbreite der siegreichen Aktiven, von den\nzw\u00f6lfj\u00e4hrigen Nachwuchsruderern bis zu den \u00fcber 70-j\u00e4hrigen Masters\nbemerkenswert. Die hochwertigsten Siege sicherte sich wieder Alicia Bohn, die\nim Frauen-Einer und im Frauen-Doppelvierer bei den deutschen Meisterschaften je\nSilber und im Frauen-Einer bei der U23-Weltmeisterschaft in Sarasota, USA, das\nB-Finale gewann.<\/p>\n\n\n\n<p>Der Ehrungsreigen wurde durch J\u00fcrgen Kief abgeschlossen, die erst- bis drittplatzierten bei den Meisterschaften erhielten \u201ef\u00fcr sportliche Erfolge\u201c ein Schoppen-Dubbeglas. J\u00fcrgen Kief lobte, dass \u201esich die Ruderer nicht nur im Boot, sondern auch im gesellschaftlichen Bereich positiv hervortun\u201c. Ein besonderer Dank ging an Julia Hoffmann und die RGS-Jugend, die spontan zusagte auch 2020 beim \u201eBall des Sports\u201c wieder mitzuhelfen.<\/p>\n\n\n\n<div class=\"wp-block-image\"><figure class=\"aligncenter\"><img decoding=\"async\" loading=\"lazy\" width=\"800\" height=\"655\" src=\"https:\/\/speyer24news.com\/wp-content\/uploads\/2019\/11\/IMG_7612.jpg\" alt=\"\" class=\"wp-image-22320\" srcset=\"https:\/\/speyer24news.com\/wp-content\/uploads\/2019\/11\/IMG_7612.jpg 800w, https:\/\/speyer24news.com\/wp-content\/uploads\/2019\/11\/IMG_7612-300x246.jpg 300w, https:\/\/speyer24news.com\/wp-content\/uploads\/2019\/11\/IMG_7612-768x629.jpg 768w\" sizes=\"(max-width: 800px) 100vw, 800px\" \/><figcaption>Ehrung der  RGS-Jugend<\/figcaption><\/figure><\/div>\n\n\n\n<p>Die\nSportvorsitzende Claudia M\u00f6ssner bedankte sich bei den Trainern, vorneweg\nMartin G\u00e4rtner, Tim Lauer und Julia Hoffmann und allen Helfern in der\nRuderausbildung. \u201eNur so konnte es uns auch 2019 wieder gelingen so viele Sportler\nauf Regatten und Siege vorzubereiten. Die Erfolge von Alicia Bohn, f\u00fcnf erste\nPl\u00e4tze bei der FISA World-Masters Regatta und gleich acht Titel bei den\nS\u00fcdwestdeutschen Meisterschaften erf\u00fcllen uns mit Freude\u201c, sagte Claudia\nM\u00f6ssner. Aus der Gruppe der Jungen und M\u00e4dchen waren Hendrick Elsner und Julius\nVortisch mit f\u00fcnf Siegen die Spitzenreiter. Bei den Junioren, als auch\ninsgesamt, durfte sich Ole Bartenbach mit elf Erfolgen \u00fcber die Spitzenposition\nfreuen, gefolgt von Alexander Martirosyan mit acht ersten Pl\u00e4tzen. Die gr\u00f6\u00dfte Siegergruppe\nstellten erneut die Masters, dabei erzielten Corinna Bachmann und Elke M\u00fcsel je\n10 Saisonerfolge.<\/p>\n\n\n\n<p>F\u00fcr die Rennruderjugend ergriff David Martirosyan spontan das Wort und hielt unter dem Beifall der G\u00e4ste \u201emit Lust eine Rede\u201c. Sein Lob f\u00fcr die hervorragende Arbeit, ging nicht nur an die Trainer, sondern auch an die RGS \u201emeine zweite Familie, die ich hier gefunden habe und meine Freunde, die ich kennenlernen durfte, die immer zusammenstehen\u201c. Monika Kabs fand es \u00e4u\u00dferst bemerkenswert, dass \u201eein junger Mann, so spontan zur Rede das Wort ergreift, das sieht man nicht alle Tage. Gl\u00fcckwunsch an die RGS f\u00fcr die nicht nur im Sportlichen erfolgreiche Jugendarbeit.\u201c Mit Beifall wurde auch honoriert, dass sich die Stadt erfolgreich f\u00fcr die Erh\u00f6hung der Sportf\u00f6rdermittel eingesetzt hatte.<\/p>\n\n\n\n<div class=\"wp-block-image\"><figure class=\"aligncenter\"><img decoding=\"async\" loading=\"lazy\" width=\"800\" height=\"533\" src=\"https:\/\/speyer24news.com\/wp-content\/uploads\/2019\/11\/Taufe-V8-Masterpiece-1.jpg\" alt=\"\" class=\"wp-image-22321\" srcset=\"https:\/\/speyer24news.com\/wp-content\/uploads\/2019\/11\/Taufe-V8-Masterpiece-1.jpg 800w, https:\/\/speyer24news.com\/wp-content\/uploads\/2019\/11\/Taufe-V8-Masterpiece-1-300x200.jpg 300w, https:\/\/speyer24news.com\/wp-content\/uploads\/2019\/11\/Taufe-V8-Masterpiece-1-768x512.jpg 768w\" sizes=\"(max-width: 800px) 100vw, 800px\" \/><figcaption> Taufe des neuen Flaggschiffs der RGS, dem Achter<\/figcaption><\/figure><\/div>\n\n\n\n<p>Im Anschluss an die Siegesfeier konnten zwei aus Spendenmitteln finanzierte Boote getauft werden. F\u00fcr das Nikolaus-von-Weis-Gymnasium durfte Vorsitzender Ingo Janz den die Ruder-AG betreuenden Lehrer Gerd Tr\u00fctzler und f\u00fcr die Schulstiftung die Vorsitzende Elke Reker und Finanzvorst\u00e4ndin Angela Hahnemann begr\u00fc\u00dfen. \u201eNach den vielen Erfolgen der Schul-Ruder-AG \u00fcber viele Jahre hinweg, in diesem Jahr ging sogar ein Achter an den Start des Jugend-trainiert-f\u00fcr Olympia Wettbewerbs, ist es uns nicht schwergefallen einen Beitrag zu leisten\u201c, kommentierten die Vertreter des Niki, die den neuen C-Line-Doppelvierer gemeinsam auf den Namen \u201eNiki-4-ever\u201c tauften. Angelika Schwager, \u00fcber Jahrzehnte im RGS-Ehrenamt engagiert, war es dann vorbehalten, das neue Flaggschiff der RGS, den neuen Empacher-Achter zu taufen. In der Taufrede erinnerte sie an die sehr wechselvolle Geschichte des RGS-Achterruderns, in der es leider viele Perioden gegeben hat, in denen kein konkurrenzf\u00e4higes Boot zur Verf\u00fcgung stand. \u201eDiese Phase ist nun vorbei, ich taufe Dich auf den Namen \u201eV8+ Masterpiece\u201c und w\u00fcnsche Dir immer eine handbreit Wasser unter dem Kiel\u201c, \u00fcbergab sie den Achter seiner Bestimmung.<\/p>\n\n\n\n<div class=\"wp-block-image\"><figure class=\"aligncenter\"><img decoding=\"async\" loading=\"lazy\" width=\"800\" height=\"533\" src=\"https:\/\/speyer24news.com\/wp-content\/uploads\/2019\/11\/Taufe-V8-Masterpiece-3.jpg\" alt=\"\" class=\"wp-image-22322\" srcset=\"https:\/\/speyer24news.com\/wp-content\/uploads\/2019\/11\/Taufe-V8-Masterpiece-3.jpg 800w, https:\/\/speyer24news.com\/wp-content\/uploads\/2019\/11\/Taufe-V8-Masterpiece-3-300x200.jpg 300w, https:\/\/speyer24news.com\/wp-content\/uploads\/2019\/11\/Taufe-V8-Masterpiece-3-768x512.jpg 768w\" sizes=\"(max-width: 800px) 100vw, 800px\" \/><\/figure><\/div>\n\n\n\n<p>Zu\nseiner v\u00f6lligen \u00dcberraschung wurde nach den Bootstaufen Gerd Tr\u00fctzler vom\nVorsitzenden Ingo Janz nach vorn gebeten. F\u00fcr sein Engagement seit fast drei\nJahrzehnten f\u00fcr den Rudersport wurde ihm die F\u00f6rderernadel der RGS verliehen.<\/p>\n\n\n\n<p><em>26.11.2019<\/em><\/p>\n\n\n\n<h1 class=\"wp-block-heading\" style=\"text-align:center\">Fechten \/ TSV Speyer<\/h1>\n\n\n\n<figure class=\"wp-block-image\"><img decoding=\"async\" loading=\"lazy\" width=\"640\" height=\"271\" src=\"https:\/\/speyer24news.com\/wp-content\/uploads\/2019\/11\/TSV-Speyer.jpg\" alt=\"\" class=\"wp-image-22015\" srcset=\"https:\/\/speyer24news.com\/wp-content\/uploads\/2019\/11\/TSV-Speyer.jpg 640w, https:\/\/speyer24news.com\/wp-content\/uploads\/2019\/11\/TSV-Speyer-300x127.jpg 300w\" sizes=\"(max-width: 640px) 100vw, 640px\" \/><\/figure>\n\n\n\n<h2 class=\"wp-block-heading\"><strong>Dennis Mosbach und Dieter Schneider holen Vizemeisterschaft<\/strong><\/h2>\n\n\n\n<p><strong>Zweibr\u00fccken \/ Speyer &#8211; <\/strong>Dennis Mosbach vom TSV Speyer erk\u00e4mpfte sich bei den s\u00fcdwestdeutschen Einzel- und Mannschaftsmeisterschaften der Senioren (Aktiven) im Herrenflorett den Titel des s\u00fcdwestdeutschen Vizemeisters.<\/p>\n\n\n\n<p>Im Finale\ntraf Dennis Mosbach auf Alexander Bappert von der TG Frankenthal. Dieser war am\nEnde als Einziger in der Lage, Mosbach zu bezwingen. Der Frankenthaler sicherte\nsich mit einem 15:10 Erfolg die Meisterschaft. Die Weichen f\u00fcr seinen\nFinaleinzug hatte Mosbach bereits in der Vorrunde mit nur einer Niederlage\ngestellt. Als Topgesetzter zog er aufgrund seines Trefferindexes in die Runde\nder besten 16 ein. Dort bereitet dem 29-J\u00e4hrigen auch die folgende Gefechte\nkeine gro\u00dfe M\u00fche. Im Halbfinale traf er auf seinen Vereinskameraden vom TSV\nSpeyer, Christian Plechinger, der bis dahin auch wie Mosbach nur eine\nNiederlage in der Vorrunde hatte, den er dann mit 15:10 bezwang. Eine deutliche\nVerbesserung gegen \u00fcber dem Vorjahr gl\u00fcckte Ralf Plechinger. Auch er hatte in\nder Vorrunde nur eine Niederlage und \u00fcberstand die Direktausscheidung ebenfalls\nmit einer wei\u00dfen Weste. Im Viertelfinale traf er auf den Vizemeister des\nVorjahres Florian Ferizi von der TG Frankenthal, den er mit 15:13 bezwang. Im\nzweiten Halbfinale mu\u00dfte er sich aber dem sp\u00e4teren Meister Alexander Bappert\nmit 3:15 geschlagen geben. Gegen\u00fcber Rang 8 beim letztj\u00e4hrigen Wettkampf\nsteigerte sich Ralf Plechinger um f\u00fcnf Pl\u00e4tze und teilte sich Rang 3 mit seinem\nZwillingsbruder Christian Plechinger.<\/p>\n\n\n\n<p>Im\nMannschaftswettbewerb kam es nach einem 45:29 Sieg des Herrenteam des TSV\nSpeyer mit Dennis Mosbach und Ralf und Christian Plechinger \u00fcber das Team der\nTSG Kaiserlautern wie erwartet im Finale aufeinandertreffen gegen die TG Frankenthal.\nDort unterlagen die drei mit 33:45&nbsp; gegen\nden neuen s\u00fcdwestdeutschen Mannschaftsmeister und landeten in der Endabrechnung\nvor den Teams der TSG Kaiserslautern und der VT Zweibr\u00fccken.<\/p>\n\n\n\n<p>Im\nS\u00e4belwettbewerb war vom TSV Speyer nur die Fechter Dieter Schneider und\nChristian Plechinger am Start. Nach der Vorrunde trafen sich die beide im\nHalbfinale wieder. Hier konnte Schneider das Gefecht klar mit 3:15 f\u00fcr sich\nentscheiden. Im Finalgefecht musste auch Dieter Schneider sich Nikita Silantyev\nvon der TSG Kaiserslautern mit 3:15 geschlagen geben.<\/p>\n\n\n\n<p>Am Ende bedeute dies Platz 2 f\u00fcr Dieter Schneider und Platz 3 f\u00fcr\nChristian Plechinger.<\/p>\n\n\n\n<p>Bereits am Samstag wurden die Titelk\u00e4mpfe mit dem Degen ausgetragen. Hier war im Damendegen Hannah Kuster vom TSV Speyer am Start. Sie konnte sich mit drei Siegen und zwei Niederlagen in der Vorrunde f\u00fcr die besten 16 qualifizieren. Nach einem 15:9 Sieg \u00fcber Melissa Geissinger vom HC Bad D\u00fcrkheim folgt eine 11:15 Niederlage gegen die sp\u00e4tere Vizemeisterin Renate Alles von der TSG Friesenheim und landet somit auf Platz 6. Im Herrendegen waren mit Alexey Mokin und Christian Plechinger zwei Fechter des TSV Speyer am Start. Nach der Vorrunde standen bei Mokin zwei Siege und und zwei Niederlagen bei Plechinger ein Sieg auf dem Konto. Nach der schlechten Vorrunde fand Plechinger zur alten Form zur\u00fcck und konnte mit zwei Siegen \u00fcber Gabriel Jung vom HC Bad D\u00fcrkheim und Daniel Plage von der TSG Friesenheim sich f\u00fcr&nbsp; das Halbfinale qualifizieren. Hier kam es zur letztj\u00e4hrigen Finalbegegnung Christian Plechinger gegen Gernot Ritthaler. Am Ende konnte sich der alte und neue s\u00fcdwestdeutsche Meister nach einem spannenden Gefecht mit 15:14 gegen Christian Plechinger durchsetzen was abermals Platz 3. f\u00fcr Plechinger bedeutete. Alexey Mokin scheiterte bereits knapp in der Direktausscheidung mit 14:15 gegen Cedric Tippelt von der TSG Friesenheim und belegt Platz 12. <\/p>\n\n\n\n<p><em>TSV Speyer<br>26.11.2019<\/em><\/p>\n\n\n\n<h1 class=\"wp-block-heading\" style=\"text-align:center\">Tanzen \/ Gr\u00fcn-Gold Speyer e.V.<\/h1>\n\n\n\n<figure class=\"wp-block-image\"><img decoding=\"async\" loading=\"lazy\" width=\"479\" height=\"500\" src=\"https:\/\/speyer24news.com\/wp-content\/uploads\/2019\/11\/Gr\u00fcnGold-Speyer-eV.jpg\" alt=\"\" class=\"wp-image-22020\" srcset=\"https:\/\/speyer24news.com\/wp-content\/uploads\/2019\/11\/Gr\u00fcnGold-Speyer-eV.jpg 479w, https:\/\/speyer24news.com\/wp-content\/uploads\/2019\/11\/Gr\u00fcnGold-Speyer-eV-287x300.jpg 287w\" sizes=\"(max-width: 479px) 100vw, 479px\" \/><\/figure>\n\n\n\n<h2 class=\"wp-block-heading\"><strong>Gallos 2 mal im Finale in Holland<\/strong><\/h2>\n\n\n\n<div class=\"wp-block-image\"><figure class=\"aligncenter\"><img decoding=\"async\" loading=\"lazy\" width=\"600\" height=\"490\" src=\"https:\/\/speyer24news.com\/wp-content\/uploads\/2019\/11\/Gallo-1.jpg\" alt=\"\" class=\"wp-image-22323\" srcset=\"https:\/\/speyer24news.com\/wp-content\/uploads\/2019\/11\/Gallo-1.jpg 600w, https:\/\/speyer24news.com\/wp-content\/uploads\/2019\/11\/Gallo-1-300x245.jpg 300w\" sizes=\"(max-width: 600px) 100vw, 600px\" \/><\/figure><\/div>\n\n\n\n<p><strong>Noordhoek (NL) \/ Speyer &#8211; <\/strong>Am Wochenende war es wieder einmal soweit, die Glocken der Kathedrale in Noordhoek riefen und zwei Speyerer Paare folgten dem Gel\u00e4ut.<\/p>\n\n\n\n<p><strong>Daniel<\/strong> und <strong>Manuela Xander<\/strong> machten sich zusammen mit <strong>Astrid<\/strong> und <strong>Hans-J\u00fcrgen Gallo<\/strong>\nauf zum internationalen Ranglistenturnier des &#8222;The Wooden Shoe&#8220;.<\/p>\n\n\n\n<div class=\"wp-block-image\"><figure class=\"aligncenter\"><img decoding=\"async\" loading=\"lazy\" width=\"500\" height=\"572\" src=\"https:\/\/speyer24news.com\/wp-content\/uploads\/2019\/11\/Gallo-2.jpg\" alt=\"\" class=\"wp-image-22324\" srcset=\"https:\/\/speyer24news.com\/wp-content\/uploads\/2019\/11\/Gallo-2.jpg 500w, https:\/\/speyer24news.com\/wp-content\/uploads\/2019\/11\/Gallo-2-262x300.jpg 262w\" sizes=\"(max-width: 500px) 100vw, 500px\" \/><\/figure><\/div>\n\n\n\n<p>Samstag ging es schon um neun Uhr mit dem Aufw\u00e4rmen los und beide Paare starteten in das Standardturnier der Senioren III mit insgesamt 39 Paaren.<\/p>\n\n\n\n<p><strong>Manuela<\/strong> und <strong>Daniel<\/strong> zeigten, dass sich ihr Trainingsflei\u00df gelohnt hat und durften zwei Runden tanzen. <strong>Astrid<\/strong> und <strong>Hans-J\u00fcrgen<\/strong> konnten sich nach der Vorrunde f\u00fcr das Viertel- und das anschlie\u00dfende Semifinale qualifizieren. Beide waren \u00fcbergl\u00fccklich als sie dann auch noch zum Finale aufgerufen wurden. Am Ende erreichten sie den 6. Platz.<\/p>\n\n\n\n<div class=\"wp-block-image\"><figure class=\"aligncenter\"><img decoding=\"async\" loading=\"lazy\" width=\"450\" height=\"479\" src=\"https:\/\/speyer24news.com\/wp-content\/uploads\/2019\/11\/Gallo-3.jpg\" alt=\"\" class=\"wp-image-22325\" srcset=\"https:\/\/speyer24news.com\/wp-content\/uploads\/2019\/11\/Gallo-3.jpg 450w, https:\/\/speyer24news.com\/wp-content\/uploads\/2019\/11\/Gallo-3-282x300.jpg 282w\" sizes=\"(max-width: 450px) 100vw, 450px\" \/><\/figure><\/div>\n\n\n\n<p>Etwa 1,5 Stunden sp\u00e4ter begann das Ranglistenturnier der Senioren III Latein mit 17 Paaren. Auch hier gingen <strong>Astrid<\/strong> und <strong>Hans-J\u00fcrgen<\/strong> an den Start. Nach einer \u00fcberzeugenden Vorrunde erreichten sie klar das Semifinale und auch das anschlie\u00dfende Finale. Dort mobilisierten sie nochmals die letzten Kr\u00e4fte und erreichten nach fast 10 Stunden, 7 getanzten Runden und 35 T\u00e4nzen einen hervorragenden 5. Platz.<\/p>\n\n\n\n<p><em>Tanz-Sport-Club Gr\u00fcn-Gold Speyer e.V.<br>26.11.2019<\/em><\/p>\n\n\n\n<h2 class=\"wp-block-heading\"><strong>Erste Finalteilnahme f\u00fcr Hannens in der A-Klasse<\/strong><\/h2>\n\n\n\n<div class=\"wp-block-image\"><figure class=\"aligncenter\"><img decoding=\"async\" loading=\"lazy\" width=\"800\" height=\"590\" src=\"https:\/\/speyer24news.com\/wp-content\/uploads\/2019\/11\/Hannens-2.v.r.jpg\" alt=\"\" class=\"wp-image-22318\" srcset=\"https:\/\/speyer24news.com\/wp-content\/uploads\/2019\/11\/Hannens-2.v.r.jpg 800w, https:\/\/speyer24news.com\/wp-content\/uploads\/2019\/11\/Hannens-2.v.r-300x221.jpg 300w, https:\/\/speyer24news.com\/wp-content\/uploads\/2019\/11\/Hannens-2.v.r-768x566.jpg 768w, https:\/\/speyer24news.com\/wp-content\/uploads\/2019\/11\/Hannens-2.v.r-80x60.jpg 80w\" sizes=\"(max-width: 800px) 100vw, 800px\" \/><figcaption> Beate und Theo Hannen (2 v.r.) erreichen den 5. Platz<\/figcaption><\/figure><\/div>\n\n\n\n<p><strong>Mosbach \/ Speyer &#8211; <\/strong>Im November findet in Mosbach j\u00e4hrlich das traditionelle Herbsttanzwochenende des Tanzzentrums statt, das auch gerne von den Speyerer Paaren besucht wird. Dieses Jahr zog es Beate und Theo Hannen wieder einmal in den Odenwald, wo sie am Senioren III A &#8211; Turnier teilnahmen.<\/p>\n\n\n\n<p>Dieses war mit insgesamt 10 Paaren gut besucht. Nach der Vorrunde hie\u00df es dann&nbsp; nochmals zum ersten Finale eines Turniers in der A-Klasse auf die Tanzfl\u00e4che. Hier erhielten Beate und Theo von den Wertungsrichtern durchmischte Wertungen, so dass sich&nbsp; am Ende der 5. Platz ergab.<\/p>\n\n\n\n<p><em>Tanz-Sport-Club Gr\u00fcn-Gold Speyer e.V.<br>26.11.2019<\/em><\/p>\n","protected":false},"excerpt":{"rendered":"<div class=\"mh-excerpt\"><p>Rudern \/ RGS Speyer Rudergesellschaft ehrt Sieger und tauft zwei Boote \u2013 3758 Gesamterfolge von Angelika Schwager Speyer &#8211; Die Rudergesellschaft Speyer hatte zur \u201eSiegesfeier mit Bootstaufe\u201c ins Bootshaus am Alten Hafen geladen, um die <a class=\"mh-excerpt-more\" href=\"https:\/\/speyer24news.com\/?p=22317\" title=\"Sport\">[&#8230;]<\/a><\/p>\n<\/div>","protected":false},"author":3,"featured_media":0,"comment_status":"open","ping_status":"open","sticky":false,"template":"","format":"standard","meta":{"_monsterinsights_skip_tracking":false,"_monsterinsights_sitenote_active":false,"_monsterinsights_sitenote_note":"","_monsterinsights_sitenote_category":0,"footnotes":""},"categories":[339],"tags":[249,3533,4588,347,341,193,659,4455,340,247],"aioseo_notices":[],"amp_enabled":true,"_links":{"self":[{"href":"https:\/\/speyer24news.com\/index.php?rest_route=\/wp\/v2\/posts\/22317"}],"collection":[{"href":"https:\/\/speyer24news.com\/index.php?rest_route=\/wp\/v2\/posts"}],"about":[{"href":"https:\/\/speyer24news.com\/index.php?rest_route=\/wp\/v2\/types\/post"}],"author":[{"embeddable":true,"href":"https:\/\/speyer24news.com\/index.php?rest_route=\/wp\/v2\/users\/3"}],"replies":[{"embeddable":true,"href":"https:\/\/speyer24news.com\/index.php?rest_route=%2Fwp%2Fv2%2Fcomments&post=22317"}],"version-history":[{"count":2,"href":"https:\/\/speyer24news.com\/index.php?rest_route=\/wp\/v2\/posts\/22317\/revisions"}],"predecessor-version":[{"id":22327,"href":"https:\/\/speyer24news.com\/index.php?rest_route=\/wp\/v2\/posts\/22317\/revisions\/22327"}],"wp:attachment":[{"href":"https:\/\/speyer24news.com\/index.php?rest_route=%2Fwp%2Fv2%2Fmedia&parent=22317"}],"wp:term":[{"taxonomy":"category","embeddable":true,"href":"https:\/\/speyer24news.com\/index.php?rest_route=%2Fwp%2Fv2%2Fcategories&post=22317"},{"taxonomy":"post_tag","embeddable":true,"href":"https:\/\/speyer24news.com\/index.php?rest_route=%2Fwp%2Fv2%2Ftags&post=22317"}],"curies":[{"name":"wp","href":"https:\/\/api.w.org\/{rel}","templated":true}]}}