{"id":22328,"date":"2019-11-26T13:45:58","date_gmt":"2019-11-26T12:45:58","guid":{"rendered":"https:\/\/speyer24news.com\/?p=22328"},"modified":"2019-11-26T13:46:00","modified_gmt":"2019-11-26T12:46:00","slug":"kirche-37","status":"publish","type":"post","link":"https:\/\/speyer24news.com\/?p=22328","title":{"rendered":"Kirche"},"content":{"rendered":"<style type=\"text\/css\">\r\n\t.ads_top_disp{}\r\n\t.ads_top_corner_disp{ float:left; margin:0px 10px 10px 0px; }\r\n\t.ads_first_p_disp{}\r\n\t.ads_bottom_disp{}\r\n\t<\/style>\n<h2 class=\"wp-block-heading\"><strong>Dom im Dunklen<\/strong><\/h2>\n\n\n\n<h3 class=\"wp-block-heading\"><strong>Die Stromversorgung der Kathedrale wird am 2. Dezember w\u00e4hrend Wartungsarbeiten f\u00fcr f\u00fcnf Stunden unterbrochen<\/strong><\/h3>\n\n\n\n<div class=\"wp-block-image\"><figure class=\"aligncenter\"><img decoding=\"async\" loading=\"lazy\" width=\"800\" height=\"600\" src=\"https:\/\/speyer24news.com\/wp-content\/uploads\/2019\/11\/IMG_20190920_202028.jpg\" alt=\"\" class=\"wp-image-22356\" srcset=\"https:\/\/speyer24news.com\/wp-content\/uploads\/2019\/11\/IMG_20190920_202028.jpg 800w, https:\/\/speyer24news.com\/wp-content\/uploads\/2019\/11\/IMG_20190920_202028-300x225.jpg 300w, https:\/\/speyer24news.com\/wp-content\/uploads\/2019\/11\/IMG_20190920_202028-768x576.jpg 768w, https:\/\/speyer24news.com\/wp-content\/uploads\/2019\/11\/IMG_20190920_202028-678x509.jpg 678w, https:\/\/speyer24news.com\/wp-content\/uploads\/2019\/11\/IMG_20190920_202028-326x245.jpg 326w, https:\/\/speyer24news.com\/wp-content\/uploads\/2019\/11\/IMG_20190920_202028-80x60.jpg 80w\" sizes=\"(max-width: 800px) 100vw, 800px\" \/><\/figure><\/div>\n\n\n\n<p><strong>Speyer &#8211; <\/strong>Am Montag, den 2. Dezember, gehen im Speyerer Dom f\u00fcr f\u00fcnf Stunden die  Lichter aus. Wartungsarbeiten am zentralen Transformator erfordern eine  Abschaltung des gesamten Stroms zwischen 9 und ca. 14 Uhr. Der Dom ist  in dieser Zeit ge\u00f6ffnet, die Krypta und die Kapellen bleiben auf Grund  der nicht vorhandenen Beleuchtung aus Sicherheitsgr\u00fcnden geschlossen.  Neben dem Licht wird auch die Audiotechnik in dieser Zeit nicht  funktionieren. Die Sicherheitstechnik l\u00e4uft \u00fcber Notstromaggregate.<\/p>\n\n\n\n<p><em>Bistum Speyer<br>26.11.2019<\/em><\/p>\n\n\n\n<h2 class=\"wp-block-heading\"><strong>Gospelchor aus den USA zu Gast im erlebt\nForum Landau<\/strong><\/h2>\n\n\n\n<h3 class=\"wp-block-heading\"><strong>Am 2. Dezember um 19:30 Uhr ist der Oxygen Choir zu Gast im erlebt Forum Landau. Der Gospelchor aus North Carolina l\u00e4dt zu einem besinnlichen Adventsabend unter dem Titel &#8222;Promise, Power, Presence&#8220; ein.<\/strong><\/h3>\n\n\n\n<div class=\"wp-block-image\"><figure class=\"aligncenter\"><img decoding=\"async\" loading=\"lazy\" width=\"800\" height=\"536\" src=\"https:\/\/speyer24news.com\/wp-content\/uploads\/2019\/11\/Germany-Choir-2019.jpeg\" alt=\"\" class=\"wp-image-22355\" srcset=\"https:\/\/speyer24news.com\/wp-content\/uploads\/2019\/11\/Germany-Choir-2019.jpeg 800w, https:\/\/speyer24news.com\/wp-content\/uploads\/2019\/11\/Germany-Choir-2019-300x201.jpeg 300w, https:\/\/speyer24news.com\/wp-content\/uploads\/2019\/11\/Germany-Choir-2019-768x515.jpeg 768w\" sizes=\"(max-width: 800px) 100vw, 800px\" \/><\/figure><\/div>\n\n\n\n<p><strong>Landau &#8211; <\/strong>Mitten im Trubel der Vorweihnachtszeit l\u00e4dt der Oxygen Choir zu einer kleinen Aus-Zeit im Advent ein. Der Gospel-Chor der \u201eLife Fellowship Church\u201c besteht aus 30 S\u00e4ngern unterschiedlicher Generationen und ist in verschiedenen Kirchen in Rheinland-Pfalz zu Gast. Unter dem Titel \u201ePromise, Power, Presence\u201c pr\u00e4sentiert er ein ca. 90-min\u00fctiges Programm mit weihnachtlichen Liedern und Hymnen, wie z.B. \u201eJoy, Joy\u201c, \u201eO Holy Night\u201c, \u201eWe Need A Little Christmas\u201c u.v.m.<\/p>\n\n\n\n<p>Das Konzert findet im erlebt Forum, in der Marie-Curie-Stra\u00dfe 3, in Landau statt. Der Eintritt ist frei. Um die Kosten des Chores auf seiner Reise zu decken, gibt es die M\u00f6glichkeit f\u00fcr eine Spende.<\/p>\n\n\n\n<p><em>erlebt Forum Landau<br>26.11.2019<\/em><\/p>\n\n\n\n<h2 class=\"wp-block-heading\"><strong>\u201eAnne und die Weihnachtslieder\u201c<\/strong><\/h2>\n\n\n\n<h3 class=\"wp-block-heading\"><strong>Religionsp\u00e4dagogisches Projekt will traditionelles Liedgut wieder st\u00e4rker ins Bewusstsein r\u00fccken<\/strong><\/h3>\n\n\n\n<div class=\"wp-block-image\"><figure class=\"aligncenter\"><img decoding=\"async\" loading=\"lazy\" width=\"500\" height=\"496\" src=\"https:\/\/speyer24news.com\/wp-content\/uploads\/2019\/11\/41-Anne-und-der-Weihnachtsstern_Stern.jpg\" alt=\"\" class=\"wp-image-22354\" srcset=\"https:\/\/speyer24news.com\/wp-content\/uploads\/2019\/11\/41-Anne-und-der-Weihnachtsstern_Stern.jpg 500w, https:\/\/speyer24news.com\/wp-content\/uploads\/2019\/11\/41-Anne-und-der-Weihnachtsstern_Stern-150x150.jpg 150w, https:\/\/speyer24news.com\/wp-content\/uploads\/2019\/11\/41-Anne-und-der-Weihnachtsstern_Stern-300x298.jpg 300w\" sizes=\"(max-width: 500px) 100vw, 500px\" \/><figcaption>dav<\/figcaption><\/figure><\/div>\n\n\n\n<p><strong>Speyer &#8211; <\/strong>\u201eEs kommt ein Schiff geladen\u201c, \u201eStern \u00fcber Betlehem\u201c oder \u201eMaria durch  den Dornwald ging\u201c \u2013 es gibt viele traditionelle Advents- und  Weihnachtslieder mit Charme, die jedoch vor allem bei j\u00fcngeren Menschen  nicht mehr pr\u00e4sent sind. Herbert Adam, Referent f\u00fcr die Seelsorge in  Kindertagesst\u00e4tten in der Di\u00f6zese Speyer, will das \u00e4ndern.<\/p>\n\n\n\n<p>Deshalb hat er zur Advents- und Weihnachtszeit ein religionsp\u00e4dagogisches  Projekt mit dem Namen \u201eAnne und die Weihnachtslieder\u201c entwickelt. Damit  m\u00f6chte er \u201eden Weihnachtsliedern, die auch im Gottesdienst gesungen  werden, wieder eine Chance geben und sie f\u00fcr junge Familien und  Kindertagesst\u00e4tten aufschlie\u00dfen\u201c. Im Zentrum steht dabei eine  Rahmengeschichte, die der 61-J\u00e4hrige eigens entwickelt hat. Sie handelt  von dem M\u00e4dchen Anne, die kein Weihnachtsfest feiern m\u00f6chte, weil sie  auf dem Weihnachtsmarkt so viele Leckereien gegessen hatte, dass ihr  hundeelend wurde. Doch pl\u00f6tzlich begegnen Anne jede Woche eigenartige  Botschaften, die bis auf die letzte nur bruchst\u00fcckhaft lesbar sind und  sie zu alten Weihnachtsliedern f\u00fchren. Woher die kleinen Hinweise  stammen, bleibt offen. Nach und nach entdeckt das M\u00e4dchen mit ihrer  Familie die Bedeutung der Lieder und was sie mit Weihnachten zu tun  haben.<\/p>\n\n\n\n<h4 class=\"wp-block-heading\"><strong>Geschichte in vier Teilen \u2013 Lieder in unterschiedlichen Arrangements<\/strong><\/h4>\n\n\n\n<p>Die  Geschichte \u201eAnne und die Weihnachtslieder\u201c besteht aus vier Teilen \u2013  f\u00fcr jeden Adventssonntag eine. Sie stehen auf der Webseite des Referates  Seelsorge in Kindertagesst\u00e4tten unter <a rel=\"noreferrer noopener\" href=\"https:\/\/deref-web-02.de\/mail\/client\/i5CkAGzkwok\/dereferrer\/?redirectUrl=http%3A%2F%2Fwww.aktionsseite-kita.de\" target=\"_blank\">www.aktionsseite-kita.de<\/a>  und k\u00f6nnen jederzeit heruntergeladen werden. Begleitend zu der  Rahmenerz\u00e4hlung gibt es weitere Materialien, die ebenfalls auf der  Webseite zu finden sind. Da w\u00e4ren zun\u00e4chst einmal die Lieder, die im  Zentrum der Geschichten stehen. Das Besondere: Nicht nur die Liedtexte  in teilweise unterschiedlichen Textversionen und die dazugeh\u00f6rigen Noten  sind auf der Seite zu finden; die Lieder gibt es auch in f\u00fcnf  verschiedenen Arrangements von traditionell bis Pop als mp3-Datei zum  downloaden, anh\u00f6ren und mitsingen. Darunter befinden sich drei  instrumentale Versionen \u2013 gespielt mit Saxofon, mit der Domorgel und mit  der Harfe. Die Nachwuchsch\u00f6re von M\u00e4dchenchor am Dom zu Speyer und den  Speyerer Domsingknaben bringen die Lieder stimmlich zu Geh\u00f6r, w\u00e4hrend  die gesangliche Pop-Version, arrangiert und produziert von zwei jungen  Absolventen der Pop-Akademie Mannheim, besonders verdeutlicht, wie  traditionelle Kirchenlieder in die neue Zeit transportiert werden  k\u00f6nnen. \u201eMir ist es wichtig, zu zeigen, wie unterschiedlich ein Lied  klingen kann und gleichzeitig dazu anzuregen, sich \u00fcber das H\u00f6ren  intensiver mit dem St\u00fcck auseinanderzusetzen\u201c, bekr\u00e4ftigt Herbert Adam.<\/p>\n\n\n\n<h4 class=\"wp-block-heading\"><strong>Passende Bilder zu jeder Geschichte<\/strong><\/h4>\n\n\n\n<p>Sozusagen  ein Muss sind auch die passenden Bilder zu jeder Geschichte, gemalt von  der Religionsp\u00e4dagogin und Malerin Gaby Stegmann aus dem Bistum Mainz.  Um mit den Kindern \u00fcber die Lieder ins Gespr\u00e4ch zu kommen, hat sich  Herbert Adam Impulse \u00fcberlegt, etwa Fragen zu den Liedern wie \u201eWie kann  ein Stern den Weg zeigen? oder \u201eWann kann man die Sterne am besten  beobachten?\u201c. Daneben gibt es Vorschl\u00e4ge f\u00fcr die Gestaltung von  Gottesdiensten sowie Bastelideen inklusive Bastelb\u00f6gen, zu den vier  Liedsymbolen Schiff, Stern, Rose und Engel, auf denen die Liedtexte  gedruckt sind und abgelesen werden k\u00f6nnen.<\/p>\n\n\n\n<p>Und selbst auf  spielerische Weise ist es m\u00f6glich, sich mit den Weihnachtsliedern zu  besch\u00e4ftigen. Entsprechende Anregungen stehen ebenfalls auf der  Aktionsseite. \u201eS\u00e4mtliche Materialien k\u00f6nnen je nach Bedarf genutzt  werden. Dabei ist es auch m\u00f6glich, mit den Liedern ohne die  Rahmengeschichte zu arbeiten\u201c, betont Herbert Adam.<\/p>\n\n\n\n<h4 class=\"wp-block-heading\"><strong>Geschichten und Impulse aufs Handy<\/strong><\/h4>\n\n\n\n<p>Erwachsene,  die ihr Kind dabei begleiten m\u00f6chten, wenn es Anne und die  Weihnachtslieder entdeckt,\u00a0k\u00f6nnen Annes Geschichten und die \u201ealten  Lieder\u201c auch \u00fcber das Smartphone erhalten. In Kooperation mit der  Netzgemeinde Da_zwischen wird zwei bis dreimal pro Woche eine Nachricht  per Threema, Telegram oder Facebook-Messenger an alle, die mitmachen  wollen, verschickt. Die Anmeldung erfolgt ebenfalls \u00fcber die Webseite <a rel=\"noreferrer noopener\" href=\"https:\/\/deref-web-02.de\/mail\/client\/i5CkAGzkwok\/dereferrer\/?redirectUrl=http%3A%2F%2Fwww.aktionsseite-kita.de\" target=\"_blank\">www.aktionsseite-kita.de<\/a> oder \u00fcber die Webseite der Netzgemeinde: <a rel=\"noreferrer noopener\" href=\"https:\/\/deref-web-02.de\/mail\/client\/wbHnAKwzL9Q\/dereferrer\/?redirectUrl=https%3A%2F%2Fnetzgemeinde-dazwischen.de%2Fanne-und-die-weihnachtslieder%2F\" target=\"_blank\">https:\/\/netzgemeinde-dazwischen.de\/anne-und-die-weihnachtslieder\/<\/a><\/p>\n\n\n\n<p><em>Text: Petra Derst \/Bild: Gaby Stegmann, Religionsp\u00e4dagogin und Malerin <br>26.11.2019<\/em><\/p>\n\n\n\n<h2 class=\"wp-block-heading\"><strong>Musikalischer Advent im Priesterseminar<\/strong><\/h2>\n\n\n\n<h3 class=\"wp-block-heading\">B<strong>esonders gestaltete Gottesdienste an den Adventssonntagen in der Seminarkirche<\/strong><\/h3>\n\n\n\n<div class=\"wp-block-image\"><figure class=\"aligncenter\"><img decoding=\"async\" loading=\"lazy\" width=\"800\" height=\"544\" src=\"https:\/\/speyer24news.com\/wp-content\/uploads\/2019\/11\/DSC02224.jpg\" alt=\"\" class=\"wp-image-22353\" srcset=\"https:\/\/speyer24news.com\/wp-content\/uploads\/2019\/11\/DSC02224.jpg 800w, https:\/\/speyer24news.com\/wp-content\/uploads\/2019\/11\/DSC02224-300x204.jpg 300w, https:\/\/speyer24news.com\/wp-content\/uploads\/2019\/11\/DSC02224-768x522.jpg 768w\" sizes=\"(max-width: 800px) 100vw, 800px\" \/><\/figure><\/div>\n\n\n\n<p><strong>Speyer &#8211; <\/strong>Der Advent ist eine ganz besondere Zeit. Viele Menschen suchen in den  Wochen vor Weihnachten nach Momenten der Stille und der inneren Einkehr.  Sich auf Weihnachten vorbereiten hei\u00dft eben nicht nur, Geschenke zu  kaufen und ein Fest zu organisieren. Deshalb l\u00e4dt das Priesterseminar  St. German im S\u00fcden der Stadt Speyer seit einigen Jahren an den  Adventssonntagen zu besonders gestalteten Sonntagsgottesdiensten ein. <\/p>\n\n\n\n<p>In  der vor wenigen Jahren k\u00fcnstlerisch neu gestalteten Seminarkirche  erklingen zum Gottesdienst adventliche Weisen und Melodien von ganz  unterschiedlichen Vokal- und Instrumentalensembles. Vertraute  Adventslieder wie &#8218;Macht hoch die T\u00fcr&#8216;, begleitet von der historischen  englischen Vowels-Orgel, f\u00fchren zur Adventsbotschaft hin. Die  Zelebranten der Messfeiern, Regens Markus Magin und Spiritual Martin  Seither, geben den Gottesdienstbesuchern adventliche Gedanken und  Impulse mit auf den Weg durch die Adventszeit hin zum Weihnachtsfest.  Nat\u00fcrlich steht im Mittelpunkt der Adventskranz der Kirche, an dem an  jedem Sonntag eine weitere Kerze entz\u00fcndet wird.<\/p>\n\n\n\n<h4 class=\"wp-block-heading\"><strong>In diesem Jahr gestalten folgende Musikgruppen den Musikalischen Advent im Priesterseminar:<\/strong><\/h4>\n\n\n\n<ol><li><strong>Advent, 01.12.2019:<\/strong> Stubenmusikgruppe \u201aDie klingenden Kurpf\u00e4lzer\u2018 , Leitung: Ansgar Schreiner<\/li><li><strong>Advent, 08.12.2019:<\/strong> Bl\u00e4sergruppe \u201aWaldblech\u2018 aus Gossersweiler<\/li><li><strong>Advent, 15.12.2019<\/strong>: VIVIDA VOX, Chor f\u00fcr Geistliche Musik S\u00fcdpfalz, Leitung: Heinz Kern<\/li><li><strong>Advent, 22.12.2019<\/strong>: Ensemble Flauto Dolce, Germersheim<\/li><\/ol>\n\n\n\n<p>Die Messfeier beginnt an jedem Sonntag um 9.30 Uhr in der Seminarkirche St. German, Am Germansberg 60, 67346 Speyer.<\/p>\n\n\n\n<p><em>Text: Bistum Speyer Foto: Speyer 24\/7 News, dak<br>26.11.2019<\/em><\/p>\n\n\n\n<h2 class=\"wp-block-heading\">Sparen und investieren<\/h2>\n\n\n\n<h3 class=\"wp-block-heading\">Landessynode: Konsolidierungskommission erstattet Zwischenbericht<\/h3>\n\n\n\n<p><strong>Speyer <\/strong><em>(lk) &#8211; <\/em>Die Evangelische Kirche der Pfalz kann nach den  Vorstellungen einer Konsolidierungskommission bis 2025 rund 8,5  Millionen Euro einsparen. In der Folge sehe man weitere Sparpotentiale  von vier bis f\u00fcnf Millionen Euro, erkl\u00e4rte der Vorsitzende der  Konsolidierungskommission, Helmuth Morgenthaler, in einem  Zwischenbericht vor der in Speyer tagenden Landessynode. Die Summen  seien keine Einmalbetr\u00e4ge, sondern Betr\u00e4ge, die in jedem Folgejahr  anfallen.<\/p>\n\n\n\n<p>In den kommenden f\u00fcnf Jahren erwarte man einen Beitrag zur  Konsolidierung des landeskirchlichen Haushalts durch die Neufinanzierung  bei den Kindertagesst\u00e4tten, durch weiteren Personalabbau sowie bei der  Gemeindefinanzierung, erl\u00e4uterte Helmuth Morgenthaler. Er verwies  zugleich darauf, dass die Kommission zum Abschluss ihrer Arbeit im  Februar 2020 auch eine &#8222;begr\u00fcndete Vorschlagsliste&#8220; mit Arbeitsfeldern  vorlegen werde, in die k\u00fcnftig investiert werden solle. Als  &#8222;innovativen, spannenden und herausfordernden Gedanken&#8220; betrachtete  Morgenthaler die Bildung &#8222;einer \u00f6kumenischen Gemeinschaft mit dem Bistum  Speyer&#8220;. Es gelte zu pr\u00fcfen, welche Formen der organisatorischen  Zusammenarbeit m\u00f6glich seien.<\/p>\n\n\n\n<p>Der Kommissionsvorsitzende wies in seinem Zwischenbericht darauf hin,  dass in den Beratungen auch einige Themenfelder beiseitegelegt worden  seien. Dazu z\u00e4hlte eine m\u00f6gliche \u00c4nderung der Pfarrbesoldung. Durch den  kontinuierlichen Stellenabbau sowohl in der Vergangenheit als auch in  den n\u00e4chsten zehn Jahren leiste die Pfarrerschaft bereits einen  erheblichen Beitrag zur Konsolidierung. Eine \u00c4nderung der  Besoldungsstruktur oder die Abschaffung des Beamtenstatus verbiete sich,  sagte Morgenthaler. Zudem sei der landeskirchliche Zuschuss an das  Diakonische Werk durch die Anbindung an die Entwicklung der  Kirchensteuer bereits von der Synode geregelt worden. Ebenso wenig  sollen Kindertagesst\u00e4tten aufgegeben werden, jedoch m\u00fcsse sich der  landeskirchliche Zuschuss um f\u00fcnf Millionen Euro verringern. Dies k\u00f6nne  durch Verhandlungen mit den Kommunen auf Basis des neuen KiTa-Gesetz des  Landes Rheinland-Pfalz erreicht werden.<\/p>\n\n\n\n<p>Die Landessynode hatte 2018 die Kirchenregierung beauftragt, eine  Kommission zu bilden, die sich mit der mittel- und langfristigen  Konsolidierung des landeskirchlichen Haushalts befassen soll. Diese  wurde damit beauftragt, ohne Denkverbote Ma\u00dfnahmen und Konzepte zu  entwickeln, mit denen das strukturelle Defizit des landeskirchlichen  Haushalts beseitigt und die Erf\u00fcllung des kirchlichen Auftrags  langfristig gesichert werden kann. Das Ergebnis der Kommissionsarbeit  soll Ende 2019 vorliegen, damit erste Ma\u00dfnahmen in die mittelfristige  Finanzplanung im Fr\u00fchjahr 2020 einflie\u00dfen k\u00f6nnen.<\/p>\n\n\n\n<p><em>26.11.2019<\/em><\/p>\n\n\n\n<h2 class=\"wp-block-heading\">Vor Missbrauch sch\u00fctzen und \u00dcbergriffen vorbeugen<\/h2>\n\n\n\n<h3 class=\"wp-block-heading\">Die Landessynode hat ein Gesetz zum Schutz vor sexualisierter Gewalt auf den Weg gebracht.<\/h3>\n\n\n\n<p><strong>Speyer <\/strong><em>(lk) &#8211; <\/em>Mehr Pr\u00e4vention und bessere Kontrolle: Die Synode der  Evangelischen Kirche der Pfalz hat am Samstag bei einer Gegenstimme  einen Gesetzentwurf zum Schutz vor sexualisierter Gewalt verabschiedet.  Mit den Vorgaben, die am 1. Januar 2020 in Kraft treten sollen, will die  Landeskirche Kinder und Jugendliche sowie alle anderen Schutzbefohlenen  vor Missbrauch sch\u00fctzen und \u00dcbergriffen vorbeugen, erkl\u00e4rte  Oberkirchenr\u00e4tin Marianne Wagner vor der in Speyer tagenden Synode. &#8222;Wir  machen damit deutlich, dass wir Null-Toleranz gegen\u00fcber sexualisierter  Gewalt ernst meinen, und dass der Schutz uns anvertrauter Menschen  h\u00f6chste Priorit\u00e4t genie\u00dft. Mit dieser Haltung wirken wir in die  Gesellschaft hinein und \u00fcbernehmen Vorbildfunktion.&#8220;<\/p>\n\n\n\n<p>Die Kirche stehe aufgrund ihres biblischen Auftrags und ethischen  Anspruchs, Schwache zu sch\u00fctzen, besonders in der Verantwortung, aber  auch besonders im Fokus der \u00d6ffentlichkeit, sagte Wagner. &#8222;Wie wir mit  dem Problem umgehen, z\u00f6gerlich oder entschieden, in welchem Ma\u00dfe wir  bereit sind, hinzuschauen und Strukturen zu identifizieren, die  sexualisierte Gewalt in der Kirche erm\u00f6glicht und nicht verhindert  haben, das wird in der \u00d6ffentlichkeit besonders registriert und davon  h\u00e4ngt auch die Glaubw\u00fcrdigkeit unserer Kirche ab.&#8220;<\/p>\n\n\n\n<p>Was f\u00fcr alle Haupt- und Ehrenamtlichen mit Bezug zu Kindern und  Jugendlichen bereits zum Standard geh\u00f6rt, soll laut Gesetzentwurf nun  auch f\u00fcr haupt- und ehrenamtliche Mitarbeiter in kirchlichen \u00c4mtern &#8211;  auch f\u00fcr Presbyter &#8211; gelten: Sie m\u00fcssen vor der T\u00e4tigkeitsaufnahme und  in regelm\u00e4\u00dfigen Abst\u00e4nden von f\u00fcnf bzw. sechs Jahren ein erweitertes  polizeiliches F\u00fchrungszeugnis vorlegen. Nach Wagners Worten soll damit  &#8222;nach menschlichem Ermessen ausgeschlossen werden, dass Menschen ein  Presbyteramt \u00fcbernehmen, die eine Vorstrafe im Bereich sexuelle Gewalt  haben&#8220;. F\u00fchrungszeugnisse f\u00fcr kirchliche Wahl\u00e4mter m\u00fcssen erst in der  n\u00e4chsten Legislaturperiode vorliegen.<\/p>\n\n\n\n<p>Das erweiterte F\u00fchrungszeugnis f\u00fcr Haupt- und Ehrenamtliche sei das  einzige objektive und wirksame Mittel, das f\u00fcr die Kontrolle zur  Verf\u00fcgung stehe, unterstrich auch Leitende Rechtsdirektorin Bettina  Wilhelm, die den Gesetzentwurf einbrachte. Es stelle keinen  Generalverdacht dar, sondern diene dem Schutz der Menschen, die der  Kirche anvertraut sind. Die Besch\u00e4ftigung mit F\u00e4llen, die EKD-weit  bekannt seien &#8211; das seien mittlerweile 770 &#8211; h\u00e4tten gezeigt, dass T\u00e4ter  sich bewusst die Kirche f\u00fcr ein Haupt- oder Ehrenamt ausgesucht h\u00e4tten,  um mit Kindern und Jugendlichen in Kontakt zu kommen. &#8222;T\u00e4ter haben die  Tatsache ausgenutzt, dass viele Menschen in unserer Gesellschaft der  Kirche besonderes Vertrauen schenken&#8220;, sagte Wilhelm.<\/p>\n\n\n\n<p>Paragraf zwei liefert eine Definition f\u00fcr den Begriff der Sexualisierten  Gewalt und ist nach Wilhelms Worten das &#8222;Herzst\u00fcck&#8220; des Gesetzes. &#8222;Er  schafft Klarheit und Rechtssicherheit.&#8220; Sexualisierte Gewalt ist danach  eine Verhaltensweise, &#8222;die ein unerw\u00fcnschtes sexuell bestimmtes  Verhalten bezweckt oder bewirkt, welches die W\u00fcrde der betroffenen  Person verletzt&#8220;. Zu den in dem Gesetzentwurf verankerten  Pr\u00e4ventionsma\u00dfnahmen geh\u00f6ren zudem Fortbildungsverpflichtungen aller  Mitarbeiter beispielsweise zum N\u00e4he-Distanzverhalten, eine Meldepflicht  in begr\u00fcndeten Verdachtsf\u00e4llen sowie Notfall- und Handlungspl\u00e4ne.  Dar\u00fcber hinaus arbeitet eine bereits bestehende unabh\u00e4ngige Kommission  m\u00f6gliche Missbrauchsf\u00e4lle in der Landeskirche auf und bietet Betroffenen  Unterst\u00fctzung und Gespr\u00e4che an.<\/p>\n\n\n\n<p><strong>Hintergrund: <\/strong>Dem Entwurf ging ein entsprechender Antrag der Synode von  2018 voraus. Das zw\u00f6lf Paragrafen umfassende Gesetz basiert auf  entsprechenden Richtlinien der Evangelischen Kirche in Deutschland.  W\u00f6rtlich hei\u00dft es in der Pr\u00e4ambel: &#8222;Aus dem christlichen Menschenbild  erwachsen die Verantwortung und der Auftrag, Menschen im Wirkungskreis  der Kirche, insbesondere Kinder, Jugendliche und hilfe- und  unterst\u00fctzungsbed\u00fcrftige Menschen sowie Menschen in  Abh\u00e4ngigkeitsverh\u00e4ltnissen (&#8230;) vor sexualisierter Gewalt zu sch\u00fctzen  und ihre W\u00fcrde zu bewahren. Dies beinhaltet auch den Schutz der  sexuellen Selbstbestimmung. Die Evangelische Kirche der Pfalz  (Protestantische Landeskirche) und ihre Diakonie setzen sich gemeinsam  mit der Evangelischen Kirche in Deutschland (EKD), den anderen  Gliedkirchen und der Diakonie Deutschland sowie den anderen  gliedkirchlichen diakonischen Werken und ihren Einrichtungen f\u00fcr einen  wirksamen Schutz vor sexualisierter Gewalt ein und wirken auf Aufkl\u00e4rung  und Hilfe zur Unterst\u00fctzung Betroffener hin. Gerade vor dem Hintergrund  der sexualisierten Gewalt auch im Bereich der evangelischen Kirche in  den zur\u00fcckliegenden Jahren verpflichtet der kirchliche Auftrag alle in  der Kirche Mitwirkenden zu einer Haltung der Achtsamkeit, der  Aufmerksamkeit, des Respekts und der Wertsch\u00e4tzung sowie der  grenzachtenden Kommunikation durch Wahrung pers\u00f6nlicher Grenzen  gegen\u00fcber jedem Menschen.&#8220;<\/p>\n\n\n\n<p>Mehr zum Thema: <a rel=\"noreferrer noopener\" href=\"https:\/\/deref-web-02.de\/mail\/client\/X2RgN0KH_4w\/dereferrer\/?redirectUrl=http%3A%2F%2Fwww.evkirchepfalz.de\" target=\"_blank\">www.evkirchepfalz.de<\/a>, Stichwort Begleitung und Hilfe, Missbrauch melden; <a rel=\"noreferrer noopener\" href=\"https:\/\/deref-web-02.de\/mail\/client\/71_sx80ux9s\/dereferrer\/?redirectUrl=http%3A%2F%2Fwww.ekd.de%2Fmissbrauch\" target=\"_blank\">www.ekd.de\/missbrauch<\/a><\/p>\n\n\n\n<p><em>26.11.2019<\/em><\/p>\n\n\n\n<h2 class=\"wp-block-heading\">Aus der Perspektive der Opfer betrachten<\/h2>\n\n\n\n<h3 class=\"wp-block-heading\">Synode soll \u00fcber das Gesetz f\u00fcr Opferschutz vor sexualisierter Gewalt  entscheiden. Kl\u00e4rung von Detailfragen und Kommunikation notwendig.<\/h3>\n\n\n\n<p><strong>Speyer <\/strong><em>(lk) &#8211;<\/em> Die Synode der Evangelischen Kirche der Pfalz wird sich am  Samstag mit dem Gesetzesentwurf zum Schutz vor sexualisierter Gewalt  besch\u00e4ftigen. Kirchenpr\u00e4sident Christian Schad erinnerte in der  Pressekonferenz am Freitag daran, dass sich die Landeskirche bereits vor  einem Jahr f\u00fcr eine Null-Toleranz-Politik ausgesprochen habe.<\/p>\n\n\n\n<p>&#8222;Das Gesetz ist ein griffiges Instrument, um Menschen, die potenziell  Opfer sexualisierter Gewalt werden k\u00f6nnten, zu sch\u00fctzen&#8220;, sagte der  Kirchenpr\u00e4sident. Er pl\u00e4dierte f\u00fcr eine offensive Kommunikation und den  Austausch auf allen Ebenen &#8211; von der Landes- bis zu den Bezirkssynoden &#8211;  im kommenden Fr\u00fchjahr. &#8222;Wir m\u00fcssen die Perspektive der Opfer sehen und  alles tun, um vorzubeugen&#8220;, sagte der Kirchenpr\u00e4sident. Oberkirchenr\u00e4tin  Marianne Wagner wies darauf hin, dass der vorliegende Gesetzentwurf  zahlreiche Pr\u00e4ventionsma\u00dfnahmen und Hilfen f\u00fcr Opfer enthalte. Das  erweiterte F\u00fchrungszeugnis sei nur ein Baustein.<\/p>\n\n\n\n<p>Das F\u00fchrungszeugnis ist f\u00fcr Wagner ein &#8222;Standardinstrument in der  heutigen Zeit f\u00fcr aktiven und konsequenten Opferschutz&#8220;. F\u00fcr j\u00fcngere  Menschen oder die, die in der Jugendarbeit t\u00e4tig sind, sei es seit  Jahren Normalit\u00e4t, sagte Wagner. Sie sprach sich f\u00fcr offensive  Kommunikation mit denen aus, f\u00fcr die das F\u00fchrungszeugnis noch ungewohnt  sei. &#8222;Wir sollten als Kirche in der Gesellschaft vorangehen und Vorbild  sein&#8220;, sagte Wagner. Sie verwies zudem auf eine gro\u00dfe F\u00fclle von  Ma\u00dfnahmen, die das Gesetz au\u00dferdem enthalte. Das Gesetz folgt im  Wesentlichen den Inhalten, die die Evangelische Kirche in Deutschland  (EKD) in ihrer Richtlinie zum Schutz vor sexualisierter Gewalt im  Oktober vorgelegt hatte.<\/p>\n\n\n\n<p>&#8222;Eine Entscheidung der Synode ist m\u00f6glich, aber ungewiss&#8220;, sagte  Synodalpr\u00e4sident Hermann Lorenz. Noch werden die Rechtsaussch\u00fcsse vor  einem Beschluss der Synode juristische Detailfragen kl\u00e4ren, unter  anderem dazu, wann und wem Presbyter das erweiterte F\u00fchrungszeugnis  vorlegen m\u00fcssten. Zuvor hatte sich der Synodalpr\u00e4sident als Vertretung  einiger Presbyter kritisch ge\u00e4u\u00dfert und angemahnt, zu pr\u00fcfen, ob das  erweiterte Zeugnis die geeignete Ma\u00dfnahme sei.<\/p>\n\n\n\n<p>Im Hinblick auf den Schwerpunkt Bildung sprach sich die  Bildungsdezernentin und Oberkirchenr\u00e4tin Dorothee W\u00fcst f\u00fcr mehr  Kommunikation \u00fcber Bildung aus. &#8222;Wir haben die Aufgabe, intern einen  Diskurs zu f\u00fchren und unsere Position in die Gesellschaft  hineinzutragen&#8220;, sagte W\u00fcst. Das gro\u00dfe Ziel sei ein ganzheitliches  Bildungskonzept, das die Landeskirche in den kommenden Jahren erstellen  soll.<\/p>\n\n\n\n<p><em>26.11.2019<\/em><\/p>\n\n\n\n<h2 class=\"wp-block-heading\">Kirche und Bildung am &#8222;Puls der Zeit&#8220;<\/h2>\n\n\n\n<h3 class=\"wp-block-heading\">Reinhard Mawick fordert auf Synode zum kritischen Hinterfragen des Kirchenbildes auf<\/h3>\n\n\n\n<p><strong>Speyer <\/strong><em>(lk) &#8211; <\/em>In seinem Impulsreferat auf der Landessynode am Freitag  erkl\u00e4rte der Chefredakteur der evangelischen Zeitschrift &#8222;Zeitzeichen&#8220;,  Reinhard Mawick, es brauche &#8222;viel Fantasie und besonders eine innere  Haltung&#8220;, um elementare Bildungsarbeit zu leisten. Mawick wies auf  mehrere relevante Fragen hin, die sich einer Kirche mit dem Anspruch,  eine &#8222;Kirche f\u00fcr alle&#8220; zu sein, stellen.<\/p>\n\n\n\n<p>Die Ausbildung eines christlichen Urvertrauens in Kindheit und Jugend  sei der entscheidende Faktor \u00f6ffentlicher religi\u00f6ser und kirchlicher  Bildung. Wo Elternhaus und soziales Umfeld das nicht leisten k\u00f6nnten,  sei kirchliche Bildungsarbeit in Kinderg\u00e4rten, Schulen und Gemeinde  besonders wichtig. Allerdings sei die &#8222;\u00f6ffentliche Kirchenbildung&#8220;, kaum  vom &#8222;\u00f6ffentlichen Kirchenbild&#8220;, also dem Bild der Kirche in der  Wahrnehmung der \u00d6ffentlichkeit, zu trennen, so Mawick.<\/p>\n\n\n\n<p>Deshalb sei Glaubw\u00fcrdigkeit f\u00fcr die evangelische Kirche ein hohes Gut.  Denn an Kirche und deren Aktivisten &#8222;werden h\u00f6here Ma\u00dfst\u00e4be angelegt als  an andere Menschen&#8220;, sagte Mawick. Das hei\u00dft auch, dass gerade die  evangelische Kirche durch die in der Gesellschaft  erwartete \u00f6kumenische  Zusammenarbeit f\u00fcr viele Praktiken und Br\u00e4uche der r\u00f6misch katholischen  Kirche in &#8222;Mithaftung&#8220; genommen werde, so Mawick. Dies habe Einfluss  ebenso auf das Bild wie das Bildungshandeln der evangelischen Kirche in  der \u00f6ffentlichen Meinung.<\/p>\n\n\n\n<p>Obwohl sich die Kirche als Volkskirche mit ihren Bildungshandlungen am  Puls der Zeit bewege, so Mawick, polarisiere die &#8222;elastische  Ausrichtung&#8220;. Das sto\u00dfe bei vielen Menschen auf Widerspruch. Diese  erwarteten, dass sich die Kirche explizit gegen den Zeitgeist stellt.<\/p>\n\n\n\n<p>Gerade im stets aktuellen Thema im Umgang mit Rechtspopulismus stelle  sich die Frage, ob die evangelische Kirche als Institution ein  W\u00e4chteramt inne habe und somit politisch konkret reden und handeln  solle, oder ob Kirche als Volkskirche f\u00fcr alle da sein sollte und somit  auch f\u00fcr alle Meinungen, so Mawick.<\/p>\n\n\n\n<p><strong>Hintergrund:<\/strong> Der Landessynode der Evangelischen Kirche der Pfalz geh\u00f6ren  70 Synodale an &#8211; 45 weltliche und 25 geistliche. Synodalpr\u00e4sident ist  der Kaiserslauterer Jurist Hermann Lorenz. Dem Pr\u00e4sidium geh\u00f6ren  au\u00dferdem der Dekan des Kirchenbezirks An Alsenz und Lauter, Matthias  Schwarz, als erster Vizepr\u00e4sident und Ministerialrat Joachim Sch\u00e4fer aus  Carlsberg als zweiter Vizepr\u00e4sident sowie Rommi Keller-Hilgert und  Daniela Freyer als Beisitzerinnen an. Die Synode ist als kirchliche  Volksvertretung die Inhaberin der Kirchengewalt. Sie trifft wesentliche  Entscheidungen in den geistlichen, rechtlichen und finanziellen  Bereichen der Landeskirche.<\/p>\n\n\n\n<p>Mehr zum Thema: <a rel=\"noreferrer noopener\" href=\"https:\/\/deref-web-02.de\/mail\/client\/X2RgN0KH_4w\/dereferrer\/?redirectUrl=http%3A%2F%2Fwww.evkirchepfalz.de\" target=\"_blank\">www.evkirchepfalz.de<\/a>, <a rel=\"noreferrer noopener\" href=\"https:\/\/deref-web-02.de\/mail\/client\/q3wWvJ_Wdvw\/dereferrer\/?redirectUrl=http%3A%2F%2Fwww.twitter.com%2Fevkirchepfalz\" target=\"_blank\">www.twitter.com\/evkirchepfalz<\/a><\/p>\n\n\n\n<p><em>26.11.2019<\/em><\/p>\n\n\n\n<h2 class=\"wp-block-heading\">Schwerpunktthema Bildung: \u201eNicht K\u00fcr, sondern Pflicht\u201c<\/h2>\n\n\n\n<h3 class=\"wp-block-heading\">Nah an den Menschen und ihrer Realit\u00e4t: Auf der Herbstsynode hat  Oberkirchenr\u00e4tin Dorothee W\u00fcst Bildungshandeln als zentrale  Zukunftsaufgabe der Kirche hervorgehoben. Dazu brauche es ein  zeitgem\u00e4\u00dfes Konzept auf der Grundlage christlicher Werte.<\/h3>\n\n\n\n<p><strong>Speyer <\/strong><em>(lk) &#8211; <\/em>Bildung ist Wesensmerkmal von Kirche und darf nach den  Worten von Oberkirchenr\u00e4tin Dorothee W\u00fcst keine Randerscheinung  kirchlichen Handelns sein. \u201eBildungshandeln geh\u00f6rt ins Zentrum. Ohne  Bildung ist Kirche nicht denkbar.\u201c Das Schwerpunktthema der pf\u00e4lzischen  Landessynode sei f\u00fcr die Evangelische Kirche der Pfalz somit eine  zentrale Zukunftsaufgabe, sagte W\u00fcst in ihrer Er\u00f6ffnungsrede am Freitag.  \u201eWo wir unser Bildungsprofil sehen, wer unsere Adressaten sind, welche  Strukturen angemessen sind \u2013 all das sind Fragen, die heute und in  Zukunft unsere ganze Aufmerksamkeit verdienen. Wenn wir ernst nehmen,  was wir von unseren Wurzeln her sein sollen, ist Bildung nicht K\u00fcr,  sondern Pflicht.\u201c<\/p>\n\n\n\n<p>Bildung sei mehr als die Aneignung von Wissen, um bei G\u00fcnther Jauch \u201edie  Million zu gewinnen, seinen Goethe und alle Hauptst\u00e4dte der Erde  auswendig zu kennen\u201c, sagte die pf\u00e4lzische Bildungsdezernentin.  Christliches Bildungsverst\u00e4ndnis spanne den Horizont viel weiter: Es  gehe um den Menschen in seiner Entwicklung und Entfaltung als  ganzheitliche Pers\u00f6nlichkeit mit den Talenten und F\u00e4higkeiten, die ihm  Gott geschenkt hat. \u201eSowohl unsere biblischen Grundlagendokumente wie  auch unser reformatorisches Erbe setzen uns notwendig auf die  Bildungsspur.\u201c<\/p>\n\n\n\n<p>Die Rahmenbedingungen f\u00fcr Bildungsaufgabe und Bildungsverantwortung  haben sich im Lauf der Zeit grunds\u00e4tzlich ver\u00e4ndert. Neue  Familienstrukturen, Kommunikationskultur, Arbeitswelt und  Freizeitverhalten seien Stichw\u00f6rter einer modernen Gesellschaft, um die  sich die Kirche k\u00fcmmern m\u00fcsse, sagte W\u00fcst. \u201eNah an den Menschen und  ihrer Realit\u00e4t.\u201c In mehr als drei\u00dfig Handlungsfeldern der pf\u00e4lzischen  Landeskirche spiele Bildung eine wesentliche Rolle \u2013 dies zeigt die  Bestandsaufnahme mit dem Titel \u201eGuter Grund f\u00fcr Bildung\u201c, die W\u00fcsts  Vorg\u00e4nger, Oberkirchenrat i.R. Michael G\u00e4rtner, der Synode vor einem  Jahr an die Hand gegeben hatte. Bildung sei somit eine  \u201eQuerschnittsaufgabe durch fast alles, was wir tun\u201c, stellte W\u00fcst fest.<\/p>\n\n\n\n<p>Aufkl\u00e4rung und \u00d6ffentlichkeitsarbeit nach innen und nach au\u00dfen n\u00e4hmen  dabei einen hohen Stellenwert ein, f\u00fchrte die Oberkirchenr\u00e4tin aus. So  stehe beispielsweise der Religionsunterricht f\u00fcr \u201eHorizonterweiterung im  Denken und Glauben\u201c. In protestantischen Kitas werde interreligi\u00f6ses  und interkulturelles Lernen praktiziert, meinte W\u00fcst mit Blick auf  j\u00fcngste kritische Stellungnahmen. \u201eIn einer pluralen Welt, in der sich  viele zu Wort melden, soll unsere Stimme klar und unser Handeln  transparent sein. \u201eAuch und gerade im Hinblick auf die, f\u00fcr die wir  handeln.\u201c<\/p>\n\n\n\n<p><strong>Hintergrund: <\/strong>Der Landessynode der Evangelischen Kirche der Pfalz geh\u00f6ren  70 Synodale an \u2013 45 weltliche und 25 geistliche. Synodalpr\u00e4sident ist  der Kaiserslauterer Jurist Hermann Lorenz. Dem Pr\u00e4sidium geh\u00f6ren  au\u00dferdem der Dekan des Kirchenbezirks An Alsenz und Lauter, Matthias  Schwarz, als erster Vizepr\u00e4sident und Ministerialrat Joachim Sch\u00e4fer aus  Carlsberg als zweiter Vizepr\u00e4sident sowie Rommi Keller-Hilgert und  Daniela Freyer als Beisitzerinnen an. Die Synode ist als kirchliche  Volksvertretung die Inhaberin der Kirchengewalt. Sie trifft wesentliche  Entscheidungen in den geistlichen, rechtlichen und finanziellen  Bereichen der Landeskirche.<\/p>\n\n\n\n<p>Mehr zum Thema: <a rel=\"noreferrer noopener\" href=\"https:\/\/deref-web-02.de\/mail\/client\/X2RgN0KH_4w\/dereferrer\/?redirectUrl=http%3A%2F%2Fwww.evkirchepfalz.de\" target=\"_blank\">www.evkirchepfalz.de<\/a>, <a rel=\"noreferrer noopener\" href=\"https:\/\/deref-web-02.de\/mail\/client\/q3wWvJ_Wdvw\/dereferrer\/?redirectUrl=http%3A%2F%2Fwww.twitter.com%2Fevkirchepfalz\" target=\"_blank\">www.twitter.com\/evkirchepfalz<\/a><\/p>\n\n\n\n<p><em>26.11.2019<\/em><\/p>\n\n\n\n<h2 class=\"wp-block-heading\">Sicher im &#8222;NesT&#8220; ankommen: Landeskirche hilft bei Fl\u00fcchtlingsaufnahme<\/h2>\n\n\n\n<h3 class=\"wp-block-heading\">Die Synode der Evangelischen Kirche der Pfalz hat eine Beteiligung am bundesweiten Pilotprogramm &#8222;Neustart im Team&#8220; beschlossen.<\/h3>\n\n\n\n<div class=\"wp-block-image\"><figure class=\"aligncenter\"><img decoding=\"async\" loading=\"lazy\" width=\"800\" height=\"432\" src=\"https:\/\/speyer24news.com\/wp-content\/uploads\/2019\/11\/Neustart-im-Team-NesT.png\" alt=\"\" class=\"wp-image-22352\" srcset=\"https:\/\/speyer24news.com\/wp-content\/uploads\/2019\/11\/Neustart-im-Team-NesT.png 800w, https:\/\/speyer24news.com\/wp-content\/uploads\/2019\/11\/Neustart-im-Team-NesT-300x162.png 300w, https:\/\/speyer24news.com\/wp-content\/uploads\/2019\/11\/Neustart-im-Team-NesT-768x415.png 768w\" sizes=\"(max-width: 800px) 100vw, 800px\" \/><\/figure><\/div>\n\n\n\n<p><strong>Speyer<\/strong><em><strong> <\/strong>(lk) &#8211; <\/em>Die in Speyer tagende Synode der Evangelische Kirche der  Pfalz hat sich einstimmig f\u00fcr eine Beteiligung an dem bundesweiten  Fl\u00fcchtlingshilfeprogramm &#8222;Neustart im Team&#8220; (NesT) ausgesprochen. Unter  anderem \u00fcbernimmt die pf\u00e4lzische Landeskirche zwei Jahre lang die H\u00e4lfte  der im Rahmen von NesT anfallenden Mietkosten f\u00fcr bis zu zehn  Fl\u00fcchtlinge und stellt daf\u00fcr rund 50.000 Euro zur Verf\u00fcgung.<\/p>\n\n\n\n<p>Dies sei ein &#8222;zeichenhafter, bescheidener Schritt f\u00fcr den notwendigen  Ausbau der humanit\u00e4ren Fl\u00fcchtlingsaufnahme in Deutschland&#8220;, hei\u00dft es in  dem Beschluss. Durch die Ehrenamtskoordination des Diakonischen Werkes  Pfalz will die Landeskirche sicherstellen, dass die Begleitung von  Fl\u00fcchtlingen im Rahmen von NesT mit der bestehenden kirchlichen  Fl\u00fcchtlingsarbeit vernetzt wird, erl\u00e4uterte Oberkirchenrat Manfred  Sutter. Mentorenteams sollen ermutigt werden, sich aktiv einzubringen.<\/p>\n\n\n\n<p>Bei dem Pilotprojekt des Bundesinnenministeriums, an dem sich unter  anderem die Diakonie Deutschland beteiligt, handelt es sich um ein  erg\u00e4nzendes Umsiedlungsprogramm. Demnach sollen mit Hilfe von NesT bis  zu 500 Fl\u00fcchtlinge, die nicht in den L\u00e4ndern bleiben k\u00f6nnen, in die sie  zuerst geflohen sind, sicher nach Deutschland einreisen k\u00f6nnen,  erl\u00e4uterte der pf\u00e4lzische Diakoniedezernent. Die Gefl\u00fcchteten sollen  eine Aufenthaltserlaubnis von zun\u00e4chst drei Jahren erhalten &#8211;  einschlie\u00dflich des Anspruches auf Integrationsma\u00dfnahmen, Zugang zum  Arbeitsmarkt sowie Sozialleistungen. Dabei sollen sie von Mentoren  unterst\u00fctzt werden. Die Auswahl erfolge nach den Schutzkriterien des  Fl\u00fcchtlingshilfswerks der Vereinten Nationen (UNHCR).<\/p>\n\n\n\n<p>Der Beschluss der Landessynode, sich an dem Programm zu beteiligen, geht  auf einen Antrag des Direktors der Evangelischen Akademie der Pfalz,  Christoph Picker, sowie des Landespfarrers f\u00fcr Diakonie, Albrecht B\u00e4hr,  zur\u00fcck. Die Mittel sollen dem von der Synode 2015 beschlossenen  H\u00e4rtefonds zur Unterst\u00fctzung von Kirchengemeinden bei der Aufnahme von  Fl\u00fcchtlingen entnommen werden. Dieser H\u00e4rtefonds sei derzeit noch nicht  ausgesch\u00f6pft. Zus\u00e4tzliches Geld werde nicht ben\u00f6tigt, so Sutter. Die  pf\u00e4lzische Beteiligung an NesT soll evaluiert und dar\u00fcber der  Landessynode im Herbst 2020 berichtet werden.<\/p>\n\n\n\n<p><strong>Hintergrund:<\/strong> Im Gegensatz zum bisher rein staatlichen Resettlement, der  dauerhaften Aufnahme besonders schutzbed\u00fcrftiger Fl\u00fcchtlinge aus einem  Land, in dem sie bereits als Gefl\u00fcchtete leben, arbeiten bei &#8222;Neustart  im Team&#8220; Staat und Zivilgesellschaft Hand in Hand. Bei NesT unterst\u00fctzen  Mentoren die gefl\u00fcchteten Menschen dabei, in Deutschland eine neue  Heimat zu finden. Die Auswahl der Fl\u00fcchtlinge erfolgt, so wie auch beim  rein staatlichen Resettlement, nach klaren Schutzkriterien von UNHCR.  Die Letztentscheidung \u00fcber die Aufnahme der Fl\u00fcchtlinge wird immer vom  Aufnahmestaat getroffen. In Deutschland ist daf\u00fcr das Bundesamt f\u00fcr  Migration und Fl\u00fcchtlinge (BAMF) zust\u00e4ndig.<\/p>\n\n\n\n<p>Mehr zum Thema: <a rel=\"noreferrer noopener\" href=\"https:\/\/deref-web-02.de\/mail\/client\/hNXwdbIBrpk\/dereferrer\/?redirectUrl=http%3A%2F%2Fwww.neustartimteam.de\" target=\"_blank\">www.neustartimteam.de<\/a>; <a rel=\"noreferrer noopener\" href=\"https:\/\/deref-web-02.de\/mail\/client\/X2RgN0KH_4w\/dereferrer\/?redirectUrl=http%3A%2F%2Fwww.evkirchepfalz.de\" target=\"_blank\">www.evkirchepfalz.de<\/a>, <a rel=\"noreferrer noopener\" href=\"https:\/\/deref-web-02.de\/mail\/client\/q3wWvJ_Wdvw\/dereferrer\/?redirectUrl=http%3A%2F%2Fwww.twitter.com%2Fevkirchepfalz\" target=\"_blank\">www.twitter.com\/evkirchepfalz<\/a><\/p>\n\n\n\n<p><em>Foto: UNHCR\/Annie Sakkab<br>26.11.2019<\/em><\/p>\n\n\n\n<h2 class=\"wp-block-heading\">Nachfolge wird auf der Synode im Mai 2020 entschieden<\/h2>\n\n\n\n<h3 class=\"wp-block-heading\">Oberkirchenrat Dieter Lutz stellt den Wahlkalender zur Nachfolge von  Kirchenpr\u00e4sident Christian Schad vor. Bewerber m\u00fcssen vorgeschlagen  werden.<\/h3>\n\n\n\n<div class=\"wp-block-image\"><figure class=\"aligncenter\"><img decoding=\"async\" src=\"https:\/\/speyer24news.com\/wp-content\/uploads\/2019\/11\/Christian-Schad-Portr\u00e4t-Ev.-Kirche.jpg\" alt=\"\" class=\"wp-image-21997\"\/><figcaption>Kirchenpr\u00e4sident Christian Schad, tritt im Februar 2015 von seinem Amt zur\u00fcck<\/figcaption><\/figure><\/div>\n\n\n\n<p><strong>Speyer <\/strong><em>(lk) &#8211; <\/em>Aufgrund des vorzeitigen Ruhestands von Kirchenpr\u00e4sident  Christian Schad im Februar 2021 hat der juristische Oberkirchenrat  Dieter Lutz die Landessynode \u00fcber den Wahlkalender f\u00fcr die Wahl einer  neuen Kirchenpr\u00e4sidentin oder eines neuen Kirchenpr\u00e4sidenten informiert.  Die Wahl werde auf der Tagung der Landessynode vom 27. bis 30. Mai 2020  stattfinden, erkl\u00e4rte der Oberkirchenrat. Er verwies auf die  rechtlichen Grundlagen f\u00fcr die Wahl in der Kirchenverfassung und in der  Gesch\u00e4ftsordnung der Landessynode.<\/p>\n\n\n\n<p>Demnach k\u00f6nne man sich f\u00fcr das Kirchenpr\u00e4sidentenamt weder bewerben noch  gebe es eine Stellenausschreibung, sagte Lutz. Stattdessen k\u00f6nnen  Kandidaten von mindestens f\u00fcnf Landessynodalen vorgeschlagen werden. Sie  k\u00f6nnen die Vorschl\u00e4ge ab sofort bis zum 31. Januar 2020 beim  Landeskirchenrat, Dezernat 1, schriftlich einreichen. Zudem k\u00f6nnen  sowohl der Nominierungsausschuss als auch die Kirchenregierung geeignete  Personen auffordern, sich f\u00fcr das Amt zur Verf\u00fcgung zu stellen. Die  Kandidaten m\u00fcssen keine Theologen sein.<\/p>\n\n\n\n<p>Bei mehreren Bewerbungen erstellt der Nominierungsausschuss eine  alphabetisch geordnete Namensliste der Kandidaten. Die Personaldebatte  und geheime Wahl finden auf der Fr\u00fchjahrssynode 2020 statt.<\/p>\n\n\n\n<p>Die Kirchenpr\u00e4sidentin oder der Kirchenpr\u00e4sident werden f\u00fcr sieben Jahre  gew\u00e4hlt. In den ersten beiden Wahlg\u00e4ngen bedarf es einer  Zwei-Drittel-Mehrheit der Synode, ab dem dritten Wahlgang entscheidet  die Mehrheit der gesetzlichen Mitgliederzahl der Synode.<\/p>\n\n\n\n<p>26.11.2019<\/p>\n\n\n\n<h2 class=\"wp-block-heading\">Bildung, Klimawandel und gesellschaftlicher Dialog<\/h2>\n\n\n\n<h3 class=\"wp-block-heading\">Synodalpr\u00e4sident er\u00f6ffnet pf\u00e4lzische Landessynode \u2013 Schwerpunkt Bildung<\/h3>\n\n\n\n<p><strong>Speyer<\/strong><em> (lk) &#8211; <\/em>Die Aufgabe der Landessynode ist nach Auffassung des  pf\u00e4lzischen Synodalpr\u00e4sidenten Hermann Lorenz die Gestaltung der  Zukunft. Die Sorgen im Blick auf die finanzielle Lage d\u00fcrften nicht die  Besch\u00e4ftigung mit dem Schwerpunktthema Bildung beeintr\u00e4chtigen, erkl\u00e4rte  Lorenz zur Er\u00f6ffnung der Herbsttagung im Diakonissen-Mutterhaus in  Speyer. Mit dem \u201eBildungshandeln in der Evangelischen Kirche der Pfalz  in Gegenwart und Zukunft\u201c befassen sich die 70 Synodalen am Freitag.<\/p>\n\n\n\n<p>Weitere Tagesordnungspunkte des bis Samstag tagenden Kirchenparlamentes  sind unter anderem  ein Gesetzentwurf zum Schutz vor sexualisierter  Gewalt und ein Mitarbeitervertretungsgesetz. Bei letzterem solle ein  \u201eSchlussstrich unter eine jahrelange Debatte gezogen werden\u201c, sagte  Lorenz. Der Synodalpr\u00e4sident bedauerte die Entscheidung von  Kirchenpr\u00e4sident Christian Schad, vorzeitig im Februar 2021 in den  Ruhestand zu treten. Er genie\u00dfe in der Synode gro\u00dfen R\u00fcckhalt, im Raum  der Kirchen als auch in der Gesellschaft viel Respekt. \u201eEs wird uns  nicht leichtfallen, eine Nachfolge mit einem solchen Format zu finden\u201c,  sagte Lorenz.<\/p>\n\n\n\n<p>In seinem Gru\u00dfwort blickte der \u00d6kumenebeauftragte des Bistums Speyer,  Thomas Stubenrauch, auf die Zusammenarbeit der beiden pf\u00e4lzischen  Kirchen bei der vergangenen Klimaaktion zur\u00fcck. \u201eAuch unsere Kirchen  entdecken immer tiefer, dass der Auftrag zur Bewahrung der Sch\u00f6pfung zu  unserer Kernbotschaft geh\u00f6rt.\u201c Die Einladung der Gemeinden, sich am  Klimaaktionstag am 20. September zu beteiligen und als Kirchen an den  Demonstrationen teilzunehmen, sei laut Stubenrauch ein wichtiges und  starkes Signal gewesen.  \u201eAls Kirchen wollen wir angesichts des  Klimawandels unseren Beitrag zum notwendigen Menschenwandel leisten \u2013 zu  jener ganzheitlichen Umkehr, ohne die ein gutes Leben f\u00fcr alle nicht  m\u00f6glich ist\u201c, sagte Stubenrauch. Das gemeinsame Engagement gehe weiter.<\/p>\n\n\n\n<p>Als weiteren Bereich der guten \u00f6kumenischen Zusammenarbeit nannte der  Katholik die gemeinsamen Aktivit\u00e4ten von Kirchenpr\u00e4sident Christian  Schad und Karl-Heinz Bischof Wiesemann gegen die Gewalt in  gesellschaftlichen Debatten und in den sozialen Medien. \u201eEntschieden  treten wir allen entgegen, die das Klima des Zusammenlebens der Menschen  in unserem Land vergiften wollen\u201c, appellierte Stubenrauch an die  Synodalen. In Bezug auf den Bildungsschwerpunkt bezog sich der  Bistumsvertreter auf die Bedeutung der christlichen Bildung: \u201eSie ist  keine fundamentalistische Indoktrination, sondern ermuntert zum  eigenst\u00e4ndigen Urteil und bef\u00e4higt zum Dialog mit anderen Religionen und  Weltanschauungen.\u201c<\/p>\n\n\n\n<p><strong>Hintergrund: <\/strong>Der Landessynode der Evangelischen Kirche der Pfalz geh\u00f6ren  70 Synodale an \u2013 45 weltliche und 25 geistliche. Acht der 70 Mitglieder  sind berufen, davon zwei als Jugendvertreter. Synodalpr\u00e4sident ist der  Kaiserslauterer Jurist Hermann Lorenz. Dem Pr\u00e4sidium geh\u00f6ren au\u00dferdem  der Dekan des Kirchenbezirks An Alsenz und Lauter, Matthias Schwarz, als  erster Vizepr\u00e4sident und Ministerialrat Joachim Sch\u00e4fer aus Carlsberg  als zweiter Vizepr\u00e4sident sowie Rommi Keller-Hilgert und Daniela Freyer  als Beisitzerinnen an. Die Landessynode ist als kirchliche  Volksvertretung die Inhaberin der Kirchengewalt. Sie trifft wesentliche  Entscheidungen in den geistlichen, rechtlichen und finanziellen  Bereichen der Landeskirche. Ihre Amtszeit betr\u00e4gt sechs Jahre.<\/p>\n\n\n\n<p><strong>Mehr zum Thema:<\/strong> <a rel=\"noreferrer noopener\" href=\"https:\/\/deref-web-02.de\/mail\/client\/X2RgN0KH_4w\/dereferrer\/?redirectUrl=http%3A%2F%2Fwww.evkirchepfalz.de\" target=\"_blank\">www.evkirchepfalz.de<\/a> und <a rel=\"noreferrer noopener\" href=\"https:\/\/deref-web-02.de\/mail\/client\/q3wWvJ_Wdvw\/dereferrer\/?redirectUrl=http%3A%2F%2Fwww.twitter.com%2Fevkirchepfalz\" target=\"_blank\">www.twitter.com\/evkirchepfalz<\/a><\/p>\n\n\n\n<p><em>26.11.2019<\/em><\/p>\n\n\n\n<h2 class=\"wp-block-heading\">Wechsel bei der Vertretung der Kirchen in Rheinland-Pfalz<\/h2>\n\n\n\n<h3 class=\"wp-block-heading\">Wolfgang Schumacher folgt im Juni 2020 Thomas Posern als Evangelischer Beauftragter in Mainz<\/h3>\n\n\n\n<div class=\"wp-block-image\"><figure class=\"aligncenter\"><img decoding=\"async\" src=\"https:\/\/speyer24news.com\/wp-content\/uploads\/2019\/11\/Evangelische-Kirche-der-Pfalz-Logo.png\" alt=\"\" class=\"wp-image-22351\"\/><\/figure><\/div>\n\n\n\n<p><strong>Speyer \/ Mainz<\/strong> <em>(lk) &#8211; <\/em>Der pf\u00e4lzische Kirchenrat Wolfgang Schumacher wird  neuer Beauftragter der Evangelischen Kirchen im Lande Rheinland-Pfalz in  Mainz. Das hat Oberkirchenr\u00e4tin Karin Kessel in Speyer bekanntgegeben.  Der 59-J\u00e4hrige sei von den Kirchenleitungen der Evangelischen Kirche in  Hessen und Nassau, der Evangelischen Kirche im Rheinland und der  Evangelischen Kirche der Pfalz als Nachfolger von Oberkirchenrat Thomas  Posern ernannt worden. Posern vertritt seit 2010 die Interessen der drei  Landeskirchen gegen\u00fcber der Landespolitik und geht im Juni 2020 in den  Ruhestand.<\/p>\n\n\n\n<p>Wolfgang Schumacher ist seit 2009 Pressesprecher und  \u00d6ffentlichkeitsreferent der Pf\u00e4lzischen Landeskirche und war zudem  verantwortlich f\u00fcr die Vorbereitung und Durchf\u00fchrung der Jubil\u00e4en 500  Jahre Reformation (2017) und 200 Jahre Pf\u00e4lzer Kirchenunion (2018). Der  Theologe studierte in Mainz und Heidelberg und war Vikar im  westpf\u00e4lzischen Altenkirchen sowie Pfarrer in Pirmasens. Als  Beauftragter f\u00fcr den privaten Rundfunk vertrat er bereits die drei  Landeskirchen gegen\u00fcber den Sendern in Rheinland-Pfalz. Weitere  Stationen waren beim Evangelischen Presseverband e.V. und dem  Evangelischen Presseverlag GmbH in Speyer.<\/p>\n\n\n\n<p>Der Beauftragte ist auf evangelischer Seite der Ansprechpartner f\u00fcr die  Landesregierung bei Themen, die die Kirchen betreffen. Er koordiniert  die Meinungsbildung der drei beteiligten Landeskirchen zu politischen  Vorg\u00e4ngen und unterh\u00e4lt Kontakte zu politischen Parteien, Vereinigungen  und Verb\u00e4nden auf Landesebene.<\/p>\n\n\n\n<p><strong>Hintergrund:<\/strong> In Rheinland-Pfalz liegen die Gebiete von drei evangelischen  Landeskirchen: die Evangelische Kirche in Hessen und Nassau in den  ehemaligen Regierungsbezirken Rheinhessen und Montabaur, die  Evangelische Kirche im Rheinland \u00fcberwiegend in den ehemaligen  Regierungsbezirken Koblenz und Trier sowie die Evangelische Kirche der  Pfalz im ehemaligen Regierungsbezirk Pfalz.<\/p>\n\n\n\n<p>26.11.2019<\/p>\n\n\n\n<h2 class=\"wp-block-heading\"><strong>Mit Theaterst\u00fcck Kinder stark gemacht<\/strong><\/h2>\n\n\n\n<h3 class=\"wp-block-heading\"><strong>Bistum  Speyer veranstaltete Theaterauff\u00fchrungen in der Festhalle Landau als  Teil einer bundesweiten Initiative zur Pr\u00e4vention vor sexuellem  Kindesmissbrauch<\/strong><\/h3>\n\n\n\n<div class=\"wp-block-image\"><figure class=\"aligncenter\"><img decoding=\"async\" loading=\"lazy\" width=\"800\" height=\"559\" src=\"https:\/\/speyer24news.com\/wp-content\/uploads\/2019\/11\/Bild_10_Theater_traudich_2013.jpg\" alt=\"\" class=\"wp-image-22348\" srcset=\"https:\/\/speyer24news.com\/wp-content\/uploads\/2019\/11\/Bild_10_Theater_traudich_2013.jpg 800w, https:\/\/speyer24news.com\/wp-content\/uploads\/2019\/11\/Bild_10_Theater_traudich_2013-300x210.jpg 300w, https:\/\/speyer24news.com\/wp-content\/uploads\/2019\/11\/Bild_10_Theater_traudich_2013-768x537.jpg 768w\" sizes=\"(max-width: 800px) 100vw, 800px\" \/><\/figure><\/div>\n\n\n\n<p><strong>Landau &#8211; <\/strong>\u00dcber das Medium Theater Kinder stark machen, ihren Gef\u00fchlen zu  vertrauen und Grenzen zu setzen: Diese Idee steckt hinter dem  Theaterst\u00fcck \u201eTrau dich!\u201c, das auf Einladung des Bistums Speyer am 19.  November in der Festhalle Landau gezeigt wurde. Rund 520 Sch\u00fclerinnen  und Sch\u00fcler im Alter zwischen acht und zw\u00f6lf Jahren besuchten die beiden  Auff\u00fchrungen der Hildesheimer Theaterkompanie Kopfstand. Beteiligt  waren Sch\u00fclerinnen und Sch\u00fcler der Maria-Ward-Schule, des  Otto-Hahn-Gymnasiums, der Jakob-Reeb-Schule sowie der Schule des  Caritas-F\u00f6rderzentrums St. Laurentius und Paulus.<\/p>\n\n\n\n<p>Das  Theaterst\u00fcck verbindet verschiedene Spielszenen. F\u00fcr Paula zum Beispiel  ist es gar nicht so einfach, ihrer Freundin zu erkl\u00e4ren, dass sie sich  f\u00fcr Jungs noch nicht besonders interessiert. Vladimir hat keine Ahnung,  wie er seiner Oma sagen soll, dass er ihre Schlabberk\u00fcsse nicht mag. Und  Alina wird ganz stumm, als ein Freund der Familie seine Hand auf ihr  Bein legt. \u201eTrau dich!\u201c erz\u00e4hlt Geschichten von Verliebtheit und ersten  z\u00f6gerliche Ann\u00e4hrungen, von Gruppendruck, unangenehmen Situationen und  Grenz\u00fcberschreitungen. Die Kinder erfahren, dass sie ein Recht auf  k\u00f6rperliche Selbstbestimmung und Schutz vor Gewalt haben und wo sie im  Fall eines \u00dcbergriffs Hilfe finden. \u00dcber interaktive Elemente sind die  Kinder am Geschehen auf der B\u00fchne aktiv beteiligt.<\/p>\n\n\n\n<div class=\"wp-block-image\"><figure class=\"aligncenter\"><img decoding=\"async\" loading=\"lazy\" width=\"800\" height=\"562\" src=\"https:\/\/speyer24news.com\/wp-content\/uploads\/2019\/11\/Bild_11_Theater_traudich_2013.jpg\" alt=\"\" class=\"wp-image-22349\" srcset=\"https:\/\/speyer24news.com\/wp-content\/uploads\/2019\/11\/Bild_11_Theater_traudich_2013.jpg 800w, https:\/\/speyer24news.com\/wp-content\/uploads\/2019\/11\/Bild_11_Theater_traudich_2013-300x211.jpg 300w, https:\/\/speyer24news.com\/wp-content\/uploads\/2019\/11\/Bild_11_Theater_traudich_2013-768x540.jpg 768w\" sizes=\"(max-width: 800px) 100vw, 800px\" \/><\/figure><\/div>\n\n\n\n<p>\u201eEs\n ist dem Theaterst\u00fcck gelungen, die Kinder sehr sensibel anzusprechen \nund sie in ihrer Sprachf\u00e4higkeit zu f\u00f6rdern, auch der Sprachf\u00e4higkeit \n\u00fcber den eigenen K\u00f6rper\u201c, sagte Dr. Irina Kreusch, Leiterin der \nHauptabteilung \u201eSchulen, Hochschulen und Bildung\u201c des Bisch\u00f6flichen \nOrdinariats, nach dem Besuch der Vorstellung. Auch die Kinder und die \nbegleitenden Lehrkr\u00e4fte \u00e4u\u00dferten sich durchg\u00e4ngig positiv beeindruckt. \n\u201eGef\u00fchle sind f\u00fcr mich eine Art Kompass und eine gute Alarmanlage, wenn \netwas nicht stimmt\u201c, \u00e4u\u00dferte eine zw\u00f6lfj\u00e4hrige Sch\u00fclerin nach dem Besuch\n der Vorstellung.<\/p>\n\n\n\n<p>Im\n Vorfeld hatten ein Workshop f\u00fcr Lehrkr\u00e4fte und ein Infoabend f\u00fcr Eltern\n stattgefunden. \u201eDrei Viertel der T\u00e4ter kommen aus dem nahen Umfeld der \nKinder\u201c, berichtete Anja Ziebler-K\u00fchn vom Kinderschutzdienst Landau. \nTraurige Tatsache sei, dass misshandelte Kinder im Durchschnitt sechs \nbis sieben Personen ansprechen m\u00fcssen, bis ihnen jemand glaubt. \u201eNicht \ndie Kinder, sondern wir Erwachsene sind f\u00fcr den Schutz der Kinder \nverantwortlich\u201c, appellierte Anja Ziebler-K\u00fchn an die Verantwortung der \nEltern, der Angeh\u00f6rigen und der Lehrerinnen und Lehrer.<\/p>\n\n\n\n<p>F\u00fcr  Thomas Mann, den Leiter der Abteilung \u201eKatholische Schulen,  Schulpastoral und Berufsbildende Schulen\u201c des Bisch\u00f6flichen Ordinariats,  kommt es darauf an, das Theaterst\u00fcck nicht als einmalige Aktion zu  betrachten, sondern durch schulische Schutzkonzepte nachhaltig zu  verstetigen. So zum Beispiel an der Landauer Maria-Ward-Schule, wo \u00fcber  Kompetenztage und altersgerechte Unterrichtsbausteine Grenzen und  Gef\u00fchle immer wieder zum Thema gemacht werden, wie Realschulrektorin  Maria Nicklas berichtete. \u201eUnser Erziehungsziel sind junge Frauen, die  gut auf sich und andere achten.\u201c<\/p>\n\n\n\n<div class=\"wp-block-image\"><figure class=\"aligncenter\"><img decoding=\"async\" loading=\"lazy\" width=\"500\" height=\"684\" src=\"https:\/\/speyer24news.com\/wp-content\/uploads\/2019\/11\/Bild_12_Theater_traudich_2013.jpg\" alt=\"\" class=\"wp-image-22350\" srcset=\"https:\/\/speyer24news.com\/wp-content\/uploads\/2019\/11\/Bild_12_Theater_traudich_2013.jpg 500w, https:\/\/speyer24news.com\/wp-content\/uploads\/2019\/11\/Bild_12_Theater_traudich_2013-219x300.jpg 219w\" sizes=\"(max-width: 500px) 100vw, 500px\" \/><\/figure><\/div>\n\n\n\n<p>Das  Theaterst\u00fcck \u201eTrau dich!\u201c ist Teil einer bundesweiten Initiative zur  Pr\u00e4vention des sexuellen Kindesmissbrauchs. Sie wurde vom  Bundesministerium f\u00fcr Familie, Senioren, Frauen und Jugend gemeinsam mit  der Bundeszentrale f\u00fcr gesundheitliche Aufkl\u00e4rung gestartet und ist  Teil des Aktionsplans der Bundesregierung zum Schutz von Kindern und  Jugendlichen vor sexueller Gewalt und Ausbeutung. In Rheinland-Pfalz  wird die Initiative seit 2018 zusammen mit dem rheinland-pf\u00e4lzischen  Bildungsministerium umgesetzt. Sowohl das Bildungsministerium als auch  das Bistum Speyer zeigten sich interessiert, die Initiative an weiteren  und auch an kirchlichen Schulen fortzusetzen. Die n\u00e4chste Auff\u00fchrung  findet in Neustadt am 26. November statt.<\/p>\n\n\n\n<p><strong>Weitere Informationen:<\/strong><\/p>\n\n\n\n<p><a href=\"https:\/\/www.trau-dich.de\/dein-theater\/\">https:\/\/www.trau-dich.de\/dein-theater\/<\/a><\/p>\n\n\n\n<p><em>Text: Bistum Speyer Foto: porsdorf<br>26.11.2019<\/em><\/p>\n\n\n\n<h2 class=\"wp-block-heading\"><strong>Kunstmarkt im \u00c4gidienhaus war ein sehr gro\u00dfer Erfolg! <\/strong><\/h2>\n\n\n\n<h3 class=\"wp-block-heading\"><strong>Barverkaufserl\u00f6s: 8.015,- \u20ac<\/strong><\/h3>\n\n\n\n<div class=\"wp-block-image\"><figure class=\"aligncenter\"><img decoding=\"async\" loading=\"lazy\" width=\"800\" height=\"534\" src=\"https:\/\/speyer24news.com\/wp-content\/uploads\/2019\/11\/IMG_3527-Kopie.jpg\" alt=\"\" class=\"wp-image-22344\" srcset=\"https:\/\/speyer24news.com\/wp-content\/uploads\/2019\/11\/IMG_3527-Kopie.jpg 800w, https:\/\/speyer24news.com\/wp-content\/uploads\/2019\/11\/IMG_3527-Kopie-300x200.jpg 300w, https:\/\/speyer24news.com\/wp-content\/uploads\/2019\/11\/IMG_3527-Kopie-768x513.jpg 768w\" sizes=\"(max-width: 800px) 100vw, 800px\" \/><\/figure><\/div>\n\n\n\n<p><strong>Speyer &#8211; <\/strong>Beim  Kunstmarkt am Sonntag, den 17.11.2019 im \u00c4gidienhaus,  Speyer konnten 8.015,- \u20ac erwirtschaftet werden. Der Verkaufserl\u00f6s wird  dem Dombauverein Speyer gespendet.<\/p>\n\n\n\n<p>Mit diesem Betrag wurden die beiden Verkaufsausstellungen von 2017 und 2018 bei weitem \u00fcbertroffen!<\/p>\n\n\n\n<div class=\"wp-block-image\"><figure class=\"aligncenter\"><img decoding=\"async\" loading=\"lazy\" width=\"800\" height=\"534\" src=\"https:\/\/speyer24news.com\/wp-content\/uploads\/2019\/11\/IMG_3534-Kopie.jpg\" alt=\"\" class=\"wp-image-22345\" srcset=\"https:\/\/speyer24news.com\/wp-content\/uploads\/2019\/11\/IMG_3534-Kopie.jpg 800w, https:\/\/speyer24news.com\/wp-content\/uploads\/2019\/11\/IMG_3534-Kopie-300x200.jpg 300w, https:\/\/speyer24news.com\/wp-content\/uploads\/2019\/11\/IMG_3534-Kopie-768x513.jpg 768w\" sizes=\"(max-width: 800px) 100vw, 800px\" \/><\/figure><\/div>\n\n\n\n<p>Unter  dem Motto \u201eKunst f\u00fcr jeden Geschmack und Geldbeutel\u201c konnten Bilder von  2,- \u20ac bis im Durchschnitt 40,- \u20ac bis 100,- \u20ac erworben werden. Das  vielf\u00e4ltige Angebot an meistens sogar schon gerahmten Stadtansichten,  Landschaften und Blumenbildern ist bei dem kunstinteressierten Publikum  sehr gut angekommen! <\/p>\n\n\n\n<div class=\"wp-block-image\"><figure class=\"aligncenter\"><img decoding=\"async\" loading=\"lazy\" width=\"800\" height=\"534\" src=\"https:\/\/speyer24news.com\/wp-content\/uploads\/2019\/11\/IMG_3550-Kopie.jpg\" alt=\"\" class=\"wp-image-22346\" srcset=\"https:\/\/speyer24news.com\/wp-content\/uploads\/2019\/11\/IMG_3550-Kopie.jpg 800w, https:\/\/speyer24news.com\/wp-content\/uploads\/2019\/11\/IMG_3550-Kopie-300x200.jpg 300w, https:\/\/speyer24news.com\/wp-content\/uploads\/2019\/11\/IMG_3550-Kopie-768x513.jpg 768w\" sizes=\"(max-width: 800px) 100vw, 800px\" \/><\/figure><\/div>\n\n\n\n<p>Befl\u00fcgelt  wurde die Bilder-Verkaufsaktion durch das Buch-Angebot der Katholischen  \u00f6ffentlichen B\u00fccherei St. Joseph mit der Weihnachts-Buchausstellung  nebst Flohmarkt und den gleichzeitig im \u00c4gidienhaus stattfindenden  Pfarrgremienwahlen. <\/p>\n\n\n\n<div class=\"wp-block-image\"><figure class=\"aligncenter\"><img decoding=\"async\" loading=\"lazy\" width=\"800\" height=\"534\" src=\"https:\/\/speyer24news.com\/wp-content\/uploads\/2019\/11\/IMG_3569-Kopie.jpg\" alt=\"\" class=\"wp-image-22347\" srcset=\"https:\/\/speyer24news.com\/wp-content\/uploads\/2019\/11\/IMG_3569-Kopie.jpg 800w, https:\/\/speyer24news.com\/wp-content\/uploads\/2019\/11\/IMG_3569-Kopie-300x200.jpg 300w, https:\/\/speyer24news.com\/wp-content\/uploads\/2019\/11\/IMG_3569-Kopie-768x513.jpg 768w\" sizes=\"(max-width: 800px) 100vw, 800px\" \/><\/figure><\/div>\n\n\n\n<p>Alle G\u00e4ste konnten an diesem Sonntag Ihren Besuch im \u00c4gidienhaus bei Kaffee und Kuchen und netten Gespr\u00e4chen ausklingen lassen.<\/p>\n\n\n\n<p>Der Dombauverein dankt\u00a0 <strong>ganz herzlich<\/strong>\u00a0 allen dem Dombauverein bzw. unserem Weltkulturerbe, dem Dom zu Speyer, wohlgesonnenen Spendern und tatkr\u00e4ftigen Helfern!<\/p>\n\n\n\n<p><em>Dombauverein Speyer e.V.<br>26.11.2019<\/em><\/p>\n\n\n\n<h2 class=\"wp-block-heading\"><strong>Landeskirche und Bistum unterst\u00fctzen den Klimaaktionstag<\/strong><\/h2>\n\n\n\n<h3 class=\"wp-block-heading\"><strong>Umweltbeauftragte der beiden Kirchen: \u201eOhne spirituellen und kulturellen Wandel keine nachhaltige Ver\u00e4nderung\u201c<\/strong><\/h3>\n\n\n\n<div class=\"wp-block-image\"><figure class=\"aligncenter\"><img decoding=\"async\" loading=\"lazy\" width=\"800\" height=\"233\" src=\"https:\/\/speyer24news.com\/wp-content\/uploads\/2019\/11\/Klimastreik-29.11.2019.png\" alt=\"\" class=\"wp-image-22343\" srcset=\"https:\/\/speyer24news.com\/wp-content\/uploads\/2019\/11\/Klimastreik-29.11.2019.png 800w, https:\/\/speyer24news.com\/wp-content\/uploads\/2019\/11\/Klimastreik-29.11.2019-300x87.png 300w, https:\/\/speyer24news.com\/wp-content\/uploads\/2019\/11\/Klimastreik-29.11.2019-768x224.png 768w\" sizes=\"(max-width: 800px) 100vw, 800px\" \/><\/figure><\/div>\n\n\n\n<p><strong>Speyer<\/strong> <em>(is\/lk) &#8211; <\/em>Am <strong>29. November<\/strong> findet ein weiterer Klimaaktionstag statt. In  mindestens 250 deutschen St\u00e4dten, darunter auch in Speyer, Landau,  Neustadt, Ludwigshafen und Kaiserslautern, gehen Menschen auf die  Stra\u00dfe, um kurz vor der Weltklimakonferenz Anfang Dezember in Madrid ein  Zeichen f\u00fcr mehr Klimaschutz zu setzen. Die Evangelische Kirche der  Pfalz und das Bistum Speyer unterst\u00fctzen den Klimaaktionstag und geben  Mitarbeiterinnen und Mitarbeitern die M\u00f6glichkeit, an den  Aktionsveranstaltungen teilzunehmen.<\/p>\n\n\n\n<p>\u201eWir\n brauchen jetzt klare Kurskorrekturen im pers\u00f6nlichen Lebensstil wie \nauch im politischen Handeln\u201c, betonen der Umweltbeauftragte des Bistums \nSpeyer, Pastoralreferent Steffen Glombitza, und Pfarrer Detlev Besier \nvon der Arbeitsstelle Frieden und Umwelt der Evangelischen Kirche der \nPfalz. Sie weisen auf einen Aufruf von \u00fcber 23.000 Wissenschaftlern hin,\n die eindringlich vor einem weltweiten Klimanotstand warnen. \u201eOhne einen\n spirituellen und kulturellen Wandel mit einer Abkehr vom materiellen \nWachstumsmodell werden politische und technische L\u00f6sungen nicht \nnachhaltig wirken. Wir m\u00fcssen kritisch unseren Konsum und unsere Weise \ndes Zusammenlebens und des Wirtschaftens \u00fcberpr\u00fcfen. Eine Ver\u00e4nderung \nist nur m\u00f6glich, wenn eine ausreichende Zahl von Menschen ihren \nLebensstil nachhaltig ver\u00e4ndert\u201c, werben Detlev Besier und Steffen \nGlombitza f\u00fcr eine Teilnahme am Klimaaktionstag. Die Mitarbeiterinnen \nund Mitarbeiter des Bistums Speyer und der Evangelischen Kirche der \nPfalz werden von Generalvikar Andreas Sturm und Oberkirchenr\u00e4tin \nDorothee W\u00fcst zur Teilnahme eingeladen.<\/p>\n\n\n\n<p>Die\n Arbeitsstelle Frieden und Umwelt stellt eine eigens f\u00fcr diesen Tag \nentwickelte Andacht als Vorlage f\u00fcr Gemeinden zur Verf\u00fcgung. Auch die \nkatholischen Gemeinden sind eingeladen, diese Andacht wenn m\u00f6glich \n\u00f6kumenisch zu gestalten und das Anliegen f\u00fcr mehr Klima- und \nUmweltschutz angesichts menschlichen Versagens vor Gott ins Gebet zu \nbringen.<\/p>\n\n\n\n<p><strong>Weitere Informationen:<\/strong> <a rel=\"noreferrer noopener\" href=\"https:\/\/deref-web-02.de\/mail\/client\/JLXXOnoQzZA\/dereferrer\/?redirectUrl=http%3A%2F%2Fwww.klima-streik.org\" target=\"_blank\">www.klima-streik.org<\/a><\/p>\n\n\n\n<p><strong>Vorlage f\u00fcr die \u00f6kumenische Andacht:<\/strong> <a rel=\"noreferrer noopener\" href=\"https:\/\/deref-web-02.de\/mail\/client\/P6tj1nu3Mns\/dereferrer\/?redirectUrl=http%3A%2F%2Fwww.frieden-umwelt-pfalz.de\" target=\"_blank\">www.frieden-umwelt-pfalz.de<\/a><\/p>\n\n\n\n<p><em>26.11.2019<\/em><\/p>\n\n\n\n<h2 class=\"wp-block-heading\"><strong>\u201eFrieden leben. Partner f\u00fcr die Eine Welt\u201c<\/strong><\/h2>\n\n\n\n<h3 class=\"wp-block-heading\"><strong>Einf\u00fchrungsveranstaltung zur Kampagne der kirchlichen Hilfswerke im kommenden Kirchenjahr<\/strong><\/h3>\n\n\n\n<p><strong>Speyer &#8211;<\/strong> \u201eFrieden  leben. Partner f\u00fcr die Eine Welt\u201c. Mit diesem Motto r\u00fccken Adveniat,  das Kindermissionswerk \u201eDie Sternsinger\u201c, Misereor, Renovabis und Missio  sowie die weltkirchlichen Dienststellen der 27 deutschen Di\u00f6zesen das  Themenfeld Frieden in den Fokus ihrer Arbeit im Kirchenjahr 2020. Sie  wollen damit ein Zeichen f\u00fcr Frieden, Vers\u00f6hnung, gesellschaftlichen  Zusammenhalt, Weltoffenheit, interreligi\u00f6sen Dialog und  Klimagerechtigkeit setzen. Das gemeinsame Jahresthema beginnt am 1.  Advent mit der Adveniat-Er\u00f6ffnung in Freiburg und endet mit dem  Weltmissionssonntag im Oktober 2020 in Passau. <\/p>\n\n\n\n<p>Die Pfarreien in  allen deutschen Di\u00f6zesen werden eingeladen, mit ihren M\u00f6glichkeiten das  gemeinsame Thema \u201eFrieden leben\u201c aufzugreifen und die Aktionen der  Hilfswerke bekannt zu machen. W\u00e4hrend der jeweiligen Jahresaktionen der  weltkirchlichen Hilfswerke berichten Projektpartner in 27 deutschen  Di\u00f6zesen aus unterschiedlichsten Perspektiven \u00fcber ihre vielf\u00e4ltige  Friedensarbeit. Sie leben und arbeiten in Afrika, Asien, Lateinamerika  und der Karibik, in Osteuropa und Ozeanien. Dort stehen sie an der Seite  der Menschen, die den Folgen von Gewalt und Krieg, staatlicher Willk\u00fcr,  gesellschaftlichen Konflikten, dem politischen Missbrauch von Religion,  sozialer Ungerechtigkeit oder den Folgen des Klimawandels und des  Raubbaus an der Natur ausgesetzt sind. <\/p>\n\n\n\n<p>Im Bistum Speyer sind wie in jedem Jahr verschiedene Veranstaltungen mit internationalen G\u00e4sten geplant. Dar\u00fcber hinaus findet <strong>am  Samstag, 30. November, von 10 bis 13 Uhr im \u201eChez Bernard\u201c  (Friedenskirche St. Bernhard; Hirschgraben 3) in Speyer eine Einf\u00fchrung  in das Thema &#8222;Frieden&#8220; und in die f\u00fcnf Kampagnen der Hilfswerke im  kommenden Kirchenjahr statt.<\/strong> Zus\u00e4tzlich wird ein konkretes Szenario  vorgestellt, mit dem eine friedlichere Politik gestaltet werden kann.  Impulse geben Michael Strake, Paul Nowicki (paxchristi Speyer),  Christoph Grosse (paxchristi Pforzheim), Detlev Besier (Arbeitsstelle  Frieden &amp; Umwelt in der Evangelischen Landeskirche der Pfalz) sowie  Monika Bossung-Winkler (Referentin f\u00fcr Globales Lernen).<\/p>\n\n\n\n<p>Um Anmeldung bei <a rel=\"noreferrer noopener\" href=\"mailto:christoph.fuhrbach@bistum-speyer.de\" target=\"_blank\">christoph.fuhrbach@bistum-speyer.de<\/a> wird gebeten, es gibt Getr\u00e4nke und einen kleinen Imbiss.<\/p>\n\n\n\n<p>Sichtbar  begleitet wird das Jahresthema \u201eFrieden leben. Partner f\u00fcr die Eine  Welt\u201c durch das \u201eFriedenskreuz 2020\u201c des Eichst\u00e4tter Bildhauers Raphael  Graf. Dieses Kreuz begleitet die jeweiligen Jahresaktionen der  Hilfswerke. Die katholischen Hilfswerke und die KDW haben f\u00fcr das  Jahresthema ein gemeinsames Online-Dossier unter <a rel=\"noreferrer noopener\" href=\"https:\/\/deref-web-02.de\/mail\/client\/0uFwN1tJdkI\/dereferrer\/?redirectUrl=https%3A%2F%2Fweltkirche.katholisch.de%2FEngagieren%2FBildungsarbeit%2FJahresthema-Frieden\" target=\"_blank\">https:\/\/weltkirche.katholisch.de\/Engagieren\/Bildungsarbeit\/Jahresthema-Frieden<\/a> eingerichtet. Dort stehen f\u00fcr Interessierte entsprechende Materialien zur Verf\u00fcgung. <\/p>\n\n\n\n<p><strong>Ansprechpartner zum Themenfeld Frieden im Bistum Speyer ist<\/strong> <br>Christoph Fuhrbach <br>Referat Weltkirche<br>E-Mail: <a rel=\"noreferrer noopener\" href=\"mailto:christoph.fuhrbach@bistum-speyer.de\" target=\"_blank\">christoph.fuhrbach@bistum-speyer.de<\/a> <br>Tel. 06232\/102-365<\/p>\n\n\n\n<p><em>Bistum Speyer<br>26.11.2019<\/em><\/p>\n\n\n\n<h2 class=\"wp-block-heading\"><strong>Advent und Weihnachten am Dom zu Speyer<\/strong><\/h2>\n\n\n\n<h3 class=\"wp-block-heading\"><strong>Raum f\u00fcr pers\u00f6nliche Andacht, Gottesdienste und Konzerte<\/strong><\/h3>\n\n\n\n<div class=\"wp-block-image\"><figure class=\"aligncenter\"><img decoding=\"async\" loading=\"lazy\" width=\"800\" height=\"577\" src=\"https:\/\/speyer24news.com\/wp-content\/uploads\/2019\/11\/Dom-Weihnachten-im-Schnee140_KlausLandry.jpg\" alt=\"\" class=\"wp-image-22337\" srcset=\"https:\/\/speyer24news.com\/wp-content\/uploads\/2019\/11\/Dom-Weihnachten-im-Schnee140_KlausLandry.jpg 800w, https:\/\/speyer24news.com\/wp-content\/uploads\/2019\/11\/Dom-Weihnachten-im-Schnee140_KlausLandry-300x216.jpg 300w, https:\/\/speyer24news.com\/wp-content\/uploads\/2019\/11\/Dom-Weihnachten-im-Schnee140_KlausLandry-768x554.jpg 768w\" sizes=\"(max-width: 800px) 100vw, 800px\" \/><figcaption> Dom Weihnachten im Schnee \u00a9 Domkapitel Speyer, Foto: Klaus Landry <\/figcaption><\/figure><\/div>\n\n\n\n<p><strong>Speyer &#8211; <\/strong>In der oftmals hektischen Adventszeit bieten die fast tausendj\u00e4hrigen  Mauern des Speyerer Doms Raum f\u00fcr Ruhe und Besinnung. Mit Gottesdiensten  und <strong>Konzerten der Reihe \u201eCantate Domino\u201c<\/strong> l\u00e4dt der Dom dazu ein,  sich auf das Fest der Menschwerdung Gottes einzustimmen und sich ganz  allm\u00e4hlich mit wachsender Vorfreude Weihachten zu n\u00e4hern. Einen  besonderen Akzent setzen in diesem Jahr <strong>Evensongs im Advent<\/strong>,  kleine musikalische Andachten, die jeweils sonntags um 16:30 Uhr  stattfinden. Dass viele Menschen die Stille des Doms suchen und  sch\u00e4tzen, zeigt sich in der Advents und Weihnachtszeit unter anderem  auch daran, dass die Kerzenst\u00e4nder oft bis an den Rand ihrer Kapazit\u00e4t  best\u00fcckt sind.<\/p>\n\n\n\n<p>Der Advent und damit auch das neue Kirchenjahr werden traditionell am Vorabend des ersten Adventssonntags mit dem <strong>\u00f6kumenischen Adventsl\u00e4uten <\/strong>begr\u00fc\u00dft.\n Am 30. November erklingen ab 17 Uhr f\u00fcr eine Viertelstunde die Glocken \naller Kirchen der Stadt. Am Dom ert\u00f6nt das volle Gel\u00e4ut. Der beste \nH\u00f6rplatz f\u00fcr die Domglocken befindet sich im s\u00fcdlichen Domgarten.<\/p>\n\n\n\n<p>Der  Advent ist gepr\u00e4gt von hingebender und freudiger Erwartung auf die  Ankunft (lateinisch: adventus) und auf die Menschwerdung Christi. Die  liturgische Farbe der Adventszeit ist violett, weshalb auch die Kerzen  des <strong>Adventskranzes<\/strong> im Speyerer Dom in dieser Farbe gehalten sind.  Eine Kerze allerdings ist rosafarben: Sie steht f\u00fcr den 3.  Adventssonntag \u201eGaudete\u201c und kennzeichnet den freudigen Charakter dieses  Tages. Die liturgische Farbe wei\u00df des Weihnachtsfestes vermischt sich  mit dem violett zu rosa. <\/p>\n\n\n\n<div class=\"wp-block-image\"><figure class=\"aligncenter\"><img decoding=\"async\" loading=\"lazy\" width=\"800\" height=\"515\" src=\"https:\/\/speyer24news.com\/wp-content\/uploads\/2019\/11\/Krippe3_m_ChristophKohl.jpg\" alt=\"\" class=\"wp-image-22338\" srcset=\"https:\/\/speyer24news.com\/wp-content\/uploads\/2019\/11\/Krippe3_m_ChristophKohl.jpg 800w, https:\/\/speyer24news.com\/wp-content\/uploads\/2019\/11\/Krippe3_m_ChristophKohl-300x193.jpg 300w, https:\/\/speyer24news.com\/wp-content\/uploads\/2019\/11\/Krippe3_m_ChristophKohl-768x494.jpg 768w\" sizes=\"(max-width: 800px) 100vw, 800px\" \/><figcaption> Detail der Krippe im Speyerer Dom \u00a9 Domkapitel Speyer, Foto: Christoph Kohl <\/figcaption><\/figure><\/div>\n\n\n\n<p>Der Aufbau der <strong>Krippenlandschaft<\/strong>,\n die sich im s\u00fcdlichen Seitenschiff befindet, beginnt am 28. November. \nDie aufw\u00e4ndige Szenerie wird auf mehreren Podesten mit Steinen, Sand und\n Pflanzen gestaltet. In den Tagen unmittelbar vor dem Weihnachtsfest \nbev\u00f6lkern die ersten Tiere die Kreippenlandschaft. Vollendet wird die \nKrippe am 24. Dezember, wenn die Heilige Familie dort Einzug h\u00e4lt. Ihren\n Standort hat die Dom-Krippe in der N\u00e4he des Hauptportals, am westlichen\n Ende des s\u00fcdlichen Seitenschiffs, wo sie bis zum 2. Februar zu sehen \nsein wird. <\/p>\n\n\n\n<h3 class=\"wp-block-heading\"><strong>Gottesdienste<\/strong><\/h3>\n\n\n\n<div class=\"wp-block-image\"><figure class=\"aligncenter\"><img decoding=\"async\" loading=\"lazy\" width=\"803\" height=\"600\" src=\"https:\/\/speyer24news.com\/wp-content\/uploads\/2019\/11\/Dom-Innen.png\" alt=\"\" class=\"wp-image-22339\" srcset=\"https:\/\/speyer24news.com\/wp-content\/uploads\/2019\/11\/Dom-Innen.png 803w, https:\/\/speyer24news.com\/wp-content\/uploads\/2019\/11\/Dom-Innen-300x224.png 300w, https:\/\/speyer24news.com\/wp-content\/uploads\/2019\/11\/Dom-Innen-768x574.png 768w, https:\/\/speyer24news.com\/wp-content\/uploads\/2019\/11\/Dom-Innen-326x245.png 326w, https:\/\/speyer24news.com\/wp-content\/uploads\/2019\/11\/Dom-Innen-80x60.png 80w\" sizes=\"(max-width: 803px) 100vw, 803px\" \/><figcaption>Der Dom zu Weihnachten \u00a9 Domkapitel Speyer, Foto: Joachim Weller <\/figcaption><\/figure><\/div>\n\n\n\n<p>Den Auftakt in die Adventszeit im Dom markiert die <strong>Vesper zum Gro\u00dfen Gebet der Dompfarrei<\/strong>\n Pax Christi am Samstag, 30. November, um 18 Uhr in der Afrakapelle. An \ndie Vesper schlie\u00dft sich ab 19:15 Uhr eine gestaltete Betstunde \u201eMusic \n&amp; Prayer\u201c an, die von KREMPL gestaltet wird. Am Sonntag, 1. Dezember\n findet um 10 Uhr das Hochamt der Dompfarrei zum Gro\u00dfen Gebet mit \nDompfarrer Matthias Bender statt. Musikalisch wird dieser Gottesdienst \ngestaltet vom Chor der Domgemeinde unter der Leitung von Monika \nKeggenhoff.<\/p>\n\n\n\n<p>An den <strong>Adventssonntagen<\/strong>\n wird jeweils um 7:30 Uhr, um 10 Uhr und um 18 Uhr im Dom die Heilige \nMesse gefeiert. Alle Gottesdienste der Advents- und Weihnachtszeit \nwerden musikalisch in besonderer Weise gestaltet. Die&nbsp;<strong>Fr\u00fchschichten<\/strong>&nbsp;der\n Dompfarrei sind ein besonderes Angebot in der Adventszeit. Sie finden \nfreitags um 6:30 Uhr im Dom statt. Anschlie\u00dfend wird zum gemeinsamen \nFr\u00fchst\u00fcck im benachbarten Friedrich-Spee-Haus eingeladen.<\/p>\n\n\n\n<p>Ein besonderer Festtag im Advent ist das Hochfest <strong>Mari\u00e4 Empf\u00e4ngnis<\/strong>.\n Im liturgischen Kalender normalerweise am 8. Dezember zu finden, wird \nes in diesem Jahr am Montag, 9. Dezember mit einer Kapitelsvesper um \n18:00 Uhr und einem Kapitelsamt um 18:30 Uhr gefeiert. Diese beiden \nGottesdienste werden von der Schola gregoriana musikalisch gestaltet.<\/p>\n\n\n\n<p>In diesem Jahr m\u00f6chte der Dom mit einem besonderen Angebot die Menschen zum Innehalten einladen. <strong>Evensongs im Advent<\/strong>\n laden an allen Sonntagen jeweils ab 16:30 Uhr dazu ein, zusammen zu \nkommen um sich auf die Geburt Christi vorzubereiten. Der Evensong ist \neine besonders musikalisch gestaltete Kombination aus Vesper und \nKomplet, wie sie in der Liturgie der anglikanischen Kirche \u00fcblich ist. \nViele Kompositionen werden seit vielen Jahrhunderten eigens f\u00fcr diese \nGottesdienstform geschaffen. <\/p>\n\n\n\n<p>Den  Auftakt macht am Sonntag 1. Dezember, 16:30 Uhr, ein \u00d6kumenischer  Evensong mit Generalvikar Andreas Sturm. Adventliche Bl\u00e4sermusik und  Gregorianik, gespielt vom Evangelischen Posaunenchor Speyer unter der  Leitung von Philipp Neidig, und die am Dom beheimatete Schola Cantorum  Saliensis laden zur konfessions\u00fcbergreifenden Adventsandacht ein. <\/p>\n\n\n\n<p>Am\n Zweiten Adventssonntag, dem 8. Dezember, 16:30 Uhr, wird der Evensong \nvon Domkapitular Franz Vogelgesang geleitet und vom Domchor musikalisch \ngestaltet. Es erklingen St\u00fccke von Johann Stadlmayer, Eduard Karl \nN\u00f6ssler, Felix Mendelssohn Bartholdy und&nbsp; Charles V. Stanford. <\/p>\n\n\n\n<p>Der\n Evensong am Dritten Adventssonntag, 15. Dezember, 16:30 Uhr, richtet \nsich insbesondere an Kinder und junge Familien. Domdekan Dr. Christoph \nKohl wird den Evensong liturgisch leiten. Die Nachwuchsch\u00f6re des \nM\u00e4dchenchores und der Domsingknaben werden adventliche Lieder zu Geh\u00f6r \nbringen. <\/p>\n\n\n\n<p>Am\n Vierten Advent, 22. Dezember, 16.30 Uhr, wird der Evensong von \nDomkapitular Franz Vogelgesang geleitet und von den Speyerer \nDomsingknaben musikalisch gestaltet. <\/p>\n\n\n\n<p>Am&nbsp;<strong>Heiligen Abend<\/strong>&nbsp;l\u00e4dt\n das Domkapitel um 15 Uhr zu einer Kinderkrippenfeier in den Dom&nbsp; ein. \nDomdekan Dr. Christoph Kohl wird dem Gottesdienst vorstehen. Das \nWeihnachts-Singspiel \u201eIm Jahre Null\u201c von Verena Rothaupt, gesungen von \nden Vor- und Nachwuchsch\u00f6ren des M\u00e4dchenchores und der Domsingknaben, \nsteht im Mittelpunkt der Feier. <\/p>\n\n\n\n<p>Ab\n 22 Uhr erklingt weihnachtliche Orgelmusik gespielt von Domorganist \nMarkus Eichenlaub. Die Christmette mit Vigilfeier zelebriert Weihbischof\n Otto Georgens ab 22:30 Uhr. Das Vokalensemble der Dommusik und ein \nInstrumentalensemble gestalten den feierlichen Gottesdienst mit Musik \nvon u.a. Johann Stadlmayer,&nbsp; Christopher Tambling und John Rutter. <\/p>\n\n\n\n<p>Informationen zu weiteren Gottesdiensten am Heiligen Abend in Speyer sind auf der Seite <a href=\"http:\/\/www.kirchen-in-speyer.de\/de\/home\/\">kirchen-in-speyer.de<\/a> zu finden.<\/p>\n\n\n\n<p>Am <strong>Ersten Weihnachtstag<\/strong>  feiert Bischof Dr. Karl-Heinz Wiesemann um 10 Uhr ein Pontifikalamt,  das musikalisch vom M\u00e4dchenchor, den Domsingknaben, dem Domchor, den  Dombl\u00e4sern mit der Missa octo vocum von Hans Leo Hassler, Motetten und  Lieds\u00e4tzen gestaltet wird. <\/p>\n\n\n\n<p>Um\n 16:30 Uhr findet die Pontifikalvesper statt. Die musikalische \nGestaltung \u00fcbernimmt das Vokalensemble der Dommusik. Es erklingen St\u00fccke\n von Johann Sebastian Bach, Andreas Hammerschmidt und Giovanni P. da \nPalestrina.<\/p>\n\n\n\n<p>Das Pontifikalamt am <strong>Zweiten Weihnachtstag<\/strong>,\n der dem Gedenken an den zweiten Patron des Doms, Erzm\u00e4rtyrer Stephanus,\n gewidmet ist, wird um 10 Uhr von Weihbischof Otto Georgens zelebriert. \nEs musiziert die Capella Spirensis vocale e instrumentale. <\/p>\n\n\n\n<p>In den Hauptgottesdiensten wird die Orgel jeweils von Domorganist Markus Eichenlaub gespielt.<\/p>\n\n\n\n<p>Eine \u00dcbersichte zu allen Gottesdiensten im Dom und deren musikalischer Gestaltung ist auf der Seite dom-zu-speyer.de zu finden.<\/p>\n\n\n\n<p>Am Sonntag, 29. Dezember 2019, dem<strong> Fest Der Heiligen Familie, <\/strong>feiert Domdekan Dr. Christoph Kohlum 10 Uhr das Kapitelsamt.Musikalisch gestaltet wir dieses von der Schola gregoriana und den Dombl\u00e4sern.<\/p>\n\n\n\n<p>An Silvester, Dienstag, 31. Dezember, findet ab 16 Uhr ein feierliches<strong> Pontifikalamt zum <\/strong>\u00a0<strong>Jahresschluss<\/strong>  im Dom statt. Bischof Dr. Karl-Heinz Wiesemann zelebriert die Messe,  die musikalisch vom M\u00e4dchenchor, den Domsingknaben, dem Domchor und den  Dombl\u00e4sern gestaltet werden.<\/p>\n\n\n\n<p>Am Neujahrstag, 1. Januar 2020, findet um 10 Uhr ein Kapitelsamt mit Domdekan Dr. Kohl statt.<\/p>\n\n\n\n<p>Am Sonntag nach Neujahr, 5. Januar 2020, feiert Generalvikar Andreas Sturm das Kapitelsamt.<\/p>\n\n\n\n<p>Am Dreik\u00f6nigstag, Montag, 6. Januar 2020, zelebriert Weihbischof Otto Georgens um 10 Uhr ein feierliches Pontifikalamt zum <strong>Fest der Erscheinung des Herrn. <\/strong>Musikalisch gestaltet wird das Hochamt von der Capella Spirensis vocale e instrumentale<strong>.<\/strong><\/p>\n\n\n\n<h3 class=\"wp-block-heading\"><strong>Konzerte<\/strong><\/h3>\n\n\n\n<div class=\"wp-block-image\"><figure class=\"aligncenter\"><img decoding=\"async\" loading=\"lazy\" width=\"801\" height=\"601\" src=\"https:\/\/speyer24news.com\/wp-content\/uploads\/2019\/11\/Cantate_Domino_JoachimWeller.jpg\" alt=\"\" class=\"wp-image-22340\" srcset=\"https:\/\/speyer24news.com\/wp-content\/uploads\/2019\/11\/Cantate_Domino_JoachimWeller.jpg 801w, https:\/\/speyer24news.com\/wp-content\/uploads\/2019\/11\/Cantate_Domino_JoachimWeller-300x225.jpg 300w, https:\/\/speyer24news.com\/wp-content\/uploads\/2019\/11\/Cantate_Domino_JoachimWeller-768x576.jpg 768w, https:\/\/speyer24news.com\/wp-content\/uploads\/2019\/11\/Cantate_Domino_JoachimWeller-678x509.jpg 678w, https:\/\/speyer24news.com\/wp-content\/uploads\/2019\/11\/Cantate_Domino_JoachimWeller-326x245.jpg 326w, https:\/\/speyer24news.com\/wp-content\/uploads\/2019\/11\/Cantate_Domino_JoachimWeller-80x60.jpg 80w\" sizes=\"(max-width: 801px) 100vw, 801px\" \/><figcaption> Konzert der Reihe \u201eCantate Domino\u201c \u00a9 Domkapitel Speyer, Foto: Joachim Weller <\/figcaption><\/figure><\/div>\n\n\n\n<p>Die Freude auf die Ankunft des Herrn bestimmt die Konzertreihe \u201eCantate  Domino\u201c der Dommusik \u00a0Speyer. Die Konzerte von etwa einer Stunde Dauer  finden jeweils samstags um 18 Uhr statt. Der Eintritt ist frei, um eine  Spende wird gebeten.<\/p>\n\n\n\n<p>Den Auftakt macht das Konzert <strong>\u201eCantate Domino: Lobet den <\/strong><strong>Namen des Herrn\u201c<\/strong>\n mit G\u00e4sten aus Russland. Am Samstag, 7. Dezember, 18 Uhr, singt der \nKnabenchor aus Dubna unter der Leitung von Olga Mironova russische \nChormusik von Bortnianskji, Swiridow, Rachmaninoff und anderen.<\/p>\n\n\n\n<p>Am Vorabend des Dritten Adventssonntags, Samstag, 14. Dezember um 18 Uhr, wird mit <strong>\u201eCantate Domino: Nine Lessons and Carols\u201c<\/strong>\n eine anglikanische Tradition aufgegriffen. Zu Lesungen gibt es \nChormusik mit Werken von Elgar, Britten, Mendelssohn Bartholdy, gesungen\n vom Cantus Juvenum Karlsruhe unter der Leitung von Peter Gortner.<\/p>\n\n\n\n<p><strong>\u201eCantate Domino: Marche du veilleur de nuit \u2013 Wachet auf, ruft uns die Stimme\u201c<\/strong>\n ist das Konzert zum vierten Adventssonntag betitelt. Strahlende Kl\u00e4nge \nvon Trompete und Orgel k\u00fcnden am Samstag, 21.12, 18 Uhr, die \nMenschwerdung Christi an. Der Trompeter Falk Zimmermann&nbsp; und Stephan \nRahn an der Orgel spielen St\u00fccke von Bach, H\u00e4ndel, Widor, Guilmant und \nFranck.<\/p>\n\n\n\n<p>Zum Abschluss der Weihnachtszeit kommen fast alle Ensembles der Dommusik zu einem Konzert zusammen: Unter der \u00dcberschrift <strong>\u201eCantate Domino zum Ende der Adventszeit: O du fr\u00f6hliche \u2026\u201c<\/strong>&nbsp;\n l\u00e4dt die Dommusik am Samstag, 11. Januar 2020, 18 Uhr, zum Zuh\u00f6ren und \nmitsingen in den Dom ein. Es erklingt festliche Chor-, Bl\u00e4ser- und \nOrgelmusik, gesungen und gespielt vom M\u00e4dchenchor am Dom, den \nDomsingknaben, dem Domchor, der Schola Cantorum Saliensis, den \nDombl\u00e4sern und Domorganist Markus Eichenlaub.<\/p>\n\n\n\n<h3 class=\"wp-block-heading\"><strong>\u201ePuer natus\u201c &nbsp;\u2013 Advents- und Weihnachts-CD der Dommusik<\/strong><\/h3>\n\n\n\n<h4 class=\"wp-block-heading\"><strong>Festliche Advents- und Weihnachtsmusik aus dem Dom zu Speyer<\/strong><\/h4>\n\n\n\n<div class=\"wp-block-image\"><figure class=\"aligncenter\"><img decoding=\"async\" loading=\"lazy\" width=\"500\" height=\"500\" src=\"https:\/\/speyer24news.com\/wp-content\/uploads\/2019\/11\/Cover_Puer_Natus_PRK-_800x800.jpg\" alt=\"\" class=\"wp-image-22341\" srcset=\"https:\/\/speyer24news.com\/wp-content\/uploads\/2019\/11\/Cover_Puer_Natus_PRK-_800x800.jpg 500w, https:\/\/speyer24news.com\/wp-content\/uploads\/2019\/11\/Cover_Puer_Natus_PRK-_800x800-150x150.jpg 150w, https:\/\/speyer24news.com\/wp-content\/uploads\/2019\/11\/Cover_Puer_Natus_PRK-_800x800-300x300.jpg 300w\" sizes=\"(max-width: 500px) 100vw, 500px\" \/><\/figure><\/div>\n\n\n\n<p>Rechtzeitig\n zu Weihnachten gibt es eine neue CD der Dommusik mit festlicher \nAdvents- und Weihnachtsmusik, aufgenommen im Dom zu Speyer. Zu Beginn \nund am Ende erklingen die Glocken des Doms. Die CD versammelt vor allem \nfestliche Arrangements bekannter Advents- und Weihnachtslieder wie \n\u201eMacht hoch die T\u00fcr\u201c, \u201eNun freut euch, ihr Christen\u201c oder \u201eO du \nfr\u00f6hliche\u201c unter Beteiligung aller Chorgruppen sowie der Dombl\u00e4ser und \ndes Domorganisten. Dazu erklingen instrumentale Versionen tradierter \nMelodien wie beispielsweise \u201eVom Himmel hoch\u201c oder \u201eIn dulci jubilo\u201c. \nAuch der M\u00e4dchenchor und die Domsingknaben sind mit zwei St\u00fccken alleine\n zu h\u00f6ren. Einige weniger bekannte Motetten von Felix Mendelssohn \nBartholdy, gesungen vom Domchor, sowie ein Wiegenlied f\u00fcr Sopran und \nOrgel von Max Reger sind als besondere musikalische Leckerbissen mit \nvertreten. Die Interpreten der CD sind der M\u00e4dchenchor am Dom zu Speyer,\n die Speyerer Domsingknaben, der Domchor Speyer, die Dombl\u00e4ser Speyer \nund die Sopranistin Annabelle Hund. An der Orgel spielt Domorganist \nMarkus Eichenlaub. Domkantor Joachim Weller und Domkapellmeister Markus \nMelchiori leiteten die Aufnahmen, die w\u00e4hrend einiger lauer Sommern\u00e4chte\n im Dom stattfanden.<\/p>\n\n\n\n<p>Die  CD ist zum Preis von 17 Euro in der Dom-Info erh\u00e4ltlich. Bestellungen  zzgl. 2 Euro Versandkosten nimmt die Dommusik per Mail an <a rel=\"noreferrer noopener\" href=\"mailto:dommusik@bistum-speyer.de\" target=\"_blank\">dommusik@bistum-speyer.de<\/a>  entgegen. Zum Download oder Streaming ist das Album in den g\u00e4ngigen  Onlineportalen (iTunes, Spotify, Deezer, Amazon Music etc.) verf\u00fcgbar.  Das Booklet sowie H\u00f6rbeispiele sind auf der Website der <a href=\"https:\/\/www.dom-zu-speyer.de\/dommusik\/medien\/cds\/\">Dommusik Speyer<\/a>  (>Medien>CDs) abrufbar. <\/p>\n\n\n\n<h3 class=\"wp-block-heading\"><strong>Informationen f\u00fcr Besucher<\/strong><\/h3>\n\n\n\n<h4 class=\"wp-block-heading\"><strong>\u00d6ffentliche F\u00fchrungen im Advent<\/strong><\/h4>\n\n\n\n<div class=\"wp-block-image\"><figure class=\"aligncenter\"><img decoding=\"async\" loading=\"lazy\" width=\"800\" height=\"533\" src=\"https:\/\/speyer24news.com\/wp-content\/uploads\/2019\/11\/Kinderkrippenfeier_IMG_5906_m.jpg\" alt=\"\" class=\"wp-image-22342\" srcset=\"https:\/\/speyer24news.com\/wp-content\/uploads\/2019\/11\/Kinderkrippenfeier_IMG_5906_m.jpg 800w, https:\/\/speyer24news.com\/wp-content\/uploads\/2019\/11\/Kinderkrippenfeier_IMG_5906_m-300x200.jpg 300w, https:\/\/speyer24news.com\/wp-content\/uploads\/2019\/11\/Kinderkrippenfeier_IMG_5906_m-768x512.jpg 768w\" sizes=\"(max-width: 800px) 100vw, 800px\" \/><figcaption> Die Kinderkrippenfeier mit Domdekan Dr. Christoph Kohl und den Nachwuchsch\u00f6ren der Dommusik Speyer \u00a9 Foto: Domkapitel Speyer <\/figcaption><\/figure><\/div>\n\n\n\n<p>An  den Adventssamstagen bietet das Domkapitel um 14 Uhr \u00f6ffentliche  Domf\u00fchrungen an. Eine weitere \u00f6ffentliche F\u00fchrung wird am 4. Januar, 14  Uhr angeboten. Tickets sind jeweils am selben Tag zum Preis von 8,50  Euro in der Dom-Info auf der S\u00fcdseite des Doms erh\u00e4ltlich.<\/p>\n\n\n\n<h4 class=\"wp-block-heading\"><strong>\u00d6ffnungszeiten<\/strong><\/h4>\n\n\n\n<p>Der\n Dom ist im Winter werktags von 9 bis 17 Uhr, an Sonn\u2212 und Feiertagen \nvon ca. 11:30 bis 17:30 Uhr f\u00fcr Besucher ge\u00f6ffnet. An Feiertagen gelten \nbesondere \u00d6ffnungszeiten. W\u00e4hrend der Gottesdienste ist keine \nBesichtigung m\u00f6glich. <\/p>\n\n\n\n<p>Die Dom-Info ist \nt\u00e4glich von 10 bis 17 Uhr ge\u00f6ffnet. Am Heiligen Abend k\u00f6nnen bis 14 Uhr \nhier letzte Weihnachtsgeschenke erworben werden. An den \nWeihnachtsfeiertagen bleibt die Dom-Info geschlossen.<\/p>\n\n\n\n<h3 class=\"wp-block-heading\"><strong>Termin\u00fcbersicht \u2013 Gottesdienste<\/strong><\/h3>\n\n\n\n<p><strong>Samstag, 30. November 2019 <\/strong><\/p>\n\n\n\n<ul><li>18:00 Uhr \u2013 Vesper in der Afrakapelle zum Gro\u00dfen Gebet der Dompfarrei Pax Christi<\/li><li>mit Dompfarrer Matthias Bender<\/li><li>Frauenschola \u201eMusicaInSpira\u201c<\/li><li>Leitung: Monika Keggenhoff<\/li><li>Deutsche Adventsvesper und Gregorianik<\/li><\/ul>\n\n\n\n<ul><li>19:15 Uhr \u2013 Music &amp; Prayer zum Gro\u00dfen Gebet der Dompfarrei Pax Christi<\/li><li>Musikalisch gestaltet von KREMPL<\/li><\/ul>\n\n\n\n<p><strong>Sonntag, 1. Dezember 2019 | Erster Advent<\/strong><\/p>\n\n\n\n<ul><li>10:00 Uhr \u2013 Hochamt der Dompfarrei zum Gro\u00dfen Gebet<\/li><li>mit Dompfarrer Matthias Bender<\/li><li>Musikalisch gestaltet vom Chor der Domgemeinde, Leitung: Monika Keggenhoff<\/li><li>Motetten und Lieds\u00e4tze zum Advent<\/li><\/ul>\n\n\n\n<ul><li>16:30 Uhr \u2013 \u00d6kumenischer Evensong im Advent<\/li><li>mit Generalvikar Andreas Sturm<\/li><li>Musikalisch gestaltet vom Evangelischer Posaunenchor Speyer, Leitung: Philipp Neidig und der Schola Cantorum Saliensis<\/li><li>Deutsche Psalmen, Gregorianik und Adventliche Bl\u00e4sermusik<\/li><\/ul>\n\n\n\n<p><strong>Sonntag, 8. Dezember 2019 | Zweiter Advent<\/strong><\/p>\n\n\n\n<ul><li>10:00 Uhr \u2013 Kapitelsamt<\/li><li>mit Domkapitular Karl-Ludwig Hundemer<\/li><li>Musikalisch gestaltet vom M\u00e4dchenchor am Dom zu Speyer<\/li><li>Bernhard Blitsch: Messe<\/li><li>Joseph Gabriel Rheinberger: Ave maris stella<\/li><\/ul>\n\n\n\n<ul><li>16:30 Uhr \u2013 Evensong im Advent<\/li><li>mit Domkapitular Franz Vogelgesang<\/li><li>Musikalisch gestaltet vom Domchor<\/li><li>Johann Stadlmayer: Gott heil\u2018ger Sch\u00f6pfer aller Stern<\/li><li>Eduard Karl N\u00f6ssler: Tr\u00f6stet mein Volk<\/li><li>Felix Mendelssohn Bartholdy: Lasset uns frohlocken<\/li><li>Charles V. Stanford: Magnificat und Nunc dimittis in C<\/li><\/ul>\n\n\n\n<p><strong>Montag, 9. Dezember 2019 | Mari\u00e4 Empf\u00e4ngnis<\/strong><\/p>\n\n\n\n<ul><li>18:00 Uhr \u2013 Kapitelsvesper<\/li><li>Musikalisch gestaltet von der Schola gregoriana<\/li><li>Deutsche Vesper<\/li><\/ul>\n\n\n\n<ul><li>18:30 Uhr \u2013 Kapitelsamt<\/li><li>Musikalisch gestaltet von der Schola gregoriana<\/li><li>Gregorianik: Missa XVII in tempore adventus<\/li><li>Communio \u201eGloriosa sunt dicta de te, Maria\u201c<\/li><\/ul>\n\n\n\n<p><strong>Sonntag, 15. Dezember 2019 | Dritter Advent<\/strong><\/p>\n\n\n\n<ul><li>10:00 Uhr \u2013 Kapitelsamt<\/li><li>mit Domkapitular Peter Schappert<\/li><li>Musikalisch gestaltet von der Schola Cantorum Saliensis<\/li><li>Gregorianik: Missa XVII in tempore adventus<\/li><li>Teile des Propriums \u201eGaudete in Domino\u201c<\/li><\/ul>\n\n\n\n<ul><li>16:30 Uhr \u2013 Evensong im Advent f\u00fcr Kinder<\/li><li>mit Domdekan Dr. Christoph Kohl<\/li><li>Musikalisch gestaltet von den Nachwuchss\u00e4ngern des M\u00e4dchenchores und der Domsingknaben<\/li><li>Georg Friedrich H\u00e4ndel: Tochter Zion<\/li><li>Verena Rothaupt: Meine Hilfe kommt vom Herrn<\/li><li>Markus Melchiori: Magnificat<\/li><li>George Dyson: Nunc dimittis<\/li><li>Martin Schraufstetter: Gro\u00df sein l\u00e4sst meine Seele den Herrn<\/li><\/ul>\n\n\n\n<p><strong>Sonntag, 22. Dezember 2019 | Vierter Advent<\/strong><\/p>\n\n\n\n<ul><li>10:00 Uhr \u2013 Kapitelsamt<\/li><li>mit Domkapitular Franz Vogelgesang<\/li><li>Kantorenges\u00e4nge und Orgelmusik<\/li><\/ul>\n\n\n\n<ul><li>16:30 Uhr \u2013 Marianischer Evensong im Advent<\/li><li>mit Domkapitular Franz Vogelgesang<\/li><li>Musikalisch gestaltet von den Domsingknaben<\/li><li>Joachim Weller: Ave, Stern der Meere<\/li><li>Christian M. Hei\u00df: Cantate Domino<\/li><li>Tomaso Ludovico da Vittoria: Ave Maria<\/li><li>Richard Shephard: Song of Mary<\/li><\/ul>\n\n\n\n<p><strong>Heiligabend, 24. <\/strong><strong>Dezember 2019 <\/strong><\/p>\n\n\n\n<ul><li>15:00 Uhr \u2013 Kinderkrippenfeier<\/li><li>mit Domdekan Dr. Christoph Kohl<\/li><li>Musikalisch gestaltet von den Vor- und Nachwuchsch\u00f6ren des M\u00e4dchenchores und der Domsingknaben<\/li><li>Verena Rothaupt: Weihnachts-Singspiel \u201eIm Jahre Null\u201c<\/li><\/ul>\n\n\n\n<ul><li>22:00 Uhr \u2013 Weihnachtliche Orgelmusik<\/li><\/ul>\n\n\n\n<ul><li>22:30 Uhr \u2013 Christmette mit Vigilfeier<\/li><li>mit Weihbischof Otto Georgens<\/li><li>Musikalisch gestaltet vom Vokalensemble der Dommusik, Instrumentalensemble<\/li><li>Johann Stadlmayer: Gott heilger Sch\u00f6pfer aller Stern<\/li><li>Psalmen in Falsibordoni-S\u00e4tzen von\u00a0 Viadana und Zachariis<\/li><li>Christopher Tambling: Sanctus und Agnus Dei aus Missa festiva<\/li><li>John Rutter: Christmas Lullaby, Nativity Carol<\/li><li>Lieds\u00e4tze von Fischbach, Praetorius und Melchiori<\/li><\/ul>\n\n\n\n<p><strong>Erster Weihnachtstag, 25. Dezember 2019<\/strong><\/p>\n\n\n\n<ul><li>10:00 Uhr \u2013 Pontifikalamt<\/li><li>mit Bischof Dr. Karl-Heinz Wiesemann<\/li><li>Musikalisch gestaltet vom M\u00e4dchenchor, Domsingknaben, Domchor, Dombl\u00e4ser<\/li><li>Hans Leo Hassler: Missa octo vocum<\/li><li>Giovanni Gabrieli: Hodie Christus natus est \u00e0 8<\/li><li>Lieds\u00e4tze von R\u00fcding, Willcocks, G\u00f6ttsche, u.a.<\/li><\/ul>\n\n\n\n<ul><li>16:30 Uhr \u2013 Pontifikalvesper<\/li><li>mit Bischof Dr. Karl-Heinz Wiesemann<\/li><li>Musikalisch gestaltet vom Vokalensemble der Dommusik<\/li><li>Johann Sebastian Bach: Gelobet seist du, Jesu Christ<\/li><li>Psalmen in Falsibordoni-S\u00e4tzen von Viadana und Zachariis<\/li><li>Andreas Hammerschmidt: Das Wort ward Fleisch, Magnificat<\/li><li>Giovanni P. da Palestrina: Alma redemptoris mater<\/li><\/ul>\n\n\n\n<p><strong>Zweiter Weihnachtstag, 26. Dezember 2019<\/strong><\/p>\n\n\n\n<ul><li>10:00 Uhr \u2013 Pontifikalamt<\/li><li>mit Weihbischof Otto Georgens<\/li><li>Musikalisch gestaltet von der Capella Spirensis vocale e instrumentale<\/li><li>Valentin Rathgeber: Kyrie und Agnus Dei aus Missa civilis in B<\/li><li>Dietrich Buxtehude: In dulci jubilo<\/li><li>Vincent L\u00fcbeck: Willkommen, s\u00fc\u00dfer Br\u00e4utigam<\/li><\/ul>\n\n\n\n<p><strong>Sonntag, 29. Dezember 2019 | Fest Der Heiligen Familie<\/strong><\/p>\n\n\n\n<ul><li>10:00 Uhr \u2013 Kapitelsamt<\/li><li>mit Domdekan Dr. Christoph Kohl<\/li><li>Musikalisch gestaltet von der Schola gregoriana und den Dombl\u00e4sern<\/li><li>Deutsches Ordinarium und Wechselges\u00e4nge aus dem Gotteslob<\/li><li>Festliche Musik f\u00fcr Bl\u00e4ser und Orgel<\/li><\/ul>\n\n\n\n<p><strong>Dienstag, 31. Dezember 2019<\/strong><\/p>\n\n\n\n<ul><li>16:00 Uhr \u2013 Pontifikalamt zum Jahresschluss<\/li><li>mit Bischof Dr. Karl-Heinz Wiesemann<\/li><li>Musikalisch gestaltet vom M\u00e4dchenchor, Domsingknaben, Domchor, Dombl\u00e4ser<\/li><li>Christian M. Hei\u00df: Missa \u201eFidem cantemus\u201c<\/li><li>Edward Elgar: Ave verum corpus<\/li><li>Weihnachtliche Lieds\u00e4tze von R\u00fcding, Praetorius, u.a.<\/li><\/ul>\n\n\n\n<p><strong>Neujahr, 1. Januar 2020<\/strong><\/p>\n\n\n\n<ul><li>10:00 Uhr \u2013 Kapitelsamt<\/li><li>mit Domdekan Dr. Christoph Kohl<\/li><li>Musikalisch gestaltet von der Schola gregoriana<\/li><li>Claudio Casciolini: Missa brevis<\/li><li>Gregorianik: Gloria aus Missa VIII \u201ede angelis\u201c<\/li><\/ul>\n\n\n\n<p><strong>Sonntag nach Neujahr, 5. Januar 2020<\/strong><\/p>\n\n\n\n<ul><li>10:00 Uhr \u2013 Kapitelsamt<\/li><li>mit Generalvikar Andreas Sturm<\/li><li>Kantorenges\u00e4nge und Orgelmusik<\/li><\/ul>\n\n\n\n<p><strong>Montag, 6. Januar 2020 | Erscheinung des Herrn<\/strong><\/p>\n\n\n\n<ul><li>10:00 Uhr \u2013 Pontifikalamt<\/li><li>mit Weihbischof Otto Georgens<\/li><li>Musikalisch gestaltet von der Capella Spirensis vocale e instrumentale<\/li><li>Valentin Rathgeber: Kyrie und Agnus Dei aus Missa civilis in B<\/li><li>Dietrich Buxtehude: In dulci jubilo<\/li><li>Vincent L\u00fcbeck: Willkommen, s\u00fc\u00dfer Br\u00e4utigam<\/li><\/ul>\n\n\n\n<h3 class=\"wp-block-heading\"><strong>Termin\u00fcbersicht \u2013 Konzerte der Dommusik<\/strong><\/h3>\n\n\n\n<p>Der Eintritt zu den Konzerten der Reihe Cantate Domino ist frei. Um eine Spende wird gebeten.<\/p>\n\n\n\n<p><strong>Samstag, 7. Dezember 2019, 18:00 Uhr <\/strong><\/p>\n\n\n\n<p><strong>Cantate Domino zum zweiten Adventssonntag: Lobet den Namen des Herrn<\/strong><\/p>\n\n\n\n<ul><li>Russische Chormusik von Bortnianskji, Swiridow, Rachmaninoff, u.a.<\/li><li>Knabenchor aus Dubna (Russland), Leitung: Olga Mironova<\/li><\/ul>\n\n\n\n<p><strong>Samstag, 14. Dezember 2019, 18:00 Uhr <\/strong><\/p>\n\n\n\n<p><strong>Cantate Domino zum dritten Adventssonntag: Nine Lessons and Carols<\/strong><\/p>\n\n\n\n<ul><li>Lesungen und Chormusik zum Advent nach anglikanischer Tradition<\/li><li>mit Werken von Elgar, Britten, Mendelssohn Bartholdy u.a.<\/li><li>Cantus Juvenum Karlsruhe, Leitung: Peter Gortner \/ Markus Eichenlaub, Orgel<\/li><\/ul>\n\n\n\n<p><strong>Samstag, 21. Dezember 2019, 18:00 Uhr<\/strong><\/p>\n\n\n\n<p><strong>Cantate Domino zum Vierten Adventssonntag<\/strong>: <strong>Marche du veilleur de nuit \u2013 Wachet auf, ruft uns die Stimme<\/strong><\/p>\n\n\n\n<ul><li>Musik f\u00fcr Trompete und Orgel von Bach, H\u00e4ndel, Widor, Guilmant und Franck<\/li><li>Falk Zimmermann, Trompete \/ Stephan Rahn, Orgel<\/li><\/ul>\n\n\n\n<p><strong>Neujahr, 1. Januar 202, 15:00 Uhr<\/strong><\/p>\n\n\n\n<p><strong>Festliches Neujahrskonzert <\/strong><\/p>\n\n\n\n<ul><li>Werke f\u00fcr Blechbl\u00e4ser und Orgel von Gabrieli, Bach, Gigout, Kotsier, u.a.<\/li><li>Speyerer Dombl\u00e4ser \/ Domorganist Markus Eichenlaub, Orgel<\/li><li>Domkapellmeister Markus Melchiori, Leitung<\/li><\/ul>\n\n\n\n<p><strong>Samstag, 11. Januar 2020, 18:00 Uhr <\/strong><\/p>\n\n\n\n<p><strong>Cantate Domino zum Ende der Weihnachtszeit: O du fr\u00f6hliche \u2026! <\/strong><\/p>\n\n\n\n<ul><li>Festliche Chor-, Bl\u00e4ser- und Orgelmusik zum Zuh\u00f6ren und Mitsingen<\/li><li>M\u00e4dchenchor am Dom, Domsingknaben, Domchor, Schola Cantorum Saliensis, Dombl\u00e4ser, Markus Eichenlaub, Orgel<\/li><\/ul>\n\n\n\n<p><em>\u2212 \u00c4nderungen vorbehalten \u2013<\/em><\/p>\n\n\n\n<h3 class=\"wp-block-heading\"><strong>Aktuelle Informationen:<\/strong><\/h3>\n\n\n\n<p><a href=\"https:\/\/deref-web-02.de\/mail\/client\/5ZRbxjW7p9k\/dereferrer\/?redirectUrl=http%3A%2F%2Fwww.dom-zu-speyer.de%2Fgotteshaus%2Fadvent-und-weihnachten%2F\" target=\"_blank\" rel=\"noreferrer noopener\">www.dom-zu-speyer.de\/gotteshaus\/advent-und-weihnachten\/<\/a><\/p>\n\n\n\n<p>und <a href=\"https:\/\/deref-web-02.de\/mail\/client\/0MK1v139OqM\/dereferrer\/?redirectUrl=http%3A%2F%2Fwww.dommusik-speyer.de\" target=\"_blank\" rel=\"noreferrer noopener\">www.dommusik-speyer.de<\/a><\/p>\n\n\n\n<p><em>Text: Bistum Speyer Foto: siehe Bildunterschrift<br>26.11.2019<\/em><\/p>\n\n\n\n<h2 class=\"wp-block-heading\"><strong>Rund 54.000 Katholikinnen und Katholiken w\u00e4hlen neue Pfarrgremien<\/strong><\/h2>\n\n\n\n<h3 class=\"wp-block-heading\"><strong>Wahlbeteiligung von 11,9 Prozent \u2013 Allgemeine Briefwahl in Testpfarreien hat fast zu Stimmverdoppelung gef\u00fchrt<\/strong><\/h3>\n\n\n\n<div class=\"wp-block-image\"><figure class=\"aligncenter\"><img decoding=\"async\" loading=\"lazy\" width=\"800\" height=\"532\" src=\"https:\/\/speyer24news.com\/wp-content\/uploads\/2019\/11\/PG-Wahl.png\" alt=\"\" class=\"wp-image-22334\" srcset=\"https:\/\/speyer24news.com\/wp-content\/uploads\/2019\/11\/PG-Wahl.png 800w, https:\/\/speyer24news.com\/wp-content\/uploads\/2019\/11\/PG-Wahl-300x200.png 300w, https:\/\/speyer24news.com\/wp-content\/uploads\/2019\/11\/PG-Wahl-768x511.png 768w\" sizes=\"(max-width: 800px) 100vw, 800px\" \/><figcaption>Die Pfarrgremienwahlen in Winnweiler<\/figcaption><\/figure><\/div>\n\n\n\n<p><strong>Speyer &#8211;<\/strong> Am Wochenende (16 &amp; 17.11.2019) haben die Katholikinnen und Katholiken im Bistum Speyer  die Mitglieder der Pfarreir\u00e4te, Verwaltungsr\u00e4te und Gemeindeaussch\u00fcsse  f\u00fcr die kommenden vier Jahre gew\u00e4hlt. Rund 54.000 Gl\u00e4ubige beteiligten  sich an den Wahlen. Das entspricht einer Wahlbeteiligung von rund 11,9  Prozent. \u201eWir sind froh, dass wir die Wahlbeteiligung von vor vier  Jahren damit beinahe wieder erreicht haben\u201c, erkl\u00e4rt Generalvikar  Andreas Sturm. Diese hatte bei 12,2 Prozent gelegen.<\/p>\n\n\n\n<p>\u201eIch  gratuliere allen, die in die neuen Pfarrgremien gew\u00e4hlt wurden\u201c, sagt  Generalvikar Sturm. \u201eSie \u00fcbernehmen aktive Verantwortung f\u00fcr das  kirchliche Leben. Daf\u00fcr danke ich ihnen von Herzen wie auch allen, die  sich als Kandidatinnen und Kandidaten zur Wahl gestellt haben.\u201c Auch die  Wahlhelferinnen und \u2013helfer schlie\u00dft Sturm in den Dank des Bistums ein.  \u201eKirche lebt vom Mitmachen und Mitgestalten. Das haben die mit viel  Einsatz und Sorgfalt durchgef\u00fchrten Wahlen in den 363 Wahlbezirken  wieder einmal eindrucksvoll unter Beweis gestellt.\u201c<\/p>\n\n\n\n<div class=\"wp-block-image\"><figure class=\"aligncenter\"><img decoding=\"async\" loading=\"lazy\" width=\"800\" height=\"533\" src=\"https:\/\/speyer24news.com\/wp-content\/uploads\/2019\/11\/PG-Wahl2.png\" alt=\"\" class=\"wp-image-22335\" srcset=\"https:\/\/speyer24news.com\/wp-content\/uploads\/2019\/11\/PG-Wahl2.png 800w, https:\/\/speyer24news.com\/wp-content\/uploads\/2019\/11\/PG-Wahl2-300x200.png 300w, https:\/\/speyer24news.com\/wp-content\/uploads\/2019\/11\/PG-Wahl2-768x512.png 768w\" sizes=\"(max-width: 800px) 100vw, 800px\" \/><\/figure><\/div>\n\n\n\n<p>Der\n Trend ging diesmal klar in Richtung Briefwahl. So haben sich rund 51 \nProzent der W\u00e4hlerinnen und W\u00e4hler per Briefwahl an den Wahlen \nbeteiligt. In f\u00fcnf Testpfarreien blieben die Wahllokale versuchsweise \nsogar ganz geschlossen. Zuvor waren alle Gl\u00e4ubigen, die zur Pfarrei \ngeh\u00f6ren, per Post mit allen Wahlunterlagen angeschrieben und zur \nBriefwahl eingeladen worden. \u201eDie Wahlbeteiligung hat sich in diesen \nf\u00fcnf Testpfarreien fast verdoppelt\u201c, zieht Marius Wingerter vom Referat \nPfarrliche und \u00fcberpfarrliche R\u00e4te ein positives Res\u00fcmee. \u201eDa wurden \nunsere Erwartungen sogar noch \u00fcbertroffen.\u201c Die h\u00f6chste Wahlbeteiligung \nmit 45,7 Prozent hat diesmal die Gemeinde Heilig Kreuz aus Hayna in der \nPfarrei Mari\u00e4 Himmelfahrt in Herxheim erreicht.<\/p>\n\n\n\n<p>Als  schwierig dagegen erwies sich bei den Pfarrgremienwahlen, die unter  18-J\u00e4hrigen zu mobilisieren. W\u00e4hrend die Wahlbeteiligung in dieser  Altersgruppe im Jahr 2015 noch bei rund 17,7 Prozent gelegen hatte, ist  sie diesmal auf rund 10,6 Prozent abgerutscht. Auch in den gro\u00dfen  St\u00e4dten f\u00e4llt es erfahrungsgem\u00e4\u00df schwerer, Menschen f\u00fcr die  Pfarrgremienwahlen zu motivieren. So lag zum Beispiel die  Wahlbeteiligung im Dekanat Ludwigshafen mit 6,6 Prozent deutlich unter  dem Durchschnitt des Bistums.<\/p>\n\n\n\n<div class=\"wp-block-image\"><figure class=\"aligncenter\"><img decoding=\"async\" loading=\"lazy\" width=\"800\" height=\"534\" src=\"https:\/\/speyer24news.com\/wp-content\/uploads\/2019\/11\/PG-Wahl3.png\" alt=\"\" class=\"wp-image-22336\" srcset=\"https:\/\/speyer24news.com\/wp-content\/uploads\/2019\/11\/PG-Wahl3.png 800w, https:\/\/speyer24news.com\/wp-content\/uploads\/2019\/11\/PG-Wahl3-300x200.png 300w, https:\/\/speyer24news.com\/wp-content\/uploads\/2019\/11\/PG-Wahl3-768x513.png 768w\" sizes=\"(max-width: 800px) 100vw, 800px\" \/><\/figure><\/div>\n\n\n\n<p>Eine\n andere Schwierigkeit wurde bereits in der Vorbereitung der Wahlen \noffenbar. Vielerorts war es nicht oder nur mit M\u00fche gelungen, die \nnotwendige Zahl von Kandidatinnen und Kandidaten zu finden. So mussten \nviele Pfarreien zum Instrument der Urwahl oder der erg\u00e4nzenden Urwahl \ngreifen. Rund 50 Prozent der Pl\u00e4tze in den Pfarrei- und Verwaltungsr\u00e4ten\n und rund 29 Prozent der Pl\u00e4tze in den Gemeindeaussch\u00fcssen wurden auf \ndiese Weise besetzt. \u201e\u00dcber diese Entwicklung m\u00fcssen wir uns im Blick auf\n die n\u00e4chsten Pfarrgremienwahlen im Jahr 2023 sicher Gedanken machen\u201c, \nerkl\u00e4rt Generalvikar Andreas Sturm.<\/p>\n\n\n\n<p><strong>Link zu den Wahlergebnissen in den Dekanaten und Pfarreien:<\/strong> <a href=\"https:\/\/pfarrgremien.bistum-speyer.de\/\">https:\/\/pfarrgremien.bistum-speyer.de\/<\/a><\/p>\n\n\n\n<p><em>Bistum Speyer<br>26.11.2019<\/em><\/p>\n\n\n\n<h2 class=\"wp-block-heading\">Alles egal? Oder hast du noch Tr\u00e4ume?<\/h2>\n\n\n\n<h3 class=\"wp-block-heading\">Der Bu\u00df- und Bettag thematisiert in diesem Jahr die Tr\u00e4ume und W\u00fcnsche  der evangelischen Gl\u00e4ubigen. Die Landeskirche beteiligt sich erstmals an  der Kampagne zum Kirchenfeiertag.<\/h3>\n\n\n\n<div class=\"wp-block-image\"><figure class=\"aligncenter\"><img decoding=\"async\" loading=\"lazy\" width=\"800\" height=\"518\" src=\"https:\/\/speyer24news.com\/wp-content\/uploads\/2019\/11\/Buss-und-Bettag.png\" alt=\"\" class=\"wp-image-22333\" srcset=\"https:\/\/speyer24news.com\/wp-content\/uploads\/2019\/11\/Buss-und-Bettag.png 800w, https:\/\/speyer24news.com\/wp-content\/uploads\/2019\/11\/Buss-und-Bettag-300x194.png 300w, https:\/\/speyer24news.com\/wp-content\/uploads\/2019\/11\/Buss-und-Bettag-768x497.png 768w\" sizes=\"(max-width: 800px) 100vw, 800px\" \/><\/figure><\/div>\n\n\n\n<p><strong>Speyer \/ Homburg \/ Kaiserslautern<\/strong> <em>(lk) <\/em>-Nicht vergessen: Am 20. November ist  Bu\u00df- und Bettag. In der Pfalz und Saarpfalz bieten zahlreiche  Kirchengemeinden Gottesdienste und Veranstaltungen, auch wenn der  Kirchenfeiertag kein gesetzlicher Feiertag mehr ist.<\/p>\n\n\n\n<p>Erstmals beteiligt sich auch die Evangelische Kirche der Pfalz an der  Kampagne der Evangelisch-Lutherischen Kirche in Bayern sowie der  Evangelischen Kirche von Kurhessen-Waldeck zum Bu\u00df- und Bettag. Unter  dem Motto &#8222;Alles egal? Oder hast du noch Tr\u00e4ume?&#8220; l\u00e4dt der Feiertag  Gemeindemitglieder dazu ein, Gedanken und Tr\u00e4ume schweifen zu lassen,  sie mit anderen zu teilen und die Perspektive zu wechseln.<\/p>\n\n\n\n<p>In Speyer stellt der Gottesdienst zu Bu\u00df- und Bettag am 20. November um  10 Uhr die Fotoausstellung &#8222;Stolen Girls &#8211; Geraubte M\u00e4dchen&#8220; in den  Mittelpunkt. Die Portr\u00e4ts des Fotografen Andy Spyra zeigen einige der  nigerianischen Sch\u00fclerinnen, die 2014 von der Terrororganisation Boko  Haram entf\u00fchrt wurden.<\/p>\n\n\n\n<p>Die Protestantische Stadtkirche in Homburg (Kirchenstra\u00dfe 11, 66424  Homburg) reaktiviert am 20. November um 19 Uhr nach vielen Jahren die  Prominentenkanzel. Kanzelrednerin ist Sarah Gillen, seit 2017 Mitglied  des saarl\u00e4ndischen Landtags und unter anderem in den Wirtschafts- und  Verkehrsaussch\u00fcssen t\u00e4tig. Die Diplomingenieurin f\u00fcr Raum- und  Umweltplanung lebt in St. Wendel, wandert und singt gerne. Die Liturgie  \u00fcbernimmt Pfarrerin Petra Scheidhauer.<\/p>\n\n\n\n<p>Bereits im dritten Jahr findet der zentrale \u00f6kumenische Gottesdienst in  Kaiserslautern in Einrichtungen der Region statt. Von 18 bis 20 Uhr l\u00e4dt  das Westpfalz-Klinikum (Tagungszentrum, Goethestra\u00dfe 31,  Kaiserslautern) Interessierte ein, \u00fcber das Gesundheitssystem zu  sprechen. Thema sind die unterschiedlichen Bed\u00fcrfnisse und  Herausforderungen von Patienten, Pflegenden und Verantwortlichen. Die  drei Perspektiven werden in einer Diskussion vertreten von  Peter  F\u00f6rster, Gesch\u00e4ftsf\u00fchrer des Westpfalz-Klinikums, Pfarrer Gerd Kiefer,  Leiter der Evangelischen Arbeitsstelle Bildung und Gesellschaft, und  Diakon Andreas Welte, Referent f\u00fcr Seelsorge in der Arbeitswelt beim  Bistum Speyer, sowie Marcel Divivier-Schulz, Regionsgesch\u00e4ftsf\u00fchrer des  Deutschen Gewerkschaftsbundes f\u00fcr die Westpfalz. Der Klinikchor unter  der Leitung von Jutta Goldinger begleitet den Abend musikalisch. Im  Anschluss gibt es einen kleinen Imbiss und Gelegenheit zum Austausch.<\/p>\n\n\n\n<p><strong>Hintergrund: <\/strong>Der Bu\u00df- und Bettag ist f\u00fcr evangelische Christen ein Tag  der Besinnung und Neuorientierung im Leben. Der Gedenktag dient dem  Nachdenken \u00fcber individuelle und gesellschaftliche Irrt\u00fcmer wie  beispielsweise Ausl\u00e4nderhass, Umweltzerst\u00f6rung und die Ausgrenzung von  Armen und Obdachlosen. Der Feiertag wurde vor einigen Jahren allerdings  zum politischen Zankapfel: Der protestantische Bu\u00df- und Bettag, erstmals  1532 in Stra\u00dfburg offiziell eingef\u00fchrt, wurde 1995 zur Finanzierung der  Pflegeversicherung in allen Bundesl\u00e4ndern au\u00dfer in Sachsen als  gesetzlicher Feiertag ersatzlos gestrichen.<\/p>\n\n\n\n<p><strong>Mehr Infos: <\/strong>Auf der Webseite <a rel=\"noreferrer noopener\" href=\"https:\/\/deref-web-02.de\/mail\/client\/MyU6y4TsxaQ\/dereferrer\/?redirectUrl=http%3A%2F%2Fwww.busstag.de\" target=\"_blank\">www.busstag.de<\/a> sowie bei Facebook und Instagram auf der Seite @busstag gibt es thematische Anregungen und Materialien zum Bu\u00df- und Bettag.<\/p>\n\n\n\n<p>26.11.2019<\/p>\n\n\n\n<h2 class=\"wp-block-heading\">Greenpeace pr\u00e4sentiert: <strong>Markus Mauthe \u2013 An den R\u00e4ndern des Horizonts<\/strong><\/h2>\n\n\n\n<h3 class=\"wp-block-heading\"><strong>Eine Reise zu den\nIndigenen Gemeinschaften und verborgenen Sch\u00f6nheiten unserer Erde<\/strong><strong><\/strong><\/h3>\n\n\n\n<h4 class=\"wp-block-heading\"><strong>Am\u00a0Donnerstag, 28.11. kommt der Umweltaktivist und Naturfotograf Markus Mauthe mit seiner neuen Foto-Live-Show \u201eAn den R\u00e4ndern des Horizonts\u201c ins erlebt Forum nach Landau.<\/strong><\/h4>\n\n\n\n<div class=\"wp-block-image\"><figure class=\"aligncenter\"><img decoding=\"async\" loading=\"lazy\" width=\"800\" height=\"533\" src=\"https:\/\/speyer24news.com\/wp-content\/uploads\/2019\/11\/20190313_Markus_Unterwasser_Tauchen.jpg\" alt=\"\" class=\"wp-image-22330\" srcset=\"https:\/\/speyer24news.com\/wp-content\/uploads\/2019\/11\/20190313_Markus_Unterwasser_Tauchen.jpg 800w, https:\/\/speyer24news.com\/wp-content\/uploads\/2019\/11\/20190313_Markus_Unterwasser_Tauchen-300x200.jpg 300w, https:\/\/speyer24news.com\/wp-content\/uploads\/2019\/11\/20190313_Markus_Unterwasser_Tauchen-768x512.jpg 768w\" sizes=\"(max-width: 800px) 100vw, 800px\" \/><\/figure><\/div>\n\n\n\n<p><strong>Landau &#8211; <\/strong>Seit 30 Jahren bereist Markus Mauthe die letzten Winkel der Erde fernab bekannter Reiserouten. F\u00fcr sein aktuelles Projekt in Zusammenarbeit mit der Umweltschutzorganisation Greenpeace machte er sich auf die Suche nach Menschen, die abseits unserer modernen Welt noch m\u00f6glichst nahe an den Wurzeln ihrer indigenen Kulturen leben.<\/p>\n\n\n\n<p>Das Ergebnis\ndieser Expeditionen ist eine einzigartige multimediale Live-Show, die einen\nspannenden Ausschnitt der kulturellen und \u00f6kologischen Vielfalt unseres\nPlaneten zeigt. Als Umweltaktivist ist Mauthe zugleich Chronist des Wandels, in\ndem die indigenen Gesellschaften heute begriffen sind durch Umweltzerst\u00f6rung,\nGlobalisierung und Klimawandel. <\/p>\n\n\n\n<p>Schon seine erste Reise zu den San und Himba in Namibia l\u00e4sst ihn sp\u00fcren, was sich wie ein roter Faden die n\u00e4chsten drei Jahre durch seine Expedition ziehen wird: Die Welt ist in einem rasanten Wandel, kaum etwas bleibt wie es ist. Die Kultur der San findet quasi nur noch in Schaud\u00f6rfern f\u00fcr Touristen statt, die Himba dagegen k\u00e4mpfen im n\u00f6rdlichen Namibia um das \u00dcberleben ihrer Rinder, weil es immer seltener regnet.<\/p>\n\n\n\n<div class=\"wp-block-image\"><figure class=\"aligncenter\"><img decoding=\"async\" loading=\"lazy\" width=\"600\" height=\"399\" src=\"https:\/\/speyer24news.com\/wp-content\/uploads\/2019\/11\/MarkusMauthe-Russland.png\" alt=\"\" class=\"wp-image-22332\" srcset=\"https:\/\/speyer24news.com\/wp-content\/uploads\/2019\/11\/MarkusMauthe-Russland.png 600w, https:\/\/speyer24news.com\/wp-content\/uploads\/2019\/11\/MarkusMauthe-Russland-300x200.png 300w\" sizes=\"(max-width: 600px) 100vw, 600px\" \/><\/figure><\/div>\n\n\n\n<p>Im Amazonas-Urwald Brasiliens\nbesucht Markus Mauthe die Aw\u00e1, eine von 320 Bev\u00f6lkerungsgruppen im\nAmazonasgebiet. Pfeil, Bogen, traditionelle Kleidung und Schmuck sind keine\nblo\u00dfe Dekoration f\u00fcr Besucher und Touristen, sondern zeugen von einem Leben im\nEinklang mit der Natur. Doch keinen Kilometer entfernt, donnern jeden Tag an\nihrem Dorf hunderte mit Eisenerz beladene Z\u00fcge vorbei und bringen Siedler mit,\ndie immer weiter in die W\u00e4lder vordringen. Das Dorf der Aw\u00e1 ist eine Insel\ninmitten landwirtschaftlicher Nutzfl\u00e4chen.<\/p>\n\n\n\n<p>Dennoch: es gibt sie auch noch, die magischen Momente, wo der Fotograf eine Welt betritt, die losgel\u00f6st von Zeit und Raum zu sein scheint. Etwa bei den Mundari im S\u00fcdsudan, die in Symbiose mit ihren gro\u00df hornigen \u201eRindern der K\u00f6nige\u201c leben; bei den alten Chin-Frauen, deren filigrane Gesichtst\u00e4towierungen davon erz\u00e4hlen, wie ihre weiblichen Vorfahren durch die List der T\u00e4towierung den Entf\u00fchrungsversuchen eines fremden K\u00f6nigs entkamen &#8211; oder bei den Korowei in Western Papua, die in bis zu 20 Meter hohen Baumh\u00e4usern im Sternenhimmel zu schlafen scheinen.<\/p>\n\n\n\n<div class=\"wp-block-image\"><figure class=\"aligncenter\"><img decoding=\"async\" loading=\"lazy\" width=\"800\" height=\"533\" src=\"https:\/\/speyer24news.com\/wp-content\/uploads\/2019\/11\/20190313_Pressemix_2_PRINT.jpg\" alt=\"\" class=\"wp-image-22331\" srcset=\"https:\/\/speyer24news.com\/wp-content\/uploads\/2019\/11\/20190313_Pressemix_2_PRINT.jpg 800w, https:\/\/speyer24news.com\/wp-content\/uploads\/2019\/11\/20190313_Pressemix_2_PRINT-300x200.jpg 300w, https:\/\/speyer24news.com\/wp-content\/uploads\/2019\/11\/20190313_Pressemix_2_PRINT-768x512.jpg 768w\" sizes=\"(max-width: 800px) 100vw, 800px\" \/><\/figure><\/div>\n\n\n\n<p>Insgesamt drei Jahre lang war Markus Mauthe f\u00fcr sein\naktuelles Fotoprojekt in Afrika, Asien, am Nordpolarkreis und in S\u00fcdamerika\nunterwegs. Der Ausnahmefotograf bildet die Traditionen und Gebr\u00e4uche von 22\nindigenen Gemeinschaften ab, die in Tropenw\u00e4ldern, in der Savanne, auf dem\nOzean und in der Arktis zu Hause sind. Mit ber\u00fchrenden Portraits und\nbildgewaltige Momentaufnahmen vor charakteristischen Landschaften schafft es\nMauthe, individuelle Besonderheiten der indigenen Kulturen herauszustellen. Im\nFokus beh\u00e4lt der Fotograf stets die Sch\u00f6nheit und W\u00fcrde des Einzelnen.\nHerausgekommen sind Fotografien auf h\u00f6chstem \u00e4sthetischem Niveau, Zeugnisse von\nmenschlichen Begegnungen auf Augenh\u00f6he. Dokumentarische Filmsequenzen,\nabenteuerliche Erfahrungen und stimmungsvolle Musikpassagen seines langj\u00e4hrigen\nKomponisten Kai Arend verdichten die Live-Show zu einem intensiven\natmosph\u00e4rischen Erlebnis. <\/p>\n\n\n\n<p>Der Vortrag findet im erlebt Forum in der Marie-Curie-Stra\u00dfe 3 in Landau statt. Der Einlass ist ab 18:30 Uhr, die Veranstaltung beginnt um 19:30 Uhr. Der Eintritt ist frei.<\/p>\n\n\n\n<p><em>erlebt Forum Landau<br>26.11.2019<\/em><\/p>\n\n\n\n<h2 class=\"wp-block-heading\"><strong>Die Begleitung alter Menschen als Ausdruck gelebten Glaubens<\/strong><\/h2>\n\n\n\n<h3 class=\"wp-block-heading\"><strong>Bistum  Speyer und Dekanat Darmstadt boten gemeinsame Qualifizierung f\u00fcr  Ehrenamtliche in der Altenheimseelsorge an \u2013 Abschluss mit Gottesdienst  und F\u00fchrung im Speyerer Dom<\/strong><\/h3>\n\n\n\n<div class=\"wp-block-image\"><figure class=\"aligncenter\"><img decoding=\"async\" loading=\"lazy\" width=\"800\" height=\"521\" src=\"https:\/\/speyer24news.com\/wp-content\/uploads\/2019\/11\/Kursgruppe-mit-Angeh\u00f6rigen-und-Mentoren.jpg\" alt=\"\" class=\"wp-image-22329\" srcset=\"https:\/\/speyer24news.com\/wp-content\/uploads\/2019\/11\/Kursgruppe-mit-Angeh\u00f6rigen-und-Mentoren.jpg 800w, https:\/\/speyer24news.com\/wp-content\/uploads\/2019\/11\/Kursgruppe-mit-Angeh\u00f6rigen-und-Mentoren-300x195.jpg 300w, https:\/\/speyer24news.com\/wp-content\/uploads\/2019\/11\/Kursgruppe-mit-Angeh\u00f6rigen-und-Mentoren-768x500.jpg 768w\" sizes=\"(max-width: 800px) 100vw, 800px\" \/><figcaption>Kursgruppe mit Angeh\u00f6rigen und Mentoren<\/figcaption><\/figure><\/div>\n\n\n\n<p><strong>Speyer &#8211; <\/strong>Fast ein ganzes Jahr haben sie sich auf ihre Aufgabe vorbereitet. Am  Samstag schlie\u00dflich war es soweit, dass die 22 Teilnehmerinnen und  Teilnehmer der Qualifizierung f\u00fcr Ehrenamtliche in der  Altenheimseelsorge ihren Abschluss feiern konnten. Ein Gottesdienst im  Speyerer Dom mit anschlie\u00dfender Domf\u00fchrung bot Anlass zur R\u00fcckschau auf  die gemeinsam zur\u00fcckgelegte Wegstrecke.<\/p>\n\n\n\n<p>\u201eDas\n Seminar hat mir Wege gezeigt, wie ich gut auf mich achten kann, damit \nauch gut auf andere achten kann\u201c, sagt Margit Weinert aus \nB\u00f6hl-Iggelheim. Sie versteht ihren Einsatz f\u00fcr \u00e4ltere Mitmenschen als \n\u201egelebten Glauben\u201c und stellt r\u00fcckblickend fest, dass die gesamte \nSeminargruppe durch den gemeinsamen Glauben getragen war. Eine hohe \nMotivation nimmt auch Christian Schneider aus Darmstadt mit. \u201eObwohl ich\n auf den Rollstuhl angewiesen kann, kann ich doch gut mit Menschen \nsprechen. Diese F\u00e4higkeit wurde in dem Seminar gest\u00e4rkt\u201c, zieht er f\u00fcr \nsich Bilanz.<\/p>\n\n\n\n<p>Auch\n die Ausbildungsleiterinnen Walburga Wintergerst (Seniorenseelsorge im \nBistum Speyer) und Erika Ochs (Projekt \u201eSeelsorge 60+\u201c des Dekanats \nDarmstadt) kommen zu einem positiven Res\u00fcmee: \u201eDie \nSeminarteilnehmerinnen und \u2013teilnehmer waren sehr interessiert und haben\n begeistert mitgemacht.\u201c Viele hatten Erfahrungen mitgebracht, die f\u00fcr \ndas Seminar hilfreich waren, zum Beispiel aus der Pflege, der \nHospizarbeit oder der Leitung von Wort-Gottes-Feiern. Die Teilnehmer \nkamen je zur H\u00e4lfte aus dem Bistum Speyer und dem Dekanat Darmstadt. So \nwaren beim Abschlussgottesdienst im Dom nicht nur die Angeh\u00f6rigen und \nbegleitenden Mentoren zugegen, sondern auch Dr. Thomas Kiefer, der \nLeiter der Abteilung \u201eSeelsorge in Pfarrei und Lebensr\u00e4umen\u201c, in \nVertretung f\u00fcr das Bistum Speyer und Pfarrer Dr. Christoph Klock als \nRepr\u00e4sentant des Dekanats Darmstadt.<\/p>\n\n\n\n<p>Thomas\n Kiefer sprach den Teilnehmerinnen und Teilnehmern bei seiner Predigt im\n Gottesdienst Mut zu: \u201eBeim Herrn ist nichts unm\u00f6glich. Als \nHoffnungstr\u00e4gerinnen und \u2013tr\u00e4ger werden Sie heute ausgesandt. Als \nsolche, die als Salz Geschmack in den einen oder andere Seniorenalltag \nbringen k\u00f6nnen, und als Licht, welches gerade dann den Menschen \nentgegenleuchten kann, wenn es dunkel und traurig ums Herz ist.<\/p>\n\n\n\n<p>Ziel\n der Qualifizierung war es, \u201emit alten Menschen einen Weg zu gehen und \nderen Freude und Hoffnung, Trauer und \u00c4ngste zu teilen\u201c, erl\u00e4utern die \nbeiden Ausbildungsleiterinnen. Durch den Besuch alter Mensch, durch Zeit\n f\u00fcr Gespr\u00e4che und das pers\u00f6nliche Gebet soll eine Br\u00fccke zwischen der \nPfarrei und dem Alten- und Pflegeheim entstehen. Auch die Gestaltung von\n Andachten, spirituellen Impulsen, Krankenkommunionfeiern und \nWort-Gottes-Feiern mit Kommunionspendung an Werktagen waren Thema der \nQualifizierung, ebenso die Begleitung sterbender Menschen und die \nGestaltung von Abschiedsfeiern in der Einrichtung. F\u00fcr die fachlichen \nImpulse sorgten unter anderem Clemens Schirmer (Liturgie), Thomas Mann \n(Pr\u00e4vention) und Kerstin Fleischer (Hospiz- und Trauerseelsorge).<\/p>\n\n\n\n<p>Die\n Qualifizierung umfasste f\u00fcnf zweit\u00e4gige Module, in denen \nunterschiedliche Schwerpunkte der Altenheimseelsorge behandelt wurden. \nHinzu kamen praktische Erfahrungen im Altenheim, f\u00fcr die sich die \nTeilnehmerinnen und Teilnehmer pro Woche zwei bis drei Stunden Zeit \ngenommen hatten. Begleitet wurden die Ehrenamtlichen in der Praxisphase \ndurch Mentorinnen und Mentoren, die den Seminarteilnehmern als \nAnsprechpartner zur Verf\u00fcgung standen, sie in die Einrichtung einf\u00fchrten\n und ihre Arbeit konstruktiv begleiteten.<\/p>\n\n\n\n<p>Der  Bedarf nach ehrenamtlichen Helferinnen und Helfern in den Altenheimen  sei sehr gro\u00df, unterstreichen die Ausbildungsleiterinnen. Gebraucht  werden vor allem Menschen, die Zeit mitbringen und zuh\u00f6ren k\u00f6nnen. So  wie Christian Schneider, der im Seminar festgestellt hat: \u201eEs geht um  das sensible und genaue Hinh\u00f6ren &#8211; nicht nur auf das gesprochene Wort,  sondern auch auf das, was nicht ausgesprochen wird.\u201c<\/p>\n\n\n\n<p><em>Bistum Speyer<br>26.11.2019<\/em><\/p>\n","protected":false},"excerpt":{"rendered":"<div class=\"mh-excerpt\"><p>Dom im Dunklen Die Stromversorgung der Kathedrale wird am 2. Dezember w\u00e4hrend Wartungsarbeiten f\u00fcr f\u00fcnf Stunden unterbrochen Speyer &#8211; Am Montag, den 2. Dezember, gehen im Speyerer Dom f\u00fcr f\u00fcnf Stunden die Lichter aus. Wartungsarbeiten <a class=\"mh-excerpt-more\" href=\"https:\/\/speyer24news.com\/?p=22328\" title=\"Kirche\">[&#8230;]<\/a><\/p>\n<\/div>","protected":false},"author":3,"featured_media":0,"comment_status":"open","ping_status":"open","sticky":false,"template":"","format":"standard","meta":{"_monsterinsights_skip_tracking":false,"_monsterinsights_sitenote_active":false,"_monsterinsights_sitenote_note":"","_monsterinsights_sitenote_category":0,"footnotes":""},"categories":[120],"tags":[4607,4595,4593,1885,174,4610,4590,1861,3724,2901,4589,2360,4596,4601,4591,4592,4611,121,4314,4606,1241,4603,4605,4612,4594,4602,4599,4600,4609,418,123,4608,4598,4597,4604],"aioseo_notices":[],"amp_enabled":true,"_links":{"self":[{"href":"https:\/\/speyer24news.com\/index.php?rest_route=\/wp\/v2\/posts\/22328"}],"collection":[{"href":"https:\/\/speyer24news.com\/index.php?rest_route=\/wp\/v2\/posts"}],"about":[{"href":"https:\/\/speyer24news.com\/index.php?rest_route=\/wp\/v2\/types\/post"}],"author":[{"embeddable":true,"href":"https:\/\/speyer24news.com\/index.php?rest_route=\/wp\/v2\/users\/3"}],"replies":[{"embeddable":true,"href":"https:\/\/speyer24news.com\/index.php?rest_route=%2Fwp%2Fv2%2Fcomments&post=22328"}],"version-history":[{"count":1,"href":"https:\/\/speyer24news.com\/index.php?rest_route=\/wp\/v2\/posts\/22328\/revisions"}],"predecessor-version":[{"id":22358,"href":"https:\/\/speyer24news.com\/index.php?rest_route=\/wp\/v2\/posts\/22328\/revisions\/22358"}],"wp:attachment":[{"href":"https:\/\/speyer24news.com\/index.php?rest_route=%2Fwp%2Fv2%2Fmedia&parent=22328"}],"wp:term":[{"taxonomy":"category","embeddable":true,"href":"https:\/\/speyer24news.com\/index.php?rest_route=%2Fwp%2Fv2%2Fcategories&post=22328"},{"taxonomy":"post_tag","embeddable":true,"href":"https:\/\/speyer24news.com\/index.php?rest_route=%2Fwp%2Fv2%2Ftags&post=22328"}],"curies":[{"name":"wp","href":"https:\/\/api.w.org\/{rel}","templated":true}]}}