{"id":22361,"date":"2019-11-26T14:56:49","date_gmt":"2019-11-26T13:56:49","guid":{"rendered":"https:\/\/speyer24news.com\/?p=22361"},"modified":"2019-11-26T14:56:51","modified_gmt":"2019-11-26T13:56:51","slug":"hassloch-38","status":"publish","type":"post","link":"https:\/\/speyer24news.com\/?p=22361","title":{"rendered":"Ha\u00dfloch"},"content":{"rendered":"<style type=\"text\/css\">\r\n\t.ads_top_disp{}\r\n\t.ads_top_corner_disp{ float:left; margin:0px 10px 10px 0px; }\r\n\t.ads_first_p_disp{}\r\n\t.ads_bottom_disp{}\r\n\t<\/style>\n<h2 class=\"wp-block-heading\">Abendbegehungen mit Polizei und Ordnungsamt in Planung<\/h2>\n\n\n\n<p>Der Erste Beigeordnete Tobias Meyer m\u00f6chte als zust\u00e4ndiger Ordnungsdezernent Anfang kommenden Jahres so genannte Abendbegehungen mit Polizei und Ordnungsamt realisieren, an denen auch interessierte B\u00fcrgerinnen und B\u00fcrger teilnehmen k\u00f6nnen. Konkret sind zwei Begehungen geplant. Die erste soll sich auf den Bereich des Ha\u00dflocher Bahnhofes konzentrieren, die zweite soll im Bereich des Rathausplatzes stattfinden. Hierbei sollen B\u00fcrgerinnen und B\u00fcrger im Dialog mit Polizei und Ordnungsverwaltung ihr pers\u00f6nliches Sicherheitsempfinden darlegen, auf potentielle Gefahrenstellen aufmerksam machen sowie Lob und Kritik in Bezug auf Sicherheit und Ordnung \u00e4u\u00dfern k\u00f6nnen. Die beiden Begehungen sollen im Januar und Februar 2020 stattfinden. Die genauen Termine werden derzeit geplant und rechtzeitig kommuniziert. <\/p>\n\n\n\n<p>Die geplanten Abendbegehungen im Bereich des Bahnhofes und des Rathausplatzes sind nicht zuf\u00e4llig gew\u00e4hlt, sondern h\u00e4ngen mit der bereits l\u00e4nger andauernden und immer wieder aufkommenden Diskussion um eine m\u00f6gliche Video\u00fcberwachung in diesen Bereichen zusammen. Zuletzt hatte die Ha\u00dflocher CDU eine von knapp 800 Personen unterschriebene Petition \u201eF\u00fcr ein sicheres Ha\u00dfloch \u2013 Video\u00fcberwachung am Bahnhof und Rathausplatz\u201c an Innenminister Roger Lewentz \u00fcbergeben. Das Ziel: Durch Video\u00fcberwachung die Zahl der Straftaten und Ordnungswidrigkeiten im Bereich des Bahnhofes und Rathausplatzes zu reduzieren. Die Erfolgsaussichten sind laut Innenminister allerdings gering. <\/p>\n\n\n\n<p>Eine Aussage, die auch die Gemeindeverwaltung Ha\u00dfloch kennt. Das Thema Video\u00fcberwachung war letztmals im Haupt-, Finanz- und Wirtschaftsf\u00f6rderungsausschuss im Oktober 2018 Gespr\u00e4chsgegenstand gewesen. Die Verwaltung hatte auf Antrag der CDUFraktion die rechtlichen M\u00f6glichkeiten eines solchen Vorhabens gepr\u00fcft und vom Innenministerium, Datenschutzbeauftragten sowie vom Polizeipr\u00e4sidium Rheinpfalz Absagen in Bezug auf eine Video\u00fcberwachung erhalten. \u201eIm Vergleich mit Gro\u00dfst\u00e4dten m\u00f6gen der Ha\u00dflocher Rathausplatz sowie der Bahnhofsvorplatz keine kriminellen Hotspots sein, dennoch ist jede Straftat eine zu viel\u201c, so der Erste Beigeordnete und Ordnungsdezernent Tobias Meyer. Mit den Abendbegehungen m\u00f6chte die Verwaltung interessierten B\u00fcrgerinnen und B\u00fcrgern nun die M\u00f6glichkeit zum Dialog geben. M\u00f6glichweise entstehen daraus auch Ideen f\u00fcr weitere flankierende Ma\u00dfnahmen zur Erh\u00f6hung des Sicherheitsempfinden (beispielsweise Dunkelstellen besser beleuchten oder \u00e4hnliches), so Meyer.  <\/p>\n\n\n\n<p><em>Gemeindeverwaltung Ha\u00dfloch<br>26.11.2019<\/em><\/p>\n\n\n\n<h2 class=\"wp-block-heading\">Der Online-Adventskalender \u00f6ffnet sich wieder<\/h2>\n\n\n\n<div class=\"wp-block-image\"><figure class=\"aligncenter\"><img decoding=\"async\" loading=\"lazy\" width=\"800\" height=\"529\" src=\"https:\/\/speyer24news.com\/wp-content\/uploads\/2019\/11\/Bild-Online-Adventskalender-2019.jpg\" alt=\"\" class=\"wp-image-22362\" srcset=\"https:\/\/speyer24news.com\/wp-content\/uploads\/2019\/11\/Bild-Online-Adventskalender-2019.jpg 800w, https:\/\/speyer24news.com\/wp-content\/uploads\/2019\/11\/Bild-Online-Adventskalender-2019-300x198.jpg 300w, https:\/\/speyer24news.com\/wp-content\/uploads\/2019\/11\/Bild-Online-Adventskalender-2019-768x508.jpg 768w\" sizes=\"(max-width: 800px) 100vw, 800px\" \/><\/figure><\/div>\n\n\n\n<p>Der Online-Adventskalender der Gemeinde Ha\u00dfloch \u00f6ffnet sich in 2019 zum inzwischen 5. Mal. Das Prinzip der Vorjahre bleibt erhalten und ist denkbar simpel: <strong>Vom 1. bis zum 24. Dezember<\/strong> k\u00f6nnen alle Interessierten t\u00e4glich ein virtuelles Adventskalendert\u00fcrchen \u00f6ffnen. Hinter den T\u00fcrchen verstecken sich unterschiedliche Fragen rund um Weihnachten, Ha\u00dfloch und die Pfalz. Wer richtig antwortet, kann an einer Verlosung teilnehmen und hat die Chance auf tolle Preise. Die Palette der zu gewinnenden Preise ist dank zahlreicher Sponsoren breit gef\u00e4chert: Es gibt Restaurant-, Schmuck- sowie Weingutscheine, Eintrittskarten zu Veranstaltungen, ein Fotoshooting, Kinokarten inklusive Getr\u00e4nk und Popcorn, Schlemmerbl\u00f6cke, Karten f\u00fcr den Holiday Park, das Technikmuseum, den Badepark und vieles mehr. \u201eWir freuen uns \u00fcber die Unterst\u00fctzung durch Sponsoren, die uns jedes Jahr eine tolle und abwechslungsreiche Mischung an Preisen f\u00fcr eine m\u00f6glichst breite Zielgruppe zur Verf\u00fcgung stellen\u201c, so Kathrin Z\u00f6ller von der Tourist-Information, die den OnlineAdventskalender in Zusammenarbeit mit dem IT-Leiter der Gemeinde, Nico Steinm\u00fcller, j\u00e4hrlich realisiert.<\/p>\n\n\n\n<p>Der Online-Adventskalender ist \u00fcber die Homepage <a href=\"http:\/\/www.hassloch.de\">www.hassloch.de<\/a> sowie \u00fcber den <a href=\"https:\/\/www.facebook.com\/gemeinde.hassloch\/\">Facebook-Auftritt<\/a> der Gemeindeverwaltung zu erreichen. Mit Beginn der Adventszeit kann t\u00e4glich ein virtuelles T\u00fcrchen am Kalender ge\u00f6ffnet werden, hinter dem dann die Frage des Tages sowie der jeweilige Tagesgewinn erscheint. Jeder, der die Frage richtig beantwortet, kann an der Verlosung teilnehmen (Mitarbeiter der Gemeindeverwaltung sind ausgeschlossen). Die jeweiligen Tagesgewinner werden dann in der Regel am darauffolgenden Werktag ermittelt und von der Tourist-Information benachrichtigt. <\/p>\n\n\n\n<p>Der Erste Beigeordnete Tobias Meyer freut sich auf die inzwischen f\u00fcnfte Auflage des Online-Adventskalenders, der in den vergangenen Jahren stets an Zuspruch gewonnen hat. In 2018 wurden die Adventskalendert\u00fcrchen \u00fcber 15.000 Mal ge\u00f6ffnet (15.282 \u00d6ffnungen), mehr als 7.800 Personen beantworteten die t\u00e4gliche Frage und beteiligten sich damit am Gewinnspiel. In 2017 waren es rund 11.000 und in 2016 rund 9.000 virtuelle T\u00fcr\u00f6ffnungen. Der Vergleich mit den Vorjahren zeigt den wachsenden Erfolg. Die Gr\u00fcnde daf\u00fcr liegen vermutlich in der Einfachheit: \u201eDer Kalender bietet den Nutzern kurzweilige Unterhaltung inklusive Gewinnm\u00f6glichkeit\u201c, so Meyer. F\u00fcr die Gemeinde wiederum ist es eine Chance f\u00fcr relativ wenig Geld \u2013 n\u00e4mlich rund 100 Euro f\u00fcr die Bereitstellung des Kalender-Tools \u2013 auf die Homepage und die dort ver\u00f6ffentlichten Inhalte aufmerksam zu machen.<\/p>\n\n\n\n<p>Der Online-Adventskalender ist ab sofort \u00fcber die Homepage sowie \u00fcber den FacebookAuftritt der Gemeinde erreichbar und kann ab dem 01. Dezember 2019 ge\u00f6ffnet werden. Bis zur \u00d6ffnung des ersten T\u00fcrchens l\u00e4uft ein virtueller Countdown, der die Tage, Stunden und Minuten bis zum ersten Advent herunterz\u00e4hlt. <\/p>\n\n\n\n<p><em>Gemeindeverwaltung Ha\u00dfloch<br>26.11.2019<\/em><\/p>\n\n\n\n<h2 class=\"wp-block-heading\">Runder Tisch des Kriminalpr\u00e4ventiven Rates \u2013 Einladung an B\u00fcrgerinnen und B\u00fcrger<\/h2>\n\n\n\n<p>Die Gemeindeverwaltung Ha\u00dfloch und die Polizeiinspektion Ha\u00dfloch laden alle interessierten B\u00fcrgerinnen und B\u00fcrger am<strong> 28. November 2019<\/strong> um 19:00 Uhr zum Runden Tisch des Kriminalpr\u00e4ventiven Rates in den Versammlungsraum im Feuerwehrger\u00e4tehaus (Schillerstra\u00dfe 13b in Ha\u00dfloch) ein. Vor dem Hintergrund vermehrter Betrugsanrufe in j\u00fcngster Vergangenheit, bei denen Betr\u00fcger falsche Gewinnversprechen t\u00e4tigten oder sich gar als Notare, Anw\u00e4lte oder Polizisten ausgaben, m\u00f6chte der Runde Tisch das Thema aufgreifen und entsprechend sensibilisieren. Dazu wurde Yvonne Weber von der Zentralen Pr\u00e4vention, Sachbereich 15, des Polizeipr\u00e4sidiums Rheinpfalz in Ludwigshafen eingeladen. Sie wird in ihrem Vortrag die Themenfelder \u201eEnkeltrick\u201c, \u201eFalscher Polizist am Telefon\u201c sowie weitere Betrugsmaschen beleuchten. Dar\u00fcber hinaus wird der stellenvertretende Leiter der Ha\u00dflocher Polizeiinspektion, Manfred Husch, einen Blick auf die Kriminalit\u00e4tsstatistik sowie Matthias Schramm einen Blick auf die Verkehrs- und Unfallstatistik in Ha\u00dfloch werfen. Im Anschluss sind au\u00dferdem Fragen an die jeweiligen Referenten m\u00f6glich.  <\/p>\n\n\n\n<p>Der Kriminalpr\u00e4ventive Rat in Ha\u00dfloch setzt sich aus Vertretern der Ordnungsverwaltung sowie der Polizeiinspektion Ha\u00dfloch zusammen. Einmal im Quartal kommt man zu internen Dienstbesprechungen zusammen, um aktuelle Themen, Aufgaben, Probleme und Anliegen zu besprechen. In der Arbeit von Ordnungsamt und Polizei gibt es an vielen Stellen Ber\u00fchrungsund Schnittpunkte. \u201eEin regelm\u00e4\u00dfiger Austausch ist f\u00fcr eine gute Zusammenarbeit daher von gro\u00dfer Bedeutung und unerl\u00e4sslich\u201c, sind sich der Erste Beigeordnete Tobias Meyer und der Leiter der Ha\u00dflocher Polizeiinspektion, Wolfgang Brunke, einig.<\/p>\n\n\n\n<p>Unabh\u00e4ngig von den quartalsweisen Dienstbesprechungen hat es sich der Kriminalpr\u00e4ventive Rat zur Aufgabe gemacht, bei Runden Tischen \u00fcber verschiedene Themen zu informieren und in den Dialog mit den B\u00fcrgerinnen und B\u00fcrgern zu treten. Zuletzt fand eine solche Sitzung im November 2018 statt. Damals stand das Thema \u201eAlkohol im Stra\u00dfenverkehr\u201c im Mittelpunkt, ebenso hatte sich die Opferschutzorganisation Wei\u00dfer Ring vorgestellt. Auch Themen wie \u201eKaffeefahrten\u201c und \u201eDie untersch\u00e4tzte Gefahr von Legal Highs\u201c waren bei vergangenen Veranstaltungen bereits Thema. F\u00fcr die Sitzung am 28. November 2019 l\u00e4dt man herzlich ein und hofft auf reges Interesse.<\/p>\n\n\n\n<p><em>Gemeindeverwaltung Ha\u00dfloch<br>26.11.2019<\/em><\/p>\n\n\n\n<h2 class=\"wp-block-heading\">Ha\u00dflocher \u201eWeihnachtsmarkt der 1000 Lichter\u201c startet am 29. November<\/h2>\n\n\n\n<p>Beim Ha\u00dflocher \u201eWeihnachtsmarkt der 1000 Lichter\u201c ist der Name Programm. Schon Anfang November wurden s\u00e4mtliche Lichterketten in den B\u00e4umen am Jahnplatz entsprechend hergerichtet, gepr\u00fcft und kontrolliert, sodass p\u00fcnktlich zum ersten Adventswochenende der Jahnplatz in einem Meer aus Lichtern erstrahlen kann und dem Ha\u00dflocher Weihnachtsmarkt einen ganz eigenen Charme verleiht. L\u00e4ngst hat es sich in der Region herumgesprochen, dass ein Bummel \u00fcber den Ha\u00dflocher Weihnachtsmarkt sowie das abwechslungsreiche B\u00fchnenprogramm ein Erlebnis f\u00fcr die ganze Familie sind. Eine Besonderheit ist die Waldweihnacht mit dem beliebten Treffpunkt in der Jurte. Eine Fahrt mit der Pferdekutsche und das Stockbrotbraten am Lagerfeuer runden die urige Atmosph\u00e4re ab.<\/p>\n\n\n\n<p>Der Ha\u00dflocher Weihnachtsmarkt ist an allen vier Adventswochenenden ge\u00f6ffnet \u2013 und zwar freitags von 17:00 bis 21:00 Uhr, samstags von 16:00 bis 21:00 Uhr und sonntags von 14:00 bis 21:00 Uhr. Der Weihnachtsmarkt hat letztmalig am 22.12. ge\u00f6ffnet.<\/p>\n\n\n\n<p>Die offizielle Er\u00f6ffnung des Marktes erfolgt am 29. November um 18:00 Uhr durch B\u00fcrgermeister Lothar Lorch, den Ersten Beigeordneten Tobias Meyer und Pfarrer Friedrich Schmidt-Roscher. Ebenfalls dabei ist Anna-Maria L\u00f6ffler, die Anfang Oktober die Krone der Pf\u00e4lzischen Weink\u00f6nigin erstmals nach Ha\u00dfloch geholt hat. Auch sie m\u00f6chte es sich nicht entgehen lassen, den Ha\u00dflocher Weihnachtsmarkt offiziell zu er\u00f6ffnen. Bereits im Vorfeld der Er\u00f6ffnung ist Programm auf der B\u00fchne: Die Musikschule stimmt die Marktbesucher musikalisch ein. Auch die KiTa \u201eSt. Elisabeth\u201c wird ab 17:00 Uhr die B\u00fchne mit einem kleinen Weihnachtsbeitrag bespielen. Nach der offiziellen Er\u00f6ffnung wird \u2013 wie bereits in den vergangenen Jahren &#8211; der Chor des Theodor-Friedrich-Hauses auf der B\u00fchne stehen.<\/p>\n\n\n\n<h3 class=\"wp-block-heading\">Ohnehin bieten alle vier Adventswochenenden ein buntes Programm. Anbei die Programm\u00fcbersicht: <\/h3>\n\n\n\n<h4 class=\"wp-block-heading\">Erstes Adventswochenende:<\/h4>\n\n\n\n<p><strong>29.11.2019: <\/strong><\/p>\n\n\n\n<ul><li>17:00 Uhr: Auftritt KiTa \u201eSt. Elisabeth\u201c <\/li><li>17:30 Uhr: Musikschule Ha\u00dfloch <\/li><li>18:00 Uhr: Offizielle Er\u00f6ffnung des Weihnachtsmarktes <\/li><li>18:30 Uhr: Hauschor des Theodor-Friedrich-Hauses <\/li><\/ul>\n\n\n\n<p><strong>30.11.2019: <\/strong><\/p>\n\n\n\n<ul><li>18:30 Uhr: B\u00fchnenprogramm mit der Band \u201eGood Times\u201c <\/li><\/ul>\n\n\n\n<p><strong>01.12.2019: <\/strong><\/p>\n\n\n\n<ul><li>15:00 Uhr: Marionettentheater <\/li><li>16:30 Uhr: Marionettentheater <\/li><li>18:30 Uhr: Mackenbacher Musikanten <\/li><\/ul>\n\n\n\n<p>An allen drei Tagen des ersten Adventswochenendes gibt es f\u00fcr interessierte Besucherinnen und Besucher au\u00dferdem einen Einblick in die Holzdrechslerei. In der Jurte in H\u00f6he der B\u00e4ckerei Schall kann man einem Holzdrechsler bei seiner Arbeit auf die Finger schauen. Gerne beantwortet er auch Fragen rund um die Holzdrechselei. Dar\u00fcber hinaus bietet Christina von Lohr samstags ein weihnachtliches Basteln f\u00fcr Kinder an.  <\/p>\n\n\n\n<h4 class=\"wp-block-heading\">Zweites Adventswochenende: <\/h4>\n\n\n\n<p><strong>06.12.2019: <\/strong><\/p>\n\n\n\n<ul><li>17:00 Uhr: B\u00fchnenauftritt der KiTa \u201eBuntspechte\u201c <\/li><li>17:30 Uhr: B\u00fchnenauftritt der Ernst-Reuter-Schule <\/li><li>18:00 Uhr B\u00fchnenauftritt des Kinderhortes \u201eRasselbande\u201c <\/li><li>19:00 Uhr: B\u00fchnenauftritt \u201eMark Selinger Duo\u201c <\/li><\/ul>\n\n\n\n<p><strong>07.12.2019: <\/strong><\/p>\n\n\n\n<ul><li>18:30 Uhr: B\u00fchnenauftritt Duo: \u201eDani &amp; Tim\u201c <\/li><\/ul>\n\n\n\n<p><strong>08.12.2019: <\/strong><\/p>\n\n\n\n<ul><li>15:00 Uhr: Marionettentheater <\/li><li>15:30 Uhr: Der Nikolaus kommt auf den Weihnachtsmarkt <\/li><li>16:30 Uhr: Marionettentheater <\/li><li>18:30 Uhr: B\u00fchnenauftritt Pf\u00e4lzer Weinkehlchen <\/li><\/ul>\n\n\n\n<p>An allen drei Tagen des zweiten Adventswochenendes gibt es f\u00fcr interessierte Besucherinnen und Besucher erneut einen Einblick in die Holzdrechslerei. In der Jurte in H\u00f6he der B\u00e4ckerei Schall kann man einem Holzdrechsler bei seiner Arbeit auf die Finger schauen. Sonntags sind zudem Holzs\u00e4gearbeiten in der Jurte zu bestaunen. Dar\u00fcber hinaus bietet Christina von Lohr samstags erneut ein weihnachtliches Basteln f\u00fcr Kinder an. <\/p>\n\n\n\n<h4 class=\"wp-block-heading\">Drittes Adventswochenende: <\/h4>\n\n\n\n<p><strong>13.12.2019: <\/strong><\/p>\n\n\n\n<ul><li>17:00 Uhr: B\u00fchnenauftritt der KiTa \u201eHaus Kunterbunt\u201c <\/li><li>17:30 Uhr: B\u00fchnenauftritt der KiTa \u201eKleine Freunde\u201c <\/li><\/ul>\n\n\n\n<p><strong>14.12.2019: <\/strong><\/p>\n\n\n\n<ul><li>18:30 Uhr: Posaunenchor der Inneren Mission <\/li><\/ul>\n\n\n\n<p><strong>15.12.2019: <\/strong><\/p>\n\n\n\n<ul><li>15:00 Uhr: Marionettentheater <\/li><li>16:30 Uhr: Marionettentheater <\/li><li>18:00 Uhr: B\u00fchnenauftritt der Band \u201eDIXIE HEROES\u201c <\/li><\/ul>\n\n\n\n<p>Am dritten Adventswochenende besch\u00e4ftigt sich die Evangelische Christusgemeinde freitags mit der Frage, wie man Kerzen selber macht. Es werden Kerzen gezogen und somit ganz individuelle Exemplare f\u00fcr das Weihnachtsfest hergestellt. Auch am Samstag und Sonntag ist die Evangelische Christusgemeinde aktiv und bietet samstags ein Pl\u00e4tzchenbacken f\u00fcr Kinder an, sonntags werden weihnachtliche Geschichten gelesen. Dar\u00fcber hinaus l\u00e4dt die Waldjugend am Samstag zum \u201eSingen am Lagerfeuer\u201c ein. Wer textsicher ist, darf jederzeit mit einstimmen. <\/p>\n\n\n\n<h4 class=\"wp-block-heading\">Viertes Adventswochenende: <\/h4>\n\n\n\n<p><strong>20.12.2019: <\/strong><\/p>\n\n\n\n<ul><li>18:00 Uhr: RPR.1 Weihnachtsspecial mit Ralf Schwoll <\/li><li>19:00 Uhr: Live-Gewinn\u00fcbergabe aus dem Online-Adventskalender der Gemeinde <\/li><\/ul>\n\n\n\n<p><strong>21.12.2019: <\/strong><\/p>\n\n\n\n<ul><li>18:00 Uhr: Stadtposaunenchor Mannheim <\/li><\/ul>\n\n\n\n<p><strong>22.12.2019: <\/strong><\/p>\n\n\n\n<ul><li>15:00 Uhr: Marionettentheater <\/li><li>16:30 Uhr: Marionettentheater <\/li><li>18:30 Uhr: B\u00fchnenauftritt der Band \u201eGood Times\u201c <\/li><\/ul>\n\n\n\n<p>Auch am vierten Adventswochenende besch\u00e4ftigt sich die Evangelische Christusgemeinde freitags mit der Frage, wie man Kerzen selber macht. Es werden Kerzen gezogen und somit ganz individuelle Exemplare f\u00fcr das Weihnachtsfest hergestellt. Auch am Samstag und Sonntag ist die Evangelische Christusgemeinde wieder aktiv und bietet samstags ein Pl\u00e4tzchenbacken f\u00fcr Kinder an, sonntags werden weihnachtliche Geschichten gelesen. Dar\u00fcber hinaus bringen am Samstag die Pfadfinder das Friedenslicht auf den Weihnachtsmarkt.  <\/p>\n\n\n\n<h4 class=\"wp-block-heading\">An allen vier Adventswochenenden: <\/h4>\n\n\n\n<p>Die Budenstadt auf dem Weihnachtsmarkt lockt erneut mit einem bunten Angebot an Genussund Verkaufsst\u00e4nden. Kunsthandwerk, Textilien, Duftkerzen, Spielwaren und weihnachtliche Dekoartikel gibt es an den St\u00e4nden zu entdecken. Dampfnudeln, Pizza, hei\u00dfe Maronen, Baguettes, S\u00fc\u00dfwaren, Crepes, Gegrilltes und Co stillen derweil den Hei\u00dfhunger \u2013 und auch ein umfangreiches Gl\u00fchweinangebot wird auf dem \u201eWeihnachtsmarkt der 1000 Lichter\u201c nicht fehlen. In diesem Jahr wird \u00fcbrigens ausschlie\u00dflich Winzergl\u00fchwein aus der Region ausgeschenkt. Die Besucherinnen und Besucher d\u00fcrfen sich also sicher sein, in der Heimat der 81. Pf\u00e4lzischen Weink\u00f6nigin ausschlie\u00dflich qualitativen Gl\u00fchwein zu bekommen. F\u00fcr die kleinen Besucher steht au\u00dferdem ein Kinderkarussell zur Verf\u00fcgung und auch das Stockbrotbraten am Lagerfeuer geh\u00f6rt f\u00fcr viele kleine G\u00e4ste zu den Highlights. <\/p>\n\n\n\n<p>Ein Dank gilt allen Beteiligten, die auch in diesem Jahr den Ha\u00dflocher Weihnachtsmarkt wieder mit Leben f\u00fcllen. Von der Unterst\u00fctzung bei der Festbeleuchtung \u00fcber die gewerblichen und ehrenamtlichen Beschicker, den Kindertagesst\u00e4tten und K\u00fcnstlern auf der B\u00fchne bis hin zu den Sponsoren \u2013 ohne all die helfenden H\u00e4nde k\u00f6nnte der Organisationsbereich \u201eVeranstaltungen\u201c der Gemeindeverwaltung ein solches Fest nicht auf die Beine stellen, so B\u00fcrgermeister Lothar Lorch und der zust\u00e4ndige Dezernent Tobias Meyer. <\/p>\n\n\n\n<p>Um den Ha\u00dflocher Weihnachtsmarkt zu besuchen, stehen im Ortszentrum ausreichend Parkpl\u00e4tze zur Verf\u00fcgung. Allein auf dem Pfalzplatz gibt es rund 300 kostenlose Parkpl\u00e4tze.  <\/p>\n\n\n\n<p><em>Gemeindeverwaltung Ha\u00dfloch<br>26.11.2019<\/em><\/p>\n\n\n\n<h2 class=\"wp-block-heading\">\u201eElterncaf\u00e9 mit G\u00e4sten\u201c \u2013 Neue Reihe im \u201eHaus Kunterbunt\u201c im Rahmen der sozialr\u00e4umlichen \u00d6ffnung<\/h2>\n\n\n\n<p>In der kommunalen Kindertagesst\u00e4tte \u201eHaus Kunterbunt\u201c startet am <strong>28.11.2019<\/strong> das \u201eElterncaf\u00e9 mit G\u00e4sten\u201c. Erster Gast wird Diplomp\u00e4dagogin Julia Fey von der Erziehungsberatungsstelle (Haus der Diakonie Bad D\u00fcrkheim) sein. Unter dem Titel \u201eStur ohne Ende \u2013 was tun, wenn Kinder trotzen?\u201c wird darauf eingegangen, warum Kleinkinder trotzen und welchen Sinn und Zweck der Trotz hat. Julia Fey wird den Ablauf eines \u201etypischen\u201c Trotzanfalls skizzieren sowie Tipps und Anregungen zum richtigen Umgang mit der Trotzphase geben. Angesprochen sind alle interessierten Eltern. Gerne k\u00f6nnen im Rahmen des Elterncaf\u00e9s auch weitere (Erziehungs-)Themen angesprochen sowie individuelle Fragen an die Diplomp\u00e4dagogin gestellt werden. Das \u201eElterncaf\u00e9 mit G\u00e4sten\u201c findet am 28. November 2019 um 15:30 Uhr im \u201eHaus Kunterbunt\u201c (Trifelsstra\u00dfe 12) statt. Der Eintritt zur Veranstaltung ist frei. <\/p>\n\n\n\n<p>Die Veranstaltung \u201eElterncaf\u00e9 mit G\u00e4sten\u201c ist Teil der sozialr\u00e4umlichen \u00d6ffnung der kommunale Kindertagesst\u00e4tte \u201eHaus Kunterbunt\u201c. Bei der sozialr\u00e4umlichen \u00d6ffnung spielt das Mitwirken des sozialen Umfelds der Kinder eine wichtige Rolle. Eltern werden also als Partner verstanden und sollen in den Alltag der Kita integriert werden, damit der Erziehungsprozess gemeinsam gestaltet werden kann. Dazu wurde Anfang November dieses Jahres ein Elterncaf\u00e9 eingerichtet. Das ist ein zus\u00e4tzlicher Raum, den Eltern jederzeit nutzen k\u00f6nnen, um sich auszutauschen. Gleichzeitig bietet der Raum Platz f\u00fcr fest integrierte Veranstaltungen. So gibt es seit Anfang November eine Krabbelgruppe, die sich w\u00f6chentlich trifft. Auch das \u201eElterncaf\u00e9 mit G\u00e4sten\u201c soll am 28. November keine Eintagsfliege bleiben, sondern mit wechselnden G\u00e4sten fortgesetzt werden. Auch weitere Angebote sind denkbar, beispielsweise ein Papa-Treff, regelm\u00e4\u00dfige Sprechstunden mit Sozialarbeitern oder Logop\u00e4den sowie ein Kreis f\u00fcr werdende Eltern. <\/p>\n\n\n\n<p><em>Gemeindeverwaltung Ha\u00dfloch<br>26.11.2019<\/em><\/p>\n","protected":false},"excerpt":{"rendered":"<div class=\"mh-excerpt\"><p>Abendbegehungen mit Polizei und Ordnungsamt in Planung Der Erste Beigeordnete Tobias Meyer m\u00f6chte als zust\u00e4ndiger Ordnungsdezernent Anfang kommenden Jahres so genannte Abendbegehungen mit Polizei und Ordnungsamt realisieren, an denen auch interessierte B\u00fcrgerinnen und B\u00fcrger teilnehmen <a class=\"mh-excerpt-more\" href=\"https:\/\/speyer24news.com\/?p=22361\" title=\"Ha\u00dfloch\">[&#8230;]<\/a><\/p>\n<\/div>","protected":false},"author":3,"featured_media":22061,"comment_status":"open","ping_status":"open","sticky":false,"template":"","format":"standard","meta":{"_monsterinsights_skip_tracking":false,"_monsterinsights_sitenote_active":false,"_monsterinsights_sitenote_note":"","_monsterinsights_sitenote_category":0,"footnotes":""},"categories":[235],"tags":[4617,4623,180,4621,4624,4620,4618,4619,4526,4622],"aioseo_notices":[],"amp_enabled":true,"_links":{"self":[{"href":"https:\/\/speyer24news.com\/index.php?rest_route=\/wp\/v2\/posts\/22361"}],"collection":[{"href":"https:\/\/speyer24news.com\/index.php?rest_route=\/wp\/v2\/posts"}],"about":[{"href":"https:\/\/speyer24news.com\/index.php?rest_route=\/wp\/v2\/types\/post"}],"author":[{"embeddable":true,"href":"https:\/\/speyer24news.com\/index.php?rest_route=\/wp\/v2\/users\/3"}],"replies":[{"embeddable":true,"href":"https:\/\/speyer24news.com\/index.php?rest_route=%2Fwp%2Fv2%2Fcomments&post=22361"}],"version-history":[{"count":1,"href":"https:\/\/speyer24news.com\/index.php?rest_route=\/wp\/v2\/posts\/22361\/revisions"}],"predecessor-version":[{"id":22363,"href":"https:\/\/speyer24news.com\/index.php?rest_route=\/wp\/v2\/posts\/22361\/revisions\/22363"}],"wp:featuredmedia":[{"embeddable":true,"href":"https:\/\/speyer24news.com\/index.php?rest_route=\/wp\/v2\/media\/22061"}],"wp:attachment":[{"href":"https:\/\/speyer24news.com\/index.php?rest_route=%2Fwp%2Fv2%2Fmedia&parent=22361"}],"wp:term":[{"taxonomy":"category","embeddable":true,"href":"https:\/\/speyer24news.com\/index.php?rest_route=%2Fwp%2Fv2%2Fcategories&post=22361"},{"taxonomy":"post_tag","embeddable":true,"href":"https:\/\/speyer24news.com\/index.php?rest_route=%2Fwp%2Fv2%2Ftags&post=22361"}],"curies":[{"name":"wp","href":"https:\/\/api.w.org\/{rel}","templated":true}]}}