{"id":22367,"date":"2019-11-26T15:27:05","date_gmt":"2019-11-26T14:27:05","guid":{"rendered":"https:\/\/speyer24news.com\/?p=22367"},"modified":"2019-11-26T15:27:05","modified_gmt":"2019-11-26T14:27:05","slug":"verbandsgemeinde-roemerberg-dudenhofen-2","status":"publish","type":"post","link":"https:\/\/speyer24news.com\/?p=22367","title":{"rendered":"Verbandsgemeinde R\u00f6merberg-Dudenhofen"},"content":{"rendered":"<style type=\"text\/css\">\r\n\t.ads_top_disp{}\r\n\t.ads_top_corner_disp{ float:left; margin:0px 10px 10px 0px; }\r\n\t.ads_first_p_disp{}\r\n\t.ads_bottom_disp{}\r\n\t<\/style>\n<h1 class=\"wp-block-heading\">Weihnachtsm\u00e4rkte vom 30.11. bis 01.12. in Hanhofen, Harthausen und R\u00f6merberg<\/h1>\n\n\n\n<div class=\"wp-block-image\"><figure class=\"aligncenter\"><img decoding=\"async\" loading=\"lazy\" width=\"640\" height=\"479\" src=\"https:\/\/speyer24news.com\/wp-content\/uploads\/2019\/11\/DSC02261-1.jpg\" alt=\"\" class=\"wp-image-22374\" srcset=\"https:\/\/speyer24news.com\/wp-content\/uploads\/2019\/11\/DSC02261-1.jpg 640w, https:\/\/speyer24news.com\/wp-content\/uploads\/2019\/11\/DSC02261-1-300x225.jpg 300w, https:\/\/speyer24news.com\/wp-content\/uploads\/2019\/11\/DSC02261-1-326x245.jpg 326w, https:\/\/speyer24news.com\/wp-content\/uploads\/2019\/11\/DSC02261-1-80x60.jpg 80w\" sizes=\"(max-width: 640px) 100vw, 640px\" \/><\/figure><\/div>\n\n\n\n<h3 class=\"wp-block-heading\">Weihnachtsmarkt in Hanhofen vom <strong>30.11. &#8211; 01.12.2019<\/strong><\/h3>\n\n\n\n<h4 class=\"wp-block-heading\">Lesen sie hier das Programm als pdf:<\/h4>\n\n\n\n<div class=\"wp-block-file\"><a href=\"https:\/\/speyer24news.com\/wp-content\/uploads\/2019\/11\/W-Markt-Hanhofen-2019.pdf\">W-Markt-Hanhofen-2019<\/a><a href=\"https:\/\/speyer24news.com\/wp-content\/uploads\/2019\/11\/W-Markt-Hanhofen-2019.pdf\" class=\"wp-block-file__button\" download>Herunterladen<\/a><\/div>\n\n\n\n<h3 class=\"wp-block-heading\">Weihnachtsmarkt im Malerwinkel in Harthausen vom <strong>30.11. &#8211; 01.12.2019<\/strong><\/h3>\n\n\n\n<h4 class=\"wp-block-heading\">Lesen sie hier das Programm als pdf:<\/h4>\n\n\n\n<div class=\"wp-block-file\"><a href=\"https:\/\/speyer24news.com\/wp-content\/uploads\/2019\/11\/Weihnachtsmarkt-Harthausen.pdf\">Weihnachtsmarkt-Harthausen<\/a><a href=\"https:\/\/speyer24news.com\/wp-content\/uploads\/2019\/11\/Weihnachtsmarkt-Harthausen.pdf\" class=\"wp-block-file__button\" download>Herunterladen<\/a><\/div>\n\n\n\n<h3 class=\"wp-block-heading\">Weihnachtsmarkt in R\u00f6merberg vom <strong>30.11. &#8211; 01.12.2019<\/strong><\/h3>\n\n\n\n<h4 class=\"wp-block-heading\">Lesen sie hier das Programm als pdf:<\/h4>\n\n\n\n<div class=\"wp-block-file\"><a href=\"https:\/\/speyer24news.com\/wp-content\/uploads\/2019\/11\/Weihnachtsmarkt-R\u00f6merberg.pdf\">Weihnachtsmarkt-R\u00f6merberg<\/a><a href=\"https:\/\/speyer24news.com\/wp-content\/uploads\/2019\/11\/Weihnachtsmarkt-R\u00f6merberg.pdf\" class=\"wp-block-file__button\" download>Herunterladen<\/a><\/div>\n\n\n\n<p><em>Text: Verbandsgemeinde R\u00f6merberg-Dudenhofen Foto: Speyer 24\/7 News, dak<br>26.11.2019<\/em><\/p>\n\n\n\n<h1 class=\"wp-block-heading\">B\u00fcrgerb\u00fcro R\u00f6merberg am 26. und 28.11. nachmittags geschlossen<\/h1>\n\n\n\n<figure class=\"wp-block-image\"><img decoding=\"async\" src=\"https:\/\/speyer24news.com\/wp-content\/uploads\/2019\/11\/Closed-1.jpg\" alt=\"\" class=\"wp-image-22090\"\/><\/figure>\n\n\n\n<p>Das B\u00fcrgerb\u00fcro\nin R\u00f6merberg ist am <strong>Dienstagnachmittag,\nden 26.11.2019 ab 12.00 Uhr <\/strong>und am <strong>Donnerstagnachmittag,\nden 28.11.2019 ab 12.00 Uhr <\/strong>auf\nGrund von Krankheit <strong>geschlossen<\/strong>. Wir bitten um Verst\u00e4ndnis.<br>Das B\u00fcrgerb\u00fcro in Dudenhofen hat f\u00fcr Sie am Donnerstag\nbis 18:00 Uhr ge\u00f6ffnet.<\/p>\n\n\n\n<p><em>Verbandsgemeinde R\u00f6merberg-Dudenhofen<br>26.11.2019<\/em><\/p>\n\n\n\n<h1 class=\"wp-block-heading\">Weihnachtswaldbasar am 15.12.19 in Dudenhofen<\/h1>\n\n\n\n<div class=\"wp-block-image\"><figure class=\"aligncenter\"><img decoding=\"async\" loading=\"lazy\" width=\"500\" height=\"683\" src=\"https:\/\/speyer24news.com\/wp-content\/uploads\/2019\/11\/Weihnachtswaldbasar.jpg\" alt=\"\" class=\"wp-image-22368\" srcset=\"https:\/\/speyer24news.com\/wp-content\/uploads\/2019\/11\/Weihnachtswaldbasar.jpg 500w, https:\/\/speyer24news.com\/wp-content\/uploads\/2019\/11\/Weihnachtswaldbasar-220x300.jpg 220w\" sizes=\"(max-width: 500px) 100vw, 500px\" \/><\/figure><\/div>\n\n\n\n<h4 class=\"wp-block-heading\">Lesen sie hier den Flyer zum Weihnachtswaldbasar als pdf:<\/h4>\n\n\n\n<div class=\"wp-block-file\"><a href=\"https:\/\/speyer24news.com\/wp-content\/uploads\/2019\/11\/Flyer-WWB-19.pdf\">Flyer-WWB-19<\/a><a href=\"https:\/\/speyer24news.com\/wp-content\/uploads\/2019\/11\/Flyer-WWB-19.pdf\" class=\"wp-block-file__button\" download>Herunterladen<\/a><\/div>\n\n\n\n<p><em>Verbandsgemeinde R\u00f6merberg-Dudenhofen<br>26.11.2019<\/em><\/p>\n","protected":false},"excerpt":{"rendered":"<div class=\"mh-excerpt\"><p>Weihnachtsm\u00e4rkte vom 30.11. bis 01.12. in Hanhofen, Harthausen und R\u00f6merberg Weihnachtsmarkt in Hanhofen vom 30.11. &#8211; 01.12.2019 Lesen sie hier das Programm als pdf: Weihnachtsmarkt im Malerwinkel in Harthausen vom 30.11. &#8211; 01.12.2019 Lesen sie <a class=\"mh-excerpt-more\" href=\"https:\/\/speyer24news.com\/?p=22367\" title=\"Verbandsgemeinde R\u00f6merberg-Dudenhofen\">[&#8230;]<\/a><\/p>\n<\/div>","protected":false},"author":3,"featured_media":22370,"comment_status":"open","ping_status":"open","sticky":false,"template":"","format":"standard","meta":{"_monsterinsights_skip_tracking":false,"_monsterinsights_sitenote_active":false,"_monsterinsights_sitenote_note":"","_monsterinsights_sitenote_category":0,"footnotes":""},"categories":[10],"tags":[4100,1032,1033,157,156,4097,4628,4629,4630,4135,4631],"aioseo_notices":[],"amp_enabled":true,"_links":{"self":[{"href":"https:\/\/speyer24news.com\/index.php?rest_route=\/wp\/v2\/posts\/22367"}],"collection":[{"href":"https:\/\/speyer24news.com\/index.php?rest_route=\/wp\/v2\/posts"}],"about":[{"href":"https:\/\/speyer24news.com\/index.php?rest_route=\/wp\/v2\/types\/post"}],"author":[{"embeddable":true,"href":"https:\/\/speyer24news.com\/index.php?rest_route=\/wp\/v2\/users\/3"}],"replies":[{"embeddable":true,"href":"https:\/\/speyer24news.com\/index.php?rest_route=%2Fwp%2Fv2%2Fcomments&post=22367"}],"version-history":[{"count":1,"href":"https:\/\/speyer24news.com\/index.php?rest_route=\/wp\/v2\/posts\/22367\/revisions"}],"predecessor-version":[{"id":22375,"href":"https:\/\/speyer24news.com\/index.php?rest_route=\/wp\/v2\/posts\/22367\/revisions\/22375"}],"wp:featuredmedia":[{"embeddable":true,"href":"https:\/\/speyer24news.com\/index.php?rest_route=\/wp\/v2\/media\/22370"}],"wp:attachment":[{"href":"https:\/\/speyer24news.com\/index.php?rest_route=%2Fwp%2Fv2%2Fmedia&parent=22367"}],"wp:term":[{"taxonomy":"category","embeddable":true,"href":"https:\/\/speyer24news.com\/index.php?rest_route=%2Fwp%2Fv2%2Fcategories&post=22367"},{"taxonomy":"post_tag","embeddable":true,"href":"https:\/\/speyer24news.com\/index.php?rest_route=%2Fwp%2Fv2%2Ftags&post=22367"}],"curies":[{"name":"wp","href":"https:\/\/api.w.org\/{rel}","templated":true}]}}