{"id":22409,"date":"2019-11-27T11:18:25","date_gmt":"2019-11-27T10:18:25","guid":{"rendered":"https:\/\/speyer24news.com\/?p=22409"},"modified":"2019-11-27T11:18:26","modified_gmt":"2019-11-27T10:18:26","slug":"germersheim-landkreis-ger-3","status":"publish","type":"post","link":"https:\/\/speyer24news.com\/?p=22409","title":{"rendered":"Germersheim &#038; Landkreis GER:"},"content":{"rendered":"<style type=\"text\/css\">\r\n\t.ads_top_disp{}\r\n\t.ads_top_corner_disp{ float:left; margin:0px 10px 10px 0px; }\r\n\t.ads_first_p_disp{}\r\n\t.ads_bottom_disp{}\r\n\t<\/style>\n<h2 class=\"wp-block-heading\"><strong>Abfallkalender f\u00fcr das\nJahr 2020 werden verteilt<\/strong><\/h2>\n\n\n\n<p>Mitte Dezember, in der 50. Kalenderwoche, werden die\nAbfallkalender f\u00fcr das Jahr 2020 im Landkreis Germersheim an die Haushalte\nverteilt.<\/p>\n\n\n\n<p>Der gedruckte M\u00fcllkalender enth\u00e4lt\nalle Leerungstermine f\u00fcr Abfallgef\u00e4\u00dfe bis 240l Volumen. Zudem informiert der\nKalender \u00fcber die Termine und Standorte der mobilen Problemm\u00fcllsammlung und die\n\u00d6ffnungszeiten der drei Wertstoffh\u00f6fe sowie der station\u00e4ren\nProblemm\u00fcllsammelstelle im Landkreis. Auch die Telefonnummern und\nE-Mail-Adressen der Entsorgungspartner Fa. SUEZ S\u00fcd, Fa. Remondis sowie Fa.\nS\u00fcd-M\u00fcll sind dort vermerkt.<\/p>\n\n\n\n<p>Die beiden kostenlosen\nSperrm\u00fcllabholungen pro Jahr sind ausschlie\u00dflich \u201eauf Abruf\u201c. So dass man\nweitgehend nach seinem pers\u00f6nlichen Bedarf den Termin der Sperrm\u00fcllabholung\nplanen kann. <\/p>\n\n\n\n<p>Um einen Sperrm\u00fclltermin zu\nerhalten gen\u00fcgt es, sich bei der Entsorgerfirma SUEZ S\u00fcd GmbH, R\u00fclzheim\ntelefonisch (0800-2 67 62 66) oder schriftlich (z.B. per Mail) f\u00fcr die\nSperrm\u00fcllabfuhr anzumelden. In der Regel wird der angemeldete Sperrm\u00fcll dann\ninnerhalb der darauf folgenden drei Wochen kostenlos abgeholt.<\/p>\n\n\n\n<p>F\u00fcr gr\u00f6\u00dfere Abfallbeh\u00e4lter ab einem\nVolumen von 770l bzw. 1.100l gilt der gedruckte Abfallkalender nicht. Diese\nAbfallbeh\u00e4lter haben gesonderte Leerungstermine, die man voraussichtlich ab\nMitte Dezember im Internet abrufen kann.<\/p>\n\n\n\n<p>Wer keinen Kalender in seinem Amtsblatt vorfindet kann sich ab Mittwoch, 18. Dezember ein Exemplar bei der Kreisverwaltung Germersheim oder bei seiner Verbandsgemeinde- bzw. Stadtverwaltung abholen. Die Internetversion des Abfallkalenders ist voraussichtlich ab Mitte Dezember unter <a href=\"http:\/\/www.kreis-germersheim.de\/abfallwirtschaft\">www.kreis-germersheim.de\/abfallwirtschaft<\/a> zu finden. Dort ist auch der an die Haushalte verteilte Kalender als PDF hinterlegt ist und kann jederzeit ausgedruckt werden.<\/p>\n\n\n\n<p><em>Kreisverwaltung Germersheim<br>27.11.2019<\/em><\/p>\n\n\n\n<h2 class=\"wp-block-heading\"><strong>40-j\u00e4hriges Dienstjubil\u00e4um gefeiert<\/strong><\/h2>\n\n\n\n<div class=\"wp-block-image\"><figure class=\"aligncenter\"><img decoding=\"async\" loading=\"lazy\" width=\"800\" height=\"594\" src=\"https:\/\/speyer24news.com\/wp-content\/uploads\/2019\/11\/40.-Dienstjubilaeum-Marita-Keller-und-Landrat-Dr.-Fritz-Brechtel-DSC00389.jpg\" alt=\"\" class=\"wp-image-22410\" srcset=\"https:\/\/speyer24news.com\/wp-content\/uploads\/2019\/11\/40.-Dienstjubilaeum-Marita-Keller-und-Landrat-Dr.-Fritz-Brechtel-DSC00389.jpg 800w, https:\/\/speyer24news.com\/wp-content\/uploads\/2019\/11\/40.-Dienstjubilaeum-Marita-Keller-und-Landrat-Dr.-Fritz-Brechtel-DSC00389-300x223.jpg 300w, https:\/\/speyer24news.com\/wp-content\/uploads\/2019\/11\/40.-Dienstjubilaeum-Marita-Keller-und-Landrat-Dr.-Fritz-Brechtel-DSC00389-768x570.jpg 768w, https:\/\/speyer24news.com\/wp-content\/uploads\/2019\/11\/40.-Dienstjubilaeum-Marita-Keller-und-Landrat-Dr.-Fritz-Brechtel-DSC00389-80x60.jpg 80w\" sizes=\"(max-width: 800px) 100vw, 800px\" \/><\/figure><\/div>\n\n\n\n<p>Im\nRahmen einer kleinen Feierstunde hat Marita Keller ihr 40-j\u00e4hriges\nDienstjubil\u00e4um begangen. <\/p>\n\n\n\n<p>Nach\nihrer Ausbildung zur Industriekauffrau kam Marita Keller 1978 zur\nKreisverwaltung Germersheim. Zun\u00e4chst war sie im Zentralbereich 12 \u2013 Finanzen,\nKommunale Steuerung in der Kreiskasse besch\u00e4ftigt, bevor sie Mitte 1988 in den\nFachbereich 42 \u2013 Stra\u00dfenverkehr, Kfz-Zulassung wechselte. Seit langem ist\nMarita Keller nun in der Kfz-Zulassungsstelle Kandel t\u00e4tig.<\/p>\n\n\n\n<p>Landrat Dr. Fritz Brechtel dankte Marita Keller f\u00fcr das langj\u00e4hrige Engagement und w\u00fcnschte ihr weiterhin alles Gute. Den Gl\u00fcckw\u00fcnschen und dem Dank schlossen sich der Leiter des Fachbereichs 42 &#8211; Stra\u00dfenverkehr, Kfz-Zulassung Peter Stiltz, Personalchef Ralph Lehr und der Personalratsvorsitzende Klemens Puderer an. <\/p>\n\n\n\n<p><em>Kreisverwaltung Germersheim<br>27.11.2019<\/em><\/p>\n\n\n\n<h2 class=\"wp-block-heading\"><strong>Kreisjugendamt am 6. Dezember geschlossen<\/strong><\/h2>\n\n\n\n<div class=\"wp-block-image\"><figure class=\"aligncenter\"><img decoding=\"async\" src=\"https:\/\/speyer24news.com\/wp-content\/uploads\/2019\/11\/Closed-2.jpg\" alt=\"\" class=\"wp-image-22260\"\/><\/figure><\/div>\n\n\n\n<p>Aufgrund einer internen Dienstbesprechung hat das Jugendamt (Fachbereich 21 \u2013 Jugendhilfe) der Kreisverwaltung Germersheim am Freitag, 6. Dezember 2019, geschlossen.<\/p>\n\n\n\n<p><em>Kreisverwaltung Germersheim<br>27.11.2019<\/em><\/p>\n\n\n\n<h2 class=\"wp-block-heading\" style=\"text-align:center\"><strong>Kreisvolkshochschule (KVHS) Germersheim:<\/strong><\/h2>\n\n\n\n<div class=\"wp-block-image\"><figure class=\"aligncenter\"><img decoding=\"async\" src=\"https:\/\/speyer24news.com\/wp-content\/uploads\/2019\/11\/VHS-GER-Logo-1.png\" alt=\"\" class=\"wp-image-22097\"\/><\/figure><\/div>\n\n\n\n<h2 class=\"wp-block-heading\" style=\"text-align:center\"><strong>Kurse, Vortr\u00e4ge, Veranstaltungen<\/strong><\/h2>\n\n\n\n<p>Es wird darauf hingewiesen, dass zu\nallen nachstehend aufgef\u00fchrten Kursen und Vortr\u00e4gen eine <strong>Anmeldung unbedingt erforderlich <\/strong>ist. Kontaktadressen sind\nam Ende des Textes zu finden.<\/p>\n\n\n\n<p><strong>2019kv333<\/strong><strong><\/strong><\/p>\n\n\n\n<p><strong>\u201eUnsere Werte gemeinsam leben\u201c \u2013<\/strong>Vortrag mit <strong>Christoph Buttweiler: <\/strong>Germersheim, Ritter-von-Schmau\u00df-Str.\/Ecke\nParadeplatz, Seiteneingang der\nBerufsbildende Schule, EG, Saal E.06, am Dienstag,\n03.12.2019, 18:30 &#8211; 20:45 Uhr<strong>&#8211; kostenfrei.<\/strong><\/p>\n\n\n\n<p><strong>2019kv267<\/strong><strong><\/strong><\/p>\n\n\n\n<p><strong>\u201eVerkehrsrecht &#8211; Was tun nach einem Verkehrsunfall?\u201c <\/strong>&#8211; Rechtsvortrag mit <strong>Michael M\u00fcnch: <\/strong>Germersheim, Ritter-von-Schmau\u00df-Str.\/Ecke\nParadeplatz, Seminarraum 1 in der KVHS\nGesch\u00e4ftsstelle. Beginn: Mittwoch,\n11.12.2019, 19:30 &#8211; 21:00 Uhr. Dauer: 1 Termin, Kosten: 10,00 Euro\/Person.<\/p>\n\n\n\n<p><strong>2020kv002\n+ 2020kv003<\/strong><strong><\/strong><\/p>\n\n\n\n<p><strong>\u201eEinb\u00fcrgerungstest, Termin 1 am Vormittag und Termin 2\nam Nachmittag-\u201c &#8211; <\/strong>Test\nmit<strong> Karin\nTr\u00e4ber: <\/strong>Germersheim, Ritter-von-Schmau\u00df-Str.\/Ecke Paradeplatz, Seminarraum 1 der KVHS Gesch\u00e4ftsstelle, am Montag, 20. Januar 2020, Termin 1 um 10 Uhr, Termin 2 um 15 Uhr, Dauer: 60 Minuten,\nKosten: 25,00 Euro\/Person. <strong>Anmeldeschluss: Freitag, 13. Dezember 2019.<\/strong><\/p>\n\n\n\n<p><strong>2019kv228<\/strong><strong><\/strong><\/p>\n\n\n\n<p><strong>\u201eHarte Zeiten f\u00fcr den Spargroschen\u201c &#8211; <\/strong>Vortrag mit <strong>Andrea Kalt: <\/strong>Germersheim, Ritter-von-Schmau\u00df-Str.\/Ecke\nParadeplatz, Seminarraum 1 in der KVHS\nGesch\u00e4ftsstelle. Beginn: Montag, 16.12.2019, 19:00\n&#8211; 21:15 Uhr. Dauer: 1 Termin, Kosten: 10,00 Euro\/Person.<\/p>\n\n\n\n<p><strong>2020kv001<\/strong><strong><\/strong><\/p>\n\n\n\n<p><strong>\u201eBrennholz-Selbsterwerber\u201c &#8211; <\/strong>Kurs mit <strong>Rainer Daumann: <\/strong>Germersheim, Ritter-von-Schmau\u00df-Str.\/Ecke\nParadeplatz, Seiteneingang der\nBerufsbildende Schule, EG, Saal E 06. Dauer: 2 Termine, Freitag, 03.01.2020,\n19:00 &#8211; 21:15\nUhr und Samstag, 04.01.2020, 09:00 \u2013 13:30 Uhr, Kosten: 100,00 Euro\/Person.<\/p>\n\n\n\n<p>Die\nTeilnehmer erhalten eine Teilnahmebescheinigung zur Berechtigung, liegendes\nBrennholz als Selbsterwerber zu bearbeiten. Herr Daumann verf\u00fcgt \u00fcber das\nKWF-G\u00fctesiegel.<\/p>\n\n\n\n<p>Eine <strong>Anmeldung<\/strong> ist zu allen Veranstaltungen der Kreisvolkshochschule zwingend <strong>erforderlich. <\/strong>Pers\u00f6nlich bei der Gesch\u00e4ftsstelle der KVHS in Germersheim, Ritter-von-Schmau\u00df-Str.\/Ecke Paradeplatz, telefonisch 07274-53334 oder -53382, per E-Mail: <a href=\"mailto:vhs@kreis-germersheim.de\">vhs@kreis-germersheim.de<\/a>oder online \u00fcber ein Buchungsformular auf der Homepage unter <a href=\"http:\/\/www.kreis-germersheim.de\/kvhs\">www.kreis-germersheim.de\/kvhs<\/a>.<\/p>\n\n\n\n<p><strong>Bitte beachten Sie unsere\n\u00d6ffnungszeiten:<\/strong><\/p>\n\n\n\n<p>Montag\nbis Freitag: 08:30 bis 12:00 Uhr, Dienstag: 13:30 bis 16:00 Uhr, Donnerstag:\n13:30 bis 18:00 Uhr, <\/p>\n\n\n\n<p>Annahmeschluss: jeweils\u00a015 Minuten vor Ende der \u00d6ffnungszeiten.<\/p>\n\n\n\n<p><em>Kreisverwaltung Germersheim \/ Kreisvolkshochschule (KVHS) Germersheim<br>27.11.2019<\/em><\/p>\n","protected":false},"excerpt":{"rendered":"<div class=\"mh-excerpt\"><p>Abfallkalender f\u00fcr das Jahr 2020 werden verteilt Mitte Dezember, in der 50. Kalenderwoche, werden die Abfallkalender f\u00fcr das Jahr 2020 im Landkreis Germersheim an die Haushalte verteilt. Der gedruckte M\u00fcllkalender enth\u00e4lt alle Leerungstermine f\u00fcr Abfallgef\u00e4\u00dfe <a class=\"mh-excerpt-more\" href=\"https:\/\/speyer24news.com\/?p=22409\" title=\"Germersheim &#038; Landkreis GER:\">[&#8230;]<\/a><\/p>\n<\/div>","protected":false},"author":3,"featured_media":0,"comment_status":"open","ping_status":"open","sticky":false,"template":"","format":"standard","meta":{"_monsterinsights_skip_tracking":false,"_monsterinsights_sitenote_active":false,"_monsterinsights_sitenote_note":"","_monsterinsights_sitenote_category":0,"footnotes":""},"categories":[449],"tags":[4651,4650,4649,210,4652,1664,1665,2601],"aioseo_notices":[],"amp_enabled":true,"_links":{"self":[{"href":"https:\/\/speyer24news.com\/index.php?rest_route=\/wp\/v2\/posts\/22409"}],"collection":[{"href":"https:\/\/speyer24news.com\/index.php?rest_route=\/wp\/v2\/posts"}],"about":[{"href":"https:\/\/speyer24news.com\/index.php?rest_route=\/wp\/v2\/types\/post"}],"author":[{"embeddable":true,"href":"https:\/\/speyer24news.com\/index.php?rest_route=\/wp\/v2\/users\/3"}],"replies":[{"embeddable":true,"href":"https:\/\/speyer24news.com\/index.php?rest_route=%2Fwp%2Fv2%2Fcomments&post=22409"}],"version-history":[{"count":1,"href":"https:\/\/speyer24news.com\/index.php?rest_route=\/wp\/v2\/posts\/22409\/revisions"}],"predecessor-version":[{"id":22411,"href":"https:\/\/speyer24news.com\/index.php?rest_route=\/wp\/v2\/posts\/22409\/revisions\/22411"}],"wp:attachment":[{"href":"https:\/\/speyer24news.com\/index.php?rest_route=%2Fwp%2Fv2%2Fmedia&parent=22409"}],"wp:term":[{"taxonomy":"category","embeddable":true,"href":"https:\/\/speyer24news.com\/index.php?rest_route=%2Fwp%2Fv2%2Fcategories&post=22409"},{"taxonomy":"post_tag","embeddable":true,"href":"https:\/\/speyer24news.com\/index.php?rest_route=%2Fwp%2Fv2%2Ftags&post=22409"}],"curies":[{"name":"wp","href":"https:\/\/api.w.org\/{rel}","templated":true}]}}