{"id":22415,"date":"2019-11-27T11:48:37","date_gmt":"2019-11-27T10:48:37","guid":{"rendered":"https:\/\/speyer24news.com\/?p=22415"},"modified":"2019-11-27T11:48:39","modified_gmt":"2019-11-27T10:48:39","slug":"bad-duerkheim-3","status":"publish","type":"post","link":"https:\/\/speyer24news.com\/?p=22415","title":{"rendered":"Bad D\u00fcrkheim"},"content":{"rendered":"<style type=\"text\/css\">\r\n\t.ads_top_disp{}\r\n\t.ads_top_corner_disp{ float:left; margin:0px 10px 10px 0px; }\r\n\t.ads_first_p_disp{}\r\n\t.ads_bottom_disp{}\r\n\t<\/style>\n<h2 class=\"wp-block-heading\"><strong>D\u00fcrkheimer Advent 2019<\/strong><\/h2>\n\n\n\n<div class=\"wp-block-image\"><figure class=\"aligncenter\"><img decoding=\"async\" loading=\"lazy\" width=\"800\" height=\"544\" src=\"https:\/\/speyer24news.com\/wp-content\/uploads\/2019\/11\/DSC02224.jpg\" alt=\"\" class=\"wp-image-22353\" srcset=\"https:\/\/speyer24news.com\/wp-content\/uploads\/2019\/11\/DSC02224.jpg 800w, https:\/\/speyer24news.com\/wp-content\/uploads\/2019\/11\/DSC02224-300x204.jpg 300w, https:\/\/speyer24news.com\/wp-content\/uploads\/2019\/11\/DSC02224-768x522.jpg 768w\" sizes=\"(max-width: 800px) 100vw, 800px\" \/><\/figure><\/div>\n\n\n\n<p>Ganz Bad D\u00fcrkheim fiebert auf die vierte\nAuflage des \u201eD\u00fcrkheimer Advents\u201c hin. Der besondere Weihnachtsmarkt findet\nwieder an allen vier Adventswochenenden inmitten der festlich beleuchteten\nKulisse von R\u00f6merplatz, Kurgartenstra\u00dfe, Ludwigsplatz und dem Oberen Kurpark\nstatt. Die \u00d6ffnungszeiten sind jeweils freitags von 16 bis 21 Uhr sowie\nsamstags und sonntags von 11 bis 21 Uhr. <\/p>\n\n\n\n<p>Mit musikalischer Umrahmung wird der\n\u201eD\u00fcrkheimer Advent\u201c am Freitag, 30. November um 18 Uhr auf dem Ludwigsplatz durch\nB\u00fcrgermeister Christoph Glogger offiziell er\u00f6ffnet. <\/p>\n\n\n\n<p>Zwei Schubkarchst\u00e4nde auf dem R\u00f6merplatz, die\nabwechselnd von insgesamt 24 D\u00fcrkheimer Vereinen bewirtschaftet werden, sind\ndas Herzst\u00fcck des \u201eD\u00fcrkheimer Advents\u201c und sorgen mit Gl\u00fchwein aus D\u00fcrkheimer\nWeinen f\u00fcr die typische Weihnachtsmarktatmosph\u00e4re. Ein besonderes Highlight\nwird am Sonntag, 22. Dezember um 11 Uhr der \u201eLiterarische Gl\u00fchschoppen\u201c\nzwischen den beiden Weihnachtsschubkarchst\u00e4nden sein.<\/p>\n\n\n\n<p>In der Pfadfinder-Jurte am R\u00f6merplatz gibt es\nein Kinderprogramm f\u00fcr die kleinen Marktbesucher: In der Wichtelwerkstatt wird\nan allen vier Adventswochenenden gebastelt, gelesen und gesungen. Das kostenfreie\nKinderprogramm beginnt samstags und sonntags jeweils um 11 Uhr und wird durchgehend\nbis 19 Uhr angeboten. Am zweiten Adventswochenende findet zus\u00e4tzlich das Winter-Kinder-Fest\nin der Offenen Kreativ-Werkstatt im Kulturzentrum Haus Catoir statt.<\/p>\n\n\n\n<p>Umrahmt wird der Weihnachtsmarkt durch ein abwechslungsreiches\nMusikprogramm an jedem Samstag vor dem Portal der Kirche St. Ludwig sowie jeden\nFreitag auf der B\u00fchne in der Jurte auf dem R\u00f6merplatz. Das musikalische\nProgramm gestalten unter anderem You &amp; I, Sascha Kleinophorst, Good Times,\nReflection (2), Haardtgroove, Kaisertafeltrio, Gospel Chor Voices of Heaven,\nG\u00f6nntlemen und zwei Drehorgelspieler. <\/p>\n\n\n\n<p>\u00dcber 50 St\u00e4nde und Aussteller haben sich f\u00fcr den\n\u201eD\u00fcrkheimer Advent\u201c in diesem Jahr zusammengefunden. Genuss- und Handwerkerst\u00e4nde,\neine neue Weihnachtskrippe sowie zahlreiche bis in die Abendstunden ge\u00f6ffnete Gesch\u00e4fte\nladen zum Flanieren und Einkaufen ein. Dabei l\u00e4sst sich bestimmt das perfekte Geschenk\nf\u00fcr das nahende Weihnachtsfest in den weihnachtlich dekorierten L\u00e4den\nentdecken.<\/p>\n\n\n\n<p>Am ersten Adventssamstag k\u00f6nnen Kinder zwischen\n12 und 14 Uhr einen mitgebrachten Stiefel in der Jurte am R\u00f6merplatz abgeben. Die\nEinzelh\u00e4ndler f\u00fcllen die Schuhe mit Leckereien und verstecken sie in den\nn\u00e4chsten Tagen in ihren Schaufenstern. Die Kinder k\u00f6nnen die gef\u00fcllten Nikolaus-Stiefel\ndann suchen und ab dem 7. Dezember in dem jeweiligen Gesch\u00e4ft abholen. Am\nzweiten Adventssamstag ist ab 11 Uhr der Nikolaus in der Innenstadt und\nverteilt Geschenke.<\/p>\n\n\n\n<p>Ein Wunschzettelbaum auf dem\nR\u00f6merplatz soll daf\u00fcr sorgen, dass auch die kleinen W\u00fcnsche bed\u00fcrftiger Kinder\nin Erf\u00fcllung gehen. Das Haus f\u00fcr Kinder koordiniert diese Aktion in\nZusammenarbeit mit anderen sozialen Einrichtungen und stellt die W\u00fcnsche der Kinder\naus Familien mit wenig finanziellem Spielraum zusammen. Interessierte Spender\nk\u00f6nnen die Wunschzettel vom Baum abnehmen und das jeweilige\nGeschenk bis sp\u00e4testens 14. Dezember im Haus f\u00fcr Kinder, Wellsring 162, oder im\n\u201eHaus der guten Weine\u201c am R\u00f6merplatz abgeben.<\/p>\n\n\n\n<p>F\u00fcr das leibliche Wohl ist an allen 12\nVeranstaltungstagen ebenfalls bestens gesorgt. Das kulinarische Angebot reicht\nvon Flammlachs und Raclette \u00fcber Flammkuchen bis hin zu Bratwurst und\nDampfnudeln. Neben Gl\u00fchwein geh\u00f6ren auch Rieslingschorle und alkoholfreie\nGetr\u00e4nke zum Angebot.<\/p>\n\n\n\n<p>Rechtzeitig zum Nikolaustag wird ab 6. Dezember in\nausgew\u00e4hlten Gesch\u00e4ften die Bad D\u00fcrkheimer Fairtrade Schokolade angeboten. Mit\ndem Sammelmotiv auf der Banderole, der Klosterruine Limburg, wird die\nFestlegung der Adventsdaten vor fast 1.000 Jahren im Kloster Limburg gew\u00fcrdigt. Die zart salzige Bio Bitterschokolade mit\nknusprigen Salzmandeln und extra viel Kakao aus Sao Tom\u00e9 spielt geschmacklich\nauf die Bedeutung von Salz und Mandelbl\u00fcte in Bad D\u00fcrkheim und an der Weinstra\u00dfe\nan.<\/p>\n\n\n\n<p>\u201eWir erkennen im vierten Jahr\neine tolle Entwicklung bei unserem D\u00fcrkheimer Advent. Die Zahl der Kunst- und\nMarkth\u00e4ndler ist im Vergleich zum Vorjahr wieder gestiegen, das kulinarische\nAngebot ist sehr umfangreich und es wird ein live Musikprogramm an zwei unterschiedlichen\nStandorten geben. Und wenn in diesem Jahr das Wetter mitspielt, wird es mit\nSicherheit ein toller Weihnachtsmarkt\u201c, freut sich B\u00fcrgermeister Christoph\nGlogger auf die diesj\u00e4hrige Auflage.<\/p>\n\n\n\n<p>Besonders und zur Stadt passend ist nicht nur der Weihnachtsmarkt selbst, sondern auch sein Name: \u201eD\u00fcrkheimer Advent\u201c erinnert an das Jahr 1038, als bei einer Synode auf der Klosterruine Limburg in Bad D\u00fcrkheim die vier Adventssonntage f\u00fcr das gesamte christliche Abendland festgelegt wurden.<\/p>\n\n\n\n<p><em>Text: Stadtverwaltung Bad D\u00fcrkheim Foto: Speyer 24\/7 News,dak<br>27.11.2019<\/em><\/p>\n\n\n\n<h2 class=\"wp-block-heading\"><strong>Das Programm beim D\u00fcrkheimer Advent 2019<\/strong><\/h2>\n\n\n\n<div class=\"wp-block-image\"><figure class=\"aligncenter\"><img decoding=\"async\" loading=\"lazy\" width=\"400\" height=\"286\" src=\"https:\/\/speyer24news.com\/wp-content\/uploads\/2019\/11\/D\u00fcrkheimer-Advent.png\" alt=\"\" class=\"wp-image-22417\" srcset=\"https:\/\/speyer24news.com\/wp-content\/uploads\/2019\/11\/D\u00fcrkheimer-Advent.png 400w, https:\/\/speyer24news.com\/wp-content\/uploads\/2019\/11\/D\u00fcrkheimer-Advent-300x215.png 300w\" sizes=\"(max-width: 400px) 100vw, 400px\" \/><\/figure><\/div>\n\n\n\n<p>Die Bad D\u00fcrkheimer Innenstadt gl\u00e4nzt w\u00e4hrend\nder Vorweihnachtszeit zwischen Kurpark, Ludwigsplatz und R\u00f6merplatz in einem\nganz besonderen Licht. Stimmungsvoll erleuchtete Stra\u00dfen, Gassen und\nSchaufenster laden zum Bummeln entlang der Kunst- und Handwerkerst\u00e4nde und\nLadengesch\u00e4fte ein. Der innerst\u00e4dtische Einzelhandel hat freitags und samstags\nw\u00e4hrend des Weihnachtsmarktes bis in die Abendstunden ge\u00f6ffnet, die\nweihnachtlich dekorierten Gesch\u00e4fte bieten tolle Geschenkideen f\u00fcr das Fest.<\/p>\n\n\n\n<p>Umrahmt wird der D\u00fcrkheimer Advent durch ein\nabwechslungsreiches Musikprogramm vor dem Portal der Kirche St. Ludwig sowie auf\nder B\u00fchne auf dem R\u00f6merplatz. Ein ganz besonderes Kinderprogramm bietet die\nPfadfinder-Jurte auf dem R\u00f6merplatz: dort wird mit den Kindern gebastelt und\ngelesen. Das Kinderprogramm ist kostenfrei. Au\u00dferdem wird am zweiten\nAdventswochenende das Winter-Kinder-Fest in der Offenen Kreativ-Werkstatt\nveranstaltet.<\/p>\n\n\n\n<p>Auch f\u00fcr das\nleibliche Wohl ist an allen 12 Veranstaltungstagen bestens gesorgt, denn\nGl\u00fchwein von Bad D\u00fcrkheimer Weinen und leckere Speisen aus \u00d6fen und Pfannen\nverw\u00f6hnen Nase und Gaumen.<\/p>\n\n\n\n<h3 class=\"wp-block-heading\"><strong>Das Weihnachtsmarktprogramm 2019 im \u00dcberblick<\/strong><\/h3>\n\n\n\n<div class=\"wp-block-image\"><figure class=\"aligncenter\"><img decoding=\"async\" loading=\"lazy\" width=\"1024\" height=\"225\" src=\"https:\/\/speyer24news.com\/wp-content\/uploads\/2019\/11\/DSC05563-1024x225.jpg\" alt=\"\" class=\"wp-image-22298\" srcset=\"https:\/\/speyer24news.com\/wp-content\/uploads\/2019\/11\/DSC05563-1024x225.jpg 1024w, https:\/\/speyer24news.com\/wp-content\/uploads\/2019\/11\/DSC05563-300x66.jpg 300w, https:\/\/speyer24news.com\/wp-content\/uploads\/2019\/11\/DSC05563-768x169.jpg 768w, https:\/\/speyer24news.com\/wp-content\/uploads\/2019\/11\/DSC05563.jpg 1200w\" sizes=\"(max-width: 1024px) 100vw, 1024px\" \/><\/figure><\/div>\n\n\n\n<h4 class=\"wp-block-heading\">1. <strong>Adventswochenende:<\/strong><\/h4>\n\n\n\n<p><strong>Freitag, 29.11.2019 &#8211;\nge\u00f6ffnet von 16:00 \u2013 21:00 Uhr<\/strong><\/p>\n\n\n\n<ul><li>18:00 Uhr Offizielle Er\u00f6ffnung des D\u00fcrkheimer Advents (Ludwigsplatz, an der Kirche St. Ludwig) durch B\u00fcrgermeister Christoph Glogger, musikalisch umrahmt von weihnachtlicher Livemusik<\/li><li>18:30 Uhr Weihnachtliche Livemusik mit der Band \u201eYou &amp; I\u201c (R\u00f6merplatz)<\/li><\/ul>\n\n\n\n<p><strong>Samstag, 30.11.2019 &#8211; ge\u00f6ffnet von 11:00 \u2013 21:00 Uhr<\/strong><\/p>\n\n\n\n<ul><li>11:00 bis 19:00 Uhr Basteln und Lesen in der Wichtelwerkstatt (R\u00f6merplatz)<\/li><li>12:00 bis 14:00 Uhr Abgabe der Nikolausstiefel (Jurte, R\u00f6merplatz)<\/li><li>14:00 bis 18:00 Uhr Drehorgelspieler Friedrich Clemens<br>17:00 Uhr Adventsl\u00e4uten der Bad D\u00fcrkheimer Kirchen <\/li><li>17:00 Uhr Beau Soir Klassik Konzert im Stadtmuseum<br>18:00 Uhr Weihnachtliche Livemusik mit den \u201eHaardtgroove\u201c (Ludwigsplatz)<\/li><\/ul>\n\n\n\n<p><strong>Sonntag, 01.12.2019 &#8211;<\/strong> <strong>ge\u00f6ffnet\nvon 11:00 \u2013 21:00 Uhr<\/strong><\/p>\n\n\n\n<ul><li>11:00 bis 19:00 Uhr Basteln und Lesen in der Wichtelwerkstatt (R\u00f6merplatz)<\/li><li>14:30 bis 18:30 Uhr Drehorgelspieler Matthias L\u00f6chner<\/li><\/ul>\n\n\n\n<h4 class=\"wp-block-heading\"><strong>2. Adventswochenende:<\/strong><\/h4>\n\n\n\n<p><strong>Freitag, 06.12.2019 &#8211; ge\u00f6ffnet von 16:00 \u2013 21:00 Uhr<\/strong><\/p>\n\n\n\n<ul><li>18:00 Uhr Weihnachtliche Livemusik mit der Band \u201eReflection (2)\u201c (R\u00f6merplatz)<\/li><\/ul>\n\n\n\n<p><strong>Samstag,\n07.12.2019 &#8211; ge\u00f6ffnet von 11:00 \u2013 21:00 Uhr<\/strong><\/p>\n\n\n\n<ul><li>11:00 Uhr Der Nikolaus kommt in die Innenstadt<\/li><li>11:00 bis 19:00 Uhr Basteln und Lesen in der Wichtelwerkstatt (R\u00f6merplatz)<\/li><li>13:00 bis 18:00 Uhr Winter-Kinder-Fest der Offenen-Kreativ-Werkstatt (Haus Catoir)<br>17.00 Uhr Weihnachtliches Konzert der Musikschule (Haus Catoir)<\/li><li>18:00 Uhr Weihnachtliche Livemusik mit dem \u201eGospel Chor Voices at Heaven\u201c (Ludwigskirche)<\/li><\/ul>\n\n\n\n<p><strong>Sonntag, 08.12.2019\n&#8211; ge\u00f6ffnet von 11:00 \u2013 21:00 Uhr<\/strong><\/p>\n\n\n\n<ul><li>11:00 bis 19:00 Uhr Basteln und Lesen in der Wichtelwerkstatt (R\u00f6merplatz)<\/li><li>13:00 bis 18:00 Uhr Winter-Kinder-Fest der Offenen-Kreativ-Werkstatt (Haus Catoir)<\/li><li>14:00 bis 18:00 Uhr Drehorgelspieler Friedrich Clemens<\/li><\/ul>\n\n\n\n<h3 class=\"wp-block-heading\"><strong>3. Adventswochenende:<\/strong><\/h3>\n\n\n\n<p><strong>Donnerstag, 12.12.2019 \u2013 geschlossen<\/strong><\/p>\n\n\n\n<ul><li>16:00 Uhr Weihnachtliches Kindertheater \u201eEdgar unterwegs nach Weihnachten\u201c (R\u00f6merplatz)<\/li><\/ul>\n\n\n\n<p><strong>Freitag, 13.12.2019 &#8211; ge\u00f6ffnet von 16:00 \u2013 21:00 Uhr<\/strong><\/p>\n\n\n\n<ul><li>18:00 Uhr Weihnachtliche Live-Musik mit der Band \u201eGood Times\u201c (R\u00f6merplatz)<\/li><\/ul>\n\n\n\n<p><strong>Samstag, 14.12.2019 &#8211;\nge\u00f6ffnet von 11:00 \u2013 21:00 Uhr<\/strong><\/p>\n\n\n\n<ul><li>11:00 bis 19:00 Uhr Basteln und Lesen in der Wichtelwerkstatt (R\u00f6merplatz)<\/li><li>14:00 bis 18:00 Uhr Drehorgelspieler Friedrich Clemens<\/li><li>18:00 Uhr Weihnachtliche Livemusik mit &#8222;G\u00f6nntlemen&#8220; (Ludwigsplatz)<\/li><li>18:00 Uhr Weihnachtliche Konzert mit \u201eCantamus\u201c (Ev. Krankenhaus)<\/li><\/ul>\n\n\n\n<p><strong>Sonntag, 15.12.2019 &#8211;\nge\u00f6ffnet von 11:00 \u2013 21:00 Uhr<\/strong><\/p>\n\n\n\n<ul><li>11:00 bis 19:00 Uhr Basteln und Lesen in der Wichtelwerkstatt (R\u00f6merplatz)<\/li><li>14:30 bis 18:30 Uhr Drehorgelspieler Matthias L\u00f6chner <\/li><\/ul>\n\n\n\n<h3 class=\"wp-block-heading\"><strong>4. Adventswochenende:<\/strong><\/h3>\n\n\n\n<p><strong>Freitag, 20.12.2019 &#8211;\nge\u00f6ffnet von 16:00 \u2013 21:00 Uhr<\/strong><\/p>\n\n\n\n<ul><li>15:00 bis 22:00 Uhr Mobiles Kino (D\u00fcrkheimer Haus)<\/li><li>18:00 Uhr Weihnachtliche Livemusik mit \u201eSascha Kleinophorst\u201c (R\u00f6merplatz)<\/li><\/ul>\n\n\n\n<p><strong>Samstag, 21.12.2019 &#8211;\nge\u00f6ffnet von 11:00 \u2013 21:00 Uhr<\/strong><\/p>\n\n\n\n<ul><li>11:00 bis 19:00 Uhr Basteln und Lesen in der Wichtelwerkstatt (R\u00f6merplatz)<\/li><li>14:00 bis 18:00 Uhr Drehorgelspieler Friedrich Clemens<\/li><li>18:00 Uhr Weihnachtliche Live-Musik mit der dem \u201eKaisertafeltrio\u201c (Innenstadt)<\/li><\/ul>\n\n\n\n<p><strong>Sonntag, 22.12.2019 &#8211;\nge\u00f6ffnet von 11:00 \u2013 21:00 Uhr<\/strong><\/p>\n\n\n\n<ul><li>11:00 bis 19:00 Uhr Basteln und Lesen in der Wichtelwerkstatt (R\u00f6merplatz)<\/li><li>11:00 Uhr Literarischer Gl\u00fchschoppen (R\u00f6merplatz)<\/li><li>14:30 bis 18:30 Uhr Drehorgelspieler Matthias L\u00f6chner<\/li><\/ul>\n\n\n\n<p><em>Text: Stadtverwaltung Bad D\u00fcrkheim Foto: Speyer 24\/7 News,dak<br>27.11.2019<\/em><\/p>\n\n\n\n<h2 class=\"wp-block-heading\"><strong>Weihnachtsschubk\u00e4rchler<\/strong><\/h2>\n\n\n\n<h3 class=\"wp-block-heading\"><strong>Gemeinsamer Ausschank der Vereine 2019<\/strong><\/h3>\n\n\n\n<div class=\"wp-block-image\"><figure class=\"aligncenter\"><img decoding=\"async\" loading=\"lazy\" width=\"500\" height=\"667\" src=\"https:\/\/speyer24news.com\/wp-content\/uploads\/2019\/11\/IMG_20191125_141832.jpg\" alt=\"\" class=\"wp-image-22418\" srcset=\"https:\/\/speyer24news.com\/wp-content\/uploads\/2019\/11\/IMG_20191125_141832.jpg 500w, https:\/\/speyer24news.com\/wp-content\/uploads\/2019\/11\/IMG_20191125_141832-225x300.jpg 225w\" sizes=\"(max-width: 500px) 100vw, 500px\" \/><\/figure><\/div>\n\n\n\n<p>24 Bad D\u00fcrkheimer Vereine und Interessensgruppen betreiben\ngemeinsam zwei \u201eWeihnachts\u201c-Schubkarchst\u00e4nde am R\u00f6merplatz. Der Zusammenschluss\nergab sich aus dem Wunsch vieler Bad D\u00fcrkheimerinnen und Bad D\u00fcrkheimer, sich\ngemeinsam f\u00fcr einen&nbsp; Weihnachtsmarkt in\nBad D\u00fcrkheim zu engagieren. <\/p>\n\n\n\n<p>Aus diesem Grund laden die Bad D\u00fcrkheimer Vereine und\nInteressensgruppen zum gem\u00fctlichen Gl\u00fchweintrinken in bew\u00e4hrter Umgebung ein.\nUnterst\u00fctzt werden die Weihnachtsschubkarchst\u00e4nde durch die Winzergenossenschaft\nHerrenberg-Honigs\u00e4ckel eG.<\/p>\n\n\n\n<p>Ebenfalls wird die \u201eWorschtmark\u201c nach der tollen Resonanz beim\nD\u00fcrkheimer Wurstmarkt als offizielles Zahlungsmittel auf dem D\u00fcrkheimer Advent\neingef\u00fchrt. Die Wertm\u00fcnze hat einen Gegenwert von f\u00fcnf Euro und darf an allen\nSt\u00e4nden im Rahmen des D\u00fcrkheimer Advents eingetauscht werden. <\/p>\n\n\n\n<p>In Anlehnung an das pf\u00e4lzische Dubbenglas wird es in\ndiesem Jahr auch 0,5 Liter Dubbentassen geben. Das Tassenpfand f\u00fcr die gro\u00dfen Tassen\nbetr\u00e4gt sechs Euro. Bei den kleinen 0,25 Liter Dubbentassen bleibt das Pfand\nwie im Vorjahr bei drei Euro.<\/p>\n\n\n\n<p><strong>Freitag, 29. November <\/strong>&#8211; ge\u00f6ffnet von 16-21 Uhr<\/p>\n\n\n\n<p>Rot Weiss Seebach\n\/ Kolpingfamilie<\/p>\n\n\n\n<p><strong>Samstag, 30. November <\/strong>&#8211; ge\u00f6ffnet von 11-21 Uhr<\/p>\n\n\n\n<p>FC 1930 Leistadt\n\/ D\u00fcrkheimer Judo Vereinigung<\/p>\n\n\n\n<p><strong>Sonntag, 1. Dezember <\/strong>&#8211; ge\u00f6ffnet von 11-21 Uhr<\/p>\n\n\n\n<p>1. Skatclub Bad D\u00fcrkheim Worschtmarktbube \/ Heimatverein Hardenburg e.V.<\/p>\n\n\n\n<p><strong>Freitag, 6. Dezember <\/strong>&#8211; ge\u00f6ffnet von 16-21 Uhr<\/p>\n\n\n\n<p>Lebenshilfe Bad\nD\u00fcrkheim e.V. \/ Junge Union Bad D\u00fcrkheim<\/p>\n\n\n\n<p><strong>Samstag, 7. Dezember <\/strong>&#8211; ge\u00f6ffnet von 11-21 Uhr<\/p>\n\n\n\n<p>Derkemer Grawler e.V.\n\/ F\u00f6rderverein des Katholischen Kindergartens<\/p>\n\n\n\n<p><strong>Sonntag, 8. Dezember <\/strong>&#8211; ge\u00f6ffnet von 11-21 Uhr<\/p>\n\n\n\n<p>SKG Grethen \/ DLRG Jugend Bad\nD\u00fcrkheim-Wachenheim<\/p>\n\n\n\n<p><strong>Freitag, 13. Dezember <\/strong>&#8211; ge\u00f6ffnet von 16-21 Uhr<\/p>\n\n\n\n<p>Kiwanis-Club Bad\nD\u00fcrkheim \/ TV 1860 D\u00fcrkheim<\/p>\n\n\n\n<p><strong>Samstag, 14. Dezember <\/strong>&#8211; ge\u00f6ffnet von 11-21 Uhr<\/p>\n\n\n\n<p>Rockwinzer e.V. \/\nTischtennisclub Bad D\u00fcrkheim<\/p>\n\n\n\n<p><strong>Sonntag, 15. Dezember <\/strong>&#8211; ge\u00f6ffnet von 11-21 Uhr<\/p>\n\n\n\n<p>D\u00fcrkheimer Hockey Club \/ Liedertafel<\/p>\n\n\n\n<p><strong>Freitag, 20. Dezember <\/strong>&#8211; ge\u00f6ffnet von 16-21 Uhr<\/p>\n\n\n\n<p>Trachtengruppe\nUngstein \/ Laufclub Bad D\u00fcrkheim.<\/p>\n\n\n\n<p><strong>Samstag, 21. Dezember <\/strong>&#8211; ge\u00f6ffnet von 11-21 Uhr<\/p>\n\n\n\n<p>Jungwinzer Bad\nD\u00fcrkheim \/ Sch\u00fctzengesellschaft <\/p>\n\n\n\n<p><strong>Sonntag, 22. Dezember &#8211;\nge\u00f6ffnet von 11-21 Uhr<\/strong><\/p>\n\n\n\n<p>Deutsches Rotes Kreuz \/ F\u00f6rderverein SV 1911 um 11 Uhr Literarischer Gl\u00fchschoppen zwischen den beiden Weihnachtsschubkarchst\u00e4nden.<\/p>\n\n\n\n<p><em>Text: Stadtverwaltung Bad D\u00fcrkheim Foto: Speyer 24\/7 News,dak<br>27.11.2019<\/em><\/p>\n","protected":false},"excerpt":{"rendered":"<div class=\"mh-excerpt\"><p>D\u00fcrkheimer Advent 2019 Ganz Bad D\u00fcrkheim fiebert auf die vierte Auflage des \u201eD\u00fcrkheimer Advents\u201c hin. Der besondere Weihnachtsmarkt findet wieder an allen vier Adventswochenenden inmitten der festlich beleuchteten Kulisse von R\u00f6merplatz, Kurgartenstra\u00dfe, Ludwigsplatz und dem <a class=\"mh-excerpt-more\" href=\"https:\/\/speyer24news.com\/?p=22415\" title=\"Bad D\u00fcrkheim\">[&#8230;]<\/a><\/p>\n<\/div>","protected":false},"author":3,"featured_media":22416,"comment_status":"open","ping_status":"open","sticky":false,"template":"","format":"standard","meta":{"_monsterinsights_skip_tracking":false,"_monsterinsights_sitenote_active":false,"_monsterinsights_sitenote_note":"","_monsterinsights_sitenote_category":0,"footnotes":""},"categories":[10],"tags":[984,4659,4660,3817,4526,4661,4662],"aioseo_notices":[],"amp_enabled":true,"_links":{"self":[{"href":"https:\/\/speyer24news.com\/index.php?rest_route=\/wp\/v2\/posts\/22415"}],"collection":[{"href":"https:\/\/speyer24news.com\/index.php?rest_route=\/wp\/v2\/posts"}],"about":[{"href":"https:\/\/speyer24news.com\/index.php?rest_route=\/wp\/v2\/types\/post"}],"author":[{"embeddable":true,"href":"https:\/\/speyer24news.com\/index.php?rest_route=\/wp\/v2\/users\/3"}],"replies":[{"embeddable":true,"href":"https:\/\/speyer24news.com\/index.php?rest_route=%2Fwp%2Fv2%2Fcomments&post=22415"}],"version-history":[{"count":1,"href":"https:\/\/speyer24news.com\/index.php?rest_route=\/wp\/v2\/posts\/22415\/revisions"}],"predecessor-version":[{"id":22420,"href":"https:\/\/speyer24news.com\/index.php?rest_route=\/wp\/v2\/posts\/22415\/revisions\/22420"}],"wp:featuredmedia":[{"embeddable":true,"href":"https:\/\/speyer24news.com\/index.php?rest_route=\/wp\/v2\/media\/22416"}],"wp:attachment":[{"href":"https:\/\/speyer24news.com\/index.php?rest_route=%2Fwp%2Fv2%2Fmedia&parent=22415"}],"wp:term":[{"taxonomy":"category","embeddable":true,"href":"https:\/\/speyer24news.com\/index.php?rest_route=%2Fwp%2Fv2%2Fcategories&post=22415"},{"taxonomy":"post_tag","embeddable":true,"href":"https:\/\/speyer24news.com\/index.php?rest_route=%2Fwp%2Fv2%2Ftags&post=22415"}],"curies":[{"name":"wp","href":"https:\/\/api.w.org\/{rel}","templated":true}]}}