{"id":22441,"date":"2019-11-27T12:44:24","date_gmt":"2019-11-27T11:44:24","guid":{"rendered":"https:\/\/speyer24news.com\/?p=22441"},"modified":"2019-11-27T12:44:25","modified_gmt":"2019-11-27T11:44:25","slug":"stadtnotizen-und-verkehrsnotizen-aus-speyer-3","status":"publish","type":"post","link":"https:\/\/speyer24news.com\/?p=22441","title":{"rendered":"Stadtnotizen und Verkehrsnotizen aus Speyer"},"content":{"rendered":"<style type=\"text\/css\">\r\n\t.ads_top_disp{}\r\n\t.ads_top_corner_disp{ float:left; margin:0px 10px 10px 0px; }\r\n\t.ads_first_p_disp{}\r\n\t.ads_bottom_disp{}\r\n\t<\/style>\n<h1 class=\"wp-block-heading\" style=\"text-align:center\">Stadtnotizen<\/h1>\n\n\n\n<div class=\"wp-block-image\"><figure class=\"aligncenter\"><img decoding=\"async\" src=\"https:\/\/speyer24news.com\/wp-content\/uploads\/2019\/11\/Speyer-Stadtnachrichten-2-1.jpg\" alt=\"\" class=\"wp-image-22026\"\/><\/figure><\/div>\n\n\n\n<h2 class=\"wp-block-heading\"><strong>Speyerer Oberb\u00fcrgermeisterin Stefanie Seiler \u00fcbernimmt Vorsitz des Vereins der SchUM-St\u00e4dte<\/strong><\/h2>\n\n\n\n<div class=\"wp-block-image\"><figure class=\"aligncenter\"><img decoding=\"async\" loading=\"lazy\" width=\"500\" height=\"534\" src=\"https:\/\/speyer24news.com\/wp-content\/uploads\/2019\/11\/DSC06658.jpg\" alt=\"\" class=\"wp-image-22444\" srcset=\"https:\/\/speyer24news.com\/wp-content\/uploads\/2019\/11\/DSC06658.jpg 500w, https:\/\/speyer24news.com\/wp-content\/uploads\/2019\/11\/DSC06658-281x300.jpg 281w\" sizes=\"(max-width: 500px) 100vw, 500px\" \/><\/figure><\/div>\n\n\n\n<p>In \neiner wichtigen Phase der UNESCO-Welterbe-Bewerbung der SchUM-St\u00e4tten \nhat die Speyerer Oberb\u00fcrgermeisterin Stefanie Seiler den Vorsitz des \nVereins der SchUM-St\u00e4dte \u00fcbernommen. Sie wurde\n zu Beginn dieser Woche in Worms einstimmig zur neuen Vorsitzenden des \n\u201eSchUM-St\u00e4dte Speyer, Worms, Mainz e.V.\u201c gew\u00e4hlt. Ebenfalls einstimmig \nwurden Anna Kischner, Vorstand der J\u00fcdischen Gemeinde Mainz, und der \nWormser Oberb\u00fcrgermeister Adolf Kessel zu ihren\n Stellvertretern gew\u00e4hlt. Michael Ebling, Oberb\u00fcrgermeister von Mainz, \nbleibt Schatzmeister des Vereins.<\/p>\n\n\n\n<p>Der  SchUM-St\u00e4dte e.V. wird getragen vom Land Rheinland-Pfalz, den St\u00e4dten  Speyer, Worms und Mainz, der J\u00fcdischen Gemeinde Mainz K.d.\u00f6.R, der  J\u00fcdischen Kultusgemeinde der Rheinpfalz und dem  Landesverband der J\u00fcdischen Gemeinden von Rheinland-Pfalz.<\/p>\n\n\n\n<div class=\"wp-block-image\"><figure class=\"aligncenter\"><img decoding=\"async\" loading=\"lazy\" width=\"450\" height=\"410\" src=\"https:\/\/speyer24news.com\/wp-content\/uploads\/2019\/11\/SchUM-Logo.png\" alt=\"\" class=\"wp-image-22445\" srcset=\"https:\/\/speyer24news.com\/wp-content\/uploads\/2019\/11\/SchUM-Logo.png 450w, https:\/\/speyer24news.com\/wp-content\/uploads\/2019\/11\/SchUM-Logo-300x273.png 300w\" sizes=\"(max-width: 450px) 100vw, 450px\" \/><\/figure><\/div>\n\n\n\n<p>Der  Verein koordiniert und engagiert sich im Rahmen der Welterbebewerbung  f\u00fcr das k\u00fcnftige Management der SchUM-St\u00e4dte, die Vermittlung und  \u00d6ffentlichkeitsarbeit, die Ansprache vor Ort, im  Land und weltweit. Im Januar 2020 wird die Bewerbung der SchUM-St\u00e4tten  bei der UNESCO eingereicht, voraussichtlich 2021 f\u00e4llt die Entscheidung.  Auf der Basis der UNESCO-Richtlinien sollen die au\u00dfergew\u00f6hnlichen  SchUM-St\u00e4tten f\u00fcr die kommenden Generationen erhalten  und zug\u00e4nglich gemacht werden.<\/p>\n\n\n\n<p><em>Text: Stadt Speyer Foto: Speyer 24\/7 News, dak<br>27.11.2019<\/em><\/p>\n\n\n\n<h2 class=\"wp-block-heading\"><strong>Zum Weihnachtsfest Herzensw\u00fcnsche von Senior*innen erf\u00fcllen<\/strong><\/h2>\n\n\n\n<div class=\"wp-block-image\"><figure class=\"aligncenter\"><img decoding=\"async\" loading=\"lazy\" width=\"800\" height=\"657\" src=\"https:\/\/speyer24news.com\/wp-content\/uploads\/2019\/11\/DSC08891.jpg\" alt=\"\" class=\"wp-image-22442\" srcset=\"https:\/\/speyer24news.com\/wp-content\/uploads\/2019\/11\/DSC08891.jpg 800w, https:\/\/speyer24news.com\/wp-content\/uploads\/2019\/11\/DSC08891-300x246.jpg 300w, https:\/\/speyer24news.com\/wp-content\/uploads\/2019\/11\/DSC08891-768x631.jpg 768w\" sizes=\"(max-width: 800px) 100vw, 800px\" \/><\/figure><\/div>\n\n\n\n<p>Weihnachten\n ohne Geschenke \u2013 f\u00fcr die meisten Menschen ist das unvorstellbar. Doch \nwer beschenkt Seniorinnen und Senioren, die keine Angeh\u00f6rigen mehr haben\n und\n deren Rente zu knapp ist, um sich selbst einen Wunsch zu erf\u00fcllen? \nDieser Gedanke inspirierte zur Weihnachtsw\u00fcnscheaktion f\u00fcr bed\u00fcrftige \nSenior*innen, die in diesem Jahr erstmals in der Vorweihnachtszeit \nstattfindet und von der Stadt organisiert wird.<\/p>\n\n\n\n<p>\u201eWeihnachten  ist das Fest der Liebe und der N\u00e4chstenliebe. An diejenigen zu denken,  denen es nicht so gut geht, ihnen eine Freude zu machen und zu zeigen,  dass  jemand an sie denkt, das muss nicht teuer sein und freut Schenkende und  Beschenkte gleicherma\u00dfen\u201c, so B\u00fcrgermeisterin und Sozialdezernentin  Monika Kabs, die die Aktion gerne unterst\u00fctzt.<\/p>\n\n\n\n<div class=\"wp-block-image\"><figure class=\"aligncenter\"><img decoding=\"async\" loading=\"lazy\" width=\"500\" height=\"667\" src=\"https:\/\/speyer24news.com\/wp-content\/uploads\/2019\/11\/IMG_20191125_165936.jpg\" alt=\"\" class=\"wp-image-22443\" srcset=\"https:\/\/speyer24news.com\/wp-content\/uploads\/2019\/11\/IMG_20191125_165936.jpg 500w, https:\/\/speyer24news.com\/wp-content\/uploads\/2019\/11\/IMG_20191125_165936-225x300.jpg 225w\" sizes=\"(max-width: 500px) 100vw, 500px\" \/><figcaption>In dem Fall zeigt das Foto den Spendenweihnachtsbaum f\u00fcr das Frauenhaus Speyer.<\/figcaption><\/figure><\/div>\n\n\n\n<p>Das  System ist denkbar einfach: Am <strong>Montag, 2. Dezember 2019<\/strong>, wird im  Modehaus Schmitt (Maximilianstra\u00dfe 15), dessen Inhaber Michael Schmitt  als Kooperationspartner  f\u00fcr die Aktion gewonnen werden konnte, eine weihnachtlich dekorierte  \u201eW\u00fcnsche(weiter)leiter\u201c aufgestellt. An deren Sprossen werden die  W\u00fcnsche, die einen Maximalwert von 30\u20ac haben und von den Bewohner*innen  des Seniorenzentrums Storchenpark aufgeschrieben  wurden, aufgeh\u00e4ngt. Wer helfen m\u00f6chte, nimmt sich eine oder mehrere  Karten von der Leiter und kauft das gew\u00fcnschte Geschenk ein. Das gerne  weihnachtlich verpackte P\u00e4ckchen sollte \u2013 versehen mit dem Namen des  W\u00fcnschenden und der auf dem Wunschzettel aufgedruckten  Nummer &#8211; <strong><em>bis sp\u00e4testens Samstag, 21. Dezember 2019<\/em><\/strong>, wieder im Modehaus  Schmitt oder alternativ im Kulturb\u00fcro der Stadt Speyer im Kulturhof  Flachsgasse abgegeben werden, damit die Senior*innen ihre Geschenke  p\u00fcnktlich zu Heilig Abend erhalten. Die \u00dcbergabe  erfolgt am 23. Dezember durch Mitarbeiter*innen der Stadtverwaltung und  des Seniorenzentrums Storchenpark.\u00a0<\/p>\n\n\n\n<p>\u201eWir\n hoffen auf gute Resonanz und bitten um Mithilfe, damit die bescheidenen\n W\u00fcnsche der Seniorinnen und Senioren erf\u00fcllt werden k\u00f6nnen\u201c, appelliert\n Monika Kabs\n an die Speyererinnen und Speyerer. Denn wenn die Aktion gut angenommen \nwerde, sei eine Fortsetzung im kommenden Jahr nicht ausgeschlossen, so \ndie B\u00fcrgermeisterin.<\/p>\n\n\n\n<p>Fragen\n zur Weihnachtsw\u00fcnscheaktion f\u00fcr bed\u00fcrftige Senior*innen beantwortet \nHeidi Jester, Abteilung Messen und M\u00e4rkte, 06232-142748,\n<a href=\"mailto:heidi.jester@stadt-speyer.de\" target=\"_blank\" rel=\"noreferrer noopener\">heidi.jester@stadt-speyer.de<\/a><\/p>\n\n\n\n<p><em>Text: Stadt Speyer Foto: Speyer 24\/7 News, toe<br>27.11.2019<\/em><\/p>\n\n\n\n<h2 class=\"wp-block-heading\"><strong>Dialog Industriehof<\/strong><\/h2>\n\n\n\n<div class=\"wp-block-image\"><figure class=\"aligncenter\"><img decoding=\"async\" loading=\"lazy\" width=\"800\" height=\"600\" src=\"https:\/\/speyer24news.com\/wp-content\/uploads\/2019\/11\/DSC04472.jpg\" alt=\"\" class=\"wp-image-22446\" srcset=\"https:\/\/speyer24news.com\/wp-content\/uploads\/2019\/11\/DSC04472.jpg 800w, https:\/\/speyer24news.com\/wp-content\/uploads\/2019\/11\/DSC04472-300x225.jpg 300w, https:\/\/speyer24news.com\/wp-content\/uploads\/2019\/11\/DSC04472-768x576.jpg 768w, https:\/\/speyer24news.com\/wp-content\/uploads\/2019\/11\/DSC04472-678x509.jpg 678w, https:\/\/speyer24news.com\/wp-content\/uploads\/2019\/11\/DSC04472-326x245.jpg 326w, https:\/\/speyer24news.com\/wp-content\/uploads\/2019\/11\/DSC04472-80x60.jpg 80w\" sizes=\"(max-width: 800px) 100vw, 800px\" \/><\/figure><\/div>\n\n\n\n<p>Zur Informationsveranstaltung \u201eDialog Industriehof\u201c l\u00e4dt Oberb\u00fcrgermeisterin Stefanie Seiler am <strong>Dienstag, 3. Dezember, 15:30 Uhr<\/strong>, in den Industriehof, Halle 33,  ein. <\/p>\n\n\n\n<p>Die Oberb\u00fcrgermeisterin wird bei dieser Gelegenheit die bisherigen  Untersuchungen und Planungsabsichten f\u00fcr den Industriehof und die  angrenzenden Fl\u00e4chen der \u00d6ffentlichkeit vorstellen  und will damit auch Mieter und Anlieger des Industriehofes umfassend  informieren. Die Stadtverwaltung weist vorsorglich darauf hin, dass der  Veranstaltungsort &#8211; eine alte Maschinenhalle \u2013 nicht barrierefrei ist. <\/p>\n\n\n\n<p><em>Text: Stadt Speyer Foto: Speyer 24\/7 News, dak<br>27.11.2019<\/em><\/p>\n\n\n\n<h1 class=\"wp-block-heading\" style=\"text-align:center\">Verkehrsnotizen <\/h1>\n\n\n\n<div class=\"wp-block-image\"><figure class=\"aligncenter\"><img decoding=\"async\" loading=\"lazy\" width=\"800\" height=\"565\" src=\"https:\/\/speyer24news.com\/wp-content\/uploads\/2019\/11\/Baustelle-2-1.jpg\" alt=\"\" class=\"wp-image-22027\" srcset=\"https:\/\/speyer24news.com\/wp-content\/uploads\/2019\/11\/Baustelle-2-1.jpg 800w, https:\/\/speyer24news.com\/wp-content\/uploads\/2019\/11\/Baustelle-2-1-300x212.jpg 300w, https:\/\/speyer24news.com\/wp-content\/uploads\/2019\/11\/Baustelle-2-1-768x542.jpg 768w\" sizes=\"(max-width: 800px) 100vw, 800px\" \/><\/figure><\/div>\n\n\n\n<h2 class=\"wp-block-heading\"><strong>Eichendorffstra\u00dfe gesperrt<\/strong><\/h2>\n\n\n\n<div class=\"wp-block-image\"><figure class=\"aligncenter\"><img decoding=\"async\" src=\"https:\/\/speyer24news.com\/wp-content\/uploads\/2019\/11\/Vollsperrung-1.jpg\" alt=\"\" class=\"wp-image-22029\"\/><\/figure><\/div>\n\n\n\n<p>Wegen eines Neubaus muss die Eichendorffstra\u00dfe auf  der H\u00f6he der Hausnummer 17 A, Ecke Theodor-Heuss-Stra\u00dfe, <strong><em>ab 2. Dezember bis voraussichtlich 15. Mai 2020<\/em><\/strong> f\u00fcr den Durchgangsverkehr gesperrt  werden. Eine Umleitung wird ausgewiesen.<\/p>\n\n\n\n<p>F\u00fcr R\u00fcckfragen steht die Stra\u00dfenverkehrsbeh\u00f6rde unter den Rufnummern 14-2739, 14-2682&nbsp; oder 14-2492 zur Verf\u00fcgung.<\/p>\n\n\n\n<p><em>Stadt Speyer<br>27.11.2019<\/em><\/p>\n","protected":false},"excerpt":{"rendered":"<div class=\"mh-excerpt\"><p>Stadtnotizen Speyerer Oberb\u00fcrgermeisterin Stefanie Seiler \u00fcbernimmt Vorsitz des Vereins der SchUM-St\u00e4dte In einer wichtigen Phase der UNESCO-Welterbe-Bewerbung der SchUM-St\u00e4tten hat die Speyerer Oberb\u00fcrgermeisterin Stefanie Seiler den Vorsitz des Vereins der SchUM-St\u00e4dte \u00fcbernommen. Sie wurde zu <a class=\"mh-excerpt-more\" href=\"https:\/\/speyer24news.com\/?p=22441\" title=\"Stadtnotizen und Verkehrsnotizen aus Speyer\">[&#8230;]<\/a><\/p>\n<\/div>","protected":false},"author":3,"featured_media":0,"comment_status":"open","ping_status":"open","sticky":false,"template":"","format":"standard","meta":{"_monsterinsights_skip_tracking":false,"_monsterinsights_sitenote_active":false,"_monsterinsights_sitenote_note":"","_monsterinsights_sitenote_category":0,"footnotes":""},"categories":[47],"tags":[4665,4666,2323,3015,6,1296,206,1114],"aioseo_notices":[],"amp_enabled":true,"_links":{"self":[{"href":"https:\/\/speyer24news.com\/index.php?rest_route=\/wp\/v2\/posts\/22441"}],"collection":[{"href":"https:\/\/speyer24news.com\/index.php?rest_route=\/wp\/v2\/posts"}],"about":[{"href":"https:\/\/speyer24news.com\/index.php?rest_route=\/wp\/v2\/types\/post"}],"author":[{"embeddable":true,"href":"https:\/\/speyer24news.com\/index.php?rest_route=\/wp\/v2\/users\/3"}],"replies":[{"embeddable":true,"href":"https:\/\/speyer24news.com\/index.php?rest_route=%2Fwp%2Fv2%2Fcomments&post=22441"}],"version-history":[{"count":1,"href":"https:\/\/speyer24news.com\/index.php?rest_route=\/wp\/v2\/posts\/22441\/revisions"}],"predecessor-version":[{"id":22447,"href":"https:\/\/speyer24news.com\/index.php?rest_route=\/wp\/v2\/posts\/22441\/revisions\/22447"}],"wp:attachment":[{"href":"https:\/\/speyer24news.com\/index.php?rest_route=%2Fwp%2Fv2%2Fmedia&parent=22441"}],"wp:term":[{"taxonomy":"category","embeddable":true,"href":"https:\/\/speyer24news.com\/index.php?rest_route=%2Fwp%2Fv2%2Fcategories&post=22441"},{"taxonomy":"post_tag","embeddable":true,"href":"https:\/\/speyer24news.com\/index.php?rest_route=%2Fwp%2Fv2%2Ftags&post=22441"}],"curies":[{"name":"wp","href":"https:\/\/api.w.org\/{rel}","templated":true}]}}