{"id":22448,"date":"2019-11-27T17:26:05","date_gmt":"2019-11-27T16:26:05","guid":{"rendered":"https:\/\/speyer24news.com\/?p=22448"},"modified":"2019-11-29T11:27:53","modified_gmt":"2019-11-29T10:27:53","slug":"polizei-135","status":"publish","type":"post","link":"https:\/\/speyer24news.com\/?p=22448","title":{"rendered":"Polizei"},"content":{"rendered":"<style type=\"text\/css\">\r\n\t.ads_top_disp{}\r\n\t.ads_top_corner_disp{ float:left; margin:0px 10px 10px 0px; }\r\n\t.ads_first_p_disp{}\r\n\t.ads_bottom_disp{}\r\n\t<\/style>\n<h2 class=\"wp-block-heading\">Polizeimeldungen vom Mittwoch (27.11.2019)<\/h2>\n\n\n\n<div class=\"wp-block-image\"><figure class=\"aligncenter\"><img decoding=\"async\" src=\"https:\/\/speyer24news.com\/wp-content\/uploads\/2019\/11\/Aktuelles-Polizeilogo.jpg\" alt=\"\" class=\"wp-image-21845\"\/><\/figure><\/div>\n\n\n\n<h4 class=\"wp-block-heading\">(Speyer) &#8211; Verkehrsunfall verursacht erhebliche Verkehrsbehinderungen<\/h4>\n\n\n\n<p>Beim Auffahren an der Anschlussstelle SP-West auf die B9 in  Fahrtrichtung Germersheim kollidierte ein PKW mit einem Sattelzug,  welcher sich bereits auf der B9 befand. Ein nachfolgender PKW-Fahrer  lenkte sein Fahrzeug gegen die rechte Leitplanke, wodurch er ein  Auffahren auf die stehenden Unfallbeteiligten verhindern konnte. <\/p>\n\n\n\n<p>Beide PKW wurden erheblich besch\u00e4digt und mussten abgeschleppt werden. Verletzt wurde niemand. <\/p>\n\n\n\n<p>Die\n B9 musste zur Verkehrsunfallaufnahme f\u00fcr die Dauer von ca. 20 Minuten \nvollst\u00e4ndig gesperrt werden. Anschlie\u00dfend konnte der Verkehr \u00fcber die \nlinke Fahrspur geleitet werden, die vollst\u00e4ndige Freigabe der Fahrbahn \nerfolgte erst gegen 07:50 Uhr. Aufgrund der Sperrungen kam es zu \nVerkehrsbehinderungen im gesamten Bereich. <\/p>\n\n\n\n<h4 class=\"wp-block-heading\">(Speyer) &#8211; Verkehrsunfall zwischen Pedelec und Lkw<\/h4>\n\n\n\n<p>Ein\n Verkehrsunfall zwischen einer 61-j\u00e4hrigen Pedelec-Fahrerin aus Speyer \nund einem 26-j\u00e4hrigen Lkw-Fahrer aus Ungarn ereignete sich am \nDienstagabend am Bartholom\u00e4us-Weltz-Platz. Die Pedelec-Fahrerin, die \ndabei leicht verletzt wurde, fuhr vom Vorplatz der Ged\u00e4chtniskirche aus \nzwischen parkenden Pkw auf die Stra\u00dfe Bartholom\u00e4us-Weltz-Platz Richtung \nSparkasse ein. Hierbei geriet sie zu weit nach links und ber\u00fchrte den in\n gleicher Richtung fahrenden Lkw, sodass sie zu Sturz kam. Die \nPedelec-Fahrerin, die keinen Helm trug, zog sich beim Sturz eine \nPlatzwunde am Kopf zu und wurde zur medizinischen Versorgung in eine \nKlinik nach Ludwigshafen verbracht. Ihr Pedelec wurde durch den Lkw \n\u00fcberrollt und dabei komplett zerst\u00f6rt (Schaden ca. 2000EUR). Hierdurch \nplatze am Lkw ein Reifen (ca. 500EUR). <\/p>\n\n\n\n<h4 class=\"wp-block-heading\">(Speyer) &#8211; Verkehrsunfall unter Alkohol-\/Drogeneinfluss<\/h4>\n\n\n\n<p>Zu  einem Verkehrsunfall zwischen einem unter Alkohol-\/Drogeneinfluss  stehenden 34-j\u00e4hrigen Radfahrer aus Hanhofen und einem Pkw Mercedes ML  kam es am Dienstagnachmittag im Einm\u00fcndungsbereich Obere Langgasse \/  Dudenhofer Stra\u00dfe. Der 54-j\u00e4hrige Mercedes-Fahrer musste beim Abbiegen  von der Oberen Langgasse auf die Dudenhofer Stra\u00dfe verkehrsbedingt  anhalten, sodass sein Heck noch auf den von der Sch\u00fctzenstra\u00dfe kommenden  Radweg ragte, als der Radverkehr schon wieder &#8222;gr\u00fcn&#8220; bekam. Der  Radfahrer touchiert dann beim Passieren des Pkw dessen Heck, wor\u00fcber er  sich so erboste, dass er zweimal gegen den hinteren Kotfl\u00fcgel des Pkw  trat. Danach setzte er seine Fahrt in Richtung Ortsausgang fort. Der  Mercedes-Fahrer folgte diesem und konnte ihn in der Geiselstra\u00dfe zur  Rede stellen. Durch die verst\u00e4ndigte Polizei konnte bei dem Radfahrer  deutlicher Alkohol-\/Cannabisgeruch wahrgenommen werden. Ein  Atemalkoholtest ergab einen Wert von 2,19 Promille. Ihm wurde deshalb  die Weiterfahrt untersagt und es wurde eine Blutprobe bei ihm entnommen.  <\/p>\n\n\n\n<h4 class=\"wp-block-heading\">(Speyer) &#8211; Kind auf Fahrrad von Pkw \u00fcbersehen<\/h4>\n\n\n\n<p>Ein  Verkehrsunfall zwischen einer 49-j\u00e4hrigen Otterst\u00e4dterin in ihrem  Mitsubishi und einem 13-j\u00e4hrigen Kind auf seinem Fahrrad ereignete sich  am Dienstagnachmittag in der Schwerdstra\u00dfe. Das Kind wurde dabei von der  r\u00fcckw\u00e4rts aus einer Grundst\u00fcckseinfahrt auf die Schwerdstra\u00dfe  einfahrenden Pkw-Fahrerin \u00fcbersehen, sodass es zum Zusammensto\u00df kam.  Beim Sturz verletzte sich der 13-J\u00e4hrige &#8211; vermutlich durch das Tragen  eines Helmes &#8211; lediglich leicht im Gesicht. Er wurde zur Abkl\u00e4rung  seiner Verletzungen durch den Rettungsdienst in ein \u00f6rtliches  Krankenhaus verbracht. An Pkw und Fahrrad entstand ein Schaden von ca.  550EUR. <\/p>\n\n\n\n<h4 class=\"wp-block-heading\">(Lingenfeld \/ Speyer) &#8211; Senior wird Opfer von Enkeltrickbetrug<\/h4>\n\n\n\n<p>Einen Betrag im vierstelligen Bereich ergaunerten dreiste Betr\u00fcger bei  einem sogenannten Enkeltrickbetrug am Dienstag in Lingenfeld  beziehungsweise Speyer. Gegen 10.45 Uhr erhielt der 78 &#8211; j\u00e4hrige  Lingenfelder einen Anruf von einem bis dato unbekannten Mann, welcher  sich als sein Sohn ausgab. Der falsche Sohn erkl\u00e4rte, dass er dringend  Bargeld ben\u00f6tige um ein Projekt zu finanzieren. Im Verlauf des  Telefonats wurde als \u00dcbergabeort das Vincentiuskrankenhaus in Speyer  vereinbart. Unmittelbar vor dem Treffen meldete sich der falsche Sohn  erneut und gab an, dass er nicht pers\u00f6nlich erscheinen k\u00f6nne und einen  Freund vorbei schicken w\u00fcrde. Die Geld\u00fcbergabe erfolgte letztlich  zwischen 17.30 und 17.45 Uhr vor dem Haupteingang des Krankenhauses. <\/p>\n\n\n\n<p>Der  Abholer stellte sich als Giovanni vor und wird wie folgt beschrieben:<\/p>\n\n\n\n<ul><li>zirka 40 bis 50 Jahre alt<\/li><li>schm\u00e4chtig<\/li><li>kurze schwarze Haare<\/li><li>s\u00fcdeurop\u00e4isches Erscheinungsbild<\/li><li>Der Schwindel flog erst gegen Mitternacht auf<\/li><\/ul>\n\n\n\n<p>Zeugen, welche den Vorfall in Speyer beobachtet  haben oder sachdienliche Hinweise geben k\u00f6nnen, werden gebeten sich bei  der Polizeiinspektion Germersheim telefonisch unter 027274\/9580 (<a href=\"mailto:pigermersheim@polizei.rlp.de\">pigermersheim@polizei.rlp.de<\/a>) oder bei der Polizeiinspektion Speyer unter 06232\/1370 (<a href=\"mailto:pispeyer@polizei.rlp.de\">pispeyer@polizei.rlp.de<\/a>) zu melden. <\/p>\n\n\n\n<h4 class=\"wp-block-heading\">(Germersheim) &#8211; Bargeld und Schmuck gestohlen<\/h4>\n\n\n\n<p>Bargeld und Schmuck in noch unbekannter H\u00f6he erbeuteten bis dato  unbekannte Tatverd\u00e4chtige bei einem Wohnungseinbruch im Bereich der  August-Keiler-Stra\u00dfe. Die Tat ereignete sich am Dienstag zwischen 10.30  und 12 Uhr in einem Mehrparteienhaus. Die Eingangst\u00fcr zu der betroffenen  Wohnung hatten die T\u00e4ter brachial aufgebrochen. Die Polizei hat die  Ermittlungen aufgenommen. <\/p>\n\n\n\n<p>Zeugenhinweise nimmt die Polizeiinspektion Germersheim telefonisch unter 07274\/9580 oder per Mail unter <a href=\"mailto:pigermersheim@polizei.rlp.de\">pigermersheim@polizei.rlp.de<\/a> entgegen. <\/p>\n\n\n\n<h4 class=\"wp-block-heading\">(H\u00f6rdt) &#8211; Einbruch in Schnitzelwerk<\/h4>\n\n\n\n<p>Bargeld und Ipads wurden bei einem Einbruch in die Vereinsgastst\u00e4tte  des TUS H\u00f6rdt (Schnitzelwerk) gestohlen. Die noch unbekannten T\u00e4ter  gelangten in der Zeit zwischen Sonntag und Dienstag in das Lokal nachdem  sie zuvor mehrere T\u00fcren aufgehebelt hatten. Derzeit liegen keine  T\u00e4terhinweise vor. <\/p>\n\n\n\n<p>Zeugenhinweise nimmt die Polizeiinspektion Germersheim telefonisch unter 07274\/9580 oder per Mail unter <a href=\"mailto:pigermersheim@polizei.rlp.de\">pigermersheim@polizei.rlp.de<\/a> entgegen. <\/p>\n\n\n\n<h4 class=\"wp-block-heading\">(Bad Bergzabern &amp; Oberotterbach) &#8211; Einbr\u00fcche in Wohnh\u00e4user<\/h4>\n\n\n\n<p>In der Zeit von 30.10.-26.11.2019 kam es in Bad Bergzabern in der  Zeppelinstra\u00dfe und in Oberotterbach im Dammweg, zu einem Einbruch in ein  Wohnhaus. Bislang unbekannter T\u00e4ter hebelte eine Holzt\u00fcr bzw. ein  Fenster auf und durchsuchten die Anwesen. Der Gesamtschaden liegt bei  2000.- Euro. <\/p>\n\n\n\n<h4 class=\"wp-block-heading\">(Landau) &#8211; Sachbesch\u00e4digungen mit entwendetem Radlader \/ Tatverd\u00e4chtiger legt Gest\u00e4ndnis ab<\/h4>\n\n\n\n<p><strong>Gemeinsame Presseerkl\u00e4rung von Staatsanwaltschaft und Polizei Landau<\/strong><\/p>\n\n\n\n<div class=\"wp-block-image\"><figure class=\"aligncenter\"><img decoding=\"async\" loading=\"lazy\" width=\"800\" height=\"600\" src=\"https:\/\/speyer24news.com\/wp-content\/uploads\/2019\/11\/01.11.2019-LD-Bagger2.jpg\" alt=\"\" class=\"wp-image-21539\" srcset=\"https:\/\/speyer24news.com\/wp-content\/uploads\/2019\/11\/01.11.2019-LD-Bagger2.jpg 800w, https:\/\/speyer24news.com\/wp-content\/uploads\/2019\/11\/01.11.2019-LD-Bagger2-300x225.jpg 300w, https:\/\/speyer24news.com\/wp-content\/uploads\/2019\/11\/01.11.2019-LD-Bagger2-768x576.jpg 768w, https:\/\/speyer24news.com\/wp-content\/uploads\/2019\/11\/01.11.2019-LD-Bagger2-678x509.jpg 678w, https:\/\/speyer24news.com\/wp-content\/uploads\/2019\/11\/01.11.2019-LD-Bagger2-326x245.jpg 326w, https:\/\/speyer24news.com\/wp-content\/uploads\/2019\/11\/01.11.2019-LD-Bagger2-80x60.jpg 80w\" sizes=\"(max-width: 800px) 100vw, 800px\" \/><figcaption>Besch\u00e4digtes Dach der Kapelle<\/figcaption><\/figure><\/div>\n\n\n\n<p>Im  Laufe weiterer Ermittlungen erh\u00e4rtete sich der Verdacht gegen einen  16-J\u00e4hrigen aus Landau. Der Jugendliche legte im Rahmen seiner  Beschuldigtenvernehmung ein umfassendes Gest\u00e4ndnis ab. Dar\u00fcber hinaus  besteht der Verdacht gegen einen 17-J\u00e4hrigen aus dem Kreis S\u00fcdliche  Weinstra\u00dfe, an der Tat beteiligt gewesen zu sein. Die Ermittlungen  dauern an. <\/p>\n\n\n\n<h4 class=\"wp-block-heading\">(B 10 \/ Birkweiler) &#8211; Erneut drei LKW\u00b4s verbotswidrig unterwegs<\/h4>\n\n\n\n<p>Am fr\u00fchen Mittwochmorgen gegen 3 Uhr wurde auf der B10 das Nachtfahrverbot  kontrolliert. Bei vier kontrollierten Fahrzeugen befand sich lediglich  ein LKW-Fahrer, der berechtigt auf der B10 unterwegs war. Ein  53-j\u00e4hriger Trucker aus dem Saarland und ein 45-j\u00e4hriger Fahrer aus  Essen wurden mit 75.- Euro belegt, weil sie keine Genehmigung vorweisen  konnten. Ein 47-j\u00e4hriger Mann aus den Niederlanden musste eine  Sicherheitsleistung von 100 Euro bezahlen. Bei der Kontrolle gab er an,  dass er von seinem Chef die Fahrtstrecke \u00fcber die B10 befohlen bekam.  Weil der   Transportunternehmer die Fahrt verf\u00fcgte und sich dadurch  einen Wettbewerbsvorteil versprach, muss dieser nun mit einem  Gewinnabsch\u00f6pfungsverfahren rechnen. Dabei wird gepr\u00fcft, ob der Verfall  des gesamten Transporterl\u00f6ses angeordnet wird. In allen drei F\u00e4llen  mussten die Fahrer wenden und die B 10 verlassen. <\/p>\n\n\n\n<h4 class=\"wp-block-heading\">(Edenkoben) &#8211; Verkehrskontrollen<\/h4>\n\n\n\n<p>Aufgrund B\u00fcrgerbeschwerden wurde das Durchfahrtsverbot &#8222;Breiter  Hartweg&#8220; zwischen Edenkoben und St. Martin Dienstagnachmittag \u00fcberwacht.  Innerhalb kurzer Zeit mussten 7 Autofahrer mit jeweils 20 Euro verwarnt  werden, weil sie widerrechtlich den Wirtschaftsweg benutzten. Im  Bereich des Bahnhofs wurden 5 Autofahrer belangt, weil deren  lichttechnische Einrichtung nicht funktionierte. Auch sie wurden  geb\u00fchrenpflichtig verwarnt. Zudem erhielten sie eine  Kontrollaufforderung zum Nachweis der M\u00e4ngelbeseitigung. Gerade in den  Wintermonaten kommt es immer h\u00e4ufiger zu Unf\u00e4llen mit Fahrzeugen, die  schlecht oder gar nicht beleuchtet sind. Am Auto ist eine ausreichende  Beleuchtung nicht nur Pflicht, sondern dient auch der eigenen  Sicherheit. Deshalb ist es umso wichtiger, stets einen Blick auf die  Leuchten des PKW zu werfen. <\/p>\n\n\n\n<h4 class=\"wp-block-heading\">(Neustadt) &#8211; Fu\u00dfg\u00e4nger beim Abbiegen \u00fcbersehen und verletzt<\/h4>\n\n\n\n<p>Bei einem Verkehrsunfall am 26.11.2019 gegen 18:00 Uhr befuhr ein  58-j\u00e4hriger Autofahrer die Adolf-Kolping-Stra\u00dfe aus Richtung B39 und  wollte zwischen den beiden Kreiseln MC Donalds und Globus  nach rechts  auf den Parkplatz des Globus-Einkaufsmarktes fahren. Hierbei \u00fcbersah er  einen 69-j\u00e4hrigen Fu\u00dfg\u00e4nger, der die Einfahrt zum Parkplatz \u00fcberqueren  wollte. Bei dem Zusammensto\u00df mit niedriger Geschwindigkeit st\u00fcrzte der  Fu\u00dfg\u00e4nger  und erlitt Sch\u00fcrfwunden an H\u00e4nden und Knien. Er wurde  \u00e4rztlich versorgt. <\/p>\n\n\n\n<h4 class=\"wp-block-heading\">(Neustadt) &#8211; Verkehrskontrollen im Stadtgebiet<\/h4>\n\n\n\n<p>Bei Verkehrskontrollen am 26.11.2019 im Stadtgebiet von Neustadt gab es  zahlreiche Beanstandungen. In der Amalienstra\u00dfe kam es am Vormittag zu  sechs Verst\u00f6\u00dfen gegen das Handybenutzungsverbot w\u00e4hrend der Autofahrt,  drei Autofahrer waren nicht angegurtet und ein Fahrer trug seine  eingetragene Sehhilfe nicht. Am Nachmittag wurde eine  Geschwindigkeitskontrolle im Schulbereich (30 km\/h) in der  Landwehrstra\u00dfe durchgef\u00fchrt. Hier waren insgesamt 12 Autofahrer zu  schnell unterwegs, die h\u00f6chste gemessene Geschwindigkeit betrug 55 km\/h.  Ein Autofahrer benutzte das Mobiltelefon w\u00e4hrend der Fahrt. <\/p>\n\n\n\n<h4 class=\"wp-block-heading\">(Neustadt) &#8211; Bei Verkehrsunfall leicht verletzt<\/h4>\n\n\n\n<div class=\"wp-block-image\"><figure class=\"aligncenter\"><img decoding=\"async\" loading=\"lazy\" width=\"800\" height=\"523\" src=\"https:\/\/speyer24news.com\/wp-content\/uploads\/2019\/11\/26.11.19-NW-VU.jpg\" alt=\"\" class=\"wp-image-22449\" srcset=\"https:\/\/speyer24news.com\/wp-content\/uploads\/2019\/11\/26.11.19-NW-VU.jpg 800w, https:\/\/speyer24news.com\/wp-content\/uploads\/2019\/11\/26.11.19-NW-VU-300x196.jpg 300w, https:\/\/speyer24news.com\/wp-content\/uploads\/2019\/11\/26.11.19-NW-VU-768x502.jpg 768w\" sizes=\"(max-width: 800px) 100vw, 800px\" \/><\/figure><\/div>\n\n\n\n<p>Bei einem Verkehrsunfall am 26.11.2019gegen 07:00 Uhr in der  Ludwigstra\u00dfe  wurde eine 19-j\u00e4hrige Unfallbeteiligte leicht verletzt.  Eine 61-j\u00e4hrige Autofahrerin befuhr die Talstra\u00dfe stadtausw\u00e4rts und  missachtete an der Kreuzung Ludwigstra\u00dfe die Vorfahrt der 19-J\u00e4hrigen ,  die aus Richtung Tal die Ludwigstra\u00dfe befuhr. Die 19-J\u00e4hrige wurde mit  Schmerzen im HWS-Bereich sowie Schock ins Krankenhaus gebracht, die  61-J\u00e4hrige blieb unverletzt. Beide Fahrzeug waren nicht mehr fahrbereit  und mussten abgeschleppt werden. Der Gesamtsachschaden wird mit ca.  16000 Euro angegeben. <\/p>\n\n\n\n<h4 class=\"wp-block-heading\">(Lambrecht) &#8211; Fahrer von E-Scooter unter Drogeneinfluss<\/h4>\n\n\n\n<p>Am 26.11.2019 wurde gegen 18:00 Uhr in der Hauptstra\u00dfe in Lambrecht der  Fahrer eines E-Scooters kontrolliert. Im Rahmen der Kontrolle wurden  drogentypische Verhaltensweisen festgestellt, ein Drogenvortest  reagierte positiv auf THC. Der 30-J\u00e4hrige musste eine Blutprobe abgeben  und muss nun mit 500 Euro Bu\u00dfgeld, einem Monat Fahrverbot und zwei  Punkten in Flensburg rechnen. <\/p>\n\n\n\n<h4 class=\"wp-block-heading\">(Bad D\u00fcrkheim) &#8211; Anhaltezeichen missachtet \/ Fahrer stand unter Drogeneinfluss und hatte keinen F\u00fchrerschein<\/h4>\n\n\n\n<p>Am 26.11.19, gegen 17:25 Uhr fiel einer Funkstreifenbesatzung ein Pkw  auf, der vom Leistadter Kreisel kommend auf der L 517 in Richtung Bad  D\u00fcrkheim unterwegs war, hierbei mehrfach &#8222;Schlangenlinien&#8220; fuhr und fast  nach rechts von der Fahrbahn abkam. Obwohl dem Fahrer optische und  akustische Anhaltezeichen gegeben wurden kam er diesen nicht nach und  gelangte \u00fcber die Stra\u00dfe &#8222;Im Salzbrunnen&#8220; in die Sonnenwendstra\u00dfe. Dort  w\u00fcrgte er den Pkw mitten auf der Fahrbahn ab und trat nicht auf die  Bremse, so dass der Pkw etwas zur\u00fcckrollte und erst kurz vor dem  Funkstreifenwagen zum Stehen kam. Der Fahrer h\u00e4ndigte den Polizeibeamten  aus dem Fahrzeug heraus sofort die Fahrzeugpapiere aus und gab an nicht  im Besitz eines F\u00fchrerscheines zu sei. Bei der weiteren \u00dcberpr\u00fcfung des  20-j\u00e4hrigen Mannes aus Ludwigshafen wurden drogentypische  Ausfallerscheinungen bei ihm festgestellt. Ein freiwillig durchgef\u00fchter  Drogenvortest verlief im Hinblick auf den Konsum von Cannabis positiv.  Ihm wurde daraufhin eine Blutprobe entnommen. Ihn erwartet nun eine  Strafanzeige wegen Fahren ohne Fahrerlaubnis und unter Drogeneinfluss. <\/p>\n\n\n\n<h4 class=\"wp-block-heading\">(Maxdorf) &#8211; Unfallflucht mit unbekanntem Gesch\u00e4digten<\/h4>\n\n\n\n<p>Am Montag, den 25.11.2019 gegen 15:00 Uhr kam es in der Hauptstra\u00dfe,  auf H\u00f6he der Hausnummer 92 in Maxdorf, zu einem Verkehrsunfall. Ein  vorbeifahrender PKW streifte beim Vorbeifahren ein am Stra\u00dfenrand  geparktes Fahrzeug. Das unfallverursachende Fahrzeug fuhr danach weiter.  Das Unfallgeschehen wurde durch einen Zeugen beobachtet, der den Unfall  aber erst am Dienstag bei der Polizei meldete. Bei dem  Unfallverursacher soll es sich um einen grauen Peugeot 207 handeln. Zu  dem gesch\u00e4digten PKW konnte der Zeuge keinen Angaben machen. Bislang  wurde bei der Polizeiwache Maxdorf an dieser \u00d6rtlichkeit keine  Unfallflucht beanzeigt. Zeugen und der Gesch\u00e4digte werden gebeten sich  bei der Polizei Maxdorf zu melden. <\/p>\n\n\n\n<p>Wer sachdienliche Hinweise zu  dem genannten Fall geben kann, wird gebeten sich mit der Polizeiwache  Maxdorf unter der Rufnummer 06237\/934-1100 in Verbindung zu setzen.  Hinweise k\u00f6nnen auch per E-Mail unter <a href=\"mailto:pwmaxdorf@polizei.rlp.de\">pwmaxdorf@polizei.rlp.de<\/a> an die Polizei \u00fcbermittelt werden. <\/p>\n\n\n\n<h4 class=\"wp-block-heading\">(Frankenthal) &#8211; Verkehrsunfall mit Flucht<\/h4>\n\n\n\n<p>Ein bisher unbekannter Fahrer besch\u00e4digt am 26.11.2019 im Zeitraum von  09:00 Uhr bis 14:45 Uhr auf einem Parkplatz in der Daniel-Bechtel-Stra\u00dfe  in Frankenthal einen geparkten BMW und fl\u00fcchtet. Der Schaden an der  vorderen Sto\u00dfstange bel\u00e4uft sich auf ca. 500EUR. <\/p>\n\n\n\n<p>Wer \nsachdienliche Hinweise zu dem genannten Fall geben kann, wird gebeten \nsich mit der Polizeiinspektion Frankenthal unter der Rufnummer \n06233\/313-0 oder der Polizeiwache Maxdorf unter der Rufnummer \n06237\/934-1100 in Verbindung zu setzen. Hinweise k\u00f6nnen auch per E-Mail \nunter <a href=\"mailto:pifrankenthal@polizei.rlp.de\">pifrankenthal@polizei.rlp.de<\/a> an die Polizei \u00fcbermittelt werden. <\/p>\n\n\n\n<h4 class=\"wp-block-heading\">(Frankenthal) &#8211; Verkehrsunfall mit Alkohol<\/h4>\n\n\n\n<p>Am 26.11.2019 gegen 10:15 Uhr wird der Polizei in Frankenthal ein  Verkehrsunfall in der Frankenthaler Stra\u00dfe in Studernheim auf dem  dortigen Parkplatz gemeldet. Ein 46-j\u00e4hriger Ford Mondeo Fahrer  besch\u00e4digt beim Ausparken den Hyundai I30 eines 68-j\u00e4hrigen Mannes. Vor  Ort stellt die Polizei bei dem 46-j\u00e4hrigen Mann Alkoholgeruch fest. Ein  freiwillig durchgef\u00fchrter Atemalkoholtest ergibt einen Wert von 2,80  Promille. An beiden Autos entsteht Sachschaden in H\u00f6he von ca. 6500EUR. <\/p>\n\n\n\n<p>Der  Einfluss von Alkohol oder anderen berauschenden Mitteln stellt eine  Hauptunfallursache dar. Wer berauscht f\u00e4hrt, gef\u00e4hrdet nicht nur sich,  sondern auch Andere. Gegen den unter Alkoholeinfluss stehenden  Unfallverursacher wird ein Ermittlungsverfahren wegen des Verdachtes der  Stra\u00dfenverkehrsgef\u00e4hrdung eingeleitet. Der F\u00fchrerschein wird  sichergestellt und gegen ihn kann eine Freiheitsstrafe bis zu f\u00fcnf  Jahren oder eine Geldstrafe verh\u00e4ngt werden. <\/p>\n\n\n\n<h4 class=\"wp-block-heading\">(Bobenheim-Roxheim) &#8211; Unter Einfluss von Bet\u00e4ubungsmittel kontrolliert<\/h4>\n\n\n\n<p>Am 26.11.2019 gegen 13:45 Uhr wird ein 39-j\u00e4hriger Mann mit seinem  Peugeot einer Verkehrskontrolle unterzogen. Dabei k\u00f6nnen bei dem Fahrer  eindeutige Anzeichen f\u00fcr den Konsum von Marihuana festgestellt werden.  Der Fahrer r\u00e4umt den Konsum schlie\u00dflich ein. Au\u00dferdem h\u00e4ndigt der Fahrer  eine kleine Dose mit 0,10 g Marihuana aus. <\/p>\n\n\n\n<p>Neben den Kosten f\u00fcr  die Entnahme einer Blutprobe, kommt gem\u00e4\u00df dem Bu\u00dfgeldkatalog auf den  39-J\u00e4hrigen nun eine Strafe in H\u00f6he 500EUR sowie ein Fahrverbot zu.  Zudem muss der Fahrer im Nachgang zum eigentlichen  Ordnungswidrigkeitenverfahren mehrfach die sogenannte medizinisch  psychologische Untersuchung ablegen, durch welche weitere Kosten  entstehen. <\/p>\n\n\n\n<h4 class=\"wp-block-heading\">(Ludwigshafen) &#8211; Geldbeutel und Handy aus Transporter gestohlen<\/h4>\n\n\n\n<p>Am 26.11.2019, zwischen 14:00 Uhr und 14:30 Uhr, stahlen unbekannte  T\u00e4ter aus einem Transporter, der in der &#8222;Breite Stra\u00dfe&#8220; f\u00fcr kurze Zeit  unverschlossen abgestellt war, einen Geldbeutel mit mehreren hundert  Euro Bargeld sowie ein Handy. Die Polizei r\u00e4t eindringlich, das Auto  immer abzuschlie\u00dfen, sobald man es verl\u00e4sst. Sachdienliche Hinweise  nimmt die Polizeiinspektion Ludwigshafen 1 unter der Telefonnummer 0621  963-2122 oder per e-Mail <a href=\"mailto:piludwigshafen1@polizei.rlp.de\">piludwigshafen1@polizei.rlp.de<\/a> entgegen. <\/p>\n\n\n\n<h4 class=\"wp-block-heading\">(Ludwigshafen) &#8211; Zwei unterschiedliche Enkeltricks<\/h4>\n\n\n\n<p>Im Laufe des 25.11.2019 rief mehrmals ein unbekannter Mann bei einer  84-J\u00e4hrigen an, gab sich als ihr Enkel aus und erkl\u00e4rte, dass ihm  Wertgegenst\u00e4nde gestohlen worden seien und er jetzt Bargeld oder Schmuck  br\u00e4uchte. Als es dann gegen 21:00 Uhr bei der Seniorin an der T\u00fcr  klingelte und ein unbekannter Mann sie aufforderte, ihm Bargeld zu  geben, wurde die 84-J\u00e4hrige stutzig und forderte von ihm seinen  Personalausweis. Daraufhin verlie\u00df dieser schnell die \u00d6rtlichkeit. <\/p>\n\n\n\n<p>Und  dann war da noch ein Enkelbetrug ganz anderer Art: Eine 84-J\u00e4hrige  wurde von ihrer echten Enkelin betrogen. Diese bestellte Waren mit den  Daten der Gro\u00dfmutter. Aufgeflogen ist es, nachdem die Rechnungen nicht  bezahlt wurden und ein Gerichtsvollzieher den Geldbetrag per Brief  einforderte. <\/p>\n\n\n\n<h4 class=\"wp-block-heading\">(Mannheim) &#8211; 54-j\u00e4hriger Autofahrer f\u00e4hrt nach epileptischen Anfall auf  Stra\u00dfenbahn auf \/ Pkw &#8222;folgt&#8220; der Stra\u00dfenbahn mit durchdrehenden Reifen  bis zur n\u00e4chsten Haltestelle<\/h4>\n\n\n\n<p>Am Mittwochmorgen kurz nach 5:30 Uhr fuhr ein 54-j\u00e4hriger Autofahrer  aus dem Raum Wetzlar auf der Kurpfalzstra\u00dfe in H\u00f6he der Haltestelle  Marktplatz nach einem epileptischen Anfall auf eine Stra\u00dfenbahn auf. Die  Stra\u00dfenbahnfahrerin bemerkte den Aufprall zun\u00e4chst nicht und fuhr  weiter in Richtung Abendakademie. Aufgrund des medizinischen Notfalls  hielt der Fahrer des Audi das Gaspedal durchgedr\u00fcckt und &#8222;folgte&#8220; der  Stra\u00dfenbahn mit qualmenden Reifen. Nachdem die Stra\u00dfenbahn an der  Haltestelle Abendakademie angehalten hatte, gelang es beherzten  Passanten den Mann aus dem Auto zu ziehen. Nach der medizinischen  Erstversorgung an der Unfallstelle wurde der verletzte mit einem  Rettungswagen in eine Klinik eingeliefert. Die Ehefrau wurde von der  Polizei in Kenntnis gesetzt. Der Gesamtsachschaden bel\u00e4uft sich auf ca.  5.000 Euro. Der Audi wurde abgeschleppt, der Stra\u00dfenbahnverkehr konnte  gegen 6.20 Uhr wieder freigegeben werden. Die weiteren  Unfallermittlungen hat die Verkehrspolizei \u00fcbernommen. Zeugen des  Vorfalls, insbesondere die Ersthelfer, die den Mann aus dem Auto befreit  haben, werden dringend gebeten sich unter Telefon 0621\/174-4045 bei der  Polizei zu melden. <\/p>\n\n\n\n<h4 class=\"wp-block-heading\">(Mannheim \/ A 656) &#8211; Auffahrunfall fordert drei leicht Verletzte und zwei Mal Totalschaden<\/h4>\n\n\n\n<p>Drei leicht verletzte Personen, darunter zwei Kinder, und zwei Mal  Totalschaden, so lautet die Bilanz eines Verkehrsunfalls am Dienstag,  kurz vor 16 Uhr, auf der A656. Ein 27-j\u00e4hriger Transporter-Fahrer und  eine 37-j\u00e4hrige Audi-Fahrerin befuhren hintereinander die rechte  Fahrspur der A656 in Richtung Heidelberg. Kurz vor der Baustelle in H\u00f6he  der Ausfahrt nach Mannheim-Seckenheim mussten beide verkehrsbedingt bis  zum Stillstand abbremsen. Ein nachfolgender 30-j\u00e4hriger Smart-Fahrer  nahm dies offenbar zu sp\u00e4t wahr und konnte aufgrund seiner nicht  angepassten Geschwindigkeit nicht mehr rechtzeitig bremsen. Er fuhr von  hinten auf den stehenden Audi auf, welcher wiederum auf den Transporter  geschoben wurde. Der Smart-Fahrer sowie die 37-J\u00e4hrige und zwei Kinder  im Audi zogen sich bei dem Unfall leichte Verletzungen zu. Am Audi sowie  am Smart entstand wirtschaftlicher Totalschaden. Die drei beteiligten  Fahrzeuge mussten allesamt abgeschleppt werden. Die H\u00f6he des  Sachschadens bel\u00e4uft sich auf \u00fcber 10.000 Euro. <\/p>\n\n\n\n<h4 class=\"wp-block-heading\">(Heidelberg) &#8211; Autofahrerin kommt infolge Sekundenschlafs von der Fahrbahn ab und prallt gegen zwei geparkte Fahrzeuge<\/h4>\n\n\n\n<p>Eine 72-j\u00e4hrige VW-Fahrerin verursachte am Dienstagnachmittag, gegen  14:30 Uhr, in der Rohrbacher Stra\u00dfe einen Verkehrsunfall mit \u00fcber 20.000  Euro Sachschaden. Die Autofahrerin war von der S\u00fcdstadt kommend in  Richtung Rohrbach unterwegs und kam kurz vor der Einm\u00fcndung zur  Saarstra\u00dfe infolge eines Sekundenschlafs von der Fahrbahn ab. Sie stie\u00df  am linken Fahrbahnrand frontal gegen einen geparkten VW Polo, welcher  durch den Aufprall nach hinten geschoben wurde. Der VW der 72-J\u00e4hrigen  wurde anschlie\u00dfend nach rechts abgewiesen, schleuderte \u00fcber die  komplette Fahrbahn und prallte auf der anderen Stra\u00dfenseite gegen einen  geparkten Hyundai. Die Autofahrerin zog sich gl\u00fccklicherweise nur  leichte Verletzungen zu, die vor Ort ambulant behandelt wurden. Die  beiden VWs waren so besch\u00e4digt worden, dass sie abgeschleppt werden  mussten. Es entstand an beiden PKW wirtschaftlicher Totalschaden.  W\u00e4hrend der Unfallaufnahme war der Stra\u00dfenbahnverkehr auf der Linie 23  und 24 bis ca. 15 Uhr blockiert. <\/p>\n\n\n\n<h4 class=\"wp-block-heading\">(Heidelberg) &#8211; Motorradfahrer bei Zusammensto\u00df mit PKW schwer verletzt<\/h4>\n\n\n\n<p>Am Dienstagmittag, gegen 13 Uhr, kam es in der Lessingstra\u00dfe, in H\u00f6he  des Hauptbahnhofes, zu einem Verkehrsunfall, bei dem ein Motorradfahrer  schwer verletzt wurde. Ein 55-j\u00e4hriger Citroen-Fahrer befuhr aus  Richtung S\u00fcdstadt kommend die Lessingstra\u00dfe und wollte an der Einm\u00fcndung  nach links auf den Willy-Brandt-Platz abbiegen. Hierbei kollidierte er  mit dem entgegenkommenden Motorradfahrer, der zu Boden st\u00fcrzte und sich  schwere Verletzungen zuzog. Er wurde in eine Klinik eingeliefert. An dem  Kraftrad entstand Totalschaden, es wurde abgeschleppt. Auch der Citroen  des Verursachers wurde besch\u00e4digt, blieb aber noch fahrbereit. Der  entstandene Schaden wird auf ca. 3.000 Euro gesch\u00e4tzt. <\/p>\n\n\n\n<h4 class=\"wp-block-heading\">(Plankstadt \/ Rhein-Neckar-Kreis) &#8211; 67-j\u00e4hriger Radfahrer alleinbeteiligt gest\u00fcrzt und schwer verletzt<\/h4>\n\n\n\n<p>Ein 67-j\u00e4hriger Radfahrer ist am Dienstag gegen 18.30 Uhr im  Bruchh\u00e4user Weg alleinbeteiligt zu Boden gest\u00fcrzt, dabei streifte er mit  dem Fahrrad ein geparktes Auto. Nach den bisherigen Erkenntnissen war  ein medizinischer Notfall unfallurs\u00e4chlich. Nach erfolgter Reanimation  an der Unfallstelle wurde der Mann in Begleitung des Notarztes mit einem  Rettungswagen auf die Intensivstation einer Klinik nach Heidelberg  eingeliefert. <\/p>\n\n\n\n<h4 class=\"wp-block-heading\">(Schwetzingen \/ Rhein-Neckar-Kreis) &#8211; Nach Parkrempler sucht die Polizei Zeugen<\/h4>\n\n\n\n<p>Am Wochenende kam es in der Ludwigstra\u00dfe zu einer Verkehrsunfallflucht. <\/p>\n\n\n\n<p>Ein\n 40-J\u00e4hriger hatte seinen Smart am Samstag gegen 00:30 Uhr am \nFahrbahnrand abgestellt. Als er am Montagmorgen gegen 08:30 Uhr zur \nArbeit fahren wollte stellte er an seinem Auto erhebliche Besch\u00e4digungen\n im Frontbereich fest. Der Schaden betr\u00e4gt ca. 2000 Euro. Da der \nunbekannte Verursacher sich nicht bei ihm meldete, ging der Gesch\u00e4digte \nzum Polizeirevier Schwetzingen und erstattete Anzeige. <\/p>\n\n\n\n<p>Die  Beamten bitten nun Zeugen oder Personen, die verd\u00e4chtige Wahrnehmungen  gemacht haben und\/oder Hinweise zum Verursacher geben k\u00f6nnen, sich unter  06202 288-0 zu melden. <\/p>\n\n\n\n<h4 class=\"wp-block-heading\">(Hockenheim \/ Rhein-Neckar-Kreis) &#8211; Mehrere Anrufe von falschen Polizeibeamten<\/h4>\n\n\n\n<p>Am Dienstag versuchten ein oder mehrere bislang unbekannte T\u00e4ter Bankdaten von \u00e4lteren Damen zu erlangen. <\/p>\n\n\n\n<p>Der\n Polizei sind bislang zehn F\u00e4lle bekannt, in denen versucht wurde von \nSenioren Informationen \u00fcber ihre Bankgesch\u00e4fte zu erhaschen. Der T\u00e4ter \ngab sich als Polizeibeamter vom Polizeirevier Hockenheim aus und rief \nmit einer regionalen Telefonnummer an. Mit geschickter Gespr\u00e4chsf\u00fchrung \nerweckte der vermeintliche Polizist den Eindruck, die Angerufenen seien \nm\u00f6glicherweise im Visier von Einbrechern. <\/p>\n\n\n\n<p>Die Polizei r\u00e4t Ihnen in solchen F\u00e4llen:<\/p>\n\n\n\n<ul><li>Lassen Sie sich nicht unter Druck setzen. Legen Sie den H\u00f6rer auf, wenn Ihnen etwas merkw\u00fcrdig erscheint.<\/li><li>Sprechen Sie am Telefon niemals \u00fcber Ihre pers\u00f6nlichen und finanziellen Verh\u00e4ltnisse.<\/li><li>\u00dcbergeben Sie niemals Geld oder Wertgegenst\u00e4nde an unbekannte Personen.<\/li><li>Sprechen Sie mit Ihrer Familie oder anderen Vertrauten \u00fcber den Anruf.<\/li><li>Wenn Sie unsicher sind: Rufen Sie die Polizei unter der 110 (ohne Vorwahl) oder Ihre \u00f6rtliche Polizeidienststelle an. Nutzen Sie nicht die  R\u00fcckruffunktion. <\/li><\/ul>\n\n\n\n<h4 class=\"wp-block-heading\">(Hockenheim \/ A 61 \/ Rhein-Neckar-Kreis) &#8211;  Motorradfahrer bei Verkehrsunfall t\u00f6dlich verungl\u00fcckt<\/h4>\n\n\n\n<p>Ein 17-j\u00e4hriger Motorradfahrer ist bei einem Verkehrsunfall am  Mittwochmorgen auf der A61 bei Hockenheim t\u00f6dlich verungl\u00fcckt. Ein  35-j\u00e4hriger Mann war gegen 9.30 Uhr mit seinem Lkw-Anh\u00e4nger-Gespann auf  der A 61 in Richtung Speyer unterwegs. Kurz vor der Anschlussstelle  Hockenheim\/Speyer musste er staubedingt bis zum Stillstand abbremsen.  Der nachfolgende 17-J\u00e4hrige erkannte die Situation offenbar zu sp\u00e4t und  fuhr mit seinem Leichtkraftrad dem Lastwagen hinten auf. Dabei erlitt er  schwerste Verletzungen, denen er noch an der Unfallstelle erlag. <\/p>\n\n\n\n<p>Das total zerst\u00f6rte Motorrad wurde sichergestellt. <\/p>\n\n\n\n<p>W\u00e4hrend  der Unfallaufnahme und Aufr\u00e4umarbeiten war die A61 in Fahrtrichtung  Speyer voll gesperrt. Der Verkehr wurde am Autobahndreieck Hockenheim  abgeleitet, die aufgestauten Fahrzeuge wurden anschlie\u00dfend auf der  linken Fahrspur an der Unfallstelle vorbeigef\u00fchrt. Gegen 11.45 Uhr wurde  die Sperrung am Autobahndreieck Hockenheim aufgehoben, ab 12 Uhr waren  beide Fahrspuren in Richtung Speyer wieder befahrbar. <\/p>\n\n\n\n<h4 class=\"wp-block-heading\">(Sinsheim \/ Rhein-Neckar-Kreis) &#8211; 11-j\u00e4hriges Kind von Auto angefahren, Zeugen gesucht!<\/h4>\n\n\n\n<p>Bereits am Mittwoch, 20.11.2019 gegen 07.15 Uhr kam es in H\u00f6he der  Muthstra\u00dfe 4 zu einem Verkehrsunfall zwischen einem Auto und einem  11-j\u00e4hrigen Kind. Das Kind wurde hierbei schwer verletzt. <\/p>\n\n\n\n<p>Nach \nderzeitigem Ermittlungsstand lief das Kind auf dem rechten Gehweg der \nMuthstra\u00dfe in Laufrichtung Friedrichstra\u00dfe. Eine 61-j\u00e4hrige VW-Fahrerin \nbefuhr die Muthstra\u00dfe aus Richtung Friedrichstra\u00dfe kommend. In H\u00f6he des \nLandratsamtes \u00fcberquerte das Kind die Fahrbahn, hierbei kam es zum \nZusammensto\u00df mit dem VW. Dabei verletzte sich das Kind und musste mit \neinem Krankenwagen in ein nahegelegenes Krankenhaus eingeliefert werden.\n Ob das Schulkind den Fu\u00dfg\u00e4nger\u00fcberweg am Landratsamt zum Queren der \nStra\u00dfe nutzte oder bereits vor diesem die Stra\u00dfe queren wollte, ist u.a.\n Gegenstand der Ermittlungen des Verkehrskommissariats Heidelberg. <\/p>\n\n\n\n<p>Zeugen des Unfalls m\u00f6gen sich bitte unter der Telefonnummer 0621 174 4140 melden. <\/p>\n\n\n\n<h4 class=\"wp-block-heading\">(Sinsheim \/ Rhein-Neckar-Kreis) &#8211; Unfall mit betrunkenem Radfahrer<\/h4>\n\n\n\n<p>Am Dienstag gegen 15:40 Uhr ereignete sich ein Verkehrsunfall in der  D\u00fchrener Stra\u00dfe, bei welchem sich ein Radfahrer schwer verletzte. <\/p>\n\n\n\n<p>Eine  61-j\u00e4hrige Mercedes-Fahrerin wollte von einem Parkplatz in die D\u00fchrener  Stra\u00dfe Richtung Ortsausgang fahren und \u00fcbersah dabei einen von rechts  kommenden 49-j\u00e4hrigen Radfahrer. Es kam zum Zusammensto\u00df, wobei sich der  Radler einen Beinbruch zuzog. Am Pkw entstand ein Schaden von ca. 1000  Euro. W\u00e4hrend der Unfallaufnahme stellten die Beamten des Polizeireviers  Sinsheim beim Radfahrer Alkoholgeruch fest. Sie ermitteln nun gegen die  Autofahrerin wegen fahrl\u00e4ssiger K\u00f6rperverletzung. Gegen den Radler wird  wegen des Verdachts der Gef\u00e4hrdung des Stra\u00dfenverkehrs ermittelt. <\/p>\n\n\n\n<h4 class=\"wp-block-heading\">(Sinsheim-Rohrbach \/ Rhein-Neckar-Kreis) &#8211; Streit im Stra\u00dfenverkehr eskaliert<\/h4>\n\n\n\n<p>Am Dienstagabend sorgte eine Engstelle f\u00fcr einen Streit zwischen zwei  Autofahrern, der in einer k\u00f6rperlichen Auseinandersetzung endete. <\/p>\n\n\n\n<p>Ein\n 45-J\u00e4hriger fuhr mit seinem Opel, von der Bruchstra\u00dfe kommend, auf der \nStra\u00dfe Am Kreuzgrund bergabw\u00e4rts. An einer Engstelle gew\u00e4hrte ihm ein \nentgegenkommender 26-j\u00e4hriger Autofahrer keine M\u00f6glichkeit zur Ausfahrt,\n sondern fuhr geradewegs weiter und n\u00f6tigte damit den Opel-Fahrer \nhalbseitig in eine L\u00fccke zwischen geparkten Fahrzeugen. Um aneinander \npassieren zu k\u00f6nnen, bat der 45-J\u00e4hrige seinen Sohn und Beifahrer den \nAutofahrer anzusprechen. Als der 17-J\u00e4hrige den 26-J\u00e4hrigen ansprach, \nwinkte dieser ab &#8211; ber\u00fchrte dabei aber die Brille des jungen Mannes, \nwelche daraufhin in das Fahrzeuginnere fiel. Beim Versuch diese \naufzuheben packte der Autofahrer den jungen Mann an der Jacke und fuhr \nunvermittelt mehrere Meter talabw\u00e4rts. Nachdem dieser sich mit Hilfe \nseiner Begleitpersonen aus dem Fahrzeug losgerissen hatte, stieg der \n26-J\u00e4hrige aus und ging unvermittelt auf Vater und Sohn los. Trotz des \nschlichtenden Eingreifens der Anwesenden griff der Mann die Anwesenden \nimmer wieder an, welche dabei leicht verletzt wurden. <\/p>\n\n\n\n<p>Die  alarmierten Beamten des Polizeireviers Sinsheim trafen vor Ort alle  Beteiligten an und nahmen die Ermittlungen auf. Der 26-J\u00e4hrige muss sich  nun wegen N\u00f6tigung im Stra\u00dfenverkehr, K\u00f6rperverletzung und  Sachbesch\u00e4digung strafrechtlich verantworten. <\/p>\n\n\n\n<h4 class=\"wp-block-heading\">(Weinheim \/ Rhein-Neckar-Kreis) &#8211; Die Polizei bittet um Mithilfe bei der Suche nach einem vermissten 57-j\u00e4hrigen Mann<\/h4>\n\n\n\n<div class=\"wp-block-image\"><figure class=\"aligncenter\"><img decoding=\"async\" loading=\"lazy\" width=\"500\" height=\"558\" src=\"https:\/\/speyer24news.com\/wp-content\/uploads\/2019\/11\/Holger-K..jpg\" alt=\"\" class=\"wp-image-22450\" srcset=\"https:\/\/speyer24news.com\/wp-content\/uploads\/2019\/11\/Holger-K..jpg 500w, https:\/\/speyer24news.com\/wp-content\/uploads\/2019\/11\/Holger-K.-269x300.jpg 269w\" sizes=\"(max-width: 500px) 100vw, 500px\" \/><\/figure><\/div>\n\n\n\n<p>Bereits am 03.07.2019 meldeten sich Angeh\u00f6rige des nunmehr Vermissten  Herrn Holger Herbert K. bei der Polizei und wollten diesen als vermisst  melden. Zu diesem Zeitpunkt gab es keine Hinweise darauf, dass es sich  um einen Vermisstenfall im polizeilichen Sinne handelte. <\/p>\n\n\n\n<p>Seit dem\n 05.11.2019 liegen neue Erkenntnisse der Kriminalpolizeidirektion \nHeidelberg, Kriminalkommissariat Mannheim vor. Aufgrund dessen und der \ndarauf folgenden Ermittlungen besteht nunmehr der Verdacht, dass sich \nHerr Holger Herbert K. in einer hilflosen Lage befinden und daher eine \nGefahr f\u00fcr Leib oder Leben bestehen k\u00f6nnte. Die bisher durchgef\u00fchrten \nMa\u00dfnahmen, f\u00fchrten nicht zum Auffinden des Vermissten. <\/p>\n\n\n\n<p>Aus diesem Grund wird nun mit Lichtbildern nach dem Mann aus Weinheim gefahndet.<\/p>\n\n\n\n<p>Zeugen,\n die Hinweise zum Aufenthaltsort des Mannes geben k\u00f6nnen, werden \ngebeten, sich mit dem Kriminaldauerdienst unter Telefon 0621\/174-4444 in\n Verbindung zu setzen. <\/p>\n","protected":false},"excerpt":{"rendered":"<div class=\"mh-excerpt\"><p>Polizeimeldungen vom Mittwoch (27.11.2019) (Speyer) &#8211; Verkehrsunfall verursacht erhebliche Verkehrsbehinderungen Beim Auffahren an der Anschlussstelle SP-West auf die B9 in Fahrtrichtung Germersheim kollidierte ein PKW mit einem Sattelzug, welcher sich bereits auf der B9 befand. <a class=\"mh-excerpt-more\" href=\"https:\/\/speyer24news.com\/?p=22448\" title=\"Polizei\">[&#8230;]<\/a><\/p>\n<\/div>","protected":false},"author":3,"featured_media":0,"comment_status":"open","ping_status":"open","sticky":false,"template":"","format":"standard","meta":{"_monsterinsights_skip_tracking":false,"_monsterinsights_sitenote_active":false,"_monsterinsights_sitenote_note":"","_monsterinsights_sitenote_category":0,"footnotes":""},"categories":[12],"tags":[3614,61,2555,63,105,53,1548,102,213,55,103,106,2803,2423,427,2625,380,62,104,979,1565],"aioseo_notices":[],"amp_enabled":true,"_links":{"self":[{"href":"https:\/\/speyer24news.com\/index.php?rest_route=\/wp\/v2\/posts\/22448"}],"collection":[{"href":"https:\/\/speyer24news.com\/index.php?rest_route=\/wp\/v2\/posts"}],"about":[{"href":"https:\/\/speyer24news.com\/index.php?rest_route=\/wp\/v2\/types\/post"}],"author":[{"embeddable":true,"href":"https:\/\/speyer24news.com\/index.php?rest_route=\/wp\/v2\/users\/3"}],"replies":[{"embeddable":true,"href":"https:\/\/speyer24news.com\/index.php?rest_route=%2Fwp%2Fv2%2Fcomments&post=22448"}],"version-history":[{"count":1,"href":"https:\/\/speyer24news.com\/index.php?rest_route=\/wp\/v2\/posts\/22448\/revisions"}],"predecessor-version":[{"id":22451,"href":"https:\/\/speyer24news.com\/index.php?rest_route=\/wp\/v2\/posts\/22448\/revisions\/22451"}],"wp:attachment":[{"href":"https:\/\/speyer24news.com\/index.php?rest_route=%2Fwp%2Fv2%2Fmedia&parent=22448"}],"wp:term":[{"taxonomy":"category","embeddable":true,"href":"https:\/\/speyer24news.com\/index.php?rest_route=%2Fwp%2Fv2%2Fcategories&post=22448"},{"taxonomy":"post_tag","embeddable":true,"href":"https:\/\/speyer24news.com\/index.php?rest_route=%2Fwp%2Fv2%2Ftags&post=22448"}],"curies":[{"name":"wp","href":"https:\/\/api.w.org\/{rel}","templated":true}]}}