{"id":22454,"date":"2019-11-29T09:21:26","date_gmt":"2019-11-29T08:21:26","guid":{"rendered":"https:\/\/speyer24news.com\/?p=22454"},"modified":"2022-05-29T07:17:59","modified_gmt":"2022-05-29T06:17:59","slug":"die-sanierung-der-salierbruecke-verzoegert-sich-weiter","status":"publish","type":"post","link":"https:\/\/speyer24news.com\/?p=22454","title":{"rendered":"Die Sanierung der Salierbr\u00fccke verz\u00f6gert sich weiter"},"content":{"rendered":"<style type=\"text\/css\">\r\n\t.ads_top_disp{}\r\n\t.ads_top_corner_disp{ float:left; margin:0px 10px 10px 0px; }\r\n\t.ads_first_p_disp{}\r\n\t.ads_bottom_disp{}\r\n\t<\/style>\n<h2 class=\"wp-block-heading\">Mindestens 1 Jahr l\u00e4nger wird ben\u00f6tigt.<\/h2>\n\n\n\n<div class=\"wp-block-image\"><figure class=\"aligncenter\"><img decoding=\"async\" loading=\"lazy\" width=\"800\" height=\"600\" src=\"https:\/\/speyer24news.com\/wp-content\/uploads\/2019\/11\/20190216_122240.jpg\" alt=\"\" class=\"wp-image-22457\" srcset=\"https:\/\/speyer24news.com\/wp-content\/uploads\/2019\/11\/20190216_122240.jpg 800w, https:\/\/speyer24news.com\/wp-content\/uploads\/2019\/11\/20190216_122240-300x225.jpg 300w, https:\/\/speyer24news.com\/wp-content\/uploads\/2019\/11\/20190216_122240-768x576.jpg 768w, https:\/\/speyer24news.com\/wp-content\/uploads\/2019\/11\/20190216_122240-678x509.jpg 678w, https:\/\/speyer24news.com\/wp-content\/uploads\/2019\/11\/20190216_122240-326x245.jpg 326w, https:\/\/speyer24news.com\/wp-content\/uploads\/2019\/11\/20190216_122240-80x60.jpg 80w\" sizes=\"(max-width: 800px) 100vw, 800px\" \/><\/figure><\/div>\n\n\n\n<p><strong>(Speyer) &#8211;<\/strong> Die Sanierung der Salierbr\u00fccke wird voraussichtlich im Fr\u00fchjahr 2022 abgeschlossen sein und damit 1 Jahr l\u00e4nger als bisher geplant ben\u00f6tigen.<\/p>\n\n\n\n<div class=\"wp-block-image\"><figure class=\"aligncenter\"><img decoding=\"async\" loading=\"lazy\" width=\"800\" height=\"600\" src=\"https:\/\/speyer24news.com\/wp-content\/uploads\/2019\/11\/20190216_121839.jpg\" alt=\"\" class=\"wp-image-22455\" srcset=\"https:\/\/speyer24news.com\/wp-content\/uploads\/2019\/11\/20190216_121839.jpg 800w, https:\/\/speyer24news.com\/wp-content\/uploads\/2019\/11\/20190216_121839-300x225.jpg 300w, https:\/\/speyer24news.com\/wp-content\/uploads\/2019\/11\/20190216_121839-768x576.jpg 768w, https:\/\/speyer24news.com\/wp-content\/uploads\/2019\/11\/20190216_121839-678x509.jpg 678w, https:\/\/speyer24news.com\/wp-content\/uploads\/2019\/11\/20190216_121839-326x245.jpg 326w, https:\/\/speyer24news.com\/wp-content\/uploads\/2019\/11\/20190216_121839-80x60.jpg 80w\" sizes=\"(max-width: 800px) 100vw, 800px\" \/><\/figure><\/div>\n\n\n\n<p>Einer der Hauptgr\u00fcnde soll hierf\u00fcr, laut Aussagen des Projekttr\u00e4gers, die unerwartete Entdeckung einer Schadstoffbelastung (Asbest) im Beton sein. Hierdurch sowie durch weitere Abweichungen von den Baupl\u00e4nen und dem tats\u00e4chlichen Stand sei es zu Verz\u00f6gerungen gekommen. So konnten Arbeiten, die vor dem M\u00e4rz angesetzt waren, nicht mehr Fristgerecht erledigt werden und weitere Verz\u00f6gerungen entstanden.<\/p>\n\n\n\n<div class=\"wp-block-image\"><figure class=\"aligncenter\"><img decoding=\"async\" loading=\"lazy\" width=\"800\" height=\"600\" src=\"https:\/\/speyer24news.com\/wp-content\/uploads\/2019\/11\/20190216_121605.jpg\" alt=\"\" class=\"wp-image-22456\" srcset=\"https:\/\/speyer24news.com\/wp-content\/uploads\/2019\/11\/20190216_121605.jpg 800w, https:\/\/speyer24news.com\/wp-content\/uploads\/2019\/11\/20190216_121605-300x225.jpg 300w, https:\/\/speyer24news.com\/wp-content\/uploads\/2019\/11\/20190216_121605-768x576.jpg 768w, https:\/\/speyer24news.com\/wp-content\/uploads\/2019\/11\/20190216_121605-678x509.jpg 678w, https:\/\/speyer24news.com\/wp-content\/uploads\/2019\/11\/20190216_121605-326x245.jpg 326w, https:\/\/speyer24news.com\/wp-content\/uploads\/2019\/11\/20190216_121605-80x60.jpg 80w\" sizes=\"(max-width: 800px) 100vw, 800px\" \/><\/figure><\/div>\n\n\n\n<p>Dies wurde am Donnerstagabend bei einer Pressekonferenz in Hockenheim durch das Regierungspr\u00e4sidium Karlsruhe mitgeteilt. <\/p>\n\n\n\n<h3 class=\"wp-block-heading\"><a href=\"https:\/\/speyer24news.com\/?p=22460\">Lesen sie auch hier den Kommentar zur Br\u00fcckensanierung<\/a><\/h3>\n\n\n\n<p><em>Speyer 24\/7 News,dak<br>29.11.2019<\/em><\/p>\n","protected":false},"excerpt":{"rendered":"<div class=\"mh-excerpt\"><p>Mindestens 1 Jahr l\u00e4nger wird ben\u00f6tigt. (Speyer) &#8211; Die Sanierung der Salierbr\u00fccke wird voraussichtlich im Fr\u00fchjahr 2022 abgeschlossen sein und damit 1 Jahr l\u00e4nger als bisher geplant ben\u00f6tigen. Einer der Hauptgr\u00fcnde soll hierf\u00fcr, laut Aussagen <a class=\"mh-excerpt-more\" href=\"https:\/\/speyer24news.com\/?p=22454\" title=\"Die Sanierung der Salierbr\u00fccke verz\u00f6gert sich weiter\">[&#8230;]<\/a><\/p>\n<\/div>","protected":false},"author":3,"featured_media":22458,"comment_status":"open","ping_status":"open","sticky":false,"template":"","format":"standard","meta":{"_monsterinsights_skip_tracking":false,"_monsterinsights_sitenote_active":false,"_monsterinsights_sitenote_note":"","_monsterinsights_sitenote_category":0,"footnotes":""},"categories":[9],"tags":[4668,4667,4670,6,4669],"aioseo_notices":[],"amp_enabled":true,"_links":{"self":[{"href":"https:\/\/speyer24news.com\/index.php?rest_route=\/wp\/v2\/posts\/22454"}],"collection":[{"href":"https:\/\/speyer24news.com\/index.php?rest_route=\/wp\/v2\/posts"}],"about":[{"href":"https:\/\/speyer24news.com\/index.php?rest_route=\/wp\/v2\/types\/post"}],"author":[{"embeddable":true,"href":"https:\/\/speyer24news.com\/index.php?rest_route=\/wp\/v2\/users\/3"}],"replies":[{"embeddable":true,"href":"https:\/\/speyer24news.com\/index.php?rest_route=%2Fwp%2Fv2%2Fcomments&post=22454"}],"version-history":[{"count":2,"href":"https:\/\/speyer24news.com\/index.php?rest_route=\/wp\/v2\/posts\/22454\/revisions"}],"predecessor-version":[{"id":22467,"href":"https:\/\/speyer24news.com\/index.php?rest_route=\/wp\/v2\/posts\/22454\/revisions\/22467"}],"wp:featuredmedia":[{"embeddable":true,"href":"https:\/\/speyer24news.com\/index.php?rest_route=\/wp\/v2\/media\/22458"}],"wp:attachment":[{"href":"https:\/\/speyer24news.com\/index.php?rest_route=%2Fwp%2Fv2%2Fmedia&parent=22454"}],"wp:term":[{"taxonomy":"category","embeddable":true,"href":"https:\/\/speyer24news.com\/index.php?rest_route=%2Fwp%2Fv2%2Fcategories&post=22454"},{"taxonomy":"post_tag","embeddable":true,"href":"https:\/\/speyer24news.com\/index.php?rest_route=%2Fwp%2Fv2%2Ftags&post=22454"}],"curies":[{"name":"wp","href":"https:\/\/api.w.org\/{rel}","templated":true}]}}