{"id":22513,"date":"2019-11-30T07:51:08","date_gmt":"2019-11-30T06:51:08","guid":{"rendered":"https:\/\/speyer24news.com\/?p=22513"},"modified":"2019-11-30T07:51:10","modified_gmt":"2019-11-30T06:51:10","slug":"geschwindigkeitsmessung-blitzer-6","status":"publish","type":"post","link":"https:\/\/speyer24news.com\/?p=22513","title":{"rendered":"Geschwindigkeitsmessung \/ Blitzer"},"content":{"rendered":"<style type=\"text\/css\">\r\n\t.ads_top_disp{}\r\n\t.ads_top_corner_disp{ float:left; margin:0px 10px 10px 0px; }\r\n\t.ads_first_p_disp{}\r\n\t.ads_bottom_disp{}\r\n\t<\/style>\n<h2 class=\"wp-block-heading\">Radarkontrollen f\u00fcr die Woche vom 2. Dezember bis 8. Dezember 2019<\/h2>\n\n\n\n<div class=\"wp-block-image\"><figure class=\"aligncenter\"><img decoding=\"async\" src=\"https:\/\/speyer24news.com\/wp-content\/uploads\/2019\/11\/Radarkontrolle_1.jpg\" alt=\"\" class=\"wp-image-22038\"\/><\/figure><\/div>\n\n\n\n<p><strong>(Ludwigshafen) &#8211; <\/strong>Die Stadt Ludwigshafen nimmt in folgenden Stadtteilen Radarkontrollen vor.<\/p>\n\n\n\n<ul><li>Montag, 2. Dezember: Nord, Oppau und Friesenheim<\/li><li>Dienstag, 3. Dezember: West, Gartenstadt und Mundenheim<\/li><li>Mittwoch, 4. Dezember: Edigheim, S\u00fcd und Pfingstweide<\/li><li>Donnerstag, 5. Dezember: Oggersheim, Rucheim und Mitte<\/li><li>Freitag, 6. Dezember: Gartenstadt, Maudach und Rheing\u00f6nheim<\/li><li>Samstag, 7. Dezember: Oggersheim und Friesenheim<\/li><\/ul>\n\n\n\n<p>Kurzfristige \u00c4nderungen beh\u00e4lt sich der Bereich Stra\u00dfenverkehr vor. Kontrollen k\u00f6nnen auch kurzfristig an anderen Stellen stattfinden.<\/p>\n\n\n\n<p><em>Stadt Ludwigshafen am Rhein<br>30.11.2019<\/em><\/p>\n\n\n\n<h2 class=\"wp-block-heading\">Geschwindigkeitskontrollen f\u00fcr die Woche vom 2. bis 6. Dezember<\/h2>\n\n\n\n<div class=\"wp-block-image\"><figure class=\"aligncenter\"><img decoding=\"async\" src=\"https:\/\/speyer24news.com\/wp-content\/uploads\/2019\/11\/Kontrolle-BaW\u00fc.jpg\" alt=\"\" class=\"wp-image-22040\"\/><\/figure><\/div>\n\n\n\n<p><strong>(Mannheim) &#8211; <\/strong>Die Stadt Mannheim f\u00fchrt vom 2. bis 6. Dezember in folgenden Stra\u00dfen Radarkontrollen durch:<\/p>\n\n\n\n<ul><li> Alphornstra\u00dfe (Neckarschule)<\/li><li> Belfortstra\u00dfe (Wilhelm-Wundt-Schule)<\/li><li> B\u00fcrgermeister-Fuchs-Stra\u00dfe<\/li><li> Dammstra\u00dfe<\/li><li> Ernst-Barlach-Allee (Johann-Peter-Hebel-Schule)<\/li><li> Gartenfeldstra\u00dfe (Humboldtschule)<\/li><li> Grete-Fleischmann-Stra\u00dfe<\/li><li> Gustav-Seitz-Stra\u00dfe<\/li><li> Hans-Thoma-Stra\u00dfe<\/li><li> Harrlachweg<\/li><li> Herzogenriedstra\u00dfe<\/li><li> Karl-Ladenburg-Stra\u00dfe<\/li><li> Langstra\u00dfe (verkehrsberuhigter Bereich)<\/li><li> Luisenstra\u00dfe (Schillerschule)<\/li><li> Lutherstra\u00dfe (verkehrsberuhigter Bereich)<\/li><li> Mallaustra\u00dfe<\/li><li> Neckarauer Stra\u00dfe<\/li><li> Rheingoldstra\u00dfe<\/li><\/ul>\n\n\n\n<p>Kurzfristige \u00c4nderungen oder zus\u00e4tzliche Messstellen sind aus aktuellem Anlass m\u00f6glich.<\/p>\n\n\n\n<p><em>Stadt Mannheim<br>30.11.2019<\/em><\/p>\n","protected":false},"excerpt":{"rendered":"<div class=\"mh-excerpt\"><p>Radarkontrollen f\u00fcr die Woche vom 2. Dezember bis 8. Dezember 2019 (Ludwigshafen) &#8211; Die Stadt Ludwigshafen nimmt in folgenden Stadtteilen Radarkontrollen vor. Montag, 2. Dezember: Nord, Oppau und Friesenheim Dienstag, 3. Dezember: West, Gartenstadt und <a class=\"mh-excerpt-more\" href=\"https:\/\/speyer24news.com\/?p=22513\" title=\"Geschwindigkeitsmessung \/ Blitzer\">[&#8230;]<\/a><\/p>\n<\/div>","protected":false},"author":3,"featured_media":0,"comment_status":"open","ping_status":"open","sticky":false,"template":"","format":"standard","meta":{"_monsterinsights_skip_tracking":false,"_monsterinsights_sitenote_active":false,"_monsterinsights_sitenote_note":"","_monsterinsights_sitenote_category":0,"footnotes":""},"categories":[64],"tags":[18,19,4228,947,28,779,153,2144,56,227,17,949,1310,948],"aioseo_notices":[],"amp_enabled":true,"_links":{"self":[{"href":"https:\/\/speyer24news.com\/index.php?rest_route=\/wp\/v2\/posts\/22513"}],"collection":[{"href":"https:\/\/speyer24news.com\/index.php?rest_route=\/wp\/v2\/posts"}],"about":[{"href":"https:\/\/speyer24news.com\/index.php?rest_route=\/wp\/v2\/types\/post"}],"author":[{"embeddable":true,"href":"https:\/\/speyer24news.com\/index.php?rest_route=\/wp\/v2\/users\/3"}],"replies":[{"embeddable":true,"href":"https:\/\/speyer24news.com\/index.php?rest_route=%2Fwp%2Fv2%2Fcomments&post=22513"}],"version-history":[{"count":1,"href":"https:\/\/speyer24news.com\/index.php?rest_route=\/wp\/v2\/posts\/22513\/revisions"}],"predecessor-version":[{"id":22514,"href":"https:\/\/speyer24news.com\/index.php?rest_route=\/wp\/v2\/posts\/22513\/revisions\/22514"}],"wp:attachment":[{"href":"https:\/\/speyer24news.com\/index.php?rest_route=%2Fwp%2Fv2%2Fmedia&parent=22513"}],"wp:term":[{"taxonomy":"category","embeddable":true,"href":"https:\/\/speyer24news.com\/index.php?rest_route=%2Fwp%2Fv2%2Fcategories&post=22513"},{"taxonomy":"post_tag","embeddable":true,"href":"https:\/\/speyer24news.com\/index.php?rest_route=%2Fwp%2Fv2%2Ftags&post=22513"}],"curies":[{"name":"wp","href":"https:\/\/api.w.org\/{rel}","templated":true}]}}