{"id":22548,"date":"2019-12-02T09:10:26","date_gmt":"2019-12-02T08:10:26","guid":{"rendered":"https:\/\/speyer24news.com\/?p=22548"},"modified":"2019-12-02T09:10:28","modified_gmt":"2019-12-02T08:10:28","slug":"germersheim-und-landkreis-ger-7","status":"publish","type":"post","link":"https:\/\/speyer24news.com\/?p=22548","title":{"rendered":"Germersheim und Landkreis GER"},"content":{"rendered":"<style type=\"text\/css\">\r\n\t.ads_top_disp{}\r\n\t.ads_top_corner_disp{ float:left; margin:0px 10px 10px 0px; }\r\n\t.ads_first_p_disp{}\r\n\t.ads_bottom_disp{}\r\n\t<\/style>\n<h2 class=\"wp-block-heading\"><strong>Aktuelle Kontaktstellenangebote des Zentrums f\u00fcr Seelische Gesundheit in Germersheim <\/strong><\/h2>\n\n\n\n<p><strong>Germersheim <\/strong>&#8211; Zum Aktuellen: Jeden 1. Donnerstag im Monat von 10:00 \u2013 11:30 Uhr findet im Zentrum f\u00fcr seelische Gesundheit in der Friedenstr. 9 die Gruppe psychisch kranker Eltern statt. Ansprechpartner: Frau Kurz vom SPDI in Germersheim 07274-53-458 oder Herr Jankulovski vom ZSG Germersheim, 07274-7074-0<\/p>\n\n\n\n<p><strong>Neu ab Dezember: Nachmittagsangebot ab 14:00 Uhr jeden Dienstag<\/strong><\/p>\n\n\n\n<p><strong>Daf\u00fcr entf\u00e4llt der Mittwoch Nachmittag.<\/strong><\/p>\n\n\n\n<h3 class=\"wp-block-heading\" style=\"text-align:center\"><strong>Angebot\nKontaktstelle Germersheim 2019<\/strong><\/h3>\n\n\n\n<p>ZSG Germersheim<\/p>\n\n\n\n<p>Friedenstra\u00dfe 9<\/p>\n\n\n\n<p>76726 Germersheim<\/p>\n\n\n\n<p>Telefon: 07274 \/ 70740<\/p>\n\n\n\n<table class=\"wp-block-table\"><tbody><tr><td>\n  &nbsp;\n  <\/td><td>\n  <strong>Montag<\/strong>\n  <\/td><td>\n  <strong>Dienstag<\/strong>\n  <\/td><td>\n  <strong>Donnerstag<\/strong>\n  <\/td><\/tr><tr><td>\n  1.Woche\n  <\/td><td>\n  Kreativangebot\n  14:00 &#8211; 16:00\n  <\/td><td>\n  &nbsp;\n  Gruppe Lebensfreude\n  10:00 \u2013 11:30\n  &nbsp;\n  Gymnastik und Entspannung\n  14:00 \u2013 16:00\n  &nbsp;\n  <\/td><td>\n  &nbsp;\n  <\/td><\/tr><tr><td>\n  2.Woche\n  <\/td><td>\n  Walken\n  14:00 \u2013 16:00\n  <\/td><td>\n  &nbsp;\n  Gymnastik und Entspannung\n  14:00 \u2013 16:00\n  &nbsp;\n  <\/td><td>\n  &nbsp;\n  <\/td><\/tr><tr><td>\n  3.Woche\n  <\/td><td>\n  Backen\n  14:00 \u2013 16:00\n  <\/td><td>\n  &nbsp;\n  Gymnastik und Entspannung\n  14:00 \u2013 16:00\n  &nbsp;\n  <\/td><td>\n  Spiele\n  14.00-16.00\n  <\/td><\/tr><tr><td>\n  4.Woche\n  <\/td><td>\n  Kreativangebot\n  14:00 \u2013 16:00\n  &nbsp;\n  <\/td><td>\n  &nbsp;\n  Gymnastik und Entspannung\n  14:00 \u2013 16:00\n  &nbsp;\n  <\/td><td>\n  &nbsp;\n  <\/td><\/tr><tr><td>\n  5.Woche\n  <\/td><td>\n  Walken\n  14:00 \u2013 16:00\n  <\/td><td>\n  &nbsp;\n  Gymnastik und Entspannung\n  14:00 \u2013 16:00\n  &nbsp;\n  <\/td><td>\n  &nbsp;\n  <\/td><\/tr><\/tbody><\/table>\n\n\n\n<p><em>ZSG Germersheim &#8211; Tagesst\u00e4tte und Kontaktstelle<br>02.12.2019<\/em><\/p>\n\n\n\n<h2 class=\"wp-block-heading\"><strong>Annahmestelle\nWestheim nimmt wieder s\u00e4mtliche Gr\u00fcnabf\u00e4lle an<\/strong><\/h2>\n\n\n\n<h3 class=\"wp-block-heading\"><strong>Ebenerdige\nAbladem\u00f6glichkeit <\/strong><\/h3>\n\n\n\n<p><strong>Westheim \/ Wertstoffhof &#8211; <\/strong>Nach Mitteilung der Abfallwirtschaft des Landkreises Germersheim werden ab sofort wieder s\u00e4mtliche Gr\u00fcnabf\u00e4lle, also auch Kleinmengen, an der Annahmestelle Westheim angenommen. Bisher war nur die Annahme von Mengen \u00fcber zwei Kubikmeter m\u00f6glich.<\/p>\n\n\n\n<p><strong>Hintergrund: <\/strong>Der Wertstoffhof Westheim ist im April 2019 f\u00fcr einen l\u00e4ngeren Zeitraum ins Bellheimer Gewerbegebiet Nord-Ost verlegt worden. Da er dort aber r\u00e4umlich sehr begrenzt ist, k\u00f6nnen bei den Gr\u00fcnabf\u00e4llen nur Kleinmengen angenommen werden. Die zudem (nicht barrierefrei) \u00fcber eine Treppe in einen Container gebracht werden m\u00fcssen. Gro\u00dfe Mengen ab zwei Kubikmetern m\u00fcssen nach Westheim gebracht werden. Dort konnten bisher nur gr\u00f6\u00dfere Anlieferungen angenommen werden.<\/p>\n\n\n\n<p>Seit der Fertigstellung\nder Verg\u00e4rungsanlage am Standort Westheim und der damit verbesserten Zufahrt an\nder Annahmestelle Westheim ist nun wieder regul\u00e4rer Anlieferverkehr f\u00fcr\nGr\u00fcnabf\u00e4lle m\u00f6glich, so dass nun s\u00e4mtliche Gr\u00fcnabf\u00e4lle wieder angenommen werden\nk\u00f6nnen.<\/p>\n\n\n\n<p>Die Abladem\u00f6glichkeiten in Westheim sind deutlich komfortabler als in Bellheim, da in Westheim auf ebener Fl\u00e4che abgeladen werden kann. Was gerade auch Anlieferern mit Anh\u00e4ngern entgegenkommt, die einfach abkippen k\u00f6nnen. Gr\u00fcnabfallmengen bis maximal zwei Kubikmeter k\u00f6nnen aber auch weiterhin am Wertstoffhof Bellheim angeliefert werden. An der Annahmestelle in Westheim und am Wertstoffhof Bellheim gelten die gleichen \u00d6ffnungszeiten: Mo bis Fr 8-12 Uhr und 12.45 bis 16.15 Uhr. Sa 8 \u2013 12.45 Uhr.<\/p>\n\n\n\n<p><em>Kreisverwaltung Germersheim<br>02.12.2019<\/em><\/p>\n\n\n\n<h1 class=\"wp-block-heading\" style=\"text-align:center\"><strong>Kreisvolkshochschule (KVHS) Germersheim:<\/strong><\/h1>\n\n\n\n<figure class=\"wp-block-image\"><img decoding=\"async\" src=\"https:\/\/speyer24news.com\/wp-content\/uploads\/2019\/11\/VHS-GER-Logo-1.png\" alt=\"\" class=\"wp-image-22097\"\/><\/figure>\n\n\n\n<h2 class=\"wp-block-heading\"><strong>Kurse, Vortr\u00e4ge, Veranstaltungen<\/strong><\/h2>\n\n\n\n<p>Es wird darauf hingewiesen, dass zu\nallen nachstehend aufgef\u00fchrten Kursen und Vortr\u00e4gen eine <strong>Anmeldung unbedingt erforderlich <\/strong>ist. Kontaktadressen sind\nam Ende des Textes zu finden.<\/p>\n\n\n\n<p><strong>2019kv248<\/strong><strong><\/strong><\/p>\n\n\n\n<p><strong>\u201eBr\u00fcckenkurs Alpha HS 2019\/2020\u201c \u2013kostenfreier <\/strong>Kurs mit <strong>Mike R\u00f6tzel: <\/strong>Germersheim, Ritter-von-Schmau\u00df-Str.\/Ecke\nParadeplatz, Seiteneingang der\nBerufsbildende Schule, 1. OG, Saal 1.01. Immer freitags von 14:00 &#8211; 16:15\nUhr. Kurseinstieg jederzeit m\u00f6glich, einfach zu den Kurszeiten vorbei kommen.<\/p>\n\n\n\n<p><strong>2020kv002\n+ 2020kv003<\/strong><strong><\/strong><\/p>\n\n\n\n<p><strong>\u201eEinb\u00fcrgerungstest, Termin 1 am Vormittag und Termin 2\nam Nachmittag-\u201c &#8211; Test mit Karin Tr\u00e4ber:\n<\/strong>Germersheim, Ritter-von-Schmau\u00df-Str.\/Ecke\nParadeplatz, Seminarraum 1 der KVHS\nGesch\u00e4ftsstelle, am Montag, 20.\nJanuar 2020, Termin 1 um 10:00 Uhr, Termin 2 um\n15:00 Uhr, Dauer: 60 Minuten, Kosten: 25,00\nEuro\/Person. <strong>Anmeldeschluss: Freitag,\n13. Dezember 2019.<\/strong><\/p>\n\n\n\n<p><strong>2019kv228<\/strong><strong><\/strong><\/p>\n\n\n\n<p><strong>\u201eHarte Zeiten f\u00fcr den Spargroschen\u201c &#8211; <\/strong>Kurs mit <strong>Andrea Kalt: <\/strong>Germersheim, Ritter-von-Schmau\u00df-Str.\/Ecke\nParadeplatz, Seminarraum 1 in der KVHS\nGesch\u00e4ftsstelle. Beginn: Montag, 16.12.2019, 19:00\n&#8211; 21:15 Uhr. Dauer: 1 Termin, Kosten: 10,00 Euro\/Person.<\/p>\n\n\n\n<p><strong>2020kv001<\/strong><strong><\/strong><\/p>\n\n\n\n<p><strong>\u201eBrennholz-Selbsterwerber \u2013Teilnahmebescheinigung: <\/strong>Liegendes Holz als\n\u201eBrennholz-Selbsterwerber<strong>\u201c <\/strong>zu\nbearbeiten &#8211; Kurs mit <strong>Rainer\nDaumann: <\/strong>Germersheim, Ritter-von-Schmau\u00df-Str.\/Ecke Paradeplatz, Seiteneingang der Berufsbildende Schule, EG, Saal E 06.\nDauer: 2 Termine, Beginn: Freitag, 03.01.2020, 19:00\n&#8211; 21:15 Uhr und Samstag, 04.01.2019,\n09:00 \u2013 13:30 Uhr, Kosten: 100,00 Euro\npro Person.<\/p>\n\n\n\n<p>Eine <strong>Anmeldung<\/strong> ist zu allen Veranstaltungen der Kreisvolkshochschule Germersheim zwingend <strong>erforderlich. <\/strong>Pers\u00f6nlich bei der Gesch\u00e4ftsstelle der KVHS in Germersheim, Ritter-von-Schmau\u00df-Str.\/Ecke Paradeplatz, telefonisch 07274-53334 oder -53382, per E-Mail: <a href=\"mailto:vhs@kreis-germersheim.de\">vhs@kreis-germersheim.de<\/a>oder online \u00fcber ein Buchungsformular auf der Homepage unter<a href=\"http:\/\/ www.kreis-germersheim.de\/kvhs\"> www.kreis-germersheim.de\/kvhs<\/a>.<\/p>\n\n\n\n<p><strong>Bitte beachten Sie unsere\n\u00d6ffnungszeiten:<\/strong><\/p>\n\n\n\n<p>Montag\nbis Freitag: 08:30 bis 12:00 Uhr, Dienstag: 13:30 bis 16:00 Uhr, Donnerstag:\n13:30 bis 18:00 Uhr, <\/p>\n\n\n\n<p>Annahmeschluss: jeweils\u00a015 Minuten vor Ende der \u00d6ffnungszeiten.<\/p>\n\n\n\n<p><em>Kreisverwaltung Germersheim<br>02.12.2019<\/em><\/p>\n","protected":false},"excerpt":{"rendered":"<div class=\"mh-excerpt\"><p>Aktuelle Kontaktstellenangebote des Zentrums f\u00fcr Seelische Gesundheit in Germersheim Germersheim &#8211; Zum Aktuellen: Jeden 1. Donnerstag im Monat von 10:00 \u2013 11:30 Uhr findet im Zentrum f\u00fcr seelische Gesundheit in der Friedenstr. 9 die Gruppe <a class=\"mh-excerpt-more\" href=\"https:\/\/speyer24news.com\/?p=22548\" title=\"Germersheim und Landkreis GER\">[&#8230;]<\/a><\/p>\n<\/div>","protected":false},"author":3,"featured_media":0,"comment_status":"open","ping_status":"open","sticky":false,"template":"","format":"standard","meta":{"_monsterinsights_skip_tracking":false,"_monsterinsights_sitenote_active":false,"_monsterinsights_sitenote_note":"","_monsterinsights_sitenote_category":0,"footnotes":""},"categories":[449],"tags":[210,4719,1664,1665,2601,4718,4716,4717],"aioseo_notices":[],"amp_enabled":true,"_links":{"self":[{"href":"https:\/\/speyer24news.com\/index.php?rest_route=\/wp\/v2\/posts\/22548"}],"collection":[{"href":"https:\/\/speyer24news.com\/index.php?rest_route=\/wp\/v2\/posts"}],"about":[{"href":"https:\/\/speyer24news.com\/index.php?rest_route=\/wp\/v2\/types\/post"}],"author":[{"embeddable":true,"href":"https:\/\/speyer24news.com\/index.php?rest_route=\/wp\/v2\/users\/3"}],"replies":[{"embeddable":true,"href":"https:\/\/speyer24news.com\/index.php?rest_route=%2Fwp%2Fv2%2Fcomments&post=22548"}],"version-history":[{"count":2,"href":"https:\/\/speyer24news.com\/index.php?rest_route=\/wp\/v2\/posts\/22548\/revisions"}],"predecessor-version":[{"id":22593,"href":"https:\/\/speyer24news.com\/index.php?rest_route=\/wp\/v2\/posts\/22548\/revisions\/22593"}],"wp:attachment":[{"href":"https:\/\/speyer24news.com\/index.php?rest_route=%2Fwp%2Fv2%2Fmedia&parent=22548"}],"wp:term":[{"taxonomy":"category","embeddable":true,"href":"https:\/\/speyer24news.com\/index.php?rest_route=%2Fwp%2Fv2%2Fcategories&post=22548"},{"taxonomy":"post_tag","embeddable":true,"href":"https:\/\/speyer24news.com\/index.php?rest_route=%2Fwp%2Fv2%2Ftags&post=22548"}],"curies":[{"name":"wp","href":"https:\/\/api.w.org\/{rel}","templated":true}]}}