{"id":22603,"date":"2019-12-04T09:30:45","date_gmt":"2019-12-04T08:30:45","guid":{"rendered":"https:\/\/speyer24news.com\/?p=22603"},"modified":"2019-12-04T09:30:47","modified_gmt":"2019-12-04T08:30:47","slug":"polizei-140","status":"publish","type":"post","link":"https:\/\/speyer24news.com\/?p=22603","title":{"rendered":"Polizei"},"content":{"rendered":"<style type=\"text\/css\">\r\n\t.ads_top_disp{}\r\n\t.ads_top_corner_disp{ float:left; margin:0px 10px 10px 0px; }\r\n\t.ads_first_p_disp{}\r\n\t.ads_bottom_disp{}\r\n\t<\/style>\n<h2 class=\"wp-block-heading\">Polizeimeldungen vom Montag &amp; Dienstag (02.12. &#8211; 03.12.2019)<\/h2>\n\n\n\n<div class=\"wp-block-image\"><figure class=\"aligncenter\"><img decoding=\"async\" src=\"https:\/\/speyer24news.com\/wp-content\/uploads\/2019\/11\/Aktuelles-Polizeilogo.jpg\" alt=\"\" class=\"wp-image-21845\"\/><\/figure><\/div>\n\n\n\n<h4 class=\"wp-block-heading\">(Speyer) &#8211; Streit um Mobiltelefon endet in wechselseitiger K\u00f6rperverletzung<\/h4>\n\n\n\n<p>Am\n Montagabend wurde die Polizei Speyer durch den Sicherheitsdienst der \nAufnahmeeinrichtung f\u00fcr Asylsuchende in der Spaldinger Stra\u00dfe \u00fcber eine \nAuseinandersetzung zwischen mehreren Personen innerhalb der Unterkunft \nverst\u00e4ndigt. Vor Ort relativierte sich der Sachverhalt dahingehend, dass\n an der Auseinandersetzung lediglich zwei Bewohner beteiligt waren. Ein \n23- und ein 34-j\u00e4hriger Mann gerieten innerhalb der Unterkunft \u00fcber ein \nMobiltelefon in Streit. Dies f\u00fchrte dazu, dass beide mit F\u00e4usten \naufeinander losgingen. Der 34-J\u00e4hrige erlitt hierdurch eine geschwollene\n Wange, der 23-J\u00e4hrige eine Platzwunde an der Lippe. Letztlich konnten \ndie Streitenden jedoch durch andere Mitbewohner der Unterkunft \nvoneinander getrennt werden. Gegen beide Personen wurde ein \nStrafverfahren wegen K\u00f6rperverletzung eingeleitet. <\/p>\n\n\n\n<h4 class=\"wp-block-heading\">(Speyer) &#8211; Zwei Parf\u00fcmdiebst\u00e4hle in der Innenstadt<\/h4>\n\n\n\n<p>Gleich\n zwei Strafverfahren wegen des Diebstahls von Parf\u00fcm bzw. der \nVorbereitungshandlung zu einem solchen Diebstahl leitete die Polizei \nSpeyer am Montag ein. <\/p>\n\n\n\n<p>Am Montagnachmittag konnte ein 30-j\u00e4hriger Mann  aus Sinsheim von einem Mitarbeiter eines Verkaufshauses in der  Maximilianstra\u00dfe dabei beobachtet werden, wie er in der Parf\u00fcmabteilung  an zwei Parf\u00fcms im Gesamtwert von 150EUR die Sicherung entfernte und die  Parf\u00fcms dann wieder &#8211; vermutlich f\u00fcr den sp\u00e4teren Abtransport &#8211; zur\u00fcck  ins Regal stellte. Der hierbei beobachtete T\u00e4ter, r\u00e4umte die  Vorbereitungshandlung ein, als man ihn mit seinem Verhalten  konfrontierte. <\/p>\n\n\n\n<p>Ein 36-J\u00e4hriger Mann aus Saarbr\u00fccken wurde am \nAbend durch Angestellte einer Parf\u00fcmerie in der Maximilianstra\u00dfe dabei \nbeobachtet, wie er mit einem Parf\u00fcm im Wert von 151EUR das Gesch\u00e4ft \nverlassen wollte, ohne dieses bezahlt zu haben. Auf die Tat \nangesprochen, h\u00e4ndigte er das Parf\u00fcm an die Angestellten aus. <\/p>\n\n\n\n<h4 class=\"wp-block-heading\">(Speyer \/ A 61) &#8211; Auffahrunfall mit verletzter Person und erheblichem Sachschaden.<\/h4>\n\n\n\n<p>Eine leichtverletzte Person und betr\u00e4chtlicher Sachschaden ist die  Bilanz eines Verkehrsunfalls am Montagmorgen der A 61 bei Speyer.  Eine18-j\u00e4hrige Frau war kurz nach sieben Uhr mit ihrem Mercedes auf der  linken Fahrspur der A 61 von Speyer in Richtung Hockenheim unterwegs. In  H\u00f6he des Parkplatzes &#8222;Spitzrheinhof&#8220; musste sie wegen Staubildung  verkehrsbedingt abbremsen. Ein nachfolgender 32-j\u00e4hriger Mercedes-Fahrer  konnte nicht mehr rechtzeitig bremsen, fuhr der 18-J\u00e4hrigen auf und  schob diese gegen den Ford eines 39-j\u00e4hrigen Mannes. Die 18-j\u00e4hrige  Fahrerin des Mercedes erlitt leichte Verletzungen und wurde zur  Behandlung vorsorglich in ein Krankenhaus eingeliefert. <\/p>\n\n\n\n<p>Die \nbeiden Mercedes waren so stark besch\u00e4digt, dass sie abgeschleppt werden \nmussten. Der Sachschaden wird auf fast 50.000 Euro gesch\u00e4tzt. <\/p>\n\n\n\n<p>W\u00e4hrend  der Unfallaufnahmen war der die linke Fahrspur bis ca. neun Uhr  gesperrt. Es bildete sich ein R\u00fcckstau von bis zu vier Kilometern L\u00e4nge.  <\/p>\n\n\n\n<h4 class=\"wp-block-heading\">(Speyer) &#8211; Pkw-Fahrer unter Bet\u00e4ubungsmitteleinfluss<\/h4>\n\n\n\n<p>Bei  einer allgemeinen Verkehrskontrolle einer Mercedes C-Klasse im  Georg-Kerschensteiner-Weg in den fr\u00fchen Morgenstunden des Montags konnte  aus dem Fahrzeug durch die kontrollierenden Polizeibeamten starker  Marihuana-Geruch wahrgenommen werden. Im weiteren Verlauf der Kontrolle  waren bei dem 24-j\u00e4hrigen Fahrer aus Speyer deutliche drogentypische  Auffallerscheinungen festzustellen. Ein von ihm freiwillig  durchgef\u00fchrter Urintest reagierte positiv auf THC, Bei seiner  Durchsuchung sowie der Durchsuchung seines Fahrzeugs waren jedoch kein  Bet\u00e4ubungsmittel aufzufinden. Anders verhielt sich dies bei seiner  Beifahrerin. Die 20-j\u00e4hrige Heranwachsenden aus Lingenfeld f\u00fchrte ca.  2,4 Gramm Marihuana\/Haschisch mit sich, welches beschlagnahmt wurde.  Diese erwartet nun ein Strafverfahren wegen des Versto\u00dfes gegen das  Bet\u00e4ubungsmittelgesetz. Gegen den Fahrer wurde ein  Ordnungswidrigkeitenverfahren eingeleitet, weil er unter Drogeneinfluss  am Stra\u00dfenverkehr teilgenommen hat. Er musste eine Blutprobe abgeben und  es wurde ihm die Weiterfahrt untersagt. <\/p>\n\n\n\n<h4 class=\"wp-block-heading\">(Speyer) &#8211; Trunkenheit im Verkehr<\/h4>\n\n\n\n<p>Am  Sonntag kam es kurz vor Mitternacht in der Heinrich-Heine-Stra\u00dfe zu  einer allgemeinen Verkehrskontrolle eines Peugeot 307. Im Rahmen der  Kontrolle konnte bei dem 49-j\u00e4hrigen Fahrzeugf\u00fchrer Speyer deutlicher  Alkoholgeruch festgestellt werden. Ein Atemalkoholtest ergab letztlich  einen Wert von 1,14 Promille. Daraufhin wurde dem 49-J\u00e4hrigen die  Weiterfahrt untersagt, sein Fahrzeugschl\u00fcssel und sein F\u00fchrerschein  wurden sichergestellt. Zudem musste er die Polizei auf die Dienststelle  begleiten, wo ihm eine Blutprobe entnommen wurde. <\/p>\n\n\n\n<h4 class=\"wp-block-heading\">(Schifferstadt) &#8211; Fazit zur Verkehrssicherheitswoche der Polizeiinspektion Schifferstadt<\/h4>\n\n\n\n<p>Eine Woche lang haben sich Beamte der Polizeiinspektion Schifferstadt  ausschlie\u00dflich dem Thema Verkehrssicherheit gewidmet. Sie haben dazu im  gesamten Dienstgebiet 19 Kontrollstellen eingerichtet und unter anderem  die Geschwindigkeit, die Verkehrst\u00fcchtigkeit, die Gurtpflicht, die  Kindersicherung, die Ladungssicherung und das Handyverbot \u00fcberwacht. 207  Autofahrer haben sich in dieser Zeit nicht an die vorgeschriebene  H\u00f6chstgeschwindigkeit gehalten und wurden entsprechend mit einem  Verwarnungs- oder einem Bu\u00dfgeld belegt. Besonders hervorgetan hat sich  dabei ein Verkehrss\u00fcnder in der Schifferstadter Stra\u00dfe in Mutterstadt,  der wegen zu hoher Geschwindigkeit angehalten worden ist. Nach der  Kontrolle fuhr er mit \u00fcberh\u00f6hter Geschwindigkeit davon und ist gleich  wieder gemessen worden. Es folgt nun eine zweite  Ordnungswidrigkeitenanzeige. Au\u00dferdem haben die Polizisten vier  alkoholisierte Autofahrer aus dem Verkehr gezogen. Sie erwartet nun alle  ein Strafverfahren. Erfreulich war, dass bei der Vielzahl an  kontrollierten Fahrzeugen und Personen lediglich acht nicht geschnallt  waren und nur einer ein Handy benutzt hat. Beanstandungen in Bezug auf  die Ladungssicherung, insbesondere bei landwirtschaftlichen Fahrzeugen,  gab es keine zu verzeichnen. Die Polizeiinspektion Schifferstadt zieht  insgesamt ein positives Fazit. Schon allein deshalb, weil durch die  Kontrollen das Verst\u00e4ndnis der Verkehrsteilnehmer f\u00fcr deren eigenen  Beitrag zur Verkehrssicherheit gest\u00e4rkt werden konnte. Auch wenn die  Verkehrssicherheitswoche nun beendet ist, m\u00f6chte die Polizei  klarstellen, dass es die Kontrollen nicht sind. Sie werden in andere  Weise weitergef\u00fchrt. Die Polizei hofft, dass zumindest die  Verkehrsteilnehmer, die direkt von den Kontrollen betroffen waren,  wachger\u00fcttelt wurden und sich zuk\u00fcnftig ordnungsgem\u00e4\u00df und dadurch  verkehrssicher verhalten. <\/p>\n\n\n\n<h4 class=\"wp-block-heading\">(Schifferstadt) &#8211; Thementisch der Polizeiinspektion Schifferstadt und  der Sicherheitsberater f\u00fcr Senioren \/ Pr\u00e4vention in der  Vorweihnachtszeit<\/h4>\n\n\n\n<p>Die Polizeiinspektion Schifferstadt informiert gemeinsam mit den  ehrenamtlichen Sicherheitsberatern f\u00fcr Senioren \u00fcber aktuelle Gefahren  und Risiken in der dunklen Jahreszeit. Daneben kommen die Themen  Trickbetrug, sicheres Einkaufen und Taschendiebstahl, die gerade den  \u00e4lteren Teil der Bev\u00f6lkerung treffen, zur Sprache.  An den Tischen  k\u00f6nnen individuelle Beratungen stattfinden und Fragen direkt vor Ort  beantwortet werden. Zudem ist die Vermittlung einer professionellen  Einbruchsschutzberatung bei Ihnen Zuhause m\u00f6glich. Die Polizeiinspektion  Schifferstadt hat sich die Sicherheit von Senioren als besonderes Ziel  gesetzt. Das im Jahr 2014 ins Leben gerufene Projekt f\u00fcr  Seniorensicherheit wird von speziell in diesem Bereich t\u00e4tigen  Polizeibeamten  koordiniert mit dem Ziel, das Selbstvertrauen und  Sicherheitsgef\u00fchl der \u00e4lteren Mitb\u00fcrger zu st\u00e4rken. Die ehrenamtlichen  Sicherheitsberater dienen dabei als Bindeglied zwischen B\u00fcrger, Gemeinde  und Polizei und sind f\u00fcr diesen Bereich besonders ausgebildet. <\/p>\n\n\n\n<p>Die  Termine im \u00dcberblick: <\/p>\n\n\n\n<ul><li>Mittwoch, den 04.12.2019, 10:00 &#8211; 12:00 Uhr, Schlichtstra\u00dfe 1, 67165 Waldsee <\/li><li>Montag, den 09.12.2019, 10:00-12:00 Uhr, Ludwigshafener Stra\u00dfe 3, 67125 Dannstadt-Schauernheim <\/li><li>Dienstag, den 10.12.2019, 10:00 &#8211; 12:00 Uhr, An der Fohlenweide 21, 67112 Mutterstadt <\/li><li>Samstag, den 14.12.2019, 10:00 &#8211; 12:00 Uhr, Waldspitzweg 1, 67105 Schifferstadt <\/li><li>Montag, den 16.12.2019, 10:00 &#8211; 12:00 Uhr, Am Schwarzweiher 11, 67459 B\u00f6hl-Iggelheim <\/li><\/ul>\n\n\n\n<p>R\u00fcckfragen bitte unter Telefon: 06235 4950. Die Polizei und die Sicherheitsberater freuen sich auf Ihren Besuch. <\/p>\n\n\n\n<h4 class=\"wp-block-heading\">(Mutterstadt) &#8211; Unfallflucht auf Supermarktparkplatz \/ Polizei sucht Gesch\u00e4digten<\/h4>\n\n\n\n<p>Am Samstagnachmittag gegen 17:45 Uhr parkte ein Pkw r\u00fcckw\u00e4rts von einem  Mutter-Kind-Parkplatz am Real-Markt aus und besch\u00e4digte beim  Zur\u00fccksetzen ein auf der gegen\u00fcberliegenden Seite geparktes Fahrzeug.  Der Pkw entfernte sich danach in Richtung Mutterstadt. Eine Zeugin  beobachtete den Vorfall, folgte dem Wagen und notierte sich das  Kennzeichen. Anschlie\u00dfend verlor sie das Fahrzeug aus den Augen. Als sie  zum Parkplatz zur\u00fcckkehrte, war das besch\u00e4digte Auto verschwunden. Die  Zeugin verst\u00e4ndigte dann die Polizei. Als die Beamten sp\u00e4ter die  Anschrift des Verursachers aufsuchten, fanden sie das gesuchte Fahrzeug  vor. Es wies frische Unfallspuren auf. Den Halter hat die Polizei  bislang noch nicht sprechen k\u00f6nnen. Die Polizei sucht nun das Fahrzeug,  das auf dem Parkplatz besch\u00e4digt wurde. Der Halter \/ die Halterin wird  gebeten, sich mit der Polizeiinspektion Schifferstadt unter 06235 495-0  oder <a href=\"mailto:pischifferstadt@polizei.rlp.de\">pischifferstadt@polizei.rlp.de<\/a> in Verbindung zu setzen. <\/p>\n\n\n\n<h4 class=\"wp-block-heading\">(R\u00f6merberg-Heiligenstein) &#8211; Bet\u00e4ubungsmittel bei Personenkontrolle aufgefunden<\/h4>\n\n\n\n<p>Im  Rahmen der Streife wurde am Sonntag gegen 23:20 Uhr ein 20-j\u00e4hriger  Mann aus Speyer in der Heiligensteiner Stra\u00dfe in R\u00f6merberg kontrolliert.  Bereits bei der Kontrolle fiel den Polizeibeamten deutliche  Cannabisgeruch auf, der vom Kontrollierten ausging. Der junge Mann sowie  der von ihm mitgef\u00fchrte Rucksack wurde daraufhin nach Bet\u00e4ubungsmitteln  durchsucht. Hierbei konnten ca. 25 Gramm Cannabis in seinem Rucksack  aufgefunden und beschlagnahmt werden. Zur Herkunft des Bet\u00e4ubungsmittels  wollte der Beschuldigte gegen\u00fcber der Polizei keine Angaben machen.  Gegen ihn wird nun wegen des Versto\u00dfes gegen das Bet\u00e4ubungsmittelgesetzt  ermittelt. <\/p>\n\n\n\n<h4 class=\"wp-block-heading\">(Schwegenheim) &#8211; Diesel gestohlen<\/h4>\n\n\n\n<p>800 Liter Diesel wurden aus einem geparkten Lastkraftwagen im Bereich  des Tankhofs Schwegenheim gestohlen. Das Fahrzeug war in der Zeit vom  29.11. bis 01.12.2019 auf dem dortigen LKW Parkplatz in der Speyerer  Stra\u00dfe abgestellt. Derzeit liegen keine T\u00e4terhinweise vor. <\/p>\n\n\n\n<p>Hinweise nimmt die Polizeiinspektion Germersheim telefonisch unter 07274-9580 oder per Mail an <a href=\"mailto:pigermershei@polizei.rlp.de\">pigermershei@polizei.rlp.de<\/a> entgegen. <\/p>\n\n\n\n<h4 class=\"wp-block-heading\">(Germersheim) &#8211; Aktion &#8222;Sicher ohne Auto zur Schule&#8220;<\/h4>\n\n\n\n<p>Ein Versto\u00df wegen nicht ordnungsgem\u00e4\u00dfer Kindersicherung ahndete die  Polizeiinspektion Germersheim am Montag beim Aktionstag &#8222;Sicher ohne  Auto zur Schule&#8220; im Bereich der Eduard &#8211; Orth-Schule. Die  Schulwegkontrolle wurde in der Zeit von 7.20 bis 8.30 Uhr im Bereich der  Zeppelinstra\u00dfe durchgef\u00fchrt. Der Schulelternbeirat, die Stadt  Germersheim sowie die Polizeiinspektion Germersheim hatten die Aktion  erstmalig 2016 ins Leben gerufen.  Inhaltlich soll auf die  Gefahrensituationen an Schulen, unter anderem hoch frequentierter  Fahrzeugverkehr w\u00e4hrend der Bring-\/Abholzeiten, hingewiesen werden. <\/p>\n\n\n\n<h4 class=\"wp-block-heading\">(Germersheim) &#8211; Einbruch in Second-Hand-Shop<\/h4>\n\n\n\n<p>Bei einem Einbruch in einen Second-Hand-Shop am Sonntagabend im Bereich  Zur W\u00f6rthspitze wurde ein Fernsehger\u00e4t sowie Kleidung gestohlen. Gegen  19.30 Uhr hatte ein bis dato unbekannter Tatverd\u00e4chtiger eine Scheibe  eingeworfen und war hierdurch in die Gesch\u00e4ftsr\u00e4umlichkeiten gelangt.  Der T\u00e4ter war anschlie\u00dfend fu\u00dfl\u00e4ufig in Richtung Hafenstra\u00dfe gefl\u00fcchtet.  Das Diebesgut hatte er letztlich im Bereich der B35 zur\u00fcckgelassen.  Eine Absuche mit mehreren Streifenw\u00e4gen nach dem fl\u00fcchtigen  Tatverd\u00e4chtigen verlief negativ. <\/p>\n\n\n\n<p>Der T\u00e4ter wird wie folgt beschrieben: <\/p>\n\n\n\n<ul><li>m\u00e4nnlich<\/li><li>zirka 170 cm gro\u00df<\/li><li>keine Altersangabe<\/li><li>Dreitagebart<\/li><li>Weiterhin trug der Tatverd\u00e4chtige eine dunkle Wollm\u00fctze. <\/li><\/ul>\n\n\n\n<p>Zeugenhinweise  nimmt die Polizeiinspektion Germersheim telefonisch unter 07274-9580  oder per Mail an <a href=\"mailto:pigermersheim@polizeir.lp.de\">pigermersheim@polizeir.lp.de<\/a> entgegen. <\/p>\n\n\n\n<h4 class=\"wp-block-heading\">(Bellheim) &#8211; Diebstahl aus Fahrzeug<\/h4>\n\n\n\n<p>Mehrere Zubeh\u00f6rteile wie u.a. ein Navigationsger\u00e4t, Subwoofer im Wert  von zirka 1000 EUR wurde aus einem unverschlossenen PKW im Bereich Alte  Ziegelei gestohlen. Die Tatzeit kann auf Montagmorgen zwischen 0.15 bis  6.30 Uhr eingegrenzt werden. Bis dato liegen keine Erkenntnisse  hinsichtlich etwaiger Tatverd\u00e4chtiger vor. Zudem wurde die Frontscheibe  bei der Tatausf\u00fchrung besch\u00e4digt. <\/p>\n\n\n\n<p>Zeugenhinweise nimmt die Polizeiinspektion Germersheim telefonisch unter 07274\/9580 oder per Mail an <a href=\"mailto:pigermersheim@polizei.rlp.de\">pigermersheim@polizei.rlp.de<\/a> entgegen.<\/p>\n\n\n\n<h4 class=\"wp-block-heading\">(W\u00f6rth am Rhein) &#8211; Sechs Verkehrsunf\u00e4lle im Berufsverkehr<\/h4>\n\n\n\n<p>Am 02.12.2019 kam es in der Zeit von 06:30-08:40 Uhr zu sechs  Verkehrsunf\u00e4llen mit Sachschaden. Vier Verkehrsunf\u00e4lle davon waren auf  der B10 in Fahrtrichtung Karlsruhe, was unmittelbare Auswirkungen auf  den Verkehr rund um das W\u00f6rther Kreuz hatte. Der R\u00fcckstau auf der BAB 65  reichte teilweise bis an die Anschlussstelle Dorschberg und auf der B9  bis an die Anschlussstelle Jockgrim. Insgesamt entstand ein Sachschaden  von ca. 15.000 EUR. Verletzt wurde gl\u00fccklicherweise niemand. <\/p>\n\n\n\n<h4 class=\"wp-block-heading\">(W\u00f6rth am Rhein) &#8211; Einbruch in Stra\u00dfenbahndepot<\/h4>\n\n\n\n<p>Wiederholt kam es in der Nacht auf den 02.12.2019 zu einem  Einbruch in das S-Bahn Depot bei der Endhaltestelle Badepark. Durch  unbekannte T\u00e4ter wurden die Fahrkartenautomaten aufgebrochen und das  Bargeld entwendet. <\/p>\n\n\n\n<h4 class=\"wp-block-heading\">(Rheinzabern) &#8211; Weihnachtskarte sorgt f\u00fcr Polizeieinsatz<\/h4>\n\n\n\n<div class=\"wp-block-image\"><figure class=\"aligncenter\"><img decoding=\"async\" loading=\"lazy\" width=\"800\" height=\"597\" src=\"https:\/\/speyer24news.com\/wp-content\/uploads\/2019\/12\/2.12.19-Rheinzabern-Paket.jpg\" alt=\"\" class=\"wp-image-22604\" srcset=\"https:\/\/speyer24news.com\/wp-content\/uploads\/2019\/12\/2.12.19-Rheinzabern-Paket.jpg 800w, https:\/\/speyer24news.com\/wp-content\/uploads\/2019\/12\/2.12.19-Rheinzabern-Paket-300x224.jpg 300w, https:\/\/speyer24news.com\/wp-content\/uploads\/2019\/12\/2.12.19-Rheinzabern-Paket-768x573.jpg 768w, https:\/\/speyer24news.com\/wp-content\/uploads\/2019\/12\/2.12.19-Rheinzabern-Paket-80x60.jpg 80w\" sizes=\"(max-width: 800px) 100vw, 800px\" \/><\/figure><\/div>\n\n\n\n<p>Am 02.12.2019 l\u00f6ste um 20:20 Uhr die Mitteilung eines  Anwohners der Bahnhofstra\u00dfe einen gr\u00f6\u00dferen Polizeieinsatz aus. Der  Anwohner teilte mit, dass man ein Paket geliefert bekommen habe in dem  sich eigentlich Schuhe und Socken befinden sollten. Dieses Paket w\u00fcrde  aber nun ticken. Aufgrund der unklaren Gesamtumst\u00e4nde wurden zun\u00e4chst  die angrenzenden H\u00e4user evakuiert. Durch Spezialkr\u00e4fte konnte das Paket  schlie\u00dflich untersucht werden. Es stellte sich heraus, dass durch den  Versandhandel eine elektronische Gru\u00dfkarte beigelegt wurde. Aufgrund  eines technischen Defektes sorgte diese daf\u00fcr, dass man das verd\u00e4chtige  Ticken h\u00f6ren konnte. Nach dem Ende des Einsatzes konnten die Schuhe an  die erleichterten Bewohner \u00fcbergeben werden. <\/p>\n\n\n\n<h4 class=\"wp-block-heading\">(Bad Bergzabern) &#8211; Unter Drogeneinfluss<\/h4>\n\n\n\n<p>Am Montag, 092.12.2019, gegen 23:50 Uhr, konnten bei einer  Verkehrskontrolle eines Pkw-Fahrers, Auffallerscheinungen festgestellt  werden, welche auf den Konsum von Drogen hindeuteten. Ein Vortest  best\u00e4tigte den Verdacht. Dem Fahrzeugf\u00fchrer, im Alter von 19 Jahren,  wurde eine Blutentnahme entnommen. Die Weiterfahrt wurde ihm untersagt  und ein Bu\u00dfgeldverfahren eingeleitet. <\/p>\n\n\n\n<h4 class=\"wp-block-heading\">(Gleiszellen-Gleishorbach) &#8211; Brems- mit Gaspedal verwechselt<\/h4>\n\n\n\n<p>Am Sonntag, 01.12.2019, gegen 11:50 Uhr, verwechselte der Fahrer eines  Pkw Toyota, beim Einparken in der Br\u00fchlstra\u00dfe, das Brems- mit dem  Gaspedal. Der 79-j\u00e4hrige Fahrer fuhr mit seiner linken Fahrzeugfront  gegen zwei ordnungsgem\u00e4\u00df geparkte Fahrzeuge. Hierbei entstand ein  Gesamtschaden in H\u00f6he von 9000.- Euro. <\/p>\n\n\n\n<h4 class=\"wp-block-heading\">(Eschbach) &#8211; Verkehrsunfallflucht, Zeugenhinweise erbeten.<\/h4>\n\n\n\n<p>Bereits am 26.11.2019 ereignete sich zwischen 10.00 und 18.00h in  Eschbach, Weinstra\u00dfe 8, ein Verkehrsunfall. Hier fuhr vermutlich ein LKW  gegen ein derzeit unbewohntes Anwesen und besch\u00e4digte den, in den  Verkehrsraum ragenden, Dach\u00fcberstand. Zeugen des Vorfalles werden  gebeten sich unter Tel. Nr. 06341\/2870 oder per Email an <a href=\"mailto:pilandau@polizei.rlp.de\">pilandau@polizei.rlp.de<\/a> zu wenden. <\/p>\n\n\n\n<h4 class=\"wp-block-heading\">(Landau) &#8211; Verkehrsunfall mit 4 leicht verletzten Personen<\/h4>\n\n\n\n<p>Am 2.12.2019, gegen 21.00 Uhr ereignete sich in Landau an der Kreuzung  Xylander-\/Schlossstra\u00dfe unter Beteiligung eines Fahrzeuges eines  Rettungsdienstes im Einsatz ein Verkehrsunfall. Das Fahrzeug des  Rettungsdienstes passierte bei roter Lichtsignalanlage unter Nutzung des  Sonder- und Wegerechtes, aus der Xylanderstra\u00dfe kommend,  die Kreuzung  in s\u00fcdlicher Fahrtrichtung. Ein von links aus der Schlossstra\u00dfe  kommender Pkw fuhr bei Gr\u00fcn in die Kreuzung ein und kollidierte mit dem  Fahrzeug des Rettungsdienstes. Es entstand Sachschaden an den Fahrzeugen  in H\u00f6he von ca. 10.000EUR. Drei Personen im Fahrzeug des  Rettungsdienstes und die 21-j\u00e4hrige Fahrerin des Pkw wurden verletzt.  Beide Fahrzeuge mussten abgeschleppt werden. <\/p>\n\n\n\n<h4 class=\"wp-block-heading\">(Landau) &#8211; Sachbesch\u00e4digung an Pkw<\/h4>\n\n\n\n<p>Bislang unbekannte T\u00e4ter besch\u00e4digten am 30.11.2019, gegen 23.15 Uhr,  einen in der Mozartstra\u00dfe vor dem Anwesen Nr. 42 in Landau einen  abgestellten Pkw. Der Au\u00dfenspiegel wurde abgetreten. Zeugen des  Vorfalles werden gebeten sich unter Tel. Nr. 06341\/2870 oder per Email  an <a href=\"mailto:pilandau@polizei.rlp.de\">pilandau@polizei.rlp.de<\/a> zu wenden. <\/p>\n\n\n\n<h4 class=\"wp-block-heading\">(Edenkoben) &#8211; Radler muss zur Blutprobe<\/h4>\n\n\n\n<p>Ein 53-j\u00e4hriger Radfahrer fiel gestern Nachmittag (16.30 Uhr) im  Stadtgebiet auf, weil er alkoholisiert in Schlangenlinien mehrmals eine  Hauswand streifte. Zu Hause konnte der Mann angetroffen werden. Aufgrund  seiner Alkoholfahne wurde ihm ein Alkotest angeboten, der 1,24 Promille  ergab. Aufgrund seiner Ausfallerscheinungen musste er mit auf die  Dienststelle, wo ihm eine Blutprobe entnommen wurde. Ein Strafverfahren  wurde eingeleitet. Auf einem Tankstellengel\u00e4nde in der Staatsstra\u00dfe war  gestern Abend (21 Uhr) ein 39-j\u00e4hriger Autofahrer auff\u00e4llig, weil er  neben dem Betanken seines Fahrzeugs nach eigenen Angaben zuvor zwei  Flaschen Wei\u00dfherbst konsumiert hatte.  Da der Alkotest 1,77 Promille  ergab, wurde eine Blutprobe angeordnet. Die Fahrerlaubnis wurde  beschlagnahmt. <\/p>\n\n\n\n<h4 class=\"wp-block-heading\">(Edenkoben) &#8211; Der beste Freund des Menschen<\/h4>\n\n\n\n<p>Weil ein 55-j\u00e4hriger Mann am fr\u00fchen Samstagmorgen (30.11.2019, 00.30  Uhr) \u00fcberf\u00e4llig war, meldete ihn seine Frau bei der Polizei vermisst.  Mit mehreren Streifen wurde bei kalter Witterung in den Weinbergen bei  Edenkoben nach dem Vermissten gesucht, bis die Streifen auf seinen  Vierbeiner traf. Dieser f\u00fchrte die Ermittler an eine Erdmulde, in welche  sein Herrchen vermutlich infolge \u00fcberh\u00f6hten Alkoholkonsums gest\u00fcrzt war  und sich dabei Gesichtsverletzungen zugezogen hatte. Der hinzugerufene  Rettungsdienst k\u00fcmmerte sich um den Vermissten und \u00fcberstellte ihn  zusammen mit seinem treuen Begleiter an seine Ehefrau. <\/p>\n\n\n\n<h4 class=\"wp-block-heading\">(Maikammer) &#8211; Eingebrochen<\/h4>\n\n\n\n<p>Unbekannte haben am Sonntag in der Zeit zwischen 17.30 Uhr und 20.30 Uhr  in der Maxburgstra\u00dfe an einem Anwesen das K\u00fcchenfenster aufgehebelt und  sind in das Objekt eingestiegen. Dort durchw\u00fchlten sie s\u00e4mtliche  Schr\u00e4nke und Kommoden. Ersten Ermittlungen zufolge wurde Schmuck  entwendet. Die Schadensh\u00f6he betr\u00e4gt mehrere tausend Euro. Die Polizei  sucht Zeugen, die Angaben zu verd\u00e4chtigen Personen oder sonstige  Wahrnehmungen, insbesondere vor der angegebenen Tatzeit, geben k\u00f6nnen.  Diese werden gebeten, sich mit der Polizei Edenkoben unter der Rufnummer  06323 9550 oder mit der Kriminalpolizei Landau unter der Telefonnummer  06341 2870 in Verbindung zu setzen. <\/p>\n\n\n\n<h4 class=\"wp-block-heading\">(Neustadt) &#8211; Crash-Kurs \/ Die etwas andere Art der Verkehrsunfallpr\u00e4vention<\/h4>\n\n\n\n<p>Am 04.12.2019, ab 10:00 Uhr findet an der Berufsbildenden Schule in  Neustadt (Aula) die Veranstaltung &#8222;Crash-Kurs&#8220; statt. Das  Pr\u00e4ventionsprojekt &#8222;Crash-Kurs&#8220; m\u00f6chte bei den jungen Teilnehmenden  pers\u00f6nliche Betroffenheit erzeugen und den jungen Fahranf\u00e4ngern und  Fahrern ein realit\u00e4tsnahes Gefahrenbewusstsein f\u00fcr zu schnelles Fahren,  des Fahrens unter Alkohol- und Drogeneinfluss sowie des Nichtanlegens  des Sicherheitsgurtes und der Ablenkung im Stra\u00dfenverkehr vermitteln.  Den Teilnehmenden werden zu Beginn Filmsequenzen und Bilder von einem  t\u00f6dlichen Verkehrsunfall, der sich im Dienstbezirk der Polizeiinspektion  Neustadt unter Beteiligung eines jungen Fahrers ereignet hatte,  gezeigt. Anschlie\u00dfend berichten Einsatzkr\u00e4fte (Polizei, Feuerwehr,  Rettungsdienst, Notfallseelsorger, Zeugen, Betroffene) von ihren  pers\u00f6nlichen Emotionen und Einsatzbelastungen, mit denen sie bei der  Bew\u00e4ltigung dieser Unfalllage zu k\u00e4mpfen hatten. Im Unterricht werden  die Teilnehmenden auf diese Pr\u00e4ventionsveranstaltung vorbereitet. Die  Nachbereitung erfolgt im Rahmen eines Diskurses mit den Einsatzkr\u00e4ften  und durch die eingesetzten Lehrkr\u00e4fte in den weiterf\u00fchrenden  Unterrichtseinheiten. <\/p>\n\n\n\n<h4 class=\"wp-block-heading\">(Neustadt) &#8211; Unfallflucht<\/h4>\n\n\n\n<p>Zu einer Verkehrsunfallflucht kam es am Montag zwischen 15.30 und 21.30  Uhr. Ein PKW-Fahrer befuhr die Villenstra\u00dfe in Richtung Haardter Stra\u00dfe  und kollidierte mit dem Au\u00dfenspiegel eines H\u00f6he der Villa B\u00f6hm  geparkten dunklen 7er BMW. Der Schaden betr\u00e4gt ca. 1000 EUR. Der  Unfallverursacher fl\u00fcchtete. \/WaSt <\/p>\n\n\n\n<p>Die Polizei Neustadt bittet um Zeugenhinweise unter 06321-8540 oder <a href=\"mailto:pineustadt@polizei.rlp.de\">pineustadt@polizei.rlp.de<\/a> <\/p>\n\n\n\n<h4 class=\"wp-block-heading\">(Neustadt) &#8211; Unfallflucht B38 \/ Zeugen gesucht<\/h4>\n\n\n\n<p>Am 02.12.2019 gegen 18:45 Uhr kam es auf der B38 an der Abzweigung L532  nach Ha\u00dfloch zu einem Auffahrunfall, bei dem der Auffahrende nach dem  Zusammensto\u00df unerkannt wegfuhr. Ein 34-j\u00e4hriger Mann befand sich mit  seinem blauen Seat auf der Linksabbiegerspur Richtung Ha\u00dfloch, als ein  wei\u00dfer Kastenwagen (vermutlich Fiat) von hinten auffuhr. Der 34-J\u00e4hrige  hielt bei der n\u00e4chsten M\u00f6glichkeit an, der unbekannte Fahrzeuglenker  fuhr jedoch weiter ohne die  Feststellung der Personalien zu  erm\u00f6glichen. Zeugen beobachteten den Vorfall. Dennoch bittet die Polizei  um weitere Hinweise von Zeugen, die sich mit der Polizei Neustadt unter  der Telefonnummer 06321-854-0 oder per E-Mail unter <a href=\"mailto:pineustadt@polizei.rlp.de\">pineustadt@polizei.rlp.de<\/a> in Verbindung setzen k\u00f6nnen. Die Schadensh\u00f6he betr\u00e4gt ca. 2500 Euro. <\/p>\n\n\n\n<h4 class=\"wp-block-heading\">(Neustadt) &#8211; Feuer in Garage<\/h4>\n\n\n\n<div class=\"wp-block-image\"><figure class=\"aligncenter\"><img decoding=\"async\" loading=\"lazy\" width=\"800\" height=\"600\" src=\"https:\/\/speyer24news.com\/wp-content\/uploads\/2019\/12\/02.12.19-NW-Brand-in-Garage.jpg\" alt=\"\" class=\"wp-image-22606\" srcset=\"https:\/\/speyer24news.com\/wp-content\/uploads\/2019\/12\/02.12.19-NW-Brand-in-Garage.jpg 800w, https:\/\/speyer24news.com\/wp-content\/uploads\/2019\/12\/02.12.19-NW-Brand-in-Garage-300x225.jpg 300w, https:\/\/speyer24news.com\/wp-content\/uploads\/2019\/12\/02.12.19-NW-Brand-in-Garage-768x576.jpg 768w, https:\/\/speyer24news.com\/wp-content\/uploads\/2019\/12\/02.12.19-NW-Brand-in-Garage-678x509.jpg 678w, https:\/\/speyer24news.com\/wp-content\/uploads\/2019\/12\/02.12.19-NW-Brand-in-Garage-326x245.jpg 326w, https:\/\/speyer24news.com\/wp-content\/uploads\/2019\/12\/02.12.19-NW-Brand-in-Garage-80x60.jpg 80w\" sizes=\"(max-width: 800px) 100vw, 800px\" \/><\/figure><\/div>\n\n\n\n<p>Am 02.12.2019 gegen 00:45 Uhr wurden Polizei und Feuerwehr zu einem  Brand in einer Garage in der Stra\u00dfe In der Achen gerufen. Eine  Bewohnerin des Einfamilienhauses bemerkte zuf\u00e4llig den Brand und rief  die Feuerwehr. Nach derzeitigem Kenntnisstand  brach das Feuer in einem  M\u00fclleimer in der Garage aus bislang ungekl\u00e4rter Ursache aus, griff aber  dank des schnellen Eingreifens der Feuerwehr nicht auf das Geb\u00e4ude \u00fcber.  Auch das in der Garage geparkte Fahrzeug wurde nur unwesentlich  besch\u00e4digt. Verletzt wurde niemand. Die genaue Schadensh\u00f6he ist derzeit  noch nicht bekannt. <\/p>\n\n\n\n<h4 class=\"wp-block-heading\">(Neustadt) &#8211; Nach Streit angetrunken Auto umgeparkt<\/h4>\n\n\n\n<p>Am 01.12.2019 gegen 20:30 Uhr wurde die Polizei zu einem Streit in die  Winzinger Stra\u00dfe gerufen. Ein 25-j\u00e4hriger Beteiligter parkte beim  Eintreffen der Polizei gerade sein Fahrzeug auf der Stra\u00dfe um. Bei der  anschlie\u00dfenden Kontrolle wurde Atemalkohol festgestellt. Ein  entsprechender Test ergab eine Atemalkoholkonzentration von 0,8  Promille. Den Betroffenen erwartet nun eine Ordnungswidrigkeitenanzeige  (ein Monat Fahrverbot, zwei Punkte in Flensburg sowie 500 Euro Bu\u00dfgeld).  <\/p>\n\n\n\n<h4 class=\"wp-block-heading\">(Neustadt) &#8211; Bauwagen auf Spielplatz angez\u00fcndet<\/h4>\n\n\n\n<div class=\"wp-block-image\"><figure class=\"aligncenter\"><img decoding=\"async\" loading=\"lazy\" width=\"800\" height=\"600\" src=\"https:\/\/speyer24news.com\/wp-content\/uploads\/2019\/12\/01.12.19-NW-Bauwagen.jpg\" alt=\"\" class=\"wp-image-22605\" srcset=\"https:\/\/speyer24news.com\/wp-content\/uploads\/2019\/12\/01.12.19-NW-Bauwagen.jpg 800w, https:\/\/speyer24news.com\/wp-content\/uploads\/2019\/12\/01.12.19-NW-Bauwagen-300x225.jpg 300w, https:\/\/speyer24news.com\/wp-content\/uploads\/2019\/12\/01.12.19-NW-Bauwagen-768x576.jpg 768w, https:\/\/speyer24news.com\/wp-content\/uploads\/2019\/12\/01.12.19-NW-Bauwagen-678x509.jpg 678w, https:\/\/speyer24news.com\/wp-content\/uploads\/2019\/12\/01.12.19-NW-Bauwagen-326x245.jpg 326w, https:\/\/speyer24news.com\/wp-content\/uploads\/2019\/12\/01.12.19-NW-Bauwagen-80x60.jpg 80w\" sizes=\"(max-width: 800px) 100vw, 800px\" \/><figcaption>Besch\u00e4digter Spielbauwagen<\/figcaption><\/figure><\/div>\n\n\n\n<p>Am 01.12.2019 gegen 15:45 Uhr wurde durch Zeugen ein Brand auf dem  Spielplatz Am H\u00e4gfeld  in Geinsheim gemeldet. Vor Ort wurde  festgestellt, dass ein Kunststofffenster an einem Spielbauwagen auf dem  Spielplatzgel\u00e4nde durch Unbekannte in Brand gesteckt wurde. Das schnelle  Eingreifen der Feuerwehr verhinderte einen gr\u00f6\u00dferen Schaden. Die H\u00f6he  des Sachschadens wird mit ca. 500 Euro angegeben. <\/p>\n\n\n\n<h4 class=\"wp-block-heading\">(Ha\u00dfloch) &#8211; Alkohol am Steuer<\/h4>\n\n\n\n<p>Am Sonntag den 01.12.2019 wurde ein 23-j\u00e4hriger Pkw-Fahrer gegen 23:15  Uhr in der Langgasse einer Verkehrskontrolle unterzogen. Bei dem  Fahrzeugf\u00fchrer aus Ha\u00dfloch wurden Atemalkoholgeruch und  Ausfallerscheinungen festgestellt. Ein freiwillig durchgef\u00fchrter  Atemalkoholtest ergab 1,48 Promille, weshalb die Mitnahme zur  Dienststelle zwecks Blutentnahme erforderlich wurde. Der 23-j\u00e4hrige wird  sich strafrechtlich verantworten m\u00fcssen. Sein F\u00fchrerschein wurde  sichergestellt. <\/p>\n\n\n\n<h4 class=\"wp-block-heading\">(Bad D\u00fcrkheim) &#8211; Kleinkraftradfahrer schwer verletzt<\/h4>\n\n\n\n<p>Am 03.12.19, gegen 07.10 Uhr, wurde die Polizei Bad D\u00fcrkheim von der  Integrierten Leitstelle dar\u00fcber in Kenntnis gesetzt, dass es in der  Bruchstra\u00dfe zu einem Unfall mit einer verletzten Person gekommen sei.  Vor Ort wurde festgestellt, dass ein 48-j\u00e4hriger Kleinkraftradfahrer,  der die Bruchstra\u00dfe aus Richtung Reiterverein kommend in Richtung B 37  gefahren war, von einem 35-j\u00e4hrigen Daimler-Benz-Fahrer, der aus  Richtung B 37 gekommen war, beim Linksabbiegen in Richtung  Philipp-Kr\u00e4mer-Ring \u00fcbersehen worden war. Der 48-J\u00e4hrige, der sich bei  dem Unfall eine schwere Verletzung am Bein zugezogen hatte, wurde mit  einem Krankenwagen in ein Krankenhaus in Ludwigshafen eingeliefert. Das  Kleinkraftrad war nicht mehr fahrbereit. Der Unfallverursacher blieb  unverletzt. Der entstandene Gesamtschaden bel\u00e4uft sich auf ca. 4.500  Euro. <\/p>\n\n\n\n<h4 class=\"wp-block-heading\">(Bad D\u00fcrkheim) &#8211; Autoradio entwendet<\/h4>\n\n\n\n<p>Autoradio entwendet Bisher unbekannte T\u00e4ter schlugen im  Zeitraum vom 01.12.19, 15:00 Uhr &#8211; 02.12.19, 11:00 Uhr, an einem in der  Bruchstra\u00dfe abgestellten Pkw Ford die Scheibe an der Beifahret\u00fcre ein  und entwendeten aus dem Fahrzeug ein Autoradio. Nach bisherigen  Erkenntnissen wurden keine weiteren Gegenst\u00e4nde aus dem Fahrzeug  entwendet. Der entstandene Schaden wird auf ca. 550,- Euro beziffert. <\/p>\n\n\n\n<p>Hinweise bitte an die Polizeiinspektion Bad D\u00fcrkheim, Tel. 06322\/963-0, oder <a href=\"mailto:pibadduerkheim@polizei.rlp.de\">pibadduerkheim@polizei.rlp.de<\/a> <\/p>\n\n\n\n<h4 class=\"wp-block-heading\">(Bad D\u00fcrkheim) &#8211; Trunkenheitsfahrt verhindert<\/h4>\n\n\n\n<p>Am 01.12.19, gegen 07:10 Uhr wurde die Polizei von einer Mitarbeiterin  einer Tankstelle in der Gutleutstra\u00dfe dar\u00fcber informiert, dass sie bei  einem Kunden Alkoholgeruch wahrgenommen habe und dieser m\u00f6glicherweise  mit einem Pkw wegfahren wolle. Vor Ort konnte der 53-j\u00e4hrige Kunde durch  die Funkstreifenbesatzung angetroffen werden. Dieser hatte sich in  seinem geparkten Pkw aufgehalten, bevor er die Tankstelle aufgesucht  hatte. Ein freiwillig durchgef\u00fchrter Atemalkoholtest ergab einen Wert  von ca. 1,4 Promille. Eine Teilnahme am Stra\u00dfenverkehr konnte dem  53-J\u00e4hrigen nicht nachgewiesen werden, so dass letzendlich aus  pr\u00e4ventiven Gr\u00fcnden der Fahrzeugschl\u00fcssel des Mannes sichergestellt  wurde. <\/p>\n\n\n\n<h4 class=\"wp-block-heading\">(Bad D\u00fcrkheim \/ Ellerstadt) &#8211; Geschwindigkeitsmessungen<\/h4>\n\n\n\n<p>Am 30.11.19 wurde im Zeitraum von 11:00 &#8211; 12:00 Uhr eine Laserkontrolle  in der Sonennwendstra\u00dfe in Bad D\u00fcrkheim durchgef\u00fchrt. Es wurden 30  Fahrzeuge gemessen. Sechs Fahrzeugf\u00fchrer wurden geb\u00fchrenpflichtig  verwarnt. Die gemessene H\u00f6chstgeschwindigkeit betrug 47 km\/h. Dieser  Versto\u00df wurde mit einem Verwarnungsgeld von 35,- Euro geahndet. <\/p>\n\n\n\n<p>Am  30.11.19, in der Zeit von 16:00 &#8211; 17:00 Uhr wurde in der Gem.  Ellerstadt, an der Kreuzung L 527 \/ L 526 (sog. Feuerbergkreuzung)  ebenfalls eine Laserkontrolle durchgef\u00fchrt. Es wurde der Verkehr vom  Kreisel an der A 650 in Richtung Maxdorf gemessen. Insgesamt wurden 61  Fahrzeuge \u00fcberpr\u00fcft. Es wurden drei Fahrzeuge festgestellt, die  schneller als die erlaubten 70 km\/h gefahren waren. Die gemessene  H\u00f6chstgeschwindigleit betrug 103 km\/h. Dies wird mit einem Bu\u00dfgeld von  120 Euro und einem Punkt in Flesnburg sankioniert. <\/p>\n\n\n\n<h4 class=\"wp-block-heading\">(Ellerstadt) &#8211; Unf\u00e4lle an der sog. &#8222;Feuerbergkreuzung&#8220; L 526 \/ L 527<\/h4>\n\n\n\n<p>Am 29.11.19, gegen 15:50 Uhr befuhr ein 61-j\u00e4hriger BMW Fahrer die L  526 aus Erpolzheim kommend in Richtung &#8222;Feuerbergkreuzung&#8220;. An dieser  bog er nach links in Richtung Maxdorf ab, ohne auf die Vorfahrt eines  aus Maxdorf kommenden 47-j\u00e4hrigen Skoda-Fahrers zu achten, der i.R.  Kreisel an der Anschlusstelle zur A 650 unterwegs war. Bei dem Unfall  wurde gl\u00fccklicherweise niemand verletzt. Der entstandene Sachschaden  bel\u00e4uft sich aber auf ca. 18.000 Euro. Beide Fahrzeuge waren nicht mehr  fahrbereit und mussten abgeschleppt werden. <\/p>\n\n\n\n<p>Am 01.12.19, gegen \n16:05 Uhr befuhr ein 32-j\u00e4hriger VW-Fahrer die L 526 vom Ellerstadt \nkommend in Richtung Erpolzheim. Beim \u00dcberqueren der &#8222;Feuerbergkreuzung&#8220; \nbeachtete er nicht die Vorfahrt einer vom Kreisel an der Anschlussstelle\n der A 650 kommenden und in Richtung Maxdorf fahrenden 55-j\u00e4hrigen \nOpel-Fahrerin und es kam zum Unfall. Die Beifahrerin im Fahrzeug des \nUnfallverursachers wurde leicht verletzt. Sie wurde vorsorglich in ein \nKrankenhaus eingeliefert. Beide Fahrzeuge waren nicht mehr fahrbereit \nund mussten abgeschleppt werden. Der entstandene Schaden bel\u00e4uft sich \nauf ca. 20.000,- Euro. <\/p>\n\n\n\n<h4 class=\"wp-block-heading\">(Freinsheim) &#8211; Diebstahl von zwei Motorradkoffern<\/h4>\n\n\n\n<p>Bisher unbekannte T\u00e4ter entwendeten in der Zeit vom 02.12.19, 20:00 &#8211;  03.12.19, 09:30 Uhr, von einem Motorrad der Marke BMW, welches in der  Bahnhofstra\u00dfe auf einem Parkplatz hinter einer Gastst\u00e4tte abgestellt  war, die beiden an dem Krad befestigten und angeschlossenen  Motorradkoffer samt Inhalt (2 Jacken und 2 Helme). Die genaue  Schadensh\u00f6he steht noch nicht fest. <\/p>\n\n\n\n<p>Hinweise bitte an die Polizeiinspektion Bad D\u00fcrkheim, Tel. 06322\/963-0, oder <a href=\"mailto:pibadduerkheim@polizei.rlp.de\">pibadduerkheim@polizei.rlp.de<\/a> <\/p>\n\n\n\n<h4 class=\"wp-block-heading\">(Carlsberg) &#8211; Einbruch in Kindertagesst\u00e4tte Kinderkiste<\/h4>\n\n\n\n<p>Unbekannte haben \u00fcber&#8217;s Wochenende einen Einbruch in eine  Kindertagesst\u00e4tte in Carlsberg ver\u00fcbt. Sie sind offensichtlich durch ein  Toilettenfenster eingestiegen. In der K\u00fcche waren mehrere Schr\u00e4nke  ge\u00f6ffnet. Wertgegenst\u00e4nde wurden nicht vorgefunden &#8211; es waren auch keine  vorhanden. Letztlich wurde die Glast\u00fcr des Backofens besch\u00e4digt &#8211; umso  mehr schade, weil die Erzieherinnen diese Woche mit den Kids Pl\u00e4tzchen  backen wollten. Der angerichtete Sachschaden wird auf ca. 500 EUR  gesch\u00e4tzt. <\/p>\n\n\n\n<h4 class=\"wp-block-heading\">(Carlsberg) &#8211; Betr\u00fcger ergaunern 12.000 EUR mit Trick &#8222;Gewinner Eurolotterie&#8220;<\/h4>\n\n\n\n<p>Ein 79-J\u00e4hriger wurde letzte Woche Opfer eines Betruges, bei dem er um  12.000 EUR erleichtert wurde. Unbekannte haben sich telefonisch als  Mitarbeiter der Europ\u00e4ischen Zentralbank Berlin (Sitz ist in Frankfurt..) vorgestellt und den Gesch\u00e4digten als Gewinner einer  Eurolotterie begl\u00fcckw\u00fcnscht. Vor Auszahlung des Gewinns m\u00fcsse der  Gesch\u00e4digte allerdings notwendige Zertifikats- und Notargeb\u00fchren  \u00fcberweisen, was er auch tat. Nachdem der Gesch\u00e4digte erst bei einer  dritten Teilzahlung einen guten Bekannten informierte &#8211; entlarvte dieser  das Ganze als Betrugsmasche. <\/p>\n\n\n\n<h4 class=\"wp-block-heading\">(Obrigheim) &#8211; Mann traktiert Ehefrau \/ Gewalt in engen sozialen Beziehungen<\/h4>\n\n\n\n<p>Eine 32-J\u00e4hrige aus Obrigheim erschien am 01.12.2019 ziemlich aufgel\u00f6st  bei hiesiger Dienststelle, um Anzeige gegen ihren 35-J\u00e4hrigen Ehemann  zu erstatten. Dieser griff seine Frau am Morgen unvermittelt an. Er soll  sie geschlagen und getreten, sowie Gegenst\u00e4nde nach ihr geworfen haben.  Die Frau hatte bei der Anzeigenaufnahme sichtbare Verletzungen  (H\u00e4matome, Kratzwunden) und wurde anschlie\u00dfend zum Krankenhaus Gr\u00fcnstadt  verbracht. Bereits am Vorabend hatte sich &#8222;der Krach&#8220; angek\u00fcndigt,  weshalb die Gesch\u00e4digte in ihrem PKW \u00fcbernachtete. Beim 35-J\u00e4hrigen, der  unter Alkoholeinwirkung stand, wurde eine Gef\u00e4hrderansprache  durchgef\u00fchrt. Ihm wurde eine Verf\u00fcgung nach dem Gewaltschutzgesetz  ausgeh\u00e4ndigt. Weitere betroffenen Stellen wurden \u00fcber den Vorfall  informiert. <\/p>\n\n\n\n<h4 class=\"wp-block-heading\">(Lambsheim) &#8211; Schwerer Verkehrsunfall nach Handynutzung<\/h4>\n\n\n\n<div class=\"wp-block-image\"><figure class=\"aligncenter\"><img decoding=\"async\" loading=\"lazy\" width=\"800\" height=\"600\" src=\"https:\/\/speyer24news.com\/wp-content\/uploads\/2019\/12\/02.12.19-Lambsheim-VU.jpg\" alt=\"\" class=\"wp-image-22607\" srcset=\"https:\/\/speyer24news.com\/wp-content\/uploads\/2019\/12\/02.12.19-Lambsheim-VU.jpg 800w, https:\/\/speyer24news.com\/wp-content\/uploads\/2019\/12\/02.12.19-Lambsheim-VU-300x225.jpg 300w, https:\/\/speyer24news.com\/wp-content\/uploads\/2019\/12\/02.12.19-Lambsheim-VU-768x576.jpg 768w, https:\/\/speyer24news.com\/wp-content\/uploads\/2019\/12\/02.12.19-Lambsheim-VU-678x509.jpg 678w, https:\/\/speyer24news.com\/wp-content\/uploads\/2019\/12\/02.12.19-Lambsheim-VU-326x245.jpg 326w, https:\/\/speyer24news.com\/wp-content\/uploads\/2019\/12\/02.12.19-Lambsheim-VU-80x60.jpg 80w\" sizes=\"(max-width: 800px) 100vw, 800px\" \/><\/figure><\/div>\n\n\n\n<p>Am 02.12.2019 gegen 10:52 Uhr befuhr eine 30-j\u00e4hrige Fahrzeugf\u00fchrerin  aus dem Rhein-Pfalz-Kreis mit ihrem PKW die BAB 61 in Fahrtrichtung  Koblenz. In H\u00f6he des Parkplatzes &#8222;Auf dem Hahnen&#8220; musste der vor ihr  fahrende 35-j\u00e4hrige Lastkraftwagenfahrer verkehrsbedingt bremsen. Dies  bemerkte die PKW-Fahrerin zu sp\u00e4t und fuhr nahezu ungebremst auf den  Auflieger auf. Ermittlungen ergaben, dass die PKW-Fahrerin zum  Unfallzeitpunkt vermutlich durch ihr Mobiltelefon abgelenkt wurde. Der  Personenkraftwagen wurde durch den Verkehrsunfall komplett zerst\u00f6rt, die  Fahrerin kam gl\u00fccklicherweise nahezu unverletzt davon.  Am Auflieger  des Sattelschleppers entstand lediglich geringer Sachschaden. W\u00e4hrend  der Unfallaufnahme mussten die beiden Fahrbahnen zeitweise komplett  gesperrt werden wodurch es zu erheblichem R\u00fcckstau sowie mehreren  Folgeunf\u00e4llen kam. An der Unfallaufnahme waren neben zwei  Funkstreifenwagenbesatzungen der Polizeiautobahnstation Ruchheim, ein  Fahrzeug der Autobahnmeisterei Ruchheim sowie 28 Einsatzkr\u00e4fte und  sieben Fahrzeuge der Feuerwehren Ludwigshafen, Frankenthal und Ruchheim  eingesetzt. Die Unfallbeteiligte wurde vorsorglich mit einem  Rettungshubschrauber in die Klinik der Berufsgenossenschaft Ludwigshafen  verbracht. <\/p>\n\n\n\n<h4 class=\"wp-block-heading\">(Lambsheim) &#8211; Sachbesch\u00e4digung an PKW \/ Zeugen gesucht!<\/h4>\n\n\n\n<p>Im Zeitraum 30.11.2019, 16:00 Uhr, bis 01.12.2019, 12:30 Uhr, wurde der  im Wiesenweg in Lambsheim geparkte anthrazitfarbene PKW Mercedes von  einer bislang unbekannten Person zerkratzt. <\/p>\n\n\n\n<p>Wer sachdienliche  Hinweise zu dem genannten Fall geben kann, wird gebeten sich mit der  Polizeiinspektion Frankenthal unter der Rufnummer 06233\/313-0 oder der  Polizeiwache Maxdorf unter der Rufnummer 06237\/934-1100 in Verbindung zu  setzen. Hinweise k\u00f6nnen auch per E-Mail unter <a href=\"mailto:pwmaxdorf@polizei.rlp.de\">pwmaxdorf@polizei.rlp.de<\/a> an die Polizei \u00fcbermittelt werden. <\/p>\n\n\n\n<h4 class=\"wp-block-heading\">(Maxdorf) &#8211; Verkehrsunfall- unfallbeteiligtes Fahrzeug gesucht!<\/h4>\n\n\n\n<p>Am 29.11.2019, gegen 10:15 Uhr, befuhr ein roter PKW Seat Ibiza die  Hauptstra\u00dfe in Maxdorf in Richtung Ludwigshafen-Oggerheim. Auf H\u00f6he der  dortigen B\u00e4ckerei fuhr der PKW weit nach rechts, um einem  entgegenkommenden LKW Platz zu schaffen. Hierbei wurde ein geparkter PKW  am linken Au\u00dfenspiegel touchiert. Bislang liegen keine weiteren  Erkenntnisse zu dem gesch\u00e4digten PKW vor. <\/p>\n\n\n\n<p>Wer sachdienliche  Hinweise zu dem genannten Fall geben kann, wird gebeten sich mit der  Polizeiinspektion Frankenthal unter der Rufnummer 06233\/313-0 oder der  Polizeiwache Maxdorf unter der Rufnummer 06237\/934-1100 in Verbindung zu  setzen. Hinweise k\u00f6nnen auch per E-Mail unter <a href=\"mailto:pwmaxdorf@polizei.rlp.de\">pwmaxdorf@polizei.rlp.de<\/a> an die Polizei \u00fcbermittelt werden. <\/p>\n\n\n\n<h4 class=\"wp-block-heading\">(Frankenthal) &#8211; Auf Weihnachtsmarkt mit Joint kontrolliert<\/h4>\n\n\n\n<p>Am 02.12.2019 gegen 19:45 Uhr konsumiert ein 25-j\u00e4hriger aus  Frankenthal stammender Mann auf dem Weihnachtsmarkt in Frankenthal einen  Joint neben den vor Ort befindlichen Polizeibeamten. Neben der Person  kann in unmittelbarer N\u00e4he zus\u00e4tzlich eine Box mit zwei Cannabisbl\u00fcten  aufgefunden werden. Der Joint und die Bl\u00fcten werden sichergestellt.  Gegen den Mann wird ein Strafverfahren eingeleitet. Ihm wird zudem ein  Platzverweis erteilt. <\/p>\n\n\n\n<h4 class=\"wp-block-heading\">(Frankenthal) &#8211; Unter Einfluss von Alkohol einen Unfall verursacht<\/h4>\n\n\n\n<p>Am 02.12.19 gegen 08:50 Uhr bef\u00e4hrt ein 49-j\u00e4hriger Mann mit seinem  Mercedes die L523 von Frankenthal in Richtung Bobenheim-Roxheim. Der  Fahrzeugf\u00fchrer f\u00e4hrt aufgrund eines R\u00fcckstaus einer 28-j\u00e4hrigen Mercedes  Fahrerin auf. Durch den Aufprall wird das Auto der Frau auf einen VW  geschoben, welcher von einem 39-j\u00e4hrigen Mann gefahren wird. Bei dem  49-j\u00e4hrigen Mann kann Alkoholgeruch festgestellt werden. Ein freiwillig  durchgef\u00fchrter Test ergibt einen Wert von 0,32 Promille. Der Fahrer wird  auf die Polizeidienststelle nach Frankenthal gebracht, wo ihm eine  Blutprobe entnommen wird. <\/p>\n\n\n\n<p>An den beiden Mercedes Fahrzeugen entsteht Totalschaden. Sie sind nicht mehr fahrbereit und m\u00fcssen abgeschleppt werden. <\/p>\n\n\n\n<p>Der\n Einfluss von Alkohol oder anderen berauschenden Mitteln stellt eine \nHauptunfallursache dar. Wer berauscht f\u00e4hrt, gef\u00e4hrdet nicht nur sich, \nsondern auch Andere. <\/p>\n\n\n\n<p>Gegen den unter Alkoholeinfluss stehenden \nUnfallverursacher wird ein Ermittlungsverfahren wegen des Verdachtes der\n Stra\u00dfenverkehrsgef\u00e4hrdung eingeleitet. Der F\u00fchrerschein wird \nsichergestellt und gegen ihn kann eine Freiheitsstrafe bis zu f\u00fcnf \nJahren oder eine Geldstrafe verh\u00e4ngt werden. <\/p>\n\n\n\n<h4 class=\"wp-block-heading\">(Frankenthal) &#8211; Verd\u00e4chtige Person<\/h4>\n\n\n\n<p>Am 01.12.2019 gegen 13:00 Uhr wird im n\u00f6rdlichen Bereich des Amazon-Lagers in Frankenthal eine bisher unbekannte m\u00e4nnliche Person mit  einem Bolzenschneider am Zaun stehend festgestellt. <\/p>\n\n\n\n<ul><li>Die Person fl\u00fcchtet  auf den Parkplatz, steigt in ein silbernes Auto und f\u00e4hrt davon. <\/li><li>Der  Fahrer wird auf ca. 20-27 Jahre gesch\u00e4tzt. Er ist ca. 1,70 m gro\u00df, hat  eine schmale Figur und ein schmales Gesicht, sowie kurze blonde Haare.  Bekleidet sei der Fahrer mit einer grauen Jacke. <\/li><li>Im Fahrzeug kann eine  weitere m\u00e4nnliche Person als Beifahrer erkannt werden. Diese wird wie  folgt beschrieben: 20-25 Jahre, ca. 1,85 cm gro\u00df, athletische Figur,  kurze dunkelblonde Haare, bekleidet mit einem olivfarbenen Pullover <\/li><\/ul>\n\n\n\n<p>Wer  sachdienliche Hinweise zu dem genannten Fall geben kann, wird gebeten  sich mit der Polizeiinspektion Frankenthal unter der Rufnummer  06233\/313-0 oder der Polizeiwache Maxdorf unter der Rufnummer  06237\/934-1100 in Verbindung zu setzen. Hinweise k\u00f6nnen auch per E-Mail  unter <a href=\"mailto:pifrankenthal@polizei.rlp.de\">pifrankenthal@polizei.rlp.de<\/a> an die Polizei \u00fcbermittelt werden. <\/p>\n\n\n\n<h4 class=\"wp-block-heading\">(Frankenthal) &#8211; Einbruch in Supermarkt<\/h4>\n\n\n\n<p>Am fr\u00fchen Morgen (05:45 Uhr) des 01.12.2019 kommt es in einem  Supermarkt in Frankenthal in der Frankenthaler Stra\u00dfe zu einem Einbruch.  Die bisher unbekannten T\u00e4ter flexen eine Notausgangst\u00fcr auf, um so in  das Geb\u00e4ude zu gelangen. Im Inneren des Marktes stemmen die unbekannten  T\u00e4ter eine Wand zu einem Tabakgesch\u00e4ft auf und entwenden Tabakware in  noch unbekannter H\u00f6he. Der Gesamtschaden wird auf mehrere tausend Euro  gesch\u00e4tzt. <\/p>\n\n\n\n<p>Wer sachdienliche Hinweise zu dem genannten Fall geben  kann, wird gebeten sich mit der Polizeiinspektion Frankenthal unter der  Rufnummer 06233\/313-0 oder der Polizeiwache Maxdorf unter der Rufnummer  06237\/934-1100 in Verbindung zu setzen. Hinweise k\u00f6nnen auch per E-Mail  unter <a href=\"mailto:pifrankenthal@polizei.rlp.de\">pifrankenthal@polizei.rlp.de<\/a> an die Polizei \u00fcbermittelt werden. <\/p>\n\n\n\n<h4 class=\"wp-block-heading\">(Rheinpfalz) &#8211; F\u00fcr ein gewaltfreies Miteinander zur Weihnachtszeit<\/h4>\n\n\n\n<figure class=\"wp-block-image\"><img decoding=\"async\" loading=\"lazy\" width=\"800\" height=\"457\" src=\"https:\/\/speyer24news.com\/wp-content\/uploads\/2019\/12\/02122019_Gewalt.jpg\" alt=\"\" class=\"wp-image-22608\" srcset=\"https:\/\/speyer24news.com\/wp-content\/uploads\/2019\/12\/02122019_Gewalt.jpg 800w, https:\/\/speyer24news.com\/wp-content\/uploads\/2019\/12\/02122019_Gewalt-300x171.jpg 300w, https:\/\/speyer24news.com\/wp-content\/uploads\/2019\/12\/02122019_Gewalt-768x439.jpg 768w\" sizes=\"(max-width: 800px) 100vw, 800px\" \/><figcaption>Zivilcourage<\/figcaption><\/figure>\n\n\n\n<p>Am Weihnachtsmarktstand neben Ihnen p\u00f6belt eine Gruppe Jugendlicher  einen \u00e4lteren Mann an und drohen ihm mit Gewalt. Was tun Sie? Diese  Frage ist mit Sicherheit nicht ganz einfach zu beantworten. Viele w\u00fcrden  vermutlich ohne in der konkreten Situation zu sein sagen, dass sie  dazwischen gehen und sich sch\u00fctzend vor den wehrlosen Mann stellen.  Dieses Verhalten w\u00e4re von dem Gedanken getragen, direkt helfen zu  wollen. Bei gr\u00fcndlicher Betrachtung kommen dann aber Zweifel. Kann ich  das wirklich leisten in der konkreten Situation? Werde ich wom\u00f6glich  selbst zum Opfer? Unsicherheit und Angst kommen auf. Couragiertes  Handeln erfordert mehr. Sei es nun auf dem Weihnachtsmarkt oder auch an  anderen Schaupl\u00e4tzen, bei denen Wehrlose verbal oder k\u00f6rperlich  attackiert werden. Im Jahr 2018 registrierte die Polizei 8  K\u00f6rperverletzungsdelikte auf Weihnachtsm\u00e4rkten im Bereich des  Polizeipr\u00e4sidiums Rheinpfalz. Die Polizei versucht auch in diesem Jahr  die Zahl niedrig zu halten. Hierzu ist sie auch auf das Handeln und auf  die Zivilcourage anderer angewiesen. Zivilcourage fordert Mut, dabei  aber keinesfalls leichtfertiges Heldentum. Niemand erwartet, dass die  eigene Gesundheit riskiert wird. Bereits ein Anruf bei der Polizei oder  ein direkter Appell an weitere Personen, aktiv zu werden, kann gen\u00fcgen,  um wirksam Hilfe zu leisten. Auch die Bereitschaft, sich als Zeuge zur  Verf\u00fcgung zu stellen, ist von gro\u00dfer Bedeutung. Denn die Polizei ist auf  die Hilfe von couragierten B\u00fcrgern angewiesen, um Straftaten  aufzukl\u00e4ren. Wichtig ist, dass Opfer nicht allein zu lassen! Doch wie  kann man helfen, ohne sich selbst zu gef\u00e4hrden? Mit der Kampagne &#8222;Wer  nichts tut, macht mit&#8220;, die 1998 von der Polizei Hamburg ins Leben  gerufen wurde, wirbt die rheinland-pf\u00e4lzische Polizei seit 2000 f\u00fcr mehr  Zivilcourage.  Pr\u00e4ventionsexperten der Polizei vermitteln den Menschen  Handlungsstrategien, die sie in brenzligen Situationen schnell abrufen  k\u00f6nnen. <\/p>\n\n\n\n<p>Mit diesen sechs Verhaltenstipps handeln Sie richtig: <\/p>\n\n\n\n<ul><li>Ich helfe, aber ohne mich in Gefahr zu bringen. <\/li><li>Ich fordere andere direkt zur Mithilfe auf. <\/li><li>Ich beobachte genau und merke mir den T\u00e4ter. <\/li><li>Ich organisiere Hilfe unter Notruf 110. <\/li><li>Ich k\u00fcmmere mich um das Opfer. <\/li><li>Ich stelle mich als Zeuge zur Verf\u00fcgung. <\/li><\/ul>\n\n\n\n<p>Weiter Infos zum Thema finden Sie im Faltblatt &#8222;Tu was!&#8220; Dieses ist bei jeder Polizeidienststelle und unter <a rel=\"noreferrer noopener\" target=\"_blank\" href=\"http:\/\/www.polizei-beratung.de\/themen-und-tipps\/zivilcourage\/\">http:\/\/www.polizei-beratung.de\/themen-und-tipps\/zivilcourage\/<\/a> zu erhalten. <\/p>\n\n\n\n<h4 class=\"wp-block-heading\">(Ludwigshafen) &#8211; M\u00fclltonnenbrand mit Geb\u00e4udeschaden<\/h4>\n\n\n\n<p>Am fr\u00fchen Dienstagmorgen kam es im Stadtteil Oppau, im Hinterhof eines  Anwesens in der Edigheimer Stra\u00dfe zu einem gr\u00f6\u00dferen M\u00fclltonnenbrand.  Hierdurch entstand ein Geb\u00e4udeschaden in H\u00f6he von circa 15.000,- EUR.  Die Berufsfeuerwehr l\u00f6schte den Brand. Es kam zu keinem Personenschaden.  Die Kriminalpolizei hat die Brandermittlungen aufgenommen.  T\u00e4terhinweise sind an die Kriminalpolizei Ludwigshafen, Tel.  0621-9632773 zu \u00fcbermitteln. <\/p>\n\n\n\n<h4 class=\"wp-block-heading\">(Ludwigshafen) &#8211; Betrunken aufgefahren<\/h4>\n\n\n\n<p>Einem 41-J\u00e4hrigen musste am Montag (02.12.2019) eine Blutprobe  entnommen werden, weil er alkoholisiert auf ein Auto auffuhr. Der Mann  war gegen 17.45 Uhr auf der Hohenzollernstra\u00dfe in Richtung  Industriestra\u00dfe unterwegs, als vor ihm eine 36-J\u00e4hrige mit ihrem Auto an  einer Kreuzung bremsen musste. Der 41-J\u00e4hrige konnte nicht mehr  rechtzeitig bremsen und fuhr auf. Durch den Aufprall wurde die  36-J\u00e4hrige leicht verletzt. Bei der Verkehrsunfallaufnahme bemerkten die  Polizeibeamten Alkoholgeruch bei dem 41-J\u00e4hrigen. Ein Atemalkoholtest  ergab einen Wert von 2,12 Promille. Er musste anschlie\u00dfend auf eine  Polizeidienststelle, wo ihm eine Blutprobe entnommen wurde. Dar\u00fcber  hinaus wurde sein F\u00fchrerschien sichergestellt. Insgesamt entstanden 1000  Euro Blechschaden. <\/p>\n\n\n\n<h4 class=\"wp-block-heading\">(Ludwigshafen) &#8211; Rucksack aus Corsa gestohlen<\/h4>\n\n\n\n<p>Einen Rucksack entwendeten Unbekannte am Montag, 02.12.2019, zwischen 13  Uhr und 14 Uhr, aus einem geparkten Opel Corsa. Die Fahrerin parkte  ihren grauen Wagen in der Wollstra\u00dfe hinter dem Friedhof und besuchte  dort eine Beerdigung. Als sie nach einer Stunde zu ihrem Corsa  zur\u00fcckkam, stellte sie fest, dass Unbekannte die Scheibe der  Beifahrert\u00fcr eingeschlagen und ihren Rucksack vom Beifahrersitz  gestohlen hatten. Die Polizei sucht nun Zeugen: Wer hat gestern Mittag  in der Wollstra\u00dfe Beobachtungen gemacht? Sachdienliche Hinweise bitte an  die Polizeiinspektion Ludwigshafen 1 unter der Telefonnummer 0621  963-2122 oder per e-Mail <a href=\"mailto:piludwigshafen1@polizei.rlp.de\">piludwigshafen1@polizei.rlp.de<\/a>. <\/p>\n\n\n\n<h4 class=\"wp-block-heading\">(Ludwigshafen) &#8211; Schwerer Unfall im Bereich Zollhoftunnel<\/h4>\n\n\n\n<p>Am Montag gegen 13:40 Uhr kam es in der Rheinuferstra\u00dfe im dortigen  Zollhoftunnel zu einem Verkehrsunfall, bei dem eine Frau verletzt wurde.  Eine 60-J\u00e4hrige befuhr mit ihrem Kleinwagen die Rheinuferstra\u00dfe in  Richtung Lagerhausstra\u00dfe. Kurz vor Ende des Zollhoftunnels fuhr der  hinter ihr fahrende Betonmischer auf sie auf und schob den Kleinwagen  vor sich her. Der Pkw der Frau stie\u00df gegen die Bordsteinkante und wurde  auf die Gegenfahrbahn auf einen entgegenkommenden Ford geschleudert. Die  60-J\u00e4hrige wurde am Arm verletzt und in ein Krankenhaus gebracht. Alle  anderen Personen blieben unverletzt. Am Betonmischer lief Diesel aus dem  aufgerissenen Tank, der von der Berufsfeuerwehr Ludwigshafen gebunden  wurden. Alle Fahrzeuge mussten abgeschleppt werden. Es entstand ein  Sachschaden von ca. 20.000 Euro. Neben dem Rettungsdienst und Polizei  war die Berufsfeuerwehr Ludwigshafen mit 12 Mann und 4 Fahrzeugen im  Einsatz. Derzeit ist die Stra\u00dfe noch wegen Reinigungsarbeiten gesperrt. <\/p>\n\n\n\n<h4 class=\"wp-block-heading\">(Ludwigshafen) &#8211; Beim Wenden Radfahrer \u00fcbersehen<\/h4>\n\n\n\n<p>Am Montag um 12.35 Uhr, kam es auf der Rheing\u00f6nheimer Stra\u00dfe zu einem Unfall  zwischen einem 54-j\u00e4hrigen Audifahrer und einem 73-j\u00e4hrigen Radfahrer.  Der Audifahrer war auf der Rheing\u00f6nheimer Stra\u00dfe in Richtung  Saarlandstra\u00dfe unterwegs. An der Einm\u00fcndung zur Karolina-Burger-Stra\u00dfe  wollte er wenden, um auf der Rheing\u00f6nheimer Stra\u00dfe in entgegengesetzter  Richtung weiter zu fahren. Beim Wenden \u00fcbersah er den querenden  Radfahrer und stie\u00df mit diesem frontal zusammen. Der 73-J\u00e4hrige st\u00fcrzte  und zog sich Verletzungen am Bein zu. Am Audi und Fahrrad entstand auch  leichter Sachschaden. <\/p>\n\n\n\n<h4 class=\"wp-block-heading\">(Ludwigshafen) &#8211; Unfall auf Realparkplatz \/ Polizei sucht Unfallbeteiligten<\/h4>\n\n\n\n<p>Montagmittag, 02.12.2019, 11.45 Uhr, war ein 58-J\u00e4hriger mit seinem  weinroten Mazda 3 auf dem Parkplatz in der Pr\u00e4lat-Clair-Stra\u00dfe  unterwegs. Bei der Suche nach einem Parkplatz kam ihm in einer Engstelle  ein wei\u00dfer Kleinwagen entgegen. Da die Stelle sehr schmal war, mussten  beide Autofahren rangieren. Letztlich gelang es ihnen aneinander  vorbeizufahren. Erst heute bemerkte der Mazda &#8211; Fahrer einen Schaden an  seinem Wagen. Es ist anzunehmen, dass der Schaden beim Rangieren  entstand. Die Polizei bittet den Fahrer des wei\u00dfen Kleinwagens sich zu  melden. Im Wagen sollen zum Unfallzeitpunkt ein etwa 60 Jahre altes  Ehepaar gesessen haben, der Mann lenkte das Auto. <\/p>\n\n\n\n<p>Hinweise bitte an die Polizeiinspektion Ludwigshafen 2  unter der Telefonnummer 0621 963-2222 oder per E-Mail <a href=\"mailto:piludwigshafen2@polizei.rlp.de\">piludwigshafen2@polizei.rlp.de<\/a>. <\/p>\n\n\n\n<h4 class=\"wp-block-heading\">(Ludwigshafen) &#8211; Falscher Polizeibeamter hat keine Chance<\/h4>\n\n\n\n<p>Gegen 11 Uhr, am 02.12.2019, erhielt eine 81-J\u00e4hrige aus Oggersheim  einen Anruf mit unterdr\u00fcckter Nummer. Am Telefon war ein Mann, der sich  als Kriminalpolizist Pascal Lang mit der R\u00fcckrufnummer: 0621-679616  ausgab. Er behauptete, dass es am Morgen in der Nachbarschaft zu einem  Einbruch mit fl\u00fcchtigen T\u00e4tern gekommen sei, weswegen er die 81-J\u00e4rhige  warnen wollte. Zu ihrer Sicherheit wolle er au\u00dferdem wissen, ob sich in  ihrem Haus Wertgegenst\u00e4nde befanden und wie hoch ihr Kontoguthaben sei.  Die Seniorin durchschaute die miese Masche und legte auf. <\/p>\n\n\n\n<p>Sachdienliche Hinweise nimmt die Kriminalpolizei Ludwigshafen unter der Telefonnummer 0621\/963-2773 oder per E-Mail <a href=\"mailto:kiludwigshafen@polizei.rlp.de\">kiludwigshafen@polizei.rlp.de<\/a> entgegen. <\/p>\n\n\n\n<h4 class=\"wp-block-heading\">(Ludwigshafen) &#8211; Unbekannte Fl\u00fcssigkeit verursacht Atembeschwerden<\/h4>\n\n\n\n<p>Eine unbekannte Fl\u00fcssigkeit verursachte Montagmorgen, gegen 9 Uhr,  Atembeschwerden bei Bewohnern einer Wohnung im 11. Stock eines  Mehrfamilienhauses in der Saarlandstra\u00dfe. Bisher noch unbekannter T\u00e4ter  versch\u00fcttete im Treppenhaus des Anwesens eine braune Fl\u00fcssigkeit. Diese  lief unter der T\u00fcr in die Wohnung einer Familie. Zu diesem Zeitpunkt  waren die Eltern und das einj\u00e4hrige Kind zuhause. Sie klagten kurzzeitig  \u00fcber Atembeschwerden. Als die Rettungskr\u00e4fte am Einsatzort eintrafen  konnten keine Feststellungen getroffen werden. Die Fl\u00fcssigkeit war  geruchlos. Auch die Messungen der Berufsfeuerwehr Ludwigshafen verliefen  ergebnislos. Unklar bleibt, um welche Fl\u00fcssigkeit es sich gehandelt  hatte. Das Kleinkind wurde vorsorglich zur Beobachtung in ein  Krankenhaus verbracht. <\/p>\n\n\n\n<p>Die Polizeiinspektion Ludwigshafen 1 hat  die Ermittlungen aufgenommen. Ein Strafverfahren wegen K\u00f6rperverletzung  wurde eingeleitet. Die Polizei sucht nun Zeugen: Wer hat Beobachtungen  gemacht? Sachdienliche Hinweise bitte an die Polizeiinspektion  Ludwigshafen 1 unter der Telefonnummer 0621 963-2122 oder per e-Mail <a href=\"mailto:piludwigshafen1@polizei.rlp.de\">piludwigshafen1@polizei.rlp.de<\/a>. <\/p>\n\n\n\n<h4 class=\"wp-block-heading\">(Ludwigshafen) &#8211; Beim Abbiegen Radfahrer \u00fcbersehen<\/h4>\n\n\n\n<p>Am Montagmorgen, um 08.30 Uhr, kam es auf der Maudacher Stra\u00dfe zu einem  Unfall zwischen einem Radfahrer und einem Autofahrer. Ein 20-j\u00e4hriger  Radfahrer und ein 56-j\u00e4hriger Audifahrer waren in Richtung K\u00e4rntner  Stra\u00dfe unterwegs. In H\u00f6he einer B\u00e4ckerei wollte der Audifahrer nach  rechts auf den Parkplatz abbiegen. Dabei \u00fcbersah er den in gleicher  Richtung fahrenden Radfahrer. Es kam zum Zusammensto\u00df, wobei sich der  20-J\u00e4hrige leichte Verletzungen an den Beinen zuzog. Sowohl am Auto als  auch am Fahrrad entstand leichter Sachschaden. <\/p>\n\n\n\n<h4 class=\"wp-block-heading\">(Ludwigshafen) &#8211; Zeugen nach Verkehrsunfall gesucht<\/h4>\n\n\n\n<p>Eine 15-J\u00e4hrige wurde am Montag (02.12.2019) auf dem Schulweg aufgrund  eines Verkehrsunfalls leicht verletzt. Die Jugendliche war gegen 7.45  Uhr mit ihrem Fahrrad in der Kurt-Schuhmacher-Stra\u00dfe im Bereich einer  Engstelle unterwegs, als zeitgleich ein entgegenkommender Kleinbus in  diese einfuhr. Die 15-J\u00e4hrige musste ausweichen und st\u00fcrzte. Der Fahrer  des Kleinbusses hielt sofort an und k\u00fcmmerte sich um die Jugendliche.  Eine Unfallzeugin blieb ebenfalls stehen und begab sich zur  Unfallstelle. Da der Fahrer und die Zeugin vermutlich annahmen, dass es  der 15-J\u00e4hrige gut ginge, verlie\u00dfen beide die \u00d6rtlichkeit. Der Unfall  wurde erst im Laufe des Tages der Polizei gemeldet. Die Polizei sucht  nun den Fahrer des Kleinbusses und die Zeugin. Zeugen, die den Vorfall  beobachtet haben, werden gebeten, sich bei der Polizeiinspektion  Ludwigshafen 2 unter der Telefonnummer 0621 963-2222 oder per E-Mail <a href=\"mailto:piludwigshafen2@polizei.rlp.de\">piludwigshafen2@polizei.rlp.de<\/a> zu melden. <\/p>\n\n\n\n<h4 class=\"wp-block-heading\">(Ludwigshafen) &#8211; Einbruch in Firmenr\u00e4ume<\/h4>\n\n\n\n<p>In der Industriestra\u00dfe brachen bislang Unbekannte zwischen dem  29.11.2019, 15:45 Uhr, und dem 02.12.2019, 07:45 Uhr, in die Firmen- und  Lagerr\u00e4ume eines Grillherstellers ein. Ob es den T\u00e4tern gelang etwas zu  entwenden, wird derzeit ermittelt. Die Unbekannten wendeten massive  Gewalt an, um sich Zugang zum Geb\u00e4ude zu verschaffen. Der dabei  entstandene Sachschaden wird derzeit auf mindestens 2.000 Euro  gesch\u00e4tzt. <\/p>\n\n\n\n<p>Sachdienliche Hinweise nimmt die Kriminalpolizei Ludwigshafen unter der Telefonnummer 0621\/963-2773 oder per E-Mail <a href=\"mailto:kiludwigshafen@polizei.rlp.de\">kiludwigshafen@polizei.rlp.de<\/a> entgegen. <\/p>\n\n\n\n<h4 class=\"wp-block-heading\">(Ludwigshafen) &#8211; E-Scooter-Fahrer kontrolliert<\/h4>\n\n\n\n<p>Gleich zwei junge M\u00e4nner wurde am Sonntag, 01.12.2019, kontrolliert,  weil ihre E-Scooter keine Versicherungskennzeichen hatten. Es handelt  sich dabei um einen 38-J\u00e4hriger, der gegen 14:40 Uhr in der Roonstra\u00dfe  sowie um einen 30-J\u00e4hrigen, der gegen 18:15 Uhr in der Bismarckstra\u00dfe  kontrolliert wurde. W\u00e4hrend der Verkehrskontrollen ergaben sich  Hinweise, dass beide unter dem Einfluss berauschender Mittel standen.  Eine Blutprobe wurde entnommen. <\/p>\n\n\n\n<p>Sie erwartet nun eine  Ordnungswidrigkeitsanzeige wegen des F\u00fchrens eines Fahrzeugs unter dem  Einfluss von berauschenden Mitteln sowie wegen des Versto\u00dfes gegen das  Pflichtversicherungsgesetz. Die E-Scooter wurde sichergestellt. <\/p>\n\n\n\n<h4 class=\"wp-block-heading\">(Ludwigshafen) &#8211; Taxifahrt ohne Ziel<\/h4>\n\n\n\n<p>Bei der Polizeiinspektion Ludwigshafen 1 schlug am Samstagmorgen ein  Taxifahrer auf, der mit seinen beiden Fahrg\u00e4sten in Streit geraten war.  Im Gep\u00e4ck hatte er zwei M\u00e4nner im Alter von 54 und 58 Jahren. Zun\u00e4chst  gingen die Polizeibeamten davon aus: Hier will bestimmt jemand die Zeche  prellen. Aber weit gefehlt. Tats\u00e4chlich weigerten sich die Fahrg\u00e4ste  partout, ihr Ziel zu nennen. Da die Sache in so einem Falle nun mal  einfach ist &#8211; ohne Ziel keine Taxifahrt &#8211; konnten die Beamten den Streit  schnell l\u00f6sen. Sie schickten die beiden los, zu Fu\u00df ihren Weg zu  finden. Um welches Ziel es sich schlie\u00dflich handelte, blieb unklar. <\/p>\n\n\n\n<h4 class=\"wp-block-heading\">(Ludwigshafen) &#8211; T\u00f6tungsdelikt in Ludwigshafen<\/h4>\n\n\n\n<p><strong>Gemeinsame Pressemitteilung von Staatsanwaltschaft Frankenthal und Polizeipr\u00e4sidium Rheinpfalz <\/strong><\/p>\n\n\n\n<p>Am\n Mittwochnachmittag, 20.11.2019, entdeckte die Polizei in einer Wohnung \nin der Kurf\u00fcrstenstra\u00dfe in Ludwigshafen eine m\u00e4nnliche Leiche. Aufgrund \nder Gesamtumst\u00e4nde ist davon auszugehen, dass der 42-j\u00e4hrige Bewohner \nOpfer eines T\u00f6tungsdeliktes wurde. Die Staatsanwaltschaft Frankenthal \nund die Kriminalpolizei Ludwigshafen haben die Ermittlungen aufgenommen.\n <\/p>\n\n\n\n<p>Sachdienliche Hinweise nimmt die Kriminalpolizei Ludwigshafen unter der Telefonnummer 0621 963-2773 oder per E-Mail <a href=\"mailto:kiludwigshafen@polizei.rlp.de\">kiludwigshafen@polizei.rlp.de<\/a> entgegen. <\/p>\n\n\n\n<h4 class=\"wp-block-heading\">(Mannheim) &#8211; Brand in Hochhaus im Herzogenried<\/h4>\n\n\n\n<p>Am Dienstagmittag ist in einem 14-st\u00f6ckigen Hochhaus im Mannheimer  Stadtteil Herzogenried ein Feuer ausgebrochen. Der Brand konnte schnell  gel\u00f6scht werden. Elf Personen wurden leicht verletzt. <\/p>\n\n\n\n<p>Gegen 12:30\n Uhr ist das Feuer in einer Wohnung im 5. Obergeschoss ausgebrochen. \nDurch den Brand stieg auch Rauch in die dar\u00fcberliegenden Stockwerke auf,\n sodass die Bewohner von dort ins Freie gebracht werden mussten. Ob die \nWohnungen, deren T\u00fcren teilweise aufgebrochen wurden, nun noch bewohnbar\n sind, wird jetzt untersucht. <\/p>\n\n\n\n<p>Rund 50 Personen wurden aus dem \nGeb\u00e4ude ins Freie gebracht, wo sie aktuell vor Ort in Bussen der rnv \nversorgt werden. Es gibt 11 Verletzte, darunter sieben Kinder. Sie \nwerden vor Ort \u00e4rztlich betreut und mit Verdacht auf Rauchvergiftung \nuntersucht. In der Brandwohnung befanden sich zwar keine Menschen, \njedoch drei Katzen. Zwei von ihnen \u00fcberlebten das Feuer nicht, eine \ndritte wird nun vom Tierarzt untersucht. <\/p>\n\n\n\n<p>Vor Ort waren insgesamt \nrund 100 Einsatzkr\u00e4fte von Feuerwehr und Rettungsdienst, zudem Polizei, \nRettungsdienst, Notfallseelsorger und die Tierrettung. Die Brandursache \nist noch unklar. <\/p>\n\n\n\n<h4 class=\"wp-block-heading\">(Mannheim) &#8211; Weihnachtsbaum in Seniorenwohnanlage in Brand geraten, eine Person verletzt<\/h4>\n\n\n\n<p>Am ersten Adventsabend, gegen 23.30 Uhr, geriet ein im Treppenhaus  aufgestellter Weihnachtsbaum in einer Seniorenwohnanlage in der  Parsevalstra\u00dfe in Brand. Die Berufsfeuerwehr Mannheim brachte den  k\u00fcnstlichen Baum ins Freie, wo er gel\u00f6scht wurde. Die 32 Heimbewohner  konnten in ihren Zimmern bleiben. Ein 75-j\u00e4hriger Bewohner unternahm  zuvor einen L\u00f6schversuch und atmete hierbei Rauchgas ein. Er wurde zur  Untersuchung in ein Krankenhaus gebracht. Am Geb\u00e4ude entstand kein  Sachschaden. Das Polizeirevier Mannheim-Sandhofen hat die Ermittlungen  der Brandursache \u00fcbernommen. <\/p>\n\n\n\n<h4 class=\"wp-block-heading\">(Mannheim) &#8211; Falsche Handwerker verschaffen sich Zutritt zu Wohnungen, Zeugen gesucht und Tipps der Polizei<\/h4>\n\n\n\n<p>Bereits am Freitag gegen 15 Uhr verschaffte sich ein vermeintlicher  Wasserwerker Zutritt zu einer Wohnung in der Hochuferstra\u00dfe. Dort  besch\u00e4ftigte der &#8222;Handwerker&#8220; den \u00e4lteren Wohnungsinhaber und  verschaffte offenbar einem weiteren T\u00e4ter die M\u00f6glichkeit die Wohnung  des Seniors zu betreten. Dieser Mitt\u00e4ter durchsuchte die Wohnung und  entwendete 12 Herrenarmbanduhren, unbekannten Wertes. <\/p>\n\n\n\n<p><strong>Der angebliche Handwerker wurde wie folgt beschrieben: <\/strong><\/p>\n\n\n\n<ul><li>ca.  30 bis 35 Jahre<\/li><li>160 cm<\/li><li>korpulente Figur<\/li><li>schwarzer Vollbart<\/li><li>gebr\u00e4unter Teint<\/li><li>schwarz bekleidet<\/li><li>trug eine M\u00fctze<\/li><li>sprach gutes Deutsch mit Akzent<\/li><\/ul>\n\n\n\n<p>Zeugen oder Personen, die Hinweise auf den \noder die T\u00e4ter geben k\u00f6nnen, werden gebeten, sich beim Polizeirevier \nMannheim-Neckarstadt unter 0621 33010 zu melden. <\/p>\n\n\n\n<p>Am \nSamstagvormittag erhielt ein Senior aus dem Ida-Dehmel-Ring einen Anruf \nvon einem vermeintlichen Mitarbeiter einer Heizungsablesefirma, dass man\n bei ihm vorbei kommen werde um die Heizungsst\u00e4nde abzulesen. Ein \nkonkreter Termin wurde nicht vereinbart. <\/p>\n\n\n\n<p>In der Mittagszeit \nklingelte dann ein bislang unbekannter T\u00e4ter bei dem Senior und gab sich\n als Heizungsableser aus. Der Senior f\u00fchrte den Mann durch seine \nR\u00e4umlichkeiten, w\u00e4hrenddessen stand die Wohnungst\u00fcr offen, was offenbar \nein zweiter T\u00e4ter zum unbefugten Betreten der Wohnung nutzte. <\/p>\n\n\n\n<p>Als\n der vermeintliche Heizungsableser die Wohnung wieder verlassen hatte, \nbemerkte der Senior, dass Schr\u00e4nke durchst\u00f6bert wurden. <\/p>\n\n\n\n<p>Es wurden zwei Aktenkoffer mit alten Papieren und Unterlagen entwendet. <\/p>\n\n\n\n<p><strong>Der vermeintliche Heizungsableser wurde wie folgt beschrieben: <\/strong><\/p>\n\n\n\n<ul><li>Ca. 50 Jahre<\/li><li>170 cm<\/li><li>dunkle kurze Haare<\/li><li>st\u00e4mmige Figur<\/li><li>&#8222;Boxergesicht&#8220;<\/li><li>schwarze Jacke<\/li><li>dunkle Hose <\/li><\/ul>\n\n\n\n<p>Zeugen,\n die Hinweise auf den oder die T\u00e4ter geben k\u00f6nnen, werden gebeten, sich \nmit dem Polizeirevier Mannheim-K\u00e4fertal unter 0621 718490 in Verbindung \nzu setzen. <\/p>\n\n\n\n<p><strong><em>Die Polizei r\u00e4t dringend, die folgenden Ratschl\u00e4ge zu beherzigen: <\/em><\/strong><\/p>\n\n\n\n<ul><li>Seien Sie nicht vertrauensselig! <\/li><li>Hinterfragen Sie stets kritisch! <\/li><li>Vor allem lassen Sie keine Fremden in Ihre Wohnung! <\/li><li>Bewahren Sie nie mehr Geld als unbedingt n\u00f6tig in ihrer Wohnung auf! <\/li><li>Nutzen Sie Ihre T\u00fcrsprechanlage! <\/li><li>Sollten Fremde an der Wohnungst\u00fcr klingeln, schauen Sie durch den T\u00fcrspion! <\/li><li>\u00d6ffnen Sie nur mit vorgelegter Sperrvorrichtung (Kette\/Riegel)! <\/li><li>Stehen Amtspersonen in Zivil vor der T\u00fcr: Lassen Sie sich Dienstausweise vorzeigen! <\/li><li>Lassen  Sie keine von Ihnen nicht bestellte Handwerker ins Haus oder die  Wohnung! Halten Sie telefonisch R\u00fccksprache mit der betreffenden Firma. <\/li><li>Rufen Sie im Zweifelsfall die Polizei! <\/li><li>Pr\u00e4gen Sie sich das Aussehen von Tatverd\u00e4chtigen oder T\u00e4tern ein! <\/li><\/ul>\n\n\n\n<p>Ausf\u00fchrlich  beraten werden Sie auch bei der Kriminalpolizeilichen Beratungsstelle  des Polizeipr\u00e4sidiums Mannheim in Mannheim unter 0621\/174-1212. <\/p>\n\n\n\n<h4 class=\"wp-block-heading\">(Mannheim-Innenstadt) &#8211; Pkw schleudert nach Zusammensto\u00df in Stra\u00dfenbahnhaltestelle \/ Eine Person schwer verletzt<\/h4>\n\n\n\n<p>Am Montagnachmittag ereignete sich ein Verkehrsunfall, bei dem ein  beteiligter Pkw nach dem Zusammensto\u00df in eine Stra\u00dfenbahnhaltestelle  schleuderte. <\/p>\n\n\n\n<p>Eine 24-j\u00e4hrige Frau war gegen 17.30 Uhr mit ihrem \nVW zwischen den Quadraten A1 und B1 in Richtung Kurpfalzstra\u00dfe \nunterwegs. An der Kreuzung bog sie schlie\u00dflich nach rechts in die \nKurpfalzstra\u00dfe in Fahrtrichtung Schloss ein. Dabei missachtete sie die \nVorfahrt eines 23-j\u00e4hrigen BMW-Fahrers, der die Kurpfalzstra\u00dfe in \nRichtung Schlo\u00df befuhr, und stie\u00df mit ihm zusammen. Hierdurch geriet der\n VW ins Schleudern und prallte links in die Verglasung des dortigen \nStra\u00dfenbahnhaltestellenbereichs. Dabei erfasste er eine 26-j\u00e4hrige \nwartende Passantin, die hierdurch auf die Gleise geschleudert wurde. \nDurch umherfliegende Tr\u00fcmmerteile wurde zuletzt eine in der Haltestelle \nwartende Stra\u00dfenbahn besch\u00e4digt. <\/p>\n\n\n\n<p>Die 26-J\u00e4hrige erlitt schwere \nVerletzungen und musste zur Behandlung in ein Krankenhaus eingeliefert \nwerden, wo sie station\u00e4r aufgenommen wurde. Auch die 24-j\u00e4hrige \nVW-Fahrerin erlitt leichte Verletzungen. <\/p>\n\n\n\n<p>Die beiden beteiligten \nPkw waren so stark besch\u00e4digt, dass sie abgeschleppt werden mussten. Der\n Sachschaden wird auf rund 20.000 Euro gesch\u00e4tzt. <\/p>\n\n\n\n<p>W\u00e4hrend der Unfallaufnahme war der Stra\u00dfenbahnverkehr zwischen Paradeplatz und Landgericht bis ca. 18.30 Uhr unterbrochen. <\/p>\n\n\n\n<h4 class=\"wp-block-heading\">(Mannheim-Innenstadt) &#8211; Exhibitionist, Kriminalpolizei sucht nach Zeugen!<\/h4>\n\n\n\n<p>Wegen eines Exhibitionisten ermitteln die Beamten des Kriminalkommissariats Mannheim. <\/p>\n\n\n\n<p>Am\n Sonntagabend, gegen 21:00 Uhr entbl\u00f6\u00dfte sich im Bereich des Stadthauses\n ein bislang Unbekannter vor zwei jungen Frauen. Der Mann trat hinter \neiner der massiven S\u00e4ulen im Bereich eines der Seiteneing\u00e4nge hervor und\n manipulierte dann an seinem Geschlechtsteil. Dabei suchte er bewusst \nden Blickkontakt zu den beiden 19 und 20 Jahre alten Frauen, die gerade \nim Begriff waren, ihr Auto zwischen N 1 und N 2 einzuparken. <\/p>\n\n\n\n<p>Diese  konnten folgende Personenbeschreibung abgeben: <\/p>\n\n\n\n<ul><li>45 bis 50 Jahre alt<\/li><li>170  bis 175cm gro\u00df<\/li><li>Bauchansatz<\/li><li>osteurop\u00e4ischer Ph\u00e4notyp<\/li><li>Der Mann hatte  eine schwarze Basecap auf dem Kopf und war mit einer dunklen Jacke,  einem beige-farbenen Pullover sowie einer Jeans bekleidet. <\/li><\/ul>\n\n\n\n<p>Zur Tatzeit h\u00e4tten mehrere Personen die Tat\u00f6rtlichkeit passiert und k\u00f6nnten auf den Mann aufmerksam geworden sein. <\/p>\n\n\n\n<p>Diese werden ebenso, wie eventuelle weitere Gesch\u00e4digte, gebeten, die Kriminalpolizei unter 0621\/174-4444 anzurufen. <\/p>\n\n\n\n<h4 class=\"wp-block-heading\">(Mannheim-Oststadt) &#8211; Verkehrsunfall mit betrunkenem Rollerfahrer<\/h4>\n\n\n\n<p>Unter Alkoholeinfluss verursachte am Montagabend ein 33-j\u00e4hriger  Rollerfahrer im Stadtteil Oststadt einen Verkehrsunfall. Der Mann war  mit seinem Leichtkraftroller auf der Collinistra\u00dfe in Richtung  Theresien-Krankenhaus unterwegs. An der Einm\u00fcndung zur Renzstra\u00dfe fuhr  er ungebremst weiter geradeaus, \u00fcberquerte die stadteinw\u00e4rts f\u00fchrende  Fahrbahn der Renzstra\u00dfe, fuhr anschlie\u00dfend quer \u00fcber das Gleisbett der  Stra\u00dfenbahn und \u00fcberquerte anschlie\u00dfend die stadtausw\u00e4rtsf\u00fchrende  Fahrbahn der Renzstra\u00dfe, bevor er \u00fcber den Bordstein der Verkehrsinsel  am Rechtsabbiegerspur in die Bassermannstra\u00dfe fuhr. Dadurch verlor er  die Kontrolle \u00fcber seinen Roller und st\u00fcrzte auf die Fahrbahn der  Abbiegespur. Nachdem er sich wieder aufgerappelt hatte, fl\u00fcchtete er  unter Zur\u00fccklassung seines Rollers von der Unfallstelle. Er konnte wenig  sp\u00e4ter am Joseph-Braun-Ufer beim Einsteigen in ein Taxi festgenommen  werden. Die Beamten bemerkten gleich starken Alkoholgeruch im Atem des  Mannes. Ein Alkoholtest ergab einen Wert von fast zwei Promille. Ihm  wurde eine Blutprobe entnommen. <\/p>\n\n\n\n<p>Bei dem Unfall hatte sich der \n33-J\u00e4hrige Verletzungen zugezogen und wurde zur Behandlung in ein \nKrankenhaus eingeliefert. Sein Roller war so stark besch\u00e4digt, dass er \nabgeschleppt werden musste. Der Sachschaden wird auf rund 8.000 Euro \ngesch\u00e4tzt. <\/p>\n\n\n\n<p>Gegen den Mann wird nun wegen \nStra\u00dfenverkehrsgef\u00e4hrdung und des Verdachts der Unfallflucht ermittelt. \nSein F\u00fchrerschein wurde einbehalten. <\/p>\n\n\n\n<h4 class=\"wp-block-heading\">(Mannheim-Oststadt) &#8211; Unsittlich zur Schau gestellt, Zeugenhinweise erbeten!<\/h4>\n\n\n\n<p>Auf einen Exhibitionisten traf am sp\u00e4ten Sonntagabend eine 59-j\u00e4hrige Frau im Bereich des Collini-Centers. <\/p>\n\n\n\n<p>Die\n Frau war gegen 23:30 Uhr mit ihrem Hund unterwegs, um Gassi zu gehen, \nals sie am Treppenaufgang zu dem Hochhauskomplex von einem bis dahin \nUnbekannten angesprochen wurde. Der Mann stellte sich der Gesch\u00e4digten \nmit entbl\u00f6\u00dftem Glied unsittlich zur Schau. Auch als die Frau die \nStra\u00dfenseite wechselte, folgte ihr der Exhibitionist und sprang \nunvermittelt hinter einem Automaten hervor, um sich erneut vor ihr in \nSzene zu setzen. <\/p>\n\n\n\n<p>Ein Sicherheitsmitarbeiter, den die Gesch\u00e4digte \nnach den Vorf\u00e4llen angesprochen hatte, hielt den 34-j\u00e4hrigen bis zum \nEintreffen der Polizei fest. <\/p>\n\n\n\n<p>Personenbeschreibung: <\/p>\n\n\n\n<ul><li>Altersgem\u00e4\u00dfes Aussehen<\/li><li>170cm gro\u00df<\/li><li>schlank<\/li><li>Dreitagebart<\/li><li>nordafrikanischer Ph\u00e4notyp<\/li><li> kurzrasierter Haarkranz <\/li><\/ul>\n\n\n\n<p>Die Polizei sucht nun nach weiteren  Gesch\u00e4digten. Diese k\u00f6nnen die Kriminalpolizei unter 0621\/174-4444  erreichen und ihre Wahrnehmungen mitteilen. <\/p>\n\n\n\n<h4 class=\"wp-block-heading\">(Mannheim-Schwetzingerstadt) &#8211; Van st\u00f6\u00dft gegen Stra\u00dfenbahn, 10.000 Euro Sachschaden<\/h4>\n\n\n\n<p>Am Dienstag kurz nach 11 Uhr befuhr ein 42-j\u00e4hriger Fahrer eines Mercedes Vito die Schwetzinger Stra\u00dfe in Richtung Neckarau. <\/p>\n\n\n\n<p>Nach\n bisherigen Kenntnisstand bog der 42-J\u00e4hrige mit seinem Vito an der \nKreuzung Schwetzinger Stra\u00dfe\/ Viehhofstra\u00dfe verbotswidrig nach links in \nRichtung Viehhofstra\u00dfe ab und kollidierte hierbei mit einer in Richtung \nNeckarau fahrenden Stra\u00dfenbahn. <\/p>\n\n\n\n<p>Es entstand ein Gesamtschaden von 10.000 Euro. <\/p>\n\n\n\n<p>Nach\n dem Unfall, der Unfallaufnahme und der R\u00e4umung der Unfallstelle kam es \nzu Verkehrsbehinderungen, der Stra\u00dfenbahnverkehr war knapp eine Stunde \ngest\u00f6rt. <\/p>\n\n\n\n<p>Verletzt wurde bei dem Unfall niemand. <\/p>\n\n\n\n<h4 class=\"wp-block-heading\">(Mannheim-Schwetzingerstadt) &#8211; M\u00fclltonne geriet in Brand \/ Wer kann Hinweise geben?<\/h4>\n\n\n\n<p>Ein bislang unbekannter T\u00e4ter z\u00fcndete auf nicht bekannte Art und Weise  am fr\u00fchen Montag, gegen 2:20 Uhr, in der M\u00f6hlstra\u00dfe eine Papiertonne an,  die nahezu komplett niederbrannte. Noch bevor die Feuerwehr vor Ort  eintraf, griff ein aufmerksamer Zeuge in das Geschehen ein und versuchte  den Brand zu l\u00f6schen. Die hinzueilenden Wehrm\u00e4nner hatten das Feuer  dann schlie\u00dflich im Griff und konnten den Brand endg\u00fcltig l\u00f6schen. Durch  die Flammen wurde nicht nur die M\u00fclltonne, sondern auch eine  angrenzende Hauswand sowie ein Stromkasten in Mitleidenschaft gezogen.  Die H\u00f6he des Schadens kann derzeit nicht beziffert werden. <\/p>\n\n\n\n<p>Zeugen,\n die verd\u00e4chtige Beobachtungen gemacht haben, werden gebeten, sich mit \ndem Polizeiposten Mannheim-Schwetzingerstadt unter Tel.: 0621\/441125 \noder dem Polizeirevier Mannheim-Oststadt unter Tel.: 0621\/174-3310 in \nVerbindung zu setzen. <\/p>\n\n\n\n<h4 class=\"wp-block-heading\">(Mannheim-Wohlgelegen) &#8211; Ger\u00e4te aus Baucontainer gestohlen \/ Wer hat Verd\u00e4chtiges beobachtet?<\/h4>\n\n\n\n<p>Im Zeitraum von Samstag, 30.11., 14 Uhr bis Montag, 5:45 Uhr, brachen  bislang unbekannte T\u00e4ter in der Pappelallee zwei Baucontainer auf. Aus  den Containern stahlen sie mehrere Funkger\u00e4te, Baumaschinen und einen  Laptop. Die H\u00f6he des Diebstahl- und Sachschadens steht bislang nicht  fest. <\/p>\n\n\n\n<p>Zeugen, die Verd\u00e4chtiges beobachtet haben, werden gebeten,  sich mit dem Polizeirevier Mannheim-Neckarstadt unter Tel.: 0621\/3301-0  in Verbindung zu setzen. <\/p>\n\n\n\n<h4 class=\"wp-block-heading\">(Mannheim-Neckarstadt) &#8211; Polizei nimmt junge M\u00e4nner nach versuchtem Einbruch in Friseursalon fest<\/h4>\n\n\n\n<p>Beamte des Polizeireviers Mannheim-Neckarstadt nahmen am Samstagabend,  gegen 22:40 Uhr, zwei junge M\u00e4nner im Alter von 17 und 20 Jahren fest,  die in einen Friseursalon in der Laurentiusstra\u00dfe einbrechen wollten.  Zeugen hatten zuvor beobachtet, wie das Duo die Glasscheibe der  Eingangst\u00fcr einschlug und verst\u00e4ndigten die Polizei. Eine  Streifenwagenbesatzung stellte bei der Anfahrt zwei junge M\u00e4nner fest,  auf welche die Personenbeschreibung zutraf. Die beiden ergriffen sofort  die Flucht, konnten aber an der Ecke zur Mittelstra\u00dfe vorl\u00e4ufig  festgenommen werden. Die Tatverd\u00e4chtigen wurden mit zum Polizeirevier  genommen. Nach derzeitigem hatten sie nichts aus dem Salon gestohlen.  Dennoch entstand Sachschaden, der derzeit nicht beziffert werden kann.  Das Haus des Jugendrechts hat die weiteren Ermittlungen \u00fcbernommen. <\/p>\n\n\n\n<h4 class=\"wp-block-heading\">(Mannheim-Seckenheim) &#8211; Jugendliche setzten PKW mit Feuerwerksk\u00f6rper in Brand \/ Zeugen gesucht<\/h4>\n\n\n\n<p>Am Samstag, gegen 14:15 Uhr, wurden Polizei und Feuerwehr zu einem  Fahrzeugbrand auf einem Parkplatz in der Kehler Stra\u00dfe gerufen. Zeugen  teilten den Beamten mit, dass drei unbekannte Jugendliche mehrere  Feuerwerksk\u00f6rper angez\u00fcndet hatten und kurz darauf aus der Motorhaube  eines geparkten Fords Rauch aufstieg. Durch einen der Feuerwerksk\u00f6rper,  den die Unbekannten vermutlich in einen L\u00fcftungsschlitz des PKWs gelegt  hatten, gerieten im Motorraum Plastikteile in Brand. Die Feuerwehr  konnte das Feuer schnell l\u00f6schen, sodass ein \u00dcbergreifen auf den  Fahrzeuginnenraum verhindert werden konnte. Dennoch entstand Sachschaden  in H\u00f6he von ca. 1.000 Euro. Das Trio hatte sich in unbekannte Richtung  von der \u00d6rtlichkeit entfernt. Eine Personenbeschreibung liegt der  Polizei nicht vor. <\/p>\n\n\n\n<p>Zeugen, die Hinweise zu den unbekannten  Jugendlichen geben k\u00f6nnen, werden gebeten, sich beim Polizeirevier  Ladenburg unter Tel.: 06203\/9305-0 zu melden. <\/p>\n\n\n\n<h4 class=\"wp-block-heading\">(Mannheim-Neuostheim) &#8211; Polizei stoppt Autofahrerin ohne F\u00fchrerschein und mit 1 Promille intus<\/h4>\n\n\n\n<p>Beamte des Polizeireviers Mannheim-Oststadt stoppten am Montag, kurz  vor Mitternacht, im Rahmen einer Kontrollstelle in der Will-Sohl-Stra\u00dfe  eine 40-j\u00e4hrige Autofahrerin, die ohne F\u00fchrerschein und mit ca. 1  Promille unterwegs war. W\u00e4hrend des Kontrollgespr\u00e4chs bemerkten die  Beamten sofort Alkoholgeruch, weshalb mit der Seat-Fahrerin ein  Alkoholtest durchgef\u00fchrt wurde. Nachdem dieser einen Wert von ca. 1  Promille ergab, wurde sie zu einer Blutentnahme mit zum Polizeirevier  genommen. Die Frau ist zudem nicht im Besitz einer g\u00fcltigen  Fahrerlaubnis. Gegen sie wird nun wegen Trunkenheit im Stra\u00dfenverkehr  und Fahren ohne Fahrerlaubnis ermittelt. <\/p>\n\n\n\n<h4 class=\"wp-block-heading\">(Mannheim-Vogelstang) &#8211; Unbekannte bespr\u00fchen Boden an Haltestelle mit Graffiti \/ Zeugen gesucht!<\/h4>\n\n\n\n<p>Im Zeitraum von Samstag, 23.11., bis Mittwochmittag, 27.11., bespr\u00fchten  bislang unbekannte T\u00e4ter an der Haltestelle &#8222;Vogelstang West&#8220; in  Fahrtrichtung Mannheim-Vogelstang den Boden mit diversen &#8222;Tags&#8220; und  Schriftz\u00fcgen in roter Farbe. Dabei verursachten sie Sachschaden, der  bislang nicht n\u00e4her beziffert werden kann. <\/p>\n\n\n\n<p>Die Polizei sucht nun  Zeugen, die verd\u00e4chtige Beobachtungen gemacht haben und Hinweise zu den  T\u00e4tern geben k\u00f6nnen. Diese werden gebeten, sich beim Kriminaldauerdienst  unter Tel.: 0621\/174-4444 zu melden. <\/p>\n\n\n\n<h4 class=\"wp-block-heading\">(Mannheim-K\u00e4fertal) &#8211; Unfall infolge Vorfahrtsmissachtung \/ Ca. 25.000 Euro Sachschaden<\/h4>\n\n\n\n<p>Am Montag, gegen 9:50 Uhr, kam es in der Weinheimer Stra\u00dfe\/Ecke  Saarbr\u00fccker Stra\u00dfe zu einem Verkehrsunfall, bei dem Sachschaden in H\u00f6he  von ca. 25.000 Euro entstand. Ein 52-j\u00e4hriger Renault-Fahrer war von der  Saarbr\u00fccker Stra\u00dfe in die Weinheimer Stra\u00dfe abgebogen und hatte dabei  einem 40-j\u00e4hrigen Audi-Fahrer die Vorfahrt genommen. Es kam zum  Zusammensto\u00df, wobei beide Fahrzeuge erheblich besch\u00e4digt wurden.  Verletzt wurde aber gl\u00fccklicherweise niemand. <\/p>\n\n\n\n<h4 class=\"wp-block-heading\">(Mannheim-K\u00e4fertal) &#8211; Einbruch in D\u00f6ner-Imbiss \/ Zeugen gesucht!<\/h4>\n\n\n\n<p>Am fr\u00fchen Montag, gegen 2:50 Uhr, drang ein bislang unbekannter T\u00e4ter  in die R\u00e4umlichkeiten eines D\u00f6ner-Imbisses in der Mannheimer Stra\u00dfe ein.  Eine Sicherheitsfirma hatte den Einbruch der Polizei gemeldet. Als die  Beamten vor Ort eintrafen, war der Einbrecher allerdings schon  gefl\u00fcchtet. Der Unbekannte hatte im r\u00fcckw\u00e4rtigen Bereich des Geb\u00e4udes  gewaltsam ein Fenster aufgehebelt und war \u00fcber dieses in die  R\u00e4umlichkeiten gelangt. Ob etwas gestohlen wurde, steht bislang nicht  fest. <\/p>\n\n\n\n<p>Zeugen, die verd\u00e4chtige Beobachtungen gemacht haben, werden  gebeten, sich mit dem Polizeirevier Mannheim-K\u00e4fertal unter Tel.:  0621\/71849-0 in Verbindung zu setzen. <\/p>\n\n\n\n<h4 class=\"wp-block-heading\">(Rhein-Neckar-Kreis) &#8211; Vermehrt Anrufe von Telefonbetr\u00fcgern \/ Tipps der Polizei<\/h4>\n\n\n\n<p>In Mannheim, Weinheim, Hirschberg-Leutershausen und St. Leon-Rot  erhielten vier B\u00fcrgerinnen und B\u00fcrger im Laufe des Montags Anrufe von  Telefonbetr\u00fcgern. <\/p>\n\n\n\n<p>Au\u00dfer in einem Fall gaben sich die Anrufer \njeweils als Polizeibeamte aus und gaukelten den Angerufenen vor, dass \nman Personen festgenommen und bei diesen die Daten der Gesch\u00e4digten \naufgefunden habe. Da ein Einbruch geplant sei, erkundigte sich der \nvermeintliche Polizeibeamte nach Bargeld und Wertgegenst\u00e4nden. Die \nGesch\u00e4digten verhielten sich jedoch genau richtig und gaben keine \nInformationen preis, woraufhin die Telefonate beendet wurden. <\/p>\n\n\n\n<p>In \nSt. Leon-Rot kontaktierte ein vermeintlicher Mitarbeiter eines \nNetzbetreibers einen 32-j\u00e4hrigen Mann und forderte von diesem seinen \nZ\u00e4hlerstand sowie die Z\u00e4hlernummer. Da dem Gesch\u00e4digten dies seltsam \nvorkam, beendete er das Gespr\u00e4ch und erkundigte sich direkt bei seinem \nNetzbetreiber. Dort versicherte man ihm, dass in der Art keine Anfragen \nerfolgen. Der unbekannte Anrufer versuchte vermutlich mit dieser Masche \nan Informationen zu gelangen. <\/p>\n\n\n\n<p><strong><em>Die Polizei r\u00e4t, folgende Tipps zu beherzigen: <\/em><\/strong><\/p>\n\n\n\n<ul><li>Die Polizei ruft Sie niemals unter der Polizeinotruf-Nummer 110 an. Das tun nur Betr\u00fcger! <\/li><li>Sind Sie sich unsicher, w\u00e4hlen Sie die Nummer 110. Benutzen Sie dabei aber nicht die R\u00fcckruftaste, da Sie sonst wieder bei den Betr\u00fcgern landen. <\/li><li>Sprechen Sie am Telefon nie \u00fcber Ihre pers\u00f6nlichen und finanziellen Verh\u00e4ltnisse. <\/li><li>Nennen Sie am Telefon nie Namen oder machen Angaben zu ihrem       Verm\u00f6gen! <\/li><li>Halten sie nach einem Anruf, bei dem es um finanzielle Forderungen ging, in jedem Fall R\u00fccksprache mit ihrer Familie. <\/li><\/ul>\n\n\n\n<h4 class=\"wp-block-heading\">(Heidelberg) &#8211; Verleihung Heidelberger Pr\u00e4ventionspreis 2019 \/ &#8222;Mit digitalen Medien kompetent und sicher umgehen&#8220;.<\/h4>\n\n\n\n<div class=\"wp-block-image\"><figure class=\"aligncenter\"><img decoding=\"async\" loading=\"lazy\" width=\"800\" height=\"533\" src=\"https:\/\/speyer24news.com\/wp-content\/uploads\/2019\/12\/Pr\u00e4ventionspreis_HD_2019.jpg\" alt=\"\" class=\"wp-image-22609\" srcset=\"https:\/\/speyer24news.com\/wp-content\/uploads\/2019\/12\/Pr\u00e4ventionspreis_HD_2019.jpg 800w, https:\/\/speyer24news.com\/wp-content\/uploads\/2019\/12\/Pr\u00e4ventionspreis_HD_2019-300x200.jpg 300w, https:\/\/speyer24news.com\/wp-content\/uploads\/2019\/12\/Pr\u00e4ventionspreis_HD_2019-768x512.jpg 768w\" sizes=\"(max-width: 800px) 100vw, 800px\" \/><figcaption>Bild: PP Mannheim\nVerleihung Heidelberger Pr\u00e4ventionspreis 2019<\/figcaption><\/figure><\/div>\n\n\n\n<p>Beeindruckt von der Qualit\u00e4t der diesj\u00e4hrigen Bewerbungen zeigten sich  die rund 70 G\u00e4ste im sch\u00f6nen Spiegelsaal des Palais Prinz Carl bei der  diesj\u00e4hrigen Verleihung des Heidelberger Pr\u00e4ventionspreises. Der Preis,  der seit 2009 vom Verein Sicheres Heidelberg e.V. ausgeschrieben wird,  steht unter dem wiederkehrenden Motto &#8222;Heidelberg macht Mut!&#8220; und hatte  in diesem Jahr das Thema &#8222;Mit digitalen Medien kompetent und sicher  umgehen&#8220;. <\/p>\n\n\n\n<p>Der 1. Preis ging an das Mediennetzwerk \nRhein-Neckar\/Heidelberg f\u00fcr das Projekt &#8222;Kriminalpr\u00e4vention und \nMedienp\u00e4dagogik Hand in Hand&#8220;. Das Netzwerk gr\u00fcndete sich bereits im \nJahr 2007 mit dem Grundgedanken, P\u00e4dagogik und Kriminalpr\u00e4vention eng zu\n verzahnen. Die Referenten Anja Kegler und G\u00fcnther Bubenitschek setzen \nauf Information und Projektarbeit mit Sch\u00fclerinnen und Sch\u00fclern, \nLehrkr\u00e4ften und Eltern. <\/p>\n\n\n\n<p>Dr. h.c. Manfred Lautenschl\u00e4ger hob in \nseiner Laudatio hervor, wie sinnvoll dieses Engagement angesichts der \nzunehmenden Digitalisierung in der Gesellschaft ist. Dabei stellte er \ndas Alleinstellungsmerkmal in der Kombination von P\u00e4dagogik und der \nPolizei in den Vordergrund, das auch von der Aktion Jugendschutz \nBaden-W\u00fcrttemberg getragen wird. Das Projekt, das bereits \nwissenschaftlich untersucht und f\u00fcr wirksam befunden worden ist, \nentwickelt sich kontinuierlich weiter. So werden bereits Workshops f\u00fcr \nKinder im Grundschulalter angeboten, die das Thema Digitalit\u00e4t mit \nanalogen Inhalten f\u00fcr die Kinder verkn\u00fcpfen. \u00dcber das Basteln eines \nsogenannten Lap-Books, das die Kinder mit nach Hause nehmen und mit \nihren Eltern besprechen, erhalten sie spielerisch Hinweise zum Erstellen\n eines sicheren Passwortes und zum Schutz ihrer Privatsph\u00e4re im Netz. \nDas durchdachte und gut im Netz-werk verankerte Projekt erhielt deshalb \nzu Recht den 1. Preis, der mit einem Preisgeld von 1000 Euro bedacht \nwurde. <\/p>\n\n\n\n<p>Der 2. Preis und 500 Euro gingen an die Bilinguale \nGrundschule der F+U Heidelberg f\u00fcr das Projekt &#8222;Digitale Medien? Ja, \nsicher!&#8220;. In den 3. und 4. Klassen werden die Grundschulkinder mit \nUnterst\u00fctzung einer Medienp\u00e4dagogin an den Umgang mit digitalen Medien \nherangef\u00fchrt. Laudator Polizeipr\u00e4sident Andreas Stenger war vor allem \nvon der Nachhaltigkeit des Projekts \u00fcberzeugt, das sich in drei S\u00e4ulen \naufteilt: Internetsuche, sicher mit dem Smartphone und den Einsatz von \nMedientechniken beim Gestalten und Pr\u00e4sentieren. Die positive \nHerangehensweise und die Einbindung von Eltern und Polizei in das \nAngebot rundeten den guten Gesamteindruck ab. \u00dcber die Auszeichnung \nfreuten sich die verantwortliche Lehrkraft Christine J\u00e4ger und die \nVertreter der Schulleitung. <\/p>\n\n\n\n<p>\u00dcber 50 Jugendvereine, -verb\u00e4nde und \n-gruppen repr\u00e4sentiert der Stadtjugendring Heidelberg. Mit dem Projekt \n&#8222;Code Breakers&#8220; hatte er sich um den Heidelberger Pr\u00e4ventionspreis \nbeworben und damit in diesem Jahr den 3. Platz belegt. Isabel Arendt vom\n Amt f\u00fcr Schule und Bildung \u00fcberreichte den Preis und ging dabei auf den\n spielerischen Ansatz ein, den das Projekt f\u00fcr Sch\u00fclerinnen und Sch\u00fcler \nab der Jahrgangsstufe 9 bereith\u00e4lt. Es gilt, in einem verschlossenen \nRaum einen Code zu knacken, um eine gro\u00dfe Bedrohung f\u00fcr die Menschheit \nabzuwehren. Dabei geht es vorrangig um Teamwork. Gemeinsam m\u00fcssen \nChancen und Risiken im Internet besprochen und ber\u00fccksichtigt werden. \nWelche Daten werden preisgegeben? Was wird ben\u00f6tigt, um den Algorithmus \nzu knacken? Der innovative Projektansatz mit Anleihen an die \n&#8222;Escape-Rooms&#8220; \u00fcberzeugte die Jury, den 3. Preis und 250 Euro Preisgeld \nan Steffen W\u00f6rner vom Stadtjugendring zu vergeben. <\/p>\n\n\n\n<p>Dass beim \nHeidelberger Pr\u00e4ventionspreis keine Bewerber leer ausgehen hat eine \nsch\u00f6ne Tradition. So erhielten alle weiteren Bewerber \nAnerkennungsurkunden f\u00fcr ihr Engagement aus den H\u00e4nden von \nOberb\u00fcrgermeister Prof. Dr. Eckart W\u00fcrzner. Die Anerkennungen gingen an \ndas Theaterduo Q-Rage f\u00fcr das Projekt &#8222;Total vernetzt &#8211; und alles \nklar?&#8220;, an die P\u00e4dagogische Hochschule Heidelberg f\u00fcr das Projekt \n&#8222;PROTECT &#8211; Professioneller Umgang mit technischen Medien&#8220; und an die \nStadtb\u00fccherei Heidelberg f\u00fcr das Projekt &#8222;App-solut clever&#8220;. <\/p>\n\n\n\n<p>In \nseinem Gru\u00dfwort zur Preisverleihung stellte Prof. Dr. Gerald Lembke von \nder Dualen Hochschule Mannheim dar, in welchen Zwickm\u00fchlen Eltern \nstecken, wenn das 10-j\u00e4hrige Kind ein Smartphone haben m\u00f6chte, um in der\n Schule nicht als Au\u00dfenseiter zu gelten. Dass dabei Eltern oftmals \n\u00fcberfordert sind, sei nachzuvollziehen. Lembke pl\u00e4dierte f\u00fcr einen \nkritischen Umgang mit digitalen Medien und stellte klar die \nVerantwortung von Eltern in den Vordergrund. Die Hinf\u00fchrung zu \nSmartphone und Co. ab einem Alter von 12 Jahren sei dabei durchaus eine \nRichtschnur f\u00fcr Erziehungsverantwortliche. <\/p>\n\n\n\n<p><strong><em>Hintergrundinformationen: <\/em><\/strong><\/p>\n\n\n\n<p>Die Jury 2019: <\/p>\n\n\n\n<p>Isabel Arendt, Amt f\u00fcr Schule und Bildung, Beisitzerin bei Sicheres Heidelberg e.V. <\/p>\n\n\n\n<p>Prof.\n Dr. Dieter D\u00f6lling, Leiter des Kriminologischen Instituts der \nUniversit\u00e4t Heidelberg, Beisitzer bei Sicheres Heidelberg e.V. <\/p>\n\n\n\n<p>Rainer Arens, Sparkasse Heidelberg, Schatzmeister bei Sicheres Heidelberg e.V. <\/p>\n\n\n\n<p>Stefan Klinga, Schulleiter der Johannes-Kepler-Realschule Heidelberg <\/p>\n\n\n\n<p>Alles rund um die bisherigen Preisverleihungen findet man unter <a rel=\"noreferrer noopener\" target=\"_blank\" href=\"http:\/\/www.sicherheid.de\">www.sicherheid.de<\/a>. <\/p>\n\n\n\n<h4 class=\"wp-block-heading\">(Heidelberg) &#8211; Gegen geparkten VW Golf gefahren und gefl\u00fcchtet<\/h4>\n\n\n\n<p>Vermutlich beim R\u00fcckw\u00e4rtsfahren aus einer Parkl\u00fccke heraus besch\u00e4digte  am Montag ein bislang nicht bekannter Autofahrer einen abgestellten VW  Golf und entfernte sich anschlie\u00dfend unerlaubt. Die Gesch\u00e4digte parkte  ihren Wagen zwischen 7.30 und 15.15 Uhr in der Breslauer Stra\u00dfe in H\u00f6he  des Anwesens Nr. 35 und hat nun einen Schaden von 2.000 Euro zu regeln.  Die Polizei ermittelt wegen Unfallflucht und bittet Zeugen, die Hinweise  auf den Fl\u00fcchtigen geben k\u00f6nnen, sich mit dem Polizeirevier  Heidelberg-S\u00fcd, Tel.: 06221\/3418-0, in Verbindung zu setzen. <\/p>\n\n\n\n<h4 class=\"wp-block-heading\">(Heidelberg) &#8211; Einbruch in der Mannheimer Stra\u00dfe<\/h4>\n\n\n\n<p>Am Montagmorgen kurz nach 8 Uhr stellte eine Bedienstete den Einbruch  in ein Seniorenzentrum in der Mannheimer Stra\u00dfe fest und alarmierte die  Polizei. \u00dcber das Wochenende hatten sich bislang Unbekannte auf  abschlie\u00dfend noch nicht gekl\u00e4rte Art und Weise Zugang zu den  B\u00fcror\u00e4umlichkeiten verschafft und mehrere Schr\u00e4nke und einen  B\u00fcrocontainer ge\u00f6ffnet. Was letztlich aus den Beh\u00e4ltnissen gestohlen  wurde, bedarf aktuell der weiteren Ermittlungen, so dass auch noch keine  Angaben zur Schadensh\u00f6he get\u00e4tigt werden k\u00f6nnen. Als Einbruchszeit  kommt Samstagmorgen, 10 Uhr bis Montag, kurz nach 8 Uhr in Betracht.  Zeugen, die verd\u00e4chtige Beobachtungen gemacht haben und Hinweise geben  k\u00f6nnen, werden gebeten, sich mit dem Polizeiposten Wieblingen, Tel.:  06221\/830740, oder dem Polizeirevier Heidelberg-S\u00fcd, Tel.: 06221\/3418-0,  in Verbindung zu setzen. <\/p>\n\n\n\n<h4 class=\"wp-block-heading\">(Heidelberg) &#8211; Versuchter Einbruch in Altenheim \/ Hinweise an die Polizei<\/h4>\n\n\n\n<p>In der Zeit zwischen Sonntagabend, 19.30 Uhr und Montagfr\u00fch, kurz vor 6  Uhr machten sich bislang unbekannte T\u00e4ter an zwei Zugangst\u00fcren zum  Mathilde-Vogt-Haus in der Schwarzwaldstra\u00dfe im Heidelberger Stadtteil  Kirchheim zu schaffen. <\/p>\n\n\n\n<p>Durch Aufhebeln einer der T\u00fcren kamen die \nEinbrecher in das Objekt und \u00f6ffneten im UG mehrere unverschlossene \nSpinde. Nach ersten Erkenntnissen wurde hieraus nichts entwendet. \nAngaben zur Sachschadensh\u00f6he k\u00f6nnen aktuell noch nicht gemacht werden. <\/p>\n\n\n\n<p>Anhand\n ersten Ermittlungen d\u00fcrfte als T\u00e4ter ein ca. 20 &#8211; 25 Jahre alter Mann, \ns\u00fcdl\u00e4ndischen Aussehens, mit kurzen, schwarzen Haaren in Frage kommen. \nEr hatte einen Dreitagebart und trug eine dunkle Nike-Jacke, eine dunkle\n Jogginghose und f\u00fchrte einen dunklen Rucksack auf dem R\u00fccken mit. Zudem\n hielt er Handschuhe in seiner Hand. <\/p>\n\n\n\n<p>Zeugen, die zur fraglichen  Zeit verd\u00e4chtige Beobachtungen gemacht haben oder gar Hinweise zu der  beschriebenen Person geben k\u00f6nnen, werden gebeten, Kontakt mit dem  Polizeirevier Heidelberg-S\u00fcd, Tel.: 06221\/3418-0, aufzunehmen.<\/p>\n\n\n\n<h4 class=\"wp-block-heading\">(Heidelberg) &#8211; Instituteinbruch in der Heidelberger Altstadt<\/h4>\n\n\n\n<p>In die R\u00e4umlichkeiten eines Instituts in der Augustinergasse in der  Heidelberger Altstadt brachen zwischen Samstag und Montag auf derzeit  noch nicht gekl\u00e4rte Art und Weise unbekannte T\u00e4ter ein und durchsuchten  im Erdgeschoss verschiedene Beh\u00e4ltnisse. Ob hieraus etwas gestohlen  wurde, bedarf der weiteren \u00dcberpr\u00fcfungen. Am Montagmorgen bemerkte eine  Angestellte den Einbruch und verst\u00e4ndigte unverz\u00fcglich die Beamten des  Polizeireviers Heidelberg-Mitte. Zeugen, die zwischen Samstag und Montag  verd\u00e4chtige Beobachtungen in der Augustinergasse gemacht haben und  Hinweise geben k\u00f6nnen, melden sich bitte unter Tel.: 06221\/99-1700. <\/p>\n\n\n\n<h4 class=\"wp-block-heading\">(Heidelberg-Grenzhof) &#8211; Vermisste Elvira G. tot aufgefunden<\/h4>\n\n\n\n<p>Die seit Donnerstag vermisste Elvira G. wurde am Montagmorgen im Bereich des Grenzh\u00f6fer Wegs tot aufgefunden. <\/p>\n\n\n\n<p>Die  Kriminalpolizeidirektion Heidelberg ist momentan mit den Ermittlungen  zu den genauen Todesumst\u00e4nden befasst. Derzeit liegen der Polizei keine  Hinweise auf Fremdverschulden vor. <\/p>\n\n\n\n<h4 class=\"wp-block-heading\">(Oftersheim \/ Rhein-Neckar-Kreis) &#8211; Diebstahl aus Baucontainern, Zeugen gesucht<\/h4>\n\n\n\n<p>In der Zeit von Samstag, 13:00 Uhr bis Montag, 07:00 Uhr verschafften  sich Unbekannte in der Eichendorffstra\u00dfe Zugang zu einem Baucontainer  und entwendeten diverse Baumaschinen. <\/p>\n\n\n\n<p>Ein Mitarbeiter einer \nBaufirma hatte Samstagmittag noch versucht, den Baucontainer vor dem \nEindringen zu sichern. Hierzu hatte er einen zwei Tonnen schweren \nBetonstein vor die T\u00fcr gestellt. Als der Mitarbeiter am Montagmorgen zu \nder Baustelle zur\u00fcckkehrte, stellte er fest, dass die T\u00fcr des Containers\n verbogen und leicht ge\u00f6ffnet war. Die Einbrecher haben mehrere \nBaumaschinen im Wert von insgesamt ca. 10.000 Euro entwendet. <\/p>\n\n\n\n<p>Das\n Polizeirevier Schwetzingen \u00fcbernahm die Ermittlungen und bittet nun \nZeugen oder Personen, die verd\u00e4chtige Wahrnehmungen gemacht haben \nund\/oder Hinweise zu den T\u00e4tern geben k\u00f6nnen, sich unter 06202 288-0 zu \nmelden. <\/p>\n\n\n\n<h4 class=\"wp-block-heading\">(Ketsch \/ A 6 \/ Rhein-Neckar-Kreis) &#8211; R\u00fccksichtsloser Autofahrer verursacht Unfall und haut ab \/ Polizei sucht Zeugen<\/h4>\n\n\n\n<p>Ein r\u00fccksichtsloser Autofahrer verursachte am Samstagabend auf der A 5  bei Ketsch einen Verkehrsunfall und fuhr anschlie\u00dfend einfach weiter.  Ein 59-J\u00e4hriger war gegen 18 Uhr mit seinem BMW auf der linken Fahrspur  der A 6 in Richtung Mannheim unterwegs und \u00fcberholte zwischen den  Anschlussstellen Schwetzingen\/Hockenheim und Mannheim\/Schwetzingen einen  anderen Pkw. Als er gerade im Begriff war, wieder auf den rechten  Fahrstreifen zu wechseln, kam von hinten ein dunkler SUV mit hoher  Geschwindigkeit angefahren. Dieser fuhr dem 59-j\u00e4hrigen Mann sehr dicht  auf. Der Abstand soll nur noch rund f\u00fcnf Meter bei einer gefahrenen  Geschwindigkeit von 120 km\/h betragen haben. Zudem gab der unbekannte  SUV-Fahrer in der weiteren Folge Signale mit der Lichthupe. Hierdurch  wurde der BMW-Fahrer geblendet und erschrak, sodass er mit einer  ruckartigen Lenkbewegung sein Fahrzeug nach rechts zog und ins  Schleudern geriet. Dabei prallte er in die rechten Leitplanken. Der  SUV-Fahrer setzte seine Fahrt einfach fort. <\/p>\n\n\n\n<p>Bei dem SUV soll es sich nach Angabe des Gesch\u00e4digten um einen dunklen Porsche Cayenne gehandelt haben. <\/p>\n\n\n\n<p>Eine Fahndung nach dem fl\u00fcchtigen Fahrzeug verlief ergebnislos. <\/p>\n\n\n\n<p>Es entstand Sachschaden von rund 3.000 Euro. <\/p>\n\n\n\n<p>Zeugen,  die den Unfall beobachtet haben und sachdienliche Hinweise zum  Unfallverursacher geben k\u00f6nnen, werden gebeten, sich beim  Verkehrskommissariats Walldorf, Tel.: 06227-35826-0 zu melden. <\/p>\n\n\n\n<h4 class=\"wp-block-heading\">(Hockenheim \/ Rhein-Neckar-Kreis) &#8211; Drei weitere Diebst\u00e4hle aus geparkten BMW in Hockenheim \/ Besteht Tatzusammenhang ? Polizei ermittelt und sucht Zeugen<\/h4>\n\n\n\n<p>Wie bereits mit Pressemitteilung (02.12.) berichtet, schlugen  in der Nacht zum Montag Unbekannte die Scheibe eines 5-er BMW im  Binauer Weg ein und stahlen das festeingebaute Navigationsger\u00e4t.  Zwischenzeitlich meldeten sich noch drei weitere Gesch\u00e4digte bei der  Polizei. Auch die Scheiben ihrer BMW, die im Tannenweg und in der  Ernst-Brauch-Stra\u00dfe geparkt waren, schlugen in der Nacht zum Montag  bislang unbekannte T\u00e4ter ein und bauten Navigationsger\u00e4t samt  Bedieneinheit, Lenkrad samt Airbag sowie einen Monitor aus. <\/p>\n\n\n\n<p>Die Gesamtschadensh\u00f6he ist momentan noch nicht bekannt. <\/p>\n\n\n\n<p>Die\n Beamten der Kriminalpolizeidirektion Heidelberg schlie\u00dfen einen \nTatzusammenhang in den vier F\u00e4llen nicht aus. Die Ermittlungen dauern \nan. Zeugen, die in der Nacht zum Montag evtl. verd\u00e4chtige Beobachtungen \ngemacht haben, werden gebeten, sich unter Tel.: 0621\/174-4444 zu melden.\n <\/p>\n\n\n\n<h4 class=\"wp-block-heading\">(Hockenheim \/ Rhein-Neckar-Kreis) &#8211; Navigationsger\u00e4t aus BMW gestohlen \/ Hinweise an die Polizei<\/h4>\n\n\n\n<p>Die Scheibe eines im Binauer Weg in H\u00f6he des Anwesens Nr. 6  abgestellten schwarzen BMW 520d schlug in der Zeit zwischen Sonntag,  17.30 Uhr und Montagfr\u00fch, ca. 5 Uhr ein bislang unbekannter T\u00e4ter ein  und entwendete das fest eingebaute Navigationsger\u00e4t. Die H\u00f6he des  Gesamtschadens ist derzeit noch nicht bezifferbar. <\/p>\n\n\n\n<p>Die polizeilichen Ermittlungen dauern an. <\/p>\n\n\n\n<p>Zeugen,  die verd\u00e4chtige Beobachtungen gemacht haben, werden gebeten, sich mit  dem Polizeirevier Hockenheim, Tel.: 06205\/2860-0, oder der  Kriminalpolizeidirektion Heidelberg, Tel.: 0621\/174-4444, in Verbindung  zu setzen. <\/p>\n\n\n\n<h4 class=\"wp-block-heading\">(Wiesloch \/ Rhein-Neckar-Kreis) &#8211; Porsche st\u00f6\u00dft in Kurve mit zwei Fahrzeugen zusammen, 20.000 Euro Sachschaden<\/h4>\n\n\n\n<p>In den fr\u00fchen Dienstagmorgenstunden kam es gegen 00:50 Uhr in der  Baiertaler Stra\u00dfe in Wiesloch zu einem Verkehrsunfall mit drei  beteiligten Fahrzeugen. <\/p>\n\n\n\n<p>Die Ermittlungen des Polizeireviers \nWiesloch ergaben, dass ein 49-J\u00e4hriger stadtausw\u00e4rts fuhr und hierbei in\n einer Kurve seinen Porsche zu stark beschleunigte. Dadurch brach das \nHeck des Fahrzeuges aus und er verlor die Kontrolle \u00fcber sein Auto. \nAnschlie\u00dfend kam es zum Zusammensto\u00df mit einem geparkten Audi und einem \ngeparkten Anh\u00e4nger. <\/p>\n\n\n\n<p>Bislang bel\u00e4uft sich der Sachschaden an den  beiden Pkw auf ca. 20.000 Euro, die Ermittlungen zur Schadensh\u00f6he am  Anh\u00e4nger dauern noch an. Verletzt wurde niemand. <\/p>\n\n\n\n<h4 class=\"wp-block-heading\">(Mauer \/ Rhein-Neckar-Kreis) &#8211; VW Caddy besch\u00e4digt und gefl\u00fcchtet<\/h4>\n\n\n\n<p>Einen in der Beethovenstra\u00dfe in H\u00f6he des Anwesens Nr. 1 abgestellten VW  Caddy streifte in der Zeit zwischen Sonntag, 17 Uhr und Montagmorgen,  6.30 Uhr ein bislang nicht ermittelter Autofahrer vermutlich beim  Vorbeifahren. Trotz des Schadens von 4.000 Euro k\u00fcmmerte sich der  Verursacher nicht und setzte seine Fahrt einfach fort. Die Polizei  ermittelt wegen Verkehrsunfallflucht und bittet Zeugen, die evtl.  Hinweise auf den Fl\u00fcchtigen geben k\u00f6nnen, sich beim Polizeirevier  Neckargem\u00fcnd, Tel.: 06223\/9254-0, zu melden. <\/p>\n\n\n\n<h4 class=\"wp-block-heading\">(Meckesheim \/ Rhein-Neckar-Kreis) &#8211; Vermisstensuche nach Jugendlichem war erfolgreich<\/h4>\n\n\n\n<p>Am Montagabend gegen 19.00 Uhr geriet der 16-j\u00e4hrige mit seinen Elltern  in heftigen Streit, woraufhin er in das Haus verlie\u00df. Aufgrund der  Gesamtumst\u00e4nde konnte eine Gef\u00e4hrdung f\u00fcr den Jungen nicht  ausgeschlossen werden, weshalb die Polizei mit mehreren Streifen und  einem Hubschrauber nach ihm suchte. Dies f\u00fchrte schlie\u00dflich nach ca.  einer Stunde zum Erfolg. Er konnte wohlbehalten aufgefunden und  vor\u00fcbergehend in einer Jugendeinrichtung untergebracht werden. <\/p>\n\n\n\n<h4 class=\"wp-block-heading\">(Meckesheim \/ Rhein-Neckar-Kreis) &#8211; Einbruch in Einfamilienhaus \/ Wer hat verd\u00e4chtige Beobachtungen gemacht ? Hinweise an die Polizei<\/h4>\n\n\n\n<p>Eingebrochen wurde am Freitag in ein Einfamilienhaus in der  K\u00f6nigsberger Stra\u00dfe. Die T\u00e4ter nutzten die Abwesenheit der Hausbesitzer  zwischen 16 und 22 Uhr aus, hebelten ein Fenster brachial auf und  stiegen so in das Anwesen ein. Den im Keller befindlichen Tresor flexten  die Einbrecher auf und lie\u00dfen Bargeld in H\u00f6he von mehreren tausend Euro  mitgehen. Ob noch weitere Utensilien aus dem Objekt gestohlen wurden,  ist noch nicht abschlie\u00dfend gekl\u00e4rt. <\/p>\n\n\n\n<p>Zeugen bzw. Anwohner, die  zur fraglichen Zeit verd\u00e4chtige Beobachtungen gemacht haben, werden  gebeten, sich mit dem Polizeirevier Neckargem\u00fcnd, Tel.: 06223\/9254-0,  oder der Kriminalpolizeidirektion Heidelberg, Tel.: 0621\/174-4444 in  Verbindung zu setzen. <\/p>\n\n\n\n<h4 class=\"wp-block-heading\">(Eschelbronn \/ Rhein-Neckar-Kreis) &#8211; Nach Unfallflucht sucht die Polizei Zeugen<\/h4>\n\n\n\n<p>In der Nacht von Sonntag auf Montag kam es in der Zeit zwischen 21:30  Uhr und 09:50 Uhr zu einer Verkehrsunfallflucht in der Stra\u00dfe &#8222;Am  Seerain&#8220;. <\/p>\n\n\n\n<p>Ein bislang unbekannter Verkehrsteilnehmer kam aus \nRichtung Meckesheimer Stra\u00dfe und fuhr auf einen am Fahrbahnrand \ngeparkten VW auf. Aufgrund der Spurenlage gehen die Beamten des \nPolizeiposten Waibstadt davon aus, dass es sich bei dem \nVerursacher-Fahrzeug um ein Mountainbike handelte. An dem VW entstand \nein Sachschaden von 1500 Euro. <\/p>\n\n\n\n<p>Die Polizei bittet nun Zeugen oder  Personen, die verd\u00e4chtige Wahrnehmungen gemacht haben und\/oder Hinweise  zum Verursacher geben k\u00f6nnen, sich unter 07261 690-0 zu melden. <\/p>\n\n\n\n<h4 class=\"wp-block-heading\">(Sinsheim \/ Rhein-Neckar-Kreis) &#8211; In abgestellten Bus eingebrochen \/ Polizei sucht Zeugen<\/h4>\n\n\n\n<p>Am fr\u00fchen Sonntagmorgen brachen unbekannte T\u00e4ter in Sinsheim, in der  Ladestra\u00dfe, am Parkplatz beim Bahnhof, in einen abgestellten Bus ein.  Die Unbekannten versuchten zwischen 0.50 Uhr und 6.45 Uhr versuchten die  Unbekannten zun\u00e4chst die hintere T\u00fcr gewaltsam aufzudr\u00fccken. Als dies  misslang, schlugen die T\u00e4ter eine gr\u00f6\u00dfere Scheibe hinter der T\u00fcr ein,  jedoch gelang es ihnen auch auf diesem Wege nicht, in das Fahrzeug  einzudringen. Nach derzeitigem Erkenntnisstand wurde nichts entwendet.  Die H\u00f6he des Sachschadens l\u00e4sst sich derzeit nicht beziffern. <\/p>\n\n\n\n<p>Zeugen,  die verd\u00e4chtige Wahrnehmungen gemacht haben und sachdienliche Hinweise  zu den T\u00e4tern geben k\u00f6nnen, werden gebeten, sich beim Polizeirevier  Sinsheim, Tel.: 07261\/609-0 zu melden. <\/p>\n\n\n\n<h4 class=\"wp-block-heading\">(Sinsheim-Hoffenheim \/ Rhein-Neckar-Kreis) &#8211; F\u00fcnf Anrufe falscher Polizei-\/Kriminalbeamter am Montagvormittag im Bereich des Polizeireviers Sinsheim<\/h4>\n\n\n\n<p>Den \u00dcberfall auf eine Frau, einen festgenommenen wie auch einen noch  fl\u00fcchtigen T\u00e4ter gaukelten bislang unbekannte m\u00e4nnliche Anrufer f\u00fcnf  \u00e4lteren B\u00fcrgerinnen und B\u00fcrgern im Sinsheimer Stadtteil Hoffenheim am  Montagvormittag vor. In polnischer Sprache fanden die vermeintlichen  Polizei-\/Kriminalbeamten eine angebliche Notiz vor, dass die  Kontaktierten \u00fcber reichlich Bargeld und sonstige Wertgegenst\u00e4nde  verf\u00fcgen w\u00fcrden. Alle Angerufenen im Alter zwischen 60 und 81 Jahren  lie\u00dfen sich jedoch nicht weiter auf die Gespr\u00e4che ein und beendeten die  Telefonate. Zu einem Schaden kam es nicht. <\/p>\n\n\n\n<p><strong><em>Da es immer wieder zu solchen Anrufen kommt, gibt die Polizei folgende Ratschl\u00e4ge: <\/em><\/strong><\/p>\n\n\n\n<ul><li>Seien Sie nicht zu vertrauensselig, hinterfragen Sie kritisch ! <\/li><li>Geben Sie niemals Besitzverh\u00e4ltnisse\/Verm\u00f6gensverh\u00e4ltnisse preis ! <\/li><li>Verst\u00e4ndigen  Sie bei der Kontaktaufnahme von vermeintlichen Polizei-\/Kriminalbeamten  umgehend die &#8222;richtige&#8220; Polizei unter 110 ! <\/li><li>Wer Opfer eines falschen Polizeibeamten oder anderer Trickbetr\u00fcgereien geworden ist, sollte dies auf jeden Fall anzeigen. <\/li><li>Lassen Sie sich nicht unter Druck setzen. Legen Sie auf ! <\/li><\/ul>\n\n\n\n<h4 class=\"wp-block-heading\">(Eberbach \/ Rhein-Neckar-Kreis) &#8211; Verursacher entfernt sich unerlaubt \/ Hinweise an die Polizei<\/h4>\n\n\n\n<p>Wegen Verkehrsunfallflucht ermitteln die Beamten des Eberbacher  Polizeireviers. Zwischen Freitagmorgen und Samstagvormittag war die  Gesch\u00e4digte mit ihrem roten Renault Clio im Stadtgebiet unterwegs und  parkte auch an verschiedenen \u00d6rtlichkeiten. Demnach ist f\u00fcr sie auch  nicht ganz klar, in welchem Stra\u00dfenzug ihr Auto angefahren bzw.  besch\u00e4digt wurde. Der Verursacher fl\u00fcchtete unerlaubt. Sachschaden  d\u00fcrfte in H\u00f6he von rund 500 Euro entstanden sein. Zeugen, die Hinweise  auf den Verursacher geben k\u00f6nnen, werden gebeten, sich unter Tel.:  06271\/92100 zu melden. <\/p>\n\n\n\n<h4 class=\"wp-block-heading\">(Eberbach \/ Rhein-Neckar-Kreis) &#8211; Toyota Auris besch\u00e4digt \/ Verursacher fl\u00fcchtet<\/h4>\n\n\n\n<p>An verschiedenen \u00d6rtlichkeiten im Stadtgebiet parkte am Samstagmorgen  eine Eberbacherin ihren silbernen Toyota Auris. Als sie kurz nach 8 Uhr  wieder zu Hause war, bemerkte sie einen Schaden an der Sto\u00dfstange und  erstattete am Mittag Anzeige bei der Polizei. Nach ihren Angaben parkte  sie u.a. in der Friedrich-Ebert-Stra\u00dfe, Bahnhofstra\u00dfe, Neuer Markt sowie  auf dem Parkplatz des Krankenhauses. Bisherigen Sch\u00e4tzungen zufolge  d\u00fcrfte Schaden von mehreren hundert Euro entstanden sein. Zeugen, die  zwischen 7 und 8 Uhr am Samstagmorgen evtl. auf den Verursacher, der  sich unerlaubt entfernte, geben k\u00f6nnen, werden gebeten, Kontakt mit dem  Polizeirevier Eberbach, Tel.: 06271\/92100, aufzunehmen. <\/p>\n\n\n\n<h4 class=\"wp-block-heading\">(Eberbach \/ Rhein-Neckar-Kreis) &#8211; Sachbesch\u00e4digungen und Verw\u00fcstungen an der Neckaranlage, Polizei sucht Zeugen<\/h4>\n\n\n\n<p>Am Freitagabend gegen 21:45 Uhr meldete sich eine Zeugin beim  Polizeirevier Eberbach und teilte mit, dass eine Gruppe Jugendlicher im  Bereich der Neckaranlage Alkohol konsumieren w\u00fcrde. Vor Ort stellten die  Beamten etliche zerschlagene Bierflaschen, sowie eine besch\u00e4digte  Laterne fest. Die Suche nach den Jugendlichen an den umliegenden  \u00d6rtlichkeiten verlief ergebnislos. An der Laterne entstand ein  Sachschaden von 400 Euro. Die Polizei bittet nun Zeugen oder Personen,  die verd\u00e4chtige Wahrnehmungen gemacht haben oder Hinweise zu den  Jugendlichen geben k\u00f6nnen, um telefonische R\u00fccksprache unter 06271  9210-0. <\/p>\n\n\n\n<h4 class=\"wp-block-heading\">(Eberbach \/ Rhein-Neckar-Kreis) &#8211; Polizei ermittelt wegen Gef\u00e4hrdung des Stra\u00dfenverkehrs \/ Vorfall am  Freitagnachmittag auf dem Bahnhofsvorplatz &#8211; weitere Gesch\u00e4digte wie  auch Zeugen gesucht<\/h4>\n\n\n\n<p>Wegen Gef\u00e4hrdung des Stra\u00dfenverkehrs ermittelt seit Freitagnachmittag  die Eberbacher Polizei. Nach bisherigen Ermittlungen bzw. Angaben einer  Zeugin war ein Renault Clio-Fahrer gegen 15.30 Uhr mit \u00fcberh\u00f6hter  Geschwindigkeit von der Bahnhofstra\u00dfe kommend in den Bahnhofsvorplatz  eingefahren. Diesen passierte er, f\u00fchrte auf dem angrenzenden  Pendlerparkplatz ein riskantes Wendeman\u00f6ver durch und verlie\u00df die  \u00d6rtlichkeit im Anschluss wieder in Richtung Luisenstra\u00dfe. <\/p>\n\n\n\n<p>Ein \nPassant, der in Begleitung seines 3-j\u00e4hrigen Enkelkindes war, konnte \nsich gerade noch rechtzeitig in Sicherheit bringen. Bislang ist noch \nnicht bekannt, ob weitere Fu\u00dfg\u00e4nger oder Autofahrer durch den Renault \nClio-Fahrer gef\u00e4hrdet wurden. <\/p>\n\n\n\n<p>Diese werden daher gebeten, sich  mit den Beamten des \u00f6rtlichen Polizeireviers unter Tel.: 06271\/92100, in  Verbindung zu setzen. Ein Kennzeichen des blauen Wagens liegt der  Polizei vor; diesbez\u00fcglich dauern die \u00dcberpr\u00fcfungen noch an. <\/p>\n\n\n\n<h4 class=\"wp-block-heading\">(Wilhelmsfeld \/ Rhein-Neckar-Kreis) &#8211; Einbruch im Angelhofweg \/ Wer hat Beobachtungen gemacht ? Hinweise an die Polizei<\/h4>\n\n\n\n<p>\u00dcber das zur\u00fcckliegende Wochenende suchten bislang nicht ermittelte  T\u00e4ter ein Einfamilienhaus im Angelhofweg heim. \u00dcber die T\u00fcre des  Wintergartens verschafften sich die Einbrecher Zutritt und durchsuchten  das komplette Wohnanwesen. Was im Einzelnen gestohlen wurde, ist bislang  noch nicht bekannt und bedarf der weiteren \u00dcberpr\u00fcfungen. Die  Schadensh\u00f6he d\u00fcrfte sich auf mehrere 10.000 Euro belaufen. Tatzeit war  Freitagmittag bis Montagvormittag. Die Gesch\u00e4digten stellten den  Einbruch gegen 11 Uhr fest und verst\u00e4ndigten sofort die Polizei. Zeugen,  die zur fraglichen Zeit Verd\u00e4chtiges beobachtet haben, werden gebeten,  sich mit dem Polizeirevier Neckargem\u00fcnd, Tel.: 06223\/9254-0, oder der  Kriminalpolizeidirektion Heidelberg, Tel.: 0621\/174-4444, in Verbindung  zu setzen. <\/p>\n\n\n\n<h4 class=\"wp-block-heading\">(Edingen-Neckarhausen \/ Rhein-Neckar-Kreis) &#8211; 51-j\u00e4hriger Mann in Wohnung mit Messer bedroht und beraubt \/ Polizei sucht Zeugen<\/h4>\n\n\n\n<p>Opfer eines Raub\u00fcberfalls wurde am Montagmorgen gegen 9.30 Uhr ein  51-j\u00e4hriger Mann in einem Mehrfamilienhaus in der Fichtenstra\u00dfe. Unter  dem Vorwand Mitarbeiter eines Paketzustellers zu sein, verschafften sich  drei m\u00e4nnliche T\u00e4ter Zutritt in ein B\u00fcro im Untergeschoss. Der alleine  anwesende 51-j\u00e4hrige Mann wurde von einem T\u00e4ter mit einem Messer bedroht  und gezwungen einen Tresor zu \u00f6ffnen.  Die T\u00e4ter entwendeten daraus  Bargeld und Schmuck in bislang noch unbekanntem Wert. Anschlie\u00dfend  fesselten sie ihr Opfer und fl\u00fcchteten anschlie\u00dfend in unbekannter  Richtung. <\/p>\n\n\n\n<p>Das Opfer konnte sich erst nach einiger Zeit sp\u00e4ter selbst befreien und \u00fcber Notruf die Polizei verst\u00e4ndigen. <\/p>\n\n\n\n<p>Die T\u00e4ter konnten wie folgt beschrieben werden: <\/p>\n\n\n\n<ol><li>ca. 185 &#8211; 190 cm gro\u00df, athletische Figur, osteurop\u00e4ische Sprache,  bekleidet mit dunkelblauem Pullover, dunkelblauer Hose und hellbraunen  Schuhsohlen. Er trug eine grobgestrickte Sturmmaske und blaue  Einweghandschuhe. <\/li><li>ca. 185 &#8211; 190 cm gro\u00df, schlank, sprach  akzentfreies Deutsch. Er war bekleidet mit einer dunkelblauen Jacke mit  einem Aufdruck an beiden \u00c4rmeln, dunkler Hose und dunkle Schuhe. Auch er  trug bei der Tatausf\u00fchrung eine grobgestrickte Sturmmaske und blaue  Einweghandschuhe. <\/li><li>Von dem dritten Tatbeteiligten liegt keine Beschreibung vor. <\/li><\/ol>\n\n\n\n<p>Die weiteren Ermittlungen hat das Fachdezernat der Kriminalpolizeidirektion Heidelberg \u00fcbernommen. <\/p>\n\n\n\n<p>Zeugen,  die im fraglichen Zeitraum verd\u00e4chtige Personen oder ein verd\u00e4chtiges  Fahrzeug bemerkt haben, werden gebeten, sich unter Telefon 0621\/174-4444  bei der Kriminalpolizei zu melden. <\/p>\n\n\n\n<h4 class=\"wp-block-heading\">(Schriesheim \/ Rhein-Neckar-Kreis) &#8211; Auffahrunfall mit drei Autos \/ Alle Fahrer leicht verletzt &#8211; Branich-Tunnel w\u00e4hrend Unfallaufnahme und  Fahrbahnreinigung in Westrichtung gesperrt<\/h4>\n\n\n\n<p>Nach einem Verkehrsunfall am Dienstag gegen 7.15 Uhr zwischen dem  Westportal des Branich-Tunnels und der B 3, musste der Tunnel von  Altenbach in Richtung Schriesheim\/Ladenburg w\u00e4hrend der Unfallaufnahme  und Reinigungsarbeiten gesperrt werden. Der Verkehr wurde \u00fcber die  Talstra\u00dfe abgeleitet, um 9.40 Uhr konnte die Sperrung wieder aufgehoben  werden. Die Fahrerin eines Mercedes war vor einer Ampel auf einen  stehenden VW-Golf aufgefahren und hatte diesen auf einen davorstehenden  Peugeot geschoben. Alle drei Fahrer zogen sich leichte Verletzungen zu.  Die Mercedesfahrerin wurde zur ambulanten Behandlung mit einem  Rettungswagen in eine Klinik nach Weinheim gebracht, die beiden weiteren  Beteiligten suchten selbst\u00e4ndig einen Arzt auf. Der Gesamtsachschaden  bel\u00e4uft sich auf ca. 13.000 Euro, der Mercedes und der VW-Golf wurden  abgeschleppt. <\/p>\n\n\n\n<h4 class=\"wp-block-heading\">(Heddesheim \/ Rhein-Neckar-Kreis) &#8211; Fahrer eines 5er  BMW prallt frontal gegen geparkten BMW und entfernt sich \/ Autofahrer  und weitere Zeugen gesucht!<\/h4>\n\n\n\n<p>Erheblich besch\u00e4digt wurde am Sonntag, 01.12.2019 , gegen 22:15 Uhr, ein BMW  Z3, der ordnungsgem\u00e4\u00df in der Werderstra\u00dfe geparkt war. Ein Zeuge hatte  beobachtet, wie ein bislang unbekannter BMW-Fahrer in H\u00f6he des Anwesens  25 aus unbekannter Ursache nach links von der Stra\u00dfe abgekommen war und  am Fahrbahnrand frontal gegen den geparkten BMW prallte. Im Anschluss  setzte der Unbekannte seine Fahrt einfach fort, obwohl der PKW im  gesamten Frontbereich besch\u00e4digt worden war. Es ist lediglich bekannt,  dass der Verursacher eine dunkelfarbige BMW Limousine, vermutlich der  5er Baureihe fuhr. Der Unfall m\u00fcsste von einem nachfolgenden noch  unbekannten Autofahrer beobachtet worden sein. <\/p>\n\n\n\n<p>Die Polizei sucht  nun diesen Autofahrer und weitere Zeugen, die Hinweise zum Verursacher  geben k\u00f6nnen. Diese werden gebeten, sich mit dem Polizeirevier Ladenburg  unter Tel.: 06203\/9305-0 in Verbindung zu setzen. <\/p>\n\n\n\n<h4 class=\"wp-block-heading\">(Hirschberg \/ Rhein-Neckar-Kreis) &#8211; Einbruch in Reihenhaus, Zeugen gesucht<\/h4>\n\n\n\n<p>Am Sonntagmittag kam es in der Zeit zwischen 15:30 Uhr und 20:00 Uhr in Gro\u00dfsachsen zu einem Einbruch in der Lobdengaustra\u00dfe. <\/p>\n\n\n\n<p>Ein\n oder mehrere bislang unbekannte T\u00e4ter verschafften sich Zugang zu den \nR\u00e4umlichkeiten eines Reihenhauses. Nachdem sie zun\u00e4chst vergeblich \nversucht hatten eine Terrassent\u00fcre aufzuhebeln, gelang es ihnen ein im \nSouterrain gelegenes Fenster des Anwesens zu \u00f6ffnen. Der oder die T\u00e4ter \ndurchw\u00fchlten diverse Schr\u00e4nke und erbeuteten hierbei Schmuck, Uhren und \neine Geldkassette. Der genaue Sachschaden konnte bisher nicht ermittelt \nwerden. <\/p>\n\n\n\n<p>Nun hat die Ermittlungsgruppe Eigentum der  Kriminalpolizeidirektion Heidelberg die Ermittlungen \u00fcbernommen und  bittet Zeugen oder Personen, die verd\u00e4chtige Wahrnehmungen gemacht haben  oder Hinweise zu den T\u00e4tern geben k\u00f6nnen, sich unter 0621 174-4444 zu  melden. <\/p>\n\n\n\n<h4 class=\"wp-block-heading\">(Weinheim-Hohensachsen \/ Rhein-Neckar-Kreis) &#8211; Zwei Einbr\u00fcche in Hohensachsen, Polizei bittet Zeugen um Hinweise<\/h4>\n\n\n\n<p>Zu gleich zwei Einbr\u00fcchen kam es am Sonntagmittag im Ortsteil Hohensachsen. <\/p>\n\n\n\n<p>Einer\n ereignete sich in der Kaiserstra\u00dfe zwischen 11:45 Uhr und 20:45 Uhr. \nDort gelangten ein oder mehrere bislang unbekannte T\u00e4ter durch Aufhebeln\n der Terrassent\u00fcre in das Einfamilienhaus des Gesch\u00e4digten. Anschlie\u00dfend\n durchsuchte der oder die Unbekannten das gesamte Haus und fanden einen \nTresor. Dieser wurde vermutlich mit einer Flex ge\u00f6ffnet und darin \nbefindliche Gegenst\u00e4nde entnommen. Die H\u00f6he des Sachschadens ist noch \nnicht bekannt. <\/p>\n\n\n\n<p>Der zweite Fall ereignete sich zwischen 16:35 Uhr \nund 19:35 Uhr in der Stra\u00dfe Am Weiheracker. Hier verschafften sich die \nEinbrecher durch Aufhebeln eines Kellerfensters Zugang zu einem \nEinfamilienhaus. Vermutlich w\u00e4hrend die R\u00e4ume im Erd- und Untergeschoss \ndurchsucht wurden, kam ein Bewohner nach Hause, wodurch die weitere \nTatausf\u00fchrung gest\u00f6rt wurde. Trotzdem wurde hochwertiger Damenschmuck \nentwendet. Der Sachschaden konnte auch hier noch nicht genau beziffert \nwerden. <\/p>\n\n\n\n<p>Ob zwischen den beiden Taten ein Zusammenhang besteht, ist Gegenstand der weiteren Ermittlungen. <\/p>\n\n\n\n<p>Diese\n \u00fcbernahm die Ermittlungsgruppe Eigentum der Kriminalpolizeidirektion \nHeidelberg. Sie bittet Zeugen oder Personen, die verd\u00e4chtige \nWahrnehmungen gemacht haben oder Hinweise zu dem oder den T\u00e4tern geben \nk\u00f6nnen, um R\u00fcckruf unter 0621 174-4444. <\/p>\n","protected":false},"excerpt":{"rendered":"<div class=\"mh-excerpt\"><p>Polizeimeldungen vom Montag &amp; Dienstag (02.12. &#8211; 03.12.2019) (Speyer) &#8211; Streit um Mobiltelefon endet in wechselseitiger K\u00f6rperverletzung Am Montagabend wurde die Polizei Speyer durch den Sicherheitsdienst der Aufnahmeeinrichtung f\u00fcr Asylsuchende in der Spaldinger Stra\u00dfe \u00fcber <a class=\"mh-excerpt-more\" href=\"https:\/\/speyer24news.com\/?p=22603\" title=\"Polizei\">[&#8230;]<\/a><\/p>\n<\/div>","protected":false},"author":3,"featured_media":0,"comment_status":"open","ping_status":"open","sticky":false,"template":"","format":"standard","meta":{"_monsterinsights_skip_tracking":false,"_monsterinsights_sitenote_active":false,"_monsterinsights_sitenote_note":"","_monsterinsights_sitenote_category":0,"footnotes":""},"categories":[12],"tags":[3614,61,2555,63,105,53,1548,102,213,55,103,106,2803,2423,427,2625,380,62,104,979,1565],"aioseo_notices":[],"amp_enabled":true,"_links":{"self":[{"href":"https:\/\/speyer24news.com\/index.php?rest_route=\/wp\/v2\/posts\/22603"}],"collection":[{"href":"https:\/\/speyer24news.com\/index.php?rest_route=\/wp\/v2\/posts"}],"about":[{"href":"https:\/\/speyer24news.com\/index.php?rest_route=\/wp\/v2\/types\/post"}],"author":[{"embeddable":true,"href":"https:\/\/speyer24news.com\/index.php?rest_route=\/wp\/v2\/users\/3"}],"replies":[{"embeddable":true,"href":"https:\/\/speyer24news.com\/index.php?rest_route=%2Fwp%2Fv2%2Fcomments&post=22603"}],"version-history":[{"count":2,"href":"https:\/\/speyer24news.com\/index.php?rest_route=\/wp\/v2\/posts\/22603\/revisions"}],"predecessor-version":[{"id":22613,"href":"https:\/\/speyer24news.com\/index.php?rest_route=\/wp\/v2\/posts\/22603\/revisions\/22613"}],"wp:attachment":[{"href":"https:\/\/speyer24news.com\/index.php?rest_route=%2Fwp%2Fv2%2Fmedia&parent=22603"}],"wp:term":[{"taxonomy":"category","embeddable":true,"href":"https:\/\/speyer24news.com\/index.php?rest_route=%2Fwp%2Fv2%2Fcategories&post=22603"},{"taxonomy":"post_tag","embeddable":true,"href":"https:\/\/speyer24news.com\/index.php?rest_route=%2Fwp%2Fv2%2Ftags&post=22603"}],"curies":[{"name":"wp","href":"https:\/\/api.w.org\/{rel}","templated":true}]}}