{"id":22667,"date":"2019-12-04T12:55:35","date_gmt":"2019-12-04T11:55:35","guid":{"rendered":"https:\/\/speyer24news.com\/?p=22667"},"modified":"2019-12-04T12:55:37","modified_gmt":"2019-12-04T11:55:37","slug":"1-fc-08-hassloch-19","status":"publish","type":"post","link":"https:\/\/speyer24news.com\/?p=22667","title":{"rendered":"1. FC 08 Ha\u00dfloch"},"content":{"rendered":"<style type=\"text\/css\">\r\n\t.ads_top_disp{}\r\n\t.ads_top_corner_disp{ float:left; margin:0px 10px 10px 0px; }\r\n\t.ads_first_p_disp{}\r\n\t.ads_bottom_disp{}\r\n\t<\/style>\n<h2 class=\"wp-block-heading\"><strong>Neues vom\n08-Stammtisch Nr. 53<\/strong><\/h2>\n\n\n\n<h3 class=\"wp-block-heading\"><strong>Interview mit Klaus Steinm\u00fcller und Gerd Laque<\/strong><\/h3>\n\n\n\n<div class=\"wp-block-image\"><figure class=\"aligncenter\"><img decoding=\"async\" loading=\"lazy\" width=\"330\" height=\"185\" src=\"https:\/\/speyer24news.com\/wp-content\/uploads\/2019\/12\/08-er-Stammtisch.jpg\" alt=\"\" class=\"wp-image-22669\" srcset=\"https:\/\/speyer24news.com\/wp-content\/uploads\/2019\/12\/08-er-Stammtisch.jpg 330w, https:\/\/speyer24news.com\/wp-content\/uploads\/2019\/12\/08-er-Stammtisch-300x168.jpg 300w\" sizes=\"(max-width: 330px) 100vw, 330px\" \/><\/figure><\/div>\n\n\n\n<p><strong>Ha\u00dfloch &#8211;<\/strong> Die 53. Ausgabe der Sendereihe \u201eNeues vom 08-Stammtisch\u201c ist auf youtube.com sowie auf der Homepage des 1. FC 08 Ha\u00dfloch unter <a href=\"http:\/\/www.fc08hassloch.de\/\">www.fc08hassloch.de<\/a> zu sehen. Auch beim Offenen Kanal Weinstra\u00dfe wird der Film ausgestrahlt.<\/p>\n\n\n\n<p>In dieser Sendung interviewt Moderator Thomas Dill-Korter unter dem Motto \u201eGeschichte des 1. FC 08 Ha\u00dfloch\u201c zwei ehemalige verdiente Spieler der Schwarz-Wei\u00dfen: Klaus Steinm\u00fcller und Gerd Laque. Steinm\u00fcller spielte von 1971 bis 1977 bei den 08ern und war von 1983 bis 1984 dort Spielertrainer. Laque spielte von 1961 bis 1980 beim 1. FC 08 Ha\u00dfloch. Produziert wurde der Film von Peter Schallmeier, verantwortlich ist J\u00fcrgen Hurrle.<\/p>\n\n\n\n<p><em>1 FC 08 Ha\u00dfloch, jh<br>04.12.2019<\/em><\/p>\n\n\n\n<h2 class=\"wp-block-heading\"><strong>1.FC 08 Ha\u00dfloch gegen FC Lustadt 2:5<\/strong><\/h2>\n\n\n\n<h3 class=\"wp-block-heading\"><strong>Pleite vor der Winterpause<\/strong><\/h3>\n\n\n\n<div class=\"wp-block-image\"><figure class=\"aligncenter\"><img decoding=\"async\" loading=\"lazy\" width=\"800\" height=\"533\" src=\"https:\/\/speyer24news.com\/wp-content\/uploads\/2019\/12\/Foto-08-gegen-Lustadt.jpg\" alt=\"\" class=\"wp-image-22668\" srcset=\"https:\/\/speyer24news.com\/wp-content\/uploads\/2019\/12\/Foto-08-gegen-Lustadt.jpg 800w, https:\/\/speyer24news.com\/wp-content\/uploads\/2019\/12\/Foto-08-gegen-Lustadt-300x200.jpg 300w, https:\/\/speyer24news.com\/wp-content\/uploads\/2019\/12\/Foto-08-gegen-Lustadt-768x512.jpg 768w\" sizes=\"(max-width: 800px) 100vw, 800px\" \/><\/figure><\/div>\n\n\n\n<p><strong>Ha\u00dfloch &#8211;<\/strong> Nach  gutem Beginn und dem fr\u00fchen Tor durch Jonas Riesbeck (8. Minute) war  man im heimischen Stadion an der Adam\u2013Stegerwald-Stra\u00dfe guter Hoffnung  auf einen dreifachen Punktgewinn. Patrick Coenen vergab nach einem  sch\u00f6nen Zuspiel aus dem Mittelfeld das m\u00f6gliche 2:0. Sein Schuss ging  haarscharf am linken Pfosten vorbei. Nach dieser Chance aber gaben die  Ha\u00dflocher das Spiel immer mehr aus der Hand.\u00a0 Tillman Mohr\u00a0 verwandelte  in der 30. Minute einen Abpraller vom Pfosten zum 1:1 und Julian Lischer  nutzt eine Schlafm\u00fctzigkeit nach einem Freisto\u00df zum 1:2 (37. Minute).  Mit diesem Ergebnis wurden dann auch die Seiten gewechselt. <\/p>\n\n\n\n<p>Gleich\n nach Wiederbeginn konnte Jannis Faust nach Zuspiel von Patrick Coenen \nnur noch durch ein Foul gebremst werden. Den f\u00e4lligen Elfmeter \nverwandelte der gefoulte Spieler zum 2:2-Ausgleich. Damit aber hatten \ndie 08er an diesem Tage Ihr Pulver verschossen. Florin Dausch nutzte \neine Vorlage von rechts und schoss den Ball aus kurzer Entfernung ein.&nbsp; \nEin Eigentor eines 08-Spielers, der einen Ball so ungl\u00fccklich abwehrte, \ndass dieser \u00fcber Torwart Sebastian Kaiser hinweg flog, war die \nendg\u00fcltige Entscheidung in diesem Spiel. Der f\u00fcnfte Treffer durch den \neingewechselten Jonas Meier, bedeutete die zweith\u00f6chste Niederlage in \ndieser Spielrunde f\u00fcr die Brill Elf.&nbsp; Erw\u00e4hnenswert ist allerdings, dass\n die 08-Elf beim Schlusspfiff mit vier Spielern aus der letztj\u00e4hrigen A &#8211;\n Jugend Mannschaft auf dem Platz stand. <\/p>\n\n\n\n<p>Mit 26  Punkten und dem sechsten Platz in der Bezirksliga Vorderpfalz,  punktgleich mit dem Lokalrivalen VfB,\u00a0 geht die 08-Elf\u00a0 nun in die  Winterpause.<\/p>\n\n\n\n<p><em>1 FC 08 Ha\u00dfloch, hp \/ jh Foto: Maurice Zamora <br>04.12.2019<\/em><\/p>\n\n\n\n<h2 class=\"wp-block-heading\"><strong>Ha\u00dflocher A-Junioren verlieren beim Spitzenreiter<\/strong><\/h2>\n\n\n\n<h3 class=\"wp-block-heading\"><strong>Zwei grundverschiedene Halbzeiten<\/strong><\/h3>\n\n\n\n<p><strong>Frankenthal \/ Ha\u00dfloch &#8211;<\/strong> Zweimal  ging Fu\u00dfball-A-Junioren-Landesligist SG 1. FC 08\/VfB Ha\u00dfloch am  vergangenen Samstag im Ausw\u00e4rtsspiel bei Tabellenf\u00fchrer VfR Frankenthal  in F\u00fchrung, verlor aber aufgrund einer desolaten Vorstellung in der  zweiten H\u00e4lfte noch mit 2:6. &#8222;Mich hat das so sehr besch\u00e4ftigt, dass ich  in der Nacht auf Sonntag nicht schlafen konnte&#8220;, blickte SG-Trainer  Dennis Kindler auf das Wochenende zur\u00fcck.<\/p>\n\n\n\n<p>Die Ha\u00dflocher strotzten  nach f\u00fcnf Siegen in Folge vor Selbstbewusstsein und traten von Beginn an  so auf, als seien sie der Spitzenreiter und nicht die Gastgeber. Till  Willem gelang deshalb auch das verdiente 0:1 f\u00fcr die SG, die danach auch  gute M\u00f6glichkeiten zum 0:2\u00a0 hatte. &#8222;Leider fehlte uns in dieser Phase  vor dem gegnerischen Tor die Coolness&#8220;, bedauerte Kindler. Durch einen  Freisto\u00dftreffer aus 18 Metern kam Frankenthal zum 1:1-Ausgleich. Die  G\u00e4ste lie\u00dfen sich davon aber nicht irritieren und \u00fcberzeugten weiterhin  durch sch\u00f6nen Kombinationsfu\u00dfball. Erneut\u00a0 Willem war es dann, der mit  einem Fernschuss die 1:2-Halbzeitf\u00fchrung herstellte.<\/p>\n\n\n\n<p>&#8222;Nach dem  Anpfiff der zweiten H\u00e4lfte hatte ich den Eindruck, dass meine Jungs noch  in der Kabine sind. Wir kamen \u00fcberhaupt nicht mehr ins Spiel&#8220;, \u00e4rgerte  sich der SG-Coach. Innerhalb von 15 Minuten gelang es dem VfR, drei  Treffer zum 4:2 zu erzielen. Danach kontrollierte dieser das Spiel und  traf noch zweimal zum 6:2-Endstand. &#8222;Ich war und bin immer noch  fassungslos \u00fcber unsere Leistung nach der Pause und kann nicht  verstehen, dass man nach einer grandiosen ersten H\u00e4lfte das  Fu\u00dfballspielen komplett einstellen kann&#8220;, res\u00fcmierte Kindler frustriert.<\/p>\n\n\n\n<p><em>1 FC 08 Ha\u00dfloch, jh<br>04.12.2019<\/em><\/p>\n","protected":false},"excerpt":{"rendered":"<div class=\"mh-excerpt\"><p>Neues vom 08-Stammtisch Nr. 53 Interview mit Klaus Steinm\u00fcller und Gerd Laque Ha\u00dfloch &#8211; Die 53. Ausgabe der Sendereihe \u201eNeues vom 08-Stammtisch\u201c ist auf youtube.com sowie auf der Homepage des 1. FC 08 Ha\u00dfloch unter <a class=\"mh-excerpt-more\" href=\"https:\/\/speyer24news.com\/?p=22667\" title=\"1. FC 08 Ha\u00dfloch\">[&#8230;]<\/a><\/p>\n<\/div>","protected":false},"author":3,"featured_media":22064,"comment_status":"open","ping_status":"open","sticky":false,"template":"","format":"standard","meta":{"_monsterinsights_skip_tracking":false,"_monsterinsights_sitenote_active":false,"_monsterinsights_sitenote_note":"","_monsterinsights_sitenote_category":0,"footnotes":""},"categories":[317],"tags":[318,826,4751,180],"aioseo_notices":[],"amp_enabled":true,"_links":{"self":[{"href":"https:\/\/speyer24news.com\/index.php?rest_route=\/wp\/v2\/posts\/22667"}],"collection":[{"href":"https:\/\/speyer24news.com\/index.php?rest_route=\/wp\/v2\/posts"}],"about":[{"href":"https:\/\/speyer24news.com\/index.php?rest_route=\/wp\/v2\/types\/post"}],"author":[{"embeddable":true,"href":"https:\/\/speyer24news.com\/index.php?rest_route=\/wp\/v2\/users\/3"}],"replies":[{"embeddable":true,"href":"https:\/\/speyer24news.com\/index.php?rest_route=%2Fwp%2Fv2%2Fcomments&post=22667"}],"version-history":[{"count":1,"href":"https:\/\/speyer24news.com\/index.php?rest_route=\/wp\/v2\/posts\/22667\/revisions"}],"predecessor-version":[{"id":22670,"href":"https:\/\/speyer24news.com\/index.php?rest_route=\/wp\/v2\/posts\/22667\/revisions\/22670"}],"wp:featuredmedia":[{"embeddable":true,"href":"https:\/\/speyer24news.com\/index.php?rest_route=\/wp\/v2\/media\/22064"}],"wp:attachment":[{"href":"https:\/\/speyer24news.com\/index.php?rest_route=%2Fwp%2Fv2%2Fmedia&parent=22667"}],"wp:term":[{"taxonomy":"category","embeddable":true,"href":"https:\/\/speyer24news.com\/index.php?rest_route=%2Fwp%2Fv2%2Fcategories&post=22667"},{"taxonomy":"post_tag","embeddable":true,"href":"https:\/\/speyer24news.com\/index.php?rest_route=%2Fwp%2Fv2%2Ftags&post=22667"}],"curies":[{"name":"wp","href":"https:\/\/api.w.org\/{rel}","templated":true}]}}