{"id":22680,"date":"2019-12-04T15:51:41","date_gmt":"2019-12-04T14:51:41","guid":{"rendered":"https:\/\/speyer24news.com\/?p=22680"},"modified":"2019-12-04T15:51:43","modified_gmt":"2019-12-04T14:51:43","slug":"hockenheim-41","status":"publish","type":"post","link":"https:\/\/speyer24news.com\/?p=22680","title":{"rendered":"Hockenheim"},"content":{"rendered":"<style type=\"text\/css\">\r\n\t.ads_top_disp{}\r\n\t.ads_top_corner_disp{ float:left; margin:0px 10px 10px 0px; }\r\n\t.ads_first_p_disp{}\r\n\t.ads_bottom_disp{}\r\n\t<\/style>\n<div class=\"wp-block-image\"><figure class=\"aligncenter\"><img decoding=\"async\" loading=\"lazy\" width=\"800\" height=\"559\" src=\"https:\/\/speyer24news.com\/wp-content\/uploads\/2019\/11\/1250-Jahre-Hockenheim.jpg\" alt=\"\" class=\"wp-image-22245\" srcset=\"https:\/\/speyer24news.com\/wp-content\/uploads\/2019\/11\/1250-Jahre-Hockenheim.jpg 800w, https:\/\/speyer24news.com\/wp-content\/uploads\/2019\/11\/1250-Jahre-Hockenheim-300x210.jpg 300w, https:\/\/speyer24news.com\/wp-content\/uploads\/2019\/11\/1250-Jahre-Hockenheim-768x537.jpg 768w\" sizes=\"(max-width: 800px) 100vw, 800px\" \/><\/figure><\/div>\n\n\n\n<h2 class=\"wp-block-heading\"><strong>Weihnachtsfeier mit Pippi Langstrumpf<\/strong><\/h2>\n\n\n\n<p>Im letzten \u201eKamishibai\u201c des Jahres zeigt die Stadtbibliothek Hockenheim am <strong>Samstag, 14. Dezember 2019<\/strong>, 10.30 Uhr, die Geschichte \u201ePippi Langstrumpf feiert Weihnachten\u201c. Sie wurde 2002 zuf\u00e4llig auf der R\u00fcckseite eines Ausschneidebogens im Astrid-Lindgren-Archiv in Stockholm entdeckt. Die erste Umsetzung dieser neuen Pippi-Langstrumpf-Weihnachtsgeschichte von Astrid Lindgren erfolgte durch Katrin Engelking. Sie richtet sich an Kinder ab drei Jahren und interessierte Erwachsene. Der Eintritt ist frei. Kein Einlass nach Beginn der Veranstaltung mehr m\u00f6glich.<\/p>\n\n\n\n<p>Zum Inhalt: Es ist Heiligabend. In den Fenstern der kleinen Stadt\nleuchten Weihnachtslichter und an den Weihnachtsb\u00e4umen brennen Kerzen. Alle\nKinder sind froh &#8211; nein, nicht alle Kinder. Pelle, Bosse und die kleine Inga\nsind ganz alleine. Fast scheint es, als sollte dies das traurigste Weihnachtsfest\nwerden, das sie je erlebt haben. Doch sie haben nicht mit Pippi Langstrumpf\ngerechnet! Pippi bringt Geschenke mit und hat sogar einen Weihnachtsbaum dabei.\nUnd mit dem wird getanzt, bis sich die Balken biegen. <\/p>\n\n\n\n<p>Pippi kann eben alles. Und so feiern die drei ein gelungenes\nWeihnachtsfest. <\/p>\n\n\n\n<p><em>Stadtverwaltung Hockenheim \/ Stadtbibliothek Hockenheim<br>04.12.2019<\/em><\/p>\n\n\n\n<h2 class=\"wp-block-heading\"><strong>Weihnachtsbaum mit Hintergedanken<\/strong><\/h2>\n\n\n\n<div class=\"wp-block-image\"><figure class=\"aligncenter\"><img decoding=\"async\" loading=\"lazy\" width=\"500\" height=\"576\" src=\"https:\/\/speyer24news.com\/wp-content\/uploads\/2019\/12\/2019-12-03-Lokale-Agenda_Weihnachtsbaum_Bild-1.jpg\" alt=\"\" class=\"wp-image-22686\" srcset=\"https:\/\/speyer24news.com\/wp-content\/uploads\/2019\/12\/2019-12-03-Lokale-Agenda_Weihnachtsbaum_Bild-1.jpg 500w, https:\/\/speyer24news.com\/wp-content\/uploads\/2019\/12\/2019-12-03-Lokale-Agenda_Weihnachtsbaum_Bild-1-260x300.jpg 260w\" sizes=\"(max-width: 500px) 100vw, 500px\" \/><figcaption>v.l.: Schm\u00fccken den Weihnachtsbaum im Rathaus mit nachhaltiger Dekoration: Agnes Christen, Isabell Lange, Agenda-Beauftragte Elke Schollenberger und Diethelm Christen  <\/figcaption><\/figure><\/div>\n\n\n\n<p>Besucher des Rathauses in Hockenheim k\u00f6nnen in diesem Jahr einen ganz besonderen Weihnachtsbaum bewundern. Die Aktiven der Lokalen Agenda sind beim Versch\u00f6nern des Baums neue Wege gegangen. Sie haben Schmuck aus Recycling-, Naturmaterialien und anderen Resten angefertigt. Dieser nachhaltige Schmuck verziert nun als Dekoration den Weihnachtsbaum am Rathauseingang und sorgt so f\u00fcr besinnliche Stimmung in der Stadtverwaltung Hockenheim.<\/p>\n\n\n\n<div class=\"wp-block-image\"><figure class=\"aligncenter\"><img decoding=\"async\" loading=\"lazy\" width=\"500\" height=\"658\" src=\"https:\/\/speyer24news.com\/wp-content\/uploads\/2019\/12\/2019-12-03-Lokale-Agenda_Weihnachtsbaum_Bild-2.jpg\" alt=\"\" class=\"wp-image-22687\" srcset=\"https:\/\/speyer24news.com\/wp-content\/uploads\/2019\/12\/2019-12-03-Lokale-Agenda_Weihnachtsbaum_Bild-2.jpg 500w, https:\/\/speyer24news.com\/wp-content\/uploads\/2019\/12\/2019-12-03-Lokale-Agenda_Weihnachtsbaum_Bild-2-228x300.jpg 228w\" sizes=\"(max-width: 500px) 100vw, 500px\" \/><\/figure><\/div>\n\n\n\n<p>F\u00fcr die Dekoration griffen Agnes und Diethelm Christen sowie Isabell\nLange auf allerhand Material zur\u00fcck. Die Aktiven bauten Nussknacker- und Engel-Deko\naus Shampoo-Flaschen. Sterne sind aus Teelichthaltern entstanden. Engel-Figuren bestehen aus Nudeln und Papierresten\nsowie Schneem\u00e4nner aus Gl\u00fchbirnen. Au\u00dferdem kommen Teebeutelverpackungen,\nPlastikflaschen und vieles mehr als Dekoration zum Einsatz.\n\nInteressierte Besucher finden am Weihnachtsbaum\nau\u00dfergew\u00f6hnlich kreative, lustige und aufw\u00e4ndige Deko-Objekte, die nicht nur\nKinderherzen h\u00f6her schlagen lassen. Der Baum kann w\u00e4hrend der \u00fcblichen\n\u00d6ffnungszeiten des Rathauses angeschaut werden. Am Mittwoch, 18. und\nDonnerstag, 19. Dezember, wird der Schmuck dann gegen eine Spende verkauft, die\ndem Kinderschutzbund zu Gute kommt. Die Spende kann in diesem Zeitraum in einer\nSpendenbox am Empfang des Rathauses eingeworfen werden.\n\n\n\n<\/p>\n\n\n\n<p><em>Text: Stadtverwaltung Hockenheim Foto: Lokale Agenda 21 Hockenheim <br>04.12.2019<\/em><\/p>\n\n\n\n<h2 class=\"wp-block-heading\"><strong>Wohnungsamt fr\u00fcher\ngeschlossen<\/strong><\/h2>\n\n\n\n<p>Das Wohnungsamt der Stadtverwaltung Hockenheim hat am <strong>Mittwoch, 11. Dezember 2019<\/strong>, fr\u00fcher geschlossen. Das Amt ist an diesem Tag nur bis 16 Uhr wegen einer Weiterbildung besetzt. Ab Donnerstag, 12. Dezember, ist das Wohnungsamt wieder regul\u00e4r ge\u00f6ffnet.<\/p>\n\n\n\n<p><em>Stadtverwaltung Hockenheim<br>04.12.2019<\/em><\/p>\n\n\n\n<h2 class=\"wp-block-heading\"><strong>B\u00fcrger-Infoveranstaltung\n\u201e100 Tage Amtszeit OB Zeitler\u201c<\/strong><\/h2>\n\n\n\n<p>Der neue Oberb\u00fcrgermeister der Stadt Hockenheim, Marcus Zeitler, befindet sich im Dezember 100 Tage im Amt. Diese Gelegenheit m\u00f6chte er nutzen, interessierten B\u00fcrgerinnen und B\u00fcrger Einblicke in aktuelle Projekte und Vorhaben zu geben. Die Stadtverwaltung Hockenheim l\u00e4dt deshalb zu einer B\u00fcrger-Informationsveranstaltung \u201e100 Tage Amtszeit OB Marcus Zeitler\u201c ein. Sie findet am <strong>Donnerstag, 12. Dezember 2019<\/strong>, 19 Uhr, in der Stadthalle statt.<\/p>\n\n\n\n<p>Eine Teilnahme an der Veranstaltung ist aus Platzgr\u00fcnden nur mit einer\nEintrittskarte m\u00f6glich. Die Eintrittskarten sind f\u00fcr alle B\u00fcrgerinnen und\nB\u00fcrger aus Hockenheim nach Vorlage des Personalausweises seit Montag, 2.\nDezember, kostenfrei im Ticketshop der Stadthalle Hockenheim\n(Rathausstra\u00dfe\/Ecke Ottostra\u00dfe) erh\u00e4ltlich. Der Shop ist montags bis freitags\n17 bis 20 Uhr sowie samstags von 9 bis 12 ge\u00f6ffnet.<\/p>\n\n\n\n<p>Die Karten f\u00fcr die geladenen G\u00e4ste sind am Veranstaltungsabend an der\nGarderobe der Stadthalle hinterlegt. Sie m\u00fcssen dort von ihnen mit Nachweis des\nEinladungsschreibens abgeholt werden.<\/p>\n\n\n\n<p><em>Stadtverwaltung Hockenheim<br>04.12.2019<\/em><\/p>\n\n\n\n<h2 class=\"wp-block-heading\"><strong>Werden schon jetzt vermisst\u201c<\/strong><\/h2>\n\n\n\n<div class=\"wp-block-image\"><figure class=\"aligncenter\"><img decoding=\"async\" loading=\"lazy\" width=\"800\" height=\"624\" src=\"https:\/\/speyer24news.com\/wp-content\/uploads\/2019\/12\/2019-12-02-Verwaltung_Verabschiedung-Angelika-Schlampp.jpg\" alt=\"\" class=\"wp-image-22685\" srcset=\"https:\/\/speyer24news.com\/wp-content\/uploads\/2019\/12\/2019-12-02-Verwaltung_Verabschiedung-Angelika-Schlampp.jpg 800w, https:\/\/speyer24news.com\/wp-content\/uploads\/2019\/12\/2019-12-02-Verwaltung_Verabschiedung-Angelika-Schlampp-300x234.jpg 300w, https:\/\/speyer24news.com\/wp-content\/uploads\/2019\/12\/2019-12-02-Verwaltung_Verabschiedung-Angelika-Schlampp-768x599.jpg 768w\" sizes=\"(max-width: 800px) 100vw, 800px\" \/><figcaption>v.l.: Ein Bilderrahmen erinnert an die gemeinsame Zeit: Angelika Schlampp (2.v.l.) ist von Personalrat Dieter Reif, OB Marcus Zeitler, Abteilungsleiter Thorsten Utz und Fachbereichschef Christian Engel verabschiedet worden  <\/figcaption><\/figure><\/div>\n\n\n\n<p>&nbsp;\u201eEs f\u00e4llt mir nicht leicht,\nloszulassen. Ihr macht es mir nicht leicht. Denn mit euch habe ich viele\nwunderbare Menschen kennengelernt, mit denen man Spa\u00df haben und verl\u00e4sslich\nzusammenarbeiten konnte.\u201c Mit diesen Worten verabschiedete sich Angelika\nSchlampp nach 45 Jahren Berufst\u00e4tigkeit bei der Stadtverwaltung Hockenheim in\nden verdienten Ruhestand. Mehr als 25 Kolleginnen und Kollegen aus dem\nFachbereich Bauen und Wohnen nahmen an ihrer offiziellen Verabschiedung im\nB\u00fcrgersaal teil. Auch OB Marcus Zeitler und Dieter Reif f\u00fcr den Personalrat\nlie\u00dfen sich diese Gelegenheit nicht entgehen.<\/p>\n\n\n\n<p>Angelika Schlampp kam am 1. Januar 1958 in Hockenheim zur Welt. Nach dem\nSchulabschluss begann sie am 1. September 1974 ihre Ausbildung zur\nVerwaltungsangestellten bei der Stadt. Nach erfolgreicher Ausbildung mit\nAusbildereignerpr\u00fcfung nahm sie im Juni 1976 ihre T\u00e4tigkeit im Grundst\u00fccksamt\nauf. Nach dessen Aufl\u00f6sung wechselte sie 1980 in das Stadtbauamt. Dort war sie\nbis zum 1. Januar 2020 \u2013 ihrem offiziellen Austrittsdatum \u2013 im Bereich der Liegenschaften\nt\u00e4tig. Sie betreute dort die Anlagenbuchhaltung sowie die Sachbearbeitung im Pachtwesen,\nbeim Grundst\u00fccksverkehr und bei Erbbaurechten.<\/p>\n\n\n\n<p>\u201eDie gro\u00dfe Zahl an Kollegen hier zeigt, dass sie bereits jetzt vermisst\nwerden. Sie waren eine Pers\u00f6nlichkeit, die die Stadtverwaltung gepr\u00e4gt hat\u201c,\nsagte OB Marcus Zeitler bei der Verabschiedung. Mit der Rente von Angelika\nSchlampp gehe viel Erfahrungswissen verloren. \u201eSie haben fast so viele Jahre\ngearbeitet, wie ich alt bin. Daf\u00fcr geb\u00fchrt ihnen mit vollster Respekt\u201c,\nerg\u00e4nzte er. Christian Engel als Leiter des Fachbereichs Bauen und Thorsten Utz\nals Abteilungsleiter Liegenschaften blickten auch auf die gemeinsame\nArbeitszeit mit Angelika Schlampp zur\u00fcck. Sie bedankten sich f\u00fcr die gute\nZusammenarbeit und \u00fcberreichten ihr unter anderem einen Bilderrahmen als\nGeschenk.<\/p>\n\n\n\n<p><em>Stadtverwaltung Hockenheim<br>04.12.2019<\/em><\/p>\n\n\n\n<h2 class=\"wp-block-heading\"><strong>Jahresverbrauch melden<\/strong><\/h2>\n\n\n\n<div class=\"wp-block-image\"><figure class=\"aligncenter\"><img decoding=\"async\" loading=\"lazy\" width=\"800\" height=\"400\" src=\"https:\/\/speyer24news.com\/wp-content\/uploads\/2019\/11\/Z\u00e4hlerst\u00e4nde.png\" alt=\"\" class=\"wp-image-22258\" srcset=\"https:\/\/speyer24news.com\/wp-content\/uploads\/2019\/11\/Z\u00e4hlerst\u00e4nde.png 800w, https:\/\/speyer24news.com\/wp-content\/uploads\/2019\/11\/Z\u00e4hlerst\u00e4nde-300x150.png 300w, https:\/\/speyer24news.com\/wp-content\/uploads\/2019\/11\/Z\u00e4hlerst\u00e4nde-768x384.png 768w\" sizes=\"(max-width: 800px) 100vw, 800px\" \/><\/figure><\/div>\n\n\n\n<p>Die Stadtwerke Hockenheim ben\u00f6tigen f\u00fcr die Jahresendabrechnung von Strom, Gas und Wasser <strong><em>bis zum Montag, 16. Dezember 2019<\/em><\/strong>, die aktuellen Z\u00e4hlerst\u00e4nde der Verbraucher. Die Stadtwerke werden daf\u00fcr wie gewohnt in der Kalenderwoche 48 (ab Montag, 25. November) wieder Ablesekarten versenden. Sie bitten deshalb alle Kunden um Unterst\u00fctzung und Hilfe.<\/p>\n\n\n\n<p>Wenn\nbis zum Stichtag keine Z\u00e4hlerst\u00e4nde vorliegen, wird der Verbrauch gesch\u00e4tzt. Dadurch\nbesteht das Risiko, dass der neue Abschlagsbetrag zu hoch festgesetzt wird und\nsogar sp\u00e4ter eine hohe Nachzahlung f\u00e4llig wird. <\/p>\n\n\n\n<p>Alternativ\nk\u00f6nnen die Z\u00e4hlerst\u00e4nde ab Montag, 2. Dezember \u00fcber das Internet \u00fcber ein\nspeziell eingerichtetes Ableseportal (Jahresendablesung 2019) \u00fcbermittelt\nwerden. So k\u00f6nnen die Kunden im angegebenen Zeitraum selbst entscheiden, wann\nsie die Z\u00e4hlerst\u00e4nde ablesen.<\/p>\n\n\n\n<p>Unter <a href=\"http:\/\/www.stadtwerke-hockenheim.de\">http:\/\/www.stadtwerke-hockenheim.de<\/a> gibt es auf der Startseite einen Button \u201eJahresablesung 2019\u201c f\u00fcr die Z\u00e4hlerstanderfassung. Um die Z\u00e4hlerst\u00e4nde zu \u00fcbermitteln, ben\u00f6tigt man einen Zugangscode. Der Zugangscode ist auf dem Anschreiben verzeichnet und gilt einmal ausschlie\u00dflich f\u00fcr die Z\u00e4hlerstand\u00fcbermittlung. <\/p>\n\n\n\n<p><em>Stadtwerke Hockenheim<br>04.12.2019<\/em><\/p>\n\n\n\n<h2 class=\"wp-block-heading\"><strong>Besondere\nB\u00fccher zu den Humanismus-Tagen<\/strong><\/h2>\n\n\n\n<p>Die Stadtwerke Hockenheim und die Buchhandlung Gansler bieten Goethe-Freunden im Vorfeld der Humanismus-Tage eine besondere Gelegenheit. Nur im Zeitraum <strong>von Montag, 9. Dezember, bis Samstag, 14. Dezember 2019<\/strong>, k\u00f6nnen interessierte Leser bei der Buchhandlung Gansler zwei B\u00fccher der beteiligten Autoren erwerben. Am Tag der Veranstaltung (14. Dezember) besteht zwischen 16.30 und 17 Uhr im Wasserturm auch die M\u00f6glichkeit, sie von den Buchautoren Dr. Letizia Mancino und Werner H. Heu\u00dfinger signieren zu lassen.<\/p>\n\n\n\n<p>Mit \u201eDie Katze in Goethes Bett\u201c behandelt Dr.\nLetizia Mancino die schwierigste Liebesbeziehung des bekannten Dichters in Rom.\nDie Autorin schuf mit dem Werk nicht nur einen authentischen Goethe-Text. Sie\nschmuggelt ihre mutwillige Fortschreibung unter und schafft damit ihr eigenes\nProgramm aus Dichtung und Wahrheit. \u201eDer Zauber des Buchs liegt in dem Umgang\nin dem, was wir mit Goethe selbst die \u00b4Italienische Reise\u00b4 nennen\u201c, sagt dazu\nVolkmar Hansen, ehemaliger Direktor des Goethe-Museums D\u00fcsseldorf.<\/p>\n\n\n\n<p>Der Vortragende Werner H. Heu\u00dfinger und Christian W. R\u00f6hl befassen sich im Buch \u201eCool blieben und Dividenden kassieren\u201c mit dem Aktienmarkt. Das Werk ist Dauergast auf der Spiegel-Bestsellerliste. Anhand von zahlreichen Praxis-Beispielen aus ihrer \u00fcber 20-j\u00e4hrigen Erfahrung als Investoren, Unternehmer und TV-Experten zeigen Werner H. Heu\u00dfinger und Christian W. R\u00f6hl, warum Aktien sicherer sind als Festgeld, wie Anleger auch turbulente B\u00f6rsenphasen entspannt \u00fcberstehen und wie man Schritt f\u00fcr Schritt die besten Aktien ausw\u00e4hlt.<\/p>\n\n\n\n<h4 class=\"wp-block-heading\">Humanismus-Tage und Ausstellung<\/h4>\n\n\n\n<p>Die Stadtwerke Hockenheim pr\u00e4sentieren in Kooperation mit der\nHeidelberger Gespr\u00e4che Gesellschaft e. V. und der Goethe-Gesellschaft\nHeidelberg e. V. am Samstag, 14. Dezember, die Veranstaltung \u201eHumanismus im\nWasserturm\u201c. Dabei steht die Philosophie der freien geistigen Entfaltung im\nMittelpunkt, deren ma\u00dfgeblicher Vorreiter Johann Wolfgang von Goethe war. Ein\nEintritt zur Veranstaltung ist nur f\u00fcr Inhaber einer g\u00fcltigen Namenskarte\nm\u00f6glich.<\/p>\n\n\n\n<p>Vor der Veranstaltung besteht die M\u00f6glichkeit, zwischen 15 und 16.30 Uhr\nBilder von Dr. Letizia Mancino (Goethe-Gesellschaft Heidelberg e. V.) im\nWasserturm anzusehen. Der Eintritt zur Ausstellung ist frei und kann auch ohne\nNamenskarte wahrgenommen werden.<\/p>\n\n\n\n<p><em>Stadtverwaltung Hockenheim<br>04.12.2019<\/em><\/p>\n\n\n\n<h2 class=\"wp-block-heading\"><strong>Allerhand zu tun am Pl\u00e4tzchennotruf<\/strong><\/h2>\n\n\n\n<div class=\"wp-block-image\"><figure class=\"aligncenter\"><img decoding=\"async\" loading=\"lazy\" width=\"500\" height=\"696\" src=\"https:\/\/speyer24news.com\/wp-content\/uploads\/2019\/12\/2019-12-02-Pumpwerk_Weihnachtsb\u00e4ckerei.jpg\" alt=\"\" class=\"wp-image-22684\" srcset=\"https:\/\/speyer24news.com\/wp-content\/uploads\/2019\/12\/2019-12-02-Pumpwerk_Weihnachtsb\u00e4ckerei.jpg 500w, https:\/\/speyer24news.com\/wp-content\/uploads\/2019\/12\/2019-12-02-Pumpwerk_Weihnachtsb\u00e4ckerei-216x300.jpg 216w\" sizes=\"(max-width: 500px) 100vw, 500px\" \/><figcaption>Die Weihnachtsb\u00e4ckerei gastiert f\u00fcr Kinder bald im Pumpwerk Hockenheim. <\/figcaption><\/figure><\/div>\n\n\n\n<p>Kinder kommen im Pumpwerk Hockenheim demn\u00e4chst auf ihre Kosten \u2013 in jeder Hinsicht. Das Kindertheater Tom Teuer besucht mit \u201eDie Weihnachtsb\u00e4ckerei\u201c am <strong>Sonntag, 8. Dezember 2019<\/strong>, 15 Uhr, das Pumpwerk. Die Geschichte richtet sich an Kinder am Alter ab vier Jahren. Die \u201eWeihnachtsb\u00e4ckerei\u201c ist ein leckeres, ein m\u00e4rchenhaftes St\u00fcck \u00fcber die besinnlichen und hektischen Momente in der Vorweihnachtszeit.<\/p>\n\n\n\n<p>In der Weihnachtsb\u00e4ckerei gilt: Der\nPl\u00e4tzchennotruf 2412 hilft bei angebrannten Pl\u00e4tzchen, vergessenen Rezepten,\nverschwundenen Schokostreuseln, zerflossenem Zuckerguss und gestressten Eltern.\nKein Wunder, dass der Pl\u00e4tzchennotrufb\u00e4cker Alfons Zuckerwatte, vor Weihnachten\nalle H\u00e4nde voll zu tun hat. St\u00e4ndig klingelt das Telefon, ein Notruf nach dem\nanderen.<\/p>\n\n\n\n<p>Heute herrscht besonders hoher\nHochbetrieb. Die Kinder sind zu Besuch im Pl\u00e4tzchennotruf, der Nikolaus braucht\nsein j\u00e4hrliches XXXL-Vollkornpl\u00e4tzchenkraftpaket und das R\u00e4ucherm\u00e4nnchen und\nder Nussknacker plappern auch noch dazwischen. Als dann ein besonderer\ndringender Herzpl\u00e4tzchen-Notruf eingeht, passiert Alfons Zuckerwatte etwas, was\nihm noch nie passiert ist: Er kann nicht liefern! Ausgerechnet Herzpl\u00e4tzchen\nhat er nicht mehr!<\/p>\n\n\n\n<p>Da gibt es nur eine M\u00f6glichkeit,\nsofort ein Herzpl\u00e4tzchen backen. Ob ihm das noch gelingt? Wo doch Alfons schon\nso miteinander \u00e4h, durcheinander ist, der Nussknacker und das R\u00e4ucherm\u00e4nnchen\nin weihnachtlicher Vorfreude Weihnachtskrippe spielen und auf den Auftritt der\nheiligen drei K\u00f6nige warten. Au\u00dferdem m\u00f6chte jemand andauernd am Telefon auf den\nWunschzettelnotruf sprechen. Aber da gibt es ja noch die Kinder, die ihm beim\nBacken und Naschen helfen k\u00f6nnen.<\/p>\n\n\n\n<p>Einlass ab 14.45 Uhr im Pumpwerk Hockenheim. Karten f\u00fcr f\u00fcnf Euro gibt es an allen bekannten Vorverkaufsstellen, in der Stadthalle Hockenheim (Telefon 06205 21190), im Kartenshop der Schwetzinger Zeitung sowie unter der Ticket- Hotline 06205 922625. Auf der Internetseite <a href=\"http:\/\/www.pumpwerk-hockenheim.de\">http:\/\/www.pumpwerk-hockenheim.de<\/a> k\u00f6nnen Karten auch online bestellt werden.<\/p>\n\n\n\n<p><em>Text: Stadtverwaltung Hockenheim Foto: Theater Tom Teuer <br>04.12.2019<\/em><\/p>\n\n\n\n<h2 class=\"wp-block-heading\"><strong>Absage \u201eBesonders nah dran\u201c &#8211; Ersatztermin<\/strong><\/h2>\n\n\n\n<p>Die Veranstaltung \u201eBesonders nah dran\u201c am <strong>Samstag, 7. Dezember 2019<\/strong>, im Kulturhaus Pumpwerk Hockenheim muss aus produktionstechnischen Gr\u00fcnden leider abgesagt werden. Bestehende Reservierungen werden kostenfrei storniert. Bereits erworbene Eintrittskarten k\u00f6nnen bei den jeweiligen Vorverkaufsstellen, zum Beispiel in der Stadthalle Hockenheim, dem Pumpwerk Hockenheim oder im Kartenshop der Schwetzinger Zeitung zur\u00fcckgegeben werden. <\/p>\n\n\n\n<p>F\u00fcr die Veranstaltung steht bereits ein Ersatztermin fest. Sie wird am <strong>Samstag, 26. September 2020<\/strong>, nachgeholt. <\/p>\n\n\n\n<p><em>Stadtverwaltung Hockenheim<br>04.12.2019<\/em><\/p>\n\n\n\n<h2 class=\"wp-block-heading\"><strong>Ge\u00e4nderte \u00d6ffnungszeiten mittwochs<\/strong><\/h2>\n\n\n\n<p>Die Wohngeldstelle der Stadtverwaltung Hockenheim ist am Mittwoch, 11. Dezember 2019, ganzt\u00e4gig geschlossen. Das Sozialamt ist davon nicht betroffen.<\/p>\n\n\n\n<p>Hintergrund ist eine interne Weiterbildungsma\u00dfnahme der zust\u00e4ndigen Mitarbeiter.<\/p>\n\n\n\n<p><em>Stadtverwaltung Hockenheim<br>04.12.2019<\/em><\/p>\n\n\n\n<h2 class=\"wp-block-heading\"><strong>Antr\u00e4ge f\u00fcr Sportlerehrung sind bis 3. Januar 2020 abzugeben<\/strong><\/h2>\n\n\n\n<div class=\"wp-block-image\"><figure class=\"aligncenter\"><img decoding=\"async\" loading=\"lazy\" width=\"800\" height=\"538\" src=\"https:\/\/speyer24news.com\/wp-content\/uploads\/2019\/12\/2019-11-28-Verwaltung_Sportlerehrung.jpg\" alt=\"\" class=\"wp-image-22683\" srcset=\"https:\/\/speyer24news.com\/wp-content\/uploads\/2019\/12\/2019-11-28-Verwaltung_Sportlerehrung.jpg 800w, https:\/\/speyer24news.com\/wp-content\/uploads\/2019\/12\/2019-11-28-Verwaltung_Sportlerehrung-300x202.jpg 300w, https:\/\/speyer24news.com\/wp-content\/uploads\/2019\/12\/2019-11-28-Verwaltung_Sportlerehrung-768x516.jpg 768w\" sizes=\"(max-width: 800px) 100vw, 800px\" \/><figcaption>Die \u201ePiccobello&#8220;-Artisten bewiesen bei der Sportlerehrung in diesem Jahr ihr Geschick auf hohen R\u00e4dern. Die Stadt bittet f\u00fcr die Neuauflage 2020 um Antr\u00e4ge f\u00fcr weitere Ehrungen. <\/figcaption><\/figure><\/div>\n\n\n\n<p>Die Stadt Hockenheim ehrt am 17. Februar 2020 erfolgreiche Einzelsportlerinnen und -sportler sowie Mannschaften f\u00fcr deren im Jahr 2019 erzielten Leistungen. Gleiches gilt f\u00fcr Sportlerinnen und Sportler mit Wohnsitz Hockenheim, die f\u00fcr einen ausw\u00e4rtigen Verein an den Start gehen. Entsprechende Antr\u00e4ge (mit Vor-\/Nachname, Adresse und Geburtsjahr) sind <strong>bis sp\u00e4testens Freitag, 3. Januar 2020<\/strong>, bei der Stadtverwaltung Hockenheim, Fachbereich OIS, Rathausstra\u00dfe 1, 68766 Hockenheim, einzureichen. Natascha Spahn (Telefon 06205 21-210) steht f\u00fcr Fragen gerne zur Verf\u00fcgung.<\/p>\n\n\n\n<p>Geehrt werden Personen, die in Einzeldisziplinen\noder mit einer Mannschaft bei badischen, baden-w\u00fcrttembergischen, s\u00fcddeutschen,\ndeutschen und h\u00f6her zu bewertenden Meisterschaften mindestens den dritten&nbsp;Platz\nerreicht haben. Gleiches gilt f\u00fcr Sportlerinnen und Sportler, die in der\njeweiligen Verbands-Jahresbestenliste als Rekordhalter gef\u00fchrt werden. F\u00fcr die\nEhrung von Mannschaften wird nur die Erringung einer badischen, s\u00fcddeutschen,\ndeutschen und h\u00f6her zu bewertenden Meisterschaft ber\u00fccksichtigt. Au\u00dferdem\nerfolgen Ehrungen f\u00fcr den Einsatz (nicht die Berufung) in einer\nNationalmannschaft.<\/p>\n\n\n\n<p>Die Leistungen m\u00fcssen in einer Sportart erzielt\nworden sein, mit der der betreffende Verein Mitglied im Deutschen Sportbund,\nseiner Fachverb\u00e4nde oder einem Automobilsportverband ist. Der 3. Januar 2020 als Abgabetermin\nsollte im Interesse der zu ehrenden Sportler eingehalten werden, weil eine\nnochmalige Aufforderung zur Meldung nicht ergeht.<\/p>\n\n\n\n<p><em>Text: Stadtverwaltung Hockenheim Foto: Stadtverwaltung Hockenheim\/Fotografen Dorothea und Norbert Lenhardt <br>04.12.2019<\/em><\/p>\n\n\n\n<h2 class=\"wp-block-heading\"><strong>Neue E-Mailadressen\nf\u00fcr st\u00e4dtische Kinderg\u00e4rten<\/strong><\/h2>\n\n\n\n<p>Im Zuge der digitalen\nVereinheitlichung der st\u00e4dtischen Einrichtungen erhalten die st\u00e4dtischen\nKinderg\u00e4rten ab sofort neue E-Mailadressen.<\/p>\n\n\n\n<p>Die neue E-Mailadresse des\nParkkindergartens lautet <a href=\"mailto:park-kindergarten@hockenheim.de\">park-kindergarten@hockenheim.de<\/a>. Der S\u00fcdstadtkindergarten ist ab sofort unter der neuen E-Mailadresse\n<a href=\"mailto:suedstadt-kindergarten@hockenheim.de\">suedstadt-kindergarten@hockenheim.de<\/a> erreichbar. <\/p>\n\n\n\n<p>Der\nFriedrich-Fr\u00f6bel-Fr\u00f6bel-Kindergarten ist bereits seit einiger Zeit auf die\neinheitliche E-Mailkennung <a href=\"mailto:froebel-kindergarten@hockenheim.de\">froebel-kindergarten@hockenheim.de<\/a> umgestellt. In der \u00dcbergangszeit bis zum Ende des Jahres bleiben\ndie alten E-Mailadressen bestehen. Danach sind die st\u00e4dtischen Kinderg\u00e4rten\nausschlie\u00dflich unter ihren neuen E-Mail-Adressen erreichbar. <\/p>\n\n\n\n<p>Die E-Mailadressen sowie weitere\nInformationen zu allen Kindertageseinrichtungen in Hockenheim sind auch auf der\nst\u00e4dtischen Internetseite unter http:\/\/<a href=\"http:\/\/www.hockenheim.de\/kindertageseinrichtungen\">www.hockenheim.de\/kindertageseinrichtungen<\/a> zu finden.<\/p>\n\n\n\n<p><em>Stadtverwaltung Hockenheim<br>04.12.2019<\/em><\/p>\n\n\n\n<h2 class=\"wp-block-heading\"><strong>Bildkalender Hockenheimer Nachtimpressionen<\/strong><\/h2>\n\n\n\n<div class=\"wp-block-image\"><figure class=\"aligncenter\"><img decoding=\"async\" loading=\"lazy\" width=\"800\" height=\"565\" src=\"https:\/\/speyer24news.com\/wp-content\/uploads\/2019\/12\/2019-11-27-Verwaltung_Kalender-Lions-Club.jpg\" alt=\"\" class=\"wp-image-22682\" srcset=\"https:\/\/speyer24news.com\/wp-content\/uploads\/2019\/12\/2019-11-27-Verwaltung_Kalender-Lions-Club.jpg 800w, https:\/\/speyer24news.com\/wp-content\/uploads\/2019\/12\/2019-11-27-Verwaltung_Kalender-Lions-Club-300x212.jpg 300w, https:\/\/speyer24news.com\/wp-content\/uploads\/2019\/12\/2019-11-27-Verwaltung_Kalender-Lions-Club-768x542.jpg 768w\" sizes=\"(max-width: 800px) 100vw, 800px\" \/><figcaption>Die Juni-Ansicht des neuen Lions Club-Kalenders: Das Tabakensemble im Gartenschaupark. <\/figcaption><\/figure><\/div>\n\n\n\n<p>Die Stadt von einer ganz anderen Seite zeigt\nder frisch gedruckte Kalender \u201eNachtimpressionen aus Hockenheim\u201c des Hilfswerk\ndes Lions Club Hockenheim e.V..<\/p>\n\n\n\n<p>Lichtmalerisch erstrahlen bekannte Orte in\neinem ganz ungewohnten Anblick \u2013 der Bahnhof, der Hockenheimring als auch eine\nSzenerie des Tabakensembles im Stiegwiesenpark finden sich unter den zw\u00f6lf\nMotiven im Kalender wieder. Die Fotografen Dr. Preston Cartagena und Markus\nArens zeigen Stadtbilder zu sp\u00e4terer Stunde, der wohlbekannte Orte in\nHockenheim in einer ganz ungewohnten Anmutung erscheinen l\u00e4sst. <\/p>\n\n\n\n<p>Der Kalender ist ab sofort im B\u00fcrgerb\u00fcro\n(Rathausstra\u00dfe 1) der Stadt Hockenheim f\u00fcr zehn Euro erh\u00e4ltlich. Die Einnahmen\nflie\u00dfen in soziale Jugendhilfsprojekte des Lions Club Hockenheim e.V.. Weitere\nVerkaufsstellen sind die Buchhandlung Gansler (Rathausstra\u00dfe 1), Weinmann Druck\n(Karlsruher Stra\u00dfe 13), Albert Herzer KG (Ottostra\u00dfe 2).<\/p>\n\n\n\n<p>Die \u00d6ffnungszeiten\ndes B\u00fcrgerb\u00fcros lauten:<\/p>\n\n\n\n<p>Montag bis Freitag 8\nbis 12 Uhr<\/p>\n\n\n\n<p>Montag, Dienstag,\nDonnerstag 14 bis 15.30 Uhr<\/p>\n\n\n\n<p>Mittwoch 14 bis 18 Uhr<\/p>\n\n\n\n<p><em>Stadtverwaltung Hockenheim \/ Lionsclub Hockenheim e.V.<br>04.12.2019<\/em><\/p>\n\n\n\n<h2 class=\"wp-block-heading\"><strong>Bruni feiert\nWeihnachten<\/strong><\/h2>\n\n\n\n<p>Die Stadtbibliothek Hockenheim zeigt am <strong>Samstag, 7. Dezember 2019<\/strong>, 10.30 Uhr, das Bilderbuchkino \u201eBrunis Weihnacht\u201c von Jean Little und Werner Zimmermann. Sie richtet sich an Kinder im Alter ab vier Jahren und Erwachsene. Eine \u201etierische&#8220; Geschichte, die uns Menschen l\u00e4chelnd den Spiegel vorh\u00e4lt. Der Eintritt ist frei. Zugang nach Beginn nicht mehr m\u00f6glich.<\/p>\n\n\n\n<p>Zum Inhalt: Die\nTiere im Stall reden nur noch von Weihnachten &#8211; und davon, wie ihre\nUr-Ur-Ur-Gro\u00dfeltern einem besonderen Kind in einem Stall vor vielen, vielen\nJahren geholfen haben. Nur das kleine Schwein Brunhilde, genannt Bruni, wei\u00df\nnicht, um was es geht, hat nichts zu erz\u00e4hlen, hatte keine Verwandten im Stall\nvon Bethlehem. \u201eSieh es ein&#8220;, sagen die anderen Tiere, \u201edas ist nichts f\u00fcr\nSchweine&#8220;. So beginnt Brunis Flucht ganz allein hinaus in die frostige\nWinternacht, an deren Ende Schwein, \u201eOchs\u201c, Esel und Menschen das Wunder der\nWeihnacht etwas besser verstehen.<\/p>\n\n\n\n<p><em>Stadtverwaltung Hockenheim \/ Stadtbibliothek Hockenheim<br>04.12.2019<\/em><\/p>\n\n\n\n<h2 class=\"wp-block-heading\"><strong>Neue Parkausweise f\u00fcr Bewohner<\/strong><\/h2>\n\n\n\n<p>Im\nRathaus Hockenheim werden ab Montag, 2. Dezember 2019, die neuen Bewohnerparkausweise\nf\u00fcr das Jahr 2020 ausgestellt. Alte Parkausweise behalten bis 31. Januar 2020\nihre G\u00fcltigkeit. Die neuen Best\u00e4tigungen k\u00f6nnen ausschlie\u00dflich im B\u00fcrgerb\u00fcro\ndes Rathauses unter Vorlage des Fahrzeugscheines abgeholt werden. <\/p>\n\n\n\n<p>Bei\nGro\u00dfveranstaltungen auf dem Hockenheimring, insbesondere DTM, NitrOlympX und\nOpen Air-Veranstaltungen, werden die Parkpl\u00e4tze in einigen Stra\u00dfen f\u00fcr Bewohner\nreserviert. Sie werden im Vorfeld einer Veranstaltung entsprechend\nausgeschildert. Das Parken ist dann nur f\u00fcr diejenigen zul\u00e4ssig, die einen\ng\u00fcltigen Parkausweis im Fahrzeug ausliegen haben. Die Halter aller anderen dort\nabgestellten Fahrzeuge m\u00fcssen mit Kontrollen und Verwarnungen rechnen.<\/p>\n\n\n\n<p>F\u00fcr\nBewohner der Birkenallee, der Continentalstra\u00dfe 8 bis 42 (gerade Hausnummern),\nder Stra\u00dfe \u201eIn der Clamm\u201c 2 bis 50 (gerade Hausnummern), der Hardtstra\u00dfe 1 bis\n9, 108 und 110 und f\u00fcr Bewohner der Waldstra\u00dfe k\u00f6nnen kostenlose Parkausweise\nbeantragt werden. <\/p>\n\n\n\n<p>\u00d6ffnungszeiten\ndes B\u00fcrgerb\u00fcros<\/p>\n\n\n\n<p>Montag\nbis Freitag: 8 bis 12 Uhr, <\/p>\n\n\n\n<p>montags,\ndienstags, donnerstags: 14 bis 15.30 Uhr, <\/p>\n\n\n\n<p>mittwochnachmittags:\n14 bis 18 Uhr und <\/p>\n\n\n\n<p>jeden\nersten Samstag im Monat von 9 bis 12 Uhr.<\/p>\n\n\n\n<p><em>Stadtverwaltung Hockenheim<br>04.12.2019<\/em><\/p>\n\n\n\n<h2 class=\"wp-block-heading\"><strong>Kundenkalender der Stadtwerke Hockenheim erh\u00e4ltlich<\/strong><\/h2>\n\n\n\n<div class=\"wp-block-image\"><figure class=\"aligncenter\"><img decoding=\"async\" src=\"https:\/\/speyer24news.com\/wp-content\/uploads\/2019\/11\/Hockenheim-Stadtwerke-Logo-1.png\" alt=\"\" class=\"wp-image-22254\"\/><\/figure><\/div>\n\n\n\n<p>P\u00fcnktlich\nzum Beginn der Adventszeit gibt es bei den Stadtwerken Hockenheim wieder den\nbeliebten K\u00fcchenkalender mit abwechslungsreichen Rezepten und vielen\nInformationen. Der kostenlose Kundenkalender f\u00fcr das Jahr 2020 kann ab Montag,\ndem 2. Dezember 2019, von allen Kunden des Energieversorgers in der\nGesch\u00e4ftsstelle (Obere Hauptstra\u00dfe 8, Erdgeschoss) bei Angelika Scherer abgeholt\nwerden. Als kleines Dankesch\u00f6n bringen die Kalenderbl\u00e4tter f\u00fcr das Jahr 2020\ndann wieder Monat f\u00fcr Monat abwechslungsreiche K\u00f6stlichkeiten in das eigene\nZuhause. Pro Haushalt ist ein kostenloser Kalender erh\u00e4ltlich (solange der\nVorrat reicht).<\/p>\n\n\n\n<p>Die\n\u00d6ffnungszeiten der Gesch\u00e4ftsstelle lauten:<\/p>\n\n\n\n<p>Montag,\nDienstag, Donnerstag: 7.30 bis 12 Uhr und 14 bis 15.30 Uhr,<\/p>\n\n\n\n<p>Mittwoch:\n7.30 bis 12 Uhr und 14 bis 18 Uhr,<\/p>\n\n\n\n<p>Freitag:\n7.30 bis 12 Uhr<\/p>\n\n\n\n<p><em>Stadtwerke Hockenheim<br>04.12.2019<\/em><\/p>\n\n\n\n<h2 class=\"wp-block-heading\"><strong>Vorbereitungen f\u00fcr 50 Jahre St\u00e4dtepartnerschaft mit Commercy<\/strong><\/h2>\n\n\n\n<div class=\"wp-block-image\"><figure class=\"aligncenter\"><img decoding=\"async\" loading=\"lazy\" width=\"500\" height=\"629\" src=\"https:\/\/speyer24news.com\/wp-content\/uploads\/2019\/12\/Commercy_Blason.png\" alt=\"\" class=\"wp-image-22681\" srcset=\"https:\/\/speyer24news.com\/wp-content\/uploads\/2019\/12\/Commercy_Blason.png 500w, https:\/\/speyer24news.com\/wp-content\/uploads\/2019\/12\/Commercy_Blason-238x300.png 238w\" sizes=\"(max-width: 500px) 100vw, 500px\" \/><\/figure><\/div>\n\n\n\n<p>2020 besteht die St\u00e4dtepartnerschaft mit Commercy seit 50 Jahren &#8211; ein\nAnlass, der mit offiziellen Veranstaltungen gefeiert werden soll. Auch\nHockenheimer Gruppen, Vereine und Einrichtungen k\u00f6nnen ihren Beitrag zum\ndeutsch-franz\u00f6sischen Jubil\u00e4umsjahr leisten. Die Stadt Hockenheim freut sich\n\u00fcber die Teilnahme m\u00f6glichst vieler Kooperationspartner. Sie unterst\u00fctzt daf\u00fcr die\nVeranstalter in der Bewerbung ihrer Beitr\u00e4ge durch einen st\u00e4dtischen\nVeranstaltungsflyer, der alle Angebote zusammenf\u00fchrt und in den Social Media-Kan\u00e4len\ndarstellt.<\/p>\n\n\n\n<p>Der geplanten Termin sowie eine Kurzbeschreibungen zum Eigenbeitrag k\u00f6nnen noch <strong><em>bis zum Mittwoch, 15. Januar 2020<\/em><\/strong>, bei Natascha Spahn (Telefon 06205 21-210, E-Mail: <a href=\"n.spahn@hockenheim.de\">n.spahn@hockenheim.de<\/a>) im Rathaus eingereicht werden.<\/p>\n\n\n\n<p><em>Text: Stadtverwaltung Hockenheim Foto: Von Robert Louis &#8211; http:\/\/www.genealogie-lorraine.fr\/blasons\/index.php?dept=55&amp;blason=COMMERCY, PD-Amtliches Werk, https:\/\/de.wikipedia.org\/w\/index.php?curid=6000829<br> 04.12.2019<\/em><\/p>\n","protected":false},"excerpt":{"rendered":"<div class=\"mh-excerpt\"><p>Weihnachtsfeier mit Pippi Langstrumpf Im letzten \u201eKamishibai\u201c des Jahres zeigt die Stadtbibliothek Hockenheim am Samstag, 14. Dezember 2019, 10.30 Uhr, die Geschichte \u201ePippi Langstrumpf feiert Weihnachten\u201c. Sie wurde 2002 zuf\u00e4llig auf der R\u00fcckseite eines Ausschneidebogens <a class=\"mh-excerpt-more\" href=\"https:\/\/speyer24news.com\/?p=22680\" title=\"Hockenheim\">[&#8230;]<\/a><\/p>\n<\/div>","protected":false},"author":3,"featured_media":22246,"comment_status":"open","ping_status":"open","sticky":false,"template":"","format":"standard","meta":{"_monsterinsights_skip_tracking":false,"_monsterinsights_sitenote_active":false,"_monsterinsights_sitenote_note":"","_monsterinsights_sitenote_category":0,"footnotes":""},"categories":[489],"tags":[4772,108,4326,4768,3811,1287,4771,2206,2590,4773,4774,196,4770,1286,4776,492,4775,4769,4767],"aioseo_notices":[],"amp_enabled":true,"_links":{"self":[{"href":"https:\/\/speyer24news.com\/index.php?rest_route=\/wp\/v2\/posts\/22680"}],"collection":[{"href":"https:\/\/speyer24news.com\/index.php?rest_route=\/wp\/v2\/posts"}],"about":[{"href":"https:\/\/speyer24news.com\/index.php?rest_route=\/wp\/v2\/types\/post"}],"author":[{"embeddable":true,"href":"https:\/\/speyer24news.com\/index.php?rest_route=\/wp\/v2\/users\/3"}],"replies":[{"embeddable":true,"href":"https:\/\/speyer24news.com\/index.php?rest_route=%2Fwp%2Fv2%2Fcomments&post=22680"}],"version-history":[{"count":1,"href":"https:\/\/speyer24news.com\/index.php?rest_route=\/wp\/v2\/posts\/22680\/revisions"}],"predecessor-version":[{"id":22688,"href":"https:\/\/speyer24news.com\/index.php?rest_route=\/wp\/v2\/posts\/22680\/revisions\/22688"}],"wp:featuredmedia":[{"embeddable":true,"href":"https:\/\/speyer24news.com\/index.php?rest_route=\/wp\/v2\/media\/22246"}],"wp:attachment":[{"href":"https:\/\/speyer24news.com\/index.php?rest_route=%2Fwp%2Fv2%2Fmedia&parent=22680"}],"wp:term":[{"taxonomy":"category","embeddable":true,"href":"https:\/\/speyer24news.com\/index.php?rest_route=%2Fwp%2Fv2%2Fcategories&post=22680"},{"taxonomy":"post_tag","embeddable":true,"href":"https:\/\/speyer24news.com\/index.php?rest_route=%2Fwp%2Fv2%2Ftags&post=22680"}],"curies":[{"name":"wp","href":"https:\/\/api.w.org\/{rel}","templated":true}]}}