{"id":22692,"date":"2019-12-05T07:03:02","date_gmt":"2019-12-05T06:03:02","guid":{"rendered":"https:\/\/speyer24news.com\/?p=22692"},"modified":"2019-12-05T07:03:03","modified_gmt":"2019-12-05T06:03:03","slug":"leserbrief-6","status":"publish","type":"post","link":"https:\/\/speyer24news.com\/?p=22692","title":{"rendered":"Leserbrief"},"content":{"rendered":"<style type=\"text\/css\">\r\n\t.ads_top_disp{}\r\n\t.ads_top_corner_disp{ float:left; margin:0px 10px 10px 0px; }\r\n\t.ads_first_p_disp{}\r\n\t.ads_bottom_disp{}\r\n\t<\/style>\n<h2 class=\"wp-block-heading\"><strong>Stellungnahme der W\u00e4hlergruppe Schneider zum Thema Salierbr\u00fccke<\/strong><\/h2>\n\n\n\n<h4 class=\"wp-block-heading\">RHEINPFALZ \u00a0v. 2.12.2019 \u201eDer Bogen ist \u00fcberspannt\u201c u. \u201eEinwurf\u201c \u00a0v. Ellen Korelus-Bruder<\/h4>\n\n\n\n<div class=\"wp-block-image\"><figure class=\"aligncenter\"><img decoding=\"async\" loading=\"lazy\" width=\"800\" height=\"600\" src=\"https:\/\/speyer24news.com\/wp-content\/uploads\/2019\/11\/IMG_20191130_091142.jpg\" alt=\"\" class=\"wp-image-22557\" srcset=\"https:\/\/speyer24news.com\/wp-content\/uploads\/2019\/11\/IMG_20191130_091142.jpg 800w, https:\/\/speyer24news.com\/wp-content\/uploads\/2019\/11\/IMG_20191130_091142-300x225.jpg 300w, https:\/\/speyer24news.com\/wp-content\/uploads\/2019\/11\/IMG_20191130_091142-768x576.jpg 768w, https:\/\/speyer24news.com\/wp-content\/uploads\/2019\/11\/IMG_20191130_091142-678x509.jpg 678w, https:\/\/speyer24news.com\/wp-content\/uploads\/2019\/11\/IMG_20191130_091142-326x245.jpg 326w, https:\/\/speyer24news.com\/wp-content\/uploads\/2019\/11\/IMG_20191130_091142-80x60.jpg 80w\" sizes=\"(max-width: 800px) 100vw, 800px\" \/><\/figure><\/div>\n\n\n\n<p><strong>Speyer &#8211; <\/strong>Die W\u00e4hlergruppe Schneider hat von Anbeginn zugesagt, nach Ma\u00dfgabe des gesunden Menschenverstandes und im Rahmen ihrer M\u00f6glichkeiten, in allen Sachfragen zugunsten der Stadt Speyer und ihrer B\u00fcrger konstruktiv mitzuarbeiten.<\/p>\n\n\n\n<p>Die dauerhafte Unterbrechung\u00a0 einer wichtigen Verkehrsader wie der Salierbr\u00fccke ist f\u00fcr Pendler eine unerfreuliche und f\u00fcr Gewerbetreibende eine ernst zu nehmende Beeintr\u00e4chtigung. Leider unvermeidbar, aber f\u00fcr die Betroffenen zeitlich nicht unbegrenzt hinnehmbar. Da Politik und Wirtschaft hinsichtlich des Gemeinwohls untrennbar miteinander verbunden sind, \u00a0sollte der schleppende Baufortschritt und die zus\u00e4tzliche Verz\u00f6gerung \u00a0von einem Jahr, Ansto\u00df f\u00fcr Stadtpolitiker und \u2013verwaltung sein, jetzt aktiv t\u00e4tig zu werden, um Schlimmeres zu verh\u00fcten, denn immerhin ist Speyer die Stadt, welche vorrangig \u00a0darunter leidet. Der Umstand, da\u00df diese Sanierungsma\u00dfnahme federf\u00fchrend vom Regierungspr\u00e4sidium Karlsruhe geleitet wird, macht Einflu\u00dfnahmen schwierig, schlie\u00dft diese aber nicht grunds\u00e4tzlich aus.<\/p>\n\n\n\n<div class=\"wp-block-image\"><figure class=\"aligncenter\"><img decoding=\"async\" loading=\"lazy\" width=\"800\" height=\"600\" src=\"https:\/\/speyer24news.com\/wp-content\/uploads\/2019\/11\/IMG_20191130_090446.jpg\" alt=\"\" class=\"wp-image-22553\" srcset=\"https:\/\/speyer24news.com\/wp-content\/uploads\/2019\/11\/IMG_20191130_090446.jpg 800w, https:\/\/speyer24news.com\/wp-content\/uploads\/2019\/11\/IMG_20191130_090446-300x225.jpg 300w, https:\/\/speyer24news.com\/wp-content\/uploads\/2019\/11\/IMG_20191130_090446-768x576.jpg 768w, https:\/\/speyer24news.com\/wp-content\/uploads\/2019\/11\/IMG_20191130_090446-678x509.jpg 678w, https:\/\/speyer24news.com\/wp-content\/uploads\/2019\/11\/IMG_20191130_090446-326x245.jpg 326w, https:\/\/speyer24news.com\/wp-content\/uploads\/2019\/11\/IMG_20191130_090446-80x60.jpg 80w\" sizes=\"(max-width: 800px) 100vw, 800px\" \/><\/figure><\/div>\n\n\n\n<p>Wenn eine Privatperson wie Matthias Schalk diesbez\u00fcglich die Initiative \u00fcbernehmen mu\u00df und \u00a0M\u00f6glichkeiten aufzeigt, um die Verantwortlichen wachzur\u00fctteln, ist das ein bewundernswerter Einsatz, welcher eigentlich eine breite Unterst\u00fctzung seitens der Politik verdient h\u00e4tte.<\/p>\n\n\n\n<p>Insofern ist es\u00a0 nicht nachvollziehbar, weshalb die Teilnahme unserer W\u00e4hlergruppe f\u00fcr Irritationen gesorgt haben soll. Leicht durchschaubar und h\u00f6chst befremdlich der im \u201eEinwurf\u201c vorgetragene Appell \u00a0an die sog. demokratischen Parteien im Stadtrat.<\/p>\n\n\n\n<div class=\"wp-block-image\"><figure class=\"aligncenter\"><img decoding=\"async\" loading=\"lazy\" width=\"800\" height=\"600\" src=\"https:\/\/speyer24news.com\/wp-content\/uploads\/2019\/11\/IMG_20191130_092854.jpg\" alt=\"\" class=\"wp-image-22564\" srcset=\"https:\/\/speyer24news.com\/wp-content\/uploads\/2019\/11\/IMG_20191130_092854.jpg 800w, https:\/\/speyer24news.com\/wp-content\/uploads\/2019\/11\/IMG_20191130_092854-300x225.jpg 300w, https:\/\/speyer24news.com\/wp-content\/uploads\/2019\/11\/IMG_20191130_092854-768x576.jpg 768w, https:\/\/speyer24news.com\/wp-content\/uploads\/2019\/11\/IMG_20191130_092854-678x509.jpg 678w, https:\/\/speyer24news.com\/wp-content\/uploads\/2019\/11\/IMG_20191130_092854-326x245.jpg 326w, https:\/\/speyer24news.com\/wp-content\/uploads\/2019\/11\/IMG_20191130_092854-80x60.jpg 80w\" sizes=\"(max-width: 800px) 100vw, 800px\" \/><\/figure><\/div>\n\n\n\n<p><strong>Zur Erinnerung:<\/strong>\u00a0 Die W\u00e4hlergruppe Schneider wurde demokratisch, unter Anwendung\u00a0 rechtstaatlicher Methoden gew\u00e4hlt und hat sich schon immer zu den Prinzipien unseres demokratischen Rechtsstaates bekannt. Insofern hat sich tats\u00e4chlich eine demokratische Gruppierung hinter die Betroffenen und insbesondere den Initiator des Protestes gestellt.<br>Im Gegensatz zur W\u00e4hlergruppe Schneider haben die \u00fcbrigen Parteien, ebenso wie ma\u00dfgebliche Personen von Stadtvorstand und Wirtschaftsf\u00f6rderung, durch Abwesenheit \u00a0in besch\u00e4mender Weise ihre Indolenz und Gleichg\u00fcltigkeit zu diesem Problem bekundet. <br>Eine Gleichg\u00fcltigkeit derselben Qualit\u00e4t, mit der 2017 die Inanspruchnahme des \u00a0Konversionsgel\u00e4ndes in Speyer-Nord f\u00fcr eine\u00a0 dauerhafte Landeserstaufnahmeeinrichtung, von allen politischen Akteuren widerspruchslos hingenommen wurde, obwohl \u00a0Alternativen vorhanden gewesen w\u00e4ren. <\/p>\n\n\n\n<p>Bei\nsymbolpoltischen Schauveranstaltungen, wie der Ausrufung des \u201eKlimanotstandes\u201c\noder eines \u201esicheren Hafens\u201c, laufen die sog. demokratischen Parteien Speyers\nzu Hochform auf, jedoch bei einem konkreten und dringlichen Problem, reicht es\nnoch nicht einmal zu einer Geste der Solidarit\u00e4t \u2013 ein Armutszeugnis.<\/p>\n\n\n\n<p><em>Matthias Schneider<br>05.12.2019<\/em><\/p>\n\n\n\n<h2 class=\"wp-block-heading\">Entlaufener Hund der auch in Speyer gesichtet wurde<\/h2>\n\n\n\n<p>Bitte die Augen offen halten und lediglich Sichtungen melden. Bitte mit Ort, Zeit und ungef\u00e4hrer Laufrichtung des Hundes, vielen Dank.<\/p>\n\n\n\n<p><strong><em>Anmerkung der Redaktion:<\/em><\/strong> Bei den Bildern handelt es sich jeweils um das gleiche Tier bei verschiedenen Sichtungen.<\/p>\n\n\n\n<div class=\"wp-block-image\"><figure class=\"aligncenter\"><img decoding=\"async\" loading=\"lazy\" width=\"480\" height=\"640\" src=\"https:\/\/speyer24news.com\/wp-content\/uploads\/2019\/12\/Entlaufener-Hund.jpg\" alt=\"\" class=\"wp-image-22694\" srcset=\"https:\/\/speyer24news.com\/wp-content\/uploads\/2019\/12\/Entlaufener-Hund.jpg 480w, https:\/\/speyer24news.com\/wp-content\/uploads\/2019\/12\/Entlaufener-Hund-225x300.jpg 225w\" sizes=\"(max-width: 480px) 100vw, 480px\" \/><\/figure><\/div>\n\n\n\n<p><em>Entlaufende Hunde Vorderpfalz-Beratungsteam<br>05.12.2019<\/em><\/p>\n","protected":false},"excerpt":{"rendered":"<div class=\"mh-excerpt\"><p>Stellungnahme der W\u00e4hlergruppe Schneider zum Thema Salierbr\u00fccke RHEINPFALZ \u00a0v. 2.12.2019 \u201eDer Bogen ist \u00fcberspannt\u201c u. \u201eEinwurf\u201c \u00a0v. Ellen Korelus-Bruder Speyer &#8211; Die W\u00e4hlergruppe Schneider hat von Anbeginn zugesagt, nach Ma\u00dfgabe des gesunden Menschenverstandes und im <a class=\"mh-excerpt-more\" href=\"https:\/\/speyer24news.com\/?p=22692\" title=\"Leserbrief\">[&#8230;]<\/a><\/p>\n<\/div>","protected":false},"author":3,"featured_media":0,"comment_status":"open","ping_status":"open","sticky":false,"template":"","format":"standard","meta":{"_monsterinsights_skip_tracking":false,"_monsterinsights_sitenote_active":false,"_monsterinsights_sitenote_note":"","_monsterinsights_sitenote_category":0,"footnotes":""},"categories":[1453],"tags":[4779,4670,6,214],"aioseo_notices":[],"amp_enabled":true,"_links":{"self":[{"href":"https:\/\/speyer24news.com\/index.php?rest_route=\/wp\/v2\/posts\/22692"}],"collection":[{"href":"https:\/\/speyer24news.com\/index.php?rest_route=\/wp\/v2\/posts"}],"about":[{"href":"https:\/\/speyer24news.com\/index.php?rest_route=\/wp\/v2\/types\/post"}],"author":[{"embeddable":true,"href":"https:\/\/speyer24news.com\/index.php?rest_route=\/wp\/v2\/users\/3"}],"replies":[{"embeddable":true,"href":"https:\/\/speyer24news.com\/index.php?rest_route=%2Fwp%2Fv2%2Fcomments&post=22692"}],"version-history":[{"count":1,"href":"https:\/\/speyer24news.com\/index.php?rest_route=\/wp\/v2\/posts\/22692\/revisions"}],"predecessor-version":[{"id":22695,"href":"https:\/\/speyer24news.com\/index.php?rest_route=\/wp\/v2\/posts\/22692\/revisions\/22695"}],"wp:attachment":[{"href":"https:\/\/speyer24news.com\/index.php?rest_route=%2Fwp%2Fv2%2Fmedia&parent=22692"}],"wp:term":[{"taxonomy":"category","embeddable":true,"href":"https:\/\/speyer24news.com\/index.php?rest_route=%2Fwp%2Fv2%2Fcategories&post=22692"},{"taxonomy":"post_tag","embeddable":true,"href":"https:\/\/speyer24news.com\/index.php?rest_route=%2Fwp%2Fv2%2Ftags&post=22692"}],"curies":[{"name":"wp","href":"https:\/\/api.w.org\/{rel}","templated":true}]}}