{"id":22875,"date":"2019-12-06T13:11:50","date_gmt":"2019-12-06T12:11:50","guid":{"rendered":"https:\/\/speyer24news.com\/?p=22875"},"modified":"2019-12-06T13:14:55","modified_gmt":"2019-12-06T12:14:55","slug":"wirtschaft","status":"publish","type":"post","link":"https:\/\/speyer24news.com\/?p=22875","title":{"rendered":"Wirtschaft"},"content":{"rendered":"<style type=\"text\/css\">\r\n\t.ads_top_disp{}\r\n\t.ads_top_corner_disp{ float:left; margin:0px 10px 10px 0px; }\r\n\t.ads_first_p_disp{}\r\n\t.ads_bottom_disp{}\r\n\t<\/style>\n<h2 class=\"wp-block-heading\">Unverpacktladen Speyer<\/h2>\n\n\n\n<div class=\"wp-block-image\"><figure class=\"aligncenter\"><img decoding=\"async\" loading=\"lazy\" width=\"800\" height=\"314\" src=\"https:\/\/speyer24news.com\/wp-content\/uploads\/2019\/12\/Unverpackt-Kaufladen-Logo.png\" alt=\"\" class=\"wp-image-22881\" srcset=\"https:\/\/speyer24news.com\/wp-content\/uploads\/2019\/12\/Unverpackt-Kaufladen-Logo.png 800w, https:\/\/speyer24news.com\/wp-content\/uploads\/2019\/12\/Unverpackt-Kaufladen-Logo-300x118.png 300w, https:\/\/speyer24news.com\/wp-content\/uploads\/2019\/12\/Unverpackt-Kaufladen-Logo-768x301.png 768w\" sizes=\"(max-width: 800px) 100vw, 800px\" \/><\/figure><\/div>\n\n\n\n<h3 class=\"wp-block-heading\">Er\u00f6ffnungsfeier<\/h3>\n\n\n\n<p>Geduld war gefragt in den vergangenen Monaten. Bei uns, unseren  Helfenden, k\u00fcnftigen Kund*innen und Freunden und Familie. Nach fast  acht Monaten Bauzeit k\u00f6nnen wir endlich verk\u00fcnden: Wir er\u00f6ffnen!<\/p>\n\n\n\n<p><strong>Am 6. Dezember ab 15 Uhr wird gefeiert<\/strong>  &#8211; wir wollen den fertigen Laden voller Stolz zeigen, unsere Produzent*innen, Lieferant*innen und Produkte pr\u00e4sentieren. In vorweihnachtlichem Ambiente kann probiert und angesto\u00dfen werden. Wir wollen miteinander feiern &#8211; <strong>einkaufen k\u00f6nnt ihr dann direkt am n\u00e4chsten Tag.<\/strong><\/p>\n\n\n\n<div class=\"wp-block-image\"><figure class=\"aligncenter\"><img decoding=\"async\" loading=\"lazy\" width=\"500\" height=\"500\" src=\"https:\/\/speyer24news.com\/wp-content\/uploads\/2019\/12\/IMG_0186-1.jpg\" alt=\"\" class=\"wp-image-22877\" srcset=\"https:\/\/speyer24news.com\/wp-content\/uploads\/2019\/12\/IMG_0186-1.jpg 500w, https:\/\/speyer24news.com\/wp-content\/uploads\/2019\/12\/IMG_0186-1-150x150.jpg 150w, https:\/\/speyer24news.com\/wp-content\/uploads\/2019\/12\/IMG_0186-1-300x300.jpg 300w\" sizes=\"(max-width: 500px) 100vw, 500px\" \/><\/figure><\/div>\n\n\n\n<h3 class=\"wp-block-heading\">Verkaufsstart<\/h3>\n\n\n\n<p>Wir wollen mit Euch feiern, dass unser Laden fertig ist. Deshalb ist bei der Er\u00f6ffnungsfeier Zeit, um Fragen zu beantworten, unsere Produkte zu  pr\u00e4sentieren und anzusto\u00dfen. <\/p>\n\n\n\n<p><strong>Ihr k\u00f6nnt deshalb erst am Samstag, den 7. Dezember zwischen 10 und 15 Uhr bei uns einkaufen.<\/strong><\/p>\n\n\n\n<div class=\"wp-block-image\"><figure class=\"aligncenter\"><img decoding=\"async\" loading=\"lazy\" width=\"800\" height=\"667\" src=\"https:\/\/speyer24news.com\/wp-content\/uploads\/2019\/12\/Unverpackt-4-Foto-27.05.19.jpg\" alt=\"\" class=\"wp-image-22878\" srcset=\"https:\/\/speyer24news.com\/wp-content\/uploads\/2019\/12\/Unverpackt-4-Foto-27.05.19.jpg 800w, https:\/\/speyer24news.com\/wp-content\/uploads\/2019\/12\/Unverpackt-4-Foto-27.05.19-300x250.jpg 300w, https:\/\/speyer24news.com\/wp-content\/uploads\/2019\/12\/Unverpackt-4-Foto-27.05.19-768x640.jpg 768w\" sizes=\"(max-width: 800px) 100vw, 800px\" \/><\/figure><\/div>\n\n\n\n<h3 class=\"wp-block-heading\">Geplante \u00d6ffnungszeiten<\/h3>\n\n\n\n<p>Montag bis Freitag sind wir von 10 bis 18 Uhr f\u00fcr Euch da, samstags zwischen 10 und 15 Uhr.<\/p>\n\n\n\n<div class=\"wp-block-image\"><figure class=\"aligncenter\"><img decoding=\"async\" loading=\"lazy\" width=\"800\" height=\"600\" src=\"https:\/\/speyer24news.com\/wp-content\/uploads\/2019\/12\/Unverpackt-Laden-Speyer-2.jpg\" alt=\"\" class=\"wp-image-22879\" srcset=\"https:\/\/speyer24news.com\/wp-content\/uploads\/2019\/12\/Unverpackt-Laden-Speyer-2.jpg 800w, https:\/\/speyer24news.com\/wp-content\/uploads\/2019\/12\/Unverpackt-Laden-Speyer-2-300x225.jpg 300w, https:\/\/speyer24news.com\/wp-content\/uploads\/2019\/12\/Unverpackt-Laden-Speyer-2-768x576.jpg 768w, https:\/\/speyer24news.com\/wp-content\/uploads\/2019\/12\/Unverpackt-Laden-Speyer-2-678x509.jpg 678w, https:\/\/speyer24news.com\/wp-content\/uploads\/2019\/12\/Unverpackt-Laden-Speyer-2-326x245.jpg 326w, https:\/\/speyer24news.com\/wp-content\/uploads\/2019\/12\/Unverpackt-Laden-Speyer-2-80x60.jpg 80w\" sizes=\"(max-width: 800px) 100vw, 800px\" \/><\/figure><\/div>\n\n\n\n<h3 class=\"wp-block-heading\">Uns findet ihr hier:<\/h3>\n\n\n\n<p>Sobetzko &amp; Etzkorn GbR<br>Gro\u00dfe Greifengasse 1<br>67346 Speyer<\/p>\n\n\n\n<p><em>Sobetzko &amp; Etzkorn GbR \/ unverpackt Kaufladen Speyer<br>06.12.2019<\/em><\/p>\n","protected":false},"excerpt":{"rendered":"<div class=\"mh-excerpt\"><p>Unverpacktladen Speyer Er\u00f6ffnungsfeier Geduld war gefragt in den vergangenen Monaten. Bei uns, unseren Helfenden, k\u00fcnftigen Kund*innen und Freunden und Familie. Nach fast acht Monaten Bauzeit k\u00f6nnen wir endlich verk\u00fcnden: Wir er\u00f6ffnen! Am 6. Dezember ab <a class=\"mh-excerpt-more\" href=\"https:\/\/speyer24news.com\/?p=22875\" title=\"Wirtschaft\">[&#8230;]<\/a><\/p>\n<\/div>","protected":false},"author":3,"featured_media":0,"comment_status":"open","ping_status":"open","sticky":false,"template":"","format":"standard","meta":{"_monsterinsights_skip_tracking":false,"_monsterinsights_sitenote_active":false,"_monsterinsights_sitenote_note":"","_monsterinsights_sitenote_category":0,"footnotes":""},"categories":[29],"tags":[4798,1258,1257,6,4796,4797,4799],"aioseo_notices":[],"amp_enabled":true,"_links":{"self":[{"href":"https:\/\/speyer24news.com\/index.php?rest_route=\/wp\/v2\/posts\/22875"}],"collection":[{"href":"https:\/\/speyer24news.com\/index.php?rest_route=\/wp\/v2\/posts"}],"about":[{"href":"https:\/\/speyer24news.com\/index.php?rest_route=\/wp\/v2\/types\/post"}],"author":[{"embeddable":true,"href":"https:\/\/speyer24news.com\/index.php?rest_route=\/wp\/v2\/users\/3"}],"replies":[{"embeddable":true,"href":"https:\/\/speyer24news.com\/index.php?rest_route=%2Fwp%2Fv2%2Fcomments&post=22875"}],"version-history":[{"count":2,"href":"https:\/\/speyer24news.com\/index.php?rest_route=\/wp\/v2\/posts\/22875\/revisions"}],"predecessor-version":[{"id":22882,"href":"https:\/\/speyer24news.com\/index.php?rest_route=\/wp\/v2\/posts\/22875\/revisions\/22882"}],"wp:attachment":[{"href":"https:\/\/speyer24news.com\/index.php?rest_route=%2Fwp%2Fv2%2Fmedia&parent=22875"}],"wp:term":[{"taxonomy":"category","embeddable":true,"href":"https:\/\/speyer24news.com\/index.php?rest_route=%2Fwp%2Fv2%2Fcategories&post=22875"},{"taxonomy":"post_tag","embeddable":true,"href":"https:\/\/speyer24news.com\/index.php?rest_route=%2Fwp%2Fv2%2Ftags&post=22875"}],"curies":[{"name":"wp","href":"https:\/\/api.w.org\/{rel}","templated":true}]}}