{"id":22901,"date":"2019-12-09T07:55:52","date_gmt":"2019-12-09T06:55:52","guid":{"rendered":"https:\/\/speyer24news.com\/?p=22901"},"modified":"2019-12-09T07:59:35","modified_gmt":"2019-12-09T06:59:35","slug":"polizei-144","status":"publish","type":"post","link":"https:\/\/speyer24news.com\/?p=22901","title":{"rendered":"Polizei"},"content":{"rendered":"<style type=\"text\/css\">\r\n\t.ads_top_disp{}\r\n\t.ads_top_corner_disp{ float:left; margin:0px 10px 10px 0px; }\r\n\t.ads_first_p_disp{}\r\n\t.ads_bottom_disp{}\r\n\t<\/style>\n<h2 class=\"wp-block-heading\">Polizeimeldungen vom Sonntag (08.12.2019)<\/h2>\n\n\n\n<div class=\"wp-block-image\"><figure class=\"aligncenter\"><img decoding=\"async\" src=\"https:\/\/speyer24news.com\/wp-content\/uploads\/2019\/11\/Aktuelles-Polizeilogo.jpg\" alt=\"\" class=\"wp-image-21845\"\/><\/figure><\/div>\n\n\n\n<h4 class=\"wp-block-heading\">(Speyer) &#8211; Fahrt unter Drogeneinfluss beendet<\/h4>\n\n\n\n<p>Ein 24-j\u00e4hriger Autofahrer aus Speyer wurde am fr\u00fchen Sonntagmorgen,   08.12.2019, 03:10 Uhr, durch Polizeibeamte der Polizeiinspektion Speyer  in der Bahnhofstra\u00dfe kontrolliert. Dabei konnten drogentypische  Auff\u00e4lligkeiten festgestellt werden, die durch einen positiven Urintest  best\u00e4tigt wurden. <\/p>\n\n\n\n<p>Dem jungen Mann wurde eine Blutprobe entnommen \nund die Weiterfahrt untersagt. Ihn erwartet ein \nOrdnungswidrigkeitenverfahren wegen F\u00fchren eines Kraftfahrzeugs unter \ndem Einfluss von Bet\u00e4ubungsmitteln. <\/p>\n\n\n\n<h4 class=\"wp-block-heading\">(Speyer) &#8211; \u00d6lspur f\u00fchrt zur T\u00e4terermittlung<\/h4>\n\n\n\n<p>Ein 76-j\u00e4hriger Mann aus Dudenhofen hatte Samstagnacht sein Auto auf dem Parkplatz  eines Supermarktes in Speyer-West abgestellt und einen Spaziergang  unternommen. Als er zur\u00fcckkam, stellte er fest, dass der Parkplatz mit  einer Schranke geschlossen war und er diesen auf normalem Wege nicht  mehr verlassen konnte. Daher fuhr er mit seinem Auto \u00fcber einen  angrenzenden Gr\u00fcnsteifen und riss sich dabei die \u00d6lwanne auf. Im  Anschluss fl\u00fcchtete er von der Unfallstelle, indem er sein Auto durch  ein ortsans\u00e4ssiges Abschleppunternehmen abschleppen lie\u00df und nicht die  Polizei verst\u00e4ndigte. Aufgrund der entstandenen \u00d6lspur, musste die  Stra\u00dfe umfassend gereinigt werden, was ebenfalls durch eine zu o.g.  Unternehmen geh\u00f6rende Reinigungsfirma vorgenommen wurde. Der zeitliche  und \u00f6rtliche Zusammenhang f\u00fchrte jedoch letztlich zur Ermittlung des  gefl\u00fcchteten Autofahrers. <\/p>\n\n\n\n<p>Ihn erwartet ein Ermittlungsverfahren wegen Verkehrsunfallflucht. <\/p>\n\n\n\n<h4 class=\"wp-block-heading\">(Speyer) &#8211; Einbruch in Handywerkstatt \/ Hoher Sachschaden &#8211; Zeugen gesucht<\/h4>\n\n\n\n<p>Unbekannte T\u00e4ter brachen in der Nacht von Freitag, 06.12.2019 22:30 Uhr  &#8211; auf Samstag, 07.12.2019, 02:00 Uhr in eine Werkstatt in Speyer-West  ein, die elektronische Ger\u00e4te, u.a. Handys annimmt und repariert. Die  beiden T\u00e4ter drangen durch die Eingangst\u00fcr in das Gesch\u00e4ft ein und  verursachten einen hohen Sachschaden im vierstelligen Bereich. <\/p>\n\n\n\n<h4 class=\"wp-block-heading\">(B\u00f6hl-Iggelheim) &#8211; Verkehrsunfall und keinen F\u00fchrerschein<\/h4>\n\n\n\n<p>Am Freitagmittag kam es auf der L528 in Fahrtrichtung Speyer zu einem  Verkehrsunfall mit drei beteiligten Fahrzeugen. Die Fahrerin eines  Citroen und der Fahrer eines Dacia hielten kurz vor der Kl\u00e4ranlage  verkehrsbedingt bis zum Stillstand an. Dies \u00fcbersah ein 40-j\u00e4hriger  Fahrer eines VW Polo, der auf den Dacia auffuhr, wodurch dieser auf den  Citroen geschoben wurde. Der Polo und der Dacia waren aufgrund des  Schadens nicht mehr fahrbereit und mussten abgeschleppt werden. Da auch  noch Betriebsstoffe ausliefen, wurde die Feuerwehr hinzugeholt. Im  Verlauf der Unfallaufnahme wurde bekannt, das der 40-j\u00e4hrige  Unfallverursacher nicht im Besitz einer g\u00fcltigen Fahrerlaubnis ist.  Aufgrund dessen erwartet den Mann nun eine Strafanzeige. <\/p>\n\n\n\n<h4 class=\"wp-block-heading\">(Waldsee \/ Limburgerhof) &#8211; Betr\u00fcgerische Anrufe<\/h4>\n\n\n\n<p>Anrufe von einer angeblichen Nichte mit Geldnot bekamen am Wochenende  eine 76-J\u00e4hrige aus Waldsee und eine 77-J\u00e4hrige aus Limburgerhof. In  beiden F\u00e4llen wurde das Gespr\u00e4ch beendet, ohne das es zu einem Schaden  kam. <\/p>\n\n\n\n<h4 class=\"wp-block-heading\">(Altrip) &#8211; Betrunken auf gestohlenem Fahrrad<\/h4>\n\n\n\n<p>In der Nacht von Freitag auf Samstag wurde eine randalierende Person in  der Moltkestra\u00dfe gemeldet, die nach kurzer Suche in der Ludwigstra\u00dfe  auf einem Fahrrad einer Kontrolle unterzogen werden konnte. Ein  Atemalkoholtest ergab einen Wert von 2,17 Promille. Im weiteren Verlauf  stellte sich heraus, dass das Fahrrad nicht dem 24-J\u00e4hrigen geh\u00f6rt,  sondern von ihm in derselben Nacht entwendet wurde. Den jungen Mann  erwarten nun entsprechende Strafanzeigen. <\/p>\n\n\n\n<h4 class=\"wp-block-heading\">(Lingenfeld) &#8211; Tageswohnungseinbruch in Lingenfeld<\/h4>\n\n\n\n<p>Bisher unbekannte T\u00e4ter brachen am Freitag in dem Zeitraum von 16:00  Uhr bis 18:30 Uhr in ein Einfamilienhaus in der Kirschenallee in  Lingenfeld ein und entwendeten hierbei Schmuck in unbekanntem Wert. Die  T\u00e4ter gelangten \u00fcber den Balkon in das Anwesen, indem sie die Balkont\u00fcr  aufhebelten. Im Anwesen durchw\u00fchlten die T\u00e4ter mehrere Zimmer und  entwendeten mehrere Schmuckgegenst\u00e4nde. Im Rahmen der Fahndungsma\u00dfnahmen  konnte eine dunkelgekleidete Person im angrenzenden Waldst\u00fcck  festgestellt werden, die bei Erkennen der Polizei direkt die Flucht  ergriff. Trotz intensiver Fahndungsma\u00dfnahmen konnte die Person nicht  mehr festgestellt werden. <\/p>\n\n\n\n<p>Hinweise nimmt die Polizeiinspektion Germersheim telefonisch unter 07274\/9580 bzw. per Mail an <a href=\"mailto:pigermersheim@polizei.rlp.de\">pigermersheim@polizei.rlp.de<\/a> entgegen. <\/p>\n\n\n\n<h4 class=\"wp-block-heading\">(Lingenfeld) &#8211; Glasscheibe eines Imbisses eingeworfen<\/h4>\n\n\n\n<p>Einen Sachschaden in H\u00f6he von etwa 250 Euro verursachte ein bisher  unbekannter T\u00e4ter in der Nacht von Donnerstag auf Freitag, als er die  Glasscheibe eines Imbisses in der Hauptstra\u00dfe in Lingenfeld mittels  eines Steines einwarf. <\/p>\n\n\n\n<p>Hinweise nimmt die Polizeiinspektion Germersheim telefonisch unter 07274\/9580 bzw. per Mail an <a href=\"mailto:pigermersheim@polizei.rlp.de\">pigermersheim@polizei.rlp.de<\/a> entgegen. <\/p>\n\n\n\n<h4 class=\"wp-block-heading\">(Germersheim) &#8211; Krankenfahrstuhlfahrer auf der B 9 unterwegs<\/h4>\n\n\n\n<p>Am Samstagmorgen wurde der Polizei Germersheim gegen 03:30 Uhr ein auf  der B 9 fahrender Krankenfahrstuhl mitgeteilt. In H\u00f6he der Ausfahrt  Germersheim-Mitte konnte der 74-j\u00e4hrige Fahrer des Krankenfahrstuhls  festgestellt werden. Es stellte sich heraus, dass der Mann an Demenz  erkrankt ist und sich wohl etwas verfahren hatte. Der 74-J\u00e4hrige und  sein Krankenfahrstuhl wurden im Anschluss wohlbehalten an die Ehefrau  \u00fcbergeben. <\/p>\n\n\n\n<h4 class=\"wp-block-heading\">(Germersheim) &#8211; Fahrzeugbrand im Industriegebiet<\/h4>\n\n\n\n<p>Am Freitagmittag kam es gegen 13 Uhr auf dem Parkplatz einer Tankstelle  im Industriegebiet in Germersheim zu einem Fahrzeugbrand. Der Brand  entstand vermutlich durch einen technischen Defekt und konnte durch die  Feuerwehr gel\u00f6scht werden. Durch den Brand wurde niemand verletzt. <\/p>\n\n\n\n<h4 class=\"wp-block-heading\">(Germersheim) &#8211; Verkehrsunfallflucht w\u00e4hrend des Einkaufens<\/h4>\n\n\n\n<p>Eine Delle an der rechten hinteren Beifahrert\u00fcr und einen Sachschaden  in H\u00f6he von etwa 200 Euro waren das Resultat einer Verkehrsunfallflucht  am Freitagmorgen. In dem Zeitraum von 10:10 Uhr bis 10:45 Uhr  besch\u00e4digte ein bisher unbekannter Verkehrsteilnehmer ein Fahrzeug,  welches auf dem Parkplatz des FMZ in Germersheim abgestellt war.  Anschlie\u00dfend entfernte sich der unbekannte Unfallverursacher unerlaubt  von der Unfall\u00f6rtlichkeit. <\/p>\n\n\n\n<p>Hinweise auf den Unfallverursacher nimmt die Polizeiinspektion Germersheim telefonisch unter 07274\/9580 bzw. per Mail an <a href=\"mailto:pigermersheim@polizei.rlp.de\">pigermersheim@polizei.rlp.de<\/a> entgegen. <\/p>\n\n\n\n<h4 class=\"wp-block-heading\">(R\u00fclzheim) &#8211; Verkehrsunfallflucht<\/h4>\n\n\n\n<p>Einen Schaden in H\u00f6he von etwa 6.000 Euro verursachte ein bisher  unbekannter Verkehrsteilnehmer am Samstagmittag auf einem Parkplatz im  Nordring in R\u00fclzheim. Der Gesch\u00e4digte stellte sein Fahrzeug am Samstag  in dem Zeitraum von 11:30 Uhr bis 12:10 Uhr auf dem Parkplatz eines  Discounters in R\u00fclzheim ab. Als er mit dem Einkauf fertig war, stellte  er einen erheblichen Schaden an der linken Fahrzeugseite seines  Fahrzeugs fest. Der bisher unbekannte Unfallverursacher fuhr vermutlich  beim Ein- oder Ausparken aus der Parkl\u00fccke gegen das Fahrzeug des  Gesch\u00e4digten und entfernte sich anschlie\u00dfend unerlaubt von der  Unfallstelle. <\/p>\n\n\n\n<p>Hinweise auf den bisher unbekannten \nUnfallverursacher nimmt die Polizeiinspektion Germersheim telefonisch \nunter 07274\/9580 bzw. per Mail an <a href=\"mailto:pigermersheim@polizei.rlp.de\">pigermersheim@polizei.rlp.de<\/a> entgegen. <\/p>\n\n\n\n<h4 class=\"wp-block-heading\">(Kandel) &#8211; Sachbesch\u00e4digung an Kinderfahrzeug in Kandel<\/h4>\n\n\n\n<p>Ein Kind fuhr am 06.12.2019 um 08 Uhr mit einem Tretroller zur  Grundschule Kandel. Als das Kind gegen 12:00 Uhr wieder zum Tretroller  kam, stellte es fest, dass der rechte Griff am Lenker des  Kinderspielzeuges gewaltsam abgetrennt wurde. Der Roller stand in einem  eigens f\u00fcr Fahrr\u00e4der und Roller der Grundsch\u00fcler eingerichteten  Bereiches. Der Sachschaden bel\u00e4uft sich auf ca. 100 Euro. Zeugen k\u00f6nnen  sich bitte an die Polizei W\u00f6rth unter der Rufnummer 07271-92210 oder <a href=\"mailto:piwoerth@polizei.rlp.de\">piwoerth@polizei.rlp.de<\/a> wenden. <\/p>\n\n\n\n<h4 class=\"wp-block-heading\">(W\u00f6rth) &#8211; Betrunkene LKW Fahrer streiten sich in W\u00f6rth<\/h4>\n\n\n\n<p>Am 07.12.2019 lagerten LKW Fahrer auf einem Gro\u00dfparkplatz eines gro\u00dfen  Automobilkonzerns. Sie warteten dort auf die Abladung ihrer  angelieferten Fracht in der kommenden Woche. Aufgrund der Anzahl von  alkoholischen Getr\u00e4nken kam es um 20:50 Uhr zwischen den M\u00e4nnern aus der  Ukraine und Wei\u00dfrussland zum t\u00e4tlichen Streit. Ein Fahrer aus  Wei\u00dfrussland wurde nach derzeitigem Stand von 5 Personen angegriffen und  von den Fahrern aus der Ukraine durch Schl\u00e4ge und Tritte verpr\u00fcgelt.  Die Streifen der PI W\u00f6rth konnten nicht zuletzt aufgrund russischer  Sprachkenntnisse die Lage kl\u00e4ren. Ein Strafverfahren wegen gef.  K\u00f6rperverletzung wurde eingeleitet, entsprechende Ermittlungen und  Zeugenbefragungen wurden durchgef\u00fchrt. Am Ende des Verfahrens wird die  Strafsache der Staatsanwaltschaft vorgelegt. Den betrunkenen LKW Fahrer  wurde die Fahrt bis zur N\u00fcchternheit untersagt und die entsprechenden  Z\u00fcndschl\u00fcssel der LKW sichergestellt. Der Gesch\u00e4digte kam mit leichten  Verletzungen davon. <\/p>\n\n\n\n<h4 class=\"wp-block-heading\">(W\u00f6rth \/ B 9) &#8211; H\u00f6ckerschwan landet auf der B9 in W\u00f6rth<\/h4>\n\n\n\n<p>Durch Verkehrsteilnehmer wurde am 07.12.2019 um 14:33 Uhr ein Schwan  auf der Fahrbahn der B9 gemeldet.  Aufgrund der Verkehrslage bestehe  eine Gefahr f\u00fcr die Verkehrsteilnehmer, sowie f\u00fcr den notgelandeten  Schwan. Die Streife vor Ort konnte das Tier feststellen, welches sich  bereits neben die Leitplanke zur\u00fcckgezogen hatte. Dennoch bestand die  Gefahr, dass der Schwan zur\u00fcck auf die Fahrbahn l\u00e4uft. Aufgrund der  Schr\u00e4glage und des Bewuchses in der B\u00f6schung neben der B9 war ein  planm\u00e4\u00dfiger Start des Tieres nicht m\u00f6glich. Das Tier wurde mit Hilfe der  verst\u00e4ndigten Tierrettung eingekreist, eingefangen und in ein  nahegelegenes Gew\u00e4sser entlassen. <\/p>\n\n\n\n<h4 class=\"wp-block-heading\">(W\u00f6rth) &#8211; Verkehrsunfall auf der Rheinbr\u00fccke W\u00f6rth<\/h4>\n\n\n\n<p>Am 06.12.2019 befuhr um 11 Uhr eine 36-j\u00e4hrige Autofahrerin mit ihrem  Ford Fiesta die B10 aus Richtung Karlsruhe kommend auf der linken  Fahrspur. Davor versetzt fuhr auf der rechten Fahrspur ein PKW mit  Anh\u00e4nger. Auf dem Anh\u00e4nger waren zwei Weihnachtsb\u00e4ume, sowie ein  Weihnachtsverkaufsstand. Der PKW mit dem offensichtlichen  Weihnachtsequipment bremste aus derzeit unbekannten Gr\u00fcnden ab, zog nach  links und stie\u00df hierbei mit dem PKW der 36-j\u00e4hrigen Autofahrerin  zusammen. Das Gespann mit vermutlichen KA-?? Kennzeichen PKW setzte  seine Fahrt fort. In vorliegender Sache wurde ein Verkehrsunfall  aufgenommen und ein Strafverfahren wegen Verkehrsunfallflucht  eingeleitet. Der Sachschaden bel\u00e4uft sich auf ca. 3000 Euro. Die Polizei  W\u00f6rth bittet Zeugen des Unfalles sich bei der Polizei W\u00f6rth unter  07271-92210 oder <a href=\"mailto:piwoert@polizei.rlp.de\">piwoert@polizei.rlp.de<\/a> zu melden. Selbstverst\u00e4ndlich darf sich auch der Unfallverursacher unter der o.a. Nummer melden. <\/p>\n\n\n\n<h4 class=\"wp-block-heading\">(Bad Bergzabern) &#8211; Schaufensterscheibe besch\u00e4digt<\/h4>\n\n\n\n<p>In der Nacht von Samstag auf Sonntag wurde von bislang unbekannten  T\u00e4tern in der Weinstra\u00dfe mutwillig eine Schaufensterscheibe eines  leerstehenden Ladenlokals eingeschlagen. Da der Eigent\u00fcmer nicht  erreicht werden konnte, wurde das THW zwecks Beseitigung der Scherben  und Sicherung des Anwesens verst\u00e4ndigt. <\/p>\n\n\n\n<h4 class=\"wp-block-heading\">(Bad Bergzabern) &#8211; Mit \u00fcber 1,8 Promille Fahrzeug gesteuert<\/h4>\n\n\n\n<p>In der Nacht von Freitag auf Samstag konnte in der Ortsmitte in Bad  Bergzabern ein unsicher fahrender PKW festgestellt werden. Bei der  anschlie\u00dfenden Kontrolle wurde festgestellt, dass die 42-j\u00e4hrige  Fahrzeugf\u00fchrerin erheblich dem Alkohol zugesprochen hatte und demnach  nicht mehr f\u00e4hig war, ihren PKW ordnungsgem\u00e4\u00df zu f\u00fchren. Zum Zwecke des  Strafverfahrens wurde ihr eine Blutprobe entnommen. Ihr F\u00fchrerschein  wurde sichergestellt. <\/p>\n\n\n\n<h4 class=\"wp-block-heading\">(Gossersweiler-Stein) &#8211; Rasenm\u00e4her entwendet<\/h4>\n\n\n\n<p>In der Nacht von Donnerstag auf Freitag wurde von bislang unbekannten  T\u00e4tern aus einem ungesicherten Schuppen in der Alten Landstra\u00dfe in  Gossersweiler-Stein ein Rasenm\u00e4her der Marke VIKING entwendet. <\/p>\n\n\n\n<h4 class=\"wp-block-heading\">(Klingenm\u00fcnster) &#8211; Einbruch in Einfamilienhaus<\/h4>\n\n\n\n<p>Unbekannte T\u00e4ter versuchten am Samstag zwischen 13 &#8211; 21 Uhr zun\u00e4chst durch Aufhebeln der r\u00fcckw\u00e4rtig  gelegenen Terrassent\u00fcr ins Anwesen zu gelangen. Da dies misslang, wurde  eine Scheibe besch\u00e4digt, um das Anwesen betreten zu k\u00f6nnen. Es wurde  Schmuck in bislang unbekannter H\u00f6he sowie \u00fcber 300 Euro Bargeld  entwendet. <\/p>\n\n\n\n<h4 class=\"wp-block-heading\">(Landau-Nu\u00dfdorf) &#8211; Betrunken mit E-Bike unterwegs<\/h4>\n\n\n\n<p>Am Sonntag gegen 02:00 Uhr in der Nacht fiel den Beamten ein Fahrer eines E-Bikes  zwischen Landau und Nu\u00dfdorf auf. Der 35-j\u00e4hrige aus dem Kreis  S\u00fcdwestpfalz ben\u00f6tigte auf der Strecke die gesamte Fahrspur und war in  Schlangenlinien unterwegs. Bei der Kontrolle konnte starker  Alkoholgeruch festgestellt werden, ein Test ergab einen Wert von 1,97  Promille. Der Mann muss sich nun in einem Strafverfahren verantworten.  Das Fahrrad musste er stehen lassen. <\/p>\n\n\n\n<h4 class=\"wp-block-heading\">(Landau-Godramstein) &#8211; Geschwindigkeitskontrolle<\/h4>\n\n\n\n<p>Am Samstag zwischen 10:30 Uhr und 11:15 Uhr wurde eine Geschwindigkeitsmessung in  der Godramsteiner Hauptstra\u00dfe in Fahrtrichtung Landau durchgef\u00fchrt.  Innerhalb von 45 Minuten wurden insgesamt 8 Verkehrsteilnehmer mit  \u00fcberh\u00f6hter Geschwindigkeit gemessen. Der Tagesschnellste war, bei  erlaubten 30 km\/h, mit 48 km\/h unterwegs. Weiterhin wurden ein  Gurtmuffel und ein Fahrer dessen lichttechnische Einrichtungen  mangelhaft waren verwarnt. <\/p>\n\n\n\n<h4 class=\"wp-block-heading\">(Landau-Queichheim) &#8211; Reifen von zwei PKW plattgestochen<\/h4>\n\n\n\n<p>In der Nacht von Freitag auf Samstag besch\u00e4digten Unbekannte mutwillig  die Reifen von zwei geparkten Pkw\u00b4s. Bei den in der Woogstra\u00dfe am  Fahrbahnrand abgestellten Fahrzeugen wurden jeweils die beiden Reifen  der Beifahrerseite zum Bordstein hin plattgestochen. Durch die  Einstichstelle entwich die komplette Luft in den Reifen, sodass beide  Pkw nicht mehr fahrbereit waren. <\/p>\n\n\n\n<p>Hinweise nimmt die Polizei Landau unter der Telefonnummer 06341 2870 oder per E-Mail <a href=\"mailto:pilandau@polizei.rlp.de\">pilandau@polizei.rlp.de<\/a> entgegen. <\/p>\n\n\n\n<h4 class=\"wp-block-heading\">(Edesheim) &#8211; Streit in der Gastst\u00e4tte<\/h4>\n\n\n\n<p>Am 07.12.2019 gegen 23:30 kam es in einer Gastst\u00e4tte in Edesheim zu  einem Disput zwischen dem Wirt und einem Gast. Im Rahmen dessen wurde  der Gast durch den Wirt der Gastst\u00e4tte verwiesen. Daraufhin wurde der  Wirt in unfl\u00e4tiger Art und Weise beleidigt und von dem Gast bespuckt.  Noch vor Eintreffen der eingesetzten Beamten suchte der Gast das Weite.  Ein entsprechendes Strafverfahren wurde eingeleitet. Zeugen werden  gebeten, sich mit der Polizei Edenkoben (06323 9550) in Verbindung zu  setzen. <\/p>\n\n\n\n<h4 class=\"wp-block-heading\">(Venningen) &#8211; Bei Einbruch Bargeld gestohlen<\/h4>\n\n\n\n<p>Einen Spaziergang der Hauseigent\u00fcmer in den Abendstunden des 07.12.2019  nutzten unbekannte T\u00e4ter, um in ein Einfamilienhaus in Venningen in der  Stra\u00dfe am Falltor einzusteigen. Hierf\u00fcr wurde durch unbekannte T\u00e4ter  ein Fenster aufgehebelt. Aus dem Anwesen wurde Bargeld entwendet. Zeugen  werden gebeten, sich mit der Polizei Edenkoben (06323 9550) in  Verbindung zu setzen. <\/p>\n\n\n\n<h4 class=\"wp-block-heading\">(Edenkoben \/ B 10 und A 65) &#8211; Schlangenlinien und ihre Folgen<\/h4>\n\n\n\n<p>Gleich zwei Meldungen gingen bei der Polizeiinspektion Edenkoben  hinsichtlich schlangenlinienfahrender Fahrzeugf\u00fchrer ein. In beiden  F\u00e4llen konnte die Ursache f\u00fcr die Fahrweise festgestellt werden Im  ersten Fall wurde am 07.12.2019 gegen 11:55 Uhr ein  schlangenlinienfahrender PKW auf der A65 in Fahrtrichtung Karlsruhe  gemeldet. Besagter PKW konnte an der Rastst\u00e4tte Pf\u00e4lzer Weinstra\u00dfe West  einer Verkehrskontrolle unterzogen werden. Die Fahrweise begr\u00fcndete sich  damit, dass die 58-j\u00e4hrige Toyota-Fahrerin w\u00e4hrend der Fahrt  Nachrichten auf ihrem Handy schrieb. Auf die Toyota-Fahrerin wird nun  ein entsprechendes Bu\u00dfgeldverfahren zukommen. Im zweiten Fall wurden am  07.12.2019 um 15:40 Uhr ein schlangenlinienfahrender Transporter  gemeldet, welcher die B10 in Fahrtrichtung Pirmasens befahren w\u00fcrde. Der  Transporter konnte schlie\u00dflich in Alberweiler einer Kontrolle  unterzogen werden. Auf seine Fahrweise angesprochen gab der 52-j\u00e4hrige  Fahrer an, dass er w\u00e4hrend der Fahrt mit dem Handy telefoniert habe.  Dies war aber nur die halbe Wahrheit, durch die eingesetzten Beamten  konnte zudem Alkoholgeruch wahrgenommen werden. Ein durchgef\u00fchrter  Alco-Test ergab einen Wert von knapp 1,4 Promille. Genanntem Fahrer  wurde sodann auf der Dienststelle eine Blutprobe entnommen. Ein  Strafverfahren wegen Trunkenheit im Verkehr wurde eingeleitet, der  F\u00fchrerschein wurde sichergestellt. <\/p>\n\n\n\n<h4 class=\"wp-block-heading\">(Neustadt) &#8211; Wenn einer eine Reise tut &#8230;<\/h4>\n\n\n\n<div class=\"wp-block-image\"><figure class=\"aligncenter\"><img decoding=\"async\" loading=\"lazy\" width=\"800\" height=\"600\" src=\"https:\/\/speyer24news.com\/wp-content\/uploads\/2019\/12\/08.12.19-NW-VU.jpg\" alt=\"\" class=\"wp-image-22907\" srcset=\"https:\/\/speyer24news.com\/wp-content\/uploads\/2019\/12\/08.12.19-NW-VU.jpg 800w, https:\/\/speyer24news.com\/wp-content\/uploads\/2019\/12\/08.12.19-NW-VU-300x225.jpg 300w, https:\/\/speyer24news.com\/wp-content\/uploads\/2019\/12\/08.12.19-NW-VU-768x576.jpg 768w, https:\/\/speyer24news.com\/wp-content\/uploads\/2019\/12\/08.12.19-NW-VU-678x509.jpg 678w, https:\/\/speyer24news.com\/wp-content\/uploads\/2019\/12\/08.12.19-NW-VU-326x245.jpg 326w, https:\/\/speyer24news.com\/wp-content\/uploads\/2019\/12\/08.12.19-NW-VU-80x60.jpg 80w\" sizes=\"(max-width: 800px) 100vw, 800px\" \/><\/figure><\/div>\n\n\n\n<p>Am fr\u00fchen Morgen des 2. Adventsonntages (08.12.2019) war ein auf Besuch  in Deutschland weilender US-Amerikaner in der Absicht, mit seinem  Mietfahrzeug vom Bereich Landstuhl zum Flughafen nach Stuttgart zu  fahren. Die Anzeige seines Navigationsger\u00e4tes &#8211; die eine reine Fahrtzeit  von 22 Stunden anzeigte &#8211; verwunderte ihn wohl nicht, so dass er seine  Fahrt begann, die zun\u00e4chst in einem Feld beim Neustadter Ortsteil  Geinsheim endete. Dort hatten Anwohner gegen 08.30 h einen mitten im  Feld stehenden BMW mit einem darin schlafenden Mann festgestellt. Durch  die eingesetzte Funkstreife konnte der Mann geweckt werden. Der Pkw war  auf beiden Seiten stark unfallbesch\u00e4digt. Es stellte sich heraus, dass  das Navigationsger\u00e4t den Weg &#8222;als Fu\u00dfg\u00e4nger&#8220; anzeigte, was wohl dazu  f\u00fchrte, dass der Fahrer auch entsprechende Wege f\u00fcr zu Fu\u00df gehende  befuhr. Vermutlich im Bereich Ramstein durchfuhr er daher eine enge  Fu\u00dfg\u00e4ngerunterf\u00fchrung wo der Schaden entstanden sein d\u00fcrfte. Die  offensichtliche Fehleinsch\u00e4tzung beim Befahren solcher Unterf\u00fchrungen  k\u00f6nnte vielleicht auch damit zu tun haben, dass der Mann unter dem  Einfluss von Alkohol und Drogen stand. Ein Atemalkoholtest ergab einen  Wert von 1,04 Promille, ein Drogentest reagierte positiv auf das  Abbauprodukt von Marihuana. Eine Blutprobe wurde entnommen, der  F\u00fchrerschein sichergestellt. Der entstandene Sachschaden an dem Pkw  d\u00fcrfte ca. 20.000,-  Euro betragen. <\/p>\n\n\n\n<h4 class=\"wp-block-heading\">(Neustadt) &#8211; Verkehrsunfallfluchten \/ Gibt es Zeugen?<\/h4>\n\n\n\n<p>Ein Verkehrsunfall mit Flucht ereignete sich am 07.12.2019 im Zeitraum  von 11:45-13:15 Uhr. Ein auf dem Parkplatz des K\u00e4the-Kollwitz-Gymnasiums  in Neustadt ordnungsgem\u00e4\u00df in einer Parkbucht geparkter Mercedes wurde  hierbei durch einen bislang unbekannten Verursacher besch\u00e4digt. Es  entstand Sachschaden am Kotfl\u00fcgel hinten links in H\u00f6he von ca. 1.500EUR.  <\/p>\n\n\n\n<p>Ein weiterer Verkehrsunfall mit Flucht ereignete sich am selben \nTag im Zeitraum von 14:45-15:20 Uhr auf dem Parkplatz eines Discounters \nin der Martin-Luther-Stra\u00dfe. Die Fahrerin eines Hyundai i10 musste nach \nihrem Einkauf einen frischen Streifschaden an der rechten hinteren \nFahrzeugseite feststellen, welcher auf ca. 1.200EUR beziffert wird. Auch\n hier ist der Verursacher bislang unbekannt. <\/p>\n\n\n\n<p>Sich nach  Verursachen eines Verkehrsunfalls ohne vorherigen Personalienaustausch  oder Mitteilung bei der Polizei von der Unfallstelle zu entfernen,  stellt eine Straftat dar! Um die Aufkl\u00e4rung der aufgef\u00fchrten  Unfallfluchten zu erm\u00f6glichen, werden Zeugen daher gebeten, sich mit  sachdienlichen Hinweisen an die Polizei Neustadt, 06321-8540, zu wenden.<\/p>\n\n\n\n<h4 class=\"wp-block-heading\">(Neustadt) &#8211; Verkehrskontrollen im Stadtgebiet \/ Kind ohne Sicherung<\/h4>\n\n\n\n<p>Eine Kontrollstelle wurde in der Landauer Stra\u00dfe in Neustadt am  Samstag, den 07.12.2019, errichtet, um die Verkehrst\u00fcchtigkeit der  Fahrzeuge zu \u00fcberpr\u00fcfen. Hierbei kam es insgesamt zur Beanstandung der  Bef\u00f6rderung eines Kindes ohne jegliche Sicherung, einem Handyversto\u00df  sowie zwei weiteren fahrzeugtechnischen M\u00e4ngeln.<\/p>\n\n\n\n<h4 class=\"wp-block-heading\">(Neustadt) &#8211; Raser im Blick<\/h4>\n\n\n\n<p>Geschwindigkeit ist nach wie vor eine der Hauptunfallursachen. Aus  diesem Grunde wurden am 07.12.2019 Geschwindigkeitskontrollen in der  Gimmeldinger Stra\u00dfe in Neustadt durchgef\u00fchrt. Es kam zu sieben  Verwarnungen. Die h\u00f6chste gemessene Geschwindigkeit betrug 49 km\/h bei  erlaubten 30 km\/h.<\/p>\n\n\n\n<h4 class=\"wp-block-heading\">(Neustadt) &#8211; Schulwegkontrollen in Neustadt<\/h4>\n\n\n\n<p>Am Schulzentrum B\u00f6big sowie der Eichendorff-Grundschule in  Neustadt\/Weinstra\u00dfe wurden am Nikolausmorgen vor Schulbeginn  Schulwegkontrollen durchgef\u00fchrt. Hierbei wurden mehrere  verkehrserzieherische Gespr\u00e4che mit Radfahrern durchgef\u00fchrt. Bei einem  Radfahrer wurde unzureichende Beleuchtung an seinem Fahrrad bem\u00e4ngelt.<\/p>\n\n\n\n<h4 class=\"wp-block-heading\">(Esthal) &#8211; Wiederholte Trunkenheitsfahrt nach vorausgegangenem Streit<\/h4>\n\n\n\n<p>In der Nacht vom 07.12.2019 auf den 08.12.2019 wurde in einem  Vereinsheim in Esthal eine Weihnachtsfeier abgehalten. Hier kam es in  den fr\u00fchen Morgenstunden zu Streitigkeiten zwischen einer stark  alkoholisierten 54-j\u00e4hrigen Frau und mehreren anderen G\u00e4sten. In diesem  Verlauf schubste sie einen 22-j\u00e4hrigen Mann aus Lambrecht gegen eine  Theke, wodurch dieser jedoch nicht verletzt wurde. Obwohl die anderen  G\u00e4ste versucht haben sie hiervon abzuhalten stieg die Frau in ihren, auf  dem Hof des Anwesen geparkten, Kleinwagen und fuhr zun\u00e4chst trotz ihrer  Alkoholisierung davon. Nach wenigen Minuten kehrte sie jedoch mit ihrem  Fahrzeug zur \u00d6rtlichkeit zur\u00fcck, begann erneut mit den anderen  anwesenden G\u00e4sten zu diskutieren, stieg wieder in ihren PKW und fuhr  erneut davon. Dies wiederholte sie noch ein weiteres Mal. In der  Zwischenzeit wurde jedoch die Polizei alarmiert und die eintreffenden  Beamten konnten die aufgebrachte und alkoholisierte Fahrzeugf\u00fchrerin an  ihrem PKW vor dem Anwesen antreffen. Nach ihren Angaben habe sie den PKW  lediglich aus dem Hof gefahren. Ein freiwilliger Atemalkoholtest ergab  einen Wert von \u00fcber zwei Promille, weshalb der 54-j\u00e4hrigen eine  Blutprobe entnommen werden musste und die vorl\u00e4ufige Entziehung der  Fahrerlaubnis beantragt wurde. <\/p>\n\n\n\n<p>Sie muss sich nun wegen versuchter K\u00f6rperverletzung und dreifacher Trunkenheit im Verkehr verantworten. <\/p>\n\n\n\n<h4 class=\"wp-block-heading\">(Ha\u00dfloch) &#8211; Einbruchdiebstahl mit hohem Schaden<\/h4>\n\n\n\n<p>In der Zeit von Samstag, 07.12.2019, 19.30 Uhr, bis Sonntag,  08.12.2019, ca. 12.00 Uhr, kam es bei einem Motorradh\u00e4ndler in der  Hans-B\u00f6ckler-Stra\u00dfe zu einem schadenstr\u00e4chtigen Einbruchdiebstahl.  Bislang unbekannte T\u00e4ter hebelten mit brachialer Gewalt die Eingangst\u00fcr  des Gesch\u00e4ftes auf und entwendeten 10 hochwertige Motorr\u00e4der der Marke  BMW mit den dazugeh\u00f6rigen Originalschl\u00fcsseln. Des Weiteren wurden noch  hochwertige Motorradbekleidung und Motorradhelme entwendet. Auf dem  Parkplatz des Motorradh\u00e4ndlers wurden zudem an zwei geparkten PKW die  hinteren Kennzeichen gestohlen. Der Gesamtschaden bel\u00e4uft sich nach  erster Sch\u00e4tzung auf ca. 325.000 Euro. Personen, die sachdienliche  Angaben machen k\u00f6nnen werden gebeten sich mit der Polizeiinspektion  Ha\u00dfloch unter der Telefonnummer 06324-9330 oder per Mail, <a href=\"mailto:pihassloch@polizei.rlp.de\">pihassloch@polizei.rlp.de<\/a>, in Verbindung zu setzen. <\/p>\n\n\n\n<h4 class=\"wp-block-heading\">(Gemarkung Rupperstberg \/ B 271) &#8211; Schwerer Verkehrsunfall<\/h4>\n\n\n\n<div class=\"wp-block-image\"><figure class=\"aligncenter\"><img decoding=\"async\" loading=\"lazy\" width=\"800\" height=\"533\" src=\"https:\/\/speyer24news.com\/wp-content\/uploads\/2019\/12\/08.12.19-Ruppertsberg-VU-1.jpg\" alt=\"\" class=\"wp-image-22908\" srcset=\"https:\/\/speyer24news.com\/wp-content\/uploads\/2019\/12\/08.12.19-Ruppertsberg-VU-1.jpg 800w, https:\/\/speyer24news.com\/wp-content\/uploads\/2019\/12\/08.12.19-Ruppertsberg-VU-1-300x200.jpg 300w, https:\/\/speyer24news.com\/wp-content\/uploads\/2019\/12\/08.12.19-Ruppertsberg-VU-1-768x512.jpg 768w\" sizes=\"(max-width: 800px) 100vw, 800px\" \/><\/figure><\/div>\n\n\n\n<p>Am Sonntag, den 08.12.2019, gegen 21.15 Uhr ereignete sich auf der B  271, zwischen der Autobahnauffahrt zur A 65 und der Anschlussstelle  Meckenheim\/Ruppertsberg, ein schwerer Verkehrsunfall. Nach den  bisherigen Erkenntnissen befuhr eine 19-j\u00e4hrige aus Bad D\u00fcrkheim mit  ihrem Peugeot die B271 in Richtung Bad D\u00fcrkheim. Auf gerader Strecke  geriet sie aus bislang ungekl\u00e4rter Ursache in den Gegenverkehr und stie\u00df  hier mit einem entgegenkommenden Citroen Berlingo frontal zusammen. <\/p>\n\n\n\n<div class=\"wp-block-image\"><figure class=\"aligncenter\"><img decoding=\"async\" loading=\"lazy\" width=\"800\" height=\"533\" src=\"https:\/\/speyer24news.com\/wp-content\/uploads\/2019\/12\/08.12.19-Ruppertsberg-VU-2.jpg\" alt=\"\" class=\"wp-image-22909\" srcset=\"https:\/\/speyer24news.com\/wp-content\/uploads\/2019\/12\/08.12.19-Ruppertsberg-VU-2.jpg 800w, https:\/\/speyer24news.com\/wp-content\/uploads\/2019\/12\/08.12.19-Ruppertsberg-VU-2-300x200.jpg 300w, https:\/\/speyer24news.com\/wp-content\/uploads\/2019\/12\/08.12.19-Ruppertsberg-VU-2-768x512.jpg 768w\" sizes=\"(max-width: 800px) 100vw, 800px\" \/><\/figure><\/div>\n\n\n\n<p>Die  Fahrerin des Peugeot wurde schwerstverletzt, die 30-j\u00e4hrige Fahrerin  des Citroen wurde ebenfalls schwerstverletzt. Der Beifahrer des Citroen  wurde mittelschwerverletzt. Die beiden Frauen waren in ihren Fahrzeugen  eingeklemmt und mussten von der Feuerwehr mit einer Rettungsschere  befreit werden. Alle Beteiligte wurden in umliegende Krankenh\u00e4user  verbracht. Zur Kl\u00e4rung des genauen Unfallhergangs wurde ein Gutachter  beauftragt. Die B 271 war in dem zuvor genannten Bereich f\u00fcr die  Unfallaufnahme ca. 3 Stunden gesperrt. Nach einer ersten Einsch\u00e4tzung  bel\u00e4uft sich der Sachschaden auf ca. 30.000 Euro. <\/p>\n\n\n\n<h4 class=\"wp-block-heading\">(Kirchheim) &#8211; Fahrt eines PKW unter Drogeneinfluss<\/h4>\n\n\n\n<p>Am 08.12.2019 f\u00fchrte eine Funkstreife der Polizei Gr\u00fcnstadt um 06.00  Uhr eine Verkehrskontrolle in Kirchheim an der Weinstra\u00dfe durch. Im  Rahmen der Verkehrskontrolle konnten bei dem 18-j\u00e4hrigen Fahrzeugf\u00fchrer  Ausfall- und Auffallerscheinungen festgestellt werden, die auf einen  Drogenkonsum hindeuteten. Da der 18-J\u00e4hrige die Durchf\u00fchrung eines  freiwilligen Urintests verweigerte, wurde die Entnahme einer Blutprobe  angeordnet.<\/p>\n\n\n\n<h4 class=\"wp-block-heading\">(Gr\u00fcnstadt) &#8211; Vorweihnachtliches Trinken im Stra\u00dfenverkehr zum 2.Advent<\/h4>\n\n\n\n<p>Am sp\u00e4ten Samstagabend fuhr der 47-j\u00e4hrige VW-Busfahrer aus Gr\u00fcnstadt  auf das Stauende in der Kirchheimer Stra\u00dfe auf. Der Verkehr hatte sich  aufgrund der geschlossenen Bahnschranke in Richtung Kirchheim gestaut.   Insgesamt wurden zwei Motorr\u00e4der und vier PKW zusammengeschoben. Es  wurden sechs Personen leicht verletzt. Der 16-j\u00e4hrige Motorradfahrer  konnte gl\u00fccklicherweise noch vor dem Zusammensto\u00df von seiner Maschine  abspringen, die v\u00f6llig gestaucht wurde. Es entstand ein Gesamtschaden  von etwa 15.000 EUR. Die Unfallursache konnte schnell festgestellt  werden, 1,99 Promille. <\/p>\n\n\n\n<p>Gegen 2 Uhr ereignete sich ein Unfall am \nKreisel Ortseingang Sausenheim. Durch die 34-j\u00e4hrige Fahrerin aus \nDudenhofen wurde der Kreisverkehr mit 1,85 Promille \u00fcberfahren. Dabei \nwurde der Audi A4 abgelenkt und landete im Vorgarten eines Wohnhauses. \nDurch die abgerissenen \u00d6lwanne wurde die Gr\u00fcnfl\u00e4che stark verschmutzt. <\/p>\n\n\n\n<p>Ein\n weiterer PKW-Fahrer wurde von besorgten Verkehrsteilnehmer gemeldet, \nder auf der B 271\/Umgehung Gr\u00fcnstadt neben der Fahrbahn stand. Nach \nbeherztem Wachr\u00fctteln stellte sich heraus, dass der Obrigheimer Fahrer \nmassiv unter Alkohol stand. Zu einem Alkoholtest war er nicht mehr im \nStande. Aufgrund seines Zustandes wurde er auf die Intensivstation zur \nBewachung eingeliefert. <\/p>\n\n\n\n<p>Eines ist den dreien Fahrern gemeinsam: Sie werden ins neue Jahr ohne F\u00fchrerschein starten m\u00fcssen. <\/p>\n\n\n\n<h4 class=\"wp-block-heading\">(Gr\u00fcnstadt) &#8211; Erneute Sachbesch\u00e4digung an einem schwarzen VW Tiguan<\/h4>\n\n\n\n<p>Der 58-j\u00e4hrige Gesch\u00e4digte hatte seinen schwarzen VW Tiguan (SUV), wie  regelm\u00e4\u00dfig auch, am 06.12.2019 gegen 18.00 Uhr ordnungsgem\u00e4\u00df hinter  einem Fu\u00dfg\u00e4nger\u00fcberweg rechtsseitig am Fahrbahnrand im Westring hinter  der Einm\u00fcndung Obergasse in Gr\u00fcnstadt geparkt. Bereits zum 3(!) mal  wurde das Fahrzeug jetzt, vermutlich von Samstag auf Sonntag oder in den  fr\u00fchen Morgenstunden des Sonntags auf der Beifahrerseite zerkratzt. Bei  dem T\u00e4ter d\u00fcrfte es sich um eine Person handeln, die sich vermutlich  \u00fcber das Parkverhalten des Gesch\u00e4digten, das jedoch gesetzeskonform ist,  \u00e4rgert.<\/p>\n\n\n\n<h4 class=\"wp-block-heading\">(Obrigheim-M\u00fchlheim) &#8211; Sachbesch\u00e4digung durch Graffiti \/ Tag: BASK<\/h4>\n\n\n\n<div class=\"wp-block-image\"><figure class=\"aligncenter\"><img decoding=\"async\" loading=\"lazy\" width=\"800\" height=\"600\" src=\"https:\/\/speyer24news.com\/wp-content\/uploads\/2019\/12\/08.12.19-Obrigheim-Grafitti-1.jpg\" alt=\"\" class=\"wp-image-22910\" srcset=\"https:\/\/speyer24news.com\/wp-content\/uploads\/2019\/12\/08.12.19-Obrigheim-Grafitti-1.jpg 800w, https:\/\/speyer24news.com\/wp-content\/uploads\/2019\/12\/08.12.19-Obrigheim-Grafitti-1-300x225.jpg 300w, https:\/\/speyer24news.com\/wp-content\/uploads\/2019\/12\/08.12.19-Obrigheim-Grafitti-1-768x576.jpg 768w, https:\/\/speyer24news.com\/wp-content\/uploads\/2019\/12\/08.12.19-Obrigheim-Grafitti-1-678x509.jpg 678w, https:\/\/speyer24news.com\/wp-content\/uploads\/2019\/12\/08.12.19-Obrigheim-Grafitti-1-326x245.jpg 326w, https:\/\/speyer24news.com\/wp-content\/uploads\/2019\/12\/08.12.19-Obrigheim-Grafitti-1-80x60.jpg 80w\" sizes=\"(max-width: 800px) 100vw, 800px\" \/><\/figure><\/div>\n\n\n\n<p>In der Nacht von Samstag, den 07.12.2019 auf Sonntag, den 08.12.2019  hat ein unbekannter T\u00e4ter die R\u00fcckseite der Grundschule in M\u00fchlheim mit  Graffiti beschmiert. <\/p>\n\n\n\n<figure class=\"wp-block-image\"><img decoding=\"async\" loading=\"lazy\" width=\"800\" height=\"600\" src=\"https:\/\/speyer24news.com\/wp-content\/uploads\/2019\/12\/08.12.19-Obrigheim-Grafitti-2.jpg\" alt=\"\" class=\"wp-image-22911\" srcset=\"https:\/\/speyer24news.com\/wp-content\/uploads\/2019\/12\/08.12.19-Obrigheim-Grafitti-2.jpg 800w, https:\/\/speyer24news.com\/wp-content\/uploads\/2019\/12\/08.12.19-Obrigheim-Grafitti-2-300x225.jpg 300w, https:\/\/speyer24news.com\/wp-content\/uploads\/2019\/12\/08.12.19-Obrigheim-Grafitti-2-768x576.jpg 768w, https:\/\/speyer24news.com\/wp-content\/uploads\/2019\/12\/08.12.19-Obrigheim-Grafitti-2-678x509.jpg 678w, https:\/\/speyer24news.com\/wp-content\/uploads\/2019\/12\/08.12.19-Obrigheim-Grafitti-2-326x245.jpg 326w, https:\/\/speyer24news.com\/wp-content\/uploads\/2019\/12\/08.12.19-Obrigheim-Grafitti-2-80x60.jpg 80w\" sizes=\"(max-width: 800px) 100vw, 800px\" \/><\/figure>\n\n\n\n<p>Aufgrund der abgelegenen und f\u00fcr die \u00d6ffentlichkeit eher unbedeutenden \u00d6rtlichkeit und der Qualit\u00e4t der Tags ist davon auszugehen, dass es sich um einen ortsans\u00e4ssigen T\u00e4ter handelt, der die \u00d6rtlichkeit zum \u00dcben nutzt. <\/p>\n\n\n\n<div class=\"wp-block-image\"><figure class=\"aligncenter\"><img decoding=\"async\" loading=\"lazy\" width=\"800\" height=\"600\" src=\"https:\/\/speyer24news.com\/wp-content\/uploads\/2019\/12\/08.12.19-Obrigheim-Grafitti-3.jpg\" alt=\"\" class=\"wp-image-22912\" srcset=\"https:\/\/speyer24news.com\/wp-content\/uploads\/2019\/12\/08.12.19-Obrigheim-Grafitti-3.jpg 800w, https:\/\/speyer24news.com\/wp-content\/uploads\/2019\/12\/08.12.19-Obrigheim-Grafitti-3-300x225.jpg 300w, https:\/\/speyer24news.com\/wp-content\/uploads\/2019\/12\/08.12.19-Obrigheim-Grafitti-3-768x576.jpg 768w, https:\/\/speyer24news.com\/wp-content\/uploads\/2019\/12\/08.12.19-Obrigheim-Grafitti-3-678x509.jpg 678w, https:\/\/speyer24news.com\/wp-content\/uploads\/2019\/12\/08.12.19-Obrigheim-Grafitti-3-326x245.jpg 326w, https:\/\/speyer24news.com\/wp-content\/uploads\/2019\/12\/08.12.19-Obrigheim-Grafitti-3-80x60.jpg 80w\" sizes=\"(max-width: 800px) 100vw, 800px\" \/><\/figure><\/div>\n\n\n\n<p>Es wurden entsprechende szenetypische Spraydosen sichergestellt, so dass davon auszugehen sein d\u00fcrfte, dass  der T\u00e4ter bei seiner Tat gest\u00f6rt wurde und die Dosen deshalb zur\u00fccklassen musste. <\/p>\n\n\n\n<p>Es wurde folgendes Tag verwendet: BASK<\/p>\n\n\n\n<p>(<strong><em>A.d.R.<\/em><\/strong>: Ein sogenanntes Tag ist das Erkennungsk\u00fcrzel\/Zeichen der\/des Sprayers)<\/p>\n\n\n\n<h4 class=\"wp-block-heading\">(Bockenheim) &#8211; F\u00fchren eines PKW unter Drogeneinfluss<\/h4>\n\n\n\n<p>Eine Funkstreife der Polizei Gr\u00fcnstadt f\u00fchrte am 7.12.2019 um 10.50 Uhr  in Bockenheim an der Weinstra\u00dfe eine allgemeine Verkehrskontrolle  durch. In dessen Rahmen konnten bei dem 22-j\u00e4hrigen Fahrzeugf\u00fchrer  Auffallerscheinungen festgestellt werden, die auf einen Konsum von  Drogen hindeuteten. Da der Fahrer keinen Urintest durchf\u00fchren wollte,  wurde die Entnahme einer Blutprobe angeordnet. Auf der Dienststelle  f\u00fchrte der Fahrer nun doch einen Urintest durch und gab an, dass er vor  Kurzem zum Kiffen in Venlo\/Holland gewesen w\u00e4re. Da der Urintest einen  Drogenkonsum nachwies, wurde durch einen Arzt eine Blutprobe entnommen.  In der Folge dass die Probezeit des Betroffenen laut seinen Angaben  bereits aufgrund eines anderen Deliktes auf vier Jahre verl\u00e4ngert wurde,  d\u00fcrfte ihm nun die Entziehung der Fahrerlaubnis drohen.<\/p>\n\n\n\n<h4 class=\"wp-block-heading\">(Frankenthal) &#8211; Unerlaubtes Entfernen vom Unfallort<\/h4>\n\n\n\n<p>Eine 56-j\u00e4hrige Frankenthalerin parkt vom 06.12.19 14:00Uhr bis  07.12.19 08:45Uhr ihr Auto, einen Mitsubishi Colt, auf einem  Behindertenparkplatz auf dem R\u00f6ntgenplatz in Frankenthal. Als sie zu  ihrem Auto zur\u00fcckkehrt, bemerkt sie, dass die Frontsto\u00dfstange  linksseitig durch Kratzspuren besch\u00e4digt wurde. Der Unfallverursacher  befindet sich nicht mehr vor Ort. Der Dame entstand ein Schaden von  sch\u00e4tzungsweise 500,-EUR. Wer sachdienliche Hinweise zu dem genannten  Fall geben kann, wird gebeten sich mit der Polizeiinspektion Frankenthal  unter der Rufnummer 06233\/313-0 oder der Polizeiwache Maxdorf unter der  Rufnummer 06237\/934-1100 in Verbindung zu setzen. Hinweise k\u00f6nnen auch  per E-Mail unter <a href=\"mailto:pifrankenthal@polizei.rlp.de\">pifrankenthal@polizei.rlp.de<\/a> an die Polizei \u00fcbermittelt werden. <\/p>\n\n\n\n<h4 class=\"wp-block-heading\">(Polizeiautobahnstation Ruchheim) &#8211; Weihnachtspr\u00e4vention 2019: Richtig beleuchtet im Advent<\/h4>\n\n\n\n<div class=\"wp-block-image\"><figure class=\"aligncenter\"><img decoding=\"async\" loading=\"lazy\" width=\"800\" height=\"566\" src=\"https:\/\/speyer24news.com\/wp-content\/uploads\/2019\/12\/2-Advent-Ruchheim.jpeg\" alt=\"\" class=\"wp-image-22913\" srcset=\"https:\/\/speyer24news.com\/wp-content\/uploads\/2019\/12\/2-Advent-Ruchheim.jpeg 800w, https:\/\/speyer24news.com\/wp-content\/uploads\/2019\/12\/2-Advent-Ruchheim-300x212.jpeg 300w, https:\/\/speyer24news.com\/wp-content\/uploads\/2019\/12\/2-Advent-Ruchheim-768x543.jpeg 768w\" sizes=\"(max-width: 800px) 100vw, 800px\" \/><figcaption>Richtig beleuchtet im Advent\nBild: PK&#8217;in Rogel<\/figcaption><\/figure><\/div>\n\n\n\n<p> Advent bedeutet Ankunft. Nicht nur um die Beleuchtung des  Weihnachtsbaums sollte man sich wenige Wochen vor Weihnachten Gedanken  machen, sondern gerade in der dunklen Jahreszeit ist eine  funktionsf\u00e4hige Beleuchtung im Stra\u00dfenverkehr unabdingbar, um eine  sichere Ankunft aller Verkehrsteilnehmer zu erreichen. Die  Polizeiautobahnstation Ruchheim m\u00f6chte daher anl\u00e4sslich des 2. Advents  das Licht der zweiten brennenden Kerze nutzen, um auf die Wichtigkeit  von Licht im Verkehr hinzuweisen. <\/p>\n\n\n\n<p>&#8222;Sehen und gesehen werden&#8220; \nsollte nicht nur ein Motto sein, das in Hollywood wichtig ist. Denn das \nLicht an Ihrem Fahrzeug hilft Ihnen nicht nur beim Sehen, sondern vor \nallen Dingen auch beim Gesehen werden, daher der Appell an alle \nFahrzeugnutzer, verlassen Sie sich nicht auf die Anzeige Ihres \nBordcomputers im Fahrzeug, sondern pr\u00fcfen Sie regelm\u00e4\u00dfig die Vorder-, \nR\u00fcck- und Bremslichter an Ihrem Fahrzeug und vergessen Sie auch nicht \ndas Warn-und Blinklicht. Sollte sich Ihre Ankunft n\u00e4mlich tats\u00e4chlich \neinmal wegen einer Fahrzeugpanne verz\u00f6gern, schalten Sie bitte unbedingt\n das Warnblinklicht ein und sichern Sie Ihr Fahrzeug obendrein mittels \nWarndreieck ab, um Folgeunf\u00e4lle zu verhindern. <\/p>\n\n\n\n<p>Auch wenn \nFu\u00dfg\u00e4nger und Fahrradfahrer der Autobahnpolizei eher selten im \ndienstlichen Alltag begegnen, m\u00f6chten wir auch Sie mit unserem Appell \nerreichen, machen Sie sich mit Licht kenntlich und im besten Fall ziehen\n Sie noch eine reflektierende Jacke oder Weste an, dann sollte einer \nsicheren Ankunft nichts im Wege stehen. <\/p>\n\n\n\n<p>Die Polizeiautobahnstation Ruchheim w\u00fcnscht Ihnen einen sch\u00f6nen 2. Advent. <\/p>\n\n\n\n<h4 class=\"wp-block-heading\">(Ludwigshafen-Mitte) &#8211; Verkehrsunfall mit alkoholisiertem Radfahrer<\/h4>\n\n\n\n<p>Am Samstagmittag, 07.12.2019, um 12:30 Uhr, \u00fcbersah ein 40-j\u00e4hriger  Fahrer eines VW Passat beim Ausfahren aus dem Parkhaus B\u00fcrgerhof in der  Kaiser-Wilhelm-Stra\u00dfe einen 50-j\u00e4hrigen Radfahrer. Der Radfahrer fuhr  verbotswidrig auf dem Gehweg und erschreckte sich bei Erblicken des  40-j\u00e4hrighen Fahrers. Hierbei st\u00fcrzte er, ohne dass es zu einem  Zusammensto\u00df kam, zu Boden und verletzte sich leicht am Bein. Da der  Radfahrer zum Zeitpunkt des Unfalls deutlich alkoholisiert war, wurde  ihm im Krankenhaus neben der Versorgung seines Beines eine Blutprobe  entnommen. <\/p>\n\n\n\n<h4 class=\"wp-block-heading\">(Ludwigshafen-Mitte) &#8211; Verkehrsunfall mit Verletzten<\/h4>\n\n\n\n<p>Am Samstagmorgen, 07.12.2019, um 05:43 Uhr, kam es im Kreuzungsbereich  der Lichtenbergerstra\u00dfe\/Kaiser-Wilhelm-Stra\u00dfe zu einem Verkehrsunfall  mit verletzten Personen. Ein 63-j\u00e4hriger Fahrer eines Mercedes-Benz  \u00fcbersah hierbei beim Linksabbiegen die entgegenkommende 30-j\u00e4hrige  Fahrerin eines VW Golf. Durch den Zusammensto\u00df kollidierte der  Mercedes-Benz zudem noch mit einem an der Ampel wartenden Bus eines  52-j\u00e4hrigen. Die Fahrerin des VW Golf und deren Beifahrer wurden hierbei  schwer verletzt und in ein Krankenhaus verbracht. Der Mercedes-Benz und  der VW Golf mussten abgeschleppt werden. Es entstand ein Sachschaden in  H\u00f6he von circa 6300 Euro. <\/p>\n\n\n\n<h4 class=\"wp-block-heading\">(Mannheim) &#8211; Polizeiliche Bilanz nach Techno-Event<\/h4>\n\n\n\n<p>In der Zeit zwischen Samstag, 20:00 Uhr und Sonntagmorgen, 06:00 Uhr  fand in der Mannheimer Maimarkthalle ein Techno-Event statt. Zu der  Veranstaltung kamen nach Sch\u00e4tzungen des Veranstalters etwa 11.000  Personen. <\/p>\n\n\n\n<p>Die Polizei Mannheim war mit starken Kr\u00e4ften vor Ort, \num die Sicherheit und die Gesundheit aller Konzertbesucher zu \ngew\u00e4hrleisten. <\/p>\n\n\n\n<p>Neben uniformierten Beamten waren auch zivile Kr\u00e4fte im und um den Veranstaltungsbereich eingesetzt. <\/p>\n\n\n\n<p>Dabei\n wurden gezielte Kontrollen sowohl auf aber auch au\u00dferhalb des \nMaimarktgel\u00e4ndes durchgef\u00fchrt. 118 Personen gelangten zur Anzeige wegen \n111 Verst\u00f6\u00dfen gegen das BtMG, davon drei Handelsdelikte, ein Versto\u00df \ngegen das Waffengesetz und eine Person griff einen Polizeibeamten an, \nals dieser ihn durchsuchen wollte und gelangt nun wegen des t\u00e4tlichen \nAngriffes zur Anzeige. <\/p>\n\n\n\n<p>Insgesamt wurden sichergestellt: <\/p>\n\n\n\n<ul><li>23,08 g Marihuana<\/li><li>10,76 g Haschisch<\/li><li>88x Joints<\/li><li>141x Konsumeinheiten Ecstasy<\/li><li>75,2 g Amphetamine in fester Form<\/li><li>43,2 ml Amphetamine in fl\u00fcssiger Form<\/li><li>11 Konsumeinheiten LSD<\/li><li>17 Konsumeinheiten Diazepane<\/li><li>4,32 g MDMA<\/li><li>1,96 g Kokain<\/li><li>0,6 g Pilze <\/li><\/ul>\n\n\n\n<p>Neun Personen wurden erkennungsdienstliche \nbehandelt und bei vier Ausl\u00e4ndern wurden insgesamt 800 Euro zur \nSicherstellung des Strafverfahrens einbehalten. <\/p>\n\n\n\n<p>Der Rettungsdienst musste in insgesamt 60 F\u00e4llen den Besuchern Hilfe leisten. <\/p>\n\n\n\n<p>Ein weiterer Schwerpunkt war die Gew\u00e4hrleistung der Verkehrssicherheit vor, w\u00e4hrend und nach der Veranstaltung. <\/p>\n\n\n\n<p>Insbesondere\n anreisende Besucher wurden in Hinblick auf Alkohol- und\/oder \nDrogenbeeinflussung kontrolliert. Zwei Autofahrer gelangten wegen der \nFahrt unter Drogeneinfluss zur Anzeige. <\/p>\n\n\n\n<p>Durch \nVerkehrslenkungsma\u00dfnahmen konnte, trotz der parallel stattgefundenen \nVeranstaltung in der SAP-Arena, eine reibungslose Zufahrt zum \nTechno-Event gew\u00e4hrleistet werden. <\/p>\n\n\n\n<p>Um den Anliegen der Anwohner  gerecht zu werden, wurde durch den Veranstalter ein Messtechniker  vorgehalten, um bei Beschwerden \u00fcber Ruhest\u00f6rungen umgehend reagieren zu  k\u00f6nnen. Hier ging eine Beschwerde bei der Polizei wegen zu lauter Musik  ein. <\/p>\n\n\n\n<h4 class=\"wp-block-heading\">(Heidelberg) &#8211; Pkw-Fahrerin missachtet Rotlicht \/ Ein Leichtverletzter<\/h4>\n\n\n\n<p>Am Samstagabend gegen 20.30 Uhr befuhr eine 19-j\u00e4hrige Toyota-Fahrerin  die Speyerer Stra\u00dfe in Richtung Schwetzingen. An der Einm\u00fcndung zum  Cuzaring missachtete sie beim Linksabbiegen das Rotlicht der dortigen  Ampel und fuhr in den Einm\u00fcndungsbereich ein. Hier kam es zum  Zusammensto\u00df mit einem 31-j\u00e4hrigen Hyundai-Fahrer der die Speyerer  Stra\u00dfe stadteinw\u00e4rts befuhr. Der 31-J\u00e4hrige wurde bei dem Unfall  gl\u00fccklicherweise nur leicht verletzt. Es entstand Sachschaden in H\u00f6he  von 10.000 Euro. <\/p>\n\n\n\n<h4 class=\"wp-block-heading\">(Br\u00fchl \/ Rheinau \/ Rhein-Neckar-Kreis) &#8211; Ehepaar tot aus dem Rhein geborgen, Ermittlungen der Kriminalpolizei dauern an (vgl. PM des PP MA vom 07.12.2019)<\/h4>\n\n\n\n<p>Wie bereits berichtet wurde am Samstag kurz nach 9 Uhr in Br\u00fchl ein toter Mann aus dem Rhein geborgen. <\/p>\n\n\n\n<p>Zwei Stunden sp\u00e4ter mussten Einsatzkr\u00e4fte eine weibliche Person tot aus dem Hafenbecken 21 im Rheinauhafen bergen. <\/p>\n\n\n\n<p>Beamte der Kriminalpolizeidirektion Heidelberg f\u00fchrten in der Folge umfangreiche Ermittlungen durch. <\/p>\n\n\n\n<p>Nachderzeitigem\n Ermittlungsstand gibt es keine Hinweise auf ein Fremdverschulden oder \nMitwirken Dritter am Tod des Ehepaars aus Rheinland-Pfalz. Vielmehr \nergaben Ermittlungen, dass die Eheleute gemeinsam den Freitod suchten. <\/p>\n\n\n\n<p>Weitere Details zu der Familientrag\u00f6die und Angaben zum Alter, Wohnort werden nicht ver\u00f6ffentlicht. <\/p>\n\n\n\n<p>Die Ermittlungen des Kriminalkommissariats Mannheim, der Kriminalpolizeidirektion Heidelberg dauern an. <\/p>\n\n\n\n<h4 class=\"wp-block-heading\">(Weinheim \/ Rhein-Neckar-Kreis) &#8211; Betrunkener Gast schl\u00e4gt Barkeeper<\/h4>\n\n\n\n<p>Am 07.12.2019, gg. 22.50 Uhr, kam es in einer Gastst\u00e4tte in der  Obertorstra\u00dfe in Weinheim zu einer K\u00f6rperverletzung. Ein 30-J\u00e4hriger aus  Hemsbach hatte im Laufe des Abends bereits sehr viel Alkohol  konsumiert, weshalb der 45-j\u00e4hrige Barkeeper ihm keinen weiteren Alkohol  ausschenken wollte. Schlie\u00dflich bat er den Gast, die Lokalit\u00e4t zu  verlassen. Nachdem der 30-J\u00e4hrige dem nicht nachkam und erneut ein Bier  bestellte, ging der Barkeeper um die Bar herum zum Gast und bat ihn  erneut, zu gehen. Daraufhin schlug der betrunkene Gast dem Barkeeper mit  der Faust auf die rechte Backe. Der 45-J\u00e4hrige umklammerte den  Schl\u00e4ger, um weitere Schl\u00e4ge zu verhindern und schob ihn nach drau\u00dfen.  Hierbei zog sich der Barkeeper noch eine leichte Verletzung an der Hand  zu. Beim Verlassen der \u00d6rtlichkeit st\u00fcrzte der 30-j\u00e4hrige Hemsbacher  ohne Fremdeinwirkung die Treppe runter, wobei er sich leichte  Verletzungen am Kopf zuzog. Dies hinderte ihn aber nicht, eine andere,  nahe gelegene, Gastst\u00e4tte aufzusuchen. Bei der Kontrolle durch die  eingesetzten Polizeibeamten wurde er so aggressiv, dass er in Gewahrsam  genommen werden musste. Ein Alcotest ergab einen Wert von knapp 2,5  Promille. Neben dem Ausn\u00fcchtern in einer Gewahrsamszelle wird noch eine  Strafanzeige an die Staatsanwaltschaft vorgelegt. <\/p>\n\n\n\n<h4 class=\"wp-block-heading\">(Hemsbach \/ Rhein-Neckar-Kreis) &#8211; Wohnungseinbruch in Mehrfamilienhaus<\/h4>\n\n\n\n<p>Am Samstagabend, in der Zeit von 18:30 Uhr &#8211; 21:20 Uhr, brachen bislang  unbekannte T\u00e4ter in ein Mehrfamilienhaus in der K\u00f6nigsbacher Stra\u00dfe  ein. Die T\u00e4ter hebelten hierzu ein Fenster im Erdgeschoss auf und  gelangten so in die Wohnung. <\/p>\n\n\n\n<p>Die T\u00e4ter durchw\u00fchlten im \nErdgeschoss und im Obergeschoss mehrere Schr\u00e4nke und Schubladen. Der \ngenaue Diebstahlsschaden konnte bislang noch nicht in Erfahrung gebracht\n werden. <\/p>\n\n\n\n<p>\u00dcber ein aufgehebeltes Kellerfenster gelangten die T\u00e4ter\n zudem in die Kellergeschosswohnung. Hieraus entwendeten sie Schmuck und\n Bargeld in H\u00f6he von ca. 300 Euro. <\/p>\n\n\n\n<p>Zeugen, die in diesem \nZusammenhang verd\u00e4chtige Wahrnehmungen gemacht haben, werden gebeten \nsich beim Polizeirevier Weinheim unter 06201 &#8211; 10030 oder der \nKriminalpolizei unter 0621 &#8211; 174 4444 zu melden. <\/p>\n","protected":false},"excerpt":{"rendered":"<div class=\"mh-excerpt\"><p>Polizeimeldungen vom Sonntag (08.12.2019) (Speyer) &#8211; Fahrt unter Drogeneinfluss beendet Ein 24-j\u00e4hriger Autofahrer aus Speyer wurde am fr\u00fchen Sonntagmorgen, 08.12.2019, 03:10 Uhr, durch Polizeibeamte der Polizeiinspektion Speyer in der Bahnhofstra\u00dfe kontrolliert. Dabei konnten drogentypische Auff\u00e4lligkeiten <a class=\"mh-excerpt-more\" href=\"https:\/\/speyer24news.com\/?p=22901\" title=\"Polizei\">[&#8230;]<\/a><\/p>\n<\/div>","protected":false},"author":3,"featured_media":0,"comment_status":"open","ping_status":"open","sticky":false,"template":"","format":"standard","meta":{"_monsterinsights_skip_tracking":false,"_monsterinsights_sitenote_active":false,"_monsterinsights_sitenote_note":"","_monsterinsights_sitenote_category":0,"footnotes":""},"categories":[12],"tags":[3614,53,4683,1548,102,213,55,103,106,2803,2423,427,2625,380,62,104,979,1565],"aioseo_notices":[],"amp_enabled":true,"_links":{"self":[{"href":"https:\/\/speyer24news.com\/index.php?rest_route=\/wp\/v2\/posts\/22901"}],"collection":[{"href":"https:\/\/speyer24news.com\/index.php?rest_route=\/wp\/v2\/posts"}],"about":[{"href":"https:\/\/speyer24news.com\/index.php?rest_route=\/wp\/v2\/types\/post"}],"author":[{"embeddable":true,"href":"https:\/\/speyer24news.com\/index.php?rest_route=\/wp\/v2\/users\/3"}],"replies":[{"embeddable":true,"href":"https:\/\/speyer24news.com\/index.php?rest_route=%2Fwp%2Fv2%2Fcomments&post=22901"}],"version-history":[{"count":3,"href":"https:\/\/speyer24news.com\/index.php?rest_route=\/wp\/v2\/posts\/22901\/revisions"}],"predecessor-version":[{"id":22915,"href":"https:\/\/speyer24news.com\/index.php?rest_route=\/wp\/v2\/posts\/22901\/revisions\/22915"}],"wp:attachment":[{"href":"https:\/\/speyer24news.com\/index.php?rest_route=%2Fwp%2Fv2%2Fmedia&parent=22901"}],"wp:term":[{"taxonomy":"category","embeddable":true,"href":"https:\/\/speyer24news.com\/index.php?rest_route=%2Fwp%2Fv2%2Fcategories&post=22901"},{"taxonomy":"post_tag","embeddable":true,"href":"https:\/\/speyer24news.com\/index.php?rest_route=%2Fwp%2Fv2%2Ftags&post=22901"}],"curies":[{"name":"wp","href":"https:\/\/api.w.org\/{rel}","templated":true}]}}