{"id":22903,"date":"2019-12-09T09:36:07","date_gmt":"2019-12-09T08:36:07","guid":{"rendered":"https:\/\/speyer24news.com\/?p=22903"},"modified":"2019-12-09T09:56:59","modified_gmt":"2019-12-09T08:56:59","slug":"freizeit-luisenpark-mannheim-4","status":"publish","type":"post","link":"https:\/\/speyer24news.com\/?p=22903","title":{"rendered":"Freizeit \/ Luisenpark Mannheim"},"content":{"rendered":"<style type=\"text\/css\">\r\n\t.ads_top_disp{}\r\n\t.ads_top_corner_disp{ float:left; margin:0px 10px 10px 0px; }\r\n\t.ads_first_p_disp{}\r\n\t.ads_bottom_disp{}\r\n\t<\/style>\n<figure class=\"wp-block-image\"><img decoding=\"async\" src=\"https:\/\/speyer24news.com\/wp-content\/uploads\/2019\/11\/LuPa.jpg\" alt=\"\" class=\"wp-image-21912\"\/><\/figure>\n\n\n\n<h2 class=\"wp-block-heading\">Jahreskarte f\u00fcr die Mannheimer Stadtparks seit 15.11.2019<\/h2>\n\n\n\n<h3 class=\"wp-block-heading\">Kaufst Du noch, oder l\u00e4dst Du schon?<\/h3>\n\n\n\n<div class=\"wp-block-image\"><figure class=\"aligncenter\"><img decoding=\"async\" loading=\"lazy\" width=\"800\" height=\"546\" src=\"https:\/\/speyer24news.com\/wp-content\/uploads\/2019\/12\/Luisenpark-Jahreskarte.png\" alt=\"\" class=\"wp-image-22921\" srcset=\"https:\/\/speyer24news.com\/wp-content\/uploads\/2019\/12\/Luisenpark-Jahreskarte.png 800w, https:\/\/speyer24news.com\/wp-content\/uploads\/2019\/12\/Luisenpark-Jahreskarte-300x205.png 300w, https:\/\/speyer24news.com\/wp-content\/uploads\/2019\/12\/Luisenpark-Jahreskarte-768x524.png 768w\" sizes=\"(max-width: 800px) 100vw, 800px\" \/><\/figure><\/div>\n\n\n\n<p>Am 15. November 2019 fiel der Startschuss zum Jahreskartenvorverkauf f\u00fcr die \u201esch\u00f6nsten Parktickets der Region\u201c: Die Jahreskarte 2020 f\u00fcr Luisenpark und Herzogenriedpark, mit der man an 356 Tagen im Jahr die beiden Mannheimer Parks besuchen kann!<br>Wer das K\u00e4rtchen, das es seit vergangenem Jahr im Scheckkartenformat gibt, schon besitzt, kann damit einfach zu einer der Parkkassen kommen und sich die Karte f\u00fcr das kommende Jahr einfach aufladen lassen. Erstk\u00e4ufer bekommen ebenfalls vor Ort in den Parks, allerdings nur am Servicepoint Haupteingang (bzw. wer nur die Herzogenriedparkkarte will: \u00fcberall im Herzogenriedpark) ihre personalisierte Park-Scheckkarte mit Bild angefertigt. <\/p>\n\n\n\n<div class=\"wp-block-image\"><figure class=\"aligncenter\"><img decoding=\"async\" loading=\"lazy\" width=\"800\" height=\"530\" src=\"https:\/\/speyer24news.com\/wp-content\/uploads\/2019\/12\/Der-erste-echte-Park-Bl\u00fctenhonig.jpg\" alt=\"\" class=\"wp-image-22922\" srcset=\"https:\/\/speyer24news.com\/wp-content\/uploads\/2019\/12\/Der-erste-echte-Park-Bl\u00fctenhonig.jpg 800w, https:\/\/speyer24news.com\/wp-content\/uploads\/2019\/12\/Der-erste-echte-Park-Bl\u00fctenhonig-300x199.jpg 300w, https:\/\/speyer24news.com\/wp-content\/uploads\/2019\/12\/Der-erste-echte-Park-Bl\u00fctenhonig-768x509.jpg 768w\" sizes=\"(max-width: 800px) 100vw, 800px\" \/><\/figure><\/div>\n\n\n\n<h4 class=\"wp-block-heading\">So geht es<\/h4>\n\n\n\n<p>Wie man als Erstk\u00e4ufer an die \u201eParktickets\u201c kommt, ist schnell erkl\u00e4rt: Im Luisenpark an den Servicepoint am Haupteingang gehen, Formular ausf\u00fcllen, f\u00fcr ein kleines Foto in die Kamera l\u00e4cheln \u2013 fertig! Auflader k\u00f6nnen auch zu allen anderen Luisenparkkassen gehen. Im Herzogenriedpark sind alle Kassen f\u00fcr Erstk\u00e4ufer und Auflader ausgestattet. Wer noch schneller zu seiner Karte kommen m\u00f6chte, kann sein Formular auch auf den Homepages luisenpark.de und herzogenriedpark.de zum Download abrufen und vor dem Parkbesuch ausf\u00fcllen.<\/p>\n\n\n\n<h4 class=\"wp-block-heading\">Erster Luisenpark-Honig wird mit dem Startschuss pr\u00e4sentiert<\/h4>\n\n\n\n<div class=\"wp-block-image\"><figure class=\"aligncenter\"><img decoding=\"async\" loading=\"lazy\" width=\"800\" height=\"530\" src=\"https:\/\/speyer24news.com\/wp-content\/uploads\/2019\/12\/Weltpremiere-im-Luisenpark.jpg\" alt=\"\" class=\"wp-image-22923\" srcset=\"https:\/\/speyer24news.com\/wp-content\/uploads\/2019\/12\/Weltpremiere-im-Luisenpark.jpg 800w, https:\/\/speyer24news.com\/wp-content\/uploads\/2019\/12\/Weltpremiere-im-Luisenpark-300x199.jpg 300w, https:\/\/speyer24news.com\/wp-content\/uploads\/2019\/12\/Weltpremiere-im-Luisenpark-768x509.jpg 768w\" sizes=\"(max-width: 800px) 100vw, 800px\" \/><\/figure><\/div>\n\n\n\n<p>Eine kleine \u00dcberraschung wartet in diesem Jahr am Servicepoint Haupteingang auf Erstk\u00e4ufer wie Auflader: Ein wunderbares kleines T\u00f6pfchen, das sch\u00f6n gestaltet ist und vor allem einen ziemlich reinen und absolut s\u00fc\u00dfen Inhalt hat \u2013 tadaa: Weltpremi\u00e8re aus Mannheim, der erste Luisenparkhonig in einer limitierten Auflage! Das ist echte Flowerpower aus dem Luisenpark. Das h\u00fcbsche T\u00f6pfchen mit dem original Luisenpark Bl\u00fctenhonig \u00e0 50 Gramm ist absolut erschwinglich und eine sch\u00f6ne Erg\u00e4nzung zur Jahreskarte. Gerade, wenn man die Jahreskarte als Gutschein zu Weihnachten verschenken m\u00f6chte, kann man das h\u00fcbsche Honigt\u00f6pfchen auf\u2019s Geschenk draufsetzen!<\/p>\n\n\n\n<h4 class=\"wp-block-heading\">Vorteile der Jahreskarte<\/h4>\n\n\n\n<p>Mit der Jahreskarte sind alle Eing\u00e4nge, auch die ohne Kassen- oder Einlasspersonal, \u00fcber ein automatisiertes System passierbar. Der gr\u00f6\u00dfte Vorteil ist und bleibt jedoch der unschlagbar g\u00fcnstige Vorverkaufspreis, der bis 2. Februar 2020 gilt. Die Karte 2020 ist \u00fcbrigens sofort ab Kauf auch schon im laufenden Jahr 2019 g\u00fcltig. F\u00fcr  Parkfeste und andere Sonderveranstaltungen gibt es mit der Jahreskarte oftmals zus\u00e4tzlich noch Eintrittserm\u00e4\u00dfigungen. <\/p>\n\n\n\n<p><em>Stadtpark Mannheim gemeinn\u00fctzige GmbH<br>09.12.2019<\/em><\/p>\n\n\n\n<h2 class=\"wp-block-heading\"><strong>Neue Parkmitte im Luisenpark: Aktueller Planungsstand<\/strong><\/h2>\n\n\n\n<h4 class=\"wp-block-heading\"><strong>Nachdem im Sp\u00e4tjahr 2018 der Architektenwettbewerb f\u00fcr die Neue Parkmitte im Luisenpark erfolgreich abgeschlossen wurde, laufen nun die Planungen f\u00fcr das Projekt auf Hochtouren. Das Vorhaben befindet sich in der Vorentwurfsplanung und die Umsetzung hat sich weiter konkretisiert: Bis zur Bundesgartenschau 2023 soll nach derzeitigem Stand in einem ersten Bauabschnitt das zwischen Pflanzenschauhaus und Kutzerweiher vorgesehene Areal umgesetzt werden. Parallel sollen zudem Sanierungsma\u00dfnahmen am Pflanzenschauhaus stattfinden. Das Schmetterlingshaus soll zu einem S\u00fcdamerikahaus erweitert werden und angebunden an das Caf\u00e9 Pflanzenschauhaus ist ein neues Angebot f\u00fcr alle Freunde der Weinstube geplant.<\/strong><\/h4>\n\n\n\n<div class=\"wp-block-image\"><figure class=\"aligncenter\"><img decoding=\"async\" src=\"https:\/\/speyer24news.com\/wp-content\/uploads\/2019\/12\/LuPa-Neue-Parkmitte-Header.png\" alt=\"\" class=\"wp-image-22919\"\/><\/figure><\/div>\n\n\n\n<p><strong>Mannheim &#8211; <\/strong>Die Planungen zur Neuen Parkmitte sehen derzeit vor, dass bis zur Bundesgartenschau 2023 in einem ersten Bauabschnitt zun\u00e4chst das zwischen Pflanzenschauhaus und Kutzerweiher vorgesehene Areal mit Aquarium und Voli\u00e8renlandschaft sowie Gastronomie umgesetzt werden soll: Vom Gondoletta-Steg aus erreichbar soll eine geheimnisvolle Unterwasserwelt entstehen, die dem Besucher vielseitige Blickwinkel in die Aquarien erm\u00f6glicht. Dar\u00fcber ist ein hell und freundlich gestalteter Restaurantbereich mit Aussicht auf den Kutzerweiher angedacht, in dem ein attraktives gastronomisches Angebot f\u00fcr jeden Geschmack und Anlass erh\u00e4ltlich ist. Auf gleicher Ebene geplant und ganz harmonisch angeschlossen: bis zu zwei begehbare Volieren, die als filigrane Seilnetzkonstruktionen in die Dachfl\u00e4che eingelassen sind, sowie ein neues, deutlich gewachsenes Pinguingehege, das noch naturnaher gestaltet werden soll. Soweit erste Ergebnisse aus dem Vorplanungsstadium. Ende Februar\/Anfang M\u00e4rz 2020 liegen dann mit dem Bauzeitenplan der Architekten definitive Ergebnisse vor.<\/p>\n\n\n\n<p>Durch die Verlegung des Betriebshofs, auf dessen Gel\u00e4nde die Neue Parkmitte entsteht, werden Fl\u00e4chen frei und dadurch die Gesamtparkfl\u00e4che erweitert \u2013 ohne eine Ver\u00e4nderung der \u00e4u\u00dferen Parkgrenzen. \u201eMit der Umsetzung dieses ersten Bauabschnitts ist ein reibungsloser Ablauf der Bundesgartenschau gew\u00e4hrleistet und der Luisenpark wird sich als zweiter Veranstaltungsort der BUGA absolut zeitgem\u00e4\u00df pr\u00e4sentieren\u201c, freut sich Michael Schnellbach, Gesch\u00e4ftsf\u00fchrer der Bundesgartenbau 2023 gGmbH.<\/p>\n\n\n\n<p>\u201eMit der Fokussierung auf den ersten Bauabschnitt m\u00f6chten wir die rechtzeitige Fertigstellung der Bereiche sicherstellen, die f\u00fcr die Besucher der Bundesgartenschau 2023 relevant und attraktiv sind\u201c, erl\u00e4utert Felicitas Kubala, B\u00fcrgermeisterin und Aufsichtsratsvorsitzende der Stadtpark Mannheim gGmbH. \u201eWir wollen entscheidend dazu beitragen, dass die BUGA23 ein Erfolg wird und den Stamm- und Neu-Besuchern ein neues Gesicht unserer so beliebten Einrichtung zu pr\u00e4sentieren\u201c, erg\u00e4nzt Joachim K\u00f6ltzsch, Gesch\u00e4ftsf\u00fchrer der Stadtpark Mannheim gGmbH. \u201eDas wird uns, da bin ich sicher, allein schon mit der neuen Unterwasserwelt gelingen.\u201c In diesem Zusammenhang weist K\u00f6ltzsch auch auf die M\u00f6glichkeiten unternehmerischen Engagements hin: \u201eOb Stiftung, M\u00e4zen oder Gro\u00dfunternehmen: Es gibt viele Wege, Teil der Neuen Parkmitte zu werden!\u201c <\/p>\n\n\n\n<p>\u201eUnd auch jenseits der Neubauten stellen wir uns f\u00fcr die BUGA nat\u00fcrlich seit einiger Zeit auf: Mit j\u00e4hrlich mindestens zwei neuen Themeng\u00e4rten etwa; aktuell vergr\u00f6\u00dfern wir zum Beispiel unsere P\u00e4oniensammlung, auch die Lagerstr\u00f6miensammlung ist einzigartig. Unsere Gr\u00fcne Schule ist mit derzeit fast 800 F\u00fchrungen\/Kursen pro Jahr bestens positioniert: Als programmatischer Partner der BUGA zum Thema \u201eTier &amp; Pflanze erfahren und erleben\u201c.<\/p>\n\n\n\n<p>Die Umsetzung zu dem neuen Ensemble aus Gr\u00fcner Schule und Freizeithaus, das am s\u00fcd\u00f6stlichen Ufer realisiert werden soll, wird voraussichtlich nach der Bundesgartenschau angegangen. Die Gr\u00fcne Schule wird bis dahin zun\u00e4chst an eine zentrale Stelle im Park verlegt, wo sie als Bildungspartner Nr. 1 im Bereich Natur und Umwelt angemessen positioniert und sichtbar gemacht wird. Das Freizeithaus bleibt bis zur Bundesgartenschau 2023 an seinem jetzigen Platz und wird vor Ort renoviert. Parallel sollen zudem Sanierungsma\u00dfnahmen am Pflanzenschauhaus stattfinden sowie laufende Sanierungsprojekte wie im Bereich Seeb\u00fchne, dem Parkwegenetz bzw. der Infrastruktur oder auch der Uferbefestigung des Kutzerweihers. \u201eWir sind davon \u00fcberzeugt, dass wir mit der jetzigen Ausrichtung eine gute Umsetzungsl\u00f6sung gefunden haben\u201c, betont Joachim K\u00f6ltzsch. \u201eWir befinden uns momentan in der Phase der Vorentwurfsplanung. In diesem Stadium werden regelm\u00e4\u00dfig Planungsergebnisse noch einmal auf den Pr\u00fcfstand gestellt. Das Projektteam, zu dem seit Anfang des Jahres auch ein eigens f\u00fcr das Vorhaben eingestellter Projektleiter z\u00e4hlt, w\u00e4gt bei jedem Planungsschritt gewissenhaft die einzelnen Interdependenzen und den jeweiligen Bedarf ab. Dadurch ist sichergestellt, dass die Umsetzung allen Interessengruppen sowie vor allem dem Tierwohl gerecht wird. Gleichzeitig sind wir nat\u00fcrlich einem verantwortungsbewussten Umgang mit \u00f6ffentlichen Geldern verpflichtet.\u201c <\/p>\n\n\n\n<div class=\"wp-block-image\"><figure class=\"aligncenter\"><img decoding=\"async\" loading=\"lazy\" width=\"800\" height=\"603\" src=\"https:\/\/speyer24news.com\/wp-content\/uploads\/2019\/12\/Urheber_credit_BEZ-KOCK-Architekten-renderbar.jpg\" alt=\"\" class=\"wp-image-22920\" srcset=\"https:\/\/speyer24news.com\/wp-content\/uploads\/2019\/12\/Urheber_credit_BEZ-KOCK-Architekten-renderbar.jpg 800w, https:\/\/speyer24news.com\/wp-content\/uploads\/2019\/12\/Urheber_credit_BEZ-KOCK-Architekten-renderbar-300x226.jpg 300w, https:\/\/speyer24news.com\/wp-content\/uploads\/2019\/12\/Urheber_credit_BEZ-KOCK-Architekten-renderbar-768x579.jpg 768w, https:\/\/speyer24news.com\/wp-content\/uploads\/2019\/12\/Urheber_credit_BEZ-KOCK-Architekten-renderbar-326x245.jpg 326w, https:\/\/speyer24news.com\/wp-content\/uploads\/2019\/12\/Urheber_credit_BEZ-KOCK-Architekten-renderbar-80x60.jpg 80w\" sizes=\"(max-width: 800px) 100vw, 800px\" \/><\/figure><\/div>\n\n\n\n<h4 class=\"wp-block-heading\"><strong>Schmetterlingshaus soll S\u00fcdamerikahaus werden<\/strong><\/h4>\n\n\n\n<p>In der Zwischenzeit haben sich durch\nden Planungsfortschritt neue M\u00f6glichkeiten er\u00f6ffnet, die nun weiterverfolgt\nwerden. Das Schmetterlingshaus soll im ersten Bauabschnitt zu einem\nS\u00fcdamerikahaus erweitert werden. Die geplante Umwandlung bringt Vorteile f\u00fcr\ndie Tiere mit sich, da diese nicht erst in Zwischenquartiere umziehen m\u00fcssen,\nsondern direkt im S\u00fcdamerikahaus ihr neues Zuhause finden. \u201eLiszt\u00e4ffchen,\nKaimane und Leguane m\u00fcssen so nur einen statt zwei Umz\u00fcge bew\u00e4ltigen und k\u00f6nnen\ndann zusammen mit den tropischen Schmetterlingen in einem Haus besucht werden. Dar\u00fcber\nhinaus ergeben sich aus dieser L\u00f6sung k\u00fcnftig gr\u00f6\u00dfere Gehege f\u00fcr die Tiere\nsowie energetische Vorteile im Betrieb\u201c, berichtet Joachim K\u00f6ltzsch.&nbsp; <\/p>\n\n\n\n<h4 class=\"wp-block-heading\"><strong>Neuer Ort f\u00fcr gem\u00fctlichen Weingenuss<\/strong><\/h4>\n\n\n\n<p>F\u00fcr all jene Besucher, die einen Ort f\u00fcr ein gem\u00fctliches Beisammensein mit Weingenuss suchen, soll ein Platz im Caf\u00e9 Pflanzenschauhaus direkt an der Seerosenterrasse geschaffen werden. \u201eWir freuen uns, dass sich diese Option aufgetan hat, denn nun k\u00f6nnen wir den Liebhabern der Weinstube ab Fr\u00fchjahr 2021 einen Ort mit noch h\u00f6herer Aufenthaltsqualit\u00e4t bieten, an dem das saisonale Angebot der Weinstube ad\u00e4quat weitergef\u00fchrt wird\u201c, erl\u00e4utert Joachim K\u00f6ltzsch. Die jetzige Weinstube wird noch bis Herbst 2020 betrieben.<\/p>\n\n\n\n<h4 class=\"wp-block-heading\"><strong>Zeit der Ver\u00e4nderung<\/strong><\/h4>\n\n\n\n<p>So viel Neues dauert nat\u00fcrlich, erfordert viel Planung und bringt Ver\u00e4nderung mit sich. Um die Neue Parkmitte mit ihren modernen Gehegen und Voli\u00e8ren und den attraktiven neuen Erlebnisr\u00e4umen f\u00fcr die Besucherinnen und Besucher schaffen zu k\u00f6nnen, muss der Bereich zwischen Pflanzenschauhaus und Gondoletta-Anleger in seiner jetzigen Form weichen, wodurch bis 2023 eine \u00dcbergangszeit in Kauf genommen werden muss, in der die Tiere aus diesem Areal sukzessiv umgesiedelt werden m\u00fcssen: an andere Stellen im Park oder in andere zoologische Einrichtungen. Der Gro\u00dfteil des Parks bleibt jedoch w\u00e4hrend und nach der Zeit des Umbaus wie er ist und kann wie immer uneingeschr\u00e4nkt genutzt werden. <\/p>\n\n\n\n<h4 class=\"wp-block-heading\"><strong>Hintergrund zu Neuer Parkmitte &amp; BUGA23<\/strong><\/h4>\n\n\n\n<p>Rund um den s\u00fcdlichen Teil des Kutzerweihers soll ab 2020 in verschiedenen Phasen die Neue Parkmitte des Luisenparks entstehen. Alle Neubauten sind so geplant, dass sie sich sanft in die bestehende Landschaft und Pflanzenwelt des Parks einbetten, dessen ganzj\u00e4hrige Nutzbarkeit weiterentwickeln und dem Luisenpark im Zentrum ein neues, zeitgem\u00e4\u00dfes Gesicht geben \u2013 zur Bundesgartenschau 2023 und dar\u00fcber hinaus.<\/p>\n\n\n\n<p>Die Bundesgartenschau in Mannheim wird von April bis Oktober 2023 auf dem ehemaligen Spinelli-Milit\u00e4rgel\u00e4nde in Mannheims Nordosten und im Luisenpark stattfinden, der bereits 1975 Teil der damaligen Bundesgartenschau war. Eine Seilbahn wird den beliebten Mannheimer Stadtpark \u00fcber den Neckar hinweg mit dem riesigen, neu entstehenden Landschaftspark im Nordosten der Stadt verbinden. Die BUGA23 ist sowohl Gartenschau als auch Teil des Gr\u00fcnzugs Nordost, der 230 Hektar Gr\u00fcnfl\u00e4chen miteinander verbindet und zu einer Verbesserung des Stadtklimas beitr\u00e4gt. Ein neues Naherholungsgebiet entsteht, das vom K\u00e4fertaler Wald \u00fcber die Vogelstang-Seen, das Bundesgartenschau-Gel\u00e4nde \u201eSpinelli\u201c und die Feudenheimer Au bis zum Luisenpark reicht. \u201eDar\u00fcber hinaus wollen wir aber auch L\u00f6sungen geben auf dr\u00e4ngende Probleme in den Bereichen Klima, Umwelt, Energie und nachhaltige Nahrungsmittelsicherung\u201c, erkl\u00e4rt Schnellbach die ambitionierten Ziele der BUGA23, die darauf zielt, die erste klimaneutrale Bundesgartenschau in Deutschland zu werden. <\/p>\n\n\n\n<p><em>Text: Stadtpark Mannheim gemeinn\u00fctzige GmbH Foto: BEZ + KOCK Architekten<br>09.12.2019<\/em><\/p>\n","protected":false},"excerpt":{"rendered":"<div class=\"mh-excerpt\"><p>Jahreskarte f\u00fcr die Mannheimer Stadtparks seit 15.11.2019 Kaufst Du noch, oder l\u00e4dst Du schon? Am 15. November 2019 fiel der Startschuss zum Jahreskartenvorverkauf f\u00fcr die \u201esch\u00f6nsten Parktickets der Region\u201c: Die Jahreskarte 2020 f\u00fcr Luisenpark und <a class=\"mh-excerpt-more\" href=\"https:\/\/speyer24news.com\/?p=22903\" title=\"Freizeit \/ Luisenpark Mannheim\">[&#8230;]<\/a><\/p>\n<\/div>","protected":false},"author":3,"featured_media":21913,"comment_status":"open","ping_status":"open","sticky":false,"template":"","format":"standard","meta":{"_monsterinsights_skip_tracking":false,"_monsterinsights_sitenote_active":false,"_monsterinsights_sitenote_note":"","_monsterinsights_sitenote_category":0,"footnotes":""},"categories":[11],"tags":[4823,4824,601,3518,4825,56,600,4826,4827],"aioseo_notices":[],"amp_enabled":true,"_links":{"self":[{"href":"https:\/\/speyer24news.com\/index.php?rest_route=\/wp\/v2\/posts\/22903"}],"collection":[{"href":"https:\/\/speyer24news.com\/index.php?rest_route=\/wp\/v2\/posts"}],"about":[{"href":"https:\/\/speyer24news.com\/index.php?rest_route=\/wp\/v2\/types\/post"}],"author":[{"embeddable":true,"href":"https:\/\/speyer24news.com\/index.php?rest_route=\/wp\/v2\/users\/3"}],"replies":[{"embeddable":true,"href":"https:\/\/speyer24news.com\/index.php?rest_route=%2Fwp%2Fv2%2Fcomments&post=22903"}],"version-history":[{"count":3,"href":"https:\/\/speyer24news.com\/index.php?rest_route=\/wp\/v2\/posts\/22903\/revisions"}],"predecessor-version":[{"id":22925,"href":"https:\/\/speyer24news.com\/index.php?rest_route=\/wp\/v2\/posts\/22903\/revisions\/22925"}],"wp:featuredmedia":[{"embeddable":true,"href":"https:\/\/speyer24news.com\/index.php?rest_route=\/wp\/v2\/media\/21913"}],"wp:attachment":[{"href":"https:\/\/speyer24news.com\/index.php?rest_route=%2Fwp%2Fv2%2Fmedia&parent=22903"}],"wp:term":[{"taxonomy":"category","embeddable":true,"href":"https:\/\/speyer24news.com\/index.php?rest_route=%2Fwp%2Fv2%2Fcategories&post=22903"},{"taxonomy":"post_tag","embeddable":true,"href":"https:\/\/speyer24news.com\/index.php?rest_route=%2Fwp%2Fv2%2Ftags&post=22903"}],"curies":[{"name":"wp","href":"https:\/\/api.w.org\/{rel}","templated":true}]}}