{"id":22926,"date":"2019-12-09T10:34:10","date_gmt":"2019-12-09T09:34:10","guid":{"rendered":"https:\/\/speyer24news.com\/?p=22926"},"modified":"2019-12-09T10:34:11","modified_gmt":"2019-12-09T09:34:11","slug":"kultur-technik-museum-speyer-3","status":"publish","type":"post","link":"https:\/\/speyer24news.com\/?p=22926","title":{"rendered":"Kultur \/ Technik Museum Speyer"},"content":{"rendered":"<style type=\"text\/css\">\r\n\t.ads_top_disp{}\r\n\t.ads_top_corner_disp{ float:left; margin:0px 10px 10px 0px; }\r\n\t.ads_first_p_disp{}\r\n\t.ads_bottom_disp{}\r\n\t<\/style>\n<h2 class=\"wp-block-heading\">Weihnachtskonzert im Museum Wilhelmsbau Speyer mit dem Salonensemble Fracklos \/ Melodien und Rhythmen vergangener Tage<\/h2>\n\n\n\n<div class=\"wp-block-image\"><figure class=\"aligncenter\"><img decoding=\"async\" loading=\"lazy\" width=\"800\" height=\"600\" src=\"https:\/\/speyer24news.com\/wp-content\/uploads\/2019\/12\/fracklos-mit-Piano.jpg\" alt=\"\" class=\"wp-image-22928\" srcset=\"https:\/\/speyer24news.com\/wp-content\/uploads\/2019\/12\/fracklos-mit-Piano.jpg 800w, https:\/\/speyer24news.com\/wp-content\/uploads\/2019\/12\/fracklos-mit-Piano-300x225.jpg 300w, https:\/\/speyer24news.com\/wp-content\/uploads\/2019\/12\/fracklos-mit-Piano-768x576.jpg 768w, https:\/\/speyer24news.com\/wp-content\/uploads\/2019\/12\/fracklos-mit-Piano-678x509.jpg 678w, https:\/\/speyer24news.com\/wp-content\/uploads\/2019\/12\/fracklos-mit-Piano-326x245.jpg 326w, https:\/\/speyer24news.com\/wp-content\/uploads\/2019\/12\/fracklos-mit-Piano-80x60.jpg 80w\" sizes=\"(max-width: 800px) 100vw, 800px\" \/><figcaption>Das Salonensemble Fracklos.<\/figcaption><\/figure><\/div>\n\n\n\n<p>Auch in diesem Jahr findet im Museum Wilhelmsbau am Technik Museum Speyer wieder ein \u201ebesonderes Weihnachtskonzert\u201c statt. Umgeben von zahlreichen historischen Instrumenten, taucht der Besucher am <strong>Freitag, 27. Dezember 2019<\/strong> in eine l\u00e4ngst vergangene Zeit ein. Auf dem Programm stehen weihnachtliche und klassische St\u00fccke, dargeboten von historischen mechanischen Orgeln, Orchestrien und Spieluhren, sowie live Musik des Salonensemble Fracklos. <\/p>\n\n\n\n<p>Nehmen Sie Platz in der musikalischen Zeitmaschine, denn wenn das Salonensemble Fracklos auftritt, leben die 20er- und 30er Jahre wieder auf. Im diesj\u00e4hrigen Repertoire erklingen unter anderem St\u00fccke von Gerhard Winkler, Werner R. Heymann und Emile Waldteufel. Ob romantisches Charakterst\u00fcck oder schwungvoller Walzer &#8211; \u201eFracklos\u201c steht f\u00fcr kultivierte Unterhaltungsmusik. Ein verkl\u00e4rter Nostalgieblick in vergangene Kaffeehauszeiten ist den Musikern allerdings fremd, im Gegenteil: sie bewegen sich ganz auf der H\u00f6he der Zeit \u2013 frisch, fr\u00f6hlich, fracklos.<\/p>\n\n\n\n<div class=\"wp-block-image\"><figure class=\"aligncenter\"><img decoding=\"async\" loading=\"lazy\" width=\"800\" height=\"533\" src=\"https:\/\/speyer24news.com\/wp-content\/uploads\/2019\/12\/Klangtistin-Sina-Hildebrand.jpg\" alt=\"\" class=\"wp-image-22929\" srcset=\"https:\/\/speyer24news.com\/wp-content\/uploads\/2019\/12\/Klangtistin-Sina-Hildebrand.jpg 800w, https:\/\/speyer24news.com\/wp-content\/uploads\/2019\/12\/Klangtistin-Sina-Hildebrand-300x200.jpg 300w, https:\/\/speyer24news.com\/wp-content\/uploads\/2019\/12\/Klangtistin-Sina-Hildebrand-768x512.jpg 768w\" sizes=\"(max-width: 800px) 100vw, 800px\" \/><figcaption>Klangtistin Sina Hildebrand<\/figcaption><\/figure><\/div>\n\n\n\n<p>Die Musiker: Walter T\u00f6ws (Violine), Thomas Reil (Klarinette), Ewa Staszewska (Violoncello), G\u00fcnter Holz (Kontrabass) und Elena Wackenhut (Klavier) leben und arbeiten in der Stuttgarter Umgebung und haben in der Zeit ihrer Zusammenarbeit schon vielerlei Konzerte gestaltet. <\/p>\n\n\n\n<p>Das Konzert beginnt um 17.30 Uhr (Einlass 17.00 Uhr). Eintrittskarten gibt es zu 17,00 \u20ac im Technik Museum Speyer unter Tel. 06232\/6708-0, oder im Online-Shop des Museums unter <a href=\"http:\/\/www.technik-museum-shop.de\">www.technik-museum-shop.de<\/a>. Da die Nachfrage f\u00fcr die Tickets sehr gro\u00df ist kann eine Abendkasse nicht garantiert werden. Reservierte Karten m\u00fcssen bis sp\u00e4testens 16.30 Uhr abgeholt werden.<\/p>\n\n\n\n<p><em>Technik Museum Speyer<br>09.12.2019<\/em><\/p>\n","protected":false},"excerpt":{"rendered":"<div class=\"mh-excerpt\"><p>Weihnachtskonzert im Museum Wilhelmsbau Speyer mit dem Salonensemble Fracklos \/ Melodien und Rhythmen vergangener Tage Auch in diesem Jahr findet im Museum Wilhelmsbau am Technik Museum Speyer wieder ein \u201ebesonderes Weihnachtskonzert\u201c statt. Umgeben von zahlreichen <a class=\"mh-excerpt-more\" href=\"https:\/\/speyer24news.com\/?p=22926\" title=\"Kultur \/ Technik Museum Speyer\">[&#8230;]<\/a><\/p>\n<\/div>","protected":false},"author":3,"featured_media":0,"comment_status":"open","ping_status":"open","sticky":false,"template":"","format":"standard","meta":{"_monsterinsights_skip_tracking":false,"_monsterinsights_sitenote_active":false,"_monsterinsights_sitenote_note":"","_monsterinsights_sitenote_category":0,"footnotes":""},"categories":[14],"tags":[4831,6,4828,164,133,4643,4830,4829],"aioseo_notices":[],"amp_enabled":true,"_links":{"self":[{"href":"https:\/\/speyer24news.com\/index.php?rest_route=\/wp\/v2\/posts\/22926"}],"collection":[{"href":"https:\/\/speyer24news.com\/index.php?rest_route=\/wp\/v2\/posts"}],"about":[{"href":"https:\/\/speyer24news.com\/index.php?rest_route=\/wp\/v2\/types\/post"}],"author":[{"embeddable":true,"href":"https:\/\/speyer24news.com\/index.php?rest_route=\/wp\/v2\/users\/3"}],"replies":[{"embeddable":true,"href":"https:\/\/speyer24news.com\/index.php?rest_route=%2Fwp%2Fv2%2Fcomments&post=22926"}],"version-history":[{"count":1,"href":"https:\/\/speyer24news.com\/index.php?rest_route=\/wp\/v2\/posts\/22926\/revisions"}],"predecessor-version":[{"id":22930,"href":"https:\/\/speyer24news.com\/index.php?rest_route=\/wp\/v2\/posts\/22926\/revisions\/22930"}],"wp:attachment":[{"href":"https:\/\/speyer24news.com\/index.php?rest_route=%2Fwp%2Fv2%2Fmedia&parent=22926"}],"wp:term":[{"taxonomy":"category","embeddable":true,"href":"https:\/\/speyer24news.com\/index.php?rest_route=%2Fwp%2Fv2%2Fcategories&post=22926"},{"taxonomy":"post_tag","embeddable":true,"href":"https:\/\/speyer24news.com\/index.php?rest_route=%2Fwp%2Fv2%2Ftags&post=22926"}],"curies":[{"name":"wp","href":"https:\/\/api.w.org\/{rel}","templated":true}]}}