{"id":22975,"date":"2019-12-15T18:51:09","date_gmt":"2019-12-15T17:51:09","guid":{"rendered":"https:\/\/speyer24news.com\/?p=22975"},"modified":"2019-12-15T18:51:10","modified_gmt":"2019-12-15T17:51:10","slug":"geschwindigkeitsmessung-blitzer-8","status":"publish","type":"post","link":"https:\/\/speyer24news.com\/?p=22975","title":{"rendered":"Geschwindigkeitsmessung \/ Blitzer"},"content":{"rendered":"<style type=\"text\/css\">\r\n\t.ads_top_disp{}\r\n\t.ads_top_corner_disp{ float:left; margin:0px 10px 10px 0px; }\r\n\t.ads_first_p_disp{}\r\n\t.ads_bottom_disp{}\r\n\t<\/style>\n<h2 class=\"wp-block-heading\">Radarkontrollen f\u00fcr die Woche vom 16. Dezember bis 22. Dezember 2019<\/h2>\n\n\n\n<div class=\"wp-block-image\"><figure class=\"aligncenter\"><img decoding=\"async\" src=\"https:\/\/speyer24news.com\/wp-content\/uploads\/2019\/11\/Radarkontrolle_1.jpg\" alt=\"\" class=\"wp-image-22038\"\/><\/figure><\/div>\n\n\n\n<p><strong>(Ludwigshafen) &#8211; <\/strong>Die Stadt Ludwigshafen nimmt in folgenden Stadtteilen Radarkontrollen vor.<\/p>\n\n\n\n<ul><li>Montag, 16. Dezember: Edigheim, Pfingstweide und Oppau<\/li><li>Dienstag, 17. Dezember: Friesenheim, Oggersheim und Ruchheim<\/li><li>Mittwoch, 18. Dezember: Mitte, S\u00fcd und Gartenstadt<\/li><li>Donnerstag, 19. Dezember: Mundenheim, Rheing\u00f6nheim und Maudach<\/li><li>Freitag, 20. Dezember: Oggersheim, West und Nord<\/li><li>Samstag, 21. Dezember: Friesenheim und Mundenheim<\/li><\/ul>\n\n\n\n<p>Kurzfristige \u00c4nderungen beh\u00e4lt sich der Bereich Stra\u00dfenverkehr vor. Kontrollen k\u00f6nnen auch kurzfristig an anderen Stellen statt-finden.<\/p>\n\n\n\n<p><em>Stadt Ludwigshafen am Rhein<br>15.12.2019<\/em><\/p>\n\n\n\n<h2 class=\"wp-block-heading\">Geschwindigkeitskontrollen f\u00fcr die Woche vom 16. bis 20. Dezember<\/h2>\n\n\n\n<div class=\"wp-block-image\"><figure class=\"aligncenter\"><img decoding=\"async\" src=\"https:\/\/speyer24news.com\/wp-content\/uploads\/2019\/11\/Kontrolle-BaW\u00fc.jpg\" alt=\"\" class=\"wp-image-22040\"\/><\/figure><\/div>\n\n\n\n<p><strong>(Mannheim) &#8211; <\/strong>Die Stadt Mannheim f\u00fchrt vom 16. bis 20. Dezember in folgenden Stra\u00dfen Radarkontrollen durch:<\/p>\n\n\n\n<ul><li> Auf dem Sand<\/li><li> Badenweilerstra\u00dfe (Spielstra\u00dfe)<\/li><li> Birkenauer Stra\u00dfe<\/li><li> Brandenburger Stra\u00dfe<\/li><li> Dornheimer Ring<\/li><li> Dresdner Stra\u00dfe (Heinrich-Lanz-Schule)<\/li><li> Eisenacher Weg (Vogelstangschule)<\/li><li> Flaml\u00e4nderstra\u00dfe<\/li><li> Fred-Joachim-Schoeps-Stra\u00dfe<\/li><li> Ida-Dehmel-Ring<\/li><li> Johannisberger Stra\u00dfe<\/li><li> Karolingerweg<\/li><li> Kolmarer Stra\u00dfe<\/li><li> Kornblumenstra\u00dfe<\/li><li> M\u00fclhauser Stra\u00dfe (Friedrichsfeldschule)<\/li><li> Rohrlachstra\u00dfe<\/li><li> Th\u00fcringer Stra\u00dfe<\/li><li> Warnem\u00fcnder Weg (Geschwister-Scholl-Schule)<\/li><li> Wormser Stra\u00dfe (K\u00e4fertalschule)<\/li><li> Z\u00e4hringer Stra\u00dfe (Seckenheimschule)<\/li><\/ul>\n\n\n\n<p>Kurzfristige \u00c4nderungen oder zus\u00e4tzliche Messstellen sind aus aktuellem Anlass m\u00f6glich.<\/p>\n\n\n\n<p><em>Stadt Mannheim<br>15.12.2019<\/em><\/p>\n","protected":false},"excerpt":{"rendered":"<div class=\"mh-excerpt\"><p>Radarkontrollen f\u00fcr die Woche vom 16. Dezember bis 22. Dezember 2019 (Ludwigshafen) &#8211; Die Stadt Ludwigshafen nimmt in folgenden Stadtteilen Radarkontrollen vor. Montag, 16. Dezember: Edigheim, Pfingstweide und Oppau Dienstag, 17. Dezember: Friesenheim, Oggersheim und <a class=\"mh-excerpt-more\" href=\"https:\/\/speyer24news.com\/?p=22975\" title=\"Geschwindigkeitsmessung \/ Blitzer\">[&#8230;]<\/a><\/p>\n<\/div>","protected":false},"author":3,"featured_media":0,"comment_status":"open","ping_status":"open","sticky":false,"template":"","format":"standard","meta":{"_monsterinsights_skip_tracking":false,"_monsterinsights_sitenote_active":false,"_monsterinsights_sitenote_note":"","_monsterinsights_sitenote_category":0,"footnotes":""},"categories":[64],"tags":[18,4819,4814,19,4822,4817,4228,947,4820,4815,28,779,4821,4816,153,56,227,17,949,4818,4813,1310,948],"aioseo_notices":[],"amp_enabled":true,"_links":{"self":[{"href":"https:\/\/speyer24news.com\/index.php?rest_route=\/wp\/v2\/posts\/22975"}],"collection":[{"href":"https:\/\/speyer24news.com\/index.php?rest_route=\/wp\/v2\/posts"}],"about":[{"href":"https:\/\/speyer24news.com\/index.php?rest_route=\/wp\/v2\/types\/post"}],"author":[{"embeddable":true,"href":"https:\/\/speyer24news.com\/index.php?rest_route=\/wp\/v2\/users\/3"}],"replies":[{"embeddable":true,"href":"https:\/\/speyer24news.com\/index.php?rest_route=%2Fwp%2Fv2%2Fcomments&post=22975"}],"version-history":[{"count":1,"href":"https:\/\/speyer24news.com\/index.php?rest_route=\/wp\/v2\/posts\/22975\/revisions"}],"predecessor-version":[{"id":22976,"href":"https:\/\/speyer24news.com\/index.php?rest_route=\/wp\/v2\/posts\/22975\/revisions\/22976"}],"wp:attachment":[{"href":"https:\/\/speyer24news.com\/index.php?rest_route=%2Fwp%2Fv2%2Fmedia&parent=22975"}],"wp:term":[{"taxonomy":"category","embeddable":true,"href":"https:\/\/speyer24news.com\/index.php?rest_route=%2Fwp%2Fv2%2Fcategories&post=22975"},{"taxonomy":"post_tag","embeddable":true,"href":"https:\/\/speyer24news.com\/index.php?rest_route=%2Fwp%2Fv2%2Ftags&post=22975"}],"curies":[{"name":"wp","href":"https:\/\/api.w.org\/{rel}","templated":true}]}}