{"id":22980,"date":"2019-12-16T08:03:44","date_gmt":"2019-12-16T07:03:44","guid":{"rendered":"https:\/\/speyer24news.com\/?p=22980"},"modified":"2019-12-16T08:07:51","modified_gmt":"2019-12-16T07:07:51","slug":"polizei-147","status":"publish","type":"post","link":"https:\/\/speyer24news.com\/?p=22980","title":{"rendered":"Polizei"},"content":{"rendered":"<style type=\"text\/css\">\r\n\t.ads_top_disp{}\r\n\t.ads_top_corner_disp{ float:left; margin:0px 10px 10px 0px; }\r\n\t.ads_first_p_disp{}\r\n\t.ads_bottom_disp{}\r\n\t<\/style>\n<h2 class=\"wp-block-heading\">Polizeimeldungen vom Sonntag (15.12.2019)<\/h2>\n\n\n\n<div class=\"wp-block-image\"><figure class=\"aligncenter\"><img decoding=\"async\" src=\"https:\/\/speyer24news.com\/wp-content\/uploads\/2019\/11\/Aktuelles-Polizeilogo.jpg\" alt=\"\" class=\"wp-image-21845\"\/><\/figure><\/div>\n\n\n\n<h4 class=\"wp-block-heading\">(Speyer) &#8211; Fahrraddiebstahl<\/h4>\n\n\n\n<p>Ein bislang noch unbekannter T\u00e4ter entwendete am fr\u00fchen Sonntagmorgen  ein silberfarbenes Fahrrad, welches verschlossen am Fahrradparkplatz am  Bahnhof in Speyer abgestellt war. Der T\u00e4ter riss hierzu so lange an dem  angeschlossenen Fahrrad, bis er die Diebstahlssicherung \u00fcberwunden hatte  und das Fahrrad samt Fahrradschloss mitnehmen konnte. Bei der  Tatausf\u00fchrung konnte der T\u00e4ter durch einen Zeugen beobachtet und  videografiert werden. Der m\u00e4nnliche T\u00e4ter habe eine helle Jeans und eine  dunkle Jacke getragen. Er war etwa 180cm gro\u00df, circa 20 Jahre alt  gewesen, habe blonde Haare gehabt und sei sehr d\u00fcnn gewesen. Zur  Fluchtrichtung sind keine Erkenntnisse bekannt. <\/p>\n\n\n\n<p>Die Polizei sucht\n aus diesem Grund nach weiteren Zeugen, die Hinweise zum T\u00e4ter, der \nTatausf\u00fchrung, der Fluchtrichtung und zur Beschreibung des T\u00e4ters geben \nk\u00f6nnen. <\/p>\n\n\n\n<p>Weiterhin sucht die Polizei nach dem Eigent\u00fcmer des \nentwendeten Fahrrades. Zu diesem ist derzeit lediglich bekannt, dass es \nsilberfarben war und im Bereich des Fahrradparkplatzes am Bahnhof Speyer\n angeschlossen war. <\/p>\n\n\n\n<p>Zeugenhinweise nimmt die Polizei unter der Tel.-Nr. 06232-1370 oder per Mail an <a href=\"mailto:pispeyer@polizei.rlp.de\">pispeyer@polizei.rlp.de<\/a> entgegen. <\/p>\n\n\n\n<h4 class=\"wp-block-heading\">(Speyer) &#8211; Diebstahl einer Geldkassette<\/h4>\n\n\n\n<p>Einen gr\u00f6\u00dferen Bargeldbetrag erbeuteten vier bislang noch unbekannte  Personen im Rahmen eines Diebstahls am 14.12.2019 gegen 18.30 Uhr auf dem Weihnachtsmarkt in Speyer.  Die Personen postierten sich an einem Christstollen-Stand und  verwickelten den Betreiber in ein Gespr\u00e4ch. Als der Betreiber hierdurch  abgelenkt war, griff eine weitere Person \u00fcber den Verkaufstresen und  entwendete eine Geldkassette, in der sich die Einnahmen befanden. Alle  am Diebstahl beteiligten Personen verlie\u00dfen anschlie\u00dfend z\u00fcgig den  Tatort. Hinweise zur Fluchtrichtung konnte der Betreiber des Standes  nicht mitteilen, da der Weihnachtsmarkt zur Tatzeit stark besucht war. Zu den tatverd\u00e4chtigen Personen ist lediglich bekannt, dass es sich um vier T\u00e4ter handelte, die zwischen 30 und 40 Jahren alt waren und osteurop\u00e4isch aussahen. <\/p>\n\n\n\n<p>Die Polizei sucht in diesem Zusammenhang \nnach Zeugen, die im Tatzeitraum (zwischen 18:30 Uhr und 18:35 Uhr) am \nChriststollen-Stand (H\u00f6he Maximilianstra\u00dfe 99) den Tatablauf \nbeobachteten und Angaben zur Fluchtrichtung, zum Fluchtmittel und zur \nBeschreibung machen k\u00f6nnen. Zeugenhinweise nimmt die Polizei unter der \nTel.-Nr. 06232-1370 oder per Mail an <a href=\"mailto:pispeyer@polizei.rlp.de\">pispeyer@polizei.rlp.de<\/a> entgegen. <\/p>\n\n\n\n<h4 class=\"wp-block-heading\">(Speyer) &#8211; Versuchter Einbruch in eine Wohnung<\/h4>\n\n\n\n<p>Bereits am vergangenen Donnerstag (12.12.2019) versuchten bislang unbekannte  Personen in den fr\u00fchen Morgenstunden in eine Erdgescho\u00dfwohnung des  Mehrfamilienhauses in der Ludwig-Uhland-Stra\u00dfe 15 einzubrechen. Der  Bewohner der Wohnung nahm zwischen 02 Uhr und 02:30 Uhr Kratzger\u00e4usche  auf dem Balkon wahr, konnte im Rahmen einer Nachschau jedoch keine  Feststellungen treffen. Zwei Tage sp\u00e4ter stellte er Hebelmarken an den  beiden Balkont\u00fcren fest. Durch die Hebelversuche entstand ein  wirtschaftlicher Sachschaden von 100 EUR. <\/p>\n\n\n\n<p>Die Polizei sucht in  diesem Zusammenhang nach Zeugen, die zur Tatzeit verd\u00e4chtige Personen im  Bereich des Mehrfamilienhauses in der Ludwig-Uhland-Stra\u00dfe 15  wahrnahmen. Interessant f\u00fcr die Polizei sind auch ortsfremde Fahrzeuge,  die sich zur Tatzeit, aber auch am Tage im Bereich der  Ludwig-Uhland-Stra\u00dfe oder der Umgebung befanden. Zeugenhinweise nimmt  die Polizei unter der Tel.-Nr. 06232-1370 oder per Mail an <a href=\"mailto:pispeyer@polizei.rlp.de\">pispeyer@polizei.rlp.de<\/a> entgegen. <\/p>\n\n\n\n<h4 class=\"wp-block-heading\">(Schifferstadt \/ Waldsee \/ Mutterstadt) &#8211; Betr\u00fcgerische Telefonanrufe \/ So k\u00f6nnen sie sich sch\u00fctzen<\/h4>\n\n\n\n<div class=\"wp-block-image\"><figure class=\"aligncenter\"><img decoding=\"async\" src=\"https:\/\/speyer24news.com\/wp-content\/uploads\/2019\/12\/Telefonbetrug.jpg.jpg\" alt=\"\" class=\"wp-image-22981\"\/><figcaption>Abo-Falle<\/figcaption><\/figure><\/div>\n\n\n\n<p>Am 13.12.2019, zwischen 13:00 &#8211; 18:00 Uhr, wurden durch bislang  unbekannte T\u00e4ter mehrere betr\u00fcgerische Anrufe get\u00e4tigt. Gegen 13:30 Uhr  wurde eine 71-J\u00e4hrige aus Schifferstadt durch eine weibliche Person  angerufen. Die Anruferin gab sich als Enkelin der Angerufenen aus und  bat um Geld f\u00fcr die Zahlung von Zinsen. Ebenfalls am Mittag erhielt eine  72-J\u00e4hrige aus Waldsee von angeblichen Microsoft-Mitarbeitern mehrere  Anrufe. Die Anrufer haben nur englisch gesprochen. In Mutterstadt kam es  am Nachmittag ebenfalls zu mehreren betr\u00fcgerischen Telefonaten. Die  Anrufer gaben sich als angebliche Neffen und Enkel aus und forderten  Geld. In einem Fall wurde auch eine neue Masche des Betruges angewandt.  Nachdem sich der Anrufer als angeblicher Enkel ausgegeben hat und die  Angerufene aufgelegt hat, rief kurz danach ein angeblicher  Polizeibeamter an. Dieser fragte nach, ob bez\u00fcglich des vorherigen  Gespr\u00e4chs bereits die Polizei verst\u00e4ndigt wurde und ob im Haus der  83-J\u00e4hrigen Bargeld sei. In keinem der F\u00e4lle kam es zu einem Schaden, da  alle Angerufenen den Betrug witterten und richtigerweise das Telefonat  beendeten. <\/p>\n\n\n\n<p><strong><em>Seitens der Polizei werden folgende Hinweise gegeben: <\/em><\/strong><\/p>\n\n\n\n<ul><li>Lassen Sie sich nicht dr\u00e4ngen und unter Druck setzen. Nehmen Sie sich Zeit, um die Angaben des Anrufers zu \u00fcberpr\u00fcfen. Rufen Sie die jeweilige Person unter der Ihnen bekannten Nummer an und lassen Sie sich den Sachverhalt best\u00e4tigen. Dr\u00fccken Sie niemals die Wahlwiederholung, da die angezeigte Rufnummer manipuliert sein kann.<\/li><li>Wenn ein Anrufer Geld oder andere Wertsachen von Ihnen fordert:       Besprechen Sie dies mit Familienangeh\u00f6rigen oder anderen Ihnen nahe stehende Personen. <\/li><li>Seien Sie misstrauisch, wenn sich Anrufer am Telefon nicht selber mit Namen melden. Raten Sie nicht, wer anruft, sondern fordern Sie Anrufer grunds\u00e4tzlich dazu auf, ihren Namen selbst zu nennen. <\/li><li>Lassen Sie Ihren Vornamen im Telefonbuch abk\u00fcrzen (aus Herta Schmidt wird beispielsweise H. Schmidt). So k\u00f6nnen die T\u00e4ter Sie gar nicht mehr ausfindig machen. Zum \u00c4ndern eines Telefonbucheintrags wenden Sie sich an die Telekom.<\/li><\/ul>\n\n\n\n<h4 class=\"wp-block-heading\">(Mutterstadt) &#8211; Verkehrsunfall mit verletzter Person<\/h4>\n\n\n\n<p>Am 13.12.2019, gegen 10:30 Uhr, ereignete sich in der Blockfeldstra\u00dfe  ein Verkehrsunfall mit einer verletzten 64-J\u00e4hrigen Frau. Ein  67-j\u00e4hriger Fahrzeugf\u00fchrer stand mit seinem PKW in einer Parkbucht in  Queraufstellung zur Fahrbahn. Unmittelbar hinter dem PKW hielt ein  ebenfalls 67-j\u00e4hriger Fahrzeugf\u00fchrer am Fahrbahnrand an, um seine  Beifahrerin aussteigen zu lassen. In diesem Moment setzte der in der  Parkbucht befindliche PKW zum Ausparken zur\u00fcck und klemmte die  ausgestiegene 64-J\u00e4hrige zwischen den beiden PKWs ein. Hierdurch  verletzte diese sich im Bereich des Beckens und wurde durch den  Rettungsdienst in ein Krankenhaus eingeliefert. <\/p>\n\n\n\n<h4 class=\"wp-block-heading\">(Germersheim) &#8211; K\u00f6rperverletzung<\/h4>\n\n\n\n<p>Am 15.12.2019 gegen 03 Uhr kam es auf der Tanzfl\u00e4che eines Lokals in  der Posthiusstra\u00dfe in Germersheim zun\u00e4chst zu verbalen Streitigkeiten  zwischen zwei M\u00e4nnern. Im Rahmen des Streitgespr\u00e4chs schlug der bislang  unbekannte T\u00e4ter dem Gesch\u00e4digten mit der Faust ins Gesicht und  entfernte sich anschlie\u00dfend. Hinweise auf den T\u00e4ter liegen derzeit keine  vor. <\/p>\n\n\n\n<p>Zeugenhinweise nimmt die Polizeiinspektion Germersheim telefonisch unter 07274\/9580 oder per Mail an <a href=\"mailto:pigermersheim@polizei.rlp.de\">pigermersheim@polizei.rlp.de<\/a> entgegen.<\/p>\n\n\n\n<h4 class=\"wp-block-heading\">(Germersheim) &#8211; Verkehrsunfallflucht<\/h4>\n\n\n\n<p>Am 14.12.2019 zwischen 12:15 Uhr und 12:45 Uhr besch\u00e4digte ein bislang  unbekannter Fahrer die Fahrerseite eines geparkten PKW auf dem Parkplatz  des REAL Marktes in Germersheim. Der Sachschaden bel\u00e4uft sich auf ca.  3000 Euro. Hinweise auf den fl\u00fcchtigen Fahrer liegen derzeit keine vor. <\/p>\n\n\n\n<p>Zeugenhinweise nimmt die Polizeiinspektion Germersheim telefonisch unter 07274\/9580 oder per Mail an <a href=\"mailto:pigermersheim@polizei.rlp.de\">pigermersheim@polizei.rlp.de<\/a> entgegen. <\/p>\n\n\n\n<h4 class=\"wp-block-heading\">(Zeiskam \/ Bellheim \/ Germersheim) &#8211; Sturmsch\u00e4den<\/h4>\n\n\n\n<p>Durch starke Sturmb\u00f6en am Samstag fielen in Bellheim Sicherungsmittel einer  Baustelle um. Diese wurden durch den Verantwortlichen ausgetauscht. In  Zeiskam l\u00f6ste sich aufgrund des Windes der Putz eines abrissf\u00e4lligen  Hauses. Dort wurde der Fu\u00dfweg entsprechend durch den Eigent\u00fcmer  abgesichert. In Germersheim wurde ein PKW durch eine umgekippte  Absperrung besch\u00e4digt. Polizei und Feuerwehren waren im Einsatz. <\/p>\n\n\n\n<h4 class=\"wp-block-heading\">(Bellheim) &#8211; PKW aufgebrochen<\/h4>\n\n\n\n<p>Ein bislang unbekannter T\u00e4ter brach in der Zeit vom 13.12.2019 18:00  Uhr und dem 14.12.2019 08:10 Uhr in einen PKW ein.  Hierbei wurden  Fahrer- und Beifahrerairbag, sowie das Navigationssystem entwendet.  Der  Schaden d\u00fcrfte sich auf ca. 6000 Euro belaufen. Das Auto war auf dem  Mitfahrerparkplatz an der B9, Anschlussstelle S\u00fcd, abgestellt. <\/p>\n\n\n\n<p>Zeugenhinweise nimmt die Polizeiinspektion Germersheim telefonisch unter 07274\/9580 oder per Mail an <a href=\"mailto:pigermersheim@polizei.rlp.de\">pigermersheim@polizei.rlp.de<\/a> entgegen.<\/p>\n\n\n\n<h4 class=\"wp-block-heading\">(Herxheim) &#8211; Versuchter Diebstahl von Zigarettenautomat<\/h4>\n\n\n\n<p>Unbekannte T\u00e4ter versuchten in oben genannter Zeit einen  Zigarettenautomaten von einer Hauswand zu hebeln, was letztendlich aber  misslang. Sowohl am Automaten, als auch an der Hauswand entstand  Sachschaden (1.000,- Euro) Hinweise bitte an die Polizei in Landau unter  Tel.: 06341-2870 oder <a href=\"mailto:pilandau@polizei.rlp.de\">pilandau@polizei.rlp.de<\/a> <\/p>\n\n\n\n<h4 class=\"wp-block-heading\">(Landau-Offenbach) &#8211; Verkehrsunfall mit Flucht<\/h4>\n\n\n\n<p>Unbekannter Verkehrsteilnehmer besch\u00e4digte in Zeitraum 13.12.19, 14.00 Uhr &#8211; 14.12.2019, 13.00 Uhr einen geparkten Pkw der Marke BMW welcher in einer Parkbucht in der Niedergasse abgestellt war. Durch die Kollision wurde die vordere linke Sto\u00dfstangenseite sowie der linke Frontblinker besch\u00e4digt. Hinweise zum Unfallverursacher liegen nicht vor. Die Schadensh\u00f6he am BMW betr\u00e4gt ca. 2500 Euro. Hinweise bitte an die Polizei in Landau unter Tel.: 06341-2870 oder <a href=\"mailto:pilandau@polizei.rlp.de\">pilandau@polizei.rlp.de<\/a> <\/p>\n\n\n\n<h4 class=\"wp-block-heading\">(Landau) &#8211; T\u00e4tlicher Angriff auf Rettungssanit\u00e4ter und Polizeibeamte Landau<\/h4>\n\n\n\n<p>Bei einer privaten Feierlichkeit am Samstagabend st\u00fcrzte ein 57-j\u00e4hriger Mann ohne  Fremdeinwirkung und zog sich eine Kopfplatzwunde an der Stirn zu. Durch  die anderen G\u00e4ste wurde das DRK informiert, welches den augenscheinlich  alkoholisierten Mann behandeln sollte. Als ein Rettungssanit\u00e4ter den  Mann versorgen wollte schlug dieser unvermittelt nach diesem. Der  Sanit\u00e4ter musste sich aus dem Zimmer in Sicherheit bringen und die  Polizei verst\u00e4ndigen. Auch gegen\u00fcber der Polizei verhielt sich der Mann  aggressiv und schlug nach den eingesetzten Beamten, welche unverletzt  blieben. Er musste schlie\u00dflich gefesselt und zur Versorgung in ein  Krankenhaus gebracht werden. Es wurde ihm eine Blutprobe entnommen und  Strafanzeige erstattet. <\/p>\n\n\n\n<h4 class=\"wp-block-heading\">(Freimersheim) &#8211; Einbruch in EFH<\/h4>\n\n\n\n<p>Im Zeitraum zwischen dem 12.12.2019 und dem 14.12.2019 gelangten  Unbekannte durch Aufhebeln einer Kellert\u00fcr in ein Einfamilienhaus in der  Burgstra\u00dfe. Im Haus entwendeten die T\u00e4ter Bargeld und Schmuck in noch  unbekannter H\u00f6he. Die H\u00f6he des Gesamtschadens ist ebenfalls noch nicht  bekannt. <\/p>\n\n\n\n<p>Zeugenhinweise nimmt die PI Edenkoben und 06323 955-0 oder per Mail an <a href=\"mailto:piedenkoben@polizei.rlp.de\">piedenkoben@polizei.rlp.de<\/a> entgegen.<\/p>\n\n\n\n<h4 class=\"wp-block-heading\">(Edesheim) &#8211; Einbruch in Wertstoffhof<\/h4>\n\n\n\n<p>Am 15.12.2019, gegen 05:30 Uhr, wurde hiesiger Dienststelle ein  Einbruch auf das Gel\u00e4nde des Wertstoffhofes gemeldet. Auf der Anfahrt  konnte durch die Beamten, in der Zufahrt zum Wertstoffhof, ein  verd\u00e4chtiger Pkw kontrolliert werden. Im Rahmen der Kontrolle konnte im  Kofferraum des Fahrzeugs Elektroschrott aufgefunden werden. Daraufhin  wurden die vier Fahrzeuginsassen polnischer Staatsangeh\u00f6rigkeit, im  Alter zwischen 21 und 34 Jahren, vorl\u00e4ufig festgenommen. Neben dem  Elektroschrott konnten die Beamten auch noch eine Kleinmenge an  Bet\u00e4ubungsmitteln im Fahrzeug auffinden. Da der Fahrer unter dem  Einfluss von Bet\u00e4ubungsmitteln stand, wurde ihm eine Blutprobe  entnommen. Gegen einen der Tatverd\u00e4chtigen bestand ein Haftbefehl,  welcher vollstreckt wurde. Der Pkw wurde sichergestellt. Gegen die  M\u00e4nner wurden diverse Strafverfahren eingeleitet.<\/p>\n\n\n\n<h4 class=\"wp-block-heading\">(Rhodt unter Rietburg) &#8211; Unfallflucht<\/h4>\n\n\n\n<p>Am 14.12.2019, zwischen 11:30 Uhr und 13:00 Uhr, besch\u00e4digte ein  unbekannter Fahrzeugf\u00fchrer, einen ordnungsgem\u00e4\u00df, in der Theresienstra\u00dfe,  geparkten Pkw der Marke Audi mit MA-Kennzeichen. Der Unfallverursacher  d\u00fcrfte den Pkw im Vorbeifahren besch\u00e4digt haben. Der Sachschaden bel\u00e4uft  sich auf ca. 1000EUR. <\/p>\n\n\n\n<p>Zeugenhinweise nimmt die PI Edenkoben und 06323 955-0 oder per Mail an <a href=\"mailto:piedenkoben@polizei.rlp.de\">piedenkoben@polizei.rlp.de<\/a> entgegen. <\/p>\n\n\n\n<h4 class=\"wp-block-heading\">(Edenkoben) &#8211; Diebstahl von Arbeitsger\u00e4ten<\/h4>\n\n\n\n<p>Im Zeitraum vom 13.12.2019, 23:30 Uhr und dem 14.12.2019, 16:00 Uhr,  entwendeten Unbekannte mehrere Arbeitsmaschinen von einem Firmengel\u00e4nde  im Industriering. Wie die T\u00e4ter auf das Gel\u00e4nde kamen ist derzeit noch  unbekannt. Der Sachschaden bel\u00e4uft sich auf ca. 4000EUR. <\/p>\n\n\n\n<p>Zeugenhinweise nimmt die PI Edenkoben und 06323 955-0 oder per Mail an <a href=\"mailto:piedenkoben@polizei.rlp.de\">piedenkoben@polizei.rlp.de<\/a> entgegen. <\/p>\n\n\n\n<h4 class=\"wp-block-heading\">(Lambrecht) &#8211; Fahrt mit E-Scooter unter dem Einfluss von Bet\u00e4ubungsmitteln<\/h4>\n\n\n\n<p>Am 15.12.2019 gegen 00:55 Uhr fiel einer Polizeistreife in der  Fabrikstra\u00dfe in Lambrecht ein 20-j\u00e4hriger Mann auf, welcher auf einem  E-Scooter ohne Versicherungskennzeichen fuhr. Im Rahmen der  durchgef\u00fchrten Verkehrskontrolle wurde festgestellt, dass der Mann aus  Lambrecht bei der Fahrt unter dem Einfluss berauschender Mittel stand.  Weiterhin konnten bei dem Mann Bet\u00e4ubungsmittel und eine  Schreckschusswaffe aufgefunden werden. Neben den Anzeigen wegen den  Verst\u00f6\u00dfen gegen das Bet\u00e4ubungsmittel-, Waffen- und  Pflichtversicherungsgesetz erwartet den Mann eine  Ordnungswidrigkeitenanzeige wegen Fahren unter dem Einfluss von  berauschenden Mitteln. <\/p>\n\n\n\n<h4 class=\"wp-block-heading\">(Bad D\u00fcrkheim) &#8211; Zeugenaufruf nach Verkehrsunfall<\/h4>\n\n\n\n<p>Am Samstagmittag, den 14.12.2019, kam es gegen 15:21 Uhr auf der  Kreuzung der B37\/Bruchstra\u00dfe zu einem Verkehrsunfall, bei welchem ein  58-j\u00e4hriger Motorradfahrer verletzt wurde. Der Motorradfahrer aus Bad  D\u00fcrkheim befuhr mit seiner Suzuki die B37 von Bad D\u00fcrkheim kommend in  Richtung der Autobahn A650. Die beteiligte 22-j\u00e4hrige Autofahrerin aus  Bad D\u00fcrkheim befuhr mit ihrem Fiat die Bruchstra\u00dfe und \u00fcberquerte die  Bruchkreuzung geradeaus in Richtung der Auffahrt zur B 271. Auf der  Kreuzung kam es dann zum Zusammensto\u00df der beiden Fahrzeuge, wobei der  Motorradfahrer Verletzungen erlitt und ins Krankenhaus verbracht werden  musste. An den beiden Fahrzeugen entstand leichter Sachschaden in einer  H\u00f6he von insgesamt etwa 5500 Euro. Da die beiden Unfallbeteiligten  angaben, dass die Ampelanlage auf ihrer Fahrspur Gr\u00fcnlicht anzeigte,  wird nach Zeugen gesucht, die den Unfall beobachtet haben und  diesbez\u00fcglich Hinweise geben k\u00f6nnen. <\/p>\n\n\n\n<p>Die Polizeiinspektion Bad D\u00fcrkheim ist telefonisch unter 06322\/963-0 oder schriftlich unter der E-Mailadresse <a href=\"mailto:pibadduerkheim@polizei.rlp.de\">pibadduerkheim@polizei.rlp.de<\/a> erreichbar. <\/p>\n\n\n\n<h4 class=\"wp-block-heading\">(Frankenthal) &#8211; T\u00e4terfestnahme nach Kraftfahrzeugdiebstahl<\/h4>\n\n\n\n<p>Am fr\u00fchen Sonntagmorgen, gegen 04:00 Uhr, wird der 39-j\u00e4hrigen  Gesch\u00e4digten zun\u00e4chst in einem Moment der Unachtsamkeit, in einer  Gastst\u00e4tte in der Eisenbahnstra\u00dfe, die Handtasche samt Fahrzeugschl\u00fcssel  entwendet. Bei einer Nachschau stellt diese dann fest, dass der T\u00e4ter  mit Hilfe des Fahrzeugschl\u00fcssels auch den PKW der Gesch\u00e4digten entwendet  hat. Im Zuge intensiver und umgehend eingeleiteter Ermittlungen kann  der 31-j\u00e4hrige T\u00e4ter in der Edigheimer Stra\u00dfe in Ludwigshafen  lokalisiert und noch im Fahrzeug sitzend festgenommen werden. Da dieser  unter dem Einfluss von Alkohol und berauschenden Mitteln steht wird er  zwecks Blutentnahme zur Dienststelle verbracht. Er muss sich nun neben  dem Diebstahl von Handtasche und Kraftfahrzeug, zudem wegen Trunkenheit  im Stra\u00dfenverkehr verantworten. <\/p>\n\n\n\n<h4 class=\"wp-block-heading\">(Frankenthal) &#8211; Vorrang missachtet und gefl\u00fcchtet<\/h4>\n\n\n\n<p>Am Sonntag, den 15.12.2019, gegen 01:30 Uhr, bef\u00e4hrt die 22-j\u00e4hrige  Gesch\u00e4digte die Flomersheimer Stra\u00dfe in Fahrtrichtung Flomersheim und  biegt an der Ampelgeregelten Kreuzung nach rechts in den Westring ab.  Zum gleichen Zeitpunkt biegt ein ihr entgegenkommender PKW, vermutlich  dunkler Audi oder BMW, ebenfalls nach links in den Westring ab. Im  Kreuzungsbereich missachtet der entgegenkommende PKW-Fahrer den Vorrang  der Rechtsabbiegerin, sodass es zur Kollision beider Fahrzeuge kommt.  Ohne sich um die Unfallfolgen zu k\u00fcmmern, beschleunigt der  Unfallverursacher seinen PKW und fl\u00fcchtet \u00fcber den Westring in  Fahrtrichtung He\u00dfheim. <\/p>\n\n\n\n<p>Der entstandene Schaden bel\u00e4uft sich auf ca. 1500EUR <\/p>\n\n\n\n<h4 class=\"wp-block-heading\">(Frankenthal) &#8211; Verkehrsunfall mit Flucht<\/h4>\n\n\n\n<p>Ein bislang unbekannter Verkehrsteilnehmer besch\u00e4digt im Zeitraum von  14.12.19, 00:00 Uhr &#8211; 15:40 Uhr, ein Verkehrszeichen zur Regelung der  Fahrbahnverengung in der Lambsheimer Stra\u00dfe, Ortsausgang Frankenthal.  Hierbei muss es zu einer derart starken Kollision gekommen sein, dass  das Schild ca. 30m ins angrenzende Feld geschleudert wird und der  vermeintlich verursachende PKW eine Radkappe der Marke Opel verliert. <\/p>\n\n\n\n<p>Der verursachte Schaden liegt bei ca. 300EUR <\/p>\n\n\n\n<h4 class=\"wp-block-heading\">(Frankenthal) &#8211; Verkehrsunfall mit Flucht<\/h4>\n\n\n\n<p>In der Nacht vom 13.12.19 auf 14.12.19 besch\u00e4digt ein bislang  unbekannter Verkehrsteilnehmer vermutlich beim Ein-bzw. Ausparken den  ordnungsgem\u00e4\u00df in der Stra\u00dfe Am Bruch abgestellten PKW des Gesch\u00e4digten.  Hierbei wird der Opel Zafira am Sto\u00dff\u00e4nger vorne links besch\u00e4digt. Der  Schaden bel\u00e4uft sich auf ca. 300EUR <\/p>\n\n\n\n<p>Wer sachdienliche Hinweise zu  dem genannten Fall geben kann, wird gebeten sich mit der  Polizeiinspektion Frankenthal unter der Rufnummer 06233\/313-0 oder der  Polizeiwache Maxdorf unter der Rufnummer 06237\/934-1100 in Verbindung zu  setzen. Hinweise k\u00f6nnen auch per E-Mail unter <a href=\"mailto:pifrankenthal@polizei.rlp.de\">pifrankenthal@polizei.rlp.de<\/a> an die Polizei \u00fcbermittelt werden. <\/p>\n\n\n\n<h4 class=\"wp-block-heading\">(Bobenheim-Roxheim) &#8211; Trickdiebstahl auf Globus-Parkplatz<\/h4>\n\n\n\n<p>Am Samstagvormittag, gegen 11:45 Uhr, befindet sich die 69-j\u00e4hrige  Gesch\u00e4digte nach einem Einkauf im Globus auf dem Parkplatz, um ihre  Eink\u00e4ufe ins Fahrzeug zu laden, als diese von einer ihr unbekannten,  m\u00e4nnlichen Person angerempelt und in ein kurzes Gespr\u00e4ch verwickelt  wird. Diese Ablenkung wird durch eine weitere unbekannte Person genutzt,  um die Handtasche der Gesch\u00e4digten aus dem ge\u00f6ffneten Kofferraum zu  entwenden. Der Gesamtschaden bel\u00e4uft sich auf ca. 500EUR. <\/p>\n\n\n\n<p>\u00c4ltere \nMenschen werden immer wieder Opfer von Trickdiebst\u00e4hlen und \nBetr\u00fcgerei-en, da sie von T\u00e4tern oftmals als leichte &#8222;Beute&#8220; angesehen \nwerden. Tipps wie sie sich vor Trickdieben und Betr\u00fcgern sch\u00fctzen k\u00f6nnen\n finden Sie unter <a target=\"_blank\" href=\"http:\/\/www.polizei-beratung.de\" rel=\"noreferrer noopener\">www.polizei-beratung.de<\/a>. <\/p>\n\n\n\n<p>Wir wollen, dass Sie sicher Leben &#8211; ihre Polizei Frankenthal. <\/p>\n\n\n\n<h4 class=\"wp-block-heading\">(Polizeiautobahnstation Ruchheim) &#8211; Weihnachtspr\u00e4vention 2019: Mit der richtigen Geschwindigkeit durch den Advent<\/h4>\n\n\n\n<div class=\"wp-block-image\"><figure class=\"aligncenter\"><img decoding=\"async\" loading=\"lazy\" width=\"800\" height=\"566\" src=\"https:\/\/speyer24news.com\/wp-content\/uploads\/2019\/12\/686AD436-FD31-41DF-9B5B-FB3AE1F6F9BE.jpeg\" alt=\"\" class=\"wp-image-22982\" srcset=\"https:\/\/speyer24news.com\/wp-content\/uploads\/2019\/12\/686AD436-FD31-41DF-9B5B-FB3AE1F6F9BE.jpeg 800w, https:\/\/speyer24news.com\/wp-content\/uploads\/2019\/12\/686AD436-FD31-41DF-9B5B-FB3AE1F6F9BE-300x212.jpeg 300w, https:\/\/speyer24news.com\/wp-content\/uploads\/2019\/12\/686AD436-FD31-41DF-9B5B-FB3AE1F6F9BE-768x543.jpeg 768w\" sizes=\"(max-width: 800px) 100vw, 800px\" \/><figcaption>Mit der richtigen Geschwindigkeit durch den Advent;\nBild: PK&#8217;in Rogel<\/figcaption><\/figure><\/div>\n\n\n\n<p>Advent bedeutet Ankunft. Die dritte Kerze brennt und die  Weihnachtsvorbereitungen sind im vollen Gange. Die Adventszeit, die  eigentlich die besinnlichste Zeit des Jahres sein sollte, wird f\u00fcr viele  die stressigste Zeit des Jahres. Man eilt von Termin zu Termin,  versucht noch dies und jenes zu besorgen oder vorzubereiten. Nur allzu  oft hat dieser Stress auch Auswirkungen auf das Fahrverhalten im  Stra\u00dfenverkehr, daher m\u00f6chte die Polizeiautobahnstation Ruchheim den  dritten Advent nutzen, um auf die Gefahr von zu hoher Geschwindigkeit  beim Autofahren hinweisen. Zeitdruck verleitet leider viel zu h\u00e4ufig  dazu, die wei\u00dfen, runden Schilder mit rotem Rand und schwarzer Zahl in  der Mitte eher als Richtwert und nicht als maximal zul\u00e4ssige  H\u00f6chstgeschwindigkeit anzuerkennen. Bedenken Sie hierbei aber bitte,  dass diese Geschwindigkeitsvorgaben in der Regel ausgelegt sind f\u00fcr  normale Stra\u00dfen- und Witterungsverh\u00e4ltnisse. Doch gerade jetzt zur  Weihnachtszeit herrschen h\u00e4ufig schlechte Verh\u00e4ltnisse. Es ist oft  dunkel, nass, kalt und teilweise sogar eisig. Passen Sie daher unbedingt  Ihre Geschwindigkeit diesen Gegebenheiten an, denn eine zu hohe  Geschwindigkeit ist neben einem zu geringen Sicherheitsabstand die  Hauptunfallursache auf deutschen Autobahnen. Auch wenn uns allen ein  &#8222;z\u00fcgiges Ankommen&#8220; wichtig ist, so ist einzig und allein die &#8222;sichere  Ankunft&#8220; das Entscheidende. <\/p>\n\n\n\n<p>Die Polizeiautobahnstation Ruchheim w\u00fcnscht Ihnen einen besinnlichen 3. Advent. <\/p>\n\n\n\n<h4 class=\"wp-block-heading\">(Ludwigshafen) &#8211; Verkehrsunfallflucht \/ Zeugen werden gesucht!<\/h4>\n\n\n\n<p>Am Sonntag, 15.12.2019, gegen 14.00 Uhr, kam ein wei\u00dfer VW Golf mit  Frankenthaler Kennzeichen auf der Speyerer Stra\u00dfe (K6) in  Ludwigshafen-Oggersheim vermutlich aufgrund einer Wasseransammlung am  Fahrstreifenrand sowie nicht angepasster Geschwindigkeit ins Schleudern.  Anschlie\u00dfend streifte das Fahrzeug eine Backsteinmauer und eine  Grundst\u00fccksumz\u00e4unung, bevor es schlie\u00dflich zum Stillstand kam. Der  bislang unbekannte Fahrzeugf\u00fchrer entfernte sich anschlie\u00dfend aus  unbekannten Gr\u00fcnden zu Fu\u00df von der Unfall\u00f6rtlichkeit in Richtung  Maudacher Bruch, ohne seinen Pflichten als Verkehrsunfallbeteiligter  nachzukommen. Durch den Verkehrsunfall musste die Speyerer Stra\u00dfe (K6)  f\u00fcr ca. eine Stunde in beide Fahrtrichtungen gesperrt werden. <\/p>\n\n\n\n<p>Wer\n sachdienliche Angaben zu dem Unfallgeschehen, dem Fahrzeugf\u00fchrer sowie \ndessen Fahrverhalten vor dem Unfall machen kann, wird gebeten sich unter\n Tel.: 0621 963-2222 oder unter <a href=\"mailto:piludwigshafen2@polizei.rlp.de\">piludwigshafen2@polizei.rlp.de<\/a> mit der Polizeiinspektion Ludwigshafen 2 in Verbindung zu setzen. <\/p>\n\n\n\n<p>Dar\u00fcber\n hinaus wird an dieser Stelle insbesondere mit Blick auf die \nbevorstehenden Wintermonate daraufhin hingewiesen, dass das \nFahrverhalten, insbesondere die Geschwindigkeit, stets den herrschenden \nWitterungsbedingungen anzupassen ist, um derartige Unf\u00e4lle zu vermeiden.\n <\/p>\n\n\n\n<h4 class=\"wp-block-heading\">(Ludwigshafen) &#8211; Versp\u00e4tete Einsicht in Oppau<\/h4>\n\n\n\n<p>Am Sonntag den 15.12.2019, kurz vor 01:00 Uhr, meldeten Anwohner im  Ludwigshafener Stadtteil Oppau, dass am Stra\u00dfenrand ein Pkw stehe, in  welchem eine scheinbar leblose m\u00e4nnliche Person sitze. Vor Ort konnte  auf dem Fahrersitz schlafend ein 58j\u00e4hriger aus Frankfurt angetroffen  werden. Nachdem dieser geweckt werden konnte, stellten die Beamten fest,  dass er deutlich alkoholisiert ist. Dass er in diesem Zustand sein  Fahrzeug f\u00fchrte, erkl\u00e4rte er schlie\u00dflich selbst. W\u00e4hrend er von  Friesenheim zur\u00fcck nach Frankfurt fahren wollte, habe er realisiert,  dass er daf\u00fcr zu betrunken sei und habe schlie\u00dflich in Oppau geparkt, um  seinen Rausch auszuschlafen. Ihm wurde im Anschluss eine Blutprobe  entnommen, der F\u00fchrerschein wurde beschlagnahmt. Es wurden Ermittlungen  wegen Trunkenheit im Stra\u00dfenverkehr eingeleitet. <\/p>\n\n\n\n<h4 class=\"wp-block-heading\">(Ludwigshafen) &#8211; Verh\u00e4ngnisvoller Einkauf in Oppau<\/h4>\n\n\n\n<p>Ein 37j\u00e4hriger Mann aus Ludwigshafen fuhr am Samstag, dem 14.12.2019  kurz vor Ladenschluss mit seinem Pkw zu einem Supermarkt. Nachdem er  seinen Einkauf erledigt hatte, wollte er zur\u00fcck an seine Wohnanschrift  fahren. Da er jedoch zuvor deutlich dem Alkohol zugesprochen hatte,  verlor er die Kontrolle \u00fcber sein Fahrzeug und kollidierte mit f\u00fcnf  geparkten Fahrzeugen, die dadurch besch\u00e4digt wurden. Das verursachende  Fahrzeug musste abgeschleppt werden. Es entstand ein Gesamtschaden von  zirka 25.000,-EUR. Dem verantwortlichen Fahrzeugf\u00fchrer wurde eine  Blutprobe entnommen. Um seine Fahrerlaubnis muss er sich nicht sorgen,  da diese bereits in einem anderen Verfahren eingezogen wurde. Gegen ihn  werden nun Ermittlungen wegen Stra\u00dfenverkehrsgef\u00e4hrdung und des Fahrens  ohne Fahrerlaubnis eingeleitet. <\/p>\n\n\n\n<h4 class=\"wp-block-heading\">(Ludwigshafen) &#8211; Mann versch\u00fcttet Getr\u00e4nk und wird verpr\u00fcgelt<\/h4>\n\n\n\n<p>In einer Diskothek im Bereich des Berliner Platzes haben vier M\u00e4nner  aus Ludwigshafen am Samstagsmorgen, 14.12.19, gegen 05:40 Uhr, auf einen  34-j\u00e4hrigen Mann eingeschlagen. Dieser soll sein Getr\u00e4nk versch\u00fcttet  und damit den Pullover eines 29-j\u00e4hrigen Mannes benetzt haben. Im Zuge  des entstandenen Streits traten drei weitere M\u00e4nner im Alter von 20, 30  und 40 Jahren hervor und schlugen gemeinsam auf den Gesch\u00e4digten ein.  Der 34-J\u00e4hriger verletzte sich leicht, musste jedoch nicht weiter  \u00e4rztlich versorgt werden. Gegen den 29-j\u00e4hrigen Mann und seine Komplizen  wird nun wegen gef\u00e4hrlicher K\u00f6rperverletzung ermittelt. <\/p>\n\n\n\n<h4 class=\"wp-block-heading\">(Ludwigshafen) &#8211; St\u00f6rung der Totenruhe, Sachbesch\u00e4digung und Diebstahl von Grabschmuck \/ Zeugen gesucht!<\/h4>\n\n\n\n<p>In den Zeitr\u00e4umen vom 07.12.2019, 10:30 Uhr, bis zum 09.12.2019, 13:30  Uhr besch\u00e4digten derzeit unbekannte T\u00e4ter insgesamt 11 Gr\u00e4ber auf dem  Mundenheimer Friedhof und entwendeten \u00fcberwiegend Grabschmuck und  Messing. Nach aktuellem Ermittlungsstand sollen die unbekannten T\u00e4ter  die Leuchten und Vasen auf den Gr\u00e4ber abgetreten und entwendet haben.  Die Gesamtschadensh\u00f6he ist derzeit unbekannt. <\/p>\n\n\n\n<p>Wer sachdienliche \nHinweise zu den genannten F\u00e4llen geben kann, wird gebeten sich mit der \nPolizeiinspektion Ludwigshafen 1 unter der Rufnummer 0621\/963-2122 in \nVerbindung zu setzen. Hinweise k\u00f6nnen auch per E-Mail unter <a href=\"mailto:piludwigshafen1@polizei.rlp.de\">piludwigshafen1@polizei.rlp.de<\/a> an die Polizei \u00fcbermittelt werden. <\/p>\n\n\n\n<p>Die  Gesch\u00e4digten der genannten F\u00e4lle sollten sich ebenfalls mit der  Polizeiinspektion Ludwigshafen 1 unter der Rufnummer 0621\/963-2122 in  Verbindung setzen. <\/p>\n\n\n\n<h4 class=\"wp-block-heading\">(Mannheim-Waldhof) &#8211; Schusswaffengebrauch durch Polizeibeamte in Mannheim-Waldhof \/ 44-J\u00e4hriger t\u00f6dlich verletzt<\/h4>\n\n\n\n<h4 class=\"wp-block-heading\">Gemeinsame Pressemitteilung der Staatsanwaltschaft Mannheim und des Polizeipr\u00e4sidiums Karlsruhe Mannheim<\/h4>\n\n\n\n<p>Bei einem Einsatz von Polizei und Rettungsdienst am fr\u00fchen  Sonntagmorgen in einer Wohnung im Mannheimer Stadtteil Waldhof kam es  nach einer Bedrohung durch einen anscheinlich psychisch auff\u00e4lligen Mann  zu einem Schusswaffengebrauch durch zwei Polizeibeamte. Trotz sofort  eingeleiteter Rettungsma\u00dfnahmen verstarb der 44-j\u00e4hrige Mann sp\u00e4ter in  einem Krankenhaus. <\/p>\n\n\n\n<p>Rettungsdienst und Polizei wurden nach einem \nAnruf von Familienangeh\u00f6rigen um 05.13 Uhr zu der Wohnung in \nMannheim-Waldhof gerufen. Nach derzeitigem Stand der Ermittlungen hatte \nsich der Mann psychisch auff\u00e4llig verhalten. Beim Eintreffen von Polizei\n und Rettungsdienst waren neben dem 44-J\u00e4hrigen auch die \nFamilienangeh\u00f6rigen in der gemeinsamen Wohnung. Als der sich wohl in \neinem psychischen Ausnahmezustand befindliche Mann w\u00e4hrend des \nRettungseinsatzes selbst schwer mit einem Messer verletzte und \nanschlie\u00dfend die eingesetzten Polizeibeamten damit bedrohte, kam es zum \nSchusswaffengebrauch. Der 44-j\u00e4hrige wurde dabei lebensgef\u00e4hrlich \nverletzt. Er wurde durch den Rettungsdienst sofort in ein Mannheimer \nKrankenhaus gebracht, erlag dort aber sp\u00e4ter seinen Verletzungen. <\/p>\n\n\n\n<p>Die  weiteren Ermittlungen werden von der Staatsanwaltschaft Mannheim und  der Kriminalpolizei des  Polizeipr\u00e4sidiums Karlsruhe gef\u00fchrt. <\/p>\n\n\n\n<h4 class=\"wp-block-heading\">(Mannheim) &#8211; Vollbrand eines M\u00fcllcontainers<\/h4>\n\n\n\n<p>Am Samstagabend gegen 19.45 Uhr wurde \u00fcber Notruf mitgeteilt, dass im  Bereich des Schulhofes des Kurpfalz-Gymnasiums in M6 ein Container  brennen w\u00fcrde. Bei Eintreffen der ersten Einsatzkr\u00e4fte stand ein  M\u00fcllcontainer bereits in Vollbrand und die daraus entstandenen Flammen  von bis zu 3 Meter H\u00f6he, drohten auf die \u00dcberdachung \u00fcberzugreifen.  Durch das schnelle Eingreifen der Berufsfeuerwehr Mannheim, konnte der  Brand rasch unter Kontrolle gebracht werden. Ein Personenschaden  entstand nicht. Eine genaue Schadensh\u00f6he am Container, sowie der  \u00dcberdachung konnte bislang nicht beziffert werden. Ermittlungen zur  Brandursache wurden durch das Polizeirevier Mannheim-Oststadt  \u00fcbernommen. <\/p>\n\n\n\n<h4 class=\"wp-block-heading\">(Heidelberg) &#8211; F\u00fcnf Pkw in der Altstadt aufgebrochen. Zeugen gesucht!<\/h4>\n\n\n\n<p>In der Nacht zum Sonntag sind in der Heidelberger Altstadt f\u00fcnf  Fahrzeuge aufgebrochen worden. Zwei Pkw der Marke BMW waren in der  Nadlerstra\u00dfe geparkt, zwei Pkw, ein Opel und ein Nissan, waren in der  Tiefgarage &#8222;Alte Glockengie\u00dferei&#8220; abgestellt, ein VW-Tiguan in der  Poststra\u00dfe. An vier Autos wurde jeweils die Seitenscheibe eingeschlagen.  Aus einem BMW in der Nadlerstra\u00dfe wurden ein Blazer und ein Cardigan  geklaut. Aus einem Pkw in der Tiefgarage wurden  Hausratsgegenst\u00e4nde und  gr\u00f6\u00dfere Bilder\/Gem\u00e4lde entwendet, diese waren verpackt in zwei  auff\u00e4lligen gelben IKEA-T\u00fcten. Der entstandene Schaden an den Fahrzeugen  kann noch nicht beziffert werden. Die Fahrzeuge waren ab 18.00 Uhr am  Samstagabend geparkt worden. Zeugen, die Verd\u00e4chtiges beobachtet haben,  setzen sich bitte mit dem Polizeirevier Heidelberg-Mitte, Tel.  06221\/99-1700, in Verbindung. <\/p>\n\n\n\n<h4 class=\"wp-block-heading\">(M\u00fcckenloch \/ Rhein-Neckar-Kreis) &#8211; Brand in Einfamilienhaus<\/h4>\n\n\n\n<p>Am Samstagabend gegen 22.45 Uhr wurden die Rettungskr\u00e4fte zu einem  Geb\u00e4udebrand in die Almstra\u00dfe nach M\u00fcckenloch gerufen. Vor Ort stand das  Erdgeschoss eines zweist\u00f6ckigen Einfamilienhauses in Vollbrand. Die  Freiwillige Feuerwehr musste zun\u00e4chst die Hauseingangst\u00fcre aufbrechen um  in das Haus zum Brandherd vorzudringen, konnte dann aber den Brand  schnell l\u00f6schen. Der Rauch war jedoch bereits bis in das Obergeschoss  gezogen, weshalb das Haus bis auf Weiteres unbewohnbar ist. Zum  Brandzeitpunkt befanden sich keine Bewohner im Haus, es wurde niemand  verletzt. Der Sachschaden bel\u00e4uft sich auf etwa 100.000EUR. Die  Freiwilligen Feuerwehren aus Neckargem\u00fcnd, Dilsberg und M\u00fcckenloch waren  mit 54 Einsatzkr\u00e4ften vor Ort und f\u00fchrten im Nachgang eine Brandwache  durch. Das Polizeirevier Neckargem\u00fcnd hat die Ermittlungen zur  Brandursache aufgenommen. <\/p>\n\n\n\n<h4 class=\"wp-block-heading\">(Reichartshausen \/ Rhein-Neckar-Kreis) &#8211; PKW kommt von Fahrbahn ab und \u00fcberschl\u00e4gt sich \/ Fahrer fl\u00fcchtet vom Unfallort<\/h4>\n\n\n\n<p>Am fr\u00fchen Sonntagmorgen, gegen 06.10 Uhr, meldeten mehrere  Verkehrsteilnehmer neben der K4188, zwischen der B 292 und  Reichartshausen, einen Opel Meriva der abseits der Fahrbahn auf dem Dach  liegen w\u00fcrde. Zwei Streifen des Polizeirevier Sinsheim konnten vor Ort  nur einen total demolierten Opel Meriva ohne Insassen feststellen. Am  Opel entstand ein Totalschaden in H\u00f6he von ca. 7.000 Euro. Das  Polizeirevier Sinsheim hat die Ermittlungen \u00fcbernommen. Zeugen des  Vorfalls werden gebeten unter der Telefonnummer 07261-6900 Kontakt mit  dem Polizeirevier Sinsheim aufzunehmen. <\/p>\n\n\n\n<h4 class=\"wp-block-heading\">(Heddesheim \/ Rhein-Neckar-Kreis) &#8211; Gabelstapler in Brand geraten<\/h4>\n\n\n\n<p>Vermutlich aufgrund eines technischen Defekts geriet am  Sonntagnachmittag ein Hybrid-Gabelstapler im Heddesheimer Gewerbegebiet  auf einem Firmengel\u00e4nde in der Edekastra\u00dfe in Brand. Die Freiwillige  Feuerwehr Heddesheim kam mit vier Fahrzeugen und 18 Mann vor Ort und  hatte den Brand schnell unter Kontrolle. Dennoch brannte der  Gabelstapler v\u00f6llig aus. Die H\u00f6he des entstandenen Schadens kann noch  nicht beziffert werden. Das Polizeirevier Ladenburg hat die Ermittlungen  zur Brandursache aufgenommen. <\/p>\n","protected":false},"excerpt":{"rendered":"<div class=\"mh-excerpt\"><p>Polizeimeldungen vom Sonntag (15.12.2019) (Speyer) &#8211; Fahrraddiebstahl Ein bislang noch unbekannter T\u00e4ter entwendete am fr\u00fchen Sonntagmorgen ein silberfarbenes Fahrrad, welches verschlossen am Fahrradparkplatz am Bahnhof in Speyer abgestellt war. Der T\u00e4ter riss hierzu so lange <a class=\"mh-excerpt-more\" href=\"https:\/\/speyer24news.com\/?p=22980\" title=\"Polizei\">[&#8230;]<\/a><\/p>\n<\/div>","protected":false},"author":3,"featured_media":0,"comment_status":"open","ping_status":"open","sticky":false,"template":"","format":"standard","meta":{"_monsterinsights_skip_tracking":false,"_monsterinsights_sitenote_active":false,"_monsterinsights_sitenote_note":"","_monsterinsights_sitenote_category":0,"footnotes":""},"categories":[12],"tags":[3614,61,2555,63,105,53,4854,4683,1548,102,213,55,103,106,2803,2423,427,2625,380,62,104,979,1565],"aioseo_notices":[],"amp_enabled":true,"_links":{"self":[{"href":"https:\/\/speyer24news.com\/index.php?rest_route=\/wp\/v2\/posts\/22980"}],"collection":[{"href":"https:\/\/speyer24news.com\/index.php?rest_route=\/wp\/v2\/posts"}],"about":[{"href":"https:\/\/speyer24news.com\/index.php?rest_route=\/wp\/v2\/types\/post"}],"author":[{"embeddable":true,"href":"https:\/\/speyer24news.com\/index.php?rest_route=\/wp\/v2\/users\/3"}],"replies":[{"embeddable":true,"href":"https:\/\/speyer24news.com\/index.php?rest_route=%2Fwp%2Fv2%2Fcomments&post=22980"}],"version-history":[{"count":3,"href":"https:\/\/speyer24news.com\/index.php?rest_route=\/wp\/v2\/posts\/22980\/revisions"}],"predecessor-version":[{"id":22985,"href":"https:\/\/speyer24news.com\/index.php?rest_route=\/wp\/v2\/posts\/22980\/revisions\/22985"}],"wp:attachment":[{"href":"https:\/\/speyer24news.com\/index.php?rest_route=%2Fwp%2Fv2%2Fmedia&parent=22980"}],"wp:term":[{"taxonomy":"category","embeddable":true,"href":"https:\/\/speyer24news.com\/index.php?rest_route=%2Fwp%2Fv2%2Fcategories&post=22980"},{"taxonomy":"post_tag","embeddable":true,"href":"https:\/\/speyer24news.com\/index.php?rest_route=%2Fwp%2Fv2%2Ftags&post=22980"}],"curies":[{"name":"wp","href":"https:\/\/api.w.org\/{rel}","templated":true}]}}