{"id":23146,"date":"2019-12-16T16:49:36","date_gmt":"2019-12-16T15:49:36","guid":{"rendered":"https:\/\/speyer24news.com\/?p=23146"},"modified":"2019-12-16T17:01:03","modified_gmt":"2019-12-16T16:01:03","slug":"wirtschaft-finanzen-30","status":"publish","type":"post","link":"https:\/\/speyer24news.com\/?p=23146","title":{"rendered":"Wirtschaft &#038; Finanzen"},"content":{"rendered":"<style type=\"text\/css\">\r\n\t.ads_top_disp{}\r\n\t.ads_top_corner_disp{ float:left; margin:0px 10px 10px 0px; }\r\n\t.ads_first_p_disp{}\r\n\t.ads_bottom_disp{}\r\n\t<\/style>\n<h1 class=\"wp-block-heading\" style=\"text-align:center\">Vereinigte VR Bank Kur- und Rheinpfalz eG<\/h1>\n\n\n\n<div class=\"wp-block-image\"><figure class=\"aligncenter\"><img decoding=\"async\" src=\"https:\/\/speyer24news.com\/wp-content\/uploads\/2019\/11\/Vereinigte-VR-Bank-Kur-und-Rheinpfalz-eG-Logo.png\" alt=\"\" class=\"wp-image-22533\"\/><\/figure><\/div>\n\n\n\n<h2 class=\"wp-block-heading\">\u201eZwischen B\u00fcttenrede und Bergpredigt\u201c<\/h2>\n\n\n\n<h3 class=\"wp-block-heading\">Wolfgang Bosbach spricht beim Wirtschaftsforum der Vereinigten VR Bank Kur- und Rheinpfalz in voll besetzter Speyerer Stadthalle<\/h3>\n\n\n\n<div class=\"wp-block-image\"><figure class=\"aligncenter\"><img decoding=\"async\" loading=\"lazy\" width=\"800\" height=\"534\" src=\"https:\/\/speyer24news.com\/wp-content\/uploads\/2019\/12\/wirtschaftsforum_1.jpg\" alt=\"\" class=\"wp-image-23147\" srcset=\"https:\/\/speyer24news.com\/wp-content\/uploads\/2019\/12\/wirtschaftsforum_1.jpg 800w, https:\/\/speyer24news.com\/wp-content\/uploads\/2019\/12\/wirtschaftsforum_1-300x200.jpg 300w, https:\/\/speyer24news.com\/wp-content\/uploads\/2019\/12\/wirtschaftsforum_1-768x513.jpg 768w\" sizes=\"(max-width: 800px) 100vw, 800px\" \/><figcaption> Wolfgang Bosbach,  Bundestagsabgeordneter i. R. und Gastredner des diesj\u00e4hrigen  Wirtschaftsforums der Vereinigten VR Bank Kur- und Rheinpfalz<\/figcaption><\/figure><\/div>\n\n\n\n<p><strong>Speyer \/ Stadthalle &#8211; <\/strong>Wo steht Deutschland gerade \u2013 und was sollte sich in Politik, Wirtschaft und Gesellschaft \u00e4ndern, um international nicht den Anschluss zu verlieren? Diese Fragen standen im Zentrum eines Vortrags von Wolfgang Bosbach beim Wirtschaftsforum der Vereinigten VR Bank Kur- und Rheinpfalz in der Speyerer Stadthalle an Dienstag, 03.12.2019. Mit \u00fcber 650 Besuchern war das Interesse am diesj\u00e4hrigen Wirtschaftsforum so gro\u00df, dass die Veranstaltung \u00fcber eine Leinwand zus\u00e4tzlich in den kleinen Saal der Stadthalle \u00fcbertragen wurde.<\/p>\n\n\n\n<p>Das Wirtschaftsforum der Vereinigten VR Bank Kur- und Rheinpfalz, auf dem jeweils ein prominenter Gastredner zu einem aktuell relevanten Thema spricht, fand in diesem Jahr bereits zum zwanzigsten Mal statt. Neben FAZ-Herausgeber Frank Schirrmacher haben beispielsweise auch Hans-Joachim Watzke, Malu Dreyer oder Alt-Bundespr\u00e4sident Christian Wulff bereits auf dem Wirtschaftsforum gesprochen.<\/p>\n\n\n\n<p>Ganz im Zeichen des Hauptvortrags \u201eDAS muss sich \u00e4ndern \u2013 Klartext mit Wolfgang Bosbach\u201c bot das diesj\u00e4hrige Wirtschaftsforum eine kritische Bestandsaufnahme dessen, wo sich Deutschland derzeit in die falsche Richtung bewegt und auf welche Prinzipien und Werte sich Gesellschaft, Wirtschaft und Politik stattdessen besinnen sollten. Denn trotz starker Binnennachfrage, hoher Unternehmensgewinne und sprudelnder Steuereinnahmen besteht in Deutschland in vielerlei Hinsicht Handlungsbedarf, so Rudolf M\u00fcller, Vorstandssprecher der Vereinigten VR Bank Kur- und Rheinpfalz, in seiner Begr\u00fc\u00dfungsrede. Schuld daran seien oft \u00e4u\u00dferst langwierige Genehmigungsverfahren, bei denen die Partikularinteressen Einzelner vor das Gemeinwohl gestellt w\u00fcrden. \u201eWir m\u00fcssen uns fragen, in welchem Land wir leben wollen\u201c, so Rudolf M\u00fcller. \u201eIn einem Land der \u00e4ngstlichen Zauderer? Oder in einem Land, das sich seiner Verantwortung stellt \u2013 indem es sich auf seine legend\u00e4re Ingenieurskunst, seinen Gr\u00fcndergeist und seine Entschlossenheit besinnt, um mit der Wende zu einer ressourcenschonenden, nachhaltigen sozialen Marktwirtschaft wieder ein Beispiel zu geben?&#8220;<\/p>\n\n\n\n<h4 class=\"wp-block-heading\">Kurzweiliger, pointierter Vortrag von Wolfgang Bosbach<\/h4>\n\n\n\n<div class=\"wp-block-image\"><figure class=\"aligncenter\"><img decoding=\"async\" loading=\"lazy\" width=\"800\" height=\"591\" src=\"https:\/\/speyer24news.com\/wp-content\/uploads\/2019\/12\/wirtschaftsforum_2.jpg\" alt=\"\" class=\"wp-image-23148\" srcset=\"https:\/\/speyer24news.com\/wp-content\/uploads\/2019\/12\/wirtschaftsforum_2.jpg 800w, https:\/\/speyer24news.com\/wp-content\/uploads\/2019\/12\/wirtschaftsforum_2-300x222.jpg 300w, https:\/\/speyer24news.com\/wp-content\/uploads\/2019\/12\/wirtschaftsforum_2-768x567.jpg 768w, https:\/\/speyer24news.com\/wp-content\/uploads\/2019\/12\/wirtschaftsforum_2-80x60.jpg 80w\" sizes=\"(max-width: 800px) 100vw, 800px\" \/><figcaption>v.l.:  Dirk Borgartz (stellv.  Vorstandssprecher), Till Me\u00dfmer (Vorstand), Mathias Geisert (Vorstand),  Rudolf M\u00fcller (Vorstandssprecher), Bernadette Schoog (Moderatorin),  Wolfgang Bosbach (Bundestagsabgeordneter i. R.), Monika Kabs  (B\u00fcrgermeisterin der Stadt Speyer), Michael Wagner  (Landtagsabgeordneter), Winfried Szkutnik (Vorstand), J\u00fcrgen Kappenstein  (Aufsichtsratsvorsitzender), Thomas Sold (Vorstand) <\/figcaption><\/figure><\/div>\n\n\n\n<p>Wolfgang Bosbach kn\u00fcpfte in seinem kurzweiligen, pointierten und streckenweise fast schon kabarettistischen Vortrag \u2013 er selbst beschreibt seinen Rhetorikstil als Mischung aus B\u00fcttenrede und Bergpredigt \u2013 in vielerlei Hinsicht an die Diagnose von Rudolf M\u00fcller an. Bosbach war bis zu seinem Ausscheiden im Oktober 2017 langj\u00e4hriges Mitglied des Deutschen Bundestages, wo er unter anderem stellvertretender Vorsitzender der Unionsfraktion und bis Mitte 2015 Vorsitzender des Innenausschusses war. Derzeit drohe Deutschland, so Bosbach, in vielen Bereichen abgeh\u00e4ngt zu werden. Das habe er erst zuletzt wieder bei einem Urlaub in Oman feststellen k\u00f6nnen: \u201eDer Internetempfang dort war \u2013 ob nun in der W\u00fcste oder im Gebirge \u2013 \u00fcberall tadellos. Bei uns kommen die Funkl\u00f6cher hingegen bereits zwischen K\u00f6ln und Bergisch-Gladbach.\u201c<\/p>\n\n\n\n<p>Er sei jedoch, betonte Bosbach, optimistisch, dass sich Deutschland seiner St\u00e4rken besinnen k\u00f6nne, zumal Deutschland viel Positives zu bieten habe \u2013 angefangen bei der raschen Erholung der deutschen Volkswirtschaft nach der letzten Finanzkrise \u00fcber seine hohe politische Stabilit\u00e4t bis zu einer sehr dichten Hochschullandschaft. \u201eDie meisten Menschen auf der Welt w\u00fcrden sofort mit uns tauschen. Bei allen Problemen ist es unser heutiges Deutschland das beste Deutschland, das wir je hatten.\u201c<\/p>\n\n\n\n<p>Vereinigte VR Bank Kur- und Rheinpfalz eG<br>\n16.12.2019<\/p>\n\n\n\n<h1 class=\"wp-block-heading\" style=\"text-align:center\">Bundesagentur f\u00fcr Arbeit<\/h1>\n\n\n\n<div class=\"wp-block-image\"><figure class=\"aligncenter\"><img decoding=\"async\" src=\"https:\/\/speyer24news.com\/wp-content\/uploads\/2019\/11\/Agentur-f\u00fcr-Arbeit-1.png\" alt=\"\" class=\"wp-image-22542\"\/><\/figure><\/div>\n\n\n\n<h2 class=\"wp-block-heading\">Fachkr\u00e4fte finden und Inklusion voranbringen<\/h2>\n\n\n\n<p><strong>N\u00fcrnberg \/ Deutschland &#8211;<\/strong> Die Bundesagentur f\u00fcr Arbeit (BA) nimmt den internationalen Tag der  Menschen mit Behinderung zum Anlass, verst\u00e4rkt f\u00fcr Inklusion in der  Arbeitswelt zu werben. <br>Denn schwerbehinderte Menschen haben zwar in den letzten Jahren vom  Aufschwung am Arbeitsmarkt profitiert. Allerdings nicht ganz so stark  wie nicht schwerbehinderte Menschen.<\/p>\n\n\n\n<p>Die Zahl der j\u00fcngeren schwerbehinderten Arbeitslosen ist gesunken, die  der \u00c4lteren dagegen gestiegen. Gr\u00fcnde sind das Wegfallen  vorruhestands\u00e4hnlicher Regelungen, aber auch die Tatsache, dass manche  Schwerbehinderungen nicht angeboren sind. Sie sind Folgen von  Erkrankungen im Lebensverlauf.<\/p>\n\n\n\n<p>\u201eMenschen mit Schwerbehinderung sind h\u00e4ufig gut qualifiziert und  motivierte Fachkr\u00e4fte. Das ist eine Chance f\u00fcr Unternehmen, die  h\u00e4nderingend Fachkr\u00e4fte suchen\u201c, so Christiane Sch\u00f6nefeld, Vorstand der  BA.<\/p>\n\n\n\n<p>Denn Statistiken zeigen, dass arbeitslose Menschen mit Schwerbehinderung  sogar besser qualifiziert sind als andere Arbeitslose.  Knapp sechzig  Prozent von ihnen haben eine betriebliche, schulische oder akademische  Ausbildung. Bei allen anderen Arbeitslosen sind es knapp f\u00fcnfzig  Prozent.<\/p>\n\n\n\n<p>Die BA engagiert sich \u00fcber diesen Tag hinaus mit zahlreichen Initiativen  und Ma\u00dfnahmen, um Inklusion in Deutschland voranzutreiben.  Beispielsweise durch behindertengerechte Arbeitspl\u00e4tze tr\u00e4gt sie zur  Umsetzung der UN-Behindertenrechtskonvention bei. So gelingt es der BA  die geforderte Schwerbehindertenquote von f\u00fcnf Prozent nicht nur zu  erf\u00fcllen, sondern zu \u00fcbertreffen. Im Jahr 2018 waren unter den  Mitarbeitern der BA 10,3 Prozent Menschen mit Schwerbehinderung.<br> Damit m\u00f6chte die BA Vorreiter sein und wirbt selbst gezielt um Mitarbeitende mit Schwerbehinderung.<\/p>\n\n\n\n<p>Weitere Informationen finden Sie im Mediendienst der Bundesagentur f\u00fcr Arbeit.<\/p>\n\n\n\n<p>Folgen Sie der Bundesagentur f\u00fcr Arbeit auf Twitter.<\/p>\n\n\n\n<p><\/p>\n","protected":false},"excerpt":{"rendered":"<div class=\"mh-excerpt\"><p>Vereinigte VR Bank Kur- und Rheinpfalz eG \u201eZwischen B\u00fcttenrede und Bergpredigt\u201c Wolfgang Bosbach spricht beim Wirtschaftsforum der Vereinigten VR Bank Kur- und Rheinpfalz in voll besetzter Speyerer Stadthalle Speyer \/ Stadthalle &#8211; Wo steht Deutschland <a class=\"mh-excerpt-more\" href=\"https:\/\/speyer24news.com\/?p=23146\" title=\"Wirtschaft &#038; Finanzen\">[&#8230;]<\/a><\/p>\n<\/div>","protected":false},"author":3,"featured_media":0,"comment_status":"open","ping_status":"open","sticky":false,"template":"","format":"standard","meta":{"_monsterinsights_skip_tracking":false,"_monsterinsights_sitenote_active":false,"_monsterinsights_sitenote_note":"","_monsterinsights_sitenote_category":0,"footnotes":""},"categories":[29],"tags":[551,4898,1088,4899,4053,3153,1087,4698,4897,4896],"aioseo_notices":[],"amp_enabled":true,"_links":{"self":[{"href":"https:\/\/speyer24news.com\/index.php?rest_route=\/wp\/v2\/posts\/23146"}],"collection":[{"href":"https:\/\/speyer24news.com\/index.php?rest_route=\/wp\/v2\/posts"}],"about":[{"href":"https:\/\/speyer24news.com\/index.php?rest_route=\/wp\/v2\/types\/post"}],"author":[{"embeddable":true,"href":"https:\/\/speyer24news.com\/index.php?rest_route=\/wp\/v2\/users\/3"}],"replies":[{"embeddable":true,"href":"https:\/\/speyer24news.com\/index.php?rest_route=%2Fwp%2Fv2%2Fcomments&post=23146"}],"version-history":[{"count":2,"href":"https:\/\/speyer24news.com\/index.php?rest_route=\/wp\/v2\/posts\/23146\/revisions"}],"predecessor-version":[{"id":23151,"href":"https:\/\/speyer24news.com\/index.php?rest_route=\/wp\/v2\/posts\/23146\/revisions\/23151"}],"wp:attachment":[{"href":"https:\/\/speyer24news.com\/index.php?rest_route=%2Fwp%2Fv2%2Fmedia&parent=23146"}],"wp:term":[{"taxonomy":"category","embeddable":true,"href":"https:\/\/speyer24news.com\/index.php?rest_route=%2Fwp%2Fv2%2Fcategories&post=23146"},{"taxonomy":"post_tag","embeddable":true,"href":"https:\/\/speyer24news.com\/index.php?rest_route=%2Fwp%2Fv2%2Ftags&post=23146"}],"curies":[{"name":"wp","href":"https:\/\/api.w.org\/{rel}","templated":true}]}}