{"id":23150,"date":"2019-12-16T17:20:27","date_gmt":"2019-12-16T16:20:27","guid":{"rendered":"https:\/\/speyer24news.com\/?p=23150"},"modified":"2019-12-16T17:21:09","modified_gmt":"2019-12-16T16:21:09","slug":"stadtnoitzen-und-verkehrsnotizen-speyer","status":"publish","type":"post","link":"https:\/\/speyer24news.com\/?p=23150","title":{"rendered":"Stadtnotizen und Verkehrsnotizen Speyer"},"content":{"rendered":"<style type=\"text\/css\">\r\n\t.ads_top_disp{}\r\n\t.ads_top_corner_disp{ float:left; margin:0px 10px 10px 0px; }\r\n\t.ads_first_p_disp{}\r\n\t.ads_bottom_disp{}\r\n\t<\/style>\n<h1 class=\"wp-block-heading\" style=\"text-align:center\">Stadtnotizen Speyer<\/h1>\n\n\n\n<div class=\"wp-block-image\"><figure class=\"aligncenter\"><img decoding=\"async\" src=\"https:\/\/speyer24news.com\/wp-content\/uploads\/2019\/11\/Speyer-Stadtnachrichten-2-1.jpg\" alt=\"\" class=\"wp-image-22026\"\/><\/figure><\/div>\n\n\n\n<h2 class=\"wp-block-heading\"><strong>Oberb\u00fcrgermeisterin ber\u00e4t sich mit Altlu\u00dfheimer Kollege \u2013 B\u00fcrgerinfo zu Salierbr\u00fccke am 29. Januar 2020<\/strong><\/h2>\n\n\n\n<div class=\"wp-block-image\"><figure class=\"aligncenter\"><img decoding=\"async\" loading=\"lazy\" width=\"800\" height=\"600\" src=\"https:\/\/speyer24news.com\/wp-content\/uploads\/2019\/12\/Image1.jpg\" alt=\"\" class=\"wp-image-23152\" srcset=\"https:\/\/speyer24news.com\/wp-content\/uploads\/2019\/12\/Image1.jpg 800w, https:\/\/speyer24news.com\/wp-content\/uploads\/2019\/12\/Image1-300x225.jpg 300w, https:\/\/speyer24news.com\/wp-content\/uploads\/2019\/12\/Image1-768x576.jpg 768w, https:\/\/speyer24news.com\/wp-content\/uploads\/2019\/12\/Image1-678x509.jpg 678w, https:\/\/speyer24news.com\/wp-content\/uploads\/2019\/12\/Image1-326x245.jpg 326w, https:\/\/speyer24news.com\/wp-content\/uploads\/2019\/12\/Image1-80x60.jpg 80w\" sizes=\"(max-width: 800px) 100vw, 800px\" \/><\/figure><\/div>\n\n\n\n<p><strong>Speyer \/ Stadthalle &#8211;<\/strong> Zu  einem Austauschgespr\u00e4ch zur Salierbr\u00fccke trafen sich am heutigen  Mittwoch Oberb\u00fcrgermeisterin Stefanie Seiler und Uwe Grempels,  B\u00fcrgermeister der Gemeinde Altlu\u00dfheim. \u201eWir sind beide massiv von der  Br\u00fcckensperrung betroffen und m\u00fcssen uns zusammentun, um die Zeit der  Sanierung so gut als m\u00f6glich zu \u00fcberbr\u00fccken\u201c, so Seiler.<\/p>\n\n\n\n<p>Die  Oberb\u00fcrgermeisterin und der B\u00fcrgermeister waren sich einig, dass die  Verl\u00e4ngerung der Sanierung um ein weiteres Jahr die betroffenen  Kommunen vor gro\u00dfe Herausforderungen stellt und eine finanzielle  Unterst\u00fctzung n\u00f6tig ist. \u201eEs kann nicht angehen, dass wir neben den  Einschr\u00e4nkungen, die eine solche Bauma\u00dfnahme ohnehin schon mit sich  bringt, beim Thema Kosten f\u00fcr die Aufrechterhaltung des  \u00d6PNV im Stich gelassen werden\u201c, so Stefanie Seiler und Uwe Grempels. <\/p>\n\n\n\n<div class=\"wp-block-image\"><figure class=\"aligncenter\"><img decoding=\"async\" loading=\"lazy\" width=\"800\" height=\"600\" src=\"https:\/\/speyer24news.com\/wp-content\/uploads\/2019\/12\/20190216_121858.jpg\" alt=\"\" class=\"wp-image-23153\" srcset=\"https:\/\/speyer24news.com\/wp-content\/uploads\/2019\/12\/20190216_121858.jpg 800w, https:\/\/speyer24news.com\/wp-content\/uploads\/2019\/12\/20190216_121858-300x225.jpg 300w, https:\/\/speyer24news.com\/wp-content\/uploads\/2019\/12\/20190216_121858-768x576.jpg 768w, https:\/\/speyer24news.com\/wp-content\/uploads\/2019\/12\/20190216_121858-678x509.jpg 678w, https:\/\/speyer24news.com\/wp-content\/uploads\/2019\/12\/20190216_121858-326x245.jpg 326w, https:\/\/speyer24news.com\/wp-content\/uploads\/2019\/12\/20190216_121858-80x60.jpg 80w\" sizes=\"(max-width: 800px) 100vw, 800px\" \/><\/figure><\/div>\n\n\n\n<p>Als  ungl\u00fccklich bezeichneten beide auch die Kommunikation des  Regierungspr\u00e4sidiums Karlsruhe: \u201eWir h\u00e4tten uns gew\u00fcnscht, dass von  Anfang an transparent \u00fcber den Sanierungsstand informiert wird und  m\u00f6gliche Probleme benannt werden. Auch wir wurden von der Nachricht  v\u00f6llig \u00fcberrascht, dass die Arbeiten nun ein Jahr l\u00e4nger als geplant  andauern werden.\u201c Umso mehr begr\u00fc\u00dfen es Seiler und Grempels,  dass sich das Regierungspr\u00e4sidium nunmehr zu einer  B\u00fcrgerinformationsveranstaltung am <strong>Mittwoch, 29. Januar 2020<\/strong>, um 19.00  Uhr in der Speyerer Stadthalle bereit erkl\u00e4rt hat. \u201eGerade jetzt ist es  wichtig, die Bev\u00f6lkerung umfassend zu informieren und alle offenen  Fragen zu beantworten. Das ist das Regierungspr\u00e4sidium als Bautr\u00e4ger  den Menschen und den betroffenen Betrieben aus Wirtschaft und  Landwirtschaft schuldig\u201c, erkl\u00e4rte die Oberb\u00fcrgermeisterin.<\/p>\n\n\n\n<p><em>Stadt Speyer<br>16.12.2019<\/em><\/p>\n\n\n\n<h2 class=\"wp-block-heading\"><strong>Stadtverwaltung zwischen Weihnachten und Neujahr geschlossen<\/strong><\/h2>\n\n\n\n<div class=\"wp-block-image\"><figure class=\"aligncenter\"><img decoding=\"async\" src=\"https:\/\/speyer24news.com\/wp-content\/uploads\/2019\/11\/Closed-2.jpg\" alt=\"\" class=\"wp-image-22260\"\/><\/figure><\/div>\n\n\n\n<p><strong>Speyer &#8211; <\/strong>Die  Dienststellen der Stadtverwaltung Speyer sind zwischen Weihnachten und  Neujahr &#8211; <strong><em>von Dienstag, 24.12.2019 bis einschlie\u00dflich Mittwoch,  01.01.2020<\/em><\/strong> &#8211; geschlossen. Dies gilt auch f\u00fcr die B\u00fcrgerb\u00fcros in der  Maximilian- und Industriestra\u00dfe sowie f\u00fcr die Stadtbibliothek und die  Tourist-Information. &nbsp;<\/p>\n\n\n\n<p>Der\n Kulturhof Flachsgasse mit St\u00e4dtischer Galerie, Typographischem Kabinett\n und Kunstverein hat \u00fcber die Feiertage wie \u00fcblich von\n Donnerstag bis Sonntag jeweils von 11 bis 18 Uhr ge\u00f6ffnet.<\/p>\n\n\n\n<p>Die\n Winkeldruckerey bleibt von Mittwoch, 18.12.2019 bis einschlie\u00dflich \nMittwoch, 08.01.2020 geschlossen. Ins neue Jahr startet die\n Winkeldruckerey dann ab Donnerstag, 09.01.2020 mit neuen \n\u00d6ffnungszeiten: immer donnerstags von 13 bis 16 Uhr.\n<\/p>\n\n\n\n<p>Die  Stadtverwaltung w\u00fcnscht allen Speyerer*innen und ihren Besucher*innen  ein friedvolles und gesegnetes Weihnachtsfest sowie einen  guten Start in das Jahr 2020!<\/p>\n\n\n\n<p><em>Stadt Speyer<br>16.12.2019<\/em><\/p>\n\n\n\n<h1 class=\"wp-block-heading\" style=\"text-align:center\">Verkehrsnotizen Speyer<\/h1>\n\n\n\n<div class=\"wp-block-image\"><figure class=\"aligncenter\"><img decoding=\"async\" loading=\"lazy\" width=\"800\" height=\"565\" src=\"https:\/\/speyer24news.com\/wp-content\/uploads\/2019\/11\/Baustelle-2-1.jpg\" alt=\"\" class=\"wp-image-22027\" srcset=\"https:\/\/speyer24news.com\/wp-content\/uploads\/2019\/11\/Baustelle-2-1.jpg 800w, https:\/\/speyer24news.com\/wp-content\/uploads\/2019\/11\/Baustelle-2-1-300x212.jpg 300w, https:\/\/speyer24news.com\/wp-content\/uploads\/2019\/11\/Baustelle-2-1-768x542.jpg 768w\" sizes=\"(max-width: 800px) 100vw, 800px\" \/><\/figure><\/div>\n\n\n\n<h2 class=\"wp-block-heading\"><strong>Wormser Landstra\u00dfe wird f\u00fcr den Verkehr freigegeben<\/strong><\/h2>\n\n\n\n<div class=\"wp-block-image\"><figure class=\"aligncenter\"><img decoding=\"async\" loading=\"lazy\" width=\"800\" height=\"600\" src=\"https:\/\/speyer24news.com\/wp-content\/uploads\/2019\/12\/IMG_20190820_100515.jpg\" alt=\"\" class=\"wp-image-23155\" srcset=\"https:\/\/speyer24news.com\/wp-content\/uploads\/2019\/12\/IMG_20190820_100515.jpg 800w, https:\/\/speyer24news.com\/wp-content\/uploads\/2019\/12\/IMG_20190820_100515-300x225.jpg 300w, https:\/\/speyer24news.com\/wp-content\/uploads\/2019\/12\/IMG_20190820_100515-768x576.jpg 768w, https:\/\/speyer24news.com\/wp-content\/uploads\/2019\/12\/IMG_20190820_100515-678x509.jpg 678w, https:\/\/speyer24news.com\/wp-content\/uploads\/2019\/12\/IMG_20190820_100515-326x245.jpg 326w, https:\/\/speyer24news.com\/wp-content\/uploads\/2019\/12\/IMG_20190820_100515-80x60.jpg 80w\" sizes=\"(max-width: 800px) 100vw, 800px\" \/><\/figure><\/div>\n\n\n\n<p>Die  Stadtverwaltung Speyer teilt mit, dass am <strong>Dienstag, 17.12.2019<\/strong>, im  Laufe des Tages die Wormser Landstra\u00dfe und die Einm\u00fcndung Wormser  Landstra\u00dfe\/Auestra\u00dfe wie geplant komplett f\u00fcr den Verkehr freigegeben  wird. Das hei\u00dft, dass die Wormser Landstra\u00dfe in beide Richtungen  befahrbar und die Zufahrt von der Stadtmitte zur Auestra\u00dfe ist ebenfalls  frei ist. <\/p>\n\n\n\n<div class=\"wp-block-image\"><figure class=\"aligncenter\"><img decoding=\"async\" loading=\"lazy\" width=\"800\" height=\"600\" src=\"https:\/\/speyer24news.com\/wp-content\/uploads\/2019\/12\/IMG_20190820_100522.jpg\" alt=\"\" class=\"wp-image-23156\" srcset=\"https:\/\/speyer24news.com\/wp-content\/uploads\/2019\/12\/IMG_20190820_100522.jpg 800w, https:\/\/speyer24news.com\/wp-content\/uploads\/2019\/12\/IMG_20190820_100522-300x225.jpg 300w, https:\/\/speyer24news.com\/wp-content\/uploads\/2019\/12\/IMG_20190820_100522-768x576.jpg 768w, https:\/\/speyer24news.com\/wp-content\/uploads\/2019\/12\/IMG_20190820_100522-678x509.jpg 678w, https:\/\/speyer24news.com\/wp-content\/uploads\/2019\/12\/IMG_20190820_100522-326x245.jpg 326w, https:\/\/speyer24news.com\/wp-content\/uploads\/2019\/12\/IMG_20190820_100522-80x60.jpg 80w\" sizes=\"(max-width: 800px) 100vw, 800px\" \/><\/figure><\/div>\n\n\n\n<p>Die\n Einbahnstra\u00dfenregelung im \u201eAlten Postweg\u201c bleibt bestehen, bis im \nn\u00e4chsten Fr\u00fchjahr die Restarbeiten an der Einm\u00fcndung Wormser\n Landstra\u00dfe\/Alter Postweg durchgef\u00fchrt werden. <\/p>\n\n\n\n<p>Die Stadtverwaltung Speyer bedankt sich bei allen Verkehrsteilnehmer*innen f\u00fcr das aufgebrachte Verst\u00e4ndnis w\u00e4hrend der Bauzeit.<\/p>\n\n\n\n<p><em>Text: Stadt Speyer Foto: Speyer 24\/7 News, dak<br>16.12.2019<\/em><\/p>\n\n\n\n<h2 class=\"wp-block-heading\"><strong>Absperrungen anl\u00e4sslich \u201eAltp\u00f6rtel in Flammen\u201c Teil 2<\/strong><\/h2>\n\n\n\n<div class=\"wp-block-image\"><figure class=\"aligncenter\"><img decoding=\"async\" loading=\"lazy\" width=\"800\" height=\"600\" src=\"https:\/\/speyer24news.com\/wp-content\/uploads\/2019\/12\/DSC02311.jpg\" alt=\"\" class=\"wp-image-23154\" srcset=\"https:\/\/speyer24news.com\/wp-content\/uploads\/2019\/12\/DSC02311.jpg 800w, https:\/\/speyer24news.com\/wp-content\/uploads\/2019\/12\/DSC02311-300x225.jpg 300w, https:\/\/speyer24news.com\/wp-content\/uploads\/2019\/12\/DSC02311-768x576.jpg 768w, https:\/\/speyer24news.com\/wp-content\/uploads\/2019\/12\/DSC02311-678x509.jpg 678w, https:\/\/speyer24news.com\/wp-content\/uploads\/2019\/12\/DSC02311-326x245.jpg 326w, https:\/\/speyer24news.com\/wp-content\/uploads\/2019\/12\/DSC02311-80x60.jpg 80w\" sizes=\"(max-width: 800px) 100vw, 800px\" \/><\/figure><\/div>\n\n\n\n<p><strong>Speyer &#8211; <\/strong>Aufgrund  der Vorbereitungen f\u00fcr das Feuerwerk \u201eAltp\u00f6rtel in Flammen\u201c, welches am  kommenden <strong>Mittwoch, 18.12.2019<\/strong>, um 19:30 Uhr gez\u00fcndet  wird, werden verschiedene Absperrma\u00dfnahmen notwendig.<\/p>\n\n\n\n<p>Wie\n auch in den Vorjahren wird der Abbrennbereich des Feuerwerks aus \nSicherheitsgr\u00fcnden gesperrt. Die Absperrma\u00dfnahmen werden durch\n das THW in Zusammenarbeit mit der Polizei und dem st\u00e4dtischen \nKommunalen Vollzugsdienst durchgef\u00fchrt.\n<\/p>\n\n\n\n<p>Die\n Stra\u00dfenverkehrsbeh\u00f6rde bittet um Verst\u00e4ndnis, dass kurz vor und w\u00e4hrend\n der Abbrennzeit (ca. 19:00 Uhr bis ca. 19:50 Uhr) die\n Durchg\u00e4nge am Altp\u00f6rtel, einschlie\u00dflich der Zug\u00e4nge zur Ro\u00dfmarktstra\u00dfe \nund Gutenbergstra\u00dfe sowie die Maximilianstra\u00dfe im Bereich zwischen \nL\u00f6ffelgasse und Antoniengasse gesperrt werden. Die Gesch\u00e4ftszug\u00e4nge im \nAbsperrbereich sind ebenfalls in dieser Zeit nur\n sehr eingeschr\u00e4nkt nutzbar.<\/p>\n\n\n\n<p>Bereits bei den Aufbauarbeiten kann es teilweise zu kleineren Einschr\u00e4nkungen des Fu\u00dfg\u00e4ngerverkehrs in diesem Bereich kommen.<\/p>\n\n\n\n<p><em>Text: Stadt Speyer Foto: Speyer 24\/7 News, dak<br>16.12.2019<\/em><\/p>\n","protected":false},"excerpt":{"rendered":"<div class=\"mh-excerpt\"><p>Stadtnotizen Speyer Oberb\u00fcrgermeisterin ber\u00e4t sich mit Altlu\u00dfheimer Kollege \u2013 B\u00fcrgerinfo zu Salierbr\u00fccke am 29. Januar 2020 Speyer \/ Stadthalle &#8211; Zu einem Austauschgespr\u00e4ch zur Salierbr\u00fccke trafen sich am heutigen Mittwoch Oberb\u00fcrgermeisterin Stefanie Seiler und Uwe <a class=\"mh-excerpt-more\" href=\"https:\/\/speyer24news.com\/?p=23150\" title=\"Stadtnotizen und Verkehrsnotizen Speyer\">[&#8230;]<\/a><\/p>\n<\/div>","protected":false},"author":3,"featured_media":0,"comment_status":"open","ping_status":"open","sticky":false,"template":"","format":"standard","meta":{"_monsterinsights_skip_tracking":false,"_monsterinsights_sitenote_active":false,"_monsterinsights_sitenote_note":"","_monsterinsights_sitenote_category":0,"footnotes":""},"categories":[47],"tags":[4451,4902,4900,4710,4670,6,1296,4901,1114,2121],"aioseo_notices":[],"amp_enabled":true,"_links":{"self":[{"href":"https:\/\/speyer24news.com\/index.php?rest_route=\/wp\/v2\/posts\/23150"}],"collection":[{"href":"https:\/\/speyer24news.com\/index.php?rest_route=\/wp\/v2\/posts"}],"about":[{"href":"https:\/\/speyer24news.com\/index.php?rest_route=\/wp\/v2\/types\/post"}],"author":[{"embeddable":true,"href":"https:\/\/speyer24news.com\/index.php?rest_route=\/wp\/v2\/users\/3"}],"replies":[{"embeddable":true,"href":"https:\/\/speyer24news.com\/index.php?rest_route=%2Fwp%2Fv2%2Fcomments&post=23150"}],"version-history":[{"count":2,"href":"https:\/\/speyer24news.com\/index.php?rest_route=\/wp\/v2\/posts\/23150\/revisions"}],"predecessor-version":[{"id":23158,"href":"https:\/\/speyer24news.com\/index.php?rest_route=\/wp\/v2\/posts\/23150\/revisions\/23158"}],"wp:attachment":[{"href":"https:\/\/speyer24news.com\/index.php?rest_route=%2Fwp%2Fv2%2Fmedia&parent=23150"}],"wp:term":[{"taxonomy":"category","embeddable":true,"href":"https:\/\/speyer24news.com\/index.php?rest_route=%2Fwp%2Fv2%2Fcategories&post=23150"},{"taxonomy":"post_tag","embeddable":true,"href":"https:\/\/speyer24news.com\/index.php?rest_route=%2Fwp%2Fv2%2Ftags&post=23150"}],"curies":[{"name":"wp","href":"https:\/\/api.w.org\/{rel}","templated":true}]}}