{"id":23296,"date":"2019-12-20T10:41:33","date_gmt":"2019-12-20T09:41:33","guid":{"rendered":"https:\/\/speyer24news.com\/?p=23296"},"modified":"2019-12-20T10:41:35","modified_gmt":"2019-12-20T09:41:35","slug":"kultur-technik-museum-2","status":"publish","type":"post","link":"https:\/\/speyer24news.com\/?p=23296","title":{"rendered":"Kultur \/ Technik Museum"},"content":{"rendered":"<style type=\"text\/css\">\r\n\t.ads_top_disp{}\r\n\t.ads_top_corner_disp{ float:left; margin:0px 10px 10px 0px; }\r\n\t.ads_first_p_disp{}\r\n\t.ads_bottom_disp{}\r\n\t<\/style>\n<h2 class=\"wp-block-heading\">Museumsfestival BRAZZELTAG\u00ae am 9. und 10. Mai 2020 im Technik Museum Speyer<\/h2>\n\n\n\n<h3 class=\"wp-block-heading\">Anmeldung f\u00fcr Teilnehmerparkpl\u00e4tze ab dem 13. Januar 2020<\/h3>\n\n\n\n<div class=\"wp-block-image\"><figure class=\"aligncenter\"><img decoding=\"async\" loading=\"lazy\" width=\"800\" height=\"600\" src=\"https:\/\/speyer24news.com\/wp-content\/uploads\/2019\/12\/DSC02763.jpg\" alt=\"\" class=\"wp-image-23299\" srcset=\"https:\/\/speyer24news.com\/wp-content\/uploads\/2019\/12\/DSC02763.jpg 800w, https:\/\/speyer24news.com\/wp-content\/uploads\/2019\/12\/DSC02763-300x225.jpg 300w, https:\/\/speyer24news.com\/wp-content\/uploads\/2019\/12\/DSC02763-768x576.jpg 768w, https:\/\/speyer24news.com\/wp-content\/uploads\/2019\/12\/DSC02763-678x509.jpg 678w, https:\/\/speyer24news.com\/wp-content\/uploads\/2019\/12\/DSC02763-326x245.jpg 326w, https:\/\/speyer24news.com\/wp-content\/uploads\/2019\/12\/DSC02763-80x60.jpg 80w\" sizes=\"(max-width: 800px) 100vw, 800px\" \/><\/figure><\/div>\n\n\n\n<p><strong>Speyer \/ Technik Museum &#8211; <\/strong>Am <strong>9. und 10. Mai 2020 <\/strong>findet im Technik Museum Speyer wieder das beliebte Oldtimer- und Technikfestival BRAZZELTAG statt. <\/p>\n\n\n\n<p>Die Veranstaltung lockt j\u00e4hrlich tausende Fans in die Domstadt und l\u00e4sst die Herzen eingefleischter \u201eBenzink\u00f6pfe\u201c h\u00f6herschlagen. Neben Oldtimern, Sportwagen, Sonderumbauten und US Cars begeistern auch historische Flugzeuge die Besucher und sorgen f\u00fcr die einzigartige \u201eBrazzelatmosph\u00e4re\u201c. <\/p>\n\n\n\n<div class=\"wp-block-image\"><figure class=\"aligncenter\"><img decoding=\"async\" loading=\"lazy\" width=\"800\" height=\"600\" src=\"https:\/\/speyer24news.com\/wp-content\/uploads\/2019\/12\/DSC02772.jpg\" alt=\"\" class=\"wp-image-23300\" srcset=\"https:\/\/speyer24news.com\/wp-content\/uploads\/2019\/12\/DSC02772.jpg 800w, https:\/\/speyer24news.com\/wp-content\/uploads\/2019\/12\/DSC02772-300x225.jpg 300w, https:\/\/speyer24news.com\/wp-content\/uploads\/2019\/12\/DSC02772-768x576.jpg 768w, https:\/\/speyer24news.com\/wp-content\/uploads\/2019\/12\/DSC02772-678x509.jpg 678w, https:\/\/speyer24news.com\/wp-content\/uploads\/2019\/12\/DSC02772-326x245.jpg 326w, https:\/\/speyer24news.com\/wp-content\/uploads\/2019\/12\/DSC02772-80x60.jpg 80w\" sizes=\"(max-width: 800px) 100vw, 800px\" \/><\/figure><\/div>\n\n\n\n<p>Das Angebot auf dem gro\u00dfen Veranstaltungsgel\u00e4nde umfasst verschiedene Shows, Mitmachaktionen, Rund- und Demofahrten sowie Info- und H\u00e4ndlerst\u00e4nde. Doch was w\u00e4re solch ein Event ohne die passenden Fahrzeuge. Gerade die Vielf\u00e4ltigkeit des BRAZZELTAG macht die Veranstaltung so besonders und bietet eine bunte Mischung der unterschiedlichsten Marken und Modelle. <\/p>\n\n\n\n<div class=\"wp-block-image\"><figure class=\"aligncenter\"><img decoding=\"async\" loading=\"lazy\" width=\"800\" height=\"600\" src=\"https:\/\/speyer24news.com\/wp-content\/uploads\/2019\/12\/DSC02942.jpg\" alt=\"\" class=\"wp-image-23301\" srcset=\"https:\/\/speyer24news.com\/wp-content\/uploads\/2019\/12\/DSC02942.jpg 800w, https:\/\/speyer24news.com\/wp-content\/uploads\/2019\/12\/DSC02942-300x225.jpg 300w, https:\/\/speyer24news.com\/wp-content\/uploads\/2019\/12\/DSC02942-768x576.jpg 768w, https:\/\/speyer24news.com\/wp-content\/uploads\/2019\/12\/DSC02942-678x509.jpg 678w, https:\/\/speyer24news.com\/wp-content\/uploads\/2019\/12\/DSC02942-326x245.jpg 326w, https:\/\/speyer24news.com\/wp-content\/uploads\/2019\/12\/DSC02942-80x60.jpg 80w\" sizes=\"(max-width: 800px) 100vw, 800px\" \/><\/figure><\/div>\n\n\n\n<p>Viele der ausgestellten Fahrzeuge stammen von Brazzel-Fans, die sich einen der begrenzten Teilnehmerpl\u00e4tze sichern konnten. Dies ist auch f\u00fcr 2020 wieder m\u00f6glich. Besitzer von Oldtimern, Sonderumbauten oder Rarit\u00e4ten haben die M\u00f6glichkeit, sich <strong><em>ab dem 13. Januar 2020<\/em><\/strong> f\u00fcr einen Teilnehmerparkplatz zu bewerben. Neben der Pr\u00e4sentation auf dem Oldtimerparkplatz werden vom Museum ausgew\u00e4hlte Fahrzeuge im Brazzelparcours mitfahren und es gibt eine Vorstellung mit Pr\u00e4mierung der sch\u00f6nsten Oldtimer. <\/p>\n\n\n\n<div class=\"wp-block-image\"><figure class=\"aligncenter\"><img decoding=\"async\" loading=\"lazy\" width=\"800\" height=\"542\" src=\"https:\/\/speyer24news.com\/wp-content\/uploads\/2019\/12\/DSC03091.jpg\" alt=\"\" class=\"wp-image-23302\" srcset=\"https:\/\/speyer24news.com\/wp-content\/uploads\/2019\/12\/DSC03091.jpg 800w, https:\/\/speyer24news.com\/wp-content\/uploads\/2019\/12\/DSC03091-300x203.jpg 300w, https:\/\/speyer24news.com\/wp-content\/uploads\/2019\/12\/DSC03091-768x520.jpg 768w\" sizes=\"(max-width: 800px) 100vw, 800px\" \/><\/figure><\/div>\n\n\n\n<p>Die Bewerbung f\u00fcr den Teilnehmerparkplatz ist unter <a href=\"http:\/\/www.brazzeltag.de\">www.brazzeltag.de <\/a>m\u00f6glich. Dort sind auch die Bewerbungskriterien sowie die Teilnahmebedingungen hinterlegt.  <\/p>\n\n\n\n<div class=\"wp-block-image\"><figure class=\"aligncenter\"><img decoding=\"async\" loading=\"lazy\" width=\"800\" height=\"600\" src=\"https:\/\/speyer24news.com\/wp-content\/uploads\/2019\/12\/DSC03117.jpg\" alt=\"\" class=\"wp-image-23303\" srcset=\"https:\/\/speyer24news.com\/wp-content\/uploads\/2019\/12\/DSC03117.jpg 800w, https:\/\/speyer24news.com\/wp-content\/uploads\/2019\/12\/DSC03117-300x225.jpg 300w, https:\/\/speyer24news.com\/wp-content\/uploads\/2019\/12\/DSC03117-768x576.jpg 768w, https:\/\/speyer24news.com\/wp-content\/uploads\/2019\/12\/DSC03117-678x509.jpg 678w, https:\/\/speyer24news.com\/wp-content\/uploads\/2019\/12\/DSC03117-326x245.jpg 326w, https:\/\/speyer24news.com\/wp-content\/uploads\/2019\/12\/DSC03117-80x60.jpg 80w\" sizes=\"(max-width: 800px) 100vw, 800px\" \/><\/figure><\/div>\n\n\n\n<p>Eintrittskarten: BRAZZELTAG Tagesp\u00e4sse und 2-Tages-Armb\u00e4ndchen gibt es unter <a href=\"http:\/\/www.brazzeltag.de\">www.brazzeltag.de<\/a> oder direkt an den Kassen der Technik Museen Sinsheim und Speyer. Definition \u201ebrazzeln\u201c: Dieses Wort bezeichnet im Allgemeinen die Ger\u00e4uschkulisse welche von Fahrzeugen, Motoren, Flugzeugen usw. ausgeht. Damit werden Kl\u00e4nge wie \u201edampfen, zischen, tuckern, knattern, surren, brummen\u201c usw. zusammengefasst.<\/p>\n\n\n\n<p><em>Text: Technik Museum Speyer Foto: Speyer 24\/7 News, dak<br>20.12.2019<\/em><\/p>\n\n\n\n<h2 class=\"wp-block-heading\">Technik Museum Speyer pr\u00e4sentiert das SWR4 Schlager Open Air 2020 <\/h2>\n\n\n\n<h3 class=\"wp-block-heading\">Matthias Reim und M\u00fcnchner Freiheit am 5. Juli 2020 in Speyer<\/h3>\n\n\n\n<div class=\"wp-block-image\"><figure class=\"aligncenter\"><img decoding=\"async\" loading=\"lazy\" width=\"800\" height=\"533\" src=\"https:\/\/speyer24news.com\/wp-content\/uploads\/2019\/12\/SWR4-Konzert-in-Speyer-Tag-Fotorechte-Michael-Rothfritz-Gro\u00df.jpg\" alt=\"\" class=\"wp-image-23297\" srcset=\"https:\/\/speyer24news.com\/wp-content\/uploads\/2019\/12\/SWR4-Konzert-in-Speyer-Tag-Fotorechte-Michael-Rothfritz-Gro\u00df.jpg 800w, https:\/\/speyer24news.com\/wp-content\/uploads\/2019\/12\/SWR4-Konzert-in-Speyer-Tag-Fotorechte-Michael-Rothfritz-Gro\u00df-300x200.jpg 300w, https:\/\/speyer24news.com\/wp-content\/uploads\/2019\/12\/SWR4-Konzert-in-Speyer-Tag-Fotorechte-Michael-Rothfritz-Gro\u00df-768x512.jpg 768w\" sizes=\"(max-width: 800px) 100vw, 800px\" \/><\/figure><\/div>\n\n\n\n<p><strong>Speyer \/ Technik Museum &#8211;  <\/strong>Das Highlight des n\u00e4chsten Schlager-Sommers findet in Speyer statt. Am <strong>Sonntag, 5. Juli 2020<\/strong> sorgen vor der imposanten Kulisse des Technik Museum Speyer bekannte Schlagerstars f\u00fcr ein wahres Hit-Feuerwerk. F\u00fcr das \u201eSWR4 Schlager Open Air 2020\u201c haben Matthias Reim und die M\u00fcnchener Freiheit bereits zugesagt. Weitere Top-K\u00fcnstler werden in K\u00fcrze bekannt gegeben. <\/p>\n\n\n\n<p>Der Einlass findet ab 16.30 Uhr statt, Konzertbeginn ist um 18.00 Uhr. Sitzplatz-Tickets gibt es f\u00fcr 27,00 \u20ac unter <a href=\"http:\/\/www.SWR4-Ticketservice.de\">www.SWR4-Ticketservice.de<\/a>, telefonisch unter der Nummer 06131 \/ 92920400 sowie an der Kasse des Technik Museum Speyer (je nach Vorverkaufsstelle k\u00f6nnen Service- oder Porto- und Bearbeitungsgeb\u00fchren anfallen). <\/p>\n\n\n\n<p>Unter <a href=\"http:\/\/www.technik-museum.de\/SWR4\">www.technik-museum.de\/SWR4<\/a> gibt es aktuelle Informationen zur Veranstaltung. <\/p>\n\n\n\n<div class=\"wp-block-image\"><figure class=\"aligncenter\"><img decoding=\"async\" loading=\"lazy\" width=\"800\" height=\"534\" src=\"https:\/\/speyer24news.com\/wp-content\/uploads\/2019\/12\/Matthias-Reim-Fotorechte-Mischa-Lorenz-Gro\u00df.jpg\" alt=\"\" class=\"wp-image-23298\" srcset=\"https:\/\/speyer24news.com\/wp-content\/uploads\/2019\/12\/Matthias-Reim-Fotorechte-Mischa-Lorenz-Gro\u00df.jpg 800w, https:\/\/speyer24news.com\/wp-content\/uploads\/2019\/12\/Matthias-Reim-Fotorechte-Mischa-Lorenz-Gro\u00df-300x200.jpg 300w, https:\/\/speyer24news.com\/wp-content\/uploads\/2019\/12\/Matthias-Reim-Fotorechte-Mischa-Lorenz-Gro\u00df-768x513.jpg 768w\" sizes=\"(max-width: 800px) 100vw, 800px\" \/><\/figure><\/div>\n\n\n\n<p>1990 war nicht nur das Jahr der Einheit, es war auch das Jahr des Matthias Reim. \u201eVerdammt ich lieb dich\u201c wurde zum Mega-Hit \u2013 in Ost und West. Mit mehr als 2,5 Millionen verkaufter Exemplare geh\u00f6rt sein Kultschlager bis heute zu den erfolgreichsten deutschsprachigen Liedern. Trotz einiger R\u00fcckschl\u00e4ge und Niederlagen gab Matthias Reim nie auf. Nach wie vor geh\u00f6rt er zu den Top-K\u00fcnstlern in Deutschland. \u201eOhne dich (schlaf ich heut Nacht nicht ein)\u201c, \u201eTausendmal du\u201c oder \u201eSolange man Tr\u00e4ume noch leben kann\u201c, das sind nur einige der gro\u00dfen Hits der M\u00fcnchener Freiheit, die in diesem Jahr ihr 40-j\u00e4hriges Bandjubil\u00e4um feiert. Ihr einzigartiger und unverwechselbarer Sound begeistert seit den 1980er Jahren Generationen von Musikfans.<\/p>\n\n\n\n<p><em>Text: Technik Museum Speyer Foto: (1) Michael Rothfritz; (2) Mischa Lorenz<br>20.12.2019<\/em><\/p>\n","protected":false},"excerpt":{"rendered":"<div class=\"mh-excerpt\"><p>Museumsfestival BRAZZELTAG\u00ae am 9. und 10. Mai 2020 im Technik Museum Speyer Anmeldung f\u00fcr Teilnehmerparkpl\u00e4tze ab dem 13. Januar 2020 Speyer \/ Technik Museum &#8211; Am 9. und 10. Mai 2020 findet im Technik Museum <a class=\"mh-excerpt-more\" href=\"https:\/\/speyer24news.com\/?p=23296\" title=\"Kultur \/ Technik Museum\">[&#8230;]<\/a><\/p>\n<\/div>","protected":false},"author":3,"featured_media":0,"comment_status":"open","ping_status":"open","sticky":false,"template":"","format":"standard","meta":{"_monsterinsights_skip_tracking":false,"_monsterinsights_sitenote_active":false,"_monsterinsights_sitenote_note":"","_monsterinsights_sitenote_category":0,"footnotes":""},"categories":[14],"tags":[132,4997,4996,5001,5002,5000,6,4998,4999,164,133],"aioseo_notices":[],"amp_enabled":true,"_links":{"self":[{"href":"https:\/\/speyer24news.com\/index.php?rest_route=\/wp\/v2\/posts\/23296"}],"collection":[{"href":"https:\/\/speyer24news.com\/index.php?rest_route=\/wp\/v2\/posts"}],"about":[{"href":"https:\/\/speyer24news.com\/index.php?rest_route=\/wp\/v2\/types\/post"}],"author":[{"embeddable":true,"href":"https:\/\/speyer24news.com\/index.php?rest_route=\/wp\/v2\/users\/3"}],"replies":[{"embeddable":true,"href":"https:\/\/speyer24news.com\/index.php?rest_route=%2Fwp%2Fv2%2Fcomments&post=23296"}],"version-history":[{"count":1,"href":"https:\/\/speyer24news.com\/index.php?rest_route=\/wp\/v2\/posts\/23296\/revisions"}],"predecessor-version":[{"id":23304,"href":"https:\/\/speyer24news.com\/index.php?rest_route=\/wp\/v2\/posts\/23296\/revisions\/23304"}],"wp:attachment":[{"href":"https:\/\/speyer24news.com\/index.php?rest_route=%2Fwp%2Fv2%2Fmedia&parent=23296"}],"wp:term":[{"taxonomy":"category","embeddable":true,"href":"https:\/\/speyer24news.com\/index.php?rest_route=%2Fwp%2Fv2%2Fcategories&post=23296"},{"taxonomy":"post_tag","embeddable":true,"href":"https:\/\/speyer24news.com\/index.php?rest_route=%2Fwp%2Fv2%2Ftags&post=23296"}],"curies":[{"name":"wp","href":"https:\/\/api.w.org\/{rel}","templated":true}]}}