{"id":23305,"date":"2019-12-20T11:34:19","date_gmt":"2019-12-20T10:34:19","guid":{"rendered":"https:\/\/speyer24news.com\/?p=23305"},"modified":"2019-12-20T11:36:07","modified_gmt":"2019-12-20T10:36:07","slug":"wirtschaft-finanzen-31","status":"publish","type":"post","link":"https:\/\/speyer24news.com\/?p=23305","title":{"rendered":"Wirtschaft &#038; Finanzen"},"content":{"rendered":"<style type=\"text\/css\">\r\n\t.ads_top_disp{}\r\n\t.ads_top_corner_disp{ float:left; margin:0px 10px 10px 0px; }\r\n\t.ads_first_p_disp{}\r\n\t.ads_bottom_disp{}\r\n\t<\/style>\n<h2 class=\"wp-block-heading\"><strong>Zur Weihnachtszeit den lokalen Handel unterst\u00fctzen<\/strong><\/h2>\n\n\n\n<div class=\"wp-block-image\"><figure class=\"aligncenter\"><img decoding=\"async\" loading=\"lazy\" width=\"1024\" height=\"201\" src=\"https:\/\/speyer24news.com\/wp-content\/uploads\/2019\/12\/IMG_20191122_171137-1024x201.jpg\" alt=\"\" class=\"wp-image-23307\" srcset=\"https:\/\/speyer24news.com\/wp-content\/uploads\/2019\/12\/IMG_20191122_171137-1024x201.jpg 1024w, https:\/\/speyer24news.com\/wp-content\/uploads\/2019\/12\/IMG_20191122_171137-300x59.jpg 300w, https:\/\/speyer24news.com\/wp-content\/uploads\/2019\/12\/IMG_20191122_171137-768x151.jpg 768w, https:\/\/speyer24news.com\/wp-content\/uploads\/2019\/12\/IMG_20191122_171137.jpg 1200w\" sizes=\"(max-width: 1024px) 100vw, 1024px\" \/><\/figure><\/div>\n\n\n\n<p><strong>Speyer &#8211;<\/strong> \u201eWeihnachten  steht vor der T\u00fcr \u2013 und auch ich muss mich noch ins Get\u00fcmmel st\u00fcrzen  und Geschenke f\u00fcr meine Liebsten besorgen\u201c, gesteht  Oberb\u00fcrgermeisterin Stefanie Seiler ihren Hang zum  \u201eLast-Minute-Weihnachtsshopping\u201c. <\/p>\n\n\n\n<p>Sorgen,  dass das nicht mehr rechtzeitig klappt, plagen die Oberb\u00fcrgermeisterin  aber nicht. Denn sie sieht den Speyerer Einzelhandel  gut aufgestellt: \u201eIch werde meine Geschenke in Speyer kaufen. Wir haben  die komfortable Situation, dass wir eine attraktive Innenstadt und  Fachgesch\u00e4fte mit einem vielf\u00e4ltigen Warenangebot haben. Dass das keine  Selbstverst\u00e4ndlichkeit ist, k\u00f6nnen wir vielerorts  beobachten und sollten wir alle zu sch\u00e4tzen wissen.\u201c Gerade deshalb  gelte es, insbesondere auch beim Weihnachtshopping den station\u00e4ren  Handel zu st\u00e4rken und vor Ort einzukaufen \u2013 nicht zuletzt um die  Arbeits- und Ausbildungspl\u00e4tze zu sichern. <\/p>\n\n\n\n<div class=\"wp-block-image\"><figure class=\"aligncenter\"><img decoding=\"async\" loading=\"lazy\" width=\"500\" height=\"667\" src=\"https:\/\/speyer24news.com\/wp-content\/uploads\/2019\/12\/IMG_20191219_161346-1.jpg\" alt=\"\" class=\"wp-image-23309\" srcset=\"https:\/\/speyer24news.com\/wp-content\/uploads\/2019\/12\/IMG_20191219_161346-1.jpg 500w, https:\/\/speyer24news.com\/wp-content\/uploads\/2019\/12\/IMG_20191219_161346-1-225x300.jpg 225w\" sizes=\"(max-width: 500px) 100vw, 500px\" \/><\/figure><\/div>\n\n\n\n<p>In  diesem Sinne ruft die Oberb\u00fcrgermeisterin die Speyererinnen und  Speyerer dazu auf, es ihr gleichzutun: \u201eNehmen Sie sich ganz bewusst  die Zeit, Ihre Eink\u00e4ufe hier in Speyer zu erledigen und kommen Sie  dabei gleichzeitig in den Genuss einer stimmungsvoll dekorierten  Innenstadt und eines sch\u00f6nen Weihnachtsmarktes.\u201c In diesem Zusammenhang  sei auch nochmals auf den kostenlosen st\u00e4dtischen Busverkehr  am letzten Adventssamstag hingewiesen, der im gesamten Linienb\u00fcndel  Speyer mit den Linien 561, 562, 563, 564, 565, 566, 567, 568, 569 und  dem Ersatzbusverkehr der Linie 717 vom Parkplatz Luxhof \u00fcber die  Salierbr\u00fccke bis Domplatz gilt. &nbsp;<\/p>\n\n\n\n<div class=\"wp-block-image\"><figure class=\"aligncenter\"><img decoding=\"async\" loading=\"lazy\" width=\"500\" height=\"682\" src=\"https:\/\/speyer24news.com\/wp-content\/uploads\/2019\/12\/Weihnachten-Speyer.jpg\" alt=\"\" class=\"wp-image-23310\" srcset=\"https:\/\/speyer24news.com\/wp-content\/uploads\/2019\/12\/Weihnachten-Speyer.jpg 500w, https:\/\/speyer24news.com\/wp-content\/uploads\/2019\/12\/Weihnachten-Speyer-220x300.jpg 220w\" sizes=\"(max-width: 500px) 100vw, 500px\" \/><\/figure><\/div>\n\n\n\n<p>Ihren\n Aufruf verbindet Stefanie Seiler mit Weihnachtsgr\u00fc\u00dfen: \u201eIch m\u00f6chte die \nGelegenheit nutzen und allen Speyerer B\u00fcrgerinnen und\n B\u00fcrgern, ihren Familien, Freunden und G\u00e4sten ein fr\u00f6hliches und \nfriedvolles Weihnachtsfest und einen guten und gesunden Start ins Jahr \n2020 w\u00fcnschen.\u201c<\/p>\n\n\n\n<p><em>Text: Stadt Speyer Foto: Speyer 24\/7 News, dak<br>20.12.2019<\/em><\/p>\n\n\n\n<h1 class=\"wp-block-heading\" style=\"text-align:center\">Stadtwerke Speyer \/ Bademaxx<\/h1>\n\n\n\n<div class=\"wp-block-image\"><figure class=\"aligncenter\"><img decoding=\"async\" src=\"https:\/\/speyer24news.com\/wp-content\/uploads\/2019\/11\/SWS-Logo-1-1024x356.jpg\" alt=\"\" class=\"wp-image-22217\"\/><\/figure><\/div>\n\n\n\n<h2 class=\"wp-block-heading\"><strong>Glasfaser-Projekt Auestra\u00dfe<\/strong><\/h2>\n\n\n\n<h3 class=\"wp-block-heading\"><strong>SWS-Aufsichtsrat beschlie\u00dft Ausbau<\/strong><\/h3>\n\n\n\n<div class=\"wp-block-image\"><figure class=\"aligncenter\"><img decoding=\"async\" loading=\"lazy\" width=\"800\" height=\"588\" src=\"https:\/\/speyer24news.com\/wp-content\/uploads\/2019\/12\/RS220271_20190813_130819Glasfaser10.jpg\" alt=\"\" class=\"wp-image-23311\" srcset=\"https:\/\/speyer24news.com\/wp-content\/uploads\/2019\/12\/RS220271_20190813_130819Glasfaser10.jpg 800w, https:\/\/speyer24news.com\/wp-content\/uploads\/2019\/12\/RS220271_20190813_130819Glasfaser10-300x221.jpg 300w, https:\/\/speyer24news.com\/wp-content\/uploads\/2019\/12\/RS220271_20190813_130819Glasfaser10-768x564.jpg 768w, https:\/\/speyer24news.com\/wp-content\/uploads\/2019\/12\/RS220271_20190813_130819Glasfaser10-80x60.jpg 80w\" sizes=\"(max-width: 800px) 100vw, 800px\" \/><\/figure><\/div>\n\n\n\n<p><strong>Speyer-Auestra\u00dfe \/ Stadtwerke &#8211; <\/strong>Der Aufsichtsrat der Stadtwerke Speyer GmbH hat in der Sitzung am 19. Dezember 2019 einstimmig den fl\u00e4chendeckenden Ausbau des Glasfaser-Gebiets  \u201eAuestra\u00dfe\u201c beschlossen. Die Investitionskosten betragen f\u00fcr die Jahre  2020 und 2021 4,2 Mio. Euro. \u201eDurch die Feinplanung und  Trassenoptimierung konnte eine Optimierung der  Investitionskosten und weiterer Parameter erzielt werden\u201c, informierte  SWS-Gesch\u00e4ftsf\u00fchrer Wolfgang B\u00fchring.\u00a0 <\/p>\n\n\n\n<p>Von ca. 1.250 potenziell anzuschlie\u00dfenden Wohn- und Gewerbeeinheiten\nkonnten 36,4 Prozent unter Vertrag genommen werden. \u201eWir haben unser Ziel, eine Vorvermarktungsquote von 40 Prozent, zwar nicht ganz erreicht, wollen aber trotzdem einen fl\u00e4chendeckenden\n Ausbau starten, um Speyer den Weg in die digitale Zukunft zu \u00f6ffnen\u201c, betonte Stefanie Seiler, Aufsichtsratsvorsitzende der SWS. Auch bezeichnete sie das Glasfaser-Projekt der Stadtwerke als\n Leuchtturmprojekt f\u00fcr die gesamte Metropolregien Rhein-Neckar. <\/p>\n\n\n\n<p>W\u00e4hrend in den Wohngebieten Mausbergweg und Ro\u00dfsprung  gute Akquise-Ergebnisse (mit \u00fcber 50 Prozent) erreicht werden konnten, war die Gewinnung der Gewerbetreibenden \u2013 trotz g\u00fcnstiger Konditionen \u2013 oftmals schwierig. Urs\u00e4chlich daf\u00fcr sei die Anzahl der Filialisten in der Auestra\u00dfe, \u00fcber deren Anschl\u00fcsse  leider an zentraler Stelle geb\u00fcndelt au\u00dferhalb Speyers entschieden w\u00fcrde, sagte B\u00fchring  und erg\u00e4nzte: \u201eDie Stadtwerke sind besonders den Bewohnerinnen und  Bewohnern in den Wohngebieten Mausbergweg und Ro\u00dfsprung sehr dankbar  f\u00fcr die unerwartet gro\u00dfe Eigeninitiative beim Werben f\u00fcr die Glasfaser  in der Nachbarschaft sowie das entgegengebrachte Vertrauen.\u201c <\/p>\n\n\n\n<div class=\"wp-block-image\"><figure class=\"aligncenter\"><img decoding=\"async\" loading=\"lazy\" width=\"800\" height=\"595\" src=\"https:\/\/speyer24news.com\/wp-content\/uploads\/2019\/12\/RS220291_20190813_130819Glasfaser24.jpg\" alt=\"\" class=\"wp-image-23312\" srcset=\"https:\/\/speyer24news.com\/wp-content\/uploads\/2019\/12\/RS220291_20190813_130819Glasfaser24.jpg 800w, https:\/\/speyer24news.com\/wp-content\/uploads\/2019\/12\/RS220291_20190813_130819Glasfaser24-300x223.jpg 300w, https:\/\/speyer24news.com\/wp-content\/uploads\/2019\/12\/RS220291_20190813_130819Glasfaser24-768x571.jpg 768w, https:\/\/speyer24news.com\/wp-content\/uploads\/2019\/12\/RS220291_20190813_130819Glasfaser24-80x60.jpg 80w\" sizes=\"(max-width: 800px) 100vw, 800px\" \/><\/figure><\/div>\n\n\n\n<p>Neben der Anschlussquote von 40 Prozent fiel auch die angenommene Verteilung der Produkte \u2013 insbesondere der\nAngebote mit h\u00f6heren Bandbreiten \u2013 nicht ganz wie geplant aus. Besonders von den Gewerbetreibenden wurden eher g\u00fcnstigere Produkte mit geringeren\nBandbreiten abgeschlossen. <\/p>\n\n\n\n<p>Auf Basis der vorliegenden Erkenntnisse ergibt sich eine etwas l\u00e4ngere Amortisationszeit (23,5 Jahre anstatt 22 Jahre).\n\u201eF\u00fcr Versorgungsprojekte dieser Art, zu denen z. B. auch die Fernw\u00e4rme geh\u00f6rt, sind\naber l\u00e4ngere Amortisationszeitr\u00e4ume durchaus \u00fcblich\u201c, sagte B\u00fchring. Das Ausbaugebiet \u201eAuestra\u00dfe\u201c biete u. a. durch die Neugestaltung des Industriehofareals und geplante Wohneinheiten der GBS, GEWO\n und Diakonissen Potenzial f\u00fcr eine Steigerung der \nAnschlussdichte in den kommenden Jahren. Insgesamt seien die Stadtwerke \nmit dem Ergebnis der Vermarktung zufrieden. \u201eSchlie\u00dflich konnten wir \nfast jedes zweite Geb\u00e4ude unter Vertag nehmen\u201c, so B\u00fchring.\n F\u00fcr die Zukunft sollen kleinere Vermarktungsgebiete, weitere Preismodelle f\u00fcr Gewerbekunden und eine Online-Vorvermarktung umgesetzt werden, so das Fazit des SWS-Gesch\u00e4ftsf\u00fchrers.\nMit der Online-Vorvermarktung sei das Ziel, \nbei den Gebieten mit dem gr\u00f6\u00dften Interesse einen vorrangigen Ausbau zu \nrealisieren.&nbsp;&nbsp;\n<\/p>\n\n\n\n<p>Zum weiteren Ablauf:  Die Ausschreibung f\u00fcr Tiefbau und Material soll Anfang 2020 erfolgen.  Baubeginn ist im Sp\u00e4tsommer vorgesehen, die Fertigstellung Ende 2021.<\/p>\n\n\n\n<p><em>Stadtwerke Speyer GmbH<br>20.12.2019<\/em><\/p>\n\n\n\n<h2 class=\"wp-block-heading\"><strong>bademaxx: 4.-Mio.-Besucherin \u00fcberrascht<\/strong><\/h2>\n\n\n\n<div class=\"wp-block-image\"><figure class=\"aligncenter\"><img decoding=\"async\" loading=\"lazy\" width=\"500\" height=\"667\" src=\"https:\/\/speyer24news.com\/wp-content\/uploads\/2019\/12\/20191217_132416.jpg\" alt=\"\" class=\"wp-image-23306\" srcset=\"https:\/\/speyer24news.com\/wp-content\/uploads\/2019\/12\/20191217_132416.jpg 500w, https:\/\/speyer24news.com\/wp-content\/uploads\/2019\/12\/20191217_132416-225x300.jpg 225w\" sizes=\"(max-width: 500px) 100vw, 500px\" \/><figcaption> bademaxx-Leiter Stefan M\u00fcller (rechts) und Kassenfrau Anke Keller (Mitte) gratulierten Elisabeth Bug aus Speyer (links).<\/figcaption><\/figure><\/div>\n\n\n\n<p><strong>Speyer-Bademaxx &#8211;<\/strong> \u201eIch bin von Anfang an regelm\u00e4\u00dfig im bademaxx\u201c  verriet die sichtlich erstaunte Elisabeth Bug aus Speyer. Gegen 13.30 Uhr wurde sie am Dienstagmittag  (17.12.2019) im Sport- und Erlebnisbad in der Geibstra\u00dfe von bademaxx-Leiter Stefan M\u00fcller und Kassenfrau Anke Keller als 4.-Mio.-Besucherin in Empfang genommen. Das Personal  freute sich sehr, dass es bei der Gewinnerin eine bekannte Besucherin  traf. \u201eIm Sommer bin ich jeden Tag im Freibad schwimmen und auch w\u00e4hrend  der Hallenbadzeit komme ich etwa zweimal w\u00f6chentlich  hierher\u201c, sagte Elisabeth Bug. Sie schwimme gern und nehme auch an  diversen Aqua-Kursen teil. Zudem sch\u00e4tze sie die Saunalandschaft mit den  besonderen Aufguss-Angeboten und die famili\u00e4re Atmosph\u00e4re im bademaxx. \u00a0<\/p>\n\n\n\n<p>Nicht nur Blumen gab es f\u00fcr die Domst\u00e4dterin vom \nbademaxx-Personal. Freuen durfte sich Elisabeth Bug zudem \u00fcber ein \nHandtuch-Pr\u00e4sent mit 100-Euro-Wertkarte und Ente \u201eKate K\u00fcsschen\u201c.<\/p>\n\n\n\n<p>\u201eWir sind froh, dass sich das bademaxx so gut  entwickelt hat und von Bade- und Saunag\u00e4sten gleicherma\u00dfen gut  angenommen wird\u201c blickte Leiter Stefan M\u00fcller auf die letzten Jahre  zur\u00fcck. Die meisten Besucher w\u00e4ren aus Speyer und der Region.  Um die Saunaeinrichtung zu nutzen, k\u00e4men G\u00e4ste allerdings auf von  weiter her. 2018 konnte bislang mit 368.079 Besuchern der beste Wert  seit Er\u00f6ffnung der Einrichtung im Jahr 2007 erzielt werden. Auch 2019  rechnen die Stadtwerke Speyer, Eigent\u00fcmer und Betreiber  des bademaxx, wieder mit einem guten Jahresergebnis. <\/p>\n\n\n\n<p><em>Stadtwerke Speyer GmbH<br>20.12.2019<\/em><\/p>\n\n\n\n<h2 class=\"wp-block-heading\">\u00d6ffnungszeiten \u00fcber die Feiertage: Stadtwerke Speyer, Abfallwirtschaftshof, bademaxx<\/h2>\n\n\n\n<div class=\"wp-block-image\"><figure class=\"aligncenter\"><img decoding=\"async\" loading=\"lazy\" width=\"800\" height=\"533\" src=\"https:\/\/speyer24news.com\/wp-content\/uploads\/2019\/12\/Info-630-Schlie\u00dfzeiten.jpg\" alt=\"\" class=\"wp-image-23234\" srcset=\"https:\/\/speyer24news.com\/wp-content\/uploads\/2019\/12\/Info-630-Schlie\u00dfzeiten.jpg 800w, https:\/\/speyer24news.com\/wp-content\/uploads\/2019\/12\/Info-630-Schlie\u00dfzeiten-300x200.jpg 300w, https:\/\/speyer24news.com\/wp-content\/uploads\/2019\/12\/Info-630-Schlie\u00dfzeiten-768x512.jpg 768w\" sizes=\"(max-width: 800px) 100vw, 800px\" \/><\/figure><\/div>\n\n\n\n<p><strong>Speyer \/ Bademaxx \/ Stadtwerke \/ Abfallwirtschaftshof &#8211; <\/strong>Das <strong>Stadtwerke-Kundenzentrum<\/strong> in der Speyerer Industriestra\u00dfe ist von 24. bis 31. Dezember 2019 geschlossen. Der  Bereitschaftsdienst ist rund um die Uhr telefonisch zu erreichen:  Strom\/Stra\u00dfenbeleuchtung: 06232\/625-4000, Erdgas: 06232\/625-4400,  Wasser: 06232\/625-4440, Fernw\u00e4rme\/W\u00e4rme: 06232\/625-4040, Kanal:  06232\/625-4545.<\/p>\n\n\n\n<p>Der <strong>Abfallwirtschaftshof<\/strong> in der Franz-Kirrmeier-Stra\u00dfe, Speyer ist am 27. und 28. Dezember 2019 ge\u00f6ffnet, am 24., 30. und 31. Dezember 2019 geschlossen.<\/p>\n\n\n\n<p>\u00d6ffnungszeiten&nbsp;Weihnachten\/Neujahr im Sport- und Erlebnisbad\n<strong>bademaxx <\/strong>in der Geibstra\u00dfe, Speyer<\/p>\n\n\n\n<table class=\"wp-block-table\"><tbody><tr><td>\n24.12.2019&nbsp;\n<\/td><td>\ngeschlossen&nbsp;\n<\/td><\/tr><tr><td>\n25.12.2019&nbsp;\n<\/td><td>\ngeschlossen&nbsp;\n<\/td><\/tr><tr><td>\n26.12.2019&nbsp;\n<\/td><td>\n10 &#8211; 20 Uhr\n<\/td><\/tr><tr><td>\n27.12.2019&nbsp;\n<\/td><td>\n10 &#8211; 22 Uhr&nbsp;(Aqua-Gymnastik findet statt)\n<\/td><\/tr><tr><td>\n28.12.2019&nbsp;\n<\/td><td>\n10 &#8211; 22 Uhr\n<\/td><\/tr><tr><td>\n29.12.2019&nbsp;&nbsp;\n<\/td><td>\n10 &#8211; 20 Uhr&nbsp;\n<\/td><\/tr><tr><td>\n30.12.2019&nbsp;&nbsp;\n<\/td><td>10 &#8211; 22 Uhr <\/td><\/tr><tr><td> 31.12.2019 <\/td><td>10 &#8211; 13 Uhr (Sauna geschlossen\/Aqua-Gymnastik findet statt)&nbsp; <\/td><\/tr><tr><td>\n01.01.2020&nbsp;\n<\/td><td>\ngeschlossen&nbsp;<\/td><\/tr><\/tbody><\/table>\n\n\n\n<p><em>Text: Stadtwerke Speyer GmbH Foto: Stadt Landau in der Pfalz<br>20.12.2019<\/em><\/p>\n","protected":false},"excerpt":{"rendered":"<div class=\"mh-excerpt\"><p>Zur Weihnachtszeit den lokalen Handel unterst\u00fctzen Speyer &#8211; \u201eWeihnachten steht vor der T\u00fcr \u2013 und auch ich muss mich noch ins Get\u00fcmmel st\u00fcrzen und Geschenke f\u00fcr meine Liebsten besorgen\u201c, gesteht Oberb\u00fcrgermeisterin Stefanie Seiler ihren Hang <a class=\"mh-excerpt-more\" href=\"https:\/\/speyer24news.com\/?p=23305\" title=\"Wirtschaft &#038; Finanzen\">[&#8230;]<\/a><\/p>\n<\/div>","protected":false},"author":3,"featured_media":0,"comment_status":"open","ping_status":"open","sticky":false,"template":"","format":"standard","meta":{"_monsterinsights_skip_tracking":false,"_monsterinsights_sitenote_active":false,"_monsterinsights_sitenote_note":"","_monsterinsights_sitenote_category":0,"footnotes":""},"categories":[29],"tags":[27,5006,1088,2757,5007,2606,5009,5008,5005,771,1442,5003,5004,1087,4698],"aioseo_notices":[],"amp_enabled":true,"_links":{"self":[{"href":"https:\/\/speyer24news.com\/index.php?rest_route=\/wp\/v2\/posts\/23305"}],"collection":[{"href":"https:\/\/speyer24news.com\/index.php?rest_route=\/wp\/v2\/posts"}],"about":[{"href":"https:\/\/speyer24news.com\/index.php?rest_route=\/wp\/v2\/types\/post"}],"author":[{"embeddable":true,"href":"https:\/\/speyer24news.com\/index.php?rest_route=\/wp\/v2\/users\/3"}],"replies":[{"embeddable":true,"href":"https:\/\/speyer24news.com\/index.php?rest_route=%2Fwp%2Fv2%2Fcomments&post=23305"}],"version-history":[{"count":2,"href":"https:\/\/speyer24news.com\/index.php?rest_route=\/wp\/v2\/posts\/23305\/revisions"}],"predecessor-version":[{"id":23314,"href":"https:\/\/speyer24news.com\/index.php?rest_route=\/wp\/v2\/posts\/23305\/revisions\/23314"}],"wp:attachment":[{"href":"https:\/\/speyer24news.com\/index.php?rest_route=%2Fwp%2Fv2%2Fmedia&parent=23305"}],"wp:term":[{"taxonomy":"category","embeddable":true,"href":"https:\/\/speyer24news.com\/index.php?rest_route=%2Fwp%2Fv2%2Fcategories&post=23305"},{"taxonomy":"post_tag","embeddable":true,"href":"https:\/\/speyer24news.com\/index.php?rest_route=%2Fwp%2Fv2%2Ftags&post=23305"}],"curies":[{"name":"wp","href":"https:\/\/api.w.org\/{rel}","templated":true}]}}