{"id":23315,"date":"2019-12-20T12:16:11","date_gmt":"2019-12-20T11:16:11","guid":{"rendered":"https:\/\/speyer24news.com\/?p=23315"},"modified":"2019-12-20T12:16:13","modified_gmt":"2019-12-20T11:16:13","slug":"stadtnotizen-speyer-6","status":"publish","type":"post","link":"https:\/\/speyer24news.com\/?p=23315","title":{"rendered":"Stadtnotizen Speyer"},"content":{"rendered":"<style type=\"text\/css\">\r\n\t.ads_top_disp{}\r\n\t.ads_top_corner_disp{ float:left; margin:0px 10px 10px 0px; }\r\n\t.ads_first_p_disp{}\r\n\t.ads_bottom_disp{}\r\n\t<\/style>\n<h1 class=\"wp-block-heading\" style=\"text-align:center\">Stadtnotizen<\/h1>\n\n\n\n<div class=\"wp-block-image\"><figure class=\"aligncenter\"><img decoding=\"async\" src=\"https:\/\/speyer24news.com\/wp-content\/uploads\/2019\/11\/Speyer-Stadtnachrichten-2-1.jpg\" alt=\"\" class=\"wp-image-22026\"\/><\/figure><\/div>\n\n\n\n<h2 class=\"wp-block-heading\"><strong>Spenden f\u00fcr den H\u00e4rtefonds Mittagsverpflegung und die Opfer von Boko Haram\n<\/strong><\/h2>\n\n\n\n<p>Gleich zwei Projekte durften sich in dieser Woche \u00fcber Spenden freuen.\n<\/p>\n\n\n\n<p>Am Montag, 16.12.2019 nahm Michael St\u00f6ckel, Leiter der Abteilung  Kindertagesst\u00e4tten und Kindertagespflege, von den Hortkindern der  Kita WoLa eine Spende in H\u00f6he von 500 \u20ac entgegen, die dem H\u00e4rtefonds  Mittagsverpflegung der Stadt Speyer zugutekommen werden. Der H\u00e4rtefonds  erm\u00f6glicht Kindern aus sozial benachteiligten Familien &#8211; f\u00fcr einen  Eigenanteil in H\u00f6he von einem Euro &#8211; an einem gesunden  und gemeinschaftlichen warmen Mittagessen teilzunehmen.  Zusammengetragen haben die\u00a0 Sechs- bis Zw\u00f6lfj\u00e4hrigen den Betrag im  Rahmen eines Sandwichverkaufs und der Kita-Weihnachtsfeier. \u201eIch finde  es gro\u00dfartig, wenn sich schon junge Kinder so vorbildlich f\u00fcr  ihre Altersgenossen einsetzen und engagieren\u201c, lobt B\u00fcrgermeisterin und  Sozialdezernentin Monika Kabs. \u201eBesonders bemerkenswert ist das, weil  die Kinder ganz von allein auf die Idee gekommen sind, Spenden f\u00fcr  diesen Zweck zu sammeln\u201c.<\/p>\n\n\n\n<p>Grund zur Freude gab es auch bei der Gleichstellungsstelle, die im Rahmen der  Ausstellung \u201eStolen Girls\u201c und der korrespondierenden  Veranstaltungen in der Ged\u00e4chtniskirche 460 \u20ac f\u00fcr die Frauen im Norden  Nigerias einwerben konnten, die Opfer der Terrorgruppe \u201eBoko Haram\u201c  waren. Andy Spyra, der Fotograf dessen Fotos im Rahmen der Ausstellung  gezeigt wurden, wird das gesammelte Geld \u00fcber  einen Journalisten der ZEIT und mithilfe lokaler Vertreter parit\u00e4tisch  an christliche und islamische Frauen und M\u00e4dchen vergeben, die sich aus  der Gefangenschaft der Terrorgruppe befreien konnten.<\/p>\n\n\n\n<h4 class=\"wp-block-heading\">F\u00fcr beide Projekte kann nach wie vor an folgende Bankverbindungen gespendet werden:<\/h4>\n\n\n\n<h4 class=\"wp-block-heading\">H\u00e4rtefonds Mittagsverpflegung Stadt Speyer<\/h4>\n\n\n\n<ul><li>Stichwort: H\u00e4rtefonds Mittagsverpflegung<\/li><li>Sparkasse Vorderpfalz<\/li><li>IBAN: DE20 545 500 100 000 001 586<\/li><li>BIC: LUHSDE6AXXX<\/li><\/ul>\n\n\n\n<h4 class=\"wp-block-heading\">Frauen und M\u00e4dchen in Nigeria<\/h4>\n\n\n\n<ul><li>Wolfgang Bauer (f\u00fcr DIE ZEIT)<\/li><li>Stichwort: Nigeria<\/li><li>Sparkasse Reutlingen<\/li><li>IBAN: DE58 6405 0000 0008 9631 18<\/li><li>BIC: SOLADES1REU<\/li><\/ul>\n\n\n\n<p><em>Stadt Speyer<br>20.12.2019<\/em><\/p>\n\n\n\n<h2 class=\"wp-block-heading\"><strong>\u00d6ffentlicher Neujahrsempfang der Stadt Speyer<\/strong><\/h2>\n\n\n\n<div class=\"wp-block-image\"><figure class=\"aligncenter\"><img decoding=\"async\" loading=\"lazy\" width=\"800\" height=\"590\" src=\"https:\/\/speyer24news.com\/wp-content\/uploads\/2019\/12\/DSC07112.jpg\" alt=\"\" class=\"wp-image-23316\" srcset=\"https:\/\/speyer24news.com\/wp-content\/uploads\/2019\/12\/DSC07112.jpg 800w, https:\/\/speyer24news.com\/wp-content\/uploads\/2019\/12\/DSC07112-300x221.jpg 300w, https:\/\/speyer24news.com\/wp-content\/uploads\/2019\/12\/DSC07112-768x566.jpg 768w, https:\/\/speyer24news.com\/wp-content\/uploads\/2019\/12\/DSC07112-80x60.jpg 80w\" sizes=\"(max-width: 800px) 100vw, 800px\" \/><\/figure><\/div>\n\n\n\n<p>Am  <strong>Freitag, 10. Januar 2020<\/strong>, ab 19:00 Uhr laden Oberb\u00fcrgermeisterin  Stefanie Seiler und B\u00fcrgermeisterin Monika Kabs die B\u00fcrger*innen  der Stadt Speyer in die Stadthalle ein, um gemeinsam in das neue Jahr  zu starten. Im Gegensatz zu den vergangenen Jahren wird der  Neujahrsempfang \u00f6ffentlich sein. \u201eDer Neujahrsempfang soll f\u00fcr die  Menschen in unserer Stadt sein, deshalb laden wir auch alle  herzlich hierzu ein\u201c, so die Oberb\u00fcrgermeisterin.<\/p>\n\n\n\n<div class=\"wp-block-image\"><figure class=\"aligncenter\"><img decoding=\"async\" loading=\"lazy\" width=\"800\" height=\"572\" src=\"https:\/\/speyer24news.com\/wp-content\/uploads\/2019\/12\/DSC07088.jpg\" alt=\"\" class=\"wp-image-23317\" srcset=\"https:\/\/speyer24news.com\/wp-content\/uploads\/2019\/12\/DSC07088.jpg 800w, https:\/\/speyer24news.com\/wp-content\/uploads\/2019\/12\/DSC07088-300x215.jpg 300w, https:\/\/speyer24news.com\/wp-content\/uploads\/2019\/12\/DSC07088-768x549.jpg 768w\" sizes=\"(max-width: 800px) 100vw, 800px\" \/><\/figure><\/div>\n\n\n\n<p>So  werden zwar erneut pers\u00f6nliche Einladungskarten verschickt, die T\u00fcren  der Stadthalle stehen aber der gesamten Speyerer Bev\u00f6lkerung  offen. \u00dcber Spenden, die beim Neujahrsempfang gesammelt werden, freut  sich das Projekt \u201eMeine KITA singt\u2026\u201c, ein Liederheft der Musikschule der  Stadt Speyer von Kindern f\u00fcr Kinder.<\/p>\n\n\n\n<div class=\"wp-block-image\"><figure class=\"aligncenter\"><img decoding=\"async\" loading=\"lazy\" width=\"800\" height=\"600\" src=\"https:\/\/speyer24news.com\/wp-content\/uploads\/2019\/12\/DSC07092.jpg\" alt=\"\" class=\"wp-image-23318\" srcset=\"https:\/\/speyer24news.com\/wp-content\/uploads\/2019\/12\/DSC07092.jpg 800w, https:\/\/speyer24news.com\/wp-content\/uploads\/2019\/12\/DSC07092-300x225.jpg 300w, https:\/\/speyer24news.com\/wp-content\/uploads\/2019\/12\/DSC07092-768x576.jpg 768w, https:\/\/speyer24news.com\/wp-content\/uploads\/2019\/12\/DSC07092-678x509.jpg 678w, https:\/\/speyer24news.com\/wp-content\/uploads\/2019\/12\/DSC07092-326x245.jpg 326w, https:\/\/speyer24news.com\/wp-content\/uploads\/2019\/12\/DSC07092-80x60.jpg 80w\" sizes=\"(max-width: 800px) 100vw, 800px\" \/><\/figure><\/div>\n\n\n\n<p>Der  im Zuge des Neujahrsempfangs zuletzt im Jahr 2017 verliehene  Ehrenamtspreis der Stadt soll im kommenden Jahr im Rahmen eines  Ehrenamtsempfangs  \u00fcbergeben werden. \u201eWir wollen das Ehrenamt in einem passenden Rahmen  w\u00fcrdigen und werden daf\u00fcr eine eigene Veranstaltung ins Leben rufen\u201c,  erkl\u00e4rt Stefanie Seiler. Zugleich wird auch das Konzept des  Neujahrsempfanges weiterentwickelt und die Einbindung von  weiteren Akteuren der Stadtgesellschaft und der Gastronomie f\u00fcr die  kommenden Jahre gepr\u00fcft.<\/p>\n\n\n\n<p><em>Text: Stadt Speyer Foto: Speyer 24\/ News,dak<br>20.12.2019<\/em><\/p>\n\n\n\n<h2 class=\"wp-block-heading\"><strong>F\u00fcr den guten Zweck: Stadt Speyer \u00fcbergibt Handy-Spenden an missio M\u00fcnchen<\/strong><\/h2>\n\n\n\n<div class=\"wp-block-image\"><figure class=\"aligncenter\"><img decoding=\"async\" loading=\"lazy\" width=\"800\" height=\"600\" src=\"https:\/\/speyer24news.com\/wp-content\/uploads\/2019\/12\/Handy\u00fcbergabe.jpg\" alt=\"\" class=\"wp-image-23321\" srcset=\"https:\/\/speyer24news.com\/wp-content\/uploads\/2019\/12\/Handy\u00fcbergabe.jpg 800w, https:\/\/speyer24news.com\/wp-content\/uploads\/2019\/12\/Handy\u00fcbergabe-300x225.jpg 300w, https:\/\/speyer24news.com\/wp-content\/uploads\/2019\/12\/Handy\u00fcbergabe-768x576.jpg 768w, https:\/\/speyer24news.com\/wp-content\/uploads\/2019\/12\/Handy\u00fcbergabe-678x509.jpg 678w, https:\/\/speyer24news.com\/wp-content\/uploads\/2019\/12\/Handy\u00fcbergabe-326x245.jpg 326w, https:\/\/speyer24news.com\/wp-content\/uploads\/2019\/12\/Handy\u00fcbergabe-80x60.jpg 80w\" sizes=\"(max-width: 800px) 100vw, 800px\" \/><\/figure><\/div>\n\n\n\n<p>\u201eDie  am 1. Oktober 2019 gestartete Handy Sammelaktion ist sehr erfolgreich  verlaufen. Es wurden \u00fcber 800 Handys  gespendet\u201c, res\u00fcmierte Oberb\u00fcrgermeisterin Stefanie Seiler im Rahmen  der offiziellen \u00dcbergabe der gespendeten Handys, die am Donnerstag, 19.  ezember 2019, in ihrem Dienstzimmer stattgefunden hat. Entgegengenommen  hat die Spende Dr. Christian Mazenik von missio  M\u00fcnchen.<\/p>\n\n\n\n<p>Dr.\n Mazenik w\u00fcrdigte den gro\u00dfen Beitrag aus der Fairtrade-Stadt Speyer und \ninformierte \u00fcber die Ziele der Aktion:\n \u00dcber 124 Millionen ausgediente Mobiltelefone \u2013 in denen wertvolle Erze \nund Metalle verbaut sind &#8211; liegen ungenutzt in deutschen Schubladen. Die\n Menschen, die diese Stoffe aus dem Boden holen, sind oft schlimmster \nGewalt ausgesetzt, so wie beispielsweise im\n Osten der Demokratischen Republik Kongo, einem der Hauptlieferanten f\u00fcr\n Handy-Rohstoffe.\n<\/p>\n\n\n\n<p>missio\n M\u00fcnchen sammelt in Kooperation mit dem Unternehmen Mobile-Box \nungenutzte Althandys und sorgt so daf\u00fcr, dass\n geeignete Ger\u00e4te f\u00fcr den Wiederverkauf aufbereitet und Rohstoffe \nrecycelt werden. Dabei werden auch alle verbliebenen Daten des \nVorbesitzers umfassend gel\u00f6scht. So k\u00f6nnen wertvolle Rohstoffe wie z.B. \nGold zur\u00fcckgewonnen werden. Durch sogenannte \u201eSecond-Life-Handys\u201c\n und Rohstoff-Recycling wird die Umwelt vor weiterer Ausbeutung \ngesch\u00fctzt. Nicht recycelbare Stoffe werden fachgerecht entsorgt und \nk\u00f6nnen somit nicht mehr die Umwelt belasten. F\u00fcr jedes Alt-Handy erh\u00e4lt \nmissio M\u00fcnchen einen Anteil des Erl\u00f6ses, der in die Arbeit\n der missio-Projektpartner flie\u00dft, beispielsweise in ein Trauma-Zentrum \nf\u00fcr B\u00fcrgerkriegsfl\u00fcchtlinge in der DR Kongo.<\/p>\n\n\n\n<p>Aufgrund des gro\u00dfen Erfolgs der Aktion wird die Sammlung in Speyer fortgef\u00fchrt. Nicht mehr gebraucht Handys &#8211; mit\n oder ohne Ladekabel &#8211; k\u00f6nnen weiter abgegeben werden bei:<\/p>\n\n\n\n<p>den B\u00fcrgerb\u00fcros der Stadt Speyer\n<\/p>\n\n\n\n<p>Industriestra\u00dfe 23 und Maximilianstra\u00dfe 94<\/p>\n\n\n\n<p><strong>\u00d6ffnungszeiten:<\/strong><\/p>\n\n\n\n<p>Montag &#8211; Dienstag: 07:30 &#8211; 16:00 Uhr<\/p>\n\n\n\n<p>Mittwoch: 07:30 &#8211; 13:00 Uhr<\/p>\n\n\n\n<p>Donnerstag: 07:30 &#8211; 18:00 Uhr<\/p>\n\n\n\n<p>Freitag: 07:30 &#8211; 13:00 Uhr<\/p>\n\n\n\n<p>der Abteilung Umwelt und Forsten<\/p>\n\n\n\n<p>Maximilianstra\u00dfe 12<\/p>\n\n\n\n<p><strong>\u00d6ffnungszeiten:<\/strong><\/p>\n\n\n\n<p>Montag &#8211; Freitag: 08:00 &#8211; 12:00 Uhr;\n<\/p>\n\n\n\n<p>Montag \u2013 Donnerstag: 14:00 &#8211; 16:00 Uhr\n<\/p>\n\n\n\n<p>oder nach Terminvereinbarung<\/p>\n\n\n\n<p>Bei weiteren Fragen steht die Nachhaltigkeitsmanagerin der Stadt, Sandra Gehrlein, gerne zur Verf\u00fcgung: Tel.: 06232\n \/ 14-24 90 (Mo-Fr 8-13 Uhr, Do 14-16:30 Uhr), E-Mail: <a href=\"mailto:sandra.gehrlein@stadt-speyer.de\" target=\"_blank\" rel=\"noreferrer noopener\">\nsandra.gehrlein@stadt-speyer.de<\/a>. <\/p>\n\n\n\n<p>Weitere Informationen auch unter: <a rel=\"noreferrer noopener\" href=\"https:\/\/deref-web-02.de\/mail\/client\/_bPI8m79m9w\/dereferrer\/?redirectUrl=http%3A%2F%2Fwww.speyer.de%2Fnachhaltigkeit\" target=\"_blank\">www.speyer.de\/nachhaltigkeit<\/a>.  <\/p>\n\n\n\n<p><em>Stadt Speyer<br>20.12.2019<\/em><\/p>\n\n\n\n<h2 class=\"wp-block-heading\"><strong>Kalenderverkauf gestartet<\/strong><\/h2>\n\n\n\n<div class=\"wp-block-image\"><figure class=\"aligncenter\"><img decoding=\"async\" loading=\"lazy\" width=\"800\" height=\"600\" src=\"https:\/\/speyer24news.com\/wp-content\/uploads\/2019\/12\/IMG_6101.jpg\" alt=\"\" class=\"wp-image-23320\" srcset=\"https:\/\/speyer24news.com\/wp-content\/uploads\/2019\/12\/IMG_6101.jpg 800w, https:\/\/speyer24news.com\/wp-content\/uploads\/2019\/12\/IMG_6101-300x225.jpg 300w, https:\/\/speyer24news.com\/wp-content\/uploads\/2019\/12\/IMG_6101-768x576.jpg 768w, https:\/\/speyer24news.com\/wp-content\/uploads\/2019\/12\/IMG_6101-678x509.jpg 678w, https:\/\/speyer24news.com\/wp-content\/uploads\/2019\/12\/IMG_6101-326x245.jpg 326w, https:\/\/speyer24news.com\/wp-content\/uploads\/2019\/12\/IMG_6101-80x60.jpg 80w\" sizes=\"(max-width: 800px) 100vw, 800px\" \/><\/figure><\/div>\n\n\n\n<p>Ab sofort ist der aus der Foto-Mitmachaktion der Stadtverwaltung  entstandene limitierte Wandkalender in der Tourist-Information zum  Selbstkostenpreis von 13 \u20ac k\u00e4uflich zu erwerben. <\/p>\n\n\n\n<p>Im\n September hatte die Stadtverwaltung Profi- und Hobbyfotografen dazu \naufgerufen, sch\u00f6ne und au\u00dfergew\u00f6hnliche Fotos von Speyer einzureichen.\n Aus \u00fcber 650 Einsendungen w\u00e4hlte eine Jury 30 Motive aus, die auf der \nst\u00e4dtischen Facebook-Seite zur finalen Abstimmung gestellt wurden. \u201eDie \nResonanz war \u00fcberw\u00e4ltigend\u201c, res\u00fcmiert Oberb\u00fcrgermeisterin Stefanie \nSeiler. \u201eUnsere Stadt ist liebenswert, bunt und\n enorm facettenreich. Das spiegelt sich auch in den zw\u00f6lf \nGewinnermotiven. Mein Dank gilt allen Fotografinnen und Fotografen, die \nsich an der Aktion beteiligt haben\u201c.\n<\/p>\n\n\n\n<p>Die Tourist-Information ist noch <strong><em>bis einschlie\u00dflich Montag, 23.12.2019<\/em><\/strong> zu  den gewohnten \u00d6ffnungszeiten f\u00fcr Kund*innen und G\u00e4ste da. <strong>Vom 24.12.2019 bis einschlie\u00dflich 01.01.2020 bleibt geschlossen<\/strong>.<\/p>\n\n\n\n<p><em>Stadt Speyer<br>20.12.2019<\/em><\/p>\n\n\n\n<h2 class=\"wp-block-heading\">Monika Kabs erneut in den Ausschuss f\u00fcr Schule, Kultur und Sport des rheinland-pf\u00e4lzischen St\u00e4dtetages gew\u00e4hlt<\/h2>\n\n\n\n<div class=\"wp-block-image\"><figure class=\"aligncenter\"><img decoding=\"async\" loading=\"lazy\" width=\"800\" height=\"600\" src=\"https:\/\/speyer24news.com\/wp-content\/uploads\/2019\/12\/DSC06766.jpg\" alt=\"\" class=\"wp-image-23319\" srcset=\"https:\/\/speyer24news.com\/wp-content\/uploads\/2019\/12\/DSC06766.jpg 800w, https:\/\/speyer24news.com\/wp-content\/uploads\/2019\/12\/DSC06766-300x225.jpg 300w, https:\/\/speyer24news.com\/wp-content\/uploads\/2019\/12\/DSC06766-768x576.jpg 768w, https:\/\/speyer24news.com\/wp-content\/uploads\/2019\/12\/DSC06766-678x509.jpg 678w, https:\/\/speyer24news.com\/wp-content\/uploads\/2019\/12\/DSC06766-326x245.jpg 326w, https:\/\/speyer24news.com\/wp-content\/uploads\/2019\/12\/DSC06766-80x60.jpg 80w\" sizes=\"(max-width: 800px) 100vw, 800px\" \/><\/figure><\/div>\n\n\n\n<p>B\u00fcrgermeisterin Monika Kabs wurde erneut in den Ausschuss f\u00fcr Schule, Kultur und Sport des rheinland-pf\u00e4lzischen St\u00e4dtetages gew\u00e4hlt. Dazu haben in dieser Woche die beiden gesch\u00e4ftsf\u00fchrenden Direktoren des St\u00e4dtetages Michael M\u00e4tzig und Fabian Kirsch der Speyerer B\u00fcrgermeisterin gratuliert. Die n\u00e4chste Ausschusssitzung ist auf den 18. M\u00e4rz 2020 in Mainz terminiert.<\/p>\n\n\n\n<p><em>Text: Stadt Speyer Foto: Speyer 24\/ News,dak<br>20.12.2019<\/em><\/p>\n\n\n\n<h2 class=\"wp-block-heading\"><strong>Touristischer Faltplan 2020 mit neuem Erscheinungsbild<\/strong><\/h2>\n\n\n\n<p>Die Planungen f\u00fcr den n\u00e4chsten Urlaub in Speyer \nk\u00f6nnen beginnen. Der neue Faltplan der Tourist-Information &#8211; mit \nerweiterter Kartographie um das Stadtgebiet von Speyer-Nord &#8211; stellt \nknapp 120 Gastgeber, Gastronomen und Freizeitangebote\n in der Dom- und Kaiserstadt Speyer vor.&nbsp; <\/p>\n\n\n\n<p>Ob kuscheliges Privatzimmer oder ger\u00e4umige Suite,  ob f\u00fcr Familien oder Singles, \u00fcbersichtliche Angaben zu Verortung und  Preisgestaltung erleichtern Besuchern die Suche nach dem Wunschquartier.  Alle Eintr\u00e4ge der Gastgeber verf\u00fcgen \u00fcber detaillierte  Ausstattungsmerkmale, die 2020 um die Eintr\u00e4ge \u201eW-LAN\u201c\u00a0 und  \u201eklimatisiert\u201c erg\u00e4nzt wurden. F\u00fcr den schnellen Online-Zugriff wurden  Gastgeber, die dem Landesreservierungs-system Deskline angeh\u00f6ren, mit einem @-Zeichen versehen.<\/p>\n\n\n\n<p>Abgerundet wird die Brosch\u00fcre mit einer \u00dcbersicht \naller Sehensw\u00fcrdigkeiten mit zugeh\u00f6rigen Kurzbeschreibungen sowie \nerg\u00e4nzenden Informationen zu Parkpl\u00e4tzen, Handy- und E-Bike \nLadestationen sowie W-LAN Hotspots. Erstmals werden die Abnehmer\n auch auf die Social Media Plattform \u201eInstagram\u201c, auf welcher die \nStadtverwaltung Speyer mit dem Account \u201evisitspeyer\u201c vertreten ist, \naufmerksam gemacht.<\/p>\n\n\n\n<p>Rund 80.000 dieser Informationsbrosch\u00fcren werden \njedes Jahr an Touristen und Speyerer B\u00fcrger ausgegeben. Der touristische\n Faltplan stellt damit die beliebteste Informationsbrosch\u00fcre der Stadt \nSpeyer dar.&nbsp; \u201eDie modernere und klare Gestaltung&nbsp;\n entspricht den verabschiedeten Stadtmarketing-Vorgaben und&nbsp; st\u00e4rkt die \nMarkenphilosophie der Stadt\u201c, so die Speyerer Oberb\u00fcrgermeisterin \nStefanie Seiler.<\/p>\n\n\n\n<p>Weitere touristische Informationsbrosch\u00fcren, wie \nz.B. der beliebte Urlaubsplaner f\u00fcr Gruppen, \u00d6ffentliche \nStadtspazierg\u00e4nge und Feste feiern, sind ebenfalls bereits f\u00fcr das \nkommende Jahr erh\u00e4ltlich und machen Lust auf einen Speyer-Besuch.<\/p>\n\n\n\n<p>Die touristischen Brosch\u00fcren k\u00f6nnen bei der  Tourist-Information unter der Tel-Nr.\u00a0 06232 1423925 oder per E-Mail:  <a href=\"touristinformation@stadt-speyer.de\">touristinformation@stadt-speyer.de<\/a> angefordert oder im Downloadbereich  auf <a rel=\"noreferrer noopener\" href=\"https:\/\/deref-web-02.de\/mail\/client\/VX_rnXDx1lU\/dereferrer\/?redirectUrl=http%3A%2F%2Fwww.speyer.de\" target=\"_blank\">www.speyer.de<\/a> im Bereich Tourismus unter Service  heruntergeladen werden.<\/p>\n\n\n\n<p><em>Stadt Speyer<br>20.12.2019<\/em><\/p>\n","protected":false},"excerpt":{"rendered":"<div class=\"mh-excerpt\"><p>Stadtnotizen Spenden f\u00fcr den H\u00e4rtefonds Mittagsverpflegung und die Opfer von Boko Haram Gleich zwei Projekte durften sich in dieser Woche \u00fcber Spenden freuen. Am Montag, 16.12.2019 nahm Michael St\u00f6ckel, Leiter der Abteilung Kindertagesst\u00e4tten und Kindertagespflege, <a class=\"mh-excerpt-more\" href=\"https:\/\/speyer24news.com\/?p=23315\" title=\"Stadtnotizen Speyer\">[&#8230;]<\/a><\/p>\n<\/div>","protected":false},"author":3,"featured_media":0,"comment_status":"open","ping_status":"open","sticky":false,"template":"","format":"standard","meta":{"_monsterinsights_skip_tracking":false,"_monsterinsights_sitenote_active":false,"_monsterinsights_sitenote_note":"","_monsterinsights_sitenote_category":0,"footnotes":""},"categories":[47],"tags":[4450,1843,5012,5010,5013,5014,3752,5011,6,771,1296,5015],"aioseo_notices":[],"amp_enabled":true,"_links":{"self":[{"href":"https:\/\/speyer24news.com\/index.php?rest_route=\/wp\/v2\/posts\/23315"}],"collection":[{"href":"https:\/\/speyer24news.com\/index.php?rest_route=\/wp\/v2\/posts"}],"about":[{"href":"https:\/\/speyer24news.com\/index.php?rest_route=\/wp\/v2\/types\/post"}],"author":[{"embeddable":true,"href":"https:\/\/speyer24news.com\/index.php?rest_route=\/wp\/v2\/users\/3"}],"replies":[{"embeddable":true,"href":"https:\/\/speyer24news.com\/index.php?rest_route=%2Fwp%2Fv2%2Fcomments&post=23315"}],"version-history":[{"count":1,"href":"https:\/\/speyer24news.com\/index.php?rest_route=\/wp\/v2\/posts\/23315\/revisions"}],"predecessor-version":[{"id":23322,"href":"https:\/\/speyer24news.com\/index.php?rest_route=\/wp\/v2\/posts\/23315\/revisions\/23322"}],"wp:attachment":[{"href":"https:\/\/speyer24news.com\/index.php?rest_route=%2Fwp%2Fv2%2Fmedia&parent=23315"}],"wp:term":[{"taxonomy":"category","embeddable":true,"href":"https:\/\/speyer24news.com\/index.php?rest_route=%2Fwp%2Fv2%2Fcategories&post=23315"},{"taxonomy":"post_tag","embeddable":true,"href":"https:\/\/speyer24news.com\/index.php?rest_route=%2Fwp%2Fv2%2Ftags&post=23315"}],"curies":[{"name":"wp","href":"https:\/\/api.w.org\/{rel}","templated":true}]}}