{"id":23479,"date":"2019-12-25T15:43:05","date_gmt":"2019-12-25T14:43:05","guid":{"rendered":"https:\/\/speyer24news.com\/?p=23479"},"modified":"2019-12-25T15:43:07","modified_gmt":"2019-12-25T14:43:07","slug":"1-fc-08-hassloch-21","status":"publish","type":"post","link":"https:\/\/speyer24news.com\/?p=23479","title":{"rendered":"1. FC 08 Ha\u00dfloch"},"content":{"rendered":"<style type=\"text\/css\">\r\n\t.ads_top_disp{}\r\n\t.ads_top_corner_disp{ float:left; margin:0px 10px 10px 0px; }\r\n\t.ads_first_p_disp{}\r\n\t.ads_bottom_disp{}\r\n\t<\/style>\n<h2 class=\"wp-block-heading\">StickerStars der gro\u00dfe Renner bei den 08ern<\/h2>\n\n\n\n<h3 class=\"wp-block-heading\">Am 11. Januar erste Tauschb\u00f6rse bei Edeka Stiegler<\/h3>\n\n\n\n<div class=\"wp-block-image\"><figure class=\"aligncenter\"><img decoding=\"async\" loading=\"lazy\" width=\"800\" height=\"532\" src=\"https:\/\/speyer24news.com\/wp-content\/uploads\/2019\/12\/DSC_0531-002.jpg\" alt=\"\" class=\"wp-image-23482\" srcset=\"https:\/\/speyer24news.com\/wp-content\/uploads\/2019\/12\/DSC_0531-002.jpg 800w, https:\/\/speyer24news.com\/wp-content\/uploads\/2019\/12\/DSC_0531-002-300x200.jpg 300w, https:\/\/speyer24news.com\/wp-content\/uploads\/2019\/12\/DSC_0531-002-768x511.jpg 768w\" sizes=\"(max-width: 800px) 100vw, 800px\" \/><figcaption>v.l.:  Benjamin Stiegler (Edeka) und Michael Deigentasch (2. Vorsitzender 1.FC 08 Ha\u00dfloch und Projektleiter StickerStars) er\u00f6ffenen den Verkauf<\/figcaption><\/figure><\/div>\n\n\n\n<p>Am 10.10.2019 wurde das Projekt StickerStars des 1. FC 08 Ha\u00dfloch zusammen mit dem Edeka-Markt Stiegler in Ha\u00dfloch gestartet. Nach einer doch relativ sehr kurzen Vorbereitungszeit wurde endlich am 30.11.2019 um 14 Uhr der offizielle Verkauf des Albums und der Sticker im Edeka Markt Ha\u00dfloch gestartet. Es war nicht immer einfach, rund 480 Sportlerinnen und Sportler aus allen Bereichen (Fu\u00dfball, Football, Cheerleading) zu koordinieren. Wir haben es geschafft,  innerhalb von f\u00fcnf Fototerminen alle Akteure abzulichten. Die Vorfreude haupts\u00e4chlich bei den Kindern war riesengro\u00df.<\/p>\n\n\n\n<p>Am KickOff wurden bereits knapp 370 Alben verkauft. Zus\u00e4tzlich wurden 3550 Stickerpacks gekauft. Die Stickerpacks beinhalten insgesamt f\u00fcnf Bilder.<\/p>\n\n\n\n<p>Ab 11 Uhr wurde an diesem Tag bei Edeka Stiegler gegrillt. Die Jugend konnte den Kunden mit Bratwurst- und Steakbr\u00f6tchen ihren Einkauf schmackhaft machen. Hier ein gro\u00dfes Dankesch\u00f6n an Benjamin Stiegler, der das komplette Equipment kostenlos zur Verf\u00fcgung gestellt hat und auch bei den Einnahmen aus dem Verkauf wollte Benjamin Stiegler die Vereinskasse damit unterst\u00fctzen.<\/p>\n\n\n\n<p>Um 13:30 Uhr waren dann die Cheerleader aktiv und boten mit  den Falcons einen tollen Auftritt bei herrlichem Sonnenschein. Die zahlreichen Kunden und Vereinsmitglieder waren begeistert.<\/p>\n\n\n\n<p>Um kurz nach 14 Uhr war es dann endlich soweit. Nach einer kurzen Ansprache von Benjamin Stiegler (Edeka) und Michael Deigentasch (2. Vorsitzender 1.FC 08 Ha\u00dfloch und Projektleiter StickerStars) wurde der Verkauf offiziell freigegeben. Haupts\u00e4chlich die Kids st\u00fcrmten teilweise alleine oder auch mit Mama, Papa oder Oma, Opa die Kassen. Es bildeten sich \u00fcber mehr als zwei Stunden eine Riesenschlange an allen ge\u00f6ffneten Kassen.<\/p>\n\n\n\n<p>Nach dem Erwerb wurde sofort an den extra daf\u00fcr aufgebauten Tischen und B\u00e4nken losgelegt mit dem Einkleben der Bilder.<\/p>\n\n\n\n<div class=\"wp-block-image\"><figure class=\"aligncenter\"><img decoding=\"async\" loading=\"lazy\" width=\"800\" height=\"532\" src=\"https:\/\/speyer24news.com\/wp-content\/uploads\/2019\/12\/DSC_0529-002.jpg\" alt=\"\" class=\"wp-image-23483\" srcset=\"https:\/\/speyer24news.com\/wp-content\/uploads\/2019\/12\/DSC_0529-002.jpg 800w, https:\/\/speyer24news.com\/wp-content\/uploads\/2019\/12\/DSC_0529-002-300x200.jpg 300w, https:\/\/speyer24news.com\/wp-content\/uploads\/2019\/12\/DSC_0529-002-768x511.jpg 768w\" sizes=\"(max-width: 800px) 100vw, 800px\" \/><figcaption>Gro\u00dfer Andrang beim KickOff der StickerStars<\/figcaption><\/figure><\/div>\n\n\n\n<p>Es war f\u00fcr alle Beteiligten ein toller Tag. &#8222;Allein in die Gesichter der Kinder zu schauen, wie sie voller Begeisterung das erste Album in der Hand hielten und sich gleich beim \u00d6ffnen der Stickerpacks teilweise sogar direkt selbst gezogen haben, war fantastisch&#8220;, so Deigentasch. &#8222;Alleine daf\u00fcr hat sich der Aufwand mehr als gelohnt. Wir m\u00f6chten uns hiermit nochmals ganz herzlich bei Benjamin Stiegler f\u00fcr sein Engagement bedanken. Ohne ihn h\u00e4tten wir so ein Projekt finanziell nicht umsetzen k\u00f6nnen. Ich m\u00f6chte mich ebenfalls bei allen Mitgliedern bedanken, die mich bei diesem Projekt tatkr\u00e4ftig unterst\u00fctzt haben\u201c.<\/p>\n\n\n\n<p>Die Aktion dauert noch bis n\u00e4chstes Jahr zum 08.02.2020 an. Zus\u00e4tzlich gibt es f\u00fcr die ersten 3 vollgeklebten Alben noch ein Dankesch\u00f6n von Edeka Stiegler. Ein Gutschein jeweils in der H\u00f6he von 50 Euro f\u00fcr den OnlineShop bei StickerStars. In diesem OnlineShop kann man sich mit seinem Stickerbild z.B. Tassen, Poster, Fotoaufsteller, Puzzle, Blechschilder, Bierkr\u00fcge, Bierdeckel oder Mousepads herstellen lassen. Ein einzigartiges Andenken an diese tolle Aktion.<\/p>\n\n\n\n<p>Am 11. Januar von 11 bis 14 Uhr findet bei Edeka Stiegler die erste Tauschb\u00f6rse statt.<\/p>\n\n\n\n<p><em>1 FC 08 Ha\u00dfloch, J\u00fcrgen Hurrle<br>25.12.2019<\/em><\/p>\n\n\n\n<h2 class=\"wp-block-heading\">Jahresabschluss des 1. FC 08 Ha\u00dfloch<\/h2>\n\n\n\n<h3 class=\"wp-block-heading\">Mehrspartenverein mit vielen sportlichen Erfolgen \u2013 Ehrenamtliche HelferInnen geehrt<\/h3>\n\n\n\n<div class=\"wp-block-image\"><figure class=\"aligncenter\"><img decoding=\"async\" loading=\"lazy\" width=\"800\" height=\"450\" src=\"https:\/\/speyer24news.com\/wp-content\/uploads\/2019\/12\/20191214_204023-002.jpg\" alt=\"\" class=\"wp-image-23480\" srcset=\"https:\/\/speyer24news.com\/wp-content\/uploads\/2019\/12\/20191214_204023-002.jpg 800w, https:\/\/speyer24news.com\/wp-content\/uploads\/2019\/12\/20191214_204023-002-300x169.jpg 300w, https:\/\/speyer24news.com\/wp-content\/uploads\/2019\/12\/20191214_204023-002-768x432.jpg 768w, https:\/\/speyer24news.com\/wp-content\/uploads\/2019\/12\/20191214_204023-002-678x381.jpg 678w\" sizes=\"(max-width: 800px) 100vw, 800px\" \/><\/figure><\/div>\n\n\n\n<p>Bei der Jahresabschlussfeier des 1. FC 08 Ha\u00dfloch konnte der 1. Vorsitzende J\u00fcrgen Hurrle im vollbesetzten Vereinsheim den Pr\u00e4sidenten des S\u00fcdwestdeutschen Fu\u00dfballverbandes Dr. Hans-Dieter Drewitz sowie einige Ehrenmitglieder und Sponsoren begr\u00fc\u00dfen. In seinem R\u00fcckblick w\u00fcrdigte Hurrle den erneuten Europameistertitel der Falcons als das herausragende Ereignis. Dazu komme der Landesmeistertitel und der 11. Platz bei den Deutschen Meisterschaften der Fascinations sowie die Vizemeistertitel der beiden Juniorenteams bei den Landesmeisterschaften. Bei der Sportlerehrung der Gemeinde seien sechs Teams der 08er geehrt worden. Die Falcons seien zur Mannschaft des Jahres gek\u00fcrt worden.<\/p>\n\n\n\n<p>Die Seniors der 8-Balls wurden in der Oberliga Rheinland-Pfalz\/Saar mit 10:6 Punkten guter Dritter. Erfolge feierten auch die Juniors der 8-Balls.<\/p>\n\n\n\n<div class=\"wp-block-image\"><figure class=\"aligncenter\"><img decoding=\"async\" loading=\"lazy\" width=\"800\" height=\"450\" src=\"https:\/\/speyer24news.com\/wp-content\/uploads\/2019\/12\/20191214_204337-002.jpg\" alt=\"\" class=\"wp-image-23481\" srcset=\"https:\/\/speyer24news.com\/wp-content\/uploads\/2019\/12\/20191214_204337-002.jpg 800w, https:\/\/speyer24news.com\/wp-content\/uploads\/2019\/12\/20191214_204337-002-300x169.jpg 300w, https:\/\/speyer24news.com\/wp-content\/uploads\/2019\/12\/20191214_204337-002-768x432.jpg 768w, https:\/\/speyer24news.com\/wp-content\/uploads\/2019\/12\/20191214_204337-002-678x381.jpg 678w\" sizes=\"(max-width: 800px) 100vw, 800px\" \/><\/figure><\/div>\n\n\n\n<p>In der laufenden Runde der Fu\u00dfball-Bezirksliga Vorderpfalz belegen die 08er mit 26 Punkten den 6. Platz. Hurrle w\u00fcnschte der Mannschaft nach der Winterpause mehr Konstanz und viel Erfolg. Die 2. Mannschaft belegt in der B-Klasse West den 14. Rang und damit den Relegationsplatz. Hurrle lobte das Zusammengehen von 1. FC 08 und VfB Ha\u00dfloch im Jugendbereich. Die Zusammenarbeit funktioniere. Die A-Junioren sind derzeit Vierter in der Landesliga Vorderpfalz und die B 1-Junioren Sechster, die C-Jugend ist Erster in der Kreisliga und peile den Wiederaufstieg in die Landesliga an. Erfolgreich seien auch die B2 und C2 sowie die Jugendmannschaften der 08er von den D-Junioren (Dritter in der Landesliga) bis zu den Bambinis.<\/p>\n\n\n\n<p>Die sportlichen Erfolge zeigten \u2013 so Hurrle \u2013 dass es sich lohne, ein Mehrspartenverein zu sein, nicht  nur sportlich, sondern auch finanziell und positiv f\u00fcr die Mitgliederzahl \u2013 jetzt \u00fcber 850 \u2013 wie auch f\u00fcr das gesellschaftliche Miteinander innerhalb der 08-Familie. Zum Zusammenhalt trage auch die zur Zeit laufende Stickeraktion bei. In diesem Zusammenhang dankte Hurrle seinem Stellvertreter Michael Deigentasch f\u00fcr diese erfolgreiche Aktion. Einen besonderen Dank richtete Hurrle an zwanzig ehrenamtliche Helferinnen und Helfer sowie an Peter Schallmeier und Thomas Dill-Korter f\u00fcr die Sendereihe \u201eNeues vom 08-Stammtisch\u201c; inzwischen seien 54 Filme gedreht worden. Zum Abschluss dankte der Vorsitzende allen Trainern, Co-Trainern und Betreuern der aktiven Fu\u00dfballmannschaften.<\/p>\n\n\n\n<p><em>1 FC 08 Ha\u00dfloch, J\u00fcrgen Hurrle<br>25.12.2019<\/em><\/p>\n\n\n\n<h2 class=\"wp-block-heading\">Junioren-Hallenmeisterschaften des Fu\u00dfballkreises Rhein-Mittelhaardt<\/h2>\n\n\n\n<h3 class=\"wp-block-heading\">B-Junioren der JSG 1. FC 08\/VfB Ha\u00dfloch souver\u00e4ner Hallenkreismeister<\/h3>\n\n\n\n<p>Bei den B-Junioren, die ihren Hallenkreismeister in der Ganerbhalle Dudenhofen ermittelten, traten zw\u00f6lf Mannschaften, die in drei Gruppen eingeteilt wurden, an. Als Favoriten galten die Verbands\u00f6igisten FC Speyer 09, JFV Ganerb und SV Ph\u00f6nix Schifferstadt. W\u00e4hrend sich Speyer in der Gruppe A und Ganerb in der Gruppe C auch als Erster f\u00fcr die Finalrunde qualifizierten, gab es in der Gruppe B eine \u00dcberraschung. In dieser gelang Ph\u00f6nix Schifferstadt n\u00e4mlich lediglich ein Sieg. Nach einem 1:1 zum Auftakt gegen Landesligist JSG 1. FC 08\/VfB Ha\u00dfloch schlugen die Schifferstadter zwar die SG R\u00f6dersheim-Gronau mit 2:1, leisteten sich aber zum Abschluss eine 2:3-Niederlage gegen TuS Diedesfeld. Nutznie\u00dfer waren die Ha\u00dflocher, die nach einem 4:2 gegen Diedesfeld und einem 4:0 gegen R\u00f6dersheim-Gronau den Gruppensieg erreichten. In einer anschlie\u00dfenden Zwischenrunde der drei Zweitplatzierten gelang es den Schifferstadtern jedoch, sich \u00fcber diesen Umweg mit Siegen gegen die JSG Weinstra\u00dfe und die SpVgg. Rot-Wei\u00df Speyer doch noch f\u00fcr die Finalrunde zu qualifizieren.<\/p>\n\n\n\n<p>In der Finalrunde setzte sich schlie\u00dflich die Ha\u00dflocher Spielgemeinschaft souver\u00e4n mit drei Siegen durch. Der Tabellenf\u00fcnfte der Landesliga Vorderpfalz schlug Ph\u00f6nix Schifferstadt mit 4:0, den FC Speyer 09 mit 4:1 und im letzten Spiel des Tages den JFV Ganerb mit 1:0. &#8222;Ich bin sehe stolz, mit meiner Mannschaft den ersten Titel f\u00fcr die erst vor einem halben Jahr gegr\u00fcndete JSG Ha\u00dfloch geholt zu haben. Wir haben technisch und l\u00e4uferisch \u00fcberzeugt&#8220;, freute sich Ha\u00dflochs Trainer Ingo Reich. Bemerkenswert ist dabei, dass er das Turnier ohne gelernten Torh\u00fcter bestreiten musste. &#8222;Da sich unser Torwart einen Nasenbeinbruch zugezogen hatte, ging Verteidiger Matteo Totaro ins Tor. Au\u00dferdem meldete sich morgens auch noch ein Abwehrspieler krank, so dass uns nur ein gelernter Verteidiger zur Verf\u00fcgung stand&#8220;, teilte Reich mit. Hinter den Ha\u00dflochern belegten schlie\u00dflich der JFV Ganerb den zweiten, der FC Speyer 09 den dritten und der in der Finalrunde ohne Punktgewinn gebliebene SV Ph\u00f6nix Schifferstadt den vierten Platz.<\/p>\n\n\n\n<p><em>1 FC 08 Ha\u00dfloch, J\u00fcrgen Hurrle<br>25.12.2019<\/em><\/p>\n","protected":false},"excerpt":{"rendered":"<div class=\"mh-excerpt\"><p>StickerStars der gro\u00dfe Renner bei den 08ern Am 11. Januar erste Tauschb\u00f6rse bei Edeka Stiegler Am 10.10.2019 wurde das Projekt StickerStars des 1. FC 08 Ha\u00dfloch zusammen mit dem Edeka-Markt Stiegler in Ha\u00dfloch gestartet. Nach <a class=\"mh-excerpt-more\" href=\"https:\/\/speyer24news.com\/?p=23479\" title=\"1. FC 08 Ha\u00dfloch\">[&#8230;]<\/a><\/p>\n<\/div>","protected":false},"author":3,"featured_media":22064,"comment_status":"open","ping_status":"open","sticky":false,"template":"","format":"standard","meta":{"_monsterinsights_skip_tracking":false,"_monsterinsights_sitenote_active":false,"_monsterinsights_sitenote_note":"","_monsterinsights_sitenote_category":0,"footnotes":""},"categories":[317],"tags":[318,5045,826,4751,5049,180,5047,5048,5046],"aioseo_notices":[],"amp_enabled":true,"_links":{"self":[{"href":"https:\/\/speyer24news.com\/index.php?rest_route=\/wp\/v2\/posts\/23479"}],"collection":[{"href":"https:\/\/speyer24news.com\/index.php?rest_route=\/wp\/v2\/posts"}],"about":[{"href":"https:\/\/speyer24news.com\/index.php?rest_route=\/wp\/v2\/types\/post"}],"author":[{"embeddable":true,"href":"https:\/\/speyer24news.com\/index.php?rest_route=\/wp\/v2\/users\/3"}],"replies":[{"embeddable":true,"href":"https:\/\/speyer24news.com\/index.php?rest_route=%2Fwp%2Fv2%2Fcomments&post=23479"}],"version-history":[{"count":1,"href":"https:\/\/speyer24news.com\/index.php?rest_route=\/wp\/v2\/posts\/23479\/revisions"}],"predecessor-version":[{"id":23484,"href":"https:\/\/speyer24news.com\/index.php?rest_route=\/wp\/v2\/posts\/23479\/revisions\/23484"}],"wp:featuredmedia":[{"embeddable":true,"href":"https:\/\/speyer24news.com\/index.php?rest_route=\/wp\/v2\/media\/22064"}],"wp:attachment":[{"href":"https:\/\/speyer24news.com\/index.php?rest_route=%2Fwp%2Fv2%2Fmedia&parent=23479"}],"wp:term":[{"taxonomy":"category","embeddable":true,"href":"https:\/\/speyer24news.com\/index.php?rest_route=%2Fwp%2Fv2%2Fcategories&post=23479"},{"taxonomy":"post_tag","embeddable":true,"href":"https:\/\/speyer24news.com\/index.php?rest_route=%2Fwp%2Fv2%2Ftags&post=23479"}],"curies":[{"name":"wp","href":"https:\/\/api.w.org\/{rel}","templated":true}]}}