{"id":23498,"date":"2019-12-25T17:52:19","date_gmt":"2019-12-25T16:52:19","guid":{"rendered":"https:\/\/speyer24news.com\/?p=23498"},"modified":"2019-12-25T17:52:21","modified_gmt":"2019-12-25T16:52:21","slug":"landau-und-kreis-ld-8","status":"publish","type":"post","link":"https:\/\/speyer24news.com\/?p=23498","title":{"rendered":"Landau und Kreis LD"},"content":{"rendered":"<style type=\"text\/css\">\r\n\t.ads_top_disp{}\r\n\t.ads_top_corner_disp{ float:left; margin:0px 10px 10px 0px; }\r\n\t.ads_first_p_disp{}\r\n\t.ads_bottom_disp{}\r\n\t<\/style>\n<h2 class=\"wp-block-heading\">Trendwende geschafft: Landau verzeichnet 2019 Plus an Sozialwohnungen<\/h2>\n\n\n\n<div class=\"wp-block-image\"><figure class=\"aligncenter\"><img decoding=\"async\" loading=\"lazy\" width=\"800\" height=\"450\" src=\"https:\/\/speyer24news.com\/wp-content\/uploads\/2019\/12\/Info-662-Sozialwohnungen.jpg\" alt=\"\" class=\"wp-image-23515\" srcset=\"https:\/\/speyer24news.com\/wp-content\/uploads\/2019\/12\/Info-662-Sozialwohnungen.jpg 800w, https:\/\/speyer24news.com\/wp-content\/uploads\/2019\/12\/Info-662-Sozialwohnungen-300x169.jpg 300w, https:\/\/speyer24news.com\/wp-content\/uploads\/2019\/12\/Info-662-Sozialwohnungen-768x432.jpg 768w, https:\/\/speyer24news.com\/wp-content\/uploads\/2019\/12\/Info-662-Sozialwohnungen-678x381.jpg 678w\" sizes=\"(max-width: 800px) 100vw, 800px\" \/><figcaption> Diese wenige Wochen alte Luftaufnahme aus dem Landauer Guldengewann zeigt: Die Arbeiten an den neuen, st\u00e4dtischen Mietwohnungen gehen gut voran.<\/figcaption><\/figure><\/div>\n\n\n\n<p>Im Jahr 2019 wurden in\nLandau mehr Sozialwohnungen gebaut als aus der Mietpreis- und Belegungsbindung\ngefallen sind. Das Verh\u00e4ltnis bel\u00e4uft sich auf 77 zu 60 \u2013 ein Plus von 17\nWohnungen, das Oberb\u00fcrgermeister und Baudezernent Thomas Hirsch vorsichtig\noptimistisch stimmt: \u201eDie Trendwende ist geschafft und wir sind mit Blick auf\nweitere, geplante Projekte privater Investorinnen und Investoren sowie unseres\nst\u00e4dtischen Geb\u00e4udemanagements zuversichtlich, dass diese positive Entwicklung\nauch in den kommenden Jahren anh\u00e4lt.\u201c <\/p>\n\n\n\n<p>Ein Indiz, dass und wie viele\nSozialwohnungen auf dem Markt sind, ist auch die Anzahl der ausgestellten\nWohnberechtigungsscheine. Diese ist laut Angaben des Stadtbauamts in den\nvergangenen Jahren nach oben geschnellt \u2013 von um die 100 j\u00e4hrlich bis 2016 auf erstmals\nrund 400 im zur\u00fcckliegenden Jahr. Wohnberechtigungsscheine m\u00fcssen der\nVermieterin bzw. dem Vermieter vorgelegt werden, will eine Mieterin bzw. ein\nMieter in eine sozial gef\u00f6rderte Wohnung einziehen. Die Scheine k\u00f6nnen im Bauamt\nin der K\u00f6nigstra\u00dfe beantragt werden.\n\nNeben weiteren\nInstrumenten wie der Mietwohnungsbauquote f\u00fcr private Wohnbauvorhaben tritt die\nStadt Landau seit dem Jahr 2019 auch selbst als Akteur am Wohnungsmarkt auf:\nDie Geb\u00e4ude des ersten st\u00e4dtischen sozialen Wohnungsbauprojekts im Guldengewann\nsind bereits gut zu erkennen. \u201eUnser Geb\u00e4udemanagement investiert im Jahr 2020\nvoraussichtlich \u00fcber 2,8 Millionen Euro in den Neubau von Sozialwohnungen im\nGuldengewann sowie in der Haardtstra\u00dfe\u201c, betont Beigeordneter Lukas Hartmann\nals zust\u00e4ndiger Dezernent. Ziel sei es, als Stadt langfristig Mietwohnraum zu bauen,\nzu sanieren und zu halten, der nicht nach 15 oder 20 Jahren aus der Bindung falle,\nso Hartmann. Um erfolgreich am Markt agieren zu k\u00f6nnen, sei ein h\u00f6herer\nGrundstock an Wohnungen in st\u00e4dtischem Besitz von entscheidender Bedeutung,\nsind sich Hirsch und Hartmann einig. Die Grundsteine hierf\u00fcr seien in diesem\nJahr gelegt worden. \n\n\n\n<\/p>\n\n\n\n<p><em>Stadt Landau in der Pfalz<br>25.12.2019<\/em><\/p>\n\n\n\n<h2 class=\"wp-block-heading\">Gedenken zum 40. Jahrestag des Flugzeugabsturzes bei M\u00f6rzheim<\/h2>\n\n\n\n<div class=\"wp-block-image\"><figure class=\"aligncenter\"><img decoding=\"async\" loading=\"lazy\" width=\"800\" height=\"450\" src=\"https:\/\/speyer24news.com\/wp-content\/uploads\/2019\/12\/Info-664-Flugzeugabsturz-.jpg\" alt=\"\" class=\"wp-image-23514\" srcset=\"https:\/\/speyer24news.com\/wp-content\/uploads\/2019\/12\/Info-664-Flugzeugabsturz-.jpg 800w, https:\/\/speyer24news.com\/wp-content\/uploads\/2019\/12\/Info-664-Flugzeugabsturz--300x169.jpg 300w, https:\/\/speyer24news.com\/wp-content\/uploads\/2019\/12\/Info-664-Flugzeugabsturz--768x432.jpg 768w, https:\/\/speyer24news.com\/wp-content\/uploads\/2019\/12\/Info-664-Flugzeugabsturz--678x381.jpg 678w\" sizes=\"(max-width: 800px) 100vw, 800px\" \/><figcaption> Zum 40. Jahrestag wurde in M\u00f6rzheim dem Absturz zweier Bundeswehrsoldaten mit einem Kampfflugzeug in unmittelbarer N\u00e4he des Stadtdorfs gedacht.<\/figcaption><\/figure><\/div>\n\n\n\n<p>Es ist ein Ereignis, das\nsich in das kollektive Ged\u00e4chtnis der M\u00f6rzheimerinnen und M\u00f6rzheimer eingebrannt\nhat: Am Vormittag des 20. Dezembers 1979 st\u00fcrzte ein Bundeswehr-Kampfflugzeug\nvom Typ Phantom w\u00e4hrend einer Flug\u00fcbung unmittelbar bei M\u00f6rzheim auf freiem\nFeld ab. Nur knapp konnten die Piloten Major Helmut Brodam und Leutnant Erich\nWie\u00dfler noch verhindern, dass die Maschine direkt \u00fcber dem Stadtdorf abst\u00fcrzte.\nBeide \u00fcberlebten den Absturz nicht. Zum 40. Jahrestag lud die\nReservistenkameradschaft Landau jetzt zur Erinnerung an das Ungl\u00fcck an den\nGedenkstein \u00f6stlich von M\u00f6rzheim ein.<\/p>\n\n\n\n<p>\u201eNur einen Wimpernschlag\nwar M\u00f6rzheim von der Katastrophe entfernt. Die zwei Piloten konnten in den\nletzten Sekunden ihres Lebens verhindern, dass der Ort in schwerste\nMitleidenschaft gezogen wurde und m\u00f6glicherweise zahlreiche weitere Menschen\nden Tod fanden. Nur wenige Meter vom Ortsrand waren noch Tr\u00fcmmer der Maschine\nzu finden\u201c, sagte B\u00fcrgermeister Dr. Maximilian Ingenthron bei seiner Ansprache\nan der Absturzstelle. \u201eEine Gemeinschaft kann nach einem solchen Ungl\u00fcck\nentweder auseinanderbrechen oder st\u00e4rker zusammenwachsen. In M\u00f6rzheim hat die\nTrag\u00f6die die \u00f6rtliche Gemeinschaft gest\u00e4rkt und gefestigt. Die M\u00f6rzheimerinnen\nund M\u00f6rzheimer standen und stehen zusammen \u2013 und sie gedenken noch immer des\nEreignisses und der beiden Piloten.\u201c Dies sei eine wertvolle und w\u00fcrdige Form\nder Erinnerungskultur. \u201eMein Dank geht daher an die Reservistenkameradschaft\nLandau, die mit dieser Zusammenkunft die Erinnerung an das Ungl\u00fcck und die\nOpfer bewahrt.\u201c Dr. Ingenthron legte im Namen der Stadt und des Stadtvorstandes\nam Gedenkstein ein Blumengebinde nieder.<\/p>\n\n\n\n<p>Neben Dr. Ingenthron\nsprachen auch Oberstabsfeldwebel d. R. R\u00fcdiger Thomaschewski f\u00fcr die\nReservistenkameradschaft, Kriminalhauptkommissar a. D. Roland Schlosser und\nM\u00f6rzheims Ortsvorsteherin Dorothea M\u00fcller. Zudem waren ehemalige Kameraden des\nehemaligen Jagdbombergeschwaders 35 unter F\u00fchrung des fr\u00fcheren Commodore Koch\nnach M\u00f6rzheim gekommen, um der beiden Piloten zu gedenken.<\/p>\n\n\n\n<p><em>Stadt Landau in der Pfalz<br>25.12.2019<\/em><\/p>\n\n\n\n<h2 class=\"wp-block-heading\">19 aus 2019: Ein R\u00fcckblick auf das Landauer Jahr in Zahlen und Fakten<\/h2>\n\n\n\n<div class=\"wp-block-image\"><figure class=\"aligncenter\"><img decoding=\"async\" loading=\"lazy\" width=\"800\" height=\"533\" src=\"https:\/\/speyer24news.com\/wp-content\/uploads\/2019\/12\/Info-663-19-aus-2019.jpg\" alt=\"\" class=\"wp-image-23513\" srcset=\"https:\/\/speyer24news.com\/wp-content\/uploads\/2019\/12\/Info-663-19-aus-2019.jpg 800w, https:\/\/speyer24news.com\/wp-content\/uploads\/2019\/12\/Info-663-19-aus-2019-300x200.jpg 300w, https:\/\/speyer24news.com\/wp-content\/uploads\/2019\/12\/Info-663-19-aus-2019-768x512.jpg 768w\" sizes=\"(max-width: 800px) 100vw, 800px\" \/><figcaption> 19 aus 2019: Auch im ablaufenden Jahr war in der S\u00fcdpfalzmetropole #immerwaslosinld. <\/figcaption><\/figure><\/div>\n\n\n\n<p>Zahlen, bitte! 2019 war in Landau das Jahr der Kommunalwahlen,\nStadtrat und Stadtvorstand erhielten ein neues Gesicht bzw. neue Gesichter, OB\nHirsch wurde in den Vorstand des rheinland-pf\u00e4lzischen St\u00e4dtetags gew\u00e4hlt, in\nLandau selbst gingen die \u00f6konomische, \u00f6kologische und soziale Stadtentwicklung\nweiter Hand in Hand, das Thema Klimaschutz r\u00fcckte dabei noch st\u00e4rker in den\nMittelpunkt \u2013 kurz: Auch 2019 war #immerwaslosinld. In den zur\u00fcckliegenden 12\nMonaten ist viel passiert in der S\u00fcdpfalzmetropole und manchmal reicht eine\nZahl, um ein Ereignis oder eine Geschichte zu erz\u00e4hlen. <\/p>\n\n\n\n<p>Der Bauboom in Landau h\u00e4lt an: Die <strong>Wohnungsbaurate<\/strong> war nochmals 25 Prozent\nh\u00f6her als im Vorjahr und erreichte 2019 mit mehr als <strong>250 zus\u00e4tzlichen bezugsfertigen Wohnungen<\/strong> im F\u00fcnfjahresvergleich\nwieder einen Spitzenwert. 2019 wurden in neue Wohnungen \u00fcber 40 Millionen Euro\ninvestiert und dabei eine Gesamtfl\u00e4che von 24.000 Quadratmetern geschaffen. Das\nentspricht einer Fl\u00e4che von drei bis vier Fu\u00dfballfeldern, die allesamt im\nSiedlungsbereich und teilweise sogar im vorhandenen Geb\u00e4udebestand realisiert\nwurden. <\/p>\n\n\n\n<p><strong>88.127 Wahlzettel<\/strong>\nwurden im Superwahljahr 2019 in Landau ausgez\u00e4hlt. Gew\u00e4hlt wurde im Mai ganz\n\u201eklassisch\u201c bei den Kommunalwahlen, aber auch f\u00fcr die Beir\u00e4te f\u00fcr \u00e4ltere\nMenschen und Migration und Integration sowie erstmals f\u00fcr einen Jugendbeirat machten\ndie Landauerinnen und Landauer im Jahr 2019 flei\u00dfig ihre Kreuzchen. <\/p>\n\n\n\n<p>Ganz genau <strong>49.936\nQuadratmeter Gewerbefl\u00e4chen<\/strong> wurden im Jahr 2019 durch die st\u00e4dtische\nWirtschaftsf\u00f6rderung vermarktet. Der Wirtschaftsstandort Landau ist weiter\ngefragt! <\/p>\n\n\n\n<p><strong>232<\/strong> ist die Zahl der im Jahr 2019 durch die Zentrale\nVergabestelle der Stadtverwaltung abgewickelten <strong>Vergabeverfahren<\/strong>. Noch nie wurden so viele Vergaben durchgef\u00fchrt \u2013 vom\nKunstrasenplatz am Sportzentrum West \u00fcber die Beleuchtung des Fahrradwegs nach\nGodramstein, den barrierefreien Ausbau von Bushaltestellen oder das Landauer\nHochwasserschutzkonzept bis hin zu neuen M\u00fcllautos. <\/p>\n\n\n\n<p>Die <strong>l\u00e4ngste\nBauma\u00dfnahme<\/strong>, die durch das st\u00e4dtische Bauamt betreut wird, ist mit 900\nMetern der Ausbau der Ortsdurchfahrt Arzheim. Im Fr\u00fchjahr 2019 fiel der\nStartschuss f\u00fcr die lange erwartete Umgestaltung von Arzheimer Hauptstra\u00dfe,\nPrinz-Eugen-Stra\u00dfe und Rohrgasse. F\u00fcr die <strong>teuerste\n2019 laufende Ma\u00dfnahme<\/strong> reicht es allerdings nicht ganz: Das sind mit rund\n5,6 Millionen Euro der Abriss und Neubau des maroden Nordteils der Horstbr\u00fccke.\n<\/p>\n\n\n\n<p><strong>44,5\nMillionen Euro<\/strong> nahm die Stadt\nLandau im Jahr 2019 durch <strong>Gewerbesteuern<\/strong>\nein \u2013 ein neuer Rekordwert. Zum Vergleich die Entwicklung der Jahre 2016 bis\n2018: 23,9 Millionen Euro, 24,6 Millionen Euro, 38\nMillionen Euro. <\/p>\n\n\n\n<p>Ein reges Kommen und Gehen: <strong>44 Tiere<\/strong> hat der Zoo Landau im Laufe des Jahres 2019 aus anderen\nzoologischen Einrichtungen erhalten; <strong>60\nTiere<\/strong> wurden aus Landau abgegeben. Die weiteste Reise aus Landau trat\ndie Wei\u00dfscheitelmangabe William an. Das Tier wurde zum Erhalt dieser extrem\ngef\u00e4hrdeten Affenart an den Zoo im spanischen Cordoba abgegeben. Den weitesten\nWeg nach Landau hatten die vier Zwergotter, die im Fr\u00fchjahr aus dem Zoo\nChester in England in der S\u00fcdpfalzmetropole ankamen \u2013 und sofort zu absoluten\nPublikumslieblingen avancierten. <\/p>\n\n\n\n<p><strong>238<\/strong> Frauen und M\u00e4nner sorgten f\u00fcr den Fall der F\u00e4lle\nvor: Im Jahr 2019 wurden in der gemeinsamen Betreuungsbeh\u00f6rde von Stadt und\nKreis so viele Vorsorgevollmachten beglaubigt. <\/p>\n\n\n\n<p>Wir werden immer \u00e4lter: <strong>501 Einladungen<\/strong> gingen in diesem Jahr f\u00fcr die st\u00e4dtische <strong>\u00dc-90-Party<\/strong> im Bethesda raus. 2019\nwohnten damit erstmals mehr als 500 Frauen und M\u00e4nner, die 90 Jahre und \u00e4lter\nwaren, in Landau. Die \u00e4lteste Besucherin der Veranstaltung brachte es auf\nstolze 101 Jahre. Ob sie auch regelm\u00e4\u00dfig zum Landauer Tanzcaf\u00e9 60 plus geht,\nwissen wir nicht, daf\u00fcr aber die Zahl 745. So viele T\u00e4nzerinnen und T\u00e4nzer schwangen\n2019 bei den zehn Ausgaben des Tanzcaf\u00e9s bei Foxtrott, Twist und Rock\u2019n\u2019Roll\ndas Tanzbein. <\/p>\n\n\n\n<p><strong>19.558 Bescheide<\/strong> f\u00fcr\ndie \u2013 Achtung, Beamtendeutsch \u2013 \u201e<strong>Wiederkehrenden\nBeitr\u00e4ge<\/strong> f\u00fcr Verkehrsanlagen\u201c wurden 2018\/2019 an Landauer\nGrundst\u00fcckseigent\u00fcmerinnen und Grundst\u00fcckseigent\u00fcmer verschickt. W\u00fcrde man\ns\u00e4mtliche Bescheide stapeln, ergebe dies eine H\u00f6he von 5,60 Meter, also etwa zwei\nStockwerken eines Hauses. <\/p>\n\n\n\n<p>\u00dcber <strong>875\nlaufende Meter St\u00e4nde<\/strong> durften sich die Besucherinnen und Besucher des\nLandauer Herbstmarkts 2019 freuen \u2013 beim Maimarkt waren es gar 890. Damit alle Schaustellerinnen\nund Schausteller genau wissen, wo sie ihren Stand bzw. ihr Fahrgesch\u00e4ft\naufbauen m\u00fcssen, markiert die st\u00e4dtische Marktmeisterin Sonja Brunner-Hagedorn\nim Vorfeld in m\u00fchevoller Kleinarbeit den Boden des Alten Messplatzes. Und noch\neine Zahl aus dem B\u00fcro f\u00fcr Tourismus: <strong>118\nBewerbungen<\/strong> von Bands gingen 2019 f\u00fcr den Landauer Sommer ein \u2013 so viele\nwie noch nie. <\/p>\n\n\n\n<p><strong>10.308\nGef\u00e4llt-mir-Angaben<\/strong> kann die Stadt\nLandau bei Facebook auf sich vereinen \u2013 2019 fiel die 10.000er Marke f\u00fcr \u201eStadt\nLandau in der Pfalz\u201c. \u00dcber aktuelle Entwicklungen, Entscheidungen, Termine und\nVeranstaltungen informiert die S\u00fcdpfalzmetropole seit 2019 auch auf Instagram. Dem\nAccount \u201estadtlandauinderpfalz\u201c folgen aktuell 2.653 Abonnentinnen und\nAbonnenten. <\/p>\n\n\n\n<p>Gut aufgestellt: Als familiengerechte Kommune nimmt\ndie Stadt Landau bei der Kitaversorgung einen Spitzenplatz in Rheinland-Pfalz\nein. Damit das trotz Zuz\u00fcgen und steigenden Geburtenzahlen auch so bleibt,\narbeitet sie mit Hochdruck am Ausbau ihres Angebots. 2019 konnten insgesamt <strong>105 neue Kitapl\u00e4tze<\/strong> geschaffen werden \u2013\n76 in der neu er\u00f6ffneten Kita Ponyhof, 17 in der Wilden 13, 7 in der Villa\nMahla und 5 in der Kita Langstra\u00dfe. <\/p>\n\n\n\n<p>Ein starkes St\u00fcck Arbeit: Im Landauer Stadtgebiet\nwurden im Jahr 2019 mehr als <strong>10\nKilometer<\/strong> Stra\u00dfe neu <strong>asphaltiert<\/strong>\n\u2013 und das auch bei hochsommerlichen Temperaturen von bis zu 40 Grad im\nSchatten. F\u00fcr die Bauarbeiter, die im Juli im Bereich der Schl\u00f6ssel-Kreuzung\nden l\u00e4rmoptimierten Asphalt einbauten, sprang dabei als kleines Dankesch\u00f6n ein\nEis von OB Thomas Hirsch heraus. <\/p>\n\n\n\n<p><strong>6.528\nMedien<\/strong> hat die <strong>Stadtbibliothek Landau<\/strong> im Jahr 2019 angeschafft. Medien, das meint B\u00fccher,\nCDs, DVDs und Zeitschriften. Der Bestand der Einrichtung am\nHeinrich-Heine-Platz betr\u00e4gt damit insgesamt ganz genau 65.149 Medien. Diese\nZahl bleibt ungef\u00e4hr gleich, denn den 6.528 neu angeschafften Medien des Jahres\n2019 stehen6.335 ausgesonderte\ngegen\u00fcber \u2013 also kaputte oder nicht mehr aktuelle. Gut erhaltene B\u00fccher, CDs\nund DVDs bietet die Stadtbibliothek auch regelm\u00e4\u00dfig bei Flohm\u00e4rkten in ihren\neigenen R\u00e4umlichkeiten an.<\/p>\n\n\n\n<p>30 Mal um die Welt: S\u00e4mtliche Busse im Landauer\nStadtgebiet legten im Jahr 2019 zusammengerechnet rund <strong>1,2 Millionen Kilometer<\/strong> zur\u00fcck. Im kommenden Jahr d\u00fcrfen sich die\nLandauerinnen und Landauer noch einmal auf eine kostenlose Erg\u00e4nzung des\n\u00d6PNV-Angebots freuen: Im Fr\u00fchjahr soll ein Busshuttle eingef\u00fchrt werden, der mehrmals\ndie Stunde auf dem Altstadtring verkehrt. <\/p>\n\n\n\n<p><strong>1.705\nMinuten<\/strong> dauerten die neun 2019er <strong>Sitzungen des Landauer Stadtrats<\/strong>\nzusammen genommen \u2013 das sind 28 Stunden und 25 Minuten. Die l\u00e4ngste Sitzung war\nmit 4 Stunden und 15 Minuten die am 5. November, als der neue Beigeordnete\nLukas Hartmann gew\u00e4hlt und in sein Amt eingef\u00fchrt wurde. <\/p>\n\n\n\n<p>Es werde Licht: Die Abteilung Mobilit\u00e4t und\nVerkehrsinfrastruktur des Stadtbauamts hat im vergangenen Jahr etwa <strong>4.000 Stra\u00dfenlaternen<\/strong> auf moderne\nLED-Technik umger\u00fcstet. <\/p>\n\n\n\n<p>Da bl\u00fcht uns was: Die st\u00e4dtische\nGr\u00fcnfl\u00e4chenabteilung lie\u00df im Jahr 2019 insgesamt <strong>12.625 Sommerflorblumen<\/strong> wie Petunien, Geranien und Sonnenblumen\nsowie <strong>18.370 Winterflorblumen<\/strong> wie Stiefm\u00fctterchen,\nVergissmeinnicht, und Goldlack pflanzen \u2013 und dazu 12.700 Narzissen-, 10.800\nTulpen- und 400 Hyacinthenzwiebeln stecken. Dar\u00fcber freuen sich dann nicht nur\nwir Menschen, sondern auch Biene, Schmetterling und Co.! <\/p>\n\n\n\n<p><em>Stadt Landau in der Pfalz<br>25.12.2019<\/em><\/p>\n\n\n\n<h2 class=\"wp-block-heading\">Lange Saunanacht im Freizeitbad LA OLA: \u201eWinterm\u00e4rchen\u201c<\/h2>\n\n\n\n<div class=\"wp-block-image\"><figure class=\"aligncenter\"><a href=\"www.la-ola.de\" target=\"_blank\" rel=\"noreferrer noopener\"><img decoding=\"async\" loading=\"lazy\" width=\"500\" height=\"711\" src=\"https:\/\/speyer24news.com\/wp-content\/uploads\/2019\/12\/Saunanach-La-Ola.png\" alt=\"\" class=\"wp-image-23512\" srcset=\"https:\/\/speyer24news.com\/wp-content\/uploads\/2019\/12\/Saunanach-La-Ola.png 500w, https:\/\/speyer24news.com\/wp-content\/uploads\/2019\/12\/Saunanach-La-Ola-211x300.png 211w\" sizes=\"(max-width: 500px) 100vw, 500px\" \/><\/a><\/figure><\/div>\n\n\n\n<p>Am <strong>Freitag, 10. Januar 2020<\/strong> veranstaltet das Freizeitbad LA OLA seine erste lange Saunanacht des neuen Jahres. Unter dem Motto \u201eWinterm\u00e4rchen\u201c l\u00e4dt das LA OLA\u2013Team zum Entspannen ein. <\/p>\n\n\n\n<p>Von 18:00 Uhr bis 01:00 Uhr werden die G\u00e4ste bei st\u00fcndlich durchgef\u00fchrten und zum Motto des Abends passenden Aufg\u00fcssen ins Schwitzen gebracht.<\/p>\n\n\n\n<p>F\u00fcr passende Gerichte zu diesem Event sorgt die LA OLA-Gastronomie.<\/p>\n\n\n\n<div class=\"wp-block-image\"><figure class=\"aligncenter\"><img decoding=\"async\" loading=\"lazy\" width=\"600\" height=\"215\" src=\"https:\/\/speyer24news.com\/wp-content\/uploads\/2019\/12\/La-Ola.png\" alt=\"\" class=\"wp-image-22621\" srcset=\"https:\/\/speyer24news.com\/wp-content\/uploads\/2019\/12\/La-Ola.png 600w, https:\/\/speyer24news.com\/wp-content\/uploads\/2019\/12\/La-Ola-300x108.png 300w\" sizes=\"(max-width: 600px) 100vw, 600px\" \/><\/figure><\/div>\n\n\n\n<p><a href=\"http:\/\/www.la-ola.de\">www.la-ola.de<\/a><\/p>\n\n\n\n<p><em>Stadtholding Landau in der Pfalz GmbH \/ Freizeitbad LA Ola<br>25.12.2019<\/em><\/p>\n\n\n\n<h2 class=\"wp-block-heading\">Kindersauna im Freizeitbad LA OLA<\/h2>\n\n\n\n<div class=\"wp-block-image\"><figure class=\"aligncenter\"><a href=\"www.la-ola.de\" target=\"_blank\" rel=\"noreferrer noopener\"><img decoding=\"async\" loading=\"lazy\" width=\"500\" height=\"668\" src=\"https:\/\/speyer24news.com\/wp-content\/uploads\/2019\/12\/LA-Ola-Kindersauna.png\" alt=\"\" class=\"wp-image-23511\" srcset=\"https:\/\/speyer24news.com\/wp-content\/uploads\/2019\/12\/LA-Ola-Kindersauna.png 500w, https:\/\/speyer24news.com\/wp-content\/uploads\/2019\/12\/LA-Ola-Kindersauna-225x300.png 225w\" sizes=\"(max-width: 500px) 100vw, 500px\" \/><\/a><\/figure><\/div>\n\n\n\n<p>Am <strong>14. Januar 2020<\/strong> findet im Freizeitbad LA OLA wieder die n\u00e4chste Kindersauna statt. Alle kleinen G\u00e4ste sind herzlich eingeladen. Treffpunkt ist um 15 Uhr in der Textilsauna.<\/p>\n\n\n\n<p>Die Kindersauna bietet die M\u00f6glichkeit, durch Saunaspezialisten betreut, erste Erfahrungen im Bereich des Saunierens zu sammeln. Gerade bei Kindern l\u00e4sst sich der positive Einfluss des Hei\u00dfluftbades auf die Gesundheit relativ schnell erkennen. Infektionen der oberen Atemwege sind seltener und die Regeneration verl\u00e4uft im Krankheitsfall h\u00e4ufig doppelt so schnell. <\/p>\n\n\n\n<p>Neben jeder Menge Tipps zum richtigen Saunieren wird ein Saunagang mit besonderen Fruchtaufg\u00fcssen und belebendem Zuckerpeeling angeboten. Au\u00dferdem kann im Rahmen der Kindersauna auch die LA OLA-Wasserwelt vollst\u00e4ndig genutzt werden. <\/p>\n\n\n\n<div class=\"wp-block-image\"><figure class=\"aligncenter\"><img decoding=\"async\" loading=\"lazy\" width=\"600\" height=\"215\" src=\"https:\/\/speyer24news.com\/wp-content\/uploads\/2019\/12\/La-Ola.png\" alt=\"\" class=\"wp-image-22621\" srcset=\"https:\/\/speyer24news.com\/wp-content\/uploads\/2019\/12\/La-Ola.png 600w, https:\/\/speyer24news.com\/wp-content\/uploads\/2019\/12\/La-Ola-300x108.png 300w\" sizes=\"(max-width: 600px) 100vw, 600px\" \/><\/figure><\/div>\n\n\n\n<p><a href=\"http:\/\/www.la-ola.de\">www.la-ola.de<\/a><\/p>\n\n\n\n<p><em>Stadtholding Landau in der Pfalz GmbH \/ Freizeitbad LA Ola<br>25.12.2019<\/em><\/p>\n\n\n\n<h2 class=\"wp-block-heading\">Kunst am Kita-Bau: Graffiti versch\u00f6nert Eingang der st\u00e4dtischen Kindertagesst\u00e4tte Ponyhof im Landauer Wohnpark Am Ebenberg<\/h2>\n\n\n\n<div class=\"wp-block-image\"><figure class=\"aligncenter\"><img decoding=\"async\" loading=\"lazy\" width=\"800\" height=\"533\" src=\"https:\/\/speyer24news.com\/wp-content\/uploads\/2019\/12\/Info-657-Kita-Ponyhof.jpg\" alt=\"\" class=\"wp-image-23510\" srcset=\"https:\/\/speyer24news.com\/wp-content\/uploads\/2019\/12\/Info-657-Kita-Ponyhof.jpg 800w, https:\/\/speyer24news.com\/wp-content\/uploads\/2019\/12\/Info-657-Kita-Ponyhof-300x200.jpg 300w, https:\/\/speyer24news.com\/wp-content\/uploads\/2019\/12\/Info-657-Kita-Ponyhof-768x512.jpg 768w\" sizes=\"(max-width: 800px) 100vw, 800px\" \/><figcaption> Graffitik\u00fcnstler Till Heim hat im Auftrag des st\u00e4dtischen Geb\u00e4udemanagements den Eingang der Kita Ponyhof versch\u00f6nert.<\/figcaption><\/figure><\/div>\n\n\n\n<p>Der Eingangsbereich der\nKita Ponyhof in Landau kommt ab sofort ebenso fr\u00f6hlich und farbenfroh daher wie\ndas Leben in der st\u00e4dtischen Kita selbst: Im Auftrag des st\u00e4dtischen\nGeb\u00e4udemanagements (GML) hat Graffitik\u00fcnstler Till Heim den Eingang der Kita\nmit einem Graffiti aus bunten geometrischen Figuren versch\u00f6nert. <\/p>\n\n\n\n<p>Die Kunst im \u00f6ffentlichen\nRaum erf\u00fcllt dabei mehrere Zwecke: Zum einen weist sie den Eingang des fr\u00fcheren\nPferdestalls in der Otto-Kie\u00dfling-Stra\u00dfe wenige Monaten nach Inbetriebnahme nun\nals Kita-Eingang aus; zum anderen verhindert sie, dass, wie bisher leider oft\ngeschehen, die dortigen W\u00e4nde mit illegalen Graffitis verschandelt werden. Das\nPrinzip, \u00f6ffentliche Fl\u00e4chen f\u00fcr legale Graffitis freizugeben, hat sich in\nLandau in den zur\u00fcckliegenden Jahren bew\u00e4hrt. <\/p>\n\n\n\n<p>Die Kita Ponyhof befindet\nsich in Tr\u00e4gerschaft der SH-Jugend und Soziales gGmbH, einer Tochter der\nStadtholding Landau in der Pfalz GmbH. Sie nahm am 1. Juni dieses Jahres ihren\nBetrieb unter Leiterin Carolin Weyrauch auf und betreut 76 Kinder in vier\nGruppen. Die Kita Ponyhof ist neben der Kita Villa Mahla, der Kita Wilde 13 und\nder Kita Stadtpiraten die vierte Landauer Einrichtung in kommunaler Tr\u00e4gerschaft.\n<\/p>\n\n\n\n<p><em>Stadt Landau in der Pfalz<br>25.12.2019<\/em><\/p>\n\n\n\n<h2 class=\"wp-block-heading\">Der sch\u00f6nste Termin des Jahres: Gro\u00dfe Bescherung der Aktion Kinderwunschbaum im Landauer Rathaus<\/h2>\n\n\n\n<div class=\"wp-block-image\"><figure class=\"aligncenter\"><img decoding=\"async\" loading=\"lazy\" width=\"800\" height=\"533\" src=\"https:\/\/speyer24news.com\/wp-content\/uploads\/2019\/12\/Info-656-Kinderwunschbaum.jpg\" alt=\"\" class=\"wp-image-23509\" srcset=\"https:\/\/speyer24news.com\/wp-content\/uploads\/2019\/12\/Info-656-Kinderwunschbaum.jpg 800w, https:\/\/speyer24news.com\/wp-content\/uploads\/2019\/12\/Info-656-Kinderwunschbaum-300x200.jpg 300w, https:\/\/speyer24news.com\/wp-content\/uploads\/2019\/12\/Info-656-Kinderwunschbaum-768x512.jpg 768w\" sizes=\"(max-width: 800px) 100vw, 800px\" \/><figcaption> Geschenke, Geschenke, Geschenke: Mehr als 300 Kinder wurden im Rahmen der Kinderwunschbaum-Aktion im Empfangssaal des Landauer Rathauses beschenkt.<\/figcaption><\/figure><\/div>\n\n\n\n<p>Das Warten hat ein Ende: Drei Wochen lang konnten\nim Foyer des Landauer Rathauses \u00fcber 300 Karten mit Weihnachtsw\u00fcnschen von\nKindern aus einkommensschwachen Familien vom Kinderwunschbaum gepfl\u00fcckt werden,\nder in diesem Jahr wieder von der Stadt Landau in Kooperation mit der \u201eStiphtung\nChristoph Sonntag\u201c und dem Haus der Familie aufgestellt worden war. Die Geschenke, die sich bis zur gro\u00dfen\nBescherung im B\u00fcro von Oberb\u00fcrgermeister Thomas Hirsch t\u00fcrmten, wurden jetzt\nbei der gro\u00dfen Bescherung im Empfangssaal den Kindern \u00fcberreicht. <\/p>\n\n\n\n<p>\u201eDie Aktion fand in\ndiesem Jahr zum achten Mal statt und geh\u00f6rt mittlerweile zur Vorweihnachtszeit\nin Landau ebenso dazu wie der Thomas-Nast-Nikolausmarkt oder der Landauer\nAdventskalender\u201c, erkl\u00e4rt der Stadtchef. Als Jugenddezernent ist er besonders froh,\ndass die bew\u00e4hrte Kooperation mit der Stiftung des bekannten schw\u00e4bischen\nKabarettisten es der Stadt Landau erm\u00f6glicht, die Herzensw\u00fcnsche von Kindern zu\nerf\u00fcllen. \u201eLeider ist ein voller Gabentisch an Heiligabend nicht allen Familien\nverg\u00f6nnt. Die Aktion Kinderwunschbaum war auch in diesem Jahr wieder ein voller\nErfolg, sorgte f\u00fcr leuchtende Kinderaugen und zeigt, wie viel Herz unsere Stadt\nhat\u201c, so OB Hirsch. <\/p>\n\n\n\n<p>Auch Christoph Sonntag\nfreut sich \u00fcber die erfolgreiche Kooperation mit der Stadt Landau. Seine\nStiftung f\u00fchrt die Kinderwunschbaum-Aktion im Rahmen des Projekts\n\u201eSternchenf\u00e4nger\u201c durch \u2013 und sorgt daf\u00fcr, dass kein Kinderwunsch am Baum\nunerf\u00fcllt bleibt. \u201eF\u00fcr mich ist die Aktion ein Herzensprojekt\u201c, versichert der\nKabarettist. \u201eDaher ist es besonders sch\u00f6n, zu sehen, dass so viele Menschen\njedes Jahr Kindertr\u00e4ume wahr werden lassen und einen oder gleich mehrere\nW\u00fcnsche vom Kinderwunschbaum im Landauer Rathaus erf\u00fcllen.\u201c \n\nIm Vorfeld der Aktion waren mehr als 300 Wunschkarten an\nverschiedene soziale Einrichtungen in Landau verteilt worden. Die dort\nbetreuten Kinder konnten auf ihrer Karte einen Wunsch im Wert von bis zu 30\nEuro notieren. Unterst\u00fctzt wird die Aktion neben dem Haus der Familie auch vom\nst\u00e4dtischen Jugendamt, dem Kinderschutzbund, dem Mehrgenerationenhaus, dem\nCaritas-Zentrum, dem Diakonischen Werk, dem Stadtteilb\u00fcro Landau-S\u00fcd und\neinigen Kindertagesst\u00e4tten. Weiterer Kooperationspartner ist das\nSpielwarenfachgesch\u00e4ft \u201eWunschtr\u00e4ume\u201c in der K\u00f6nigstra\u00dfe.\n\n\n\n<\/p>\n\n\n\n<p><em>Stadt Landau in der Pfalz<br>25.12.2019<\/em><\/p>\n\n\n\n<h2 class=\"wp-block-heading\">Lehrende der Universit\u00e4t stellen aus: Werkschau \u201eLine-up\u201c von 1. Februar bis 15. M\u00e4rz 2020 in st\u00e4dtischer Galerie Villa Streccius in Landau<\/h2>\n\n\n\n<div class=\"wp-block-image\"><figure class=\"aligncenter\"><img decoding=\"async\" loading=\"lazy\" width=\"500\" height=\"704\" src=\"https:\/\/speyer24news.com\/wp-content\/uploads\/2019\/12\/Info-658a-Ausstellung-Line-up.jpg\" alt=\"\" class=\"wp-image-23506\" srcset=\"https:\/\/speyer24news.com\/wp-content\/uploads\/2019\/12\/Info-658a-Ausstellung-Line-up.jpg 500w, https:\/\/speyer24news.com\/wp-content\/uploads\/2019\/12\/Info-658a-Ausstellung-Line-up-213x300.jpg 213w\" sizes=\"(max-width: 500px) 100vw, 500px\" \/><figcaption>Karin Flurer-Br\u00fcnger, Keramik aus dem Kohlenmeiler gebaut. (Bildquelle: Jochen Foeller)<\/figcaption><\/figure><\/div>\n\n\n\n<p>Das Team des Instituts f\u00fcr Kunstwissenschaft und Bildende Kunst der Universit\u00e4t in Landau ist nach einigen Jahren des Umbruchs seit Beginn des zur\u00fcckliegenden Semesters wieder komplett und nun in der Reithalle im S\u00fcden Landaus \u201ezu Hause\u201c. <strong>Von Samstag, 1. Februar, bis Sonntag, 15. M\u00e4rz<\/strong>, lassen die Lehrenden des Kunstinstituts auf Einladung der st\u00e4dtischen Kulturabteilung in der Galerie Villa Streccius einen Blick auf das eigene k\u00fcnstlerische Schaffen jenseits der Lehre zu.<\/p>\n\n\n\n<div class=\"wp-block-image\"><figure class=\"aligncenter\"><img decoding=\"async\" loading=\"lazy\" width=\"500\" height=\"500\" src=\"https:\/\/speyer24news.com\/wp-content\/uploads\/2019\/12\/Info-658b-Ausstellung-Line-up.jpeg\" alt=\"\" class=\"wp-image-23507\" srcset=\"https:\/\/speyer24news.com\/wp-content\/uploads\/2019\/12\/Info-658b-Ausstellung-Line-up.jpeg 500w, https:\/\/speyer24news.com\/wp-content\/uploads\/2019\/12\/Info-658b-Ausstellung-Line-up-150x150.jpeg 150w, https:\/\/speyer24news.com\/wp-content\/uploads\/2019\/12\/Info-658b-Ausstellung-Line-up-300x300.jpeg 300w\" sizes=\"(max-width: 500px) 100vw, 500px\" \/><figcaption> Rainer Steve Kaufmann, Zwei Drittel, \u00d6l auf Leinwand. (Bildquelle: Rainer Steve Kaufmann)<\/figcaption><\/figure><\/div>\n\n\n\n<p>Professorin Tina Stolt (Bildnerische Praxis), Professor Marc Fritzsche (Kunstp\u00e4dagogik), Akademischer Oberrat Rainer Steve Kaufmann (Malerei, Zeichnung, Medien), die K\u00fcnstlerischen Mitarbeiterinnen und Mitarbeiter Ana Laibach (Malerei) und Eckart Steinhauser (Bildhauerei), die Lehrbeauftragten Karin Flurer-Br\u00fcnger (Keramik) und Lucia Dominguez-Madeira (Malerei) sowie die Wissenschaftliche Mitarbeiterin Johanna Trautmann (Kunstp\u00e4dagogik) zeigen eigene Arbeiten mit h\u00f6chst individuellen Ans\u00e4tzen sowie eine Vielfalt von\u00a0 k\u00fcnstlerischen Themen und Herangehensweisen von Malerei \u00fcber Installation bis hin zu Skulpturen und Keramik. Im Team sind junge Absolventinnen von Kunstakademien, aber auch \u201ealte Hasen\u201c des Ausstellungsbetriebs zu finden. <\/p>\n\n\n\n<div class=\"wp-block-image\"><figure class=\"aligncenter\"><img decoding=\"async\" loading=\"lazy\" width=\"500\" height=\"662\" src=\"https:\/\/speyer24news.com\/wp-content\/uploads\/2019\/12\/Info-658c-Ausstellung-Line-up.jpg\" alt=\"\" class=\"wp-image-23508\" srcset=\"https:\/\/speyer24news.com\/wp-content\/uploads\/2019\/12\/Info-658c-Ausstellung-Line-up.jpg 500w, https:\/\/speyer24news.com\/wp-content\/uploads\/2019\/12\/Info-658c-Ausstellung-Line-up-227x300.jpg 227w\" sizes=\"(max-width: 500px) 100vw, 500px\" \/><figcaption> Johanna Trautmann, Ohne Titel, Latexmilch, Gewebe, Tackenadeln. (Bildquelle: Susann Dietrich)<\/figcaption><\/figure><\/div>\n\n\n\n<p>Bei der <strong>Ausstellungser\u00f6ffnung am Freitag, 31. Januar<\/strong>, um 20 Uhr \u00fcbernimmt die neue Professorin f\u00fcr Kunstgeschichte und Kunstvermittlung, Dr. Ekaterini Kepetzis, die Einf\u00fchrung in die Ausstellung und nutzt somit die Gelegenheit, sich der Landauer \u00d6ffentlichkeit vorzustellen. Zuvor begr\u00fc\u00dfen Oberb\u00fcrgermeister Thomas Hirsch und Dekan Prof. Dr. Lothar Bluhm die G\u00e4ste. Das Vokalensemble der Universit\u00e4t in Landau setzt den musikalischen Akzent. Zum Abschluss der Ausstellung am Sonntag, 15. M\u00e4rz, um 15 Uhr stehen Mark Fritzsche, Ana Laibach, Eckart Steinhauser und Johanna Trautmann zu einem K\u00fcnstlergespr\u00e4ch mit Rundgang bereit, das von Prof. Dr. Ekatrini Kepetzis moderiert wird. <\/p>\n\n\n\n<p><em>Text: Stadt Landau in der Pfalz Foto: (1) Jochen Foeller; (2) Rainer Steve Kaufmann; (3) Susann Dietrich <br>25.12.2019<\/em><\/p>\n\n\n\n<h2 class=\"wp-block-heading\">Auch nach der Inbetriebnahme: Station\u00e4res Hospiz Bethesda Landau weiter auf Spenden angewiesen \u2013 OB Hirsch stattet Einrichtung vorweihnachtlichen Besuch ab \u2013 Firma L\u00f6ffel Fenster spendet 3.000 Euro<\/h2>\n\n\n\n<div class=\"wp-block-image\"><figure class=\"aligncenter\"><img decoding=\"async\" loading=\"lazy\" width=\"800\" height=\"600\" src=\"https:\/\/speyer24news.com\/wp-content\/uploads\/2019\/12\/Info-655a-Hospizbesuch.jpg\" alt=\"\" class=\"wp-image-23503\" srcset=\"https:\/\/speyer24news.com\/wp-content\/uploads\/2019\/12\/Info-655a-Hospizbesuch.jpg 800w, https:\/\/speyer24news.com\/wp-content\/uploads\/2019\/12\/Info-655a-Hospizbesuch-300x225.jpg 300w, https:\/\/speyer24news.com\/wp-content\/uploads\/2019\/12\/Info-655a-Hospizbesuch-768x576.jpg 768w, https:\/\/speyer24news.com\/wp-content\/uploads\/2019\/12\/Info-655a-Hospizbesuch-678x509.jpg 678w, https:\/\/speyer24news.com\/wp-content\/uploads\/2019\/12\/Info-655a-Hospizbesuch-326x245.jpg 326w, https:\/\/speyer24news.com\/wp-content\/uploads\/2019\/12\/Info-655a-Hospizbesuch-80x60.jpg 80w\" sizes=\"(max-width: 800px) 100vw, 800px\" \/><figcaption> OB Hirsch tauschte sich jetzt vor Ort mit dem Team des station\u00e4ren  Hospizes f\u00fcr Landau und S\u00dcW \u00fcber die ersten Monate der Einrichtung aus.<\/figcaption><\/figure><\/div>\n\n\n\n<p>Knapp zwei Monate nach der offiziellen Einweihung hat Landaus Oberb\u00fcrgermeister Thomas Hirsch das station\u00e4re Hospiz auf dem Gel\u00e4nde des Diakoniezentrums Bethesda besucht und sich mit dem Team um Leiterin Alice Ferlinz ausgetauscht. Den Vor-Ort-Termin in der Vorweihnachtszeit nutzte der OB auch, um darauf aufmerksam zu machen, dass das von ihm initiierte Herzensprojekt weiterhin auf Spenden angewiesen sei. \u201eDer Aufenthalt im Hospiz ist f\u00fcr die G\u00e4ste kostenfrei\u201c, erkl\u00e4rte der Stadtchef, zugleich Vorsitzender des F\u00f6rdervereins Ein Hospiz f\u00fcr LD-S\u00dcW. \u201eJedoch tragen die Kranken- und Pflegekassen nur 95 Prozent der Kosten; f\u00fcr die verbliebenen 5 Prozent ben\u00f6tigt der Tr\u00e4ger, die Diakonissen Speyer-Mannheim, auch nach der Inbetriebnahme dieser f\u00fcr die Stadt Landau und die gesamte Region so wichtigen sozialen Einrichtung Spenden aus der Bev\u00f6lkerung.\u201c <\/p>\n\n\n\n<div class=\"wp-block-image\"><figure class=\"aligncenter\"><img decoding=\"async\" loading=\"lazy\" width=\"800\" height=\"533\" src=\"https:\/\/speyer24news.com\/wp-content\/uploads\/2019\/12\/Info-655b-Hospizbesuch.jpg\" alt=\"\" class=\"wp-image-23504\" srcset=\"https:\/\/speyer24news.com\/wp-content\/uploads\/2019\/12\/Info-655b-Hospizbesuch.jpg 800w, https:\/\/speyer24news.com\/wp-content\/uploads\/2019\/12\/Info-655b-Hospizbesuch-300x200.jpg 300w, https:\/\/speyer24news.com\/wp-content\/uploads\/2019\/12\/Info-655b-Hospizbesuch-768x512.jpg 768w\" sizes=\"(max-width: 800px) 100vw, 800px\" \/><figcaption> Auch nach der Inbetriebnahme ist das station\u00e4re Hospiz auf dem Gel\u00e4nde  des Landauer Bethesda auf Spenden aus der Bev\u00f6lkerung angewiesen.<\/figcaption><\/figure><\/div>\n\n\n\n<p>Wie richtig und wichtig die Umsetzung des station\u00e4ren Hospizprojekts f\u00fcr Landau und die S\u00fcdliche Weinstra\u00dfe gewesen sei, zeige bereits die hohe Nachfrage nach Pl\u00e4tzen f\u00fcr schwerstkranke und sterbende G\u00e4ste, so Hirsch, der sich bei den Diakonissen Speyer-Mannheim und ganz besonders beim Team des Hospizes herzlich f\u00fcr deren Einsatz bedankte. \u201eNicht alle Menschen k\u00f6nnen in diesem Jahr Weihnachten und den Jahreswechsel voller Freude feiern und ein Besuch unseres Hospizes f\u00fchrt noch einmal sehr deutlich vor Augen, wie gut es den meisten von uns geht und vor allem, wie kostbar das Leben ist\u201c, zeigte sich der OB bewegt. <\/p>\n\n\n\n<div class=\"wp-block-image\"><figure class=\"aligncenter\"><img decoding=\"async\" loading=\"lazy\" width=\"800\" height=\"533\" src=\"https:\/\/speyer24news.com\/wp-content\/uploads\/2019\/12\/Info-655c-Hospizbesuch.jpg\" alt=\"\" class=\"wp-image-23505\" srcset=\"https:\/\/speyer24news.com\/wp-content\/uploads\/2019\/12\/Info-655c-Hospizbesuch.jpg 800w, https:\/\/speyer24news.com\/wp-content\/uploads\/2019\/12\/Info-655c-Hospizbesuch-300x200.jpg 300w, https:\/\/speyer24news.com\/wp-content\/uploads\/2019\/12\/Info-655c-Hospizbesuch-768x512.jpg 768w\" sizes=\"(max-width: 800px) 100vw, 800px\" \/><figcaption> Hell, freundlich und lichtdurchflutet: Das neue Hospiz Bethesda Landau ist ein eingeschossiger, kreuzf\u00f6rmiger Bau.<\/figcaption><\/figure><\/div>\n\n\n\n<p>Der Dank des\nF\u00f6rdervereinsvoritzenden gilt auch weiterhin allen Spenderinnen und Spendern,\ndie das Hospizprojekt unterst\u00fctzen. Dazu z\u00e4hlt nun schon zum wiederholten Male\ndie in Herxheim ans\u00e4ssige Firma L\u00f6ffel Fenster+Fassaden GmbH&amp;Co. KG, die auch\n2019 in der Vorweihnachtszeit 3.000 Euro gespendet hat. \u201eWir verzichten auf\nFirmenweihnachtsgeschenke und spenden stattdessen an das station\u00e4re Hospiz\u201c, so\ndie Gesch\u00e4ftsf\u00fchrer Bernd und Otto L\u00f6ffel. \u201eAuf diese Weise wollen wir einen\nBeitrag zur Pflege und Begleitung von Betroffenen und deren Familienangeh\u00f6rigen\nleisten.\u201c Das neue Hospiz erm\u00f6gliche ein Abschiednehmen in W\u00fcrde und\nfriedlicher Geborgenheit, betonen beide.<\/p>\n\n\n\n<p><strong>Die Spendenkonten des F\u00f6rdervereins Ein Hospiz f\u00fcr LD-S\u00dcW lauten: <\/strong><\/p>\n\n\n\n<ul><li><strong>VR Bank S\u00fcdliche Weinstra\u00dfe<\/strong><\/li><li>IBAN: DE93 5489 1300 0000 4414 06<\/li><li>BIC: GENODE61BZA<\/li><\/ul>\n\n\n\n<ul><li><strong>VR Bank S\u00fcdpfalz<\/strong><\/li><li>IBAN: DE55 5486 2500 0002 7300 73<\/li><li>BIC: GENODE61SUW<\/li><\/ul>\n\n\n\n<ul><li><strong>Sparkasse S\u00fcdliche Weinstra\u00dfe<\/strong><\/li><li>IBAN: DE31 5485 0010 1700 8080 80<\/li><li>BIC: SOLADES1SUW <\/li><\/ul>\n\n\n\n<p>Weitere Informationen zum Landauer Hospiz finden sich unter\u00a0 <a href=\"http:\/\/www.diakonissen.de\/hospiz\">www.diakonissen.de\/hospiz<\/a>. <\/p>\n\n\n\n<p><em>Stadt Landau in der Pfalz<br>25.12.2019<\/em><\/p>\n\n\n\n<h2 class=\"wp-block-heading\">Wichtige Etappe des Neubaus der n\u00f6rdlichen Horstbr\u00fccke in Landau: Br\u00fccken\u00fcberbau wurde betoniert<\/h2>\n\n\n\n<div class=\"wp-block-image\"><figure class=\"aligncenter\"><img decoding=\"async\" loading=\"lazy\" width=\"800\" height=\"533\" src=\"https:\/\/speyer24news.com\/wp-content\/uploads\/2019\/12\/Info-654-Horstbr\u00fccke.jpg\" alt=\"\" class=\"wp-image-23502\" srcset=\"https:\/\/speyer24news.com\/wp-content\/uploads\/2019\/12\/Info-654-Horstbr\u00fccke.jpg 800w, https:\/\/speyer24news.com\/wp-content\/uploads\/2019\/12\/Info-654-Horstbr\u00fccke-300x200.jpg 300w, https:\/\/speyer24news.com\/wp-content\/uploads\/2019\/12\/Info-654-Horstbr\u00fccke-768x512.jpg 768w\" sizes=\"(max-width: 800px) 100vw, 800px\" \/><figcaption> Bei der Arbeit: Eine Fachfirma hat am Mittwoch, 18. Dezember, den \u00dcberbau der Landauer Horstbr\u00fccke betoniert.<\/figcaption><\/figure><\/div>\n\n\n\n<p>Die Gro\u00dfbaustelle Horstbr\u00fccke\nin Landau geht weiter planm\u00e4\u00dfig voran: Am Mittwoch, 18. Dezember, wurde der\nBr\u00fccken\u00fcberbau betoniert. Auf einer L\u00e4nge von rund 200 Metern und einer Breite\nvon 11 bis 14 Metern verbaute eine Fachfirma insgesamt rund 600 Kubikmeter\nBeton. Der Einbau noch vor Weihnachten stellte eine wichtige Etappe zur\nplanm\u00e4\u00dfigen Fertigstellung der Br\u00fccke im Herbst 2020 dar. Seit Beginn der\nMa\u00dfnahme wurde gezielt auf diesen Termin noch im Jahr 2019 hingearbeitet. <\/p>\n\n\n\n<p>Nach Angaben des\nst\u00e4dtischen Bauamts wurden in den zur\u00fcckliegenden Monaten die beiden\nBr\u00fcckenwiderlager an den Enden der Br\u00fccke sowie die St\u00fctzpfeiler dazwischen\nhergestellt. Auf die Widerlager und die St\u00fctzpfeiler wurden dann Betonfertigteile\ngelegt und Bewehrungseisen eingebaut. Auf die Betonfertigteile wiederum wurde\nnun der eigentliche Beton aufgebracht. <\/p>\n\n\n\n<p>Der Frischbeton muss bis Mitte Januar aush\u00e4rten. Die Bauarbeiten sollen <strong><em>voraussichtlich ab Montag, 13. Januar<\/em><\/strong>, fortgef\u00fchrt werden. <\/p>\n\n\n\n<p>Der n\u00f6rdliche, marode Teil\nder Horstbr\u00fccke durfte bereits seit 2010 nicht mehr von LKW befahren werden. Im\nSeptember 2018 fiel dann der Startschuss f\u00fcr den Abriss und Neubau des\nBr\u00fcckenteils. <\/p>\n\n\n\n<p><em>Stadt Landau in der Pfalz<br>25.12.2019<\/em><\/p>\n\n\n\n<h2 class=\"wp-block-heading\">Gemeinsam f\u00fcr eine attraktive Stadt: 13. Business-Empfang der Stadtholding Landau in der Pfalz GmbH im Zeichen des Stadtmarketings<\/h2>\n\n\n\n<div class=\"wp-block-image\"><figure class=\"aligncenter\"><img decoding=\"async\" loading=\"lazy\" width=\"800\" height=\"533\" src=\"https:\/\/speyer24news.com\/wp-content\/uploads\/2019\/12\/Info-652a-Stadtmarketing.jpg\" alt=\"\" class=\"wp-image-23500\" srcset=\"https:\/\/speyer24news.com\/wp-content\/uploads\/2019\/12\/Info-652a-Stadtmarketing.jpg 800w, https:\/\/speyer24news.com\/wp-content\/uploads\/2019\/12\/Info-652a-Stadtmarketing-300x200.jpg 300w, https:\/\/speyer24news.com\/wp-content\/uploads\/2019\/12\/Info-652a-Stadtmarketing-768x512.jpg 768w\" sizes=\"(max-width: 800px) 100vw, 800px\" \/><figcaption> Gemeinsam f\u00fcr eine attraktive Stadt: Beim 13. Business-Empfang der  Stadtholding Landau in der Pfalz GmbH kamen auf Einladung von OB Thomas  Hirsch rund 150 Vertreterinnen und Vertreter aus Politik, Verwaltung,  Wirtschaft, Wissenschaft,  Medien und Kultur zusammen. <\/figcaption><\/figure><\/div>\n\n\n\n<p>Netzwerken in besonderem\nAmbiente: Auf Einladung der Stadtholding Landau in der Pfalz GmbH und des Landauer\nStadtmarketings kamen jetzt rund 150 Vertreterinnen und Vertreter aus Politik,\nVerwaltung, Wirtschaft, Wissenschaft, Medien und Kultur zum traditionellen\nBusiness-Empfang zusammen \u2013 in diesem Jahr zum ersten Mal im Palais des Etoiles\nauf dem Neuen Messegel\u00e4nde. Im Fokus der 13. Auflage des Netzwerktreffens stand\ndie Stadt Landau als Marke.&nbsp; &nbsp;<\/p>\n\n\n\n<p>\u201eDie attraktive Innenstadt, die besondere Lebensqualit\u00e4t und die Lage inmitten der S\u00fcdpfalz sind die drei Markenbausteine der Stadt Landau, die es ganz besonders zu st\u00e4rken und \u00fcber die Grenzen der Region hinaus zu vermarkten gilt\u201c, betont Oberb\u00fcrgermeister und Stadtholding-Gesch\u00e4ftsf\u00fchrer Thomas Hirsch. \u201eEine attraktive Stadt ist kein Selbstzweck, sondern dient der Zukunftsgestaltung und der Zukunftssicherung \u2013 deswegen sind der Austausch und das Miteinander wichtig. Nur gemeinsam k\u00f6nnen wir die Potenziale Landaus nutzen, unsere Wettbewerbsf\u00e4higkeit steigern und noch attraktiver werden \u2013 f\u00fcr die B\u00fcrgerinnen und B\u00fcrger, f\u00fcr Unternehmen und Besch\u00e4ftigte sowie die G\u00e4ste in unserer Stadt\u201c, so der Stadtchef.<\/p>\n\n\n\n<div class=\"wp-block-image\"><figure class=\"aligncenter\"><img decoding=\"async\" loading=\"lazy\" width=\"800\" height=\"533\" src=\"https:\/\/speyer24news.com\/wp-content\/uploads\/2019\/12\/Info-652b-Stadtmarketing.jpg\" alt=\"\" class=\"wp-image-23501\" srcset=\"https:\/\/speyer24news.com\/wp-content\/uploads\/2019\/12\/Info-652b-Stadtmarketing.jpg 800w, https:\/\/speyer24news.com\/wp-content\/uploads\/2019\/12\/Info-652b-Stadtmarketing-300x200.jpg 300w, https:\/\/speyer24news.com\/wp-content\/uploads\/2019\/12\/Info-652b-Stadtmarketing-768x512.jpg 768w\" sizes=\"(max-width: 800px) 100vw, 800px\" \/><figcaption> Netzwerken in besonderem Ambiente: Im Fokus des Netzwerktreffens im Palais des Etoiles auf dem Neuen Messegel\u00e4nde stand die Stadt Landau als Marke.<\/figcaption><\/figure><\/div>\n\n\n\n<p>\u201eEine Stadtmarke optimiert\ndie Wahrnehmung einer Stadt und erh\u00f6ht deren Anziehungskraft\u201c, ist auch Lisa\nKunzmann \u00fcberzeugt, die beim Landauer Stadtmarketing den im Jahr 2014\nangesto\u00dfenen Stadtmarkenprozess federf\u00fchrend betreut. \u201eWie auch Unternehmen\nstehen St\u00e4dte immerzu im Wettbewerb miteinander. Wer lockt mehr Touristinnen\nund Touristen an? Wo siedeln sich Unternehmen bevorzugt an? Wohin verlegen die\ndringend ben\u00f6tigten Fachkr\u00e4fte gerne ihren Lebensmittelpunkt und was h\u00e4lt\nB\u00fcrgerinnen und B\u00fcrger in ihrer Stadt?\u201c Aus diesem Grund gelte es, die\nIdentifikation mit der Marke Landau nachhaltig zu st\u00e4rken, so Kunzmann. <\/p>\n\n\n\n<p>Zu den Aufgaben des\nLandauer Stadtmarketings z\u00e4hlen neben der Betreuung des Stadtmarkenprozesses\nbeispielsweise auch Gemeinschaftsaktionen mit den Aktiven Unternehmern (AKU)\nund die Organisation des Landauer Ehrenamtspreises. N\u00e4here Informationen zum\nStadtmarketing finden sich unter <a href=\"http:\/\/www.stadtmarketing-landau.de\">www.stadtmarketing-landau.de<\/a>.\nBei Fragen und Anregungen steht Lisa Kunzmann per E-Mail unter <a href=\"mailto:stadtmarketing@landau.de\">stadtmarketing@landau.de<\/a> oder\ntelefonisch unter 0 63 41\/13 90 18 zur Verf\u00fcgung. <\/p>\n\n\n\n<p><em>Stadt Landau in der Pfalz<br>25.12.2019<\/em><\/p>\n\n\n\n<h2 class=\"wp-block-heading\">\u201eBildlabor<sup>3<\/sup>\u201cin Landau: Ausstellung mit Werken von Kunststudierenden der Universit\u00e4t noch bis 19. Januar 2020 in der Villa Streccius \u2013 B\u00fcrgermeister Dr. Ingenthron: \u201eGelungener Auftakt zum Jubil\u00e4umsjahr des Kunstvereins\u201c<\/h2>\n\n\n\n<div class=\"wp-block-image\"><figure class=\"aligncenter\"><img decoding=\"async\" loading=\"lazy\" width=\"800\" height=\"533\" src=\"https:\/\/speyer24news.com\/wp-content\/uploads\/2019\/12\/Info-651-Villa-Streccius-Bildlabor.jpg\" alt=\"\" class=\"wp-image-23499\" srcset=\"https:\/\/speyer24news.com\/wp-content\/uploads\/2019\/12\/Info-651-Villa-Streccius-Bildlabor.jpg 800w, https:\/\/speyer24news.com\/wp-content\/uploads\/2019\/12\/Info-651-Villa-Streccius-Bildlabor-300x200.jpg 300w, https:\/\/speyer24news.com\/wp-content\/uploads\/2019\/12\/Info-651-Villa-Streccius-Bildlabor-768x512.jpg 768w\" sizes=\"(max-width: 800px) 100vw, 800px\" \/><figcaption> Noch bis 19. Januar k\u00f6nnen Kunstliebhaberinnen und Kunstliebhaber \u2013 so  wie hier die Vorsitzende des Kunstvereins, Barbara Kleinschmidt, und  B\u00fcrgermeister Dr. Maximilian Ingenthron \u2013 die Ausstellung Bildlabor<sup>3<\/sup> in der Villa Streccius  besuchen.<\/figcaption><\/figure><\/div>\n\n\n\n<p>Ein breites Spektrum an Malerei verspricht die Ausstellung \u201eBildlabor<sup>3<\/sup>\u201c, die jetzt in der St\u00e4dtischen Galerie Villa Streccius in Landau er\u00f6ffnet wurde. Unter dem Motto \u201e\u2026und au\u00dfen ist die Welt\u201c sind noch <strong><em>bis Sonntag, 19. Januar 2020<\/em><\/strong>, die Arbeiten von 13 Studierenden bzw. Absolventinnen und Absolventen des Instituts f\u00fcr Kunstwissenschaft und Bildende Kunst der Universit\u00e4t Landau zu sehen.<\/p>\n\n\n\n<p>\u201eIm Atelier, beim Malen\nsetzten sich K\u00fcnstlerinnen und K\u00fcnstler mit dem Au\u00dfen auseinander: Sie\nerforschen die Welt \u2013 und h\u00e4ufig dabei auch sich selbst\u201c, erkl\u00e4rt B\u00fcrgermeister\nDr. Maximilian Ingenthron, der die G\u00e4ste bei der Ausstellungser\u00f6ffnung\nbegr\u00fc\u00dfte. \u201eDas Bildlabor<sup>3<\/sup> bietet uns nun die Gelegenheit, in das\nk\u00fcnstlerische Schaffen der jungen Malerinnen und Maler einzutauchen und in\nihren Werken eine fantastische Vielfalt an Stilen, Techniken und Themen zu\nerleben. Ich freue mich sehr, dass wir mit dieser inspirierenden Ausstellung\nquasi in das Jubil\u00e4umsjahr hineinfeiern. Denn 2020 besteht der Kunstverein der\nVilla Streccius seit dann 40 Jahren. Seit seiner Gr\u00fcndung im Jahr 1980 hat er sich\nzu einer Institution entwickelt, die in herausragender Weise zur Pr\u00e4sentation\nund Vermittlung von Bildender Kunst beitr\u00e4gt. Der Kunstverein ist f\u00fcr das kulturelle\nGepr\u00e4ge der Region schlicht unverzichtbar. Mit der Villa Streccius als Galerie,\nals Ort der Begegnung und des Austauschs nutzt der Kunstverein eine\nausgezeichnete und erstklassige Plattform und B\u00fchne \u2013 und tr\u00e4gt mit seinen\nAktivit\u00e4ten ma\u00dfgeblich zum Renommee Landaus als Kulturstadt bei\u201c, so der\nKulturdezernent weiter.<\/p>\n\n\n\n<p>Die gezeigten Arbeiten von\nIda Bomm, Petra Clar, Alexander Gaer, Dominik George, Julia Haimerl, Melina\nJaensch, Ann-Kathrin Kr\u00e4chan, Sabine Niegel, Kai Ozaki, Jana Thelen, Belle\nVolkemer und Manuel Weiland sind in den Seminaren der Malerei-Dozentinnen und\ndes Malerei-Dozenten Prof. Dr. Tina Stolt, Ana Laibach und Rainer Kaufmann\nentstanden. Sie k\u00f6nnen in der von Prof. Dr. Tina Stolt kuratierten Ausstellung dienstags\nund mittwochs von 17 bis 20 Uhr sowie donnerstags bis sonntags von 14 bis 17\nUhr angeschaut werden. <\/p>\n\n\n\n<p>An Weihnachten sowie\n\u201ezwischen den Jahren\u201c gelten folgende \u00d6ffnungszeiten: Von Montag, 23. Dezember,\nbis Donnerstag, 26. Dezember, sowie am Montag, 30. Dezember, und Dienstag, 31.\nDezember, bleibt die Galerie geschlossen. Von Freitag, 27. Dezember, bis\nSonntag, 29. Dezember, sowie am Mittwoch, 1. Januar 2020, ist die Ausstellung\nvon 14 bis 17 Uhr ge\u00f6ffnet. <\/p>\n\n\n\n<p>Weitere Informationen sind unter <a href=\"http:\/\/www.kulturstadt-landau.de\/\">www.kulturstadt-landau.de<\/a> und <a href=\"http:\/\/www.villa-streccius.de\/\">www.villa-streccius.de<\/a> zu finden.<\/p>\n\n\n\n<p><em>Stadt Landau in der Pfalz<br>25.12.2019<\/em><\/p>\n","protected":false},"excerpt":{"rendered":"<div class=\"mh-excerpt\"><p>Trendwende geschafft: Landau verzeichnet 2019 Plus an Sozialwohnungen Im Jahr 2019 wurden in Landau mehr Sozialwohnungen gebaut als aus der Mietpreis- und Belegungsbindung gefallen sind. Das Verh\u00e4ltnis bel\u00e4uft sich auf 77 zu 60 \u2013 ein <a class=\"mh-excerpt-more\" href=\"https:\/\/speyer24news.com\/?p=23498\" title=\"Landau und Kreis LD\">[&#8230;]<\/a><\/p>\n<\/div>","protected":false},"author":3,"featured_media":22111,"comment_status":"open","ping_status":"open","sticky":false,"template":"","format":"standard","meta":{"_monsterinsights_skip_tracking":false,"_monsterinsights_sitenote_active":false,"_monsterinsights_sitenote_note":"","_monsterinsights_sitenote_category":0,"footnotes":""},"categories":[9],"tags":[5078,5077,5074,5064,4974,5072,5075,5073,2060,2039,5067,5068,3794,58,5065,5069,5070,5071,3735,5066,5063],"aioseo_notices":[],"amp_enabled":true,"_links":{"self":[{"href":"https:\/\/speyer24news.com\/index.php?rest_route=\/wp\/v2\/posts\/23498"}],"collection":[{"href":"https:\/\/speyer24news.com\/index.php?rest_route=\/wp\/v2\/posts"}],"about":[{"href":"https:\/\/speyer24news.com\/index.php?rest_route=\/wp\/v2\/types\/post"}],"author":[{"embeddable":true,"href":"https:\/\/speyer24news.com\/index.php?rest_route=\/wp\/v2\/users\/3"}],"replies":[{"embeddable":true,"href":"https:\/\/speyer24news.com\/index.php?rest_route=%2Fwp%2Fv2%2Fcomments&post=23498"}],"version-history":[{"count":1,"href":"https:\/\/speyer24news.com\/index.php?rest_route=\/wp\/v2\/posts\/23498\/revisions"}],"predecessor-version":[{"id":23516,"href":"https:\/\/speyer24news.com\/index.php?rest_route=\/wp\/v2\/posts\/23498\/revisions\/23516"}],"wp:featuredmedia":[{"embeddable":true,"href":"https:\/\/speyer24news.com\/index.php?rest_route=\/wp\/v2\/media\/22111"}],"wp:attachment":[{"href":"https:\/\/speyer24news.com\/index.php?rest_route=%2Fwp%2Fv2%2Fmedia&parent=23498"}],"wp:term":[{"taxonomy":"category","embeddable":true,"href":"https:\/\/speyer24news.com\/index.php?rest_route=%2Fwp%2Fv2%2Fcategories&post=23498"},{"taxonomy":"post_tag","embeddable":true,"href":"https:\/\/speyer24news.com\/index.php?rest_route=%2Fwp%2Fv2%2Ftags&post=23498"}],"curies":[{"name":"wp","href":"https:\/\/api.w.org\/{rel}","templated":true}]}}