{"id":23556,"date":"2019-12-27T09:43:07","date_gmt":"2019-12-27T08:43:07","guid":{"rendered":"https:\/\/speyer24news.com\/?p=23556"},"modified":"2019-12-27T09:43:07","modified_gmt":"2019-12-27T08:43:07","slug":"geschwindigkeitsmessung-blitzer-10","status":"publish","type":"post","link":"https:\/\/speyer24news.com\/?p=23556","title":{"rendered":"Geschwindigkeitsmessung \/ Blitzer"},"content":{"rendered":"<style type=\"text\/css\">\r\n\t.ads_top_disp{}\r\n\t.ads_top_corner_disp{ float:left; margin:0px 10px 10px 0px; }\r\n\t.ads_first_p_disp{}\r\n\t.ads_bottom_disp{}\r\n\t<\/style>\n<h2 class=\"wp-block-heading\">Radarkontrollen f\u00fcr die Woche vom 23. Dezember bis 29. Dezember 2019<\/h2>\n\n\n\n<div class=\"wp-block-image\"><figure class=\"aligncenter\"><img decoding=\"async\" src=\"https:\/\/speyer24news.com\/wp-content\/uploads\/2019\/11\/Radarkontrolle_1.jpg\" alt=\"\" class=\"wp-image-22038\"\/><\/figure><\/div>\n\n\n\n<p><strong>(Ludwigshafen) &#8211;<\/strong> Die Stadt Ludwigshafen nimmt in folgenden Stadtteilen Radarkontrollen vor.<\/p>\n\n\n\n<ul><li>Montag, 30. Dezember: Gartenstadt, Maudach und Friesenheim<\/li><li>Donnerstag, 2. Januar: Oggersheim, Ruchheim und Mundenheim<\/li><li>Freitag, 3. Januar: Edigheim, Pfingstweide und Friesenheim<\/li><li>Samstag, 4. Januar: Friesenheim und Gartenstadt<\/li><\/ul>\n\n\n\n<p>Kurzfristige \u00c4nderungen beh\u00e4lt sich der Bereich Stra\u00dfenverkehr vor. Kontrollen k\u00f6nnen auch kurzfristig an anderen Stellen statt-finden.<\/p>\n\n\n\n<p><em>Stadt Ludwigshafen am Rhein<br>27.12.2019<\/em><\/p>\n\n\n\n<h2 class=\"wp-block-heading\">Geschwindigkeitskontrollen f\u00fcr die Woche vom 30. Dezember bis 3. Januar<\/h2>\n\n\n\n<div class=\"wp-block-image\"><figure class=\"aligncenter\"><img decoding=\"async\" src=\"https:\/\/speyer24news.com\/wp-content\/uploads\/2019\/11\/Kontrolle-BaW\u00fc.jpg\" alt=\"\" class=\"wp-image-22040\"\/><\/figure><\/div>\n\n\n\n<p><strong>(Mannheim) &#8211; <\/strong>Die Stadt Mannheim f\u00fchrt vom 30. Dezember bis 3. Januar in folgenden Stra\u00dfen Radarkontrollen durch:<\/p>\n\n\n\n<ul><li> Am Schelmenbuckel<\/li><li> Collinistra\u00dfe<\/li><li> Eschenhof<\/li><li> Gl\u00fccksteinallee<\/li><li> Gontardstra\u00dfe<\/li><li> Hauptstra\u00dfe<\/li><li> Max-Frisch-Stra\u00dfe<\/li><li> Meerwiesenstra\u00dfe<\/li><li> Mudauer Ring<\/li><li> M\u00fchldorferstra\u00dfe<\/li><li> Schwarzwaldstra\u00dfe<\/li><li> Schwetzinger Stra\u00dfe<\/li><li> Sonnenschein<\/li><li> Talstra\u00dfe<\/li><li> Z\u00e4her Wille<\/li><\/ul>\n\n\n\n<p>Kurzfristige \u00c4nderungen oder zus\u00e4tzliche Messstellen sind aus aktuellem Anlass m\u00f6glich.<\/p>\n\n\n\n<p><em>Stadt Mannheim<br>27.12.2019<\/em><\/p>\n","protected":false},"excerpt":{"rendered":"<div class=\"mh-excerpt\"><p>Radarkontrollen f\u00fcr die Woche vom 23. Dezember bis 29. Dezember 2019 (Ludwigshafen) &#8211; Die Stadt Ludwigshafen nimmt in folgenden Stadtteilen Radarkontrollen vor. Montag, 30. Dezember: Gartenstadt, Maudach und Friesenheim Donnerstag, 2. Januar: Oggersheim, Ruchheim und <a class=\"mh-excerpt-more\" href=\"https:\/\/speyer24news.com\/?p=23556\" title=\"Geschwindigkeitsmessung \/ Blitzer\">[&#8230;]<\/a><\/p>\n<\/div>","protected":false},"author":3,"featured_media":0,"comment_status":"open","ping_status":"open","sticky":false,"template":"","format":"standard","meta":{"_monsterinsights_skip_tracking":false,"_monsterinsights_sitenote_active":false,"_monsterinsights_sitenote_note":"","_monsterinsights_sitenote_category":0,"footnotes":""},"categories":[64],"tags":[19,4822,4817,4228,947,4820,4815,28,779,4821,4816,227,17,949,4818,4813,1310,948],"aioseo_notices":[],"amp_enabled":true,"_links":{"self":[{"href":"https:\/\/speyer24news.com\/index.php?rest_route=\/wp\/v2\/posts\/23556"}],"collection":[{"href":"https:\/\/speyer24news.com\/index.php?rest_route=\/wp\/v2\/posts"}],"about":[{"href":"https:\/\/speyer24news.com\/index.php?rest_route=\/wp\/v2\/types\/post"}],"author":[{"embeddable":true,"href":"https:\/\/speyer24news.com\/index.php?rest_route=\/wp\/v2\/users\/3"}],"replies":[{"embeddable":true,"href":"https:\/\/speyer24news.com\/index.php?rest_route=%2Fwp%2Fv2%2Fcomments&post=23556"}],"version-history":[{"count":1,"href":"https:\/\/speyer24news.com\/index.php?rest_route=\/wp\/v2\/posts\/23556\/revisions"}],"predecessor-version":[{"id":23557,"href":"https:\/\/speyer24news.com\/index.php?rest_route=\/wp\/v2\/posts\/23556\/revisions\/23557"}],"wp:attachment":[{"href":"https:\/\/speyer24news.com\/index.php?rest_route=%2Fwp%2Fv2%2Fmedia&parent=23556"}],"wp:term":[{"taxonomy":"category","embeddable":true,"href":"https:\/\/speyer24news.com\/index.php?rest_route=%2Fwp%2Fv2%2Fcategories&post=23556"},{"taxonomy":"post_tag","embeddable":true,"href":"https:\/\/speyer24news.com\/index.php?rest_route=%2Fwp%2Fv2%2Ftags&post=23556"}],"curies":[{"name":"wp","href":"https:\/\/api.w.org\/{rel}","templated":true}]}}