{"id":23848,"date":"2020-01-02T10:39:33","date_gmt":"2020-01-02T09:39:33","guid":{"rendered":"https:\/\/speyer24news.com\/?p=23848"},"modified":"2020-01-02T10:39:34","modified_gmt":"2020-01-02T09:39:34","slug":"kirche-42","status":"publish","type":"post","link":"https:\/\/speyer24news.com\/?p=23848","title":{"rendered":"Kirche"},"content":{"rendered":"<style type=\"text\/css\">\r\n\t.ads_top_disp{}\r\n\t.ads_top_corner_disp{ float:left; margin:0px 10px 10px 0px; }\r\n\t.ads_first_p_disp{}\r\n\t.ads_bottom_disp{}\r\n\t<\/style>\n<h2 class=\"wp-block-heading\"><strong>Musik als Ausdruck f\u00fcr Gottes N\u00e4he zu\nden Menschen<\/strong><\/h2>\n\n\n\n<h3 class=\"wp-block-heading\"><strong>Pontifikalamt mit Bischof Wiesemann zum Jahresabschluss 2019 im Dom zu Speyer<\/strong><\/h3>\n\n\n\n<div class=\"wp-block-image\"><figure class=\"aligncenter\"><img decoding=\"async\" loading=\"lazy\" width=\"800\" height=\"533\" src=\"https:\/\/speyer24news.com\/wp-content\/uploads\/2020\/01\/Pontifikalamt_Jahresschluss-2-von-7.jpg\" alt=\"\" class=\"wp-image-23850\" srcset=\"https:\/\/speyer24news.com\/wp-content\/uploads\/2020\/01\/Pontifikalamt_Jahresschluss-2-von-7.jpg 800w, https:\/\/speyer24news.com\/wp-content\/uploads\/2020\/01\/Pontifikalamt_Jahresschluss-2-von-7-300x200.jpg 300w, https:\/\/speyer24news.com\/wp-content\/uploads\/2020\/01\/Pontifikalamt_Jahresschluss-2-von-7-768x512.jpg 768w\" sizes=\"(max-width: 800px) 100vw, 800px\" \/><figcaption>Musikalisch  gestaltet wurde der Gottesdienst vom M\u00e4dchenchor, den Domsingknaben, dem Domchor und den Dombl\u00e4sern unter Leitung von Domkapellmeister Markus Melchiori. <\/figcaption><\/figure><\/div>\n\n\n\n<p><strong>Speyer &#8211; <\/strong>Im Pontifikalamt zum Jahresschluss stellte Bischof Dr. Karl-Heinz Wiesemann die N\u00e4he Gottes zu den Menschen in den Mittelpunkt. Der Herr ziehe einen roten Faden durch unser Leben \u2013 auch, wenn wir es nicht wahrnehmen w\u00fcrden, sagte er. Der Gottesdienst, der wie gewohnt im Zeichen der R\u00fcckschau auf das alte und der Bitte um ein gutes neues Jahr stand, zog wieder hunderte Gl\u00e4ubige an, die den Dom ganz f\u00fcllten. Der Bischof riet der Gemeinde, auch all das Schwere mit in diese Messe am Silvester-Nachmittag zu bringen, das sie in diesem Jahr besch\u00e4ftigt hat.\u00a0 <\/p>\n\n\n\n<p>Wie sich Gottes N\u00e4he ausdr\u00fccken kann, machte Wiesemann in seiner Predigt anhand der Musik deutlich. Er beschwor die mystische Kraft von Melodien, die eine Verbindung zu Gott schaffen und Menschen auf ihrem Lebensweg begleiten, st\u00e4rken und W\u00fcrde verleihen. Er machte das an der bewegenden Lebensgeschichte der Musikerin Zuzana Ruzickova fest. Als M\u00e4dchen wurde die J\u00fcdin mit ihrer Mutter ins Konzentrationslager Auschwitz verschleppt. In der Hand hielt Zuzana einen Zettel, auf dem sie den Anfang ihres Lieblingsst\u00fcckes von Johann Sebastian Bach geschrieben hatte. Diesen Zettel gab sie nicht mehr her. Immer wenn sie auf den Zettel blickte, erklang die Musik in ihren Gedanken. <\/p>\n\n\n\n<div class=\"wp-block-image\"><figure class=\"aligncenter\"><img decoding=\"async\" loading=\"lazy\" width=\"800\" height=\"533\" src=\"https:\/\/speyer24news.com\/wp-content\/uploads\/2020\/01\/Pontifikalamt_Jahresschluss-4-von-7.jpg\" alt=\"\" class=\"wp-image-23851\" srcset=\"https:\/\/speyer24news.com\/wp-content\/uploads\/2020\/01\/Pontifikalamt_Jahresschluss-4-von-7.jpg 800w, https:\/\/speyer24news.com\/wp-content\/uploads\/2020\/01\/Pontifikalamt_Jahresschluss-4-von-7-300x200.jpg 300w, https:\/\/speyer24news.com\/wp-content\/uploads\/2020\/01\/Pontifikalamt_Jahresschluss-4-von-7-768x512.jpg 768w\" sizes=\"(max-width: 800px) 100vw, 800px\" \/><figcaption>Bischof Karl-Heinz Wiesemann bei der Predigt.<\/figcaption><\/figure><\/div>\n\n\n\n<p>Mutter und Tochter \u00fcberlebten Internierungen in drei\nweiteren Konzentrationslagern. W\u00e4hrend dieser Zeit habe die Musik Zuzana\naufrecht gehalten, berichtete Wiesemann. \u201eDie Nazis konnten ihr die Musik nicht\nstehlen.\u201c Offenbar habe die Musik eine viel gr\u00f6\u00dfere Kraft besessen als die\nH\u00f6lle der Konzentrationslager, \u00fcberlegte der Bischof. \u201eDie Musik Bachs hat ihr\ndas das Tor ge\u00f6ffnet zum Leben, zum \u00dcberleben.\u201c Die Musik habe Zuzana W\u00fcrde\nverliehen in einer Umgebung von jeglicher Entw\u00fcrdigung. <\/p>\n\n\n\n<p>Zuzana Ruzickovas Biografie tr\u00e4gt den Titel \u201eLebensfuge\u201c, den\nKarl-Heinz Wiesemann aufgriff. Heute, an Silvester, f\u00fcge sich ein Jahr ins\nandere, sagte er. Die Verg\u00e4nglichkeit des Lebens werde uns bewusst, aber auch,\ndass es etwas gibt, das bleibt: Musik, eine bestimmte Melodie. Diese\nLebensmelodie \u201em\u00fcssen wir immer wieder neu erlauschen\u201c. Jeder, der solch eine\nMelodie habe, werde ber\u00fchrt von der Mystik und Ordnung der Welt des Geistes, in\ndie dunkle M\u00e4chte nicht vordringen k\u00f6nnten. Diese Musik ber\u00fchre einen immer\nwieder, begleite einen und passe zu verschiedenen Ereignissen im Leben, weil die\nMusik so viele Dimensionen besitze. Damit zog er den Vergleich mit Gott, der\ndie Menschen ebenso begleite und immer da sei und \u00fcber alles hinausweist. <\/p>\n\n\n\n<p>Den Wunsch an die Gl\u00e4ubigen formulierte Bischof Wiesemann musikalisch mit dem Lied \u201eVon guten M\u00e4chten treu und still umgeben\u201c, das er gemeinsam mit den Gottesdienstbesuchern sang. Der evangelische Theologe und <a rel=\"noreferrer noopener\" href=\"https:\/\/deref-web-02.de\/mail\/client\/3_BB_E7haec\/dereferrer\/?redirectUrl=https%3A%2F%2Fde.wikipedia.org%2Fwiki%2FWiderstand_gegen_den_Nationalsozialismus\" target=\"_blank\">NS-Widerstandsk\u00e4mpfers<\/a> <a rel=\"noreferrer noopener\" href=\"https:\/\/deref-web-02.de\/mail\/client\/yiBEwYk12jE\/dereferrer\/?redirectUrl=https%3A%2F%2Fde.wikipedia.org%2Fwiki%2FDietrich_Bonhoeffer\" target=\"_blank\">Dietrich Bonhoeffer<\/a> hatte es dieses Lied 1944 in Gestapo-Haft geschrieben. Anschlie\u00dfend sprachen Bischof und Gemeinde das Glaubensbekenntnis. <\/p>\n\n\n\n<div class=\"wp-block-image\"><figure class=\"aligncenter\"><img decoding=\"async\" loading=\"lazy\" width=\"800\" height=\"533\" src=\"https:\/\/speyer24news.com\/wp-content\/uploads\/2020\/01\/Pontifikalamt_Jahresschluss-5-von-7.jpg\" alt=\"\" class=\"wp-image-23852\" srcset=\"https:\/\/speyer24news.com\/wp-content\/uploads\/2020\/01\/Pontifikalamt_Jahresschluss-5-von-7.jpg 800w, https:\/\/speyer24news.com\/wp-content\/uploads\/2020\/01\/Pontifikalamt_Jahresschluss-5-von-7-300x200.jpg 300w, https:\/\/speyer24news.com\/wp-content\/uploads\/2020\/01\/Pontifikalamt_Jahresschluss-5-von-7-768x512.jpg 768w\" sizes=\"(max-width: 800px) 100vw, 800px\" \/><figcaption>Die Gabenbereitung am Hochaltar zelebrierte Bischof Karl-Heinz Wiesemann (Mitte) mit Generalvikar Andreas Sturm (links) und Domkapitular Franz Vogelgesang (rechts).<\/figcaption><\/figure><\/div>\n\n\n\n<p>Am Ende der Eucharistiefeier richtete Wiesemann den Wunsch\nnach Frieden f\u00fcr jeden Einzelnen, f\u00fcr Familien, die Welt und die Kirche an\nGott. Gegen Ende des Pontifikalamtes am Jahresschluss wurde traditionell das\nAllerheiligste ausgesetzt und verehrt. Bevor sich der Bischof von der Gemeinde\nverabschiedete, dankte er allen, die an den Gottesdiensten im Dom mitwirken: darunter\ndie Dommusik, die Sakristane und Messdiener. <\/p>\n\n\n\n<p>Musikalisch gestaltet wurde der Gottesdienst vom M\u00e4dchenchor, den Domsingknaben, dem Domchor und den Dombl\u00e4sern. Unter anderem erklangen die Missa \u201eFidem cantemus\u201c von Christian M. Hei\u00df und \u201eAve Verum Corpus\u201c von Edward Elgar, zudem weihnachtliche Lieds\u00e4tze von R\u00fcding und Praetorius. Die Leitung \u00fcbernahm Domkapellmeister Markus Melchiori, die Orgel spielte Domorganist Markus Eichenlaub.<\/p>\n\n\n\n<p><em>Text und Fotos: Yvette Wagner<br>02.01.2020<\/em><\/p>\n","protected":false},"excerpt":{"rendered":"<div class=\"mh-excerpt\"><p>Musik als Ausdruck f\u00fcr Gottes N\u00e4he zu den Menschen Pontifikalamt mit Bischof Wiesemann zum Jahresabschluss 2019 im Dom zu Speyer Speyer &#8211; Im Pontifikalamt zum Jahresschluss stellte Bischof Dr. Karl-Heinz Wiesemann die N\u00e4he Gottes zu <a class=\"mh-excerpt-more\" href=\"https:\/\/speyer24news.com\/?p=23848\" title=\"Kirche\">[&#8230;]<\/a><\/p>\n<\/div>","protected":false},"author":3,"featured_media":0,"comment_status":"open","ping_status":"open","sticky":false,"template":"","format":"standard","meta":{"_monsterinsights_skip_tracking":false,"_monsterinsights_sitenote_active":false,"_monsterinsights_sitenote_note":"","_monsterinsights_sitenote_category":0,"footnotes":""},"categories":[120],"tags":[174,5139,121,4865,663,6],"aioseo_notices":[],"amp_enabled":true,"_links":{"self":[{"href":"https:\/\/speyer24news.com\/index.php?rest_route=\/wp\/v2\/posts\/23848"}],"collection":[{"href":"https:\/\/speyer24news.com\/index.php?rest_route=\/wp\/v2\/posts"}],"about":[{"href":"https:\/\/speyer24news.com\/index.php?rest_route=\/wp\/v2\/types\/post"}],"author":[{"embeddable":true,"href":"https:\/\/speyer24news.com\/index.php?rest_route=\/wp\/v2\/users\/3"}],"replies":[{"embeddable":true,"href":"https:\/\/speyer24news.com\/index.php?rest_route=%2Fwp%2Fv2%2Fcomments&post=23848"}],"version-history":[{"count":1,"href":"https:\/\/speyer24news.com\/index.php?rest_route=\/wp\/v2\/posts\/23848\/revisions"}],"predecessor-version":[{"id":23853,"href":"https:\/\/speyer24news.com\/index.php?rest_route=\/wp\/v2\/posts\/23848\/revisions\/23853"}],"wp:attachment":[{"href":"https:\/\/speyer24news.com\/index.php?rest_route=%2Fwp%2Fv2%2Fmedia&parent=23848"}],"wp:term":[{"taxonomy":"category","embeddable":true,"href":"https:\/\/speyer24news.com\/index.php?rest_route=%2Fwp%2Fv2%2Fcategories&post=23848"},{"taxonomy":"post_tag","embeddable":true,"href":"https:\/\/speyer24news.com\/index.php?rest_route=%2Fwp%2Fv2%2Ftags&post=23848"}],"curies":[{"name":"wp","href":"https:\/\/api.w.org\/{rel}","templated":true}]}}