{"id":23870,"date":"2020-01-03T08:11:34","date_gmt":"2020-01-03T07:11:34","guid":{"rendered":"https:\/\/speyer24news.com\/?p=23870"},"modified":"2020-01-03T08:11:35","modified_gmt":"2020-01-03T07:11:35","slug":"geschwindigkeitsmessung-blitzer-11","status":"publish","type":"post","link":"https:\/\/speyer24news.com\/?p=23870","title":{"rendered":"Geschwindigkeitsmessung \/ Blitzer"},"content":{"rendered":"<style type=\"text\/css\">\r\n\t.ads_top_disp{}\r\n\t.ads_top_corner_disp{ float:left; margin:0px 10px 10px 0px; }\r\n\t.ads_first_p_disp{}\r\n\t.ads_bottom_disp{}\r\n\t<\/style>\n<h2 class=\"wp-block-heading\">(Pr\u00e4sidiumsbereich Rheinpfalz) &#8211; Radarkontrollen des Polizeipr\u00e4sidiums Rheinpfalz f\u00fcr Januar 2020<\/h2>\n\n\n\n<div class=\"wp-block-image\"><figure class=\"aligncenter\"><img decoding=\"async\" src=\"https:\/\/speyer24news.com\/wp-content\/uploads\/2020\/01\/Radar.jpg\" alt=\"\" class=\"wp-image-23872\"\/><\/figure><\/div>\n\n\n\n<p>Im Bereich der <strong>Polizeidirektion Ludwigshafen<\/strong> finden wie folgt Kontrollen statt: <\/p>\n\n\n\n<ul><li>Donnerstag 09.01.2020 im Bereich Speyer<\/li><li>Montag 13.01.2020 im Bereich Schifferstadt<\/li><li>Mittwoch 15.01.2020 im Bereich Ludwigshafen<\/li><li>Montag 20.01.2020 im Bereich Frankenthal<\/li><\/ul>\n\n\n\n<p>Im Bereich der <strong>Polizeidirektion Landau<\/strong> finden wie folgt Kontrollen statt:<\/p>\n\n\n\n<ul><li>Freitag 03.01.2020 im Bereich W\u00f6rth<\/li><li>Dienstag 14.01.2020 im Bereich Landau<\/li><li>Dienstag 21.01.2020 im Bereich Hochstadt<\/li><li>Freitag 24.01.2020 im Bereich Edenkoben<\/li><\/ul>\n\n\n\n<p>Im Bereich der <strong>Polizeidirektion Neustadt<\/strong> finden wie folgt Kontrollen statt:<\/p>\n\n\n\n<ul><li>Mittwoch 08.01.2020 im Bereich Ha\u00dfloch<\/li><li>Donnerstag 16.01.2020 im Bereich der A6 bei Neuleinigen<\/li><li>Mittwoch 22.01.2020 im Bereich Bad D\u00fcrkheim<\/li><li>Dienstag 28.01.2020 im Bereich Neustadt<\/li><\/ul>\n\n\n\n<p>Die Polizei weist ausdr\u00fccklich darauf hin, dass Kontrollen auch au\u00dferhalb der genannten Zeiten und \u00d6rtlichkeiten stattfinden.<\/p>\n\n\n\n<p><em>Polizeipr\u00e4sidiums Rheinpfalz<br>03.01.2019<\/em><\/p>\n\n\n\n<h2 class=\"wp-block-heading\"><strong>Radarkontrollen f\u00fcr die Woche vom 6. Januar bis 12. Januar 2020<\/strong><\/h2>\n\n\n\n<div class=\"wp-block-image\"><figure class=\"aligncenter\"><img decoding=\"async\" src=\"https:\/\/speyer24news.com\/wp-content\/uploads\/2020\/01\/Radarkontrolle_1.jpg\" alt=\"\" class=\"wp-image-23873\"\/><\/figure><\/div>\n\n\n\n<p><strong>(Ludwigshafen) &#8211; <\/strong>Die Stadt Ludwigshafen nimmt in folgenden Stadtteilen Radarkontrollen vor.<\/p>\n\n\n\n<ul><li>Montag, 6. Januar: S\u00fcd, Rheing\u00f6nheim und West<\/li><li>Dienstag, 7. Januar: Friesenheim, Nord und Oppau<\/li><li>Mittwoch, 8. Januar: Pfingstweide, Edigheim und Oggersheim<\/li><li>Donnerstag, 9. Januar: Mitte, Mundenheim und S\u00fcd<\/li><li>Freitag, 10. Januar: Gartenstadt, Maudach und Friesenheim<\/li><\/ul>\n\n\n\n<p>Kurzfristige \u00c4nderungen beh\u00e4lt sich der Bereich Stra\u00dfenverkehr vor. Kontrollen k\u00f6nnen auch kurzfristig an anderen Stellen stattfinden.<\/p>\n\n\n\n<p><em>Stadt Ludwigshafen am Rhein<br>03.01.2019<\/em><\/p>\n\n\n\n<h2 class=\"wp-block-heading\">Geschwindigkeitskontrollen die Woche vom 7. bis 10. Januar<\/h2>\n\n\n\n<div class=\"wp-block-image\"><figure class=\"aligncenter\"><img decoding=\"async\" loading=\"lazy\" width=\"640\" height=\"497\" src=\"https:\/\/speyer24news.com\/wp-content\/uploads\/2020\/01\/Kontrolle-BaW\u00fc.jpg\" alt=\"\" class=\"wp-image-23874\" srcset=\"https:\/\/speyer24news.com\/wp-content\/uploads\/2020\/01\/Kontrolle-BaW\u00fc.jpg 640w, https:\/\/speyer24news.com\/wp-content\/uploads\/2020\/01\/Kontrolle-BaW\u00fc-300x233.jpg 300w\" sizes=\"(max-width: 640px) 100vw, 640px\" \/><\/figure><\/div>\n\n\n\n<p><strong>(Mannheim) &#8211; <\/strong>Die Stadt Mannheim f\u00fchrt vom 7. bis 10. Januar in folgenden Stra\u00dfen Radarkontrollen durch:<\/p>\n\n\n\n<ul><li> Alphornstra\u00dfe (Neckarschule)<\/li><li> Belfortstra\u00dfe (Wilhelm-Wundt-Schule)<\/li><li> B\u00fcrgermeister-Fuchs-Stra\u00dfe<\/li><li> Dammstra\u00dfe<\/li><li> Ernst-Barlach-Allee (Johann-Peter-Hebel-Schule)<\/li><li> Gartenfeldstra\u00dfe (Humboldtschule)<\/li><li> Grete-Fleischmann-Stra\u00dfe<\/li><li> Gustav-Seitz-Stra\u00dfe<\/li><li> Hans-Thoma-Stra\u00dfe<\/li><li> Harrlachweg<\/li><li> Herzogenriedstra\u00dfe<\/li><li> Karl-Ladenburg-Stra\u00dfe<\/li><li> Langstra\u00dfe (verkehrsberuhigter Bereich)<\/li><li> Luisenstra\u00dfe (Schillerschule)<\/li><li> Lutherstra\u00dfe (verkehrsberuhigter Bereich)<\/li><li> Mallaustra\u00dfe<\/li><li> Neckarauer Stra\u00dfe<\/li><li> Rheingoldstra\u00dfe<\/li><\/ul>\n\n\n\n<p>Kurzfristige \u00c4nderungen oder zus\u00e4tzliche Messstellen sind aus aktuellem Anlass m\u00f6glich.<\/p>\n\n\n\n<p><em>Stadt Mannheim<br>03.01.2019<\/em><\/p>\n","protected":false},"excerpt":{"rendered":"<div class=\"mh-excerpt\"><p>(Pr\u00e4sidiumsbereich Rheinpfalz) &#8211; Radarkontrollen des Polizeipr\u00e4sidiums Rheinpfalz f\u00fcr Januar 2020 Im Bereich der Polizeidirektion Ludwigshafen finden wie folgt Kontrollen statt: Donnerstag 09.01.2020 im Bereich Speyer Montag 13.01.2020 im Bereich Schifferstadt Mittwoch 15.01.2020 im Bereich Ludwigshafen <a class=\"mh-excerpt-more\" href=\"https:\/\/speyer24news.com\/?p=23870\" title=\"Geschwindigkeitsmessung \/ Blitzer\">[&#8230;]<\/a><\/p>\n<\/div>","protected":false},"author":3,"featured_media":0,"comment_status":"open","ping_status":"open","sticky":false,"template":"","format":"standard","meta":{"_monsterinsights_skip_tracking":false,"_monsterinsights_sitenote_active":false,"_monsterinsights_sitenote_note":"","_monsterinsights_sitenote_category":0,"footnotes":""},"categories":[64],"tags":[19,5148,4822,4817,5149,4228,947,5146,4820,4815,5147,779,5152,4821,4816,5153,227,17,949,5150,4818,4813,5151,1310,948],"aioseo_notices":[],"amp_enabled":true,"_links":{"self":[{"href":"https:\/\/speyer24news.com\/index.php?rest_route=\/wp\/v2\/posts\/23870"}],"collection":[{"href":"https:\/\/speyer24news.com\/index.php?rest_route=\/wp\/v2\/posts"}],"about":[{"href":"https:\/\/speyer24news.com\/index.php?rest_route=\/wp\/v2\/types\/post"}],"author":[{"embeddable":true,"href":"https:\/\/speyer24news.com\/index.php?rest_route=\/wp\/v2\/users\/3"}],"replies":[{"embeddable":true,"href":"https:\/\/speyer24news.com\/index.php?rest_route=%2Fwp%2Fv2%2Fcomments&post=23870"}],"version-history":[{"count":1,"href":"https:\/\/speyer24news.com\/index.php?rest_route=\/wp\/v2\/posts\/23870\/revisions"}],"predecessor-version":[{"id":23875,"href":"https:\/\/speyer24news.com\/index.php?rest_route=\/wp\/v2\/posts\/23870\/revisions\/23875"}],"wp:attachment":[{"href":"https:\/\/speyer24news.com\/index.php?rest_route=%2Fwp%2Fv2%2Fmedia&parent=23870"}],"wp:term":[{"taxonomy":"category","embeddable":true,"href":"https:\/\/speyer24news.com\/index.php?rest_route=%2Fwp%2Fv2%2Fcategories&post=23870"},{"taxonomy":"post_tag","embeddable":true,"href":"https:\/\/speyer24news.com\/index.php?rest_route=%2Fwp%2Fv2%2Ftags&post=23870"}],"curies":[{"name":"wp","href":"https:\/\/api.w.org\/{rel}","templated":true}]}}