{"id":23886,"date":"2020-01-03T08:28:24","date_gmt":"2020-01-03T07:28:24","guid":{"rendered":"https:\/\/speyer24news.com\/?p=23886"},"modified":"2020-01-03T08:28:25","modified_gmt":"2020-01-03T07:28:25","slug":"kirche-43","status":"publish","type":"post","link":"https:\/\/speyer24news.com\/?p=23886","title":{"rendered":"Kirche"},"content":{"rendered":"<style type=\"text\/css\">\r\n\t.ads_top_disp{}\r\n\t.ads_top_corner_disp{ float:left; margin:0px 10px 10px 0px; }\r\n\t.ads_first_p_disp{}\r\n\t.ads_bottom_disp{}\r\n\t<\/style>\n<h2 class=\"wp-block-heading\"><strong>Pontifikalamt an Dreik\u00f6nig<\/strong><\/h2>\n\n\n\n<h3 class=\"wp-block-heading\"><strong>Gottesdienst mit Weihbischof Georgens im Dom zu Speyer<\/strong><\/h3>\n\n\n\n<div class=\"wp-block-image\"><figure class=\"aligncenter\"><img decoding=\"async\" loading=\"lazy\" width=\"640\" height=\"500\" src=\"https:\/\/speyer24news.com\/wp-content\/uploads\/2020\/01\/Weihbischof-Otto-Georgens.jpg\" alt=\"\" class=\"wp-image-23888\" srcset=\"https:\/\/speyer24news.com\/wp-content\/uploads\/2020\/01\/Weihbischof-Otto-Georgens.jpg 640w, https:\/\/speyer24news.com\/wp-content\/uploads\/2020\/01\/Weihbischof-Otto-Georgens-300x234.jpg 300w\" sizes=\"(max-width: 640px) 100vw, 640px\" \/><\/figure><\/div>\n\n\n\n<p><strong>Speyer &#8211; <\/strong>Zum &#8222;Fest der Erscheinung des Herrn&#8220; wird am Montag, 6. Januar 2020,  dem Dreik\u00f6nigstag, um 10 Uhr im Speyerer Dom ein Pontifikalamt gefeiert.  Zelebrant und Prediger ist Weihbischof Otto Georgens. Musikalisch wird  die Messe von der Capella Spirensis vocale e instrumentale gestaltet.<\/p>\n\n\n\n<p>Die Orgel spielt Domorganist Markus Eichenlaub.<\/p>\n\n\n\n<p>Das  Fest der Erscheinung des Herrn &#8211; nach dem Griechischen auch Epiphanie  genannt &#8211; geh\u00f6rt zu den Hochfesten in der katholischen Kirche. Es  beschlie\u00dft zusammen mit dem Fest der Taufe des Herrn am nachfolgenden  Sonntag den Weihnachtsfestkreis. Der Name besagt, dass in Jesus Christus  Gott selbst in der Welt erschienen ist. In den Gottesdiensten dieses  Tages wird das Evangelium von den Sterndeutern aus dem Osten gelesen,  die sich von einem Stern zu dem neu geborenen Jesuskind in Betlehem  f\u00fchren lie\u00dfen und ihm huldigten. Bezugnehmend auf ihre Gaben Gold,  Weihrauch und Myrrhe machte die sp\u00e4tere \u00dcberlieferung aus den  Sterndeutern drei K\u00f6nige. Nach ihnen wurde das Fest auch Dreik\u00f6nigstag  genannt.\u00a0\u00a0 <\/p>\n\n\n\n<p><em>Bistum Speyer<br>03.01.2019<\/em><\/p>\n\n\n\n<h2 class=\"wp-block-heading\"><strong>\u201eChristus segne dieses Haus\u201c<\/strong><\/h2>\n\n\n\n<h3 class=\"wp-block-heading\"><strong>Sternsinger  sind in den Pfarreien des Bistums Speyer wieder unterwegs \u2013 Rund 4.000  Kinder und Jugendliche engagieren sich in der Pfalz und im  Saarpfalzkreis f\u00fcr die Sternsinger-Aktion<\/strong><\/h3>\n\n\n\n<div class=\"wp-block-image\"><figure class=\"aligncenter\"><img decoding=\"async\" loading=\"lazy\" width=\"500\" height=\"707\" src=\"https:\/\/speyer24news.com\/wp-content\/uploads\/2020\/01\/Aktionsplakat.jpg\" alt=\"\" class=\"wp-image-23887\" srcset=\"https:\/\/speyer24news.com\/wp-content\/uploads\/2020\/01\/Aktionsplakat.jpg 500w, https:\/\/speyer24news.com\/wp-content\/uploads\/2020\/01\/Aktionsplakat-212x300.jpg 212w\" sizes=\"(max-width: 500px) 100vw, 500px\" \/><\/figure><\/div>\n\n\n\n<p><strong>Speyer &#8211; <\/strong>In diesen Tagen sind rund 4.000 Kinder und Jugendliche als Sternsinger  im Bistum Speyer unterwegs. Sie bringen ihren Segen &#8222;Christus mansionem  benedicat &#8211; Christus segne dieses Haus&#8220; in die H\u00e4user. \u201eSegen bringen,  Segen sein. Frieden! Im Libanon und weltweit\u201c hei\u00dft das Motto der  diesj\u00e4hrigen Aktion, bei der sich die Sternsinger besonders f\u00fcr Frieden  in aller Welt einsetzen werden. Das Beispielland ist der Libanon. <\/p>\n\n\n\n<p>\u201eWie\n in jedem Jahr finden sich begeisterte Kinder und Jugendliche, die sich \nbewusst mit ihrem Engagement bei der Aktion f\u00fcr benachteiligte Kinder \neinsetzen und so auch Vorbild f\u00fcr viele Erwachsene sein k\u00f6nnen. Sch\u00f6n an\n der Aktion ist auch, dass die Gruppen auch konfessionsverbindend sind. \nF\u00fcr die Engagierten z\u00e4hlt hier zuerst die Tat und dann vielleicht die \nFrage nach dem je eigenen Glauben\u201c, res\u00fcmiert Pfarrer Ralf Feix vom \nReferat Ministrantenseelsorge \u00fcber das starke Engagement der Kinder und \nJugendlichen.<\/p>\n\n\n\n<p>Die\n Aktion Dreik\u00f6nigssingen ist die gr\u00f6\u00dfte Solidarit\u00e4tsaktion von Kindern \nf\u00fcr Kinder weltweit. Sie erinnert an die Heiligen Drei K\u00f6nige, die sich \nvor 2.000 Jahren auf den Weg nach Betlehem gemacht haben, um Jesus zu \nfinden. <\/p>\n\n\n\n<p>Tr\u00e4ger der Aktion Dreik\u00f6nigssingen sind\n das Kindermissionswerk \u201aDie Sternsinger\u2018 und der Bund der Deutschen \nKatholischen Jugend (BDKJ). Seit ihrem Start 1959 hat sich die Aktion \nzur weltweit gr\u00f6\u00dften Solidarit\u00e4tsaktion von Kindern f\u00fcr Kinder \nentwickelt. Rund 1,14 Milliarden Euro wurden seither gesammelt, mehr als\n 74.400 Projekte und Hilfsprogramme f\u00fcr Kinder in Afrika, Lateinamerika,\n Asien, Ozeanien und Osteuropa unterst\u00fctzt. <\/p>\n\n\n\n<p>Bei\n der 61. Aktion zum Jahresbeginn 2019 hatten die M\u00e4dchen und Jungen aus \n10.226 Pfarrgemeinden, Schulen und Kinderg\u00e4rten rund 50,2 Millionen Euro\n gesammelt. Die Sternsingerinnen und Sternsinger aus dem Bistum Speyer \nhatten dazu rund 1,36 Millionen Euro beigetragen. Mit den Mitteln \nf\u00f6rdert die Aktion Dreik\u00f6nigssingen weltweit Projekte in den Bereichen \nBildung, Gesundheit, Pastoral, Ern\u00e4hrung, soziale Integration und \nNothilfe. <\/p>\n\n\n\n<h4 class=\"wp-block-heading\"><strong>Terminhinweise &#8211; Sternsingerempf\u00e4nge:<\/strong><\/h4>\n\n\n\n<p>Am <strong>Montag, 6. Januar 2020<\/strong>,16 Uhr findet der Empfang f\u00fcr Sternsingerinnen und Sternsinger aus dem Saarland in der <strong>Staatskanzlei Saarbr\u00fccken<\/strong> statt.<\/p>\n\n\n\n<p>Am <strong>Dienstag, 7. Januar 2020,<\/strong>\n um 11 Uhr, vertreten vier Kinder aus der katholischen Pfarrgemeinde Hl.\n Pirminius in Contwig, das Bistum Speyer beim Sternsinger-Empfang von \nBundeskanzlerin Angela Merkel in <strong>Berlin<\/strong>. <\/p>\n\n\n\n<p>Am <strong>Donnerstag, 09. Januar 2020<\/strong>, 15 Uhr werden Sternsingerinnen und Sternsinger aus Rheinland-Pfalz in der <strong>Staatskanzlei Mainz<\/strong> empfangen.<\/p>\n\n\n\n<h4 class=\"wp-block-heading\"><strong>Sternsinger-Dankfeier am 11. Januar in Speyer<\/strong><\/h4>\n\n\n\n<p>Am  11. Januar 2020 findet eine Sternsinger-Dankfeier in Speyer statt. Ab  10.30 Uhr musikalischer Auftakt vor dem Dom; Kreativ-Workshops,  Gottesdienst mit Weihbischof Otto Georgens.<\/p>\n\n\n\n<p><em>Bistum Speyer<br>03.01.2019<\/em><\/p>\n","protected":false},"excerpt":{"rendered":"<div class=\"mh-excerpt\"><p>Pontifikalamt an Dreik\u00f6nig Gottesdienst mit Weihbischof Georgens im Dom zu Speyer Speyer &#8211; Zum &#8222;Fest der Erscheinung des Herrn&#8220; wird am Montag, 6. Januar 2020, dem Dreik\u00f6nigstag, um 10 Uhr im Speyerer Dom ein Pontifikalamt <a class=\"mh-excerpt-more\" href=\"https:\/\/speyer24news.com\/?p=23886\" title=\"Kirche\">[&#8230;]<\/a><\/p>\n<\/div>","protected":false},"author":3,"featured_media":0,"comment_status":"open","ping_status":"open","sticky":false,"template":"","format":"standard","meta":{"_monsterinsights_skip_tracking":false,"_monsterinsights_sitenote_active":false,"_monsterinsights_sitenote_note":"","_monsterinsights_sitenote_category":0,"footnotes":""},"categories":[120],"tags":[174,5159,5155,121,663,4870,5156,5157,5158,1410],"aioseo_notices":[],"amp_enabled":true,"_links":{"self":[{"href":"https:\/\/speyer24news.com\/index.php?rest_route=\/wp\/v2\/posts\/23886"}],"collection":[{"href":"https:\/\/speyer24news.com\/index.php?rest_route=\/wp\/v2\/posts"}],"about":[{"href":"https:\/\/speyer24news.com\/index.php?rest_route=\/wp\/v2\/types\/post"}],"author":[{"embeddable":true,"href":"https:\/\/speyer24news.com\/index.php?rest_route=\/wp\/v2\/users\/3"}],"replies":[{"embeddable":true,"href":"https:\/\/speyer24news.com\/index.php?rest_route=%2Fwp%2Fv2%2Fcomments&post=23886"}],"version-history":[{"count":1,"href":"https:\/\/speyer24news.com\/index.php?rest_route=\/wp\/v2\/posts\/23886\/revisions"}],"predecessor-version":[{"id":23890,"href":"https:\/\/speyer24news.com\/index.php?rest_route=\/wp\/v2\/posts\/23886\/revisions\/23890"}],"wp:attachment":[{"href":"https:\/\/speyer24news.com\/index.php?rest_route=%2Fwp%2Fv2%2Fmedia&parent=23886"}],"wp:term":[{"taxonomy":"category","embeddable":true,"href":"https:\/\/speyer24news.com\/index.php?rest_route=%2Fwp%2Fv2%2Fcategories&post=23886"},{"taxonomy":"post_tag","embeddable":true,"href":"https:\/\/speyer24news.com\/index.php?rest_route=%2Fwp%2Fv2%2Ftags&post=23886"}],"curies":[{"name":"wp","href":"https:\/\/api.w.org\/{rel}","templated":true}]}}