{"id":23899,"date":"2020-01-03T08:48:47","date_gmt":"2020-01-03T07:48:47","guid":{"rendered":"https:\/\/speyer24news.com\/?p=23899"},"modified":"2020-01-03T08:48:49","modified_gmt":"2020-01-03T07:48:49","slug":"stadtnotizen-verkehrsnotizen-aus-speyer-5","status":"publish","type":"post","link":"https:\/\/speyer24news.com\/?p=23899","title":{"rendered":"Stadtnotizen &#038; Verkehrsnotizen aus Speyer"},"content":{"rendered":"<style type=\"text\/css\">\r\n\t.ads_top_disp{}\r\n\t.ads_top_corner_disp{ float:left; margin:0px 10px 10px 0px; }\r\n\t.ads_first_p_disp{}\r\n\t.ads_bottom_disp{}\r\n\t<\/style>\n<h1 class=\"wp-block-heading\" style=\"text-align:center\">Verkehrsnotizen<\/h1>\n\n\n\n<div class=\"wp-block-image\"><figure class=\"aligncenter\"><img decoding=\"async\" loading=\"lazy\" width=\"800\" height=\"565\" src=\"https:\/\/speyer24news.com\/wp-content\/uploads\/2020\/01\/Baustelle-2.jpg\" alt=\"\" class=\"wp-image-23900\" srcset=\"https:\/\/speyer24news.com\/wp-content\/uploads\/2020\/01\/Baustelle-2.jpg 800w, https:\/\/speyer24news.com\/wp-content\/uploads\/2020\/01\/Baustelle-2-300x212.jpg 300w, https:\/\/speyer24news.com\/wp-content\/uploads\/2020\/01\/Baustelle-2-768x542.jpg 768w\" sizes=\"(max-width: 800px) 100vw, 800px\" \/><\/figure><\/div>\n\n\n\n<h2 class=\"wp-block-heading\"><strong>Verkehrslenkungsma\u00dfnahmen am 6. Januar 2020\n<\/strong><\/h2>\n\n\n\n<p>Der\n Feiertag \u201eHeilige Drei K\u00f6nige\u201c am 6. Januar lockt allj\u00e4hrlich viele \nBesucher*innen aus dem benachbarten\n Baden-W\u00fcrttemberg zu einem Einkaufsbummel oder zum Besuch des \nNeujahrsmarktes nach Speyer. Erfahrungsgem\u00e4\u00df ist daher mit \nVerkehrsbeeintr\u00e4chtigungen zu rechnen. Polizei und Stadtverwaltung \nversuchen, diese durch gezielten Personaleinsatz so gering wie m\u00f6glich\n zu halten. Jedoch k\u00f6nnen l\u00e4ngere Wartezeiten bei der Abfahrt von den \nParkpl\u00e4tzen und auf den Stra\u00dfenz\u00fcgen nicht ausgeschlossen werden. Die \nPolizei und Stadtverwaltung bitten daher, m\u00f6glichst mit dem \u00f6ffentlichen\n Personennahverkehr anzureisen.<\/p>\n\n\n\n<p>Je nach Fu\u00dfg\u00e4ngeraufkommen wird es auch notwendig sein, den Domplatz f\u00fcr den motorisierten Individualverkehr\n teilweise zu sperren. <\/p>\n\n\n\n<p>Den  Parkplatzsuchenden stehen an diesem Tage \u00fcber 3.000 Stellpl\u00e4tze zur  Verf\u00fcgung. Ferner wird der Park-Such-Verkehr  \u00fcber das Parkleitsystem auch zu den innenstadtnahen Parkh\u00e4usern  M\u00fchlturmpassage\/Postgalerie, Heydenreichstra\u00dfe\/Kaufhof und Kornmarkt  gef\u00fchrt. <\/p>\n\n\n\n<p><em>Stadt Speyer<br>03.01.2019<\/em><\/p>\n","protected":false},"excerpt":{"rendered":"<div class=\"mh-excerpt\"><p>Verkehrsnotizen Verkehrslenkungsma\u00dfnahmen am 6. Januar 2020 Der Feiertag \u201eHeilige Drei K\u00f6nige\u201c am 6. Januar lockt allj\u00e4hrlich viele Besucher*innen aus dem benachbarten Baden-W\u00fcrttemberg zu einem Einkaufsbummel oder zum Besuch des Neujahrsmarktes nach Speyer. Erfahrungsgem\u00e4\u00df ist daher <a class=\"mh-excerpt-more\" href=\"https:\/\/speyer24news.com\/?p=23899\" title=\"Stadtnotizen &#038; Verkehrsnotizen aus Speyer\">[&#8230;]<\/a><\/p>\n<\/div>","protected":false},"author":3,"featured_media":23902,"comment_status":"open","ping_status":"open","sticky":false,"template":"","format":"standard","meta":{"_monsterinsights_skip_tracking":false,"_monsterinsights_sitenote_active":false,"_monsterinsights_sitenote_note":"","_monsterinsights_sitenote_category":0,"footnotes":""},"categories":[47],"tags":[6,5175,1114],"aioseo_notices":[],"amp_enabled":true,"_links":{"self":[{"href":"https:\/\/speyer24news.com\/index.php?rest_route=\/wp\/v2\/posts\/23899"}],"collection":[{"href":"https:\/\/speyer24news.com\/index.php?rest_route=\/wp\/v2\/posts"}],"about":[{"href":"https:\/\/speyer24news.com\/index.php?rest_route=\/wp\/v2\/types\/post"}],"author":[{"embeddable":true,"href":"https:\/\/speyer24news.com\/index.php?rest_route=\/wp\/v2\/users\/3"}],"replies":[{"embeddable":true,"href":"https:\/\/speyer24news.com\/index.php?rest_route=%2Fwp%2Fv2%2Fcomments&post=23899"}],"version-history":[{"count":1,"href":"https:\/\/speyer24news.com\/index.php?rest_route=\/wp\/v2\/posts\/23899\/revisions"}],"predecessor-version":[{"id":23903,"href":"https:\/\/speyer24news.com\/index.php?rest_route=\/wp\/v2\/posts\/23899\/revisions\/23903"}],"wp:featuredmedia":[{"embeddable":true,"href":"https:\/\/speyer24news.com\/index.php?rest_route=\/wp\/v2\/media\/23902"}],"wp:attachment":[{"href":"https:\/\/speyer24news.com\/index.php?rest_route=%2Fwp%2Fv2%2Fmedia&parent=23899"}],"wp:term":[{"taxonomy":"category","embeddable":true,"href":"https:\/\/speyer24news.com\/index.php?rest_route=%2Fwp%2Fv2%2Fcategories&post=23899"},{"taxonomy":"post_tag","embeddable":true,"href":"https:\/\/speyer24news.com\/index.php?rest_route=%2Fwp%2Fv2%2Ftags&post=23899"}],"curies":[{"name":"wp","href":"https:\/\/api.w.org\/{rel}","templated":true}]}}