{"id":23916,"date":"2020-01-04T12:56:14","date_gmt":"2020-01-04T11:56:14","guid":{"rendered":"https:\/\/speyer24news.com\/?p=23916"},"modified":"2020-01-08T16:31:26","modified_gmt":"2020-01-08T15:31:26","slug":"landau-und-kreis-ld-11","status":"publish","type":"post","link":"https:\/\/speyer24news.com\/?p=23916","title":{"rendered":"Landau und Kreis LD"},"content":{"rendered":"<style type=\"text\/css\">\r\n\t.ads_top_disp{}\r\n\t.ads_top_corner_disp{ float:left; margin:0px 10px 10px 0px; }\r\n\t.ads_first_p_disp{}\r\n\t.ads_bottom_disp{}\r\n\t<\/style>\n<h2 class=\"wp-block-heading\">Landauer Vornamen-Hitliste 2019: Emma zum dritten Mal in Folge auf Platz 1 \u2013 Paul l\u00f6st Spitzenreiter Elias ab \u2013 Greta klettert von Platz 35 auf Rang 5<\/h2>\n\n\n\n<div class=\"wp-block-image\"><figure class=\"aligncenter\"><img decoding=\"async\" loading=\"lazy\" width=\"800\" height=\"533\" src=\"https:\/\/speyer24news.com\/wp-content\/uploads\/2020\/01\/Info-002a-Vornamen.jpg\" alt=\"\" class=\"wp-image-23919\" srcset=\"https:\/\/speyer24news.com\/wp-content\/uploads\/2020\/01\/Info-002a-Vornamen.jpg 800w, https:\/\/speyer24news.com\/wp-content\/uploads\/2020\/01\/Info-002a-Vornamen-300x200.jpg 300w, https:\/\/speyer24news.com\/wp-content\/uploads\/2020\/01\/Info-002a-Vornamen-768x512.jpg 768w\" sizes=\"(max-width: 800px) 100vw, 800px\" \/><figcaption> Vornamen-Hitliste 2019: Emma und Paul waren im vergangenen Jahr die beliebtesten Vornamen f\u00fcr in Landau geborene Kinder.<\/figcaption><\/figure><\/div>\n\n\n\n<p>Emma und Paul waren 2019 die beliebtesten Vornamen\nf\u00fcr in Landau geborene Kinder. Das geht aus der Jahresstatistik hervor, die das\nst\u00e4dtische Standesamt jetzt vorgelegt hat. Emma wurde wie schon im vergangenen\nJahr 17 Mal beurkundet; der Name Paul wurde 15 Mal vergeben. Auf den Pl\u00e4tzen\nfolgen bei den M\u00e4dchen Ella (15 Beurkundungen) und Mia (13 Beurkundungen); bei\nden Jungen Finn (11 Beurkundungen) sowie Anton, David und Jakob (je 10\nBeurkundungen). <\/p>\n\n\n\n<p>Emma konnte den Spitzenplatz aus dem Vorjahr\nverteidigen. Damit ist der traditionelle Name bereits zum dritten Mal in Folge\nauf Platz 1 unter den beliebtesten M\u00e4dchennamen, nachdem er 2017 erstmals den\nlangj\u00e4hrigen Favoriten Marie entthronte. Weitere beliebte M\u00e4dchennamen in der\naktuellen Statistik f\u00fcr das Jahr 2019 waren Mia mit 13 Beurkundungen, Lina mit\n12 Beurkundungen, Lena und Marie mit je 8 Beurkundungen, Emilia und Leonie mit\nsieben Beurkundungen sowie Elisa, Elli, Frieda, Johanna, Klara, Lara, Lea und\nNele mit je sechs Beurkundungen. <\/p>\n\n\n\n<p>Einen besonderen Sprung hat Greta gemacht: Anders\nals im Bundestrend, in dem der Vorname unver\u00e4ndert auf Platz 30 rangiert,\nkletterte er in Landau von Platz 35 auf Rang 5 und wurde 2019 insgesamt neunmal\nvergeben; 2018 nur dreimal. <\/p>\n\n\n\n<p>Nur je einmal im Ranking finden sich seltene Namen\nwie Albina, Apostolia, Elouise, Hermine, Hedda, Juno, Lila, Mauricia, Ofeli und\nThorvi. <\/p>\n\n\n\n<p>Bei den Jungen konnte Paul den Vornamen Elias vom\nThron sto\u00dfen. W\u00e4hrend Elias im Vorjahr noch 17 Mal vergeben wurde, konnte das\nLandauer Standesamt 2019 gerade einmal sechs Beurkundungen verzeichnen. 2019\nbeliebt waren Emil und Levi mit je neun Beurkundungen, die Vornamen Ben,\nJonathan und Leon, die jeweils achtmal vergeben wurden, sowie Felix, Julian,\nLuis, Samuel und Theo mit je sieben Beurkundungen. Nur je einmal in der\nStatistik tauchen etwa Anis und Ariel, Azad-Edmund, Falko, Haider, Romeo,\nSirius, Tudor und Wotan-Joris auf. Im Finaljahr der Erfolgsserie \u201eGame of\nThrones\u201c findet sich au\u00dferdem der Vorname Jon erstmals in den Top 100 der\nLandauer Vornamen wieder. Der Name des Serienhelden Jon Snow wurde 2019 gleich\nzweimal vergeben.<\/p>\n\n\n\n<p>Welche Vornamen erlaubt sind und welche nicht, ist klar geregelt. Das Standesamt pr\u00fcft auf verschiedenen Wegen, ob es den gew\u00fcnschten Namen als Vornamen bereits gibt. Wird es nicht f\u00fcndig, liegt die Nachweispflicht bei den Eltern. K\u00f6nnen auch diese den gew\u00fcnschten Namen nicht als bekannt nachweisen, ergeht eine Anfrage an die Namensberatungsstellen der Uni Leipzig, der Gesellschaft f\u00fcr deutsche Sprache oder \u2013 bei ausl\u00e4ndischen Staatsb\u00fcrgerinnen und Staatsb\u00fcrgern \u2013 des jeweiligen Konsulats. Kann der Name als vorhanden nachgewiesen werden, wird er auch beurkundet.<\/p>\n\n\n\n<p><em>Stadt Landau in der Pfalz<br>04.01.2020<\/em><\/p>\n\n\n\n<h2 class=\"wp-block-heading\">Gro\u00dfe Stimmen beim Landauer Neujahrsempfang: OB Hirsch l\u00e4dt zu gemeinsamem Jahresauftakt mit musikalischer Begleitung von Nora Brandenburger und dem Gospelchor Good News am Sonntag, 12. Januar 2020<\/h2>\n\n\n\n<div class=\"wp-block-image\"><figure class=\"aligncenter\"><img decoding=\"async\" loading=\"lazy\" width=\"800\" height=\"533\" src=\"https:\/\/speyer24news.com\/wp-content\/uploads\/2020\/01\/Info-001a-Neujahrsempfang.jpg\" alt=\"\" class=\"wp-image-23917\" srcset=\"https:\/\/speyer24news.com\/wp-content\/uploads\/2020\/01\/Info-001a-Neujahrsempfang.jpg 800w, https:\/\/speyer24news.com\/wp-content\/uploads\/2020\/01\/Info-001a-Neujahrsempfang-300x200.jpg 300w, https:\/\/speyer24news.com\/wp-content\/uploads\/2020\/01\/Info-001a-Neujahrsempfang-768x512.jpg 768w\" sizes=\"(max-width: 800px) 100vw, 800px\" \/><figcaption> Gemeinsamer Start ins neue Jahr: Landaus OB Thomas Hirsch l\u00e4dt am  Sonntag, 12. Januar 2020, zum traditionellen Neujahrsempfang in die  Jugendstil-Festhalle. (<em>Foto: Stadt Landau in der Pfalz<\/em>) <\/figcaption><\/figure><\/div>\n\n\n\n<p>Das wird stimmgewaltig: F\u00fcr seinen Neujahrsempfang\nam Sonntag, 12. Januar, hat Landaus Oberb\u00fcrgermeister Thomas Hirsch die S\u00e4ngerin\nNora Brandenburger verpflichtet. Die K\u00fcnstlerin, die durch ihre Teilnahme an\nder 8. Staffel der TV-Show The Voice of Germany \u00fcberregionale Bekanntheit\nerlangte und in diesem Jahr mehr als 15.000 Besucherinnen und Besucher beim\nGerman Bowl begeisterte, wird das Publikum in der Jugendstil-Festhalle mit\nsanften Balladen und groovigen Soul-St\u00fccken unterhalten. Ebenfalls mit von der\nPartie: Der Landauer Chor Good News, der 2019 sein 25-j\u00e4hriges Jubil\u00e4um feierte\nund die G\u00e4ste mit mitrei\u00dfenden Gospelst\u00fccken auf das neue Jahr einstimmen wird.\n<\/p>\n\n\n\n<p>Der OB l\u00e4dt alle B\u00fcrgerinnen und B\u00fcrger schon jetzt\nzu der traditionellen Veranstaltung am Jahresbeginn ein. Der Neujahrsempfang\nbeginnt um 18 Uhr; Einlass ist bereits ab 17 Uhr. Der Eintritt ist wie immer\nfrei. <\/p>\n\n\n\n<p>Herzst\u00fcck der Veranstaltung ist die Neujahrsansprache des Oberb\u00fcrgermeisters, in der der Stadtchef das zur\u00fcckliegende Jahr Revue passieren l\u00e4sst und einen Ausblick auf 2020 gibt. 2019 war in Landau das Jahr der Kommunalwahlen, Stadtrat und Stadtvorstand erhielten ein neues Gesicht bzw. neue Gesichter, OB Hirsch wurde in den Vorstand des rheinland-pf\u00e4lzischen St\u00e4dtetags gew\u00e4hlt, in Landau selbst gingen die \u00f6konomische, \u00f6kologische und soziale Stadtentwicklung weiter Hand in Hand und das Thema Klimaschutz r\u00fcckte dabei noch st\u00e4rker in den Mittelpunkt. \u201e2020 gilt es, die wichtigen Zukunftsthemen, die unsere Stadt derzeit besch\u00e4ftigen, konsequent weiterzuverfolgen und gemeinsam daran zu arbeiten, Landau f\u00fcr die Menschen noch lebenswerter zu machen\u201c, so Hirsch.<\/p>\n\n\n\n<div class=\"wp-block-image\"><figure class=\"aligncenter\"><img decoding=\"async\" loading=\"lazy\" width=\"800\" height=\"600\" src=\"https:\/\/speyer24news.com\/wp-content\/uploads\/2020\/01\/Foto-Mikro-schwarz_zugeschnitten.jpg\" alt=\"\" class=\"wp-image-23955\" srcset=\"https:\/\/speyer24news.com\/wp-content\/uploads\/2020\/01\/Foto-Mikro-schwarz_zugeschnitten.jpg 800w, https:\/\/speyer24news.com\/wp-content\/uploads\/2020\/01\/Foto-Mikro-schwarz_zugeschnitten-300x225.jpg 300w, https:\/\/speyer24news.com\/wp-content\/uploads\/2020\/01\/Foto-Mikro-schwarz_zugeschnitten-768x576.jpg 768w, https:\/\/speyer24news.com\/wp-content\/uploads\/2020\/01\/Foto-Mikro-schwarz_zugeschnitten-678x509.jpg 678w, https:\/\/speyer24news.com\/wp-content\/uploads\/2020\/01\/Foto-Mikro-schwarz_zugeschnitten-326x245.jpg 326w, https:\/\/speyer24news.com\/wp-content\/uploads\/2020\/01\/Foto-Mikro-schwarz_zugeschnitten-80x60.jpg 80w\" sizes=\"(max-width: 800px) 100vw, 800px\" \/><figcaption> S\u00e4ngerin Nora Brandenburger beigestert das Publikum beim Neujahrsempfang<\/figcaption><\/figure><\/div>\n\n\n\n<p>Weiteres Highlight: Beim Neujahrsempfang stellt\nsich erstmals das Spendenprojekt #1 vor. Bei der Aktion haben sich mehrere\nLandauer Unternehmerinnen und Unternehmer zusammengeschlossen, um sich\ngemeinsam f\u00fcr eine gute Sache einzusetzen. Jeden Monat \u00fcbernimmt ein\nUnternehmen die Patenschaft f\u00fcr eine gemeinn\u00fctzige Organisation bzw. ein\nHilfsprojekt. Wer sich an der Aktion beteiligen m\u00f6chte, kann ab Januar einen\nEuro in eine wandernde #1-Holzbox spenden, die jeden Monat zum jeweiligen\nPatenunternehmen wechselt. \u201eEine tolle Initiative, bei der der Zusammenhalt\nunter den Landauer Einzelh\u00e4ndlerinnen und -h\u00e4ndlern nicht nur der Einkaufsstadt\nLandau zugutekommt, sondern auch gleich zw\u00f6lf Projekten in unserer Stadt\u201c,\nbetont der OB. <\/p>\n\n\n\n<p>Der Stadtchef verspricht einen kurzweiligen, modernen und garantiert kein bisschen \u201esteifen\u201c Abend. \u201eIch freue mich auf die Veranstaltung und die Gespr\u00e4che mit den B\u00fcrgerinnen und B\u00fcrgern und w\u00fcnsche mir, dass viele Menschen aus Landau und Umgebung meiner Einladung folgen\u201c, so Hirsch. Im Anschluss an den offiziellen Teil der Veranstaltung findet im Foyer der Jugendstil-Festhalle ein Empfang in ungezwungener Atmosph\u00e4re statt, bei dem Weine aus den Landauer Stadtd\u00f6rfern ausgeschenkt werden. Zudem stellen dabei auch in diesem Jahr der Freundeskreis Ruhango-Kigoma und die Freunde des Hauses zum Maulbeerbaum sich und ihre ehrenamtliche Arbeit vor. <\/p>\n\n\n\n<p><em>Text: Stadt Landau in der Pfalz Foto: (1) Stadt Landau; (2) Nora Brandenburger <br>04.01.2020<\/em><\/p>\n","protected":false},"excerpt":{"rendered":"<div class=\"mh-excerpt\"><p>Landauer Vornamen-Hitliste 2019: Emma zum dritten Mal in Folge auf Platz 1 \u2013 Paul l\u00f6st Spitzenreiter Elias ab \u2013 Greta klettert von Platz 35 auf Rang 5 Emma und Paul waren 2019 die beliebtesten Vornamen <a class=\"mh-excerpt-more\" href=\"https:\/\/speyer24news.com\/?p=23916\" title=\"Landau und Kreis LD\">[&#8230;]<\/a><\/p>\n<\/div>","protected":false},"author":3,"featured_media":23857,"comment_status":"open","ping_status":"open","sticky":false,"template":"","format":"standard","meta":{"_monsterinsights_skip_tracking":false,"_monsterinsights_sitenote_active":false,"_monsterinsights_sitenote_note":"","_monsterinsights_sitenote_category":0,"footnotes":""},"categories":[675],"tags":[58,2962,4952,1771,5183],"aioseo_notices":[],"amp_enabled":true,"_links":{"self":[{"href":"https:\/\/speyer24news.com\/index.php?rest_route=\/wp\/v2\/posts\/23916"}],"collection":[{"href":"https:\/\/speyer24news.com\/index.php?rest_route=\/wp\/v2\/posts"}],"about":[{"href":"https:\/\/speyer24news.com\/index.php?rest_route=\/wp\/v2\/types\/post"}],"author":[{"embeddable":true,"href":"https:\/\/speyer24news.com\/index.php?rest_route=\/wp\/v2\/users\/3"}],"replies":[{"embeddable":true,"href":"https:\/\/speyer24news.com\/index.php?rest_route=%2Fwp%2Fv2%2Fcomments&post=23916"}],"version-history":[{"count":2,"href":"https:\/\/speyer24news.com\/index.php?rest_route=\/wp\/v2\/posts\/23916\/revisions"}],"predecessor-version":[{"id":23956,"href":"https:\/\/speyer24news.com\/index.php?rest_route=\/wp\/v2\/posts\/23916\/revisions\/23956"}],"wp:featuredmedia":[{"embeddable":true,"href":"https:\/\/speyer24news.com\/index.php?rest_route=\/wp\/v2\/media\/23857"}],"wp:attachment":[{"href":"https:\/\/speyer24news.com\/index.php?rest_route=%2Fwp%2Fv2%2Fmedia&parent=23916"}],"wp:term":[{"taxonomy":"category","embeddable":true,"href":"https:\/\/speyer24news.com\/index.php?rest_route=%2Fwp%2Fv2%2Fcategories&post=23916"},{"taxonomy":"post_tag","embeddable":true,"href":"https:\/\/speyer24news.com\/index.php?rest_route=%2Fwp%2Fv2%2Ftags&post=23916"}],"curies":[{"name":"wp","href":"https:\/\/api.w.org\/{rel}","templated":true}]}}