{"id":23936,"date":"2020-01-04T14:02:17","date_gmt":"2020-01-04T13:02:17","guid":{"rendered":"https:\/\/speyer24news.com\/?p=23936"},"modified":"2020-01-04T14:02:18","modified_gmt":"2020-01-04T13:02:18","slug":"kirche-44","status":"publish","type":"post","link":"https:\/\/speyer24news.com\/?p=23936","title":{"rendered":"Kirche"},"content":{"rendered":"<style type=\"text\/css\">\r\n\t.ads_top_disp{}\r\n\t.ads_top_corner_disp{ float:left; margin:0px 10px 10px 0px; }\r\n\t.ads_first_p_disp{}\r\n\t.ads_bottom_disp{}\r\n\t<\/style>\n<h2 class=\"wp-block-heading\"><strong>Cantate Domino zum Ende der Weihnachtszeit<\/strong><\/h2>\n\n\n\n<h3 class=\"wp-block-heading\"><strong>Dommusik Speyer l\u00e4dt zu Konzert am 11. Januar ein<\/strong><\/h3>\n\n\n\n<div class=\"wp-block-image\"><figure class=\"aligncenter\"><img decoding=\"async\" loading=\"lazy\" width=\"800\" height=\"600\" src=\"https:\/\/speyer24news.com\/wp-content\/uploads\/2020\/01\/IMG_20191203_195148.jpg\" alt=\"\" class=\"wp-image-23937\" srcset=\"https:\/\/speyer24news.com\/wp-content\/uploads\/2020\/01\/IMG_20191203_195148.jpg 800w, https:\/\/speyer24news.com\/wp-content\/uploads\/2020\/01\/IMG_20191203_195148-300x225.jpg 300w, https:\/\/speyer24news.com\/wp-content\/uploads\/2020\/01\/IMG_20191203_195148-768x576.jpg 768w, https:\/\/speyer24news.com\/wp-content\/uploads\/2020\/01\/IMG_20191203_195148-678x509.jpg 678w, https:\/\/speyer24news.com\/wp-content\/uploads\/2020\/01\/IMG_20191203_195148-326x245.jpg 326w, https:\/\/speyer24news.com\/wp-content\/uploads\/2020\/01\/IMG_20191203_195148-80x60.jpg 80w\" sizes=\"(max-width: 800px) 100vw, 800px\" \/><\/figure><\/div>\n\n\n\n<p><strong>Speyer &#8211; <\/strong>Im liturgischen Kalender endet die Weihnachtszeit am Sonntag nach dem Dreik\u00f6nigstag mit dem Fest \u201eTaufe des Herrn\u201c. Die Dommusik Speyer m\u00f6chte den Weihnachtsfestkreis aus diesem Grund in einem Konzert der Reihe Cantate Domino am kommenden <strong>Samstag, 11. Januar 2020 um 18 Uhr<\/strong> beschlie\u00dfen. Der Eintritt zum Konzert ist frei, um eine Spende am Ausgang wird gebeten.\u00a0<\/p>\n\n\n\n<div class=\"wp-block-image\"><figure class=\"aligncenter\"><img decoding=\"async\" loading=\"lazy\" width=\"800\" height=\"600\" src=\"https:\/\/speyer24news.com\/wp-content\/uploads\/2020\/01\/IMG_20191203_195348.jpg\" alt=\"\" class=\"wp-image-23938\" srcset=\"https:\/\/speyer24news.com\/wp-content\/uploads\/2020\/01\/IMG_20191203_195348.jpg 800w, https:\/\/speyer24news.com\/wp-content\/uploads\/2020\/01\/IMG_20191203_195348-300x225.jpg 300w, https:\/\/speyer24news.com\/wp-content\/uploads\/2020\/01\/IMG_20191203_195348-768x576.jpg 768w, https:\/\/speyer24news.com\/wp-content\/uploads\/2020\/01\/IMG_20191203_195348-678x509.jpg 678w, https:\/\/speyer24news.com\/wp-content\/uploads\/2020\/01\/IMG_20191203_195348-326x245.jpg 326w, https:\/\/speyer24news.com\/wp-content\/uploads\/2020\/01\/IMG_20191203_195348-80x60.jpg 80w\" sizes=\"(max-width: 800px) 100vw, 800px\" \/><\/figure><\/div>\n\n\n\n<p>Unter der \u00dcberschrift \u201eCantate Domino zum Ende der Adventszeit: O du  fr\u00f6hliche \u2026\u201c\u00a0 l\u00e4dt die Dommusik am Samstag, 11. Januar, 18 Uhr zum  Zuh\u00f6ren und mitsingen in den Dom ein. Es erklingt festliche Chor-,  Bl\u00e4ser- und Orgelmusik von Praetorius, Saint-Sa\u00ebns, Rutter, Edmundsson u.a. Gesungen  und gespielt vom M\u00e4dchenchor am Dom, den Domsingknaben, dem Domchor,  der Schola Cantorum Saliensis, den Dombl\u00e4sern und Domorganist Markus  Eichenlaub. Alle Besucherinnen und Besucher sind eingeladen, viele bekannte  Weihnachtslieder, eingebettet in Liedarrangements f\u00fcr Gemeinde Chor, Orgel und Bl\u00e4ser, mitzusingen und sich bereits auf das kommende Weihnachtsfest zu freuen. <\/p>\n\n\n\n<div class=\"wp-block-image\"><figure class=\"aligncenter\"><img decoding=\"async\" loading=\"lazy\" width=\"1024\" height=\"504\" src=\"https:\/\/speyer24news.com\/wp-content\/uploads\/2020\/01\/IMG_20191228_143128-1024x504.jpg\" alt=\"\" class=\"wp-image-23939\" srcset=\"https:\/\/speyer24news.com\/wp-content\/uploads\/2020\/01\/IMG_20191228_143128-1024x504.jpg 1024w, https:\/\/speyer24news.com\/wp-content\/uploads\/2020\/01\/IMG_20191228_143128-300x148.jpg 300w, https:\/\/speyer24news.com\/wp-content\/uploads\/2020\/01\/IMG_20191228_143128-768x378.jpg 768w, https:\/\/speyer24news.com\/wp-content\/uploads\/2020\/01\/IMG_20191228_143128.jpg 1200w\" sizes=\"(max-width: 1024px) 100vw, 1024px\" \/><\/figure><\/div>\n\n\n\n<p>Wer f\u00fcr sich die Weihnachtszeit noch etwas verl\u00e4ngern m\u00f6chte, kann sich die Musik auch mit nach Hause nehmen: Auf der neuen CD \u201ePuer natus\u201c der Dommusik Speyer sind festliche Arrangements bekannter Advents- und Weihnachtslieder versammelt, die beim Konzert am 11. Januar live im Dom  erklingen werden. Darunter Klassiker \u201eMacht hoch die T\u00fcr\u201c, \u201eNun freut  euch, ihr Christen\u201c oder \u201eO du fr\u00f6hliche\u201c unter Beteiligung aller  Chorgruppen sowie der Dombl\u00e4ser und des Domorganisten. Dazu erklingen  instrumentale Versionen tradierter Melodien wie beispielsweise \u201eVom  Himmel hoch\u201c oder \u201eIn dulci jubilo\u201c. Auch der M\u00e4dchenchor und die  Domsingknaben sind mit zwei St\u00fccken alleine zu h\u00f6ren. Einige weniger  bekannte Motetten von Felix Mendelssohn Bartholdy gesungen vom Domchor sowie ein Wiegenlied f\u00fcr Sopran und Orgel von Max Reger sind als besondere musikalische Leckerbissen mit vertreten. Die Aufnahmen f\u00fcr die CD fanden w\u00e4hrend einiger lauer Sommern\u00e4chte im Dom statt.<\/p>\n\n\n\n<div class=\"wp-block-image\"><figure class=\"aligncenter\"><img decoding=\"async\" loading=\"lazy\" width=\"500\" height=\"500\" src=\"https:\/\/speyer24news.com\/wp-content\/uploads\/2019\/11\/Cover_Puer_Natus_PRK-_800x800.jpg\" alt=\"\" class=\"wp-image-22341\" srcset=\"https:\/\/speyer24news.com\/wp-content\/uploads\/2019\/11\/Cover_Puer_Natus_PRK-_800x800.jpg 500w, https:\/\/speyer24news.com\/wp-content\/uploads\/2019\/11\/Cover_Puer_Natus_PRK-_800x800-150x150.jpg 150w, https:\/\/speyer24news.com\/wp-content\/uploads\/2019\/11\/Cover_Puer_Natus_PRK-_800x800-300x300.jpg 300w\" sizes=\"(max-width: 500px) 100vw, 500px\" \/><\/figure><\/div>\n\n\n\n<p>Die CD ist zum Preis von 17 Euro in der Dom-Info erh\u00e4ltlich. Bestellungen  zzgl. 2 Euro Versandkosten nimmt die Dommusik per Mail an  <a href=\"dommusik@bistum-speyer.de\">dommusik@bistum-speyer.de<\/a> entgegen. Zum Download oder Streaming ist das Album in den g\u00e4ngigen Onlineportalen (iTunes, Spotify, Deezer, Amazon Music etc.) verf\u00fcgbar. Das Booklet sowie H\u00f6rbeispiele sind auf der  <a href=\"https:\/\/www.dom-zu-speyer.de\/dommusik\/medien\/cds\/\">Website der Dommusik Speyer<\/a> abrufbar.<\/p>\n\n\n\n<p><em>Text: Bistum Speyer Foto: Speyer 24\/7 News, dak<br>04.01.2020<\/em><\/p>\n","protected":false},"excerpt":{"rendered":"<div class=\"mh-excerpt\"><p>Cantate Domino zum Ende der Weihnachtszeit Dommusik Speyer l\u00e4dt zu Konzert am 11. Januar ein Speyer &#8211; Im liturgischen Kalender endet die Weihnachtszeit am Sonntag nach dem Dreik\u00f6nigstag mit dem Fest \u201eTaufe des Herrn\u201c. Die <a class=\"mh-excerpt-more\" href=\"https:\/\/speyer24news.com\/?p=23936\" title=\"Kirche\">[&#8230;]<\/a><\/p>\n<\/div>","protected":false},"author":3,"featured_media":0,"comment_status":"open","ping_status":"open","sticky":false,"template":"","format":"standard","meta":{"_monsterinsights_skip_tracking":false,"_monsterinsights_sitenote_active":false,"_monsterinsights_sitenote_note":"","_monsterinsights_sitenote_category":0,"footnotes":""},"categories":[120],"tags":[174,407,5192,408,121,5191],"aioseo_notices":[],"amp_enabled":true,"_links":{"self":[{"href":"https:\/\/speyer24news.com\/index.php?rest_route=\/wp\/v2\/posts\/23936"}],"collection":[{"href":"https:\/\/speyer24news.com\/index.php?rest_route=\/wp\/v2\/posts"}],"about":[{"href":"https:\/\/speyer24news.com\/index.php?rest_route=\/wp\/v2\/types\/post"}],"author":[{"embeddable":true,"href":"https:\/\/speyer24news.com\/index.php?rest_route=\/wp\/v2\/users\/3"}],"replies":[{"embeddable":true,"href":"https:\/\/speyer24news.com\/index.php?rest_route=%2Fwp%2Fv2%2Fcomments&post=23936"}],"version-history":[{"count":1,"href":"https:\/\/speyer24news.com\/index.php?rest_route=\/wp\/v2\/posts\/23936\/revisions"}],"predecessor-version":[{"id":23940,"href":"https:\/\/speyer24news.com\/index.php?rest_route=\/wp\/v2\/posts\/23936\/revisions\/23940"}],"wp:attachment":[{"href":"https:\/\/speyer24news.com\/index.php?rest_route=%2Fwp%2Fv2%2Fmedia&parent=23936"}],"wp:term":[{"taxonomy":"category","embeddable":true,"href":"https:\/\/speyer24news.com\/index.php?rest_route=%2Fwp%2Fv2%2Fcategories&post=23936"},{"taxonomy":"post_tag","embeddable":true,"href":"https:\/\/speyer24news.com\/index.php?rest_route=%2Fwp%2Fv2%2Ftags&post=23936"}],"curies":[{"name":"wp","href":"https:\/\/api.w.org\/{rel}","templated":true}]}}