{"id":23972,"date":"2020-01-08T17:26:37","date_gmt":"2020-01-08T16:26:37","guid":{"rendered":"https:\/\/speyer24news.com\/?p=23972"},"modified":"2020-01-08T17:26:38","modified_gmt":"2020-01-08T16:26:38","slug":"verschiedenes-6","status":"publish","type":"post","link":"https:\/\/speyer24news.com\/?p=23972","title":{"rendered":"Verschiedenes"},"content":{"rendered":"<style type=\"text\/css\">\r\n\t.ads_top_disp{}\r\n\t.ads_top_corner_disp{ float:left; margin:0px 10px 10px 0px; }\r\n\t.ads_first_p_disp{}\r\n\t.ads_bottom_disp{}\r\n\t<\/style>\n<h2 class=\"wp-block-heading\"><strong>Stunde der Winterv\u00f6gel<\/strong><\/h2>\n\n\n\n<div class=\"wp-block-image\"><figure class=\"aligncenter\"><img decoding=\"async\" loading=\"lazy\" width=\"800\" height=\"265\" src=\"https:\/\/speyer24news.com\/wp-content\/uploads\/2020\/01\/Stunde-der-Winterv\u00f6gel.png\" alt=\"\" class=\"wp-image-23973\" srcset=\"https:\/\/speyer24news.com\/wp-content\/uploads\/2020\/01\/Stunde-der-Winterv\u00f6gel.png 800w, https:\/\/speyer24news.com\/wp-content\/uploads\/2020\/01\/Stunde-der-Winterv\u00f6gel-300x99.png 300w, https:\/\/speyer24news.com\/wp-content\/uploads\/2020\/01\/Stunde-der-Winterv\u00f6gel-768x254.png 768w\" sizes=\"(max-width: 800px) 100vw, 800px\" \/><\/figure><\/div>\n\n\n\n<p><strong>Speyer &#8211; <\/strong>Zur &#8222;Stunde der Winterv\u00f6gel&#8220; l\u00e4dt die BUND-Kreisgruppe  Speyer\u00a0Interessierte\u00a0am <strong>Sonntag, 12. Januar 2020<\/strong>, um 10:00 Uhr in den Woogbachpark ein. Treffpunkt ist Kreuzung Friedrich-Ebert-\/Eugen-J\u00e4ger-Stra\u00dfe.<\/p>\n\n\n\n<p>Gemeinsam werden eine Stunde lang die dort vorkommenden V\u00f6gel beobachtet und gez\u00e4hlt.\u00a0Das Angebot ist auch\u00a0f\u00fcr Familien geeignet. Ein eigenes\u00a0Fernglas oder eine Kamera mit Zoom k\u00f6nnen hilfreich sein. <\/p>\n\n\n\n<p>Weitere Infos unter:\u00a0<a rel=\"noreferrer noopener\" href=\"https:\/\/deref-web-02.de\/mail\/client\/qYYiazkfLCk\/dereferrer\/?redirectUrl=https%3A%2F%2Fwww.nabu.de%2Ftiere-und-pflanzen%2Faktionen-und-projekte%2Fstunde-der-wintervoegel%2Findex.html\" target=\"_blank\">https:\/\/www.nabu.de\/tiere-und-pflanzen\/aktionen-und-projekte\/stunde-der-wintervoegel\/index.html<\/a><\/p>\n\n\n\n<p><em>Text: BUND \u2013 KG Speyer, Angela Sachweh Foto: NABU<br>08.01.2020<\/em><\/p>\n","protected":false},"excerpt":{"rendered":"<div class=\"mh-excerpt\"><p>Stunde der Winterv\u00f6gel Speyer &#8211; Zur &#8222;Stunde der Winterv\u00f6gel&#8220; l\u00e4dt die BUND-Kreisgruppe Speyer\u00a0Interessierte\u00a0am Sonntag, 12. Januar 2020, um 10:00 Uhr in den Woogbachpark ein. Treffpunkt ist Kreuzung Friedrich-Ebert-\/Eugen-J\u00e4ger-Stra\u00dfe. Gemeinsam werden eine Stunde lang die dort <a class=\"mh-excerpt-more\" href=\"https:\/\/speyer24news.com\/?p=23972\" title=\"Verschiedenes\">[&#8230;]<\/a><\/p>\n<\/div>","protected":false},"author":3,"featured_media":0,"comment_status":"open","ping_status":"open","sticky":false,"template":"","format":"standard","meta":{"_monsterinsights_skip_tracking":false,"_monsterinsights_sitenote_active":false,"_monsterinsights_sitenote_note":"","_monsterinsights_sitenote_category":0,"footnotes":""},"categories":[1453],"tags":[1055,5207,5206,6,5205,5204],"aioseo_notices":[],"amp_enabled":true,"_links":{"self":[{"href":"https:\/\/speyer24news.com\/index.php?rest_route=\/wp\/v2\/posts\/23972"}],"collection":[{"href":"https:\/\/speyer24news.com\/index.php?rest_route=\/wp\/v2\/posts"}],"about":[{"href":"https:\/\/speyer24news.com\/index.php?rest_route=\/wp\/v2\/types\/post"}],"author":[{"embeddable":true,"href":"https:\/\/speyer24news.com\/index.php?rest_route=\/wp\/v2\/users\/3"}],"replies":[{"embeddable":true,"href":"https:\/\/speyer24news.com\/index.php?rest_route=%2Fwp%2Fv2%2Fcomments&post=23972"}],"version-history":[{"count":1,"href":"https:\/\/speyer24news.com\/index.php?rest_route=\/wp\/v2\/posts\/23972\/revisions"}],"predecessor-version":[{"id":23974,"href":"https:\/\/speyer24news.com\/index.php?rest_route=\/wp\/v2\/posts\/23972\/revisions\/23974"}],"wp:attachment":[{"href":"https:\/\/speyer24news.com\/index.php?rest_route=%2Fwp%2Fv2%2Fmedia&parent=23972"}],"wp:term":[{"taxonomy":"category","embeddable":true,"href":"https:\/\/speyer24news.com\/index.php?rest_route=%2Fwp%2Fv2%2Fcategories&post=23972"},{"taxonomy":"post_tag","embeddable":true,"href":"https:\/\/speyer24news.com\/index.php?rest_route=%2Fwp%2Fv2%2Ftags&post=23972"}],"curies":[{"name":"wp","href":"https:\/\/api.w.org\/{rel}","templated":true}]}}