{"id":23975,"date":"2020-01-08T17:52:06","date_gmt":"2020-01-08T16:52:06","guid":{"rendered":"https:\/\/speyer24news.com\/?p=23975"},"modified":"2020-01-08T17:53:55","modified_gmt":"2020-01-08T16:53:55","slug":"wirtschaft-finanzen-33","status":"publish","type":"post","link":"https:\/\/speyer24news.com\/?p=23975","title":{"rendered":"Wirtschaft &#038; Finanzen"},"content":{"rendered":"<style type=\"text\/css\">\r\n\t.ads_top_disp{}\r\n\t.ads_top_corner_disp{ float:left; margin:0px 10px 10px 0px; }\r\n\t.ads_first_p_disp{}\r\n\t.ads_bottom_disp{}\r\n\t<\/style>\n<h1 class=\"wp-block-heading\" style=\"text-align:center\">Stadtwerke Speyer \/ Bademaxx<\/h1>\n\n\n\n<div class=\"wp-block-image\"><figure class=\"aligncenter\"><img decoding=\"async\" src=\"https:\/\/speyer24news.com\/wp-content\/uploads\/2020\/01\/SWS-Logo-1024x356.jpg\" alt=\"\" class=\"wp-image-23865\"\/><\/figure><\/div>\n\n\n\n<h2 class=\"wp-block-heading\">Weihnachtsbaumentsorgung<\/h2>\n\n\n\n<div class=\"wp-block-image\"><figure class=\"aligncenter\"><img decoding=\"async\" src=\"https:\/\/speyer24news.com\/wp-content\/uploads\/2019\/12\/Weihnachtsbaum-1.jpg\" alt=\"\" class=\"wp-image-23486\"\/><figcaption><strong>Weihnachtsb\u00e4ume werden nur komplett ungeschm\u00fcckt eingesammelt!<\/strong><\/figcaption><\/figure><\/div>\n\n\n\n<p>Die EBS\/SWS sammeln in der Woche ab <strong>Montag, 13. Januar 2020<\/strong>, jeweils am regul\u00e4ren M\u00fcll- und Wertstoff-Abfuhrtag die Tannenb\u00e4ume ein.<\/p>\n\n\n\n<p>Der Baum muss zum Termin 6 Uhr morgens frei von Weihnachtsschmuck am Stra\u00dfenrand bereitliegen. Bitte nicht im Vorgarten hinterm Zaun aufstellen \u2013 dort wird er im D\u00e4mmerlicht eventuell nicht als Entsorgungsgut erkannt. Exemplare mit einem Stammdurchmesser \u00fcber 10 Zentimeter und L\u00e4ngen gr\u00f6\u00dfer 2,30 Meter k\u00f6nnen nicht verladen werden. Gegebenenfalls teilen!<\/p>\n\n\n\n<p><em>Text: Stadtwerke Speyer GmbH \/ Bademaxx Foto: Speyer 24\/7 News, dak<br>08.01.2020<\/em><\/p>\n\n\n\n<h2 class=\"wp-block-heading\">Neue Aqua-Power-Kurse im bademaxx<\/h2>\n\n\n\n<div class=\"wp-block-image\"><figure class=\"aligncenter\"><img decoding=\"async\" loading=\"lazy\" width=\"800\" height=\"533\" src=\"https:\/\/speyer24news.com\/wp-content\/uploads\/2020\/01\/AdobeStock_67869947.jpg\" alt=\"\" class=\"wp-image-23977\" srcset=\"https:\/\/speyer24news.com\/wp-content\/uploads\/2020\/01\/AdobeStock_67869947.jpg 800w, https:\/\/speyer24news.com\/wp-content\/uploads\/2020\/01\/AdobeStock_67869947-300x200.jpg 300w, https:\/\/speyer24news.com\/wp-content\/uploads\/2020\/01\/AdobeStock_67869947-768x512.jpg 768w\" sizes=\"(max-width: 800px) 100vw, 800px\" \/><\/figure><\/div>\n\n\n\n<p><strong>Speyer \/ Bademaxx &#8211;<\/strong> Mitte Januar beginnen im bademaxx zwei neuer Aqua-Power-Kurse:&nbsp; <\/p>\n\n\n\n<ul><li>Start: 17.01.2020, 17:30 und 18:30 Uhr<\/li><li>Umfang: 10 Termine <\/li><li>Dauer: 45 Minuten<\/li><li>Kursgeb\u00fchr: 110 Euro<\/li><li>Infos und Anmeldung online: <a rel=\"noreferrer noopener\" href=\"https:\/\/deref-web-02.de\/mail\/client\/-cUSlBd1Igk\/dereferrer\/?redirectUrl=http%3A%2F%2Fwww.bademaxx.de%2FKursanmeldung\" target=\"_blank\"> www.bademaxx.de\/Kursanmeldung<\/a><\/li><\/ul>\n\n\n\n<p>Aqua Power ist ein Bewegungssport im brusttiefen  Wasser zur allgemeinen Steigerung von Fitness und Gelenkigkeit. Das  dynamische Training wird mit verschiedenen Aqua Fitness-Hilfsmitteln  durchgef\u00fchrt. Aqua-Power ist f\u00fcr Jung und Alt geeignet,  verbessert Ausdauer und Muskelkraft und st\u00e4rkt somit das Wohlbefinden.<\/p>\n\n\n\n<div class=\"wp-block-image\"><figure class=\"aligncenter\"><img decoding=\"async\" src=\"https:\/\/speyer24news.com\/wp-content\/uploads\/2019\/11\/Bademaxx.jpg\" alt=\"\" class=\"wp-image-22527\"\/><\/figure><\/div>\n\n\n\n<p><strong>bademaxx \u2013 Das Sport- und Erlebnisbad in Speyer<\/strong><br>Geibstra\u00dfe 3<br>67346 Speyer<br>Tel 06232\/625-1500<br><a href=\"http:\/\/www.bademaxx.de\">www.bademaxx.de<\/a><\/p>\n\n\n\n<p><em>Text: Stadtwerke Speyer GmbH \/ Bademaxx Foto: AdobeStock<br>08.01.2020<\/em><\/p>\n\n\n\n<h1 class=\"wp-block-heading\" style=\"text-align:center\">Bundesagentur f\u00fcr Arbeit<\/h1>\n\n\n\n<div class=\"wp-block-image\"><figure class=\"aligncenter\"><img decoding=\"async\" src=\"https:\/\/speyer24news.com\/wp-content\/uploads\/2019\/11\/Agentur-f\u00fcr-Arbeit-1.png\" alt=\"\" class=\"wp-image-22542\"\/><\/figure><\/div>\n\n\n\n<h2 class=\"wp-block-heading\">Jahresr\u00fcckblick 2019<\/h2>\n\n\n\n<h3 class=\"wp-block-heading\">Robuste Arbeitsmarktentwicklung trotz schwacher Konjunktur<\/h3>\n\n\n\n<p><strong>N\u00fcrnberg \/ Deutschland &#8211;<\/strong> \u201eDer Arbeitsmarkt hat sich im Jahr 2019 weiterhin robust gezeigt. Trotz schw\u00e4cherer Konjunktur haben Arbeitslosigkeit und Unterbesch\u00e4ftigung im Jahresdurchschnitt 2019 abgenommen; die Besch\u00e4ftigung ist erneut gestiegen.&#8220;, sagte der Vorstandsvorsitzende der Bundesagentur f\u00fcr Arbeit (BA), Detlef Scheele,  am 03.01.2020 anl\u00e4sslich der monatlichen Pressekonferenz in N\u00fcrnberg.<\/p>\n\n\n\n<ul><li>Arbeitslosenzahl im Jahr 2019: 2.267.000<\/li><li>Arbeitslosenzahl im Vorjahresvergleich: -73.000<\/li><li>Arbeitslosenquote gegen\u00fcber Vorjahr: -0,2 Prozentpunkte auf 5,0 Prozent<\/li><\/ul>\n\n\n\n<h4 class=\"wp-block-heading\">Arbeitslosigkeit und Unterbesch\u00e4ftigung<\/h4>\n\n\n\n<p>Dank der guten Entwicklung auf dem Arbeitsmarkt bis in das erste Jahresdrittel 2019 haben Arbeitslosigkeit und Unterbesch\u00e4ftigung jahresdurchschnittlich weiter abgenommen. Im weiteren Jahresverlauf wirkten die schw\u00e4chere Konjunktur sowie ein Sondereffekt aufgrund von Pr\u00fcfaktivit\u00e4ten des Arbeitslosenstatus einer weiteren positiven Entwicklung entgegen.<br>Im Jahresdurchschnitt 2019 waren in Deutschland 2.267.000 Menschen arbeitslos gemeldet. Damit reduzierte sich die Zahl im Vergleich zum Vorjahr um 73.000.<br>Die Unterbesch\u00e4ftigung, die auch Personen in Ma\u00dfnahmen der Arbeitsmarktpolitik und in kurzfristiger Arbeitsunf\u00e4higkeit mitz\u00e4hlt, belief sich 2019 durchschnittlich auf 3.200.000 Personen. Das waren 85.000 weniger als im Vorjahr.<\/p>\n\n\n\n<h4 class=\"wp-block-heading\">Erwerbst\u00e4tigkeit und sozialversicherungspflichtige Besch\u00e4ftigung<\/h4>\n\n\n\n<p>Erwerbst\u00e4tigkeit und sozialversicherungspflichtige Besch\u00e4ftigung haben 2019 weiter zugenommen, allerdings nicht mehr so stark wie in den Jahren zuvor. Besonders in den konjunkturabh\u00e4ngigen Branchen hat die Dynamik nachgelassen, w\u00e4hrend konjunkturunabh\u00e4ngige Wirtschaftszweige weiter deutliche Zuw\u00e4chse verzeichnen. Faktoren wie der sektorale Wandel, eine hohe Arbeitsmarktanspannung und Zuwanderung haben an Bedeutung gewonnen, so dass sowohl Erwerbst\u00e4tigkeit als auch sozialversicherungspflichtige Besch\u00e4ftigung trotz schwacher Konjunktur weiter wachsen. Nach vorl\u00e4ufigen Angaben des Statistischen Bundesamtes ist die Erwerbst\u00e4tigkeit im Jahresdurchschnitt um 402.000 auf 45,26 Mio. gestiegen.<br>Wie schon in den Vorjahren hat die sozialversicherungspflichtige Besch\u00e4ftigung 2019 st\u00e4rker zugenommen als die Erwerbst\u00e4tigkeit. Im Juni 2019 waren 33,41 Mio. Arbeitnehmer sozialversicherungspflichtig besch\u00e4ftigt. Das waren 705.000 mehr als ein Jahr davor. Sonstige Formen der Erwerbst\u00e4tigkeit, z.B. die ausschlie\u00dflich geringf\u00fcgige Besch\u00e4ftigung oder die Selbstst\u00e4ndigkeit, waren weiterhin r\u00fcckl\u00e4ufig.<\/p>\n\n\n\n<h4 class=\"wp-block-heading\">Arbeitskr\u00e4ftenachfrage<\/h4>\n\n\n\n<p>Der Bestand gemeldeter Arbeitsstellen lag im Jahresdurchschnitt 2019 bei 774.000. Das waren 22.000 weniger als im Vorjahr. Die meisten Stellenangebote richteten sich 2019 an Arbeitskr\u00e4fte in den Bereichen Verkauf, Verkehr und Logistik, Energie- und Elektrotechnik, Gesundheit, Metall sowie Maschinen- und Fahrzeugtechnik.<br>Der BA-X, ein saisonbereinigter Indikator f\u00fcr die Nachfrage nach Arbeitskr\u00e4ften in Deutschland, verzeichnete im Laufe des Jahres 2019 einen kontinuierlichen R\u00fcckgang. Mit 223 Punkten lag er im Dezember 31 Punkte unter dem Vorjahreswert. Im langfristigen Vergleich ist die Kr\u00e4ftenachfrage aber weiterhin hoch.<br>Trotz der zunehmenden Besetzungsschwierigkeiten kann man nach wie vor nicht von einem allgemeinen Fachkr\u00e4ftemangel sprechen. Gleichwohl zeigen sich Engp\u00e4sse in technischen Berufsfeldern, in Bauberufen sowie in Gesundheits- und Pflegeberufen.<\/p>\n\n\n\n<h4 class=\"wp-block-heading\">Geldleistungen<\/h4>\n\n\n\n<p>Insgesamt 750.000 Personen erhielten 2019 durchschnittlich Arbeitslosengeld, 35.000 mehr als 2018.<\/p>\n\n\n\n<p>Die Zahl der erwerbsf\u00e4higen Leistungsberechtigten betrug nach hochgerechneten Werten im Jahr 2019 rund 3.896.000. Ihre Zahl ist im Vergleich zum Vorjahr um 245.000 gesunken. Ein Gro\u00dfteil der Arbeitslosengeld II-Bezieher ist nicht arbeitslos gemeldet. Das liegt daran, dass diese Personen erwerbst\u00e4tig sind, kleine Kinder betreuen, Angeh\u00f6rige pflegen oder sich noch in der Ausbildung befinden. Arbeitslos gemeldet waren 2019 im Rechtskreis SGB II durchschnittlich 1.440.000 Personen.<\/p>\n\n\n\n<p>Den ausf\u00fchrlichen Jahresr\u00fcckblick 2019 finden Sie im Internet unter<br> <a href=\"https:\/\/statistik.arbeitsagentur.de\">https:\/\/statistik.arbeitsagentur.de<\/a>.<\/p>\n\n\n\n<p>Weitere Informationen finden Sie im Mediendienst der Bundesagentur f\u00fcr Arbeit.<\/p>\n\n\n\n<p>Folgen Sie der Bundesagentur f\u00fcr Arbeit auf Twitter.<\/p>\n\n\n\n<p><em>Bundesagentur f\u00fcr Arbeit<br>08.01.2020<\/em><\/p>\n\n\n\n<h2 class=\"wp-block-heading\">Der Arbeitsmarkt im Dezember 2019<\/h2>\n\n\n\n<h3 class=\"wp-block-heading\">Spuren der konjunkturellen Schw\u00e4che erkennbar<\/h3>\n\n\n\n<p><strong>N\u00fcrnberg \/ Deutschland &#8211;<\/strong> \u201eDer Arbeitsmarkt hat sich auch zum Jahresende weitestgehend stabil gezeigt. Spuren der konjunkturellen Schw\u00e4chephase sind aber erkennbar.&#8220;, sagte der Vorstandsvorsitzende der Bundesagentur f\u00fcr Arbeit (BA), Detlef Scheele, am 03.01.2020 anl\u00e4sslich der monatlichen Pressekonferenz in N\u00fcrnberg.<\/p>\n\n\n\n<ul><li>Arbeitslosenzahl im Dezember: +47.000 auf 2.227.000<\/li><li>Arbeitslosenzahl im Vorjahresvergleich: +18.000<\/li><li>Arbeitslosenquote gegen\u00fcber Vormonat: +0,1 Prozentpunkte auf 4,9 Prozent<\/li><\/ul>\n\n\n\n<h4 class=\"wp-block-heading\">Arbeitslosigkeit, Unterbesch\u00e4ftigung und Erwerbslosigkeit<\/h4>\n\n\n\n<p>Die Arbeitslosigkeit ist von November auf Dezember um 47.000 auf 2.227.000 gestiegen. Bereinigt um die saisonalen Einfl\u00fcsse wird f\u00fcr den Dezember ein Plus von 8.000 im Vergleich zum Vormonat errechnet, welches \u00fcberwiegend auf die Entwicklung im Bereich der Arbeitslosenversicherung aufgrund der konjunkturellen Eintr\u00fcbung zur\u00fcckzuf\u00fchren ist. Gegen\u00fcber dem Vorjahr hat sich die Arbeitslosenzahl um 18.000 erh\u00f6ht. Die Arbeitslosenquote steigt um 0,1 Prozentpunkte auf bei 4,9 Prozent. Im Vergleich zum Dezember des vorigen Jahres hat sie sich nicht ver\u00e4ndert. Die nach dem ILO-Erwerbskonzept vom Statistischen Bundesamt ermittelte Erwerbslosenquote belief sich im November auf 3,1 Prozent.<br>Die Unterbesch\u00e4ftigung, die auch Ver\u00e4nderungen in der Arbeitsmarktpolitik und kurzfristiger Arbeitsunf\u00e4higkeit ber\u00fccksichtigt, ist saisonbereinigt gegen\u00fcber dem Vormonat um 6.000 gestiegen. Insgesamt lag die Unterbesch\u00e4ftigung im Dezember 2019 bei 3.176.000 Personen. Das waren 18.000 mehr als vor einem Jahr.<\/p>\n\n\n\n<h4 class=\"wp-block-heading\">Erwerbst\u00e4tigkeit und sozialversicherungspflichtige Besch\u00e4ftigung<\/h4>\n\n\n\n<p>Erwerbst\u00e4tigkeit und sozialversicherungspflichtige Besch\u00e4ftigung sind weiter gestiegen, allerdings nicht mehr so stark wie im vergangenen Jahr. Nach Angaben des Statistischen Bundesamtes hat sich die Zahl der Erwerbst\u00e4tigen (nach dem Inlandskonzept) im November saisonbereinigt gegen\u00fcber dem Vormonat um 13.000 erh\u00f6ht. Mit 45,62 Millionen Personen fiel sie im Vergleich zum Vorjahr um 304.000 h\u00f6her aus. Das Plus beruht weit \u00fcberwiegend auf dem Zuwachs der sozialversicherungspflichtigen Besch\u00e4ftigung. Diese ist im Vergleich zum Vorjahr um 499.000 gestiegen. Insgesamt waren im Oktober nach hochgerechneten Angaben der BA 33,99 Millionen Menschen sozialversicherungspflichtig besch\u00e4ftigt. Saisonbereinigt ergibt sich von September auf Oktober ein Anstieg um 41.000.<\/p>\n\n\n\n<h4 class=\"wp-block-heading\">Arbeitskr\u00e4ftenachfrage<\/h4>\n\n\n\n<p>Die Nachfrage nach neuen Mitarbeitern gibt weiter deutlich nach, befindet sich aber nach wie vor auf hohem Niveau. Im Dezember waren 687.000 Arbeitsstellen bei der BA gemeldet, 95.000 weniger als vor einem Jahr. Saisonbereinigt hat sich der Bestand der bei der BA gemeldeten Arbeitsstellen um 21.000 verringert. Der Stellenindex der BA (BA X) \u2013 ein Indikator f\u00fcr die Nachfrage nach Arbeitskr\u00e4ften in Deutschland \u2013 sank im Dezember 2019 um 5 Punkte auf 223 Punkte. Er liegt damit 31 Punkte unter dem Vorjahreswert.<\/p>\n\n\n\n<h4 class=\"wp-block-heading\">Geldleistungen<\/h4>\n\n\n\n<p>773.000 Personen erhielten im Dezember 2019 Arbeitslosengeld, 65.000 mehr als vor einem Jahr. Die Zahl der erwerbsf\u00e4higen Leistungsberechtigten in der Grundsicherung f\u00fcr Arbeitsuchende (SGB II) lag im Dezember bei 3.760.000. Gegen\u00fcber Dezember 2018 war dies ein R\u00fcckgang von 220.000 Personen. 6,9 Prozent der in Deutschland lebenden Personen im erwerbsf\u00e4higen Alter waren damit hilfebed\u00fcrftig.<\/p>\n\n\n\n<p>Den ausf\u00fchrlichen Monatsbericht finden Sie im Internet unter<br> <a href=\"https:\/\/statistik.arbeitsagentur.de\">https:\/\/statistik.arbeitsagentur.de<\/a>.<\/p>\n\n\n\n<p>Weitere Informationen finden Sie im Mediendienst der Bundesagentur f\u00fcr Arbeit.<\/p>\n\n\n\n<p>Folgen Sie der Bundesagentur f\u00fcr Arbeit auf Twitter.<\/p>\n\n\n\n<p><em>Bundesagentur f\u00fcr Arbeit<br>08.01.2020<\/em><\/p>\n","protected":false},"excerpt":{"rendered":"<div class=\"mh-excerpt\"><p>Stadtwerke Speyer \/ Bademaxx Weihnachtsbaumentsorgung Die EBS\/SWS sammeln in der Woche ab Montag, 13. Januar 2020, jeweils am regul\u00e4ren M\u00fcll- und Wertstoff-Abfuhrtag die Tannenb\u00e4ume ein. Der Baum muss zum Termin 6 Uhr morgens frei von <a class=\"mh-excerpt-more\" href=\"https:\/\/speyer24news.com\/?p=23975\" title=\"Wirtschaft &#038; Finanzen\">[&#8230;]<\/a><\/p>\n<\/div>","protected":false},"author":3,"featured_media":0,"comment_status":"open","ping_status":"open","sticky":false,"template":"","format":"standard","meta":{"_monsterinsights_skip_tracking":false,"_monsterinsights_sitenote_active":false,"_monsterinsights_sitenote_note":"","_monsterinsights_sitenote_category":0,"footnotes":""},"categories":[29],"tags":[5209,5210,5212,5211,27,551,1442,5056,5208,1087,4698],"aioseo_notices":[],"amp_enabled":true,"_links":{"self":[{"href":"https:\/\/speyer24news.com\/index.php?rest_route=\/wp\/v2\/posts\/23975"}],"collection":[{"href":"https:\/\/speyer24news.com\/index.php?rest_route=\/wp\/v2\/posts"}],"about":[{"href":"https:\/\/speyer24news.com\/index.php?rest_route=\/wp\/v2\/types\/post"}],"author":[{"embeddable":true,"href":"https:\/\/speyer24news.com\/index.php?rest_route=\/wp\/v2\/users\/3"}],"replies":[{"embeddable":true,"href":"https:\/\/speyer24news.com\/index.php?rest_route=%2Fwp%2Fv2%2Fcomments&post=23975"}],"version-history":[{"count":3,"href":"https:\/\/speyer24news.com\/index.php?rest_route=\/wp\/v2\/posts\/23975\/revisions"}],"predecessor-version":[{"id":23979,"href":"https:\/\/speyer24news.com\/index.php?rest_route=\/wp\/v2\/posts\/23975\/revisions\/23979"}],"wp:attachment":[{"href":"https:\/\/speyer24news.com\/index.php?rest_route=%2Fwp%2Fv2%2Fmedia&parent=23975"}],"wp:term":[{"taxonomy":"category","embeddable":true,"href":"https:\/\/speyer24news.com\/index.php?rest_route=%2Fwp%2Fv2%2Fcategories&post=23975"},{"taxonomy":"post_tag","embeddable":true,"href":"https:\/\/speyer24news.com\/index.php?rest_route=%2Fwp%2Fv2%2Ftags&post=23975"}],"curies":[{"name":"wp","href":"https:\/\/api.w.org\/{rel}","templated":true}]}}