{"id":23984,"date":"2020-01-08T18:29:46","date_gmt":"2020-01-08T17:29:46","guid":{"rendered":"https:\/\/speyer24news.com\/?p=23984"},"modified":"2020-01-08T18:29:47","modified_gmt":"2020-01-08T17:29:47","slug":"kirche-45","status":"publish","type":"post","link":"https:\/\/speyer24news.com\/?p=23984","title":{"rendered":"Kirche"},"content":{"rendered":"<style type=\"text\/css\">\r\n\t.ads_top_disp{}\r\n\t.ads_top_corner_disp{ float:left; margin:0px 10px 10px 0px; }\r\n\t.ads_first_p_disp{}\r\n\t.ads_bottom_disp{}\r\n\t<\/style>\n<h2 class=\"wp-block-heading\">Erster \u201eStammtisch f\u00fcr Entdecker*innen\u201c in Speyer<\/h2>\n\n\n\n<h3 class=\"wp-block-heading\">\u00d6kumenische Initiative \u201eSchon jetzt\u201c l\u00e4dt am 14. Januar zum Gespr\u00e4ch \u00fcber neue Formen von Kirche ein<\/h3>\n\n\n\n<p><strong>Speyer &#8211; <\/strong>\u201eSchon jetzt\u201c, eine \u00f6kumenische Initiative im Bistum Speyer und der Evangelischen Kirche der Pfalz (Protestantische Landeskirche), l\u00e4dt am <strong>Dienstag, 14. Januar<\/strong>, ab 19 Uhr zum ersten \u201eStammtisch f\u00fcr Entdecker*innen\u201c in Speyer ein. Treffpunkt ist der \u201eDomhof\u201c (Gro\u00dfe Himmelsgasse 6). Der Stammtisch ist eine \u00f6kumenische Austauschplattform f\u00fcr alle, die auf der Suche nach neuen Formen von Kirche sind und die in lockerer Atmosph\u00e4re bei einem Bier, Wein oder Wasser \u00fcber Gott und die Welt philosophieren und den eigenen Glauben (neu) entdecken m\u00f6chten.<\/p>\n\n\n\n<p>Gastgeber und Initiatoren von \u201eSchon jetzt\u201c sind Stefanie Schlenczek, Pfarrerin der Evangelischen Kirche der Pfalz und beim Missionarisch-\u00d6kumenischen Dienst (M\u00d6D) in Landau t\u00e4tig, und Pastoralreferent Felix Goldinger, der im Bistum Speyer als Referent f\u00fcr Missionarische Pastoral im Bisch\u00f6flichen Ordinariat arbeitet. Nach dem ersten Abend werden Gemeindereferentin Sigrid Sandmeier von der Pfarrei Pax Christi und Pfarrerin Lena Vach von der Ged\u00e4chtniskirche die k\u00fcnftigen Speyerer Stammtische weiter begleiten. \u201eBei der Erstellung des pastoralen Konzeptes der Pfarrei Pax Christi wurde die Frage immer dr\u00e4ngender, wie wir Menschen, die nicht in unseren Gemeinden verwurzelt sind, ansprechen k\u00f6nnen. Die Entdecker*Innenstammtische sollen die M\u00f6glichkeit bieten, hier weiterzudenken und Ideen f\u00fcr Speyer zu entwickeln\u201c, so Sandmeier.<\/p>\n\n\n\n<p>Der \u201eStammtisch f\u00fcr Entdecker*innen\u201c findet alle zwei Monate an unterschiedlichen Orten in der Pfalz und Saarpfalz statt, zus\u00e4tzlich auch in Speyer. Eine Anmeldung ist nicht erforderlich. Die Treffen beginnen mit Getr\u00e4nken und Essen (wer mag) und werden dann ab etwa 19:30 Uhr durch einen Impuls zum Gespr\u00e4ch \u00fcbergeleitet. Abschluss ist um 21 Uhr mit einem Gebet.<\/p>\n\n\n\n<p>In ihrem Blog <a href=\"http:\/\/www.schon-jetzt.de\">www.schon-jetzt.de<\/a> berichten Stefanie Schlenczek und Felix Goldinger von den Treffen und der Entwicklung ihrer Initiative. Wer auf dem Laufenden bleiben will, kann au\u00dferdem einen Newsletter abonnieren.<\/p>\n\n\n\n<p><strong>Weitere Informationen und Kontakt:<\/strong><br>Felix Goldinger<br>Referent f\u00fcr missionarische Pastoral im Bistum Speyer<br>Telefon: 06232\/102-286<br>E-Mail: felix.goldinger@bistum-speyer.de<\/p>\n\n\n\n<p>Stefanie Schlenczek<br>Pfarrerin beim Missionarisch-\u00d6kumenischen Dienst (M\u00d6D) der Evangelische Kirche der Pfalz<br>Telefon: 06341\/9289-22<br>E-Mail: <a href=\"schlenczek@moed-pfalz.de\">schlenczek@moed-pfalz.de<\/a><\/p>\n\n\n\n<p>Mehr zum Thema: <a href=\"http:\/\/www.schon-jetzt.de\">www.schon-jetzt.de<\/a>; <a href=\"http:\/\/www.freshexpressions.de\">www.freshexpressions.de<\/a><\/p>\n\n\n\n<p><em>Bistum Speyer<br>08.01.2020<\/em><\/p>\n\n\n\n<h2 class=\"wp-block-heading\"><strong>Bistum Speyer \u00fcbernimmt Franziskusschulen in Kaiserslautern <\/strong><\/h2>\n\n\n\n<h3 class=\"wp-block-heading\"><strong>Dillinger Franziskanerinnen \u00fcbergeben ihr Lebenswerk an den Bischof \u2013 Ordensschwestern bleiben vor Ort und in der Schule pr\u00e4sent<\/strong><\/h3>\n\n\n\n<p><strong>Kaiserslautern &#8211; <\/strong>Franziskanischer Geist weht schon lange und intensiv in Kaiserslautern,  der zweitgr\u00f6\u00dften Stadt im Bistum Speyer. Dies soll auch so bleiben.  Deshalb \u00fcbernimmt das Bistum Speyer die Tr\u00e4gerschaft von St. Franziskus  Gymnasium und Realschule zum Schuljahr 2020\/21 aus der Hand der  Ordensschwestern. Diese haben ihre Provinzfusion zum Anlass genommen,  f\u00fcr die Schule einen neuen Tr\u00e4ger zu suchen, und stehen seit l\u00e4ngerem  dazu im Kontakt mit dem Bistum. <\/p>\n\n\n\n<p>&#8222;Diese\n traditionsreiche Erziehungsarbeit ist seit mehr als 100 Jahren hier \naktiv und soll hier auch eine Zukunft haben&#8220;, erkl\u00e4rt Bischof Dr. \nKarl-Heinz Wiesemann als neuer Tr\u00e4ger, denn die Schulen werden zu \nBisch\u00f6flichen Schulen. Intensiv seien unterschiedliche Zukunftsmodelle \ngepr\u00fcft worden in einer di\u00f6zesanen Arbeitsgemeinschaft. \u201eDas klare und \nzugleich vielseitige Profil der Schule im franziskanischen Geist sowie \ndie M\u00e4dchenbildung und -f\u00f6rderung sind Alleinstellungsmerkmale \u201c, so \nGeneralvikar Andreas Sturm. Er sieht die Schule als einen \u201estarken Ort \nvon Kirche, an dem Sch\u00fclerinnen das charakterliche und fachliche \nR\u00fcstzeug erhalten, um die Zukunft unserer Gesellschaft im christlichen \nGeist verantwortungsbewusst mitzugestalten.\u201c Das Bistum ist bereits \nTr\u00e4ger der Maria-Ward-Schule in Landau, ebenfalls einer \nDoppel-M\u00e4dchenschule. &#8222;Das Bistum hat hier Erfahrung als Tr\u00e4ger, die uns\n bei der Weiterf\u00fchrung der Franziskusschulen zugutekommen.\u201c<\/p>\n\n\n\n<p>Schwester\n Martina, Provinzoberin der Dillinger Franziskanerinnen mit Sitz in \nBamberg, ist \u00fcberzeugt, dass die direkte \u00dcberf\u00fchrung f\u00fcr alle ein Gewinn\n ist: &#8222;Die St. Franziskus-Schulen sind ein starkes St\u00fcck Kaiserslautern.\n Unser Name ist Programm, Der Name Franziskus steht f\u00fcr Friedensarbeit, \nwir haben Ehrfurcht vor dem, was anderen heilig ist, wir \u00fcben uns in \nGewaltlosigkeit im Handeln und Sprechen. Frauen und M\u00e4nner sind nicht \ngleich, sondern ebenb\u00fcrtig. Das ist franziskanisch.&#8220;<\/p>\n\n\n\n<p>Die\n franziskanische Pr\u00e4gung soll erhalten bleiben. Die acht Schwestern vor \nOrt verbleiben in Kaiserslautern und sind mit vier Schwestern auch \nweiter in der Schule im Einsatz. Auch sonst setzt das Bistum Speyer auf \nKontinuit\u00e4t. F\u00fcr die rund 1.200 Sch\u00fclerinnen und Ihre Eltern und \nFamilien wird ab dem neuen Schuljahr alles weitergehen wie bisher. \nEbenso f\u00fcr die 92 Mitarbeiterinnen und Mitarbeiter, Lehrkr\u00e4fte, \nP\u00e4dagogischen Fachkr\u00e4fte, das K\u00fcchen- und Reinigungspersonal und den \nHausmeister (und Reinigungspersonal). \u201eDie Schule strahlt schon jetzt \nsehr positiv in das Umfeld aus. Diesen Kurs wollen wir fortsetzen\u201c, so \nSturm. Die Schule und die Stadt sieht er in einem Verh\u00e4ltnis der \nwechselseitigen Inspiration und Bereicherung. Die Franziskus-Schulen \nseien die letzten weiterf\u00fchrenden Schulen in direkter Ordenstr\u00e4gerschaft\n im Bistum Speyer, alle anderen Schulen haben bereits vor Jahren weitere\n Rechtsformen gefunden. \u201eAuch wenn die Ordensangeh\u00f6rigen eines Tages zu \nwenig und zu alt daf\u00fcr sind, wird ihr Werk dennoch fortbestehen\u201c, so der\n bisch\u00f6fliche Wunsch. <\/p>\n\n\n\n<p>Christliche\n Werte sind das Fundament des Schullebens in Kaiserslautern. Mit dem \nEinsatz f\u00fcr Sch\u00f6pfung und Umwelt und dem Eintreten f\u00fcr Integration und \neinen respektvollen Umgang mit anderen Religionen und Kulturen kommt das\n franziskanische Profil der Schule zum Ausdruck. Erst vor kurzem haben \ndie Schwestern das Schulgeb\u00e4ude \u00f6kologisch und nachhaltig modernisiert. \nSchwerpunkte setzt die Schule bei Sprachen, Naturwissenschaften sowie im\n sozialen und musischen Bereich. So werden mehr als 40 \nArbeitsgemeinschaften angeboten, von Theater, Kunst und Musik bis zu \nSport, sozialem Engagement und Spiritualit\u00e4t. Eine gemeinsame \nOrientierungsstufe in den Klassenstufen 5 und 6 erm\u00f6glicht ein l\u00e4ngeres \ngemeinsames Lernen. Auch danach sind die Bildungswege durchl\u00e4ssig. Die \nSchule kooperiert mit der Technischen Universit\u00e4t Kaiserslautern, \nweiteren Hochschulen und Betrieben und genie\u00dft f\u00fcr ihre \nwissenschaftliche, religi\u00f6se und musikalische Bildung einen \nhervorragenden Ruf.<\/p>\n\n\n\n<p><strong>Weitere Informationen zu den St. Franziskus-Schulen:<\/strong><\/p>\n\n\n\n<p><a href=\"https:\/\/deref-web-02.de\/mail\/client\/jJn-EykH6-8\/dereferrer\/?redirectUrl=http%3A%2F%2Fwww.sfgrs.de\" target=\"_blank\" rel=\"noreferrer noopener\">www.sfgrs.de<\/a><\/p>\n\n\n\n<p><strong>Weitere Informationen zu den Katholischen Schulen im Bistum Speyer:<\/strong><\/p>\n\n\n\n<p><a rel=\"noreferrer noopener\" href=\"https:\/\/deref-web-02.de\/mail\/client\/cpwgNeCh7-w\/dereferrer\/?redirectUrl=http%3A%2F%2Fwww.bistum-speyer.de%2Ferziehung-schule-bildung%2Fkatholische-schulen%2F\" target=\"_blank\">www.bistum-speyer.de\/erziehung-schule-bildung\/katholische-schulen\/<\/a><\/p>\n\n\n\n<p><em>Bistum Speyer<br>08.01.2020<\/em><\/p>\n\n\n\n<h2 class=\"wp-block-heading\">Gemeinsamer Einsatz f\u00fcr die Kindertagesst\u00e4tten<\/h2>\n\n\n\n<h3 class=\"wp-block-heading\">Prisca Forthofer neue Referentin des Bistums f\u00fcr die Kindertagesst\u00e4tten \u2013 Stefanie Gebhardt betreut Projekt \u201eSpeyerer Qualit\u00e4tsmanagement in Kindertagesst\u00e4tten\u201c<\/h3>\n\n\n\n<div class=\"wp-block-image\"><figure class=\"aligncenter\"><img decoding=\"async\" loading=\"lazy\" width=\"800\" height=\"558\" src=\"https:\/\/speyer24news.com\/wp-content\/uploads\/2020\/01\/Prisca-Forthofer-links-und-Stefanie-Gebhardt-rechts.jpg\" alt=\"\" class=\"wp-image-23991\" srcset=\"https:\/\/speyer24news.com\/wp-content\/uploads\/2020\/01\/Prisca-Forthofer-links-und-Stefanie-Gebhardt-rechts.jpg 800w, https:\/\/speyer24news.com\/wp-content\/uploads\/2020\/01\/Prisca-Forthofer-links-und-Stefanie-Gebhardt-rechts-300x209.jpg 300w, https:\/\/speyer24news.com\/wp-content\/uploads\/2020\/01\/Prisca-Forthofer-links-und-Stefanie-Gebhardt-rechts-768x536.jpg 768w\" sizes=\"(max-width: 800px) 100vw, 800px\" \/><figcaption>Prisca Forthofer (links) und Stefanie Gebhardt (rechts)<\/figcaption><\/figure><\/div>\n\n\n\n<p><strong>Speyer &#8211; <\/strong>Das Bistum Speyer hat eine neue Referentin f\u00fcr die Kindertagesst\u00e4tten: Prisca Forthofer ist seit Jahresbeginn bei der Abteilung &#8222;Regionalverwaltungen und Kindertagesst\u00e4tten&#8220; in erster Linie f\u00fcr die Weiterentwicklung des &#8222;Speyerer Qualit\u00e4tsmanagements &#8211; SpeQM&#8220; zust\u00e4ndig. Sie folgt auf Heinz-Peter Schneider, der im Oktober des vergangenen Jahres in den Ruhestand verabschiedet wurde.<\/p>\n\n\n\n<p>Prisca Forthofer stammt aus Homburg und hat an der Katholischen Fachhochschule Mainz Sozialp\u00e4dagogik studiert. Von 1995 bis 2000 war sie Di\u00f6zesanvorsitzende des Bundes der Deutschen Katholischen Jugend (BDKJ) im Bistum Speyer. Bis 2005 war sie in der Schwangerschaftsberatung des Caritasverbandes t\u00e4tig, zun\u00e4chst als Beraterin in Ludwigshafen und ab 2001 als Di\u00f6zesanreferentin f\u00fcr Schwangerschaftsberatung und Familienhilfe. Im Jahr 2008 wechselte sie in das Arbeitsfeld der Kindertagesst\u00e4tten. Als Referentin des Caritasverbandes wirkte sie am Aufbau eines Qualit\u00e4tsmanagements f\u00fcr die katholischen Kindertagesst\u00e4tten im Bistum Speyer (SpeQM) mit. \u201eIch habe das Projekt von Beginn an mitgestaltet. Die Steuerung betrachte ich jetzt als spannende neue Aufgabe\u201c, erkl\u00e4rt Prisca Forthofer. Im Bundesverband Katholischer Tageseinrichtungen f\u00fcr Kinder (KTK) arbeitet sie seit vergangenem Jahr in der Kommission zur Weiterentwicklung des KTK-G\u00fctesiegel-Bundesrahmenhandbuchs mit. Das Spektrum ihrer Aufgaben als Referentin f\u00fcr die Kindertagesst\u00e4tten reicht von der Planung von Fortbildungsangeboten \u00fcber die Leitung der SpeQM-Gremien bis zur Koordination von Ma\u00dfnahmen im Arbeits- und Gesundheitsschutz der Kindertagesst\u00e4tten.<\/p>\n\n\n\n<h4 class=\"wp-block-heading\">Stefanie Gebhardt seit April als Qualit\u00e4tsbeauftragte t\u00e4tig<\/h4>\n\n\n\n<p>Unterst\u00fctzung erf\u00e4hrt Prisca Forthofer durch Stefanie Gebhardt, die seit April des vergangenen Jahres als Qualit\u00e4tsbeauftragte die Abteilung &#8222;Regionalverwaltungen und Kindertagesst\u00e4tten&#8220; verst\u00e4rkt. Sie f\u00fchrt unter anderem Fortbildungen zum Erwerb des KTK-Qualit\u00e4tsbriefs durch und ber\u00e4t Tr\u00e4ger und Einrichtungen bei der Anwendung des SpeQM-Einrichtungshandbuchs. Stefanie Gebhardt hat im Pfarrverband Kaiserslautern eine Ausbildung zur B\u00fcrokauffrau absolviert und an der Fachhochschule f\u00fcr \u00f6ffentliche Verwaltung in Mayen Verwaltungsbetriebswirtschaft studiert. Nach ihrem Abschluss als Diplom-Verwaltungsbetriebswirtin war sie Gesch\u00e4ftsf\u00fchrerin des katholischen Pfarrverbandes Frankenthal und ab 2015 Bereichsleiterin f\u00fcr Kindertagesst\u00e4tten und Personal in der Regionalverwaltung Kaiserslautern. Seitdem hat sie im SpeQM-Projekt als Referentin sowie als Mitglied des Projektteams und des Lenkungskreises mitgewirkt.<\/p>\n\n\n\n<h4 class=\"wp-block-heading\">Einf\u00fchrung eines Qualit\u00e4tsmanagements in allen katholischen Kindertagesst\u00e4tten<\/h4>\n\n\n\n<p>Seit dem Jahr 2012 arbeitet das Bistum Speyer an der fl\u00e4chendeckenden Einf\u00fchrung eines Qualit\u00e4tsmanagements in allen katholischen Kindertagesst\u00e4tten. Die Einf\u00fchrung erfolgt schrittweise in insgesamt vier Staffeln. Bisher haben 28 der insgesamt rund 240 katholischen Kindertagesst\u00e4tten den KTK-Qualit\u00e4tsbrief erworben. Zudem wurden sieben Einrichtungen mit dem KTK-G\u00fctesiegel zertifiziert. Das Qualit\u00e4tsmanagement basiert auf dem G\u00fctesiegel des Bundesverbandes Katholischer Tageseinrichtungen f\u00fcr Kinder (KTK), einem bundesweit anerkannten Qualit\u00e4tsmanagementsystem, das Kindertagesst\u00e4tten dabei unterst\u00fctzt, die Qualit\u00e4t ihrer Arbeit zu reflektieren, weiterzuentwickeln und zu dokumentieren. In zehn Ausbildungsabschnitten machen sich die Tr\u00e4gervertreter, Leiterinnen und die Qualit\u00e4tsbeauftragten der Kindertagesst\u00e4tten mit den Grunds\u00e4tzen und Methoden des Qualit\u00e4tsmanagements vertraut. Dabei entwickeln sie auf der Grundlage des im Pilotprojekt erarbeiteten Einrichtungshandbuchs ein Praxishandbuch speziell f\u00fcr ihre Einrichtung.<\/p>\n\n\n\n<p>Im Bistum Speyer besuchen derzeit rund 14.500 Kinder die rund 240 katholischen Kindertagesst\u00e4tten, die in den meisten F\u00e4llen von den Katholischen Kirchengemeinden getragen werden. Der Besuch der katholischen Kindertagesst\u00e4tten steht allen Kindern offen, unabh\u00e4ngig von Religions- oder Konfessionszugeh\u00f6rigkeit.<\/p>\n\n\n\n<p><strong>Kontakt:<\/strong><\/p>\n\n\n\n<p>Bisch\u00f6fliches Ordinariat<br>Abteilung Regionalverwaltungen und Kindertagesst\u00e4tten<br>Referat Kindertagesst\u00e4tten<br>Tel: 06232 102 543<br>E-Mail: <a href=\"rv-kita@bistum-speyer.de\">rv-kita@bistum-speyer.de<\/a> und <a href=\"kitaprojektstelle@bistum-speyer.de\">kitaprojektstelle@bistum-speyer.de<\/a><\/p>\n\n\n\n<p><em>Bistum Speyer<br>08.01.2020<\/em><\/p>\n\n\n\n<h2 class=\"wp-block-heading\"><strong>\u201eWir sollen ein Segen sein \u2013 das ist die Grundbestimmung von Kirche\u201c<\/strong><\/h2>\n\n\n\n<h3 class=\"wp-block-heading\"><strong>Gemeinschaftstag  des Bisch\u00f6flichen Ordinariats: Gottesdienst mit Bischof Dr. Karl-Heinz  Wiesemann &#8211; Visionsprozess und Klimaschutz als zentrale Themen<\/strong><\/h3>\n\n\n\n<div class=\"wp-block-image\"><figure class=\"aligncenter\"><img decoding=\"async\" loading=\"lazy\" width=\"800\" height=\"533\" src=\"https:\/\/speyer24news.com\/wp-content\/uploads\/2020\/01\/IMG_8227.jpg\" alt=\"\" class=\"wp-image-23987\" srcset=\"https:\/\/speyer24news.com\/wp-content\/uploads\/2020\/01\/IMG_8227.jpg 800w, https:\/\/speyer24news.com\/wp-content\/uploads\/2020\/01\/IMG_8227-300x200.jpg 300w, https:\/\/speyer24news.com\/wp-content\/uploads\/2020\/01\/IMG_8227-768x512.jpg 768w\" sizes=\"(max-width: 800px) 100vw, 800px\" \/><figcaption> Bischof Dr. Karl-Heinz Wiesemann und Generalvikar Andreas Sturm feierten mit den Mitarbeiterinnen und Mitarbeitern Gottesdienst <\/figcaption><\/figure><\/div>\n\n\n\n<p><strong>Ludwigshafen &#8211;<\/strong> Mit einem Gemeinschaftstag am Dreik\u00f6nigstag im Heinrich-Pesch-Haus in  Ludwigshafen haben die Mitarbeiterinnen und Mitarbeiter des  Bisch\u00f6flichen Ordinariats das neue Jahr begonnen. Dabei standen der  Visionsprozess des Bistums und der Klimaschutz im Mittelpunkt.<\/p>\n\n\n\n<p>\u201eDas  neue Jahr liegt offen vor uns. Das kann Angst machen, aber auch eine  Chance zur Gestaltung bedeuten\u201c, betonte Bischof Dr. Karl-Heinz  Wiesemann im Gottesdienst. Den Stern von Bethlehem bezeichnete er als  \u201eInbegriff des Vision\u00e4ren\u201c des Evangeliums. Diese Vision ber\u00fchre das  Innerste des Menschen, seine Sehnsucht nach Hoffnung und Sinn. \u201eWir  kennen die Zerbrechlichkeiten unsers Lebens genau. Die Vision des  Glaubens hingegen steht f\u00fcr das unbedingte Ja zu unserem Leben.\u201c Sie  gelte der gesamten Menschheit und zugleich der Kirche. \u201eWir sollen ein  Segen sein \u2013 das ist die Grundbestimmung von Kirche. Wir wollen  ermutigen, befreien von allem, was innerlich zerr\u00fcttet, und das  Vertrauen in die letzte Gutheit des Lebens st\u00e4rken\u201c, sagte der Bischof  mit Blick auf den Visionsprozess des Bistums. Selbst die abgr\u00fcndigste  Situation k\u00f6nne zum Segen werden. \u201eImmer und in jedem Augenblick gibt es  etwas, das zum Segen werden kann.\u201c<\/p>\n\n\n\n<div class=\"wp-block-image\"><figure class=\"aligncenter\"><img decoding=\"async\" loading=\"lazy\" width=\"800\" height=\"533\" src=\"https:\/\/speyer24news.com\/wp-content\/uploads\/2020\/01\/IMG_8234.jpg\" alt=\"\" class=\"wp-image-23988\" srcset=\"https:\/\/speyer24news.com\/wp-content\/uploads\/2020\/01\/IMG_8234.jpg 800w, https:\/\/speyer24news.com\/wp-content\/uploads\/2020\/01\/IMG_8234-300x200.jpg 300w, https:\/\/speyer24news.com\/wp-content\/uploads\/2020\/01\/IMG_8234-768x512.jpg 768w\" sizes=\"(max-width: 800px) 100vw, 800px\" \/><figcaption> Bischof Wiesemann bei der Predigt <\/figcaption><\/figure><\/div>\n\n\n\n<h4 class=\"wp-block-heading\"><strong>100 Prozent \u00d6kostrom in allen di\u00f6zesanen Dienststellen und Einrichtungen<\/strong><\/h4>\n\n\n\n<p>Am  Nachmittag des Gemeinschaftstages richtete sich der Blick auf die  Themen Klimaschutz, Nachhaltigkeit und globale Verantwortung. In einer  von Uwe Burkert moderierten Talkrunde wurde deutlich, welche  \u00f6kologischen Ma\u00dfnahmen das Ordinariat in den vergangenen Jahren bereits  ergriffen hat. Mit seinem Blockheizkraftwerk erzeugt das Ordinariat  heute mehr Energie als f\u00fcr den eigenen Strombedarf ben\u00f6tigt wird. F\u00fcr 25  Ordinariatsgeb\u00e4ude wurden Klimaschutzkonzepte erstellt, die bei  Bauma\u00dfnahmen nun Schritt f\u00fcr Schritt verwirklicht werden. Die  Beschaffung von B\u00fcromaterialien erfolgt nach Nachhaltigkeits- und  Klimaschutzkriterien. So wird im gesamten Ordinariat ausschlie\u00dflich  Recycling-Papier verwendet. Fair gehandelter Kaffee kommt nicht nur bei  Sitzungen zum Einsatz, sondern wird den Mitarbeitenden k\u00fcnftig w\u00e4hrend  der Arbeitszeit auch kostenlos zur Verf\u00fcgung gestellt.<\/p>\n\n\n\n<p>Alle  di\u00f6zesanen Dienststellen und Einrichtungen haben zu Jahresbeginn auf  100 Prozent \u00d6kostrom umgestellt. Ebenso wurden die ethischen Kriterien  f\u00fcr Geldanlagen an den Zielen der Nachhaltigkeit und globalen  Gerechtigkeit neu ausgerichtet. Im Dienstgeb\u00e4ude in der kleinen  Pfaffengasse ist eine E-Tankstelle geplant, wodurch mittelfristig die  M\u00f6glichkeit entsteht, den Fuhrpark durch ein E-Mobil zu erg\u00e4nzen. Auch  das Jobticket f\u00fcr \u00f6ffentliche Verkehrsmitteln, f\u00fcr das sich die  Mitarbeitervertretung stark eingesetzt hat, steht auf der Agenda. <\/p>\n\n\n\n<div class=\"wp-block-image\"><figure class=\"aligncenter\"><img decoding=\"async\" loading=\"lazy\" width=\"800\" height=\"533\" src=\"https:\/\/speyer24news.com\/wp-content\/uploads\/2020\/01\/IMG_8306.jpg\" alt=\"\" class=\"wp-image-23989\" srcset=\"https:\/\/speyer24news.com\/wp-content\/uploads\/2020\/01\/IMG_8306.jpg 800w, https:\/\/speyer24news.com\/wp-content\/uploads\/2020\/01\/IMG_8306-300x200.jpg 300w, https:\/\/speyer24news.com\/wp-content\/uploads\/2020\/01\/IMG_8306-768x512.jpg 768w\" sizes=\"(max-width: 800px) 100vw, 800px\" \/><figcaption> Die Themen Klimaschutz, Nachhaltigkeit und globale Verantwortung  standen bei einer Talkrunde am Nachmittag des Begegnungstages im  Mittelpunkt. Auf dem Podium (von links): Thomas Eschbach  (Mitarbeitervertretung), Dr. Monika Bossung-Winkler (Referentin f\u00fcr  Globales Lernen), Wolfgang Jochim (Kanzleidirektor), Moderator Uwe  Burkert, Thomas Ochsenreither (Mitarbeitervertretung), Lena Schmidt  (Bund der Deutschen Katholischen Jugend), Andreas Sturm (Generalvikar). <\/figcaption><\/figure><\/div>\n\n\n\n<p>\u201eDer\n Einsatz f\u00fcr die Sch\u00f6pfung ist f\u00fcr uns Christen ein zentrales Thema. Wir\n m\u00fcssen alles tun, was in unseren M\u00f6glichkeiten steht, und auch \n\u00f6ffentlich die Stimme daf\u00fcr erheben\u201c, sagte Generalvikar Andreas Sturm. \nDr. Monika Bossung-Winkler, in der Schulabteilung f\u00fcr das Themengebiet \nGlobale Verantwortung zust\u00e4ndig, appellierte an die Verantwortlichen, \nden Klimaschutz und den Einsatz f\u00fcr globale Gerechtigkeit nicht \nvoneinander zu trennen. Lena Schmidt vom Bund der Deutschen Katholischen\n Jugend warb daf\u00fcr, dass die Kirche beim Thema Klimaschutz eine \nVorbildfunktion \u00fcbernimmt und noch mehr praktische Anst\u00f6\u00dfe dazu gibt. \nAuch f\u00fcr Thomas Ochsenreither und Thomas Eschbach von der \nMitarbeitervertretung war klar: \u201eAuf der Handlungsebene liegen noch \neinige Schritte vor uns.\u201c<\/p>\n\n\n\n<p>Auch  Mitarbeitende meldeten sich in der Talkrunde mit Vorschl\u00e4gen zu Wort.  So wurde zum Beispiel die Anschaffung von E-Bikes als Dienstfahrr\u00e4der,  die Einrichtung einer E-Bike-Tankstelle und die Anstellung eines  Klimaschutzmanagers angeregt. Als weitere M\u00f6glichkeiten wurden ins Spiel  gebracht, die B\u00fcros und Dienstgeb\u00e4ude bedarfsgerecht zu heizen,  langfristige Klimaziele zu definieren und beim Einkauf lokale Anbieter  st\u00e4rker zu ber\u00fccksichtigen. Einigkeit bestand in der Einsch\u00e4tzung, dass  bei der Nutzung \u00f6ffentlicher Verkehrsmitte \u201enoch viel Luft nach oben\u201c  ist und an einem ethischen Einkauf auch dann nicht ger\u00fcttelt werden  sollte, wenn die Kosten daf\u00fcr etwas h\u00f6her sind. Kanzleidirektor Jochim  rief dazu auf, der Leitung weitere Verbesserungsvorschl\u00e4ge mitzuteilen,  und k\u00fcndigte an, dass in den n\u00e4chsten Monaten ein neues Verfahren f\u00fcr  Verbesserungsvorschl\u00e4ge eingef\u00fchrt wird.<\/p>\n\n\n\n<div class=\"wp-block-image\"><figure class=\"aligncenter\"><img decoding=\"async\" loading=\"lazy\" width=\"800\" height=\"533\" src=\"https:\/\/speyer24news.com\/wp-content\/uploads\/2020\/01\/IMG_8368.jpg\" alt=\"\" class=\"wp-image-23990\" srcset=\"https:\/\/speyer24news.com\/wp-content\/uploads\/2020\/01\/IMG_8368.jpg 800w, https:\/\/speyer24news.com\/wp-content\/uploads\/2020\/01\/IMG_8368-300x200.jpg 300w, https:\/\/speyer24news.com\/wp-content\/uploads\/2020\/01\/IMG_8368-768x512.jpg 768w\" sizes=\"(max-width: 800px) 100vw, 800px\" \/><figcaption> Sternsinger aus der Pfarrei Heilige Edith Stein Schifferstadt brachten den Segen <\/figcaption><\/figure><\/div>\n\n\n\n<p>Passend  zum Thema gab es am Gemeinschaftstag ausschlie\u00dflich vegetarisches  Essen. Der Besuch einer Sternsingergruppe aus der Pfarrei Heilige Edith  Stein Schifferstadt beendete den Gemeinschaftstag, der \u2013 so das Echo  vieler Teilnehmer &#8211; Mut machte und zugleich wertvolle Impulse gab. Der  Gottesdienst am Vormittag wurde von Bj\u00f6rn Bein (Trompete und  Fl\u00fcgelhorn), Martin Erhard (Gesang) und Georg Treuheit (Klavier)  musikalisch gestaltet. Horst Christill (Klavier) und Susanne Ermshaus  (Gesang) trugen mit neuen geistlichen Liedern zum Nachmittagsprogramm  bei. <\/p>\n\n\n\n<p><em>Bistum Speyer<br>08.01.2020<\/em><\/p>\n\n\n\n<h2 class=\"wp-block-heading\">Thorsten Reichling neuer Leiter der Regionalverwaltung St. Ingbert<\/h2>\n\n\n\n<h3 class=\"wp-block-heading\">Wirtschafts- und Umweltrecht als Studienschwerpunkte \u2013 Berufliche Erfahrungen bei Wirtschaftspr\u00fcfungsgesellschaft in Saarbr\u00fccken gesammelt<\/h3>\n\n\n\n<div class=\"wp-block-image\"><figure class=\"aligncenter\"><img decoding=\"async\" loading=\"lazy\" width=\"800\" height=\"600\" src=\"https:\/\/speyer24news.com\/wp-content\/uploads\/2020\/01\/Thorsten-Reichling.jpg\" alt=\"\" class=\"wp-image-23985\" srcset=\"https:\/\/speyer24news.com\/wp-content\/uploads\/2020\/01\/Thorsten-Reichling.jpg 800w, https:\/\/speyer24news.com\/wp-content\/uploads\/2020\/01\/Thorsten-Reichling-300x225.jpg 300w, https:\/\/speyer24news.com\/wp-content\/uploads\/2020\/01\/Thorsten-Reichling-768x576.jpg 768w, https:\/\/speyer24news.com\/wp-content\/uploads\/2020\/01\/Thorsten-Reichling-678x509.jpg 678w, https:\/\/speyer24news.com\/wp-content\/uploads\/2020\/01\/Thorsten-Reichling-326x245.jpg 326w, https:\/\/speyer24news.com\/wp-content\/uploads\/2020\/01\/Thorsten-Reichling-80x60.jpg 80w\" sizes=\"(max-width: 800px) 100vw, 800px\" \/><\/figure><\/div>\n\n\n\n<p><strong>St. Ingbert &#8211; <\/strong>Die Regionalverwaltung St. Ingbert hat einen neuen Leiter: Seit Anfang Januar f\u00fchrt Thorsten Reichling die Au\u00dfenstelle des Bisch\u00f6flichen Ordinariats.<\/p>\n\n\n\n<p>Thorsten Reichling stammt aus Zweibr\u00fccken und hat nach seinem Abitur am Helmholtz-Gymnasium Zweibr\u00fccken in Saarbr\u00fccken Rechtswissenschaften und am Umweltcampus Birkenfeld der Hochschule Trier Wirtschafts- und Umweltrecht studiert. Bei einer Wirtschaftspr\u00fcfungsgesellschaft in Saarbr\u00fccken war er im Bereich Wirtschafts- und Jahresabschlusspr\u00fcfung t\u00e4tig. \u201eIch habe mich immer schon gern in der Kirche engagiert\u201c, erkl\u00e4rt Thorsten Reichling seine Motivation f\u00fcr eine Berufst\u00e4tigkeit beim Bistum Speyer. So war er \u00fcber viele Jahre Kirchenrechner der katholischen Kirche St. Johann in Zweibr\u00fccken-Rimschweiler. \u201eDie T\u00e4tigkeit bei der Regionalverwaltung schlie\u00dft an dieses ehrenamtliche Engagement sehr gut an.\u201c<\/p>\n\n\n\n<p>Die Aufgabe der Regionalverwaltung St. Ingbert besteht darin, die zehn Pfarreien im Dekanat Saarpfalz bei Verwaltungsaufgaben zu unterst\u00fctzen. Insgesamt 16 Mitarbeiterinnen und Mitarbeiter sind in der Regionalverwaltung St. Ingbert t\u00e4tig, die seit Mai von Nadine Korz, der Leiterin der Regionalverwaltung Kaiserslautern, zus\u00e4tzlich kommissarisch geleitet wurde. \u201eEinen besonderen Schwerpunkt werde ich auf die Teamentwicklung legen\u201c, erkl\u00e4rt Thorsten Reichling.<\/p>\n\n\n\n<p><strong>Kontakt<\/strong>:<\/p>\n\n\n\n<p>Regionalverwaltung St. Ingbert<br>Karl-August-Woll-Str. 33<br>66386 St. Ingbert<br>Tel.: 06894  96 305 0<br>E-Mail: <a href=\"rv.st.ingbert@bistum-speyer.de\">rv.st.ingbert@bistum-speyer.de<\/a><\/p>\n\n\n\n<p><em>Bistum Speyer<br>08.01.2020<\/em><\/p>\n","protected":false},"excerpt":{"rendered":"<div class=\"mh-excerpt\"><p>Erster \u201eStammtisch f\u00fcr Entdecker*innen\u201c in Speyer \u00d6kumenische Initiative \u201eSchon jetzt\u201c l\u00e4dt am 14. Januar zum Gespr\u00e4ch \u00fcber neue Formen von Kirche ein Speyer &#8211; \u201eSchon jetzt\u201c, eine \u00f6kumenische Initiative im Bistum Speyer und der Evangelischen <a class=\"mh-excerpt-more\" href=\"https:\/\/speyer24news.com\/?p=23984\" title=\"Kirche\">[&#8230;]<\/a><\/p>\n<\/div>","protected":false},"author":3,"featured_media":0,"comment_status":"open","ping_status":"open","sticky":false,"template":"","format":"standard","meta":{"_monsterinsights_skip_tracking":false,"_monsterinsights_sitenote_active":false,"_monsterinsights_sitenote_note":"","_monsterinsights_sitenote_category":0,"footnotes":""},"categories":[120],"tags":[174,5215,5217,3447,2897,2781,121,4865,5216,5219,186,4692,5218],"aioseo_notices":[],"amp_enabled":true,"_links":{"self":[{"href":"https:\/\/speyer24news.com\/index.php?rest_route=\/wp\/v2\/posts\/23984"}],"collection":[{"href":"https:\/\/speyer24news.com\/index.php?rest_route=\/wp\/v2\/posts"}],"about":[{"href":"https:\/\/speyer24news.com\/index.php?rest_route=\/wp\/v2\/types\/post"}],"author":[{"embeddable":true,"href":"https:\/\/speyer24news.com\/index.php?rest_route=\/wp\/v2\/users\/3"}],"replies":[{"embeddable":true,"href":"https:\/\/speyer24news.com\/index.php?rest_route=%2Fwp%2Fv2%2Fcomments&post=23984"}],"version-history":[{"count":1,"href":"https:\/\/speyer24news.com\/index.php?rest_route=\/wp\/v2\/posts\/23984\/revisions"}],"predecessor-version":[{"id":23992,"href":"https:\/\/speyer24news.com\/index.php?rest_route=\/wp\/v2\/posts\/23984\/revisions\/23992"}],"wp:attachment":[{"href":"https:\/\/speyer24news.com\/index.php?rest_route=%2Fwp%2Fv2%2Fmedia&parent=23984"}],"wp:term":[{"taxonomy":"category","embeddable":true,"href":"https:\/\/speyer24news.com\/index.php?rest_route=%2Fwp%2Fv2%2Fcategories&post=23984"},{"taxonomy":"post_tag","embeddable":true,"href":"https:\/\/speyer24news.com\/index.php?rest_route=%2Fwp%2Fv2%2Ftags&post=23984"}],"curies":[{"name":"wp","href":"https:\/\/api.w.org\/{rel}","templated":true}]}}