{"id":24030,"date":"2020-01-10T08:51:46","date_gmt":"2020-01-10T07:51:46","guid":{"rendered":"https:\/\/speyer24news.com\/?p=24030"},"modified":"2020-01-10T08:55:21","modified_gmt":"2020-01-10T07:55:21","slug":"polizei-167","status":"publish","type":"post","link":"https:\/\/speyer24news.com\/?p=24030","title":{"rendered":"Polizei"},"content":{"rendered":"<style type=\"text\/css\">\r\n\t.ads_top_disp{}\r\n\t.ads_top_corner_disp{ float:left; margin:0px 10px 10px 0px; }\r\n\t.ads_first_p_disp{}\r\n\t.ads_bottom_disp{}\r\n\t<\/style>\n<h2 class=\"wp-block-heading\">Polizeimeldungen vom Mittwoch &amp; Donnerstag (08.01. &amp; 09.01.2020)<\/h2>\n\n\n\n<div class=\"wp-block-image\"><figure class=\"aligncenter\"><img decoding=\"async\" src=\"https:\/\/speyer24news.com\/wp-content\/uploads\/2020\/01\/Aktuelles-Polizeilogo.jpg\" alt=\"\" class=\"wp-image-23832\"\/><\/figure><\/div>\n\n\n\n<h4 class=\"wp-block-heading\">(Speyer) &#8211; Ladendieb gestellt<\/h4>\n\n\n\n<p>Am Mittwoch gegen 14:15 Uhr entwendete ein 22-j\u00e4hriger Mann aus Speyer in  einem Lebensmitteldiscounter in Speyer-Nord Lebensmittel im Wert von ca.  27EUR. Beim Verstauen des Diebesgutes in seiner Jacke wurde er durch  einen Angestellten beobachtet und auf die Tat angesprochen. Daraufhin  versuchte der Beschuldigte aus dem Gesch\u00e4ft zu fl\u00fcchten, was durch zwei  Kunden unterbunden werden konnte. Der 22-J\u00e4hrige konnte dann bis zum  Eintreffen der Polizei festgehalten werden. Gegen ihn wurde ein  Strafverfahren wegen Ladendiebstahl eingeleitet. <\/p>\n\n\n\n<h4 class=\"wp-block-heading\">(Speyer) &#8211; Polizeibeamten beleidigt<\/h4>\n\n\n\n<p>Ein  unr\u00fchmliches Verhalten legte am Mittwochmorgen (09:45 Uhr) ein 43-j\u00e4hriger Mann aus  Neuhofen in der Kleinen Pfaffengasse gegen\u00fcber Polizeibeamten an den  Tag, die dort mit Schutzma\u00dfnahmen einer J\u00fcdischen Einrichtung betraut  waren. Er wollte von diesen Auskunft \u00fcber ein am Taufbecken des Doms  angebrachtes Schild bzw. den diesbez\u00fcglich zust\u00e4ndigen Pfarrer benannt  bekommen. Diesen konnte man ihm nicht nennen und verwies ihn an den Dom.  Dar\u00fcber erz\u00fcrnte sich der Mann derart, dass er den Polizeibeamten im  Weggehen mehrmals &#8222;den Vogel&#8220; und beide Mittelfinger zeigte. Gegen ihn  wurde deshalb ein Strafverfahren wegen Beleidigung eingeleitet. <\/p>\n\n\n\n<h4 class=\"wp-block-heading\">(Speyer) &#8211; Fahrraddiebstahl nachtr\u00e4glich aufgekl\u00e4rt<\/h4>\n\n\n\n<p>Bereits  am Montagmittag kam es zum Diebstahl eines Herrentrekkingrades im Wert  von ca. 1400 EUR, welches in der Gilgenstra\u00dfe neben der Eingangst\u00fcr  eines Wohnhauses abgestellt war. Am Mittwoch meldete sich der  Gesch\u00e4digte erneut bei der Polizei, da sein Sohn gerade am Bahnhof einen  Mann auf dem entwendeten Fahrrad gesehen hat. Eine Polizeistreife  konnte die beschriebene, 53-j\u00e4hrige Person ohne festen Wohnsitz mit dem  Fahrrad am Bahnhof antreffen. Er gab dabei an, dass Fahrrad von einem  20-j\u00e4hrigen Wohnsitzlosen k\u00e4uflich erworben zu haben. Das Fahrrad wurde  daraufhin sichergestellt und wieder an den Gesch\u00e4digten ausgeh\u00e4ndigt.  Gegen 53-j\u00e4hrigen ermittelt die Polizei nun wegen Hehlerei, gegen den  20-J\u00e4hrigen wegen Diebstahl und Hehlerei. <\/p>\n\n\n\n<h4 class=\"wp-block-heading\">(Speyer) &#8211; Wildunfall mit Folgen<\/h4>\n\n\n\n<p>\u00c4u\u00dferst\n ungl\u00fccklich lief es f\u00fcr einen 50j\u00e4hrigen B\u00f6hl-Iggelheimer am \nDienstagabend kurz vor 20 Uhr, der mit seinem Mercedes auf der L528 aus \nRichtung B\u00f6hl-Iggelheim kommend einen Wildunfall hatte. Ca. 1000 Meter \nvor dem Ortseingang Speyer erfasste er frontal ein Wildschwein einer \nRotte, die die Fahrbahn querte. Das Tier verendete noch vor Ort. An dem \nnichtmehr fahrbereiten Fahrzeug des 50-J\u00e4hrigen entstand ein massiver \nFrontschaden in H\u00f6he von ca. 10.000 EUR. F\u00fcr den Fahrer neben dem \nmateriellen Schaden bedauerlich d\u00fcrfte der Umstand sein, dass die \nPolizeibeamten bei der Unfallaufnahme deutlichen Atemalkohol bei ihm \nwahrnahmen. Ein Atemalkoholtest ergab einen Wert von 1,24 Promille auf. \nDaraufhin wurde sein F\u00fchrerschein sichergestellt und er musste eine \nBlutprobe abgeben. Ihn erwartet nun ein Strafverfahren wegen \nTrunkenheitsfahrt. <\/p>\n\n\n\n<h4 class=\"wp-block-heading\">(Speyer) &#8211; Schutzengel zur richtigen Zeit am richtigen Ort<\/h4>\n\n\n\n<p>Einen  Schutzengel hatte ein 89-j\u00e4hriger Mann mit Kr\u00fccken aus Speyer am Dienstag gegen 13:30 Uhr. Eine 32-j\u00e4hrige Frau aus Speyer, die mit dem Zug vom  Speyerer Hauptbahnhof in Richtung Schifferstadt fuhr, sah diesen im  Nahbereich des Hauptbahnhofs in einem Geb\u00fcsch neben den Bahngleisen  liegend und verst\u00e4ndigte die Polizei, da sie sich um den Mann sorgte.  Der nicht orientierte, offensichtlich gest\u00fcrzte Mann konnte durch eine  Streife an der beschriebenen \u00d6rtlichkeit aufgefunden werden. Wie er  dorthin gelangte, konnte der Mann nicht mitteilen. Da er \u00fcber Schmerzen  klagte, wurde er an den Rettungsdienst \u00fcbergeben, welcher ihn zur  Untersuchung in ein Speyerer Krankenhaus verbracht. Sein Sohn wurde  hier\u00fcber in Kenntnis gesetzt. <\/p>\n\n\n\n<h4 class=\"wp-block-heading\">(Speyer) &#8211; Versuchter Einbruch in Hofladen<\/h4>\n\n\n\n<p>In  der Nacht von Montag auf Dienstag versuchten unbekannte T\u00e4ter  vergeblich, sich unbefugten Zutritt in einen Hofladen in der Auestra\u00dfe  zu verschaffen. An einer T\u00fcr und einem Fenster des Gesch\u00e4fts konnten  entsprechende Hebelspuren festgestellt werden. Offenbar gelang es nicht,  in den Hofladen einzudringen. Der an T\u00fcr und Fenster entstand Schaden  d\u00fcrfte bei ca. 750 EUR liegen. Zeugenhinweise in diesem Zusammenhang  nimmt die Polizei unter der Tel.-Nr. 06232-1370 oder per Mail an <a href=\"mailto:pispeyer@polizei.rlp.de\">pispeyer@polizei.rlp.de<\/a> entgegen. <\/p>\n\n\n\n<h4 class=\"wp-block-heading\">(Speyer) &#8211; Fahrraddieb nachtr\u00e4glich ermittelt und weiteres Fahrrad sichergestellt<\/h4>\n\n\n\n<p>Die\n Polizei Speyer konnte nachtr\u00e4glich einen Fahrraddiebstahl aufkl\u00e4ren, \nwelcher sich bereits am 21.10.2019 am Postplatz Speyer ereignete. Dort \nentwendeten zwischen 18.30 &#8211; 20:00 Uhr zun\u00e4chst unbekannte T\u00e4ter zwei \nverschlossen abgestellte Mountainbikes im Gesamtwert von etwa 1.700 EUR.\n Ca. 2 Monate nach der Tat, am 22.12.2019, erkannte nun einer der \nGesch\u00e4digten eine ihm fremde Person in der Johannesstra\u00dfe auf dem \ngestohlenen Fahrrad. Als er den 24-j\u00e4hrigen Mann aus Speyer auf das \nFahrrad ansprach, gab der an, das Fahrrad von einem entfernten Bekannten\n gekauft zu haben. Gemeinsam suchte man die Polizei auf, um die \nEigentumsverh\u00e4ltnisse an dem Fahrrad zu kl\u00e4ren. Dort konnten die \nPersonalien des Verk\u00e4ufers und somit Tatverd\u00e4chtigen des Diebstahls, \neinem 28-j\u00e4hrigen Mann aus R\u00f6merberg, ermittelt werden. Eine \nDurchsuchung in dessen Wohnung f\u00fchrte nicht zum Auffinden des zweiten \nentwendeten Mountainbikes. Allerdings fand man dort ein hochwertiges \nMountainbike der Marke Bergamont, f\u00fcr das der Beschuldigte keinen \nEigentumsnachweis vorbringen konnte und dass er f\u00fcr 60 EUR irgendwo in \nSpeyer gekauft haben will. Aufgrund des Verdachts, dass auch dieses \nFahrrad einem Diebstahl entstammt, wurde es sichergestellt und ein \nweiteres Strafverfahren gegen den Beschuldigten wegen Hehlerei an diesem\n Fahrrad eingeleitet. <\/p>\n\n\n\n<p>Zudem muss sich der 24-J\u00e4hrigen, der mit  einem der entwendeten Mountainbikes unterwegs war, wegen Hehlerei  strafrechtlich verantworten m\u00fcssen. Das von ihm genutzte Mountainbike  wurde abschlie\u00dfend wieder an seinen rechtm\u00e4\u00dfigen Eigent\u00fcmer  ausgeh\u00e4ndigt. <\/p>\n\n\n\n<h4 class=\"wp-block-heading\">(Schifferstadt) &#8211; Gefahrgutaustritt in Schifferstadt \/ Unerlaubter Umgang mit anderen gef\u00e4hrlichen Stoffen und G\u00fctern<\/h4>\n\n\n\n<p>Die Kriminalinspektion Ludwigshafen hat die Ermittlungen zu dem  Ereignis von gestern, 07.01.2020, aufgenommen. Ein Ermittlungsverfahren  wegen des Verdachts eines Vergehens gem\u00e4\u00df   \u00a7 328 StGB Unerlaubter  Umgang mit radioaktiven Stoffen und anderen gef\u00e4hrlichen Stoffen und  G\u00fctern und \u00a7 324a StGB Bodenverunreinigung wurde eingeleitet. Auf  Anordnung der Staatsanwaltschaft Frankenthal wurde der besch\u00e4digte  Tankauflieger sichergestellt und zur Feststellung der Schadensursache  und des Schadensausma\u00dfes Gutachter beauftragt. <\/p>\n\n\n\n<p>Wir informieren sobald erste Ergebnisse der Begutachtung vorliegen. <\/p>\n\n\n\n<h4 class=\"wp-block-heading\">(Schifferstadt) &#8211; Diebstahl von Ger\u00fcstteilen<\/h4>\n\n\n\n<p>In der Nacht von Dienstag, den 07.01. auf Mittwoch, den 08.01.2020 kam  es im Kestenbergerweg zum Diebstahl mehrerer Bauger\u00fcstteile, die auf  einer Pferdekoppel genutzt wurden. Bislang unbekannte T\u00e4ter dr\u00fcckten die  Umz\u00e4unung zum Grundst\u00fcck herunter und gelangten so auf das Gel\u00e4nde.  Anschlie\u00dfend wurden insgesamt 5 Ger\u00fcstplanken entwendet. Die  Schadensh\u00f6he betr\u00e4gt etwa 300 Euro. Zeugen, die Angaben zur Tat oder den  T\u00e4tern machen k\u00f6nnen, werden gebeten, sich mit der Polizei  Schifferstadt unter 06235 495-0 oder <a href=\"mailto:pischifferstadt@polizei.rlp.de\">pischifferstadt@polizei.rlp.de<\/a> in Verbindung zu setzen. <\/p>\n\n\n\n<h4 class=\"wp-block-heading\">(Schifferstadt) &#8211; Besitzer eines gestohlenen Fahrrades gesucht<\/h4>\n\n\n\n<div class=\"wp-block-image\"><figure class=\"aligncenter\"><img decoding=\"async\" loading=\"lazy\" width=\"800\" height=\"599\" src=\"https:\/\/speyer24news.com\/wp-content\/uploads\/2020\/01\/07.01.20-Schifferstadt-gestohlenes-Fahrrad.jpg\" alt=\"\" class=\"wp-image-24031\" srcset=\"https:\/\/speyer24news.com\/wp-content\/uploads\/2020\/01\/07.01.20-Schifferstadt-gestohlenes-Fahrrad.jpg 800w, https:\/\/speyer24news.com\/wp-content\/uploads\/2020\/01\/07.01.20-Schifferstadt-gestohlenes-Fahrrad-300x225.jpg 300w, https:\/\/speyer24news.com\/wp-content\/uploads\/2020\/01\/07.01.20-Schifferstadt-gestohlenes-Fahrrad-768x575.jpg 768w, https:\/\/speyer24news.com\/wp-content\/uploads\/2020\/01\/07.01.20-Schifferstadt-gestohlenes-Fahrrad-678x509.jpg 678w, https:\/\/speyer24news.com\/wp-content\/uploads\/2020\/01\/07.01.20-Schifferstadt-gestohlenes-Fahrrad-326x245.jpg 326w, https:\/\/speyer24news.com\/wp-content\/uploads\/2020\/01\/07.01.20-Schifferstadt-gestohlenes-Fahrrad-80x60.jpg 80w\" sizes=\"(max-width: 800px) 100vw, 800px\" \/><\/figure><\/div>\n\n\n\n<p>Am Dienstag, den 07.01.2020 gegen 21 Uhr, wurden der Polizeiinspektion  Schifferstadt zwei Personen gemeldet, die sich im Bereich des  Fahrradst\u00e4nders am Hauptbahnhof an den dort abgestellten Fahrr\u00e4dern zu  schaffen machen w\u00fcrden. Die zwei Personen konnten vor Ort durch die  eingesetzten Streifen gestellt werden. Sie f\u00fchrten ein Fahrrad mit,  welches sichergestellt wurde. Dar\u00fcber hinaus bestand gegen eine der  Personen, ein 20-J\u00e4hriger aus der Vorderpfalz, ein offener Haftbefehl,  auf Grund dessen er festgenommen und in eine Justizvollzugsanstalt  gebracht wurde. Nun wird der\/die rechtm\u00e4\u00dfige Eigent\u00fcmer\/-in des Rades  gesucht. Diese\/-r wird gebeten, sich mit der Polizei Schifferstadt unter  06235 495-0 oder <a href=\"mailto:pischifferstadt@polizei.rlp.de\">pischifferstadt@polizei.rlp.de<\/a> in Verbindung zu setzen. <\/p>\n\n\n\n<h4 class=\"wp-block-heading\">(Schifferstadt) &#8211; S\u00e4ugling ohne Sicherung transportiert<\/h4>\n\n\n\n<p>Einer Streife der Polizeiinspektion Schifferstadt fiel am Montagmittag  ein Pkw auf, in dem auf der R\u00fcckbank ein S\u00e4ugling hochgehalten wurde.  Bei der anschlie\u00dfenden Kontrolle stellte sich heraus, dass in dem  Fahrzeug kein entsprechender Kindersitz vorhanden war und das Kleinkind  auf dem Scho\u00df einer Mitfahrerin transportiert wurden. Die Beamten  untersagten daraufhin die Weiterfahrt. Erst nachdem der Fahrer einen  vorschriftsm\u00e4\u00dfigen Kindersitz besorgt hatte, durfte die Fahrt  fortgesetzt werden. Unabh\u00e4ngig davon haben die Beamten ein  Ordnungswidrigkeitenverfahren wegen fehlender Kindersicherung  eingeleitet. Das zieht ein Bu\u00dfgeld in H\u00f6he von 60 Euro und einen Punkt  nach sich. <\/p>\n\n\n\n<h4 class=\"wp-block-heading\">(Dudenhofen) &#8211; Kleinkraftradfahrer unter Drogeneinfluss<\/h4>\n\n\n\n<p>Bei  einem 59-j\u00e4hrigen Mann aus Hanhofen, der am Mittwochabend den Boligweg  mit einem Kleikraftrad befuhr, konnte die Polizei im Rahmen einer  allgemeinen Verkehrskontrolle drogentypische Auffallerscheinungen  feststellen. Ein Drogentest reagierte positiv auf THC und Kokain. Der  Kontrollierte r\u00e4umte im Rahmen der Kontrolle den k\u00fcrzlichen Konsum der  festgestellten Substanzen ein. In seinem Rucksack konnte zudem 1,2 Gramm  Cannabis aufgefunden und beschlagnahmt werden. Bei dem Betroffenen  wurde eine Blutprobe entnommen. Sein F\u00fchrerschein und die  Fahrzeugschl\u00fcssel wurden durch die Polizei pr\u00e4ventiv sichergestellt. <\/p>\n\n\n\n<h4 class=\"wp-block-heading\">(Lingenfeld) &#8211; Durchfahrtsverbot Am Hirschgraben \u00fcberwacht<\/h4>\n\n\n\n<p>Zehn Verst\u00f6\u00dfe gegen das Durchfahrtsverbot ahndeten Beamte der  Polizeiinspektion Germersheim am Mittwochmorgen in der Zeit von 8.15 bis  9.15 Uhr im Bereich Am Hirschgraben. Weiterhin wurden im Verlauf der  Verkehrs\u00fcberwachung drei Fahrzeuge wegen technischer M\u00e4ngel beanstandet.  Die Polizeiinspektion Germersheim weist daraufhin, dass an dem  Wirtschaftsweg ein Durchfahrtsverbot besteht und dieses zu beachten ist.  Mit weiteren Kontrollen muss jederzeit gerechnet werden. <\/p>\n\n\n\n<h4 class=\"wp-block-heading\">(Germersheim) &#8211; Wem geh\u00f6ren die Drogen ?<\/h4>\n\n\n\n<p>Ein Ermittlungsverfahren wegen Versto\u00df gegen das Bet\u00e4ubungsmittelgesetz  leiteten Beamte der Polizeiinspektion Germersheim am Mittwochabend  gegen 19 Uhr nach der Kontrolle von mehreren jungen M\u00e4nnern im Alter von  14 bis 18 Jahre ein. Ein Anwohner hatte sich \u00fcber p\u00f6belnde Jugendliche  im Bereich des Wohnmobilabstellplatzes in der Rudolf-von Habsburg-Stra\u00dfe  beschwert. Daraufhin konnten die Beamten die St\u00f6rer vor Ort ausfindig  machen und kontrollieren. Im Zuge der Kontrolle konnte auf dem  bodenliegend eine Aluminiumverpackung mit einer geringen Menge Amfetamin  auffinden. Die Drogen wurden sichergestellt. <\/p>\n\n\n\n<h4 class=\"wp-block-heading\">(Germersheim) &#8211; Mehrere tausend Euro nach Diebstahl erbeutet<\/h4>\n\n\n\n<p>Mehrere tausend Euro erbeutete ein bis dato unbekannter Tatverd\u00e4chtiger  bei einem Diebstahl am Mittwochmorgen zwischen 9.50 und 10.20 Uhr in  einem Einkaufsmarkt in Germersheim. Einer 71 &#8211; j\u00e4hrigen Frau aus  Germersheim wurde im Verlauf ihres Einkaufs der Geldbeutel aus der  Tasche gestohlen. In der Geldb\u00f6rse befand sich eine EC &#8211; Karte und ein  Notizzettel mit dem dazugeh\u00f6rigen PIN. Der Tatverd\u00e4chtige begab sich im  Anschluss zu einer Bank und hob unberechtigterweise Bargeld ab.  Ermittlungsverfahren wegen Diebstahl und Betrug wurden eingeleitet.  Derzeit liegen keine T\u00e4terhinweise vor. <\/p>\n\n\n\n<h4 class=\"wp-block-heading\">(R\u00fclzheim) &#8211; Radfahrerin st\u00fcrzt nach Vorfahrtsmissachtung<\/h4>\n\n\n\n<p>Absch\u00fcrfungen und Prellungen erlitt eine 58 &#8211; j\u00e4hrige Fahrradfahrerin  bei einem Verkehrsunfall im Bereich des Kreisverkehrs  Friedhofstra\u00dfe\/Kuhardter Stra\u00dfe am Dienstagmittag gegen 15 Uhr. Ein 54 &#8211;  j\u00e4hriger Autofahrer hatte eine 58 &#8211; j\u00e4hrigen Radfahrerin beim Einfahren  in den Kreisverkehr \u00fcbersehen, so dass es in Folge der  Vorfahrtsmissachtung zum Zusammensto\u00df der beiden Fahrzeuge kam. <\/p>\n\n\n\n<h4 class=\"wp-block-heading\">(Leimersheim) &#8211; 30.000 EUR Sachschaden nach Verkehrsunfall<\/h4>\n\n\n\n<p>Zirka 30.000 EUR Sachschaden und drei besch\u00e4digte Fahrzeuge sind das  Ergebnis eines Verkehrsunfalls am Dienstagabend gegen 21.30 Uhr in  Leimersheim. Ein 21 &#8211; j\u00e4hriger Autofahrer hatte vermutlich in Folge  nicht angepasster Geschwindigkeit die Kontrolle \u00fcber sein Fahrzeug  verloren und zwei geparkte Fahrzeuge besch\u00e4digt. Zwei der drei  unfallbeteiligten Personenkraftwagen waren nicht mehr fahrbereit und  mussten letztlich abgeschleppt werden. Gl\u00fccklicherweise blieb der 21 &#8211;  J\u00e4hrige bei dem Verkehrsunfall unverletzt. Im Rahmen der  Verkehrsunfallaufnahme konnten die Beamten an dem Fahrzeug des  Verursachers technische Ver\u00e4nderungen wie u.a. eine nicht genehmigte  Tieferlegung feststellen. <\/p>\n\n\n\n<h4 class=\"wp-block-heading\">(Jockgrim) &#8211; Brand einer Gartenh\u00fctte<\/h4>\n\n\n\n<p>Ein Jugendlicher befeuerte am Dienstag, dem 07.01.2020, gegen 19.00  Uhr, mit drei Freunden in der Gartenh\u00fctte seines Vaters in der  Schrebergartenanlage Stockst\u00fccke neben der Landstra\u00dfe 540 einen  Holzofen. Gegen 19.20 Uhr entz\u00fcndete sich am Ofenrohrausgang im Dach die  Holzdecke woraufhin er sofort die Rettungsleitstelle in Landau anrief,  die die Feuerwehren W\u00f6rth, Hatzenb\u00fchl und Jockgrim verst\u00e4ndigte. Mit  vereinten Kr\u00e4ften hatten die 47, mit acht Feuerwehrautos anger\u00fcckten  Feuerwehrleute den Brand schnell gel\u00f6scht. Personen kamen nicht zu  Schaden. Der Sachschaden wird auf etwa 2500 Euro gesch\u00e4tzt. <\/p>\n\n\n\n<h4 class=\"wp-block-heading\">(W\u00f6rth-Maximiliansau) &#8211; Fahrzeugbrand auf der Landstra\u00dfe 555<\/h4>\n\n\n\n<p>Am Dienstag, dem 07.01.2020, um 08.20 Uhr, wurde die Polizeiinspektion  W\u00f6rth \u00fcber einen Fahrzeugbrand auf der Landstra\u00dfe 555 zwischen  Maximiliansau und Hagenbach. Am Brandort konnte festgestellt werden,  dass ein Auto vermutlich aufgrund eines technischen Defekts in Brand  geraten war. Ein zuf\u00e4llig vorbeikommender Autofahrer hatte den Brand  mittels eines Handfeuer- l\u00f6schers teilweise gel\u00f6scht. Die Freiwillige  Feuerwehr W\u00f6rth war mit vier Fahrzeugen und 15 Wehrleuten im Einsatz und  l\u00f6schte den Brand vollends ab. <\/p>\n\n\n\n<h4 class=\"wp-block-heading\">(Berg) &#8211; Amtliche Kennzeichen eines Autos entwendet<\/h4>\n\n\n\n<p>Im Zeitraum von Samstag, dem 04.01.2020, bis Montag, den 06.01.2020,  entwendeten Unbekannte die an einem Seat Ibiza, der im R\u00f6merring geparkt  war, angebrachten amtlichen Kennzeichen GER-MH 193. <\/p>\n\n\n\n<h4 class=\"wp-block-heading\">(Kandel) &#8211; Sachbesch\u00e4digung am Kulturzentrum<\/h4>\n\n\n\n<p>Mitarbeiter der Stadt Kandel stellten am Montag, dem 06.01.2020 fest,  dass Unbekannte im Zeitraum von Freitag, dem 03.01.2020, bis Montag  insgesamt sechs Fensterscheiben des Kellergeschosses und eine  Fensterscheibe im Erdgeschoss des Kulturzentrums in der Luitpoldstra\u00dfe  besch\u00e4digt hatten. T\u00e4terhinweise werden an die Polizeiinspektion W\u00f6rth  erbeten. <\/p>\n\n\n\n<h4 class=\"wp-block-heading\">(Kandel) &#8211; Sachbesch\u00e4digung an Pkw<\/h4>\n\n\n\n<p>Unbekannte schlugen in der Nacht von Sonntag, dem 05.01.2020, auf  Montag, den 06.01.2020, mehrmals mit einem spitzen Gegenstand auf die  Windschutzscheibe eines in der Luitpoldstra\u00dfe abgestellten Pkw ein und  besch\u00e4digten diese. <\/p>\n\n\n\n<h4 class=\"wp-block-heading\">(Barbelroth) &#8211; Vorfahrt missachtet<\/h4>\n\n\n\n<p>Am Mittwoch, 08.01.2020, gegen 10:40 Uhr, kam es auf der B 427, im  Kreisverkehr bei Barbelroth, zu einem Verkehrsunfall. Der 57-j\u00e4hrige  Fahrer eines Pkw Hyundai Tucson befuhr die L 544 von Niederotterbach in  Richtung Barbelroth. Beim Einfahren in den Kreisverkehr missachtete der  Fahrer die Vorfahrt eines im Kreisverkehr befindlichen 56-j\u00e4hrigen  Fahrers eines Pkw Hyundai i20. Bei dem Zusammensto\u00df wurde keine Person  verletzt. Der Sachschaden betr\u00e4gt 2300.- Euro. <\/p>\n\n\n\n<h4 class=\"wp-block-heading\">(Bad Bergzabern) &#8211; Trunkenheitsfahrt<\/h4>\n\n\n\n<p>Am Donnerstag, 09.01.2020, gegen 00:35 Uhr, wurde die Fahrerin eines  Pkw Peugeot, in der K\u00f6nigstra\u00dfe, einer Verkehrskontrolle unterzogen.  Hierbei stellten die Beamten bei der 57-j\u00e4hrigen Fahrerin  Atemalkoholgeruch fest. Ein gerichtsverwertbarer Test ergab einen Wert  von 0,56 Promille. Gegen die 47-J\u00e4hrige wurde ein Bu\u00dfgeldverfahren  eingeleitet. Neben einer Geldbu\u00dfe wird in der Folge noch ein Fahrverbot  verh\u00e4ngt. <\/p>\n\n\n\n<h4 class=\"wp-block-heading\">(Oberschlettenbach) &#8211; Hochsitze besch\u00e4digt<\/h4>\n\n\n\n<p>In der Zeit von 02.01.-05.01.2020, wurden in den Gewannen Michelsb\u00fchl  und Haselstein, 2 Hochsitze mutwillig besch\u00e4digt. Der Sachschaden  bel\u00e4uft sich auf 250.- Euro. Zeugen, die Hinweise zu der Tat oder T\u00e4ter  machen k\u00f6nnen, werden gebeten sich unter 06343\/93340 oder per E-Mail  unter <a href=\"mailto:pibadbergzabern@polizei.rlp.de\">pibadbergzabern@polizei.rlp.de<\/a> bei der Polizei Bad Bergzabern zu melden. <\/p>\n\n\n\n<h4 class=\"wp-block-heading\">(Landau) &#8211; Verkehrsunfallflucht<\/h4>\n\n\n\n<p>Zu einem Verkehrsunfall kam es am 7.1.2020, zwischen 12.00 und 16.00  Uhr in Landau, Godramsteiner Stra\u00dfe 32. Hier wurde bei einem  ordnungsgem\u00e4\u00df geparkten Pkw der linke Au\u00dfenspiegel durch ein  vorbeifahrendes Fahrzeug besch\u00e4digt. Der Verursacher entfernte sich  unerlaubt von der Unfallstelle. Sachdienliche Hinweise erbittet die  Polizei Landau unter Tel. Nr. 06341\/2870 oder per Email an <a href=\"mailto:pilandau@polizei.rlp.de\">pilandau@polizei.rlp.de<\/a> <\/p>\n\n\n\n<h4 class=\"wp-block-heading\">(Landau) &#8211; Verkehrsunfall, Radfahrer fl\u00fcchtet<\/h4>\n\n\n\n<p>Am 7.1.20, gegen 08.10 Uhr, ereignete sich in Landau, Fortstra\u00dfe 8 ein  Verkehrsunfall mit einem st\u00e4dtischen Reinigungsfahrzeug und  einem  Fahrradfahrer. W\u00e4hrend der Fahrer des st\u00e4dtischen Reinigungsfahrzeuges  mit eingeschaltetem Warnblinker am rechten Parkplatzrand stand und die  T\u00fcr etwas \u00f6ffnete, fuhr ein m\u00e4nnlicher Radfahrer sehr dicht und schnell  am stehenden Reinigungsfahrzeug vorbei. Der Radfahrer stie\u00df gegen die  T\u00fcr. Der m\u00e4nnliche Radfahrer machte lediglich ein Foto von dem  Reinigungsfahrzeug, bedachte den st\u00e4dtischen Mitarbeiter mit einer  Beleidigung und fuhr davon, ohne seinen Pflichten als Unfallbeteiligter  nachzukommen. An der T\u00fcr des Reinigungsfahrzeuges entstand ein  Sachschaden. Der fl\u00fcchtige Radfahrer wird auf ein Alter zwischen 16-25  Jahre, 180 &#8211; 185 cm gro\u00df, kurze Haare beschrieben. Er fuhr auf einem  Rennrad. Sachdienliche Hinweise erbittet die Polizei Landau unter Tel.  Nr. 06341\/2870 oder per Email an <a href=\"mailto:pilandau@polizei.rlp.de\">pilandau@polizei.rlp.de<\/a> <\/p>\n\n\n\n<h4 class=\"wp-block-heading\">(Edesheim) &#8211; \u00dcberladen<\/h4>\n\n\n\n<div class=\"wp-block-image\"><figure class=\"aligncenter\"><img decoding=\"async\" loading=\"lazy\" width=\"800\" height=\"600\" src=\"https:\/\/speyer24news.com\/wp-content\/uploads\/2020\/01\/09.01.20-Edesheim-\u00dcberladung.jpg\" alt=\"\" class=\"wp-image-24032\" srcset=\"https:\/\/speyer24news.com\/wp-content\/uploads\/2020\/01\/09.01.20-Edesheim-\u00dcberladung.jpg 800w, https:\/\/speyer24news.com\/wp-content\/uploads\/2020\/01\/09.01.20-Edesheim-\u00dcberladung-300x225.jpg 300w, https:\/\/speyer24news.com\/wp-content\/uploads\/2020\/01\/09.01.20-Edesheim-\u00dcberladung-768x576.jpg 768w, https:\/\/speyer24news.com\/wp-content\/uploads\/2020\/01\/09.01.20-Edesheim-\u00dcberladung-678x509.jpg 678w, https:\/\/speyer24news.com\/wp-content\/uploads\/2020\/01\/09.01.20-Edesheim-\u00dcberladung-326x245.jpg 326w, https:\/\/speyer24news.com\/wp-content\/uploads\/2020\/01\/09.01.20-Edesheim-\u00dcberladung-80x60.jpg 80w\" sizes=\"(max-width: 800px) 100vw, 800px\" \/><\/figure><\/div>\n\n\n\n<p>Gut gef\u00fcllt war ein Anh\u00e4nger, den Beamte am Donnerstag gegen 15 Uhr  zwischen Kleinfischlingen und Edesheim kontrollierten. Der geladene  Bauschutt ragte deutlich \u00fcber die Bordwand, so dass bereits kleine Teile  bei der Hinterherfahrt herunterrieselten. Die Weiterfahrt mit dem  Anh\u00e4nger wurde untersagt. Gegen den 50-j\u00e4hrigen Fahrer wurde ein  Ordnungswidrigkeitenverfahren eingeleitet. <\/p>\n\n\n\n<h4 class=\"wp-block-heading\">(Edenkoben) &#8211; Hoher Sachschaden durch kurze Unaufmerksamkeit<\/h4>\n\n\n\n<p>Etwa 10.000 EUR Sachschaden sind das Ergebnis einer kurzen  Unaufmerksamkeit in Verbindung mit nicht angepasster Geschwindigkeit am  Mittwoch (08.01.). Gegen 16:20 Uhr befuhr eine 51-J\u00e4hrige aus der  Verbandsgemeinde Landau-Land mit ihrem PKW die Staatsstra\u00dfe in Richtung  Luitpoldstra\u00dfe aus Fahrtrichtung Landau kommend. Als sie auf H\u00f6he einer  Tankstelle verkehrsbedingt abbremsen musste, bemerkte dies die  nachfolgende 59-j\u00e4hrige Autofahrerin aus der Verbandsgemeinde Maikammer  zu sp\u00e4t, sodass es zu einem Auffahrunfall kam. Verletzt wurde hierbei  keine der Beteiligten. <\/p>\n\n\n\n<h4 class=\"wp-block-heading\">(Edenkoben) &#8211; Zahlreiche &#8222;HU-S\u00fcnder&#8220; im Bereich der PI Edenkoben<\/h4>\n\n\n\n<p>Am Mittwoch (08.01.) wurden durch Beamte der Polizeiinspektion  Edenkoben im Zeitraum 10 &#8211; 12 Uhr Kontrollma\u00dfnahmen im Hinblick auf  abgelaufene Hauptuntersuchungen durchgef\u00fchrt. Hierbei wurden 21 Verst\u00f6\u00dfe  festgestellt. <\/p>\n\n\n\n<h4 class=\"wp-block-heading\">(Maikammer) &#8211; Renitenter Ladendieb<\/h4>\n\n\n\n<p>Mit Schl\u00e4gen und Tritten wehrte sich am Mittwoch (08.01.) ein  Ladendieb, als er durch beherzte Zeugen an seiner weiteren Flucht  gehindert werden sollte. Zuvor hatte der 47-J\u00e4hrige gegen 14:45 Uhr in  einem Einkaufsmarkt diverse Lebensmittel entwendet. Als er seine  &#8222;Verfolger&#8220; bemerkte, warf er die Lebensmittel weit von sich und wehrte  sich anschlie\u00dfend mit H\u00e4nden und F\u00fc\u00dfen. Hierbei blieben die Zeugen  gl\u00fccklicherweise unverletzt. Zudem konnte der Mann bis zum Eintreffen  der verst\u00e4ndigten Polizeibeamten aus Edenkoben festgehalten werden.  Diese verbrachten den Ladendieb aus der Verbandsgemeinde Maikammer zur  Durchf\u00fchrung weiterer Ma\u00dfnahmen zur hiesigen Polizeiinspektion. Es  wurden mehrere Strafverfahren eingeleitet. <\/p>\n\n\n\n<h4 class=\"wp-block-heading\">(Neustadt \/ B 39) &#8211; Verkehrsunfall mit leichtverletzter Person<\/h4>\n\n\n\n<div class=\"wp-block-image\"><figure class=\"aligncenter\"><img decoding=\"async\" loading=\"lazy\" width=\"800\" height=\"533\" src=\"https:\/\/speyer24news.com\/wp-content\/uploads\/2020\/01\/09.01.20-NW-VU.jpg\" alt=\"\" class=\"wp-image-24034\" srcset=\"https:\/\/speyer24news.com\/wp-content\/uploads\/2020\/01\/09.01.20-NW-VU.jpg 800w, https:\/\/speyer24news.com\/wp-content\/uploads\/2020\/01\/09.01.20-NW-VU-300x200.jpg 300w, https:\/\/speyer24news.com\/wp-content\/uploads\/2020\/01\/09.01.20-NW-VU-768x512.jpg 768w\" sizes=\"(max-width: 800px) 100vw, 800px\" \/><\/figure><\/div>\n\n\n\n<p>Am 09.01.2020 um ca. 17:05 Uhr kam es auf der B39, H\u00f6he des  Autobahnzubringers der BAB65 Neustadt Nord, zu einem Verkehrsunfall mit  einer leichtverletzten Person. Ein 31-j\u00e4hriger Neustadter wollte mit  seinem Opel nach links auf die BAB65 in Fahrtrichtung Landau auffahren.  Dabei \u00fcbersah er, aufgrund mangelnder Aufmerksamkeit, einen  entgegenkommenden, bevorrechtigten, 51-j\u00e4hrigen Fahrzeugf\u00fchrer. Dieser  konnte seinen Fiat nicht mehr rechtzeitig bremsen, wodurch es zu einer  Kollision der beiden Kleinwagen kam. In Folge dessen wurden am Fahrzeug  des 51-j\u00e4hrigen Mannes die Airbags ausgel\u00f6st. Durch die Wucht des  Aufpralls erlitt dieser Platzwunden bzw. Schnittwunden an der  Handinnenfl\u00e4che, welche eine chirurgische Versorgung im Krankenhaus  erforderten. <\/p>\n\n\n\n<p>Da beide Fahrzeuge nicht mehr fahrbereit waren und \nes zum Austritt von Betriebsfl\u00fcssigkeit kam, musste eine Fahrspur f\u00fcr \netwa eine Stunde teilgesperrt und entsprechende \nVerkehrslenkungsma\u00dfnahmen getroffen werden. Hierdurch kam es teilweise \nzu R\u00fcckstaus in alle Fahrtrichtungen. Nachdem die Fahrbahn durch die \nFreiwillige Feuerwehr Lachen-Speyerdorf gereinigt wurde und die \nFahrzeuge durch ein Abschleppunternehmen geborgen wurden, konnte die \nFahrbahn wieder freigegeben werden. <\/p>\n\n\n\n<p>Den unverletzten 31-j\u00e4hrigen Neustadter erwartet nun ein Strafverfahren <\/p>\n\n\n\n<h4 class=\"wp-block-heading\">(Neustadt-Hambach) &#8211; Totalschaden bei Verkehrsunfall<\/h4>\n\n\n\n<div class=\"wp-block-image\"><figure class=\"aligncenter\"><img decoding=\"async\" loading=\"lazy\" width=\"800\" height=\"600\" src=\"https:\/\/speyer24news.com\/wp-content\/uploads\/2020\/01\/08.01.20-NW-VU.jpg\" alt=\"\" class=\"wp-image-24033\" srcset=\"https:\/\/speyer24news.com\/wp-content\/uploads\/2020\/01\/08.01.20-NW-VU.jpg 800w, https:\/\/speyer24news.com\/wp-content\/uploads\/2020\/01\/08.01.20-NW-VU-300x225.jpg 300w, https:\/\/speyer24news.com\/wp-content\/uploads\/2020\/01\/08.01.20-NW-VU-768x576.jpg 768w, https:\/\/speyer24news.com\/wp-content\/uploads\/2020\/01\/08.01.20-NW-VU-678x509.jpg 678w, https:\/\/speyer24news.com\/wp-content\/uploads\/2020\/01\/08.01.20-NW-VU-326x245.jpg 326w, https:\/\/speyer24news.com\/wp-content\/uploads\/2020\/01\/08.01.20-NW-VU-80x60.jpg 80w\" sizes=\"(max-width: 800px) 100vw, 800px\" \/><\/figure><\/div>\n\n\n\n<p>Am 08.01.2020 gegen 20:30 Uhr wurden einige Anwohner der Dammstra\u00dfe im  Ortsteil Neustadt-Hambach durch einen lauten Knall hellh\u00f6rig. Ursache  des Knalls war ein Verkehrsunfall in der Dammstra\u00dfe. Ein 38-j\u00e4hriger  Italiener aus Neustadt kam aufgrund von Unachtsamkeit nach rechts von  der Fahrbahn ab und kollidierte mit einer Absperrung auf dem Gehweg.  Durch den Zusammensto\u00df drehte sich das Unfallfahrzeug um die eigene  Achse und blieb als Totalschaden stehen. Die Metallstangen der  Absperrung wurden stark verbogen. Mehrere hilfsbereite Anwohner kamen  dem zu Gl\u00fcck unverletzten Verkehrsunfallverursacher zur Hilfe und  warnten weitere Verkehrsteilnehmer vor der Gefahrenstelle. Das Fahrzeug  wurde durch ein Abschleppunternehmen abgeschleppt. <\/p>\n\n\n\n<h4 class=\"wp-block-heading\">(Neustadt \/ Ha\u00dfloch) &#8211; Drohung mit h\u00f6herer Gewalt gl\u00fccklicherweise wirkungslos<\/h4>\n\n\n\n<p>Die Drohung der 43-j\u00e4hrigen Schwiegermutter aus Ha\u00dfloch, die 21-j\u00e4hrige  Gesch\u00e4digte mit einem Fluch zu \u00fcberziehen, entfaltete gl\u00fccklicherweise  nicht die gew\u00fcnschte Wirkung, n\u00e4mlich, die Gesch\u00e4digte davon  abzubringen, ihr Kind auszutragen. Zwar zerbrach zwischenzeitlich auch  die Beziehung der 21-J\u00e4hrigen mit ihrem gleichaltrigen Freund, vor allem  auch deshalb, weil er ihr gegen\u00fcber mehrfach handgreiflich geworden  war, jedoch ist davon auszugehen, dass in einigen Monaten ein neuer  Erdenb\u00fcrger oder eine neue Erdenb\u00fcrgerin begr\u00fc\u00dft werden kann. Die  Drohung wurde bereits Ende Dezember ausgesprochen. Aufgrund der  Gesamtumst\u00e4nde entschied sich die Gesch\u00e4digte am 08.01.20 zur  Anzeigenerstattung. <\/p>\n\n\n\n<h4 class=\"wp-block-heading\">(Neustadt) &#8211; Elterntaxis bringen nicht wirklich Sicherheit<\/h4>\n\n\n\n<div class=\"wp-block-image\"><figure class=\"aligncenter\"><img decoding=\"async\" loading=\"lazy\" width=\"800\" height=\"531\" src=\"https:\/\/speyer24news.com\/wp-content\/uploads\/2020\/01\/Elterntaxi.jpg\" alt=\"\" class=\"wp-image-24035\" srcset=\"https:\/\/speyer24news.com\/wp-content\/uploads\/2020\/01\/Elterntaxi.jpg 800w, https:\/\/speyer24news.com\/wp-content\/uploads\/2020\/01\/Elterntaxi-300x199.jpg 300w, https:\/\/speyer24news.com\/wp-content\/uploads\/2020\/01\/Elterntaxi-768x510.jpg 768w\" sizes=\"(max-width: 800px) 100vw, 800px\" \/><\/figure><\/div>\n\n\n\n<p>Zwischen 07:30 Uhr und kurz nach 08:00 Uhr haben die Beamtinnen und  Beamten der Polizeiinspektion Neustadt am 08.01.20 an der Ostschule eine  Schulwegkontrolle durchgef\u00fchrt. Der Fahrradverkehr musste in mehreren  F\u00e4llen dadurch gesch\u00fctzt werden, dass Fahrzeugf\u00fchrer*innen zur  Weiterfahrt aufgefordert wurden, die im Begriff waren, illegal direkt im  Bereich der Schule zu parken. Ein Fahrzeugf\u00fchrer wurde verwarnt, da er  sein Kind ohne Kindersitz transportierte. Ein M\u00e4ngelbericht wurde wegen  fehlender Beleuchtung an einem Fahrrad ausgestellt. <\/p>\n\n\n\n<h4 class=\"wp-block-heading\">(Neustadt) &#8211; Mit Alkohol im Blut Beamte beleidigt und Widerstand geleistet<\/h4>\n\n\n\n<p>Ein 50-j\u00e4hriger Mann wollte am 07.01.2020 gegen 14:50 Uhr  augenscheinlich betrunken im Beisein einer Polizeistreife auf sein  Fahrrad steigen. Im Rahmen der weiteren Kommunikation wurde starker  Atemalkoholgeruch festgestellt. Der Mann verweigerte zun\u00e4chst die  Angaben der Personalien und gab an, mit seinem Fahrrad wegzufahren. Er  hielt eine Hand in der Tasche und ging pl\u00f6tzlich auf einen der  kontrollierenden Beamten zu, der ihn auf Abstand hielt. Der 50-j\u00e4hrige  wurde zunehmend aggressiver und wollte offensichtlich dem Beamten einen  Faustschlag versetzen. Durch den Einsatz von Pfefferspray und einer  weiteren hinzugezogenen Streife konnte der Mann zu Boden gebracht und  festgenommen werden. Hierbei wehrte er sich erheblich, beleidigte die  eingesetzten Kr\u00e4fte und bespuckte sie. Zum Schutz der Beamten wurde ihm  eine Spuckschutzhaube auferlegt. Er wurde zur Dienststelle gebracht und  ihm wurde eine Blutprobe entnommen. Ein freiwilliger Atemalkoholtest  ergab eine Konzentration von 2,09 Promille. Der 50-J\u00e4hrige der keinen  festen Wohnsitz hat, ist bereits polizeilich in \u00e4hnlichen F\u00e4llen  aufgetreten. Er wurde nach Beendigung der Ma\u00dfnahmen wieder auf freien  Fu\u00df gesetzt.<\/p>\n\n\n\n<h4 class=\"wp-block-heading\">(Neustadt) &#8211; Verkehrskontrollen im Dienstbezirk<\/h4>\n\n\n\n<p>Am 07.01.2020 zwischen 09:30 Uhr und 11:00 Uhr wurde auf der B39 in  Lambrecht (50 km\/h) eine \u00dcberpr\u00fcfung der gefahrenen Geschwindigkeiten  durchgef\u00fchrt. Insgesamt waren 22 Fahrzeugf\u00fchrer zu schnell unterwegs.  Die h\u00f6chste gemessene Geschwindigkeit betrug 73 km\/h. Ein Fahrzeugf\u00fchrer  war nicht angegurtet. In Neustadt wurde am 07.01.2020 zwischen 12:15  Uhr und 13:15 Uhr wurde in der Landauer Stra\u00dfe kontrolliert. Hier fielen  zwei Fahrzeugf\u00fchrer auf, die w\u00e4hrend der Fahrt das Mobiltelefon  benutzten. Zwei Fahrzeugf\u00fchrer waren nicht angegurtet.<\/p>\n\n\n\n<h4 class=\"wp-block-heading\">(A 65 \/ Ha\u00dfloch) &#8211; Unbekannter LKW-Fahrer fl\u00fcchtet nach Verkehrsunfall<\/h4>\n\n\n\n<div class=\"wp-block-image\"><figure class=\"aligncenter\"><img decoding=\"async\" loading=\"lazy\" width=\"800\" height=\"561\" src=\"https:\/\/speyer24news.com\/wp-content\/uploads\/2020\/01\/08.01.20-Ha\u00dfloch-VUF.jpg\" alt=\"\" class=\"wp-image-24036\" srcset=\"https:\/\/speyer24news.com\/wp-content\/uploads\/2020\/01\/08.01.20-Ha\u00dfloch-VUF.jpg 800w, https:\/\/speyer24news.com\/wp-content\/uploads\/2020\/01\/08.01.20-Ha\u00dfloch-VUF-300x210.jpg 300w, https:\/\/speyer24news.com\/wp-content\/uploads\/2020\/01\/08.01.20-Ha\u00dfloch-VUF-768x539.jpg 768w\" sizes=\"(max-width: 800px) 100vw, 800px\" \/><\/figure><\/div>\n\n\n\n<p>Die Polizei Edenkoben sucht derzeit Zeugen, die Angaben zu einem LKW  machen k\u00f6nnen, der am Mittwochmorgen gegen 07.30 Uhr an einem  Verkehrsunfall auf der A 65 kurz nach der Anschlussstelle Ha\u00dfloch in  Fahrtrichtung Karlsruhe beteiligt gewesen ist. Zum Unfallzeitpunkt war  ein 18-j\u00e4hriger Autofahrer auf der linken Fahrspur, um den unbekannten  LKW zu \u00fcberholen, als dieser &#8211; ohne auf den r\u00fcckw\u00e4rtigen Verkehr zu  achten &#8211; nach links ausscherte. Der 18-J\u00e4hrige bremste sein Fahrzeug ab,  kam dabei ins Schleudern und nach rechts von der Fahrbahn ab. Im  angrenzenden Acker \u00fcberschlug sich das Fahrzeug. Der junge Autofahrer  kam mit leichten Verletzungen in ein Krankenhaus. An seinem PKW entstand  wirtschaftlicher Totalschaden. Der LKW-Fahrer machte sich aus dem  Staub. Hinweise zu diesem nimmt die Polizei Edenkoben unter der  Telefonnummer 06323 9550 entgegen. Die Feuerwehr war mit 14 Mann vor  Ort. Es kam zu Verkehrsbehinderungen. <\/p>\n\n\n\n<h4 class=\"wp-block-heading\">(Ha\u00dfloch) &#8211; E-Rollerfahrer unter Drogeneinwirkung<\/h4>\n\n\n\n<p>Am Morgen des 08.01.20 wurde durch die Ha\u00dflocher Polizei anl\u00e4sslich der  zu Ende gegangenen Winterferien der Schulweg an der Schillerschule  \u00fcberpr\u00fcft. Erfreulicherweise konnte dort nichts Besonderes festgestellt  werden. Sowohl die Eltern, als auch die Kinder verhielten sich  vorbildlich. Anders dagegen der Fahrer eines E-Scooters, der die  Schillerstra\u00dfe in flotter Fahrweise ohne Licht befuhr. Bei Kontrolle des  20 j\u00e4hrigen Ha\u00dflochers, welcher der Polizei &#8222;bestens bekannt&#8220; war,  stellten die Beamten deutliche Anzeichen auf den Konsum von Drogen fest.  Der junge Mann musste die Beamten anschlie\u00dfend zur Wache begleiten, wo  eine Blutprobe f\u00e4llig war. Die Polizei weist in diesem Zusammenhang  darauf hin, dass auch ein F\u00fchren eines E-Scooters sowohl unter  Alkohol-\/als Drogeneinwirkung stets strafrechtliche Konsequenzen hat. <\/p>\n\n\n\n<h4 class=\"wp-block-heading\">(Meckenheim) &#8211; Zwei PKW-F\u00fchrer unter dem Einfluss von Cannabis<\/h4>\n\n\n\n<p>Am 07.01.2020 gegen 23:30 Uhr wurde ein 23-j\u00e4hriger PKW-Fahrer in  Meckenheim einer Verkehrskontrolle unterzogen. Im Rahmen der  Fahrt\u00fcchtigkeits\u00fcberpr\u00fcfung wurden bei dem jungen Mann deutliche  Anzeichen festgestellte, welche auf den Konsum von Bet\u00e4ubungsmittel  hinwiesen. Ein freiwilliger Drogenvortest best\u00e4tigte den Konsum von  Cannabis. Im Rahmen der anschlie\u00dfend durchgef\u00fchrten Fahrzeugdurchsuchung  konnten Utensilien zum Konsum von Marihuana sowie Marihuana aufgefunden  und sichergestellt werden. <\/p>\n\n\n\n<p>Unmittelbar nach dem 23-j\u00e4hrigen  geriet ein 21-j\u00e4hriger PKW-Fahrer in den Fokus der Beamten, da bei der  Verkehrskontrolle deutlicher Marihuanageruch aus dem Fahrzeuginneren  drang. Bei der anschlie\u00dfend durchgef\u00fchrten Fahrt\u00fcchtigkeits\u00fcberpr\u00fcfung  wurde bei dem 21-j\u00e4hrigen ebenfalls eine deutliche  Bet\u00e4ubungsmittelbeeinflussung festgestellt. Auch hier best\u00e4tigte ein  freiwilliger Drogenvortest den Cannabiskonsum. Beide Fahrzeugf\u00fchrer  mussten ihre Kraftfahrzeuge vor Ort stehen lassen und die Beamten zur  Entnahme einer Blutprobe begleiten. Sie erwartet neben einer  Ordnungswidrigkeitenanzeige wegen des F\u00fchrens eines Kraftfahrzeuges  unter dem Einfluss von berauschenden Mitteln, eine Strafanzeige wegen  des Versto\u00dfes gegen das Bet\u00e4ubungsmittelgesetz. <\/p>\n\n\n\n<h4 class=\"wp-block-heading\">(B 271 \/ Wachenheim a. d. Weinstra\u00dfe) &#8211; Gef\u00e4hrliches Wendeman\u00f6ver<\/h4>\n\n\n\n<p>Am 09.01.2020 gegen 16:25 Uhr verursachte ein bislang unbekannter  Fahrer mit seinem silberfarbenen Skoda Fabia eine gef\u00e4hrliche  Verkehrssituation, weshalb sich bei der Polizei Bad D\u00fcrkheim mehrere  Verkehrsteilnehmer telefonisch meldeten. Der Fahrer fuhr zun\u00e4chst von  der B271 aus Richtung Bad D\u00fcrkheim kommend auf den Parkplatz der &#8222;Villa  Rustica&#8220; in Wachenheim auf. An der Parkplatzausfahrt wendete der Fahrer  verkehrswidrig und fuhr zur\u00fcck in Richtung Bad D\u00fcrkheim. Bei diesem  Wendeman\u00f6ver \u00fcberfuhr er die dortige Bodenschwelle und zog diese mit  sich, sodass diese auf die Fahrbahn der B 271 ragte und ein Hindernis  f\u00fcr den folgenden Verkehr darstellte. Zwar kam es in der Folge zu keinem  Verkehrsunfall, jedoch wurden aufgrund der Gef\u00e4hrdung die Ermittlungen  wegen eines gef\u00e4hrlichen Eingriffs in den Stra\u00dfenverkehr aufgenommen.  Die Bodenschwelle konnte durch die eingesetzten Beamten wieder auf ihre  urspr\u00fcngliche Position zur\u00fcck geschoben werden. <\/p>\n\n\n\n<p>Sollten Sie Zeuge\n des Vorfalls geworden sein oder Hinweise zum Verursacher geben k\u00f6nnen, \nsetzten Sie sich bitte mit der Polizeiinspektion Bad D\u00fcrkheim unter Tel.\n 06322\/963-0, oder <a href=\"mailto:pibadduerkheim@polizei.rlp.de\">pibadduerkheim@polizei.rlp.de<\/a> in Verbindung. <\/p>\n\n\n\n<h4 class=\"wp-block-heading\">(Bad D\u00fcrkheim) &#8211; Betrunkene, \u00e4ltere Pkw-Fahrerin beleidigt Polizeibeamtinnen u.a.<\/h4>\n\n\n\n<p>Am 09.01.20, gegen 00:35 Uhr, wurde die Polizei Bad D\u00fcrkheim von einem  Pkw-Fahrer dar\u00fcber informiert, dass er derzeit auf der A 650 i.R. Bad  D\u00fcrkheim unterwegs sei und sich vor ihm ein Pkw befinde, der deutliche  &#8222;Schlangenlinien&#8220; fahren w\u00fcrde. Nachdem die Fahrzeugf\u00fchrerin an ihrer  Wohnanschrift angekommen war, wurde sie durch die zwischenzeitlich  eingetroffene Funkstreifenbesatzung einer Kontrolle unterzogen. Hierbei  fuchtelte die stark schwankende Frau wild mit dem Armen um sich,  reagierte nicht auf die Ansprache der Polizeikr\u00e4fte und versuchte immer  wieder in ihre Wohnung zu fl\u00fcchten. Dies wurde unterbunden und  letztendlich mussten der Frau Handschellen angelegt werden. Vor Ort  wurde auch noch festgestellt, dass die 75-j\u00e4hrige Fahrzeugf\u00fchrerin beim  Parken ihres Pkw einen Holzzaun besch\u00e4digt hatte. Einen Atemalkoholtest  konnte sie vor Ort nicht ordnungsgem\u00e4\u00df durchf\u00fchren. <\/p>\n\n\n\n<p>Beim \nEinsteigen in den Funkstreifenwagen, um sie auf die Dienststelle zu \nbringen, wo ihr eine Blutprobe entnommen werden sollte, beleidigte die \n\u00e4ltere Dame zwei Polizeibeamtinnen auf das \u00dcbelste. Auf der Dienststelle\n wurden der Dame die Handschellen abgenommen. <\/p>\n\n\n\n<p>Anschlie\u00dfend gelang\n es dann doch noch einen Atemalkoholtest durchzuf\u00fchren. Dieser ergab \neinen Wert von ca. 1,3 Promille. Der Frau wurde danach durch einen Arzt \neine Blutprobe entnommen. <\/p>\n\n\n\n<p>Auf dem Weg zur Toilette versuchte die \nFrau zu fl\u00fcchten und schlug nach einer Polizeibeamtin. Diese wurde \njedoch nicht getroffen. Der Frau wurden nun abermals Handschellen \nangelegt, um weitere Angriffe zu verhindern. <\/p>\n\n\n\n<p>Da die \u00e4ltere Dame  starke Stimmungsschwankungen zeigte und sie sich kaum noch alleine auf  den Beinen halten konnte und keine Angeh\u00f6rigen ermittelt werden konnten,  wurde sie nach Beendigung der polizeilichen Ma\u00dfnahmen zu ihrem Schutz  in Gewahrsam genommen und nach Neustadt gebracht, wo sie ihren Rausch  ausschlafen konnte. <\/p>\n\n\n\n<h4 class=\"wp-block-heading\">(Gr\u00fcnstadt) &#8211; Brand in einem Einfamilienhaus in Gr\u00fcnstadt<\/h4>\n\n\n\n<p>In den Abendstunden des 08.01.2020 kam es in der Stra\u00dfe &#8222;Am Wehrhaus&#8220;  in Gr\u00fcnstadt zu einem Brand in einem Einfamilienhaus. Bei dem Brand  verstarb der Bewohner des Anwesens. Das Anwesen ist nicht mehr  bewohnbar. Der Sachschaden bel\u00e4uft sich nach ersten Sch\u00e4tzungen auf ca.  300 000 EUR. Nach derzeitigem Ermittlungsstand k\u00f6nnen keine Aussagen  bez\u00fcglich einer m\u00f6glichen Brandursache gemacht werden. Die Ermittlungen  zur Brandursache hat die Kriminalpolizei Ludwigshafen \u00fcbernommen und  dauern an. <\/p>\n\n\n\n<h4 class=\"wp-block-heading\">(Maxdorf) &#8211; Sachbesch\u00e4digung an Weidezaun<\/h4>\n\n\n\n<p>Am Dienstag, den 08.01.2020 zwischen 06:00 Uhr und 11:30 Uhr wurde  durch bislang unbekannte T\u00e4ter der Zaun einer Weidefl\u00e4che am Ortsrand  von Maxdorf besch\u00e4digt. Hierdurch konnten mehrere Rinder von der Weide  entweichen. Eine \u00dcberpr\u00fcfung ergab, dass der Zaun durchschnitten wurde.  Zu einer Gef\u00e4hrdung des Stra\u00dfenverkehrs oder von Personen kam es  hierdurch nicht. Der Sachschaden wird auf ca. 200 EUR gesch\u00e4tzt. <\/p>\n\n\n\n<p>Wer  sachdienliche Hinweise zu dem genannten Fall geben kann, wird gebeten  sich mit der Polizeiwache Maxdorf unter der Rufnummer 06237\/934-1100 in  Verbindung zu setzen. Hinweise k\u00f6nnen auch per E-Mail unter <a href=\"mailto:pwmaxdorf@polizei.rlp.de\">pwmaxdorf@polizei.rlp.de<\/a> an die Polizei \u00fcbermittelt werden. <\/p>\n\n\n\n<h4 class=\"wp-block-heading\">(Lambsheim) &#8211; Verkehrskontrolle mit Fahrzeugf\u00fchrer unter Einfluss von Alkohol und Bet\u00e4ubungsmittel<\/h4>\n\n\n\n<p>Am Dienstag, den 08.01.2020 gegen 11:30 Uhr wurde durch Polizeibeamte  der Polizeiwache Maxdorf eine Kontrollstelle an der K2 zwischen  Lambsheim und Gerolsheim betrieben. Gegen 12:30 Uhr wurde bei einem 54  j\u00e4hrigen PKW-F\u00fchrer sowohl Alkoholgeruch, als auch Hinweise auf  vorangegangenen Konsum von Marihuana festgestellt. Beim Fahrer konnte  ein Atemalkoholwert von 0,39 Promille festgestellt werden. Dem Fahrer  wurde die Weiterfahrt untersagt. Bei der Polizeiwache Maxdorf wurde eine  Blutprobe entnommen. Der F\u00fchrerschein und der Fahrzeugschl\u00fcssel wurden  sichergestellt. Der Fahrer muss mit einer Geldstrafe von mindestens 500  EUR sowie einem Monat Fahrverbot rechnen. <\/p>\n\n\n\n<h4 class=\"wp-block-heading\">(Frankenthal) &#8211; Lkw f\u00e4hrt sich in Unterf\u00fchrung fest<\/h4>\n\n\n\n<div class=\"wp-block-image\"><figure class=\"aligncenter\"><img decoding=\"async\" loading=\"lazy\" width=\"800\" height=\"450\" src=\"https:\/\/speyer24news.com\/wp-content\/uploads\/2020\/01\/08.01.20-FT-LKW-unter-Br\u00fccke-2.jpg\" alt=\"\" class=\"wp-image-24037\" srcset=\"https:\/\/speyer24news.com\/wp-content\/uploads\/2020\/01\/08.01.20-FT-LKW-unter-Br\u00fccke-2.jpg 800w, https:\/\/speyer24news.com\/wp-content\/uploads\/2020\/01\/08.01.20-FT-LKW-unter-Br\u00fccke-2-300x169.jpg 300w, https:\/\/speyer24news.com\/wp-content\/uploads\/2020\/01\/08.01.20-FT-LKW-unter-Br\u00fccke-2-768x432.jpg 768w, https:\/\/speyer24news.com\/wp-content\/uploads\/2020\/01\/08.01.20-FT-LKW-unter-Br\u00fccke-2-678x381.jpg 678w\" sizes=\"(max-width: 800px) 100vw, 800px\" \/><\/figure><\/div>\n\n\n\n<p>Ein 52-j\u00e4hriger Lkw-Fahrer bef\u00e4hrt am 08.01.2020 gegen 14:00 Uhr die  He\u00dfheimer Stra\u00dfe in Richtung Eisenbahnstra\u00dfe. An der dortigen  Unterf\u00fchrung bleibt er jedoch mit seinem Lkw stecken, da er die  vorgeschriebene Maximalh\u00f6he von 3,5 m um einen halben Meter \u00fcberschritt.  Entsprechende Hinweisschilder \u00fcbersah der Fahrer offenbar. <\/p>\n\n\n\n<div class=\"wp-block-image\"><figure class=\"aligncenter\"><img decoding=\"async\" loading=\"lazy\" width=\"800\" height=\"532\" src=\"https:\/\/speyer24news.com\/wp-content\/uploads\/2020\/01\/08.01.20-FT-LKW-unter-Br\u00fccke-1.jpg\" alt=\"\" class=\"wp-image-24038\" srcset=\"https:\/\/speyer24news.com\/wp-content\/uploads\/2020\/01\/08.01.20-FT-LKW-unter-Br\u00fccke-1.jpg 800w, https:\/\/speyer24news.com\/wp-content\/uploads\/2020\/01\/08.01.20-FT-LKW-unter-Br\u00fccke-1-300x200.jpg 300w, https:\/\/speyer24news.com\/wp-content\/uploads\/2020\/01\/08.01.20-FT-LKW-unter-Br\u00fccke-1-768x511.jpg 768w\" sizes=\"(max-width: 800px) 100vw, 800px\" \/><\/figure><\/div>\n\n\n\n<p>Aufgrund der  Kollision wurde der Lkw stark besch\u00e4digt und Teile des Lkw-Aufbaus  fielen auf einen entgegenkommenden Pkw (BMW 1er), der dadurch an der  Motorhaube besch\u00e4digt wurde. Die He\u00dfheimer Stra\u00dfe musste f\u00fcr die  Bergungsarbeiten im Bereich der Unterf\u00fchrung f\u00fcr drei Stunden voll  gesperrt werden. Am Pkw entstand ein Sachschaden von 500 Euro, am Lkw  von circa 5000 Euro. Der Schaden an der Br\u00fccke kann derzeit noch nicht  beziffert werden. <\/p>\n\n\n\n<h4 class=\"wp-block-heading\">(Fu\u00dfg\u00f6nheim) &#8211; Unfallflucht in Bahnhofstra\u00dfe<\/h4>\n\n\n\n<p>Zeugen beobachteten am 08.01.2020 gegen 17:55 Uhr wie ein blauer  Kleinwagen einen in der Bahnhofsstra\u00dfe 73 am Fahrbahnrand geparkten  blauen Mazda am Fahrzeugheck linksseitig besch\u00e4digte, anschlie\u00dfend eine  Vollbremsung vollzog, wendete und schlie\u00dflich in Richtung A650  fl\u00fcchtete. Leider konnte das Kennzeichen nicht komplett abgelesen  werden. Wir suchen daher weitere Zeugen, die Angaben zum Fahrer\/in oder  dem Kennzeichen machen k\u00f6nnen. Am Mazda entstand ein Sachschaden in H\u00f6he  von mindestens 1500 Euro.  Am unfallverursachenden Fahrzeug d\u00fcrfte der  Schaden an der rechten Fahrzeugseite sein. <\/p>\n\n\n\n<h4 class=\"wp-block-heading\">(Ludwigshafen) &#8211; Wohnungsbrand<\/h4>\n\n\n\n<h4 class=\"wp-block-heading\">Gemeinsame Pressemitteilung von Staatsanwaltschaft Frankenthal und Polizeipr\u00e4sidium Rheinpfalz <\/h4>\n\n\n\n<h4 class=\"wp-block-heading\" style=\"text-align:center\">Nachtrag zur Pressemitteilung vom 03.01.2020. 23.24 Uhr<\/h4>\n\n\n\n<p>Der  Brandort wurde am 08.01.2020 von den Brandermittlern der Kriminalinspektion  Ludwigshafen und einem Brandsachverst\u00e4ndigen begutachtet. Die  Brandursache konnte bisher nicht eindeutig gekl\u00e4rt werden. Eine  vors\u00e4tzliche Brandlegung ist auszuschlie\u00dfen. Als Brandursachen kommen  sowohl ein unsachgem\u00e4\u00dfer Umgang mit Feuer und Kerzen als auch ein  technischer Defekt am W\u00e4schetrockner in Betracht. Der Sachschaden  betr\u00e4gt rund 450.000 EUR. Die Ermittlungen dauern an. <\/p>\n\n\n\n<h4 class=\"wp-block-heading\">(Ludwigshafen) &#8211; #Notruf \/ 4-J\u00e4hrige holt Hilfe f\u00fcr Mama<\/h4>\n\n\n\n<p>Ein gro\u00dfes Lob f\u00fcr schnelles und richtiges Handeln erhielt Mittwochmorgen  ein 4-j\u00e4hriges M\u00e4dchen von der Polizei in Oggersheim. Die Mutter des  Kindes war am Morgen zuhause pl\u00f6tzlich bewusstlos geworden. Das kleine  M\u00e4dchen bemerkte dies, reagiert vorbildlich und w\u00e4hlte den Notruf 112.  Dank der genauen Angaben des Kindes konnten Rettungsdienst und Polizei  der Mutter zuhause helfen. Die junge Frau hatte wegen Kreislaufproblemen  kurzzeitig das Bewusstsein verloren, war aber schnell wieder wohlauf.  Zur Untersuchung ging es dann doch mit dem Rettungswagen ins  Krankenhaus. Begleitet von der 4-J\u00e4hrigen, die schnullernd auf dem  Beifahrersitz Platz nehmen durfte! <\/p>\n\n\n\n<h4 class=\"wp-block-heading\">(Ludwigshafen) &#8211; Unfall in der Gro\u00dfpartstra\u00dfe<\/h4>\n\n\n\n<p>Am 08.01.2020, gegen 07.35 Uhr, fuhr ein 64-j\u00e4hriger Busfahrer auf dem  Strandweg. Als er an der Einm\u00fcndung Strandweg \/ Gro\u00dfpartstra\u00dfe geradeaus  in Richtung Gro\u00dfpartstra\u00dfe fahren wollte, stie\u00df er mit dem Auto einer  30-J\u00e4hrigen zusammen, die auf dem Bastenhorstweg in Richtung  Gro\u00dfpartstra\u00dfe fuhr. Durch den Zusammensto\u00df touchierte der Bus zudem die  Leitplanke. Nach derzeitigem Ermittlungsstand wurde weder der  64-J\u00e4hrige noch die 30-J\u00e4hrige verletzt und auch niemand von den  Fahrg\u00e4sten im Bus. Der Gesamtschaden bel\u00e4uft sich auf etwa 9.000 Euro. <\/p>\n\n\n\n<h4 class=\"wp-block-heading\">(Ludwigshafen) &#8211; Anrufe von falschen Polizeibeamten<\/h4>\n\n\n\n<p>Am 07.01.2020, gegen 22:50 Uhr und 22:55 Uhr, wurden zwei 81-J\u00e4hrige  aus Ludwigshafen von unbekannten M\u00e4nnern angerufen, die sich als  Polizeibeamte ausgaben. Sie erkl\u00e4rten den Seniorinnen, dass in der  Umgebung eingebrochen worden w\u00e4re, die Polizei die T\u00e4ter gefasst habe  und bei ihnen Listen mit den Namen der 81-J\u00e4hrigen gefunden worden  seien. Die Seniorinnen beendeten die Gespr\u00e4che, so dass es zu keinem  Schaden kam. Die Polizei r\u00e4t: Legen Sie den H\u00f6rer auf! Geben Sie keine  vertraulichen Daten preis. Die Polizei ruft niemals an und fordert nie  am Telefon Ausk\u00fcnfte \u00fcber sensible Daten, Wertsachen oder Bargeld. Seien  Sie wachsam! Misstrauen ist keine Unh\u00f6flichkeit, sondern gesunde  Vorsicht. Sachdienliche Hinweise nimmt die Kriminalpolizei Ludwigshafen  unter der Telefonnummer 0621\/963-2773 oder per E-Mail <a href=\"mailto:kdludwigshafen@polizei.rlp.de\">kdludwigshafen@polizei.rlp.de<\/a> entgegen. <\/p>\n\n\n\n<h4 class=\"wp-block-heading\">(Ludwigshafen) &#8211; Versuchter Einbruch in Wohnung<\/h4>\n\n\n\n<p>Am 07.01.2020, zwischen 07:30 Uhr und 16:00 Uhr, versuchten unbekannte  T\u00e4ter die Wohnungst\u00fcr einer Wohnung in einem Mehrfamilienhaus am  Danziger Platz aufzuhebeln. Es gelang ihnen jedoch nicht. Sachdienliche  Hinweise nimmt die Kriminalpolizei Ludwigshafen unter der Telefonnummer  0621\/963-2773 oder per E-Mail <a href=\"mailto:kdludwigshafen@polizei.rlp.de\">kdludwigshafen@polizei.rlp.de<\/a> entgegen. <\/p>\n\n\n\n<h4 class=\"wp-block-heading\">(Ludwigshafen) &#8211; Unfall in der Kallstadter Stra\u00dfe<\/h4>\n\n\n\n<p>Am 07.01.2020, gegen 14:20 Uhr, fuhren eine 59-J\u00e4hrige und eine  44-J\u00e4hrige hintereinander auf der Kallstadter Stra\u00dfe in Richtung  Raschigstra\u00dfe. Als die 59-J\u00e4hrige an der Einm\u00fcndung Raschigstra\u00dfe \/  Kallstadter Stra\u00dfe verkehrsbedingt abbremste, fuhr die 44-J\u00e4hrige auf  deren Auto auf. Es entstand Sachschaden von etwa 16.000 Euro. Da aus dem  Auto der 44-J\u00e4hrigen Betriebsstoffe ausliefen, musste die Stra\u00dfe  gesperrt werden, w\u00e4hrend die Feuerwehr die Stra\u00dfe reinigte. <\/p>\n\n\n\n<h4 class=\"wp-block-heading\">(Ludwigshafen) &#8211; Einbruch in Haus<\/h4>\n\n\n\n<p>In der Zeit zwischen dem 18.12.2019, gegen 07:00 Uhr und dem  07.01.2020, gegen 14:00 Uhr, brachen unbekannte T\u00e4ter in ein Haus in der  Horst-Schork-Stra\u00dfe ein, indem sie die Balkont\u00fcr aufhebelten. Sie  stahlen mehrere Armbanduhren. Sachdienliche Hinweise nimmt die  Kriminalpolizei Ludwigshafen unter der Telefonnummer 0621\/963-2773 oder  per E-Mail <a href=\"mailto:kdludwigshafen@polizei.rlp.de\">kdludwigshafen@polizei.rlp.de<\/a> entgegen. <\/p>\n\n\n\n<h4 class=\"wp-block-heading\">(Ludwigshafen) &#8211; Unfall in der Bayernstra\u00dfe<\/h4>\n\n\n\n<p>Am 07.01.2020, gegen 13:50 Uhr, fuhr ein 23-J\u00e4hriger auf der  Bayernstra\u00dfe. Als er auf der Fahrbahn die Fahrtrichtung \u00e4ndern wollte,  stie\u00df er bei dem Wendeman\u00f6ver mit dem Auto einer 47-J\u00e4hrigen zusammen.  Die 47-J\u00e4hrige wurde verletzt und kam ins Krankenhaus. An den Autos  entstand ein Gesamtschaden von etwa 9.000 Euro. <\/p>\n\n\n\n<h4 class=\"wp-block-heading\">(Ludwigshafen) &#8211; Versuchter Einbruch auf Baustelle<\/h4>\n\n\n\n<p>In der Zeit zwischen dem 06.01.2020, gegen 16:00 Uhr und dem  07.01.2020, gegen 10:00 Uhr, versuchten unbekannte T\u00e4ter auf eine  Baustelle in der Ludwig-Reichling-Stra\u00dfe einzubrechen. Es gelang ihnen  jedoch nicht, in den abgesperrten Bereich einzudringen. Sie verursachten  einen Sachschaden in H\u00f6he von etwa 2.000 Euro. Sachdienliche Hinweise  bitte an die Polizeiinspektion Ludwigshafen 1 unter der Telefonnummer  0621 963-2122 oder per e-Mail <a href=\"mailto:piludwigshafen1@polizei.rlp.de\">piludwigshafen1@polizei.rlp.de<\/a>. <\/p>\n\n\n\n<h4 class=\"wp-block-heading\">(Ludwigshafen) &#8211; Unfall in der Saarlandstra\u00dfe<\/h4>\n\n\n\n<p>Am 07.01.2020, gegen 09:50 Uhr, fuhr eine 19-J\u00e4hrige auf der mittleren  Spur der Saarlandstra\u00dfe in Richtung Rheing\u00f6nheimer Stra\u00dfe. Als sie auf  den linken Fahrstreifen wechseln wollte, kam sie nach links ab und  prallte an den Glaszaun der angrenzenden Stra\u00dfenbahnhaltestelle. Es  entstand Sachschaden von etwa 5.000 Euro. <\/p>\n\n\n\n<h4 class=\"wp-block-heading\">(Mannheim) &#8211; Von Stra\u00dfe abgekommen, Verdacht der Drogenbeeinflussung<\/h4>\n\n\n\n<p>Ein 22-j\u00e4hriger Fahrer eines Seat Ibiza befuhr am Mittwoch gegen 23 Uhr  die Bundesstra\u00dfe 38a in Richtung Neckarau. Kurz vor der Abfahrt zum  Autobahnkreuz Mannheim kam der Fahrer nach links von der Stra\u00dfe ab,  \u00fcberfuhr mehrere Verkehrszeichen, kollidierte mit einer  Verkehrsleitplanke und blieb schlie\u00dflich dieser im Gr\u00fcnstreifen\/  Geb\u00fcsch, in H\u00f6he der Abfahrt stehen. <\/p>\n\n\n\n<p>Es entstand ein Schaden in \nH\u00f6he von 11.000 Euro, au\u00dferdem verursachte der 22-J\u00e4hrige einen \nFlurschaden in noch unbekannter H\u00f6he. <\/p>\n\n\n\n<p>Es ergaben sich Hinweise \nauf eine Drogenbeeinflussung mit Marihuana, weshalb dem \nUnfallverursacher eine Blutprobe entnommen wurde. <\/p>\n\n\n\n<p>Die Ermittlungen wegen Stra\u00dfenverkehrsgef\u00e4hrdung dauern an, der F\u00fchrerschein wurde von den Polizeibeamten einbehalten. <\/p>\n\n\n\n<h4 class=\"wp-block-heading\">(Mannheim) &#8211; 16-J\u00e4hrige wegen des dringenden Verdachts des  gewerbsm\u00e4\u00dfigen Diebstahls in vier F\u00e4llen auf Antrag der  Staatsanwaltschaft Mannheim in Untersuchungshaft<\/h4>\n\n\n\n<h4 class=\"wp-block-heading\">Gemeinsame Pressemitteilung der Staatsanwaltschaft Mannheim und des Polizeipr\u00e4sidiums Mannheim: <\/h4>\n\n\n\n<p>Das\n Amtsgericht Mannheim erlie\u00df auf Antrag der Staatsanwaltschaft Mannheim \nam Donnerstagnachmittag Haftbefehl gegen eine 16-j\u00e4hrige bulgarische \nStaatsangeh\u00f6rige. <\/p>\n\n\n\n<p>Die Jugendliche soll sich durch das Begehen von\n Taschendiebst\u00e4hlen eine fortlaufende Einnahmequelle erschlossen haben. \nHierzu soll sie sich in Einkaufsgesch\u00e4fte mit viel Publikumsverkehr \nbegeben und dort aus Handtaschen und Rucks\u00e4cken Geldb\u00f6rsen entwendet \nhaben. <\/p>\n\n\n\n<p>Bei den nun vier verfolgten Taten, die sie zwischen Mitte  Dezember 2019 und zuletzt am Mittwoch, den 08.01.2020, in  Gesch\u00e4ften in der Mannheimer Innenstadt vollendet haben soll, erbeutete  die 16-J\u00e4hrige insgesamt \u00fcber 400 Euro an Bargeld. <\/p>\n\n\n\n<p>Beim letzten \nTaschendiebstahl am 08.01.2020 konnten die Polizeibeamten der \nErmittlungsgruppe Unbare Zahlungsmittel\/Cybercrime (EG UBZ\/Cybercrime) \ndes Polizeireviers Mannheim-Oststadt aufgrund ihrer umgehenden \nAlarmierung durch Angestellte eines Drogeriemarktes Fahndungsma\u00dfnahmen \nnach der Taschendiebin ergreifen. Die 16-J\u00e4hrige wurde im Rahmen der \nFahndung in der Fu\u00dfg\u00e4ngerzone angetroffen und vorl\u00e4ufig festgenommen. <\/p>\n\n\n\n<p>Auf\n Antrag der Staatsanwaltschaft Mannheim erlie\u00df die Ermittlungsrichterin \nam Amtsgericht Mannheim Haftbefehl wegen bestehender Fluchtgefahr. <\/p>\n\n\n\n<p>Die 16-J\u00e4hrige wurde sodann in eine Justizvollzugsanstalt eingeliefert. <\/p>\n\n\n\n<p>Die\n Ermittlungen der Staatsanwaltschaft Mannheim und der Ermittlungsgruppe \nUnbare Zahlungsmittel\/Cybercrime des Polizeireviers Mannheim-Oststadt \ndauern an. <\/p>\n\n\n\n<p>Die Ermittlungsgruppe sucht in diesem Zusammenhang  weitere Gesch\u00e4digte, die Opfer eines Taschendiebstahls wurden und  bislang noch keine Anzeige erstatten haben. Diese m\u00f6gen sich beim  Polizeirevier Mannheim-Oststadt unter 0621-174-3310 oder bei jeder  anderen Polizeidienststelle melden. <\/p>\n\n\n\n<h4 class=\"wp-block-heading\">(Mannheim-Feudenheim) &#8211; Frontalzusammensto\u00df zweier PKW, drei Verletzte.<\/h4>\n\n\n\n<p>Am Mittwochabend, gegen 18.15 Uhr, befuhr eine 55-j\u00e4hrige  Fahrzeugf\u00fchrerin mit ihrem Mercedes die Banater Stra\u00dfe in Fahrtrichtung  Feudenheim, als sie nach eigenen Angaben einen Hustenanfall bekam und in  Folge dessen in den Gegenverkehr geriet. Dort kollidierte die Mercedes  B-Klasse frontal mit einem Nissan X-Trail eines 57-J\u00e4hrigen. Durch den  Zusammensto\u00df wurden sowohl die Fahrerin des Mercedes, die 46-j\u00e4hrige  Beifahrerin, als auch der Unfallgegner verletzt. Die Beifahrerin war  zun\u00e4chst eingeklemmt und musste durch schweres Ger\u00e4t der Feuerwehr  gerettet werden. Die Verletzten kamen zur weiteren Behandlung in  umliegende Krankenh\u00e4user. An der B-Klasse entstand ein Schaden von ca.  20.000 EUR, am Nissan von ca. 35.000 EUR. Zur Unfallaufnahme war die  Banater Stra\u00dfe bis 21.15 Uhr voll gesperrt. Zu gr\u00f6\u00dferen  Verkehrsbeeintr\u00e4chtigungen kam es nicht. <\/p>\n\n\n\n<h4 class=\"wp-block-heading\">(Mannheim-Feudenheim) &#8211; PKW kommt nach Kollision von der Stra\u00dfe ab und schleudert in Stra\u00dfenbahnhaltestelle<\/h4>\n\n\n\n<p>In der Feudenheimer Stra\u00dfe, in H\u00f6he &#8222;Im Pfeiffersw\u00f6rth&#8220;, ereignete sich  am Mittwoch, gegen 11:15 Uhr, ein Verkehrsunfall mit einer leicht  verletzten Person. Ein Autofahrer war in H\u00f6he der Haltestelle  &#8222;Pfeiffersw\u00f6rth&#8220; auf einen abbremsenden PKW aufgefahren, der durch die  Wucht des Aufpralls gegen die Stra\u00dfenbahnhaltestelle geschleudert wurde.  Auch das Fahrzeug des Verursachers kam von der Fahrbahn ab und  kollidierte auf der rechten Spur mit einem weiteren Auto. An allen drei  Fahrzeugen entstand erheblicher Sachschaden, der derzeit noch nicht  n\u00e4her beziffert werden kann. Die Haltestelle wurde bei dem Unfall  ebenfalls in Mitleidenschaft gezogen. Der hierbei entstandene  Sachschaden betr\u00e4gt \u00fcber 3.000 Euro. <\/p>\n\n\n\n<p>Einer der beteiligten  Autofahrer musste vor Ort von Rettungssanit\u00e4tern behandelt und  anschlie\u00dfend in eine Klinik gebracht werden. <\/p>\n\n\n\n<h4 class=\"wp-block-heading\">(Mannheim-Neckarau) &#8211; Trickdieb verschafft sich Zugang zu Wohnung \/ Bargeld und Bernsteinketten gestohlen &#8211; Zeugen gesucht!<\/h4>\n\n\n\n<p>Eine 81-j\u00e4hrige Frau wurde am Dienstagvormittag, zwischen 10 Uhr und 11  Uhr, in deren Wohnung in der Rottfeldstra\u00dfe bestohlen. Die Gesch\u00e4digte  wurde vor dem Anwesen von einem unbekannten Mann angesprochen. Er bat  sie, eine Nachricht f\u00fcr einen Nachbarn hinterlassen zu d\u00fcrfen, da er  diesen angeblich nicht antreffen konnte. Die Seniorin gew\u00e4hrte dem  Unbekannten daraufhin Zugang zu ihrer Wohnung, wo er in der K\u00fcche eine  Nachricht auf einem Zettel verfasste. W\u00e4hrenddessen betrat vermutlich  ein Komplize des Mannes die R\u00e4umlichkeiten und stahl unbemerkt eine  Geldkassette, weiteres Bargeld und eine Schatulle mit mindestens zwei  Bernsteinketten. Als der unbekannte Mann dann nach einigen Minuten die  Wohnung verlie\u00df, sah die Gesch\u00e4digte im Treppenhaus noch eine weitere  unbekannte m\u00e4nnliche Person, die aus dem Anwesen ging. Die 81-J\u00e4hrige  bemerkte erst kurz darauf, dass deren Wertgegenst\u00e4nde fehlten und  verst\u00e4ndigte die Polizei. <\/p>\n\n\n\n<p>Sie konnte einen der Unbekannten als ca. 40-50 Jahre alt beschreiben. Er hatte dunkle kurze Haare und einen kurzen Bart. <\/p>\n\n\n\n<p>Zeugen,  die auf die Unbekannten aufmerksam wurden und sachdienliche Hinweise  geben k\u00f6nnen, werden gebeten, sich beim Polizeirevier Mannheim-Neckarau  unter Tel.: 0621\/83397-0 zu melden. <\/p>\n\n\n\n<h4 class=\"wp-block-heading\">(Mannheim-Gartenstadt \/ K\u00e4fertal) &#8211; Polizei sucht Zeugen zu zwei Wohnungseinbr\u00fcchen!<\/h4>\n\n\n\n<p>Im Laufe des Mittwochs kam es in den Mannheimer Stadtteilen Gartenstadt und K\u00e4fertal zu zwei Wohnungseinbr\u00fcchen. <\/p>\n\n\n\n<p>Ein\n bislang unbekannter T\u00e4ter hatte sich in der Zeit von 7:15 Uhr bis 18 \nUhr durch Aufhebeln eines Fensters Zugang zu einer Wohnung in der \nMoosgasse verschafft. Er durchw\u00fchlte dort mehrere Schubladen und \nSchr\u00e4nke und stahl nach ersten Erkenntnissen eine Halskette von noch \nunbekanntem Wert. <\/p>\n\n\n\n<p>In der Zeit von 15:30 Uhr bis 20 Uhr kam es in \nder Rollb\u00fchlstra\u00dfe, in H\u00f6he der Haltestelle &#8222;K\u00e4fertal S\u00fcd&#8220;, zu einem \nweiteren Einbruch, bei dem der T\u00e4ter ein MacBook mitgehen lie\u00df. Der \nUnbekannte hatte im 1. Obergeschoss des Mehrfamilienhauses gewaltsam die\n Eingangst\u00fcr aufgebrochen und anschlie\u00dfend die R\u00e4umlichkeiten nach \nStehlenswertem durchsucht. <\/p>\n\n\n\n<p>Der Gesamtschaden wird auf \u00fcber 1.500 Euro gesch\u00e4tzt. <\/p>\n\n\n\n<p>Zeugen,  die verd\u00e4chtige Beobachtungen gemacht haben, werden gebeten, sich mit  dem Polizeirevier Mannheim-Sandhofen unter Tel.: 0621\/77769-0 bzw. dem  Polizeirevier Mannheim-K\u00e4fertal unter Tel.: 0621\/71849-0 in Verbindung  zu setzen. <\/p>\n\n\n\n<h4 class=\"wp-block-heading\">(Mannheim-Vogelstang) &#8211; Zeuge erwischt Einbrecher bei Einbruch in Lebensmittel-Discounter \/ Weitere Zeugen gesucht!<\/h4>\n\n\n\n<p>Ein bislang unbekannter T\u00e4ter verschaffte sich in der Nacht zum  Donnerstag, gegen 1:10 Uhr, gewaltsam \u00fcber ein Fenster Zutritt zu einem  Lebensmittel-Discounter im Freiberger Ring. Als der Unbekannte kurz  darauf wieder die Flucht ergreifen wollte, wurde er von einem Zeugen auf  frischer Tat erwischt. Der Einbrecher rannte daraufhin \u00fcber die  Stra\u00dfenbahngleise in Richtung Gerarer Ring davon. Ob er etwas gestohlen  hatte, ist bislang unklar. Die H\u00f6he des Sachschadens kann ebenfalls  nicht beziffert werden. <\/p>\n\n\n\n<p>Laut Aussage des Zeugen war der \nUnbekannte ca. 1,80 m gro\u00df, hatte eine kr\u00e4ftige Statur und war mit einem\n dunklen Kapuzenpulli sowie einer blauen Jeans bekleidet. <\/p>\n\n\n\n<p>Weitere  Zeugen, die sachdienliche Hinweise zu dem Unbekannten geben k\u00f6nnen,  werden gebeten, sich mit dem Polizeirevier Mannheim-K\u00e4fertal unter Tel.:  0621\/71849-0 in Verbindung zu setzen. <\/p>\n\n\n\n<h4 class=\"wp-block-heading\">(Heidelberg) &#8211; Zusatzinformationen der Polizei zum Heidelberger B\u00fcrgerfest im Patrick-Henry-Village<\/h4>\n\n\n\n<p>Am Sonntag, 12. Januar, zwischen 11.30 Uhr und 17 Uhr, findet das Heidelberger B\u00fcrgerfest im Patrick-Henry-Village statt. <\/p>\n\n\n\n<p>Umfangreiche Informationen hierzu finden Sie auf der Internetpr\u00e4senz der Stadt Heidelberg unter <a target=\"_blank\" href=\"https:\/\/www.heidelberg.de\/hd\/HD\/Leben\/Buergerfest.html\" rel=\"noreferrer noopener\">https:\/\/www.heidelberg.de\/hd\/HD\/Leben\/Buergerfest.html<\/a> . <\/p>\n\n\n\n<p>W\u00e4hrend\n des B\u00fcrgerfestes und rund um das Veranstaltungsgel\u00e4nde herum werden \nPolizeibeamte in gewohnter Weise f\u00fcr die Sicherheit aller B\u00fcrger sorgen.\n <\/p>\n\n\n\n<p>Aufgrund des zu erwartenden Besucheraufkommens liegt neben der \nPr\u00e4senz der Polizei ein Hauptaugenmerk auf Verkehrsma\u00dfnahmen. \nDiesbez\u00fcglich verweisen wir auf die Ausf\u00fchrungen der Stadt Heidelberg, \nkostenfreie Busse von der Altstadt, dem Hauptbahnhof und von den \nParkpl\u00e4tzen am ehemaligen US-Flugplatz Airfield zu nutzen. Auf dem \nGel\u00e4nde des Patrick-Henry-Villages gibt es keine Parkm\u00f6glichkeiten f\u00fcr \nBesucher. Ausgenommen sind hier lediglich Parkplatzangebote f\u00fcr Menschen\n mit Behinderungen. <\/p>\n\n\n\n<p>Planen Sie bei der Anreise zum und bei der \nAbreise vom B\u00fcrgerfest etwas mehr Zeit ein. Die Shuttlebusse verkehren \nim 10-Minuten-Takt. Hier der Shuttleplan: <a target=\"_blank\" href=\"https:\/\/www.heidelberg.de\/site\/Heidelberg_ROOT\/get\/params_E1386107562\/1399187\/01_pdf_fahrplan_rnv_shuttleverkehr_buergerfest_2020_01_12.pdf\" rel=\"noreferrer noopener\">https:\/\/www.heidelberg.de\/site\/Heidelberg_ROOT\/get\/params_E1386107562\/1399187\/01_pdf_fahrplan_rnv_shuttleverkehr_buergerfest_2020_01_12.pdf<\/a> <\/p>\n\n\n\n<p>W\u00e4hrend  der Veranstaltung finden sie die Polizei station\u00e4r im Bereich des  Ankunfts- und Abfahrtsbereichs der Shuttlebusse im  Patrick-Henry-Village. Die Polizistinnen und Polizisten helfen Ihnen  gerne, sollten Sie diese ben\u00f6tigen. Z\u00f6gern Sie in diesen F\u00e4llen auch  nicht die Beamten auf dem Veranstaltungsgel\u00e4nde anzusprechen, wir sind  f\u00fcr Sie da. Polizeibeamte des Kommunikationsteams des Polizeipr\u00e4sidiums  Mannheim, erkennbar an blauen Westen, werden am Veranstaltungstag f\u00fcr  Sie unterwegs sein. <\/p>\n\n\n\n<h4 class=\"wp-block-heading\">(Heidelberg) &#8211; Geh\u00e4ufte Anrufe von falschen Polizeibeamten<\/h4>\n\n\n\n<p>Am Mittwoch meldeten sich bislang 21 B\u00fcrger beim Polizeirevier  Heidelberg-Mitte und erstatten Anzeige, da sie von sog. &#8222;falschen  Polizeibeamten&#8220; angerufen wurden. <\/p>\n\n\n\n<p>Es meldete sich ein Mann namens\n Baumann, der angab vom Polizeirevier Heidelberg-Mitte zu sein. Der \nvermeintliche Polizeibeamte stellte in den Gespr\u00e4chen detailierte Fragen\n zu Wohnung und Wertgegenst\u00e4nden. Als Vorwand f\u00fcr die Fragen gab der \nBetr\u00fcger an, dass es einen Raub\u00fcberfall in der Stra\u00dfe der Anrufer \ngegeben h\u00e4tte oder zuk\u00fcnftig geplant w\u00e4re, daher ben\u00f6tige die Polizei \nInformationen, nur so k\u00f6nnte man die Angerufenen vor den R\u00e4uber \nsch\u00fctzen. <\/p>\n\n\n\n<p>Es handelte sich bei dem Anrufer um keinen \nPolizeibeamten und bei der Geschichte um eine R\u00e4uberpistole, die allein \ndazu vorgetragen wurde den Angerufenen zur Preisgabe von Daten und \nletztlich \u00dcbergabe seiner Wertsachen an den Betr\u00fcger zu \u00fcberreden. <\/p>\n\n\n\n<p>Nach derzeitigem Kenntnisstand fiel keiner der Angerufenen auf die Masche der falschen Polizeibeamten herein. <\/p>\n\n\n\n<p>Die Beamten der Kriminalinspektion 3, der Kriminalpolizeidirektion Heidelberg haben die Ermittlungen aufgenommen. <\/p>\n\n\n\n<h4 class=\"wp-block-heading\">(Heidelberg) &#8211; Sattelzug f\u00e4hrt sich im Gleisbereich fest<\/h4>\n\n\n\n<p>Am Mittwoch gegen 06.50 Uhr fuhr ein 40-Tonner-Sattelzug in die  Eppelheimer Stra\u00dfe in Richtung Innenstadt, offensichtlich folgte er hier  seinem Navigationssystem. Aufgrund einer dort baustellenbedingten  Sperrung der Eppelheimer Stra\u00dfe in H\u00f6he eines Studentenwohnheims wollte  der ortsunkundige Sattelzugfahrer sein Gespann wenden und fuhr sich  hierbei im Gleisbereich der Stra\u00dfenbahn fest. <\/p>\n\n\n\n<p>Der Sattelzug musste von einem Abschleppunternehmen aus dem Gleisbett geborgen werden. <\/p>\n\n\n\n<p>W\u00e4hrend der Bergungsma\u00dfnahmen war der Stra\u00dfenbahnverkehr bis kurz nach 08 Uhr auf der Teilstrecke gesperrt. <\/p>\n\n\n\n<h4 class=\"wp-block-heading\">(Heidelberg) &#8211; Versuchter Einbruchsdiebstahl in Schulgeb\u00e4ude \/ Polizei sucht Zeugen<\/h4>\n\n\n\n<p>In der Nacht von Montag auf Dienstag brach ein unbekannter T\u00e4ter in die  R\u00e4ume der Pestalozzischule in der Rohrbacher Stra\u00dfe ein. Dabei l\u00f6ste er  kurz nach Mitternacht die Alarmanlage aus und fl\u00fcchtete anschlie\u00dfend  ohne etwas zu entwenden. Nach den bisherigen Ermittlungen hatte der  T\u00e4ter zun\u00e4chst versucht eine T\u00fcre einzuschlagen. Nachdem dies misslang,  schlug er eine Fensterscheibe ein, \u00f6ffnete das Fenster und stieg in das  Geb\u00e4ude ein.  Die weiteren Ermittlungen hat das Polizeirevier  Heidelberg-Mitte aufgenommen. Zeugen, die zur fraglichen Zeit  verd\u00e4chtige Beobachtungen gemacht haben, werden gebeten sich unter  Telefon 06221\/99-1700 zu melden. <\/p>\n\n\n\n<h4 class=\"wp-block-heading\">(Heidelberg-Altstadt) &#8211; Versuchter Wohnungseinbruch in der Klingenteichstra\u00dfe \/ Zeugen gesucht!<\/h4>\n\n\n\n<p>Am Mittwochabend, kurz vor 19 Uhr, versuchte ein bislang unbekannter  T\u00e4ter in eine Wohnung in der Klingenteichstra\u00dfe einzubrechen. W\u00e4hrend  der Tatzeit befand sich die gesch\u00e4digte Bewohnerin im Anwesen und nahm  aus dem Erdgeschoss seltsame Ger\u00e4usche wahr. Sie konnte zun\u00e4chst  niemanden feststellen. Doch kurz darauf entdeckte sie auf der R\u00fcckseite  des Anwesens ein besch\u00e4digtes Fenster, \u00fcber welches der bislang  Unbekannte vermutlich in die R\u00e4umlichkeiten eindringen wollte. Nachdem  die Hebelversuche allerdings scheiterten, ergriff er in unbekannte  Richtung die Flucht. Der entstandene Sachschaden bel\u00e4uft sich auf  mehrere hundert Euro. <\/p>\n\n\n\n<p>Zeugen, die verd\u00e4chtige Wahrnehmungen  gemacht haben, werden gebeten, sich beim Polizeirevier Heidelberg-Mitte  unter Tel.: 06221\/99-1700 zu melden. <\/p>\n\n\n\n<h4 class=\"wp-block-heading\">(Br\u00fchl \/ Rhein-Neckar-Kreis) &#8211; Exhibitionist zeigt sich gegen\u00fcber Schulm\u00e4dchen. Wer kann Hinweise auf den T\u00e4ter geben?<\/h4>\n\n\n\n<div class=\"wp-block-image\"><figure class=\"aligncenter\"><img decoding=\"async\" src=\"https:\/\/speyer24news.com\/wp-content\/uploads\/2019\/12\/Zeugen-gesucht-Neutral.jpg\" alt=\"\" class=\"wp-image-23579\"\/><\/figure><\/div>\n\n\n\n<p>Am Dienstag gegen 11.15 Uhr sa\u00dfen zwei Schulm\u00e4dchen w\u00e4hrend einer  Schulpause auf einer Bank, die am angrenzenden Schulhof der  Marion-D\u00f6nhoff-Realschule sich befindet. <\/p>\n\n\n\n<p>Nach Ende der Pause \nstanden die M\u00e4dchen von der Bank auf und nahmen hierbei einen bislang \nunbekannten Mann wahr. Der Mann stand etwa 5 Meter von den M\u00e4dchen \nentfernt an dort befindlichen B\u00fcschen. Er hatte seine Hose ge\u00f6ffnet und \nspielte an seinen freigelegten Penis herum. <\/p>\n\n\n\n<p>Die M\u00e4dchen gingen zur\u00fcck ins Schulgeb\u00e4ude. <\/p>\n\n\n\n<p>Gegen 13.15 Uhr wurde der Polizeiposten Br\u00fchl \u00fcber den Vorfall in Kenntnis gesetzt, eine Anzeige aufgenommen. <\/p>\n\n\n\n<p><strong><em>Der unbekannte T\u00e4ter wurde wie folgt beschrieben: <\/em><\/strong><\/p>\n\n\n\n<ul><li>Ca.  40 bis 45 Jahre<\/li><li>normale Statur<\/li><li>ca. 175 cm<\/li><li>kurze dunkelblonde Haare<\/li><li>Brillentr\u00e4ger<\/li><li>westeurop\u00e4isches Aussehen<\/li><li>gepflegte Erscheinung<\/li><li>er trug  eine schwarzblaue Skijacke und eine Jeanshose<\/li><\/ul>\n\n\n\n<p>Die Ermittlungen in dieser Sache \u00fcbernahmen Beamte des Kriminalkommissariats Mannheim der Kriminalpolizeidirektion Heidelberg. <\/p>\n\n\n\n<p>Au\u00dferdem\n wurden die Beamten des Polizeipostens Br\u00fchl und der Streifendienst des \nzust\u00e4ndigen Polizeireviers Mannheim-Neckarau in dieser Sache \nsensibilisiert. <\/p>\n\n\n\n<p>Die Ermittler suchen nun nach Personen, denen der\n Verd\u00e4chtige aufgefallen ist, bzw. Hinweise auf Tatverd\u00e4chtige geben \nk\u00f6nnen. Diese m\u00f6gen sich bei der Kriminalpolizei unter 0621 174 4444 \nmelden. <\/p>\n\n\n\n<h4 class=\"wp-block-heading\">(Schwetzingen \/ Rhein-Neckar-Kreis) &#8211; Unbekannter geht bei Einbruch in Reihenhaus leer aus \/ Zeugen gesucht!<\/h4>\n\n\n\n<p>Am Mittwoch, zwischen 7:15 Uhr du 21:45 Uhr, wurde in ein Reihenhaus in  der Helmholtzstra\u00dfe eingebrochen. Durch Aufhebeln der Terrassent\u00fcr war  ein bislang Unbekannter in das Anwesen gelangt und hatte die  R\u00e4umlichkeiten nach Stehlenswertem durchsucht. Hierbei wurde er jedoch  offenbar nicht f\u00fcndig und ergriff schlie\u00dflich ohne Beute die Flucht. Der  entstandene Sachschaden kann derzeit nicht beziffert werden. <\/p>\n\n\n\n<p>Zeugen,  die verd\u00e4chtige Beobachtungen gemacht haben, werden gebeten, sich beim  Polizeirevier Schwetzingen unter Tel.: 06202\/288-0 zu melden. <\/p>\n\n\n\n<h4 class=\"wp-block-heading\">(Walldorf \/ Rhein-Neckar-Kreis) &#8211; Zwei Wohnungseinbr\u00fcche im Rockenauerpfad \/ Duo wird von Bewohner \u00fcberrascht &#8211; Zeugen gesucht!<\/h4>\n\n\n\n<p>Im &#8222;Rockenauerpfad&#8220; kam es am Mittwoch, zwischen 14:45 Uhr und 18 Uhr, zu zwei Wohnungseinbr\u00fcchen. <\/p>\n\n\n\n<p>Bislang\n unbekannte T\u00e4ter hatten sich an der Terrassent\u00fcr eines \nMehrfamilienhauses zu schaffen gemacht und waren \u00fcber diese in das \nAnwesen gelangt. Im Inneren durchsuchten sie mehrere R\u00e4umlichkeiten. Ob \nsie dabei jedoch etwas mitgehen lie\u00dfen, ist noch unklar. <\/p>\n\n\n\n<p>Gegen \n17:30 Uhr klingelte es dann an der Haust\u00fcr des Nachbaranwesens. Der \nBewohner des Hauses ging daraufhin zur T\u00fcr, wo ihm pl\u00f6tzlich zwei \nunbekannte M\u00e4nner entgegenkamen. Das Duo hatte sich vermutlich durch \nAufhebeln der Eingangst\u00fcre Zugang verschafft. Sie ergriffen bei \nErblicken des Gesch\u00e4digten sofort die Flucht. Gestohlen hatten sie \noffenbar nichts. Eine sofort eingeleitete Fahndung nach den T\u00e4tern blieb\n ergebnislos. <\/p>\n\n\n\n<p>Der Zeuge konnte die beiden M\u00e4nner, die etwa 20-30 Jahre alt waren, wie folgt beschreiben: <\/p>\n\n\n\n<p>1.\n T\u00e4ter: ca. 1,80 m gro\u00df, kr\u00e4ftige Statur, vermutlich keine bis sehr \nkurze, helle, Haare. Er trug eine dunkle dicke Jacke mit Fellbesatz an \nder Kapuze. <\/p>\n\n\n\n<p>2. T\u00e4ter: ca. 1,80 m gro\u00df, kr\u00e4ftige Statur, trug eine schwarze Jacke und eine gleichfarbige Wollm\u00fctze. <\/p>\n\n\n\n<p>Zeugen,\n die verd\u00e4chtige Beobachtungen gemacht haben und Hinweise zu dem Duo \ngeben k\u00f6nnen, werden gebeten, sich beim Polizeirevier Wiesloch unter \nTel.: 06222\/5709-0 zu melden. <\/p>\n\n\n\n<h4 class=\"wp-block-heading\">(Walldorf \/ Rhein-Neckar-Kreis) &#8211; 88-j\u00e4hrigem Mann mit Geldwechseltrick um mehrere Hundert Euro bestohlen \/ Polizei sucht Zeugen<\/h4>\n\n\n\n<p>Mit dem sogenannten Geldwechseltrick wurde ein 88-j\u00e4hriger Mann am  vergangenen Samstag (04.01.) von einem bislang unbekannten T\u00e4ter um  mehrere Hundert bestohlen. Der Gesch\u00e4digte hatte zwischen 11.15 und  11.30 Uhr am Geldausgabeautomaten einer Bank in der Nu\u00dflocher Stra\u00dfe  Geld abgehoben. Anschlie\u00dfen war er zu seinem Auto gegangen, das er  gegen\u00fcber auf dem Parkplatz eines Discounters abgestellt hatte. Auf dem  Parkplatz wurde er von einem Mann angesprochen und gebeten, eine  2-Euro-M\u00fcnze zu wechseln. Der 88-J\u00e4hrige \u00f6ffnete seinen Geldbeutel und  suchte nach Kleingeld. Dabei griff der Unbekannte in den Geldbeutel und  zeigte auf mehrere M\u00fcnzen. Schlie\u00dflich \u00fcbergab der Senior das  Wechselgeld. Zu Hause angekommen, stellte der Gesch\u00e4digte fest, dass  mehrere Hundert Euro in verschiedener St\u00fcckelung in der Geldb\u00f6rse  fehlten. <\/p>\n\n\n\n<p>Der T\u00e4ter wird wie folgt beschrieben: Mann, ca. 40 &#8211; 50 \nJahre, 165 &#8211; 170 cm gro\u00df, untersetzte Figur, osteurop\u00e4isches Aussehen, \nsprach deutsch mit leichtem Akzent und war dunkel gekleidet. <\/p>\n\n\n\n<p>Zeugen,\n die verd\u00e4chtige Beobachtungen gemacht haben und sachdienliche Hinweise \ngeben k\u00f6nnen, werden gebeten sich unter Telefon 06227\/8419990 beim \nPolizeiposten Walldorf oder au\u00dferhalb dessen \u00d6ffnungszeiten unter \nTelefon 06222\/57090 beim Polizeirevier Wiesloch zu melden. <\/p>\n\n\n\n<p>Wie funktioniert der Geldwechseltrick? <\/p>\n\n\n\n<p>Sie\n werden gebeten, eine M\u00fcnze zu wechseln oder eine Spende f\u00fcr einen \nvermeintlich guten Zweck zu geben. W\u00e4hrend Sie das M\u00fcnzfach Ihrer \nGeldb\u00f6rse \u00f6ffnen, lenkt der T\u00e4ter Sie ab, wirft seine M\u00fcnze in Ihr \nPortemonnaie, zeigt auf das gew\u00fcnschte Kleingeld oder irritiert Sie \nanderweitig. Dabei stiehlt er die Banknoten aus dem Geldscheinfach <\/p>\n\n\n\n<p>Die\n Tricks sind vielf\u00e4ltig &#8211; eins ist aber immer gleich: Die Diebinnen und \nDiebe nutzen sorgloses und unachtsames Verhalten oder die \nHilfsbereitschaft ihrer Opfer aus. Daher k\u00f6nnen Sie durch \nAufmerksamkeit, gesunde Skepsis und richtiges Verhalten selbst viel tun,\n um sich vor Sch\u00e4den durch Taschendiebe zu sch\u00fctzen <\/p>\n\n\n\n<p>Rechnen Sie \ndamit, dass Diebe Sie ablenken wollen, um Sie zu bestehlen. Bleiben Sie \nmisstrauisch, wenn Sie von Unbekannten angesprochen werden &#8211; mit welchem\n Anliegen auch immer. <\/p>\n\n\n\n<p>Wenn Sie doch einmal Opfer geworden sind  oder einen Diebstahl beobachten, verst\u00e4ndigen Sie umgehend die Polizei  \u00fcber den Notruf 110. <\/p>\n\n\n\n<h4 class=\"wp-block-heading\">(Sinsheim \/ Rhein-Neckar-Kreis) &#8211; Vorsicht! Vermehrt Anrufe von falschen Polizeibeamten<\/h4>\n\n\n\n<p>Am sp\u00e4ten Dienstagabend kontaktierten Telefonbetr\u00fcger mehrere  Sinsheimer B\u00fcrgerinnen und B\u00fcrger, um an Informationen \u00fcber  Wertgegenst\u00e4nde oder Bargeld zu gelangen. Bislang wurden der Polizei elf  Vorf\u00e4lle gemeldet. Die Betr\u00fcger gaben sich am Telefon als Polizeibeamte  aus und gaukelten den Angerufenen vor, dass in deren Nachbarschaft  eingebrochen worden sei. Die Unbekannten fragten unter anderem nach den  Verm\u00f6gens- und Besitzverh\u00e4ltnissen der Gesch\u00e4digten, worauf jedoch  gl\u00fccklicherweise keiner der Angerufenen einging. Die Gesch\u00e4digten  beendeten allesamt die Telefonate und erstatteten Anzeige bei der  Polizei. <\/p>\n\n\n\n<h4 class=\"wp-block-heading\">(Helmstadt-Bargen \/ Rhein-Neckar-Kreis) &#8211; Buchenholz gestohlen \/ Wer hat Verd\u00e4chtiges beobachtet?<\/h4>\n\n\n\n<p>Von einem Wiesengrundst\u00fcck an der L530, in N\u00e4he der &#8222;F\u00f6rstelh\u00fctte&#8220;,  wurden im Zeitraum von Freitag, 15 Uhr bis Samstag, 11 Uhr, ca. 1 Ster  Buchenholz gestohlen. Der oder die bislang unbekannten T\u00e4ter hatten das  Holz vermutlich in ein Fahrzeug oder einen Anh\u00e4nger geladen und waren  damit in unbekannte Richtung davongefahren. Das Diebesgut hatte einen  Wert von \u00fcber hundert Euro. Es ist nicht auszuschlie\u00dfen, dass in der  Umgebung noch weiteres Holz entwendet wurde. <\/p>\n\n\n\n<p>Weitere Gesch\u00e4digte  und Zeugen, die sachdienliche Hinweise geben k\u00f6nnen, werden gebeten,  sich mit dem Polizeiposten Waibstadt unter Tel.: 07263\/409632 oder dem  Polizeirevier Sinsheim unter Tel.: 07261\/690-0 in Verbindung zu setzen. <\/p>\n\n\n\n<h4 class=\"wp-block-heading\">(Schriesheim \/ Rhein-Neckar-Kreis) &#8211; Unbekannter Fahrradfahrer verursacht Unfall \/ Polizei sucht Zeugen<\/h4>\n\n\n\n<p>Einen Verkehrsunfall verursachte am fr\u00fchen Mittwochnachmittag ein  unbekannter Fahrradfahrer in Schriesheim. Ein 52-j\u00e4hriger Mann befuhr  gegen 13.30 Uhr mit seinem VW Golf die Stra\u00dfe &#8222;In den Fensenb\u00e4umen&#8220; in  Richtung der Stra\u00dfe &#8222;Drei\u00dfig-Morgen-Weg&#8220;. An der Einm\u00fcndung zur Stra\u00dfe  &#8222;Drei\u00dfig-Morgen-Weg&#8220; bog ein Radfahrer z\u00fcgig in die Stra\u00dfe &#8222;In den  Fensenb\u00e4umen&#8220; ein. Dabei \u00fcbersah dieser offenbar den VW-Fahrer, der  verkehrsbedingt anhalten musste, und stie\u00df gegen das Fahrzeug. Dabei  entstand Sachschaden in H\u00f6he von rund 1.000 Euro. Der Radler hielt  zun\u00e4chst kurz an, fuhr anschlie\u00dfend jedoch einfach davon. Der 52-J\u00e4hrige  nahm noch die Verfolgung auf, verlor den Radfahrer jedoch rasch aus den  Augen. <\/p>\n\n\n\n<p>Den unbekannten Radfahrer beschrieb der Gesch\u00e4digte wie folgt: <\/p>\n\n\n\n<ul><li>M\u00e4nnlich<\/li><li>Ca. 53 bis 55 Jahre alt<\/li><li>180 bis 185 cm gro\u00df<\/li><li>Kr\u00e4ftige Statur<\/li><li>Brillentr\u00e4ger<\/li><li>Trug eine dunkle Wollm\u00fctze<\/li><li>War bekleidet mit einer gr\u00fcnen Jacke<\/li><li>Trug einen Rucksack bei sich <\/li><\/ul>\n\n\n\n<p>Dessen Fahrrad beschreibt der Gesch\u00e4digte wie folgt: <\/p>\n\n\n\n<ul><li>E-Bike mit schwarzem Rahmen<\/li><li>Bosch-Motor <\/li><\/ul>\n\n\n\n<p>Zeugen, die auf den Unfall aufmerksam wurden  und sachdienliche Hinweise geben k\u00f6nnen, werden gebeten, sich beim  Polizeirevier Weinheim, Tel.: 06201\/1003-0 zu melden. <\/p>\n\n\n\n<h4 class=\"wp-block-heading\">(Hemsbach \/ Rhein-Neckar-Kreis) &#8211; Einbruch auf Gro\u00dfbaustelle \/ Polizei sucht Zeugen<\/h4>\n\n\n\n<p>Unbekannte T\u00e4ter brachen zwischen dem 20. Dezember 2019 und dem 7.  Januar 2020 auf einer Baustelle in Hemsbach ein. Die T\u00e4ter brachen in  diesem Zeitraum eine massive Stahlt\u00fcr zu einem Kellerraum der Baustelle  in der Gottlieb-Daimler-Stra\u00dfe auf und entwendeten daraus eine gro\u00dfe  Menge verschiedener Strom- und Datenkabel sowie mehrere Hundert  Hohlwanddosen. Die gesch\u00e4digte Elektrotechnik-Firma war zuletzt am  20.12.2019 auf der Baustelle t\u00e4tig. Als deren Mitarbeiter am 07.01.2020  die Arbeit auf der Baustelle wieder aufnahmen, wurde der Einbruch  festgestellt. Nach ersten Erkenntnissen entstand ein Schaden von rund  5.000 Euro. <\/p>\n\n\n\n<p>Zeugen, die verd\u00e4chtige Wahrnehmungen im fraglichen \nZeitraum gemacht haben oder sachdienliche Hinweise geben k\u00f6nnen, werden \ngebeten, sich beim Polizeirevier Weinheim, Tel.: 06201\/1003-0 oder beim \nPolizeiposten Hemsbach, Tel.: 06201\/71207 zu melden. <\/p>\n","protected":false},"excerpt":{"rendered":"<div class=\"mh-excerpt\"><p>Polizeimeldungen vom Mittwoch &amp; Donnerstag (08.01. &amp; 09.01.2020) (Speyer) &#8211; Ladendieb gestellt Am Mittwoch gegen 14:15 Uhr entwendete ein 22-j\u00e4hriger Mann aus Speyer in einem Lebensmitteldiscounter in Speyer-Nord Lebensmittel im Wert von ca. 27EUR. Beim <a class=\"mh-excerpt-more\" href=\"https:\/\/speyer24news.com\/?p=24030\" title=\"Polizei\">[&#8230;]<\/a><\/p>\n<\/div>","protected":false},"author":3,"featured_media":0,"comment_status":"open","ping_status":"open","sticky":false,"template":"","format":"standard","meta":{"_monsterinsights_skip_tracking":false,"_monsterinsights_sitenote_active":false,"_monsterinsights_sitenote_note":"","_monsterinsights_sitenote_category":0,"footnotes":""},"categories":[12],"tags":[3614,5258,53,4854,4683,1548,102,213,55,103,106,2803,2423,427,2625,380,62,104,979,1565],"aioseo_notices":[],"amp_enabled":true,"_links":{"self":[{"href":"https:\/\/speyer24news.com\/index.php?rest_route=\/wp\/v2\/posts\/24030"}],"collection":[{"href":"https:\/\/speyer24news.com\/index.php?rest_route=\/wp\/v2\/posts"}],"about":[{"href":"https:\/\/speyer24news.com\/index.php?rest_route=\/wp\/v2\/types\/post"}],"author":[{"embeddable":true,"href":"https:\/\/speyer24news.com\/index.php?rest_route=\/wp\/v2\/users\/3"}],"replies":[{"embeddable":true,"href":"https:\/\/speyer24news.com\/index.php?rest_route=%2Fwp%2Fv2%2Fcomments&post=24030"}],"version-history":[{"count":3,"href":"https:\/\/speyer24news.com\/index.php?rest_route=\/wp\/v2\/posts\/24030\/revisions"}],"predecessor-version":[{"id":24041,"href":"https:\/\/speyer24news.com\/index.php?rest_route=\/wp\/v2\/posts\/24030\/revisions\/24041"}],"wp:attachment":[{"href":"https:\/\/speyer24news.com\/index.php?rest_route=%2Fwp%2Fv2%2Fmedia&parent=24030"}],"wp:term":[{"taxonomy":"category","embeddable":true,"href":"https:\/\/speyer24news.com\/index.php?rest_route=%2Fwp%2Fv2%2Fcategories&post=24030"},{"taxonomy":"post_tag","embeddable":true,"href":"https:\/\/speyer24news.com\/index.php?rest_route=%2Fwp%2Fv2%2Ftags&post=24030"}],"curies":[{"name":"wp","href":"https:\/\/api.w.org\/{rel}","templated":true}]}}