{"id":24058,"date":"2020-01-12T08:18:38","date_gmt":"2020-01-12T07:18:38","guid":{"rendered":"https:\/\/speyer24news.com\/?p=24058"},"modified":"2020-01-12T08:18:38","modified_gmt":"2020-01-12T07:18:38","slug":"schwetzingen-36","status":"publish","type":"post","link":"https:\/\/speyer24news.com\/?p=24058","title":{"rendered":"Schwetzingen"},"content":{"rendered":"<style type=\"text\/css\">\r\n\t.ads_top_disp{}\r\n\t.ads_top_corner_disp{ float:left; margin:0px 10px 10px 0px; }\r\n\t.ads_first_p_disp{}\r\n\t.ads_bottom_disp{}\r\n\t<\/style>\n<h2 class=\"wp-block-heading\"><strong>Sanierung Karlsruher Stra\u00dfe: B\u00fcrgerinformation am Mittwoch, 22. Januar, 18 Uhr, im Palais Hirsch<\/strong><\/h2>\n\n\n\n<h3 class=\"wp-block-heading\"><em>Arbeiten f\u00fcr den ersten Bauabschnitt beginnen Anfang M\u00e4rz \/ Vergabe der Bauleistungen am 29. Januar im Gemeinderat<\/em><\/h3>\n\n\n\n<p>Weitgehend\n abgeschlossenen sind die Planungen f\u00fcr die geplante Sanierung der \nKarlsruher Stra\u00dfe. Die Arbeiten f\u00fcr den ersten Bauabschnitt sollen in \nder 1. M\u00e4rz-Woche beginnen. Am 29.\n Januar wird der Gemeinderat \u00fcber die Vergabe der Arbeiten beschlie\u00dfen.<\/p>\n\n\n\n<p>Nach\n dem Termin vom 16. Juli letzten Jahres l\u00e4dt die Stadt Schwetzingen \njetzt f\u00fcr 22. Januar zu einem 2. B\u00fcrgerinformationstermin ein.<\/p>\n\n\n\n<p>Die\n Vertreter der Stadt und der beteiligten Ingenieurb\u00fcros wollen \nB\u00fcrgerinnen und B\u00fcrger, auch die direkt betroffenen &nbsp;Anwohner und \nEigent\u00fcmer zu den geplanten Abl\u00e4ufen informieren\n und die aufkommenden Fragen beantworten. Ein Themenschwerpunkt bildet \ndie Leitung des Verkehrs mit den vorgesehenen Umleitungsstrecken.<\/p>\n\n\n\n<p><em>Stadtverwaltung Schwetzingen<br>12.01.2020<\/em><\/p>\n\n\n\n<h2 class=\"wp-block-heading\"><strong>\u201eHier k\u00f6nnen Sie was erleben!\u201c<\/strong><\/h2>\n\n\n\n<ul><li><strong>Die Kulturregion Rhein-Neckar pr\u00e4sentiert sich auch in diesem Jahr auf der CMT in Stuttgart<\/strong><\/li><li><strong>Zwei neue Partner verst\u00e4rken die Messe-Pr\u00e4senz<\/strong><\/li><li><strong>Kultur und Tourismus gehen Hand in Hand<\/strong><\/li><\/ul>\n\n\n\n<div class=\"wp-block-image\"><figure class=\"aligncenter\"><img decoding=\"async\" loading=\"lazy\" width=\"800\" height=\"586\" src=\"https:\/\/speyer24news.com\/wp-content\/uploads\/2020\/01\/CMT-Pressefr\u00fchst\u00fcck-WHM-LU-4.jpg\" alt=\"\" class=\"wp-image-24062\" srcset=\"https:\/\/speyer24news.com\/wp-content\/uploads\/2020\/01\/CMT-Pressefr\u00fchst\u00fcck-WHM-LU-4.jpg 800w, https:\/\/speyer24news.com\/wp-content\/uploads\/2020\/01\/CMT-Pressefr\u00fchst\u00fcck-WHM-LU-4-300x220.jpg 300w, https:\/\/speyer24news.com\/wp-content\/uploads\/2020\/01\/CMT-Pressefr\u00fchst\u00fcck-WHM-LU-4-768x563.jpg 768w, https:\/\/speyer24news.com\/wp-content\/uploads\/2020\/01\/CMT-Pressefr\u00fchst\u00fcck-WHM-LU-4-80x60.jpg 80w\" sizes=\"(max-width: 800px) 100vw, 800px\" \/><\/figure><\/div>\n\n\n\n<p>Nach der erfolgreichen Premiere 2019 wird die  Kulturregion Rhein-Neckar auch 2020 wieder auf der Messe CMT (Caravan \u2013  Motor \u2013 Touristik) vom 11. bis 19. Januar in Stuttgart vertreten sein  (Halle 6, Stand E23). Zum bereits \u201eeingespielten  Team\u201c der sechs Kulturinstitutionen aus dem vergangenen Jahr, der  Generaldirektion Kulturelles Erbe Rheinland-Pfalz, dem Historischen  Museum der Pfalz (Speyer), den Nibelungen-Festspielen (Worms), den  Reiss-Engelhorn-Museen, dem Technoseum (beide Mannheim)  und dem Wilhelm-Hack-Museum (Ludwigshafen), sto\u00dfen in diesem Jahr das  Nationaltheater Mannheim sowie das Kulturb\u00fcro Schwetzingen als  Verst\u00e4rkung hinzu.<\/p>\n\n\n\n<p>\u201eMit dem Gemeinschaftsauftritt der Kulturregion \nRhein-Neckar auf der CMT ist der von den regionalen Akteuren gew\u00fcnschte \nZirkelschluss von Kultur zu Tourismus vollzogen\u201c, so Dr. Barbara \nGilsdorf (Kulturreferentin und Leitung Tourismus, Schwetzingen).\n Die gemeinsame Pr\u00e4senz auf der weltweit gr\u00f6\u00dften Publikumsmesse f\u00fcr \nTourismus und Freizeit st\u00e4rkt die Kulturregion und erm\u00f6glicht eine \ntouristische Positionierung der Partner: die Museums-, Theater- und \nFestivalpartner sehen ihren Zusammenschluss und die Teilnahme\n an der CMT als kluges Kultur- und Tourismusmarketing. Das verbindende \nElement in Stuttgart sind die vielf\u00e4ltigen kulturellen Events, \nAusstellungen und Veranstaltungen, die nationale wie internationale \nStrahlkraft besitzen und jedes Jahr zahlreiche Besucher\n in die Region locken.<\/p>\n\n\n\n<p>\u201eHier k\u00f6nnen Sie was erleben!\u201c, verspricht dann  auch der bundesl\u00e4nder\u00fcbergreifende Messeauftritt 2020: Kunst, Theater,  Tanz und Technik \u2013 die Partner bringen gro\u00dfe Kulturvielfalt und  hochkar\u00e4tige Programme mit nach Stuttgart, um sich den  Messebesuchern als attraktives Reiseziel mit facettenreichem und  hochwertigem Angebot zu pr\u00e4sentieren.<\/p>\n\n\n\n<div class=\"wp-block-image\"><figure class=\"aligncenter\"><img decoding=\"async\" loading=\"lazy\" width=\"800\" height=\"562\" src=\"https:\/\/speyer24news.com\/wp-content\/uploads\/2020\/01\/CMT-Pressefr\u00fchst\u00fcck-WHM-LU-7.jpg\" alt=\"\" class=\"wp-image-24063\" srcset=\"https:\/\/speyer24news.com\/wp-content\/uploads\/2020\/01\/CMT-Pressefr\u00fchst\u00fcck-WHM-LU-7.jpg 800w, https:\/\/speyer24news.com\/wp-content\/uploads\/2020\/01\/CMT-Pressefr\u00fchst\u00fcck-WHM-LU-7-300x211.jpg 300w, https:\/\/speyer24news.com\/wp-content\/uploads\/2020\/01\/CMT-Pressefr\u00fchst\u00fcck-WHM-LU-7-768x540.jpg 768w\" sizes=\"(max-width: 800px) 100vw, 800px\" \/><\/figure><\/div>\n\n\n\n<h3 class=\"wp-block-heading\"><strong>Statements der Partner<\/strong><\/h3>\n\n\n\n<p><strong>Generaldirektion Kulturelles Erbe Rheinland-Pfalz<\/strong><\/p>\n\n\n\n<p>\u201eWir freuen uns, nach der erfolgreichen Premiere \nauch 2020 mit den Partnerinstitutionen der Metropolregion Rhein-Neckar \nzu Gast auf der CMT sein zu k\u00f6nnen. Im Gep\u00e4ck haben wir das landesweite \nrheinland-pf\u00e4lzische \u201eKaiserjahr 2020\u201c mit attraktiven\n Programmen in der Metropolregion und als Highlight der gro\u00dfen \nLandesausstellung \u201eDie Kaiser und die S\u00e4ulen ihrer Macht\u201c ab September \n2020 im Landesmuseum Mainz.\u201c (Thomas Metz, Generaldirektor)<\/p>\n\n\n\n<p><strong>Historisches Museum der Pfalz, Speyer<\/strong><\/p>\n\n\n\n<p>\u201eEs ist alles andere als selbstverst\u00e4ndlich, dass  acht Kulturinstitutionen frei von Konkurrenz gemeinsam ihre Projekte auf  einer Reisemesse pr\u00e4sentieren. Dass wir es nun schon zum zweiten Mal  bewerkstelligen, spricht f\u00fcr das gute Miteinander,  die faszinierenden Angebote und f\u00fcr die Vernetzung der Metropolregion  Rhein-Neckar. Wir zeigen mit der kulturhistorischen Ausstellung \u201eMedicus  \u2013 Die Macht des Wissens\u201c und der Familienausstellung \u201eDer Gr\u00fcffelo\u201c  zwei h\u00f6chst unterschiedliche Themen im ersten  Halbjahr 2020, die dazu einladen, auch Speyer mal wieder einen Besuch  abzustatten.\u201c (Dr. Alexander Schubert, Leitender Direktor und  Gesch\u00e4ftsf\u00fchrer) <\/p>\n\n\n\n<div class=\"wp-block-image\"><figure class=\"aligncenter\"><img decoding=\"async\" loading=\"lazy\" width=\"800\" height=\"600\" src=\"https:\/\/speyer24news.com\/wp-content\/uploads\/2020\/01\/CMT-Pressefr\u00fchst\u00fcck-WHM-LU-9.jpg\" alt=\"\" class=\"wp-image-24064\" srcset=\"https:\/\/speyer24news.com\/wp-content\/uploads\/2020\/01\/CMT-Pressefr\u00fchst\u00fcck-WHM-LU-9.jpg 800w, https:\/\/speyer24news.com\/wp-content\/uploads\/2020\/01\/CMT-Pressefr\u00fchst\u00fcck-WHM-LU-9-300x225.jpg 300w, https:\/\/speyer24news.com\/wp-content\/uploads\/2020\/01\/CMT-Pressefr\u00fchst\u00fcck-WHM-LU-9-768x576.jpg 768w, https:\/\/speyer24news.com\/wp-content\/uploads\/2020\/01\/CMT-Pressefr\u00fchst\u00fcck-WHM-LU-9-678x509.jpg 678w, https:\/\/speyer24news.com\/wp-content\/uploads\/2020\/01\/CMT-Pressefr\u00fchst\u00fcck-WHM-LU-9-326x245.jpg 326w, https:\/\/speyer24news.com\/wp-content\/uploads\/2020\/01\/CMT-Pressefr\u00fchst\u00fcck-WHM-LU-9-80x60.jpg 80w\" sizes=\"(max-width: 800px) 100vw, 800px\" \/><\/figure><\/div>\n\n\n\n<p><strong>Nationaltheater Mannheim <\/strong><\/p>\n\n\n\n<p>\u201eDas Wirken Schillers und die Verbindung zu Mozart \npr\u00e4gen bis heute die Arbeit am NTM. Zahlreiche Urauff\u00fchrungen und \nDeutsche Erstauff\u00fchrungen in den vier Sparten Oper, Schauspiel, Tanz und\n Junges Nationaltheater sowie das Mannheimer Stadtensemble\n sind beispielhaft f\u00fcr die innovative und zeitgem\u00e4\u00dfe Fortf\u00fchrung der \nTradition. H\u00f6hepunkte sind die beiden zweij\u00e4hrlich stattfindenden \nFestivals \u00bbInternationale Schillertage\u00ab und \u00bbMannheimer Sommer\u00ab. Mit \nseinen j\u00e4hrlich \u00fcber 1.000 Vorstellungen f\u00fcr rund 350.000\n Besucher ist das Nationaltheater tief in der Metropolregion verwurzelt.\n Zusammen mit weiteren Kulturinstitutionen ist somit auf der CMT ein \nbreites und vielf\u00e4ltiges Kulturangebot der Metropolregion Rhein-Neckar \nm\u00f6glich.\u201c (Albrecht Puhlmann, Intendant Oper)<\/p>\n\n\n\n<p><strong>Nibelungen-Festspiele, Worms<\/strong><\/p>\n\n\n\n<p>\u201eEs freut mich sehr, dass wir nun schon zum zweiten  Mal gemeinsam das facettenreiche und attraktive Angebot der  Metropolregion Rhein-Neckar vorstellen. Die Besucher aus nah und fern  erwartet eine gro\u00dfe Kulturvielfalt und hohe Qualit\u00e4t,  die man sonst nur in den gro\u00dfen deutschen Metropolen erwartet. Im  Sommer sind die Nibelungen-Festspiele nicht nur in der Region ein  Publikumsmagnet mit ihren Freilicht-Inszenierungen vor der  beindruckenden Kulisse des Wormser Kaiserdoms und den renommierten  Ensemblenamen. 2020 erz\u00e4hlt Ferdinand Schmalz, Nestroypreistr\u00e4ger und  Shootingstar der \u00f6sterreichischen Dramatik, die Nibelungen-Geschichte  aus einer neuen Perspektive: Aus der Sicht der Frauen. In dem St\u00fcck  \u201ehildensaga. ein k\u00f6niginnendrama\u201c f\u00fchrt Roger Vontobel  Regie, dessen Inszenierung bereits 2018 einen gro\u00dfen Erfolg in Worms  feierte.\u201c (Sascha Kaiser, Gesch\u00e4ftsf\u00fchrer)<\/p>\n\n\n\n<div class=\"wp-block-image\"><figure class=\"aligncenter\"><img decoding=\"async\" loading=\"lazy\" width=\"800\" height=\"600\" src=\"https:\/\/speyer24news.com\/wp-content\/uploads\/2020\/01\/CMT-Pressefr\u00fchst\u00fcck-WHM-LU-10.jpg\" alt=\"\" class=\"wp-image-24065\" srcset=\"https:\/\/speyer24news.com\/wp-content\/uploads\/2020\/01\/CMT-Pressefr\u00fchst\u00fcck-WHM-LU-10.jpg 800w, https:\/\/speyer24news.com\/wp-content\/uploads\/2020\/01\/CMT-Pressefr\u00fchst\u00fcck-WHM-LU-10-300x225.jpg 300w, https:\/\/speyer24news.com\/wp-content\/uploads\/2020\/01\/CMT-Pressefr\u00fchst\u00fcck-WHM-LU-10-768x576.jpg 768w, https:\/\/speyer24news.com\/wp-content\/uploads\/2020\/01\/CMT-Pressefr\u00fchst\u00fcck-WHM-LU-10-678x509.jpg 678w, https:\/\/speyer24news.com\/wp-content\/uploads\/2020\/01\/CMT-Pressefr\u00fchst\u00fcck-WHM-LU-10-326x245.jpg 326w, https:\/\/speyer24news.com\/wp-content\/uploads\/2020\/01\/CMT-Pressefr\u00fchst\u00fcck-WHM-LU-10-80x60.jpg 80w\" sizes=\"(max-width: 800px) 100vw, 800px\" \/><\/figure><\/div>\n\n\n\n<p><strong>Reiss-Engelhorn-Museen, Mannheim<\/strong><\/p>\n\n\n\n<p>\u201eSt\u00e4dte- und Kulturreisende d\u00fcrfen sich im \nAusstellungsjahr 2020 auf gl\u00e4nzende Kulturerlebnisse in den Mannheimer \nReiss-Engelhorn-Museen freuen: Noch bis April zeigt die \nSonderausstellung \u201eJavagold \u2013 Pracht und Sch\u00f6nheit Indonesiens\u201c seltene\n Kostbarkeiten aus dem buddhistisch-hinduistischen Kulturkreis. Ab Mai \npr\u00e4sentiert SC Exhibitions seine Erfolgsausstellung \u201eTutanchamun \u2013 Sein \nGrab und die Sch\u00e4tze\u201c in Zusammenarbeit mit den Reiss-Engelhorn-Museen \nendlich auch in der Metropolregion Rhein-Neckar.\n Ein sch\u00f6ner Anlass, auch die Mannheimer \u00c4gypten-Sammlung mit \nOriginalfunden aus vier Jahrtausenden zu erkunden, oder die \nk\u00fcnstlerische Auseinandersetzung mit dem Alten \u00c4gypten in den \nFotografien Marc Erwin Babejs zu entdecken. Die \u201eEiszeit-Safari\u201c bietet \nab\n Herbst 2020 Ausstellungsspa\u00df f\u00fcr die ganze Familie: aufwendige \nTierrekonstruktionen und neueste Forschungsergebnisse versprechen eine \naufregende Begegnung mit der Lebenswelt unserer Vorfahren vor 30.000 \nJahren. Dabei d\u00fcrfen H\u00f6hlenl\u00f6wen, Mammuts und Riesenhirsche\n nat\u00fcrlich nicht fehlen. Gemeinsam mit den Partnern der Kulturregion \nRhein-Neckar schaffen wir auch dieses Jahr wieder attraktive Anl\u00e4sse, \nMannheim und die Region als touristisches Reiseziel zu erkunden.\u201c (Prof.\n Dr. Alfried Wieczorek, Generaldirektor)<\/p>\n\n\n\n<p><strong>Kulturb\u00fcro Schwetzingen<\/strong><\/p>\n\n\n\n<p>\u201eMit dem Gemeinschaftsauftritt der Kulturregion  Rhein-Neckar auf der CMT ist der von den regionalen Akteuren gew\u00fcnschte  Zirkelschluss von Kultur zu Tourismus vollzogen. Die Metropolregion, die  im Gro\u00dfen und Ganzen das Gebiet der ehemaligen  Kurpfalz umfasst, pr\u00e4sentiert sich hier mit seinen herausragenden  Festivals und Museen. Dieser fruchtbare Schritt in die richtige Richtung  m\u00f6ge in den Folgejahren um weitere Anziehungspunkte, wie  Welterbest\u00e4tten, Theater, Schl\u00f6sser, Kl\u00f6ster und Burgen erweitert  werden. Die Metropolregion Rhein-Neckar ist mit einem vielf\u00e4ltigen  kulturellen Angebot reich gesegnet und kann sich folglich selbstbewusst  einem (inter)nationalen Vergleich stellen.\u201c (Dr. Barbara Gilsdorf,  Kulturreferentin und Ltg. Tourismus)<\/p>\n\n\n\n<div class=\"wp-block-image\"><figure class=\"aligncenter\"><img decoding=\"async\" loading=\"lazy\" width=\"800\" height=\"600\" src=\"https:\/\/speyer24news.com\/wp-content\/uploads\/2020\/01\/CMT-Pressefr\u00fchst\u00fcck-WHM-LU-12.jpg\" alt=\"\" class=\"wp-image-24066\" srcset=\"https:\/\/speyer24news.com\/wp-content\/uploads\/2020\/01\/CMT-Pressefr\u00fchst\u00fcck-WHM-LU-12.jpg 800w, https:\/\/speyer24news.com\/wp-content\/uploads\/2020\/01\/CMT-Pressefr\u00fchst\u00fcck-WHM-LU-12-300x225.jpg 300w, https:\/\/speyer24news.com\/wp-content\/uploads\/2020\/01\/CMT-Pressefr\u00fchst\u00fcck-WHM-LU-12-768x576.jpg 768w, https:\/\/speyer24news.com\/wp-content\/uploads\/2020\/01\/CMT-Pressefr\u00fchst\u00fcck-WHM-LU-12-678x509.jpg 678w, https:\/\/speyer24news.com\/wp-content\/uploads\/2020\/01\/CMT-Pressefr\u00fchst\u00fcck-WHM-LU-12-326x245.jpg 326w, https:\/\/speyer24news.com\/wp-content\/uploads\/2020\/01\/CMT-Pressefr\u00fchst\u00fcck-WHM-LU-12-80x60.jpg 80w\" sizes=\"(max-width: 800px) 100vw, 800px\" \/><\/figure><\/div>\n\n\n\n<p><strong>TECHNOSEUM (Landesmuseum f\u00fcr Technik und Arbeit), Mannheim<\/strong><\/p>\n\n\n\n<p>\u201eIn der Kulturregion Rhein-Neckar ist f\u00fcr jeden \netwas dabei: Das Technoseum bietet Erlebnis pur vor allem f\u00fcr Familien. \nAuf eine nostalgische Reise in die Welt der Werbung k\u00f6nnen sich G\u00e4ste \nder Sonderausstellung \u201aDie Sammlung 3 \u2013 Werben\n und Verkaufen\u2018 freuen. Und wer sich ganz interaktiv f\u00fcr technische \nPh\u00e4nomene im Alltag interessiert, der ist in der Dauerausstellung am \nrichtigen Ort. Dort er\u00f6ffnet im Sommer ein neuer gro\u00dfer Abschnitt zum \nThema Energie \u2013 der Ort in Mannheim, an dem man dann\n auch seine \u201aFridays for future-Kenntnisse\u2018 auffrischen kann.\u201c (Prof. \nDr. Hartwig L\u00fcdtke, Direktor)<\/p>\n\n\n\n<p><strong>Wilhelm Hack-Museum, Ludwigshafen<\/strong><\/p>\n\n\n\n<p>\u201eDas Wilhelm-Hack-Museum besitzt nicht nur die  gr\u00f6\u00dfte Wandarbeit Joan Mir\u00f3s weltweit, sondern stellt mit seiner  hochkar\u00e4tigen Sammlung auch eines der bedeutendsten Museen f\u00fcr Moderne  und Zeitgen\u00f6ssische Kunst in S\u00fcddeutschland dar. Die  Metropolregion Rhein-Neckar hat kulturell weit mehr zu bieten, als  gemeinhin bekannt. Umso entscheidender ist es, dass die wichtigsten  Kulturinstitutionen sich zusammenschlie\u00dfen und sich gemeinsam auf der  CMT pr\u00e4sentieren.\u201c (Ren\u00e9 Zechlin, Direktor)<\/p>\n\n\n\n<p><em>Text: Stadtverwaltung Schwetzingen Foto: Speyer 24\/7 News, dak<br>12.01.2020<\/em><\/p>\n\n\n\n<h2 class=\"wp-block-heading\"><strong>Spargelpost 2019 geht an \u00fcber 800 treue Leserinnen und Leser in aller Welt<\/strong><\/h2>\n\n\n\n<h3 class=\"wp-block-heading\"><em>An der Rathauspforte erh\u00e4ltlich und im Internet verf\u00fcgbar<\/em><\/h3>\n\n\n\n<div class=\"wp-block-image\"><figure class=\"aligncenter\"><img decoding=\"async\" loading=\"lazy\" width=\"500\" height=\"707\" src=\"https:\/\/speyer24news.com\/wp-content\/uploads\/2020\/01\/Spargelpost-2019_Titelseite.jpg\" alt=\"\" class=\"wp-image-24059\" srcset=\"https:\/\/speyer24news.com\/wp-content\/uploads\/2020\/01\/Spargelpost-2019_Titelseite.jpg 500w, https:\/\/speyer24news.com\/wp-content\/uploads\/2020\/01\/Spargelpost-2019_Titelseite-212x300.jpg 212w\" sizes=\"(max-width: 500px) 100vw, 500px\" \/><\/figure><\/div>\n\n\n\n<p>Seit\n dem Jahr 1991 versorgt die Stadtverwaltung Schwetzingen ehemalige \nB\u00fcrgerinnen und B\u00fcrger in aller Welt mit der Schwetzinger Spargelpost. \nNun liegt die 29.\n Ausgabe f\u00fcr \u00fcber 800 Leserinnen und \nLeser im In- und Ausland vor. Reich bebildert greift die Brosch\u00fcre \nvieles auf, was die Stadt im zur\u00fcckliegenden Jahr bewegt hat.<\/p>\n\n\n\n<p>Im ersten Teil der Ausgabe\nsind traditionell die wichtigen Themen und Entwicklungen des vergangenen Jahres&nbsp; im \u00dcberblick aufbereitet.\nEin H\u00f6hepunkt bildete das 50-j\u00e4hrige \nBestehen der Jumelage mit Lun\u00e9ville, das mit einem Festakt und weiteren \nVeranstaltungen zelebriert wurde.\nWeitere Themenschwerpunkte sind der 50. Geburtstag der Mozartgesellschaft, verschiedene Themen aus dem Bereich Klimaschutz und Mobilit\u00e4t sowie\naktuelle Stadtentwicklungsprojekte wie \nbeispielsweise das Pfaudler-Areal oder der Neubau der \nSchimper-Gemeinschaftsschule, Neues von den\nSt\u00e4dtepartnerschaften, 10 Jahre Generationenb\u00fcro, Kulturh\u00f6hepunkte des Jahres, die Kommunalwahl\nsowie wichtige Personalien. <\/p>\n\n\n\n<p>Im zweiten Teil der Ausgabe befindet sich die chronologische Jahres\u00fcbersicht gefolgt vom Veranstaltungskalender 2020 und einem Preisr\u00e4tsel.\n<\/p>\n\n\n\n<p>F\u00fcr  interessierte Schwetzinger ist die \u201eSpargelpost\u201c an der Rathauspforte,  Hebelstra\u00dfe 1, erh\u00e4ltlich und kann zudem auch im Internet unter <a rel=\"noreferrer noopener\" href=\"https:\/\/deref-web-02.de\/mail\/client\/69usd-vhnf8\/dereferrer\/?redirectUrl=http%3A%2F%2Fwww.schwetzingen.de\" target=\"_blank\">www.schwetzingen.de<\/a> im Bereich \u201eDownloads\u201c als PDF-Datei abgerufen werden. Neue Adressen von  ehemaligen B\u00fcrgerinnen und B\u00fcrgern oder Adress\u00e4nderungen nimmt die Stadt gerne unter E-Mail <a rel=\"noreferrer noopener\" href=\"mailto:traudel.zahn@schwetzingen.de\" target=\"_blank\">traudel.zahn@schwetzingen.de<\/a>, bzw. telefonisch unter 87-106 entgegen.<\/p>\n\n\n\n<p><em>Stadtverwaltung Schwetzingen<br>12.01.2020<\/em><\/p>\n","protected":false},"excerpt":{"rendered":"<div class=\"mh-excerpt\"><p>Sanierung Karlsruher Stra\u00dfe: B\u00fcrgerinformation am Mittwoch, 22. Januar, 18 Uhr, im Palais Hirsch Arbeiten f\u00fcr den ersten Bauabschnitt beginnen Anfang M\u00e4rz \/ Vergabe der Bauleistungen am 29. Januar im Gemeinderat Weitgehend abgeschlossenen sind die Planungen <a class=\"mh-excerpt-more\" href=\"https:\/\/speyer24news.com\/?p=24058\" title=\"Schwetzingen\">[&#8230;]<\/a><\/p>\n<\/div>","protected":false},"author":3,"featured_media":0,"comment_status":"open","ping_status":"open","sticky":false,"template":"","format":"standard","meta":{"_monsterinsights_skip_tracking":false,"_monsterinsights_sitenote_active":false,"_monsterinsights_sitenote_note":"","_monsterinsights_sitenote_category":0,"footnotes":""},"categories":[477],"tags":[5274,5276,5275,154,5277,5279,5278],"aioseo_notices":[],"amp_enabled":true,"_links":{"self":[{"href":"https:\/\/speyer24news.com\/index.php?rest_route=\/wp\/v2\/posts\/24058"}],"collection":[{"href":"https:\/\/speyer24news.com\/index.php?rest_route=\/wp\/v2\/posts"}],"about":[{"href":"https:\/\/speyer24news.com\/index.php?rest_route=\/wp\/v2\/types\/post"}],"author":[{"embeddable":true,"href":"https:\/\/speyer24news.com\/index.php?rest_route=\/wp\/v2\/users\/3"}],"replies":[{"embeddable":true,"href":"https:\/\/speyer24news.com\/index.php?rest_route=%2Fwp%2Fv2%2Fcomments&post=24058"}],"version-history":[{"count":1,"href":"https:\/\/speyer24news.com\/index.php?rest_route=\/wp\/v2\/posts\/24058\/revisions"}],"predecessor-version":[{"id":24067,"href":"https:\/\/speyer24news.com\/index.php?rest_route=\/wp\/v2\/posts\/24058\/revisions\/24067"}],"wp:attachment":[{"href":"https:\/\/speyer24news.com\/index.php?rest_route=%2Fwp%2Fv2%2Fmedia&parent=24058"}],"wp:term":[{"taxonomy":"category","embeddable":true,"href":"https:\/\/speyer24news.com\/index.php?rest_route=%2Fwp%2Fv2%2Fcategories&post=24058"},{"taxonomy":"post_tag","embeddable":true,"href":"https:\/\/speyer24news.com\/index.php?rest_route=%2Fwp%2Fv2%2Ftags&post=24058"}],"curies":[{"name":"wp","href":"https:\/\/api.w.org\/{rel}","templated":true}]}}