{"id":24117,"date":"2020-01-13T09:34:27","date_gmt":"2020-01-13T08:34:27","guid":{"rendered":"https:\/\/speyer24news.com\/?p=24117"},"modified":"2020-01-13T09:34:27","modified_gmt":"2020-01-13T08:34:27","slug":"hassloch-44","status":"publish","type":"post","link":"https:\/\/speyer24news.com\/?p=24117","title":{"rendered":"Ha\u00dfloch"},"content":{"rendered":"<style type=\"text\/css\">\r\n\t.ads_top_disp{}\r\n\t.ads_top_corner_disp{ float:left; margin:0px 10px 10px 0px; }\r\n\t.ads_first_p_disp{}\r\n\t.ads_bottom_disp{}\r\n\t<\/style>\n<h2 class=\"wp-block-heading\">DRK Second-Hand-Shop \u00f6ffnet nach Winterferien seine T\u00fcren<\/h2>\n\n\n\n<h3 class=\"wp-block-heading\">Der DRK Second-Hand-Shop in der Schm\u00e4hgasse 39, Ha\u00dfloch \u00f6ffnet nach der Winterpause wieder seine T\u00fcren f\u00fcr Jedermann.<\/h3>\n\n\n\n<figure class=\"wp-block-image\"><img decoding=\"async\" src=\"https:\/\/speyer24news.com\/wp-content\/uploads\/2020\/01\/drk-logo_kompakt_4c_Hassloch.jpg\" alt=\"\" class=\"wp-image-24118\"\/><\/figure>\n\n\n\n<p>Immer montags von 16 bis 18 Uhr, mittwochs von 15 bis 18 Uhr und donnerstags von 9 bis 12 Uhr steht das Team mit Brigitte Walachowitsch, Anja Althoff und Marlies Emmert interessierten Kunden mit Rat und Tat zu Seite.  <\/p>\n\n\n\n<p>Neben gut erhaltender Kleidung und Schuhen f\u00fcr Babys, Kinder,  Jugendliche sowie Erwachsene k\u00f6nnen Hauswahlwaren zu g\u00fcnstigen Preisen erworben werden. Vor dem Eingang seht ein Container in dem Kleidung und Schuhe (bitte gut verpackt) eingeworfen werden k\u00f6nnen. Der Inhalt des Containers geht, ebenso wie der Container am DRK-Haus in der  Rot-Kreuzstr. 9., direkt in den Second-Hand-Shop, <\/p>\n\n\n\n<p>Das DRK bedankt sich  bei allen Spenderinnen und Spendern, bittet jedoch sehr herzlich, die Container nicht f\u00fcr die Entsorgung von Restm\u00fcll oder sogar Bioabf\u00e4llen zu verwenden. <\/p>\n\n\n\n<p><em>DRK Ortsverein Ha\u00dfloch-Meckenheim e.V., J\u00fcrgen Vogt<br>13.01.2020<\/em><\/p>\n","protected":false},"excerpt":{"rendered":"<div class=\"mh-excerpt\"><p>DRK Second-Hand-Shop \u00f6ffnet nach Winterferien seine T\u00fcren Der DRK Second-Hand-Shop in der Schm\u00e4hgasse 39, Ha\u00dfloch \u00f6ffnet nach der Winterpause wieder seine T\u00fcren f\u00fcr Jedermann. Immer montags von 16 bis 18 Uhr, mittwochs von 15 bis <a class=\"mh-excerpt-more\" href=\"https:\/\/speyer24news.com\/?p=24117\" title=\"Ha\u00dfloch\">[&#8230;]<\/a><\/p>\n<\/div>","protected":false},"author":3,"featured_media":23914,"comment_status":"open","ping_status":"open","sticky":false,"template":"","format":"standard","meta":{"_monsterinsights_skip_tracking":false,"_monsterinsights_sitenote_active":false,"_monsterinsights_sitenote_note":"","_monsterinsights_sitenote_category":0,"footnotes":""},"categories":[235],"tags":[237,240,5291,180,5292,5290],"aioseo_notices":[],"amp_enabled":true,"_links":{"self":[{"href":"https:\/\/speyer24news.com\/index.php?rest_route=\/wp\/v2\/posts\/24117"}],"collection":[{"href":"https:\/\/speyer24news.com\/index.php?rest_route=\/wp\/v2\/posts"}],"about":[{"href":"https:\/\/speyer24news.com\/index.php?rest_route=\/wp\/v2\/types\/post"}],"author":[{"embeddable":true,"href":"https:\/\/speyer24news.com\/index.php?rest_route=\/wp\/v2\/users\/3"}],"replies":[{"embeddable":true,"href":"https:\/\/speyer24news.com\/index.php?rest_route=%2Fwp%2Fv2%2Fcomments&post=24117"}],"version-history":[{"count":1,"href":"https:\/\/speyer24news.com\/index.php?rest_route=\/wp\/v2\/posts\/24117\/revisions"}],"predecessor-version":[{"id":24119,"href":"https:\/\/speyer24news.com\/index.php?rest_route=\/wp\/v2\/posts\/24117\/revisions\/24119"}],"wp:featuredmedia":[{"embeddable":true,"href":"https:\/\/speyer24news.com\/index.php?rest_route=\/wp\/v2\/media\/23914"}],"wp:attachment":[{"href":"https:\/\/speyer24news.com\/index.php?rest_route=%2Fwp%2Fv2%2Fmedia&parent=24117"}],"wp:term":[{"taxonomy":"category","embeddable":true,"href":"https:\/\/speyer24news.com\/index.php?rest_route=%2Fwp%2Fv2%2Fcategories&post=24117"},{"taxonomy":"post_tag","embeddable":true,"href":"https:\/\/speyer24news.com\/index.php?rest_route=%2Fwp%2Fv2%2Ftags&post=24117"}],"curies":[{"name":"wp","href":"https:\/\/api.w.org\/{rel}","templated":true}]}}