{"id":24193,"date":"2020-01-13T16:49:57","date_gmt":"2020-01-13T15:49:57","guid":{"rendered":"https:\/\/speyer24news.com\/?p=24193"},"modified":"2020-01-13T16:49:59","modified_gmt":"2020-01-13T15:49:59","slug":"speyer-10","status":"publish","type":"post","link":"https:\/\/speyer24news.com\/?p=24193","title":{"rendered":"Speyer"},"content":{"rendered":"<style type=\"text\/css\">\r\n\t.ads_top_disp{}\r\n\t.ads_top_corner_disp{ float:left; margin:0px 10px 10px 0px; }\r\n\t.ads_first_p_disp{}\r\n\t.ads_bottom_disp{}\r\n\t<\/style>\n<h2 class=\"wp-block-heading\"><strong>Welterbe-Antrag f\u00fcr j\u00fcdisches Erbe in Mainz unterzeichnet<\/strong><\/h2>\n\n\n\n<div class=\"wp-block-image\"><figure class=\"aligncenter\"><img decoding=\"async\" loading=\"lazy\" width=\"800\" height=\"600\" src=\"https:\/\/speyer24news.com\/wp-content\/uploads\/2020\/01\/img_1888.jpg\" alt=\"\" class=\"wp-image-24194\" srcset=\"https:\/\/speyer24news.com\/wp-content\/uploads\/2020\/01\/img_1888.jpg 800w, https:\/\/speyer24news.com\/wp-content\/uploads\/2020\/01\/img_1888-300x225.jpg 300w, https:\/\/speyer24news.com\/wp-content\/uploads\/2020\/01\/img_1888-768x576.jpg 768w, https:\/\/speyer24news.com\/wp-content\/uploads\/2020\/01\/img_1888-678x509.jpg 678w, https:\/\/speyer24news.com\/wp-content\/uploads\/2020\/01\/img_1888-326x245.jpg 326w, https:\/\/speyer24news.com\/wp-content\/uploads\/2020\/01\/img_1888-80x60.jpg 80w\" sizes=\"(max-width: 800px) 100vw, 800px\" \/><figcaption>v.l.: Dieter Burgard (Beauftragter f\u00fcr j\u00fcdisches Leben und Antisemitismusfragen  des Landes Rheinland-Pfalz), Michael Ebling (OB Mainz), Anna Kischner  (Vorsitzende der j\u00fcd. Gemeinde Worms), Prof. Dr. Konrad Wolf (Minister  f\u00fcr Wissenschaft, Weiterbildung und Kultur des Landes Rheinland-Pfalz),  Avadislav Avadiev (Vorsitzender des Landesverbands  der j\u00fcd. Gemeinden RLP), Marina Nikiforova (Vorsitzende der j\u00fcd.  Kultusgemeinde der Rheinpfalz in SP), Malu Dreyer (Ministerpr\u00e4sidentin),  verdeckt: Adolf Kessel (OB Worms), sitzend: Stefanie Seiler (OB Speyer) <\/figcaption><\/figure><\/div>\n\n\n\n<p>Am\n heutigen Montag unterzeichnete Ministerpr\u00e4sidentin Malu Dreyer in der \nMainzer Neuen Synagoge den Welterbe-Antrag\n \u201eSchUM-St\u00e4tten Speyer, Worms und Mainz\u201c. Die drei St\u00e4dte waren im \nMittelalter das Zentrum des europ\u00e4ischen Judentums und wirken in ihrer \nBedeutung bis heute nach. Offiziell bei der UNESCO eingereicht wird der \nAntrag am 23. Januar 2020 in Paris. \u201eEine\n Anerkennung der SchUM-St\u00e4tten w\u00e4re &#8211; insbesondere in Zeiten des \nwachsenden Antisemitismus weltweit &#8211; ein bedeutendes Zeichen und ein \nwichtiges Bekenntnis zum Judentum als Teil der deutschen Geschichte\u201c, \nunterstreicht Oberb\u00fcrgermeisterin Stefanie Seiler, seit\n November 2019 Vorsitzende des Vereins der SchUM-St\u00e4dte.<\/p>\n\n\n\n<p>Das  \u00fcber 1.000 Seiten starke Dokument f\u00fchrt den au\u00dfergew\u00f6hnlichen,  universellen Wert aus, der f\u00fcr einen erfolgreichen  UNESCO-Antrag notwendig ist. So haben die drei SchUM-St\u00e4dte am Rhein  mit ihren wegweisenden Monumenten und Traditionen das Judentum gepr\u00e4gt  und in Mittel- und Osteuropa \u00fcber mehrere Jahrhunderte ma\u00dfgeblich  beeinflusst. Hier entstanden neue Synagogentypen,  monumentale Mikwen und eine eigene Bestattungskultur. Mit den ber\u00fchmten  Gelehrten wie Raschi, Maharam und Maharil ist SchUM zur Wiege des  aschkenasischen Judentums geworden.<\/p>\n\n\n\n<div class=\"wp-block-image\"><figure class=\"aligncenter\"><img decoding=\"async\" loading=\"lazy\" width=\"450\" height=\"410\" src=\"https:\/\/speyer24news.com\/wp-content\/uploads\/2020\/01\/SchUM-Logo.png\" alt=\"\" class=\"wp-image-24183\" srcset=\"https:\/\/speyer24news.com\/wp-content\/uploads\/2020\/01\/SchUM-Logo.png 450w, https:\/\/speyer24news.com\/wp-content\/uploads\/2020\/01\/SchUM-Logo-300x273.png 300w\" sizes=\"(max-width: 450px) 100vw, 450px\" \/><\/figure><\/div>\n\n\n\n<p>Eine\n Arbeitsgruppe aus Wissenschaftlerinnen und Wissenschaftlern \nverschiedener Universit\u00e4ten, dem Kulturministerium,\n der Generaldirektion Kulturelles Erbe, dem Verein SchUM-St\u00e4tten e.V., \nden St\u00e4dten Speyer, Worms und Mainz und der j\u00fcdischen Gemeinde \nMainz\/Worms hatte den Welterbe-Antrag seit 2016 erarbeitet. Im \nNominierungsdossier wird insbesondere der au\u00dfergew\u00f6hnliche universelle\n Wert der St\u00e4tten dargelegt. Der Managementplan, der unter Federf\u00fchrung \ndes SchUM-Vereins erstellt wurde, zeigt auf, wie auch in Zukunft der \nSchutz der St\u00e4tten sichergestellt und das Wissen \u00fcber ihre Bedeutung \ngesteigert werden kann.\n<\/p>\n\n\n\n<p>\u201eSchUM,  der Verbund der j\u00fcdischen Gemeinden der St\u00e4dte Speyer, Worms und Mainz  im Mittelalter, war Wiege,  Zentrum und Bl\u00fctezeit des europ\u00e4ischen Judentums. Trotz der  Zerst\u00f6rungen durch die Nationalsozialisten sind in allen drei St\u00e4dten  bedeutende historische Monumente erhalten geblieben. Dieses einzigartige  kulturelle Erbe gilt es zu bewahren, weshalb es mich  besonders freut, dass wir die Bewerbung um den Status als  UNESCO-Weltkulturerbe nun gemeinsam auf die Zielgerade f\u00fchren k\u00f6nnen\u201c,  f\u00fchrt Oberb\u00fcrgermeisterin Seiler aus. <\/p>\n\n\n\n<div class=\"wp-block-image\"><figure class=\"aligncenter\"><img decoding=\"async\" loading=\"lazy\" width=\"800\" height=\"600\" src=\"https:\/\/speyer24news.com\/wp-content\/uploads\/2020\/01\/DSC06635.jpg\" alt=\"\" class=\"wp-image-24195\" srcset=\"https:\/\/speyer24news.com\/wp-content\/uploads\/2020\/01\/DSC06635.jpg 800w, https:\/\/speyer24news.com\/wp-content\/uploads\/2020\/01\/DSC06635-300x225.jpg 300w, https:\/\/speyer24news.com\/wp-content\/uploads\/2020\/01\/DSC06635-768x576.jpg 768w, https:\/\/speyer24news.com\/wp-content\/uploads\/2020\/01\/DSC06635-678x509.jpg 678w, https:\/\/speyer24news.com\/wp-content\/uploads\/2020\/01\/DSC06635-326x245.jpg 326w, https:\/\/speyer24news.com\/wp-content\/uploads\/2020\/01\/DSC06635-80x60.jpg 80w\" sizes=\"(max-width: 800px) 100vw, 800px\" \/><figcaption>Die Mikwe in Speyer<\/figcaption><\/figure><\/div>\n\n\n\n<p>Im\n Anschluss an die Antragsunterzeichnung wurde die Fortf\u00fchrung des \nKooperationsvertrags zwischen dem Land,\n den St\u00e4dten Speyer, Worms und Mainz, dem Landesverband der j\u00fcdischen \nGemeinden von Rheinland-Pfalz, der j\u00fcdischen Gemeinde Mainz und Worms \nund der Kultusgemeinde der Rheinpfalz signiert. Die Partnerinnen und \nPartner wollen die gute Kooperation miteinander\n auch \u00fcber die Antragsstellung hinaus fortf\u00fchren.<\/p>\n\n\n\n<p>Am  23. Januar 2020 wird das Land Rheinland-Pfalz offiziell den  Welterbe-Antrag der UNESCO an ihrem Hauptsitz  in Paris \u00fcberreichen. Im Anschluss pr\u00fcft die UNESCO-Verwaltung die  Vollst\u00e4ndigkeit der Unterlagen. Von M\u00e4rz 2020 bis M\u00e4rz 2021 erfolgt die  Pr\u00fcfung der beratenden Gremien. Eine Vor-Ort-Begehung wird im Herbst  2020 erwartet. Eine erste Entscheidung \u00fcber den  Antrag k\u00f6nnte fr\u00fchestens im Juni\/Juli 2021 auf der j\u00e4hrlich  stattfindenden Sitzung des UNESCO-Komitees erfolgen.<\/p>\n\n\n\n<p><em>Stadt Speyer<br>13.01.2020<\/em><\/p>\n","protected":false},"excerpt":{"rendered":"<div class=\"mh-excerpt\"><p>Welterbe-Antrag f\u00fcr j\u00fcdisches Erbe in Mainz unterzeichnet Am heutigen Montag unterzeichnete Ministerpr\u00e4sidentin Malu Dreyer in der Mainzer Neuen Synagoge den Welterbe-Antrag \u201eSchUM-St\u00e4tten Speyer, Worms und Mainz\u201c. Die drei St\u00e4dte waren im Mittelalter das Zentrum des <a class=\"mh-excerpt-more\" href=\"https:\/\/speyer24news.com\/?p=24193\" title=\"Speyer\">[&#8230;]<\/a><\/p>\n<\/div>","protected":false},"author":3,"featured_media":23902,"comment_status":"open","ping_status":"open","sticky":false,"template":"","format":"standard","meta":{"_monsterinsights_skip_tracking":false,"_monsterinsights_sitenote_active":false,"_monsterinsights_sitenote_note":"","_monsterinsights_sitenote_category":0,"footnotes":""},"categories":[9],"tags":[178,4124,3015,6,5325,2304],"aioseo_notices":[],"amp_enabled":true,"_links":{"self":[{"href":"https:\/\/speyer24news.com\/index.php?rest_route=\/wp\/v2\/posts\/24193"}],"collection":[{"href":"https:\/\/speyer24news.com\/index.php?rest_route=\/wp\/v2\/posts"}],"about":[{"href":"https:\/\/speyer24news.com\/index.php?rest_route=\/wp\/v2\/types\/post"}],"author":[{"embeddable":true,"href":"https:\/\/speyer24news.com\/index.php?rest_route=\/wp\/v2\/users\/3"}],"replies":[{"embeddable":true,"href":"https:\/\/speyer24news.com\/index.php?rest_route=%2Fwp%2Fv2%2Fcomments&post=24193"}],"version-history":[{"count":1,"href":"https:\/\/speyer24news.com\/index.php?rest_route=\/wp\/v2\/posts\/24193\/revisions"}],"predecessor-version":[{"id":24196,"href":"https:\/\/speyer24news.com\/index.php?rest_route=\/wp\/v2\/posts\/24193\/revisions\/24196"}],"wp:featuredmedia":[{"embeddable":true,"href":"https:\/\/speyer24news.com\/index.php?rest_route=\/wp\/v2\/media\/23902"}],"wp:attachment":[{"href":"https:\/\/speyer24news.com\/index.php?rest_route=%2Fwp%2Fv2%2Fmedia&parent=24193"}],"wp:term":[{"taxonomy":"category","embeddable":true,"href":"https:\/\/speyer24news.com\/index.php?rest_route=%2Fwp%2Fv2%2Fcategories&post=24193"},{"taxonomy":"post_tag","embeddable":true,"href":"https:\/\/speyer24news.com\/index.php?rest_route=%2Fwp%2Fv2%2Ftags&post=24193"}],"curies":[{"name":"wp","href":"https:\/\/api.w.org\/{rel}","templated":true}]}}