{"id":24216,"date":"2020-01-16T09:01:19","date_gmt":"2020-01-16T08:01:19","guid":{"rendered":"https:\/\/speyer24news.com\/?p=24216"},"modified":"2021-01-14T08:33:44","modified_gmt":"2021-01-14T07:33:44","slug":"speyer-11","status":"publish","type":"post","link":"https:\/\/speyer24news.com\/?p=24216","title":{"rendered":"Speyer"},"content":{"rendered":"<style type=\"text\/css\">\r\n\t.ads_top_disp{}\r\n\t.ads_top_corner_disp{ float:left; margin:0px 10px 10px 0px; }\r\n\t.ads_first_p_disp{}\r\n\t.ads_bottom_disp{}\r\n\t<\/style>\n<h2 class=\"wp-block-heading\"><strong>Auf der Zielgeraden zum Weltkulturerbe<\/strong><\/h2>\n\n\n\n<h3 class=\"wp-block-heading\">G\u00e4stef\u00fchrer der SchUM- St\u00e4dte erhalten ihre Zertifikate, Antrag auf Welterbe wird in K\u00fcrze in Paris bei der Weltkulturorganisation eingereicht<\/h3>\n\n\n\n<div class=\"wp-block-image\"><figure class=\"aligncenter\"><img decoding=\"async\" loading=\"lazy\" width=\"800\" height=\"600\" src=\"https:\/\/speyer24news.com\/wp-content\/uploads\/2020\/01\/WhatsApp-Image-2020-01-14-at-19.35.57.jpeg\" alt=\"\" class=\"wp-image-24217\" srcset=\"https:\/\/speyer24news.com\/wp-content\/uploads\/2020\/01\/WhatsApp-Image-2020-01-14-at-19.35.57.jpeg 800w, https:\/\/speyer24news.com\/wp-content\/uploads\/2020\/01\/WhatsApp-Image-2020-01-14-at-19.35.57-300x225.jpeg 300w, https:\/\/speyer24news.com\/wp-content\/uploads\/2020\/01\/WhatsApp-Image-2020-01-14-at-19.35.57-768x576.jpeg 768w, https:\/\/speyer24news.com\/wp-content\/uploads\/2020\/01\/WhatsApp-Image-2020-01-14-at-19.35.57-678x509.jpeg 678w, https:\/\/speyer24news.com\/wp-content\/uploads\/2020\/01\/WhatsApp-Image-2020-01-14-at-19.35.57-326x245.jpeg 326w, https:\/\/speyer24news.com\/wp-content\/uploads\/2020\/01\/WhatsApp-Image-2020-01-14-at-19.35.57-80x60.jpeg 80w\" sizes=\"(max-width: 800px) 100vw, 800px\" \/><figcaption>Frau Antje van Look (gelbes Oberteil), von der Regio Akademie und Oberb\u00fcrgermeisterin Stefanie Seiler verleihen G\u00e4stef\u00fchrern und G\u00e4stef\u00fchrerinnen aus Mainz, Worms und Speyer ihre Zertifikate<\/figcaption><\/figure><\/div>\n\n\n\n<p>Aber was bedeutet SchUM-St\u00e4dte?<\/p>\n\n\n\n<p>SchUM<br>\n\u05e9\u05d5&#8220;\u05dd (hebr\u00e4isch)<\/p>\n\n\n\n<p>die Anfangsbuchstaben der mittelalterlichen, auf Latein zur\u00fcckgehenden\nhebr\u00e4ischen St\u00e4dtenamen:<\/p>\n\n\n\n<ul><li>Schin\n     (Sch) = SchPIRA = Speyer<\/li><li>Waw (U) =\n     Warmaisa = Worms<\/li><li>Mem (M) = Magenza = Mainz<\/li><\/ul>\n\n\n\n<div class=\"wp-block-image\"><figure class=\"aligncenter\"><img decoding=\"async\" loading=\"lazy\" width=\"450\" height=\"410\" src=\"https:\/\/speyer24news.com\/wp-content\/uploads\/2020\/01\/SchUM-Logo.png\" alt=\"\" class=\"wp-image-24183\" srcset=\"https:\/\/speyer24news.com\/wp-content\/uploads\/2020\/01\/SchUM-Logo.png 450w, https:\/\/speyer24news.com\/wp-content\/uploads\/2020\/01\/SchUM-Logo-300x273.png 300w\" sizes=\"(max-width: 450px) 100vw, 450px\" \/><\/figure><\/div>\n\n\n\n<p><strong>SchUM:<\/strong> ist mehr als eine Abk\u00fcrzung. SchUM ist ein Begriff \u2013 am Rhein und in der Welt. SchUM war um 900 die Wiege des aschkenasischen Judentums, also stammen von hier die Vorfahren der meisten mittel-, nord- und osteurop\u00e4ische Juden. Die drei St\u00e4dte waren im Mittelalter ein Gemeindeverbund von sehr wichtigen j\u00fcdischen Gemeinden, in denen einflussreiche Rabbiner wirkten, die Standards f\u00fcr das j\u00fcdische Zusammenleben festlegten, die teilweise noch bis heute gelten, zum Beispiel die Einehe, das Briefgeheimnis, ein ziemlich modernes&nbsp; Scheidungs- und Unterhaltsrecht und vieles mehr.<\/p>\n\n\n\n<div class=\"wp-block-image\"><figure class=\"aligncenter\"><img decoding=\"async\" loading=\"lazy\" width=\"800\" height=\"748\" src=\"https:\/\/speyer24news.com\/wp-content\/uploads\/2020\/01\/WhatsApp-Image-2020-01-14-at-19.34.44.jpeg\" alt=\"\" class=\"wp-image-24218\" srcset=\"https:\/\/speyer24news.com\/wp-content\/uploads\/2020\/01\/WhatsApp-Image-2020-01-14-at-19.34.44.jpeg 800w, https:\/\/speyer24news.com\/wp-content\/uploads\/2020\/01\/WhatsApp-Image-2020-01-14-at-19.34.44-300x281.jpeg 300w, https:\/\/speyer24news.com\/wp-content\/uploads\/2020\/01\/WhatsApp-Image-2020-01-14-at-19.34.44-768x718.jpeg 768w\" sizes=\"(max-width: 800px) 100vw, 800px\" \/><figcaption> Frau Antje van Look (links), von der Regio Akademie und Oberb\u00fcrgermeisterin Stefanie Seiler verleihen den Speyerer G\u00e4stef\u00fchrern und G\u00e4stef\u00fchrerinnen ihre Zertifikate <\/figcaption><\/figure><\/div>\n\n\n\n<p>Seit 2012 arbeiten Wissenschaftler und engagierte Menschen aus der Region aus verschiedenen Bereichen an dem Antrag auf Anerkennung als Welterbe. Die au\u00dfergew\u00f6hnliche historische und kulturelle Bedeutung dieser St\u00e4dte f\u00fcr die j\u00fcdische Kultur und Religion soll dadurch beschrieben und die j\u00fcdischen St\u00e4tten dauerhaft f\u00fcr kommende Generationen gesichert werden. Nun ist es endlich soweit: <a href=\"https:\/\/speyer24news.com\/?p=24193\">Maria Luise Dreyer, Ministerpr\u00e4sidentin des Landes Rheinland-Pfalz unterschrieb am Montag dieser Woche den Antrag (<\/a><strong><a href=\"https:\/\/speyer24news.com\/?p=24193\">wir berichteten<\/a><\/strong><a href=\"https:\/\/speyer24news.com\/?p=24193\">)<\/a> und noch Ende des Monats wird dieser am 23. Januar in Paris vorgelegt werden. Wenn alles gut geht, wird der Titel im Juni 2021 dann offiziell verliehen werden k\u00f6nnen. <\/p>\n\n\n\n<div class=\"wp-block-image\"><figure class=\"aligncenter\"><img decoding=\"async\" loading=\"lazy\" width=\"500\" height=\"667\" src=\"https:\/\/speyer24news.com\/wp-content\/uploads\/2020\/01\/WhatsApp-Image-2020-01-14-at-19.43.31.jpeg\" alt=\"\" class=\"wp-image-24219\" srcset=\"https:\/\/speyer24news.com\/wp-content\/uploads\/2020\/01\/WhatsApp-Image-2020-01-14-at-19.43.31.jpeg 500w, https:\/\/speyer24news.com\/wp-content\/uploads\/2020\/01\/WhatsApp-Image-2020-01-14-at-19.43.31-225x300.jpeg 225w\" sizes=\"(max-width: 500px) 100vw, 500px\" \/><\/figure><\/div>\n\n\n\n<p>Um darauf geb\u00fchrend vorbereitet zu sein, wurden nun schon einmal G\u00e4stef\u00fchrer aus den St\u00e4dten Speyer, Worms und Mainz seit M\u00e4rz vergangenen Jahres in einer Weiterbildung speziell geschult und erhielten am Dienstag, 14.01.2020, aus der Hand von Frau B\u00fcrgermeisterin Stefanie Seiler ihre Urkunden. <\/p>\n\n\n\n<p>Frau B\u00fcrgermeisterin Seiler dr\u00fcckte ihre Freude \u00fcber das Engagement der G\u00e4stef\u00fchrer und die gute Organisation der Weiterbildung durch die Regio Akademie der Pfalz Akademie unter Leitung von Frau Antje van Look aus. Mit interessanten und hochkar\u00e4tigen Dozenten besetzt war die Weiterbildung sehr fruchtbar und die G\u00e4stef\u00fchrer sind nun exzellent vorbereitet auf die zwar nicht neuen, aber vertieften Themenfelder.<\/p>\n\n\n\n<div class=\"wp-block-image\"><figure class=\"aligncenter\"><img decoding=\"async\" loading=\"lazy\" width=\"500\" height=\"680\" src=\"https:\/\/speyer24news.com\/wp-content\/uploads\/2020\/01\/WhatsApp-Image-2020-01-14-at-19.47.27.jpeg\" alt=\"\" class=\"wp-image-24220\" srcset=\"https:\/\/speyer24news.com\/wp-content\/uploads\/2020\/01\/WhatsApp-Image-2020-01-14-at-19.47.27.jpeg 500w, https:\/\/speyer24news.com\/wp-content\/uploads\/2020\/01\/WhatsApp-Image-2020-01-14-at-19.47.27-221x300.jpeg 221w\" sizes=\"(max-width: 500px) 100vw, 500px\" \/><\/figure><\/div>\n\n\n\n<p>Frau Seiler betonte die\nWichtigkeit des Bewahrens des kulturellen j\u00fcdischen Erbes der SchUM- St\u00e4dte heute\nund in Zukunft und k\u00fcndigte an, auch mit dem Stadtvorstand an einer der neuen\nF\u00fchrungen teilzunehmen.<\/p>\n\n\n\n<p>Frau van Look dankte f\u00fcr das Interesse und das Engagement der Teilnehmer an der anspruchsvollen Weiterbildung, sowie den Dozenten derselben. <\/p>\n\n\n\n<div class=\"wp-block-image\"><figure class=\"aligncenter\"><img decoding=\"async\" loading=\"lazy\" width=\"500\" height=\"659\" src=\"https:\/\/speyer24news.com\/wp-content\/uploads\/2020\/01\/WhatsApp-Image-2020-01-14-at-19.38.45.jpeg\" alt=\"\" class=\"wp-image-24221\" srcset=\"https:\/\/speyer24news.com\/wp-content\/uploads\/2020\/01\/WhatsApp-Image-2020-01-14-at-19.38.45.jpeg 500w, https:\/\/speyer24news.com\/wp-content\/uploads\/2020\/01\/WhatsApp-Image-2020-01-14-at-19.38.45-228x300.jpeg 228w\" sizes=\"(max-width: 500px) 100vw, 500px\" \/><\/figure><\/div>\n\n\n\n<p>Nach der feierlichen Aush\u00e4ndigung\nder Zertifikate durften die G\u00e4stef\u00fchrer mit Wein und Brezeln auf den\nWissenszuwachs ansto\u00dfen, den sie nun an die G\u00e4stegruppen weitergeben k\u00f6nnen. <\/p>\n\n\n\n<p>Wie wir im Gespr\u00e4ch mit zweien\nder G\u00e4stef\u00fchrer erfuhren, ist so eine Anerkennung als Welterbe eine ziemlich\nlangwierige Angelegenheit, aber alle Beteiligten sind guten Mutes, dass der\nAntrag positiv beschieden werden wird, was f\u00fcr die St\u00e4dte eine Anerkennung\nihrer Arbeit aber auch ein Argument im Bereich des Tourismus-Marketing\ndarstellen kann. <\/p>\n\n\n\n<p>Die drei Gemeinden sind laut den\nG\u00e4stef\u00fchrern auch bei im Ausland wohnhaften Juden noch so pr\u00e4sent und in deren\n\u00dcberlieferung so bedeutend, dass viele von ihnen einmal im Leben eine Reise\nhierher unternehmen, um sich auf die Spuren ihrer Vorfahren zu begeben. <\/p>\n\n\n\n<p>Eine Idee, ist auch einen\nkombinierten Besuch der St\u00e4dte an einem Tag anzubieten. Wir werden \u00fcber die\nAngebote weiterhin informieren.<\/p>\n\n\n\n<p><strong>Weitere Informationen unter: <\/strong><\/p>\n\n\n\n<p><a href=\"http:\/\/www.schumstaedte.de\">www.schumstaedte.de<\/a><\/p>\n\n\n\n<p><a href=\"http:\/\/www.schum-staedte.info\">www.schum-staedte.info<\/a><\/p>\n\n\n\n<h3 class=\"wp-block-heading\">Sehen Sie hier die \u00dcbergabe der Zertifikate an die Teilnehmer*innen:<\/h3>\n\n\n\n<ul class=\"wp-block-gallery columns-2 is-cropped wp-block-gallery-1 is-layout-flex wp-block-gallery-is-layout-flex\"><li class=\"blocks-gallery-item\"><figure><img decoding=\"async\" loading=\"lazy\" width=\"800\" height=\"638\" src=\"https:\/\/speyer24news.com\/wp-content\/uploads\/2020\/01\/WhatsApp-Image-2020-01-14-at-19.44.01.jpeg\" alt=\"\" data-id=\"24222\" data-link=\"https:\/\/speyer24news.com\/?attachment_id=24222\" class=\"wp-image-24222\" srcset=\"https:\/\/speyer24news.com\/wp-content\/uploads\/2020\/01\/WhatsApp-Image-2020-01-14-at-19.44.01.jpeg 800w, https:\/\/speyer24news.com\/wp-content\/uploads\/2020\/01\/WhatsApp-Image-2020-01-14-at-19.44.01-300x239.jpeg 300w, https:\/\/speyer24news.com\/wp-content\/uploads\/2020\/01\/WhatsApp-Image-2020-01-14-at-19.44.01-768x612.jpeg 768w\" sizes=\"(max-width: 800px) 100vw, 800px\" \/><\/figure><\/li><li class=\"blocks-gallery-item\"><figure><img decoding=\"async\" loading=\"lazy\" width=\"800\" height=\"623\" src=\"https:\/\/speyer24news.com\/wp-content\/uploads\/2020\/01\/WhatsApp-Image-2020-01-14-at-19.44.11.jpeg\" alt=\"\" data-id=\"24223\" data-link=\"https:\/\/speyer24news.com\/?attachment_id=24223\" class=\"wp-image-24223\" srcset=\"https:\/\/speyer24news.com\/wp-content\/uploads\/2020\/01\/WhatsApp-Image-2020-01-14-at-19.44.11.jpeg 800w, https:\/\/speyer24news.com\/wp-content\/uploads\/2020\/01\/WhatsApp-Image-2020-01-14-at-19.44.11-300x234.jpeg 300w, https:\/\/speyer24news.com\/wp-content\/uploads\/2020\/01\/WhatsApp-Image-2020-01-14-at-19.44.11-768x598.jpeg 768w\" sizes=\"(max-width: 800px) 100vw, 800px\" \/><\/figure><\/li><li class=\"blocks-gallery-item\"><figure><img decoding=\"async\" loading=\"lazy\" width=\"800\" height=\"600\" src=\"https:\/\/speyer24news.com\/wp-content\/uploads\/2020\/01\/WhatsApp-Image-2020-01-14-at-19.44.35.jpeg\" alt=\"\" data-id=\"24224\" data-link=\"https:\/\/speyer24news.com\/?attachment_id=24224\" class=\"wp-image-24224\" srcset=\"https:\/\/speyer24news.com\/wp-content\/uploads\/2020\/01\/WhatsApp-Image-2020-01-14-at-19.44.35.jpeg 800w, https:\/\/speyer24news.com\/wp-content\/uploads\/2020\/01\/WhatsApp-Image-2020-01-14-at-19.44.35-300x225.jpeg 300w, https:\/\/speyer24news.com\/wp-content\/uploads\/2020\/01\/WhatsApp-Image-2020-01-14-at-19.44.35-768x576.jpeg 768w, https:\/\/speyer24news.com\/wp-content\/uploads\/2020\/01\/WhatsApp-Image-2020-01-14-at-19.44.35-678x509.jpeg 678w, https:\/\/speyer24news.com\/wp-content\/uploads\/2020\/01\/WhatsApp-Image-2020-01-14-at-19.44.35-326x245.jpeg 326w, https:\/\/speyer24news.com\/wp-content\/uploads\/2020\/01\/WhatsApp-Image-2020-01-14-at-19.44.35-80x60.jpeg 80w\" sizes=\"(max-width: 800px) 100vw, 800px\" \/><\/figure><\/li><li class=\"blocks-gallery-item\"><figure><img decoding=\"async\" loading=\"lazy\" width=\"800\" height=\"597\" src=\"https:\/\/speyer24news.com\/wp-content\/uploads\/2020\/01\/WhatsApp-Image-2020-01-14-at-19.44.48.jpeg\" alt=\"\" data-id=\"24225\" data-link=\"https:\/\/speyer24news.com\/?attachment_id=24225\" class=\"wp-image-24225\" srcset=\"https:\/\/speyer24news.com\/wp-content\/uploads\/2020\/01\/WhatsApp-Image-2020-01-14-at-19.44.48.jpeg 800w, https:\/\/speyer24news.com\/wp-content\/uploads\/2020\/01\/WhatsApp-Image-2020-01-14-at-19.44.48-300x224.jpeg 300w, https:\/\/speyer24news.com\/wp-content\/uploads\/2020\/01\/WhatsApp-Image-2020-01-14-at-19.44.48-768x573.jpeg 768w, https:\/\/speyer24news.com\/wp-content\/uploads\/2020\/01\/WhatsApp-Image-2020-01-14-at-19.44.48-80x60.jpeg 80w\" sizes=\"(max-width: 800px) 100vw, 800px\" \/><\/figure><\/li><li class=\"blocks-gallery-item\"><figure><img decoding=\"async\" loading=\"lazy\" width=\"800\" height=\"576\" src=\"https:\/\/speyer24news.com\/wp-content\/uploads\/2020\/01\/WhatsApp-Image-2020-01-14-at-19.45.21.jpeg\" alt=\"\" data-id=\"24226\" data-link=\"https:\/\/speyer24news.com\/?attachment_id=24226\" class=\"wp-image-24226\" srcset=\"https:\/\/speyer24news.com\/wp-content\/uploads\/2020\/01\/WhatsApp-Image-2020-01-14-at-19.45.21.jpeg 800w, https:\/\/speyer24news.com\/wp-content\/uploads\/2020\/01\/WhatsApp-Image-2020-01-14-at-19.45.21-300x216.jpeg 300w, https:\/\/speyer24news.com\/wp-content\/uploads\/2020\/01\/WhatsApp-Image-2020-01-14-at-19.45.21-768x553.jpeg 768w\" sizes=\"(max-width: 800px) 100vw, 800px\" \/><\/figure><\/li><\/ul>\n\n\n\n<p><em>Speyer 24\/7 News, mab<br>16.01.2020<\/em><\/p>\n","protected":false},"excerpt":{"rendered":"<div class=\"mh-excerpt\"><p>Auf der Zielgeraden zum Weltkulturerbe G\u00e4stef\u00fchrer der SchUM- St\u00e4dte erhalten ihre Zertifikate, Antrag auf Welterbe wird in K\u00fcrze in Paris bei der Weltkulturorganisation eingereicht Aber was bedeutet SchUM-St\u00e4dte? SchUM \u05e9\u05d5&#8220;\u05dd (hebr\u00e4isch) die Anfangsbuchstaben der mittelalterlichen, <a class=\"mh-excerpt-more\" href=\"https:\/\/speyer24news.com\/?p=24216\" title=\"Speyer\">[&#8230;]<\/a><\/p>\n<\/div>","protected":false},"author":3,"featured_media":23902,"comment_status":"open","ping_status":"open","sticky":false,"template":"","format":"standard","meta":{"_monsterinsights_skip_tracking":false,"_monsterinsights_sitenote_active":false,"_monsterinsights_sitenote_note":"","_monsterinsights_sitenote_category":0,"footnotes":""},"categories":[9],"tags":[5336,5333,1052,5334,699,5335,3015,6],"aioseo_notices":[],"amp_enabled":true,"_links":{"self":[{"href":"https:\/\/speyer24news.com\/index.php?rest_route=\/wp\/v2\/posts\/24216"}],"collection":[{"href":"https:\/\/speyer24news.com\/index.php?rest_route=\/wp\/v2\/posts"}],"about":[{"href":"https:\/\/speyer24news.com\/index.php?rest_route=\/wp\/v2\/types\/post"}],"author":[{"embeddable":true,"href":"https:\/\/speyer24news.com\/index.php?rest_route=\/wp\/v2\/users\/3"}],"replies":[{"embeddable":true,"href":"https:\/\/speyer24news.com\/index.php?rest_route=%2Fwp%2Fv2%2Fcomments&post=24216"}],"version-history":[{"count":3,"href":"https:\/\/speyer24news.com\/index.php?rest_route=\/wp\/v2\/posts\/24216\/revisions"}],"predecessor-version":[{"id":24229,"href":"https:\/\/speyer24news.com\/index.php?rest_route=\/wp\/v2\/posts\/24216\/revisions\/24229"}],"wp:featuredmedia":[{"embeddable":true,"href":"https:\/\/speyer24news.com\/index.php?rest_route=\/wp\/v2\/media\/23902"}],"wp:attachment":[{"href":"https:\/\/speyer24news.com\/index.php?rest_route=%2Fwp%2Fv2%2Fmedia&parent=24216"}],"wp:term":[{"taxonomy":"category","embeddable":true,"href":"https:\/\/speyer24news.com\/index.php?rest_route=%2Fwp%2Fv2%2Fcategories&post=24216"},{"taxonomy":"post_tag","embeddable":true,"href":"https:\/\/speyer24news.com\/index.php?rest_route=%2Fwp%2Fv2%2Ftags&post=24216"}],"curies":[{"name":"wp","href":"https:\/\/api.w.org\/{rel}","templated":true}]}}