{"id":24233,"date":"2020-01-17T08:37:02","date_gmt":"2020-01-17T07:37:02","guid":{"rendered":"https:\/\/speyer24news.com\/?p=24233"},"modified":"2020-01-17T08:37:04","modified_gmt":"2020-01-17T07:37:04","slug":"polizei-173","status":"publish","type":"post","link":"https:\/\/speyer24news.com\/?p=24233","title":{"rendered":"Polizei"},"content":{"rendered":"<style type=\"text\/css\">\r\n\t.ads_top_disp{}\r\n\t.ads_top_corner_disp{ float:left; margin:0px 10px 10px 0px; }\r\n\t.ads_first_p_disp{}\r\n\t.ads_bottom_disp{}\r\n\t<\/style>\n<h2 class=\"wp-block-heading\">Polizeimeldungen vom Donnerstag (16.01.2020)<\/h2>\n\n\n\n<div class=\"wp-block-image\"><figure class=\"aligncenter\"><img decoding=\"async\" src=\"https:\/\/speyer24news.com\/wp-content\/uploads\/2020\/01\/Aktuelles-Polizeilogo.jpg\" alt=\"\" class=\"wp-image-23832\"\/><\/figure><\/div>\n\n\n\n<h4 class=\"wp-block-heading\">(Speyer) &#8211; Seitenscheibe an parkendem Pkw eingeschlagen \/ Nichts entwendet<\/h4>\n\n\n\n<p>Zwischen\n Dienstagabend und Mittwochmorgen wurde an einem in diesem Zeitraum am \nBahnhof Nord-West geparkten VW Golf eine Dreiecksscheibe auf der \nFahrerseite eingeschlagen. Zudem wurden weitere zwei Seitenscheiben des \nFahrzeugs besch\u00e4digt. Den unbekannten T\u00e4tern gelang es offensichtlich \nnicht, in das Fahrzeug einzudringen und Etwas aus dem Innenraum zu \nentwenden. Der entstandene Sachschaden d\u00fcrfte bei ca. 1500EUR liegen. \nDie Polizei sucht nach Zeugen, die Hinweise auf verd\u00e4chtige Personen \/ \nFahrzeuge geben k\u00f6nnen (Tel.-Nr. 06232-1370 oder per Mail an <a href=\"mailto:pispeyer@polizei.rlp.de\">pispeyer@polizei.rlp.de<\/a> entgegen). <\/p>\n\n\n\n<h4 class=\"wp-block-heading\">(Speyer) &#8211; Vandalismus auf Naturerlebnispark Georg-Kerschensteiner-Stra\u00dfe<\/h4>\n\n\n\n<div class=\"wp-block-image\"><figure class=\"aligncenter\"><img decoding=\"async\" loading=\"lazy\" width=\"800\" height=\"600\" src=\"https:\/\/speyer24news.com\/wp-content\/uploads\/2020\/01\/15.01.20-SP-Vandalismus.jpg\" alt=\"\" class=\"wp-image-24234\" srcset=\"https:\/\/speyer24news.com\/wp-content\/uploads\/2020\/01\/15.01.20-SP-Vandalismus.jpg 800w, https:\/\/speyer24news.com\/wp-content\/uploads\/2020\/01\/15.01.20-SP-Vandalismus-300x225.jpg 300w, https:\/\/speyer24news.com\/wp-content\/uploads\/2020\/01\/15.01.20-SP-Vandalismus-768x576.jpg 768w, https:\/\/speyer24news.com\/wp-content\/uploads\/2020\/01\/15.01.20-SP-Vandalismus-678x509.jpg 678w, https:\/\/speyer24news.com\/wp-content\/uploads\/2020\/01\/15.01.20-SP-Vandalismus-326x245.jpg 326w, https:\/\/speyer24news.com\/wp-content\/uploads\/2020\/01\/15.01.20-SP-Vandalismus-80x60.jpg 80w\" sizes=\"(max-width: 800px) 100vw, 800px\" \/><figcaption>Vandalismus auf Naturerlebnispark Georg-Kerschensteiner-Stra\u00dfe<\/figcaption><\/figure><\/div>\n\n\n\n<p>Unbekannte  T\u00e4ter &#8222;w\u00fcteten&#8220; zwischen Dienstag und Mittwoch auf dem frei  zug\u00e4nglichen Gel\u00e4nde eines Naturerlebnisparks in der  Georg-Kerschensteiner-Stra\u00dfe und richteten so einen Schaden von ca.  500EUR an. In dem Park wurden insgesamt sieben Informationstafeln  umgeknickt und mehrere Pfosten eines Holzzauns aus dem Boden gerissen.  Die Polizei sucht nach Zeugen, die Hinweise auf die Personen geben  k\u00f6nnen, die den Schaden verursacht haben. Zeugenhinweise nimmt die  Polizei unter der Tel.-Nr. 06232-1370 oder per Mail an <a href=\"mailto:pispeyer@polizei.rlp.de\">pispeyer@polizei.rlp.de<\/a> entgegen. <\/p>\n\n\n\n<h4 class=\"wp-block-heading\">(Westheim) &#8211; 2. B\u00fcrgerforum in der Verbandsgemeinde Lingenfeld mit dem Thema Wohnungseinbruch<\/h4>\n\n\n\n<div class=\"wp-block-image\"><figure class=\"aligncenter\"><img decoding=\"async\" loading=\"lazy\" width=\"500\" height=\"707\" src=\"https:\/\/speyer24news.com\/wp-content\/uploads\/2020\/01\/Plakat_B\u00fcrgerforum_Westheim.jpg\" alt=\"\" class=\"wp-image-24235\" srcset=\"https:\/\/speyer24news.com\/wp-content\/uploads\/2020\/01\/Plakat_B\u00fcrgerforum_Westheim.jpg 500w, https:\/\/speyer24news.com\/wp-content\/uploads\/2020\/01\/Plakat_B\u00fcrgerforum_Westheim-212x300.jpg 212w\" sizes=\"(max-width: 500px) 100vw, 500px\" \/><figcaption>Werbeplakat 2. B\u00fcrgerforum<\/figcaption><\/figure><\/div>\n\n\n\n<p>2. B\u00fcrgerforum &#8222;Senioren&#8220; in der Verbandsgemeinde Lingenfeld Thema  &#8222;Wohnungseinbruch&#8220; in Westheim am 13.02.2020, 17:00 bis 19:00 Uhr, im  B\u00fcrgerhaus, Martin-Luther-Weg 1 <\/p>\n\n\n\n<p>Nach der Auftaktveranstaltung im \nMai 2019 in Lustadt laden die Veranstalter zum zweiten B\u00fcrgerforum nach \nWestheim ein. Am Donnerstag, dem 13. Februar 2020, um 17 Uhr, sind alle \nB\u00fcrgerinnen und B\u00fcrger herzlich im B\u00fcrgerhaus willkommen, um sich \nauszutauschen, \u00c4ngste und Sorgen zu formulieren sowie sich \u00fcber die \nArbeit der Polizei und der Seniorenbeauftragten zu informieren. W\u00e4hrend \ndes B\u00fcrgerforums werden das aktuelle polizeiliche Lagebild sowie \nBek\u00e4mpfungsstrategien vorgestellt. Pr\u00e4ventions- und Verhaltenstipps der \n&#8222;Zentralen Pr\u00e4vention&#8220; des Polizeipr\u00e4sidiums Rheinpfalz stehen ebenso \nauf dem Programm. <\/p>\n\n\n\n<p>Veranstaltet wird das B\u00fcrgerforum von den  Seniorenbeauftragten und dem Behindertenbeauftragten in der  Verbandsgemeinde Lingenfeld, der Ortsgemeinde Westheim sowie dem  B\u00fcrgerverein Lingenfeld e.V. in Kooperation mit der Polizeiinspektion  Germersheim. Die Veranstalter des B\u00fcrgerforums &#8222;Senioren&#8220; planen,  zuk\u00fcnftig an wechselnden \u00d6rtlichkeiten interessante Themen f\u00fcr ihre  Zielgruppe anzubieten. Der B\u00fcrgerbus der Verbandgemeinde kommt zum  Einsatz und bringt B\u00fcrgerinnen und B\u00fcrger nach Westheim, wenn sie  anderweitig keine Fahrm\u00f6glichkeiten haben. Bitte melden Sie sich hierzu  in der Verbandsgemeinde unter 06344-506233 an. Der Veranstaltungssaal  ist barrierefrei zug\u00e4nglich. <\/p>\n\n\n\n<h4 class=\"wp-block-heading\">(Germersheim) &#8211; Auto macht sich selbstst\u00e4ndig<\/h4>\n\n\n\n<p>Ein auf der Stra\u00dfe An der Hochschule stehendes Auto l\u00f6ste am  Mittwochmorgen gegen 9.40 Uhr einen Polizeieinsatz aus, da das Fahrzeug  verschlossen mittig auf der Fahrbahn stand. Da von dem Fahrzeugbesitzer  jede Spur fehlte, verst\u00e4ndigte ein Zeuge die Polizei. Auch die Beamten  konnten den Besitzer vor Ort nicht ausfindig machen. Gl\u00fccklicherweise  konnte der Wagen ohne gr\u00f6\u00dfere M\u00fchen von den Beamten zur\u00fcck in die  Parkl\u00fccke geschoben werden. Weiterhin sicherten die Polizisten das  Fahrzeug gegen ein erneutes Wegrollen. Der Nutzer hatte wohl vergessen  einen Gang einzulegen bzw. die Bremse zu bet\u00e4tigen. Ein Schaden war  nicht eingetreten. <\/p>\n\n\n\n<h4 class=\"wp-block-heading\">(R\u00fclzheim) &#8211; Bei Einbruch in Waschanlage Bargeld gestohlen<\/h4>\n\n\n\n<p>Mehrere hundert Euro Bargeld entwendeten bislang unbekannte T\u00e4ter bei  einem Einbruch in eine Autowaschanlage in R\u00fclzheim. Die Tat ereignete  sich in der Nacht von Dienstag auf Mittwoch im Gewerbegebiet R\u00fclzheim  Nord. Die T\u00e4ter hatten die Zugangst\u00fcr zu einem Technikraum mit  brachialer Gewalt aufgebrochen und waren hierdurch in die R\u00e4umlichkeiten  gelangt. Derzeit liegen noch keine T\u00e4terhinweise vor. <\/p>\n\n\n\n<p>Zeugenhinweise nimmt die Polizeiinspektion Germersheim telefonisch unter 07274\/9580 oder per Mail an <a href=\"mailto:pigermersheim@polizei.rlp.de\">pigermersheim@polizei.rlp.de<\/a> entgegen.<\/p>\n\n\n\n<h4 class=\"wp-block-heading\">(W\u00f6rth am Rhein) &#8211; Versuchter Wohnungseinbruch<\/h4>\n\n\n\n<p>Ein unbekannter T\u00e4ter versuchte um 15.01.2020 gegen 17:30 Uhr in  eine Wohnung in der Bismarkstra\u00dfe einzubrechen. Bei dem Versuch wurde  der T\u00e4ter jedoch durch die Anwohner gest\u00f6rt und ergriff die Flucht. Der  T\u00e4ter war ca. 1,80m gro\u00df, hatte schwarze Haare und war mit Jogginghose  und Jacke begleitet. <\/p>\n\n\n\n<h4 class=\"wp-block-heading\">(W\u00f6rth am Rhein) &#8211; Verkehrsunfall zw. Roller und Fu\u00dfg\u00e4nger<\/h4>\n\n\n\n<p>Am 15.01.2020 befuhr um 14:00 Uhr ein Rollerfahrer die  Zufahrtsstra\u00dfe zum Tor 1. Im Bereich der Parkpl\u00e4tze betrat ein Fu\u00dfg\u00e4nger  pl\u00f6tzlich die Fahrbahn und es kam zum Zusammensto\u00df. Durch die Kollision  wurden beide Beteiligte leicht verletzt. <\/p>\n\n\n\n<h4 class=\"wp-block-heading\">(W\u00f6rth am Rhein) &#8211; Verkehrsunfall<\/h4>\n\n\n\n<p>Am 15.01.2020 befuhr um 11:00 Uhr der Fahrer eines LKW die B9  von der Grenze kommend in Richtung Kandel. Kurz nach der Einm\u00fcndung zur  K17 kam dem Fahrer ein LKW entgegen. Es kam zum Zusammensto\u00df der beiden  Au\u00dfenspiegel. Durch herumfliegende Tr\u00fcmmerteile wurde ein Fahrer leicht  verletzt. Der andere Unfallbeteiligte fuhr jedoch ohne anzuhalten in  Richtung Grenz\u00fcbergang weiter.<\/p>\n\n\n\n<h4 class=\"wp-block-heading\">(Landau) &#8211; Diebstahl eines Kompressoranh\u00e4ngers<\/h4>\n\n\n\n<p>Von einer Baustelle in der Eichbornstra\u00dfe wurde zw. Mittwochnachmittag und Donnerstagfr\u00fch ein orangefarbener  Kompressoranh\u00e4nger mit S\u00dcW-Kennzeichen entwendet. Da er hinter einem  Bagger abgestellt war, musste er zuerst gewendet und dann daran  vorbeigeschoben werden, ehe der Abtransport durch einen PKW erfolgte.  Der rechte Kotfl\u00fcgel des Anh\u00e4ngers war schwarz, der linke wei\u00df. <\/p>\n\n\n\n<p>Hinweise bitte an die Polizei Landau. <\/p>\n\n\n\n<h4 class=\"wp-block-heading\">(Landau) &#8211; Verkehrsunfallfucht<\/h4>\n\n\n\n<p>Auf dem Parkplatz eines Einkaufsmarkts in der Haardtstra\u00dfe wurde am Dienstagmorgen ein  PKW BMW, Typ 3er, von einem unbekannten Fahrzeug beim Ein- oder  Ausparken vorne links stark besch\u00e4digt. Es entstand Schaden von  mindestens 3000 Euro. Der Verursacher entfernte sich danach unerlaubt  von der Unfallstelle. <\/p>\n\n\n\n<p>Zeugen m\u00f6gen sich bitte bei der Polizei Landau melden. <\/p>\n\n\n\n<h4 class=\"wp-block-heading\">(Annweiler) &#8211; Vermisster nach intensiven Suchma\u00dfnahmen verletzt im Wald aufgefunden<\/h4>\n\n\n\n<p>Der am 15.01. als vermisst gemeldete 82-j\u00e4hrige konnte am 16.01. gegen  17:30h kurz vor Einbruch der Dunkelheit im Wald nahe Hermersbergerhof  aufgefunden werden. Er hatte sich bei einem Fahrradsturz am Bein  verletzt und war in hilfloser Lage. Nach Bergung des Verletzten wurde er  durch den hinzugerufenen Rettungsdienst in ein Krankenhaus verbracht.  An den Suchma\u00dfnahmen waren neben der Polizei auch zahlreiche  Einsatzkr\u00e4fte von Feuerwehren, Rettungsdiensten und DLRG im Einsatz. <\/p>\n\n\n\n<h4 class=\"wp-block-heading\">(Annweiler) &#8211; 82-J\u00e4hriger weiter vermisst<\/h4>\n\n\n\n<p>Der seit dem 15.01.2019 im Bereich Annweiler vermisste 82-J\u00e4hrige Georg  Emanuel konnte trotz intensiver Suchma\u00dfnahmen bislang nicht gefunden  werden. <\/p>\n\n\n\n<p>Die Polizei setzt die Suchma\u00dfnahmen am heutigen Tag (Donnerstag) fort. <\/p>\n\n\n\n<p>Neben einem Personensp\u00fcrhund kommt der Polizeihubschrauber erneut zum Einsatz. <\/p>\n\n\n\n<p>Dar\u00fcber  hinaus erhofft sich die Polizei durch die Ver\u00f6ffentlichung eines Fotos  des Vermissten neue Hinweise auf dessen Aufenthaltsort zu erlangen. <\/p>\n\n\n\n<ul><li>Der  82-J\u00e4hrige trug zum Zeitpunkt seines Verschwindens ein beigefarbenes  Oberteil, hellgr\u00fcne Hosen sowie einen wei\u00dfen Helm mit schwarzen  Streifen. <\/li><li>Er ist unterwegs mit einem silberfarbenen E-Bike mit tiefem Einstieg und Satteltaschen. <\/li><\/ul>\n\n\n\n<p>Nach\n derzeitigem Ermittlungsstand ist nicht auszuschlie\u00dfen, dass der \nVermisste gestern Abend mit seinem Fahrrad auf der B48 in Richtung \nJohanneskreuz gefahren ist. <\/p>\n\n\n\n<p>Sachdienliche Hinweise nimmt die Polizei Landau unter der Nummer 06341\/287-0 entgegen.<\/p>\n\n\n\n<h4 class=\"wp-block-heading\">(Edenkoben) &#8211; 55-j\u00e4hrige Autofahrerin verletzt<\/h4>\n\n\n\n<div class=\"wp-block-image\"><figure class=\"aligncenter\"><img decoding=\"async\" loading=\"lazy\" width=\"800\" height=\"613\" src=\"https:\/\/speyer24news.com\/wp-content\/uploads\/2020\/01\/15.01.20-Edenkoben-VU.jpg\" alt=\"\" class=\"wp-image-24237\" srcset=\"https:\/\/speyer24news.com\/wp-content\/uploads\/2020\/01\/15.01.20-Edenkoben-VU.jpg 800w, https:\/\/speyer24news.com\/wp-content\/uploads\/2020\/01\/15.01.20-Edenkoben-VU-300x230.jpg 300w, https:\/\/speyer24news.com\/wp-content\/uploads\/2020\/01\/15.01.20-Edenkoben-VU-768x588.jpg 768w, https:\/\/speyer24news.com\/wp-content\/uploads\/2020\/01\/15.01.20-Edenkoben-VU-80x60.jpg 80w\" sizes=\"(max-width: 800px) 100vw, 800px\" \/><\/figure><\/div>\n\n\n\n<p>Ein 56-j\u00e4hriger Sattelzugfahrer aus der Ukraine wollte Mittwochabend  gegen 18.30 Uhr in Edenkoben auf die A 65 auffahren. Da er sich beim  Einbiegen versch\u00e4tzte, musste er mit seinem LKW zur\u00fccksetzen und \u00fcbersah  hierbei ein von hinten herannahender PKW, weshalb es zur Kollision kam.  Die 55-j\u00e4hrige Fahrerin erlitt durch den Zusammensto\u00df Prellungen im  Brust- und Nackenbereich und musste in ein Krankenhaus gebracht werden.   Ihr Pkw wurde total besch\u00e4digt und wurde abgeschleppt. Es kam  kurzzeitig zu Verkehrsbehinderungen. <\/p>\n\n\n\n<h4 class=\"wp-block-heading\">(Edenkoben) &#8211; Zu schnell unterwegs<\/h4>\n\n\n\n<p>11 Autofahrer waren am Mittwoch zwischen 12.45 Uhr und 13.30 Uhr in der  Weinstra\u00dfe im Bereich des Schulzentrums zu schnell unterwegs. Sie wurden  beanstandet und geb\u00fchrenpflichtig verwarnt. Der schnellste Autofahrer  fuhr 54 km\/h. Bemerkenswert an der Messstelle ist, dass die  vorgeschriebene H\u00f6chstgeschwindigkeit von 30 km\/h durch einen Gro\u00dfteil  der Fahrzeuglenker nicht eingehalten wird. Kinder sind besonders  schutzbed\u00fcrftige Verkehrsteilnehmer, weshalb wir alle unser Tempo  entsprechend anpassen m\u00fcssen. <\/p>\n\n\n\n<h4 class=\"wp-block-heading\">(Kirrweiler) &#8211; Rabiater Rennradfahrer<\/h4>\n\n\n\n<p>Schl\u00e4ge drohte ein Rennradfahrer in Kirrweiler einem Autofahrer an,  weil dieser seiner Meinung nach nicht schnell genug die Marktstra\u00dfe in  Richtung Venningen entlangfuhr. Der Vorfall ereignete sich am  Donnerstagmittag gegen 16:20 Uhr. Der Radfahrer h\u00e4tte ein rosa-schwarzes  Trikot getragen. Zeugen werden gebeten, sich unter der Telefonnummer  06323\/955-0 mit der Polizeiinspektion in Edenkoben in Verbindung zu  setzen. <\/p>\n\n\n\n<h4 class=\"wp-block-heading\">(Neustadt) &#8211; Kripo sucht Zeugen nach versuchtem Einbruch in ein Juweliergesch\u00e4ft in Neustadt<\/h4>\n\n\n\n<div class=\"wp-block-image\"><figure class=\"aligncenter\"><img decoding=\"async\" loading=\"lazy\" width=\"500\" height=\"751\" src=\"https:\/\/speyer24news.com\/wp-content\/uploads\/2020\/01\/16.01.20-NW-Versuchter-Einbruch.jpg\" alt=\"\" class=\"wp-image-24238\" srcset=\"https:\/\/speyer24news.com\/wp-content\/uploads\/2020\/01\/16.01.20-NW-Versuchter-Einbruch.jpg 500w, https:\/\/speyer24news.com\/wp-content\/uploads\/2020\/01\/16.01.20-NW-Versuchter-Einbruch-200x300.jpg 200w\" sizes=\"(max-width: 500px) 100vw, 500px\" \/><\/figure><\/div>\n\n\n\n<p>Mit viel Kraft und wenig Hirn versuchten Einbrecher an die Auslagen  eines Juweliergesch\u00e4ftes in der Fu\u00dfg\u00e4ngerzone Neustadts zu gelangen. Mit  roher Gewalt zertr\u00fcmmerten sie in der Nacht zu Do., 16.01.2020, Teile  einer der Sicherheitsglasscheiben zum Kriegerdenkmal hin. Der Schaden  wurde Donnerstagmorgen um 06.15 Uhr entdeckt. Aufgrund der Spurenlage und  dem Schadensbild muss dieser Einbruchsversuch m\u00e4chtig Radau gemacht  haben und die Kripo Neustadt hofft daher auf sachdienliche Hinweise  durch Zeugen des Vorfalls an Tel. 06321\/854-0. <\/p>\n\n\n\n<h4 class=\"wp-block-heading\">(Neustadt) &#8211; Zigarettenautomat aufgebrochen<\/h4>\n\n\n\n<p>Unbekannte haben in der Zeit von 14.01.2020 22:00 Uhr bis 15.01.2020  07:45 Uhr einen Zigarettenautomaten in der Pulverturmstra\u00dfe  aufgebrochen. Allerdings hatten sie keinen Erfolg, da sie das Geldfach  nicht aufhebeln konnten. M\u00f6gliche Zeugen melden sich bitte bei der  Polizei Neustadt unter 06321 8540 oder per E-Mail unter <a href=\"mailto:pineustadt@polizei.rlp.de\">pineustadt@polizei.rlp.de<\/a>. <\/p>\n\n\n\n<h4 class=\"wp-block-heading\">(Bockenheim \/ Leiniger Land) &#8211; Fahrzeug eines Paketdienstleisters an die Kette gelegt \/ Viele M\u00e4ngel bei Kontrolle des Schwerlastverkehrs festgestellt<\/h4>\n\n\n\n<div class=\"wp-block-image\"><figure class=\"aligncenter\"><img decoding=\"async\" loading=\"lazy\" width=\"500\" height=\"667\" src=\"https:\/\/speyer24news.com\/wp-content\/uploads\/2020\/01\/15.01.20-Bockenheim-Verkehrskontrolle-1.jpg\" alt=\"\" class=\"wp-image-24240\" srcset=\"https:\/\/speyer24news.com\/wp-content\/uploads\/2020\/01\/15.01.20-Bockenheim-Verkehrskontrolle-1.jpg 500w, https:\/\/speyer24news.com\/wp-content\/uploads\/2020\/01\/15.01.20-Bockenheim-Verkehrskontrolle-1-225x300.jpg 225w\" sizes=\"(max-width: 500px) 100vw, 500px\" \/><\/figure><\/div>\n\n\n\n<p>Am Mittwoch, 15.01.2020, f\u00fchrte ein Team der Zentralen Verkehrsdienste  mit der Kontrollgruppe der Polizeidirektion Neustadt in Bockenheim, auf  dem Parkplatz gegen\u00fcber des Hauses der Deutschen Weinstra\u00dfe, eine  Schwerverkehrskontrolle durch. F\u00fcnf von sieben kontrollierten  Fahrzeugeinheiten mussten beanstandet werden. Einen erheblichen Katalog  an M\u00e4ngeln an seiner Lkw-Pritsche muss ein aus Worms stammender  Schrotth\u00e4ndler abarbeiten. <\/p>\n\n\n\n<div class=\"wp-block-image\"><figure class=\"aligncenter\"><img decoding=\"async\" loading=\"lazy\" width=\"800\" height=\"534\" src=\"https:\/\/speyer24news.com\/wp-content\/uploads\/2020\/01\/15.01.20-Bockenheim-Verkehrskontrolle.jpg\" alt=\"\" class=\"wp-image-24241\" srcset=\"https:\/\/speyer24news.com\/wp-content\/uploads\/2020\/01\/15.01.20-Bockenheim-Verkehrskontrolle.jpg 800w, https:\/\/speyer24news.com\/wp-content\/uploads\/2020\/01\/15.01.20-Bockenheim-Verkehrskontrolle-300x200.jpg 300w, https:\/\/speyer24news.com\/wp-content\/uploads\/2020\/01\/15.01.20-Bockenheim-Verkehrskontrolle-768x513.jpg 768w\" sizes=\"(max-width: 800px) 100vw, 800px\" \/><\/figure><\/div>\n\n\n\n<p>Die zus\u00e4tzliche Verl\u00e4ngerung der Bordwand,  Marke Eigenbau, war verzogen und lie\u00df sich nicht mehr verriegeln. Die  Fahrert\u00fcr lie\u00df sich nicht \u00f6ffnen. Das Lenkgetriebe hatte Spiel, d.h.  Schub- und Lenkstange waren ausgeschlagen. Durchgerostet waren  T\u00fcreinstieg rechts und der Schlusstr\u00e4ger. Eine Stilllegung des  Fahrzeuges wurde empfohlen. Der Fahrer konnte keine Genehmigung zur  Entsorgung von Abf\u00e4llen vorweisen. Die zust\u00e4ndigen Beh\u00f6rden wurden  unterrichtet. <\/p>\n\n\n\n<div class=\"wp-block-image\"><figure class=\"aligncenter\"><img decoding=\"async\" loading=\"lazy\" width=\"500\" height=\"667\" src=\"https:\/\/speyer24news.com\/wp-content\/uploads\/2020\/01\/15.01.20-Bockenheim-Verkehrskontrolle-4.jpg\" alt=\"\" class=\"wp-image-24242\" srcset=\"https:\/\/speyer24news.com\/wp-content\/uploads\/2020\/01\/15.01.20-Bockenheim-Verkehrskontrolle-4.jpg 500w, https:\/\/speyer24news.com\/wp-content\/uploads\/2020\/01\/15.01.20-Bockenheim-Verkehrskontrolle-4-225x300.jpg 225w\" sizes=\"(max-width: 500px) 100vw, 500px\" \/><\/figure><\/div>\n\n\n\n<p>Der Sprinter eines Paketdienstes musste aufgrund des technischen Zustandes (vorheriger Frontunfallschaden) an der  Kontrollstelle an die &#8222;Kette&#8220; gelegt werden. Der Rahmenquertr\u00e4ger im  Motorraum, K\u00fchlergrill-, Kotfl\u00fcgel- und Scheinwerferhalterung waren  gebrochen, genauso wie der vordere Sto\u00dfstangentr\u00e4ger. Die Windschutzscheibe wies mehrere Risse im Sichtfeld des Fahrers auf. Das Fahrzeug muss abgeschleppt und  zur n\u00e4chsten Werkstatt verbracht werden. Diese gravierenden M\u00e4ngel  f\u00fchrten zur Verkehrsunsicherheit des Fahrzeuges. Die vermutlich illegal Besch\u00e4ftigten des  Paketdienstes, ohne Wohnsitz im Inland, wurden zur  Identit\u00e4tsfeststellung vorl\u00e4ufig festgenommen.  <\/p>\n\n\n\n<h4 class=\"wp-block-heading\">(He\u00dfheim) &#8211; Verkehrsunfall mit leichtverletztem Radfahrer<\/h4>\n\n\n\n<p>Am 15.01.2020 gegen 09:30Uhr bef\u00e4hrt ein 80-j\u00e4hriger Herr aus  Gro\u00dfniedesheim mit seinem PKW die Frankenthaler Stra\u00dfe in He\u00dfheim in  Fahrtrichtung Ortsmitte. Der PKW-Fahrer biegt nach rechts auf den  Parkplatz des Supermarktes ab und \u00fcbersieht hierbei einen auf dem Radweg  entgegenkommenden und bevorrechtigten 79-j\u00e4hrigen Radfahrer. Es kommt  zum Zusammensto\u00df zwischen der linken Fahrzeugfront des PKW und dem  Vorderrad des Fahrrades, wobei der Radfahrer zu Boden st\u00fcrzt und sich  leicht verletzt. Aufgrund von Kopfschmerzen und Schwindelgef\u00fchl wird der  Radfahrer durch den Rettungsdienst \u00e4rztlich behandelt. Am Fahrrad  entstand ein Sachschaden von ca. 50,-EUR und am PKW ein Schaden von ca.  200,-EUR. <\/p>\n\n\n\n<h4 class=\"wp-block-heading\">(Frankenthal) &#8211; Vermehrt Anrufe falscher Polizeibeamter<\/h4>\n\n\n\n<p>Vermehrt Anrufe falscher Polizeibeamter Seit den  Mittagsstunden des 16.01.2020 kommt es vermehrt zu Anrufen falscher  Polizeibeamter. Sie behaupten, dass es zu Festnahmen von angeblichen  Dieben gekommen sei. Dabei habe man Zettel mit den Namen und Adressen  der Angerufenen aufgefunden. Man gehe angeblich davon aus, dass die  Angerufenen die n\u00e4chsten Opfer sein sollen. Es werden Fragen nach  Wertgegenst\u00e4nden und Bargeld im Haus gestellt. Weiterhin wolle der  angebliche Polizeibeamte vorbeikommen und eine intensivere Befragung  durchf\u00fchren. <\/p>\n\n\n\n<p>Immer h\u00e4ufiger gehen bei der Polizei Meldungen  Anrufe von falschen Polizeibeamten ein. H\u00e4ufig werden \u00e4ltere Menschen  angerufen, es werden Geschichten erfunden, um die Opfer unter Druck zu  setzen und so an Bargeld, Schmuck oder andere Wertgegenst\u00e4nde zu  gelangen. <\/p>\n\n\n\n<h4 class=\"wp-block-heading\">(Frankenthal) &#8211; Fahren unter Drogeneinfluss<\/h4>\n\n\n\n<p>Am 15.01.2020 gegen 17:10Uhr wird eine 29-j\u00e4hrige Ludwigshafenerin mit  ihrem PKW in der Westlichen Ringstra\u00dfe in Frankenthal einer  Verkehrskontrolle unterzogen. Im Rahmen der standardisierten  Fahrt\u00fcchtigkeitstests fallen bei der Dame verschiedene  Ausfallerscheinungen auf. Ein durchgef\u00fchrter Drogenschnelltest verl\u00e4uft  positiv auf THC und Amphetamin, weshalb der Dame eine Blutprobe  entnommen wird. Weiterhin k\u00f6nnen im PKW der Frau kleinere Mengen  Amphetamin, sowie ein Elektroimpulsger\u00e4t mit integriertem  Tierabwehrspray fest- und sichergestellt werden, welches einer  waffenrechtlichen Pr\u00fcfung unterzogen wird. Der Einfluss von Alkohol oder  anderen berauschenden Mitteln stellt eine Hauptunfallursache dar. Wer  berauscht f\u00e4hrt, gef\u00e4hrdet nicht nur sich, sondern auch Andere. Gegen  den unter Drogeneinfluss stehenden Fahrzeugf\u00fchrer wurde ein  Ermittlungsverfahren wegen Trunkenheit im Verkehr eingeleitet. Der  F\u00fchrerschein wurde sichergestellt und gegen ihn kann eine  Freiheitsstrafe bis zu einem Jahr oder eine Geldstrafe \/ Geldbu\u00dfe  verh\u00e4ngt werden. <\/p>\n\n\n\n<h4 class=\"wp-block-heading\">(Frankenthal) &#8211; Versuchter Enkeltrickbetrug am Telefon<\/h4>\n\n\n\n<p>Am 15.01.2020 gegen 12:50Uhr erh\u00e4lt eine 83-j\u00e4hrige Frau aus  Frankenthal einen Telefonanruf von einem jungen Mann, der sie direkt mit  &#8222;Omi&#8220; anspricht. Der &#8222;Enkel&#8220; h\u00e4tte einen Unfall gehabt und w\u00fcrde nun  Geld ben\u00f6tigen. Die Dame solle das Geld bereithalten, er w\u00fcrde jemanden  zur Wohnanschrift schicken, der das Geld abholt. Eine genaue Summer hat  der Anrufer jedoch nicht genannt. Als die GS erkennt, dass es sich bei  der Stimme des Anrufers nicht um die ihres Enkels handelt, beendet sie  das Gespr\u00e4ch. Einen \u00e4hnlichen Anruf erh\u00e4lt eine 75-j\u00e4hrige Dame aus  Frankenthal etwa zur gleichen Zeit und beendet aus folgerichtigem  Misstrauen das Telefonat. Immer wieder t\u00e4uschen Betr\u00fcger eine  vermeintliche Familienangeh\u00f6rigkeit und meist eine damit verbundene  finanzielle Notlage vor. So erschleichen sie sich das Vertrauen der  ahnungslosen Angerufenen und nutzen deren Gutgl\u00e4ubigkeit und  Hilfsbereitschaft gnadenlos aus. Lassen Sie sich nicht t\u00e4uschen und  seien Sie misstrauisch. Wenn Ihnen ein Anruf seltsam erscheint rufen Sie  uns an. Wir sind unter der 110 oder der 06233 3130 f\u00fcr Sie da. <\/p>\n\n\n\n<p>Wir wollen, dass Sie sicher Leben &#8211; Ihre Polizei Frankenthal. <\/p>\n\n\n\n<h4 class=\"wp-block-heading\">(Polizeiautobahnstation Ruchheim) &#8211; Drei Verkehrsunf\u00e4lle teilweise mit Verletzten auf A6 und A61<\/h4>\n\n\n\n<p>Am 16.01.2020 kam es im Dienstgebiet der PASt Ruchheim im Laufe des  Nachmittags zu insgesamt drei Verkehrsunf\u00e4llen davon zwei mit  Personenschaden. <\/p>\n\n\n\n<p>Gegen 15:50 Uhr \u00fcbersah auf der A6 kurz nach dem\n Autobahnkreuz Frankenthal in Fahrtrichtung Mannheim ein 25-J\u00e4hriger \nPKW-F\u00fchrer das dortige Stauende und fuhr zun\u00e4chst auf zwei PKW und im \nAnschluss auf ein Motorrad auf. Hierdurch wurde der Unfallverursacher \nleicht und der Motorradfahrer schwer verletzt. Beide wurden zur \nBehandlung ins Krankenhaus verbracht. Durch die Autobahnmeisterei, \nwelche sich auf Grund einer Tagesbaustelle vor Ort befand, wurde die \nUnfallstelle abgesichert und die A6 zur Landung des \nRettungshubschraubers und Versorgung der Verletzten zun\u00e4chst f\u00fcr ca. 30 \nMinuten voll gesperrt. Nach Abtransport der Verletzten durch den \nRettungsdienst konnte die A6 bis zur R\u00e4umung der Unfallstelle einspurig \nfreigegeben werden. Diese war gegen 17:20 Uhr abgeschlossen und die A6 \nin Fahrtrichtung Mannheim wieder frei befahrbar. <\/p>\n\n\n\n<p>Gegen 16:40 \nbefuhr eine 20-J\u00e4hrige PKW-F\u00fchrerin die A6 von Mannheim kommend in \nRichtung Ludwigshafen. H\u00f6he der Anschlussstelle Sandhofen \u00fcbersah diese \nden vor ihr abbremsenden PKW und fuhr auf diesen auf. Die Insassen der \nbeiden PKW blieben unverletzt. Da eines der beiden Fahrzeuge nicht mehr \nfahrt\u00fcchtig war, musste der rechte Fahrstreifen f\u00fcr ca. 30 Minuten bis \nzum Abtransport des PKW gesperrt werden. <\/p>\n\n\n\n<p>Gegen 17:15 Uhr \u00fcbersah  auf der A61 ein in Richtung S\u00fcden fahrender 26-j\u00e4hriger PKW-F\u00fchrer kurz  nach dem Autobahnkreuz Frankenthal einen vor ihm verkehrsbedingt  abbremsenden PKW und fuhr auf diesen auf. Durch den Zusammensto\u00df wurden  die beiden Insassen des vorausfahrenden PKW leicht verletzt. Auf Grund  auf der Fahrbahn liegender Fahrzeugteile musste der linke Fahrstreifen  der A61 zwecks Reinigung f\u00fcr ca. 30 Minuten gesperrt werden. Bei allen  drei Unf\u00e4llen entstanden auf Grund des Feierabendverkehrs erhebliche  Verkehrsbehinderungen. <\/p>\n\n\n\n<h4 class=\"wp-block-heading\">(Ludwigshafen) &#8211; Verpuffung auf einem Werksgel\u00e4nde in Ludwigshafen<\/h4>\n\n\n\n<h4 class=\"wp-block-heading\"><strong>Gemeinsame Pressemitteilung von Staatsanwaltschaft Frankenthal und Polizeipr\u00e4sidium Rheinpfalz <\/strong><\/h4>\n\n\n\n<h4 class=\"wp-block-heading\" style=\"text-align:center\"><strong>Nachtrag zur PM vom 16.01.2020, 05.48 Uhr <\/strong><\/h4>\n\n\n\n<p>Nach\n der Verpuffung mit anschlie\u00dfendem Brand bei einer Firma in der \nGiulinistra\u00dfe haben am Morgen die Brandermittler der Kriminalinspektion \nLudwigshafen die Ermittlungen \u00fcbernommen. Bei einer ersten Begehung \nkonnte die Ursache noch nicht abschlie\u00dfend gekl\u00e4rt werden. Auf Anordnung\n der Staatsanwaltschaft Frankenthal wird ein Brandsachverst\u00e4ndiger \nhinzugezogen. Mit diesem erfolgen am Montag weitere Begutachtungen. <\/p>\n\n\n\n<h4 class=\"wp-block-heading\">(Ludwigshafen) &#8211; Verpuffung auf einem Werksgel\u00e4nde in Ludwigshafen<\/h4>\n\n\n\n<p>Auf einem Werksgel\u00e4nde im S\u00fcden von Ludwigshafen kam es in den fr\u00fchen  Morgenstunden des 16.01.2020, gegen 01:45 Uhr, zu einer Verpuffung mit  anschlie\u00dfendem Brand. Zum Zeitpunkt der Verpuffung hielten sich keine  Personen in der Werkshalle auf. Personen kamen nicht zu Schaden. Am  Geb\u00e4ude entstand Sachschaden in noch ungekl\u00e4rter H\u00f6he. Die  Kriminalpolizei hat die Ermittlungen \u00fcbernommen. <\/p>\n\n\n\n<h4 class=\"wp-block-heading\">(Ludwigshafen) &#8211; Auffahrunfall \/ Zeugen gesucht<\/h4>\n\n\n\n<p>Ein 56-j\u00e4hriger Motorradfahrer fuhr am Mittwoch (15.01.2020) einem  47-j\u00e4hrigen Autofahrer auf. Beide Fahrzeuge befanden sich gegen 18.15  Uhr auf der Wollstra\u00dfe in Richtung Bruchwiesenstra\u00dfe, als der Autofahrer  bremste und der Zweiradfahrer auf diesen auffuhr. Da die Unfallursache  nicht gekl\u00e4rt werden konnte, sucht die Polizei nun Zeugen. Bei dem  Unfall wurde niemand verletzt. Zeugen, die den Vorfall beobachtet haben,  werden gebeten, sich bei der Polizeiinspektion Ludwigshafen 2  unter  der Telefonnummer 0621 963-2222 oder per E-Mail <a href=\"mailto:piludwigshafen2@polizei.rlp.de\">piludwigshafen2@polizei.rlp.de<\/a> zu melden. <\/p>\n\n\n\n<h4 class=\"wp-block-heading\">(Ludwigshafen) &#8211; Bargeld und Pass erbeutet<\/h4>\n\n\n\n<p>20 Euro Bargeld und ein Reisepass erbeuteten sich am Mittwoch  (15.01.2020) zwei Unbekannte von einem 18-J\u00e4hrigen. Der junge Mann  befand sich gegen 16 Uhr hinter einem Anwesen im Bereich der Dessauer  Stra\u00dfe, als er auf zwei junge M\u00e4nner traf. Einer der Unbekannten z\u00fcckte  ein Messer und forderte ihn auf seine Hosentasche zu leeren. Der  18-J\u00e4hrige h\u00e4ndigte daraufhin seinen Reisepass und Geldbeutel aus. Die  T\u00e4ter fl\u00fcchteten anschlie\u00dfend mit der Beute. Der 18-J\u00e4hirge wurde nicht  verletzt. Beide T\u00e4ter waren zwischen 17 und 18 Jahre alt, zwischen 1,70m  und 1,90m gro\u00df. <\/p>\n\n\n\n<p>Sachdienliche Hinweise bitte an die Polizeiinspektion Ludwigshafen 1, Telefonnummer 0621 963-2122 oder per E-Mail <a href=\"mailto:piludwigshafen1@polizei.rlp.de\">piludwigshafen1@polizei.rlp.de<\/a> . <\/p>\n\n\n\n<h4 class=\"wp-block-heading\">(Ludwigshafen) &#8211; Versuchter Einbruch in Wohnung<\/h4>\n\n\n\n<p>Unbekannte versuchten am Mittwoch (15.01.2020) in eine Wohnung eines  Mehrfamilienhauses in der Schulstra\u00dfe einzubrechen. Die Bewohnerin der  Wohnung wurde gegen 1.30 Uhr durch Kratzger\u00e4usche an der Eingangst\u00fcr  kurzeitig wach, dachte sich aber nichts dabei. Am darauffolgenden Morgen  stellte die Bewohnerin Aufbruchspuren an der Eingangst\u00fcr fest. Der  Einbruch blieb erfolglos. Es entstand lediglich geringer Sachschaden an  der T\u00fcr. Sachdienliche Hinweise nimmt die Kriminalpolizei Ludwigshafen  unter der Telefonnummer 0621\/963-2773 oder per Email  <a href=\"mailto:kiludwigshafen.k1.kdd@polizei.rlp.de\">kiludwigshafen.k1.kdd@polizei.rlp.de<\/a> entgegen. <\/p>\n\n\n\n<h4 class=\"wp-block-heading\">(Ludwigshafen) &#8211; Einbruch in Firma<\/h4>\n\n\n\n<p>Unbekannte brachen in der Nacht von Dienstag (14.01.2020) auf Mittwoch  (15.01.2020) in eine Firma im Bereich in der M\u00f6rschgewanne ein, indem  ein Fenster aufgehebelt wurde. Aus dem Innern wurde lediglich ein  geringer Betrag an M\u00fcnzgeld entwendet. Sachdienliche Hinweise nimmt die  Kriminalpolizei Ludwigshafen unter der Telefonnummer 0621\/963-2773 oder  per Email  <a href=\"mailto:kiludwigshafen.k1.kdd@polizei.rlp.de\">kiludwigshafen.k1.kdd@polizei.rlp.de<\/a> entgegen. <\/p>\n\n\n\n<h4 class=\"wp-block-heading\">(Ludwigshafen) &#8211; Brand in Mehrfamilienhaus<\/h4>\n\n\n\n<h4 class=\"wp-block-heading\" style=\"text-align:center\">Nachtrag<\/h4>\n\n\n\n<p>Nach\n dem Brand einer T\u00fcr in einem Mehrfamilienhaus in der Roonstra\u00dfe am \n14.01.2020 geht die Polizei derzeit von Brandstiftung aus. Die \neingelieferten verletzten Personen wurden noch am Montag aus dem \nKrankenhaus entlassen. Der durch das Feuer entstandene Sachschaden wurde\n auf 1500 Euro beziffert. Die Ermittlungen der Kriminalpolizei dauern \nweiter an. <\/p>\n\n\n\n<p>Sachdienliche Hinweise nimmt die Kriminalpolizei Ludwigshafen unter der Telefonnummer 0621\/963-2773 oder per E-Mail <a href=\"mailto:kiludwigshafen.k1.kdd@polizei.rlp.de\">kiludwigshafen.k1.kdd@polizei.rlp.de<\/a> entgegen. <\/p>\n\n\n\n<h4 class=\"wp-block-heading\">(Mannheim) &#8211; Unbekannte schlagen Duo zu Boden. Wer kann Hinweise auf die T\u00e4ter geben?<\/h4>\n\n\n\n<p>Am Donnerstag gegen 02.30 Uhr liefen zwei M\u00e4nner im Alter von 24 und 31  Jahren die Bismarckstra\u00dfe entlang. Zwei bislang Unbekannte verwickelten  sie in H\u00f6he der Hausnummer 10 in ein Gespr\u00e4ch. Im Verlauf dessen sollen  die Unbekannten die M\u00e4nner mit Faustschl\u00e4gen attackiert haben, worauf  sowohl der 24- als auch der 31-J\u00e4hrige zu Boden gingen. Anschlie\u00dfenden  fl\u00fcchteten die T\u00e4ter in Richtung Bahnhof. <\/p>\n\n\n\n<p>Die unbekannten Schl\u00e4ger wurden wie folgt beschrieben: <\/p>\n\n\n\n<ol><li>M\u00e4nnlich, ca. 175 cm, dick, dunkle Haare, S\u00fcdl\u00e4nder, 3-Tage-Bart<\/li><li>M\u00e4nnlich, ca. 175 cm, muskul\u00f6s, blonde Haare, dunkel gekleidet <\/li><\/ol>\n\n\n\n<p>Trotz eingeleiteter Fahndungsma\u00dfnahmen konnten bislang keine Tatverd\u00e4chtigen ermittelt werden. <\/p>\n\n\n\n<p>Die  Ermittler des Polizeireviers Mannheim-Oststadt suchen nun nach  Personen, die Hinweise auf die T\u00e4ter geben k\u00f6nnen. Diese werden gebeten,  sich unter 0621 174 3310 zu melden. <\/p>\n\n\n\n<h4 class=\"wp-block-heading\">(Mannheim) &#8211; Raser nutzt Blaulichtfahrt eines Rettungswagens aus \/ Zeugen gesucht<\/h4>\n\n\n\n<div class=\"wp-block-image\"><figure class=\"aligncenter\"><img decoding=\"async\" src=\"https:\/\/speyer24news.com\/wp-content\/uploads\/2019\/12\/Zeugen-gesucht-Neutral.jpg\" alt=\"\" class=\"wp-image-23579\"\/><\/figure><\/div>\n\n\n\n<p>Ein besonders dreister Fahrer nutzte am Mittwochmittag die Einsatzfahrt  eines Rettungswagens in der Feudenheimer Stra\u00dfe aus, um sich  r\u00fccksichtslos durch den Verkehr zu schl\u00e4ngeln. <\/p>\n\n\n\n<p>Mit \neingeschaltetem Blaulicht und Sondersignal fuhr ein Rettungswagen \nzwischen 12:40 Uhr und 12:45 Uhr von Feudenheim kommend in Richtung \nUniversit\u00e4tsklinik Mannheim. Der Fahrer eines schwarzen Audi fuhr dem \nEinsatzfahrzeug unvermittelt nach und \u00fcberschritt dabei vors\u00e4tzlich die \nzugelassene H\u00f6chstgeschwindigkeit und unterschritt konstant den \ngebotenen Mindestabstand. Dem aber nicht genug fuhr der bislang \nUnbekannte grob verkehrswidrig und r\u00fccksichtslos durch die, f\u00fcr den \nRettungswagen geschaffene, Rettungsgasse. Auch zwei rote Ampeln \nmissachtete er vors\u00e4tzlich bevor er das Einsatzfahrzeug an einem \n\u00fcbersichtlichen Kreuzungsbereich \u00fcberholte und mit weiterhin \u00fcberh\u00f6hter \nGeschwindigkeit in Richtung Friedrich-Ebert-Stra\u00dfe davonfuhr. <\/p>\n\n\n\n<p>Der Fahrer des schwarzen Audi SUV kann wie folgt beschrieben werden:<\/p>\n\n\n\n<ul><li>m\u00e4nnlich<\/li><li>ca. 30 Jahre alt<\/li><li>kr\u00e4ftige Statur<\/li><li>kurze dunkle Haare<\/li><li>gebr\u00e4unte Haut<\/li><li>Zudem soll sich ein Beifahrer im Pkw befunden haben, der wie folgt beschrieben werden kann: m\u00e4nnlich, ebenfalls ca. 30 Jahre alt, d\u00fcnner als der Fahrer bzw. normale Statur, kurze dunkle Haare, \u00e4hnlicher Hautteint, evtl. s\u00fcdosteurop\u00e4isches Erscheinungsbild. <\/li><\/ul>\n\n\n\n<p>Die  Beamten des Polizeireviers Mannheim-Neckarstadt haben die Ermittlungen  wegen Gef\u00e4hrdung des Stra\u00dfenverkehrs aufgenommen und suchen nach  weiteren Zeugen, die den Vorfall beobachtet haben oder ebenfalls  gef\u00e4hrdet wurden. Diese werden gebeten, sich unter 0621 33010 an die  Ermittler zu wenden. <\/p>\n\n\n\n<h4 class=\"wp-block-heading\">(Mannheim-Innenstadt) &#8211; 59-j\u00e4hriger Mann von Unbekannten geschlagen und getreten \/ Polizei sucht Zeugen<\/h4>\n\n\n\n<p>Ein 59-j\u00e4hriger Mann wurde am fr\u00fchen Donnerstagmorgen in der Mannheimer  Innenstadt von zwei unbekannten M\u00e4nnern geschlagen und getreten. Gegen  3.30 Uhr kam es zwischen dem 59-J\u00e4hrigen und zwei unbekannten M\u00e4nnern im  Quadrat O 7 zu einer Auseinandersetzung, in deren Verlauf die beiden  Unbekannten schlie\u00dflich auf den Gesch\u00e4digten einschlugen und -traten.  Die beiden T\u00e4ter fl\u00fcchteten in Richtung Hauptbahnhof. Der 59-j\u00e4hrige  Mann erlitt dabei eine Kopfplatzwunde. Er wurde zur Behandlung in ein  Krankenhaus eingeliefert. <\/p>\n\n\n\n<p>Die beiden unbekannten M\u00e4nner wurden von Zeugen wie folgt beschrieben: <\/p>\n\n\n\n<p><strong>T\u00e4ter 1: <\/strong><\/p>\n\n\n\n<ul><li>20 bis 25 Jahre<\/li><li>Ca. 180 cm gro\u00df<\/li><li>blonde Haare<\/li><li>schlank<\/li><li>Mitteleurop\u00e4isches Aussehen<\/li><li>Sprach Deutsch<\/li><li>Trug dunkle Kleidung <\/li><\/ul>\n\n\n\n<p>T\u00e4ter 2: <\/p>\n\n\n\n<ul><li>20 bis 25 Jahre alt<\/li><li>Ca. 180 cm gro\u00df<\/li><li>Schwarze Haare<\/li><li>Kr\u00e4ftiger<\/li><li>Mitteleurop\u00e4isches Aussehen<\/li><li>Sprach Deutsch<\/li><li>Trug dunkle Kleidung <\/li><\/ul>\n\n\n\n<p>Beide M\u00e4nner machten einen alkoholisierten Eindruck. <\/p>\n\n\n\n<p>Zeugen,  die auf den Vorfall aufmerksam geworden sind und sachdienliche Hinweise  zu den beiden Unbekannten geben k\u00f6nnen, werden gebeten, sich beim  Polizeirevier Mannheim-Innenstadt, Tel.: 0621\/1258-0 zu melden. <\/p>\n\n\n\n<h4 class=\"wp-block-heading\">(Mannheim-Schwetzingerstadt) &#8211; Trickbetr\u00fcger ergaunert EC-Karte \/ Zeugen gesucht!<\/h4>\n\n\n\n<p>Opfer eines Trickbetr\u00fcgers wurde am Mittwochmorgen ein 77-j\u00e4hriger Mann  in der Augartenstra\u00dfe. Der Senior wurde gegen 9:30 Uhr von einem  unbekannten Mann angesprochen, der ihn bat, einen 20-Euro-Schein zu  wechseln. Er forderte den Gesch\u00e4digten auf, mit ihm zu einem  nahegelegenen Parkscheinautomaten zu gehen, da er f\u00fcr den Automaten  Kleingeld ben\u00f6tige. An dem Automaten, der im Bereich der Traitteurstra\u00dfe  stand, t\u00e4uschte der Unbekannte angeblich per Sprachsteuerung vor, sein  Kennzeichen in den Automaten einzugeben. Anschlie\u00dfend forderte er den  77-J\u00e4hrigen auf, die PIN-Nummer seiner EC-Karte hineinzusagen, was  dieser auch tat. Laut des Gesch\u00e4digten sei anschlie\u00dfend ein Parkschein  ausgedruckt worden. Der unbekannte Mann \u00fcbergab dem Senior danach einen  5-Euro-Schein, wobei es ihm offensichtlich gelang, die EC-Karte des  Gesch\u00e4digten zu entwenden. Der Mann bemerkte den Diebstahl jedoch erst  einige Zeit sp\u00e4ter und verst\u00e4ndigte die Polizei. Nach derzeitigem  Ermittlungsstand ist an den Parkscheinautomaten weder eine Eingabe per  Sprachsteuerung noch Kartenzahlung m\u00f6glich. <\/p>\n\n\n\n<p>Die Polizei sucht nun  Personen, die den Vorfall beobachtet haben und sachdienliche Hinweise  geben k\u00f6nnen. Diese werden gebeten, sich mit dem Polizeiposten  Mannheim-Schwetzingerstadt unter Tel.: 0621\/441125 oder dem  Polizeirevier Mannheim-Oststadt unter Tel.: 0621\/174-3310 in Verbindung  zu setzen. <\/p>\n\n\n\n<h4 class=\"wp-block-heading\">(Mannheim-Feudenheim) &#8211; Bei Kontrolle Drogen gefunden \/ 28-j\u00e4hriger Mann festgenommen<\/h4>\n\n\n\n<p>Am Mittwochnachmittag fanden Beamte des Polizeireviers K\u00e4fertal bei  einer Kontrolle eines 28-j\u00e4hrigen Mannes im Stadtteil Feudenheim einen  Beutel mit Marihuana. Der Mann fiel den Beamten in der Stra\u00dfe &#8222;Am  Aubuckel&#8220; aufgrund seines auff\u00e4lligen Verhaltens auf und wurde  kontrolliert. Dabei wurde bei der Durchsuchung ein Beuel mit rund 21  Gramm Marihuana aufgefunden. Eine anschlie\u00dfende Durchsuchung seines  Wohnraums f\u00f6rderte weitere rund 160 Gramm Marihuana, ein Beh\u00e4ltnis mit  einer noch unbekannten Substanz sowie mutma\u00dfliches Dealgeld und eine  Feinwaage zutage. Die Drogen wurden beschlagnahmt. Gegen den 28-J\u00e4hrigen  wird nun wegen Drogenbesitzes und Verdacht des Drogenhandels ermittelt.  Er wurde nach Abschluss der polizeilichen Ma\u00dfnahmen wieder auf freien  Fu\u00df entlassen. <\/p>\n\n\n\n<h4 class=\"wp-block-heading\">(Mannheim-K\u00e4fertal) &#8211; Bargeld und pers\u00f6nliche Dokumente bei Wohnungseinbruch gestohlen \/ Zeugen gesucht!<\/h4>\n\n\n\n<p>Am Mittwoch, zwischen 10 Uhr und 16 Uhr, verschaffte sich ein bislang  nicht ermittelter T\u00e4ter auf noch unbekannte Art und Weise Zugang zu  einer Wohnung in einem Mehrfamilienhaus in der Abraham-Lincoln-Allee.  Aus einem der R\u00e4ume lie\u00df er eine Box mit mehreren Tausend Euro und  diversen pers\u00f6nlichen Dokumenten mitgehen. Anschlie\u00dfend ergriff er mit  dem Diebesgut die Flucht. <\/p>\n\n\n\n<p>Die Ermittler des Polizeireviers  Mannheim-K\u00e4fertal suchen nun Zeugen, die Verd\u00e4chtiges beobachtet haben  und sachdienliche Hinweise geben k\u00f6nnen. Diese werden gebeten, sich  unter Tel.: 0621\/71849-0 zu melden. <\/p>\n\n\n\n<h4 class=\"wp-block-heading\">(Heidelberg) &#8211; Polizei stoppt alkoholisierten Autofahrer, nachdem dieser mindestens zwei Verkehrsunf\u00e4lle verursacht hatte<\/h4>\n\n\n\n<p>Beamte des Polizeireviers Heidelberg-Nord stoppten am Mittwochabend,  gegen 21:35 Uhr, in der Stra\u00dfe &#8222;Im Weiher&#8220; einen Autofahrer mit \u00fcber 2  Promille. Eine Zeugin hatte der Polizei gemeldet, dass der Mann mit  seinem Alfa Romeo die B3, in H\u00f6he der Fritz-Frey-Stra\u00dfe, in  Schlangenlinien befuhr. Zeitgleich ging ein weiterer Anruf einer Zeugin  ein, welche in der Stra\u00dfe &#8222;Im Weiher&#8220; einen Unfall beobachtet hatte und  der Fahrer alkoholisiert gewesen sei. Laut des Kennzeichens handelte es  sich hierbei um denselben Autofahrer. Die Beamten konnten diesen vor Ort  antreffen und stellten sofort starken Alkoholgeruch fest. Da ein  durchgef\u00fchrter Alkoholtest einen Wert von \u00fcber 2 Promille ergab, musste  er sein Auto vor Ort stehen lassen und die Beamten zu einer Blutentnahme  mit aufs Polizeirevier begleiten. Es stellte sich heraus, dass der  32-J\u00e4hrige ebenfalls als Verursacher f\u00fcr einen Verkehrsunfall auf der B9  in Mutterstadt in Frage kommt, der sich gegen 20:30 Uhr, zwischen dem  Autobahndreieck Ludwigshafen und dem Autobahnkreuz  Ludwigshafen-Oggersheim ereignete. Hier soll der 32-J\u00e4hrige einen  Peugeot \u00fcberholt und diesen dabei gestreift haben. Anschlie\u00dfend sei er  gefl\u00fcchtet. An dem Alfa Romeo konnten Unfallsch\u00e4den festgestellt werden.  Der Gesamtschaden an den drei betroffenen Fahrzeugen kann auf rund  10.000 Euro beziffert werden. Da der Mann zudem nicht im Besitz einer  deutschen Fahrerlaubnis ist, erwartet ihn nun eine Anzeige wegen Fahren  ohne g\u00fcltige Fahrerlaubnis. <\/p>\n\n\n\n<p>Die weiteren Ermittlungen hat der  Verkehrsdienst Heidelberg \u00fcbernommen. Zeugen und evtl. weitere  Gesch\u00e4digte, werden gebeten, sich unter Tel.: 0621\/174-4111 zu melden. <\/p>\n\n\n\n<h4 class=\"wp-block-heading\">(Oftersheim \/ Rhein-Neckar-Kreis) &#8211; Unbekannte brechen in Kindergarten ein \/ Polizei sucht Zeugen!<\/h4>\n\n\n\n<p>Ein oder mehrere bislang unbekannte T\u00e4ter brachen in der Zeit von  Dienstag, 18 Uhr bis Mittwoch, kurz nach 7 Uhr, in einen Kindergarten in  der Stra\u00dfe &#8222;In den Seeg\u00e4rten&#8220; ein. Die Unbekannten kletterten  vermutlich zun\u00e4chst \u00fcber einen Zaun, gelangten so in den Garten des  Kindergartens und machten sich anschlie\u00dfend gewaltsam an einem Fenster  zu schaffen. \u00dcber dieses drangen sie ins Innere ein und durchsuchten  s\u00e4mtliche R\u00e4ume nach Stehlenswertem. Zudem brachen sie einen Schrank  auf, lie\u00dfen aus diesem aber nichts mitgehen. Im Anschluss ergriffen sie,  auf demselben Weg wie sie hereingekommen waren, wieder die Flucht.  Entwendet hatten die Unbekannten nach ersten Erkenntnissen nichts. <\/p>\n\n\n\n<p>Personen,  die Verd\u00e4chtiges beobachtet haben und sachdienliche Hinweise geben  k\u00f6nnen, werden gebeten, sich mit dem Polizeirevier Schwetzingen unter  Tel.: 06202\/288-0 in Verbindung zu setzen. <\/p>\n\n\n\n<h4 class=\"wp-block-heading\">(Walldorf \/ Rhein-Neckar-Kreis) &#8211; Polizei ermittelt wegen Stra\u00dfenverkehrsgef\u00e4hrdung und sucht Zeugen!<\/h4>\n\n\n\n<p>Die Polizei hat nach einem Vorfall am Donnerstagabend, gegen 22:30 Uhr,  auf der L598 die Ermittlungen wegen Stra\u00dfenverkehrsgef\u00e4hrdung  aufgenommen. Eine 33-J\u00e4hrige stand zun\u00e4chst mit ihrem PKW an der  Kreuzung B291\/L723 auf einem Rechtsabbiegerstreifen, um in Richtung St.  Leon-Rot abzubiegen. Bei Gr\u00fcn fuhr sie, sowie ein Audi-Fahrer auf der  Spur neben ihr, gleichzeitig los. Als die Fahrbahn kurz darauf einspurig  wurde, fuhr der Audi-Fahrer einfach auf der Gegenfahrbahn weiter. Er  fuhr eine Zeitlang neben der 33-J\u00e4hrigen her, bis in H\u00f6he des  Leonardo-Hotels Gegenverkehr kam. Der Unbekannte scherte pl\u00f6tzlich so  knapp vor der 33-J\u00e4hrigen ein, dass diese ihren PKW stark abbremsen  musste, um eine Kollision zu vermeiden. Sie setzte daraufhin ihre Fahrt  hinter dem Audi fort. Doch an einem Kreisverkehr in H\u00f6he des  Hasso-Plattner-Ring bremste der Unbekannte dann pl\u00f6tzlich grundlos  seinen PKW ab, sodass die Autofahrerin erneut stark bremsen musste und  zum Stehen kam. Im weiteren Verlauf folgte der Audi-Fahrer der  33-J\u00e4hrigen, bis er letztendlich die Flucht ergriff. Die Frau erstattete  Anzeige bei der Polizei und teilte das Kennzeichen des Unbekannten mit.  Die Ermittlungen zum verantwortlichen Fahrer dauern an. <\/p>\n\n\n\n<p>Zeugen,  die den Vorfall beobachtet haben, werden gebeten, sich mit dem  Polizeiposten St. Leon-Rot unter Tel.: 06227\/881600 oder dem  Polizeirevier Wiesloch unter 06222\/5709-0 in Verbindung zu setzen. <\/p>\n\n\n\n<h4 class=\"wp-block-heading\">(Heddesheim \/ Rhein-Neckar-Kreis) &#8211; Geparktes Auto gestreift und einfach weitergefahren \/ Polizei sucht Zeugen<\/h4>\n\n\n\n<p>Am Mittwoch gegen 8 Uhr streifte ein bislang unbekannter Autofahrer  beim Vorbeifahren einen in der Beindstra\u00dfe\/ Ecke Wasserbettstra\u00dfe  geparkten Opel Mokka auf der linken Fahrzeugseite bzw. hinteren  Sto\u00dfstange. Ohne sich um den entstandenen Schaden in H\u00f6he von \u00fcber 1.000  Euro zu k\u00fcmmern, setzte der Fahrer seine Fahrt fort und fl\u00fcchtete von  der Unfallstelle. W\u00e4hrend des Unfalls sa\u00df ein f\u00fcnfj\u00e4hriger Junge im  Auto, er kam mit dem Schrecken davon. Zeugen, die den Unfallbeobachtet  haben, werden gebeten sich unter Telefon 06203\/41443 mit dem  Polizeiposten Heddesheim oder au\u00dferhalb dessen \u00d6ffnungszeiten unter  Telefon 06203\/93050 beim Polizeirevier Ladenburg zu melden. <\/p>\n\n\n\n<h4 class=\"wp-block-heading\">(Schriesheim \/ Rhein-Neckar-Kreis) &#8211; Vermisste 80-j\u00e4hrige wieder da<\/h4>\n\n\n\n<p>Die Vermisste wurde kurz vor 05.00 Uhr in der N\u00e4he ihrer Wohnanschrift  in einem stark unterk\u00fchlten Zustand angetroffen. Anwohner fanden sie und  verst\u00e4ndigten die Polizei. Die Dame wurde in ein Krankenhaus  eingeliefert. <\/p>\n\n\n\n<h4 class=\"wp-block-heading\">(Schriesheim \/ Rhein-Neckar-Kreis) &#8211; Polizei sucht nach 80-j\u00e4hriger Vermissten<\/h4>\n\n\n\n<p>Seit Donnerstagabend  sucht die Polizei mit starken Kr\u00e4ften nach einer  80-j\u00e4hrigen Frau aus Schriesheim, die die eheliche Wohnung in der  Conradstra\u00dfe gegen 20.00 Uhr verlassen hatte.  Die Angeh\u00f6rigen  erstatteten Vermisstenanzeige, nachchdem sie nach zwei Stunden noch  nicht zur\u00fcckgekehrt war. Aufgrund ihreres Gesundheitzustandes kann nicht  ausgeschlossen werden, dass sie sich in einer hilflosen Lage befindet,  weshalb zur  Suche auch ein Hubschrauber der Polizeihubschrauberstaffel  Stuttgart sowie Mantrailer-Hunde der Rettungsleitstelle hinzugezogen  wurden. Die Suchma\u00dfnahmen wurden bis gegen 03.00 Uhr fortgef\u00fchrt, bevor  sie zun\u00e4chst eingestellt wurden. Diese werden im Laufe des Vormittags  fortgef\u00fchrt. Beschreibung der Gesuchten: Ca. 160 cm gro\u00df, normale  Statur, graues Haar. Bekleidet ist sie aktuell mit einm rosa Nikki-Anzug  und Hausschuhe. Zeugen die Hinweise zum Aufenthaltsort der Vermissten  geben k\u00f6nnen, werden gebeten, sich mit der Kriminalpolizei unter 0621 \/  174-4444 in Verbindung zu setzen. Hinweise werden zudem jederzeit unter  dem polizeilichen Notruf 110 und bei jeder anderen Polizeidienststelle  entgegengenommen. <\/p>\n","protected":false},"excerpt":{"rendered":"<div class=\"mh-excerpt\"><p>Polizeimeldungen vom Donnerstag (16.01.2020) (Speyer) &#8211; Seitenscheibe an parkendem Pkw eingeschlagen \/ Nichts entwendet Zwischen Dienstagabend und Mittwochmorgen wurde an einem in diesem Zeitraum am Bahnhof Nord-West geparkten VW Golf eine Dreiecksscheibe auf der Fahrerseite <a class=\"mh-excerpt-more\" href=\"https:\/\/speyer24news.com\/?p=24233\" title=\"Polizei\">[&#8230;]<\/a><\/p>\n<\/div>","protected":false},"author":3,"featured_media":0,"comment_status":"open","ping_status":"open","sticky":false,"template":"","format":"standard","meta":{"_monsterinsights_skip_tracking":false,"_monsterinsights_sitenote_active":false,"_monsterinsights_sitenote_note":"","_monsterinsights_sitenote_category":0,"footnotes":""},"categories":[12],"tags":[3614,61,2555,63,105,53,4854,4683,1548,102,213,55,5261,103,106,2803,2423,427,2625,380,62,104,979,1565],"aioseo_notices":[],"amp_enabled":true,"_links":{"self":[{"href":"https:\/\/speyer24news.com\/index.php?rest_route=\/wp\/v2\/posts\/24233"}],"collection":[{"href":"https:\/\/speyer24news.com\/index.php?rest_route=\/wp\/v2\/posts"}],"about":[{"href":"https:\/\/speyer24news.com\/index.php?rest_route=\/wp\/v2\/types\/post"}],"author":[{"embeddable":true,"href":"https:\/\/speyer24news.com\/index.php?rest_route=\/wp\/v2\/users\/3"}],"replies":[{"embeddable":true,"href":"https:\/\/speyer24news.com\/index.php?rest_route=%2Fwp%2Fv2%2Fcomments&post=24233"}],"version-history":[{"count":2,"href":"https:\/\/speyer24news.com\/index.php?rest_route=\/wp\/v2\/posts\/24233\/revisions"}],"predecessor-version":[{"id":24243,"href":"https:\/\/speyer24news.com\/index.php?rest_route=\/wp\/v2\/posts\/24233\/revisions\/24243"}],"wp:attachment":[{"href":"https:\/\/speyer24news.com\/index.php?rest_route=%2Fwp%2Fv2%2Fmedia&parent=24233"}],"wp:term":[{"taxonomy":"category","embeddable":true,"href":"https:\/\/speyer24news.com\/index.php?rest_route=%2Fwp%2Fv2%2Fcategories&post=24233"},{"taxonomy":"post_tag","embeddable":true,"href":"https:\/\/speyer24news.com\/index.php?rest_route=%2Fwp%2Fv2%2Ftags&post=24233"}],"curies":[{"name":"wp","href":"https:\/\/api.w.org\/{rel}","templated":true}]}}