{"id":24363,"date":"2020-01-20T11:04:14","date_gmt":"2020-01-20T10:04:14","guid":{"rendered":"https:\/\/speyer24news.com\/?p=24363"},"modified":"2020-01-20T11:14:47","modified_gmt":"2020-01-20T10:14:47","slug":"schifferstadt-45","status":"publish","type":"post","link":"https:\/\/speyer24news.com\/?p=24363","title":{"rendered":"Schifferstadt"},"content":{"rendered":"<style type=\"text\/css\">\r\n\t.ads_top_disp{}\r\n\t.ads_top_corner_disp{ float:left; margin:0px 10px 10px 0px; }\r\n\t.ads_first_p_disp{}\r\n\t.ads_bottom_disp{}\r\n\t<\/style>\n<h2 class=\"wp-block-heading\"><strong>Wilhelm von Sternburg \u00fcber Ludwig Landmann<\/strong><\/h2>\n\n\n\n<div class=\"wp-block-image\"><figure class=\"aligncenter\"><img decoding=\"async\" loading=\"lazy\" width=\"500\" height=\"671\" src=\"https:\/\/speyer24news.com\/wp-content\/uploads\/2020\/01\/171205vonsternburg17.jpg\" alt=\"\" class=\"wp-image-24368\" srcset=\"https:\/\/speyer24news.com\/wp-content\/uploads\/2020\/01\/171205vonsternburg17.jpg 500w, https:\/\/speyer24news.com\/wp-content\/uploads\/2020\/01\/171205vonsternburg17-224x300.jpg 224w\" sizes=\"(max-width: 500px) 100vw, 500px\" \/><figcaption>Wilhelm von Sternburg liest am 05.02.20 die Biografie \u00fcber Ludwig Landmann<\/figcaption><\/figure><\/div>\n\n\n\n<p>Am <strong>Mittwoch, 5. Februar<\/strong> stellt Wilhelm von Sternburg um 19 Uhr seine Biografie \u00fcber Ludwig Landmann im Alten Rathaus, Marktplatz 1, vor. Damit folgt der Tr\u00e4ger des Ernst-Johann-Literaturpreises von 2015 der Einladung von Stadtverwaltung und Stadtb\u00fccherei.<\/p>\n\n\n\n<p>Ludwig\nLandmann war neben Konrad Adenauer der bedeutendste Kommunalpolitiker in den\nJahren der Weimarer Republik. Sein bewegtes Leben hat Wilhelm von Sternburg in\neiner Biografie festgehalten.<\/p>\n\n\n\n<p>Sein\nVater stammte aus Schifferstadt, er selbst wurde 1868 in Mannheim geboren \u2013\nLudwig Landmann begr\u00fcndete als Frankfurter Oberb\u00fcrgermeister die \u00c4ra des \u201eNeuen\nFrankfurt\u201c. Neben dem in Weimar gegr\u00fcndeten Bauhaus pr\u00e4gten die Frankfurter St\u00e4del-Schule,\nan der Max Beckmann und Willi Baumeister lehrten, oder die Siedlungsbauten von\nErnst May die st\u00e4dtebauliche und \u00e4sthetische Moderne der Weimarer Jahre. Mit\nvision\u00e4rer Kraft und erstaunlichem Gesp\u00fcr f\u00fcr die Zukunft wurden damals die\nGrundsteine f\u00fcr die Frankfurter Messe und den heutigen Weltflughafen der Stadt\ngelegt und die ersten Autobahn-Pl\u00e4ne f\u00fcr Deutschland entwickelt. Landmann war\nein badischer Liberaler, ein bedeutender Sozialpolitiker und Patriot. Als Jude\nund unbeirrbarer Demokrat verjagten ihn die Nationalsozialisten aus dem Amt.\n1939 musste er ins niederl\u00e4ndische Exil gehen, wo er krank und verarmt 1945\nstarb. <\/p>\n\n\n\n<p>Der\nEintritt ist frei, eine Reservierung ist nicht erforderlich. <\/p>\n\n\n\n<p>Informationen erhalten Interessierte bei der Stadtb\u00fccherei Schifferstadt unter der Telefonnummer 06235\/925830.<\/p>\n\n\n\n<div class=\"wp-block-image\"><figure class=\"aligncenter\"><img decoding=\"async\" loading=\"lazy\" width=\"500\" height=\"711\" src=\"https:\/\/speyer24news.com\/wp-content\/uploads\/2020\/01\/Lesung-Schifferstadt-Ludwig-Landmann.png\" alt=\"\" class=\"wp-image-24369\" srcset=\"https:\/\/speyer24news.com\/wp-content\/uploads\/2020\/01\/Lesung-Schifferstadt-Ludwig-Landmann.png 500w, https:\/\/speyer24news.com\/wp-content\/uploads\/2020\/01\/Lesung-Schifferstadt-Ludwig-Landmann-211x300.png 211w\" sizes=\"(max-width: 500px) 100vw, 500px\" \/><\/figure><\/div>\n\n\n\n<p><strong>Zum Ernst-Johann-Literaturpreis<\/strong>\n\nErnst Johann wurde 1909\nin Schifferstadt geboren und lebte dort bis zu seinem Abitur. Danach studierte\ner in Heidelberg, Leipzig und Paris Literatur- und Kunstgeschichte, Soziologie\nund National\u00f6konomie. Er war Journalist, Feuilletonist, erster Chefredakteur\nder Rheinpfalz, Rundfunkredakteur beim S\u00fcdwestrundfunk, Cheflektor des S.\nFischer-Verlages, erster Fernsehkritiker der Frankfurter Allgemeinen Zeitung,\nAutor eigener Werke und schlie\u00dflich Generalsekret\u00e4r der Deutschen Akademie f\u00fcr\nSprache und Dichtung in Darmstadt. Zur Erinnerung an ihn wurde im Jahr 2011 der\nErnst-Johann-Literaturpreis ins Leben gerufen und wird nun alle drei Jahre\nvergeben.\n\n\n\n<\/p>\n\n\n\n<p><em>Stadtverwaltung Schifferstadt<br>20.01.20<\/em><\/p>\n\n\n\n<h2 class=\"wp-block-heading\"><strong>Neuer Migrationsbeirat<\/strong><\/h2>\n\n\n\n<div class=\"wp-block-image\"><figure class=\"aligncenter\"><img decoding=\"async\" loading=\"lazy\" width=\"500\" height=\"667\" src=\"https:\/\/speyer24news.com\/wp-content\/uploads\/2020\/01\/Migrationsbeirat.jpg\" alt=\"\" class=\"wp-image-24367\" srcset=\"https:\/\/speyer24news.com\/wp-content\/uploads\/2020\/01\/Migrationsbeirat.jpg 500w, https:\/\/speyer24news.com\/wp-content\/uploads\/2020\/01\/Migrationsbeirat-225x300.jpg 225w\" sizes=\"(max-width: 500px) 100vw, 500px\" \/><figcaption> v.r. den einstimmig gew\u00e4hlten Vorsitzenden Ralph Sch\u00e4ffner, neben ihm (vorne links)  den stellvertretender Vorsitzenden Nabil Al Ghanem. Hinten links steht der Beigeordnete Patrick Poss, der den Beirat begr\u00fc\u00dfte. <\/figcaption><\/figure><\/div>\n\n\n\n<p>In der ersten Sitzung des Schifferstadter \u201eBeirats f\u00fcr die Belange von Menschen mit Migrationshintergrund\u201c am vergangenen Montag w\u00e4hlten die insgesamt acht Mitglieder einstimmig Ralph Sch\u00e4ffner zum Vorsitzenden. <\/p>\n\n\n\n<p>Stellvertretender Vorsitzender ist Nabil Al Ghanem. Der\nAusschuss besteht aus zwei Frauen und sechs M\u00e4nner. Es wirken zwei \u00c4gypter, ein\nT\u00fcrke, vier Syrer und ein Deutscher mit.<\/p>\n\n\n\n<p>Aufgabe des Migrationsbeirates ist die F\u00f6rderung und\nSicherung des gleichberechtigten Zusammenlebens der in Schifferstadt wohnenden\nMenschen verschiedenster Nationalit\u00e4t, Kultur und Religion sowie die\n(Weiter)-Entwicklung des kommunalen Integrationsprozesses.<\/p>\n\n\n\n<p>Die Mitglieder des Migrationsbeirates sind ehrenamtlich ohne Aufwandsentsch\u00e4digung,\nnationalit\u00e4ts\u00fcbergreifend, \u00fcberparteilich, \u00fcberkonfessionell und\nverbandsunabh\u00e4ngig t\u00e4tig.<\/p>\n\n\n\n<p><em>Stadtverwaltung Schifferstadt<br>20.01.20<\/em><\/p>\n\n\n\n<h2 class=\"wp-block-heading\"><strong>Klimasch\u00fctzer in Rheinland-Pfalz<\/strong><\/h2>\n\n\n\n<h3 class=\"wp-block-heading\"><strong>Ausstellung\nim Schifferstadter Rathaus-Foyer<\/strong><\/h3>\n\n\n\n<p>Klimaschutz ist machbar, schont den Geldbeutel und verbessert die Lebensqualit\u00e4t. Dass wirklich jede und jeder einen Beitrag leisten kann, zeigt die Ausstellung \u201eKlimasch\u00fctzer in Rheinland-Pfalz\u201c. <strong>Von Montag, 20. Januar bis einschlie\u00dflich Freitag, 7. Februar<\/strong> k\u00f6nnen sich Interessierte im Rathaus-Foyer, Marktplatz 2, f\u00fcr ihren eigenen Alltag inspirieren lassen. &nbsp;<\/p>\n\n\n\n<p>Die Ausstellung der\nLandeszentrale f\u00fcr Umweltaufkl\u00e4rung stellt 13 Menschen aus Rheinland-Pfalz vor,\ndie sich f\u00fcr den Klimaschutz einsetzen. Auf den gro\u00dfformatigen Fotoleinw\u00e4nden demonstrieren\nsie, wie sie ihren Beitrag in den unterschiedlichsten Bereichen wie Energie,\nHaushalt, Mobilit\u00e4t oder Ern\u00e4hrung leisten. So steht beispielsweise der\nGem\u00fcsefreund neben der Liebhaberin alter M\u00f6bel. Die Fotoportr\u00e4ts werden von\npassenden Zitaten begleitet.<\/p>\n\n\n\n<p>Die\n\u201eKlimasch\u00fctzer\u201c-Ausstellung ist zu den \u00fcblichen \u00d6ffnungszeiten des Rathauses zu\nsehen. <\/p>\n\n\n\n<p><em>Stadtverwaltung Schifferstadt<br>20.01.20<\/em><\/p>\n\n\n\n<h2 class=\"wp-block-heading\"><strong>Der neue StadtKurier ist da!<\/strong><\/h2>\n\n\n\n<div class=\"wp-block-image\"><figure class=\"aligncenter\"><img decoding=\"async\" loading=\"lazy\" width=\"800\" height=\"600\" src=\"https:\/\/speyer24news.com\/wp-content\/uploads\/2020\/01\/StadtKurier-Jan-2020.jpg\" alt=\"\" class=\"wp-image-24366\" srcset=\"https:\/\/speyer24news.com\/wp-content\/uploads\/2020\/01\/StadtKurier-Jan-2020.jpg 800w, https:\/\/speyer24news.com\/wp-content\/uploads\/2020\/01\/StadtKurier-Jan-2020-300x225.jpg 300w, https:\/\/speyer24news.com\/wp-content\/uploads\/2020\/01\/StadtKurier-Jan-2020-768x576.jpg 768w, https:\/\/speyer24news.com\/wp-content\/uploads\/2020\/01\/StadtKurier-Jan-2020-678x509.jpg 678w, https:\/\/speyer24news.com\/wp-content\/uploads\/2020\/01\/StadtKurier-Jan-2020-326x245.jpg 326w, https:\/\/speyer24news.com\/wp-content\/uploads\/2020\/01\/StadtKurier-Jan-2020-80x60.jpg 80w\" sizes=\"(max-width: 800px) 100vw, 800px\" \/><\/figure><\/div>\n\n\n\n<p>12 Kindertagesst\u00e4tten, 5 Schulen, \u00fcber 40 Spiel- und\nBolzpl\u00e4tze und nat\u00fcrlich der Jugendtreff \u2013 die \u201eKleinen\u201c werden in\nSchifferstadt gro\u00dfgeschrieben. Ganz besonders in der neuesten Ausgabe des\nStadtKuriers. <\/p>\n\n\n\n<p>Zweimal im Jahr erscheint das zw\u00f6lfseitige Informationsblatt\nder Stadtverwaltung. Am Mittwoch flattert der StadtKurier in die Briefk\u00e4sten\nder B\u00fcrgerinnen und B\u00fcrger ohne Werbesperrvermerk. Zus\u00e4tzlich liegt er im\nRathaus-Foyer, der Stadtb\u00fccherei, den B\u00e4ckereien G\u00f6rtz und Wilhelmi sowie den\nBanken in der Innenstadt aus. Wer lieber bequem von Zuhause aus liest, findet\nden StadtKurier als PDF auf der Website der Stadt www.schifferstadt.de. <\/p>\n\n\n\n<p>Von der kostenlosen Energieberatung bis zur Vorstellung des neuen\nSeniorenbeirats \u2013 die Stadtverwaltung w\u00fcnscht viel Spa\u00df beim Lesen!<\/p>\n\n\n\n<h4 class=\"wp-block-heading\"><strong>Post aus der Heimat<\/strong><\/h4>\n\n\n\n<p>Sie sind ehemaliger Schifferstadter und m\u00f6chten auf dem Laufenden sein, was sich in der Rettichmetropole so tut? Dann melden Sie sich beim Stadtmarketing und erhalten Sie den aktuellen StadtKurier als Brief aus der Heimat. Senden Sie hierzu einfach Ihre vollst\u00e4ndige Adresse per E-Mail an <a href=\"tatjana.rau@schifferstadt.de\">tatjana.rau@schifferstadt.de<\/a> oder per Post an Stadtverwaltung Schifferstadt, z.Hd. Tatjana Rau, Marktplatz 2, 67105 Schifferstadt. <\/p>\n\n\n\n<p><em>Stadtverwaltung Schifferstadt<br>20.01.20<\/em><\/p>\n\n\n\n<h2 class=\"wp-block-heading\"><strong>Knapp 1.000 Euro f\u00fcr Burkina Faso<\/strong><\/h2>\n\n\n\n<div class=\"wp-block-image\"><figure class=\"aligncenter\"><img decoding=\"async\" loading=\"lazy\" width=\"800\" height=\"600\" src=\"https:\/\/speyer24news.com\/wp-content\/uploads\/2020\/01\/Spenden-Burkina-Faso.jpg\" alt=\"\" class=\"wp-image-24364\" srcset=\"https:\/\/speyer24news.com\/wp-content\/uploads\/2020\/01\/Spenden-Burkina-Faso.jpg 800w, https:\/\/speyer24news.com\/wp-content\/uploads\/2020\/01\/Spenden-Burkina-Faso-300x225.jpg 300w, https:\/\/speyer24news.com\/wp-content\/uploads\/2020\/01\/Spenden-Burkina-Faso-768x576.jpg 768w, https:\/\/speyer24news.com\/wp-content\/uploads\/2020\/01\/Spenden-Burkina-Faso-678x509.jpg 678w, https:\/\/speyer24news.com\/wp-content\/uploads\/2020\/01\/Spenden-Burkina-Faso-326x245.jpg 326w, https:\/\/speyer24news.com\/wp-content\/uploads\/2020\/01\/Spenden-Burkina-Faso-80x60.jpg 80w\" sizes=\"(max-width: 800px) 100vw, 800px\" \/><\/figure><\/div>\n\n\n\n<p>Beim Neujahrsempfang am Sonntag, 12.01.2020, spendeten die Besucherinnen und Besucher knapp 1.000 Euro f\u00fcr den Freundeskreises Burkina Faso Schifferstadt. <\/p>\n\n\n\n<p>Das Geld soll f\u00fcr das Gymnasium \u201eSaint Francois PIA SCHIFFERSTADT\u201c in Kassou\/ Koudougou verwendet werden. Dort werden aktuell drei Klassen der Mittelstufe unterrichtet. \u201eSomit tragen alle Spender zur Bildung der Kinder und damit der weiteren Entwicklung des Landes Burkina Faso\/ Westafrika bei\u201c, freut sich Gerhard Schackert, Vorsitzender des Freundeskreises. Clarisse Kantiono, die Leiterin der gemeinn\u00fctzigen Organisation PIA, die die Schule betreibt, sei \u00fcberw\u00e4ltigt von der gro\u00dfen Spendenbereitschaft der Schifferstadter, berichtet er. <\/p>\n\n\n\n<div class=\"wp-block-image\"><figure class=\"aligncenter\"><img decoding=\"async\" loading=\"lazy\" width=\"800\" height=\"600\" src=\"https:\/\/speyer24news.com\/wp-content\/uploads\/2020\/01\/Spendenbox-Burkina-Faso.jpg\" alt=\"\" class=\"wp-image-24365\" srcset=\"https:\/\/speyer24news.com\/wp-content\/uploads\/2020\/01\/Spendenbox-Burkina-Faso.jpg 800w, https:\/\/speyer24news.com\/wp-content\/uploads\/2020\/01\/Spendenbox-Burkina-Faso-300x225.jpg 300w, https:\/\/speyer24news.com\/wp-content\/uploads\/2020\/01\/Spendenbox-Burkina-Faso-768x576.jpg 768w, https:\/\/speyer24news.com\/wp-content\/uploads\/2020\/01\/Spendenbox-Burkina-Faso-678x509.jpg 678w, https:\/\/speyer24news.com\/wp-content\/uploads\/2020\/01\/Spendenbox-Burkina-Faso-326x245.jpg 326w, https:\/\/speyer24news.com\/wp-content\/uploads\/2020\/01\/Spendenbox-Burkina-Faso-80x60.jpg 80w\" sizes=\"(max-width: 800px) 100vw, 800px\" \/><\/figure><\/div>\n\n\n\n<p>Aber nicht nur f\u00fcr einen Geldsegen hat der Neujahrsempfang gesorgt \u2013 auch f\u00fcnf Patenschaften konnten die Ehrenamtlichen an ihrem Stand in der Aula des Paul-von-Denis Schulzentrums vermitteln. \u201eDas gibt den Kindern und ihren Familien neue Perspektiven\u201c, ist Schackert \u00fcberzeugt. <\/p>\n\n\n\n<p><em>Stadtverwaltung Schifferstadt<br>20.01.20<\/em><\/p>\n\n\n\n<h1 class=\"wp-block-heading\" style=\"text-align:center\">Volkshochschule (VHS) Schifferstadt<\/h1>\n\n\n\n<div class=\"wp-block-image\"><figure class=\"aligncenter\"><img decoding=\"async\" src=\"https:\/\/speyer24news.com\/wp-content\/uploads\/2020\/01\/VHS.png\" alt=\"\" class=\"wp-image-23911\"\/><\/figure><\/div>\n\n\n\n<h2 class=\"wp-block-heading\"><strong>Familienforschung\nmit und ohne Computer<\/strong><\/h2>\n\n\n\n<p>Am <strong>Montag, 27. Januar<\/strong> beginnt um 18:30 Uhr der Kurs \u201eFamilienforschung mit und ohne Computer\u201c im Schifferstadter Stadtarchiv, Kirchenstra\u00dfe 20.<\/p>\n\n\n\n<p>Der Dozent unterst\u00fctzt die Teilnehmerinnen und Teilnehmer bei\nder Erstellung eines Familienbuches oder einer Familientafel sowie bei der\nFamilienforschung. Er betreut ehrenamtlich das Schifferstadter Stadtarchiv und\nhat eine Menge Erfahrung auf diesem Gebiet. Ein derartiger Termin findet regelm\u00e4\u00dfig\nam vierten Montag im Monat statt.<\/p>\n\n\n\n<p>Eine Anmeldung ist direkt an diesem Abend im Stadtarchiv bei Herrn\nBenedom m\u00f6glich.<\/p>\n\n\n\n<h2 class=\"wp-block-heading\"><strong>Einf\u00fchrung in die Fotografie<\/strong><\/h2>\n\n\n\n<p>Am<strong> Donnerstag, 30. Januar<\/strong> beginnt um 19 Uhr der Kurs \u201eEinf\u00fchrung in die Fotografie\u201c im Schifferstadter vhs-Bildungszentrum, Neust\u00fcckweg 2. <\/p>\n\n\n\n<p>In diesem Kurs lernen Sie die technischen Grundlagen des\nFotografierens kennen. Themen sind beispielsweise Kameratechnik, Objektive und\nihre Anwendung, richtige Belichtung, Licht- und Filtertechnik sowie\nBlitztechnik. Willkommen sind alle, die eine Bridge-, System- oder digitale\nSpiegelreflexkamera besitzen oder sich eine solche zulegen m\u00f6chten. <\/p>\n\n\n\n<p>Der Dozent bietet au\u00dferhalb des Kurses auch Gelegenheit, das\nErlernte bei einer Exkursion praktisch anzuwenden. Die Kosten daf\u00fcr sind in der\nGeb\u00fchr nicht enthalten.<\/p>\n\n\n\n<p>Informationen und Anmeldung erhalten Interessierte bei der\nStadtverwaltung Schifferstadt unter der Telefonnummer 06235\/44302.<\/p>\n\n\n\n<h2 class=\"wp-block-heading\"><strong>KulturBlicke:\nMalerei von Edward Hopper<\/strong><\/h2>\n\n\n\n<p>Am <strong>Donnerstag, 30. Januar<\/strong> beginnt um 19 Uhr der Vortrag \u201eKulturBlicke \u2013 Edward Hopper\u201c im Schifferstadter vhs-Bildungszentrum, Neust\u00fckweg 2.<\/p>\n\n\n\n<p>Anlass f\u00fcr den Vortrag bietet eine Ausstellung der Fondation\nBeyeler in Basel mit Aquarellen und \u00d6lgem\u00e4lden aus den 1910er bis 1960er\nJahren, die einen umfangreichen und spannenden Einblick in den Facettenreichtum\nder Hopper&#8217;schen Malerei erm\u00f6glicht.<\/p>\n\n\n\n<p>Hoppers Gem\u00e4lde sind Ausdruck eines einzigartigen Blicks auf\ndas moderne Leben. Der amerikanische Realist begann seine Karriere als Illustrator.\nHeute sind vor allem seine \u00d6lgem\u00e4lde bekannt, die von seinem gro\u00dfen Interesse\nan Farbwirkung und von seiner virtuosen Beherrschung der Darstellung von Licht\nund Schatten zeugen. Den thematischen Schwerpunkt der Ausstellung bilden\nHoppers ikonische Darstellungen der unendlichen Weite amerikanischer Landschaft\nund Stadtlandschaft.<\/p>\n\n\n\n<p>Informationen und Anmeldung erhalten Interessierte bei der Stadtverwaltung Schifferstadt unter der Telefonnummer 06235\/44302.<\/p>\n\n\n\n<p><em>Stadtverwaltung Schifferstadt \/ Volkshochschule (VHS)<br>20.01.20<\/em><\/p>\n","protected":false},"excerpt":{"rendered":"<div class=\"mh-excerpt\"><p>Wilhelm von Sternburg \u00fcber Ludwig Landmann Am Mittwoch, 5. Februar stellt Wilhelm von Sternburg um 19 Uhr seine Biografie \u00fcber Ludwig Landmann im Alten Rathaus, Marktplatz 1, vor. Damit folgt der Tr\u00e4ger des Ernst-Johann-Literaturpreises von <a class=\"mh-excerpt-more\" href=\"https:\/\/speyer24news.com\/?p=24363\" title=\"Schifferstadt\">[&#8230;]<\/a><\/p>\n<\/div>","protected":false},"author":3,"featured_media":0,"comment_status":"open","ping_status":"open","sticky":false,"template":"","format":"standard","meta":{"_monsterinsights_skip_tracking":false,"_monsterinsights_sitenote_active":false,"_monsterinsights_sitenote_note":"","_monsterinsights_sitenote_category":0,"footnotes":""},"categories":[126],"tags":[5367,5370,2843,5369,5368,5365,5363,5364,5177,127,5366,459,2582,3045,5362],"aioseo_notices":[],"amp_enabled":true,"_links":{"self":[{"href":"https:\/\/speyer24news.com\/index.php?rest_route=\/wp\/v2\/posts\/24363"}],"collection":[{"href":"https:\/\/speyer24news.com\/index.php?rest_route=\/wp\/v2\/posts"}],"about":[{"href":"https:\/\/speyer24news.com\/index.php?rest_route=\/wp\/v2\/types\/post"}],"author":[{"embeddable":true,"href":"https:\/\/speyer24news.com\/index.php?rest_route=\/wp\/v2\/users\/3"}],"replies":[{"embeddable":true,"href":"https:\/\/speyer24news.com\/index.php?rest_route=%2Fwp%2Fv2%2Fcomments&post=24363"}],"version-history":[{"count":2,"href":"https:\/\/speyer24news.com\/index.php?rest_route=\/wp\/v2\/posts\/24363\/revisions"}],"predecessor-version":[{"id":24373,"href":"https:\/\/speyer24news.com\/index.php?rest_route=\/wp\/v2\/posts\/24363\/revisions\/24373"}],"wp:attachment":[{"href":"https:\/\/speyer24news.com\/index.php?rest_route=%2Fwp%2Fv2%2Fmedia&parent=24363"}],"wp:term":[{"taxonomy":"category","embeddable":true,"href":"https:\/\/speyer24news.com\/index.php?rest_route=%2Fwp%2Fv2%2Fcategories&post=24363"},{"taxonomy":"post_tag","embeddable":true,"href":"https:\/\/speyer24news.com\/index.php?rest_route=%2Fwp%2Fv2%2Ftags&post=24363"}],"curies":[{"name":"wp","href":"https:\/\/api.w.org\/{rel}","templated":true}]}}