{"id":24374,"date":"2020-01-20T11:44:39","date_gmt":"2020-01-20T10:44:39","guid":{"rendered":"https:\/\/speyer24news.com\/?p=24374"},"modified":"2020-01-20T11:44:40","modified_gmt":"2020-01-20T10:44:40","slug":"germersheim-landkreis-ger-6","status":"publish","type":"post","link":"https:\/\/speyer24news.com\/?p=24374","title":{"rendered":"Germersheim &#038; Landkreis GER"},"content":{"rendered":"<style type=\"text\/css\">\r\n\t.ads_top_disp{}\r\n\t.ads_top_corner_disp{ float:left; margin:0px 10px 10px 0px; }\r\n\t.ads_first_p_disp{}\r\n\t.ads_bottom_disp{}\r\n\t<\/style>\n<h2 class=\"wp-block-heading\"><strong>Pflegefamilien gesucht! Eine Aufgabe f\u00fcr Sie?<\/strong><\/h2>\n\n\n\n<h3 class=\"wp-block-heading\"><strong>Konzept f\u00fcr Bereitschaftspflegefamilien<\/strong><\/h3>\n\n\n\n<div class=\"wp-block-image\"><figure class=\"aligncenter\"><img decoding=\"async\" loading=\"lazy\" width=\"500\" height=\"711\" src=\"https:\/\/speyer24news.com\/wp-content\/uploads\/2020\/01\/Pflegekind-GER.png\" alt=\"\" class=\"wp-image-24378\" srcset=\"https:\/\/speyer24news.com\/wp-content\/uploads\/2020\/01\/Pflegekind-GER.png 500w, https:\/\/speyer24news.com\/wp-content\/uploads\/2020\/01\/Pflegekind-GER-211x300.png 211w\" sizes=\"(max-width: 500px) 100vw, 500px\" \/><\/figure><\/div>\n\n\n\n<p>Bereitschaftspflegefamilien\nkennen das: Das Jugendamt ruft an. Ein Kind ist in Not und ben\u00f6tigt rasch einen\nsicheren Platz, an dem es bleiben kann. Innerhalb weniger Stunden hat die\nFamilie ein Mitglied mehr \u2013 zumindest vor\u00fcbergehend. Einige Tage, Wochen oder\nMonate. Selten aber l\u00e4nger als ein Jahr. \u201eLeider k\u00f6nnen wir diese Kinder nicht\nimmer in einer Pflegefamilie unterbringen. Dabei w\u00e4re es gerade in\nKrisensituation wichtig, dass Kinder einen sicheren, herzlichen Platz bekommen.\nDeshalb suchen wir dringend weitere Pflegefamilien, besonders auch\nBereitschaftspflegefamilien\u201c, so der f\u00fcr Kinder und Jugend zust\u00e4ndige Erste\nKreisbeigeordnete, Christoph Buttweiler.<\/p>\n\n\n\n<p>\u201eWer sich bereit\nerkl\u00e4rt, Bereitschaftspflegefamilie zu sein, muss neben einem Herz vor allem\nauch maximale Flexibilit\u00e4t mitbringen\u201c, erkl\u00e4rt Denise Hartmann-Mohr, Leiterin\ndes Jugendamtes im Landkreis Germersheim. Deshalb habe man sich entschlossen,\ndas Bereitschaftspflegekonzept f\u00fcr den Landkreis Germersheim zu \u00fcberarbeiten,\nder Jugendhilfeausschuss hat es bereits Ende letzten Jahres verabschiedet.<\/p>\n\n\n\n<p>Im Unterschied\nzu Pflegefamilien, die ein Kind auf unabsehbare Dauer bei sich aufnehmen, muss\nbei Bereitschaftspflegefamilien ein Elternteil rund um die Uhr zuhause sein, um\nein Kind in einer Notsituation spontan aufnehmen und gut begleiten zu k\u00f6nnen.\n\u201eDas kann innerhalb weniger Stunden sein\u201c, berichtet Gaby Gauweiler vom\nPflegekinderdienst. \u201eSpontanit\u00e4t, Organisationstalent und die Offenheit, sich\nschnell auf ungewohnte und neue Situationen einzulassen, ist\nGrundvoraussetzung, damit Bereitschaftspflege gelingt. Eine Person in der\nPflegefamilie kann also keinem Beruf nachgehen und steht st\u00e4ndig f\u00fcr den\nNotfall bereit.\u201c Daf\u00fcr erhalten Bereitschaftspflegeeltern seit dem 1. Januar\n2020 jeweils ab Aufnahme eines Kindes einen Tagessatz von 54 Euro pro Tag.\nDamit wurden die bisher deutlich geringeren S\u00e4tze den allgemein g\u00fcltigen S\u00e4tzen\nanderer Kommunen angepasst.<\/p>\n\n\n\n<p>Die Dauer der\nBereitschaftspflegeverh\u00e4ltnisse reicht von wenigen Tagen bis zu sechs Monaten.\n\u201eManchmal m\u00fcssen in den Herkunftsfamilien die Verh\u00e4ltnisse gekl\u00e4rt, verbessert\nund evtl. Hilfen installiert werden, bevor ein Kind wieder r\u00fcckgef\u00fchrt werden\nkann. Manchmal kann ein Kind bereits nach kurzer Zeit wieder nachhause.\nManchmal dauert es aber l\u00e4nger, bis klar ist, wie die weitere Hilfeplanung f\u00fcr\ndas Kind aussieht, z.B. wenn Verfahren bei Gericht anh\u00e4ngig sind\u201c, so Gaby\nGauweiler weiter. Manchmal muss f\u00fcr ein Kind auch eine andere, l\u00e4ngerfristige\nLebensperspektive erarbeitet werden.<\/p>\n\n\n\n<p>Derzeit betreut\ndas Kreisjugendamt ca. 100 Pflegekinder. \u201eLeider ist der Bedarf hoch, weshalb\nwir stets auf der Suche nach neuen Pflegefamilien sind \u2013\nBereitschaftspflegefamilien und Pflegefamilien, bei denen das Pflegeverh\u00e4ltnis\nlangfristig angelegt wird\u201c, wirbt Christoph Buttweiler.<\/p>\n\n\n\n<p>Interessierte\nk\u00f6nnen sich unverbindlich bei den Mitarbeiterinnen des Pflegekinderdienstes\nmelden. Wer sich ernsthaft vorstellen kann, (Bereitschafts-)Pflegefamilie zu\nwerden, wird dann in einem Seminar auf die Aufgaben vorbereitet. Das n\u00e4chste Vorbereitungsseminar\nbeginnt am 5. M\u00e4rz 2020, sofern sich ausreichend Interessenten melden.<\/p>\n\n\n\n<h4 class=\"wp-block-heading\"><strong>Ansprechpartnerinnen:<\/strong><\/h4>\n\n\n\n<ul><li>Susanne Antoni, Tel: 07274\/53-215, E-Mail: <a href=\"s.antoni@kreis-germersheim.de\">s.antoni@kreis-germersheim.de<\/a><\/li><li>Leonie Eberle , Tel: 07274 \/ 53-492, E-Mail: <a href=\"l.eberle@kreis-germersheim.de\">l.eberle@kreis-germersheim.de<\/a><\/li><li>Gaby Gauweiler, Tel: 07274\/53-160, E-Mail: <a href=\"g.gauweiler@kreis-germersheim.de\">g.gauweiler@kreis-germersheim.de<\/a> <\/li><\/ul>\n\n\n\n<h4 class=\"wp-block-heading\">Lesen sie hier den Flyer als PDF<\/h4>\n\n\n\n<div class=\"wp-block-file\"><a href=\"https:\/\/speyer24news.com\/wp-content\/uploads\/2020\/01\/Pflegekind-Flyer.pdf\">Pflegekind-Flyer<\/a><a href=\"https:\/\/speyer24news.com\/wp-content\/uploads\/2020\/01\/Pflegekind-Flyer.pdf\" class=\"wp-block-file__button\" download>Herunterladen<\/a><\/div>\n\n\n\n<p><em>Kreisverwaltung Germersheim<br>20.01.20<\/em><\/p>\n\n\n\n<h2 class=\"wp-block-heading\"><strong>Betriebserkundungs-Tournee der Wirtschaftsf\u00f6rderung geht 2020 in eine neue Runde<\/strong><\/h2>\n\n\n\n<div class=\"wp-block-image\"><figure class=\"aligncenter\"><img decoding=\"async\" loading=\"lazy\" width=\"400\" height=\"178\" src=\"https:\/\/speyer24news.com\/wp-content\/uploads\/2020\/01\/GER-WiF\u00f6_1.png\" alt=\"\" class=\"wp-image-24377\" srcset=\"https:\/\/speyer24news.com\/wp-content\/uploads\/2020\/01\/GER-WiF\u00f6_1.png 400w, https:\/\/speyer24news.com\/wp-content\/uploads\/2020\/01\/GER-WiF\u00f6_1-300x134.png 300w\" sizes=\"(max-width: 400px) 100vw, 400px\" \/><\/figure><\/div>\n\n\n\n<p>Im Rahmen der Betriebserkundungs-Tournee \u00f6ffnen auch in 2020 wieder drei Ausbildungsbetriebe im Landkreis Germersheim ihre T\u00fcren. Die Veranstaltungen f\u00fcr Lehrer, Berufswahlkoordinatoren, Berufsberater und weitere Fachkr\u00e4fte der <strong>Berufsberatung <\/strong>finden statt am <strong>6. Februar<\/strong> bei der <strong>Kreisverwaltung Germersheim<\/strong>, am <strong>10. M\u00e4rz<\/strong> bei der <strong>Papierfabrik Palm GmbH &amp; Co.KG in W\u00f6rth<\/strong> und am <strong>25. M\u00e4rz<\/strong> bei der <strong>HWI pharmaservices GmbH in R\u00fclzheim<\/strong>. <\/p>\n\n\n\n<p>Organisiert wird die Tournee wie auch in den letzten Jahren durch Wirtschaftsf\u00f6rderin Maria Farrenkopf in ihrer Funktion als Leiterin des Arbeitskreises Schule-Wirtschaft. In den rund zweist\u00fcndigen Veranstaltungen stellen die Betriebe ihr Unternehmen, ihre Produkte und Produktionsprozesse sowie ihre Ausbildungsberufe vor und f\u00fchren anschlie\u00dfend durch den Betrieb. Gespr\u00e4chsrunden mit Personal- und Ausbildungsverantwortlichen runden die Nachmittage ab. Die Teilnehmerzahlen sind begrenzt, eine Anmeldung ist erforderlich. Weitere Informationen und ein Anmeldeformular gibt es unter <a href=\"http:\/\/www.kreis-germersheim.de\/wifoe\">www.kreis-germersheim.de\/wifoe<\/a>, dort unter \u201eAktuelles zur Wirtschaftsf\u00f6rderung\u201c, oder unter E-Mail <a href=\"wifoe@kreis-germersheim.de\">wifoe@kreis-germersheim.de<\/a> bzw. telefonisch unter 07274\/53-218. <\/p>\n\n\n\n<p><em>Kreisverwaltung Germersheim<br>20.01.20<\/em><\/p>\n\n\n\n<h2 class=\"wp-block-heading\"><strong>In den Ruhestand verabschiedet<\/strong><\/h2>\n\n\n\n<p>Werner Stangl wurde nach \u00fcber 47\nJahren bei der Kreisverwaltung Germersheim zum Jahresende von Landrat Dr. Fritz\nBrechtel im Rahmen einer kleinen Feierstunde in den Ruhestand verabschiedet.<\/p>\n\n\n\n<p>1972 begann Werner Stangl seine\nAusbildung zum Verwaltungsangestellten bei der Kreisverwaltung Germersheim. Im\nAnschluss daran absolvierte er den Vorbereitungsdienst f\u00fcr die Beamtenlaufbahn des\nmittleren Dienstes. <\/p>\n\n\n\n<p>Zun\u00e4chst war er im Fachbereich 41-Ordnung, Kommunalaufsicht\nt\u00e4tig, bevor er 1977 zum heutigen Zentralbereich 12 \u2013 Finanzen, Kommunale\nSteuerung wechselte. Dort war er bis jetzt als Vollstreckungsbeamter t\u00e4tig. Doch\nder Abschied ist kein kompletter: Werner Stangl steht der Kreisverwaltung auch\nnach seiner Pensionierung eine Zeitlang einige Wochenstunden als\nVollstreckungsbeamter zur Verf\u00fcgung. \n\nLandrat Dr. Fritz Brechtel dankte Werner Stangl f\u00fcr\ndas langj\u00e4hrige, gro\u00dfe Engagement und w\u00fcnschte ihm alles Gute f\u00fcr die Zukunft.\nDem Dank und den guten W\u00fcnschen schlossen sich der Leiter des Zentralbereichs\n12 \u2013 Finanzen, Kommunale Steuerung Martin Schnerch, Personalchef Ralph Lehr und\nder Personalratsvorsitzende Klemens Puderer an. \n\n\n\n<\/p>\n\n\n\n<p><em>Kreisverwaltung Germersheim<br>20.01.20<\/em><\/p>\n\n\n\n<h2 class=\"wp-block-heading\"><strong>Musikalisches Feuerwerk beim Neujahrskonzert<\/strong><\/h2>\n\n\n\n<div class=\"wp-block-image\"><figure class=\"aligncenter\"><img decoding=\"async\" loading=\"lazy\" width=\"800\" height=\"589\" src=\"https:\/\/speyer24news.com\/wp-content\/uploads\/2020\/01\/Neujahrskonzert-2020.jpg\" alt=\"\" class=\"wp-image-24376\" srcset=\"https:\/\/speyer24news.com\/wp-content\/uploads\/2020\/01\/Neujahrskonzert-2020.jpg 800w, https:\/\/speyer24news.com\/wp-content\/uploads\/2020\/01\/Neujahrskonzert-2020-300x221.jpg 300w, https:\/\/speyer24news.com\/wp-content\/uploads\/2020\/01\/Neujahrskonzert-2020-768x565.jpg 768w, https:\/\/speyer24news.com\/wp-content\/uploads\/2020\/01\/Neujahrskonzert-2020-80x60.jpg 80w\" sizes=\"(max-width: 800px) 100vw, 800px\" \/><\/figure><\/div>\n\n\n\n<p>Zu seinem 23. Neujahrskonzert hatte\nder \u201eVerein zur F\u00f6rderung von Kunst und Kultur e.V.\u201c in die Stadthalle\nGermersheim eingeladen. <\/p>\n\n\n\n<p>Zum zweiten Mal spielten die\nPalatinaKlassik Kammerphilharmonie und das PalatinaKlassik Vokalensemble ein\nmusikalisches Feuerwerk. Unter der Leitung des fr\u00fcheren Domkapellmeisters und\nDomorganisten am Dom zu Speyer, Professor Leo Kraemer, begeisterten Orchester\nund Chor sowie die Solisten Ekatarina Kuridze (Sopran) und Fabian Kelly (Tenor)\ndas Publikum in der sehr gut besuchten Stadthalle.<\/p>\n\n\n\n<p>Im ersten Teil standen barocke\nWerke von Georg Friedrich H\u00e4ndel &#8211; Ausz\u00fcge aus dem Oratorium \u201eDer Messias\u201c und\nvon Felix Mendelssohn &#8211; Ausz\u00fcge aus dem Oratorium \u201eElias\u201c auf dem Programm und\nim zweiten Teil war Musik aus dem 19. und 20. Jahrhundert (Giuseppe Verdi,\nJohann Strau\u00df Junior und Edward Elgar) zu h\u00f6ren. Der \u201eRadetzky-Marsch\u201c von\nJohann Strau\u00df fehlte auch dieses Jahr nicht.<\/p>\n\n\n\n<p>Das Publikum war begeistert und\nbedankte sich mit \u201estanding ovations\u201c.<\/p>\n\n\n\n<p><em>Kreisverwaltung Germersheim<br>20.01.20<\/em><\/p>\n\n\n\n<h2 class=\"wp-block-heading\"><strong>Geb\u00fchrenbescheide f\u00fcr die Abfallentsorgung im Kreis Germersheim werden verschickt<\/strong><\/h2>\n\n\n\n<p>Ende Januar verschickt die\nKreisverwaltung Germersheim die Bescheide f\u00fcr die Abfallentsorgungsgeb\u00fchren.\nAdressaten sind Grundst\u00fcckseigent\u00fcmer bzw. Hausverwaltungen. <\/p>\n\n\n\n<p>Der Geb\u00fchrenbescheid beinhaltet die\nEndabrechnung des Jahres 2019 und die H\u00f6he der Vorausleistungen f\u00fcr das\nlaufende Jahr. Diese sind jeweils zum 1. M\u00e4rz, zum 1. Juli sowie zum 1.\nNovember f\u00e4llig.<\/p>\n\n\n\n<p>Bei zu sp\u00e4t erfolgter Bezahlung\nfallen Verwaltungsgeb\u00fchren an, die man bei rechtzeitiger Zahlung der\nAbfallgeb\u00fchren umgehen kann. Mit Erteilung einer Einzugserm\u00e4chtigung (SEPA\nMandat) werden die Geb\u00fchren automatisch zum geforderten Termin abgebucht.<\/p>\n\n\n\n<p>Die dazu n\u00f6tigen Formulare liegen\ndem Geb\u00fchrenbescheid bei und werden auch nach telefonischer Anforderung bei der\nKreisverwaltung unter der Telefonnummer 07274\/53-256 gerne zugesandt.<\/p>\n\n\n\n<p>Im Internet unter <a href=\"http:\/\/www.kreis-germersheim.de\/abfallwirtschaft\">www.kreis-germersheim.de\/abfallwirtschaft<\/a> ist das Formular f\u00fcr die Einzugserm\u00e4chtigung (SEPA Mandat) unter der Rubrik Formulare ebenfalls zu finden. Dieses muss mit Unterschrift per Post an die Kreisverwaltung geschickt oder gefaxt werden. Die Kreisverwaltung bittet darum, auf den \u00dcberweisungstr\u00e4gern die Eigent\u00fcmernummer anzugeben. Zahlungseing\u00e4nge ohne die Eigent\u00fcmernummer k\u00f6nnen nicht zugewiesen und somit nicht ordnungsgem\u00e4\u00df verbucht werden. <\/p>\n\n\n\n<p><em>Kreisverwaltung Germersheim<br>20.01.20<\/em><\/p>\n\n\n\n<h2 class=\"wp-block-heading\"><strong>Problemm\u00fcllfahrzeug wieder auf Tour<\/strong><\/h2>\n\n\n\n<div class=\"wp-block-image\"><figure class=\"aligncenter\"><img decoding=\"async\" loading=\"lazy\" width=\"800\" height=\"400\" src=\"https:\/\/speyer24news.com\/wp-content\/uploads\/2020\/01\/M\u00fcllwagen.png\" alt=\"\" class=\"wp-image-24375\" srcset=\"https:\/\/speyer24news.com\/wp-content\/uploads\/2020\/01\/M\u00fcllwagen.png 800w, https:\/\/speyer24news.com\/wp-content\/uploads\/2020\/01\/M\u00fcllwagen-300x150.png 300w, https:\/\/speyer24news.com\/wp-content\/uploads\/2020\/01\/M\u00fcllwagen-768x384.png 768w\" sizes=\"(max-width: 800px) 100vw, 800px\" \/><\/figure><\/div>\n\n\n\n<p>Ab 25. Januar ist das\nProblemm\u00fcllfahrzeug wieder im Kreis Germersheim unterwegs. Dabei werden auch\nalte und defekte Kleinelektroger\u00e4te als B\u00fcrgerservice am Problemm\u00fcllfahrzeug\nangenommen.<\/p>\n\n\n\n<p>Alle Standorte und Termine des Problemm\u00fcllfahrzeuges sind im Abfallkalender zu finden oder im Internet unter <a href=\"http:\/\/www.kreis-germersheim.de\/abfallwirtschaft\">www.kreis-germersheim.de\/abfallwirtschaft<\/a> unter der Rubrik <em>Problemm\u00fcll.<\/em> <\/p>\n\n\n\n<p>Bei der mobilen\nProblemm\u00fcllsammlung werden folgende Abf\u00e4lle angenommen: Farben, Lacke,\nL\u00f6sungsmittel, Haushaltschemikalien, Leuchtstoffr\u00f6hren, Energiesparlampen,\nnicht vollst\u00e4ndig entleerte Spraydosen sowie Pflanzenschutzmittel.<\/p>\n\n\n\n<p>Aus Gr\u00fcnden der\nSicherheit sollten die Problemstoffe keinesfalls einfach am zentralen Sammelort\nabgestellt, sondern nur pers\u00f6nlich am Schadstoffmobil abgegeben werden. Alt\u00f6l\nwird bei der Sammlung nicht angenommen. Verkaufsstellen von Motoren- und\nGetriebe\u00f6l sind verpflichtet das Alt\u00f6l von ihren Kunden kostenlos\nzur\u00fcckzunehmen. Eine zentrale Alt\u00f6lannahmestelle f\u00fcr den Kreis Germersheim\nbefindet sich weiterhin bei der Firma SUEZ S\u00fcd GmbH in R\u00fclzheim.<\/p>\n\n\n\n<p>Alte Dispersionsfarben\ngeh\u00f6ren zum Restm\u00fcll und k\u00f6nnen daher bei der Problemm\u00fcllsammlung nicht\nangenommen werden. Sobald sie eingetrocknet sind kann man sie \u00fcber die graue\nTonne entsorgen. Der leere Farbeimer kann im Gelben Sack zur Abholung\nbereitgestellt werden. Daneben werden Dispersionsfarben (egal ob eingetrocknet,\npast\u00f6s oder fl\u00fcssig) auch an den drei Wertstoffh\u00f6fen des Kreises kostenfrei\nangenommen. <\/p>\n\n\n\n<p>Neben\nder mobilen Sammlung kann Problemm\u00fcll auch bei der zentralen Sammelstelle des\nLandkreises in R\u00fclzheim abgegeben werden. Sie befindet sich bei der Firma SUEZ\nS\u00fcd GmbH, Mozartstra\u00dfe 27. Ge\u00f6ffnet ist sie von Montag bis Freitag von 8-12 und\nvon 12.45-16.15 Uhr sowie samstags von 8-12.45 Uhr.<\/p>\n\n\n\n<p>Gewerbliche\nProblemabf\u00e4lle werden bei der mobilen Sammlung nicht angenommen. Sie sind \u00fcber\ndie SAM (Sonderabfall-Management-Gesellschaft Rheinland-Pfalz mbH),\nWilhelm-Theodor-R\u00f6mheld-Stra\u00dfe 34, 55130 Mainz, Tel. 06131\/98298-0 oder -59, zu\nentsorgen. <\/p>\n\n\n\n<p>Zu den\nKleinelektroger\u00e4ten, die im Rahmen der Problemm\u00fcllsammlung angenommen werden\nz\u00e4hlen Ger\u00e4te wie beispielsweise B\u00fcgeleisen, Rasierapparate, Tischgrills,\nKaffeemaschinen, Staubsauger, Toaster, Mixer, elektrische Zahnb\u00fcrsten,\nElektrowerkzeuge allgemein, aber auch viele Unterhaltungselektronik- und\nB\u00fcrokommunikationsger\u00e4te wie PCs, Videoger\u00e4te, Radios oder CD-Player.<\/p>\n\n\n\n<p>Grunds\u00e4tzlich erfolgt\ndie Abholung aller Elektro-Altger\u00e4te, darunter auch Fernseh- und K\u00fchlger\u00e4te \u00fcber\n\u201eSperrm\u00fcll auf Abruf\u201c. Sie werden zudem jederzeit kostenlos an allen\nWertstoffh\u00f6fen angenommen.<\/p>\n\n\n\n<h3 class=\"wp-block-heading\"><strong>Die\neinzelnen Halte des Problemm\u00fcllfahrzeugs:<\/strong><\/h3>\n\n\n\n<p><strong>Sa.\n25.01.2020<\/strong><\/p>\n\n\n\n<ul><li>Hagenbach, Festplatz, 8 \u2013 10 Uhr<\/li><li>W\u00f6rth, Messplatz (Parkplatz Festhalle), 11 \u2013 13 Uhr<\/li><\/ul>\n\n\n\n<p><strong>Mo.\n27.01.2020<\/strong><\/p>\n\n\n\n<ul><li>Winden, Parkplatz vor dem Spielplatz \u201eAm Sportplatzweg\u201c, 9 \u2013 10 Uhr<\/li><li>Minfeld, Parkplatz Grundschulturnhalle,(Raiffeisenstra\u00dfe), 10.30 \u2013 11.30 Uhr<\/li><li>Freckenfeld, Gr\u00e4fenberghalle (Raiffeisenstra\u00dfe), 12.30 \u2013 13.30 Uhr<\/li><li>Schaidt, An der Sporthalle (Waldstra\u00dfe), 14 \u2013 15 Uhr<\/li><li>B\u00fcchelberg, Festplatz (Parkplatz Mehrzweckhalle), 15.30 \u2013 16.30 Uhr<\/li><\/ul>\n\n\n\n<p><strong>Sa.\n01.02.2020<\/strong><\/p>\n\n\n\n<ul><li>Lingenfeld, Alter Kerweplatz, Humboldtstr.\/Ecke Schillerstr., 8 \u2013 10 Uhr<\/li><li>Germersheim, Parkplatz am Ende der Waldstra\u00dfe, 11 \u2013 13 Uhr<\/li><\/ul>\n\n\n\n<p><strong>Mo.\n03.02.2020<\/strong><\/p>\n\n\n\n<ul><li>Maximiliansau, Parkplatz Friedhof (Goldgrundstra\u00dfe), 9 \u2013 10.30 Uhr<\/li><li>Neuburg, Rathausplatz, 11 \u2013 12 Uhr<\/li><li>Berg, Gemeinschaftshalle (Waldstra\u00dfe), 13 \u2013 14 Uhr<\/li><li>Scheibenhardt, Sportplatz (Maxstra\u00dfe), 14.30 \u2013 15.30 Uhr<\/li><\/ul>\n\n\n\n<p><strong>Di.\n04.02.2020<\/strong><\/p>\n\n\n\n<ul><li>Schwegenheim, Kerweplatz (Jahnstra\u00dfe), 9 \u2013 10.30 Uhr<\/li><li>Freisbach, Am Feuerwehrger\u00e4tehaus (Hauptstra\u00dfe), 11 \u2013 12 Uhr<\/li><li>Weingarten, Dorfplatz (Schulstra\u00dfe), 13 \u2013 14 Uhr<\/li><li>Westheim, Am B\u00fcrgerhaus (Schulstra\u00dfe), 14.30 \u2013 15.30 Uhr<\/li><\/ul>\n\n\n\n<p><strong>Mi.\n05.02.2020<\/strong><\/p>\n\n\n\n<ul><li>Zeiskam, Parkplatz Fuchsbachhalle, 9 \u2013 10.30 Uhr<\/li><li>Knittelsheim, Dorfgemeinschaftshaus (Ludwigstra\u00dfe), 11 \u2013 12 Uhr<\/li><li>Ottersheim, Kerweplatz (Zufahrt \u00fcber Waldstr.), 13 \u2013 14 Uhr<\/li><li>H\u00f6rdt, Bauhof (Rheinaue), 14.30 \u2013 15.30 Uhr<\/li><\/ul>\n\n\n\n<p><strong>Do.\n06.02.2020<\/strong><\/p>\n\n\n\n<ul><li>Sondernheim, Bahnhof (Germersheimer Stra\u00dfe), 9 \u2013 10.30 Uhr<\/li><li>Neupotz, Parkplatz beim Friedhof (Friedhofstra\u00dfe), 11 \u2013 12 Uhr<\/li><li>Leimersheim, Feuerwehrger\u00e4tehaus (Hirtenh\u00e4user),13 \u2013 14 Uhr<\/li><li>Kuhardt, Rheinberghalle (Am Rheinberg), 14.30 \u2013 15.30 Uhr<\/li><\/ul>\n\n\n\n<p><strong>Fr.\n07.02.2020<\/strong><\/p>\n\n\n\n<ul><li>Rheinzabern, Marktplatz (Bahnhofsta\u00dfe), 9 \u2013 10.30 Uhr<\/li><li>Hatzenb\u00fchl, Verbindungsweg zwischen Industriestra\u00dfe und Feigenberg, 11 \u2013 12 Uhr<\/li><li>Erlenbach, Sportplatz, 13 \u2013 14 Uhr<\/li><li>Steinweiler, Kerweplatz (Hauptstra\u00dfe),14.30 \u2013 15.30 Uhr<\/li><\/ul>\n\n\n\n<p><strong>Sa.\n08.02.2020<\/strong><\/p>\n\n\n\n<ul><li>Lustadt, Kerweplatz \/ Ecke Beethovenstra\u00dfe, 8 \u2013 10 Uhr<\/li><li>Bellheim, Festplatz (Jahnstr.), 11 \u2013 13 Uhr<\/li><\/ul>\n\n\n\n<p><strong>Sa.\n15.02.2020<\/strong><\/p>\n\n\n\n<ul><li>Jockgrim, B\u00fcrgerpark (Daimlerstra\u00dfe), 8 \u2013 10 Uhr<\/li><li>Kandel, Stadionvorplatz (Bienwaldstadion Jahnstra\u00dfe), 11 \u2013 13 Uhr<\/li><\/ul>\n\n\n\n<p><em>Kreisverwaltung Germersheim<br>20.01.20<\/em><\/p>\n\n\n\n<h1 class=\"wp-block-heading\" style=\"text-align:center\">Kreisvolkshochschule (KVHS) Germersheim<\/h1>\n\n\n\n<div class=\"wp-block-image\"><figure class=\"aligncenter\"><img decoding=\"async\" src=\"https:\/\/speyer24news.com\/wp-content\/uploads\/2020\/01\/VHS-GER-Logo.png\" alt=\"\" class=\"wp-image-24132\"\/><\/figure><\/div>\n\n\n\n<h2 class=\"wp-block-heading\" style=\"text-align:center\"><strong>Kurse, Vortr\u00e4ge, Veranstaltungen<\/strong><\/h2>\n\n\n\n<p>Es wird darauf hingewiesen, dass zu\nallen nachstehend aufgef\u00fchrten Kursen und Vortr\u00e4gen eine<strong> Anmeldung unbedingt erforderlich <\/strong>ist. Kontaktadressen sind\nam Ende des Textes zu finden.<\/p>\n\n\n\n<p><strong>2020kv130<\/strong><strong><\/strong><\/p>\n\n\n\n<p><strong>\u201eEnglish Refresher Course\u201c &#8211; <\/strong>Kurs mit<strong> Dr. Carola Jansen-J\u00f6hnk:<\/strong> Germersheim, Ritter-von-Schmau\u00df-Str.\/Ecke\nParadeplatz, Seiteneingang der\nBerufsbildende Schule, UG, Seminarraum 1 in der KVHS Gesch\u00e4ftsstelle.\nBeginn: Dienstag, 04.02.2020, 16:15 &#8211; 17:45 Uhr. Dauer: 19 Termine, Kosten: 95,00 Euro\/Person.<\/p>\n\n\n\n<p><strong>2020kv148<\/strong><strong><\/strong><\/p>\n\n\n\n<p><strong>\u201eYoga &#8211; f\u00fcr mehr Leichtigkeit im Alltag\u201c &#8211; <\/strong>Kurs mit<strong> Susanne Roedel-De Crescenzo:<\/strong>\nGermersheim, Jakobstr. 12, Hintereingang\nStadtbibliothek, 2. OG. Beginn: Mittwoch,\n05.02.2020, 18:00 &#8211; 19:30 Uhr. Dauer: 11 Termine,\nKosten: 77,00 Euro\/Person.<\/p>\n\n\n\n<p><strong>2020kv149<\/strong><strong><\/strong><\/p>\n\n\n\n<p><strong>\u201eYoga am Abend &#8211; f\u00fcr erholsamen Schlaf\u201c &#8211; <\/strong>Kurs mit<strong> Susanne Roedel-De Crescenzo:<\/strong>\nGermersheim, Jakobstr. 12, Hintereingang\nStadtbibliothek, 2. OG. Beginn: Mittwoch,\n05.02.2020, 19:30 &#8211; 21:00 Uhr. Dauer: 11 Termine,\nKosten: 77,00 Euro\/Person.<\/p>\n\n\n\n<p><strong>2020kv162<\/strong><strong><\/strong><\/p>\n\n\n\n<p><strong>\u201eImmobilienrecht &#8211; Erwerb der eigenen vier W\u00e4nde &#8211;\nRechtsvortrag\u201c &#8211; <\/strong>Kurs\nmit<strong> Matthias\nMarz:<\/strong> Germersheim, Ritter-von-Schmau\u00df-Str.\/Ecke Paradeplatz, Seiteneingang der Berufsbildende Schule, UG,\nSeminarraum 1 in der KVHS Gesch\u00e4ftsstelle. Beginn: Donnerstag, 06.02.2020,\n19:30 &#8211; 21:00\nUhr. Dauer: 1 Termin, Kosten: 10,00 Euro\/Person.<\/p>\n\n\n\n<p><strong>2020kv006\nund 2020kv007<\/strong><\/p>\n\n\n\n<p><strong>\u201eEinb\u00fcrgerungstest, Termin 1 am Vormittag und Termin 2\nam Nachmittag-\u201c &#8211; Test mit Karin Tr\u00e4ber:<\/strong> Germersheim,\nRitter-von-Schmau\u00df-Str.\/Ecke Paradeplatz,\nSeminarraum 1 der KVHS Gesch\u00e4ftsstelle,\nam Montag, 09. M\u00e4rz 2020, Termin 1 um 10:00 Uhr, Termin 2 um 15:00 Uhr, Dauer:\n60 Minuten, Kosten: 25,00 Euro\/Person. <strong>Anmeldeschluss: Freitag, 07. Februar 2020.<\/strong><\/p>\n\n\n\n<p><strong>2020kv154<\/strong><strong><\/strong><\/p>\n\n\n\n<p><strong>\u201eMind Mapping\u00ae &#8211; Einf\u00fchrung in die Anwendung von Mind\nMaps\u201c &#8211; <\/strong>Kurs\nmit<strong> Horst\nM\u00fcller:<\/strong> Germersheim, Ritter-von-Schmau\u00df-Str.\/Ecke Paradeplatz, Seiteneingang der Berufsbildende Schule, EG, Saal E 06.\nBeginn: Samstag, 08.02.2020, 09:30 &#8211; 17:30 Uhr. Dauer: 1 Termin, Kosten: 45,00\nEuro\/Person.<\/p>\n\n\n\n<p><strong>2020kv040<\/strong><strong><\/strong><\/p>\n\n\n\n<p><strong>\u201eDas passende Investitionskonzept &#8211; nicht nur f\u00fcr\nNeueinsteiger &#8211; Vortrag A\u201c &#8211; <\/strong>Kurs\nmit<strong> Michael\nGaab:<\/strong> Germersheim, Ritter-von-Schmau\u00df-Str.\/Ecke Paradeplatz, Seiteneingang der Berufsbildende Schule, EG, Saal E 06.\nBeginn: Mittwoch, 12.02.2020, 18:45 &#8211; 20:15 Uhr. Dauer: 1 Termin, Kosten: 10,00\nEuro\/Person.<\/p>\n\n\n\n<p>Eine <strong>Anmeldung<\/strong> ist zu allen Veranstaltungen der Kreisvolkshochschule zwingend <strong>erforderlich. <\/strong>Pers\u00f6nlich\u00a0bei der Gesch\u00e4ftsstelle der KVHS in Germersheim, Ritter-von-Schmau\u00df-Str.\/Ecke Paradeplatz, telefonisch 07274-53334 oder -53382, per E-Mail: <a href=\"mailto:vhs@kreis-germersheim.de\">vhs@kreis-germersheim.de<\/a> oder online \u00fcber ein Buchungsformular auf der Homepage unter <a href=\"http:\/\/www.kreis-germersheim.de\/kvhs\">www.kreis-germersheim.de\/kvhs<\/a>.<\/p>\n\n\n\n<p><strong>Bitte beachten Sie unsere\n\u00d6ffnungszeiten:<\/strong><\/p>\n\n\n\n<p>Montag\nbis Freitag: 08:30 bis 12:00 Uhr, Dienstag: 13:30 bis 16:00 Uhr, Donnerstag:\n13:30 bis 18:00 Uhr, <\/p>\n\n\n\n<p>Annahmeschluss:\njeweils&nbsp;15 Minuten vor Ende der \u00d6ffnungszeiten.<\/p>\n\n\n\n<p><em>Kreisverwaltung Germersheim \/ Kreisvolkshochschule (KVHS)<br>20.01.20<\/em><\/p>\n","protected":false},"excerpt":{"rendered":"<div class=\"mh-excerpt\"><p>Pflegefamilien gesucht! Eine Aufgabe f\u00fcr Sie? Konzept f\u00fcr Bereitschaftspflegefamilien Bereitschaftspflegefamilien kennen das: Das Jugendamt ruft an. Ein Kind ist in Not und ben\u00f6tigt rasch einen sicheren Platz, an dem es bleiben kann. Innerhalb weniger Stunden <a class=\"mh-excerpt-more\" href=\"https:\/\/speyer24news.com\/?p=24374\" title=\"Germersheim &#038; Landkreis GER\">[&#8230;]<\/a><\/p>\n<\/div>","protected":false},"author":3,"featured_media":0,"comment_status":"open","ping_status":"open","sticky":false,"template":"","format":"standard","meta":{"_monsterinsights_skip_tracking":false,"_monsterinsights_sitenote_active":false,"_monsterinsights_sitenote_note":"","_monsterinsights_sitenote_category":0,"footnotes":""},"categories":[449],"tags":[5378,5052,5373,210,5375,5377,1974,1665,5057,2601,4925,5376,5374,5371,5372,5379],"aioseo_notices":[],"amp_enabled":true,"_links":{"self":[{"href":"https:\/\/speyer24news.com\/index.php?rest_route=\/wp\/v2\/posts\/24374"}],"collection":[{"href":"https:\/\/speyer24news.com\/index.php?rest_route=\/wp\/v2\/posts"}],"about":[{"href":"https:\/\/speyer24news.com\/index.php?rest_route=\/wp\/v2\/types\/post"}],"author":[{"embeddable":true,"href":"https:\/\/speyer24news.com\/index.php?rest_route=\/wp\/v2\/users\/3"}],"replies":[{"embeddable":true,"href":"https:\/\/speyer24news.com\/index.php?rest_route=%2Fwp%2Fv2%2Fcomments&post=24374"}],"version-history":[{"count":1,"href":"https:\/\/speyer24news.com\/index.php?rest_route=\/wp\/v2\/posts\/24374\/revisions"}],"predecessor-version":[{"id":24380,"href":"https:\/\/speyer24news.com\/index.php?rest_route=\/wp\/v2\/posts\/24374\/revisions\/24380"}],"wp:attachment":[{"href":"https:\/\/speyer24news.com\/index.php?rest_route=%2Fwp%2Fv2%2Fmedia&parent=24374"}],"wp:term":[{"taxonomy":"category","embeddable":true,"href":"https:\/\/speyer24news.com\/index.php?rest_route=%2Fwp%2Fv2%2Fcategories&post=24374"},{"taxonomy":"post_tag","embeddable":true,"href":"https:\/\/speyer24news.com\/index.php?rest_route=%2Fwp%2Fv2%2Ftags&post=24374"}],"curies":[{"name":"wp","href":"https:\/\/api.w.org\/{rel}","templated":true}]}}