{"id":24426,"date":"2020-01-21T14:34:03","date_gmt":"2020-01-21T13:34:03","guid":{"rendered":"https:\/\/speyer24news.com\/?p=24426"},"modified":"2020-01-21T14:34:05","modified_gmt":"2020-01-21T13:34:05","slug":"polizei-178","status":"publish","type":"post","link":"https:\/\/speyer24news.com\/?p=24426","title":{"rendered":"Polizei"},"content":{"rendered":"<style type=\"text\/css\">\r\n\t.ads_top_disp{}\r\n\t.ads_top_corner_disp{ float:left; margin:0px 10px 10px 0px; }\r\n\t.ads_first_p_disp{}\r\n\t.ads_bottom_disp{}\r\n\t<\/style>\n<h2 class=\"wp-block-heading\">Polizeimeldungen vom Dienstag (21.01.2019)<\/h2>\n\n\n\n<div class=\"wp-block-image\"><figure class=\"aligncenter\"><img decoding=\"async\" src=\"https:\/\/speyer24news.com\/wp-content\/uploads\/2020\/01\/Aktuelles-Polizeilogo.jpg\" alt=\"\" class=\"wp-image-23832\"\/><\/figure><\/div>\n\n\n\n<h4 class=\"wp-block-heading\">(Speyer) &#8211; Betrunken und ohne F\u00fchrerschein mit dem Pkw unterwegs<\/h4>\n\n\n\n<p>Ein\n 39-j\u00e4hriger Opel-Astra-Fahrer aus Speyer muss sich nach einer \nVerkehrskontrolle in der Bahnhofstra\u00dfe am Montag gegen 23:40 Uhr wegen \neiner Trunkenheitsfahrt sowie dem Fahren ohne Fahrerlaubnis \nverantworten. Im Rahmen einer zun\u00e4chst allgemeinen Verkehrskontrolle \nstellte die Polizei deutlichen Atemalkohol bei dem Fahrer fest. Ein \nAtemalkoholtest ergab einen Wert von 1,36 Promille. Weiterhin wurde bei \nder Kontrolle bekannt, dass gegen den Fahrer derzeit ein Fahrverbot \nbesteht und er damit ohne g\u00fcltige Fahrerlaubnis am Verkehr teilgenommen \nhat. Die Polizei stellte den F\u00fchrerschein und die Fahrzeugschl\u00fcssel des \nBeschuldigten sicher. Zudem wurde eine Blutprobe bei ihm entnommen. <\/p>\n\n\n\n<h4 class=\"wp-block-heading\">(Speyer) &#8211; Gef\u00e4lschtes Rezept in Apotheke vorgelegt<\/h4>\n\n\n\n<p>Ein  29-J\u00e4hriger Mann aus Speyer legte am Montagnachmittag in einer Apotheke  in der Maximilianstra\u00dfe ein gef\u00e4lschtes Rezept f\u00fcr Temazepam vor. Der  Apotheker, welcher das Rezept entgegennahm, erkannte die F\u00e4lschung und  verst\u00e4ndigte umgehend die Polizei. Der Mann konnte durch die Polizei  noch vor der Apotheke angetroffen und kontrolliert werden. Er ist  zur\u00fcckliegend bereits als Bet\u00e4ubungsmittelkonsument polizeilich in  Erscheinung getreten. Im Rahmen der aktuellen Ermittlungen wurde  bekannt, dass der Mann schon drei Tage zuvor in einer Mannheimer  Apotheke ein gef\u00e4lschtes Rezept vorgelegt hat. Gegen ihn wurden  strafrechtliche Ermittlungen wegen Urkundenf\u00e4lschung eingeleitet. <\/p>\n\n\n\n<h4 class=\"wp-block-heading\">(Speyer) &#8211; Polizei als Helfer in der Not<\/h4>\n\n\n\n<p>Eine  41-j\u00e4hrige Frau aus Speyer-West erschien am Montagmorgen bei der  Polizei Speyer, da sie sich nicht mehr anders zu helfen wusste. Sie gab  an, dass ihr zuvor ein Paket an ihre Wohnanschrift zugestellt wurde.  Nach Quittierung der Annahme sei ihr aufgefallen, dass das Paket und die  enthaltene Ware besch\u00e4digt sind. Als sie dies bei dem Paketboten  vorbrachte, bekam sie die lapidare Antwort &#8222;Sie haben unterschrieben und  fertig&#8230;&#8220;. Danach entfernte sich der Paketfahrer, ohne die  Besch\u00e4digungen zu dokumentieren. Die Polizei konnte zur Freude der  41-J\u00e4hrigen den Paketdienst telefonisch erreichen und mit diesem  vereinbaren, dass das besch\u00e4digte Paket wieder bei der Dame abgeholt  wird. Man entschuldigte sich f\u00fcr das Verhalten des Fahrers. Die  hilfesuchende Frau bedankte sich f\u00fcr die M\u00fche der der Polizei und zeigte  sich sichtlich erleichtert. <\/p>\n\n\n\n<h4 class=\"wp-block-heading\">(Mutterstadt) &#8211; Wieder zahlreiche Verst\u00f6\u00dfe bei Geschwindigkeitskontrollen<\/h4>\n\n\n\n<p>Am Montag, 21.01.20, f\u00fchrten Beamte der Polizeiinspektion Schifferstadt  eine Lasergeschwindigkeitsmessung in der Schifferstadter Stra\u00dfe durch.  Bei erlaubten 30km\/h wurden w\u00e4hrend der 50-min\u00fctigen Kontrolle insgesamt  24 Geschwindigkeitsverst\u00f6\u00dfe festgestellt und entsprechend geahndet. Die  h\u00f6chste, gemessene Geschwindigkeit eines Fahrzeugf\u00fchrers lag bei  52km\/h. <\/p>\n\n\n\n<h4 class=\"wp-block-heading\">(Harthausen) &#8211; Schlauch an Schulbus gerissen und \u00d6l auf Fahrbahn ausgelaufen<\/h4>\n\n\n\n<p>Am  Montagmorgen musste die Speyerer Stra\u00dfe in Harthausen f\u00fcr ca. 45  Minuten in beide Fahrtrichtungen gesperrt werden. Grund hierf\u00fcr waren  Reinigungsarbeiten der Feuerwehr und einer Reinigungsfirma die auf der  Fahrbahn durchgef\u00fchrt werden mussten, nachdem an einem Schulbus ein  Schlauch gerissen war und aus diesem \u00d6l auf die Fahrbahn auslief.  Nachdem die Reinigungsarbeiten gegen 11:30 Uhr abgeschlossen waren,  wurde die Fahrbahn wieder f\u00fcr den Verkehr freigegeben. <\/p>\n\n\n\n<h4 class=\"wp-block-heading\">(Germersheim) &#8211; Betrugsmasche &#8222;Gewinnversprechen&#8220; gescheitert<\/h4>\n\n\n\n<p>Ein angeblicher Gewinn in H\u00f6he von 39.000 EUR versprach ein bis dato  unbekannter Anrufer einer 63 &#8211; j\u00e4hrigen Germersheimerin am Montag im  Verlauf eines Telefonats. Weiterhin wurde die angebliche &#8222;Gewinnerin&#8220;  angewiesen einen Betrag in H\u00f6he von 900 EUR zu \u00fcberweisen und hierdurch  die Auszahlung der 39.000 EUR zu aktivieren. Die Germersheimerin wurde  misstrauisch und beendete daraufhin das Telefonat. Somit war kein  Schaden eingetreten. Ein Ermittlungsverfahren wegen versuchtem Betrug  wurde eingeleitet. <\/p>\n\n\n\n<h4 class=\"wp-block-heading\">(Germersheim) &#8211; Mit 79 km\/h gemessen<\/h4>\n\n\n\n<p>18 Geschwindigkeitsverst\u00f6\u00dfe wurden am Montag im Bereich der  Josef-Probst-Stra\u00dfe bei einer Messung in der Zeit zwischen 8 und 9.30  Uhr durch Beamte der Polizeiinspektion Germersheim geahndet. Bei  erlaubten 50 km\/h war der Schnellste mit 79 km\/h gemessen worden. Zwei  Fahrer hatten keinen Sicherheitsgurt angelegt. Ein Kind wurde ohne  jegliche Sicherung bef\u00f6rdert. Des Weiteren wurden vier Fahrzeuge wegen  technischer M\u00e4ngel beanstandet. <\/p>\n\n\n\n<h4 class=\"wp-block-heading\">(Bellheim) &#8211; Verkehrs\u00fcberwachung in der Postgrabenstra\u00dfe<\/h4>\n\n\n\n<p>25 Verkehrsverst\u00f6\u00dfe registrierten Polizeibeamte der Polizeiinspektion  Germersheim bei einer Kontrolle am Montag zwischen 10.30 und 12.30 Uhr  in der Postgrabenstra\u00dfe. Elf Autofahrer waren zu schnell unterwegs  gewesen. Der &#8222;Spitzenreiter&#8220; wurde mit 60 km\/h bei erlaubten 30 km\/h  gemessen. Sechs Fahrer hatten keinen Sicherheitsgurt angelegt, drei  Fahrer hatten w\u00e4hrend der Fahrt telefoniert. Ein Autofahrer hatte ein  Kind ohne Sicherung bef\u00f6rdert, vier Fahrzeuge wiesen entsprechende  technische M\u00e4ngel auf. <\/p>\n\n\n\n<h4 class=\"wp-block-heading\">(Schweigen-Rechtenbach) &#8211; Urintest best\u00e4tigt Drogeneinfluss<\/h4>\n\n\n\n<p>Am Montag, 20.01.2020, gegen 10:20 Uhr, wurde in der Weinstra\u00dfe, der  Fahrer eines Pkw Audi, einer Verkehrskontrolle unterzogen. Die Beamten  stellten bei dem Fahrer Anzeichen auf Drogeneinfluss fest. Der  durchgef\u00fchrte Urintest best\u00e4tigt den Verdacht. Dem 42-J\u00e4hrigen wurde  eine Blutprobe entnommen und ein Bu\u00dfgeldverfahren eingeleitet. <\/p>\n\n\n\n<h4 class=\"wp-block-heading\">(Bad Bergzabern) &#8211; Einbruch in leerstehendes Geb\u00e4ude<\/h4>\n\n\n\n<p>In der Nacht von 15.\/16.01.2020, wurde versucht, in der Kurtalstra\u00dfe,  in ein leerstehendes Geb\u00e4ude einzubrechen. Dabei wurde eine Holzt\u00fcr  besch\u00e4digt und Sachschaden angerichtet. An einem Ger\u00e4teschuppen wurde  ein Vorh\u00e4ngeschloss aufgebrochen und aus dem Schuppen ein Rasenm\u00e4her  entwendet. Zeugen, die Hinweise zu der Tat oder den T\u00e4tern machen  k\u00f6nnen, werden gebeten sich unter 06343-93340 oder per E-Mail unter <a href=\"mailto:pibadbergzabern@polizei.rlp.de\">pibadbergzabern@polizei.rlp.de<\/a> bei der Polizeiinspektion Bad Bergzabern zu melden. <\/p>\n\n\n\n<h4 class=\"wp-block-heading\">(Landau) &#8211; Sachbesch\u00e4digung \/ Zeugen gesucht<\/h4>\n\n\n\n<p>In der Nacht von Donnerstag, 16.01.2020, auf Freitag, 17.01.2020,  bespr\u00fchte in der Raimund-Huber-Stra\u00dfe (gegen\u00fcber der Stra\u00dfe Pockensatz)  ein unbekannter T\u00e4ter ein Mehrfamilienhaus mit Farbe und verteilte an  der Haust\u00fcr Bauschaum. <\/p>\n\n\n\n<p>Die Polizei Landau sucht Zeugen. Wer hat  in der Nacht auf Freitag fremde Personen oder Autos in der  Raimund-Huber-Stra\u00dfe gesehen? Hinweise bitte an die Polizei Landau unter  06341 287-0 oder <a href=\"mailto:pilandau@polizei.rlp.de\">pilandau@polizei.rlp.de<\/a> <\/p>\n\n\n\n<h4 class=\"wp-block-heading\">(Freimersheim) &#8211; Nach Verkehrsunfall Zeugen gesucht<\/h4>\n\n\n\n<div class=\"wp-block-image\"><figure class=\"aligncenter\"><img decoding=\"async\" loading=\"lazy\" width=\"800\" height=\"600\" src=\"https:\/\/speyer24news.com\/wp-content\/uploads\/2020\/01\/20.01.20-Freimersheim-VU.jpg\" alt=\"\" class=\"wp-image-24427\" srcset=\"https:\/\/speyer24news.com\/wp-content\/uploads\/2020\/01\/20.01.20-Freimersheim-VU.jpg 800w, https:\/\/speyer24news.com\/wp-content\/uploads\/2020\/01\/20.01.20-Freimersheim-VU-300x225.jpg 300w, https:\/\/speyer24news.com\/wp-content\/uploads\/2020\/01\/20.01.20-Freimersheim-VU-768x576.jpg 768w, https:\/\/speyer24news.com\/wp-content\/uploads\/2020\/01\/20.01.20-Freimersheim-VU-678x509.jpg 678w, https:\/\/speyer24news.com\/wp-content\/uploads\/2020\/01\/20.01.20-Freimersheim-VU-326x245.jpg 326w, https:\/\/speyer24news.com\/wp-content\/uploads\/2020\/01\/20.01.20-Freimersheim-VU-80x60.jpg 80w\" sizes=\"(max-width: 800px) 100vw, 800px\" \/><\/figure><\/div>\n\n\n\n<p>Am Montag um 08.40 Uhr ereignete sich auf der L 507 bei Freimersheim ein  Verkehrsunfall, zu dem die Polizei Unfallzeugen sowie einen wei\u00dfen Ford  Transit-Fahrer sucht. Zu der Kollision kam es, als eine 30-j\u00e4hrige  Autofahrerin von der Ackergasse aus nach rechts auf die L 507 einbiegen  wollte, w\u00e4hrend ein 34-j\u00e4hriger Fahrzeuglenker im Einm\u00fcndungsbereich  einen wei\u00dfen Ford Transit \u00fcberholte. Beide Unfallbeteiligten schildern  den Unfallhergang unterschiedlich, weshalb sich Zeugen und der wei\u00dfe  Ford Transit-Fahrer bitte bei der Polizei Edenkoben unter der  Telefonnummer 06323 9550 melden sollen. <\/p>\n\n\n\n<h4 class=\"wp-block-heading\">(Neustadt &#8211; Ortsteil Geinsheim) &#8211; N\u00f6tigung im Stra\u00dfenverkehr \/ Zeugen gesucht<\/h4>\n\n\n\n<p>Am Sonntag, den 19.01.2020, kam es gegen 20:40 Uhr auf der B39 in H\u00f6he  der Ausfahrt Geinsheim zu einer N\u00f6tigung im Stra\u00dfenverkehr. Ein bislang  unbekannter T\u00e4ter mit einem dunklen, kastenf\u00f6rmigen Kleinwagen \u00fcberholte  zuerst eine 33-j\u00e4hrige Fahrzeugf\u00fchrerin. Nach dem \u00dcberholvorgang  scherte er dann vor dieser ein und bremste sein Fahrzeug bis zum  Stillstand ab, wodurch auch sie gezwungen wurde zum Stehen zu kommen.  Nach wenigen Sekunden beschleunigte er sein Fahrzeug wieder, bremste  dieses jedoch einige Meter weiter erneut bis zum Stillstand ab.  Hierdurch wurden auch die hinter der 33-j\u00e4hrigen Anzeigeerstatterin  fahrenden Fahrzeuge zur Bremsung gezwungen. Beweggr\u00fcnde f\u00fcr das  Verhalten des Unbekannten seien nicht ersichtlich gewesen. <\/p>\n\n\n\n<p>Zeugen\n oder ggf. weitere Gesch\u00e4digte des Vorfalls werden gebeten sich bei der \nPolizeiinspektion Neustadt an der Weinstra\u00dfe (Tel.: 06321\/854-0; E-Mail:\n <a href=\"mailto:pineustadt@polizei.rlp.de\">pineustadt@polizei.rlp.de<\/a>) zu melden. <\/p>\n\n\n\n<h4 class=\"wp-block-heading\">(Edenkoben \/ A 65) &#8211; Eisplatten verloren<\/h4>\n\n\n\n<p>85 Euro Sicherheitsleistung musste am Montagmorgen kurz vor 10 Uhr  ein 48-j\u00e4hriger, litauischer LKW-Fahrer auf der A65 bei Edenkoben  bezahlen, weil er vor Fahrtantritt Eisplatten auf seinem LKW nicht  beseitigt hatte und diese auf die Fahrbahn fielen. Eine Autofahrerin  fuhr dem LKW zum Gl\u00fcck mit ausreichendem Sicherheitsabstand hinterher  und verst\u00e4ndigte die Polizei. Der LKW-Fahrer konnte angehalten und  kontrolliert werden. Vor der Weiterfahrt musste er das restliche Eis auf  seinem Fahrzeug beseitigen. Verliert ein Lkw oder auch ein Pkw w\u00e4hrend  der Fahrt Eisst\u00fccke oder feste Schneereste von seiner Ladefl\u00e4che oder  vom Dach, begeht der Fahrer eine Verkehrsordnungswidrigkeit. <\/p>\n\n\n\n<h4 class=\"wp-block-heading\">(Neustadt) &#8211; Verkehrskontrollen im Dienstgebiet<\/h4>\n\n\n\n<p>Am Morgen des Dienstags, den 21.01.2020, wurden im Dienstgebiet der  Polizeiinspektion Neustadt\/W. zwei Kontrollstellen mit dem Schwerpunkt  der Geschwindigkeits\u00fcberwachung errichtet. <\/p>\n\n\n\n<p>Von 08:00 &#8211; 08:45 Uhr \nwurde in der Landwehrstra\u00dfe der Weg zur \u00f6rtlichen Schule und des \nKindergartens \u00fcberwacht. Hierbei kam es in der 30er Zone zu 14 \nGeschwindigkeitsverst\u00f6\u00dfen. H\u00f6chster gemessener Versto\u00df lag bei 49 km\/h. \nAuf der B39, Fahrtrichtung Neustadt\/W. nach Speyer auf H\u00f6he des \nSportplatzes des SV Geinsheim, wurde eine Kontrollstelle von 09:35 &#8211; \n11:15 Uhr eingerichtet. Hierbei wurden insgesamt 37 \nGeschwindigkeitsverst\u00f6\u00dfe geahndet. Die h\u00f6chste gemessene Geschwindigkeit\n lag bei 101 km\/h, bei erlaubten 70 km\/h. <\/p>\n\n\n\n<h4 class=\"wp-block-heading\">(Neustadt) &#8211; Zeugen nach Wurf mit Feuerwerksk\u00f6rper<\/h4>\n\n\n\n<p>Am 20.01.2020 gegen 17:45 Uhr kam es in der Martin-Luther-Stra\u00dfe in  H\u00f6he des dortigen REWE-Marktes zu einem Vorfall, bei dem mehrere  Heranwachsende Feuerwerksk\u00f6rper gez\u00fcndet haben und zumindest einen davon  unter ein stehendes Fahrzeug geworfen haben. Der darin befindliche  Fahrer erschrak aufgrund des lauten Knalls. Die Polizei sucht Zeugen,  die ebenfalls von dem Vorfall betroffen waren oder zumindest Zeugen  dieses kleinen Feuerwerks waren. Hinweise bitte telefonisch unter 06321  854-0 oder per Email unter <a href=\"mailto:pineustadt@polizei.rlp.de\">pineustadt@polizei.rlp.de<\/a>. <\/p>\n\n\n\n<h4 class=\"wp-block-heading\">(Neustadt \/ Lambrecht) &#8211; Verkehrskontrollen im Stadtgebiet<\/h4>\n\n\n\n<p>Bei mehreren Verkehrskontrollen am 20.01.2020 wurden zahlreiche Verkehrsverst\u00f6\u00dfe geahndet. <\/p>\n\n\n\n<p>In\n der Zeit von 07:50 Uhr bis 08:50 Uhr wurden im Bereich der Schulen in \nder Landwehrstra\u00dfe die Geschwindigkeit \u00fcberpr\u00fcft. Bei einer zul\u00e4ssigen \nH\u00f6chstgeschwindigkeit von 30 km\/h waren insgesamt 12 Autofahrer zu \nschnell unterwegs. Zehn Fahrer wurden verwarnt und zwei Fahrzeugf\u00fchrer \nerhielten eine Ordnungswidrigkeitenanzeige. Die schnellste gemessene \nGeschwindigkeit lag bei 57 km\/h. <\/p>\n\n\n\n<p>Im Zeitraum von 11:00 Uhr bis \n12:00 Uhr wurde das Geschwindigkeitsverhalten auf der B39 in Lambrecht \nH\u00f6he Karl-Rauch-Siedlung \u00fcberpr\u00fcft. Bei erlaubten 50 km\/h wurden \ninsgesamt 18 Geschwindigkeits\u00fcbertretungen registriert. Vier Autofahrer \nerhielten eine Ordnungswidrigkeitenanzeige, die schnellste gemessene \nGeschwindigkeit lag bei 75 km\/h. <\/p>\n\n\n\n<p>Von 12:45 Uhr bis 13:45 Uhr \nwurde eine Kontrollstelle in der Amalienstra\u00dfe in Neustadt eingerichtet.\n Dort ergaben sich vier Verst\u00f6\u00dfe gegen die Gurtanlegepflicht und drei \nVerst\u00f6\u00dfe gegen das Handybenutzungsverbot w\u00e4hrend der Fahrt. <\/p>\n\n\n\n<h4 class=\"wp-block-heading\">(Neustadt) &#8211; Mehrere Fahrzeuge besch\u00e4digt \/ Zeugen gesucht<\/h4>\n\n\n\n<p>In der Nacht von Sonntag 19.01.2020 auf Montag 20.01.2020 wurden in der  Industriestra\u00dfe  mehrere Fahrzeuge besch\u00e4digt. Unbekannte zerkratzten  an bislang sechs bekannten Fahrzeugen den Lack und verursachten damit  einen gesch\u00e4tzten Gesamtsachschaden von ca. 14.000 Euro. Die Polizei  Neustadt bittet um Zeugenhinweise unter der Telefonnummer 06321 854-0  oder per E-Mail unter <a href=\"mailto:pineustadt@polizei.rlp.de\">pineustadt@polizei.rlp.de<\/a>. <\/p>\n\n\n\n<h4 class=\"wp-block-heading\">(Carlsberg) &#8211; Trunkenheitsfahrt in Carlsberg<\/h4>\n\n\n\n<p>Im Rahmen der Streifenfahrt fiel den Polizeibeamten der  Polizeiinspektion Gr\u00fcnstadt in Carlsberg in der Linienstra\u00dfe am  21.01.2020 gegen 00.45 Uhr ein VW Golf auf. Im Rahmen der  Verkehrskontrolle konnte bei dem 67-j\u00e4hrigen Fahrer Alkoholgeruch  festgestellt werden. Der Atemalkoholtest ergab einen Wert von 1,41  Promille. Deshalb wurde dem Mann eine Blutprobe entnommen und ein  Strafverfahren wegen Trunkenheit im Stra\u00dfenverkehr eingeleitet. Da der  deutsche Fahrzeugf\u00fchrer einen polnischen F\u00fchrerschein vorlegte, wurden  weitere Ermittlungen durchgef\u00fchrt. Es konnte festgestellt werden, dass  der 67-J\u00e4hrige bereits aufgrund zwei weiterer Trunkenheitsfahrten aus  den Jahren 2016 und 2018 eine Sperre zur Erlangung der Fahrerlaubnis in  Deutschland bis Ende 2020 hat. Daher wurde der polnische F\u00fchrerschein  beschlagnahmt und es wird ein weiteres Strafverfahren wegen des Fahrens  ohne Fahrerlaubnis vorgelegt. Auch der f\u00fcr den Fuhrpark Verantwortliche  der Halterfirma muss mit einem Strafverfahren wegen des Zulassens des  F\u00fchrens eines Kraftfahrzeugs ohne Fahrerlaubnis rechnen. Die  Ermittlungen hierzu dauern an.<\/p>\n\n\n\n<h4 class=\"wp-block-heading\">(Kleinniedesheim) &#8211; Unerlaubtes Entfernen vom Unfallort<\/h4>\n\n\n\n<p>Am 20.01.20 im Zeitraum von 08:00Uhr bis 08:30Uhr wird in der  Gro\u00dfniedesheimer Stra\u00dfe ein Wohnhaus in der Art besch\u00e4digt, dass die  Regendachrinne, sowie die vorderste Reihe der Ziegeln besch\u00e4digt bzw.  abgedeckt werden. Das Dach des Wohnhauses befindet sich in einer H\u00f6he  von 3,00 bis 3,50m, sodass die Annahme nahe liegt, dass der Schaden  durch einen vorbeifahrenden Lkw verursacht wurde. Der Schaden am Dach  bel\u00e4uft sich auf sch\u00e4tzungsweise 2000,-EUR. Zeugen werden gebeten sich  an die Polizeiinspektion Frankenthal unter der Tel.-Nr.: 06233\/313-0  oder an die Polizeiwache Maxdorf unter der Tel.-Nr.: 06237\/934-100 zu  wenden. Gerne nehmen wir Ihre Hinweise auch per E-Mail unter  <a href=\"mailto:pifrankenthal@polizei.rlp.de\">pifrankenthal@polizei.rlp.de<\/a> entgegen. <\/p>\n\n\n\n<h4 class=\"wp-block-heading\">(Frankenthal) &#8211; Verursachen eines Verkehrsunfalles unter Alkoholeinfluss<\/h4>\n\n\n\n<p>Am 20.01.20 gegen 18:00Uhr Industriestr bef\u00e4hrt ein 62-j\u00e4hriger  Pkw-Fahrer aus Frankenthal mit seinem Pkw die Industriestra\u00dfe in  Frankenthal in Richtung Wormser Stra\u00dfe. Ein 52-j\u00e4hriger Mann bef\u00e4hrt mit  seinem Pkw das Tankstellengel\u00e4nde der Total-Tankstelle und will von  dort links auf die Industriestra\u00dfe einbiegen. Der 52-j\u00e4hrige Fahrer  sch\u00e4tzt den Abstand zu dem herannahenden Pkw auf der Industriestra\u00dfe  falsch ein und kollidiert sodann mit seiner linken Frontsto\u00dfstange in  die rechte Fahrzeugseite des einbiegenden Pkw. Es entstand Sachschaden  an beiden Fahrzeugen in H\u00f6hen von ca. 3500,-EUR. W\u00e4hrend der  Unfallaufnahme kann deutlich Atemalkoholgeruch bei dem 52-j\u00e4hrigen  Pkw-Fahrer festgestellt werden. Ein durchgef\u00fchrter Atemalkoholtest  scheitert aufgrund des zu geringen Atemvolumens. Ihm wird eine Blutprobe  auf hiesiger Polizeidienststelle entnommen. Der Einfluss von Alkohol  oder anderen berauschenden Mitteln stellt eine Hauptunfallursache dar.  Wer berauscht f\u00e4hrt, gef\u00e4hrdet nicht nur sich, sondern auch Andere.  Gegen den unter Alkoholeinfluss stehenden Unfallverursacher wurde ein  Ermittlungsverfahren wegen des Verdachtes der Stra\u00dfenverkehrsgef\u00e4hrdung  eingeleitet. Der F\u00fchrerschein wurde beschlagnahmt und gegen ihn kann  eine Freiheitsstrafe bis zu f\u00fcnf Jahren oder eine Geldstrafe verh\u00e4ngt  werden. <\/p>\n\n\n\n<h4 class=\"wp-block-heading\">(Frankenthal) &#8211; Verkehrsunfall mit leicht verletzter Fahrradfahrerin<\/h4>\n\n\n\n<p>Am 20.01.20 gegen 07:50 Uhr kommt es an der Kreuzung M\u00f6rscher  Stra\u00dfe\/Pilgerstra\u00dfe in Frankenthal zu einem Verkehrsunfall mit einer  leicht verletzten Fahrradfahrerin. Die 17-j\u00e4hrige Fahrradfahrerin aus  Frankenthal gibt an, mit ihrem Fahrrad aus Richtung M\u00f6rsch kommend in  Richtung Pilgerstra\u00dfe gefahren zu sein. Die 29-j\u00e4hrige Pkw-Fahrerin aus  Weisenheim am Berg sei mit ihrem Pkw aus Richtung Friedrich-Ebert-Stra\u00dfe  kommend in Richtung M\u00f6rsch gefahren. Im Einm\u00fcndungsbereich M\u00f6rscher  Stra\u00dfe\/Pilgerstra\u00dfe will die Radfahrerin der abknickenden Vorfahrt vom  Radweg aus folgen und f\u00e4hrt in den Einm\u00fcndungsbereich ein. Die  Pkw-Fahrerin steht zu diesem Zeitpunkt noch vor der abknickenden  Vorfahrt. Da die Pkw-Fahrerin die Fahrradfahrerin \u00fcbersieht, f\u00e4hrt diese  an und kollidierte mit der vorfahrtsberechtigten Fahrradfahrerin. Im  Anschluss klagt die Radfahrerin \u00fcber Schmerzen im H\u00fcftbereich. Sowohl am  Pkw, als auch an dem Fahrrad entstehen nur leichte Besch\u00e4digungen. <\/p>\n\n\n\n<h4 class=\"wp-block-heading\">(Ludwigshafen) &#8211; Mehrere Br\u00e4nde in Oggersheim \/ Polizei sucht Zeugen<\/h4>\n\n\n\n<div class=\"wp-block-image\"><figure class=\"aligncenter\"><img decoding=\"async\" src=\"https:\/\/speyer24news.com\/wp-content\/uploads\/2019\/12\/Zeugen-gesucht-Neutral.jpg\" alt=\"\" class=\"wp-image-23579\"\/><\/figure><\/div>\n\n\n\n<p>Am 20.01.2020, gegen 19:30 Uhr, brannte ein Papierm\u00fclleimer sowie ein  Papierhalter in einer Herrentoilette der Schillerschule in der Wormser  Stra\u00dfe. Nach Angaben einer Zeugin hatte sich kurz vorher eine Gruppe von  Jugendlichen im hinteren Teil des Schulhofs aufgehalten. Kurz vor  diesem Brand, brannte ein M\u00fclleimer auf einem Spielplatz &#8222;In den  Weiherg\u00e4rten&#8220;. Die Polizei sucht nun Zeugen, die am 20.01.2020 gegen  19:30 Uhr Personen in der N\u00e4he der Schillerschule in der Wormser Stra\u00dfe  gesehen haben oder auch kurz vorher auf dem Spielplatz &#8222;In den  Weiherg\u00e4rten&#8220;. Melden Sie sich bitte bei der Polizeiwache Oggersheim  unter Tel. 0621 963 &#8211; 2403 oder per Mail <a href=\"mailto:pwoggersheim@polizei.rlp.de\">pwoggersheim@polizei.rlp.de<\/a>. <\/p>\n\n\n\n<p>Da\n es seit Ende des Jahres 2019 zu mehreren Br\u00e4nden von M\u00fclltonnen und \nM\u00fcllcontainern in Oggersheim gekommen ist und ein Tatzusammenhang nicht \nausgeschlossen wird, sucht die Polizei auch weiterhin noch Zeugen f\u00fcr \nfolgende Br\u00e4nde, die teilweise schon ver\u00f6ffentlicht wurden. Es ist \njeweils nur geringer Sachschaden entstanden. <\/p>\n\n\n\n<ul><li>16.12.2019, 18:25 Uhr, IGSLO, Hermann-Hesse-Stra\u00dfe, Altkleidercontainer <\/li><li>26.12.2019, 22:25 Uhr, Bertolt-Brecht-Stra\u00dfe, M\u00fclltonne <\/li><li>06.01.2020, 21:05 Uhr, Bertolt-Brecht-Stra\u00dfe, M\u00fclltonne <\/li><li>20.12.2019- 06.01.2020, KITA, Comeniusstra\u00dfe, M\u00fcllcontainer <\/li><li>10.01.2020, 21:40 Uhr, Bertolt-Brecht-Stra\u00dfe, M\u00fclltonne <\/li><li>13.01.2020, 19:15 Uhr, IGSLO, Hermann-Hesse-Stra\u00dfe, M\u00fcllcontainer <\/li><li>17.01.2020, 21:34 Uhr, Langgewannschule, Adolf-Kolping-Str., M\u00fcllcontainer <\/li><li>17.01.2020, 22:10 Uhr, IGSLO, Hermann-Hesse-Stra\u00dfe, M\u00fcllcontainer <\/li><li>18.01.2020, 00:36 Uhr, IGSLO, Hermann-Hesse-Stra\u00dfe, M\u00fcllcontainer <\/li><\/ul>\n\n\n\n<h4 class=\"wp-block-heading\">(Ludwigshafen) &#8211; Anrufe von falschen Kriminalbeamten<\/h4>\n\n\n\n<p>Am 20.01.2020, gegen 15:15 Uhr, rief ein unbekannter Mann bei einem  80-J\u00e4hrigen aus Ludwigshafen an und gab sich als Kriminalbeamter aus. Er  erz\u00e4hlte, es w\u00e4ren T\u00e4ter festgenommen worden, bei denen ein Notizbuch  gefunden worden sei mit der Telefonnummer des 80-J\u00e4hrigen. Zudem w\u00fcrde  bei der Sparkasse jemand arbeiten, der Daten verkaufen w\u00fcrde. Daraufhin  erkl\u00e4rte der 80-J\u00e4hrige, er sei nicht bei der Sparkasse und beendete  vorbildlich das Telefonat. Ebenfalls am 20.01.2020, gegen 13:40 Uhr,  rief ein unbekannter Mann bei einer 95-J\u00e4hrigen aus Ludwigshafen an und  gab sich als Kriminalbeamter aus. Er teilte ihr mit, dass sie angeblich  einen Notruf abgesetzt habe. Dies verneinte die Seniorin  geistesgegenw\u00e4rtig und legte sofort auf. <\/p>\n\n\n\n<p>Sachdienliche Hinweise nimmt die Kriminalpolizei Ludwigshafen unter der Telefonnummer 0621\/963-2773 oder per E-Mail <a href=\"mailto:kiludwigshafen.k1.kdd@polizei.rlp.de\">kiludwigshafen.k1.kdd@polizei.rlp.de<\/a> entgegen. <\/p>\n\n\n\n<h4 class=\"wp-block-heading\">(Ludwigshafen) &#8211; Versuchter Einbruch auf Baustelle<\/h4>\n\n\n\n<p>In der Zeit zwischen dem 17.01.2020, gegen 16:00 Uhr und dem  20.01.2020, gegen 10:00 Uhr, versuchten unbekannte T\u00e4ter in einen Rohbau  auf einer Baustelle in der Ludwig-Reichling-Stra\u00dfe einzubrechen. Sie  besch\u00e4digten eine T\u00fcr derart, dass ein Verschlie\u00dfen nicht mehr m\u00f6glich  war. Gestohlen wurde nichts. <\/p>\n\n\n\n<p>Sachdienliche Hinweise bitte an die Polizeiinspektion Ludwigshafen 1 unter der Telefonnummer 0621 963-2122 oder per e-Mail <a href=\"mailto:piludwigshafen1@polizei.rlp.de\">piludwigshafen1@polizei.rlp.de<\/a>. <\/p>\n\n\n\n<h4 class=\"wp-block-heading\">(Ludwigshafen) &#8211; Einbruch in Autohaus<\/h4>\n\n\n\n<p>In der Zeit zwischen dem 17.01.2020, gegen 13:00 Uhr und dem  20.01.2020, gegen 07:00 Uhr, brachen unbekannte T\u00e4ter in ein Autohaus in  der Bruchwiesenstra\u00dfe ein.  Sie stahlen Bargeld in bislang unbekannter  H\u00f6he. <\/p>\n\n\n\n<p>Sachdienliche Hinweise nimmt die Kriminalpolizei Ludwigshafen unter der Telefonnummer 0621\/963-2773 oder per E-Mail <a href=\"mailto:kiludwigshafen.k1.kdd@polizei.rlp.de\">kiludwigshafen.k1.kdd@polizei.rlp.de<\/a> entgegen. <\/p>\n\n\n\n<h4 class=\"wp-block-heading\">(Ludwigshafen) &#8211; Einbruch in Schule<\/h4>\n\n\n\n<p>In der Zeit zwischen dem 17.01.2020, gegen 18:00 Uhr und dem  20.01.2020, gegen 06:30 Uhr, brachen unbekannte T\u00e4ter in das  Geschwister-Scholl-Gymnasium in der Friedrich-Heene-Stra\u00dfe ein. Sie  stahlen Bargeld in bislang unbekannter H\u00f6he. <\/p>\n\n\n\n<p>Sachdienliche Hinweise nimmt die Kriminalpolizei Ludwigshafen unter der Telefonnummer 0621\/963-2773 oder per E-Mail <a href=\"mailto:kiludwigshafen.k1.kdd@polizei.rlp.de\">kiludwigshafen.k1.kdd@polizei.rlp.de<\/a> entgegen. <\/p>\n\n\n\n<h4 class=\"wp-block-heading\">(Ludwigshafen) &#8211; Verpuffung auf einem Werksgel\u00e4nde in Ludwigshafen<\/h4>\n\n\n\n<h4 class=\"wp-block-heading\">Gemeinsame Pressemitteilung von Staatsanwaltschaft Frankenthal und Polizeipr\u00e4sidium Rheinpfalz <\/h4>\n\n\n\n<h4 class=\"wp-block-heading\" style=\"text-align:center\">Nachtrag zur PM vom 16.01.2020<\/h4>\n\n\n\n<p>Die  Brandermittler des Fachkommissariats suchten gestern gemeinsam mit  einem Brandsachverst\u00e4ndigen den Brandort bei der Firma in der  Giulinistra\u00dfe auf. Bei der gemeinsamen Begehung konnte die Brandursache  festgestellt werden. Ein technischer Defekt an dem Anlasser einer  Produktionsm\u00fchle hatte den Brand ausgel\u00f6st. <\/p>\n\n\n\n<h4 class=\"wp-block-heading\">(Mannheim-Feudenheim) &#8211; Einbruch in Jugendtreff, Wer kann Hinweise geben?<\/h4>\n\n\n\n<p>Zwischen Freitag 22 Uhr und Montag 18.30 Uhr betraten ein oder mehrere  bislang Unbekannte das Gel\u00e4nde des Jugendtreffs Feudenheim in der  Neckarstra\u00dfe 20a. <\/p>\n\n\n\n<p>Dort brachen der oder die T\u00e4ter zun\u00e4chst einen \nGer\u00e4tschuppen auf, entnahmen Werkzeug und hebelten nach derzeitigem \nErmittlungsstand ein Fenster des Jugendtreffs auf. <\/p>\n\n\n\n<p>Im Jugendtreff wurde eine Geldkassette mit ca. 30 Euro Bargeld und diverse Schokoriegel entwendet. <\/p>\n\n\n\n<p>Es entstand ein Sachschaden in H\u00f6he von 800 Euro. <\/p>\n\n\n\n<p>Die  Ermittler des Polizeipostens Feudenheim suchen nun nach Zeugen, die  Hinweise auf die T\u00e4ter geben k\u00f6nnen. Diese werden gebeten, sich unter  0621 799840 zu melden. <\/p>\n\n\n\n<h4 class=\"wp-block-heading\">(Mannheim-Rheinau) &#8211; Mit Ford Mustang von der Stra\u00dfe abgekommen und gegen Laternenmast geprallt \/ Drei Kinder verletzt<\/h4>\n\n\n\n<p>Bei einem Unfall am Samstag (18.01.) kurz vor 16 Uhr kam ein  40-j\u00e4hriger Fahrer eines Ford Mustang von der Stra\u00dfe ab und prallte  gegen einen Laternenmast. Dabei wurden drei mitfahrende Kinder im Alter  von zehn, zw\u00f6lf und 13 Jahren verletzt. Nach den bisherigen  Unfallermittlungen war der Fahrer des hochmotorisierten Fahrzeugs beim  Einbiegen von der L\u00fcderitzstra\u00dfe auf die Schwetzinger Landstra\u00dfe\/B 36  auf der regennassen Fahrbahn ins Schleudern geraten. Der Pkw rutschte  \u00fcber eine Gr\u00fcnfl\u00e4che, \u00fcber einen Richtungspfeil und prallte schlie\u00dflich  seitlich gegen einen Laternenmast. Dabei l\u00f6sten die seitlichen Airbags  aus. Die drei Kinder, zwei Jungen und ein M\u00e4dchen, wurden nach der  medizinischen Erstversorgung an der Unfallstelle mit Rettungsw\u00e4gen in  die Kinderklinik gebracht und dort zun\u00e4chst station\u00e4r aufgenommen. Bei  dem Unfall entstand ein Gesamtsachschaden in H\u00f6he von ca. 40.000 Euro,  das Auto musste abgeschleppt werden. <\/p>\n\n\n\n<p>Die drei Kinder waren nicht \nmit entsprechenden Kindersitzen gesichert. Mitfahrende Kinder, die das \n12. Lebensjahr noch nicht vollendet haben oder kleiner als 150 cm sind, \nim Kfz mit, m\u00fcssen zus\u00e4tzlich zur Anschnallpflicht mit einem geeigneten \nKindersitz gesichert werden. <\/p>\n\n\n\n<p>Die weiteren Ermittlungen f\u00fchrt das Polizeirevier Mannheim-Neckarstadt. <\/p>\n\n\n\n<h4 class=\"wp-block-heading\">(Mannheim-Mallau \/ B 36) &#8211; Unfall mit mehreren beteiligten Fahrzeugen,  Verkehrsbehinderungen, Unfallaufnahme im vollen Gang<\/h4>\n\n\n\n<h4 class=\"wp-block-heading\" style=\"text-align:center\">Pressemeldung 1<\/h4>\n\n\n\n<p>Am Dienstag kurz vor 13 Uhr kam es auf der Bundesstra\u00dfe 36 zwischen der  Auffahrt Mannheim-Mallau und der Abfahrt zur SAP-Arena in Fahrrichtung  Feudenheim zu einem Verkehrsunfall an dem drei Autos beteiligt sein  sollen. <\/p>\n\n\n\n<p>Polizei und Rettungskr\u00e4fte befinden sich vor Ort. <\/p>\n\n\n\n<p>Nach derzeitigem Kenntnisstand wurden mehrere Personen leicht verletzt. <\/p>\n\n\n\n<p>Es kommt in Fahrtrichtung Feudenheim zu Verkehrsbehinderungen, der Verkehr wird derzeit an der Unfallstelle vorbeigeleitet. <\/p>\n\n\n\n<p>Die Unfallaufnahme ist in vollen Gang. <\/p>\n\n\n\n<p>(<strong>Anmerkung der Redaktion:<\/strong> Stand 21.01.2020, 14:17 Uhr)<\/p>\n\n\n\n<h4 class=\"wp-block-heading\">(Mannheim-Vogelstang) &#8211; Jugendlicher schl\u00e4gt auf Stra\u00dfenbahnfahrer ein und fl\u00fcchtet \/ Zeugen gesucht!<\/h4>\n\n\n\n<p>Die Polizei sucht Zeugen einer gef\u00e4hrlichen K\u00f6rperverletzung, die sich  am Sonntagabend in einer Stra\u00dfenbahn der Linie 7 im Geraer Ring  ereignete. Der 40-j\u00e4hrige Fahrer der Stra\u00dfenbahn hielt gegen 18:35 Uhr  an der Haltestelle &#8222;Vogelstang Zentrum&#8220; an, um Fahrg\u00e4ste Ein- und  Aussteigen zu lassen. Als er kurz darauf seine Fahrt fortsetzen wollte,  wurde er von einer Gruppe Jugendlicher gehindert, die eine der  Stra\u00dfenbahnt\u00fcren blockierten. Der Mann stieg aus der Fahrerkabine aus  und ging auf die Jugendlichen zu, um diese anzusprechen. Hierauf schlug  pl\u00f6tzlich einer der Unbekannten ihm unvermittelt mit der Faust mehrfach  ins Gesicht. Der Gesch\u00e4digte versuchte den Angreifer zu umklammern,  wobei beide zu Boden fielen. Ein weiterer Jugendlicher packte den  Gesch\u00e4digten dann von hinten, sodass der Schl\u00e4ger die Stra\u00dfenbahnt\u00fcr  \u00fcber den Nott\u00fcrriegel \u00f6ffnen und mit der Personengruppe fl\u00fcchten konnte.  Der 40-J\u00e4hrige wurde bei dem Vorfall am Kopf verletzt. Eine  Personenbeschreibung liegt der Polizei nicht vor. <\/p>\n\n\n\n<p>Personen und  insbesondere Fahrg\u00e4ste, die den Vorfall beobachtet haben und Hinweise zu  den Unbekannten geben k\u00f6nnen, werden gebeten, sich beim Polizeirevier  Mannheim-K\u00e4fertal unter Tel.: 0621\/71849-0 zu melden.<\/p>\n\n\n\n<h4 class=\"wp-block-heading\">(Mannheim-Sandhofen) &#8211; Unfall zwischen Lkw und zwei Autos, Unfallaufnahme in vollen Gange, Verkehrsbehinderungen<\/h4>\n\n\n\n<h4 class=\"wp-block-heading\" style=\"text-align:center\">Pressemeldung 1<\/h4>\n\n\n\n<p>Am Dienstag gegen 08.50 Uhr kam es an der Kreuzung B\u00fcrstadter Stra\u00dfe\/  Bundesstra\u00dfe 44 zu einem Verkehrsunfall zwischen einem Lkw und zwei Pkw.  Aufgrund des Verkehrsunfall kommt es derzeit rund um die Unfallstelle  und auf der Bundesstra\u00dfe 44 in Fahrtrichtung Mannheim-Waldhof zu  erheblichen Verkehrsbehinderungen. <\/p>\n\n\n\n<p>Die Unfallaufnahme ist derzeit in vollen Gange. Rettungsdienste sind im Einsatz. <\/p>\n\n\n\n<h4 class=\"wp-block-heading\">(Mannheim-Sandhofen) &#8211; Unfall zwischen 40-Tonner und zwei Autos im  Kreuzungsbereich, eine Leichtverletzte, Unfallzeugen gesucht!<\/h4>\n\n\n\n<h4 class=\"wp-block-heading\" style=\"text-align:center\">Pressemeldung 2<\/h4>\n\n\n\n<p>Am Dienstag gegen 08.50 Uhr befuhr ein 60-Jahre alter Fahrer eines Lkw  mit K\u00fchlanh\u00e4nger die Frankenthaler Stra\u00dfe stadtausw\u00e4rts. An der Kreuzung  Frankenthaler Stra\u00dfe\/ B\u00fcrstadter Stra\u00dfe bog er nach links in die  B\u00fcrstadter Stra\u00dfe ab. Hierbei soll er nach derzeitigem Ermittlungsstand  das f\u00fcr ihn geltende Rotlicht der Ampelanlage missachtet haben. <\/p>\n\n\n\n<p>Eine\n 25-j\u00e4hrige Fahrerin eines VW, UP und ein 79 Jahre alter Fahrer eines \nVW-Golf, die die Frankenthaler Stra\u00dfe in Richtung Mannheim Waldhof \nbefuhren und die Kreuzung bei Gr\u00fcnlicht kreuzten, fuhren in den \n40-Tonner. Der VW-UP fuhr in die Zugmaschine, der VW-Golf stie\u00df leicht \nmit dem K\u00fchlanh\u00e4nger zusammen. <\/p>\n\n\n\n<p>Bei dem Unfall wurde die 25-J\u00e4hrige leicht verletzt und mit einem Rettungswagen in ein nahegelegenes Krankenhaus gefahren. <\/p>\n\n\n\n<p>W\u00e4hrend\n der Unfallaufnahme war die Frankenthaler Stra\u00dfe in Richtung \nMannheim-Waldhof zeitweise gesperrt. Es kam zu erheblichen \nVerkehrsbehinderungen im Berufsverkehr, auch der \u00d6PNV musste zeitweise \numgeleitet werden. Auch hier kam es zu Einschr\u00e4nkungen. <\/p>\n\n\n\n<p>Gegen 10.40 Uhr war die Unfallstelle ger\u00e4umt, der Verkehr konnte ohne Einschr\u00e4nkungen wieder flie\u00dfen. <\/p>\n\n\n\n<p>Bei dem Verkehrsunfall entstand ein Sachschaden von 11.500 Euro. <\/p>\n\n\n\n<p>Die  weiteren Ermittlungen werden vom Verkehrsunfallaufnahmedienst Mannheim  gef\u00fchrt. Die Ermittler suchen Zeugen des Unfalls, diese m\u00f6gen sich unter  0621 174 4222 melden. <\/p>\n\n\n\n<h4 class=\"wp-block-heading\">(Mannheim \/ Freiburg-Betzenhausen) &#8211; B\u00e4ckereifiliale in Freiburg \u00fcberfallen \/ Zwei dringend Tatverd\u00e4chtige in Haft<\/h4>\n\n\n\n<h4 class=\"wp-block-heading\">(vgl. Pressemeldung des PP Freiburg vom 18.01.2020; <a rel=\"noreferrer noopener\" target=\"_blank\" href=\"https:\/\/www.presseportal.de\/blaulicht\/pm\/110970\/4495602\">https:\/\/www.presseportal.de\/blaulicht\/pm\/110970\/4495602<\/a> )<\/h4>\n\n\n\n<h4 class=\"wp-block-heading\" style=\"text-align:center\">Folgemeldung<\/h4>\n\n\n\n<p>Am\n Samstagmorgen, 18.01.2020, gegen 8.45 Uhr, kontrollierten Beamte der \nAutobahnpolizei des Polizeipr\u00e4sidiums Mannheim ein Auto an der Tank- und\n Rastanlage Hardtwald Ost (A5). Es war besetzt mit zwei m\u00e4nnlichen \nPersonen. Im Rahmen dieser Routinekontrolle stellten die Beamten vor Ort\n fest, dass es sich um ein gestohlenes Fahrzeug handelte. Es war am \nselben Morgen in Freiburg zusammen mit einem weiteren Pkw vom Hof einer \nWerkstatt in der T\u00fcrkheimer Stra\u00dfe entwendet worden. <\/p>\n\n\n\n<p>Die \nPolizeibeamten nahmen mit dem Polizeipr\u00e4sidium Freiburg Kontakt auf. \nAufgrund weiterer Verdachtsmomente, die sich bei der Kontrolle ergaben, \nentstand auch ein direkter Zusammenhang mit dem \u00dcberfall auf eine \nFreiburger B\u00e4ckereifiliale, der sich gegen 7 Uhr ereignet hatte. <\/p>\n\n\n\n<p>Die\n beiden 18 und 20 Jahre alten Tatverd\u00e4chtigen wurden vorl\u00e4ufig \nfestgenommen und nach Freiburg \u00fcberstellt. Dort \u00fcbernahm die \nKriminalpolizei die weiteren Ermittlungen. <\/p>\n\n\n\n<p>Auf Antrag der \nStaatsanwaltschaft Freiburg wurden die beiden dringend Tatverd\u00e4chtigen \nder Haftrichterin beim Amtsgericht Freiburg vorgef\u00fchrt. Sie befinden \nsich nun in Untersuchungshaft. Gegen sie wird wegen Einbruchs, \nPkw-Diebstahls und wegen des \u00dcberfalls auf die B\u00e4ckereifiliale \nermittelt. Der 18-j\u00e4hrige Fahrer des gestohlenen Pkw steht au\u00dferdem im \nVerdacht, das Fahrzeug ohne F\u00fchrerschein und unter Einfluss von \nBet\u00e4ubungsmitteln gesteuert zu haben. Die Ermittlungen dauern an. <\/p>\n\n\n\n<p>Eines  der gestohlenen Fahrzeuge wurde noch nicht aufgefunden. Die Polizei  fahndet nach einem roten VW Golf (III) mit auff\u00e4lligem Unfallschaden am  Heck. Hinweise zum Verbleib des Fahrzeugs nimmt die Kriminalpolizei  entgegen (Tel. 0761 882-5777). <\/p>\n\n\n\n<h4 class=\"wp-block-heading\">(Heidelberg-Kirchheim) &#8211; Nach Stra\u00dfenverkehrsgef\u00e4hrdung an Fu\u00dfg\u00e4nger\u00fcberweg Zeugen gesucht<\/h4>\n\n\n\n<p>Am Montagabend kam es nahe der Stra\u00dfenbahnhaltestelle  Albert-Fritz-Stra\u00dfe beinahe zu einem Zusammensto\u00df zwischen einem  Kleinbus und Fu\u00dfg\u00e4ngern &#8211; der Fahrer fl\u00fcchtete. <\/p>\n\n\n\n<p>Nachdem eine \nFamilie gegen 19:15 Uhr die Stra\u00dfenbahn an der Haltestellte verlassen \nhatte, \u00fcberquerten die zwei Erwachsenen mit einem Kinderwagen bei gr\u00fcner\n Fu\u00dfg\u00e4ngerampel die Schwetzinger Stra\u00dfe. Als sie sich gerade mittig auf \nder Fahrbahn befanden, soll dann ein Kleinbus mit Firmenaufdruck aus \nRichtung Messplatz kommend in die Schwetzinger Stra\u00dfe abgebogen sein \nohne auf den Verkehr zu achten. Der schnellen Reaktion des Vaters &#8211; der \nFrau und Kind im letzten Moment zur\u00fcckzog &#8211; ist es zu verdanken, dass es\n nicht zu einem Zusammensto\u00df kam. Der Fahrer des Kleinbusses setzte \nunbeirrt seine Fahrt fort und stoppte erst wenige Meter weiter auf \nzurufen des Mannes, der das Gespr\u00e4ch suchte. Der Fahrer fuhr jedoch sein\n Fenster hoch und anschlie\u00dfend davon. <\/p>\n\n\n\n<p>Das Polizeirevier  Heidelberg-S\u00fcd hat die Ermittlungen wegen Stra\u00dfenverkehrsgef\u00e4hrdung  aufgenommen und sucht in diesem Zusammenhang nach Zeugen des Vorfalls.  Diese werden gebeten, sich unter 06221 34180 an die Ermittler zu wenden.  <\/p>\n\n\n\n<h4 class=\"wp-block-heading\">(Heidelberg-Rohrbach) &#8211; Kaminbrand \/ Geringer Sachschaden &#8211; Stra\u00dfensperrung und Umleitung<\/h4>\n\n\n\n<p>Zu einem Kaminbrand kam es am Montag gegen 16.15 Uhr in einem  Reihenhaus in der Stra\u00dfe Am Rohrbach. Alle Bewohner hatten aufgrund der  starken Rauchentwicklung aus dem Schornstein das Haus verlassen,  verletzt wurde niemand. Ein L\u00f6schzug der Berufsfeuerwehr l\u00f6schte den  Brand, es entstand geringer Sachschaden an der Kamint\u00fcr. W\u00e4hrend der  L\u00f6scharbeiten war die Stra\u00dfe gesperrt, die Polizei leitete den Verkehr  um. <\/p>\n\n\n\n<h4 class=\"wp-block-heading\">(Heidelberg) &#8211; Autofahrer wendet unachtsam auf der Bergheimer Stra\u00dfe und l\u00f6st Karambolage mit Stra\u00dfenbahn aus<\/h4>\n\n\n\n<p>Ein 76-j\u00e4hriger Opel Zafira-Fahrer war am Montag gegen 13.45 Uhr in der  Bergheimer Stra\u00dfe gefahren, als er &#8211; ohne auf den Schienenverkehr zu  achten &#8211; auf H\u00f6he der Fehrentzstra\u00dfe wendete. Er stie\u00df mit der  herannahenden Stra\u00dfenbahn zusammen, wobei an beiden Fahrzeugen Schaden  von \u00fcber 7.000 Euro entstand. Verletzte waren gl\u00fccklicherweise nicht zu  beklagen. Der Schienenverkehr war in Richtung Innenstadt bis gegen 14.30  Uhr gesperrt. <\/p>\n\n\n\n<h4 class=\"wp-block-heading\">(Heidelberg) &#8211; Rucksack im Bus der Linie 32 geklaut \/ Wer hat Verd\u00e4chtiges beobachtet ? Hinweise an die Polizei<\/h4>\n\n\n\n<p>Ihren gr\u00fcnen Jack Wolfskin-Rucksack, den eine chinesische Studentin an  ihrem mitgef\u00fchrten Kinderwagen platziert hatte, stahl am Montagmorgen  ein bislang unbekannter T\u00e4ter. Die Gesch\u00e4digte stieg in Begleitung ihrer  Mutter gegen 8.40 Uhr an der Haltestelle &#8222;Studentenwohnheim&#8220; in den Bus  der Linie 32 in Richtung Hauptbahnhof. In einem g\u00fcnstigen Moment nahm  ein bislang unbekannter T\u00e4ter den Rucksack, in dem sich eine  Digitalkamera, ein Portmonee mit Bargeld, EC-Karten, Tickets f\u00fcr die  Fahrt mit der Deutschen Bahn nach Frankfurt und chinesischen  Ausweispapieren befanden, an sich. Im Zug stellte die Gesch\u00e4digte das  Fehlen ihres Rucksacks fest. Nach deren Angaben schl\u00e4gt der  Diebstahlsschaden mit \u00fcber 2.000 Euro zu Buche. <\/p>\n\n\n\n<p>Fahrg\u00e4ste oder \nsonstige Zeugen, die evtl. auf den Diebstahl des Rucksacks im Bus der \nLinie 32 aufmerksam wurden, werden gebeten, sich mit dem Polizeirevier \nHeidelberg-Nord, Tel.: 06221\/4569-0, in Verbindung zu setzen. <\/p>\n\n\n\n<h4 class=\"wp-block-heading\">(Heidelberg) &#8211; Die Polizei, dein Freund und Helfer &#8211; mit Blaulicht und Sondersignal Eltern mit krankem Kind in die Kinderklinik begleitet<\/h4>\n\n\n\n<p>Zu einem nicht allt\u00e4glichen Einsatz kam es am Montagmorgen kurz vor 2  Uhr in der R\u00f6merstra\u00dfe. Zu diesem Zeitpunkt kam ein Auto in eine  Kontrollstelle des Polizeireviers Heidelberg-Mitte, im Auto besorgte  Eltern mit einem offensichtlich akut erkrankten 16 Monate alten M\u00e4dchen  auf dem Weg ins Krankenhaus. Nachdem die Eltern die Notlage geschildert  hatten, z\u00f6gerten die Beamten nicht und begleiteten die Familie sofort  mit Blaulicht und Sondersignal in die Kinderklinik. \u00dcber das F\u00fchrungs-  und Lagezentrum wurde die Klinik informiert und die kleine Patientin  beim Eintreffen bereits von einem Kinderarzt erwartet. <\/p>\n\n\n\n<h4 class=\"wp-block-heading\">(Heidelberg) &#8211; 19-J\u00e4hriger unter Drogeneinfluss mit E-Scooter unterwegs<\/h4>\n\n\n\n<p>Beamte des Polizeirevier Heidelberg-S\u00fcd stoppten am Sonntagnachmittag,  gegen 15:20 Uhr, in der B\u00fcrgerstra\u00dfe, in H\u00f6he der Max-Joseph-Stra\u00dfe,  einen 19-j\u00e4hrigen E-Scooter-Fahrer, der unter Drogeneinfluss stand. Der  junge Mann wurde zu einer allgemeinen Verkehrskontrolle angehalten und  \u00e4u\u00dferte spontan gegen\u00fcber den Beamten, dass er im Besitz von Cannabis  sei. Nachdem er dieses herausgab, gab er weiterhin an, Kokain und  Amphetamine dabei zu haben. Diese wurden ebenfalls sichergestellt. Der  19-J\u00e4hrige wurde zu einer Blutentnahme mit aufs Polizeirevier genommen.  Dort wurde mit ihm noch ein Urintest durchgef\u00fchrt, welcher u.a. positiv  auf THC, Amphetamine und Kokain reagierte. Der junge Mann darf nun mit  einer Anzeige rechnen. <\/p>\n\n\n\n<h4 class=\"wp-block-heading\">(Heidelberg-Rohrbach) &#8211; Plakate sichergestellt, Verdacht einer politisch motivierten Straftat. Zeugen gesucht!<\/h4>\n\n\n\n<p>Am Samstag kurz vor 11 Uhr meldete sich eine B\u00fcrgerin bei der Polizei  und wies diese auf drei Plakate hin, die in der Karlsruher Stra\u00dfe am  Hintereingang des ehemaligen US-Hospitals angebrachten waren. <\/p>\n\n\n\n<p>Insgesamt\n zehn Plakate wurden von Polizeibeamten sichergestellt. Auf den Plakaten\n befand sich ein Hinweis auf die sog. &#8222;Identit\u00e4re Bewegung&#8220;. <\/p>\n\n\n\n<p>Die \nErmittlungen wegen des Verdachts einer politisch motivierten Straftat \n\u00fcbernahmen Beamte der Kriminalpolizeidirektion Heidelberg, Inspektion \nStaatsschutz. <\/p>\n\n\n\n<p>Die Ermittler suchen nun nach Zeugen, die Hinweise \nauf den oder die Plakatanbringer geben k\u00f6nnen. Diese m\u00f6gen sich unter \n0621 174 4444 beim Kriminaldauerdienst melden. <\/p>\n\n\n\n<h4 class=\"wp-block-heading\">(Heidelberg) &#8211; Vier Fahrr\u00e4der aus Kellern von Mehrfamilienh\u00e4usern gestohlen. Wer hat Verd\u00e4chtige(s) wahrgenommen?<\/h4>\n\n\n\n<p>Zwischen Donnerstag und Samstag wurden aus den Fahrradkellern der  Mehrfamilienh\u00e4user Furtw\u00e4ngler Stra\u00dfe 19 und 51 insgesamt vier Fahrr\u00e4der  im Wert von knapp 5.000 Euro entwendet. Bei den Fahrr\u00e4dern handelte es  sich um hochwertige Mountainbikes der Marke &#8222;Bulls&#8220;, ein Citybike der  Marke &#8222;VSF&#8220; und ein Trekkingrad der Marke &#8222;Campus&#8220;. <\/p>\n\n\n\n<p>Hinweise auf den oder die T\u00e4ter bestehen derzeit nicht. <\/p>\n\n\n\n<p>Die  Ermittler des Polizeireviers Heidelberg-Nord suchen deshalb nach Zeugen  und oder Personen, denen verd\u00e4chtige Personen oder Fahrzeuge im  Tatzeitraum aufgefallen sind. Diese m\u00f6gen sich unter 06221 45690 melden  und ihre Wahrnehmungen mitteilen. <\/p>\n\n\n\n<h4 class=\"wp-block-heading\">(Heidelberg \/ Eppelheim \/ Rhein-Neckar-Kreis) &#8211; Zweiradfahrer fl\u00fcchtet vor Polizeikontrolle und gef\u00e4hrdet andere Verkehrsteilnehmer \/ Gesch\u00e4digte  gesucht<\/h4>\n\n\n\n<p>Weil ein Fahrer eines Leichtkraftrades am Montag gegen 20.45 Uhr auf  der Eppelheimer Stra\u00dfe zu schnell unterwegs war, sollte er einer  Kontrolle unterzogen werden. Bei der Nachfahrt fuhr er mit etwa 90 km\/h  weiter auf der Industriestra\u00dfe. Als der Fahrer auf die Anhaltezeichen  der Streife aufmerksam wurde, beschleunigte er weiter und bog in  Richtung Eppelheim ab. Dort ging es unter Missachtung s\u00e4mtlicher  Vorfahrtregeln \u00fcber mehrere Stra\u00dfen, bevor der Fahrer an einer  Durchfahrtsperre am Ende der Freiherr-von-Drais-Stra\u00dfe in einen Feldweg  entkam. Nachdem der Halter ermittelt worden war, wurde dieser an seiner  Wohnanschrift aufgesucht. Dort r\u00e4umte der 17-j\u00e4hrige Fahrer ein,  gefl\u00fcchtet zu sein, da er an seinem Zweirad technische Ver\u00e4nderungen  vorgenommen hatte. Sein F\u00fchrerschein wurde in Verwahrung genommen, das  Leichtkraftrad zur \u00dcberpr\u00fcfung durch einen Sachverst\u00e4ndigen  sichergestellt. Personen, die durch die Fahrweise des  Leichtkraftradfahrers gef\u00e4hrdet wurden, werden gebeten, sich unter  Telefon 06221\/99-1700 beim Polizeirevier Heidelberg-Mitte zu melden. <\/p>\n\n\n\n<h4 class=\"wp-block-heading\">(Br\u00fchl \/ Rhein-Neckar-Kreis) &#8211; Getr\u00e4nke bei Einbruch in Vereinsheim gestohlen \/ Polizei sucht Zeugen!<\/h4>\n\n\n\n<p>In der Zeit von Freitag, 19:45 Uhr bis Samstag, 10 Uhr, brachen ein  oder mehrere bislang unbekannte T\u00e4ter in ein Vereinsheim in der Stra\u00dfe  &#8222;Am Schrankenbuckel&#8220; ein. Die Unbekannten waren durch Aufhebeln einer  Seitent\u00fcr ins Innere gelangt und hatten im Obergeschoss noch eine  weitere T\u00fcr besch\u00e4digt. Nachdem sie die R\u00e4umlichkeiten durchsucht  hatten, ergriffen sie mit einer leeren Registerkasse, drei Flaschen  Alkoholika, mindestens vier K\u00e4sten Bier und anderen Getr\u00e4nken die  Flucht. Der Gesamtschaden wird auf mehrere hundert Euro gesch\u00e4tzt. Die  H\u00f6he des Sachschadens bel\u00e4uft sich auf \u00fcber 500 Euro. <\/p>\n\n\n\n<p>Zeugen, die  verd\u00e4chtige Beobachtungen gemacht haben und sachdienliche Hinweise  geben k\u00f6nnen, werden gebeten, sich beim Polizeirevier Mannheim-Neckarau  unter Tel.: 0621\/83397-0 zu melden. <\/p>\n\n\n\n<h4 class=\"wp-block-heading\">(Hockenheim \/ Rhein-Neckar-Kreis) &#8211; 25-J\u00e4hriger auf Antrag der  Staatsanwaltschaft Mannheim wegen Verdachts des versuchten Mordes und  der gef\u00e4hrlichen K\u00f6rperverletzung in Untersuchungshaft<\/h4>\n\n\n\n<h4 class=\"wp-block-heading\">Gemeinsame Presseerkl\u00e4rung der Staatsanwaltschaft Mannheim und des Polizeipr\u00e4sidiums Mannheim: <\/h4>\n\n\n\n<div class=\"wp-block-image\"><figure class=\"aligncenter\"><img decoding=\"async\" src=\"https:\/\/speyer24news.com\/wp-content\/uploads\/2019\/11\/Zelle.jpg\" alt=\"\" class=\"wp-image-21904\"\/><\/figure><\/div>\n\n\n\n<p>Auf\n Antrag der Staatsanwaltschaft Mannheim wurde durch das Amtsgericht \nMannheim Haftbefehl gegen einen 25-j\u00e4hrigen t\u00fcrkischen Staatsangeh\u00f6rigen\n erlassen. Er steht im dringenden Verdacht, am fr\u00fchen Sonntagmorgen \neinen 30-j\u00e4hrigen Mann mit einem Messer mit T\u00f6tungsvorsatz \nlebensgef\u00e4hrlich verletzt zu haben. Dem Tatverd\u00e4chtigen werden \nversuchter (heimt\u00fcckischer) Mord und gef\u00e4hrliche K\u00f6rperverletzung \nvorgeworfen. <\/p>\n\n\n\n<p>Der 30-J\u00e4hrige befand sich gegen 03:20 Uhr in einem \nLokal in der Hirschstra\u00dfe. Pl\u00f6tzlich und unvorhergesehen soll der \nTatverd\u00e4chtige mehrmals mit einem Messer auf den Mann eingestochen \nhaben. Dieser erlitt hierdurch lebensgef\u00e4hrliche Verletzungen. Nach \nnot\u00e4rztlicher Erstversorgung wurde der 30-J\u00e4hrige in ein nahegelegenes \nKrankenhaus eingeliefert, wo er sich einer Notoperation unterziehen \nmusste. Der Tatverd\u00e4chtige fl\u00fcchtete zun\u00e4chst, wurde im Rahmen der \npolizeilichen Fahndung noch am selben Abend festgenommen. <\/p>\n\n\n\n<p>Die \nTatwaffe konnte bislang nicht aufgefunden werden. Taucher der \nWasserschutzpolizei suchten am Montagmittag den unweit des Tatorts \ngelegenen Kraichbach ab, konnten das Messer jedoch nicht auffinden. Der \nTaucheinsatz wird am Dienstag fortgesetzt. <\/p>\n\n\n\n<p>Auf Antrag der \nStaatsanwaltschaft Mannheim wurde durch das Amtsgericht Mannheim \nHaftbefehl gegen den 25-J\u00e4hrigen wegen Fluchtgefahr erlassen. Er wurde \nnach der Vorf\u00fchrung beim Ermittlungsrichter und Er\u00f6ffnung des \nHaftbefehls in eine Justizvollzugsanstalt eingeliefert. <\/p>\n\n\n\n<p>Die  Ermittlungen der Staatsanwaltschaft Mannheim und des Polizeipr\u00e4sidiums  Mannheim, insbesondere zum genauen Tatablauf, dauern an. <\/p>\n\n\n\n<h4 class=\"wp-block-heading\">(Sinsheim \/ Rhein-Neckar-Kreis) &#8211; 19-J\u00e4hriger nach Ladendiebstahl rasch gefasst<\/h4>\n\n\n\n<p>Zwei Notebooks im Wert von rund 2.000 Euro entwendete am  Montagnachmittag ein 19-J\u00e4hriger und verlie\u00df ohne zu bezahlen einen  Elektromarkt in der Neulandstra\u00dfe. Bedienstete hatten den Diebstahl  beobachtet und den jungen Mann verfolgt. <\/p>\n\n\n\n<p>Im Bereich der \nBahnunterf\u00fchrung Friedrichstra\u00dfe konnten sie ihn zun\u00e4chst festhalten, \ndoch er riss sich los und fl\u00fcchtete \u00fcber die Fu\u00dfg\u00e4ngerbr\u00fccke in Richtung\n Siedlerschule. Dabei lie\u00df er allerdings die Beute zur\u00fcck. Im Zuge der \nFahndung durch Kr\u00e4fte des Polizeireviers Sinsheim konnte der 19-J\u00e4hrige \nfestgenommen werden. Er r\u00e4umte die Tat ein. <\/p>\n\n\n\n<p>Die weiteren Ermittlungen dauern aktuell noch an. <\/p>\n\n\n\n<h4 class=\"wp-block-heading\">(Helmstadt-Bargen \/ Rhein-Neckar-Kreis) &#8211; Frontalzusammensto\u00df in der Schmerlaibstra\u00dfe \/ Eine Mitfahrerin leicht verletzt &#8211; Autos nicht mehr fahrbereit<\/h4>\n\n\n\n<p>Weil ein 70-j\u00e4hriger Fahrer eines Kleinbusses nicht weit genug rechts  fuhr, kam es am Montag gegen 17.30 Uhr in der Schmerlaibstra\u00dfe zur  Kollision mit einer entgegenkommenden VW Sharan-Fahrerin. Eine  Mitfahrerin im Kleinbus zog sich leichte Verletzungen zu, ben\u00f6tigte aber  keine weitere medizinische Versorgung. Die nicht mehr fahrbereiten  Autos, an denen Schaden von ca. 8.000 Euro entstand, transportierte ein  Abschleppunternehmen von der Unfallstelle ab. <\/p>\n\n\n\n<h4 class=\"wp-block-heading\">(Eschelbronn \/ Rhein-Neckar-Kreis) &#8211; Schwerer Verkehrsunfall; Stra\u00dfe zwischen Eschelbronn und Meckesheim wieder frei<\/h4>\n\n\n\n<h4 class=\"wp-block-heading\" style=\"text-align:center\">Pressemitteilung Nr. 2<\/h4>\n\n\n\n<p>Seit Montag, 13.50 Uhr ist die Unfallstelle auf der Alten Meckesheimer Stra\u00dfe ger\u00e4umt und wieder frei befahrbar. <\/p>\n\n\n\n<p>Ein\n 21-j\u00e4hriger Sprinterfahrer war gegen 11.30 Uhr von einem Firmenge-l\u00e4nde\n auf die &#8222;Alte Meckesheimer Stra\u00dfe&#8220; gefahren und dort mit einem 1er BMW \nkollidiert, der von einem 54-J\u00e4hrigen gefahren wurde. <\/p>\n\n\n\n<p>Der \nBMW-Fahrer erlitt Kopfverletzungen und wurde mit einem Rettungswagen in \neine Klinik transportiert. Dort wurde er station\u00e4r aufgenommen. Der \nSprinter-Fahrer blieb unverletzt. <\/p>\n\n\n\n<p>Es entstand ein Sachschaden von rund 20.000.- Euro. Beide Fahrzeuge wurden abgeschleppt. <\/p>\n\n\n\n<h4 class=\"wp-block-heading\">(Eberbach \/ Rhein-Neckar-Kreis) &#8211; Widerstand in Polizeirevier geleistet<\/h4>\n\n\n\n<p>Am Montagabend leistete ein 20-J\u00e4hriger Widerstand gegen die Beamten  des Polizeireviers Eberbach, nachdem er einen Platzverweis nicht  befolgte &#8211; Ausl\u00f6ser war eine Verkehrskontrolle am Vortag. <\/p>\n\n\n\n<p>Am \nMontagabend um 19:55 Uhr kam der junge Mann in das Polizeirevier und \nforderte seinen F\u00fchrerschein, den er im Gewahrsam der Beamten glaubte. \nAls ihm mitgeteilt wurde, dass ihm die Fahrerlaubnis bereits am Vortag \nausgeh\u00e4ndigt wurde, beleidigte er die Beamten bevor er das Dienstgeb\u00e4ude\n verlie\u00df. Offensichtlich gen\u00fcgte das dem 20-J\u00e4hrige nicht, der eine \nhalbe Stunde sp\u00e4ter erneut in das Revier kam. Neben weiteren \nBeleidigungen geb\u00e4rde sich der Mann derart aggressiv, dass ihm ein \nPlatzverweis ausgesprochen werden musste um den Dienstbetrieb aufrecht \nzu erhalten. Als er diesem nicht nachkam und der Wache verwiesen werden \nsollte, leistete er Widerstand und verletzte dabei einen Beamten leicht.\n Nachdem der Mann sich beruhigt hatte, wurde er auf freien Fu\u00df \nentlassen. Neben einer Strafanzeige wegen Beleidigung muss er sich nun \nauch wegen Widerstands gegen Vollstreckungsbeamte verantworten. <\/p>\n\n\n\n<p>Ausl\u00f6ser\n war eine Verkehrskontrolle am Sonntagabend. Dabei stellten die \nUniformierten fest, dass der junge Mann als Fahrer unter dem Einfluss \nvon Bet\u00e4ubungsmitteln stand. Ihm wurde die Weiterfahrt untersagt. Seinen\n F\u00fchrerschein durfte der 20-J\u00e4hrige allerdings vorerst behalten, weshalb\n dieser nicht sichergestellt und bei ihm belassen wurden. Ein m\u00f6glicher \nEntzug oder Einschr\u00e4nkungen der Fahrerlaubnis werden gepr\u00fcft. <\/p>\n\n\n\n<h4 class=\"wp-block-heading\">(Eberbach \/ Rhein-Neckar-Kreis) &#8211; Auto kommt von Fahrbahn ab und \u00fcberschl\u00e4gt sich, ein Schwerverletzter und hoher Sachschaden.<\/h4>\n\n\n\n<p>Am Montag gegen 14.15 Uhr befuhr ein 67-j\u00e4hriger Fahrer eines VW Tiguan  die Landesstra\u00dfe 524 von Unterdielbach in Richtung Eberbach. <\/p>\n\n\n\n<p>Nach\n derzeitigem Ermittlungsstand kam er aufgrund nicht angepasster \nGeschwindigkeit nach rechts von der Fahrbahn ab, \u00fcberfuhr einen \nLeitposten und fuhr eine leichte B\u00f6schung hinauf. Hierdurch \u00fcberschlug \nsich das Fahrzeug und kam schlie\u00dflich auf den R\u00e4dern entgegen der \nFahrtrichtung zum Stillstand. <\/p>\n\n\n\n<p>Der 67-J\u00e4hrige VW-Fahrer wurde bei \ndem Unfall schwer verletzt und mit einem Rettungshubschrauber in ein \nnahegelegenes Krankenhaus geflogen. <\/p>\n\n\n\n<p>Es entstand ein Sachschaden in H\u00f6he von 50.000 Euro. <\/p>\n\n\n\n<h4 class=\"wp-block-heading\">(Neckargem\u00fcnd \/ Rhein-Neckar-Kreis) &#8211; 20.000 Euro Schaden bei Unfall auf der K 4163<\/h4>\n\n\n\n<p>Eine Verletzte und zwei nicht mehr fahrbereite Autos, an denen  Gesamtschaden von rund 20.000 Euro entstand, forderte ein Verkehrsunfall  am Montagnachmittag kurz nach 14 Uhr auf der K 4163. Eine  Mitsubishi-Fahrerin war von Wiesenbach in Richtung Neckargem\u00fcnd  gefahren, musste, da sie nach links zur &#8222;Drei-Hasen-H\u00fctte&#8220; abbiegen  wollte, verkehrsbedingt halten. <\/p>\n\n\n\n<p>Der nachfolgende 56-j\u00e4hrige \nBMW-Fahrer fuhr aus bislang nicht gekl\u00e4rter Ursache auf, wobei sich die \nFrau durch die Aufprallwucht Verletzungen zuzog. Beide Autos waren nicht\n mehr fahrbereit und wurden von Abschleppunternehmen von der \nUnfallstelle abtransportiert. <\/p>\n\n\n\n<p>Die aus Wiesenbach stammende Frau musste nach der Erstversorgung in einem Heidelberger Krankenhaus weiterbehandelt werden. <\/p>\n\n\n\n<h4 class=\"wp-block-heading\">(Ladenburg \/ Rhein-Neckar-Kreis) &#8211; Vier Fahrzeuge auf Parkplatz besch\u00e4digt \/ Wer hat Verd\u00e4chtiges beobachtet?<\/h4>\n\n\n\n<p>Auf dem Parkplatz eines Kinderheims im Neuweg besch\u00e4digte ein bislang  unbekannter T\u00e4ter in der Zeit von Freitag, 18 Uhr bis Samstag, 8:30 Uhr,  vier Fahrzeuge. Der oder die Unbekannte hatte mutwillig mit einem Stein  die Scheiben der Autos eingeworfen und anschlie\u00dfend mit einem Eimer auf  einen der PKW eingeschlagen. Dabei entstand an allen vier Autos  Sachschaden, der bislang nicht n\u00e4her beziffert werden kann. <\/p>\n\n\n\n<p>Personen,  die Verd\u00e4chtiges beobachtet haben, werden gebeten, sich mit dem  Polizeirevier Ladenburg unter Tel.: 06203\/9305-0 in Verbindung zu  setzen. <\/p>\n\n\n\n<h4 class=\"wp-block-heading\">(Weinheim \/ Rhein-Neckar-Kreis) &#8211; Fahrr\u00e4der auf Stra\u00dfenbahngleise geworfen \/ Polizei sucht weitere Zeugen<\/h4>\n\n\n\n<p>Am Samstag (18.01.) kurz vor 23 Uhr haben Unbekannte an der  Stra\u00dfenbahnhaltestelle &#8222;Blumenstra\u00dfe&#8220; der RNV zwei Fahrr\u00e4der auf die  Gleise geworfen. Der Bahnverkehr war kurzfristig unterbrochen. Ein Zeuge  soll es sich um f\u00fcnf Jugendliche gehandelt haben. Einer davon soll eine  auff\u00e4llige blau\/wei\u00dfe Jacke getragen haben. Eine sofort eingeleitete  Fahndung verlief erfolglos.  Das Polizeirevier Weinheim ermittelt wegen  gef\u00e4hrlichen Eingriff in den Bahnverkehr. Zeugen, die sachdienliche  Hinweise geben k\u00f6nnen, werden gebeten sich unter Telefon 06201\/10030 bei  der Polizei zu melden. <\/p>\n","protected":false},"excerpt":{"rendered":"<div class=\"mh-excerpt\"><p>Polizeimeldungen vom Dienstag (21.01.2019) (Speyer) &#8211; Betrunken und ohne F\u00fchrerschein mit dem Pkw unterwegs Ein 39-j\u00e4hriger Opel-Astra-Fahrer aus Speyer muss sich nach einer Verkehrskontrolle in der Bahnhofstra\u00dfe am Montag gegen 23:40 Uhr wegen einer Trunkenheitsfahrt <a class=\"mh-excerpt-more\" href=\"https:\/\/speyer24news.com\/?p=24426\" title=\"Polizei\">[&#8230;]<\/a><\/p>\n<\/div>","protected":false},"author":3,"featured_media":0,"comment_status":"open","ping_status":"open","sticky":false,"template":"","format":"standard","meta":{"_monsterinsights_skip_tracking":false,"_monsterinsights_sitenote_active":false,"_monsterinsights_sitenote_note":"","_monsterinsights_sitenote_category":0,"footnotes":""},"categories":[12],"tags":[3614,61,2555,63,105,53,4854,4683,1548,102,213,55,5261,103,106,2803,2423,427,2625,380,62,104,979,1565],"aioseo_notices":[],"amp_enabled":true,"_links":{"self":[{"href":"https:\/\/speyer24news.com\/index.php?rest_route=\/wp\/v2\/posts\/24426"}],"collection":[{"href":"https:\/\/speyer24news.com\/index.php?rest_route=\/wp\/v2\/posts"}],"about":[{"href":"https:\/\/speyer24news.com\/index.php?rest_route=\/wp\/v2\/types\/post"}],"author":[{"embeddable":true,"href":"https:\/\/speyer24news.com\/index.php?rest_route=\/wp\/v2\/users\/3"}],"replies":[{"embeddable":true,"href":"https:\/\/speyer24news.com\/index.php?rest_route=%2Fwp%2Fv2%2Fcomments&post=24426"}],"version-history":[{"count":1,"href":"https:\/\/speyer24news.com\/index.php?rest_route=\/wp\/v2\/posts\/24426\/revisions"}],"predecessor-version":[{"id":24428,"href":"https:\/\/speyer24news.com\/index.php?rest_route=\/wp\/v2\/posts\/24426\/revisions\/24428"}],"wp:attachment":[{"href":"https:\/\/speyer24news.com\/index.php?rest_route=%2Fwp%2Fv2%2Fmedia&parent=24426"}],"wp:term":[{"taxonomy":"category","embeddable":true,"href":"https:\/\/speyer24news.com\/index.php?rest_route=%2Fwp%2Fv2%2Fcategories&post=24426"},{"taxonomy":"post_tag","embeddable":true,"href":"https:\/\/speyer24news.com\/index.php?rest_route=%2Fwp%2Fv2%2Ftags&post=24426"}],"curies":[{"name":"wp","href":"https:\/\/api.w.org\/{rel}","templated":true}]}}