{"id":24471,"date":"2020-01-22T13:25:16","date_gmt":"2020-01-22T12:25:16","guid":{"rendered":"https:\/\/speyer24news.com\/?p=24471"},"modified":"2020-01-22T13:54:43","modified_gmt":"2020-01-22T12:54:43","slug":"wirtschaft-finanzen-34","status":"publish","type":"post","link":"https:\/\/speyer24news.com\/?p=24471","title":{"rendered":"Wirtschaft &#038; Finanzen"},"content":{"rendered":"<style type=\"text\/css\">\r\n\t.ads_top_disp{}\r\n\t.ads_top_corner_disp{ float:left; margin:0px 10px 10px 0px; }\r\n\t.ads_first_p_disp{}\r\n\t.ads_bottom_disp{}\r\n\t<\/style>\n<h1 class=\"wp-block-heading\" style=\"text-align:center\">Stadtwerke Speyer (SWS) GmbH<\/h1>\n\n\n\n<div class=\"wp-block-image\"><figure class=\"aligncenter\"><img decoding=\"async\" src=\"https:\/\/speyer24news.com\/wp-content\/uploads\/2020\/01\/SWS-Logo-1-1024x356.jpg\" alt=\"\" class=\"wp-image-24475\"\/><\/figure><\/div>\n\n\n\n<h2 class=\"wp-block-heading\"><strong>Stadtwerke Speyer sind Top-Lokalversorger 2020<\/strong><\/h2>\n\n\n\n<div class=\"wp-block-image\"><figure class=\"aligncenter\"><img decoding=\"async\" loading=\"lazy\" width=\"604\" height=\"604\" src=\"https:\/\/speyer24news.com\/wp-content\/uploads\/2020\/01\/TLV-Siegel_2fach-kombi_strom_gas_2020_4c.jpg\" alt=\"\" class=\"wp-image-24476\" srcset=\"https:\/\/speyer24news.com\/wp-content\/uploads\/2020\/01\/TLV-Siegel_2fach-kombi_strom_gas_2020_4c.jpg 604w, https:\/\/speyer24news.com\/wp-content\/uploads\/2020\/01\/TLV-Siegel_2fach-kombi_strom_gas_2020_4c-150x150.jpg 150w, https:\/\/speyer24news.com\/wp-content\/uploads\/2020\/01\/TLV-Siegel_2fach-kombi_strom_gas_2020_4c-300x300.jpg 300w\" sizes=\"(max-width: 604px) 100vw, 604px\" \/><\/figure><\/div>\n\n\n\n<p>Die Stadtwerke Speyer (SWS) wurden Mitte Januar vom\n Energieverbraucherportal als \u201eTOP-Lokalversorger 2020&#8243; ausgezeichnet. \nBereits zum neunten Mal in Folge haben sich die SWS dieser Pr\u00fcfung f\u00fcr \ndie Sparten Strom und Erdgas unterzogen.\n<\/p>\n\n\n\n<p>In den unterschiedlichen Versorgungssparten gingen \nbei dem unabh\u00e4ngigen Internet-Portal insgesamt 614 Bewerbungen ein. Die \nbetreffenden Unternehmen stellten sich den strengen Pr\u00fcfkriterien f\u00fcr \nden Preis-Leistungsvergleich ihrer Angebote.\n Die bew\u00e4hrten Themen Versorgungssicherheit und Nachhaltigkeit, \nServicequalit\u00e4t und Beratungsleistungen, \u00d6kologie und Zukunftsthemen, \nregionales Engagement sowie Datenschutz wurden abgefragt. 264 Versorger \nkonnten schlie\u00dflich den Auszeichnungskriterien f\u00fcr\n ihr lokales Versorgungsgebiet gerecht werden \u2013 darunter auch die SWS.<\/p>\n\n\n\n<p>Mit der Kennzeichnung TOP-Lokalversorger 2020 \nwerden Verbraucher somit auf verantwortungsbewusste Energieversorger mit\n fairen Tarifen aufmerksam gemacht.<\/p>\n\n\n\n<p>Das Energieverbraucherportal (<a rel=\"noreferrer noopener\" href=\"https:\/\/deref-web-02.de\/mail\/client\/FSBmEKvNruY\/dereferrer\/?redirectUrl=http%3A%2F%2Fwww.energieverbraucherportal.de\" target=\"_blank\">www.energieverbraucherportal.de<\/a>)  \u2013 der unabh\u00e4ngige Tarifrechner mit Preis-\/Leistungsvergleich von Strom-  und Erdgastarifen \u2013 f\u00fchrt die Auszeichnungsrunde durch.<\/p>\n\n\n\n<p><em>Stadtwerke Speyer GmbH<br>22.01.2020 <\/em><\/p>\n\n\n\n<h1 class=\"wp-block-heading\" style=\"text-align:center\">Bundesagentur f\u00fcr Arbeit<\/h1>\n\n\n\n<div class=\"wp-block-image\"><figure class=\"aligncenter\"><img decoding=\"async\" src=\"https:\/\/speyer24news.com\/wp-content\/uploads\/2020\/01\/Bundesagentur-f\u00fcr-Arbeit-BA.png\" alt=\"\" class=\"wp-image-24472\"\/><\/figure><\/div>\n\n\n\n<h2 class=\"wp-block-heading\">Haushalt der BA: Nur noch leichter \u00dcberschuss im Jahr 2019<\/h2>\n\n\n\n<p>Die Ausgaben der BA f\u00fcr Arbeitslosengeld sind im letzten Jahr  konjunkturbedingt gestiegen. Im Vergleich zu den Vorjahren ist der  \u00dcberschuss von 2,1 Milliarden Euro deutlich geringer ausgefallen. F\u00fcr  dieses Jahr wird ein Minus von 1,3 Milliarden Euro erwartet.<\/p>\n\n\n\n<h4 class=\"wp-block-heading\">Leichter \u00dcberschuss dank guter Besch\u00e4ftigungslage<\/h4>\n\n\n\n<p>Das Haushaltsjahr 2019 wurde mit einem Plus in H\u00f6he von 2,1 Milliarden  Euro abgeschlossen. Das Ergebnis ist um rund 1,6 Milliarden Euro besser  als urspr\u00fcnglich erwartet, liegt aber deutlich unter den \u00dcbersch\u00fcssen  der Vorjahre. Im Jahr 2018 lag das Plus noch bei 6,2 Milliarden Euro.  Die Konjunkturr\u00fccklage der BA lag Ende des Jahres bei 25,8 Milliarden  Euro.<\/p>\n\n\n\n<h4 class=\"wp-block-heading\">Christiane Sch\u00f6nefeld, Finanzvorstand der Bundesagentur f\u00fcr Arbeit:<\/h4>\n\n\n\n<p>\u201eDie Zeit der kr\u00e4ftigen \u00dcbersch\u00fcsse ist vorbei. Die Situation am  Arbeitsmarkt ist derzeit ungewiss und wir m\u00fcssen den konjunkturellen  Trend beobachten. Die Besch\u00e4ftigung ist hoch, die Ausgaben etwa beim  Arbeitslosengeld und Kurzarbeit steigen aber sp\u00fcrbar an. Derzeit gehen  wir von einem Defizit im laufenden Haushalt aus. Notfalls gehen wir an  die R\u00fccklage ran. Die BA wird in diesem Jahr noch mehr in die  Weiterbildung investieren, um dem zunehmenden Fachkr\u00e4ftemangel zu  begegnen. Keine sinnvolle Weiterbildung f\u00fcr unsere Kunden wird am  fehlenden Geld scheitern.\u201c<\/p>\n\n\n\n<h4 class=\"wp-block-heading\">Konjunkturelle Delle f\u00fchrte zu steigenden Ausgaben f\u00fcr Arbeitslosengeld<\/h4>\n\n\n\n<p>Durch die konjunkturelle Delle waren im letzten Jahr die Ausgaben f\u00fcr  einige Leistungen gestiegen. F\u00fcr Arbeitslosengeld wurden insgesamt 15,0  Milliarden Euro (+1,3 Milliarden Euro mehr als 2018) ausgegeben, f\u00fcr  Insolvenzgeld 842 Millionen Euro (+254 Millionen Euro). Hier musste die  BA die Mittel im Jahresverlauf erh\u00f6hen, da die geplanten Ausgaben nicht  ausreichten.<\/p>\n\n\n\n<p>Die Ausgaben f\u00fcr Kurzarbeit aus konjunkturellen Gr\u00fcnden sind im letzten  Jahr um 98 Millionen Euro auf 157 Millionen Euro gestiegen. Hier  bewirkte die konjunkturelle Delle einen Anstieg, der aber geringer  ausfiel als im Haushaltsplan erwartet.<\/p>\n\n\n\n<p>Weiterbildungen f\u00fcr Arbeitslose und Besch\u00e4ftigte f\u00f6rderte die BA mit  insgesamt 1,5 Milliarden Euro. Das sind 195 Millionen Euro mehr als noch  im Jahr 2018.<\/p>\n\n\n\n<h4 class=\"wp-block-heading\">Andere Vorzeichen im Jahr 2020, Defizit wird erwartet<\/h4>\n\n\n\n<p>Der Haushaltsplan 2020 weist ein Defizit von rund 1,3 Milliarden Euro  aus. Diesen Fehlbetrag wird die BA aus der R\u00fccklage decken. Hier wirkt  sich die erneute Beitragssatzsenkung aus. Der Beitragssatz ist zu  Jahresbeginn nochmals gesunken und liegt bei 2,4 Prozent. Durch  steigende Ausgaben bei der Weiterbildung und dem Arbeitslosengeld wird  f\u00fcr dieses Jahr ein Fehlbetrag erwartet. <\/p>\n\n\n\n<h2 class=\"wp-block-heading\">Weniger Widerspr\u00fcche und Klagen in der Grundsicherung<\/h2>\n\n\n\n<ul><li>Zahl der Widerspr\u00fcche und Klagen im Jahr 2019 erneut gesunken<\/li><li>Widerspruchsquote in gemeinsamen Einrichtungen bei 2,3 Prozent<\/li><\/ul>\n\n\n\n<p><strong>N\u00fcrnberg \/ Deutschalnd &#8211; <\/strong>2019 wurden in der Grundsicherung (Jobcenter) 577.100 Widerspr\u00fcche und  95.400 Klagen eingereicht. Das waren 23.000 Widerspr\u00fcche bzw. 9.800  Klagen weniger als 2018. Im gleichen Zeitraum sank auch die Zahl der  Regelleistungsberechtigten um 277.000 auf 5,3 Millionen.<\/p>\n\n\n\n<h4 class=\"wp-block-heading\">Widerspruchs- und Klagequoten in gemeinsamen Einrichtungen gering<\/h4>\n\n\n\n<p>Die Quote f\u00fcr Widerspr\u00fcche und Klagen kann nur f\u00fcr die 302 gemeinsamen  Einrichtungen \u2013 also Jobcenter, die von der BA und dem Landkreis in  gemeinsamer Tr\u00e4gerschaft verantwortet werden \u2013 ermittelt werden. 2019  haben diese 20,7 Millionen Leistungsbescheide versendet, gegen die  483.000 Widerspr\u00fcche und 77.000 Klagen eingereicht wurden. Die  Widerspruchsquote lag rechnerisch bei 2,3 Prozent, die Klagequote bei  0,4 Prozent.<\/p>\n\n\n\n<h4 class=\"wp-block-heading\">Gr\u00fcnde f\u00fcr Widerspr\u00fcche und Klagen in den Jobcentern<\/h4>\n\n\n\n<p>Knapp ein F\u00fcnftel der Widerspr\u00fcche \u2013 und damit anteilig die meisten \u2013  wurde gegen Aufhebungs- und Erstattungsbescheide eingelegt. Diese werden  verschickt, wenn etwa Einkommen in wechselnder H\u00f6he anf\u00e4llt und der  Leistungsanspruch nachberechnet werden muss.<\/p>\n\n\n\n<p>Auf den Pl\u00e4tzen zwei und drei folgen Bescheide zur Anrechnung von  Einkommen und Verm\u00f6gen sowie f\u00fcr bewilligte Kosten der Unterkunft.  Gr\u00fcnde hierf\u00fcr sind vor allem die \u00e4u\u00dferst komplexe und detaillierte  Gesetzeslage. Widerspr\u00fcche gegen Sanktionsbescheide sind gegen\u00fcber 2018  gesunken und mit einem Anteil von sieben Prozent relativ gering.<\/p>\n\n\n\n<p>Klagen werden am h\u00e4ufigsten gegen Aufhebungs- und Erstattungsbescheide,  bewilligte Kosten der Unterkunft und die Anrechnung von Einkommen  eingereicht. Klagen gegen Sanktionsbescheide sind mit einem Anteil von  vier Prozent an allen Klagen eher selten.<\/p>\n\n\n\n<h4 class=\"wp-block-heading\">Erledigte Widerspr\u00fcche und Klagen<\/h4>\n\n\n\n<p>Die Jobcenter haben im letzten Jahr \u00fcber 600.200 Widerspr\u00fcche  entschieden. Zwei Drittel der erledigten Widerspr\u00fcche wurden  zur\u00fcckgewiesen oder durch Kunden zur\u00fcckgezogen. Bei 205.400  Widerspr\u00fcchen wurde die Entscheidung ge\u00e4ndert: Dabei reichten die  Leistungsempf\u00e4nger in 81.000 F\u00e4llen nachtr\u00e4glich fehlende Unterlagen  nach; so konnten die Jobcenter neu entscheiden. Fehlerhafte  Rechtsanwendung wurde bei 68.400 Widerspr\u00fcchen festgestellt.<\/p>\n\n\n\n<p>103.000 Klagen wurden durch die Gerichte abgeschlossen. Davon wurden  rund 60 Prozent abgewiesen oder vom Kl\u00e4ger zur\u00fcckgenommen, 40 Prozent  f\u00fchrten zu einer neuen Entscheidung. Die meisten Klagen werden ohne  Urteil erledigt \u2013 h\u00e4ufig deswegen, weil die Leistungsempf\u00e4nger bislang  fehlende Unterlagen im Klageverfahren nachreichen.<\/p>\n\n\n\n<p><em>Bundesagentur f\u00fcr Arbeit<br>22.01.2020<\/em><\/p>\n\n\n\n<h1 class=\"wp-block-heading\" style=\"text-align:center\">Vereinigte VR Bank Kur- und Rheinpfalz e.G.<\/h1>\n\n\n\n<div class=\"wp-block-image\"><figure class=\"aligncenter\"><img decoding=\"async\" src=\"https:\/\/speyer24news.com\/wp-content\/uploads\/2019\/11\/Vereinigte-VR-Bank-Kur-und-Rheinpfalz-eG-Logo.png\" alt=\"\" class=\"wp-image-22533\"\/><\/figure><\/div>\n\n\n\n<h2 class=\"wp-block-heading\"><strong>\u201eDas Ehrenamt unterst\u00fctzen\u201c<\/strong><\/h2>\n\n\n\n<h3 class=\"wp-block-heading\"><strong>Der Speyerer K\u00fcnstler Josef Beck und die Vereinigte VR Bank Kur- und Rheinpfalz \u00fcbergeben Spende an die Speyerer Kindertafel<\/strong><\/h3>\n\n\n\n<p><strong>Speyer &#8211; Lokales Ehrenamt gef\u00f6rdert: Der in  Speyer lebende K\u00fcnstler Josef Beck hat am Montag (20.01.2020) zusammen mit  seiner Ehefrau Dr. Cornelia Vagt-Beck und Vertretern der Vereinigten VR  Bank Kur- und Rheinpfalz eine Spende in H\u00f6he von  1.000 Euro an die Speyerer Kindertafel \u00fcbergeben. Die 2018 gegr\u00fcndete  Kindertafel ist ein Angebot der Tafel Speyer und bietet Kindern und  Jugendlichen die M\u00f6glichkeit, einen gesunden Umgang mit Lebensmitteln zu  erlernen, selbst unter Anleitung zu kochen und  ausgewogene Mahlzeiten zu sich zu nehmen.<\/strong><\/p>\n\n\n\n<div class=\"wp-block-image\"><figure class=\"aligncenter\"><img decoding=\"async\" loading=\"lazy\" width=\"800\" height=\"467\" src=\"https:\/\/speyer24news.com\/wp-content\/uploads\/2020\/01\/kindertafel_speyer_web.jpg\" alt=\"\" class=\"wp-image-24482\" srcset=\"https:\/\/speyer24news.com\/wp-content\/uploads\/2020\/01\/kindertafel_speyer_web.jpg 800w, https:\/\/speyer24news.com\/wp-content\/uploads\/2020\/01\/kindertafel_speyer_web-300x175.jpg 300w, https:\/\/speyer24news.com\/wp-content\/uploads\/2020\/01\/kindertafel_speyer_web-768x448.jpg 768w\" sizes=\"(max-width: 800px) 100vw, 800px\" \/><figcaption>v.l.: Freude \u00fcber die Spende an die Speyerer Kindertafel: Thomas Spies  (Bereichsleiter Private Banking, Vereinigte VR Bank Kur- und  Rheinpfalz), Gudrun H\u00f6fer (Speyerer Kindertafel), Matthias Ehrenberg  (Kreisgesch\u00e4ftsf\u00fchrer DRK Kreisverband Speyer), Karin Maier  (Speyerer Kindertafel) und das K\u00fcnstlerehepaar Dr. Cornelia Vagt-Beck  und Josef Beck<\/figcaption><\/figure><\/div>\n\n\n\n<p>Als im Oktober vergangenen Jahres in der Speyerer Hauptstelle der Vereinigten VR Bank Kur- und Rheinpfalz die Ausstellung <em>meerdavon <\/em>mit Bildern von Josef Beck er\u00f6ffnet wurde, stand  bereits fest, dass 10 % der Verkaufserl\u00f6se an die Speyerer Kindertafel  gehen. Am gestrigen Montag wurde nun die Spende in der Speyerer Villa  K\u00f6rbling offiziell \u00fcbergeben. Der erzielte Spendenbetrag  von 300 Euro durch den Verkauf der Bilder wurde dabei von der  Vereinigten VR Bank Kur- und Rheinpfalz auf 1.000 Euro aufgestockt.  \u201eSolche Spenden sind f\u00fcr uns existenznotwendig und helfen, die schwere  Ehrenamtsarbeit zu leisten\u201c, erkl\u00e4rte Matthias Ehrenberg,  Kreisgesch\u00e4ftsf\u00fchrer des DRK Kreisverbandes Speyer, der Tr\u00e4ger der  Tafel Speyer ist. Die Freude war auch bei Karin Maier und Gudrun H\u00f6fer,  den beiden Vertreterinnen der Speyerer Kindertafel, sp\u00fcrbar, als sie die  Spende entgegennahmen. \u201eWir wollen mit diesem  Angebot langfristig alle Kinder und Jugendlichen erreichen, die das  Bed\u00fcrfnis haben, mehr \u00fcber den Umgang mit Lebensmitteln zu lernen\u201c, so  H\u00f6fer. Mit der Spende m\u00f6chte die Tafel Speyer ihr Angebot erweitern und  wichtige K\u00fcchenutensilien f\u00fcr das gemeinsame  Kochen mit den Kindern und Jugendlichen anschaffen.<\/p>\n\n\n\n<p><strong>F\u00f6rderung von K\u00fcnstlern und sozialen Einrichtungen aus der Region<\/strong><\/p>\n\n\n\n<p>Auch nach der Fusion der RV Bank Rhein-Haardt und der Volksbank  Kur- und Rheinpfalz im vergangenen Jahr h\u00e4lt die neu entstandene  Vereinigte VR Bank Kur- und Rheinpfalz an der Tradition fest, Kunst- und  Kulturschaffende aus ihrem Gesch\u00e4ftsgebiet zu f\u00f6rdern  und ehrenamtliches Engagement zu unterst\u00fctzen. \u201eGetreu dem Motto \u201aMan  gibt, was man kann\u2018 wollen wir mit dieser Spende einen kleinen Beitrag  leisten, das Ehrenamt in einer f\u00fcr Speyer so wichtigen Organisation zu  unterst\u00fctzen\u201c, so Thomas Spies, Leiter Private  Banking bei der Vereinigten VR Bank Kur- und Rheinpfalz. Auch f\u00fcr die  Eheleute Beck ist die Unterst\u00fctzung der Speyerer Kindertafel eine  Herzensangelegenheit: \u201eEs war uns ein pers\u00f6nliches Anliegen, da wir von  der gesellschaftlichen Relevanz des Projektes und  seiner Bedeutung f\u00fcr die Zukunft \u00fcberzeugt sind\u201c, erkl\u00e4rte Josef Beck.<\/p>\n\n\n\n<p><strong>\u00dcber die Speyerer Kindertafel<\/strong><\/p>\n\n\n\n<p>Kindern und Jugendlichen wird bei der Speyerer Kindertafel durch  gemeinsames Kochen fr\u00fchzeitig ein gesunder Umgang mit Lebensmitteln  beigebracht. Sie lernen gemeinsam mit einem Koch den Wert frischer  Lebensmittel zu erkennen, diese richtig zu lagern und  werden dabei unterst\u00fctzt, sich gesund und nachhaltig zu ern\u00e4hren. Die  Kindertafel findet derzeit in den R\u00e4umen der DRK-Rettungswache in Speyer  (Karl-Leiling-Allee 5) an jedem 2. Mittwoch im Monat von 15-17 Uhr  statt. Ansprechpartner: Karin Maier und Gudrun  H\u00f6fer; Tel.: 0 62 32 \/ 67 77 76; E-Mail: tafel@drk-speyer.de; Website: <a rel=\"noreferrer noopener\" href=\"https:\/\/deref-web-02.de\/mail\/client\/vf57HipVVTY\/dereferrer\/?redirectUrl=http%3A%2F%2Fwww.speyerer-tafel.de\" target=\"_blank\">www.speyerer-tafel.de<\/a>. Spendenkonto Tafel Speyer: Sparkasse Vorderpfalz, BIC: LUHSDE6AXXX, IBAN: DE45 5455 0010 0193 5385 43 (Betreff: Kindertafel)<\/p>\n\n\n\n<p><strong>\u00dcber Josef Beck<\/strong><\/p>\n\n\n\n<p>Josef Beck wurde 1948 geboren und ist seit 1992 freischaffender K\u00fcnstler in Speyer. In seiner Ausstellung <em>meerdavon <\/em>bringt er seine Eindr\u00fccke des an die K\u00fcsten brandenden  Meeres zu unterschiedlichen Tages- und Jahreszeiten auf die Leinwand.  Verheiratet ist er mit der Kunsthistorikerin Dr. Cornelia Vagt-Beck, die  im Rahmen der Ausstellung <em>Sternbilder <\/em>ebenfalls bereits mit der Vereinigten VR Bank Kur- und Rheinpfalz zusammengearbeitet hat. <\/p>\n","protected":false},"excerpt":{"rendered":"<div class=\"mh-excerpt\"><p>Stadtwerke Speyer (SWS) GmbH Stadtwerke Speyer sind Top-Lokalversorger 2020 Die Stadtwerke Speyer (SWS) wurden Mitte Januar vom Energieverbraucherportal als \u201eTOP-Lokalversorger 2020&#8243; ausgezeichnet. Bereits zum neunten Mal in Folge haben sich die SWS dieser Pr\u00fcfung f\u00fcr <a class=\"mh-excerpt-more\" href=\"https:\/\/speyer24news.com\/?p=24471\" title=\"Wirtschaft &#038; Finanzen\">[&#8230;]<\/a><\/p>\n<\/div>","protected":false},"author":3,"featured_media":0,"comment_status":"open","ping_status":"open","sticky":false,"template":"","format":"standard","meta":{"_monsterinsights_skip_tracking":false,"_monsterinsights_sitenote_active":false,"_monsterinsights_sitenote_note":"","_monsterinsights_sitenote_category":0,"footnotes":""},"categories":[29],"tags":[551,1088,5459,5466,5467,5461,1442,32,5458,4053,5460,1087,4698],"aioseo_notices":[],"amp_enabled":true,"_links":{"self":[{"href":"https:\/\/speyer24news.com\/index.php?rest_route=\/wp\/v2\/posts\/24471"}],"collection":[{"href":"https:\/\/speyer24news.com\/index.php?rest_route=\/wp\/v2\/posts"}],"about":[{"href":"https:\/\/speyer24news.com\/index.php?rest_route=\/wp\/v2\/types\/post"}],"author":[{"embeddable":true,"href":"https:\/\/speyer24news.com\/index.php?rest_route=\/wp\/v2\/users\/3"}],"replies":[{"embeddable":true,"href":"https:\/\/speyer24news.com\/index.php?rest_route=%2Fwp%2Fv2%2Fcomments&post=24471"}],"version-history":[{"count":3,"href":"https:\/\/speyer24news.com\/index.php?rest_route=\/wp\/v2\/posts\/24471\/revisions"}],"predecessor-version":[{"id":24483,"href":"https:\/\/speyer24news.com\/index.php?rest_route=\/wp\/v2\/posts\/24471\/revisions\/24483"}],"wp:attachment":[{"href":"https:\/\/speyer24news.com\/index.php?rest_route=%2Fwp%2Fv2%2Fmedia&parent=24471"}],"wp:term":[{"taxonomy":"category","embeddable":true,"href":"https:\/\/speyer24news.com\/index.php?rest_route=%2Fwp%2Fv2%2Fcategories&post=24471"},{"taxonomy":"post_tag","embeddable":true,"href":"https:\/\/speyer24news.com\/index.php?rest_route=%2Fwp%2Fv2%2Ftags&post=24471"}],"curies":[{"name":"wp","href":"https:\/\/api.w.org\/{rel}","templated":true}]}}