{"id":24478,"date":"2020-01-22T13:43:16","date_gmt":"2020-01-22T12:43:16","guid":{"rendered":"https:\/\/speyer24news.com\/?p=24478"},"modified":"2020-01-22T13:43:17","modified_gmt":"2020-01-22T12:43:17","slug":"gesundheit-3","status":"publish","type":"post","link":"https:\/\/speyer24news.com\/?p=24478","title":{"rendered":"Gesundheit"},"content":{"rendered":"<style type=\"text\/css\">\r\n\t.ads_top_disp{}\r\n\t.ads_top_corner_disp{ float:left; margin:0px 10px 10px 0px; }\r\n\t.ads_first_p_disp{}\r\n\t.ads_bottom_disp{}\r\n\t<\/style>\n<h2 class=\"wp-block-heading\">AOK-Familien-Samstag im Historischen Museum der Pfalz<\/h2>\n\n\n\n<h3 class=\"wp-block-heading\">Kostenfreier Vortrag, Mitmach- und Teststationen zu Gesundheit und Ern\u00e4hrung im Rahmen der Medicus-Ausstellung<\/h3>\n\n\n\n<div class=\"wp-block-image\"><figure class=\"aligncenter\"><img decoding=\"async\" loading=\"lazy\" width=\"800\" height=\"600\" src=\"https:\/\/speyer24news.com\/wp-content\/uploads\/2019\/12\/HM-SP-03.12-1.jpg\" alt=\"\" class=\"wp-image-23572\" srcset=\"https:\/\/speyer24news.com\/wp-content\/uploads\/2019\/12\/HM-SP-03.12-1.jpg 800w, https:\/\/speyer24news.com\/wp-content\/uploads\/2019\/12\/HM-SP-03.12-1-300x225.jpg 300w, https:\/\/speyer24news.com\/wp-content\/uploads\/2019\/12\/HM-SP-03.12-1-768x576.jpg 768w, https:\/\/speyer24news.com\/wp-content\/uploads\/2019\/12\/HM-SP-03.12-1-678x509.jpg 678w, https:\/\/speyer24news.com\/wp-content\/uploads\/2019\/12\/HM-SP-03.12-1-326x245.jpg 326w, https:\/\/speyer24news.com\/wp-content\/uploads\/2019\/12\/HM-SP-03.12-1-80x60.jpg 80w\" sizes=\"(max-width: 800px) 100vw, 800px\" \/><\/figure><\/div>\n\n\n\n<p><strong>Speyer \/ Historisches Museum &#8211; <\/strong>\u201eMedizingeschichte ist eines der ganz gro\u00dfen Menschheitsthemen\u201c, erkl\u00e4rte Museumsdirektor Alexander Schubert als er die aktuelle Sonderausstellung &#8222;Medicus &#8211; Die Macht des Wissens&#8220; im Historischen Museum der Pfalz vorstellte. Nun findet im Begleitprogramm zur Ausstellung in Kooperation mit der AOK Rheinland-Pfalz\/Saarland am <strong>Samstag, 25. Januar<\/strong> von 10 bis 18 Uhr ein AOK-Familien-Samstag im glas\u00fcberdachten Museumsinnenhof statt.<\/p>\n\n\n\n<p>Spannende Mitmach-Stationen informieren an diesem Tag kleine wie gro\u00dfe Interessenten \u00fcber verschiedene Aspekte der Themen Gesundheit und Ern\u00e4hrung. Eine Biozoom-Station bestimmt \u00fcber ein optisches Messverfahren bei allen Testern den individuellen Anteil an Carotinoiden und Antioxidantien im K\u00f6rper. Diesen wird eine sch\u00fctzende und gesundheitsf\u00f6rdernde Wirkung zugesprochen. Auf einem Smoothie-Bike kann durch gezielten K\u00f6rpereinsatz ein wohlschmeckendes und gesundes Getr\u00e4nk zusammengemixt werden. In einer \u201eM\u00e4useklinik\u201c finden kleine Mediziner einen Doktorkoffer und k\u00f6nnen Stoffm\u00e4use bepflastern, impfen und verarzten \u2013 und so die Scheu vor einem Arztbesuch verlieren. Wie das eigene Balanceverm\u00f6gen aussieht, kann auf einer Slackline ausprobiert werden.<\/p>\n\n\n\n<div class=\"wp-block-image\"><figure class=\"aligncenter\"><img decoding=\"async\" src=\"https:\/\/speyer24news.com\/wp-content\/uploads\/2019\/12\/AOK-Rheinland-Pfalz-Saarland.jpg\" alt=\"\" class=\"wp-image-23575\"\/><\/figure><\/div>\n\n\n\n<p>Um 14 Uhr erarbeitet Michael Br\u00fcnger, Chefarzt der Klinik f\u00fcr Kinder- und Jugendpsychiatrie, Psychosomatik und Psychotherapie im Pfalzklinikum in Klingenm\u00fcnster, in einem interaktiven Vortrag Strategien \u201eWie Sch\u00fcler und Lehrer seelisch gesund durch die Schule kommen\u201c.<\/p>\n\n\n\n<p>Der Eintritt zum Vortrag und das Ausprobieren aller Test- und Mitmach-Stationen ist kostenfrei.<\/p>\n\n\n\n<div class=\"wp-block-image\"><figure class=\"aligncenter\"><img decoding=\"async\" loading=\"lazy\" width=\"800\" height=\"600\" src=\"https:\/\/speyer24news.com\/wp-content\/uploads\/2019\/12\/DSC09073-1.jpg\" alt=\"\" class=\"wp-image-23573\" srcset=\"https:\/\/speyer24news.com\/wp-content\/uploads\/2019\/12\/DSC09073-1.jpg 800w, https:\/\/speyer24news.com\/wp-content\/uploads\/2019\/12\/DSC09073-1-300x225.jpg 300w, https:\/\/speyer24news.com\/wp-content\/uploads\/2019\/12\/DSC09073-1-768x576.jpg 768w, https:\/\/speyer24news.com\/wp-content\/uploads\/2019\/12\/DSC09073-1-678x509.jpg 678w, https:\/\/speyer24news.com\/wp-content\/uploads\/2019\/12\/DSC09073-1-326x245.jpg 326w, https:\/\/speyer24news.com\/wp-content\/uploads\/2019\/12\/DSC09073-1-80x60.jpg 80w\" sizes=\"(max-width: 800px) 100vw, 800px\" \/><\/figure><\/div>\n\n\n\n<p>In der aktuellen Sonderausstellung \u201eMedicus \u2013 Die Macht des Wissens\u201c begeben sich die Besucher auf eine eindrucksvolle Zeitreise vom Altertum bis in die Gegenwart. Anhand von 500 faszinierenden Exponaten und sehenswerter Fundkomplexe sowie unterhaltsamer Mitmachstationen verfolgen sie die komplexe und faszinierende Entwicklung des medizinischen Fortschritts. \u201eZu allen Zeiten gab es Pers\u00f6nlichkeiten, die die Geheimnisse von Leben und Tod entschl\u00fcsseln wollten und f\u00fcr Gesundheit k\u00e4mpften\u201c, so Schubert. \u201eMit ihrer Philosophie als Gesundheitskasse ist die AOK der ideale Partner dieses Projekts und wir sind dankbar f\u00fcr die Unterst\u00fctzung.\u201c<\/p>\n\n\n\n<h4 class=\"wp-block-heading\">Aktuelles Programm und \u00d6ffnungszeiten<\/h4>\n\n\n\n<p>Noch bis zum 21. Juni zeigt das Historische Museum der Pfalz die kulturhistorische Ausstellung \u201eDer Medicus \u2013 Die Macht des Wissens\u201c und bis zum 14. Juni die interaktive Schau f\u00fcr Familien \u201eDer Gr\u00fcffelo \u2013 Die Ausstellung\u201c.<\/p>\n\n\n\n<p>Das Historische Museum der Pfalz ist dienstags bis sonntags von 10 bis 18 Uhr ge\u00f6ffnet, an Feiertagen auch montags. Weitere Informationen unter <a href=\"http:\/\/www.museum.speyer.de\">www.museum.speyer.de<\/a>.<\/p>\n\n\n\n<p><em>Text: Historisches Museum der Pfalz Foto: Speyer 24\/7 News, dak<br>22.01.2020 <\/em><\/p>\n\n\n\n<h2 class=\"wp-block-heading\"><strong>Diakonissen-Stiftungs-Krankenhaus Speyer: Leitungswechsel in der Klinik f\u00fcr Kinder- und Jugendmedizin<\/strong><\/h2>\n\n\n\n<div class=\"wp-block-image\"><figure class=\"aligncenter\"><img decoding=\"async\" src=\"https:\/\/speyer24news.com\/wp-content\/uploads\/2020\/01\/Diakonissen-Logo.png\" alt=\"\" class=\"wp-image-24453\"\/><\/figure><\/div>\n\n\n\n<h3 class=\"wp-block-heading\"><strong>Begr\u00fc\u00dfung des neuen Chefarztes Dr. Hans-J\u00fcrgen Gausepohl und Verabschiedung des langj\u00e4hrigen Leiters Dr. Axel Bosk am 22. Januar<\/strong><\/h3>\n\n\n\n<p><em>Die Klinik f\u00fcr Kinder- und Jugendmedizin am Diakonissen-Stiftungs-Krankenhaus Speyer hat einen neuen Chefarzt: Dr. Hans-J\u00fcrgen Gausepohl, bislang gesch\u00e4ftsf\u00fchrender Oberarzt und Leiter des Kinderschlaflabors am Zentrum f\u00fcr Kinder- und Jugendmedizin der Universit\u00e4t Heidelberg, l\u00f6st den langj\u00e4hrigen Chefarzt Dr. Axel Bosk ab, der sich in den Ruhestand verabschiedet.<\/em><\/p>\n\n\n\n<div class=\"wp-block-image\"><figure class=\"aligncenter\"><img decoding=\"async\" loading=\"lazy\" width=\"800\" height=\"578\" src=\"https:\/\/speyer24news.com\/wp-content\/uploads\/2020\/01\/Gausepohl-Dr.-Hans-J\u00fcrgen_181214-01-04L.jpg\" alt=\"\" class=\"wp-image-24479\" srcset=\"https:\/\/speyer24news.com\/wp-content\/uploads\/2020\/01\/Gausepohl-Dr.-Hans-J\u00fcrgen_181214-01-04L.jpg 800w, https:\/\/speyer24news.com\/wp-content\/uploads\/2020\/01\/Gausepohl-Dr.-Hans-J\u00fcrgen_181214-01-04L-300x217.jpg 300w, https:\/\/speyer24news.com\/wp-content\/uploads\/2020\/01\/Gausepohl-Dr.-Hans-J\u00fcrgen_181214-01-04L-768x555.jpg 768w\" sizes=\"(max-width: 800px) 100vw, 800px\" \/><figcaption>Dr. Hans-J\u00fcrgen Gausepohl \u00fcbernimmt die Stelle des neuen Chefarzts<\/figcaption><\/figure><\/div>\n\n\n\n<p><strong>Speyer \/ Diakonissen-Stiftungs-Krankenhaus &#8211; <\/strong>\u201eWir danken Dr. Bosk f\u00fcr seinen jahrelangen fachlich hervorragenden und engagierten Einsatz zum Wohl der jungen Patienten in unserem Haus\u201c, sagt Wolfgang Walter, Sprecher der Gesch\u00e4ftsf\u00fchrung. \u201eGleichzeitig freuen wir uns sehr auf die Zusammenarbeit mit dem neuen Chefarzt Dr. Hans-J\u00fcrgen Gausepohl. Mit seiner umfassenden Expertise im Bereich der Neonatologie und Kinderkardiologie ist er bestens daf\u00fcr qualifiziert, die hervorragende Arbeit von Dr. Bosk fortzusetzen und die Zukunft unserer Klinik f\u00fcr Kinder- und Jugendmedizin erfolgreich zu gestalten.\u201c<\/p>\n\n\n\n<p>Der Facharzt f\u00fcr Kinder- und Jugendmedizin\narbeitete nach dem Medizinstudium in Greifswald und Kiel ab 2001 in der Neonatologie\ndes Heidelberger Universit\u00e4tsklinikums, wo er unter anderem im Rahmen einer\nKooperation mit der Abteilung f\u00fcr Medizinische Informatik der Universit\u00e4t\nHeidelberg ein digital gest\u00fctztes Leitliniensystem entwickelte. Bis 2007 absolvierte\nDr. Gausepohl in der Heidelberger Neonatologie seine praktische\nFacharztausbildung. Die Anerkennung im Schwerpunkt Neonatologie erwarb der\ngeb\u00fcrtige Ludwigshafener, der im Dom zu Speyer getauft ist und am\nHumanistischen Gymnasium am Kaiserdom das Abitur ablegte, im Jahr 2009, die\nZusatzbezeichnung Intensivmedizin zwei Jahre sp\u00e4ter. <\/p>\n\n\n\n<p>W\u00e4hrend seiner klinischen T\u00e4tigkeit\nentwickelte Dr. Gausepohl im Jahr 2011 eine Datenbank f\u00fcr die Fr\u00fchgeborenennachsorge.\nIm selben Jahr \u00fcbernahm der heute 45-j\u00e4hrige Familienvater die Leitung des\nKinderschlaflabors am Zentrum\nf\u00fcr Kinder- und Jugendmedizin der Universit\u00e4t Heidelberg, wo er unter anderem\nf\u00fcr die externe Qualit\u00e4tssicherung zust\u00e4ndig war. Die Weiterbildung im\nSchwerpunkt Kinderkardiologie schloss der Fachbuchautor (Leitfaden f\u00fcr\nNeonatologie, erschienen 2014, Neuauflage 2019) im Jahr 2018 ab.<\/p>\n\n\n\n<p>In seiner Freizeit ist der Mediziner, der mit seiner Familie im badischen Dossenheim lebt, oft mit der Fotokamera unterwegs und h\u00e4lt sich beim Joggen oder Windsurfen fit.<\/p>\n\n\n\n<div class=\"wp-block-image\"><figure class=\"aligncenter\"><img decoding=\"async\" loading=\"lazy\" width=\"800\" height=\"592\" src=\"https:\/\/speyer24news.com\/wp-content\/uploads\/2020\/01\/Dr.-Axel-Bosk02.jpg\" alt=\"\" class=\"wp-image-24480\" srcset=\"https:\/\/speyer24news.com\/wp-content\/uploads\/2020\/01\/Dr.-Axel-Bosk02.jpg 800w, https:\/\/speyer24news.com\/wp-content\/uploads\/2020\/01\/Dr.-Axel-Bosk02-300x222.jpg 300w, https:\/\/speyer24news.com\/wp-content\/uploads\/2020\/01\/Dr.-Axel-Bosk02-768x568.jpg 768w, https:\/\/speyer24news.com\/wp-content\/uploads\/2020\/01\/Dr.-Axel-Bosk02-80x60.jpg 80w\" sizes=\"(max-width: 800px) 100vw, 800px\" \/><figcaption>Chefarzt Dr. Axel Bosk verabschiedet sich in den Ruhestand<\/figcaption><\/figure><\/div>\n\n\n\n<p>Sein Vorg\u00e4nger Dr. Axel Bosk leitete die Klinik f\u00fcr Kinder- und Jugendmedizin am Diakonissen-Stiftungs-Krankenhaus Speyer seit November 2009. Der vom Magazin Focus seit Jahren unter den Top-Neonatologen Deutschlands gelistete Mediziner war in seiner erfolgreichen beruflichen Laufbahn unter anderem lange Jahre in leitender Funktion an der Universit\u00e4ts-Kinderklinik T\u00fcbingen t\u00e4tig. Mit dem Ruhestand verlagern der 62-J\u00e4hrige und seine Ehefrau ihren Lebensmittelpunkt nach Hamburg, den Studienort des geb\u00fcrtigen Norddeutschen.<\/p>\n\n\n\n<p><em>Diakonissen Speyer<br>22.01.2020<\/em><\/p>\n","protected":false},"excerpt":{"rendered":"<div class=\"mh-excerpt\"><p>AOK-Familien-Samstag im Historischen Museum der Pfalz Kostenfreier Vortrag, Mitmach- und Teststationen zu Gesundheit und Ern\u00e4hrung im Rahmen der Medicus-Ausstellung Speyer \/ Historisches Museum &#8211; \u201eMedizingeschichte ist eines der ganz gro\u00dfen Menschheitsthemen\u201c, erkl\u00e4rte Museumsdirektor Alexander Schubert <a class=\"mh-excerpt-more\" href=\"https:\/\/speyer24news.com\/?p=24478\" title=\"Gesundheit\">[&#8230;]<\/a><\/p>\n<\/div>","protected":false},"author":3,"featured_media":0,"comment_status":"open","ping_status":"open","sticky":false,"template":"","format":"standard","meta":{"_monsterinsights_skip_tracking":false,"_monsterinsights_sitenote_active":false,"_monsterinsights_sitenote_note":"","_monsterinsights_sitenote_category":0,"footnotes":""},"categories":[5462],"tags":[1826,5463,5465,5464,1098,1064,5100,1827,1191,6],"aioseo_notices":[],"amp_enabled":true,"_links":{"self":[{"href":"https:\/\/speyer24news.com\/index.php?rest_route=\/wp\/v2\/posts\/24478"}],"collection":[{"href":"https:\/\/speyer24news.com\/index.php?rest_route=\/wp\/v2\/posts"}],"about":[{"href":"https:\/\/speyer24news.com\/index.php?rest_route=\/wp\/v2\/types\/post"}],"author":[{"embeddable":true,"href":"https:\/\/speyer24news.com\/index.php?rest_route=\/wp\/v2\/users\/3"}],"replies":[{"embeddable":true,"href":"https:\/\/speyer24news.com\/index.php?rest_route=%2Fwp%2Fv2%2Fcomments&post=24478"}],"version-history":[{"count":1,"href":"https:\/\/speyer24news.com\/index.php?rest_route=\/wp\/v2\/posts\/24478\/revisions"}],"predecessor-version":[{"id":24481,"href":"https:\/\/speyer24news.com\/index.php?rest_route=\/wp\/v2\/posts\/24478\/revisions\/24481"}],"wp:attachment":[{"href":"https:\/\/speyer24news.com\/index.php?rest_route=%2Fwp%2Fv2%2Fmedia&parent=24478"}],"wp:term":[{"taxonomy":"category","embeddable":true,"href":"https:\/\/speyer24news.com\/index.php?rest_route=%2Fwp%2Fv2%2Fcategories&post=24478"},{"taxonomy":"post_tag","embeddable":true,"href":"https:\/\/speyer24news.com\/index.php?rest_route=%2Fwp%2Fv2%2Ftags&post=24478"}],"curies":[{"name":"wp","href":"https:\/\/api.w.org\/{rel}","templated":true}]}}